{"id":3627,"date":"2025-10-23T20:14:16","date_gmt":"2025-10-23T18:14:16","guid":{"rendered":"https:\/\/www.vitalibera.org\/community\/?p=3627"},"modified":"2025-10-23T20:16:02","modified_gmt":"2025-10-23T18:16:02","slug":"ambi-fit-pedal-gelenktrainer","status":"publish","type":"post","link":"https:\/\/www.vitalibera.org\/community\/2025\/10\/23\/ambi-fit-pedal-gelenktrainer\/","title":{"rendered":"ambi.fit Pedal Gelenktrainer"},"content":{"rendered":"\n<div class=\"wp-block-media-text is-stacked-on-mobile is-vertically-aligned-top\"><figure class=\"wp-block-media-text__media\"><img fetchpriority=\"high\" decoding=\"async\" width=\"265\" height=\"214\" src=\"https:\/\/www.vitalibera.org\/community\/wp-content\/uploads\/2025\/10\/ambifit.png\" alt=\"\" class=\"wp-image-3628 size-full\"><\/figure><div class=\"wp-block-media-text__content\">\n<p>Mehr <a href=\"https:\/\/www.vitalibera.org\/community\/2026\/08\/10\/tens-ems-elektroden-platzierung-fuer-fingerbeweglichkeit\/\"><font color=\"blue\"><img src=\"https:\/\/www.vitalibera.org\/community\/wp-content\/images\/link.png\" width=\"20\" height=\"20\"><u>Beweglichkeit<\/u><\/font><\/a> im <a href=\"https:\/\/www.vitalibera.org\/community\/2026\/04\/30\/lapstacker-transport-gurtsystem-fuer-rollstuehle\/\"><font color=\"blue\"><img src=\"https:\/\/www.vitalibera.org\/community\/wp-content\/images\/link.png\" width=\"20\" height=\"20\"><u>Alltag<\/u><\/font><\/a>. Mehr Sicherheit auf den Beinen. Weniger Angst vor St&uuml;rzen. Mit dem <strong><em>ambi.fit Magneto Silent<\/em><\/strong> aktivierst du deine Gelenke sanft &ndash; und gewinnst St&uuml;ck f&uuml;r St&uuml;ck deine Freiheit zur&uuml;ck.<\/p>\n\n\n\n<p>Sanft &amp; gelenkschonend: runde <a href=\"https:\/\/www.vitalibera.org\/community\/2026\/08\/24\/alltagstraining-mit-arm-und-bein-hometrainer-nach-hirnverletzung\/\"><font color=\"blue\"><img src=\"https:\/\/www.vitalibera.org\/community\/wp-content\/images\/link.png\" width=\"20\" height=\"20\"><u>Bewegung<\/u><\/font><\/a><\/p>\n\n\n\n<p>ohne Ruckeln<\/p>\n\n\n\n<p>Sp&uuml;rbar mehr Kraft &amp; Stabilit&auml;t f&uuml;r<\/p>\n\n\n\n<p>Beine und Knie<\/p>\n\n\n\n<p>Komplett-Set: inkl. Matte, B&auml;ndern<\/p>\n\n\n\n<p><a href=\"https:\/\/ambi.fit\/pages\/lp-magneto?utm_medium=paid&amp;utm_id=120232857612270727&amp;utm_content=120232857617290727&amp;utm_term=120232857617060727&amp;utm_campaign=120232857612270727&amp;fbclid=IwY2xjawNnTklleHRuA2FlbQEwAGFkaWQBqycnomGP1wEeeMsjCuIYI4VWzgsC86kkufgj4QGkP2el8yVlzc2sz4cjsOGUVbCOXvAkeQw_aem_hL6xJzvzVR9wngdOzMoF_A\" target=\"_blank\" rel=\"noreferrer noopener\">Zum Angebot<\/a><\/p>\n\n\n\n<p><\/p>\n<\/div><\/div>\n","protected":false},"excerpt":{"rendered":"<p>Mehr Beweglichkeit im Alltag. Mehr Sicherheit auf den Beinen. Weniger Angst vor St\u00fcrzen. Mit dem ambi.fit Magneto Silent aktivierst du deine Gelenke sanft \u2013 und gewinnst St\u00fcck f\u00fcr St\u00fcck deine Freiheit zur\u00fcck. Sanft &amp; gelenkschonend: runde Bewegung ohne Ruckeln Sp\u00fcrbar mehr Kraft &amp; Stabilit\u00e4t f\u00fcr Beine und Knie Komplett-Set: inkl. Matte, B\u00e4ndern Zum Angebot<\/p>\n","protected":false},"author":2,"featured_media":3628,"comment_status":"open","ping_status":"open","sticky":false,"template":"","format":"standard","meta":{"cybocfi_hide_featured_image":"yes","_jetpack_newsletter_access":"","_jetpack_dont_email_post_to_subs":false,"_jetpack_newsletter_tier_id":0,"_jetpack_memberships_contains_paywalled_content":false,"_jetpack_feature_clip_id":0,"_jetpack_memberships_contains_paid_content":false,"footnotes":"","jetpack_publicize_message":"","jetpack_publicize_feature_enabled":true,"jetpack_social_post_already_shared":false,"jetpack_social_options":{"image_generator_settings":{"template":"highway","default_image_id":0,"font":"","enabled":false},"version":2},"jetpack_post_was_ever_published":false},"categories":[64],"tags":[],"class_list":["post-3627","post","type-post","status-publish","format-standard","has-post-thumbnail","hentry","category-physio"],"yoast_head":"<!-- This site is optimized with the Yoast SEO plugin v28.2 - https:\/\/yoast.com\/product\/yoast-seo-wordpress\/ -->\r\n<title>ambi.fit Pedal Gelenktrainer - vitalibera.org<\/title>\r\n<meta name=\"robots\" content=\"index, follow, max-snippet:-1, max-image-preview:large, max-video-preview:-1\" \/>\r\n<link rel=\"canonical\" href=\"https:\/\/www.vitalibera.org\/community\/2025\/10\/23\/ambi-fit-pedal-gelenktrainer\/\" \/>\r\n<meta property=\"og:locale\" content=\"de_DE\" \/>\r\n<meta property=\"og:type\" content=\"article\" \/>\r\n<meta property=\"og:title\" content=\"ambi.fit Pedal Gelenktrainer - vitalibera.org\" \/>\r\n<meta property=\"og:description\" content=\"Mehr Beweglichkeit im Alltag. Mehr Sicherheit auf den Beinen. Weniger Angst vor St\u00fcrzen. Mit dem ambi.fit Magneto Silent aktivierst du deine Gelenke sanft \u2013 und gewinnst St\u00fcck f\u00fcr St\u00fcck deine Freiheit zur\u00fcck. Sanft &amp; gelenkschonend: runde Bewegung ohne Ruckeln Sp\u00fcrbar mehr Kraft &amp; Stabilit\u00e4t f\u00fcr Beine und Knie Komplett-Set: inkl. Matte, B\u00e4ndern Zum Angebot\" \/>\r\n<meta property=\"og:url\" content=\"https:\/\/www.vitalibera.org\/community\/2025\/10\/23\/ambi-fit-pedal-gelenktrainer\/\" \/>\r\n<meta property=\"og:site_name\" content=\"vitalibera.org\" \/>\r\n<meta property=\"article:publisher\" content=\"https:\/\/www.facebook.com\/groups\/2997085857140235\" \/>\r\n<meta property=\"article:published_time\" content=\"2025-10-23T18:14:16+00:00\" \/>\r\n<meta property=\"article:modified_time\" content=\"2025-10-23T18:16:02+00:00\" \/>\r\n<meta property=\"og:image\" content=\"https:\/\/www.vitalibera.org\/community\/wp-content\/uploads\/2025\/10\/ambifit.png\" \/>\r\n\t<meta property=\"og:image:width\" content=\"265\" \/>\r\n\t<meta property=\"og:image:height\" content=\"214\" \/>\r\n\t<meta property=\"og:image:type\" content=\"image\/png\" \/>\r\n<meta name=\"author\" content=\"Andreas Jecklin\" \/>\r\n<meta name=\"twitter:card\" content=\"summary_large_image\" \/>\r\n<meta name=\"twitter:label1\" content=\"Verfasst von\" \/>\n\t<meta name=\"twitter:data1\" content=\"Andreas Jecklin\" \/>\n\t<meta name=\"twitter:label2\" content=\"Gesch\u00e4tzte Lesezeit\" \/>\n\t<meta name=\"twitter:data2\" content=\"1\u00a0Minute\" \/>\r\n<script type=\"application\/ld+json\" class=\"yoast-schema-graph\">{\"@context\":\"https:\\\/\\\/schema.org\",\"@graph\":[{\"@type\":\"Article\",\"@id\":\"https:\\\/\\\/www.vitalibera.org\\\/community\\\/2025\\\/10\\\/23\\\/ambi-fit-pedal-gelenktrainer\\\/#article\",\"isPartOf\":{\"@id\":\"https:\\\/\\\/www.vitalibera.org\\\/community\\\/2025\\\/10\\\/23\\\/ambi-fit-pedal-gelenktrainer\\\/\"},\"author\":{\"name\":\"Andreas Jecklin\",\"@id\":\"https:\\\/\\\/www.vitalibera.org\\\/community\\\/#\\\/schema\\\/person\\\/6712387298421f222ff6d0a2e22c1534\"},\"headline\":\"ambi.fit Pedal Gelenktrainer\",\"datePublished\":\"2025-10-23T18:14:16+00:00\",\"dateModified\":\"2025-10-23T18:16:02+00:00\",\"mainEntityOfPage\":{\"@id\":\"https:\\\/\\\/www.vitalibera.org\\\/community\\\/2025\\\/10\\\/23\\\/ambi-fit-pedal-gelenktrainer\\\/\"},\"wordCount\":67,\"commentCount\":0,\"publisher\":{\"@id\":\"https:\\\/\\\/www.vitalibera.org\\\/community\\\/#organization\"},\"image\":{\"@id\":\"https:\\\/\\\/www.vitalibera.org\\\/community\\\/2025\\\/10\\\/23\\\/ambi-fit-pedal-gelenktrainer\\\/#primaryimage\"},\"thumbnailUrl\":\"https:\\\/\\\/www.vitalibera.org\\\/community\\\/wp-content\\\/uploads\\\/2025\\\/10\\\/ambifit.png\",\"articleSection\":[\"Physiotherapie\"],\"inLanguage\":\"de\",\"potentialAction\":[{\"@type\":\"CommentAction\",\"name\":\"Comment\",\"target\":[\"https:\\\/\\\/www.vitalibera.org\\\/community\\\/2025\\\/10\\\/23\\\/ambi-fit-pedal-gelenktrainer\\\/#respond\"]}]},{\"@type\":\"WebPage\",\"@id\":\"https:\\\/\\\/www.vitalibera.org\\\/community\\\/2025\\\/10\\\/23\\\/ambi-fit-pedal-gelenktrainer\\\/\",\"url\":\"https:\\\/\\\/www.vitalibera.org\\\/community\\\/2025\\\/10\\\/23\\\/ambi-fit-pedal-gelenktrainer\\\/\",\"name\":\"ambi.fit Pedal Gelenktrainer - vitalibera.org\",\"isPartOf\":{\"@id\":\"https:\\\/\\\/www.vitalibera.org\\\/community\\\/#website\"},\"primaryImageOfPage\":{\"@id\":\"https:\\\/\\\/www.vitalibera.org\\\/community\\\/2025\\\/10\\\/23\\\/ambi-fit-pedal-gelenktrainer\\\/#primaryimage\"},\"image\":{\"@id\":\"https:\\\/\\\/www.vitalibera.org\\\/community\\\/2025\\\/10\\\/23\\\/ambi-fit-pedal-gelenktrainer\\\/#primaryimage\"},\"thumbnailUrl\":\"https:\\\/\\\/www.vitalibera.org\\\/community\\\/wp-content\\\/uploads\\\/2025\\\/10\\\/ambifit.png\",\"datePublished\":\"2025-10-23T18:14:16+00:00\",\"dateModified\":\"2025-10-23T18:16:02+00:00\",\"breadcrumb\":{\"@id\":\"https:\\\/\\\/www.vitalibera.org\\\/community\\\/2025\\\/10\\\/23\\\/ambi-fit-pedal-gelenktrainer\\\/#breadcrumb\"},\"inLanguage\":\"de\",\"potentialAction\":[{\"@type\":\"ReadAction\",\"target\":[\"https:\\\/\\\/www.vitalibera.org\\\/community\\\/2025\\\/10\\\/23\\\/ambi-fit-pedal-gelenktrainer\\\/\"]}]},{\"@type\":\"BreadcrumbList\",\"@id\":\"https:\\\/\\\/www.vitalibera.org\\\/community\\\/2025\\\/10\\\/23\\\/ambi-fit-pedal-gelenktrainer\\\/#breadcrumb\",\"itemListElement\":[{\"@type\":\"ListItem\",\"position\":1,\"name\":\"Startseite\",\"item\":\"https:\\\/\\\/www.vitalibera.org\\\/community\\\/\"},{\"@type\":\"ListItem\",\"position\":2,\"name\":\"ambi.fit Pedal Gelenktrainer\"}]},{\"@type\":\"WebSite\",\"@id\":\"https:\\\/\\\/www.vitalibera.org\\\/community\\\/#website\",\"url\":\"https:\\\/\\\/www.vitalibera.org\\\/community\\\/\",\"name\":\"vitalibera.org\",\"description\":\"Mit einer Einschr&auml;nkung gestaltet sich das Leben im Alltag oft schwieriger - hier berichten wir &uuml;ber unsere Erfahrungen und Hilfsmittel um den Alltag so unbeschwert und unkompliziert wie nur m&ouml;glich geniessen zu k&ouml;nnen. Dabei richten wir unseren Fokus gezielt auf Selbst&auml;ndigkeit, Eigenst&auml;ndigkeit und Selbstbestimmung.\",\"publisher\":{\"@id\":\"https:\\\/\\\/www.vitalibera.org\\\/community\\\/#organization\"},\"potentialAction\":[{\"@type\":\"SearchAction\",\"target\":{\"@type\":\"EntryPoint\",\"urlTemplate\":\"https:\\\/\\\/www.vitalibera.org\\\/community\\\/?s={search_term_string}\"},\"query-input\":{\"@type\":\"PropertyValueSpecification\",\"valueRequired\":true,\"valueName\":\"search_term_string\"}}],\"inLanguage\":\"de\"},{\"@type\":\"Organization\",\"@id\":\"https:\\\/\\\/www.vitalibera.org\\\/community\\\/#organization\",\"name\":\"vitalibera.org\",\"url\":\"https:\\\/\\\/www.vitalibera.org\\\/community\\\/\",\"logo\":{\"@type\":\"ImageObject\",\"inLanguage\":\"de\",\"@id\":\"https:\\\/\\\/www.vitalibera.org\\\/community\\\/#\\\/schema\\\/logo\\\/image\\\/\",\"url\":\"https:\\\/\\\/www.vitalibera.org\\\/community\\\/wp-content\\\/uploads\\\/2025\\\/09\\\/cropped-banner.png\",\"contentUrl\":\"https:\\\/\\\/www.vitalibera.org\\\/community\\\/wp-content\\\/uploads\\\/2025\\\/09\\\/cropped-banner.png\",\"width\":991,\"height\":150,\"caption\":\"vitalibera.org\"},\"image\":{\"@id\":\"https:\\\/\\\/www.vitalibera.org\\\/community\\\/#\\\/schema\\\/logo\\\/image\\\/\"},\"sameAs\":[\"https:\\\/\\\/www.facebook.com\\\/groups\\\/2997085857140235\"]},{\"@type\":\"Person\",\"@id\":\"https:\\\/\\\/www.vitalibera.org\\\/community\\\/#\\\/schema\\\/person\\\/6712387298421f222ff6d0a2e22c1534\",\"name\":\"Andreas Jecklin\",\"image\":{\"@type\":\"ImageObject\",\"inLanguage\":\"de\",\"@id\":\"https:\\\/\\\/secure.gravatar.com\\\/avatar\\\/ad516503a11cd5ca435acc9bb6523536?s=96\",\"url\":\"https:\\\/\\\/secure.gravatar.com\\\/avatar\\\/ad516503a11cd5ca435acc9bb6523536?s=96\",\"contentUrl\":\"https:\\\/\\\/secure.gravatar.com\\\/avatar\\\/ad516503a11cd5ca435acc9bb6523536?s=96\",\"caption\":\"Andreas Jecklin\"},\"description\":\"Manchen gab Gott die Kraft Dinge zu ver\u00e4ndern, mir gab er die Kraft zu ertragen was nicht mehr zu \u00e4ndern ist.\",\"url\":\"https:\\\/\\\/www.vitalibera.org\\\/community\\\/author\\\/andy77\\\/\"}]}<\/script>\r\n<!-- \/ Yoast SEO plugin. -->","yoast_head_json":{"title":"ambi.fit Pedal Gelenktrainer - vitalibera.org","robots":{"index":"index","follow":"follow","max-snippet":"max-snippet:-1","max-image-preview":"max-image-preview:large","max-video-preview":"max-video-preview:-1"},"canonical":"https:\/\/www.vitalibera.org\/community\/2025\/10\/23\/ambi-fit-pedal-gelenktrainer\/","og_locale":"de_DE","og_type":"article","og_title":"ambi.fit Pedal Gelenktrainer - vitalibera.org","og_description":"Mehr Beweglichkeit im Alltag. Mehr Sicherheit auf den Beinen. Weniger Angst vor St\u00fcrzen. Mit dem ambi.fit Magneto Silent aktivierst du deine Gelenke sanft \u2013 und gewinnst St\u00fcck f\u00fcr St\u00fcck deine Freiheit zur\u00fcck. Sanft &amp; gelenkschonend: runde Bewegung ohne Ruckeln Sp\u00fcrbar mehr Kraft &amp; Stabilit\u00e4t f\u00fcr Beine und Knie Komplett-Set: inkl. Matte, B\u00e4ndern Zum Angebot","og_url":"https:\/\/www.vitalibera.org\/community\/2025\/10\/23\/ambi-fit-pedal-gelenktrainer\/","og_site_name":"vitalibera.org","article_publisher":"https:\/\/www.facebook.com\/groups\/2997085857140235","article_published_time":"2025-10-23T18:14:16+00:00","article_modified_time":"2025-10-23T18:16:02+00:00","og_image":[{"width":265,"height":214,"url":"https:\/\/www.vitalibera.org\/community\/wp-content\/uploads\/2025\/10\/ambifit.png","type":"image\/png"}],"author":"Andreas Jecklin","twitter_card":"summary_large_image","twitter_misc":{"Verfasst von":"Andreas Jecklin","Gesch\u00e4tzte Lesezeit":"1\u00a0Minute"},"schema":{"@context":"https:\/\/schema.org","@graph":[{"@type":"Article","@id":"https:\/\/www.vitalibera.org\/community\/2025\/10\/23\/ambi-fit-pedal-gelenktrainer\/#article","isPartOf":{"@id":"https:\/\/www.vitalibera.org\/community\/2025\/10\/23\/ambi-fit-pedal-gelenktrainer\/"},"author":{"name":"Andreas Jecklin","@id":"https:\/\/www.vitalibera.org\/community\/#\/schema\/person\/6712387298421f222ff6d0a2e22c1534"},"headline":"ambi.fit Pedal Gelenktrainer","datePublished":"2025-10-23T18:14:16+00:00","dateModified":"2025-10-23T18:16:02+00:00","mainEntityOfPage":{"@id":"https:\/\/www.vitalibera.org\/community\/2025\/10\/23\/ambi-fit-pedal-gelenktrainer\/"},"wordCount":67,"commentCount":0,"publisher":{"@id":"https:\/\/www.vitalibera.org\/community\/#organization"},"image":{"@id":"https:\/\/www.vitalibera.org\/community\/2025\/10\/23\/ambi-fit-pedal-gelenktrainer\/#primaryimage"},"thumbnailUrl":"https:\/\/www.vitalibera.org\/community\/wp-content\/uploads\/2025\/10\/ambifit.png","articleSection":["Physiotherapie"],"inLanguage":"de","potentialAction":[{"@type":"CommentAction","name":"Comment","target":["https:\/\/www.vitalibera.org\/community\/2025\/10\/23\/ambi-fit-pedal-gelenktrainer\/#respond"]}]},{"@type":"WebPage","@id":"https:\/\/www.vitalibera.org\/community\/2025\/10\/23\/ambi-fit-pedal-gelenktrainer\/","url":"https:\/\/www.vitalibera.org\/community\/2025\/10\/23\/ambi-fit-pedal-gelenktrainer\/","name":"ambi.fit Pedal Gelenktrainer - vitalibera.org","isPartOf":{"@id":"https:\/\/www.vitalibera.org\/community\/#website"},"primaryImageOfPage":{"@id":"https:\/\/www.vitalibera.org\/community\/2025\/10\/23\/ambi-fit-pedal-gelenktrainer\/#primaryimage"},"image":{"@id":"https:\/\/www.vitalibera.org\/community\/2025\/10\/23\/ambi-fit-pedal-gelenktrainer\/#primaryimage"},"thumbnailUrl":"https:\/\/www.vitalibera.org\/community\/wp-content\/uploads\/2025\/10\/ambifit.png","datePublished":"2025-10-23T18:14:16+00:00","dateModified":"2025-10-23T18:16:02+00:00","breadcrumb":{"@id":"https:\/\/www.vitalibera.org\/community\/2025\/10\/23\/ambi-fit-pedal-gelenktrainer\/#breadcrumb"},"inLanguage":"de","potentialAction":[{"@type":"ReadAction","target":["https:\/\/www.vitalibera.org\/community\/2025\/10\/23\/ambi-fit-pedal-gelenktrainer\/"]}]},{"@type":"BreadcrumbList","@id":"https:\/\/www.vitalibera.org\/community\/2025\/10\/23\/ambi-fit-pedal-gelenktrainer\/#breadcrumb","itemListElement":[{"@type":"ListItem","position":1,"name":"Startseite","item":"https:\/\/www.vitalibera.org\/community\/"},{"@type":"ListItem","position":2,"name":"ambi.fit Pedal Gelenktrainer"}]},{"@type":"WebSite","@id":"https:\/\/www.vitalibera.org\/community\/#website","url":"https:\/\/www.vitalibera.org\/community\/","name":"vitalibera.org","description":"Mit einer Einschr&auml;nkung gestaltet sich das Leben im Alltag oft schwieriger - hier berichten wir &uuml;ber unsere Erfahrungen und Hilfsmittel um den Alltag so unbeschwert und unkompliziert wie nur m&ouml;glich geniessen zu k&ouml;nnen. Dabei richten wir unseren Fokus gezielt auf Selbst&auml;ndigkeit, Eigenst&auml;ndigkeit und Selbstbestimmung.","publisher":{"@id":"https:\/\/www.vitalibera.org\/community\/#organization"},"potentialAction":[{"@type":"SearchAction","target":{"@type":"EntryPoint","urlTemplate":"https:\/\/www.vitalibera.org\/community\/?s={search_term_string}"},"query-input":{"@type":"PropertyValueSpecification","valueRequired":true,"valueName":"search_term_string"}}],"inLanguage":"de"},{"@type":"Organization","@id":"https:\/\/www.vitalibera.org\/community\/#organization","name":"vitalibera.org","url":"https:\/\/www.vitalibera.org\/community\/","logo":{"@type":"ImageObject","inLanguage":"de","@id":"https:\/\/www.vitalibera.org\/community\/#\/schema\/logo\/image\/","url":"https:\/\/www.vitalibera.org\/community\/wp-content\/uploads\/2025\/09\/cropped-banner.png","contentUrl":"https:\/\/www.vitalibera.org\/community\/wp-content\/uploads\/2025\/09\/cropped-banner.png","width":991,"height":150,"caption":"vitalibera.org"},"image":{"@id":"https:\/\/www.vitalibera.org\/community\/#\/schema\/logo\/image\/"},"sameAs":["https:\/\/www.facebook.com\/groups\/2997085857140235"]},{"@type":"Person","@id":"https:\/\/www.vitalibera.org\/community\/#\/schema\/person\/6712387298421f222ff6d0a2e22c1534","name":"Andreas Jecklin","image":{"@type":"ImageObject","inLanguage":"de","@id":"https:\/\/secure.gravatar.com\/avatar\/ad516503a11cd5ca435acc9bb6523536?s=96","url":"https:\/\/secure.gravatar.com\/avatar\/ad516503a11cd5ca435acc9bb6523536?s=96","contentUrl":"https:\/\/secure.gravatar.com\/avatar\/ad516503a11cd5ca435acc9bb6523536?s=96","caption":"Andreas Jecklin"},"description":"Manchen gab Gott die Kraft Dinge zu ver\u00e4ndern, mir gab er die Kraft zu ertragen was nicht mehr zu \u00e4ndern ist.","url":"https:\/\/www.vitalibera.org\/community\/author\/andy77\/"}]}},"jetpack_publicize_connections":[],"jetpack_sharing_enabled":true,"jetpack-related-posts":[{"id":5166,"url":"https:\/\/www.vitalibera.org\/community\/2026\/01\/16\/spastik-nach-einem-schlaganfall-lockern\/","url_meta":{"origin":3627,"position":0},"title":"Spastik nach einem Schlaganfall lockern","author":"Andreas Jecklin","date":"16 Januar, 2026","format":false,"excerpt":"Um Spastik nach einem Schlaganfall zu lockern, sind sanfte Dehn-, Mobilisations- und Kr\u00e4ftigungs\u00fcbungen wichtig, die den Bewegungsumfang f\u00f6rdern, wie z.B.\u00a0Hand mit gesunder Hand sanft \u00f6ffnen und dehnen, Arme langsam heben und senken, Handgelenke kreisen lassen und die betroffene Hand mit einer Handtuchrolle oder einem kleinen Ball unterst\u00fctzen, um die Muskeln\u2026","rel":"","context":"In &quot;Physiotherapie&quot;","block_context":{"text":"Physiotherapie","link":"https:\/\/www.vitalibera.org\/community\/category\/eigentherapie-und-trainings\/physio\/"},"img":{"alt_text":"","src":"https:\/\/i0.wp.com\/www.vitalibera.org\/community\/wp-content\/uploads\/2026\/01\/spastik.png?resize=350%2C200&ssl=1","width":350,"height":200},"classes":[]},{"id":2740,"url":"https:\/\/www.vitalibera.org\/community\/2025\/10\/06\/21-ganzkoerperuebungen-fuer-die-schlaganfallreha\/","url_meta":{"origin":3627,"position":1},"title":"21 Ganzk\u00f6rper\u00fcbungen f\u00fcr die Schlaganfallreha","author":"admin","date":"6 Oktober, 2025","format":false,"excerpt":"Reha\u00fcbungen k\u00f6nnen den Schlaganfallpatienten helfen, ihre k\u00f6rperliche Beweglichkeit und Kraft wiederzuerlangen. In den fr\u00fchen Stadien der Genesung nach einem Schlaganfall trainieren die Patienten oft mit Hilfe eines Expertenteams. Sowohl Physio- als auch Ergotherapeuten sind ein gro\u00dfer Gewinn f\u00fcr Ihre Genesung. Nach der Entlassung aus der\u00a0station\u00e4ren Rehabilitation\u00a0ist das Expertenteam nicht oder\u2026","rel":"","context":"In &quot;Ergotherapie&quot;","block_context":{"text":"Ergotherapie","link":"https:\/\/www.vitalibera.org\/community\/category\/eigentherapie-und-trainings\/ergo\/"},"img":{"alt_text":"","src":"https:\/\/i0.wp.com\/www.vitalibera.org\/community\/wp-content\/uploads\/2025\/10\/Brain_sutadimages_shutterstock_1707303565-2-1920x1217-1.jpg?resize=350%2C200&ssl=1","width":350,"height":200,"srcset":"https:\/\/i0.wp.com\/www.vitalibera.org\/community\/wp-content\/uploads\/2025\/10\/Brain_sutadimages_shutterstock_1707303565-2-1920x1217-1.jpg?resize=350%2C200&ssl=1 1x, https:\/\/i0.wp.com\/www.vitalibera.org\/community\/wp-content\/uploads\/2025\/10\/Brain_sutadimages_shutterstock_1707303565-2-1920x1217-1.jpg?resize=525%2C300&ssl=1 1.5x, https:\/\/i0.wp.com\/www.vitalibera.org\/community\/wp-content\/uploads\/2025\/10\/Brain_sutadimages_shutterstock_1707303565-2-1920x1217-1.jpg?resize=700%2C400&ssl=1 2x, https:\/\/i0.wp.com\/www.vitalibera.org\/community\/wp-content\/uploads\/2025\/10\/Brain_sutadimages_shutterstock_1707303565-2-1920x1217-1.jpg?resize=1050%2C600&ssl=1 3x, https:\/\/i0.wp.com\/www.vitalibera.org\/community\/wp-content\/uploads\/2025\/10\/Brain_sutadimages_shutterstock_1707303565-2-1920x1217-1.jpg?resize=1400%2C800&ssl=1 4x"},"classes":[]},{"id":5380,"url":"https:\/\/www.vitalibera.org\/community\/2026\/02\/02\/neurodynamik-nervenmobilisation\/","url_meta":{"origin":3627,"position":2},"title":"Neurodynamik &#8211; Nervenmobilisation","author":"Andreas Jecklin","date":"2 Februar, 2026","format":false,"excerpt":"Nervenmobilisation (auch funktionelle Neurodynamik genannt) ist eine\u00a0Physiotherapie-Technik, die Nerven wieder beweglicher macht, indem sie Verklebungen l\u00f6st und die Gleitf\u00e4higkeit verbessert, was Schmerzen, Taubheit oder Kribbeln bei eingeklemmten oder gereizten Nerven reduziert. Durch spezielle, langsame Bewegungen wird der Nerv kontrolliert gedehnt, um seine Elastizit\u00e4t und Durchblutung zu f\u00f6rdern und dem Gehirn\u2026","rel":"","context":"In &quot;Academy&quot;","block_context":{"text":"Academy","link":"https:\/\/www.vitalibera.org\/community\/category\/academy\/"},"img":{"alt_text":"","src":"https:\/\/i0.wp.com\/www.vitalibera.org\/community\/wp-content\/uploads\/2026\/02\/nervenschmerzen-im-bein.jpg?resize=350%2C200&ssl=1","width":350,"height":200,"srcset":"https:\/\/i0.wp.com\/www.vitalibera.org\/community\/wp-content\/uploads\/2026\/02\/nervenschmerzen-im-bein.jpg?resize=350%2C200&ssl=1 1x, https:\/\/i0.wp.com\/www.vitalibera.org\/community\/wp-content\/uploads\/2026\/02\/nervenschmerzen-im-bein.jpg?resize=525%2C300&ssl=1 1.5x"},"classes":[]},{"id":8775,"url":"https:\/\/www.vitalibera.org\/community\/2026\/07\/24\/eigentraining-bei-schultersubluxation\/","url_meta":{"origin":3627,"position":3},"title":"Eigentraining bei Schultersubluxation","author":"admin","date":"24 Juli, 2026","format":false,"excerpt":"Nach einer Hirnverletzung verliert die Schulter oft ihre nat\u00fcrliche Stabilit\u00e4t \u2013 der Oberarmkopf rutscht leicht aus der Gelenkpfanne, und jede Bewegung kann sich unsicher oder schmerzhaft anf\u00fchlen. Doch das Gehirn kann lernen, die Muskulatur wieder zu aktivieren und die Schulter Schritt f\u00fcr Schritt zu stabilisieren. Gezieltes Eigentraining hilft, die Verbindung\u2026","rel":"","context":"In &quot;Ergotherapie&quot;","block_context":{"text":"Ergotherapie","link":"https:\/\/www.vitalibera.org\/community\/category\/eigentherapie-und-trainings\/ergo\/"},"img":{"alt_text":"","src":"https:\/\/i0.wp.com\/www.vitalibera.org\/community\/wp-content\/uploads\/2026\/07\/sublux94715.png?resize=350%2C200&ssl=1","width":350,"height":200,"srcset":"https:\/\/i0.wp.com\/www.vitalibera.org\/community\/wp-content\/uploads\/2026\/07\/sublux94715.png?resize=350%2C200&ssl=1 1x, https:\/\/i0.wp.com\/www.vitalibera.org\/community\/wp-content\/uploads\/2026\/07\/sublux94715.png?resize=525%2C300&ssl=1 1.5x"},"classes":[]},{"id":4645,"url":"https:\/\/www.vitalibera.org\/community\/2025\/12\/20\/schulter-arm-syndrom\/","url_meta":{"origin":3627,"position":4},"title":"Schulter-Arm-Syndrom","author":"Andreas Jecklin","date":"20 Dezember, 2025","format":false,"excerpt":"Unter dem Schulter-Arm-Syndrom (oder auch: Zervikobrachialgie) versteht man einen Komplex an unterschiedlichen Symptomen rund um Nacken, Schultern und Arme. Verschiedene Ursachen k\u00f6nnen die Beschwerden ausl\u00f6sen, aber h\u00e4ufig stecken erh\u00f6hte muskul\u00e4r-fasziale Spannungen dahinter. Die wichtigste \u00dcbung zum Nachlesen F\u00fchre die \u00dcbung zun\u00e4chst am betroffenen Arm durch. Wenn du nach einiger Zeit\u2026","rel":"","context":"In &quot;Physiotherapie&quot;","block_context":{"text":"Physiotherapie","link":"https:\/\/www.vitalibera.org\/community\/category\/eigentherapie-und-trainings\/physio\/"},"img":{"alt_text":"","src":"https:\/\/i0.wp.com\/www.vitalibera.org\/community\/wp-content\/uploads\/2025\/12\/SHS0.jpg?resize=350%2C200&ssl=1","width":350,"height":200,"srcset":"https:\/\/i0.wp.com\/www.vitalibera.org\/community\/wp-content\/uploads\/2025\/12\/SHS0.jpg?resize=350%2C200&ssl=1 1x, https:\/\/i0.wp.com\/www.vitalibera.org\/community\/wp-content\/uploads\/2025\/12\/SHS0.jpg?resize=525%2C300&ssl=1 1.5x, https:\/\/i0.wp.com\/www.vitalibera.org\/community\/wp-content\/uploads\/2025\/12\/SHS0.jpg?resize=700%2C400&ssl=1 2x"},"classes":[]},{"id":5448,"url":"https:\/\/www.vitalibera.org\/community\/2026\/02\/07\/hand-arm-training-mit-dem-powerball\/","url_meta":{"origin":3627,"position":5},"title":"Hand\/Arm Training mit dem Powerball","author":"Andreas Jecklin","date":"7 Februar, 2026","format":false,"excerpt":"Der Powerball (gyroskopischer Handtrainer) ist ein\u00a0effektives Trainingsger\u00e4t f\u00fcr Rehabilitation und Physiotherapie, das nach einem Schlaganfall zur Mobilisierung, St\u00e4rkung der Hand-\/Unterarmmuskulatur und Verbesserung der Koordination eingesetzt werden kann. Er hilft, die Beweglichkeit sanft wiederherzustellen, sollte jedoch stets in Absprache mit \u00c4rzten oder Therapeuten genutzt werden.\u00a0","rel":"","context":"In &quot;Physiotherapie&quot;","block_context":{"text":"Physiotherapie","link":"https:\/\/www.vitalibera.org\/community\/category\/eigentherapie-und-trainings\/physio\/"},"img":{"alt_text":"","src":"https:\/\/i0.wp.com\/www.vitalibera.org\/community\/wp-content\/uploads\/2026\/02\/Screenshot-2026-02-07-153201.png?resize=350%2C200&ssl=1","width":350,"height":200,"srcset":"https:\/\/i0.wp.com\/www.vitalibera.org\/community\/wp-content\/uploads\/2026\/02\/Screenshot-2026-02-07-153201.png?resize=350%2C200&ssl=1 1x, https:\/\/i0.wp.com\/www.vitalibera.org\/community\/wp-content\/uploads\/2026\/02\/Screenshot-2026-02-07-153201.png?resize=525%2C300&ssl=1 1.5x"},"classes":[]}],"jetpack_featured_media_url":"https:\/\/www.vitalibera.org\/community\/wp-content\/uploads\/2025\/10\/ambifit.png","_links":{"self":[{"href":"https:\/\/www.vitalibera.org\/community\/wp-json\/wp\/v2\/posts\/3627","targetHints":{"allow":["GET"]}}],"collection":[{"href":"https:\/\/www.vitalibera.org\/community\/wp-json\/wp\/v2\/posts"}],"about":[{"href":"https:\/\/www.vitalibera.org\/community\/wp-json\/wp\/v2\/types\/post"}],"author":[{"embeddable":true,"href":"https:\/\/www.vitalibera.org\/community\/wp-json\/wp\/v2\/users\/2"}],"replies":[{"embeddable":true,"href":"https:\/\/www.vitalibera.org\/community\/wp-json\/wp\/v2\/comments?post=3627"}],"version-history":[{"count":0,"href":"https:\/\/www.vitalibera.org\/community\/wp-json\/wp\/v2\/posts\/3627\/revisions"}],"wp:featuredmedia":[{"embeddable":true,"href":"https:\/\/www.vitalibera.org\/community\/wp-json\/wp\/v2\/media\/3628"}],"wp:attachment":[{"href":"https:\/\/www.vitalibera.org\/community\/wp-json\/wp\/v2\/media?parent=3627"}],"wp:term":[{"taxonomy":"category","embeddable":true,"href":"https:\/\/www.vitalibera.org\/community\/wp-json\/wp\/v2\/categories?post=3627"},{"taxonomy":"post_tag","embeddable":true,"href":"https:\/\/www.vitalibera.org\/community\/wp-json\/wp\/v2\/tags?post=3627"}],"curies":[{"name":"wp","href":"https:\/\/api.w.org\/{rel}","templated":true}]}}