{"id":3799,"date":"2025-10-27T17:29:30","date_gmt":"2025-10-27T16:29:30","guid":{"rendered":"https:\/\/www.vitalibera.org\/community\/?p=3799"},"modified":"2025-10-27T17:29:34","modified_gmt":"2025-10-27T16:29:34","slug":"erhoetes-schlaganfall-risiko-bei-hitze","status":"publish","type":"post","link":"https:\/\/www.vitalibera.org\/community\/2025\/10\/27\/erhoetes-schlaganfall-risiko-bei-hitze\/","title":{"rendered":"Erh\u00f6tes Schlaganfall-Risiko bei Hitze"},"content":{"rendered":"\n<p><mark>Hitze kann nach einem Schlaganfall gef\u00e4hrlich sein, da sie zu einer Verschlechterung des Zustands f\u00fchren kann und das Risiko f\u00fcr Komplikationen erh\u00f6ht<\/mark>.&nbsp;Schlaganfall-Patienten k\u00f6nnen zudem durch die Hitze verst\u00e4rkte Empfindungsst\u00f6rungen wie brennende oder kribbelnde Gef\u00fchle haben.&nbsp;Um die Folgen von Hitze zu minimieren, sollten <a href=\"https:\/\/www.vitalibera.org\/community\/2026\/04\/19\/wenn-reize-laut-werden-und-menschen-leise\/\">Betroffene<\/a> Ma\u00dfnahmen ergreifen, wie sich an einem k\u00fchlen Ort aufzuhalten, ausreichend zu trinken und eventuell K\u00fchlhilfen wie eine kalte W\u00e4rmflasche zu nutzen.&nbsp;<\/p>\n\n\n\n<p>Auswirkungen von Hitze<\/p>\n\n\n\n<ul class=\"wp-block-list\">\n<li><strong>Erh\u00f6htes Risiko:<\/strong>\u00a0Hitze, insbesondere tropische N\u00e4chte, kann das Schlaganfall-Risiko erh\u00f6hen, vor allem f\u00fcr isch\u00e4mische Schlaganf\u00e4lle und transitorische isch\u00e4mische Attacken (TIAs).\u00a0<\/li>\n\n\n\n<li><strong>Verschlechterung des Zustands:<\/strong>\u00a0Hitzewellen k\u00f6nnen bei Menschen mit vorbestehenden Herz-Kreislauf-Erkrankungen und anderen chronischen neurologischen Erkrankungen zu einer deutlichen Verschlechterung des Gesundheitszustandes f\u00fchren.\u00a0<\/li>\n\n\n\n<li><strong>Verst\u00e4rkte Empfindungsst\u00f6rungen:<\/strong>\u00a0Hitze kann Empfindungsst\u00f6rungen, die eine Folge des Schlaganfalls sind, verschlimmern.\u00a0Dazu k\u00f6nnen brennende, kribbelnde oder stechende Gef\u00fchle geh\u00f6ren.\u00a0<\/li>\n<\/ul>\n\n\n\n<p>Ma\u00dfnahmen bei Hitze<\/p>\n\n\n\n<ul class=\"wp-block-list\">\n<li><strong>K\u00fchle Aufenthaltsorte:<\/strong>\u00a0Vermeiden Sie die Hitze, indem Sie sich an k\u00fchlen Orten aufhalten.\u00a0Falls m\u00f6glich, wechseln Sie in k\u00fchlere R\u00e4ume wie Keller oder das Erdgeschoss.\u00a0<\/li>\n\n\n\n<li><strong>Viel trinken:<\/strong>\u00a0Sorgen Sie f\u00fcr eine ausreichende Fl\u00fcssigkeitszufuhr, um Ihren K\u00f6rper zu k\u00fchlen und Dehydrierung vorzubeugen.\u00a0<\/li>\n\n\n\n<li><strong>K\u00fchlhilfen nutzen:<\/strong>\u00a0Nutzen Sie K\u00fchlhilfen wie eine in den K\u00fchlschrank gelegte, mit einem Tuch umwickelte W\u00e4rmflasche oder k\u00fchle Umschl\u00e4ge.\u00a0<\/li>\n\n\n\n<li><strong>Luftzug erm\u00f6glichen:<\/strong>\u00a0Sorgen Sie f\u00fcr Luftzug, um die Luftzirkulation im Raum zu verbessern.\u00a0<\/li>\n<\/ul>\n","protected":false},"excerpt":{"rendered":"<p>Hitze kann nach einem Schlaganfall gef\u00e4hrlich sein, da sie zu einer Verschlechterung des Zustands f\u00fchren kann und das Risiko f\u00fcr Komplikationen erh\u00f6ht.&nbsp;Schlaganfall-Patienten k\u00f6nnen zudem durch die Hitze verst\u00e4rkte Empfindungsst\u00f6rungen wie brennende oder kribbelnde Gef\u00fchle haben.&nbsp;Um die Folgen von Hitze zu minimieren, sollten Betroffene Ma\u00dfnahmen ergreifen, wie sich an einem k\u00fchlen Ort aufzuhalten, ausreichend zu trinken &#8230; <a title=\"Erh\u00f6tes Schlaganfall-Risiko bei Hitze\" class=\"read-more\" href=\"https:\/\/www.vitalibera.org\/community\/2025\/10\/27\/erhoetes-schlaganfall-risiko-bei-hitze\/\" aria-label=\"Mehr Informationen \u00fcber Erh\u00f6tes Schlaganfall-Risiko bei Hitze\">Weiterlesen<\/a><\/p>\n","protected":false},"author":2,"featured_media":3800,"comment_status":"open","ping_status":"open","sticky":false,"template":"","format":"standard","meta":{"cybocfi_hide_featured_image":"yes","_jetpack_memberships_contains_paid_content":false,"footnotes":""},"categories":[159],"tags":[],"class_list":["post-3799","post","type-post","status-publish","format-standard","has-post-thumbnail","hentry","category-fachwissen"],"yoast_head":"<!-- This site is optimized with the Yoast SEO plugin v27.4 - https:\/\/yoast.com\/product\/yoast-seo-wordpress\/ -->\r\n<title>Erh\u00f6tes Schlaganfall-Risiko bei Hitze - vitalibera.org<\/title>\r\n<meta name=\"robots\" content=\"index, follow, max-snippet:-1, max-image-preview:large, max-video-preview:-1\" \/>\r\n<link rel=\"canonical\" href=\"https:\/\/www.vitalibera.org\/community\/2025\/10\/27\/erhoetes-schlaganfall-risiko-bei-hitze\/\" \/>\r\n<meta property=\"og:locale\" content=\"de_DE\" \/>\r\n<meta property=\"og:type\" content=\"article\" \/>\r\n<meta property=\"og:title\" content=\"Erh\u00f6tes Schlaganfall-Risiko bei Hitze - vitalibera.org\" \/>\r\n<meta property=\"og:description\" content=\"Hitze kann nach einem Schlaganfall gef\u00e4hrlich sein, da sie zu einer Verschlechterung des Zustands f\u00fchren kann und das Risiko f\u00fcr Komplikationen erh\u00f6ht.&nbsp;Schlaganfall-Patienten k\u00f6nnen zudem durch die Hitze verst\u00e4rkte Empfindungsst\u00f6rungen wie brennende oder kribbelnde Gef\u00fchle haben.&nbsp;Um die Folgen von Hitze zu minimieren, sollten Betroffene Ma\u00dfnahmen ergreifen, wie sich an einem k\u00fchlen Ort aufzuhalten, ausreichend zu trinken ... Weiterlesen\" \/>\r\n<meta property=\"og:url\" content=\"https:\/\/www.vitalibera.org\/community\/2025\/10\/27\/erhoetes-schlaganfall-risiko-bei-hitze\/\" \/>\r\n<meta property=\"og:site_name\" content=\"vitalibera.org\" \/>\r\n<meta property=\"article:publisher\" content=\"https:\/\/www.facebook.com\/groups\/2997085857140235\" \/>\r\n<meta property=\"article:published_time\" content=\"2025-10-27T16:29:30+00:00\" \/>\r\n<meta property=\"article:modified_time\" content=\"2025-10-27T16:29:34+00:00\" \/>\r\n<meta property=\"og:image\" content=\"https:\/\/www.vitalibera.org\/community\/wp-content\/uploads\/2025\/10\/csm_27133_thermometer_4a0da94f0c.jpg\" \/>\r\n\t<meta property=\"og:image:width\" content=\"560\" \/>\r\n\t<meta property=\"og:image:height\" content=\"320\" \/>\r\n\t<meta property=\"og:image:type\" content=\"image\/jpeg\" \/>\r\n<meta name=\"author\" content=\"Andreas Jecklin\" \/>\r\n<meta name=\"twitter:card\" content=\"summary_large_image\" \/>\r\n<meta name=\"twitter:label1\" content=\"Verfasst von\" \/>\n\t<meta name=\"twitter:data1\" content=\"Andreas Jecklin\" \/>\n\t<meta name=\"twitter:label2\" content=\"Gesch\u00e4tzte Lesezeit\" \/>\n\t<meta name=\"twitter:data2\" content=\"2\u00a0Minuten\" \/>\r\n<script type=\"application\/ld+json\" class=\"yoast-schema-graph\">{\"@context\":\"https:\\\/\\\/schema.org\",\"@graph\":[{\"@type\":\"Article\",\"@id\":\"https:\\\/\\\/www.vitalibera.org\\\/community\\\/2025\\\/10\\\/27\\\/erhoetes-schlaganfall-risiko-bei-hitze\\\/#article\",\"isPartOf\":{\"@id\":\"https:\\\/\\\/www.vitalibera.org\\\/community\\\/2025\\\/10\\\/27\\\/erhoetes-schlaganfall-risiko-bei-hitze\\\/\"},\"author\":{\"name\":\"Andreas Jecklin\",\"@id\":\"https:\\\/\\\/www.vitalibera.org\\\/community\\\/#\\\/schema\\\/person\\\/6712387298421f222ff6d0a2e22c1534\"},\"headline\":\"Erh\u00f6tes Schlaganfall-Risiko bei Hitze\",\"datePublished\":\"2025-10-27T16:29:30+00:00\",\"dateModified\":\"2025-10-27T16:29:34+00:00\",\"mainEntityOfPage\":{\"@id\":\"https:\\\/\\\/www.vitalibera.org\\\/community\\\/2025\\\/10\\\/27\\\/erhoetes-schlaganfall-risiko-bei-hitze\\\/\"},\"wordCount\":260,\"commentCount\":0,\"publisher\":{\"@id\":\"https:\\\/\\\/www.vitalibera.org\\\/community\\\/#organization\"},\"image\":{\"@id\":\"https:\\\/\\\/www.vitalibera.org\\\/community\\\/2025\\\/10\\\/27\\\/erhoetes-schlaganfall-risiko-bei-hitze\\\/#primaryimage\"},\"thumbnailUrl\":\"https:\\\/\\\/www.vitalibera.org\\\/community\\\/wp-content\\\/uploads\\\/2025\\\/10\\\/csm_27133_thermometer_4a0da94f0c.jpg\",\"articleSection\":[\"Fachwissen\"],\"inLanguage\":\"de\",\"potentialAction\":[{\"@type\":\"CommentAction\",\"name\":\"Comment\",\"target\":[\"https:\\\/\\\/www.vitalibera.org\\\/community\\\/2025\\\/10\\\/27\\\/erhoetes-schlaganfall-risiko-bei-hitze\\\/#respond\"]}]},{\"@type\":\"WebPage\",\"@id\":\"https:\\\/\\\/www.vitalibera.org\\\/community\\\/2025\\\/10\\\/27\\\/erhoetes-schlaganfall-risiko-bei-hitze\\\/\",\"url\":\"https:\\\/\\\/www.vitalibera.org\\\/community\\\/2025\\\/10\\\/27\\\/erhoetes-schlaganfall-risiko-bei-hitze\\\/\",\"name\":\"Erh\u00f6tes Schlaganfall-Risiko bei Hitze - vitalibera.org\",\"isPartOf\":{\"@id\":\"https:\\\/\\\/www.vitalibera.org\\\/community\\\/#website\"},\"primaryImageOfPage\":{\"@id\":\"https:\\\/\\\/www.vitalibera.org\\\/community\\\/2025\\\/10\\\/27\\\/erhoetes-schlaganfall-risiko-bei-hitze\\\/#primaryimage\"},\"image\":{\"@id\":\"https:\\\/\\\/www.vitalibera.org\\\/community\\\/2025\\\/10\\\/27\\\/erhoetes-schlaganfall-risiko-bei-hitze\\\/#primaryimage\"},\"thumbnailUrl\":\"https:\\\/\\\/www.vitalibera.org\\\/community\\\/wp-content\\\/uploads\\\/2025\\\/10\\\/csm_27133_thermometer_4a0da94f0c.jpg\",\"datePublished\":\"2025-10-27T16:29:30+00:00\",\"dateModified\":\"2025-10-27T16:29:34+00:00\",\"breadcrumb\":{\"@id\":\"https:\\\/\\\/www.vitalibera.org\\\/community\\\/2025\\\/10\\\/27\\\/erhoetes-schlaganfall-risiko-bei-hitze\\\/#breadcrumb\"},\"inLanguage\":\"de\",\"potentialAction\":[{\"@type\":\"ReadAction\",\"target\":[\"https:\\\/\\\/www.vitalibera.org\\\/community\\\/2025\\\/10\\\/27\\\/erhoetes-schlaganfall-risiko-bei-hitze\\\/\"]}]},{\"@type\":\"BreadcrumbList\",\"@id\":\"https:\\\/\\\/www.vitalibera.org\\\/community\\\/2025\\\/10\\\/27\\\/erhoetes-schlaganfall-risiko-bei-hitze\\\/#breadcrumb\",\"itemListElement\":[{\"@type\":\"ListItem\",\"position\":1,\"name\":\"Startseite\",\"item\":\"https:\\\/\\\/www.vitalibera.org\\\/community\\\/\"},{\"@type\":\"ListItem\",\"position\":2,\"name\":\"Erh\u00f6tes Schlaganfall-Risiko bei Hitze\"}]},{\"@type\":\"WebSite\",\"@id\":\"https:\\\/\\\/www.vitalibera.org\\\/community\\\/#website\",\"url\":\"https:\\\/\\\/www.vitalibera.org\\\/community\\\/\",\"name\":\"vitalibera.org\",\"description\":\"Mit einer Einschr&auml;nkung gestaltet sich das Leben im Alltag oft schwieriger - hier berichten wir &uuml;ber unsere Erfahrungen und Hilfsmittel um den Alltag so unbeschwert und unkompliziert wie nur m&ouml;glich geniessen zu k&ouml;nnen. Dabei richten wir unseren Fokus gezielt auf Selbst&auml;ndigkeit, Eigenst&auml;ndigkeit und Selbstbestimmung.\",\"publisher\":{\"@id\":\"https:\\\/\\\/www.vitalibera.org\\\/community\\\/#organization\"},\"potentialAction\":[{\"@type\":\"SearchAction\",\"target\":{\"@type\":\"EntryPoint\",\"urlTemplate\":\"https:\\\/\\\/www.vitalibera.org\\\/community\\\/?s={search_term_string}\"},\"query-input\":{\"@type\":\"PropertyValueSpecification\",\"valueRequired\":true,\"valueName\":\"search_term_string\"}}],\"inLanguage\":\"de\"},{\"@type\":\"Organization\",\"@id\":\"https:\\\/\\\/www.vitalibera.org\\\/community\\\/#organization\",\"name\":\"vitalibera.org\",\"url\":\"https:\\\/\\\/www.vitalibera.org\\\/community\\\/\",\"logo\":{\"@type\":\"ImageObject\",\"inLanguage\":\"de\",\"@id\":\"https:\\\/\\\/www.vitalibera.org\\\/community\\\/#\\\/schema\\\/logo\\\/image\\\/\",\"url\":\"https:\\\/\\\/www.vitalibera.org\\\/community\\\/wp-content\\\/uploads\\\/2025\\\/09\\\/cropped-banner.png\",\"contentUrl\":\"https:\\\/\\\/www.vitalibera.org\\\/community\\\/wp-content\\\/uploads\\\/2025\\\/09\\\/cropped-banner.png\",\"width\":991,\"height\":150,\"caption\":\"vitalibera.org\"},\"image\":{\"@id\":\"https:\\\/\\\/www.vitalibera.org\\\/community\\\/#\\\/schema\\\/logo\\\/image\\\/\"},\"sameAs\":[\"https:\\\/\\\/www.facebook.com\\\/groups\\\/2997085857140235\"]},{\"@type\":\"Person\",\"@id\":\"https:\\\/\\\/www.vitalibera.org\\\/community\\\/#\\\/schema\\\/person\\\/6712387298421f222ff6d0a2e22c1534\",\"name\":\"Andreas Jecklin\",\"image\":{\"@type\":\"ImageObject\",\"inLanguage\":\"de\",\"@id\":\"https:\\\/\\\/secure.gravatar.com\\\/avatar\\\/ad516503a11cd5ca435acc9bb6523536?s=96\",\"url\":\"https:\\\/\\\/secure.gravatar.com\\\/avatar\\\/ad516503a11cd5ca435acc9bb6523536?s=96\",\"contentUrl\":\"https:\\\/\\\/secure.gravatar.com\\\/avatar\\\/ad516503a11cd5ca435acc9bb6523536?s=96\",\"caption\":\"Andreas Jecklin\"},\"description\":\"Manchen gab Gott die Kraft Dinge zu ver\u00e4ndern, mir gab er die Kraft zu ertragen was nicht mehr zu \u00e4ndern ist.\",\"url\":\"https:\\\/\\\/www.vitalibera.org\\\/community\\\/author\\\/andy77\\\/\"}]}<\/script>\r\n<!-- \/ Yoast SEO plugin. -->","yoast_head_json":{"title":"Erh\u00f6tes Schlaganfall-Risiko bei Hitze - vitalibera.org","robots":{"index":"index","follow":"follow","max-snippet":"max-snippet:-1","max-image-preview":"max-image-preview:large","max-video-preview":"max-video-preview:-1"},"canonical":"https:\/\/www.vitalibera.org\/community\/2025\/10\/27\/erhoetes-schlaganfall-risiko-bei-hitze\/","og_locale":"de_DE","og_type":"article","og_title":"Erh\u00f6tes Schlaganfall-Risiko bei Hitze - vitalibera.org","og_description":"Hitze kann nach einem Schlaganfall gef\u00e4hrlich sein, da sie zu einer Verschlechterung des Zustands f\u00fchren kann und das Risiko f\u00fcr Komplikationen erh\u00f6ht.&nbsp;Schlaganfall-Patienten k\u00f6nnen zudem durch die Hitze verst\u00e4rkte Empfindungsst\u00f6rungen wie brennende oder kribbelnde Gef\u00fchle haben.&nbsp;Um die Folgen von Hitze zu minimieren, sollten Betroffene Ma\u00dfnahmen ergreifen, wie sich an einem k\u00fchlen Ort aufzuhalten, ausreichend zu trinken ... Weiterlesen","og_url":"https:\/\/www.vitalibera.org\/community\/2025\/10\/27\/erhoetes-schlaganfall-risiko-bei-hitze\/","og_site_name":"vitalibera.org","article_publisher":"https:\/\/www.facebook.com\/groups\/2997085857140235","article_published_time":"2025-10-27T16:29:30+00:00","article_modified_time":"2025-10-27T16:29:34+00:00","og_image":[{"width":560,"height":320,"url":"https:\/\/www.vitalibera.org\/community\/wp-content\/uploads\/2025\/10\/csm_27133_thermometer_4a0da94f0c.jpg","type":"image\/jpeg"}],"author":"Andreas Jecklin","twitter_card":"summary_large_image","twitter_misc":{"Verfasst von":"Andreas Jecklin","Gesch\u00e4tzte Lesezeit":"2\u00a0Minuten"},"schema":{"@context":"https:\/\/schema.org","@graph":[{"@type":"Article","@id":"https:\/\/www.vitalibera.org\/community\/2025\/10\/27\/erhoetes-schlaganfall-risiko-bei-hitze\/#article","isPartOf":{"@id":"https:\/\/www.vitalibera.org\/community\/2025\/10\/27\/erhoetes-schlaganfall-risiko-bei-hitze\/"},"author":{"name":"Andreas Jecklin","@id":"https:\/\/www.vitalibera.org\/community\/#\/schema\/person\/6712387298421f222ff6d0a2e22c1534"},"headline":"Erh\u00f6tes Schlaganfall-Risiko bei Hitze","datePublished":"2025-10-27T16:29:30+00:00","dateModified":"2025-10-27T16:29:34+00:00","mainEntityOfPage":{"@id":"https:\/\/www.vitalibera.org\/community\/2025\/10\/27\/erhoetes-schlaganfall-risiko-bei-hitze\/"},"wordCount":260,"commentCount":0,"publisher":{"@id":"https:\/\/www.vitalibera.org\/community\/#organization"},"image":{"@id":"https:\/\/www.vitalibera.org\/community\/2025\/10\/27\/erhoetes-schlaganfall-risiko-bei-hitze\/#primaryimage"},"thumbnailUrl":"https:\/\/www.vitalibera.org\/community\/wp-content\/uploads\/2025\/10\/csm_27133_thermometer_4a0da94f0c.jpg","articleSection":["Fachwissen"],"inLanguage":"de","potentialAction":[{"@type":"CommentAction","name":"Comment","target":["https:\/\/www.vitalibera.org\/community\/2025\/10\/27\/erhoetes-schlaganfall-risiko-bei-hitze\/#respond"]}]},{"@type":"WebPage","@id":"https:\/\/www.vitalibera.org\/community\/2025\/10\/27\/erhoetes-schlaganfall-risiko-bei-hitze\/","url":"https:\/\/www.vitalibera.org\/community\/2025\/10\/27\/erhoetes-schlaganfall-risiko-bei-hitze\/","name":"Erh\u00f6tes Schlaganfall-Risiko bei Hitze - vitalibera.org","isPartOf":{"@id":"https:\/\/www.vitalibera.org\/community\/#website"},"primaryImageOfPage":{"@id":"https:\/\/www.vitalibera.org\/community\/2025\/10\/27\/erhoetes-schlaganfall-risiko-bei-hitze\/#primaryimage"},"image":{"@id":"https:\/\/www.vitalibera.org\/community\/2025\/10\/27\/erhoetes-schlaganfall-risiko-bei-hitze\/#primaryimage"},"thumbnailUrl":"https:\/\/www.vitalibera.org\/community\/wp-content\/uploads\/2025\/10\/csm_27133_thermometer_4a0da94f0c.jpg","datePublished":"2025-10-27T16:29:30+00:00","dateModified":"2025-10-27T16:29:34+00:00","breadcrumb":{"@id":"https:\/\/www.vitalibera.org\/community\/2025\/10\/27\/erhoetes-schlaganfall-risiko-bei-hitze\/#breadcrumb"},"inLanguage":"de","potentialAction":[{"@type":"ReadAction","target":["https:\/\/www.vitalibera.org\/community\/2025\/10\/27\/erhoetes-schlaganfall-risiko-bei-hitze\/"]}]},{"@type":"BreadcrumbList","@id":"https:\/\/www.vitalibera.org\/community\/2025\/10\/27\/erhoetes-schlaganfall-risiko-bei-hitze\/#breadcrumb","itemListElement":[{"@type":"ListItem","position":1,"name":"Startseite","item":"https:\/\/www.vitalibera.org\/community\/"},{"@type":"ListItem","position":2,"name":"Erh\u00f6tes Schlaganfall-Risiko bei Hitze"}]},{"@type":"WebSite","@id":"https:\/\/www.vitalibera.org\/community\/#website","url":"https:\/\/www.vitalibera.org\/community\/","name":"vitalibera.org","description":"Mit einer Einschr&auml;nkung gestaltet sich das Leben im Alltag oft schwieriger - hier berichten wir &uuml;ber unsere Erfahrungen und Hilfsmittel um den Alltag so unbeschwert und unkompliziert wie nur m&ouml;glich geniessen zu k&ouml;nnen. Dabei richten wir unseren Fokus gezielt auf Selbst&auml;ndigkeit, Eigenst&auml;ndigkeit und Selbstbestimmung.","publisher":{"@id":"https:\/\/www.vitalibera.org\/community\/#organization"},"potentialAction":[{"@type":"SearchAction","target":{"@type":"EntryPoint","urlTemplate":"https:\/\/www.vitalibera.org\/community\/?s={search_term_string}"},"query-input":{"@type":"PropertyValueSpecification","valueRequired":true,"valueName":"search_term_string"}}],"inLanguage":"de"},{"@type":"Organization","@id":"https:\/\/www.vitalibera.org\/community\/#organization","name":"vitalibera.org","url":"https:\/\/www.vitalibera.org\/community\/","logo":{"@type":"ImageObject","inLanguage":"de","@id":"https:\/\/www.vitalibera.org\/community\/#\/schema\/logo\/image\/","url":"https:\/\/www.vitalibera.org\/community\/wp-content\/uploads\/2025\/09\/cropped-banner.png","contentUrl":"https:\/\/www.vitalibera.org\/community\/wp-content\/uploads\/2025\/09\/cropped-banner.png","width":991,"height":150,"caption":"vitalibera.org"},"image":{"@id":"https:\/\/www.vitalibera.org\/community\/#\/schema\/logo\/image\/"},"sameAs":["https:\/\/www.facebook.com\/groups\/2997085857140235"]},{"@type":"Person","@id":"https:\/\/www.vitalibera.org\/community\/#\/schema\/person\/6712387298421f222ff6d0a2e22c1534","name":"Andreas Jecklin","image":{"@type":"ImageObject","inLanguage":"de","@id":"https:\/\/secure.gravatar.com\/avatar\/ad516503a11cd5ca435acc9bb6523536?s=96","url":"https:\/\/secure.gravatar.com\/avatar\/ad516503a11cd5ca435acc9bb6523536?s=96","contentUrl":"https:\/\/secure.gravatar.com\/avatar\/ad516503a11cd5ca435acc9bb6523536?s=96","caption":"Andreas Jecklin"},"description":"Manchen gab Gott die Kraft Dinge zu ver\u00e4ndern, mir gab er die Kraft zu ertragen was nicht mehr zu \u00e4ndern ist.","url":"https:\/\/www.vitalibera.org\/community\/author\/andy77\/"}]}},"jetpack_featured_media_url":"https:\/\/www.vitalibera.org\/community\/wp-content\/uploads\/2025\/10\/csm_27133_thermometer_4a0da94f0c.jpg","jetpack_sharing_enabled":true,"jetpack-related-posts":[],"_links":{"self":[{"href":"https:\/\/www.vitalibera.org\/community\/wp-json\/wp\/v2\/posts\/3799","targetHints":{"allow":["GET"]}}],"collection":[{"href":"https:\/\/www.vitalibera.org\/community\/wp-json\/wp\/v2\/posts"}],"about":[{"href":"https:\/\/www.vitalibera.org\/community\/wp-json\/wp\/v2\/types\/post"}],"author":[{"embeddable":true,"href":"https:\/\/www.vitalibera.org\/community\/wp-json\/wp\/v2\/users\/2"}],"replies":[{"embeddable":true,"href":"https:\/\/www.vitalibera.org\/community\/wp-json\/wp\/v2\/comments?post=3799"}],"version-history":[{"count":0,"href":"https:\/\/www.vitalibera.org\/community\/wp-json\/wp\/v2\/posts\/3799\/revisions"}],"wp:featuredmedia":[{"embeddable":true,"href":"https:\/\/www.vitalibera.org\/community\/wp-json\/wp\/v2\/media\/3800"}],"wp:attachment":[{"href":"https:\/\/www.vitalibera.org\/community\/wp-json\/wp\/v2\/media?parent=3799"}],"wp:term":[{"taxonomy":"category","embeddable":true,"href":"https:\/\/www.vitalibera.org\/community\/wp-json\/wp\/v2\/categories?post=3799"},{"taxonomy":"post_tag","embeddable":true,"href":"https:\/\/www.vitalibera.org\/community\/wp-json\/wp\/v2\/tags?post=3799"}],"curies":[{"name":"wp","href":"https:\/\/api.w.org\/{rel}","templated":true}]}}