{"id":3868,"date":"2025-10-30T10:48:29","date_gmt":"2025-10-30T09:48:29","guid":{"rendered":"https:\/\/www.vitalibera.org\/community\/?p=3868"},"modified":"2025-10-30T10:52:43","modified_gmt":"2025-10-30T09:52:43","slug":"podcast","status":"publish","type":"post","link":"https:\/\/www.vitalibera.org\/community\/2025\/10\/30\/podcast\/","title":{"rendered":"Podcast: Betroffene k\u00e4mpft sich zur\u00fcck"},"content":{"rendered":"\n<p>Die <a href=\"https:\/\/www.vitalibera.org\/community\/enzyklopaedie\/schlaganfall\/\" target=\"_self\" title=\"Ein Schlaganfall, auch Hirnschlag oder Apoplex genannt, ist eine&nbsp;pl&ouml;tzlich auftretende Durchblutungsst&ouml;rung im Gehirn, die dazu f&uuml;hrt, dass Gehirnzellen nicht mehr ausreichend mit Sauerstoff und N&auml;hrstoffen versorgt werden.&nbsp;Dies kann zu bleibenden Sch&auml;den oder sogar zum Absterben von Hirnzellen f&uuml;hren, wenn die Durchblutung nicht schnell wiederhergestellt wird.&nbsp; Einfach erkl&auml;rt: Stellen Sie sich vor, ein Teil Ihres Gehirns&hellip;\" class=\"encyclopedia\">Schlaganfall<\/a>-Betroffene Dorothea Sielicki berichtet, wie sie sich mit einem besonderen Reha-Verfahren zur&uuml;ck ins Leben gek&auml;mpft hat. Experte im Podcast: Prof. Dr. G&ouml;tz Thomalla, Uniklinik Hamburg-Eppendorf<\/p>\n\n\n\n<div class=\"wp-block-media-text is-stacked-on-mobile is-vertically-aligned-top\"><figure class=\"wp-block-media-text__media\"><img fetchpriority=\"high\" decoding=\"async\" width=\"1024\" height=\"512\" src=\"http:\/\/www.vitalibera.org\/community\/wp-content\/uploads\/2025\/10\/what-is-a-podcast-1024x512.jpg\" alt=\"\" class=\"wp-image-3871 size-full\" srcset=\"https:\/\/www.vitalibera.org\/community\/wp-content\/uploads\/2025\/10\/what-is-a-podcast-1024x512.jpg 1024w, https:\/\/www.vitalibera.org\/community\/wp-content\/uploads\/2025\/10\/what-is-a-podcast-300x150.jpg 300w, https:\/\/www.vitalibera.org\/community\/wp-content\/uploads\/2025\/10\/what-is-a-podcast-768x384.jpg 768w, https:\/\/www.vitalibera.org\/community\/wp-content\/uploads\/2025\/10\/what-is-a-podcast.jpg 1460w\" sizes=\"(max-width: 1024px) 100vw, 1024px\" \/><\/figure><div class=\"wp-block-media-text__content\">\n<p><strong><a href=\"https:\/\/www.vitalibera.org\/community\/enzyklopaedie\/schlaganfall\/\" target=\"_self\" title=\"Ein Schlaganfall, auch Hirnschlag oder Apoplex genannt, ist eine&nbsp;pl&ouml;tzlich auftretende Durchblutungsst&ouml;rung im Gehirn, die dazu f&uuml;hrt, dass Gehirnzellen nicht mehr ausreichend mit Sauerstoff und N&auml;hrstoffen versorgt werden.&nbsp;Dies kann zu bleibenden Sch&auml;den oder sogar zum Absterben von Hirnzellen f&uuml;hren, wenn die Durchblutung nicht schnell wiederhergestellt wird.&nbsp; Einfach erkl&auml;rt: Stellen Sie sich vor, ein Teil Ihres Gehirns&hellip;\" class=\"encyclopedia\">Schlaganfall<\/a>-Betroffene k&auml;mpft sich zur&uuml;ck<\/strong><\/p>\n\n\n\n<p>Im Podcast schildert Dorothea Sielicki, wie ihr Mann die Symptome erkannte und rasch handelte. Nach der Erstversorgung erleidet sie jedoch einen zweiten <a href=\"https:\/\/www.vitalibera.org\/community\/enzyklopaedie\/schlaganfall\/\" target=\"_self\" title=\"Ein Schlaganfall, auch Hirnschlag oder Apoplex genannt, ist eine&nbsp;pl&ouml;tzlich auftretende Durchblutungsst&ouml;rung im Gehirn, die dazu f&uuml;hrt, dass Gehirnzellen nicht mehr ausreichend mit Sauerstoff und N&auml;hrstoffen versorgt werden.&nbsp;Dies kann zu bleibenden Sch&auml;den oder sogar zum Absterben von Hirnzellen f&uuml;hren, wenn die Durchblutung nicht schnell wiederhergestellt wird.&nbsp; Einfach erkl&auml;rt: Stellen Sie sich vor, ein Teil Ihres Gehirns&hellip;\" class=\"encyclopedia\">Schlaganfall<\/a> und ist fortan halbseitig gel&auml;hmt.<\/p>\n\n\n\n<p>Sielicki entscheidet sich f&uuml;r eine intensive Reha und beginnt mit einer sogenannten &bdquo;erzwungenen Nutzung&ldquo; (auf Englisch&nbsp;<em>forced use<\/em>). Hierbei stellt man die gesunde K&ouml;rperh&auml;lfte &uuml;ber Stunden hinweg ruhig, um die gel&auml;hmte Seite gezielt zu aktivieren. Ihr Durchhalteverm&ouml;gen zahlt sich aus: Heute kann sie wieder laufen und ihren Alltag weitgehend selbstst&auml;ndig bew&auml;ltigen.<\/p>\n\n\n\n<h2 class=\"wp-block-heading has-medium-font-size\" id=\"h-podcast-zeigt-was-moglich-ist\"><strong>Podcast zeigt, was m&ouml;glich ist<\/strong><\/h2>\n\n\n\n<p>&bdquo;Mit dieser Geschichte wollen wir Betroffenen Mut machen&ldquo;, sagt Podcast-Moderatorin Dr. Anne-Sophie Biesalski. Sie ist Neurologin, Notfallmedizinerin und Vorstandsmitglied der Hirnstiftung. &bdquo;Wir zeigen, was m&ouml;glich ist &ndash; medizinisch und menschlich.&ldquo;<\/p>\n\n\n\n<p>Den medizinischen Part bestreitet im Podcast Prof. Dr. G&ouml;tz Thomalla, <a href=\"https:\/\/www.vitalibera.org\/community\/enzyklopaedie\/schlaganfall\/\" target=\"_self\" title=\"Ein Schlaganfall, auch Hirnschlag oder Apoplex genannt, ist eine&nbsp;pl&ouml;tzlich auftretende Durchblutungsst&ouml;rung im Gehirn, die dazu f&uuml;hrt, dass Gehirnzellen nicht mehr ausreichend mit Sauerstoff und N&auml;hrstoffen versorgt werden.&nbsp;Dies kann zu bleibenden Sch&auml;den oder sogar zum Absterben von Hirnzellen f&uuml;hren, wenn die Durchblutung nicht schnell wiederhergestellt wird.&nbsp; Einfach erkl&auml;rt: Stellen Sie sich vor, ein Teil Ihres Gehirns&hellip;\" class=\"encyclopedia\">Schlaganfall<\/a>-Experte der Hirnstiftung vom Universit&auml;tsklinikum Hamburg-Eppendorf. Er erkl&auml;rt, wie man Schlaganf&auml;lle mit dem sogenannten&nbsp;<a href=\"https:\/\/www.vitalibera.org\/community\/2025\/10\/29\/symptom-check-der-fast-test\/\" target=\"_blank\" rel=\"noreferrer noopener\">FAST-Test<\/a> erkennt, wie wichtig eine schnellstm&ouml;gliche Behandlung ist und wie die &bdquo;erzwungene Nutzung&ldquo; genau funktioniert.<\/p>\n<\/div><\/div>\n\n\n\n<figure class=\"wp-block-audio\"><audio controls src=\"https:\/\/www.vitalibera.org\/community\/wp-content\/uploads\/2025\/10\/Nervensache-%E2%80%93-Podcast-der-Hirnstiftung_Nummer-1_Schlaganfall.mp3\"><\/audio><\/figure>\n","protected":false},"excerpt":{"rendered":"<p>Die Schlaganfall-Betroffene Dorothea Sielicki berichtet, wie sie sich mit einem besonderen Reha-Verfahren zur\u00fcck ins Leben gek\u00e4mpft hat. Experte im Podcast: Prof. Dr. G\u00f6tz Thomalla, Uniklinik Hamburg-Eppendorf Schlaganfall-Betroffene k\u00e4mpft sich zur\u00fcck Im Podcast schildert Dorothea Sielicki, wie ihr Mann die Symptome erkannte und rasch handelte. Nach der Erstversorgung erleidet sie jedoch einen zweiten Schlaganfall und ist &#8230; <a title=\"Podcast: Betroffene k\u00e4mpft sich zur\u00fcck\" class=\"read-more\" href=\"https:\/\/www.vitalibera.org\/community\/2025\/10\/30\/podcast\/\" aria-label=\"Mehr Informationen \u00fcber Podcast: Betroffene k\u00e4mpft sich zur\u00fcck\">Weiterlesen<\/a><\/p>\n","protected":false},"author":2,"featured_media":3871,"comment_status":"closed","ping_status":"open","sticky":false,"template":"","format":"standard","meta":{"cybocfi_hide_featured_image":"yes","_jetpack_memberships_contains_paid_content":false,"footnotes":""},"categories":[205],"tags":[],"class_list":["post-3868","post","type-post","status-publish","format-standard","has-post-thumbnail","hentry","category-publikationen"],"yoast_head":"<!-- This site is optimized with the Yoast SEO plugin v27.4 - https:\/\/yoast.com\/product\/yoast-seo-wordpress\/ -->\r\n<title>Podcast: Betroffene k\u00e4mpft sich zur\u00fcck - vitalibera.org<\/title>\r\n<meta name=\"robots\" content=\"index, follow, max-snippet:-1, max-image-preview:large, max-video-preview:-1\" \/>\r\n<link rel=\"canonical\" href=\"http:\/\/www.vitalibera.org\/community\/2025\/10\/30\/podcast\/\" \/>\r\n<meta property=\"og:locale\" content=\"de_DE\" \/>\r\n<meta property=\"og:type\" content=\"article\" \/>\r\n<meta property=\"og:title\" content=\"Podcast: Betroffene k\u00e4mpft sich zur\u00fcck - vitalibera.org\" \/>\r\n<meta property=\"og:description\" content=\"Die Schlaganfall-Betroffene Dorothea Sielicki berichtet, wie sie sich mit einem besonderen Reha-Verfahren zur\u00fcck ins Leben gek\u00e4mpft hat. Experte im Podcast: Prof. Dr. G\u00f6tz Thomalla, Uniklinik Hamburg-Eppendorf Schlaganfall-Betroffene k\u00e4mpft sich zur\u00fcck Im Podcast schildert Dorothea Sielicki, wie ihr Mann die Symptome erkannte und rasch handelte. Nach der Erstversorgung erleidet sie jedoch einen zweiten Schlaganfall und ist ... Weiterlesen\" \/>\r\n<meta property=\"og:url\" content=\"http:\/\/www.vitalibera.org\/community\/2025\/10\/30\/podcast\/\" \/>\r\n<meta property=\"og:site_name\" content=\"vitalibera.org\" \/>\r\n<meta property=\"article:publisher\" content=\"https:\/\/www.facebook.com\/groups\/2997085857140235\" \/>\r\n<meta property=\"article:published_time\" content=\"2025-10-30T09:48:29+00:00\" \/>\r\n<meta property=\"article:modified_time\" content=\"2025-10-30T09:52:43+00:00\" \/>\r\n<meta property=\"og:image\" content=\"http:\/\/www.vitalibera.org\/community\/wp-content\/uploads\/2025\/10\/what-is-a-podcast.jpg\" \/>\r\n\t<meta property=\"og:image:width\" content=\"1460\" \/>\r\n\t<meta property=\"og:image:height\" content=\"730\" \/>\r\n\t<meta property=\"og:image:type\" content=\"image\/jpeg\" \/>\r\n<meta name=\"author\" content=\"Andreas Jecklin\" \/>\r\n<meta name=\"twitter:card\" content=\"summary_large_image\" \/>\r\n<meta name=\"twitter:label1\" content=\"Verfasst von\" \/>\n\t<meta name=\"twitter:data1\" content=\"Andreas Jecklin\" \/>\n\t<meta name=\"twitter:label2\" content=\"Gesch\u00e4tzte Lesezeit\" \/>\n\t<meta name=\"twitter:data2\" content=\"2\u00a0Minuten\" \/>\r\n<script type=\"application\/ld+json\" class=\"yoast-schema-graph\">{\"@context\":\"https:\\\/\\\/schema.org\",\"@graph\":[{\"@type\":\"Article\",\"@id\":\"http:\\\/\\\/www.vitalibera.org\\\/community\\\/2025\\\/10\\\/30\\\/podcast\\\/#article\",\"isPartOf\":{\"@id\":\"http:\\\/\\\/www.vitalibera.org\\\/community\\\/2025\\\/10\\\/30\\\/podcast\\\/\"},\"author\":{\"name\":\"Andreas Jecklin\",\"@id\":\"https:\\\/\\\/www.vitalibera.org\\\/community\\\/#\\\/schema\\\/person\\\/6712387298421f222ff6d0a2e22c1534\"},\"headline\":\"Podcast: Betroffene k\u00e4mpft sich zur\u00fcck\",\"datePublished\":\"2025-10-30T09:48:29+00:00\",\"dateModified\":\"2025-10-30T09:52:43+00:00\",\"mainEntityOfPage\":{\"@id\":\"http:\\\/\\\/www.vitalibera.org\\\/community\\\/2025\\\/10\\\/30\\\/podcast\\\/\"},\"wordCount\":210,\"publisher\":{\"@id\":\"https:\\\/\\\/www.vitalibera.org\\\/community\\\/#organization\"},\"image\":{\"@id\":\"http:\\\/\\\/www.vitalibera.org\\\/community\\\/2025\\\/10\\\/30\\\/podcast\\\/#primaryimage\"},\"thumbnailUrl\":\"https:\\\/\\\/www.vitalibera.org\\\/community\\\/wp-content\\\/uploads\\\/2025\\\/10\\\/what-is-a-podcast.jpg\",\"articleSection\":[\"Publikationen\"],\"inLanguage\":\"de\"},{\"@type\":\"WebPage\",\"@id\":\"http:\\\/\\\/www.vitalibera.org\\\/community\\\/2025\\\/10\\\/30\\\/podcast\\\/\",\"url\":\"http:\\\/\\\/www.vitalibera.org\\\/community\\\/2025\\\/10\\\/30\\\/podcast\\\/\",\"name\":\"Podcast: Betroffene k\u00e4mpft sich zur\u00fcck - vitalibera.org\",\"isPartOf\":{\"@id\":\"https:\\\/\\\/www.vitalibera.org\\\/community\\\/#website\"},\"primaryImageOfPage\":{\"@id\":\"http:\\\/\\\/www.vitalibera.org\\\/community\\\/2025\\\/10\\\/30\\\/podcast\\\/#primaryimage\"},\"image\":{\"@id\":\"http:\\\/\\\/www.vitalibera.org\\\/community\\\/2025\\\/10\\\/30\\\/podcast\\\/#primaryimage\"},\"thumbnailUrl\":\"https:\\\/\\\/www.vitalibera.org\\\/community\\\/wp-content\\\/uploads\\\/2025\\\/10\\\/what-is-a-podcast.jpg\",\"datePublished\":\"2025-10-30T09:48:29+00:00\",\"dateModified\":\"2025-10-30T09:52:43+00:00\",\"breadcrumb\":{\"@id\":\"http:\\\/\\\/www.vitalibera.org\\\/community\\\/2025\\\/10\\\/30\\\/podcast\\\/#breadcrumb\"},\"inLanguage\":\"de\",\"potentialAction\":[{\"@type\":\"ReadAction\",\"target\":[\"http:\\\/\\\/www.vitalibera.org\\\/community\\\/2025\\\/10\\\/30\\\/podcast\\\/\"]}]},{\"@type\":\"BreadcrumbList\",\"@id\":\"http:\\\/\\\/www.vitalibera.org\\\/community\\\/2025\\\/10\\\/30\\\/podcast\\\/#breadcrumb\",\"itemListElement\":[{\"@type\":\"ListItem\",\"position\":1,\"name\":\"Startseite\",\"item\":\"https:\\\/\\\/www.vitalibera.org\\\/community\\\/\"},{\"@type\":\"ListItem\",\"position\":2,\"name\":\"Podcast: Betroffene k\u00e4mpft sich zur\u00fcck\"}]},{\"@type\":\"WebSite\",\"@id\":\"https:\\\/\\\/www.vitalibera.org\\\/community\\\/#website\",\"url\":\"https:\\\/\\\/www.vitalibera.org\\\/community\\\/\",\"name\":\"vitalibera.org\",\"description\":\"Mit einer Einschr&auml;nkung gestaltet sich das Leben im Alltag oft schwieriger - hier berichten wir &uuml;ber unsere Erfahrungen und Hilfsmittel um den Alltag so unbeschwert und unkompliziert wie nur m&ouml;glich geniessen zu k&ouml;nnen. Dabei richten wir unseren Fokus gezielt auf Selbst&auml;ndigkeit, Eigenst&auml;ndigkeit und Selbstbestimmung.\",\"publisher\":{\"@id\":\"https:\\\/\\\/www.vitalibera.org\\\/community\\\/#organization\"},\"potentialAction\":[{\"@type\":\"SearchAction\",\"target\":{\"@type\":\"EntryPoint\",\"urlTemplate\":\"https:\\\/\\\/www.vitalibera.org\\\/community\\\/?s={search_term_string}\"},\"query-input\":{\"@type\":\"PropertyValueSpecification\",\"valueRequired\":true,\"valueName\":\"search_term_string\"}}],\"inLanguage\":\"de\"},{\"@type\":\"Organization\",\"@id\":\"https:\\\/\\\/www.vitalibera.org\\\/community\\\/#organization\",\"name\":\"vitalibera.org\",\"url\":\"https:\\\/\\\/www.vitalibera.org\\\/community\\\/\",\"logo\":{\"@type\":\"ImageObject\",\"inLanguage\":\"de\",\"@id\":\"https:\\\/\\\/www.vitalibera.org\\\/community\\\/#\\\/schema\\\/logo\\\/image\\\/\",\"url\":\"https:\\\/\\\/www.vitalibera.org\\\/community\\\/wp-content\\\/uploads\\\/2025\\\/09\\\/cropped-banner.png\",\"contentUrl\":\"https:\\\/\\\/www.vitalibera.org\\\/community\\\/wp-content\\\/uploads\\\/2025\\\/09\\\/cropped-banner.png\",\"width\":991,\"height\":150,\"caption\":\"vitalibera.org\"},\"image\":{\"@id\":\"https:\\\/\\\/www.vitalibera.org\\\/community\\\/#\\\/schema\\\/logo\\\/image\\\/\"},\"sameAs\":[\"https:\\\/\\\/www.facebook.com\\\/groups\\\/2997085857140235\"]},{\"@type\":\"Person\",\"@id\":\"https:\\\/\\\/www.vitalibera.org\\\/community\\\/#\\\/schema\\\/person\\\/6712387298421f222ff6d0a2e22c1534\",\"name\":\"Andreas Jecklin\",\"image\":{\"@type\":\"ImageObject\",\"inLanguage\":\"de\",\"@id\":\"https:\\\/\\\/secure.gravatar.com\\\/avatar\\\/ad516503a11cd5ca435acc9bb6523536?s=96\",\"url\":\"https:\\\/\\\/secure.gravatar.com\\\/avatar\\\/ad516503a11cd5ca435acc9bb6523536?s=96\",\"contentUrl\":\"https:\\\/\\\/secure.gravatar.com\\\/avatar\\\/ad516503a11cd5ca435acc9bb6523536?s=96\",\"caption\":\"Andreas Jecklin\"},\"description\":\"Manchen gab Gott die Kraft Dinge zu ver\u00e4ndern, mir gab er die Kraft zu ertragen was nicht mehr zu \u00e4ndern ist.\",\"url\":\"https:\\\/\\\/www.vitalibera.org\\\/community\\\/author\\\/andy77\\\/\"}]}<\/script>\r\n<!-- \/ Yoast SEO plugin. -->","yoast_head_json":{"title":"Podcast: Betroffene k\u00e4mpft sich zur\u00fcck - vitalibera.org","robots":{"index":"index","follow":"follow","max-snippet":"max-snippet:-1","max-image-preview":"max-image-preview:large","max-video-preview":"max-video-preview:-1"},"canonical":"http:\/\/www.vitalibera.org\/community\/2025\/10\/30\/podcast\/","og_locale":"de_DE","og_type":"article","og_title":"Podcast: Betroffene k\u00e4mpft sich zur\u00fcck - vitalibera.org","og_description":"Die Schlaganfall-Betroffene Dorothea Sielicki berichtet, wie sie sich mit einem besonderen Reha-Verfahren zur\u00fcck ins Leben gek\u00e4mpft hat. Experte im Podcast: Prof. Dr. G\u00f6tz Thomalla, Uniklinik Hamburg-Eppendorf Schlaganfall-Betroffene k\u00e4mpft sich zur\u00fcck Im Podcast schildert Dorothea Sielicki, wie ihr Mann die Symptome erkannte und rasch handelte. Nach der Erstversorgung erleidet sie jedoch einen zweiten Schlaganfall und ist ... Weiterlesen","og_url":"http:\/\/www.vitalibera.org\/community\/2025\/10\/30\/podcast\/","og_site_name":"vitalibera.org","article_publisher":"https:\/\/www.facebook.com\/groups\/2997085857140235","article_published_time":"2025-10-30T09:48:29+00:00","article_modified_time":"2025-10-30T09:52:43+00:00","og_image":[{"width":1460,"height":730,"url":"http:\/\/www.vitalibera.org\/community\/wp-content\/uploads\/2025\/10\/what-is-a-podcast.jpg","type":"image\/jpeg"}],"author":"Andreas Jecklin","twitter_card":"summary_large_image","twitter_misc":{"Verfasst von":"Andreas Jecklin","Gesch\u00e4tzte Lesezeit":"2\u00a0Minuten"},"schema":{"@context":"https:\/\/schema.org","@graph":[{"@type":"Article","@id":"http:\/\/www.vitalibera.org\/community\/2025\/10\/30\/podcast\/#article","isPartOf":{"@id":"http:\/\/www.vitalibera.org\/community\/2025\/10\/30\/podcast\/"},"author":{"name":"Andreas Jecklin","@id":"https:\/\/www.vitalibera.org\/community\/#\/schema\/person\/6712387298421f222ff6d0a2e22c1534"},"headline":"Podcast: Betroffene k\u00e4mpft sich zur\u00fcck","datePublished":"2025-10-30T09:48:29+00:00","dateModified":"2025-10-30T09:52:43+00:00","mainEntityOfPage":{"@id":"http:\/\/www.vitalibera.org\/community\/2025\/10\/30\/podcast\/"},"wordCount":210,"publisher":{"@id":"https:\/\/www.vitalibera.org\/community\/#organization"},"image":{"@id":"http:\/\/www.vitalibera.org\/community\/2025\/10\/30\/podcast\/#primaryimage"},"thumbnailUrl":"https:\/\/www.vitalibera.org\/community\/wp-content\/uploads\/2025\/10\/what-is-a-podcast.jpg","articleSection":["Publikationen"],"inLanguage":"de"},{"@type":"WebPage","@id":"http:\/\/www.vitalibera.org\/community\/2025\/10\/30\/podcast\/","url":"http:\/\/www.vitalibera.org\/community\/2025\/10\/30\/podcast\/","name":"Podcast: Betroffene k\u00e4mpft sich zur\u00fcck - vitalibera.org","isPartOf":{"@id":"https:\/\/www.vitalibera.org\/community\/#website"},"primaryImageOfPage":{"@id":"http:\/\/www.vitalibera.org\/community\/2025\/10\/30\/podcast\/#primaryimage"},"image":{"@id":"http:\/\/www.vitalibera.org\/community\/2025\/10\/30\/podcast\/#primaryimage"},"thumbnailUrl":"https:\/\/www.vitalibera.org\/community\/wp-content\/uploads\/2025\/10\/what-is-a-podcast.jpg","datePublished":"2025-10-30T09:48:29+00:00","dateModified":"2025-10-30T09:52:43+00:00","breadcrumb":{"@id":"http:\/\/www.vitalibera.org\/community\/2025\/10\/30\/podcast\/#breadcrumb"},"inLanguage":"de","potentialAction":[{"@type":"ReadAction","target":["http:\/\/www.vitalibera.org\/community\/2025\/10\/30\/podcast\/"]}]},{"@type":"BreadcrumbList","@id":"http:\/\/www.vitalibera.org\/community\/2025\/10\/30\/podcast\/#breadcrumb","itemListElement":[{"@type":"ListItem","position":1,"name":"Startseite","item":"https:\/\/www.vitalibera.org\/community\/"},{"@type":"ListItem","position":2,"name":"Podcast: Betroffene k\u00e4mpft sich zur\u00fcck"}]},{"@type":"WebSite","@id":"https:\/\/www.vitalibera.org\/community\/#website","url":"https:\/\/www.vitalibera.org\/community\/","name":"vitalibera.org","description":"Mit einer Einschr&auml;nkung gestaltet sich das Leben im Alltag oft schwieriger - hier berichten wir &uuml;ber unsere Erfahrungen und Hilfsmittel um den Alltag so unbeschwert und unkompliziert wie nur m&ouml;glich geniessen zu k&ouml;nnen. Dabei richten wir unseren Fokus gezielt auf Selbst&auml;ndigkeit, Eigenst&auml;ndigkeit und Selbstbestimmung.","publisher":{"@id":"https:\/\/www.vitalibera.org\/community\/#organization"},"potentialAction":[{"@type":"SearchAction","target":{"@type":"EntryPoint","urlTemplate":"https:\/\/www.vitalibera.org\/community\/?s={search_term_string}"},"query-input":{"@type":"PropertyValueSpecification","valueRequired":true,"valueName":"search_term_string"}}],"inLanguage":"de"},{"@type":"Organization","@id":"https:\/\/www.vitalibera.org\/community\/#organization","name":"vitalibera.org","url":"https:\/\/www.vitalibera.org\/community\/","logo":{"@type":"ImageObject","inLanguage":"de","@id":"https:\/\/www.vitalibera.org\/community\/#\/schema\/logo\/image\/","url":"https:\/\/www.vitalibera.org\/community\/wp-content\/uploads\/2025\/09\/cropped-banner.png","contentUrl":"https:\/\/www.vitalibera.org\/community\/wp-content\/uploads\/2025\/09\/cropped-banner.png","width":991,"height":150,"caption":"vitalibera.org"},"image":{"@id":"https:\/\/www.vitalibera.org\/community\/#\/schema\/logo\/image\/"},"sameAs":["https:\/\/www.facebook.com\/groups\/2997085857140235"]},{"@type":"Person","@id":"https:\/\/www.vitalibera.org\/community\/#\/schema\/person\/6712387298421f222ff6d0a2e22c1534","name":"Andreas Jecklin","image":{"@type":"ImageObject","inLanguage":"de","@id":"https:\/\/secure.gravatar.com\/avatar\/ad516503a11cd5ca435acc9bb6523536?s=96","url":"https:\/\/secure.gravatar.com\/avatar\/ad516503a11cd5ca435acc9bb6523536?s=96","contentUrl":"https:\/\/secure.gravatar.com\/avatar\/ad516503a11cd5ca435acc9bb6523536?s=96","caption":"Andreas Jecklin"},"description":"Manchen gab Gott die Kraft Dinge zu ver\u00e4ndern, mir gab er die Kraft zu ertragen was nicht mehr zu \u00e4ndern ist.","url":"https:\/\/www.vitalibera.org\/community\/author\/andy77\/"}]}},"jetpack_featured_media_url":"https:\/\/www.vitalibera.org\/community\/wp-content\/uploads\/2025\/10\/what-is-a-podcast.jpg","jetpack_sharing_enabled":true,"jetpack-related-posts":[],"_links":{"self":[{"href":"https:\/\/www.vitalibera.org\/community\/wp-json\/wp\/v2\/posts\/3868","targetHints":{"allow":["GET"]}}],"collection":[{"href":"https:\/\/www.vitalibera.org\/community\/wp-json\/wp\/v2\/posts"}],"about":[{"href":"https:\/\/www.vitalibera.org\/community\/wp-json\/wp\/v2\/types\/post"}],"author":[{"embeddable":true,"href":"https:\/\/www.vitalibera.org\/community\/wp-json\/wp\/v2\/users\/2"}],"replies":[{"embeddable":true,"href":"https:\/\/www.vitalibera.org\/community\/wp-json\/wp\/v2\/comments?post=3868"}],"version-history":[{"count":0,"href":"https:\/\/www.vitalibera.org\/community\/wp-json\/wp\/v2\/posts\/3868\/revisions"}],"wp:featuredmedia":[{"embeddable":true,"href":"https:\/\/www.vitalibera.org\/community\/wp-json\/wp\/v2\/media\/3871"}],"wp:attachment":[{"href":"https:\/\/www.vitalibera.org\/community\/wp-json\/wp\/v2\/media?parent=3868"}],"wp:term":[{"taxonomy":"category","embeddable":true,"href":"https:\/\/www.vitalibera.org\/community\/wp-json\/wp\/v2\/categories?post=3868"},{"taxonomy":"post_tag","embeddable":true,"href":"https:\/\/www.vitalibera.org\/community\/wp-json\/wp\/v2\/tags?post=3868"}],"curies":[{"name":"wp","href":"https:\/\/api.w.org\/{rel}","templated":true}]}}