{"id":3875,"date":"2025-10-30T11:13:59","date_gmt":"2025-10-30T10:13:59","guid":{"rendered":"https:\/\/www.vitalibera.org\/community\/?p=3875"},"modified":"2025-10-30T11:16:15","modified_gmt":"2025-10-30T10:16:15","slug":"neglect","status":"publish","type":"post","link":"https:\/\/www.vitalibera.org\/community\/2025\/10\/30\/neglect\/","title":{"rendered":"Neglect"},"content":{"rendered":"\n<p><strong>Ein Neglect ist eine Aufmerksamkeitsst\u00f6rung. Der <a href=\"https:\/\/www.vitalibera.org\/community\/2026\/04\/19\/wenn-reize-laut-werden-und-menschen-leise\/\">Betroffene<\/a> vernachl\u00e4ssigt dabei eine K\u00f6rperh\u00e4lfte.<\/strong><\/p>\n\n\n\n<div class=\"wp-block-media-text is-stacked-on-mobile is-vertically-aligned-center\"><figure class=\"wp-block-media-text__media\"><img fetchpriority=\"high\" decoding=\"async\" width=\"760\" height=\"500\" src=\"https:\/\/www.vitalibera.org\/community\/wp-content\/uploads\/2025\/10\/wahrnehmungsstoerung-neglect-nach-schlaganfall.jpg\" alt=\"\" class=\"wp-image-3876 size-full\" srcset=\"https:\/\/www.vitalibera.org\/community\/wp-content\/uploads\/2025\/10\/wahrnehmungsstoerung-neglect-nach-schlaganfall.jpg 760w, https:\/\/www.vitalibera.org\/community\/wp-content\/uploads\/2025\/10\/wahrnehmungsstoerung-neglect-nach-schlaganfall-300x197.jpg 300w\" sizes=\"(max-width: 760px) 100vw, 760px\" \/><\/figure><div class=\"wp-block-media-text__content\">\n<p><br>Neglect ist wahrscheinlich die faszinierenste und am schwersten zu verstehende Folge eines Schlaganfalls. Ein Neglect ist eine Aufmerksamkeitsst\u00f6rung. Der Betroffene vernachl\u00e4ssigt dabei eine K\u00f6rperh\u00e4lfte. Er nimmt Sinnesinformationen auf dieser Seite nicht mehr wahr, obwohl die Augen oder anderen Sinne funktionieren.\u00a0 Das kann verschiedene Sinne betreffen. Au\u00dfenstehende bemerken dies meist schnell im Alltag, meist noch auf der Akutstation. Der Betroffene selbst hingegen bemerkt seine Einschr\u00e4nkungen h\u00e4ufig nicht.<\/p>\n<\/div><\/div>\n\n\n\n<p>Patientinnen und Patienten vernachl\u00e4ssigen oder \u00fcbersehen zum Beispiel Dinge \u2013 meist auf der linken Seite. Es ist kein Gesichtsfeldausfall, aber die Aufmerksamkeit und Wahrnehmung des Raumes und des eigenen K\u00f6rpers hat sich dahingehend ver\u00e4ndert, dass Informationen auf dieser Seite zwar aufgenommen, jedoch nicht verarbeitet werden. H\u00e4ufig sind mehrere Sinneswahrnehmungen gest\u00f6rt:<\/p>\n\n\n\n<p><strong>Der visuelle Neglect<\/strong><\/p>\n\n\n\n<p>Der visuelle Neglect ist die h\u00e4ufigste Form. Die Betroffenen vernachl\u00e4ssigen eine H\u00e4lfte der r\u00e4umlichen Umgebung \u2013 meistens die linke. Sie essen nur eine H\u00e4lfte des Tellers leer, sto\u00dfen sich h\u00e4ufig an T\u00fcrrahmen oder haben Probleme beim Lesen oder dem Ablesen der Uhrzeit. Die Orientierung kann schwerfallen, weil der Hinweg f\u00fcr die Betroffenen anders aussieht als der R\u00fcckweg.<\/p>\n\n\n\n<p><strong>Der personale Neglect<\/strong><\/p>\n\n\n\n<p>Bei dieser Form nehmen die Betroffenen eine K\u00f6rperh\u00e4lfte nicht mehr wahr.&nbsp; Es kommt vor, dass sie diese K\u00f6perh\u00e4lfte zum Beispiel nicht mehr waschen, rasieren oder schminken.<\/p>\n\n\n\n<p><strong>Der akustische Neglect<\/strong><\/p>\n\n\n\n<p>Die Betroffenen haben unter anderem Probleme, Ger\u00e4usche zu lokalisieren, da sie Ger\u00e4usche, T\u00f6ne oder Stimmen auf einer Seite nicht bemerken. Sie reagieren nicht, wenn Ger\u00e4usche von dieser Seite kommen.<\/p>\n\n\n\n<p><strong>Der somatosensible Neglect<\/strong><\/p>\n\n\n\n<p>Die sensorischen Reize (zum Beispiel Ber\u00fchrung) werden auf der betroffenen K\u00f6rperh\u00e4lfte nicht wahrgenommen. Dies wird vor allem problematisch, wenn auch Schmerzen ausgeblendet und Verletzungen dadurch nicht wahrgenommen werden.<\/p>\n\n\n\n<p><strong>Der motorische Neglect<\/strong><\/p>\n\n\n\n<p>Beim motorischen Neglect werden der Arm und\/oder das Bein der betroffenen Seite nicht vollst\u00e4ndig eingesetzt. Die Patienten greifen zum Beispiel nur mit einer Hand zu einem Objekt, obwohl die andere theoretisch einsetzbar w\u00e4re und nicht gel\u00e4hmt ist. Beim Laufen oder Treppensteigen wird h\u00e4ufig ein Bein hinterher gezogen.<\/p>\n\n\n\n<p><strong>Wodurch entsteht ein Neglect?<\/strong><\/p>\n\n\n\n<p>Ein Neglect entsteht vor allem, wenn es durch eine Hirnverletzung zu Sch\u00e4digungen meist auf der rechten Seite im hinteren, oberen Bereich des Gehirns kommt (Parietallappen) bzw. im \u00dcbergang zum vorderen, unteren Bereich (Temporallapen). Dieser Bereich im Gehirn ist wichtig f\u00fcr die Steuerung der Aufmerksamkeit. In 85 Prozent der F\u00e4lle liegt eine Sch\u00e4digung auf der rechten Hirnh\u00e4lfte vor, so dass die linke Seite vernachl\u00e4ssigt wird.<\/p>\n\n\n\n<p><strong>Kann ein Neglect unterschiedlich stark ausfallen?<\/strong><\/p>\n\n\n\n<p>Ein Neglect kann unterschiedlich stark ausgepr\u00e4gt sein sowie einen oder mehrere Sinne gleichzeitig betreffen. Je mehr Sinne betroffen sind, desto schwieriger wird es, die Aufmerksamkeit auf die Betroffene Seite zu lenken.<\/p>\n\n\n\n<p><strong>Kann sich ein Neglect zur\u00fcckbilden?<\/strong><\/p>\n\n\n\n<p>Ja, tats\u00e4chlich bildet er sich in vielen F\u00e4llen teilweise oder vollst\u00e4ndig noch w\u00e4hrend der Akutphase zur\u00fcck. Bei etwa einem Drittel der Betroffenen bleibt der Neglect auch sp\u00e4ter beziehungsweise dauerhaft bestehen. Wichtig ist, dass der Betroffene einsichtig ist, Einschr\u00e4nkungen zu haben. So k\u00f6nnen die Betroffenen mithilfe von\u00a0Neuropsychologen,\u00a0Ergotherapeuten\u00a0und Angeh\u00f6rigen Strategien erlernen, die Wahrnehmung f\u00fcr die betroffene Seite gezielt zu schulen.<\/p>\n\n\n\n<p><strong>Kann ein Neglect weitere Folgen haben?<\/strong><\/p>\n\n\n\n<p>Je nach betroffener Sinneswahrnehmung und Schwere des Neglects kann sich dieser auf den Alltag der Betroffenen auswirken. Es besteht Verletzungsgefahr, wenn Gegenst\u00e4nde auf einer Seite nicht wahrgenommen werden \u2013 und die Gefahr steigt, wenn Verletzungen nicht gesp\u00fcrt werden. Die Teilnahme am Stra\u00dfenverkehr \u2013 egal, ob als Fu\u00dfg\u00e4nger, Radfahrer oder Autofahrer \u2013 ist erschwert oder sogar unm\u00f6glich, wenn andere Verkehrsteilnehmer \u00fcbersehen oder \u00fcberh\u00f6rt werden. Die Selbstst\u00e4ndigkeit im Alltag ist eingeschr\u00e4nkt, wenn die Betroffenen zum Beispiel nur noch eine K\u00f6rperseite w\u00e4scht, k\u00e4mmt oder rasiert.<\/p>\n","protected":false},"excerpt":{"rendered":"<p>Ein Neglect ist eine Aufmerksamkeitsst\u00f6rung. Der Betroffene vernachl\u00e4ssigt dabei eine K\u00f6rperh\u00e4lfte. Neglect ist wahrscheinlich die faszinierenste und am schwersten zu verstehende Folge eines Schlaganfalls. Ein Neglect ist eine Aufmerksamkeitsst\u00f6rung. Der Betroffene vernachl\u00e4ssigt dabei eine K\u00f6rperh\u00e4lfte. Er nimmt Sinnesinformationen auf dieser Seite nicht mehr wahr, obwohl die Augen oder anderen Sinne funktionieren.\u00a0 Das kann verschiedene Sinne &#8230; <a title=\"Neglect\" class=\"read-more\" href=\"https:\/\/www.vitalibera.org\/community\/2025\/10\/30\/neglect\/\" aria-label=\"Mehr Informationen \u00fcber Neglect\">Weiterlesen<\/a><\/p>\n","protected":false},"author":2,"featured_media":3876,"comment_status":"open","ping_status":"open","sticky":false,"template":"","format":"standard","meta":{"cybocfi_hide_featured_image":"yes","_jetpack_memberships_contains_paid_content":false,"footnotes":""},"categories":[159],"tags":[],"class_list":["post-3875","post","type-post","status-publish","format-standard","has-post-thumbnail","hentry","category-fachwissen"],"yoast_head":"<!-- This site is optimized with the Yoast SEO plugin v27.4 - https:\/\/yoast.com\/product\/yoast-seo-wordpress\/ -->\r\n<title>Neglect - vitalibera.org<\/title>\r\n<meta name=\"robots\" content=\"index, follow, max-snippet:-1, max-image-preview:large, max-video-preview:-1\" \/>\r\n<link rel=\"canonical\" href=\"http:\/\/www.vitalibera.org\/community\/2025\/10\/30\/neglect\/\" \/>\r\n<meta property=\"og:locale\" content=\"de_DE\" \/>\r\n<meta property=\"og:type\" content=\"article\" \/>\r\n<meta property=\"og:title\" content=\"Neglect - vitalibera.org\" \/>\r\n<meta property=\"og:description\" content=\"Ein Neglect ist eine Aufmerksamkeitsst\u00f6rung. Der Betroffene vernachl\u00e4ssigt dabei eine K\u00f6rperh\u00e4lfte. Neglect ist wahrscheinlich die faszinierenste und am schwersten zu verstehende Folge eines Schlaganfalls. Ein Neglect ist eine Aufmerksamkeitsst\u00f6rung. Der Betroffene vernachl\u00e4ssigt dabei eine K\u00f6rperh\u00e4lfte. Er nimmt Sinnesinformationen auf dieser Seite nicht mehr wahr, obwohl die Augen oder anderen Sinne funktionieren.\u00a0 Das kann verschiedene Sinne ... Weiterlesen\" \/>\r\n<meta property=\"og:url\" content=\"http:\/\/www.vitalibera.org\/community\/2025\/10\/30\/neglect\/\" \/>\r\n<meta property=\"og:site_name\" content=\"vitalibera.org\" \/>\r\n<meta property=\"article:publisher\" content=\"https:\/\/www.facebook.com\/groups\/2997085857140235\" \/>\r\n<meta property=\"article:published_time\" content=\"2025-10-30T10:13:59+00:00\" \/>\r\n<meta property=\"article:modified_time\" content=\"2025-10-30T10:16:15+00:00\" \/>\r\n<meta property=\"og:image\" content=\"http:\/\/www.vitalibera.org\/community\/wp-content\/uploads\/2025\/10\/wahrnehmungsstoerung-neglect-nach-schlaganfall.jpg\" \/>\r\n\t<meta property=\"og:image:width\" content=\"760\" \/>\r\n\t<meta property=\"og:image:height\" content=\"500\" \/>\r\n\t<meta property=\"og:image:type\" content=\"image\/jpeg\" \/>\r\n<meta name=\"author\" content=\"Andreas Jecklin\" \/>\r\n<meta name=\"twitter:card\" content=\"summary_large_image\" \/>\r\n<meta name=\"twitter:label1\" content=\"Verfasst von\" \/>\n\t<meta name=\"twitter:data1\" content=\"Andreas Jecklin\" \/>\n\t<meta name=\"twitter:label2\" content=\"Gesch\u00e4tzte Lesezeit\" \/>\n\t<meta name=\"twitter:data2\" content=\"4\u00a0Minuten\" \/>\r\n<script type=\"application\/ld+json\" class=\"yoast-schema-graph\">{\"@context\":\"https:\\\/\\\/schema.org\",\"@graph\":[{\"@type\":\"Article\",\"@id\":\"http:\\\/\\\/www.vitalibera.org\\\/community\\\/2025\\\/10\\\/30\\\/neglect\\\/#article\",\"isPartOf\":{\"@id\":\"http:\\\/\\\/www.vitalibera.org\\\/community\\\/2025\\\/10\\\/30\\\/neglect\\\/\"},\"author\":{\"name\":\"Andreas Jecklin\",\"@id\":\"https:\\\/\\\/www.vitalibera.org\\\/community\\\/#\\\/schema\\\/person\\\/6712387298421f222ff6d0a2e22c1534\"},\"headline\":\"Neglect\",\"datePublished\":\"2025-10-30T10:13:59+00:00\",\"dateModified\":\"2025-10-30T10:16:15+00:00\",\"mainEntityOfPage\":{\"@id\":\"http:\\\/\\\/www.vitalibera.org\\\/community\\\/2025\\\/10\\\/30\\\/neglect\\\/\"},\"wordCount\":656,\"commentCount\":1,\"publisher\":{\"@id\":\"https:\\\/\\\/www.vitalibera.org\\\/community\\\/#organization\"},\"image\":{\"@id\":\"http:\\\/\\\/www.vitalibera.org\\\/community\\\/2025\\\/10\\\/30\\\/neglect\\\/#primaryimage\"},\"thumbnailUrl\":\"https:\\\/\\\/www.vitalibera.org\\\/community\\\/wp-content\\\/uploads\\\/2025\\\/10\\\/wahrnehmungsstoerung-neglect-nach-schlaganfall.jpg\",\"articleSection\":[\"Fachwissen\"],\"inLanguage\":\"de\",\"potentialAction\":[{\"@type\":\"CommentAction\",\"name\":\"Comment\",\"target\":[\"http:\\\/\\\/www.vitalibera.org\\\/community\\\/2025\\\/10\\\/30\\\/neglect\\\/#respond\"]}]},{\"@type\":\"WebPage\",\"@id\":\"http:\\\/\\\/www.vitalibera.org\\\/community\\\/2025\\\/10\\\/30\\\/neglect\\\/\",\"url\":\"http:\\\/\\\/www.vitalibera.org\\\/community\\\/2025\\\/10\\\/30\\\/neglect\\\/\",\"name\":\"Neglect - vitalibera.org\",\"isPartOf\":{\"@id\":\"https:\\\/\\\/www.vitalibera.org\\\/community\\\/#website\"},\"primaryImageOfPage\":{\"@id\":\"http:\\\/\\\/www.vitalibera.org\\\/community\\\/2025\\\/10\\\/30\\\/neglect\\\/#primaryimage\"},\"image\":{\"@id\":\"http:\\\/\\\/www.vitalibera.org\\\/community\\\/2025\\\/10\\\/30\\\/neglect\\\/#primaryimage\"},\"thumbnailUrl\":\"https:\\\/\\\/www.vitalibera.org\\\/community\\\/wp-content\\\/uploads\\\/2025\\\/10\\\/wahrnehmungsstoerung-neglect-nach-schlaganfall.jpg\",\"datePublished\":\"2025-10-30T10:13:59+00:00\",\"dateModified\":\"2025-10-30T10:16:15+00:00\",\"breadcrumb\":{\"@id\":\"http:\\\/\\\/www.vitalibera.org\\\/community\\\/2025\\\/10\\\/30\\\/neglect\\\/#breadcrumb\"},\"inLanguage\":\"de\",\"potentialAction\":[{\"@type\":\"ReadAction\",\"target\":[\"http:\\\/\\\/www.vitalibera.org\\\/community\\\/2025\\\/10\\\/30\\\/neglect\\\/\"]}]},{\"@type\":\"BreadcrumbList\",\"@id\":\"http:\\\/\\\/www.vitalibera.org\\\/community\\\/2025\\\/10\\\/30\\\/neglect\\\/#breadcrumb\",\"itemListElement\":[{\"@type\":\"ListItem\",\"position\":1,\"name\":\"Startseite\",\"item\":\"https:\\\/\\\/www.vitalibera.org\\\/community\\\/\"},{\"@type\":\"ListItem\",\"position\":2,\"name\":\"Neglect\"}]},{\"@type\":\"WebSite\",\"@id\":\"https:\\\/\\\/www.vitalibera.org\\\/community\\\/#website\",\"url\":\"https:\\\/\\\/www.vitalibera.org\\\/community\\\/\",\"name\":\"vitalibera.org\",\"description\":\"Mit einer Einschr&auml;nkung gestaltet sich das Leben im Alltag oft schwieriger - hier berichten wir &uuml;ber unsere Erfahrungen und Hilfsmittel um den Alltag so unbeschwert und unkompliziert wie nur m&ouml;glich geniessen zu k&ouml;nnen. Dabei richten wir unseren Fokus gezielt auf Selbst&auml;ndigkeit, Eigenst&auml;ndigkeit und Selbstbestimmung.\",\"publisher\":{\"@id\":\"https:\\\/\\\/www.vitalibera.org\\\/community\\\/#organization\"},\"potentialAction\":[{\"@type\":\"SearchAction\",\"target\":{\"@type\":\"EntryPoint\",\"urlTemplate\":\"https:\\\/\\\/www.vitalibera.org\\\/community\\\/?s={search_term_string}\"},\"query-input\":{\"@type\":\"PropertyValueSpecification\",\"valueRequired\":true,\"valueName\":\"search_term_string\"}}],\"inLanguage\":\"de\"},{\"@type\":\"Organization\",\"@id\":\"https:\\\/\\\/www.vitalibera.org\\\/community\\\/#organization\",\"name\":\"vitalibera.org\",\"url\":\"https:\\\/\\\/www.vitalibera.org\\\/community\\\/\",\"logo\":{\"@type\":\"ImageObject\",\"inLanguage\":\"de\",\"@id\":\"https:\\\/\\\/www.vitalibera.org\\\/community\\\/#\\\/schema\\\/logo\\\/image\\\/\",\"url\":\"https:\\\/\\\/www.vitalibera.org\\\/community\\\/wp-content\\\/uploads\\\/2025\\\/09\\\/cropped-banner.png\",\"contentUrl\":\"https:\\\/\\\/www.vitalibera.org\\\/community\\\/wp-content\\\/uploads\\\/2025\\\/09\\\/cropped-banner.png\",\"width\":991,\"height\":150,\"caption\":\"vitalibera.org\"},\"image\":{\"@id\":\"https:\\\/\\\/www.vitalibera.org\\\/community\\\/#\\\/schema\\\/logo\\\/image\\\/\"},\"sameAs\":[\"https:\\\/\\\/www.facebook.com\\\/groups\\\/2997085857140235\"]},{\"@type\":\"Person\",\"@id\":\"https:\\\/\\\/www.vitalibera.org\\\/community\\\/#\\\/schema\\\/person\\\/6712387298421f222ff6d0a2e22c1534\",\"name\":\"Andreas Jecklin\",\"image\":{\"@type\":\"ImageObject\",\"inLanguage\":\"de\",\"@id\":\"https:\\\/\\\/secure.gravatar.com\\\/avatar\\\/ad516503a11cd5ca435acc9bb6523536?s=96\",\"url\":\"https:\\\/\\\/secure.gravatar.com\\\/avatar\\\/ad516503a11cd5ca435acc9bb6523536?s=96\",\"contentUrl\":\"https:\\\/\\\/secure.gravatar.com\\\/avatar\\\/ad516503a11cd5ca435acc9bb6523536?s=96\",\"caption\":\"Andreas Jecklin\"},\"description\":\"Manchen gab Gott die Kraft Dinge zu ver\u00e4ndern, mir gab er die Kraft zu ertragen was nicht mehr zu \u00e4ndern ist.\",\"url\":\"https:\\\/\\\/www.vitalibera.org\\\/community\\\/author\\\/andy77\\\/\"}]}<\/script>\r\n<!-- \/ Yoast SEO plugin. -->","yoast_head_json":{"title":"Neglect - vitalibera.org","robots":{"index":"index","follow":"follow","max-snippet":"max-snippet:-1","max-image-preview":"max-image-preview:large","max-video-preview":"max-video-preview:-1"},"canonical":"http:\/\/www.vitalibera.org\/community\/2025\/10\/30\/neglect\/","og_locale":"de_DE","og_type":"article","og_title":"Neglect - vitalibera.org","og_description":"Ein Neglect ist eine Aufmerksamkeitsst\u00f6rung. Der Betroffene vernachl\u00e4ssigt dabei eine K\u00f6rperh\u00e4lfte. Neglect ist wahrscheinlich die faszinierenste und am schwersten zu verstehende Folge eines Schlaganfalls. Ein Neglect ist eine Aufmerksamkeitsst\u00f6rung. Der Betroffene vernachl\u00e4ssigt dabei eine K\u00f6rperh\u00e4lfte. Er nimmt Sinnesinformationen auf dieser Seite nicht mehr wahr, obwohl die Augen oder anderen Sinne funktionieren.\u00a0 Das kann verschiedene Sinne ... Weiterlesen","og_url":"http:\/\/www.vitalibera.org\/community\/2025\/10\/30\/neglect\/","og_site_name":"vitalibera.org","article_publisher":"https:\/\/www.facebook.com\/groups\/2997085857140235","article_published_time":"2025-10-30T10:13:59+00:00","article_modified_time":"2025-10-30T10:16:15+00:00","og_image":[{"width":760,"height":500,"url":"http:\/\/www.vitalibera.org\/community\/wp-content\/uploads\/2025\/10\/wahrnehmungsstoerung-neglect-nach-schlaganfall.jpg","type":"image\/jpeg"}],"author":"Andreas Jecklin","twitter_card":"summary_large_image","twitter_misc":{"Verfasst von":"Andreas Jecklin","Gesch\u00e4tzte Lesezeit":"4\u00a0Minuten"},"schema":{"@context":"https:\/\/schema.org","@graph":[{"@type":"Article","@id":"http:\/\/www.vitalibera.org\/community\/2025\/10\/30\/neglect\/#article","isPartOf":{"@id":"http:\/\/www.vitalibera.org\/community\/2025\/10\/30\/neglect\/"},"author":{"name":"Andreas Jecklin","@id":"https:\/\/www.vitalibera.org\/community\/#\/schema\/person\/6712387298421f222ff6d0a2e22c1534"},"headline":"Neglect","datePublished":"2025-10-30T10:13:59+00:00","dateModified":"2025-10-30T10:16:15+00:00","mainEntityOfPage":{"@id":"http:\/\/www.vitalibera.org\/community\/2025\/10\/30\/neglect\/"},"wordCount":656,"commentCount":1,"publisher":{"@id":"https:\/\/www.vitalibera.org\/community\/#organization"},"image":{"@id":"http:\/\/www.vitalibera.org\/community\/2025\/10\/30\/neglect\/#primaryimage"},"thumbnailUrl":"https:\/\/www.vitalibera.org\/community\/wp-content\/uploads\/2025\/10\/wahrnehmungsstoerung-neglect-nach-schlaganfall.jpg","articleSection":["Fachwissen"],"inLanguage":"de","potentialAction":[{"@type":"CommentAction","name":"Comment","target":["http:\/\/www.vitalibera.org\/community\/2025\/10\/30\/neglect\/#respond"]}]},{"@type":"WebPage","@id":"http:\/\/www.vitalibera.org\/community\/2025\/10\/30\/neglect\/","url":"http:\/\/www.vitalibera.org\/community\/2025\/10\/30\/neglect\/","name":"Neglect - vitalibera.org","isPartOf":{"@id":"https:\/\/www.vitalibera.org\/community\/#website"},"primaryImageOfPage":{"@id":"http:\/\/www.vitalibera.org\/community\/2025\/10\/30\/neglect\/#primaryimage"},"image":{"@id":"http:\/\/www.vitalibera.org\/community\/2025\/10\/30\/neglect\/#primaryimage"},"thumbnailUrl":"https:\/\/www.vitalibera.org\/community\/wp-content\/uploads\/2025\/10\/wahrnehmungsstoerung-neglect-nach-schlaganfall.jpg","datePublished":"2025-10-30T10:13:59+00:00","dateModified":"2025-10-30T10:16:15+00:00","breadcrumb":{"@id":"http:\/\/www.vitalibera.org\/community\/2025\/10\/30\/neglect\/#breadcrumb"},"inLanguage":"de","potentialAction":[{"@type":"ReadAction","target":["http:\/\/www.vitalibera.org\/community\/2025\/10\/30\/neglect\/"]}]},{"@type":"BreadcrumbList","@id":"http:\/\/www.vitalibera.org\/community\/2025\/10\/30\/neglect\/#breadcrumb","itemListElement":[{"@type":"ListItem","position":1,"name":"Startseite","item":"https:\/\/www.vitalibera.org\/community\/"},{"@type":"ListItem","position":2,"name":"Neglect"}]},{"@type":"WebSite","@id":"https:\/\/www.vitalibera.org\/community\/#website","url":"https:\/\/www.vitalibera.org\/community\/","name":"vitalibera.org","description":"Mit einer Einschr&auml;nkung gestaltet sich das Leben im Alltag oft schwieriger - hier berichten wir &uuml;ber unsere Erfahrungen und Hilfsmittel um den Alltag so unbeschwert und unkompliziert wie nur m&ouml;glich geniessen zu k&ouml;nnen. Dabei richten wir unseren Fokus gezielt auf Selbst&auml;ndigkeit, Eigenst&auml;ndigkeit und Selbstbestimmung.","publisher":{"@id":"https:\/\/www.vitalibera.org\/community\/#organization"},"potentialAction":[{"@type":"SearchAction","target":{"@type":"EntryPoint","urlTemplate":"https:\/\/www.vitalibera.org\/community\/?s={search_term_string}"},"query-input":{"@type":"PropertyValueSpecification","valueRequired":true,"valueName":"search_term_string"}}],"inLanguage":"de"},{"@type":"Organization","@id":"https:\/\/www.vitalibera.org\/community\/#organization","name":"vitalibera.org","url":"https:\/\/www.vitalibera.org\/community\/","logo":{"@type":"ImageObject","inLanguage":"de","@id":"https:\/\/www.vitalibera.org\/community\/#\/schema\/logo\/image\/","url":"https:\/\/www.vitalibera.org\/community\/wp-content\/uploads\/2025\/09\/cropped-banner.png","contentUrl":"https:\/\/www.vitalibera.org\/community\/wp-content\/uploads\/2025\/09\/cropped-banner.png","width":991,"height":150,"caption":"vitalibera.org"},"image":{"@id":"https:\/\/www.vitalibera.org\/community\/#\/schema\/logo\/image\/"},"sameAs":["https:\/\/www.facebook.com\/groups\/2997085857140235"]},{"@type":"Person","@id":"https:\/\/www.vitalibera.org\/community\/#\/schema\/person\/6712387298421f222ff6d0a2e22c1534","name":"Andreas Jecklin","image":{"@type":"ImageObject","inLanguage":"de","@id":"https:\/\/secure.gravatar.com\/avatar\/ad516503a11cd5ca435acc9bb6523536?s=96","url":"https:\/\/secure.gravatar.com\/avatar\/ad516503a11cd5ca435acc9bb6523536?s=96","contentUrl":"https:\/\/secure.gravatar.com\/avatar\/ad516503a11cd5ca435acc9bb6523536?s=96","caption":"Andreas Jecklin"},"description":"Manchen gab Gott die Kraft Dinge zu ver\u00e4ndern, mir gab er die Kraft zu ertragen was nicht mehr zu \u00e4ndern ist.","url":"https:\/\/www.vitalibera.org\/community\/author\/andy77\/"}]}},"jetpack_featured_media_url":"https:\/\/www.vitalibera.org\/community\/wp-content\/uploads\/2025\/10\/wahrnehmungsstoerung-neglect-nach-schlaganfall.jpg","jetpack_sharing_enabled":true,"jetpack-related-posts":[],"_links":{"self":[{"href":"https:\/\/www.vitalibera.org\/community\/wp-json\/wp\/v2\/posts\/3875","targetHints":{"allow":["GET"]}}],"collection":[{"href":"https:\/\/www.vitalibera.org\/community\/wp-json\/wp\/v2\/posts"}],"about":[{"href":"https:\/\/www.vitalibera.org\/community\/wp-json\/wp\/v2\/types\/post"}],"author":[{"embeddable":true,"href":"https:\/\/www.vitalibera.org\/community\/wp-json\/wp\/v2\/users\/2"}],"replies":[{"embeddable":true,"href":"https:\/\/www.vitalibera.org\/community\/wp-json\/wp\/v2\/comments?post=3875"}],"version-history":[{"count":0,"href":"https:\/\/www.vitalibera.org\/community\/wp-json\/wp\/v2\/posts\/3875\/revisions"}],"wp:featuredmedia":[{"embeddable":true,"href":"https:\/\/www.vitalibera.org\/community\/wp-json\/wp\/v2\/media\/3876"}],"wp:attachment":[{"href":"https:\/\/www.vitalibera.org\/community\/wp-json\/wp\/v2\/media?parent=3875"}],"wp:term":[{"taxonomy":"category","embeddable":true,"href":"https:\/\/www.vitalibera.org\/community\/wp-json\/wp\/v2\/categories?post=3875"},{"taxonomy":"post_tag","embeddable":true,"href":"https:\/\/www.vitalibera.org\/community\/wp-json\/wp\/v2\/tags?post=3875"}],"curies":[{"name":"wp","href":"https:\/\/api.w.org\/{rel}","templated":true}]}}