{"id":3969,"date":"2025-11-01T10:34:28","date_gmt":"2025-11-01T09:34:28","guid":{"rendered":"https:\/\/www.vitalibera.org\/community\/?p=3969"},"modified":"2025-11-01T10:36:26","modified_gmt":"2025-11-01T09:36:26","slug":"gedaechtnistraining","status":"publish","type":"post","link":"https:\/\/www.vitalibera.org\/community\/2025\/11\/01\/gedaechtnistraining\/","title":{"rendered":"Ged\u00e4chtnistraining"},"content":{"rendered":"\n<div class=\"wp-block-media-text is-stacked-on-mobile is-vertically-aligned-top\"><figure class=\"wp-block-media-text__media\"><img fetchpriority=\"high\" decoding=\"async\" width=\"1000\" height=\"667\" src=\"https:\/\/www.vitalibera.org\/community\/wp-content\/uploads\/2025\/11\/Gedaechtnistraining-Senioren-Spiele-zum-Ausdrucken-Online-Rentner.jpg\" alt=\"\" class=\"wp-image-3973 size-full\" srcset=\"https:\/\/www.vitalibera.org\/community\/wp-content\/uploads\/2025\/11\/Gedaechtnistraining-Senioren-Spiele-zum-Ausdrucken-Online-Rentner.jpg 1000w, https:\/\/www.vitalibera.org\/community\/wp-content\/uploads\/2025\/11\/Gedaechtnistraining-Senioren-Spiele-zum-Ausdrucken-Online-Rentner-300x200.jpg 300w, https:\/\/www.vitalibera.org\/community\/wp-content\/uploads\/2025\/11\/Gedaechtnistraining-Senioren-Spiele-zum-Ausdrucken-Online-Rentner-768x512.jpg 768w\" sizes=\"(max-width: 1000px) 100vw, 1000px\" \/><\/figure><div class=\"wp-block-media-text__content\">\n<p>Ged&auml;chtnistraining bezeichnet&nbsp;Strategien, &Uuml;bungen und Methoden, die darauf abzielen, das Ged&auml;chtnis zu st&auml;rken und die kognitive Leistungsf&auml;higkeit zu verbessern. Dies kann durch Gehirnjogging wie R&auml;tsel, kreative &Uuml;bungen wie das Erfinden von Geschichten, das Erlernen neuer F&auml;higkeiten wie einer Fremdsprache, oder durch gezielte sportliche und bewegte &Uuml;bungen geschehen, die die Gehirndurchblutung f&ouml;rdern. Regelm&auml;ssiges <a href=\"https:\/\/www.vitalibera.org\/community\/2026\/08\/26\/kognitives-selbsttraining-im-alltag-nach-einer-hirnverletzung-spielerisch-zurueck-zur-denkfaehigkeit\/\"><font color=\"blue\"><img src=\"https:\/\/www.vitalibera.org\/community\/wp-content\/images\/link.png\" width=\"20\" height=\"20\"><u>Training<\/u><\/font><\/a> kann Ged&auml;chtnis, Konzentration und Probleml&ouml;sungsf&auml;higkeiten verbessern und die Lebensqualit&auml;t steigern.&nbsp;<\/p>\n\n\n\n<p><strong>Beispiele f&uuml;r &Uuml;bungen<\/strong><\/p>\n\n\n\n<ul class=\"wp-block-list\">\n<li><strong>Kognitive &Uuml;bungen:<\/strong>\n<ul class=\"wp-block-list\">\n<li>L&ouml;sen von Kreuzwortr&auml;tseln und Sudokus<\/li>\n\n\n\n<li>Bilden von Wortketten und das Auswendiglernen von Listen<\/li>\n\n\n\n<li>Erinnern an Ereignisse der letzten Tage, wie zum Beispiel, was man eingekauft hat<\/li>\n\n\n\n<li>Erlernen einer neuen Sprache oder eines Musikinstruments<\/li>\n<\/ul>\n<\/li>\n\n\n\n<li><strong>Bewegungs&uuml;bungen:<\/strong>\n<ul class=\"wp-block-list\">\n<li>Beim Spazierengehen im Kopf Matheaufgaben l&ouml;sen<\/li>\n\n\n\n<li>Koordinationstraining mit dem Werfen von Gegenst&auml;nden oder das Wechseln zwischen verschiedenen Handpositionen<\/li>\n\n\n\n<li>Gezielte &Uuml;bungen wie das <a href=\"https:\/\/www.vitalibera.org\/community\/2026\/07\/31\/hilfsmittel-als-bruecke-zur-selbststaendigkeit-nach-einer-hirnverletzung\/\"><font color=\"blue\"><img src=\"https:\/\/www.vitalibera.org\/community\/wp-content\/images\/link.png\" width=\"20\" height=\"20\"><u>Greifen<\/u><\/font><\/a> der Nase mit der einen und des gegen&uuml;berliegenden Ohres mit der anderen <a href=\"https:\/\/www.vitalibera.org\/community\/2026\/08\/10\/fes-und-tens-bei-spastik-und-geschlossener-hand-orientierung-nach-hirnverletzung\/\"><font color=\"blue\"><img src=\"https:\/\/www.vitalibera.org\/community\/wp-content\/images\/link.png\" width=\"20\" height=\"20\"><u>Hand<\/u><\/font><\/a><\/li>\n<\/ul>\n<\/li>\n\n\n\n<li><strong>Kreative und soziale &Uuml;bungen:<\/strong>\n<ul class=\"wp-block-list\">\n<li>Gemeinsames Singen von Liedern oder das Durchbl&auml;ttern von Fotoalben<\/li>\n\n\n\n<li>Erz&auml;hlen von Geschichten zu Stichworten<\/li>\n\n\n\n<li><a href=\"https:\/\/www.vitalibera.org\/community\/2026\/08\/09\/einhaendiges-gaming-bei-hemiprese-selbstbestimmung-durch-clevere-adaptive-technik\/\"><font color=\"blue\"><img src=\"https:\/\/www.vitalibera.org\/community\/wp-content\/images\/link.png\" width=\"20\" height=\"20\"><u>Spielen<\/u><\/font><\/a> von Brett- oder Kartenspielen&nbsp;<\/li>\n<\/ul>\n<\/li>\n<\/ul>\n\n\n\n<p><strong>Vorteile von Ged&auml;chtnistraining<\/strong><\/p>\n\n\n\n<p>Kann auch unterst&uuml;tzend bei <a href=\"https:\/\/www.vitalibera.org\/community\/enzyklopaedie\/demenz\/\" target=\"_self\" title=\"Als Demenz bezeichnet man ein&nbsp;neurologisches Krankheitsbild, das durch den progredienten Verlust kognitiver F&auml;higkeiten gekennzeichnet ist. In sp&auml;teren Krankheitsstadien kommt es in der Folge zu einem Verlust der Alltagskompetenz und zu einem Pers&ouml;nlichkeitszerfall.\" class=\"encyclopedia\">Demenz<\/a> eingesetzt werden, um vorhandene F&auml;higkeiten zu erhalten&nbsp;<\/p>\n\n\n\n<p>Aktivierung und Erhaltung geistiger F&auml;higkeiten<\/p>\n\n\n\n<p>Verbesserung der Konzentration und Kreativit&auml;t<\/p>\n\n\n\n<p>F&ouml;rderung der Kommunikationsf&auml;higkeit und sozialen Kontakte<\/p>\n\n\n\n<p>Steigerung des Selbstwertgef&uuml;hls und der Lebensqualit&auml;t<\/p>\n<\/div><\/div>\n\n\n\n<div class=\"wp-block-file\"><a id=\"wp-block-file--media-e5ef9d55-f718-48cd-8cbd-6b93c85da52e\" href=\"https:\/\/www.vitalibera.org\/community\/wp-content\/uploads\/2025\/11\/2025-10_MentalAktiv_Einsteiger.pdf\" target=\"_blank\" rel=\"noreferrer noopener\">Mental Aktiv Ged&auml;chtnistraining f&uuml;r Einsteiger<\/a><a href=\"https:\/\/www.vitalibera.org\/community\/wp-content\/uploads\/2025\/11\/2025-10_MentalAktiv_Einsteiger.pdf\" class=\"wp-block-file__button wp-element-button\" download aria-describedby=\"wp-block-file--media-e5ef9d55-f718-48cd-8cbd-6b93c85da52e\">Herunterladen<\/a><\/div>\n\n\n\n<div class=\"wp-block-file\"><a id=\"wp-block-file--media-73405be6-f3af-4fae-bac0-0b98c1d51047\" href=\"https:\/\/www.vitalibera.org\/community\/wp-content\/uploads\/2025\/11\/2025-10_MentalAktiv_Fortgeschrittene.pdf\" target=\"_blank\" rel=\"noreferrer noopener\">Mental Aktiv Ged&auml;chtnistraining f&uuml;r Fortgeschrittene<\/a><a href=\"https:\/\/www.vitalibera.org\/community\/wp-content\/uploads\/2025\/11\/2025-10_MentalAktiv_Fortgeschrittene.pdf\" class=\"wp-block-file__button wp-element-button\" download aria-describedby=\"wp-block-file--media-73405be6-f3af-4fae-bac0-0b98c1d51047\">Herunterladen<\/a><\/div>\n\n\n\n<p><\/p>\n","protected":false},"excerpt":{"rendered":"","protected":false},"author":2,"featured_media":3972,"comment_status":"closed","ping_status":"open","sticky":false,"template":"","format":"standard","meta":{"cybocfi_hide_featured_image":"yes","_jetpack_newsletter_access":"","_jetpack_dont_email_post_to_subs":false,"_jetpack_newsletter_tier_id":0,"_jetpack_memberships_contains_paywalled_content":false,"_jetpack_feature_clip_id":0,"_jetpack_memberships_contains_paid_content":false,"footnotes":"","jetpack_publicize_message":"","jetpack_publicize_feature_enabled":true,"jetpack_social_post_already_shared":false,"jetpack_social_options":{"image_generator_settings":{"template":"highway","default_image_id":0,"font":"","enabled":false},"version":2},"jetpack_post_was_ever_published":false},"categories":[66],"tags":[],"class_list":["post-3969","post","type-post","status-publish","format-standard","has-post-thumbnail","hentry","category-neurologie-kognitives-training"],"yoast_head":"<!-- This site is optimized with the Yoast SEO plugin v28.2 - https:\/\/yoast.com\/product\/yoast-seo-wordpress\/ -->\r\n<title>Ged\u00e4chtnistraining - vitalibera.org<\/title>\r\n<meta name=\"robots\" content=\"index, follow, max-snippet:-1, max-image-preview:large, max-video-preview:-1\" \/>\r\n<link rel=\"canonical\" href=\"https:\/\/www.vitalibera.org\/community\/2025\/11\/01\/gedaechtnistraining\/\" \/>\r\n<meta property=\"og:locale\" content=\"de_DE\" \/>\r\n<meta property=\"og:type\" content=\"article\" \/>\r\n<meta property=\"og:title\" content=\"Ged\u00e4chtnistraining - vitalibera.org\" \/>\r\n<meta property=\"og:url\" content=\"https:\/\/www.vitalibera.org\/community\/2025\/11\/01\/gedaechtnistraining\/\" \/>\r\n<meta property=\"og:site_name\" content=\"vitalibera.org\" \/>\r\n<meta property=\"article:publisher\" content=\"https:\/\/www.facebook.com\/groups\/2997085857140235\" \/>\r\n<meta property=\"article:published_time\" content=\"2025-11-01T09:34:28+00:00\" \/>\r\n<meta property=\"article:modified_time\" content=\"2025-11-01T09:36:26+00:00\" \/>\r\n<meta property=\"og:image\" content=\"https:\/\/www.vitalibera.org\/community\/wp-content\/uploads\/2025\/11\/gedaechtnis.jpg\" \/>\r\n\t<meta property=\"og:image:width\" content=\"275\" \/>\r\n\t<meta property=\"og:image:height\" content=\"183\" \/>\r\n\t<meta property=\"og:image:type\" content=\"image\/jpeg\" \/>\r\n<meta name=\"author\" content=\"Andreas Jecklin\" \/>\r\n<meta name=\"twitter:card\" content=\"summary_large_image\" \/>\r\n<meta name=\"twitter:label1\" content=\"Verfasst von\" \/>\n\t<meta name=\"twitter:data1\" content=\"Andreas Jecklin\" \/>\n\t<meta name=\"twitter:label2\" content=\"Gesch\u00e4tzte Lesezeit\" \/>\n\t<meta name=\"twitter:data2\" content=\"2\u00a0Minuten\" \/>\r\n<script type=\"application\/ld+json\" class=\"yoast-schema-graph\">{\"@context\":\"https:\\\/\\\/schema.org\",\"@graph\":[{\"@type\":\"Article\",\"@id\":\"https:\\\/\\\/www.vitalibera.org\\\/community\\\/2025\\\/11\\\/01\\\/gedaechtnistraining\\\/#article\",\"isPartOf\":{\"@id\":\"https:\\\/\\\/www.vitalibera.org\\\/community\\\/2025\\\/11\\\/01\\\/gedaechtnistraining\\\/\"},\"author\":{\"name\":\"Andreas Jecklin\",\"@id\":\"https:\\\/\\\/www.vitalibera.org\\\/community\\\/#\\\/schema\\\/person\\\/6712387298421f222ff6d0a2e22c1534\"},\"headline\":\"Ged\u00e4chtnistraining\",\"datePublished\":\"2025-11-01T09:34:28+00:00\",\"dateModified\":\"2025-11-01T09:36:26+00:00\",\"mainEntityOfPage\":{\"@id\":\"https:\\\/\\\/www.vitalibera.org\\\/community\\\/2025\\\/11\\\/01\\\/gedaechtnistraining\\\/\"},\"wordCount\":246,\"publisher\":{\"@id\":\"https:\\\/\\\/www.vitalibera.org\\\/community\\\/#organization\"},\"image\":{\"@id\":\"https:\\\/\\\/www.vitalibera.org\\\/community\\\/2025\\\/11\\\/01\\\/gedaechtnistraining\\\/#primaryimage\"},\"thumbnailUrl\":\"https:\\\/\\\/www.vitalibera.org\\\/community\\\/wp-content\\\/uploads\\\/2025\\\/11\\\/gedaechtnis.jpg\",\"articleSection\":[\"Kognitives Training\"],\"inLanguage\":\"de\"},{\"@type\":\"WebPage\",\"@id\":\"https:\\\/\\\/www.vitalibera.org\\\/community\\\/2025\\\/11\\\/01\\\/gedaechtnistraining\\\/\",\"url\":\"https:\\\/\\\/www.vitalibera.org\\\/community\\\/2025\\\/11\\\/01\\\/gedaechtnistraining\\\/\",\"name\":\"Ged\u00e4chtnistraining - vitalibera.org\",\"isPartOf\":{\"@id\":\"https:\\\/\\\/www.vitalibera.org\\\/community\\\/#website\"},\"primaryImageOfPage\":{\"@id\":\"https:\\\/\\\/www.vitalibera.org\\\/community\\\/2025\\\/11\\\/01\\\/gedaechtnistraining\\\/#primaryimage\"},\"image\":{\"@id\":\"https:\\\/\\\/www.vitalibera.org\\\/community\\\/2025\\\/11\\\/01\\\/gedaechtnistraining\\\/#primaryimage\"},\"thumbnailUrl\":\"https:\\\/\\\/www.vitalibera.org\\\/community\\\/wp-content\\\/uploads\\\/2025\\\/11\\\/gedaechtnis.jpg\",\"datePublished\":\"2025-11-01T09:34:28+00:00\",\"dateModified\":\"2025-11-01T09:36:26+00:00\",\"breadcrumb\":{\"@id\":\"https:\\\/\\\/www.vitalibera.org\\\/community\\\/2025\\\/11\\\/01\\\/gedaechtnistraining\\\/#breadcrumb\"},\"inLanguage\":\"de\",\"potentialAction\":[{\"@type\":\"ReadAction\",\"target\":[\"https:\\\/\\\/www.vitalibera.org\\\/community\\\/2025\\\/11\\\/01\\\/gedaechtnistraining\\\/\"]}]},{\"@type\":\"BreadcrumbList\",\"@id\":\"https:\\\/\\\/www.vitalibera.org\\\/community\\\/2025\\\/11\\\/01\\\/gedaechtnistraining\\\/#breadcrumb\",\"itemListElement\":[{\"@type\":\"ListItem\",\"position\":1,\"name\":\"Startseite\",\"item\":\"https:\\\/\\\/www.vitalibera.org\\\/community\\\/\"},{\"@type\":\"ListItem\",\"position\":2,\"name\":\"Ged\u00e4chtnistraining\"}]},{\"@type\":\"WebSite\",\"@id\":\"https:\\\/\\\/www.vitalibera.org\\\/community\\\/#website\",\"url\":\"https:\\\/\\\/www.vitalibera.org\\\/community\\\/\",\"name\":\"vitalibera.org\",\"description\":\"Mit einer Einschr&auml;nkung gestaltet sich das Leben im Alltag oft schwieriger - hier berichten wir &uuml;ber unsere Erfahrungen und Hilfsmittel um den Alltag so unbeschwert und unkompliziert wie nur m&ouml;glich geniessen zu k&ouml;nnen. Dabei richten wir unseren Fokus gezielt auf Selbst&auml;ndigkeit, Eigenst&auml;ndigkeit und Selbstbestimmung.\",\"publisher\":{\"@id\":\"https:\\\/\\\/www.vitalibera.org\\\/community\\\/#organization\"},\"potentialAction\":[{\"@type\":\"SearchAction\",\"target\":{\"@type\":\"EntryPoint\",\"urlTemplate\":\"https:\\\/\\\/www.vitalibera.org\\\/community\\\/?s={search_term_string}\"},\"query-input\":{\"@type\":\"PropertyValueSpecification\",\"valueRequired\":true,\"valueName\":\"search_term_string\"}}],\"inLanguage\":\"de\"},{\"@type\":\"Organization\",\"@id\":\"https:\\\/\\\/www.vitalibera.org\\\/community\\\/#organization\",\"name\":\"vitalibera.org\",\"url\":\"https:\\\/\\\/www.vitalibera.org\\\/community\\\/\",\"logo\":{\"@type\":\"ImageObject\",\"inLanguage\":\"de\",\"@id\":\"https:\\\/\\\/www.vitalibera.org\\\/community\\\/#\\\/schema\\\/logo\\\/image\\\/\",\"url\":\"https:\\\/\\\/www.vitalibera.org\\\/community\\\/wp-content\\\/uploads\\\/2025\\\/09\\\/cropped-banner.png\",\"contentUrl\":\"https:\\\/\\\/www.vitalibera.org\\\/community\\\/wp-content\\\/uploads\\\/2025\\\/09\\\/cropped-banner.png\",\"width\":991,\"height\":150,\"caption\":\"vitalibera.org\"},\"image\":{\"@id\":\"https:\\\/\\\/www.vitalibera.org\\\/community\\\/#\\\/schema\\\/logo\\\/image\\\/\"},\"sameAs\":[\"https:\\\/\\\/www.facebook.com\\\/groups\\\/2997085857140235\"]},{\"@type\":\"Person\",\"@id\":\"https:\\\/\\\/www.vitalibera.org\\\/community\\\/#\\\/schema\\\/person\\\/6712387298421f222ff6d0a2e22c1534\",\"name\":\"Andreas Jecklin\",\"image\":{\"@type\":\"ImageObject\",\"inLanguage\":\"de\",\"@id\":\"https:\\\/\\\/secure.gravatar.com\\\/avatar\\\/ad516503a11cd5ca435acc9bb6523536?s=96\",\"url\":\"https:\\\/\\\/secure.gravatar.com\\\/avatar\\\/ad516503a11cd5ca435acc9bb6523536?s=96\",\"contentUrl\":\"https:\\\/\\\/secure.gravatar.com\\\/avatar\\\/ad516503a11cd5ca435acc9bb6523536?s=96\",\"caption\":\"Andreas Jecklin\"},\"description\":\"Manchen gab Gott die Kraft Dinge zu ver\u00e4ndern, mir gab er die Kraft zu ertragen was nicht mehr zu \u00e4ndern ist.\",\"url\":\"https:\\\/\\\/www.vitalibera.org\\\/community\\\/author\\\/andy77\\\/\"}]}<\/script>\r\n<!-- \/ Yoast SEO plugin. -->","yoast_head_json":{"title":"Ged\u00e4chtnistraining - vitalibera.org","robots":{"index":"index","follow":"follow","max-snippet":"max-snippet:-1","max-image-preview":"max-image-preview:large","max-video-preview":"max-video-preview:-1"},"canonical":"https:\/\/www.vitalibera.org\/community\/2025\/11\/01\/gedaechtnistraining\/","og_locale":"de_DE","og_type":"article","og_title":"Ged\u00e4chtnistraining - vitalibera.org","og_url":"https:\/\/www.vitalibera.org\/community\/2025\/11\/01\/gedaechtnistraining\/","og_site_name":"vitalibera.org","article_publisher":"https:\/\/www.facebook.com\/groups\/2997085857140235","article_published_time":"2025-11-01T09:34:28+00:00","article_modified_time":"2025-11-01T09:36:26+00:00","og_image":[{"width":275,"height":183,"url":"https:\/\/www.vitalibera.org\/community\/wp-content\/uploads\/2025\/11\/gedaechtnis.jpg","type":"image\/jpeg"}],"author":"Andreas Jecklin","twitter_card":"summary_large_image","twitter_misc":{"Verfasst von":"Andreas Jecklin","Gesch\u00e4tzte Lesezeit":"2\u00a0Minuten"},"schema":{"@context":"https:\/\/schema.org","@graph":[{"@type":"Article","@id":"https:\/\/www.vitalibera.org\/community\/2025\/11\/01\/gedaechtnistraining\/#article","isPartOf":{"@id":"https:\/\/www.vitalibera.org\/community\/2025\/11\/01\/gedaechtnistraining\/"},"author":{"name":"Andreas Jecklin","@id":"https:\/\/www.vitalibera.org\/community\/#\/schema\/person\/6712387298421f222ff6d0a2e22c1534"},"headline":"Ged\u00e4chtnistraining","datePublished":"2025-11-01T09:34:28+00:00","dateModified":"2025-11-01T09:36:26+00:00","mainEntityOfPage":{"@id":"https:\/\/www.vitalibera.org\/community\/2025\/11\/01\/gedaechtnistraining\/"},"wordCount":246,"publisher":{"@id":"https:\/\/www.vitalibera.org\/community\/#organization"},"image":{"@id":"https:\/\/www.vitalibera.org\/community\/2025\/11\/01\/gedaechtnistraining\/#primaryimage"},"thumbnailUrl":"https:\/\/www.vitalibera.org\/community\/wp-content\/uploads\/2025\/11\/gedaechtnis.jpg","articleSection":["Kognitives Training"],"inLanguage":"de"},{"@type":"WebPage","@id":"https:\/\/www.vitalibera.org\/community\/2025\/11\/01\/gedaechtnistraining\/","url":"https:\/\/www.vitalibera.org\/community\/2025\/11\/01\/gedaechtnistraining\/","name":"Ged\u00e4chtnistraining - vitalibera.org","isPartOf":{"@id":"https:\/\/www.vitalibera.org\/community\/#website"},"primaryImageOfPage":{"@id":"https:\/\/www.vitalibera.org\/community\/2025\/11\/01\/gedaechtnistraining\/#primaryimage"},"image":{"@id":"https:\/\/www.vitalibera.org\/community\/2025\/11\/01\/gedaechtnistraining\/#primaryimage"},"thumbnailUrl":"https:\/\/www.vitalibera.org\/community\/wp-content\/uploads\/2025\/11\/gedaechtnis.jpg","datePublished":"2025-11-01T09:34:28+00:00","dateModified":"2025-11-01T09:36:26+00:00","breadcrumb":{"@id":"https:\/\/www.vitalibera.org\/community\/2025\/11\/01\/gedaechtnistraining\/#breadcrumb"},"inLanguage":"de","potentialAction":[{"@type":"ReadAction","target":["https:\/\/www.vitalibera.org\/community\/2025\/11\/01\/gedaechtnistraining\/"]}]},{"@type":"BreadcrumbList","@id":"https:\/\/www.vitalibera.org\/community\/2025\/11\/01\/gedaechtnistraining\/#breadcrumb","itemListElement":[{"@type":"ListItem","position":1,"name":"Startseite","item":"https:\/\/www.vitalibera.org\/community\/"},{"@type":"ListItem","position":2,"name":"Ged\u00e4chtnistraining"}]},{"@type":"WebSite","@id":"https:\/\/www.vitalibera.org\/community\/#website","url":"https:\/\/www.vitalibera.org\/community\/","name":"vitalibera.org","description":"Mit einer Einschr&auml;nkung gestaltet sich das Leben im Alltag oft schwieriger - hier berichten wir &uuml;ber unsere Erfahrungen und Hilfsmittel um den Alltag so unbeschwert und unkompliziert wie nur m&ouml;glich geniessen zu k&ouml;nnen. Dabei richten wir unseren Fokus gezielt auf Selbst&auml;ndigkeit, Eigenst&auml;ndigkeit und Selbstbestimmung.","publisher":{"@id":"https:\/\/www.vitalibera.org\/community\/#organization"},"potentialAction":[{"@type":"SearchAction","target":{"@type":"EntryPoint","urlTemplate":"https:\/\/www.vitalibera.org\/community\/?s={search_term_string}"},"query-input":{"@type":"PropertyValueSpecification","valueRequired":true,"valueName":"search_term_string"}}],"inLanguage":"de"},{"@type":"Organization","@id":"https:\/\/www.vitalibera.org\/community\/#organization","name":"vitalibera.org","url":"https:\/\/www.vitalibera.org\/community\/","logo":{"@type":"ImageObject","inLanguage":"de","@id":"https:\/\/www.vitalibera.org\/community\/#\/schema\/logo\/image\/","url":"https:\/\/www.vitalibera.org\/community\/wp-content\/uploads\/2025\/09\/cropped-banner.png","contentUrl":"https:\/\/www.vitalibera.org\/community\/wp-content\/uploads\/2025\/09\/cropped-banner.png","width":991,"height":150,"caption":"vitalibera.org"},"image":{"@id":"https:\/\/www.vitalibera.org\/community\/#\/schema\/logo\/image\/"},"sameAs":["https:\/\/www.facebook.com\/groups\/2997085857140235"]},{"@type":"Person","@id":"https:\/\/www.vitalibera.org\/community\/#\/schema\/person\/6712387298421f222ff6d0a2e22c1534","name":"Andreas Jecklin","image":{"@type":"ImageObject","inLanguage":"de","@id":"https:\/\/secure.gravatar.com\/avatar\/ad516503a11cd5ca435acc9bb6523536?s=96","url":"https:\/\/secure.gravatar.com\/avatar\/ad516503a11cd5ca435acc9bb6523536?s=96","contentUrl":"https:\/\/secure.gravatar.com\/avatar\/ad516503a11cd5ca435acc9bb6523536?s=96","caption":"Andreas Jecklin"},"description":"Manchen gab Gott die Kraft Dinge zu ver\u00e4ndern, mir gab er die Kraft zu ertragen was nicht mehr zu \u00e4ndern ist.","url":"https:\/\/www.vitalibera.org\/community\/author\/andy77\/"}]}},"jetpack_publicize_connections":[],"jetpack_sharing_enabled":true,"jetpack-related-posts":[{"id":4940,"url":"https:\/\/www.vitalibera.org\/community\/2026\/01\/03\/neuroplastizitaet-uebungen\/","url_meta":{"origin":3969,"position":0},"title":"Neuroplastizit\u00e4t \u00dcbungen","author":"Andreas Jecklin","date":"3 Januar, 2026","format":false,"excerpt":"Nach einem Schlaganfall wird die Neuroplastizit\u00e4t \u2013 die F\u00e4higkeit des Gehirns, sich neu zu vernetzen \u2013 durch gezielte Therapien und \u00dcbungen gef\u00f6rdert, wobei\u00a0das \u00dcben mit\u00a0Farben\u00a0helfen kann, kognitive F\u00e4higkeiten wie\u00a0Aufmerksamkeit und Flexibilit\u00e4t\u00a0zu trainieren, z.B. durch die\u00a0Stroop-Aufgabe, bei der Sie die Farbe eines Wortes nennen, das in einer anderen Farbe geschrieben ist,\u2026","rel":"","context":"In &quot;Kognitives Training&quot;","block_context":{"text":"Kognitives Training","link":"https:\/\/www.vitalibera.org\/community\/category\/eigentherapie-und-trainings\/neurologie-kognitives-training\/"},"img":{"alt_text":"","src":"https:\/\/i0.wp.com\/www.vitalibera.org\/community\/wp-content\/uploads\/2026\/01\/bc8dd8359666dc99305c3f310d264466.jpg?resize=350%2C200&ssl=1","width":350,"height":200,"srcset":"https:\/\/i0.wp.com\/www.vitalibera.org\/community\/wp-content\/uploads\/2026\/01\/bc8dd8359666dc99305c3f310d264466.jpg?resize=350%2C200&ssl=1 1x, https:\/\/i0.wp.com\/www.vitalibera.org\/community\/wp-content\/uploads\/2026\/01\/bc8dd8359666dc99305c3f310d264466.jpg?resize=525%2C300&ssl=1 1.5x, https:\/\/i0.wp.com\/www.vitalibera.org\/community\/wp-content\/uploads\/2026\/01\/bc8dd8359666dc99305c3f310d264466.jpg?resize=700%2C400&ssl=1 2x"},"classes":[]},{"id":3849,"url":"https:\/\/www.vitalibera.org\/community\/2025\/10\/29\/neuroplastizitaet-foerdern\/","url_meta":{"origin":3969,"position":1},"title":"Neuroplastizit\u00e4t F\u00f6rdern","author":"Andreas Jecklin","date":"29 Oktober, 2025","format":false,"excerpt":"Neuroplastizit\u00e4t l\u00e4sst sich durch k\u00f6rperliche Aktivit\u00e4t, geistige Herausforderungen, kreative T\u00e4tigkeiten und die Reduzierung von Stress f\u00f6rdern.\u00a0Regelm\u00e4\u00dfige Bewegung wie Joggen oder Tanzen regt das Wachstum neuer Nervenzellen an, w\u00e4hrend das Erlernen neuer F\u00e4higkeiten wie einer Fremdsprache oder eines Musikinstruments kognitive Netzwerke st\u00e4rkt.\u00a0Auch Ged\u00e4chtnisspiele, das L\u00f6sen von R\u00e4tseln und kreative Ausdrucksformen wie\u2026","rel":"","context":"In &quot;Fachwissen&quot;","block_context":{"text":"Fachwissen","link":"https:\/\/www.vitalibera.org\/community\/category\/beitraege\/fachwissen\/"},"img":{"alt_text":"","src":"https:\/\/i0.wp.com\/www.vitalibera.org\/community\/wp-content\/uploads\/2025\/10\/2025-02-10_Neuroplastizitaet_Neuronen_01.jpg?resize=350%2C200&ssl=1","width":350,"height":200,"srcset":"https:\/\/i0.wp.com\/www.vitalibera.org\/community\/wp-content\/uploads\/2025\/10\/2025-02-10_Neuroplastizitaet_Neuronen_01.jpg?resize=350%2C200&ssl=1 1x, https:\/\/i0.wp.com\/www.vitalibera.org\/community\/wp-content\/uploads\/2025\/10\/2025-02-10_Neuroplastizitaet_Neuronen_01.jpg?resize=525%2C300&ssl=1 1.5x, https:\/\/i0.wp.com\/www.vitalibera.org\/community\/wp-content\/uploads\/2025\/10\/2025-02-10_Neuroplastizitaet_Neuronen_01.jpg?resize=700%2C400&ssl=1 2x"},"classes":[]},{"id":9274,"url":"https:\/\/www.vitalibera.org\/community\/2026\/08\/26\/kognitives-selbsttraining-im-alltag-nach-einer-hirnverletzung-spielerisch-zurueck-zur-denkfaehigkeit\/","url_meta":{"origin":3969,"position":2},"title":"Kognitives Selbsttraining im Alltag nach einer Hirnverletzung \u2013 spielerisch zur\u00fcck zur Denkf\u00e4higkeit","author":"Andreas Jecklin","date":"26 August, 2026","format":false,"excerpt":"Nach einer Hirnverletzung braucht das Gehirn Zeit, Struktur und sanfte Aktivierung. Komplexe \u00dcbungen oder Apps sind oft zu viel \u2013 doch kleine Spiele im Alltag k\u00f6nnen erstaunlich viel bewirken. Sie trainieren Aufmerksamkeit, Ged\u00e4chtnis, Sprache und Orientierung, ohne Druck oder Leistungsdenken. Kognitives Selbsttraining bedeutet, mit sich selbst zu spielen: Dinge merken,\u2026","rel":"","context":"In &quot;Kognitives Training&quot;","block_context":{"text":"Kognitives Training","link":"https:\/\/www.vitalibera.org\/community\/category\/eigentherapie-und-trainings\/neurologie-kognitives-training\/"},"img":{"alt_text":"","src":"https:\/\/i0.wp.com\/www.vitalibera.org\/community\/wp-content\/uploads\/2026\/08\/gedankenspiel002937.png?resize=350%2C200&ssl=1","width":350,"height":200},"classes":[]},{"id":8206,"url":"https:\/\/www.vitalibera.org\/community\/2026\/06\/24\/kognitive-blockaden-nach-gehirnverletzungen-ursachen-symptome-und-wege-der-rehabilitation\/","url_meta":{"origin":3969,"position":3},"title":"Kognitive Blockaden nach Gehirnverletzungen \u2013 Ursachen, Symptome und Wege der Rehabilitation","author":"Andreas Jecklin","date":"24 Juni, 2026","format":false,"excerpt":"Nach einem Schlaganfall, einer Hirnblutung oder einem Sch\u00e4del\u2011Hirn\u2011Trauma erleben viele Betroffene Ver\u00e4nderungen ihrer geistigen Leistungsf\u00e4higkeit. H\u00e4ufig \u00e4u\u00dfert sich dies als sogenannte \u201ekognitive Blockade\u201c \u2013 ein Zustand, in dem Denken, Erinnern oder die Konzentration pl\u00f6tzlich erschwert oder zeitweise kaum m\u00f6glich sind. Solche St\u00f6rungen entstehen durch Sch\u00e4digungen bestimmter Hirnregionen und betreffen zentrale\u2026","rel":"","context":"In &quot;Fachwissen&quot;","block_context":{"text":"Fachwissen","link":"https:\/\/www.vitalibera.org\/community\/category\/beitraege\/fachwissen\/"},"img":{"alt_text":"","src":"https:\/\/i0.wp.com\/www.vitalibera.org\/community\/wp-content\/uploads\/2026\/06\/koglego50.png?resize=350%2C200&ssl=1","width":350,"height":200},"classes":[]},{"id":7954,"url":"https:\/\/www.vitalibera.org\/community\/2026\/06\/13\/vergesslichkeit-nach-einer-gehirnverletzung-ursachen-und-umgang-im-alltag\/","url_meta":{"origin":3969,"position":4},"title":"Vergesslichkeit nach einer Gehirnverletzung \u2013 Ursachen und Umgang im Alltag","author":"Andreas Jecklin","date":"13 Juni, 2026","format":false,"excerpt":"Nach einer Gehirnverletzung berichten viele Betroffene von Vergesslichkeit und Ged\u00e4chtnisproblemen, die den Alltag sp\u00fcrbar beeinflussen k\u00f6nnen. Selbst einfache Informationen, Termine oder Gespr\u00e4che bleiben oft nicht mehr so leicht im Ged\u00e4chtnis wie zuvor. Diese Ver\u00e4nderungen k\u00f6nnen verunsichern und belasten, sind jedoch eine h\u00e4ufige Folge von Hirnsch\u00e4digungen. Ein besseres Verst\u00e4ndnis der Ursachen\u2026","rel":"","context":"In &quot;Fachwissen&quot;","block_context":{"text":"Fachwissen","link":"https:\/\/www.vitalibera.org\/community\/category\/beitraege\/fachwissen\/"},"img":{"alt_text":"","src":"https:\/\/i0.wp.com\/www.vitalibera.org\/community\/wp-content\/uploads\/2026\/06\/vergessen230536.png?resize=350%2C200&ssl=1","width":350,"height":200},"classes":[]},{"id":8281,"url":"https:\/\/www.vitalibera.org\/community\/2026\/06\/27\/bedeutung-des-fruehen-kognitiven-trainings-nach-einer-hirnverletzung\/","url_meta":{"origin":3969,"position":5},"title":"Bedeutung des fr\u00fchen kognitiven Trainings nach einer Hirnverletzung","author":"Andreas Jecklin","date":"27 Juni, 2026","format":false,"excerpt":"Nach einer Hirnverletzung kommt es h\u00e4ufig zu Beeintr\u00e4chtigungen kognitiver F\u00e4higkeiten wie Aufmerksamkeit, Ged\u00e4chtnis oder Sprache. Besonders in den ersten Tagen und Wochen nach dem Ereignis ist das Gehirn jedoch in einem Zustand erh\u00f6hter Anpassungsf\u00e4higkeit. In dieser Phase k\u00f6nnen gezielte therapeutische Ma\u00dfnahmen die Wiederherstellung von Funktionen entscheidend unterst\u00fctzen. Kognitives Training nutzt\u2026","rel":"","context":"In &quot;Fachwissen&quot;","block_context":{"text":"Fachwissen","link":"https:\/\/www.vitalibera.org\/community\/category\/beitraege\/fachwissen\/"},"img":{"alt_text":"","src":"https:\/\/i0.wp.com\/www.vitalibera.org\/community\/wp-content\/uploads\/2026\/06\/kog123253.png?resize=350%2C200&ssl=1","width":350,"height":200},"classes":[]}],"jetpack_featured_media_url":"https:\/\/www.vitalibera.org\/community\/wp-content\/uploads\/2025\/11\/gedaechtnis.jpg","_links":{"self":[{"href":"https:\/\/www.vitalibera.org\/community\/wp-json\/wp\/v2\/posts\/3969","targetHints":{"allow":["GET"]}}],"collection":[{"href":"https:\/\/www.vitalibera.org\/community\/wp-json\/wp\/v2\/posts"}],"about":[{"href":"https:\/\/www.vitalibera.org\/community\/wp-json\/wp\/v2\/types\/post"}],"author":[{"embeddable":true,"href":"https:\/\/www.vitalibera.org\/community\/wp-json\/wp\/v2\/users\/2"}],"replies":[{"embeddable":true,"href":"https:\/\/www.vitalibera.org\/community\/wp-json\/wp\/v2\/comments?post=3969"}],"version-history":[{"count":0,"href":"https:\/\/www.vitalibera.org\/community\/wp-json\/wp\/v2\/posts\/3969\/revisions"}],"wp:featuredmedia":[{"embeddable":true,"href":"https:\/\/www.vitalibera.org\/community\/wp-json\/wp\/v2\/media\/3972"}],"wp:attachment":[{"href":"https:\/\/www.vitalibera.org\/community\/wp-json\/wp\/v2\/media?parent=3969"}],"wp:term":[{"taxonomy":"category","embeddable":true,"href":"https:\/\/www.vitalibera.org\/community\/wp-json\/wp\/v2\/categories?post=3969"},{"taxonomy":"post_tag","embeddable":true,"href":"https:\/\/www.vitalibera.org\/community\/wp-json\/wp\/v2\/tags?post=3969"}],"curies":[{"name":"wp","href":"https:\/\/api.w.org\/{rel}","templated":true}]}}