{"id":3976,"date":"2025-11-01T12:14:10","date_gmt":"2025-11-01T11:14:10","guid":{"rendered":"https:\/\/www.vitalibera.org\/community\/?p=3976"},"modified":"2025-11-01T12:14:14","modified_gmt":"2025-11-01T11:14:14","slug":"einfluss-von-bewegung-auf-das-gehirn","status":"publish","type":"post","link":"https:\/\/www.vitalibera.org\/community\/2025\/11\/01\/einfluss-von-bewegung-auf-das-gehirn\/","title":{"rendered":"Einfluss von Bewegung auf das Gehirn"},"content":{"rendered":"\n<div class=\"wp-block-media-text is-stacked-on-mobile is-vertically-aligned-top\"><figure class=\"wp-block-media-text__media\"><img fetchpriority=\"high\" decoding=\"async\" width=\"1024\" height=\"683\" src=\"https:\/\/www.vitalibera.org\/community\/wp-content\/uploads\/2025\/11\/Krafttraining-Ausdauer-und-gesunde-Ernaehrung-104487290-1024x683.jpg\" alt=\"\" class=\"wp-image-3979 size-full\" srcset=\"https:\/\/www.vitalibera.org\/community\/wp-content\/uploads\/2025\/11\/Krafttraining-Ausdauer-und-gesunde-Ernaehrung-104487290-1024x683.jpg 1024w, https:\/\/www.vitalibera.org\/community\/wp-content\/uploads\/2025\/11\/Krafttraining-Ausdauer-und-gesunde-Ernaehrung-104487290-300x200.jpg 300w, https:\/\/www.vitalibera.org\/community\/wp-content\/uploads\/2025\/11\/Krafttraining-Ausdauer-und-gesunde-Ernaehrung-104487290-768x512.jpg 768w, https:\/\/www.vitalibera.org\/community\/wp-content\/uploads\/2025\/11\/Krafttraining-Ausdauer-und-gesunde-Ernaehrung-104487290.jpg 1500w\" sizes=\"(max-width: 1024px) 100vw, 1024px\" \/><\/figure><div class=\"wp-block-media-text__content\">\n<p>Wer jetzt an k&ouml;rperliches Leistungstraining oder schwei&szlig;treibende Besuche im Fitnessstudio denkt, kann sich wieder entspannen. Bewegung und Denken k&ouml;nnen auch ganz einfach zusammenkommen.<\/p>\n\n\n\n<p><strong>Bei Bewegung im mental-aktiven Sinne geht es um Aktivit&auml;ten, die das Gehirn ankurbeln &ndash; und das funktioniert schon mit vergleichsweise geringem Aufwand. Denn Bewegung unterst&uuml;tzt unser Gehirn &ndash; also unsere geistige Leistungsf&auml;higkeit &ndash; auf zwei Arten: akut und l&auml;ngerfristig.<\/strong><\/p>\n\n\n\n<p><\/p>\n<\/div><\/div>\n\n\n\n<figure class=\"wp-block-image size-full\"><img decoding=\"async\" width=\"878\" height=\"356\" src=\"https:\/\/www.vitalibera.org\/community\/wp-content\/uploads\/2025\/11\/Screenshot-2025-11-01-120719.png\" alt=\"\" class=\"wp-image-3977\" srcset=\"https:\/\/www.vitalibera.org\/community\/wp-content\/uploads\/2025\/11\/Screenshot-2025-11-01-120719.png 878w, https:\/\/www.vitalibera.org\/community\/wp-content\/uploads\/2025\/11\/Screenshot-2025-11-01-120719-300x122.png 300w, https:\/\/www.vitalibera.org\/community\/wp-content\/uploads\/2025\/11\/Screenshot-2025-11-01-120719-768x311.png 768w\" sizes=\"(max-width: 878px) 100vw, 878px\" \/><\/figure>\n\n\n\n<h2 class=\"wp-block-heading\"><strong>Wie h&auml;ngen Bewegung und Gehirn zusammen?<\/strong><\/h2>\n\n\n\n<p>Akute Unterst&uuml;tzung erh&auml;lt unser Gehirn direkt w&auml;hrend wir uns bewegen. Wir bewegen uns sozusagen mental. Dabei kommt es nicht auf k&ouml;rperliche H&ouml;chstleistungen an. Bewegungen zur akuten F&ouml;rderung der geistigen Fitness sind meist kleine Begleitaktivit&auml;ten, die dennoch die grauen Zellen ankurbeln und uns zum Weitermachen motivieren. Sich beispielsweise im Unterricht oder bei Telefonaten Notizen zu machen, nebenbei auf einem Block zu &bdquo;kritzeln&ldquo; oder Kaugummi zu kauen, f&ouml;rdert Aufmerksamkeit und Konzentration. Voraussetzung ist, dass die Bewegungen so unkompliziert sind, dass sie automatisiert ablaufen k&ouml;nnen &ndash; ansonsten verbrauchen sie selbst zu viel Energie und lenken ab.<\/p>\n\n\n\n<h2 class=\"wp-block-heading\"><strong>Auswirkungen von Sport auf das Gehirn<\/strong><\/h2>\n\n\n\n<p>Zur l&auml;ngerfristigen Unterst&uuml;tzung mentaler Fitness eignen sich besonders Ausdauersportarten wie:<\/p>\n\n\n\n<ul class=\"wp-block-list\">\n<li>Laufen,<\/li>\n\n\n\n<li>Schwimmen oder<\/li>\n\n\n\n<li>Rad fahren.<\/li>\n<\/ul>\n\n\n\n<p>Sie trainieren das Herz-Kreislauf-System und unterst&uuml;tzen damit die Versorgung des Gehirns mit Sauerstoff und insgesamt den Stoffwechsel in den Zellen. Um das Durchhalteverm&ouml;gen zu steigern, sind auch Einheiten von 20 bis 45 Minuten sinnvoll, die auch mal bis an die Leistungsgrenze herangehen.<\/p>\n\n\n\n<p>Ansonsten gilt: Moderat trainieren bei &bdquo;eingeschaltetem Kopf&ldquo; l&auml;sst Ideen sprie&szlig;en. Pausen entspannen K&ouml;rper und Geist und lassen uns Kraft f&uuml;r die Zeit danach sammeln.<\/p>\n\n\n\n<figure class=\"wp-block-image size-full\"><img decoding=\"async\" width=\"877\" height=\"347\" src=\"https:\/\/www.vitalibera.org\/community\/wp-content\/uploads\/2025\/11\/Screenshot-2025-11-01-120842.png\" alt=\"\" class=\"wp-image-3978\" srcset=\"https:\/\/www.vitalibera.org\/community\/wp-content\/uploads\/2025\/11\/Screenshot-2025-11-01-120842.png 877w, https:\/\/www.vitalibera.org\/community\/wp-content\/uploads\/2025\/11\/Screenshot-2025-11-01-120842-300x119.png 300w, https:\/\/www.vitalibera.org\/community\/wp-content\/uploads\/2025\/11\/Screenshot-2025-11-01-120842-768x304.png 768w\" sizes=\"(max-width: 877px) 100vw, 877px\" \/><\/figure>\n\n\n\n<p>Auf welche Art, wie lange und wie oft Sie sich bewegen sollten, um Ihr Gehirn &bdquo;anzukurbeln&ldquo;, h&auml;ngt unter anderem von folgenden Faktoren wie Ihrem individuellen Trainingszustand, dem Alter sowie Ihren pers&ouml;nlichen Interessen ab.<\/p>\n\n\n\n<p><strong>Als Faustregel gilt:<\/strong><\/p>\n\n\n\n<ul class=\"wp-block-list\">\n<li>Dreimal pro Woche 30 Minuten leichtes Ausdauertraining haben einen sp&uuml;rbaren Effekt auf die Gehirnleistung &ndash; aber suchen Sie sich dazu eine Art der Bewegung aus, die Ihnen Freude bereitet.<\/li>\n\n\n\n<li>Zu Beginn reichen auch schon zweimal eine Viertelstunde pro Woche.<\/li>\n<\/ul>\n","protected":false},"excerpt":{"rendered":"<p>Wer jetzt an k\u00f6rperliches Leistungstraining oder schwei\u00dftreibende Besuche im Fitnessstudio denkt, kann sich wieder entspannen. Bewegung und Denken k\u00f6nnen auch ganz einfach zusammenkommen. Bei Bewegung im mental-aktiven Sinne geht es um Aktivit\u00e4ten, die das Gehirn ankurbeln \u2013 und das funktioniert schon mit vergleichsweise geringem Aufwand. Denn Bewegung unterst\u00fctzt unser Gehirn \u2013 also unsere geistige Leistungsf\u00e4higkeit &#8230; <a title=\"Einfluss von Bewegung auf das Gehirn\" class=\"read-more\" href=\"https:\/\/www.vitalibera.org\/community\/2025\/11\/01\/einfluss-von-bewegung-auf-das-gehirn\/\" aria-label=\"Mehr Informationen \u00fcber Einfluss von Bewegung auf das Gehirn\">Weiterlesen<\/a><\/p>\n","protected":false},"author":2,"featured_media":3980,"comment_status":"closed","ping_status":"open","sticky":false,"template":"","format":"standard","meta":{"cybocfi_hide_featured_image":"yes","_jetpack_memberships_contains_paid_content":false,"footnotes":""},"categories":[159,64],"tags":[],"class_list":["post-3976","post","type-post","status-publish","format-standard","has-post-thumbnail","hentry","category-fachwissen","category-physio"],"yoast_head":"<!-- This site is optimized with the Yoast SEO plugin v27.4 - https:\/\/yoast.com\/product\/yoast-seo-wordpress\/ -->\r\n<title>Einfluss von Bewegung auf das Gehirn - vitalibera.org<\/title>\r\n<meta name=\"robots\" content=\"index, follow, max-snippet:-1, max-image-preview:large, max-video-preview:-1\" \/>\r\n<link rel=\"canonical\" href=\"https:\/\/www.vitalibera.org\/community\/2025\/11\/01\/einfluss-von-bewegung-auf-das-gehirn\/\" \/>\r\n<meta property=\"og:locale\" content=\"de_DE\" \/>\r\n<meta property=\"og:type\" content=\"article\" \/>\r\n<meta property=\"og:title\" content=\"Einfluss von Bewegung auf das Gehirn - vitalibera.org\" \/>\r\n<meta property=\"og:description\" content=\"Wer jetzt an k\u00f6rperliches Leistungstraining oder schwei\u00dftreibende Besuche im Fitnessstudio denkt, kann sich wieder entspannen. Bewegung und Denken k\u00f6nnen auch ganz einfach zusammenkommen. Bei Bewegung im mental-aktiven Sinne geht es um Aktivit\u00e4ten, die das Gehirn ankurbeln \u2013 und das funktioniert schon mit vergleichsweise geringem Aufwand. Denn Bewegung unterst\u00fctzt unser Gehirn \u2013 also unsere geistige Leistungsf\u00e4higkeit ... Weiterlesen\" \/>\r\n<meta property=\"og:url\" content=\"https:\/\/www.vitalibera.org\/community\/2025\/11\/01\/einfluss-von-bewegung-auf-das-gehirn\/\" \/>\r\n<meta property=\"og:site_name\" content=\"vitalibera.org\" \/>\r\n<meta property=\"article:publisher\" content=\"https:\/\/www.facebook.com\/groups\/2997085857140235\" \/>\r\n<meta property=\"article:published_time\" content=\"2025-11-01T11:14:10+00:00\" \/>\r\n<meta property=\"article:modified_time\" content=\"2025-11-01T11:14:14+00:00\" \/>\r\n<meta property=\"og:image\" content=\"https:\/\/www.vitalibera.org\/community\/wp-content\/uploads\/2025\/11\/bewegung-kopf-600.jpg\" \/>\r\n\t<meta property=\"og:image:width\" content=\"600\" \/>\r\n\t<meta property=\"og:image:height\" content=\"400\" \/>\r\n\t<meta property=\"og:image:type\" content=\"image\/jpeg\" \/>\r\n<meta name=\"author\" content=\"Andreas Jecklin\" \/>\r\n<meta name=\"twitter:card\" content=\"summary_large_image\" \/>\r\n<meta name=\"twitter:label1\" content=\"Verfasst von\" \/>\n\t<meta name=\"twitter:data1\" content=\"Andreas Jecklin\" \/>\n\t<meta name=\"twitter:label2\" content=\"Gesch\u00e4tzte Lesezeit\" \/>\n\t<meta name=\"twitter:data2\" content=\"3\u00a0Minuten\" \/>\r\n<script type=\"application\/ld+json\" class=\"yoast-schema-graph\">{\"@context\":\"https:\\\/\\\/schema.org\",\"@graph\":[{\"@type\":\"Article\",\"@id\":\"https:\\\/\\\/www.vitalibera.org\\\/community\\\/2025\\\/11\\\/01\\\/einfluss-von-bewegung-auf-das-gehirn\\\/#article\",\"isPartOf\":{\"@id\":\"https:\\\/\\\/www.vitalibera.org\\\/community\\\/2025\\\/11\\\/01\\\/einfluss-von-bewegung-auf-das-gehirn\\\/\"},\"author\":{\"name\":\"Andreas Jecklin\",\"@id\":\"https:\\\/\\\/www.vitalibera.org\\\/community\\\/#\\\/schema\\\/person\\\/6712387298421f222ff6d0a2e22c1534\"},\"headline\":\"Einfluss von Bewegung auf das Gehirn\",\"datePublished\":\"2025-11-01T11:14:10+00:00\",\"dateModified\":\"2025-11-01T11:14:14+00:00\",\"mainEntityOfPage\":{\"@id\":\"https:\\\/\\\/www.vitalibera.org\\\/community\\\/2025\\\/11\\\/01\\\/einfluss-von-bewegung-auf-das-gehirn\\\/\"},\"wordCount\":349,\"publisher\":{\"@id\":\"https:\\\/\\\/www.vitalibera.org\\\/community\\\/#organization\"},\"image\":{\"@id\":\"https:\\\/\\\/www.vitalibera.org\\\/community\\\/2025\\\/11\\\/01\\\/einfluss-von-bewegung-auf-das-gehirn\\\/#primaryimage\"},\"thumbnailUrl\":\"https:\\\/\\\/www.vitalibera.org\\\/community\\\/wp-content\\\/uploads\\\/2025\\\/11\\\/bewegung-kopf-600.jpg\",\"articleSection\":[\"Fachwissen\",\"Physiotherapie\"],\"inLanguage\":\"de\"},{\"@type\":\"WebPage\",\"@id\":\"https:\\\/\\\/www.vitalibera.org\\\/community\\\/2025\\\/11\\\/01\\\/einfluss-von-bewegung-auf-das-gehirn\\\/\",\"url\":\"https:\\\/\\\/www.vitalibera.org\\\/community\\\/2025\\\/11\\\/01\\\/einfluss-von-bewegung-auf-das-gehirn\\\/\",\"name\":\"Einfluss von Bewegung auf das Gehirn - vitalibera.org\",\"isPartOf\":{\"@id\":\"https:\\\/\\\/www.vitalibera.org\\\/community\\\/#website\"},\"primaryImageOfPage\":{\"@id\":\"https:\\\/\\\/www.vitalibera.org\\\/community\\\/2025\\\/11\\\/01\\\/einfluss-von-bewegung-auf-das-gehirn\\\/#primaryimage\"},\"image\":{\"@id\":\"https:\\\/\\\/www.vitalibera.org\\\/community\\\/2025\\\/11\\\/01\\\/einfluss-von-bewegung-auf-das-gehirn\\\/#primaryimage\"},\"thumbnailUrl\":\"https:\\\/\\\/www.vitalibera.org\\\/community\\\/wp-content\\\/uploads\\\/2025\\\/11\\\/bewegung-kopf-600.jpg\",\"datePublished\":\"2025-11-01T11:14:10+00:00\",\"dateModified\":\"2025-11-01T11:14:14+00:00\",\"breadcrumb\":{\"@id\":\"https:\\\/\\\/www.vitalibera.org\\\/community\\\/2025\\\/11\\\/01\\\/einfluss-von-bewegung-auf-das-gehirn\\\/#breadcrumb\"},\"inLanguage\":\"de\",\"potentialAction\":[{\"@type\":\"ReadAction\",\"target\":[\"https:\\\/\\\/www.vitalibera.org\\\/community\\\/2025\\\/11\\\/01\\\/einfluss-von-bewegung-auf-das-gehirn\\\/\"]}]},{\"@type\":\"BreadcrumbList\",\"@id\":\"https:\\\/\\\/www.vitalibera.org\\\/community\\\/2025\\\/11\\\/01\\\/einfluss-von-bewegung-auf-das-gehirn\\\/#breadcrumb\",\"itemListElement\":[{\"@type\":\"ListItem\",\"position\":1,\"name\":\"Startseite\",\"item\":\"https:\\\/\\\/www.vitalibera.org\\\/community\\\/\"},{\"@type\":\"ListItem\",\"position\":2,\"name\":\"Einfluss von Bewegung auf das Gehirn\"}]},{\"@type\":\"WebSite\",\"@id\":\"https:\\\/\\\/www.vitalibera.org\\\/community\\\/#website\",\"url\":\"https:\\\/\\\/www.vitalibera.org\\\/community\\\/\",\"name\":\"vitalibera.org\",\"description\":\"Mit einer Einschr&auml;nkung gestaltet sich das Leben im Alltag oft schwieriger - hier berichten wir &uuml;ber unsere Erfahrungen und Hilfsmittel um den Alltag so unbeschwert und unkompliziert wie nur m&ouml;glich geniessen zu k&ouml;nnen. Dabei richten wir unseren Fokus gezielt auf Selbst&auml;ndigkeit, Eigenst&auml;ndigkeit und Selbstbestimmung.\",\"publisher\":{\"@id\":\"https:\\\/\\\/www.vitalibera.org\\\/community\\\/#organization\"},\"potentialAction\":[{\"@type\":\"SearchAction\",\"target\":{\"@type\":\"EntryPoint\",\"urlTemplate\":\"https:\\\/\\\/www.vitalibera.org\\\/community\\\/?s={search_term_string}\"},\"query-input\":{\"@type\":\"PropertyValueSpecification\",\"valueRequired\":true,\"valueName\":\"search_term_string\"}}],\"inLanguage\":\"de\"},{\"@type\":\"Organization\",\"@id\":\"https:\\\/\\\/www.vitalibera.org\\\/community\\\/#organization\",\"name\":\"vitalibera.org\",\"url\":\"https:\\\/\\\/www.vitalibera.org\\\/community\\\/\",\"logo\":{\"@type\":\"ImageObject\",\"inLanguage\":\"de\",\"@id\":\"https:\\\/\\\/www.vitalibera.org\\\/community\\\/#\\\/schema\\\/logo\\\/image\\\/\",\"url\":\"https:\\\/\\\/www.vitalibera.org\\\/community\\\/wp-content\\\/uploads\\\/2025\\\/09\\\/cropped-banner.png\",\"contentUrl\":\"https:\\\/\\\/www.vitalibera.org\\\/community\\\/wp-content\\\/uploads\\\/2025\\\/09\\\/cropped-banner.png\",\"width\":991,\"height\":150,\"caption\":\"vitalibera.org\"},\"image\":{\"@id\":\"https:\\\/\\\/www.vitalibera.org\\\/community\\\/#\\\/schema\\\/logo\\\/image\\\/\"},\"sameAs\":[\"https:\\\/\\\/www.facebook.com\\\/groups\\\/2997085857140235\"]},{\"@type\":\"Person\",\"@id\":\"https:\\\/\\\/www.vitalibera.org\\\/community\\\/#\\\/schema\\\/person\\\/6712387298421f222ff6d0a2e22c1534\",\"name\":\"Andreas Jecklin\",\"image\":{\"@type\":\"ImageObject\",\"inLanguage\":\"de\",\"@id\":\"https:\\\/\\\/secure.gravatar.com\\\/avatar\\\/ad516503a11cd5ca435acc9bb6523536?s=96\",\"url\":\"https:\\\/\\\/secure.gravatar.com\\\/avatar\\\/ad516503a11cd5ca435acc9bb6523536?s=96\",\"contentUrl\":\"https:\\\/\\\/secure.gravatar.com\\\/avatar\\\/ad516503a11cd5ca435acc9bb6523536?s=96\",\"caption\":\"Andreas Jecklin\"},\"description\":\"Manchen gab Gott die Kraft Dinge zu ver\u00e4ndern, mir gab er die Kraft zu ertragen was nicht mehr zu \u00e4ndern ist.\",\"url\":\"https:\\\/\\\/www.vitalibera.org\\\/community\\\/author\\\/andy77\\\/\"}]}<\/script>\r\n<!-- \/ Yoast SEO plugin. -->","yoast_head_json":{"title":"Einfluss von Bewegung auf das Gehirn - vitalibera.org","robots":{"index":"index","follow":"follow","max-snippet":"max-snippet:-1","max-image-preview":"max-image-preview:large","max-video-preview":"max-video-preview:-1"},"canonical":"https:\/\/www.vitalibera.org\/community\/2025\/11\/01\/einfluss-von-bewegung-auf-das-gehirn\/","og_locale":"de_DE","og_type":"article","og_title":"Einfluss von Bewegung auf das Gehirn - vitalibera.org","og_description":"Wer jetzt an k\u00f6rperliches Leistungstraining oder schwei\u00dftreibende Besuche im Fitnessstudio denkt, kann sich wieder entspannen. Bewegung und Denken k\u00f6nnen auch ganz einfach zusammenkommen. Bei Bewegung im mental-aktiven Sinne geht es um Aktivit\u00e4ten, die das Gehirn ankurbeln \u2013 und das funktioniert schon mit vergleichsweise geringem Aufwand. Denn Bewegung unterst\u00fctzt unser Gehirn \u2013 also unsere geistige Leistungsf\u00e4higkeit ... Weiterlesen","og_url":"https:\/\/www.vitalibera.org\/community\/2025\/11\/01\/einfluss-von-bewegung-auf-das-gehirn\/","og_site_name":"vitalibera.org","article_publisher":"https:\/\/www.facebook.com\/groups\/2997085857140235","article_published_time":"2025-11-01T11:14:10+00:00","article_modified_time":"2025-11-01T11:14:14+00:00","og_image":[{"width":600,"height":400,"url":"https:\/\/www.vitalibera.org\/community\/wp-content\/uploads\/2025\/11\/bewegung-kopf-600.jpg","type":"image\/jpeg"}],"author":"Andreas Jecklin","twitter_card":"summary_large_image","twitter_misc":{"Verfasst von":"Andreas Jecklin","Gesch\u00e4tzte Lesezeit":"3\u00a0Minuten"},"schema":{"@context":"https:\/\/schema.org","@graph":[{"@type":"Article","@id":"https:\/\/www.vitalibera.org\/community\/2025\/11\/01\/einfluss-von-bewegung-auf-das-gehirn\/#article","isPartOf":{"@id":"https:\/\/www.vitalibera.org\/community\/2025\/11\/01\/einfluss-von-bewegung-auf-das-gehirn\/"},"author":{"name":"Andreas Jecklin","@id":"https:\/\/www.vitalibera.org\/community\/#\/schema\/person\/6712387298421f222ff6d0a2e22c1534"},"headline":"Einfluss von Bewegung auf das Gehirn","datePublished":"2025-11-01T11:14:10+00:00","dateModified":"2025-11-01T11:14:14+00:00","mainEntityOfPage":{"@id":"https:\/\/www.vitalibera.org\/community\/2025\/11\/01\/einfluss-von-bewegung-auf-das-gehirn\/"},"wordCount":349,"publisher":{"@id":"https:\/\/www.vitalibera.org\/community\/#organization"},"image":{"@id":"https:\/\/www.vitalibera.org\/community\/2025\/11\/01\/einfluss-von-bewegung-auf-das-gehirn\/#primaryimage"},"thumbnailUrl":"https:\/\/www.vitalibera.org\/community\/wp-content\/uploads\/2025\/11\/bewegung-kopf-600.jpg","articleSection":["Fachwissen","Physiotherapie"],"inLanguage":"de"},{"@type":"WebPage","@id":"https:\/\/www.vitalibera.org\/community\/2025\/11\/01\/einfluss-von-bewegung-auf-das-gehirn\/","url":"https:\/\/www.vitalibera.org\/community\/2025\/11\/01\/einfluss-von-bewegung-auf-das-gehirn\/","name":"Einfluss von Bewegung auf das Gehirn - vitalibera.org","isPartOf":{"@id":"https:\/\/www.vitalibera.org\/community\/#website"},"primaryImageOfPage":{"@id":"https:\/\/www.vitalibera.org\/community\/2025\/11\/01\/einfluss-von-bewegung-auf-das-gehirn\/#primaryimage"},"image":{"@id":"https:\/\/www.vitalibera.org\/community\/2025\/11\/01\/einfluss-von-bewegung-auf-das-gehirn\/#primaryimage"},"thumbnailUrl":"https:\/\/www.vitalibera.org\/community\/wp-content\/uploads\/2025\/11\/bewegung-kopf-600.jpg","datePublished":"2025-11-01T11:14:10+00:00","dateModified":"2025-11-01T11:14:14+00:00","breadcrumb":{"@id":"https:\/\/www.vitalibera.org\/community\/2025\/11\/01\/einfluss-von-bewegung-auf-das-gehirn\/#breadcrumb"},"inLanguage":"de","potentialAction":[{"@type":"ReadAction","target":["https:\/\/www.vitalibera.org\/community\/2025\/11\/01\/einfluss-von-bewegung-auf-das-gehirn\/"]}]},{"@type":"BreadcrumbList","@id":"https:\/\/www.vitalibera.org\/community\/2025\/11\/01\/einfluss-von-bewegung-auf-das-gehirn\/#breadcrumb","itemListElement":[{"@type":"ListItem","position":1,"name":"Startseite","item":"https:\/\/www.vitalibera.org\/community\/"},{"@type":"ListItem","position":2,"name":"Einfluss von Bewegung auf das Gehirn"}]},{"@type":"WebSite","@id":"https:\/\/www.vitalibera.org\/community\/#website","url":"https:\/\/www.vitalibera.org\/community\/","name":"vitalibera.org","description":"Mit einer Einschr&auml;nkung gestaltet sich das Leben im Alltag oft schwieriger - hier berichten wir &uuml;ber unsere Erfahrungen und Hilfsmittel um den Alltag so unbeschwert und unkompliziert wie nur m&ouml;glich geniessen zu k&ouml;nnen. Dabei richten wir unseren Fokus gezielt auf Selbst&auml;ndigkeit, Eigenst&auml;ndigkeit und Selbstbestimmung.","publisher":{"@id":"https:\/\/www.vitalibera.org\/community\/#organization"},"potentialAction":[{"@type":"SearchAction","target":{"@type":"EntryPoint","urlTemplate":"https:\/\/www.vitalibera.org\/community\/?s={search_term_string}"},"query-input":{"@type":"PropertyValueSpecification","valueRequired":true,"valueName":"search_term_string"}}],"inLanguage":"de"},{"@type":"Organization","@id":"https:\/\/www.vitalibera.org\/community\/#organization","name":"vitalibera.org","url":"https:\/\/www.vitalibera.org\/community\/","logo":{"@type":"ImageObject","inLanguage":"de","@id":"https:\/\/www.vitalibera.org\/community\/#\/schema\/logo\/image\/","url":"https:\/\/www.vitalibera.org\/community\/wp-content\/uploads\/2025\/09\/cropped-banner.png","contentUrl":"https:\/\/www.vitalibera.org\/community\/wp-content\/uploads\/2025\/09\/cropped-banner.png","width":991,"height":150,"caption":"vitalibera.org"},"image":{"@id":"https:\/\/www.vitalibera.org\/community\/#\/schema\/logo\/image\/"},"sameAs":["https:\/\/www.facebook.com\/groups\/2997085857140235"]},{"@type":"Person","@id":"https:\/\/www.vitalibera.org\/community\/#\/schema\/person\/6712387298421f222ff6d0a2e22c1534","name":"Andreas Jecklin","image":{"@type":"ImageObject","inLanguage":"de","@id":"https:\/\/secure.gravatar.com\/avatar\/ad516503a11cd5ca435acc9bb6523536?s=96","url":"https:\/\/secure.gravatar.com\/avatar\/ad516503a11cd5ca435acc9bb6523536?s=96","contentUrl":"https:\/\/secure.gravatar.com\/avatar\/ad516503a11cd5ca435acc9bb6523536?s=96","caption":"Andreas Jecklin"},"description":"Manchen gab Gott die Kraft Dinge zu ver\u00e4ndern, mir gab er die Kraft zu ertragen was nicht mehr zu \u00e4ndern ist.","url":"https:\/\/www.vitalibera.org\/community\/author\/andy77\/"}]}},"jetpack_featured_media_url":"https:\/\/www.vitalibera.org\/community\/wp-content\/uploads\/2025\/11\/bewegung-kopf-600.jpg","jetpack_sharing_enabled":true,"jetpack-related-posts":[],"_links":{"self":[{"href":"https:\/\/www.vitalibera.org\/community\/wp-json\/wp\/v2\/posts\/3976","targetHints":{"allow":["GET"]}}],"collection":[{"href":"https:\/\/www.vitalibera.org\/community\/wp-json\/wp\/v2\/posts"}],"about":[{"href":"https:\/\/www.vitalibera.org\/community\/wp-json\/wp\/v2\/types\/post"}],"author":[{"embeddable":true,"href":"https:\/\/www.vitalibera.org\/community\/wp-json\/wp\/v2\/users\/2"}],"replies":[{"embeddable":true,"href":"https:\/\/www.vitalibera.org\/community\/wp-json\/wp\/v2\/comments?post=3976"}],"version-history":[{"count":0,"href":"https:\/\/www.vitalibera.org\/community\/wp-json\/wp\/v2\/posts\/3976\/revisions"}],"wp:featuredmedia":[{"embeddable":true,"href":"https:\/\/www.vitalibera.org\/community\/wp-json\/wp\/v2\/media\/3980"}],"wp:attachment":[{"href":"https:\/\/www.vitalibera.org\/community\/wp-json\/wp\/v2\/media?parent=3976"}],"wp:term":[{"taxonomy":"category","embeddable":true,"href":"https:\/\/www.vitalibera.org\/community\/wp-json\/wp\/v2\/categories?post=3976"},{"taxonomy":"post_tag","embeddable":true,"href":"https:\/\/www.vitalibera.org\/community\/wp-json\/wp\/v2\/tags?post=3976"}],"curies":[{"name":"wp","href":"https:\/\/api.w.org\/{rel}","templated":true}]}}