{"id":3982,"date":"2025-11-01T13:03:31","date_gmt":"2025-11-01T12:03:31","guid":{"rendered":"https:\/\/www.vitalibera.org\/community\/?p=3982"},"modified":"2025-11-01T13:06:10","modified_gmt":"2025-11-01T12:06:10","slug":"3982","status":"publish","type":"post","link":"https:\/\/www.vitalibera.org\/community\/2025\/11\/01\/3982\/","title":{"rendered":"Feeldom &#8211; Eine Tasche f\u00fcr alles"},"content":{"rendered":"\n<div class=\"wp-block-media-text is-stacked-on-mobile is-vertically-aligned-top\"><figure class=\"wp-block-media-text__media\"><img fetchpriority=\"high\" decoding=\"async\" width=\"590\" height=\"731\" src=\"https:\/\/www.vitalibera.org\/community\/wp-content\/uploads\/2025\/11\/feeldom1.png\" alt=\"\" class=\"wp-image-3984 size-full\" srcset=\"https:\/\/www.vitalibera.org\/community\/wp-content\/uploads\/2025\/11\/feeldom1.png 590w, https:\/\/www.vitalibera.org\/community\/wp-content\/uploads\/2025\/11\/feeldom1-242x300.png 242w\" sizes=\"(max-width: 590px) 100vw, 590px\" \/><\/figure><div class=\"wp-block-media-text__content\">\n<p><strong>Feeldom &ndash; Eine Tasche f&uuml;r alles<\/strong><br><br>Jedes Design wird in direkter Zusammenarbeit mit Menschen mit Behinderungen handgefertigt. So entstehen einzigartige und hochwertige Produkte, die von allen genutzt werden k&ouml;nnen und Mode und Funktion vereinen.<\/p>\n\n\n\n<p>Anpassbar an den K&ouml;rper oder verschiedene Mobilit&auml;tshilfen<br><br>Komfortables, benutzerfreundliches Design<br><br>Isoliert, Wasserabw<a href=\"https:\/\/www.vitalibera.org\/community\/enzyklopaedie\/eisen\/\" target=\"_self\" title=\"Eisen&nbsp;ist das im K&ouml;rper am meisten vorkommende Spurenelement. Es ist ein wesentlicher Bestandteil des roten Blutfarbstoffs (H&auml;moglobin) und f&uuml;r den Sauerstofftransport wichtig. Weitere Aufgaben erf&uuml;llt Eisen in der Muskulatur, wo es in Form des Eiwei&szlig;stoffes Myoglobin der Sauerstoffspeicherung dient. Dar&uuml;ber hinaus ist Eisen generell f&uuml;r alle rasch wachsenden Gewebe des K&ouml;rpers erforderlich. Im Labor ist&hellip;\" class=\"encyclopedia\">eisen<\/a>d<br><br>Abnehmbare Gurte<br><br>Atmungsaktive, gepolsterte Schulter- und Griffpartie aus Air-Mesh<br><br>Farben f&uuml;r Sehbehinderte geeignet<br><br>Abnehmbarer Klettverschluss vorne<br><br><a href=\"https:\/\/www.feeldomlife.com\/products\/all-new-jayu\" target=\"_blank\" rel=\"noreferrer noopener\">Zu FeeldomLife (Englischer Shop)<\/a><\/p>\n<\/div><\/div>\n\n\n\n<figure class=\"wp-block-image size-full is-resized\"><img decoding=\"async\" width=\"573\" height=\"667\" src=\"https:\/\/www.vitalibera.org\/community\/wp-content\/uploads\/2025\/11\/feeldom4.png\" alt=\"\" class=\"wp-image-3985\" style=\"width:265px;height:auto\" srcset=\"https:\/\/www.vitalibera.org\/community\/wp-content\/uploads\/2025\/11\/feeldom4.png 573w, https:\/\/www.vitalibera.org\/community\/wp-content\/uploads\/2025\/11\/feeldom4-258x300.png 258w\" sizes=\"(max-width: 573px) 100vw, 573px\" \/><\/figure>\n\n\n\n<p><a href=\"https:\/\/www.feeldomlife.com\/products\/all-new-jayu\" target=\"_blank\" rel=\"noreferrer noopener\">Zu FeeldomLife (Englischer Shop)<\/a><\/p>\n\n\n\n<figure class=\"wp-block-image size-full\"><img decoding=\"async\" width=\"600\" height=\"591\" src=\"https:\/\/www.vitalibera.org\/community\/wp-content\/uploads\/2025\/11\/feeldom3.png\" alt=\"\" class=\"wp-image-3986\" srcset=\"https:\/\/www.vitalibera.org\/community\/wp-content\/uploads\/2025\/11\/feeldom3.png 600w, https:\/\/www.vitalibera.org\/community\/wp-content\/uploads\/2025\/11\/feeldom3-300x296.png 300w\" sizes=\"(max-width: 600px) 100vw, 600px\" \/><\/figure>\n","protected":false},"excerpt":{"rendered":"<p>Feeldom &#8211; Eine Tasche f\u00fcr alles Jedes Design wird in direkter Zusammenarbeit mit Menschen mit Behinderungen handgefertigt. So entstehen einzigartige und hochwertige Produkte, die von allen genutzt werden k\u00f6nnen und Mode und Funktion vereinen. Anpassbar an den K\u00f6rper oder verschiedene Mobilit\u00e4tshilfen Komfortables, benutzerfreundliches Design Isoliert, Wasserabweisend Abnehmbare Gurte Atmungsaktive, gepolsterte Schulter- und Griffpartie aus Air-Mesh &#8230; <a title=\"Feeldom &#8211; Eine Tasche f\u00fcr alles\" class=\"read-more\" href=\"https:\/\/www.vitalibera.org\/community\/2025\/11\/01\/3982\/\" aria-label=\"Mehr Informationen \u00fcber Feeldom &#8211; Eine Tasche f\u00fcr alles\">Weiterlesen<\/a><\/p>\n","protected":false},"author":2,"featured_media":3984,"comment_status":"open","ping_status":"open","sticky":false,"template":"","format":"standard","meta":{"cybocfi_hide_featured_image":"yes","_jetpack_memberships_contains_paid_content":false,"footnotes":""},"categories":[75],"tags":[],"class_list":["post-3982","post","type-post","status-publish","format-standard","has-post-thumbnail","hentry","category-mobilitaet"],"yoast_head":"<!-- This site is optimized with the Yoast SEO plugin v27.4 - https:\/\/yoast.com\/product\/yoast-seo-wordpress\/ -->\r\n<title>Feeldom - Eine Tasche f\u00fcr alles - vitalibera.org<\/title>\r\n<meta name=\"robots\" content=\"index, follow, max-snippet:-1, max-image-preview:large, max-video-preview:-1\" \/>\r\n<link rel=\"canonical\" href=\"http:\/\/www.vitalibera.org\/community\/2025\/11\/01\/3982\/\" \/>\r\n<meta property=\"og:locale\" content=\"de_DE\" \/>\r\n<meta property=\"og:type\" content=\"article\" \/>\r\n<meta property=\"og:title\" content=\"Feeldom - Eine Tasche f\u00fcr alles - vitalibera.org\" \/>\r\n<meta property=\"og:description\" content=\"Feeldom &#8211; Eine Tasche f\u00fcr alles Jedes Design wird in direkter Zusammenarbeit mit Menschen mit Behinderungen handgefertigt. So entstehen einzigartige und hochwertige Produkte, die von allen genutzt werden k\u00f6nnen und Mode und Funktion vereinen. Anpassbar an den K\u00f6rper oder verschiedene Mobilit\u00e4tshilfen Komfortables, benutzerfreundliches Design Isoliert, Wasserabweisend Abnehmbare Gurte Atmungsaktive, gepolsterte Schulter- und Griffpartie aus Air-Mesh ... Weiterlesen\" \/>\r\n<meta property=\"og:url\" content=\"http:\/\/www.vitalibera.org\/community\/2025\/11\/01\/3982\/\" \/>\r\n<meta property=\"og:site_name\" content=\"vitalibera.org\" \/>\r\n<meta property=\"article:publisher\" content=\"https:\/\/www.facebook.com\/groups\/2997085857140235\" \/>\r\n<meta property=\"article:published_time\" content=\"2025-11-01T12:03:31+00:00\" \/>\r\n<meta property=\"article:modified_time\" content=\"2025-11-01T12:06:10+00:00\" \/>\r\n<meta property=\"og:image\" content=\"http:\/\/www.vitalibera.org\/community\/wp-content\/uploads\/2025\/11\/feeldom1.png\" \/>\r\n\t<meta property=\"og:image:width\" content=\"590\" \/>\r\n\t<meta property=\"og:image:height\" content=\"731\" \/>\r\n\t<meta property=\"og:image:type\" content=\"image\/png\" \/>\r\n<meta name=\"author\" content=\"Andreas Jecklin\" \/>\r\n<meta name=\"twitter:card\" content=\"summary_large_image\" \/>\r\n<meta name=\"twitter:label1\" content=\"Verfasst von\" \/>\n\t<meta name=\"twitter:data1\" content=\"Andreas Jecklin\" \/>\n\t<meta name=\"twitter:label2\" content=\"Gesch\u00e4tzte Lesezeit\" \/>\n\t<meta name=\"twitter:data2\" content=\"2\u00a0Minuten\" \/>\r\n<script type=\"application\/ld+json\" class=\"yoast-schema-graph\">{\"@context\":\"https:\\\/\\\/schema.org\",\"@graph\":[{\"@type\":\"Article\",\"@id\":\"http:\\\/\\\/www.vitalibera.org\\\/community\\\/2025\\\/11\\\/01\\\/3982\\\/#article\",\"isPartOf\":{\"@id\":\"http:\\\/\\\/www.vitalibera.org\\\/community\\\/2025\\\/11\\\/01\\\/3982\\\/\"},\"author\":{\"name\":\"Andreas Jecklin\",\"@id\":\"https:\\\/\\\/www.vitalibera.org\\\/community\\\/#\\\/schema\\\/person\\\/6712387298421f222ff6d0a2e22c1534\"},\"headline\":\"Feeldom &#8211; Eine Tasche f\u00fcr alles\",\"datePublished\":\"2025-11-01T12:03:31+00:00\",\"dateModified\":\"2025-11-01T12:06:10+00:00\",\"mainEntityOfPage\":{\"@id\":\"http:\\\/\\\/www.vitalibera.org\\\/community\\\/2025\\\/11\\\/01\\\/3982\\\/\"},\"wordCount\":82,\"commentCount\":0,\"publisher\":{\"@id\":\"https:\\\/\\\/www.vitalibera.org\\\/community\\\/#organization\"},\"image\":{\"@id\":\"http:\\\/\\\/www.vitalibera.org\\\/community\\\/2025\\\/11\\\/01\\\/3982\\\/#primaryimage\"},\"thumbnailUrl\":\"https:\\\/\\\/www.vitalibera.org\\\/community\\\/wp-content\\\/uploads\\\/2025\\\/11\\\/feeldom1.png\",\"articleSection\":[\"Mobilit\u00e4t\"],\"inLanguage\":\"de\",\"potentialAction\":[{\"@type\":\"CommentAction\",\"name\":\"Comment\",\"target\":[\"http:\\\/\\\/www.vitalibera.org\\\/community\\\/2025\\\/11\\\/01\\\/3982\\\/#respond\"]}]},{\"@type\":\"WebPage\",\"@id\":\"http:\\\/\\\/www.vitalibera.org\\\/community\\\/2025\\\/11\\\/01\\\/3982\\\/\",\"url\":\"http:\\\/\\\/www.vitalibera.org\\\/community\\\/2025\\\/11\\\/01\\\/3982\\\/\",\"name\":\"Feeldom - Eine Tasche f\u00fcr alles - vitalibera.org\",\"isPartOf\":{\"@id\":\"https:\\\/\\\/www.vitalibera.org\\\/community\\\/#website\"},\"primaryImageOfPage\":{\"@id\":\"http:\\\/\\\/www.vitalibera.org\\\/community\\\/2025\\\/11\\\/01\\\/3982\\\/#primaryimage\"},\"image\":{\"@id\":\"http:\\\/\\\/www.vitalibera.org\\\/community\\\/2025\\\/11\\\/01\\\/3982\\\/#primaryimage\"},\"thumbnailUrl\":\"https:\\\/\\\/www.vitalibera.org\\\/community\\\/wp-content\\\/uploads\\\/2025\\\/11\\\/feeldom1.png\",\"datePublished\":\"2025-11-01T12:03:31+00:00\",\"dateModified\":\"2025-11-01T12:06:10+00:00\",\"breadcrumb\":{\"@id\":\"http:\\\/\\\/www.vitalibera.org\\\/community\\\/2025\\\/11\\\/01\\\/3982\\\/#breadcrumb\"},\"inLanguage\":\"de\",\"potentialAction\":[{\"@type\":\"ReadAction\",\"target\":[\"http:\\\/\\\/www.vitalibera.org\\\/community\\\/2025\\\/11\\\/01\\\/3982\\\/\"]}]},{\"@type\":\"BreadcrumbList\",\"@id\":\"http:\\\/\\\/www.vitalibera.org\\\/community\\\/2025\\\/11\\\/01\\\/3982\\\/#breadcrumb\",\"itemListElement\":[{\"@type\":\"ListItem\",\"position\":1,\"name\":\"Startseite\",\"item\":\"https:\\\/\\\/www.vitalibera.org\\\/community\\\/\"},{\"@type\":\"ListItem\",\"position\":2,\"name\":\"Feeldom &#8211; Eine Tasche f\u00fcr alles\"}]},{\"@type\":\"WebSite\",\"@id\":\"https:\\\/\\\/www.vitalibera.org\\\/community\\\/#website\",\"url\":\"https:\\\/\\\/www.vitalibera.org\\\/community\\\/\",\"name\":\"vitalibera.org\",\"description\":\"Mit einer Einschr&auml;nkung gestaltet sich das Leben im Alltag oft schwieriger - hier berichten wir &uuml;ber unsere Erfahrungen und Hilfsmittel um den Alltag so unbeschwert und unkompliziert wie nur m&ouml;glich geniessen zu k&ouml;nnen. Dabei richten wir unseren Fokus gezielt auf Selbst&auml;ndigkeit, Eigenst&auml;ndigkeit und Selbstbestimmung.\",\"publisher\":{\"@id\":\"https:\\\/\\\/www.vitalibera.org\\\/community\\\/#organization\"},\"potentialAction\":[{\"@type\":\"SearchAction\",\"target\":{\"@type\":\"EntryPoint\",\"urlTemplate\":\"https:\\\/\\\/www.vitalibera.org\\\/community\\\/?s={search_term_string}\"},\"query-input\":{\"@type\":\"PropertyValueSpecification\",\"valueRequired\":true,\"valueName\":\"search_term_string\"}}],\"inLanguage\":\"de\"},{\"@type\":\"Organization\",\"@id\":\"https:\\\/\\\/www.vitalibera.org\\\/community\\\/#organization\",\"name\":\"vitalibera.org\",\"url\":\"https:\\\/\\\/www.vitalibera.org\\\/community\\\/\",\"logo\":{\"@type\":\"ImageObject\",\"inLanguage\":\"de\",\"@id\":\"https:\\\/\\\/www.vitalibera.org\\\/community\\\/#\\\/schema\\\/logo\\\/image\\\/\",\"url\":\"https:\\\/\\\/www.vitalibera.org\\\/community\\\/wp-content\\\/uploads\\\/2025\\\/09\\\/cropped-banner.png\",\"contentUrl\":\"https:\\\/\\\/www.vitalibera.org\\\/community\\\/wp-content\\\/uploads\\\/2025\\\/09\\\/cropped-banner.png\",\"width\":991,\"height\":150,\"caption\":\"vitalibera.org\"},\"image\":{\"@id\":\"https:\\\/\\\/www.vitalibera.org\\\/community\\\/#\\\/schema\\\/logo\\\/image\\\/\"},\"sameAs\":[\"https:\\\/\\\/www.facebook.com\\\/groups\\\/2997085857140235\"]},{\"@type\":\"Person\",\"@id\":\"https:\\\/\\\/www.vitalibera.org\\\/community\\\/#\\\/schema\\\/person\\\/6712387298421f222ff6d0a2e22c1534\",\"name\":\"Andreas Jecklin\",\"image\":{\"@type\":\"ImageObject\",\"inLanguage\":\"de\",\"@id\":\"https:\\\/\\\/secure.gravatar.com\\\/avatar\\\/ad516503a11cd5ca435acc9bb6523536?s=96\",\"url\":\"https:\\\/\\\/secure.gravatar.com\\\/avatar\\\/ad516503a11cd5ca435acc9bb6523536?s=96\",\"contentUrl\":\"https:\\\/\\\/secure.gravatar.com\\\/avatar\\\/ad516503a11cd5ca435acc9bb6523536?s=96\",\"caption\":\"Andreas Jecklin\"},\"description\":\"Manchen gab Gott die Kraft Dinge zu ver\u00e4ndern, mir gab er die Kraft zu ertragen was nicht mehr zu \u00e4ndern ist.\",\"url\":\"https:\\\/\\\/www.vitalibera.org\\\/community\\\/author\\\/andy77\\\/\"}]}<\/script>\r\n<!-- \/ Yoast SEO plugin. -->","yoast_head_json":{"title":"Feeldom - Eine Tasche f\u00fcr alles - vitalibera.org","robots":{"index":"index","follow":"follow","max-snippet":"max-snippet:-1","max-image-preview":"max-image-preview:large","max-video-preview":"max-video-preview:-1"},"canonical":"http:\/\/www.vitalibera.org\/community\/2025\/11\/01\/3982\/","og_locale":"de_DE","og_type":"article","og_title":"Feeldom - Eine Tasche f\u00fcr alles - vitalibera.org","og_description":"Feeldom &#8211; Eine Tasche f\u00fcr alles Jedes Design wird in direkter Zusammenarbeit mit Menschen mit Behinderungen handgefertigt. So entstehen einzigartige und hochwertige Produkte, die von allen genutzt werden k\u00f6nnen und Mode und Funktion vereinen. Anpassbar an den K\u00f6rper oder verschiedene Mobilit\u00e4tshilfen Komfortables, benutzerfreundliches Design Isoliert, Wasserabweisend Abnehmbare Gurte Atmungsaktive, gepolsterte Schulter- und Griffpartie aus Air-Mesh ... Weiterlesen","og_url":"http:\/\/www.vitalibera.org\/community\/2025\/11\/01\/3982\/","og_site_name":"vitalibera.org","article_publisher":"https:\/\/www.facebook.com\/groups\/2997085857140235","article_published_time":"2025-11-01T12:03:31+00:00","article_modified_time":"2025-11-01T12:06:10+00:00","og_image":[{"width":590,"height":731,"url":"http:\/\/www.vitalibera.org\/community\/wp-content\/uploads\/2025\/11\/feeldom1.png","type":"image\/png"}],"author":"Andreas Jecklin","twitter_card":"summary_large_image","twitter_misc":{"Verfasst von":"Andreas Jecklin","Gesch\u00e4tzte Lesezeit":"2\u00a0Minuten"},"schema":{"@context":"https:\/\/schema.org","@graph":[{"@type":"Article","@id":"http:\/\/www.vitalibera.org\/community\/2025\/11\/01\/3982\/#article","isPartOf":{"@id":"http:\/\/www.vitalibera.org\/community\/2025\/11\/01\/3982\/"},"author":{"name":"Andreas Jecklin","@id":"https:\/\/www.vitalibera.org\/community\/#\/schema\/person\/6712387298421f222ff6d0a2e22c1534"},"headline":"Feeldom &#8211; Eine Tasche f\u00fcr alles","datePublished":"2025-11-01T12:03:31+00:00","dateModified":"2025-11-01T12:06:10+00:00","mainEntityOfPage":{"@id":"http:\/\/www.vitalibera.org\/community\/2025\/11\/01\/3982\/"},"wordCount":82,"commentCount":0,"publisher":{"@id":"https:\/\/www.vitalibera.org\/community\/#organization"},"image":{"@id":"http:\/\/www.vitalibera.org\/community\/2025\/11\/01\/3982\/#primaryimage"},"thumbnailUrl":"https:\/\/www.vitalibera.org\/community\/wp-content\/uploads\/2025\/11\/feeldom1.png","articleSection":["Mobilit\u00e4t"],"inLanguage":"de","potentialAction":[{"@type":"CommentAction","name":"Comment","target":["http:\/\/www.vitalibera.org\/community\/2025\/11\/01\/3982\/#respond"]}]},{"@type":"WebPage","@id":"http:\/\/www.vitalibera.org\/community\/2025\/11\/01\/3982\/","url":"http:\/\/www.vitalibera.org\/community\/2025\/11\/01\/3982\/","name":"Feeldom - Eine Tasche f\u00fcr alles - vitalibera.org","isPartOf":{"@id":"https:\/\/www.vitalibera.org\/community\/#website"},"primaryImageOfPage":{"@id":"http:\/\/www.vitalibera.org\/community\/2025\/11\/01\/3982\/#primaryimage"},"image":{"@id":"http:\/\/www.vitalibera.org\/community\/2025\/11\/01\/3982\/#primaryimage"},"thumbnailUrl":"https:\/\/www.vitalibera.org\/community\/wp-content\/uploads\/2025\/11\/feeldom1.png","datePublished":"2025-11-01T12:03:31+00:00","dateModified":"2025-11-01T12:06:10+00:00","breadcrumb":{"@id":"http:\/\/www.vitalibera.org\/community\/2025\/11\/01\/3982\/#breadcrumb"},"inLanguage":"de","potentialAction":[{"@type":"ReadAction","target":["http:\/\/www.vitalibera.org\/community\/2025\/11\/01\/3982\/"]}]},{"@type":"BreadcrumbList","@id":"http:\/\/www.vitalibera.org\/community\/2025\/11\/01\/3982\/#breadcrumb","itemListElement":[{"@type":"ListItem","position":1,"name":"Startseite","item":"https:\/\/www.vitalibera.org\/community\/"},{"@type":"ListItem","position":2,"name":"Feeldom &#8211; Eine Tasche f\u00fcr alles"}]},{"@type":"WebSite","@id":"https:\/\/www.vitalibera.org\/community\/#website","url":"https:\/\/www.vitalibera.org\/community\/","name":"vitalibera.org","description":"Mit einer Einschr&auml;nkung gestaltet sich das Leben im Alltag oft schwieriger - hier berichten wir &uuml;ber unsere Erfahrungen und Hilfsmittel um den Alltag so unbeschwert und unkompliziert wie nur m&ouml;glich geniessen zu k&ouml;nnen. Dabei richten wir unseren Fokus gezielt auf Selbst&auml;ndigkeit, Eigenst&auml;ndigkeit und Selbstbestimmung.","publisher":{"@id":"https:\/\/www.vitalibera.org\/community\/#organization"},"potentialAction":[{"@type":"SearchAction","target":{"@type":"EntryPoint","urlTemplate":"https:\/\/www.vitalibera.org\/community\/?s={search_term_string}"},"query-input":{"@type":"PropertyValueSpecification","valueRequired":true,"valueName":"search_term_string"}}],"inLanguage":"de"},{"@type":"Organization","@id":"https:\/\/www.vitalibera.org\/community\/#organization","name":"vitalibera.org","url":"https:\/\/www.vitalibera.org\/community\/","logo":{"@type":"ImageObject","inLanguage":"de","@id":"https:\/\/www.vitalibera.org\/community\/#\/schema\/logo\/image\/","url":"https:\/\/www.vitalibera.org\/community\/wp-content\/uploads\/2025\/09\/cropped-banner.png","contentUrl":"https:\/\/www.vitalibera.org\/community\/wp-content\/uploads\/2025\/09\/cropped-banner.png","width":991,"height":150,"caption":"vitalibera.org"},"image":{"@id":"https:\/\/www.vitalibera.org\/community\/#\/schema\/logo\/image\/"},"sameAs":["https:\/\/www.facebook.com\/groups\/2997085857140235"]},{"@type":"Person","@id":"https:\/\/www.vitalibera.org\/community\/#\/schema\/person\/6712387298421f222ff6d0a2e22c1534","name":"Andreas Jecklin","image":{"@type":"ImageObject","inLanguage":"de","@id":"https:\/\/secure.gravatar.com\/avatar\/ad516503a11cd5ca435acc9bb6523536?s=96","url":"https:\/\/secure.gravatar.com\/avatar\/ad516503a11cd5ca435acc9bb6523536?s=96","contentUrl":"https:\/\/secure.gravatar.com\/avatar\/ad516503a11cd5ca435acc9bb6523536?s=96","caption":"Andreas Jecklin"},"description":"Manchen gab Gott die Kraft Dinge zu ver\u00e4ndern, mir gab er die Kraft zu ertragen was nicht mehr zu \u00e4ndern ist.","url":"https:\/\/www.vitalibera.org\/community\/author\/andy77\/"}]}},"jetpack_featured_media_url":"https:\/\/www.vitalibera.org\/community\/wp-content\/uploads\/2025\/11\/feeldom1.png","jetpack_sharing_enabled":true,"jetpack-related-posts":[],"_links":{"self":[{"href":"https:\/\/www.vitalibera.org\/community\/wp-json\/wp\/v2\/posts\/3982","targetHints":{"allow":["GET"]}}],"collection":[{"href":"https:\/\/www.vitalibera.org\/community\/wp-json\/wp\/v2\/posts"}],"about":[{"href":"https:\/\/www.vitalibera.org\/community\/wp-json\/wp\/v2\/types\/post"}],"author":[{"embeddable":true,"href":"https:\/\/www.vitalibera.org\/community\/wp-json\/wp\/v2\/users\/2"}],"replies":[{"embeddable":true,"href":"https:\/\/www.vitalibera.org\/community\/wp-json\/wp\/v2\/comments?post=3982"}],"version-history":[{"count":0,"href":"https:\/\/www.vitalibera.org\/community\/wp-json\/wp\/v2\/posts\/3982\/revisions"}],"wp:featuredmedia":[{"embeddable":true,"href":"https:\/\/www.vitalibera.org\/community\/wp-json\/wp\/v2\/media\/3984"}],"wp:attachment":[{"href":"https:\/\/www.vitalibera.org\/community\/wp-json\/wp\/v2\/media?parent=3982"}],"wp:term":[{"taxonomy":"category","embeddable":true,"href":"https:\/\/www.vitalibera.org\/community\/wp-json\/wp\/v2\/categories?post=3982"},{"taxonomy":"post_tag","embeddable":true,"href":"https:\/\/www.vitalibera.org\/community\/wp-json\/wp\/v2\/tags?post=3982"}],"curies":[{"name":"wp","href":"https:\/\/api.w.org\/{rel}","templated":true}]}}