{"id":4017,"date":"2025-11-05T00:05:16","date_gmt":"2025-11-04T23:05:16","guid":{"rendered":"https:\/\/www.vitalibera.org\/community\/?p=4017"},"modified":"2025-11-05T00:05:20","modified_gmt":"2025-11-04T23:05:20","slug":"fahrradfahren-nach-schlaganfall","status":"publish","type":"post","link":"https:\/\/www.vitalibera.org\/community\/2025\/11\/05\/fahrradfahren-nach-schlaganfall\/","title":{"rendered":"Fahrradfahren nach Schlaganfall"},"content":{"rendered":"\n<div class=\"wp-block-media-text is-stacked-on-mobile is-vertically-aligned-top\"><figure class=\"wp-block-media-text__media\"><img fetchpriority=\"high\" decoding=\"async\" width=\"750\" height=\"422\" src=\"https:\/\/www.vitalibera.org\/community\/wp-content\/uploads\/2025\/11\/schlaganfall-fahrrad-750x422-1.jpg\" alt=\"\" class=\"wp-image-4018 size-full\" srcset=\"https:\/\/www.vitalibera.org\/community\/wp-content\/uploads\/2025\/11\/schlaganfall-fahrrad-750x422-1.jpg 750w, https:\/\/www.vitalibera.org\/community\/wp-content\/uploads\/2025\/11\/schlaganfall-fahrrad-750x422-1-300x169.jpg 300w\" sizes=\"(max-width: 750px) 100vw, 750px\" \/><\/figure><div class=\"wp-block-media-text__content\">\n<p><strong>Je nach der Schwere der <a href=\"https:\/\/www.vitalibera.org\/community\/enzyklopaedie\/schlaganfall\/\" target=\"_self\" title=\"Ein Schlaganfall, auch Hirnschlag oder Apoplex genannt, ist eine&nbsp;pl&ouml;tzlich auftretende Durchblutungsst&ouml;rung im Gehirn, die dazu f&uuml;hrt, dass Gehirnzellen nicht mehr ausreichend mit Sauerstoff und N&auml;hrstoffen versorgt werden.&nbsp;Dies kann zu bleibenden Sch&auml;den oder sogar zum Absterben von Hirnzellen f&uuml;hren, wenn die Durchblutung nicht schnell wiederhergestellt wird.&nbsp; Einfach erkl&auml;rt: Stellen Sie sich vor, ein Teil Ihres Gehirns&hellip;\" class=\"encyclopedia\">Schlaganfall<\/a>-Folgen kann es erforderlich sein, die bevorzugten k&ouml;rperlichen Aktivit&auml;ten an die neuen Umst&auml;nde anzupassen<\/strong>. Ein gutes Beispiel hierf&uuml;r stellt das Fahrradfahren dar: In manchen F&auml;llen kann es bereits ausreichen, Sattel, Pedale und Lenker beim Fahrradh&auml;ndler anpassen zu lassen. Vor allem ein niedrigerer Sattel kann den Schwerpunkt verlagern und mehr Sicherheit und Halt geben.<\/p>\n\n\n\n<p>Ist es einem <a href=\"https:\/\/www.vitalibera.org\/community\/enzyklopaedie\/schlaganfall\/\" target=\"_self\" title=\"Ein Schlaganfall, auch Hirnschlag oder Apoplex genannt, ist eine&nbsp;pl&ouml;tzlich auftretende Durchblutungsst&ouml;rung im Gehirn, die dazu f&uuml;hrt, dass Gehirnzellen nicht mehr ausreichend mit Sauerstoff und N&auml;hrstoffen versorgt werden.&nbsp;Dies kann zu bleibenden Sch&auml;den oder sogar zum Absterben von Hirnzellen f&uuml;hren, wenn die Durchblutung nicht schnell wiederhergestellt wird.&nbsp; Einfach erkl&auml;rt: Stellen Sie sich vor, ein Teil Ihres Gehirns&hellip;\" class=\"encyclopedia\">Schlaganfall<\/a>-Patienten nicht m&ouml;glich, mit seinem bisherigen Fahrrad zu fahren, kann eine andere Art von Fahrrad den gew&uuml;nschten Erfolg bringen. Eine tolle Alternative stellen zum Beispiel Fahrr&auml;der mit drei R&auml;dern dar. Diese gibt es in zwei Ausf&uuml;hrungen: als Sitz-Dreirad und als Liege-Dreirad. Solche Alternativen bieten <a href=\"https:\/\/www.vitalibera.org\/community\/enzyklopaedie\/schlaganfall\/\" target=\"_self\" title=\"Ein Schlaganfall, auch Hirnschlag oder Apoplex genannt, ist eine&nbsp;pl&ouml;tzlich auftretende Durchblutungsst&ouml;rung im Gehirn, die dazu f&uuml;hrt, dass Gehirnzellen nicht mehr ausreichend mit Sauerstoff und N&auml;hrstoffen versorgt werden.&nbsp;Dies kann zu bleibenden Sch&auml;den oder sogar zum Absterben von Hirnzellen f&uuml;hren, wenn die Durchblutung nicht schnell wiederhergestellt wird.&nbsp; Einfach erkl&auml;rt: Stellen Sie sich vor, ein Teil Ihres Gehirns&hellip;\" class=\"encyclopedia\">Schlaganfall<\/a>-Betroffenen Sicherheit, vor allem bei Gleichgewichtsst&ouml;rungen.<\/p>\n\n\n\n<p><strong>Wenn <a href=\"https:\/\/www.vitalibera.org\/community\/2026\/04\/19\/wenn-reize-laut-werden-und-menschen-leise\/\">Betroffene<\/a> vor dem <a href=\"https:\/\/www.vitalibera.org\/community\/enzyklopaedie\/schlaganfall\/\" target=\"_self\" title=\"Ein Schlaganfall, auch Hirnschlag oder Apoplex genannt, ist eine&nbsp;pl&ouml;tzlich auftretende Durchblutungsst&ouml;rung im Gehirn, die dazu f&uuml;hrt, dass Gehirnzellen nicht mehr ausreichend mit Sauerstoff und N&auml;hrstoffen versorgt werden.&nbsp;Dies kann zu bleibenden Sch&auml;den oder sogar zum Absterben von Hirnzellen f&uuml;hren, wenn die Durchblutung nicht schnell wiederhergestellt wird.&nbsp; Einfach erkl&auml;rt: Stellen Sie sich vor, ein Teil Ihres Gehirns&hellip;\" class=\"encyclopedia\">Schlaganfall<\/a> gerne mit ihrer Partnerin oder ihrem Partner Fahrrad gefahren sind, k&ouml;nnte ein Tandem-Fahrrad die richtige Wahl sein<\/strong>. Ist vorwiegend das Pedalieren f&uuml;r Betroffene zu schwer, kann ein Laufrad helfen. Die M&ouml;glichkeiten sind vielf&auml;ltig und k&ouml;nnen nach einem <a href=\"https:\/\/www.vitalibera.org\/community\/enzyklopaedie\/schlaganfall\/\" target=\"_self\" title=\"Ein Schlaganfall, auch Hirnschlag oder Apoplex genannt, ist eine&nbsp;pl&ouml;tzlich auftretende Durchblutungsst&ouml;rung im Gehirn, die dazu f&uuml;hrt, dass Gehirnzellen nicht mehr ausreichend mit Sauerstoff und N&auml;hrstoffen versorgt werden.&nbsp;Dies kann zu bleibenden Sch&auml;den oder sogar zum Absterben von Hirnzellen f&uuml;hren, wenn die Durchblutung nicht schnell wiederhergestellt wird.&nbsp; Einfach erkl&auml;rt: Stellen Sie sich vor, ein Teil Ihres Gehirns&hellip;\" class=\"encyclopedia\">Schlaganfall<\/a> helfen, die Freude am Fahrradfahren zur&uuml;ckzubringen &ndash; auch wenn das bisherige Fahrrad gegen eine Alternative getauscht wird.<\/p>\n<\/div><\/div>\n\n\n\n<figure class=\"wp-block-image size-large\"><img decoding=\"async\" width=\"1024\" height=\"682\" src=\"https:\/\/www.vitalibera.org\/community\/wp-content\/uploads\/2025\/11\/fahrrad-alternativen-1024x682.jpg\" alt=\"\" class=\"wp-image-4019\" srcset=\"https:\/\/www.vitalibera.org\/community\/wp-content\/uploads\/2025\/11\/fahrrad-alternativen-1024x682.jpg 1024w, https:\/\/www.vitalibera.org\/community\/wp-content\/uploads\/2025\/11\/fahrrad-alternativen-300x200.jpg 300w, https:\/\/www.vitalibera.org\/community\/wp-content\/uploads\/2025\/11\/fahrrad-alternativen-768x512.jpg 768w, https:\/\/www.vitalibera.org\/community\/wp-content\/uploads\/2025\/11\/fahrrad-alternativen-1536x1024.jpg 1536w, https:\/\/www.vitalibera.org\/community\/wp-content\/uploads\/2025\/11\/fahrrad-alternativen.jpg 2000w\" sizes=\"(max-width: 1024px) 100vw, 1024px\" \/><\/figure>\n","protected":false},"excerpt":{"rendered":"<p>Je nach der Schwere der Schlaganfall-Folgen kann es erforderlich sein, die bevorzugten k\u00f6rperlichen Aktivit\u00e4ten an die neuen Umst\u00e4nde anzupassen. Ein gutes Beispiel hierf\u00fcr stellt das Fahrradfahren dar: In manchen F\u00e4llen kann es bereits ausreichen, Sattel, Pedale und Lenker beim Fahrradh\u00e4ndler anpassen zu lassen. Vor allem ein niedrigerer Sattel kann den Schwerpunkt verlagern und mehr Sicherheit &#8230; <a title=\"Fahrradfahren nach Schlaganfall\" class=\"read-more\" href=\"https:\/\/www.vitalibera.org\/community\/2025\/11\/05\/fahrradfahren-nach-schlaganfall\/\" aria-label=\"Mehr Informationen \u00fcber Fahrradfahren nach Schlaganfall\">Weiterlesen<\/a><\/p>\n","protected":false},"author":2,"featured_media":4018,"comment_status":"open","ping_status":"open","sticky":false,"template":"","format":"standard","meta":{"cybocfi_hide_featured_image":"","_jetpack_memberships_contains_paid_content":false,"footnotes":""},"categories":[41,75],"tags":[],"class_list":["post-4017","post","type-post","status-publish","format-standard","has-post-thumbnail","hentry","category-freizeit-hobbies","category-mobilitaet"],"yoast_head":"<!-- This site is optimized with the Yoast SEO plugin v27.4 - https:\/\/yoast.com\/product\/yoast-seo-wordpress\/ -->\r\n<title>Fahrradfahren nach Schlaganfall - vitalibera.org<\/title>\r\n<meta name=\"robots\" content=\"index, follow, max-snippet:-1, max-image-preview:large, max-video-preview:-1\" \/>\r\n<link rel=\"canonical\" href=\"http:\/\/www.vitalibera.org\/community\/2025\/11\/05\/fahrradfahren-nach-schlaganfall\/\" \/>\r\n<meta property=\"og:locale\" content=\"de_DE\" \/>\r\n<meta property=\"og:type\" content=\"article\" \/>\r\n<meta property=\"og:title\" content=\"Fahrradfahren nach Schlaganfall - vitalibera.org\" \/>\r\n<meta property=\"og:description\" content=\"Je nach der Schwere der Schlaganfall-Folgen kann es erforderlich sein, die bevorzugten k\u00f6rperlichen Aktivit\u00e4ten an die neuen Umst\u00e4nde anzupassen. Ein gutes Beispiel hierf\u00fcr stellt das Fahrradfahren dar: In manchen F\u00e4llen kann es bereits ausreichen, Sattel, Pedale und Lenker beim Fahrradh\u00e4ndler anpassen zu lassen. Vor allem ein niedrigerer Sattel kann den Schwerpunkt verlagern und mehr Sicherheit ... Weiterlesen\" \/>\r\n<meta property=\"og:url\" content=\"http:\/\/www.vitalibera.org\/community\/2025\/11\/05\/fahrradfahren-nach-schlaganfall\/\" \/>\r\n<meta property=\"og:site_name\" content=\"vitalibera.org\" \/>\r\n<meta property=\"article:publisher\" content=\"https:\/\/www.facebook.com\/groups\/2997085857140235\" \/>\r\n<meta property=\"article:published_time\" content=\"2025-11-04T23:05:16+00:00\" \/>\r\n<meta property=\"article:modified_time\" content=\"2025-11-04T23:05:20+00:00\" \/>\r\n<meta property=\"og:image\" content=\"http:\/\/www.vitalibera.org\/community\/wp-content\/uploads\/2025\/11\/schlaganfall-fahrrad-750x422-1.jpg\" \/>\r\n\t<meta property=\"og:image:width\" content=\"750\" \/>\r\n\t<meta property=\"og:image:height\" content=\"422\" \/>\r\n\t<meta property=\"og:image:type\" content=\"image\/jpeg\" \/>\r\n<meta name=\"author\" content=\"Andreas Jecklin\" \/>\r\n<meta name=\"twitter:card\" content=\"summary_large_image\" \/>\r\n<meta name=\"twitter:label1\" content=\"Verfasst von\" \/>\n\t<meta name=\"twitter:data1\" content=\"Andreas Jecklin\" \/>\n\t<meta name=\"twitter:label2\" content=\"Gesch\u00e4tzte Lesezeit\" \/>\n\t<meta name=\"twitter:data2\" content=\"2\u00a0Minuten\" \/>\r\n<script type=\"application\/ld+json\" class=\"yoast-schema-graph\">{\"@context\":\"https:\\\/\\\/schema.org\",\"@graph\":[{\"@type\":\"Article\",\"@id\":\"http:\\\/\\\/www.vitalibera.org\\\/community\\\/2025\\\/11\\\/05\\\/fahrradfahren-nach-schlaganfall\\\/#article\",\"isPartOf\":{\"@id\":\"http:\\\/\\\/www.vitalibera.org\\\/community\\\/2025\\\/11\\\/05\\\/fahrradfahren-nach-schlaganfall\\\/\"},\"author\":{\"name\":\"Andreas Jecklin\",\"@id\":\"https:\\\/\\\/www.vitalibera.org\\\/community\\\/#\\\/schema\\\/person\\\/6712387298421f222ff6d0a2e22c1534\"},\"headline\":\"Fahrradfahren nach Schlaganfall\",\"datePublished\":\"2025-11-04T23:05:16+00:00\",\"dateModified\":\"2025-11-04T23:05:20+00:00\",\"mainEntityOfPage\":{\"@id\":\"http:\\\/\\\/www.vitalibera.org\\\/community\\\/2025\\\/11\\\/05\\\/fahrradfahren-nach-schlaganfall\\\/\"},\"wordCount\":191,\"commentCount\":0,\"publisher\":{\"@id\":\"https:\\\/\\\/www.vitalibera.org\\\/community\\\/#organization\"},\"image\":{\"@id\":\"http:\\\/\\\/www.vitalibera.org\\\/community\\\/2025\\\/11\\\/05\\\/fahrradfahren-nach-schlaganfall\\\/#primaryimage\"},\"thumbnailUrl\":\"https:\\\/\\\/www.vitalibera.org\\\/community\\\/wp-content\\\/uploads\\\/2025\\\/11\\\/schlaganfall-fahrrad-750x422-1.jpg\",\"articleSection\":[\"Freizeit &amp; Hobbies\",\"Mobilit\u00e4t\"],\"inLanguage\":\"de\",\"potentialAction\":[{\"@type\":\"CommentAction\",\"name\":\"Comment\",\"target\":[\"http:\\\/\\\/www.vitalibera.org\\\/community\\\/2025\\\/11\\\/05\\\/fahrradfahren-nach-schlaganfall\\\/#respond\"]}]},{\"@type\":\"WebPage\",\"@id\":\"http:\\\/\\\/www.vitalibera.org\\\/community\\\/2025\\\/11\\\/05\\\/fahrradfahren-nach-schlaganfall\\\/\",\"url\":\"http:\\\/\\\/www.vitalibera.org\\\/community\\\/2025\\\/11\\\/05\\\/fahrradfahren-nach-schlaganfall\\\/\",\"name\":\"Fahrradfahren nach Schlaganfall - vitalibera.org\",\"isPartOf\":{\"@id\":\"https:\\\/\\\/www.vitalibera.org\\\/community\\\/#website\"},\"primaryImageOfPage\":{\"@id\":\"http:\\\/\\\/www.vitalibera.org\\\/community\\\/2025\\\/11\\\/05\\\/fahrradfahren-nach-schlaganfall\\\/#primaryimage\"},\"image\":{\"@id\":\"http:\\\/\\\/www.vitalibera.org\\\/community\\\/2025\\\/11\\\/05\\\/fahrradfahren-nach-schlaganfall\\\/#primaryimage\"},\"thumbnailUrl\":\"https:\\\/\\\/www.vitalibera.org\\\/community\\\/wp-content\\\/uploads\\\/2025\\\/11\\\/schlaganfall-fahrrad-750x422-1.jpg\",\"datePublished\":\"2025-11-04T23:05:16+00:00\",\"dateModified\":\"2025-11-04T23:05:20+00:00\",\"breadcrumb\":{\"@id\":\"http:\\\/\\\/www.vitalibera.org\\\/community\\\/2025\\\/11\\\/05\\\/fahrradfahren-nach-schlaganfall\\\/#breadcrumb\"},\"inLanguage\":\"de\",\"potentialAction\":[{\"@type\":\"ReadAction\",\"target\":[\"http:\\\/\\\/www.vitalibera.org\\\/community\\\/2025\\\/11\\\/05\\\/fahrradfahren-nach-schlaganfall\\\/\"]}]},{\"@type\":\"ImageObject\",\"inLanguage\":\"de\",\"@id\":\"http:\\\/\\\/www.vitalibera.org\\\/community\\\/2025\\\/11\\\/05\\\/fahrradfahren-nach-schlaganfall\\\/#primaryimage\",\"url\":\"https:\\\/\\\/www.vitalibera.org\\\/community\\\/wp-content\\\/uploads\\\/2025\\\/11\\\/schlaganfall-fahrrad-750x422-1.jpg\",\"contentUrl\":\"https:\\\/\\\/www.vitalibera.org\\\/community\\\/wp-content\\\/uploads\\\/2025\\\/11\\\/schlaganfall-fahrrad-750x422-1.jpg\",\"width\":750,\"height\":422},{\"@type\":\"BreadcrumbList\",\"@id\":\"http:\\\/\\\/www.vitalibera.org\\\/community\\\/2025\\\/11\\\/05\\\/fahrradfahren-nach-schlaganfall\\\/#breadcrumb\",\"itemListElement\":[{\"@type\":\"ListItem\",\"position\":1,\"name\":\"Startseite\",\"item\":\"https:\\\/\\\/www.vitalibera.org\\\/community\\\/\"},{\"@type\":\"ListItem\",\"position\":2,\"name\":\"Fahrradfahren nach Schlaganfall\"}]},{\"@type\":\"WebSite\",\"@id\":\"https:\\\/\\\/www.vitalibera.org\\\/community\\\/#website\",\"url\":\"https:\\\/\\\/www.vitalibera.org\\\/community\\\/\",\"name\":\"vitalibera.org\",\"description\":\"Mit einer Einschr&auml;nkung gestaltet sich das Leben im Alltag oft schwieriger - hier berichten wir &uuml;ber unsere Erfahrungen und Hilfsmittel um den Alltag so unbeschwert und unkompliziert wie nur m&ouml;glich geniessen zu k&ouml;nnen. Dabei richten wir unseren Fokus gezielt auf Selbst&auml;ndigkeit, Eigenst&auml;ndigkeit und Selbstbestimmung.\",\"publisher\":{\"@id\":\"https:\\\/\\\/www.vitalibera.org\\\/community\\\/#organization\"},\"potentialAction\":[{\"@type\":\"SearchAction\",\"target\":{\"@type\":\"EntryPoint\",\"urlTemplate\":\"https:\\\/\\\/www.vitalibera.org\\\/community\\\/?s={search_term_string}\"},\"query-input\":{\"@type\":\"PropertyValueSpecification\",\"valueRequired\":true,\"valueName\":\"search_term_string\"}}],\"inLanguage\":\"de\"},{\"@type\":\"Organization\",\"@id\":\"https:\\\/\\\/www.vitalibera.org\\\/community\\\/#organization\",\"name\":\"vitalibera.org\",\"url\":\"https:\\\/\\\/www.vitalibera.org\\\/community\\\/\",\"logo\":{\"@type\":\"ImageObject\",\"inLanguage\":\"de\",\"@id\":\"https:\\\/\\\/www.vitalibera.org\\\/community\\\/#\\\/schema\\\/logo\\\/image\\\/\",\"url\":\"https:\\\/\\\/www.vitalibera.org\\\/community\\\/wp-content\\\/uploads\\\/2025\\\/09\\\/cropped-banner.png\",\"contentUrl\":\"https:\\\/\\\/www.vitalibera.org\\\/community\\\/wp-content\\\/uploads\\\/2025\\\/09\\\/cropped-banner.png\",\"width\":991,\"height\":150,\"caption\":\"vitalibera.org\"},\"image\":{\"@id\":\"https:\\\/\\\/www.vitalibera.org\\\/community\\\/#\\\/schema\\\/logo\\\/image\\\/\"},\"sameAs\":[\"https:\\\/\\\/www.facebook.com\\\/groups\\\/2997085857140235\"]},{\"@type\":\"Person\",\"@id\":\"https:\\\/\\\/www.vitalibera.org\\\/community\\\/#\\\/schema\\\/person\\\/6712387298421f222ff6d0a2e22c1534\",\"name\":\"Andreas Jecklin\",\"image\":{\"@type\":\"ImageObject\",\"inLanguage\":\"de\",\"@id\":\"https:\\\/\\\/secure.gravatar.com\\\/avatar\\\/ad516503a11cd5ca435acc9bb6523536?s=96\",\"url\":\"https:\\\/\\\/secure.gravatar.com\\\/avatar\\\/ad516503a11cd5ca435acc9bb6523536?s=96\",\"contentUrl\":\"https:\\\/\\\/secure.gravatar.com\\\/avatar\\\/ad516503a11cd5ca435acc9bb6523536?s=96\",\"caption\":\"Andreas Jecklin\"},\"description\":\"Manchen gab Gott die Kraft Dinge zu ver\u00e4ndern, mir gab er die Kraft zu ertragen was nicht mehr zu \u00e4ndern ist.\",\"url\":\"https:\\\/\\\/www.vitalibera.org\\\/community\\\/author\\\/andy77\\\/\"}]}<\/script>\r\n<!-- \/ Yoast SEO plugin. -->","yoast_head_json":{"title":"Fahrradfahren nach Schlaganfall - vitalibera.org","robots":{"index":"index","follow":"follow","max-snippet":"max-snippet:-1","max-image-preview":"max-image-preview:large","max-video-preview":"max-video-preview:-1"},"canonical":"http:\/\/www.vitalibera.org\/community\/2025\/11\/05\/fahrradfahren-nach-schlaganfall\/","og_locale":"de_DE","og_type":"article","og_title":"Fahrradfahren nach Schlaganfall - vitalibera.org","og_description":"Je nach der Schwere der Schlaganfall-Folgen kann es erforderlich sein, die bevorzugten k\u00f6rperlichen Aktivit\u00e4ten an die neuen Umst\u00e4nde anzupassen. Ein gutes Beispiel hierf\u00fcr stellt das Fahrradfahren dar: In manchen F\u00e4llen kann es bereits ausreichen, Sattel, Pedale und Lenker beim Fahrradh\u00e4ndler anpassen zu lassen. Vor allem ein niedrigerer Sattel kann den Schwerpunkt verlagern und mehr Sicherheit ... Weiterlesen","og_url":"http:\/\/www.vitalibera.org\/community\/2025\/11\/05\/fahrradfahren-nach-schlaganfall\/","og_site_name":"vitalibera.org","article_publisher":"https:\/\/www.facebook.com\/groups\/2997085857140235","article_published_time":"2025-11-04T23:05:16+00:00","article_modified_time":"2025-11-04T23:05:20+00:00","og_image":[{"width":750,"height":422,"url":"http:\/\/www.vitalibera.org\/community\/wp-content\/uploads\/2025\/11\/schlaganfall-fahrrad-750x422-1.jpg","type":"image\/jpeg"}],"author":"Andreas Jecklin","twitter_card":"summary_large_image","twitter_misc":{"Verfasst von":"Andreas Jecklin","Gesch\u00e4tzte Lesezeit":"2\u00a0Minuten"},"schema":{"@context":"https:\/\/schema.org","@graph":[{"@type":"Article","@id":"http:\/\/www.vitalibera.org\/community\/2025\/11\/05\/fahrradfahren-nach-schlaganfall\/#article","isPartOf":{"@id":"http:\/\/www.vitalibera.org\/community\/2025\/11\/05\/fahrradfahren-nach-schlaganfall\/"},"author":{"name":"Andreas Jecklin","@id":"https:\/\/www.vitalibera.org\/community\/#\/schema\/person\/6712387298421f222ff6d0a2e22c1534"},"headline":"Fahrradfahren nach Schlaganfall","datePublished":"2025-11-04T23:05:16+00:00","dateModified":"2025-11-04T23:05:20+00:00","mainEntityOfPage":{"@id":"http:\/\/www.vitalibera.org\/community\/2025\/11\/05\/fahrradfahren-nach-schlaganfall\/"},"wordCount":191,"commentCount":0,"publisher":{"@id":"https:\/\/www.vitalibera.org\/community\/#organization"},"image":{"@id":"http:\/\/www.vitalibera.org\/community\/2025\/11\/05\/fahrradfahren-nach-schlaganfall\/#primaryimage"},"thumbnailUrl":"https:\/\/www.vitalibera.org\/community\/wp-content\/uploads\/2025\/11\/schlaganfall-fahrrad-750x422-1.jpg","articleSection":["Freizeit &amp; Hobbies","Mobilit\u00e4t"],"inLanguage":"de","potentialAction":[{"@type":"CommentAction","name":"Comment","target":["http:\/\/www.vitalibera.org\/community\/2025\/11\/05\/fahrradfahren-nach-schlaganfall\/#respond"]}]},{"@type":"WebPage","@id":"http:\/\/www.vitalibera.org\/community\/2025\/11\/05\/fahrradfahren-nach-schlaganfall\/","url":"http:\/\/www.vitalibera.org\/community\/2025\/11\/05\/fahrradfahren-nach-schlaganfall\/","name":"Fahrradfahren nach Schlaganfall - vitalibera.org","isPartOf":{"@id":"https:\/\/www.vitalibera.org\/community\/#website"},"primaryImageOfPage":{"@id":"http:\/\/www.vitalibera.org\/community\/2025\/11\/05\/fahrradfahren-nach-schlaganfall\/#primaryimage"},"image":{"@id":"http:\/\/www.vitalibera.org\/community\/2025\/11\/05\/fahrradfahren-nach-schlaganfall\/#primaryimage"},"thumbnailUrl":"https:\/\/www.vitalibera.org\/community\/wp-content\/uploads\/2025\/11\/schlaganfall-fahrrad-750x422-1.jpg","datePublished":"2025-11-04T23:05:16+00:00","dateModified":"2025-11-04T23:05:20+00:00","breadcrumb":{"@id":"http:\/\/www.vitalibera.org\/community\/2025\/11\/05\/fahrradfahren-nach-schlaganfall\/#breadcrumb"},"inLanguage":"de","potentialAction":[{"@type":"ReadAction","target":["http:\/\/www.vitalibera.org\/community\/2025\/11\/05\/fahrradfahren-nach-schlaganfall\/"]}]},{"@type":"ImageObject","inLanguage":"de","@id":"http:\/\/www.vitalibera.org\/community\/2025\/11\/05\/fahrradfahren-nach-schlaganfall\/#primaryimage","url":"https:\/\/www.vitalibera.org\/community\/wp-content\/uploads\/2025\/11\/schlaganfall-fahrrad-750x422-1.jpg","contentUrl":"https:\/\/www.vitalibera.org\/community\/wp-content\/uploads\/2025\/11\/schlaganfall-fahrrad-750x422-1.jpg","width":750,"height":422},{"@type":"BreadcrumbList","@id":"http:\/\/www.vitalibera.org\/community\/2025\/11\/05\/fahrradfahren-nach-schlaganfall\/#breadcrumb","itemListElement":[{"@type":"ListItem","position":1,"name":"Startseite","item":"https:\/\/www.vitalibera.org\/community\/"},{"@type":"ListItem","position":2,"name":"Fahrradfahren nach Schlaganfall"}]},{"@type":"WebSite","@id":"https:\/\/www.vitalibera.org\/community\/#website","url":"https:\/\/www.vitalibera.org\/community\/","name":"vitalibera.org","description":"Mit einer Einschr&auml;nkung gestaltet sich das Leben im Alltag oft schwieriger - hier berichten wir &uuml;ber unsere Erfahrungen und Hilfsmittel um den Alltag so unbeschwert und unkompliziert wie nur m&ouml;glich geniessen zu k&ouml;nnen. Dabei richten wir unseren Fokus gezielt auf Selbst&auml;ndigkeit, Eigenst&auml;ndigkeit und Selbstbestimmung.","publisher":{"@id":"https:\/\/www.vitalibera.org\/community\/#organization"},"potentialAction":[{"@type":"SearchAction","target":{"@type":"EntryPoint","urlTemplate":"https:\/\/www.vitalibera.org\/community\/?s={search_term_string}"},"query-input":{"@type":"PropertyValueSpecification","valueRequired":true,"valueName":"search_term_string"}}],"inLanguage":"de"},{"@type":"Organization","@id":"https:\/\/www.vitalibera.org\/community\/#organization","name":"vitalibera.org","url":"https:\/\/www.vitalibera.org\/community\/","logo":{"@type":"ImageObject","inLanguage":"de","@id":"https:\/\/www.vitalibera.org\/community\/#\/schema\/logo\/image\/","url":"https:\/\/www.vitalibera.org\/community\/wp-content\/uploads\/2025\/09\/cropped-banner.png","contentUrl":"https:\/\/www.vitalibera.org\/community\/wp-content\/uploads\/2025\/09\/cropped-banner.png","width":991,"height":150,"caption":"vitalibera.org"},"image":{"@id":"https:\/\/www.vitalibera.org\/community\/#\/schema\/logo\/image\/"},"sameAs":["https:\/\/www.facebook.com\/groups\/2997085857140235"]},{"@type":"Person","@id":"https:\/\/www.vitalibera.org\/community\/#\/schema\/person\/6712387298421f222ff6d0a2e22c1534","name":"Andreas Jecklin","image":{"@type":"ImageObject","inLanguage":"de","@id":"https:\/\/secure.gravatar.com\/avatar\/ad516503a11cd5ca435acc9bb6523536?s=96","url":"https:\/\/secure.gravatar.com\/avatar\/ad516503a11cd5ca435acc9bb6523536?s=96","contentUrl":"https:\/\/secure.gravatar.com\/avatar\/ad516503a11cd5ca435acc9bb6523536?s=96","caption":"Andreas Jecklin"},"description":"Manchen gab Gott die Kraft Dinge zu ver\u00e4ndern, mir gab er die Kraft zu ertragen was nicht mehr zu \u00e4ndern ist.","url":"https:\/\/www.vitalibera.org\/community\/author\/andy77\/"}]}},"jetpack_featured_media_url":"https:\/\/www.vitalibera.org\/community\/wp-content\/uploads\/2025\/11\/schlaganfall-fahrrad-750x422-1.jpg","jetpack_sharing_enabled":true,"jetpack-related-posts":[],"_links":{"self":[{"href":"https:\/\/www.vitalibera.org\/community\/wp-json\/wp\/v2\/posts\/4017","targetHints":{"allow":["GET"]}}],"collection":[{"href":"https:\/\/www.vitalibera.org\/community\/wp-json\/wp\/v2\/posts"}],"about":[{"href":"https:\/\/www.vitalibera.org\/community\/wp-json\/wp\/v2\/types\/post"}],"author":[{"embeddable":true,"href":"https:\/\/www.vitalibera.org\/community\/wp-json\/wp\/v2\/users\/2"}],"replies":[{"embeddable":true,"href":"https:\/\/www.vitalibera.org\/community\/wp-json\/wp\/v2\/comments?post=4017"}],"version-history":[{"count":0,"href":"https:\/\/www.vitalibera.org\/community\/wp-json\/wp\/v2\/posts\/4017\/revisions"}],"wp:featuredmedia":[{"embeddable":true,"href":"https:\/\/www.vitalibera.org\/community\/wp-json\/wp\/v2\/media\/4018"}],"wp:attachment":[{"href":"https:\/\/www.vitalibera.org\/community\/wp-json\/wp\/v2\/media?parent=4017"}],"wp:term":[{"taxonomy":"category","embeddable":true,"href":"https:\/\/www.vitalibera.org\/community\/wp-json\/wp\/v2\/categories?post=4017"},{"taxonomy":"post_tag","embeddable":true,"href":"https:\/\/www.vitalibera.org\/community\/wp-json\/wp\/v2\/tags?post=4017"}],"curies":[{"name":"wp","href":"https:\/\/api.w.org\/{rel}","templated":true}]}}