{"id":4081,"date":"2025-11-09T09:19:36","date_gmt":"2025-11-09T08:19:36","guid":{"rendered":"https:\/\/www.vitalibera.org\/community\/?p=4081"},"modified":"2025-11-09T09:22:35","modified_gmt":"2025-11-09T08:22:35","slug":"eth-zuerich-rehabilitationstechniklabor","status":"publish","type":"post","link":"https:\/\/www.vitalibera.org\/community\/2025\/11\/09\/eth-zuerich-rehabilitationstechniklabor\/","title":{"rendered":"ETH Z\u00fcrich &#8211; Rehabilitationstechniklabor"},"content":{"rendered":"\n<div class=\"wp-block-media-text is-stacked-on-mobile is-vertically-aligned-top\"><figure class=\"wp-block-media-text__media\"><img decoding=\"async\" width=\"283\" height=\"95\" src=\"https:\/\/www.vitalibera.org\/community\/wp-content\/uploads\/2025\/11\/ethlab.png\" alt=\"\" class=\"wp-image-4082 size-full\"><\/figure><div class=\"wp-block-media-text__content\">\n<p>Das Rehabilitationstechniklabor leistet Pionierarbeit bei der Entwicklung innovativer Rehabilitationstechnologien, die die Mobilit&auml;t wiederherstellen, die Unabh&auml;ngigkeit f&ouml;rdern und die Lebensqualit&auml;t von Menschen mit sensomotorischen Beeintr&auml;chtigungen verbessern.<\/p>\n<\/div><\/div>\n\n\n\n<pre id=\"tw-target-text\" class=\"wp-block-preformatted\"><a href=\"https:\/\/relab.ethz.ch\/\" target=\"_blank\" rel=\"noreferrer noopener\">Link zur ETH Z\u00fcrich<\/a><\/pre>\n\n\n\n<figure class=\"wp-block-embed is-type-video is-provider-youtube wp-block-embed-youtube wp-embed-aspect-16-9 wp-has-aspect-ratio\"><div class=\"wp-block-embed__wrapper\">\n<iframe title=\"Fully Wearable Actuated Soft Exoskeleton for Grasping Assistance in Everyday Activities\" width=\"1200\" height=\"675\" src=\"https:\/\/www.youtube.com\/embed\/PZiQg0wIxQM?feature=oembed\" frameborder=\"0\" allow=\"accelerometer; autoplay; clipboard-write; encrypted-media; gyroscope; picture-in-picture; web-share\" referrerpolicy=\"strict-origin-when-cross-origin\" allowfullscreen><\/iframe>\n<\/div><\/figure>\n","protected":false},"excerpt":{"rendered":"<p>Das Rehabilitationstechniklabor leistet Pionierarbeit bei der Entwicklung innovativer Rehabilitationstechnologien, die die Mobilit\u00e4t wiederherstellen, die Unabh\u00e4ngigkeit f\u00f6rdern und die Lebensqualit\u00e4t von Menschen mit sensomotorischen Beeintr\u00e4chtigungen verbessern. Link zur ETH Z\u00fcrich<\/p>\n","protected":false},"author":1,"featured_media":0,"comment_status":"closed","ping_status":"open","sticky":false,"template":"","format":"standard","meta":{"cybocfi_hide_featured_image":"","_jetpack_memberships_contains_paid_content":false,"footnotes":""},"categories":[256,1],"tags":[],"class_list":["post-4081","post","type-post","status-publish","format-standard","hentry","category-partnership","category-uncategorized"],"yoast_head":"<!-- This site is optimized with the Yoast SEO plugin v27.4 - https:\/\/yoast.com\/product\/yoast-seo-wordpress\/ -->\r\n<title>ETH Z\u00fcrich - Rehabilitationstechniklabor - vitalibera.org<\/title>\r\n<meta name=\"robots\" content=\"index, follow, max-snippet:-1, max-image-preview:large, max-video-preview:-1\" \/>\r\n<link rel=\"canonical\" href=\"https:\/\/www.vitalibera.org\/community\/2025\/11\/09\/eth-zuerich-rehabilitationstechniklabor\/\" \/>\r\n<meta property=\"og:locale\" content=\"de_DE\" \/>\r\n<meta property=\"og:type\" content=\"article\" \/>\r\n<meta property=\"og:title\" content=\"ETH Z\u00fcrich - Rehabilitationstechniklabor - vitalibera.org\" \/>\r\n<meta property=\"og:description\" content=\"Das Rehabilitationstechniklabor leistet Pionierarbeit bei der Entwicklung innovativer Rehabilitationstechnologien, die die Mobilit\u00e4t wiederherstellen, die Unabh\u00e4ngigkeit f\u00f6rdern und die Lebensqualit\u00e4t von Menschen mit sensomotorischen Beeintr\u00e4chtigungen verbessern. Link zur ETH Z\u00fcrich\" \/>\r\n<meta property=\"og:url\" content=\"https:\/\/www.vitalibera.org\/community\/2025\/11\/09\/eth-zuerich-rehabilitationstechniklabor\/\" \/>\r\n<meta property=\"og:site_name\" content=\"vitalibera.org\" \/>\r\n<meta property=\"article:publisher\" content=\"https:\/\/www.facebook.com\/groups\/2997085857140235\" \/>\r\n<meta property=\"article:published_time\" content=\"2025-11-09T08:19:36+00:00\" \/>\r\n<meta property=\"article:modified_time\" content=\"2025-11-09T08:22:35+00:00\" \/>\r\n<meta property=\"og:image\" content=\"https:\/\/www.vitalibera.org\/community\/wp-content\/uploads\/2025\/11\/ethlab.png\" \/>\r\n<meta name=\"author\" content=\"admin\" \/>\r\n<meta name=\"twitter:card\" content=\"summary_large_image\" \/>\r\n<meta name=\"twitter:label1\" content=\"Verfasst von\" \/>\n\t<meta name=\"twitter:data1\" content=\"admin\" \/>\n\t<meta name=\"twitter:label2\" content=\"Gesch\u00e4tzte Lesezeit\" \/>\n\t<meta name=\"twitter:data2\" content=\"1\u00a0Minute\" \/>\r\n<script type=\"application\/ld+json\" class=\"yoast-schema-graph\">{\"@context\":\"https:\\\/\\\/schema.org\",\"@graph\":[{\"@type\":\"Article\",\"@id\":\"https:\\\/\\\/www.vitalibera.org\\\/community\\\/2025\\\/11\\\/09\\\/eth-zuerich-rehabilitationstechniklabor\\\/#article\",\"isPartOf\":{\"@id\":\"https:\\\/\\\/www.vitalibera.org\\\/community\\\/2025\\\/11\\\/09\\\/eth-zuerich-rehabilitationstechniklabor\\\/\"},\"author\":{\"name\":\"admin\",\"@id\":\"https:\\\/\\\/www.vitalibera.org\\\/community\\\/#\\\/schema\\\/person\\\/c535fa8d561f7f8ca425ced40d87e582\"},\"headline\":\"ETH Z\u00fcrich &#8211; Rehabilitationstechniklabor\",\"datePublished\":\"2025-11-09T08:19:36+00:00\",\"dateModified\":\"2025-11-09T08:22:35+00:00\",\"mainEntityOfPage\":{\"@id\":\"https:\\\/\\\/www.vitalibera.org\\\/community\\\/2025\\\/11\\\/09\\\/eth-zuerich-rehabilitationstechniklabor\\\/\"},\"wordCount\":40,\"publisher\":{\"@id\":\"https:\\\/\\\/www.vitalibera.org\\\/community\\\/#organization\"},\"image\":{\"@id\":\"https:\\\/\\\/www.vitalibera.org\\\/community\\\/2025\\\/11\\\/09\\\/eth-zuerich-rehabilitationstechniklabor\\\/#primaryimage\"},\"thumbnailUrl\":\"https:\\\/\\\/www.vitalibera.org\\\/community\\\/wp-content\\\/uploads\\\/2025\\\/11\\\/ethlab.png\",\"articleSection\":[\"Partnership\",\"Uncategorized\"],\"inLanguage\":\"de\"},{\"@type\":\"WebPage\",\"@id\":\"https:\\\/\\\/www.vitalibera.org\\\/community\\\/2025\\\/11\\\/09\\\/eth-zuerich-rehabilitationstechniklabor\\\/\",\"url\":\"https:\\\/\\\/www.vitalibera.org\\\/community\\\/2025\\\/11\\\/09\\\/eth-zuerich-rehabilitationstechniklabor\\\/\",\"name\":\"ETH Z\u00fcrich - Rehabilitationstechniklabor - vitalibera.org\",\"isPartOf\":{\"@id\":\"https:\\\/\\\/www.vitalibera.org\\\/community\\\/#website\"},\"primaryImageOfPage\":{\"@id\":\"https:\\\/\\\/www.vitalibera.org\\\/community\\\/2025\\\/11\\\/09\\\/eth-zuerich-rehabilitationstechniklabor\\\/#primaryimage\"},\"image\":{\"@id\":\"https:\\\/\\\/www.vitalibera.org\\\/community\\\/2025\\\/11\\\/09\\\/eth-zuerich-rehabilitationstechniklabor\\\/#primaryimage\"},\"thumbnailUrl\":\"https:\\\/\\\/www.vitalibera.org\\\/community\\\/wp-content\\\/uploads\\\/2025\\\/11\\\/ethlab.png\",\"datePublished\":\"2025-11-09T08:19:36+00:00\",\"dateModified\":\"2025-11-09T08:22:35+00:00\",\"breadcrumb\":{\"@id\":\"https:\\\/\\\/www.vitalibera.org\\\/community\\\/2025\\\/11\\\/09\\\/eth-zuerich-rehabilitationstechniklabor\\\/#breadcrumb\"},\"inLanguage\":\"de\",\"potentialAction\":[{\"@type\":\"ReadAction\",\"target\":[\"https:\\\/\\\/www.vitalibera.org\\\/community\\\/2025\\\/11\\\/09\\\/eth-zuerich-rehabilitationstechniklabor\\\/\"]}]},{\"@type\":\"ImageObject\",\"inLanguage\":\"de\",\"@id\":\"https:\\\/\\\/www.vitalibera.org\\\/community\\\/2025\\\/11\\\/09\\\/eth-zuerich-rehabilitationstechniklabor\\\/#primaryimage\",\"url\":\"https:\\\/\\\/www.vitalibera.org\\\/community\\\/wp-content\\\/uploads\\\/2025\\\/11\\\/ethlab.png\",\"contentUrl\":\"https:\\\/\\\/www.vitalibera.org\\\/community\\\/wp-content\\\/uploads\\\/2025\\\/11\\\/ethlab.png\",\"width\":283,\"height\":95},{\"@type\":\"BreadcrumbList\",\"@id\":\"https:\\\/\\\/www.vitalibera.org\\\/community\\\/2025\\\/11\\\/09\\\/eth-zuerich-rehabilitationstechniklabor\\\/#breadcrumb\",\"itemListElement\":[{\"@type\":\"ListItem\",\"position\":1,\"name\":\"Startseite\",\"item\":\"https:\\\/\\\/www.vitalibera.org\\\/community\\\/\"},{\"@type\":\"ListItem\",\"position\":2,\"name\":\"ETH Z\u00fcrich &#8211; Rehabilitationstechniklabor\"}]},{\"@type\":\"WebSite\",\"@id\":\"https:\\\/\\\/www.vitalibera.org\\\/community\\\/#website\",\"url\":\"https:\\\/\\\/www.vitalibera.org\\\/community\\\/\",\"name\":\"vitalibera.org\",\"description\":\"Mit einer Einschr&auml;nkung gestaltet sich das Leben im Alltag oft schwieriger - hier berichten wir &uuml;ber unsere Erfahrungen und Hilfsmittel um den Alltag so unbeschwert und unkompliziert wie nur m&ouml;glich geniessen zu k&ouml;nnen. Dabei richten wir unseren Fokus gezielt auf Selbst&auml;ndigkeit, Eigenst&auml;ndigkeit und Selbstbestimmung.\",\"publisher\":{\"@id\":\"https:\\\/\\\/www.vitalibera.org\\\/community\\\/#organization\"},\"potentialAction\":[{\"@type\":\"SearchAction\",\"target\":{\"@type\":\"EntryPoint\",\"urlTemplate\":\"https:\\\/\\\/www.vitalibera.org\\\/community\\\/?s={search_term_string}\"},\"query-input\":{\"@type\":\"PropertyValueSpecification\",\"valueRequired\":true,\"valueName\":\"search_term_string\"}}],\"inLanguage\":\"de\"},{\"@type\":\"Organization\",\"@id\":\"https:\\\/\\\/www.vitalibera.org\\\/community\\\/#organization\",\"name\":\"vitalibera.org\",\"url\":\"https:\\\/\\\/www.vitalibera.org\\\/community\\\/\",\"logo\":{\"@type\":\"ImageObject\",\"inLanguage\":\"de\",\"@id\":\"https:\\\/\\\/www.vitalibera.org\\\/community\\\/#\\\/schema\\\/logo\\\/image\\\/\",\"url\":\"https:\\\/\\\/www.vitalibera.org\\\/community\\\/wp-content\\\/uploads\\\/2025\\\/09\\\/cropped-banner.png\",\"contentUrl\":\"https:\\\/\\\/www.vitalibera.org\\\/community\\\/wp-content\\\/uploads\\\/2025\\\/09\\\/cropped-banner.png\",\"width\":991,\"height\":150,\"caption\":\"vitalibera.org\"},\"image\":{\"@id\":\"https:\\\/\\\/www.vitalibera.org\\\/community\\\/#\\\/schema\\\/logo\\\/image\\\/\"},\"sameAs\":[\"https:\\\/\\\/www.facebook.com\\\/groups\\\/2997085857140235\"]},{\"@type\":\"Person\",\"@id\":\"https:\\\/\\\/www.vitalibera.org\\\/community\\\/#\\\/schema\\\/person\\\/c535fa8d561f7f8ca425ced40d87e582\",\"name\":\"admin\",\"image\":{\"@type\":\"ImageObject\",\"inLanguage\":\"de\",\"@id\":\"https:\\\/\\\/secure.gravatar.com\\\/avatar\\\/ad516503a11cd5ca435acc9bb6523536?s=96\",\"url\":\"https:\\\/\\\/secure.gravatar.com\\\/avatar\\\/ad516503a11cd5ca435acc9bb6523536?s=96\",\"contentUrl\":\"https:\\\/\\\/secure.gravatar.com\\\/avatar\\\/ad516503a11cd5ca435acc9bb6523536?s=96\",\"caption\":\"admin\"},\"description\":\"admin\",\"sameAs\":[\"http:\\\/\\\/www.vitalibera.org\\\/community\"],\"url\":\"https:\\\/\\\/www.vitalibera.org\\\/community\\\/author\\\/admin\\\/\"}]}<\/script>\r\n<!-- \/ Yoast SEO plugin. -->","yoast_head_json":{"title":"ETH Z\u00fcrich - Rehabilitationstechniklabor - vitalibera.org","robots":{"index":"index","follow":"follow","max-snippet":"max-snippet:-1","max-image-preview":"max-image-preview:large","max-video-preview":"max-video-preview:-1"},"canonical":"https:\/\/www.vitalibera.org\/community\/2025\/11\/09\/eth-zuerich-rehabilitationstechniklabor\/","og_locale":"de_DE","og_type":"article","og_title":"ETH Z\u00fcrich - Rehabilitationstechniklabor - vitalibera.org","og_description":"Das Rehabilitationstechniklabor leistet Pionierarbeit bei der Entwicklung innovativer Rehabilitationstechnologien, die die Mobilit\u00e4t wiederherstellen, die Unabh\u00e4ngigkeit f\u00f6rdern und die Lebensqualit\u00e4t von Menschen mit sensomotorischen Beeintr\u00e4chtigungen verbessern. Link zur ETH Z\u00fcrich","og_url":"https:\/\/www.vitalibera.org\/community\/2025\/11\/09\/eth-zuerich-rehabilitationstechniklabor\/","og_site_name":"vitalibera.org","article_publisher":"https:\/\/www.facebook.com\/groups\/2997085857140235","article_published_time":"2025-11-09T08:19:36+00:00","article_modified_time":"2025-11-09T08:22:35+00:00","og_image":[{"url":"https:\/\/www.vitalibera.org\/community\/wp-content\/uploads\/2025\/11\/ethlab.png","type":"","width":"","height":""}],"author":"admin","twitter_card":"summary_large_image","twitter_misc":{"Verfasst von":"admin","Gesch\u00e4tzte Lesezeit":"1\u00a0Minute"},"schema":{"@context":"https:\/\/schema.org","@graph":[{"@type":"Article","@id":"https:\/\/www.vitalibera.org\/community\/2025\/11\/09\/eth-zuerich-rehabilitationstechniklabor\/#article","isPartOf":{"@id":"https:\/\/www.vitalibera.org\/community\/2025\/11\/09\/eth-zuerich-rehabilitationstechniklabor\/"},"author":{"name":"admin","@id":"https:\/\/www.vitalibera.org\/community\/#\/schema\/person\/c535fa8d561f7f8ca425ced40d87e582"},"headline":"ETH Z\u00fcrich &#8211; Rehabilitationstechniklabor","datePublished":"2025-11-09T08:19:36+00:00","dateModified":"2025-11-09T08:22:35+00:00","mainEntityOfPage":{"@id":"https:\/\/www.vitalibera.org\/community\/2025\/11\/09\/eth-zuerich-rehabilitationstechniklabor\/"},"wordCount":40,"publisher":{"@id":"https:\/\/www.vitalibera.org\/community\/#organization"},"image":{"@id":"https:\/\/www.vitalibera.org\/community\/2025\/11\/09\/eth-zuerich-rehabilitationstechniklabor\/#primaryimage"},"thumbnailUrl":"https:\/\/www.vitalibera.org\/community\/wp-content\/uploads\/2025\/11\/ethlab.png","articleSection":["Partnership","Uncategorized"],"inLanguage":"de"},{"@type":"WebPage","@id":"https:\/\/www.vitalibera.org\/community\/2025\/11\/09\/eth-zuerich-rehabilitationstechniklabor\/","url":"https:\/\/www.vitalibera.org\/community\/2025\/11\/09\/eth-zuerich-rehabilitationstechniklabor\/","name":"ETH Z\u00fcrich - Rehabilitationstechniklabor - vitalibera.org","isPartOf":{"@id":"https:\/\/www.vitalibera.org\/community\/#website"},"primaryImageOfPage":{"@id":"https:\/\/www.vitalibera.org\/community\/2025\/11\/09\/eth-zuerich-rehabilitationstechniklabor\/#primaryimage"},"image":{"@id":"https:\/\/www.vitalibera.org\/community\/2025\/11\/09\/eth-zuerich-rehabilitationstechniklabor\/#primaryimage"},"thumbnailUrl":"https:\/\/www.vitalibera.org\/community\/wp-content\/uploads\/2025\/11\/ethlab.png","datePublished":"2025-11-09T08:19:36+00:00","dateModified":"2025-11-09T08:22:35+00:00","breadcrumb":{"@id":"https:\/\/www.vitalibera.org\/community\/2025\/11\/09\/eth-zuerich-rehabilitationstechniklabor\/#breadcrumb"},"inLanguage":"de","potentialAction":[{"@type":"ReadAction","target":["https:\/\/www.vitalibera.org\/community\/2025\/11\/09\/eth-zuerich-rehabilitationstechniklabor\/"]}]},{"@type":"ImageObject","inLanguage":"de","@id":"https:\/\/www.vitalibera.org\/community\/2025\/11\/09\/eth-zuerich-rehabilitationstechniklabor\/#primaryimage","url":"https:\/\/www.vitalibera.org\/community\/wp-content\/uploads\/2025\/11\/ethlab.png","contentUrl":"https:\/\/www.vitalibera.org\/community\/wp-content\/uploads\/2025\/11\/ethlab.png","width":283,"height":95},{"@type":"BreadcrumbList","@id":"https:\/\/www.vitalibera.org\/community\/2025\/11\/09\/eth-zuerich-rehabilitationstechniklabor\/#breadcrumb","itemListElement":[{"@type":"ListItem","position":1,"name":"Startseite","item":"https:\/\/www.vitalibera.org\/community\/"},{"@type":"ListItem","position":2,"name":"ETH Z\u00fcrich &#8211; Rehabilitationstechniklabor"}]},{"@type":"WebSite","@id":"https:\/\/www.vitalibera.org\/community\/#website","url":"https:\/\/www.vitalibera.org\/community\/","name":"vitalibera.org","description":"Mit einer Einschr&auml;nkung gestaltet sich das Leben im Alltag oft schwieriger - hier berichten wir &uuml;ber unsere Erfahrungen und Hilfsmittel um den Alltag so unbeschwert und unkompliziert wie nur m&ouml;glich geniessen zu k&ouml;nnen. Dabei richten wir unseren Fokus gezielt auf Selbst&auml;ndigkeit, Eigenst&auml;ndigkeit und Selbstbestimmung.","publisher":{"@id":"https:\/\/www.vitalibera.org\/community\/#organization"},"potentialAction":[{"@type":"SearchAction","target":{"@type":"EntryPoint","urlTemplate":"https:\/\/www.vitalibera.org\/community\/?s={search_term_string}"},"query-input":{"@type":"PropertyValueSpecification","valueRequired":true,"valueName":"search_term_string"}}],"inLanguage":"de"},{"@type":"Organization","@id":"https:\/\/www.vitalibera.org\/community\/#organization","name":"vitalibera.org","url":"https:\/\/www.vitalibera.org\/community\/","logo":{"@type":"ImageObject","inLanguage":"de","@id":"https:\/\/www.vitalibera.org\/community\/#\/schema\/logo\/image\/","url":"https:\/\/www.vitalibera.org\/community\/wp-content\/uploads\/2025\/09\/cropped-banner.png","contentUrl":"https:\/\/www.vitalibera.org\/community\/wp-content\/uploads\/2025\/09\/cropped-banner.png","width":991,"height":150,"caption":"vitalibera.org"},"image":{"@id":"https:\/\/www.vitalibera.org\/community\/#\/schema\/logo\/image\/"},"sameAs":["https:\/\/www.facebook.com\/groups\/2997085857140235"]},{"@type":"Person","@id":"https:\/\/www.vitalibera.org\/community\/#\/schema\/person\/c535fa8d561f7f8ca425ced40d87e582","name":"admin","image":{"@type":"ImageObject","inLanguage":"de","@id":"https:\/\/secure.gravatar.com\/avatar\/ad516503a11cd5ca435acc9bb6523536?s=96","url":"https:\/\/secure.gravatar.com\/avatar\/ad516503a11cd5ca435acc9bb6523536?s=96","contentUrl":"https:\/\/secure.gravatar.com\/avatar\/ad516503a11cd5ca435acc9bb6523536?s=96","caption":"admin"},"description":"admin","sameAs":["http:\/\/www.vitalibera.org\/community"],"url":"https:\/\/www.vitalibera.org\/community\/author\/admin\/"}]}},"jetpack_featured_media_url":"","jetpack_sharing_enabled":true,"jetpack-related-posts":[],"_links":{"self":[{"href":"https:\/\/www.vitalibera.org\/community\/wp-json\/wp\/v2\/posts\/4081","targetHints":{"allow":["GET"]}}],"collection":[{"href":"https:\/\/www.vitalibera.org\/community\/wp-json\/wp\/v2\/posts"}],"about":[{"href":"https:\/\/www.vitalibera.org\/community\/wp-json\/wp\/v2\/types\/post"}],"author":[{"embeddable":true,"href":"https:\/\/www.vitalibera.org\/community\/wp-json\/wp\/v2\/users\/1"}],"replies":[{"embeddable":true,"href":"https:\/\/www.vitalibera.org\/community\/wp-json\/wp\/v2\/comments?post=4081"}],"version-history":[{"count":0,"href":"https:\/\/www.vitalibera.org\/community\/wp-json\/wp\/v2\/posts\/4081\/revisions"}],"wp:attachment":[{"href":"https:\/\/www.vitalibera.org\/community\/wp-json\/wp\/v2\/media?parent=4081"}],"wp:term":[{"taxonomy":"category","embeddable":true,"href":"https:\/\/www.vitalibera.org\/community\/wp-json\/wp\/v2\/categories?post=4081"},{"taxonomy":"post_tag","embeddable":true,"href":"https:\/\/www.vitalibera.org\/community\/wp-json\/wp\/v2\/tags?post=4081"}],"curies":[{"name":"wp","href":"https:\/\/api.w.org\/{rel}","templated":true}]}}