{"id":4324,"date":"2025-11-17T23:18:22","date_gmt":"2025-11-17T22:18:22","guid":{"rendered":"https:\/\/www.vitalibera.org\/community\/?p=4324"},"modified":"2025-11-17T23:33:21","modified_gmt":"2025-11-17T22:33:21","slug":"barrieren-machen-eine-einschraenkung-erst-zur-behinderung","status":"publish","type":"post","link":"https:\/\/www.vitalibera.org\/community\/2025\/11\/17\/barrieren-machen-eine-einschraenkung-erst-zur-behinderung\/","title":{"rendered":"Barrieren machen eine Einschr\u00e4nkung erst  zur Behinderung"},"content":{"rendered":"\n<p class=\"has-contrast-3-color has-text-color has-link-color wp-elements-f7552ae78b685e95875ce3561e0631e4\"><em>Eine Einschr&auml;nkung ist die pers&ouml;nliche Beeintr&auml;chtigung einer Person (z. B. eine Seh- oder H&ouml;hr schw&auml;che, eingeschr&auml;nkte Mobilit&auml;t), <strong>wohingegen eine Behinderung die daraus resultierende Ausgrenzung in der Gesellschaft ist, die durch mangelnde Barrierefreiheit verursacht wird<\/strong>.<\/em><\/p>\n\n\n\n<div class=\"wp-block-media-text is-stacked-on-mobile is-vertically-aligned-top\"><figure class=\"wp-block-media-text__media\"><img fetchpriority=\"high\" decoding=\"async\" width=\"1024\" height=\"576\" src=\"https:\/\/www.vitalibera.org\/community\/wp-content\/uploads\/2025\/11\/rollstuhl-treppe-1024x576.jpg\" alt=\"\" class=\"wp-image-4325 size-full\" srcset=\"https:\/\/www.vitalibera.org\/community\/wp-content\/uploads\/2025\/11\/rollstuhl-treppe-1024x576.jpg 1024w, https:\/\/www.vitalibera.org\/community\/wp-content\/uploads\/2025\/11\/rollstuhl-treppe-300x169.jpg 300w, https:\/\/www.vitalibera.org\/community\/wp-content\/uploads\/2025\/11\/rollstuhl-treppe-768x432.jpg 768w, https:\/\/www.vitalibera.org\/community\/wp-content\/uploads\/2025\/11\/rollstuhl-treppe.jpg 1440w\" sizes=\"(max-width: 1024px) 100vw, 1024px\" \/><\/figure><div class=\"wp-block-media-text__content\">\n<p><strong>Barrieren und Hindernisse machen eine Einschr&auml;nkung erst zur Behinderung.<\/strong><br><br>Eine Einschr&auml;nkung wird erst durch un&uuml;berwindbare H&uuml;rden in der Umwelt zur Behinderung, die die Teilhabe am gesellschaftlichen Leben erschweren oder verhindern. Das Konzept des sozialen Modells der Behinderung betont, dass nicht die menschliche Beeintr&auml;chtigung allein, sondern die fehlende Barrierefreiheit die tats&auml;chliche Behinderung schafft.&nbsp;<\/p>\n\n\n\n<p>Beispiele f&uuml;r Barrieren<\/p>\n\n\n\n<ul class=\"wp-block-list\">\n<li><strong>Umweltbedingte Barrieren:<\/strong>\n<ul class=\"wp-block-list\">\n<li>Treppen ohne Rampen oder Aufz&uuml;ge f&uuml;r Personen mit eingeschr&auml;nkter Mobilit&auml;t.<\/li>\n\n\n\n<li>Enge T&uuml;ren, die den Durchgang von Rollst&uuml;hlen verhindern.<\/li>\n\n\n\n<li>Schlechte oder fehlende Leitsysteme f&uuml;r Menschen mit Sehbehinderungen.<\/li>\n<\/ul>\n<\/li>\n\n\n\n<li><strong>Kommunikative Barrieren:<\/strong>\n<ul class=\"wp-block-list\">\n<li>Texte in schwerer Sprache, die Menschen mit Lese- oder Lernschwierigkeiten ausschlie&szlig;en.<\/li>\n\n\n\n<li>Fehlende Informationen in Leichter Sprache oder Geb&auml;rdensprache.<\/li>\n<\/ul>\n<\/li>\n\n\n\n<li><strong>Gesellschaftsbedingte Barrieren:<\/strong>\n<ul class=\"wp-block-list\">\n<li>Vorurteile, die zu Diskriminierung f&uuml;hren.<\/li>\n\n\n\n<li>Geringe Erwartungen von anderen Menschen an Menschen mit Beeintr&auml;chtigung.&nbsp;<\/li>\n<\/ul>\n<\/li>\n<\/ul>\n\n\n\n<p><\/p>\n\n\n\n<p><strong>Behinderung als Ergebnis eines Prozesses:<\/strong>&nbsp;Die Aussage verdeutlicht, dass es sich bei Behinderung um einen sozialen Prozess handelt, bei dem die Umwelt eine entscheidende Rolle spielt.&nbsp;<\/p>\n\n\n\n<p><strong>Barrierefreiheit ist ein Menschenrecht:<\/strong>&nbsp;Es erm&ouml;glicht Menschen, ein selbstbestimmtes Leben zu f&uuml;hren und vollst&auml;ndig an der Gesellschaft teilzuhaben.<\/p>\n\n\n\n<p><strong>Nutzen f&uuml;r alle:<\/strong>&nbsp;Barrierefreie L&ouml;sungen wie Aufz&uuml;ge oder Texte in einfacher Sprache n&uuml;tzen nicht nur Menschen mit einer Beeintr&auml;chtigung, sondern auch Senioren, Eltern mit Kinderwagen und Menschen, die eine andere Sprache sprechen.<\/p>\n<\/div><\/div>\n\n\n\n<p><a href=\"https:\/\/www.vitalibera.org\/community\/einschraenkung-im-alltag\/\">Hilfsmittelkatalog, Tipps und Kniffs f&uuml;r ein selbstst&auml;ndig und selbst bestimmendes Leben<\/a><\/p>\n\n\n\n<p><\/p>\n","protected":false},"excerpt":{"rendered":"<p>Eine Einschr\u00e4nkung ist die pers\u00f6nliche Beeintr\u00e4chtigung einer Person (z. B. eine Seh- oder H\u00f6hr schw\u00e4che, eingeschr\u00e4nkte Mobilit\u00e4t), wohingegen eine Behinderung die daraus resultierende Ausgrenzung in der Gesellschaft ist, die durch mangelnde Barrierefreiheit verursacht wird. Hilfsmittelkatalog, Tipps und Kniffs f\u00fcr ein selbstst\u00e4ndig und selbst bestimmendes Leben<\/p>\n","protected":false},"author":2,"featured_media":4325,"comment_status":"open","ping_status":"open","sticky":false,"template":"","format":"standard","meta":{"cybocfi_hide_featured_image":"yes","_jetpack_memberships_contains_paid_content":false,"footnotes":""},"categories":[42,225,75],"tags":[],"class_list":["post-4324","post","type-post","status-publish","format-standard","has-post-thumbnail","hentry","category-alltag","category-hilfe-fuer-angehoerige","category-mobilitaet"],"yoast_head":"<!-- This site is optimized with the Yoast SEO plugin v27.4 - https:\/\/yoast.com\/product\/yoast-seo-wordpress\/ -->\r\n<title>Barrieren machen eine Einschr\u00e4nkung erst zur Behinderung - vitalibera.org<\/title>\r\n<meta name=\"description\" content=\"Barrieren und Hindernisse machen eine Einschr\u00e4nkung erst zur Behinderung.\" \/>\r\n<meta name=\"robots\" content=\"index, follow, max-snippet:-1, max-image-preview:large, max-video-preview:-1\" \/>\r\n<link rel=\"canonical\" href=\"http:\/\/www.vitalibera.org\/community\/2025\/11\/17\/barrieren-machen-eine-einschraenkung-erst-zur-behinderung\/\" \/>\r\n<meta property=\"og:locale\" content=\"de_DE\" \/>\r\n<meta property=\"og:type\" content=\"article\" \/>\r\n<meta property=\"og:title\" content=\"Barrieren machen eine Einschr\u00e4nkung erst zur Behinderung - vitalibera.org\" \/>\r\n<meta property=\"og:description\" content=\"Barrieren und Hindernisse machen eine Einschr\u00e4nkung erst zur Behinderung.\" \/>\r\n<meta property=\"og:url\" content=\"http:\/\/www.vitalibera.org\/community\/2025\/11\/17\/barrieren-machen-eine-einschraenkung-erst-zur-behinderung\/\" \/>\r\n<meta property=\"og:site_name\" content=\"vitalibera.org\" \/>\r\n<meta property=\"article:publisher\" content=\"https:\/\/www.facebook.com\/groups\/2997085857140235\" \/>\r\n<meta property=\"article:published_time\" content=\"2025-11-17T22:18:22+00:00\" \/>\r\n<meta property=\"article:modified_time\" content=\"2025-11-17T22:33:21+00:00\" \/>\r\n<meta property=\"og:image\" content=\"http:\/\/www.vitalibera.org\/community\/wp-content\/uploads\/2025\/11\/rollstuhl-treppe.jpg\" \/>\r\n\t<meta property=\"og:image:width\" content=\"1440\" \/>\r\n\t<meta property=\"og:image:height\" content=\"810\" \/>\r\n\t<meta property=\"og:image:type\" content=\"image\/jpeg\" \/>\r\n<meta name=\"author\" content=\"Andreas Jecklin\" \/>\r\n<meta name=\"twitter:card\" content=\"summary_large_image\" \/>\r\n<meta name=\"twitter:label1\" content=\"Verfasst von\" \/>\n\t<meta name=\"twitter:data1\" content=\"Andreas Jecklin\" \/>\n\t<meta name=\"twitter:label2\" content=\"Gesch\u00e4tzte Lesezeit\" \/>\n\t<meta name=\"twitter:data2\" content=\"2\u00a0Minuten\" \/>\r\n<script type=\"application\/ld+json\" class=\"yoast-schema-graph\">{\"@context\":\"https:\\\/\\\/schema.org\",\"@graph\":[{\"@type\":\"Article\",\"@id\":\"http:\\\/\\\/www.vitalibera.org\\\/community\\\/2025\\\/11\\\/17\\\/barrieren-machen-eine-einschraenkung-erst-zur-behinderung\\\/#article\",\"isPartOf\":{\"@id\":\"http:\\\/\\\/www.vitalibera.org\\\/community\\\/2025\\\/11\\\/17\\\/barrieren-machen-eine-einschraenkung-erst-zur-behinderung\\\/\"},\"author\":{\"name\":\"Andreas Jecklin\",\"@id\":\"https:\\\/\\\/www.vitalibera.org\\\/community\\\/#\\\/schema\\\/person\\\/6712387298421f222ff6d0a2e22c1534\"},\"headline\":\"Barrieren machen eine Einschr\u00e4nkung erst zur Behinderung\",\"datePublished\":\"2025-11-17T22:18:22+00:00\",\"dateModified\":\"2025-11-17T22:33:21+00:00\",\"mainEntityOfPage\":{\"@id\":\"http:\\\/\\\/www.vitalibera.org\\\/community\\\/2025\\\/11\\\/17\\\/barrieren-machen-eine-einschraenkung-erst-zur-behinderung\\\/\"},\"wordCount\":283,\"commentCount\":0,\"publisher\":{\"@id\":\"https:\\\/\\\/www.vitalibera.org\\\/community\\\/#organization\"},\"image\":{\"@id\":\"http:\\\/\\\/www.vitalibera.org\\\/community\\\/2025\\\/11\\\/17\\\/barrieren-machen-eine-einschraenkung-erst-zur-behinderung\\\/#primaryimage\"},\"thumbnailUrl\":\"https:\\\/\\\/www.vitalibera.org\\\/community\\\/wp-content\\\/uploads\\\/2025\\\/11\\\/rollstuhl-treppe.jpg\",\"articleSection\":[\"Alltag\",\"Hilfe f\u00fcr Angeh\u00f6rige\",\"Mobilit\u00e4t\"],\"inLanguage\":\"de\",\"potentialAction\":[{\"@type\":\"CommentAction\",\"name\":\"Comment\",\"target\":[\"http:\\\/\\\/www.vitalibera.org\\\/community\\\/2025\\\/11\\\/17\\\/barrieren-machen-eine-einschraenkung-erst-zur-behinderung\\\/#respond\"]}]},{\"@type\":\"WebPage\",\"@id\":\"http:\\\/\\\/www.vitalibera.org\\\/community\\\/2025\\\/11\\\/17\\\/barrieren-machen-eine-einschraenkung-erst-zur-behinderung\\\/\",\"url\":\"http:\\\/\\\/www.vitalibera.org\\\/community\\\/2025\\\/11\\\/17\\\/barrieren-machen-eine-einschraenkung-erst-zur-behinderung\\\/\",\"name\":\"Barrieren machen eine Einschr\u00e4nkung erst zur Behinderung - vitalibera.org\",\"isPartOf\":{\"@id\":\"https:\\\/\\\/www.vitalibera.org\\\/community\\\/#website\"},\"primaryImageOfPage\":{\"@id\":\"http:\\\/\\\/www.vitalibera.org\\\/community\\\/2025\\\/11\\\/17\\\/barrieren-machen-eine-einschraenkung-erst-zur-behinderung\\\/#primaryimage\"},\"image\":{\"@id\":\"http:\\\/\\\/www.vitalibera.org\\\/community\\\/2025\\\/11\\\/17\\\/barrieren-machen-eine-einschraenkung-erst-zur-behinderung\\\/#primaryimage\"},\"thumbnailUrl\":\"https:\\\/\\\/www.vitalibera.org\\\/community\\\/wp-content\\\/uploads\\\/2025\\\/11\\\/rollstuhl-treppe.jpg\",\"datePublished\":\"2025-11-17T22:18:22+00:00\",\"dateModified\":\"2025-11-17T22:33:21+00:00\",\"description\":\"Barrieren und Hindernisse machen eine Einschr\u00e4nkung erst zur Behinderung.\",\"breadcrumb\":{\"@id\":\"http:\\\/\\\/www.vitalibera.org\\\/community\\\/2025\\\/11\\\/17\\\/barrieren-machen-eine-einschraenkung-erst-zur-behinderung\\\/#breadcrumb\"},\"inLanguage\":\"de\",\"potentialAction\":[{\"@type\":\"ReadAction\",\"target\":[\"http:\\\/\\\/www.vitalibera.org\\\/community\\\/2025\\\/11\\\/17\\\/barrieren-machen-eine-einschraenkung-erst-zur-behinderung\\\/\"]}]},{\"@type\":\"BreadcrumbList\",\"@id\":\"http:\\\/\\\/www.vitalibera.org\\\/community\\\/2025\\\/11\\\/17\\\/barrieren-machen-eine-einschraenkung-erst-zur-behinderung\\\/#breadcrumb\",\"itemListElement\":[{\"@type\":\"ListItem\",\"position\":1,\"name\":\"Startseite\",\"item\":\"https:\\\/\\\/www.vitalibera.org\\\/community\\\/\"},{\"@type\":\"ListItem\",\"position\":2,\"name\":\"Barrieren machen eine Einschr\u00e4nkung erst zur Behinderung\"}]},{\"@type\":\"WebSite\",\"@id\":\"https:\\\/\\\/www.vitalibera.org\\\/community\\\/#website\",\"url\":\"https:\\\/\\\/www.vitalibera.org\\\/community\\\/\",\"name\":\"vitalibera.org\",\"description\":\"Mit einer Einschr&auml;nkung gestaltet sich das Leben im Alltag oft schwieriger - hier berichten wir &uuml;ber unsere Erfahrungen und Hilfsmittel um den Alltag so unbeschwert und unkompliziert wie nur m&ouml;glich geniessen zu k&ouml;nnen. Dabei richten wir unseren Fokus gezielt auf Selbst&auml;ndigkeit, Eigenst&auml;ndigkeit und Selbstbestimmung.\",\"publisher\":{\"@id\":\"https:\\\/\\\/www.vitalibera.org\\\/community\\\/#organization\"},\"potentialAction\":[{\"@type\":\"SearchAction\",\"target\":{\"@type\":\"EntryPoint\",\"urlTemplate\":\"https:\\\/\\\/www.vitalibera.org\\\/community\\\/?s={search_term_string}\"},\"query-input\":{\"@type\":\"PropertyValueSpecification\",\"valueRequired\":true,\"valueName\":\"search_term_string\"}}],\"inLanguage\":\"de\"},{\"@type\":\"Organization\",\"@id\":\"https:\\\/\\\/www.vitalibera.org\\\/community\\\/#organization\",\"name\":\"vitalibera.org\",\"url\":\"https:\\\/\\\/www.vitalibera.org\\\/community\\\/\",\"logo\":{\"@type\":\"ImageObject\",\"inLanguage\":\"de\",\"@id\":\"https:\\\/\\\/www.vitalibera.org\\\/community\\\/#\\\/schema\\\/logo\\\/image\\\/\",\"url\":\"https:\\\/\\\/www.vitalibera.org\\\/community\\\/wp-content\\\/uploads\\\/2025\\\/09\\\/cropped-banner.png\",\"contentUrl\":\"https:\\\/\\\/www.vitalibera.org\\\/community\\\/wp-content\\\/uploads\\\/2025\\\/09\\\/cropped-banner.png\",\"width\":991,\"height\":150,\"caption\":\"vitalibera.org\"},\"image\":{\"@id\":\"https:\\\/\\\/www.vitalibera.org\\\/community\\\/#\\\/schema\\\/logo\\\/image\\\/\"},\"sameAs\":[\"https:\\\/\\\/www.facebook.com\\\/groups\\\/2997085857140235\"]},{\"@type\":\"Person\",\"@id\":\"https:\\\/\\\/www.vitalibera.org\\\/community\\\/#\\\/schema\\\/person\\\/6712387298421f222ff6d0a2e22c1534\",\"name\":\"Andreas Jecklin\",\"image\":{\"@type\":\"ImageObject\",\"inLanguage\":\"de\",\"@id\":\"https:\\\/\\\/secure.gravatar.com\\\/avatar\\\/ad516503a11cd5ca435acc9bb6523536?s=96\",\"url\":\"https:\\\/\\\/secure.gravatar.com\\\/avatar\\\/ad516503a11cd5ca435acc9bb6523536?s=96\",\"contentUrl\":\"https:\\\/\\\/secure.gravatar.com\\\/avatar\\\/ad516503a11cd5ca435acc9bb6523536?s=96\",\"caption\":\"Andreas Jecklin\"},\"description\":\"Manchen gab Gott die Kraft Dinge zu ver\u00e4ndern, mir gab er die Kraft zu ertragen was nicht mehr zu \u00e4ndern ist.\",\"url\":\"https:\\\/\\\/www.vitalibera.org\\\/community\\\/author\\\/andy77\\\/\"}]}<\/script>\r\n<!-- \/ Yoast SEO plugin. -->","yoast_head_json":{"title":"Barrieren machen eine Einschr\u00e4nkung erst zur Behinderung - vitalibera.org","description":"Barrieren und Hindernisse machen eine Einschr\u00e4nkung erst zur Behinderung.","robots":{"index":"index","follow":"follow","max-snippet":"max-snippet:-1","max-image-preview":"max-image-preview:large","max-video-preview":"max-video-preview:-1"},"canonical":"http:\/\/www.vitalibera.org\/community\/2025\/11\/17\/barrieren-machen-eine-einschraenkung-erst-zur-behinderung\/","og_locale":"de_DE","og_type":"article","og_title":"Barrieren machen eine Einschr\u00e4nkung erst zur Behinderung - vitalibera.org","og_description":"Barrieren und Hindernisse machen eine Einschr\u00e4nkung erst zur Behinderung.","og_url":"http:\/\/www.vitalibera.org\/community\/2025\/11\/17\/barrieren-machen-eine-einschraenkung-erst-zur-behinderung\/","og_site_name":"vitalibera.org","article_publisher":"https:\/\/www.facebook.com\/groups\/2997085857140235","article_published_time":"2025-11-17T22:18:22+00:00","article_modified_time":"2025-11-17T22:33:21+00:00","og_image":[{"width":1440,"height":810,"url":"http:\/\/www.vitalibera.org\/community\/wp-content\/uploads\/2025\/11\/rollstuhl-treppe.jpg","type":"image\/jpeg"}],"author":"Andreas Jecklin","twitter_card":"summary_large_image","twitter_misc":{"Verfasst von":"Andreas Jecklin","Gesch\u00e4tzte Lesezeit":"2\u00a0Minuten"},"schema":{"@context":"https:\/\/schema.org","@graph":[{"@type":"Article","@id":"http:\/\/www.vitalibera.org\/community\/2025\/11\/17\/barrieren-machen-eine-einschraenkung-erst-zur-behinderung\/#article","isPartOf":{"@id":"http:\/\/www.vitalibera.org\/community\/2025\/11\/17\/barrieren-machen-eine-einschraenkung-erst-zur-behinderung\/"},"author":{"name":"Andreas Jecklin","@id":"https:\/\/www.vitalibera.org\/community\/#\/schema\/person\/6712387298421f222ff6d0a2e22c1534"},"headline":"Barrieren machen eine Einschr\u00e4nkung erst zur Behinderung","datePublished":"2025-11-17T22:18:22+00:00","dateModified":"2025-11-17T22:33:21+00:00","mainEntityOfPage":{"@id":"http:\/\/www.vitalibera.org\/community\/2025\/11\/17\/barrieren-machen-eine-einschraenkung-erst-zur-behinderung\/"},"wordCount":283,"commentCount":0,"publisher":{"@id":"https:\/\/www.vitalibera.org\/community\/#organization"},"image":{"@id":"http:\/\/www.vitalibera.org\/community\/2025\/11\/17\/barrieren-machen-eine-einschraenkung-erst-zur-behinderung\/#primaryimage"},"thumbnailUrl":"https:\/\/www.vitalibera.org\/community\/wp-content\/uploads\/2025\/11\/rollstuhl-treppe.jpg","articleSection":["Alltag","Hilfe f\u00fcr Angeh\u00f6rige","Mobilit\u00e4t"],"inLanguage":"de","potentialAction":[{"@type":"CommentAction","name":"Comment","target":["http:\/\/www.vitalibera.org\/community\/2025\/11\/17\/barrieren-machen-eine-einschraenkung-erst-zur-behinderung\/#respond"]}]},{"@type":"WebPage","@id":"http:\/\/www.vitalibera.org\/community\/2025\/11\/17\/barrieren-machen-eine-einschraenkung-erst-zur-behinderung\/","url":"http:\/\/www.vitalibera.org\/community\/2025\/11\/17\/barrieren-machen-eine-einschraenkung-erst-zur-behinderung\/","name":"Barrieren machen eine Einschr\u00e4nkung erst zur Behinderung - vitalibera.org","isPartOf":{"@id":"https:\/\/www.vitalibera.org\/community\/#website"},"primaryImageOfPage":{"@id":"http:\/\/www.vitalibera.org\/community\/2025\/11\/17\/barrieren-machen-eine-einschraenkung-erst-zur-behinderung\/#primaryimage"},"image":{"@id":"http:\/\/www.vitalibera.org\/community\/2025\/11\/17\/barrieren-machen-eine-einschraenkung-erst-zur-behinderung\/#primaryimage"},"thumbnailUrl":"https:\/\/www.vitalibera.org\/community\/wp-content\/uploads\/2025\/11\/rollstuhl-treppe.jpg","datePublished":"2025-11-17T22:18:22+00:00","dateModified":"2025-11-17T22:33:21+00:00","description":"Barrieren und Hindernisse machen eine Einschr\u00e4nkung erst zur Behinderung.","breadcrumb":{"@id":"http:\/\/www.vitalibera.org\/community\/2025\/11\/17\/barrieren-machen-eine-einschraenkung-erst-zur-behinderung\/#breadcrumb"},"inLanguage":"de","potentialAction":[{"@type":"ReadAction","target":["http:\/\/www.vitalibera.org\/community\/2025\/11\/17\/barrieren-machen-eine-einschraenkung-erst-zur-behinderung\/"]}]},{"@type":"BreadcrumbList","@id":"http:\/\/www.vitalibera.org\/community\/2025\/11\/17\/barrieren-machen-eine-einschraenkung-erst-zur-behinderung\/#breadcrumb","itemListElement":[{"@type":"ListItem","position":1,"name":"Startseite","item":"https:\/\/www.vitalibera.org\/community\/"},{"@type":"ListItem","position":2,"name":"Barrieren machen eine Einschr\u00e4nkung erst zur Behinderung"}]},{"@type":"WebSite","@id":"https:\/\/www.vitalibera.org\/community\/#website","url":"https:\/\/www.vitalibera.org\/community\/","name":"vitalibera.org","description":"Mit einer Einschr&auml;nkung gestaltet sich das Leben im Alltag oft schwieriger - hier berichten wir &uuml;ber unsere Erfahrungen und Hilfsmittel um den Alltag so unbeschwert und unkompliziert wie nur m&ouml;glich geniessen zu k&ouml;nnen. Dabei richten wir unseren Fokus gezielt auf Selbst&auml;ndigkeit, Eigenst&auml;ndigkeit und Selbstbestimmung.","publisher":{"@id":"https:\/\/www.vitalibera.org\/community\/#organization"},"potentialAction":[{"@type":"SearchAction","target":{"@type":"EntryPoint","urlTemplate":"https:\/\/www.vitalibera.org\/community\/?s={search_term_string}"},"query-input":{"@type":"PropertyValueSpecification","valueRequired":true,"valueName":"search_term_string"}}],"inLanguage":"de"},{"@type":"Organization","@id":"https:\/\/www.vitalibera.org\/community\/#organization","name":"vitalibera.org","url":"https:\/\/www.vitalibera.org\/community\/","logo":{"@type":"ImageObject","inLanguage":"de","@id":"https:\/\/www.vitalibera.org\/community\/#\/schema\/logo\/image\/","url":"https:\/\/www.vitalibera.org\/community\/wp-content\/uploads\/2025\/09\/cropped-banner.png","contentUrl":"https:\/\/www.vitalibera.org\/community\/wp-content\/uploads\/2025\/09\/cropped-banner.png","width":991,"height":150,"caption":"vitalibera.org"},"image":{"@id":"https:\/\/www.vitalibera.org\/community\/#\/schema\/logo\/image\/"},"sameAs":["https:\/\/www.facebook.com\/groups\/2997085857140235"]},{"@type":"Person","@id":"https:\/\/www.vitalibera.org\/community\/#\/schema\/person\/6712387298421f222ff6d0a2e22c1534","name":"Andreas Jecklin","image":{"@type":"ImageObject","inLanguage":"de","@id":"https:\/\/secure.gravatar.com\/avatar\/ad516503a11cd5ca435acc9bb6523536?s=96","url":"https:\/\/secure.gravatar.com\/avatar\/ad516503a11cd5ca435acc9bb6523536?s=96","contentUrl":"https:\/\/secure.gravatar.com\/avatar\/ad516503a11cd5ca435acc9bb6523536?s=96","caption":"Andreas Jecklin"},"description":"Manchen gab Gott die Kraft Dinge zu ver\u00e4ndern, mir gab er die Kraft zu ertragen was nicht mehr zu \u00e4ndern ist.","url":"https:\/\/www.vitalibera.org\/community\/author\/andy77\/"}]}},"jetpack_featured_media_url":"https:\/\/www.vitalibera.org\/community\/wp-content\/uploads\/2025\/11\/rollstuhl-treppe.jpg","jetpack_sharing_enabled":true,"jetpack-related-posts":[],"_links":{"self":[{"href":"https:\/\/www.vitalibera.org\/community\/wp-json\/wp\/v2\/posts\/4324","targetHints":{"allow":["GET"]}}],"collection":[{"href":"https:\/\/www.vitalibera.org\/community\/wp-json\/wp\/v2\/posts"}],"about":[{"href":"https:\/\/www.vitalibera.org\/community\/wp-json\/wp\/v2\/types\/post"}],"author":[{"embeddable":true,"href":"https:\/\/www.vitalibera.org\/community\/wp-json\/wp\/v2\/users\/2"}],"replies":[{"embeddable":true,"href":"https:\/\/www.vitalibera.org\/community\/wp-json\/wp\/v2\/comments?post=4324"}],"version-history":[{"count":4,"href":"https:\/\/www.vitalibera.org\/community\/wp-json\/wp\/v2\/posts\/4324\/revisions"}],"predecessor-version":[{"id":4332,"href":"https:\/\/www.vitalibera.org\/community\/wp-json\/wp\/v2\/posts\/4324\/revisions\/4332"}],"wp:featuredmedia":[{"embeddable":true,"href":"https:\/\/www.vitalibera.org\/community\/wp-json\/wp\/v2\/media\/4325"}],"wp:attachment":[{"href":"https:\/\/www.vitalibera.org\/community\/wp-json\/wp\/v2\/media?parent=4324"}],"wp:term":[{"taxonomy":"category","embeddable":true,"href":"https:\/\/www.vitalibera.org\/community\/wp-json\/wp\/v2\/categories?post=4324"},{"taxonomy":"post_tag","embeddable":true,"href":"https:\/\/www.vitalibera.org\/community\/wp-json\/wp\/v2\/tags?post=4324"}],"curies":[{"name":"wp","href":"https:\/\/api.w.org\/{rel}","templated":true}]}}