{"id":4478,"date":"2025-11-23T19:49:19","date_gmt":"2025-11-23T18:49:19","guid":{"rendered":"https:\/\/www.vitalibera.org\/community\/?p=4478"},"modified":"2025-11-23T20:08:02","modified_gmt":"2025-11-23T19:08:02","slug":"schlaganfall-bei-kindern-und-jugendlichen","status":"publish","type":"post","link":"https:\/\/www.vitalibera.org\/community\/2025\/11\/23\/schlaganfall-bei-kindern-und-jugendlichen\/","title":{"rendered":"Schlaganfall bei Kindern und Jugendlichen"},"content":{"rendered":"\n<div class=\"wp-block-media-text is-stacked-on-mobile is-vertically-aligned-top\"><figure class=\"wp-block-media-text__media\"><img fetchpriority=\"high\" decoding=\"async\" width=\"1024\" height=\"683\" src=\"https:\/\/www.vitalibera.org\/community\/wp-content\/uploads\/2025\/11\/csm_shutterstock_1529663594_1248f80f90-1024x683.jpg\" alt=\"\" class=\"wp-image-4480 size-full\" srcset=\"https:\/\/www.vitalibera.org\/community\/wp-content\/uploads\/2025\/11\/csm_shutterstock_1529663594_1248f80f90-1024x683.jpg 1024w, https:\/\/www.vitalibera.org\/community\/wp-content\/uploads\/2025\/11\/csm_shutterstock_1529663594_1248f80f90-300x200.jpg 300w, https:\/\/www.vitalibera.org\/community\/wp-content\/uploads\/2025\/11\/csm_shutterstock_1529663594_1248f80f90-768x512.jpg 768w, https:\/\/www.vitalibera.org\/community\/wp-content\/uploads\/2025\/11\/csm_shutterstock_1529663594_1248f80f90-1536x1024.jpg 1536w, https:\/\/www.vitalibera.org\/community\/wp-content\/uploads\/2025\/11\/csm_shutterstock_1529663594_1248f80f90-2048x1365.jpg 2048w\" sizes=\"(max-width: 1024px) 100vw, 1024px\" \/><\/figure><div class=\"wp-block-media-text__content\">\n<p><em><strong>&ldquo;Niemand zu klein, um betroffen zu sein&rdquo;<\/strong><\/em><br><br>In Deutschland wird j&auml;hrlich bei etwa 300 Kindern ein <a href=\"https:\/\/www.vitalibera.org\/community\/enzyklopaedie\/schlaganfall\/\" target=\"_self\" title=\"Ein Schlaganfall, auch Hirnschlag oder Apoplex genannt, ist eine&nbsp;pl&ouml;tzlich auftretende Durchblutungsst&ouml;rung im Gehirn, die dazu f&uuml;hrt, dass Gehirnzellen nicht mehr ausreichend mit Sauerstoff und N&auml;hrstoffen versorgt werden.&nbsp;Dies kann zu bleibenden Sch&auml;den oder sogar zum Absterben von Hirnzellen f&uuml;hren, wenn die Durchblutung nicht schnell wiederhergestellt wird.&nbsp; Einfach erkl&auml;rt: Stellen Sie sich vor, ein Teil Ihres Gehirns&hellip;\" class=\"encyclopedia\">Schlaganfall<\/a> diagnostiziert. Die Dunkelziffer ist jedoch vermutlich h&ouml;her, weil die Diagnose bei Kindern schwierig ist. Es kommt sogar vor, dass Ungeborene im Mutterleib von einem <a href=\"https:\/\/www.vitalibera.org\/community\/enzyklopaedie\/schlaganfall\/\" target=\"_self\" title=\"Ein Schlaganfall, auch Hirnschlag oder Apoplex genannt, ist eine&nbsp;pl&ouml;tzlich auftretende Durchblutungsst&ouml;rung im Gehirn, die dazu f&uuml;hrt, dass Gehirnzellen nicht mehr ausreichend mit Sauerstoff und N&auml;hrstoffen versorgt werden.&nbsp;Dies kann zu bleibenden Sch&auml;den oder sogar zum Absterben von Hirnzellen f&uuml;hren, wenn die Durchblutung nicht schnell wiederhergestellt wird.&nbsp; Einfach erkl&auml;rt: Stellen Sie sich vor, ein Teil Ihres Gehirns&hellip;\" class=\"encyclopedia\">Schlaganfall<\/a> betroffen sind. Die Ursachen k&ouml;nnen beispielsweise ein vererbtes erh&ouml;htes Risiko f&uuml;r die Bildung eines Blutgerinnsels, das dann die Blutgef&auml;&szlig;e im Gehirn verstopft, angeborene Gef&auml;&szlig;missbildungen, eine Infektionskrankheit oder eine Herzerkrankung sein. Allerdings sind hier viele Zusammenh&auml;nge noch nicht ausreichend erforscht.<\/p>\n\n\n\n<p>Der <a href=\"https:\/\/www.vitalibera.org\/community\/enzyklopaedie\/schlaganfall\/\" target=\"_self\" title=\"Ein Schlaganfall, auch Hirnschlag oder Apoplex genannt, ist eine&nbsp;pl&ouml;tzlich auftretende Durchblutungsst&ouml;rung im Gehirn, die dazu f&uuml;hrt, dass Gehirnzellen nicht mehr ausreichend mit Sauerstoff und N&auml;hrstoffen versorgt werden.&nbsp;Dies kann zu bleibenden Sch&auml;den oder sogar zum Absterben von Hirnzellen f&uuml;hren, wenn die Durchblutung nicht schnell wiederhergestellt wird.&nbsp; Einfach erkl&auml;rt: Stellen Sie sich vor, ein Teil Ihres Gehirns&hellip;\" class=\"encyclopedia\">Schlaganfall<\/a> macht sich bei den jungen Patienten h&auml;ufig durch eine unerwartet auftretende St&ouml;rung des Bewegungsablaufes, beispielsweise durch das Nachziehen eines Beines beim Gehen, oder durch eine unerkl&auml;rliche Sprachst&ouml;rung <a href=\"https:\/\/www.vitalibera.org\/community\/enzyklopaedie\/bem\/\" target=\"_self\" title=\"Das&nbsp;Betriebliche Eingliederungsmanagement&nbsp;(BEM) ist ein gesetzlich vorgeschriebenes Verfahren (&sect; 167 Abs. 2 SGB IX) in Deutschland. Es verpflichtet Arbeitgeber, Besch&auml;ftigten, die innerhalb eines Jahres l&auml;nger als sechs Wochen ununterbrochen oder wiederholt arbeitsunf&auml;hig sind, Ma&szlig;nahmen anzubieten, um Arbeitsunf&auml;higkeit zu &uuml;berwinden, erneuter vorzubeugen und den Arbeitsplatz zu erhalten.\" class=\"encyclopedia\">bem<\/a>erkbar. Dabei muss ber&uuml;cksichtigt werden, dass im Unterschied zu Erwachsenen bei Kindern die Hirnreifung noch nicht abgeschlossen ist. Durch einen <a href=\"https:\/\/www.vitalibera.org\/community\/enzyklopaedie\/schlaganfall\/\" target=\"_self\" title=\"Ein Schlaganfall, auch Hirnschlag oder Apoplex genannt, ist eine&nbsp;pl&ouml;tzlich auftretende Durchblutungsst&ouml;rung im Gehirn, die dazu f&uuml;hrt, dass Gehirnzellen nicht mehr ausreichend mit Sauerstoff und N&auml;hrstoffen versorgt werden.&nbsp;Dies kann zu bleibenden Sch&auml;den oder sogar zum Absterben von Hirnzellen f&uuml;hren, wenn die Durchblutung nicht schnell wiederhergestellt wird.&nbsp; Einfach erkl&auml;rt: Stellen Sie sich vor, ein Teil Ihres Gehirns&hellip;\" class=\"encyclopedia\">Schlaganfall<\/a> verursachte Sch&auml;den am Gehirn treten deshalb bei Kindern manchmal erst Monate oder Jahre sp&auml;ter in Erscheinung, was die Diagnose erschwert. Bei Neugeborenen f&auml;llt eine Halbseitenl&auml;hmung erst nach 6 Monaten auf.<\/p>\n\n\n\n<p>Gerade bei Kindern bestehen nach einem <a href=\"https:\/\/www.vitalibera.org\/community\/enzyklopaedie\/schlaganfall\/\" target=\"_self\" title=\"Ein Schlaganfall, auch Hirnschlag oder Apoplex genannt, ist eine&nbsp;pl&ouml;tzlich auftretende Durchblutungsst&ouml;rung im Gehirn, die dazu f&uuml;hrt, dass Gehirnzellen nicht mehr ausreichend mit Sauerstoff und N&auml;hrstoffen versorgt werden.&nbsp;Dies kann zu bleibenden Sch&auml;den oder sogar zum Absterben von Hirnzellen f&uuml;hren, wenn die Durchblutung nicht schnell wiederhergestellt wird.&nbsp; Einfach erkl&auml;rt: Stellen Sie sich vor, ein Teil Ihres Gehirns&hellip;\" class=\"encyclopedia\">Schlaganfall<\/a> sehr gute Heilungschancen. Zwar k&ouml;nnen Kinder nicht wie Erwachsene therapiert werden, es bestehen jedoch eine Reihe von guten Behandlungsm&ouml;glichkeiten. Die meisten Kinder k&ouml;nnen nach einiger Zeit wieder ein ganz normales Leben f&uuml;hren. Nur bei etwa 10% bleibt nach einem <a href=\"https:\/\/www.vitalibera.org\/community\/enzyklopaedie\/schlaganfall\/\" target=\"_self\" title=\"Ein Schlaganfall, auch Hirnschlag oder Apoplex genannt, ist eine&nbsp;pl&ouml;tzlich auftretende Durchblutungsst&ouml;rung im Gehirn, die dazu f&uuml;hrt, dass Gehirnzellen nicht mehr ausreichend mit Sauerstoff und N&auml;hrstoffen versorgt werden.&nbsp;Dies kann zu bleibenden Sch&auml;den oder sogar zum Absterben von Hirnzellen f&uuml;hren, wenn die Durchblutung nicht schnell wiederhergestellt wird.&nbsp; Einfach erkl&auml;rt: Stellen Sie sich vor, ein Teil Ihres Gehirns&hellip;\" class=\"encyclopedia\">Schlaganfall<\/a> ein gr&ouml;&szlig;eres Handicap zur&uuml;ck.<\/p>\n\n\n\n<p>Um Eltern von betroffenen Kindern zu helfen, bieten verschiedene Organisationen, wie beispielsweise die Stiftung Deutsche <a href=\"https:\/\/www.vitalibera.org\/community\/enzyklopaedie\/schlaganfall\/\" target=\"_self\" title=\"Ein Schlaganfall, auch Hirnschlag oder Apoplex genannt, ist eine&nbsp;pl&ouml;tzlich auftretende Durchblutungsst&ouml;rung im Gehirn, die dazu f&uuml;hrt, dass Gehirnzellen nicht mehr ausreichend mit Sauerstoff und N&auml;hrstoffen versorgt werden.&nbsp;Dies kann zu bleibenden Sch&auml;den oder sogar zum Absterben von Hirnzellen f&uuml;hren, wenn die Durchblutung nicht schnell wiederhergestellt wird.&nbsp; Einfach erkl&auml;rt: Stellen Sie sich vor, ein Teil Ihres Gehirns&hellip;\" class=\"encyclopedia\">Schlaganfall<\/a>-Hilfe, Elternsprechstunden und M&ouml;glichkeiten zum Erfahrungsaustausch mit anderen Eltern, &Auml;rzten und Therapeuten an.<\/p>\n<\/div><\/div>\n\n\n\n<div class=\"wp-block-file\"><a id=\"wp-block-file--media-f20150d3-f7f7-4e96-88cb-f191246f7f7c\" href=\"https:\/\/www.vitalibera.org\/community\/wp-content\/uploads\/2025\/11\/Neuro_120613-brosch-a5-schlaganfall-kinder-kikli-screen.pdf\" target=\"_blank\" rel=\"noreferrer noopener\">Brosch&uuml;re f&uuml;r Eltern des Berner Insel-Spital<\/a><a href=\"https:\/\/www.vitalibera.org\/community\/wp-content\/uploads\/2025\/11\/Neuro_120613-brosch-a5-schlaganfall-kinder-kikli-screen.pdf\" class=\"wp-block-file__button wp-element-button\" download aria-describedby=\"wp-block-file--media-f20150d3-f7f7-4e96-88cb-f191246f7f7c\">Herunterladen<\/a><\/div>\n\n\n\n<p><a href=\"https:\/\/www.schlaganfall-kinder.de\/schakis\/index.html\" target=\"_blank\" rel=\"noreferrer noopener\">Link zur Selbsthilfegruppe<\/a><\/p>\n\n\n\n<p>Neurologische Erkrankungen bei Kindern&nbsp;k&ouml;nnen vielf&auml;ltig sein und betreffen das Nervensystem (Gehirn, <a href=\"https:\/\/www.vitalibera.org\/community\/enzyklopaedie\/rueckenmark\/\" target=\"_self\" title=\"Das R&uuml;ckenmark ist ein&nbsp;zentraler Bestandteil des zentralen Nervensystems und verl&auml;uft als langes Nervenb&uuml;ndel durch den Wirbelkanal der Wirbels&auml;ule, um Signale zwischen Gehirn und K&ouml;rper zu &uuml;bermitteln.&nbsp;Es dient als Hauptverbindungsleitung f&uuml;r Informationen und steuert nebenbei reflexartige Bewegungen unabh&auml;ngig vom Gehirn.&nbsp; Aufbau und Funktion Signal&uuml;bertragung:&nbsp; Das R&uuml;ckenmark leitet Signale vom Gehirn an den K&ouml;rper (z. B. f&uuml;r&hellip;\" class=\"encyclopedia\">R&uuml;ckenmark<\/a>, Nerven). Dazu geh&ouml;ren h&auml;ufige St&ouml;rungen wie Kopfschmerzen, <a href=\"https:\/\/www.vitalibera.org\/community\/enzyklopaedie\/epilepsie\/\" target=\"_self\" title='Die Epilepsie (\"Fallsucht\") ist eine relativ h&auml;ufige neurologische Erkrankung. Sie geh&ouml;rt zu den vor&uuml;bergehenden Funktionsst&ouml;rungen des Gehirns und ist durch&nbsp;epileptische Anf&auml;lle&nbsp;gekennzeichnet: Dabei feuern Nervenzellen (Neuronen) im&nbsp;Gehirn&nbsp;pl&ouml;tzlich f&uuml;r kurze Zeit synchron und unkontrolliert Impulse ab. Epileptische Anf&auml;lle verlaufen unterschiedlich stark ausgepr&auml;gt. Dementsprechend variabel sind auch die Auswirkungen. Manche Betroffenen versp&uuml;ren zum Beispiel nur ein leichtes Zucken&hellip;' class=\"encyclopedia\">Epilepsie<\/a> und Entwicklungsst&ouml;rungen, aber auch seltenere Erkrankungen wie <a href=\"https:\/\/www.vitalibera.org\/community\/enzyklopaedie\/zerebralparese\/\" target=\"_self\" title=\"Zerebralparese (CP) ist eine&nbsp;Gruppe von neurologischen Erkrankungen, die durch eine nicht fortschreitende Sch&auml;digung des Gehirns vor, w&auml;hrend oder kurz nach der Geburt verursacht werden.&nbsp;Sie &auml;u&szlig;ert sich in motorischen St&ouml;rungen wie Muskelsteifheit (Spastik), Bewegungseinschr&auml;nkungen, Haltungsproblemen und Koordinationsschwierigkeiten, die lebenslang bestehen.&nbsp;Neben den motorischen Symptomen k&ouml;nnen auch andere Beeintr&auml;chtigungen wie Sprach-, Seh-, H&ouml;r- oder kognitive Probleme auftreten.&nbsp;&nbsp; Ursachen&hellip;\" class=\"encyclopedia\">Zerebralparese<\/a>, <a href=\"https:\/\/www.vitalibera.org\/community\/enzyklopaedie\/multiple-sklerose-ms-2\/\" target=\"_self\" title=\"Multiple Sklerose (MS)&nbsp;ist eine Autoimmunerkrankung, bei der das Immunsystem die Schutzh&uuml;llen der Nerven im zentralen Nervensystem (Gehirn und R&uuml;ckenmark) angreift.&nbsp;Dadurch werden die Nervenfasern gesch&auml;digt, was zu einer gest&ouml;rten Informations&uuml;bertragung f&uuml;hrt und sehr unterschiedliche Symptome verursachen kann.&nbsp;H&auml;ufige erste Anzeichen sind Sehst&ouml;rungen, Gef&uuml;hlsst&ouml;rungen und Muskelschw&auml;che.&nbsp; Was passiert bei MS? Das Immunsystem greift an:&nbsp; Bei MS greift das&hellip;\" class=\"encyclopedia\">Multiple Sklerose<\/a>, Schlaganf&auml;lle, Stoffwechsel- oder genetische St&ouml;rungen. Symptome k&ouml;nnen von Krampfanf&auml;llen und Koordinationsproblemen bis hin zu Wahrnehmungs- und Verhaltensauff&auml;lligkeiten reichen.&nbsp;<\/p>\n\n\n\n<p>H&auml;ufige neurologische Erkrankungen bei Kindern<\/p>\n\n\n\n<ul class=\"wp-block-list\">\n<li><strong><a href=\"https:\/\/www.vitalibera.org\/community\/enzyklopaedie\/epilepsie\/\" target=\"_self\" title='Die Epilepsie (\"Fallsucht\") ist eine relativ h&auml;ufige neurologische Erkrankung. Sie geh&ouml;rt zu den vor&uuml;bergehenden Funktionsst&ouml;rungen des Gehirns und ist durch&nbsp;epileptische Anf&auml;lle&nbsp;gekennzeichnet: Dabei feuern Nervenzellen (Neuronen) im&nbsp;Gehirn&nbsp;pl&ouml;tzlich f&uuml;r kurze Zeit synchron und unkontrolliert Impulse ab. Epileptische Anf&auml;lle verlaufen unterschiedlich stark ausgepr&auml;gt. Dementsprechend variabel sind auch die Auswirkungen. Manche Betroffenen versp&uuml;ren zum Beispiel nur ein leichtes Zucken&hellip;' class=\"encyclopedia\">Epilepsie<\/a><\/strong>: Eine Hirnerkrankung, die durch Krampfanf&auml;lle gekennzeichnet ist.<\/li>\n\n\n\n<li><strong>Entwicklungsst&ouml;rungen<\/strong>: Beeintr&auml;chtigungen der psychischen und k&ouml;rperlichen Entwicklung, darunter <a href=\"https:\/\/www.vitalibera.org\/community\/enzyklopaedie\/autismus\/\" target=\"_self\" title=\"Die Autismus-Spektrum-St&ouml;rung ist eine komplexe und vielgestaltige neurologische&nbsp;Entwicklungsst&ouml;rung, deren genaue Ursache unbekannt ist. Sie wird als genetisch bedingte Ver&auml;nderung der Wahrnehmungs- und Informationsverarbeitung des Gehirns beschrieben, die sich bereits im fr&uuml;hen Kindesalter bemerkbar machen kann.\" class=\"encyclopedia\">Autismus<\/a>-Spektrum-St&ouml;rungen oder das <a href=\"https:\/\/www.vitalibera.org\/community\/enzyklopaedie\/rett-syndrom\/\" target=\"_self\" title='Das Rett-Syndrom ist eine&nbsp;seltene, genetisch bedingte neurologische Entwicklungsst&ouml;rung, die fast ausschlie&szlig;lich M&auml;dchen betrifft und meist durch eine Neumutation (oft&nbsp;MECP2-Gen) entsteht. Nach einer normalen Entwicklung (6&ndash;18 Monate) folgen Stagnation, Verlust von Sprache und Handfunktion, stereotype Handbewegungen (\"Washing\") und schwere Behinderungen. Eine kausale Heilung existiert bisher nicht.' class=\"encyclopedia\">Rett-Syndrom<\/a>.<\/li>\n\n\n\n<li><strong>Kopfschmerzen<\/strong>: K&ouml;nnen sowohl h&auml;ufig als auch ein Anzeichen f&uuml;r zugrundeliegende Probleme sein.<\/li>\n\n\n\n<li><strong>Tic-St&ouml;rungen<\/strong>: Unkontrollierte Bewegungen oder Laut&auml;u&szlig;erungen.<\/li>\n\n\n\n<li><strong>Hirnfunktionsst&ouml;rungen&nbsp;(HFS)<\/strong>: Abweichungen von normalen Gehirnfunktionen nach einer Sch&auml;digung, zum Beispiel durch einen Unfall, eine Infektion oder einen <a href=\"https:\/\/www.vitalibera.org\/community\/enzyklopaedie\/schlaganfall\/\" target=\"_self\" title=\"Ein Schlaganfall, auch Hirnschlag oder Apoplex genannt, ist eine&nbsp;pl&ouml;tzlich auftretende Durchblutungsst&ouml;rung im Gehirn, die dazu f&uuml;hrt, dass Gehirnzellen nicht mehr ausreichend mit Sauerstoff und N&auml;hrstoffen versorgt werden.&nbsp;Dies kann zu bleibenden Sch&auml;den oder sogar zum Absterben von Hirnzellen f&uuml;hren, wenn die Durchblutung nicht schnell wiederhergestellt wird.&nbsp; Einfach erkl&auml;rt: Stellen Sie sich vor, ein Teil Ihres Gehirns&hellip;\" class=\"encyclopedia\">Schlaganfall<\/a>.&nbsp;<\/li>\n<\/ul>\n\n\n\n<p>Seltener und komplexere Erkrankungen<\/p>\n\n\n\n<ul class=\"wp-block-list\">\n<li><strong><a href=\"https:\/\/www.vitalibera.org\/community\/enzyklopaedie\/zerebralparese\/\" target=\"_self\" title=\"Zerebralparese (CP) ist eine&nbsp;Gruppe von neurologischen Erkrankungen, die durch eine nicht fortschreitende Sch&auml;digung des Gehirns vor, w&auml;hrend oder kurz nach der Geburt verursacht werden.&nbsp;Sie &auml;u&szlig;ert sich in motorischen St&ouml;rungen wie Muskelsteifheit (Spastik), Bewegungseinschr&auml;nkungen, Haltungsproblemen und Koordinationsschwierigkeiten, die lebenslang bestehen.&nbsp;Neben den motorischen Symptomen k&ouml;nnen auch andere Beeintr&auml;chtigungen wie Sprach-, Seh-, H&ouml;r- oder kognitive Probleme auftreten.&nbsp;&nbsp; Ursachen&hellip;\" class=\"encyclopedia\">Zerebralparese<\/a><\/strong>: Eine Gruppe von St&ouml;rungen, die die Bewegung und K&ouml;rperhaltung betreffen.<\/li>\n\n\n\n<li><strong>Muskeldystrophie<\/strong>: Eine Gruppe von Erbkrankheiten, die durch Muskelschw&auml;che und -schwund gekennzeichnet sind.<\/li>\n\n\n\n<li><strong><a href=\"https:\/\/www.vitalibera.org\/community\/enzyklopaedie\/multiple-sklerose-ms-2\/\" target=\"_self\" title=\"Multiple Sklerose (MS)&nbsp;ist eine Autoimmunerkrankung, bei der das Immunsystem die Schutzh&uuml;llen der Nerven im zentralen Nervensystem (Gehirn und R&uuml;ckenmark) angreift.&nbsp;Dadurch werden die Nervenfasern gesch&auml;digt, was zu einer gest&ouml;rten Informations&uuml;bertragung f&uuml;hrt und sehr unterschiedliche Symptome verursachen kann.&nbsp;H&auml;ufige erste Anzeichen sind Sehst&ouml;rungen, Gef&uuml;hlsst&ouml;rungen und Muskelschw&auml;che.&nbsp; Was passiert bei MS? Das Immunsystem greift an:&nbsp; Bei MS greift das&hellip;\" class=\"encyclopedia\">Multiple Sklerose<\/a><\/strong>: Eine chronisch-entz&uuml;ndliche Erkrankung, die das zentrale Nervensystem betrifft.<\/li>\n\n\n\n<li><strong><a href=\"https:\/\/www.vitalibera.org\/community\/enzyklopaedie\/neurofibromatose\/\" target=\"_self\" title=\"Neurofibromatose ist eine&nbsp;neurologisch-kutanen Erkrankung, die durch genetische Defekte verursacht wird und das Nervensystem und die Haut betrifft.&nbsp;Sie kann zu verschiedenen neurologischen Symptomen wie Schmerzen, motorischen und kognitiven Problemen sowie einem erh&ouml;hten Risiko f&uuml;r gut- und b&ouml;sartige Tumore des zentralen und peripheren Nervensystems f&uuml;hren.&nbsp;Neurologische Symptome k&ouml;nnen auch H&ouml;rverlust (bei NF2) und Sehbehinderungen (bei NF1) umfassen.&nbsp; H&auml;ufige&hellip;\" class=\"encyclopedia\">Neurofibromatose<\/a><\/strong>: Eine genetische Erkrankung, die durch Wucherungen von Nervengewebe unter der Haut und anderen K&ouml;rperteilen gekennzeichnet ist.<\/li>\n\n\n\n<li><strong>Virusinfektionen des zentralen Nervensystems<\/strong>: K&ouml;nnen zu einer Entz&uuml;ndung von Gehirn und <a href=\"https:\/\/www.vitalibera.org\/community\/enzyklopaedie\/rueckenmark\/\" target=\"_self\" title=\"Das R&uuml;ckenmark ist ein&nbsp;zentraler Bestandteil des zentralen Nervensystems und verl&auml;uft als langes Nervenb&uuml;ndel durch den Wirbelkanal der Wirbels&auml;ule, um Signale zwischen Gehirn und K&ouml;rper zu &uuml;bermitteln.&nbsp;Es dient als Hauptverbindungsleitung f&uuml;r Informationen und steuert nebenbei reflexartige Bewegungen unabh&auml;ngig vom Gehirn.&nbsp; Aufbau und Funktion Signal&uuml;bertragung:&nbsp; Das R&uuml;ckenmark leitet Signale vom Gehirn an den K&ouml;rper (z. B. f&uuml;r&hellip;\" class=\"encyclopedia\">R&uuml;ckenmark<\/a> f&uuml;hren.<\/li>\n\n\n\n<li><strong>Schlaganf&auml;lle&nbsp;bei Kindern<\/strong>: K&ouml;nnen durch verschiedene Erkrankungen wie Gef&auml;&szlig;entz&uuml;ndungen oder Gerinnungsst&ouml;rungen ausgel&ouml;st werden.&nbsp;<\/li>\n<\/ul>\n\n\n\n<p>M&ouml;gliche Symptome<\/p>\n\n\n\n<ul class=\"wp-block-list\">\n<li>Epileptische Anf&auml;lle<\/li>\n\n\n\n<li>Gedeih- und Entwicklungsst&ouml;rungen<\/li>\n\n\n\n<li>Beeintr&auml;chtigungen der Geh- und Greiffunktion<\/li>\n\n\n\n<li>Auff&auml;llige Augenbewegungen<\/li>\n\n\n\n<li>L&auml;hmungen<\/li>\n\n\n\n<li>Chronische oder unerkl&auml;rliche Schmerzen&nbsp;<\/li>\n<\/ul>\n\n\n\n<p>Diagnose und Behandlung<\/p>\n\n\n\n<ul class=\"wp-block-list\">\n<li>Die Diagnose erfolgt durch bildgebende Verfahren (z. B. MRT, CT) und neurophysiologische Tests (z. B. EEG) sowie durch genetische und stoffwechselbasierte Untersuchungen.<\/li>\n\n\n\n<li>Die Behandlung kann medikament&ouml;s, durch <a href=\"https:\/\/www.vitalibera.org\/community\/enzyklopaedie\/physiotherapie\/\" target=\"_self\" title=\"Die Physiotherapie ist ein essenzieller Bestandteil der Schlaganfall-Rehabilitation, um durch gezieltes, intensives Training (Neuroplastizit&auml;t) Mobilit&auml;t, Kraft und Koordination wiederherzustellen. Fr&uuml;hzeitiger Beginn und hohe Wiederholungsraten f&ouml;rdern die Wiedererlangung der Selbstst&auml;ndigkeit. Wichtige Konzepte sind Bobath, PNF, Spiegeltraining und Gangschulung. Ziele und Schwerpunkte der Physiotherapie: Verbesserung der Beweglichkeit:&nbsp;Wiederherstellung von Funktionen wie Greifen oder Gehen. Kraftaufbau &amp; Gleichgewicht:&nbsp;St&auml;rkung der&hellip;\" class=\"encyclopedia\">Physiotherapie<\/a>, <a href=\"https:\/\/www.vitalibera.org\/community\/enzyklopaedie\/ergotherapie\/\" target=\"_self\" title=\"Ergotherapie&nbsp;unterst&uuml;tzt und begleitet Menschen jeden Alters, die in ihrer Handlungsf&auml;higkeit eingeschr&auml;nkt oder von Einschr&auml;nkung bedroht sind. Ziel ist, sie bei der Durchf&uuml;hrung f&uuml;r sie bedeutungsvoller Bet&auml;tigungen in den Bereichen Selbstversorgung, Produktivit&auml;t und Freizeit in ihrer pers&ouml;nlichen Umwelt zu st&auml;rken.\" class=\"encyclopedia\">Ergotherapie<\/a> oder andere F&ouml;rderma&szlig;nahmen erfolgen.<\/li>\n\n\n\n<li>Das Therapieziel ist die Heilung, wenn m&ouml;glich. Andernfalls soll die Beeintr&auml;chtigung minimiert werden, um eine Teilnahme am Alltagsleben zu erm&ouml;glichen.&nbsp;<\/li>\n<\/ul>\n","protected":false},"excerpt":{"rendered":"<p>&#8220;Niemand zu klein, um betroffen zu sein&#8221; In Deutschland wird j\u00e4hrlich bei etwa 300 Kindern ein Schlaganfall diagnostiziert. Die Dunkelziffer ist jedoch vermutlich h\u00f6her, weil die Diagnose bei Kindern schwierig ist. Es kommt sogar vor, dass Ungeborene im Mutterleib von einem Schlaganfall betroffen sind. Die Ursachen k\u00f6nnen beispielsweise ein vererbtes erh\u00f6htes Risiko f\u00fcr die Bildung &#8230; <a title=\"Schlaganfall bei Kindern und Jugendlichen\" class=\"read-more\" href=\"https:\/\/www.vitalibera.org\/community\/2025\/11\/23\/schlaganfall-bei-kindern-und-jugendlichen\/\" aria-label=\"Mehr Informationen \u00fcber Schlaganfall bei Kindern und Jugendlichen\">Weiterlesen<\/a><\/p>\n","protected":false},"author":2,"featured_media":4480,"comment_status":"open","ping_status":"open","sticky":false,"template":"","format":"standard","meta":{"cybocfi_hide_featured_image":"yes","_jetpack_memberships_contains_paid_content":false,"footnotes":""},"categories":[159],"tags":[],"class_list":["post-4478","post","type-post","status-publish","format-standard","has-post-thumbnail","hentry","category-fachwissen"],"yoast_head":"<!-- This site is optimized with the Yoast SEO plugin v27.4 - https:\/\/yoast.com\/product\/yoast-seo-wordpress\/ -->\r\n<title>Schlaganfall bei Kindern und Jugendlichen - vitalibera.org<\/title>\r\n<meta name=\"robots\" content=\"index, follow, max-snippet:-1, max-image-preview:large, max-video-preview:-1\" \/>\r\n<link rel=\"canonical\" href=\"https:\/\/www.vitalibera.org\/community\/2025\/11\/23\/schlaganfall-bei-kindern-und-jugendlichen\/\" \/>\r\n<meta property=\"og:locale\" content=\"de_DE\" \/>\r\n<meta property=\"og:type\" content=\"article\" \/>\r\n<meta property=\"og:title\" content=\"Schlaganfall bei Kindern und Jugendlichen - vitalibera.org\" \/>\r\n<meta property=\"og:description\" content=\"&#8220;Niemand zu klein, um betroffen zu sein&#8221; In Deutschland wird j\u00e4hrlich bei etwa 300 Kindern ein Schlaganfall diagnostiziert. Die Dunkelziffer ist jedoch vermutlich h\u00f6her, weil die Diagnose bei Kindern schwierig ist. Es kommt sogar vor, dass Ungeborene im Mutterleib von einem Schlaganfall betroffen sind. Die Ursachen k\u00f6nnen beispielsweise ein vererbtes erh\u00f6htes Risiko f\u00fcr die Bildung ... Weiterlesen\" \/>\r\n<meta property=\"og:url\" content=\"https:\/\/www.vitalibera.org\/community\/2025\/11\/23\/schlaganfall-bei-kindern-und-jugendlichen\/\" \/>\r\n<meta property=\"og:site_name\" content=\"vitalibera.org\" \/>\r\n<meta property=\"article:publisher\" content=\"https:\/\/www.facebook.com\/groups\/2997085857140235\" \/>\r\n<meta property=\"article:published_time\" content=\"2025-11-23T18:49:19+00:00\" \/>\r\n<meta property=\"article:modified_time\" content=\"2025-11-23T19:08:02+00:00\" \/>\r\n<meta property=\"og:image\" content=\"https:\/\/www.vitalibera.org\/community\/wp-content\/uploads\/2025\/11\/csm_shutterstock_1529663594_1248f80f90-scaled.jpg\" \/>\r\n\t<meta property=\"og:image:width\" content=\"2560\" \/>\r\n\t<meta property=\"og:image:height\" content=\"1707\" \/>\r\n\t<meta property=\"og:image:type\" content=\"image\/jpeg\" \/>\r\n<meta name=\"author\" content=\"Andreas Jecklin\" \/>\r\n<meta name=\"twitter:card\" content=\"summary_large_image\" \/>\r\n<meta name=\"twitter:label1\" content=\"Verfasst von\" \/>\n\t<meta name=\"twitter:data1\" content=\"Andreas Jecklin\" \/>\n\t<meta name=\"twitter:label2\" content=\"Gesch\u00e4tzte Lesezeit\" \/>\n\t<meta name=\"twitter:data2\" content=\"4\u00a0Minuten\" \/>\r\n<script type=\"application\/ld+json\" class=\"yoast-schema-graph\">{\"@context\":\"https:\\\/\\\/schema.org\",\"@graph\":[{\"@type\":\"Article\",\"@id\":\"https:\\\/\\\/www.vitalibera.org\\\/community\\\/2025\\\/11\\\/23\\\/schlaganfall-bei-kindern-und-jugendlichen\\\/#article\",\"isPartOf\":{\"@id\":\"https:\\\/\\\/www.vitalibera.org\\\/community\\\/2025\\\/11\\\/23\\\/schlaganfall-bei-kindern-und-jugendlichen\\\/\"},\"author\":{\"name\":\"Andreas Jecklin\",\"@id\":\"https:\\\/\\\/www.vitalibera.org\\\/community\\\/#\\\/schema\\\/person\\\/6712387298421f222ff6d0a2e22c1534\"},\"headline\":\"Schlaganfall bei Kindern und Jugendlichen\",\"datePublished\":\"2025-11-23T18:49:19+00:00\",\"dateModified\":\"2025-11-23T19:08:02+00:00\",\"mainEntityOfPage\":{\"@id\":\"https:\\\/\\\/www.vitalibera.org\\\/community\\\/2025\\\/11\\\/23\\\/schlaganfall-bei-kindern-und-jugendlichen\\\/\"},\"wordCount\":597,\"commentCount\":0,\"publisher\":{\"@id\":\"https:\\\/\\\/www.vitalibera.org\\\/community\\\/#organization\"},\"image\":{\"@id\":\"https:\\\/\\\/www.vitalibera.org\\\/community\\\/2025\\\/11\\\/23\\\/schlaganfall-bei-kindern-und-jugendlichen\\\/#primaryimage\"},\"thumbnailUrl\":\"https:\\\/\\\/www.vitalibera.org\\\/community\\\/wp-content\\\/uploads\\\/2025\\\/11\\\/csm_shutterstock_1529663594_1248f80f90-scaled.jpg\",\"articleSection\":[\"Fachwissen\"],\"inLanguage\":\"de\",\"potentialAction\":[{\"@type\":\"CommentAction\",\"name\":\"Comment\",\"target\":[\"https:\\\/\\\/www.vitalibera.org\\\/community\\\/2025\\\/11\\\/23\\\/schlaganfall-bei-kindern-und-jugendlichen\\\/#respond\"]}]},{\"@type\":\"WebPage\",\"@id\":\"https:\\\/\\\/www.vitalibera.org\\\/community\\\/2025\\\/11\\\/23\\\/schlaganfall-bei-kindern-und-jugendlichen\\\/\",\"url\":\"https:\\\/\\\/www.vitalibera.org\\\/community\\\/2025\\\/11\\\/23\\\/schlaganfall-bei-kindern-und-jugendlichen\\\/\",\"name\":\"Schlaganfall bei Kindern und Jugendlichen - vitalibera.org\",\"isPartOf\":{\"@id\":\"https:\\\/\\\/www.vitalibera.org\\\/community\\\/#website\"},\"primaryImageOfPage\":{\"@id\":\"https:\\\/\\\/www.vitalibera.org\\\/community\\\/2025\\\/11\\\/23\\\/schlaganfall-bei-kindern-und-jugendlichen\\\/#primaryimage\"},\"image\":{\"@id\":\"https:\\\/\\\/www.vitalibera.org\\\/community\\\/2025\\\/11\\\/23\\\/schlaganfall-bei-kindern-und-jugendlichen\\\/#primaryimage\"},\"thumbnailUrl\":\"https:\\\/\\\/www.vitalibera.org\\\/community\\\/wp-content\\\/uploads\\\/2025\\\/11\\\/csm_shutterstock_1529663594_1248f80f90-scaled.jpg\",\"datePublished\":\"2025-11-23T18:49:19+00:00\",\"dateModified\":\"2025-11-23T19:08:02+00:00\",\"breadcrumb\":{\"@id\":\"https:\\\/\\\/www.vitalibera.org\\\/community\\\/2025\\\/11\\\/23\\\/schlaganfall-bei-kindern-und-jugendlichen\\\/#breadcrumb\"},\"inLanguage\":\"de\",\"potentialAction\":[{\"@type\":\"ReadAction\",\"target\":[\"https:\\\/\\\/www.vitalibera.org\\\/community\\\/2025\\\/11\\\/23\\\/schlaganfall-bei-kindern-und-jugendlichen\\\/\"]}]},{\"@type\":\"BreadcrumbList\",\"@id\":\"https:\\\/\\\/www.vitalibera.org\\\/community\\\/2025\\\/11\\\/23\\\/schlaganfall-bei-kindern-und-jugendlichen\\\/#breadcrumb\",\"itemListElement\":[{\"@type\":\"ListItem\",\"position\":1,\"name\":\"Startseite\",\"item\":\"https:\\\/\\\/www.vitalibera.org\\\/community\\\/\"},{\"@type\":\"ListItem\",\"position\":2,\"name\":\"Schlaganfall bei Kindern und Jugendlichen\"}]},{\"@type\":\"WebSite\",\"@id\":\"https:\\\/\\\/www.vitalibera.org\\\/community\\\/#website\",\"url\":\"https:\\\/\\\/www.vitalibera.org\\\/community\\\/\",\"name\":\"vitalibera.org\",\"description\":\"Mit einer Einschr&auml;nkung gestaltet sich das Leben im Alltag oft schwieriger - hier berichten wir &uuml;ber unsere Erfahrungen und Hilfsmittel um den Alltag so unbeschwert und unkompliziert wie nur m&ouml;glich geniessen zu k&ouml;nnen. Dabei richten wir unseren Fokus gezielt auf Selbst&auml;ndigkeit, Eigenst&auml;ndigkeit und Selbstbestimmung.\",\"publisher\":{\"@id\":\"https:\\\/\\\/www.vitalibera.org\\\/community\\\/#organization\"},\"potentialAction\":[{\"@type\":\"SearchAction\",\"target\":{\"@type\":\"EntryPoint\",\"urlTemplate\":\"https:\\\/\\\/www.vitalibera.org\\\/community\\\/?s={search_term_string}\"},\"query-input\":{\"@type\":\"PropertyValueSpecification\",\"valueRequired\":true,\"valueName\":\"search_term_string\"}}],\"inLanguage\":\"de\"},{\"@type\":\"Organization\",\"@id\":\"https:\\\/\\\/www.vitalibera.org\\\/community\\\/#organization\",\"name\":\"vitalibera.org\",\"url\":\"https:\\\/\\\/www.vitalibera.org\\\/community\\\/\",\"logo\":{\"@type\":\"ImageObject\",\"inLanguage\":\"de\",\"@id\":\"https:\\\/\\\/www.vitalibera.org\\\/community\\\/#\\\/schema\\\/logo\\\/image\\\/\",\"url\":\"https:\\\/\\\/www.vitalibera.org\\\/community\\\/wp-content\\\/uploads\\\/2025\\\/09\\\/cropped-banner.png\",\"contentUrl\":\"https:\\\/\\\/www.vitalibera.org\\\/community\\\/wp-content\\\/uploads\\\/2025\\\/09\\\/cropped-banner.png\",\"width\":991,\"height\":150,\"caption\":\"vitalibera.org\"},\"image\":{\"@id\":\"https:\\\/\\\/www.vitalibera.org\\\/community\\\/#\\\/schema\\\/logo\\\/image\\\/\"},\"sameAs\":[\"https:\\\/\\\/www.facebook.com\\\/groups\\\/2997085857140235\"]},{\"@type\":\"Person\",\"@id\":\"https:\\\/\\\/www.vitalibera.org\\\/community\\\/#\\\/schema\\\/person\\\/6712387298421f222ff6d0a2e22c1534\",\"name\":\"Andreas Jecklin\",\"image\":{\"@type\":\"ImageObject\",\"inLanguage\":\"de\",\"@id\":\"https:\\\/\\\/secure.gravatar.com\\\/avatar\\\/ad516503a11cd5ca435acc9bb6523536?s=96\",\"url\":\"https:\\\/\\\/secure.gravatar.com\\\/avatar\\\/ad516503a11cd5ca435acc9bb6523536?s=96\",\"contentUrl\":\"https:\\\/\\\/secure.gravatar.com\\\/avatar\\\/ad516503a11cd5ca435acc9bb6523536?s=96\",\"caption\":\"Andreas Jecklin\"},\"description\":\"Manchen gab Gott die Kraft Dinge zu ver\u00e4ndern, mir gab er die Kraft zu ertragen was nicht mehr zu \u00e4ndern ist.\",\"url\":\"https:\\\/\\\/www.vitalibera.org\\\/community\\\/author\\\/andy77\\\/\"}]}<\/script>\r\n<!-- \/ Yoast SEO plugin. -->","yoast_head_json":{"title":"Schlaganfall bei Kindern und Jugendlichen - vitalibera.org","robots":{"index":"index","follow":"follow","max-snippet":"max-snippet:-1","max-image-preview":"max-image-preview:large","max-video-preview":"max-video-preview:-1"},"canonical":"https:\/\/www.vitalibera.org\/community\/2025\/11\/23\/schlaganfall-bei-kindern-und-jugendlichen\/","og_locale":"de_DE","og_type":"article","og_title":"Schlaganfall bei Kindern und Jugendlichen - vitalibera.org","og_description":"&#8220;Niemand zu klein, um betroffen zu sein&#8221; In Deutschland wird j\u00e4hrlich bei etwa 300 Kindern ein Schlaganfall diagnostiziert. Die Dunkelziffer ist jedoch vermutlich h\u00f6her, weil die Diagnose bei Kindern schwierig ist. Es kommt sogar vor, dass Ungeborene im Mutterleib von einem Schlaganfall betroffen sind. Die Ursachen k\u00f6nnen beispielsweise ein vererbtes erh\u00f6htes Risiko f\u00fcr die Bildung ... Weiterlesen","og_url":"https:\/\/www.vitalibera.org\/community\/2025\/11\/23\/schlaganfall-bei-kindern-und-jugendlichen\/","og_site_name":"vitalibera.org","article_publisher":"https:\/\/www.facebook.com\/groups\/2997085857140235","article_published_time":"2025-11-23T18:49:19+00:00","article_modified_time":"2025-11-23T19:08:02+00:00","og_image":[{"width":2560,"height":1707,"url":"https:\/\/www.vitalibera.org\/community\/wp-content\/uploads\/2025\/11\/csm_shutterstock_1529663594_1248f80f90-scaled.jpg","type":"image\/jpeg"}],"author":"Andreas Jecklin","twitter_card":"summary_large_image","twitter_misc":{"Verfasst von":"Andreas Jecklin","Gesch\u00e4tzte Lesezeit":"4\u00a0Minuten"},"schema":{"@context":"https:\/\/schema.org","@graph":[{"@type":"Article","@id":"https:\/\/www.vitalibera.org\/community\/2025\/11\/23\/schlaganfall-bei-kindern-und-jugendlichen\/#article","isPartOf":{"@id":"https:\/\/www.vitalibera.org\/community\/2025\/11\/23\/schlaganfall-bei-kindern-und-jugendlichen\/"},"author":{"name":"Andreas Jecklin","@id":"https:\/\/www.vitalibera.org\/community\/#\/schema\/person\/6712387298421f222ff6d0a2e22c1534"},"headline":"Schlaganfall bei Kindern und Jugendlichen","datePublished":"2025-11-23T18:49:19+00:00","dateModified":"2025-11-23T19:08:02+00:00","mainEntityOfPage":{"@id":"https:\/\/www.vitalibera.org\/community\/2025\/11\/23\/schlaganfall-bei-kindern-und-jugendlichen\/"},"wordCount":597,"commentCount":0,"publisher":{"@id":"https:\/\/www.vitalibera.org\/community\/#organization"},"image":{"@id":"https:\/\/www.vitalibera.org\/community\/2025\/11\/23\/schlaganfall-bei-kindern-und-jugendlichen\/#primaryimage"},"thumbnailUrl":"https:\/\/www.vitalibera.org\/community\/wp-content\/uploads\/2025\/11\/csm_shutterstock_1529663594_1248f80f90-scaled.jpg","articleSection":["Fachwissen"],"inLanguage":"de","potentialAction":[{"@type":"CommentAction","name":"Comment","target":["https:\/\/www.vitalibera.org\/community\/2025\/11\/23\/schlaganfall-bei-kindern-und-jugendlichen\/#respond"]}]},{"@type":"WebPage","@id":"https:\/\/www.vitalibera.org\/community\/2025\/11\/23\/schlaganfall-bei-kindern-und-jugendlichen\/","url":"https:\/\/www.vitalibera.org\/community\/2025\/11\/23\/schlaganfall-bei-kindern-und-jugendlichen\/","name":"Schlaganfall bei Kindern und Jugendlichen - vitalibera.org","isPartOf":{"@id":"https:\/\/www.vitalibera.org\/community\/#website"},"primaryImageOfPage":{"@id":"https:\/\/www.vitalibera.org\/community\/2025\/11\/23\/schlaganfall-bei-kindern-und-jugendlichen\/#primaryimage"},"image":{"@id":"https:\/\/www.vitalibera.org\/community\/2025\/11\/23\/schlaganfall-bei-kindern-und-jugendlichen\/#primaryimage"},"thumbnailUrl":"https:\/\/www.vitalibera.org\/community\/wp-content\/uploads\/2025\/11\/csm_shutterstock_1529663594_1248f80f90-scaled.jpg","datePublished":"2025-11-23T18:49:19+00:00","dateModified":"2025-11-23T19:08:02+00:00","breadcrumb":{"@id":"https:\/\/www.vitalibera.org\/community\/2025\/11\/23\/schlaganfall-bei-kindern-und-jugendlichen\/#breadcrumb"},"inLanguage":"de","potentialAction":[{"@type":"ReadAction","target":["https:\/\/www.vitalibera.org\/community\/2025\/11\/23\/schlaganfall-bei-kindern-und-jugendlichen\/"]}]},{"@type":"BreadcrumbList","@id":"https:\/\/www.vitalibera.org\/community\/2025\/11\/23\/schlaganfall-bei-kindern-und-jugendlichen\/#breadcrumb","itemListElement":[{"@type":"ListItem","position":1,"name":"Startseite","item":"https:\/\/www.vitalibera.org\/community\/"},{"@type":"ListItem","position":2,"name":"Schlaganfall bei Kindern und Jugendlichen"}]},{"@type":"WebSite","@id":"https:\/\/www.vitalibera.org\/community\/#website","url":"https:\/\/www.vitalibera.org\/community\/","name":"vitalibera.org","description":"Mit einer Einschr&auml;nkung gestaltet sich das Leben im Alltag oft schwieriger - hier berichten wir &uuml;ber unsere Erfahrungen und Hilfsmittel um den Alltag so unbeschwert und unkompliziert wie nur m&ouml;glich geniessen zu k&ouml;nnen. Dabei richten wir unseren Fokus gezielt auf Selbst&auml;ndigkeit, Eigenst&auml;ndigkeit und Selbstbestimmung.","publisher":{"@id":"https:\/\/www.vitalibera.org\/community\/#organization"},"potentialAction":[{"@type":"SearchAction","target":{"@type":"EntryPoint","urlTemplate":"https:\/\/www.vitalibera.org\/community\/?s={search_term_string}"},"query-input":{"@type":"PropertyValueSpecification","valueRequired":true,"valueName":"search_term_string"}}],"inLanguage":"de"},{"@type":"Organization","@id":"https:\/\/www.vitalibera.org\/community\/#organization","name":"vitalibera.org","url":"https:\/\/www.vitalibera.org\/community\/","logo":{"@type":"ImageObject","inLanguage":"de","@id":"https:\/\/www.vitalibera.org\/community\/#\/schema\/logo\/image\/","url":"https:\/\/www.vitalibera.org\/community\/wp-content\/uploads\/2025\/09\/cropped-banner.png","contentUrl":"https:\/\/www.vitalibera.org\/community\/wp-content\/uploads\/2025\/09\/cropped-banner.png","width":991,"height":150,"caption":"vitalibera.org"},"image":{"@id":"https:\/\/www.vitalibera.org\/community\/#\/schema\/logo\/image\/"},"sameAs":["https:\/\/www.facebook.com\/groups\/2997085857140235"]},{"@type":"Person","@id":"https:\/\/www.vitalibera.org\/community\/#\/schema\/person\/6712387298421f222ff6d0a2e22c1534","name":"Andreas Jecklin","image":{"@type":"ImageObject","inLanguage":"de","@id":"https:\/\/secure.gravatar.com\/avatar\/ad516503a11cd5ca435acc9bb6523536?s=96","url":"https:\/\/secure.gravatar.com\/avatar\/ad516503a11cd5ca435acc9bb6523536?s=96","contentUrl":"https:\/\/secure.gravatar.com\/avatar\/ad516503a11cd5ca435acc9bb6523536?s=96","caption":"Andreas Jecklin"},"description":"Manchen gab Gott die Kraft Dinge zu ver\u00e4ndern, mir gab er die Kraft zu ertragen was nicht mehr zu \u00e4ndern ist.","url":"https:\/\/www.vitalibera.org\/community\/author\/andy77\/"}]}},"jetpack_featured_media_url":"https:\/\/www.vitalibera.org\/community\/wp-content\/uploads\/2025\/11\/csm_shutterstock_1529663594_1248f80f90-scaled.jpg","jetpack_sharing_enabled":true,"jetpack-related-posts":[],"_links":{"self":[{"href":"https:\/\/www.vitalibera.org\/community\/wp-json\/wp\/v2\/posts\/4478","targetHints":{"allow":["GET"]}}],"collection":[{"href":"https:\/\/www.vitalibera.org\/community\/wp-json\/wp\/v2\/posts"}],"about":[{"href":"https:\/\/www.vitalibera.org\/community\/wp-json\/wp\/v2\/types\/post"}],"author":[{"embeddable":true,"href":"https:\/\/www.vitalibera.org\/community\/wp-json\/wp\/v2\/users\/2"}],"replies":[{"embeddable":true,"href":"https:\/\/www.vitalibera.org\/community\/wp-json\/wp\/v2\/comments?post=4478"}],"version-history":[{"count":2,"href":"https:\/\/www.vitalibera.org\/community\/wp-json\/wp\/v2\/posts\/4478\/revisions"}],"predecessor-version":[{"id":4483,"href":"https:\/\/www.vitalibera.org\/community\/wp-json\/wp\/v2\/posts\/4478\/revisions\/4483"}],"wp:featuredmedia":[{"embeddable":true,"href":"https:\/\/www.vitalibera.org\/community\/wp-json\/wp\/v2\/media\/4480"}],"wp:attachment":[{"href":"https:\/\/www.vitalibera.org\/community\/wp-json\/wp\/v2\/media?parent=4478"}],"wp:term":[{"taxonomy":"category","embeddable":true,"href":"https:\/\/www.vitalibera.org\/community\/wp-json\/wp\/v2\/categories?post=4478"},{"taxonomy":"post_tag","embeddable":true,"href":"https:\/\/www.vitalibera.org\/community\/wp-json\/wp\/v2\/tags?post=4478"}],"curies":[{"name":"wp","href":"https:\/\/api.w.org\/{rel}","templated":true}]}}