{"id":4490,"date":"2025-11-23T20:59:15","date_gmt":"2025-11-23T19:59:15","guid":{"rendered":"https:\/\/www.vitalibera.org\/community\/?p=4490"},"modified":"2025-11-23T21:04:11","modified_gmt":"2025-11-23T20:04:11","slug":"melodische-intonationstherapie-mit","status":"publish","type":"post","link":"https:\/\/www.vitalibera.org\/community\/2025\/11\/23\/melodische-intonationstherapie-mit\/","title":{"rendered":"Melodische Intonationstherapie (MIT)"},"content":{"rendered":"\n<div class=\"wp-block-media-text is-stacked-on-mobile is-vertically-aligned-top\"><figure class=\"wp-block-media-text__media\"><img fetchpriority=\"high\" decoding=\"async\" width=\"817\" height=\"467\" src=\"https:\/\/www.vitalibera.org\/community\/wp-content\/uploads\/2025\/11\/5117d1e426.jpg\" alt=\"\" class=\"wp-image-4492 size-full\" srcset=\"https:\/\/www.vitalibera.org\/community\/wp-content\/uploads\/2025\/11\/5117d1e426.jpg 817w, https:\/\/www.vitalibera.org\/community\/wp-content\/uploads\/2025\/11\/5117d1e426-300x171.jpg 300w, https:\/\/www.vitalibera.org\/community\/wp-content\/uploads\/2025\/11\/5117d1e426-768x439.jpg 768w\" sizes=\"(max-width: 817px) 100vw, 817px\" \/><\/figure><div class=\"wp-block-media-text__content\">\n<p>Die Melodische Intonationstherapie (MIT) ist eine Sprachtherapie f&uuml;r Menschen mit <a href=\"https:\/\/www.vitalibera.org\/community\/enzyklopaedie\/aphasie\/\" target=\"_self\" title=\"Eine Aphasie ist eine&nbsp;Sprachst&ouml;rung, die die Beeintr&auml;chtigung von Wortverst&auml;ndnis oder Wortproduktion oder nichtverbalen Entsprechungen von W&ouml;rtern umfasst. Sie resultiert aus einer Funktionsst&ouml;rung der Sprachzentren in der Gro&szlig;hirnrinde und in den Basalganglien oder den verbindenden Bahnen in der wei&szlig;en Substanz. &nbsp;\" class=\"encyclopedia\">Aphasie<\/a> (Sprachst&ouml;rung), die durch das&nbsp;<strong>melodische Singen von W&ouml;rtern und S&auml;tzen<\/strong>&nbsp;die Sprachproduktion wiederherstellen soll. Sie nutzt die Verbindung zwischen Musik und Sprache, um gesch&auml;digte Areale im Gehirn zu reaktivieren. Die Methode begann in den 1970er Jahren in den USA und basiert auf der Beobachtung, dass Menschen mit <a href=\"https:\/\/www.vitalibera.org\/community\/enzyklopaedie\/aphasie\/\" target=\"_self\" title=\"Eine Aphasie ist eine&nbsp;Sprachst&ouml;rung, die die Beeintr&auml;chtigung von Wortverst&auml;ndnis oder Wortproduktion oder nichtverbalen Entsprechungen von W&ouml;rtern umfasst. Sie resultiert aus einer Funktionsst&ouml;rung der Sprachzentren in der Gro&szlig;hirnrinde und in den Basalganglien oder den verbindenden Bahnen in der wei&szlig;en Substanz. &nbsp;\" class=\"encyclopedia\">Aphasie<\/a> oft noch singen k&ouml;nnen.&nbsp;<\/p>\n\n\n\n<p>So funktioniert die Therapie<\/p>\n\n\n\n<ul class=\"wp-block-list\">\n<li><strong>Ausgangslage:<\/strong>&nbsp;Sie eignet sich besonders f&uuml;r Patienten mit nicht-fl&uuml;ssiger <a href=\"https:\/\/www.vitalibera.org\/community\/enzyklopaedie\/aphasie\/\" target=\"_self\" title=\"Eine Aphasie ist eine&nbsp;Sprachst&ouml;rung, die die Beeintr&auml;chtigung von Wortverst&auml;ndnis oder Wortproduktion oder nichtverbalen Entsprechungen von W&ouml;rtern umfasst. Sie resultiert aus einer Funktionsst&ouml;rung der Sprachzentren in der Gro&szlig;hirnrinde und in den Basalganglien oder den verbindenden Bahnen in der wei&szlig;en Substanz. &nbsp;\" class=\"encyclopedia\">Aphasie<\/a> oder Sprechapraxie, bei denen das Sprechen stark beeintr&auml;chtigt ist.<\/li>\n\n\n\n<li><strong>Prinzip:<\/strong>&nbsp;Durch den Einsatz von Melodie und Rhythmus wird das Gehirn (insbesondere die rechte, weniger <a href=\"https:\/\/www.vitalibera.org\/community\/2026\/04\/19\/wenn-reize-laut-werden-und-menschen-leise\/\">betroffene<\/a> <a href=\"https:\/\/www.vitalibera.org\/community\/enzyklopaedie\/hemisphaere\/\" target=\"_self\" title='\"Hemisph&auml;ren Gehirn\" bezieht sich auf die beiden Gehirnh&auml;lften, die linke und die rechte Hemisph&auml;re, die durch den Balken (Corpus callosum) verbunden sind. W&auml;hrend die linke Hemisph&auml;re oft f&uuml;r analytische und logische Funktionen wie Sprache zust&auml;ndig ist, &uuml;bernimmt die rechte eher intuitive und kreative Aufgaben wie r&auml;umliche Orientierung und Fantasie. Der Begriff \"Hemisph&auml;re\" bedeutet w&ouml;rtlich \"Halbkugel\".&hellip;' class=\"encyclopedia\">Hemisph&auml;re<\/a>) stimuliert, um die gesch&auml;digten Sprachbereiche zu kompensieren.<\/li>\n\n\n\n<li><strong>Vorgehen:<\/strong>\n<ul class=\"wp-block-list\">\n<li><strong>Einf&uuml;hrung:<\/strong>&nbsp;Der Therapeut singt und intoniert kurze S&auml;tze oder W&ouml;rter mit einem begrenzten Tonumfang, oft begleitet von rhythmischem Klatschen oder Klopfen.<\/li>\n\n\n\n<li><strong>Nachahmung:<\/strong>&nbsp;Der Patient wird angeleitet, die Phrase nachzusingen.<\/li>\n\n\n\n<li><strong>Schrittweise &Uuml;bertragung:<\/strong>&nbsp;Im Laufe der Therapie wird das Singen schrittweise in Sprechgesang und schlie&szlig;lich in normales Sprechen mit normalem Tempo umgewandelt.<\/li>\n\n\n\n<li><strong>&Uuml;bertragung:<\/strong>&nbsp;Gezielte &Uuml;bungen sollen die F&auml;higkeit verbessern, das Ge&uuml;bte auch in anderen Kontexten abzurufen.&nbsp;<\/li>\n<\/ul>\n<\/li>\n<\/ul>\n\n\n\n<p>Vorteile und Ziel<\/p>\n\n\n\n<p>Der Einsatz der rechten Gehirnh&auml;lfte kann helfen, die Funktionen der linken, gesch&auml;digten Seite zu kompensieren.&nbsp;<\/p>\n\n\n\n<p><strong>Ziel:<\/strong>&nbsp;Das prim&auml;re Ziel ist es, eine grundlegende Alltagskommunikation wieder zu erm&ouml;glichen.<\/p>\n\n\n\n<p><strong>Vorteile:<\/strong><\/p>\n\n\n\n<p>Sie kann auch bei schwer betroffenen Patienten wirksam sein, bei denen andere Methoden nicht erfolgreich waren.<\/p>\n\n\n\n<p>Sie nutzt die Verbindung von Musik und Sprache, um die Sprachfunktionen zu aktivieren.<\/p>\n<\/div><\/div>\n\n\n\n<p><\/p>\n","protected":false},"excerpt":{"rendered":"","protected":false},"author":2,"featured_media":4492,"comment_status":"open","ping_status":"open","sticky":false,"template":"","format":"standard","meta":{"cybocfi_hide_featured_image":"yes","_jetpack_memberships_contains_paid_content":false,"footnotes":""},"categories":[225,69,160],"tags":[],"class_list":["post-4490","post","type-post","status-publish","format-standard","has-post-thumbnail","hentry","category-hilfe-fuer-angehoerige","category-logopaedie","category-therapien"],"yoast_head":"<!-- This site is optimized with the Yoast SEO plugin v27.4 - https:\/\/yoast.com\/product\/yoast-seo-wordpress\/ -->\r\n<title>Melodische Intonationstherapie (MIT) - vitalibera.org<\/title>\r\n<meta name=\"robots\" content=\"index, follow, max-snippet:-1, max-image-preview:large, max-video-preview:-1\" \/>\r\n<link rel=\"canonical\" href=\"https:\/\/www.vitalibera.org\/community\/2025\/11\/23\/melodische-intonationstherapie-mit\/\" \/>\r\n<meta property=\"og:locale\" content=\"de_DE\" \/>\r\n<meta property=\"og:type\" content=\"article\" \/>\r\n<meta property=\"og:title\" content=\"Melodische Intonationstherapie (MIT) - vitalibera.org\" \/>\r\n<meta property=\"og:url\" content=\"https:\/\/www.vitalibera.org\/community\/2025\/11\/23\/melodische-intonationstherapie-mit\/\" \/>\r\n<meta property=\"og:site_name\" content=\"vitalibera.org\" \/>\r\n<meta property=\"article:publisher\" content=\"https:\/\/www.facebook.com\/groups\/2997085857140235\" \/>\r\n<meta property=\"article:published_time\" content=\"2025-11-23T19:59:15+00:00\" \/>\r\n<meta property=\"article:modified_time\" content=\"2025-11-23T20:04:11+00:00\" \/>\r\n<meta property=\"og:image\" content=\"http:\/\/www.vitalibera.org\/community\/wp-content\/uploads\/2025\/11\/5117d1e426.jpg\" \/>\r\n\t<meta property=\"og:image:width\" content=\"817\" \/>\r\n\t<meta property=\"og:image:height\" content=\"467\" \/>\r\n\t<meta property=\"og:image:type\" content=\"image\/jpeg\" \/>\r\n<meta name=\"author\" content=\"Andreas Jecklin\" \/>\r\n<meta name=\"twitter:card\" content=\"summary_large_image\" \/>\r\n<meta name=\"twitter:label1\" content=\"Verfasst von\" \/>\n\t<meta name=\"twitter:data1\" content=\"Andreas Jecklin\" \/>\n\t<meta name=\"twitter:label2\" content=\"Gesch\u00e4tzte Lesezeit\" \/>\n\t<meta name=\"twitter:data2\" content=\"2\u00a0Minuten\" \/>\r\n<script type=\"application\/ld+json\" class=\"yoast-schema-graph\">{\"@context\":\"https:\\\/\\\/schema.org\",\"@graph\":[{\"@type\":\"Article\",\"@id\":\"https:\\\/\\\/www.vitalibera.org\\\/community\\\/2025\\\/11\\\/23\\\/melodische-intonationstherapie-mit\\\/#article\",\"isPartOf\":{\"@id\":\"https:\\\/\\\/www.vitalibera.org\\\/community\\\/2025\\\/11\\\/23\\\/melodische-intonationstherapie-mit\\\/\"},\"author\":{\"name\":\"Andreas Jecklin\",\"@id\":\"https:\\\/\\\/www.vitalibera.org\\\/community\\\/#\\\/schema\\\/person\\\/6712387298421f222ff6d0a2e22c1534\"},\"headline\":\"Melodische Intonationstherapie (MIT)\",\"datePublished\":\"2025-11-23T19:59:15+00:00\",\"dateModified\":\"2025-11-23T20:04:11+00:00\",\"mainEntityOfPage\":{\"@id\":\"https:\\\/\\\/www.vitalibera.org\\\/community\\\/2025\\\/11\\\/23\\\/melodische-intonationstherapie-mit\\\/\"},\"wordCount\":262,\"commentCount\":0,\"publisher\":{\"@id\":\"https:\\\/\\\/www.vitalibera.org\\\/community\\\/#organization\"},\"image\":{\"@id\":\"https:\\\/\\\/www.vitalibera.org\\\/community\\\/2025\\\/11\\\/23\\\/melodische-intonationstherapie-mit\\\/#primaryimage\"},\"thumbnailUrl\":\"https:\\\/\\\/www.vitalibera.org\\\/community\\\/wp-content\\\/uploads\\\/2025\\\/11\\\/5117d1e426.jpg\",\"articleSection\":[\"Hilfe f\u00fcr Angeh\u00f6rige\",\"Logop\u00e4die\",\"Therapien\"],\"inLanguage\":\"de\",\"potentialAction\":[{\"@type\":\"CommentAction\",\"name\":\"Comment\",\"target\":[\"https:\\\/\\\/www.vitalibera.org\\\/community\\\/2025\\\/11\\\/23\\\/melodische-intonationstherapie-mit\\\/#respond\"]}]},{\"@type\":\"WebPage\",\"@id\":\"https:\\\/\\\/www.vitalibera.org\\\/community\\\/2025\\\/11\\\/23\\\/melodische-intonationstherapie-mit\\\/\",\"url\":\"https:\\\/\\\/www.vitalibera.org\\\/community\\\/2025\\\/11\\\/23\\\/melodische-intonationstherapie-mit\\\/\",\"name\":\"Melodische Intonationstherapie (MIT) - vitalibera.org\",\"isPartOf\":{\"@id\":\"https:\\\/\\\/www.vitalibera.org\\\/community\\\/#website\"},\"primaryImageOfPage\":{\"@id\":\"https:\\\/\\\/www.vitalibera.org\\\/community\\\/2025\\\/11\\\/23\\\/melodische-intonationstherapie-mit\\\/#primaryimage\"},\"image\":{\"@id\":\"https:\\\/\\\/www.vitalibera.org\\\/community\\\/2025\\\/11\\\/23\\\/melodische-intonationstherapie-mit\\\/#primaryimage\"},\"thumbnailUrl\":\"https:\\\/\\\/www.vitalibera.org\\\/community\\\/wp-content\\\/uploads\\\/2025\\\/11\\\/5117d1e426.jpg\",\"datePublished\":\"2025-11-23T19:59:15+00:00\",\"dateModified\":\"2025-11-23T20:04:11+00:00\",\"breadcrumb\":{\"@id\":\"https:\\\/\\\/www.vitalibera.org\\\/community\\\/2025\\\/11\\\/23\\\/melodische-intonationstherapie-mit\\\/#breadcrumb\"},\"inLanguage\":\"de\",\"potentialAction\":[{\"@type\":\"ReadAction\",\"target\":[\"https:\\\/\\\/www.vitalibera.org\\\/community\\\/2025\\\/11\\\/23\\\/melodische-intonationstherapie-mit\\\/\"]}]},{\"@type\":\"BreadcrumbList\",\"@id\":\"https:\\\/\\\/www.vitalibera.org\\\/community\\\/2025\\\/11\\\/23\\\/melodische-intonationstherapie-mit\\\/#breadcrumb\",\"itemListElement\":[{\"@type\":\"ListItem\",\"position\":1,\"name\":\"Startseite\",\"item\":\"https:\\\/\\\/www.vitalibera.org\\\/community\\\/\"},{\"@type\":\"ListItem\",\"position\":2,\"name\":\"Melodische Intonationstherapie (MIT)\"}]},{\"@type\":\"WebSite\",\"@id\":\"https:\\\/\\\/www.vitalibera.org\\\/community\\\/#website\",\"url\":\"https:\\\/\\\/www.vitalibera.org\\\/community\\\/\",\"name\":\"vitalibera.org\",\"description\":\"Mit einer Einschr&auml;nkung gestaltet sich das Leben im Alltag oft schwieriger - hier berichten wir &uuml;ber unsere Erfahrungen und Hilfsmittel um den Alltag so unbeschwert und unkompliziert wie nur m&ouml;glich geniessen zu k&ouml;nnen. Dabei richten wir unseren Fokus gezielt auf Selbst&auml;ndigkeit, Eigenst&auml;ndigkeit und Selbstbestimmung.\",\"publisher\":{\"@id\":\"https:\\\/\\\/www.vitalibera.org\\\/community\\\/#organization\"},\"potentialAction\":[{\"@type\":\"SearchAction\",\"target\":{\"@type\":\"EntryPoint\",\"urlTemplate\":\"https:\\\/\\\/www.vitalibera.org\\\/community\\\/?s={search_term_string}\"},\"query-input\":{\"@type\":\"PropertyValueSpecification\",\"valueRequired\":true,\"valueName\":\"search_term_string\"}}],\"inLanguage\":\"de\"},{\"@type\":\"Organization\",\"@id\":\"https:\\\/\\\/www.vitalibera.org\\\/community\\\/#organization\",\"name\":\"vitalibera.org\",\"url\":\"https:\\\/\\\/www.vitalibera.org\\\/community\\\/\",\"logo\":{\"@type\":\"ImageObject\",\"inLanguage\":\"de\",\"@id\":\"https:\\\/\\\/www.vitalibera.org\\\/community\\\/#\\\/schema\\\/logo\\\/image\\\/\",\"url\":\"https:\\\/\\\/www.vitalibera.org\\\/community\\\/wp-content\\\/uploads\\\/2025\\\/09\\\/cropped-banner.png\",\"contentUrl\":\"https:\\\/\\\/www.vitalibera.org\\\/community\\\/wp-content\\\/uploads\\\/2025\\\/09\\\/cropped-banner.png\",\"width\":991,\"height\":150,\"caption\":\"vitalibera.org\"},\"image\":{\"@id\":\"https:\\\/\\\/www.vitalibera.org\\\/community\\\/#\\\/schema\\\/logo\\\/image\\\/\"},\"sameAs\":[\"https:\\\/\\\/www.facebook.com\\\/groups\\\/2997085857140235\"]},{\"@type\":\"Person\",\"@id\":\"https:\\\/\\\/www.vitalibera.org\\\/community\\\/#\\\/schema\\\/person\\\/6712387298421f222ff6d0a2e22c1534\",\"name\":\"Andreas Jecklin\",\"image\":{\"@type\":\"ImageObject\",\"inLanguage\":\"de\",\"@id\":\"https:\\\/\\\/secure.gravatar.com\\\/avatar\\\/ad516503a11cd5ca435acc9bb6523536?s=96\",\"url\":\"https:\\\/\\\/secure.gravatar.com\\\/avatar\\\/ad516503a11cd5ca435acc9bb6523536?s=96\",\"contentUrl\":\"https:\\\/\\\/secure.gravatar.com\\\/avatar\\\/ad516503a11cd5ca435acc9bb6523536?s=96\",\"caption\":\"Andreas Jecklin\"},\"description\":\"Manchen gab Gott die Kraft Dinge zu ver\u00e4ndern, mir gab er die Kraft zu ertragen was nicht mehr zu \u00e4ndern ist.\",\"url\":\"https:\\\/\\\/www.vitalibera.org\\\/community\\\/author\\\/andy77\\\/\"}]}<\/script>\r\n<!-- \/ Yoast SEO plugin. -->","yoast_head_json":{"title":"Melodische Intonationstherapie (MIT) - vitalibera.org","robots":{"index":"index","follow":"follow","max-snippet":"max-snippet:-1","max-image-preview":"max-image-preview:large","max-video-preview":"max-video-preview:-1"},"canonical":"https:\/\/www.vitalibera.org\/community\/2025\/11\/23\/melodische-intonationstherapie-mit\/","og_locale":"de_DE","og_type":"article","og_title":"Melodische Intonationstherapie (MIT) - vitalibera.org","og_url":"https:\/\/www.vitalibera.org\/community\/2025\/11\/23\/melodische-intonationstherapie-mit\/","og_site_name":"vitalibera.org","article_publisher":"https:\/\/www.facebook.com\/groups\/2997085857140235","article_published_time":"2025-11-23T19:59:15+00:00","article_modified_time":"2025-11-23T20:04:11+00:00","og_image":[{"width":817,"height":467,"url":"http:\/\/www.vitalibera.org\/community\/wp-content\/uploads\/2025\/11\/5117d1e426.jpg","type":"image\/jpeg"}],"author":"Andreas Jecklin","twitter_card":"summary_large_image","twitter_misc":{"Verfasst von":"Andreas Jecklin","Gesch\u00e4tzte Lesezeit":"2\u00a0Minuten"},"schema":{"@context":"https:\/\/schema.org","@graph":[{"@type":"Article","@id":"https:\/\/www.vitalibera.org\/community\/2025\/11\/23\/melodische-intonationstherapie-mit\/#article","isPartOf":{"@id":"https:\/\/www.vitalibera.org\/community\/2025\/11\/23\/melodische-intonationstherapie-mit\/"},"author":{"name":"Andreas Jecklin","@id":"https:\/\/www.vitalibera.org\/community\/#\/schema\/person\/6712387298421f222ff6d0a2e22c1534"},"headline":"Melodische Intonationstherapie (MIT)","datePublished":"2025-11-23T19:59:15+00:00","dateModified":"2025-11-23T20:04:11+00:00","mainEntityOfPage":{"@id":"https:\/\/www.vitalibera.org\/community\/2025\/11\/23\/melodische-intonationstherapie-mit\/"},"wordCount":262,"commentCount":0,"publisher":{"@id":"https:\/\/www.vitalibera.org\/community\/#organization"},"image":{"@id":"https:\/\/www.vitalibera.org\/community\/2025\/11\/23\/melodische-intonationstherapie-mit\/#primaryimage"},"thumbnailUrl":"https:\/\/www.vitalibera.org\/community\/wp-content\/uploads\/2025\/11\/5117d1e426.jpg","articleSection":["Hilfe f\u00fcr Angeh\u00f6rige","Logop\u00e4die","Therapien"],"inLanguage":"de","potentialAction":[{"@type":"CommentAction","name":"Comment","target":["https:\/\/www.vitalibera.org\/community\/2025\/11\/23\/melodische-intonationstherapie-mit\/#respond"]}]},{"@type":"WebPage","@id":"https:\/\/www.vitalibera.org\/community\/2025\/11\/23\/melodische-intonationstherapie-mit\/","url":"https:\/\/www.vitalibera.org\/community\/2025\/11\/23\/melodische-intonationstherapie-mit\/","name":"Melodische Intonationstherapie (MIT) - vitalibera.org","isPartOf":{"@id":"https:\/\/www.vitalibera.org\/community\/#website"},"primaryImageOfPage":{"@id":"https:\/\/www.vitalibera.org\/community\/2025\/11\/23\/melodische-intonationstherapie-mit\/#primaryimage"},"image":{"@id":"https:\/\/www.vitalibera.org\/community\/2025\/11\/23\/melodische-intonationstherapie-mit\/#primaryimage"},"thumbnailUrl":"https:\/\/www.vitalibera.org\/community\/wp-content\/uploads\/2025\/11\/5117d1e426.jpg","datePublished":"2025-11-23T19:59:15+00:00","dateModified":"2025-11-23T20:04:11+00:00","breadcrumb":{"@id":"https:\/\/www.vitalibera.org\/community\/2025\/11\/23\/melodische-intonationstherapie-mit\/#breadcrumb"},"inLanguage":"de","potentialAction":[{"@type":"ReadAction","target":["https:\/\/www.vitalibera.org\/community\/2025\/11\/23\/melodische-intonationstherapie-mit\/"]}]},{"@type":"BreadcrumbList","@id":"https:\/\/www.vitalibera.org\/community\/2025\/11\/23\/melodische-intonationstherapie-mit\/#breadcrumb","itemListElement":[{"@type":"ListItem","position":1,"name":"Startseite","item":"https:\/\/www.vitalibera.org\/community\/"},{"@type":"ListItem","position":2,"name":"Melodische Intonationstherapie (MIT)"}]},{"@type":"WebSite","@id":"https:\/\/www.vitalibera.org\/community\/#website","url":"https:\/\/www.vitalibera.org\/community\/","name":"vitalibera.org","description":"Mit einer Einschr&auml;nkung gestaltet sich das Leben im Alltag oft schwieriger - hier berichten wir &uuml;ber unsere Erfahrungen und Hilfsmittel um den Alltag so unbeschwert und unkompliziert wie nur m&ouml;glich geniessen zu k&ouml;nnen. Dabei richten wir unseren Fokus gezielt auf Selbst&auml;ndigkeit, Eigenst&auml;ndigkeit und Selbstbestimmung.","publisher":{"@id":"https:\/\/www.vitalibera.org\/community\/#organization"},"potentialAction":[{"@type":"SearchAction","target":{"@type":"EntryPoint","urlTemplate":"https:\/\/www.vitalibera.org\/community\/?s={search_term_string}"},"query-input":{"@type":"PropertyValueSpecification","valueRequired":true,"valueName":"search_term_string"}}],"inLanguage":"de"},{"@type":"Organization","@id":"https:\/\/www.vitalibera.org\/community\/#organization","name":"vitalibera.org","url":"https:\/\/www.vitalibera.org\/community\/","logo":{"@type":"ImageObject","inLanguage":"de","@id":"https:\/\/www.vitalibera.org\/community\/#\/schema\/logo\/image\/","url":"https:\/\/www.vitalibera.org\/community\/wp-content\/uploads\/2025\/09\/cropped-banner.png","contentUrl":"https:\/\/www.vitalibera.org\/community\/wp-content\/uploads\/2025\/09\/cropped-banner.png","width":991,"height":150,"caption":"vitalibera.org"},"image":{"@id":"https:\/\/www.vitalibera.org\/community\/#\/schema\/logo\/image\/"},"sameAs":["https:\/\/www.facebook.com\/groups\/2997085857140235"]},{"@type":"Person","@id":"https:\/\/www.vitalibera.org\/community\/#\/schema\/person\/6712387298421f222ff6d0a2e22c1534","name":"Andreas Jecklin","image":{"@type":"ImageObject","inLanguage":"de","@id":"https:\/\/secure.gravatar.com\/avatar\/ad516503a11cd5ca435acc9bb6523536?s=96","url":"https:\/\/secure.gravatar.com\/avatar\/ad516503a11cd5ca435acc9bb6523536?s=96","contentUrl":"https:\/\/secure.gravatar.com\/avatar\/ad516503a11cd5ca435acc9bb6523536?s=96","caption":"Andreas Jecklin"},"description":"Manchen gab Gott die Kraft Dinge zu ver\u00e4ndern, mir gab er die Kraft zu ertragen was nicht mehr zu \u00e4ndern ist.","url":"https:\/\/www.vitalibera.org\/community\/author\/andy77\/"}]}},"jetpack_featured_media_url":"https:\/\/www.vitalibera.org\/community\/wp-content\/uploads\/2025\/11\/5117d1e426.jpg","jetpack_sharing_enabled":true,"jetpack-related-posts":[],"_links":{"self":[{"href":"https:\/\/www.vitalibera.org\/community\/wp-json\/wp\/v2\/posts\/4490","targetHints":{"allow":["GET"]}}],"collection":[{"href":"https:\/\/www.vitalibera.org\/community\/wp-json\/wp\/v2\/posts"}],"about":[{"href":"https:\/\/www.vitalibera.org\/community\/wp-json\/wp\/v2\/types\/post"}],"author":[{"embeddable":true,"href":"https:\/\/www.vitalibera.org\/community\/wp-json\/wp\/v2\/users\/2"}],"replies":[{"embeddable":true,"href":"https:\/\/www.vitalibera.org\/community\/wp-json\/wp\/v2\/comments?post=4490"}],"version-history":[{"count":2,"href":"https:\/\/www.vitalibera.org\/community\/wp-json\/wp\/v2\/posts\/4490\/revisions"}],"predecessor-version":[{"id":4493,"href":"https:\/\/www.vitalibera.org\/community\/wp-json\/wp\/v2\/posts\/4490\/revisions\/4493"}],"wp:featuredmedia":[{"embeddable":true,"href":"https:\/\/www.vitalibera.org\/community\/wp-json\/wp\/v2\/media\/4492"}],"wp:attachment":[{"href":"https:\/\/www.vitalibera.org\/community\/wp-json\/wp\/v2\/media?parent=4490"}],"wp:term":[{"taxonomy":"category","embeddable":true,"href":"https:\/\/www.vitalibera.org\/community\/wp-json\/wp\/v2\/categories?post=4490"},{"taxonomy":"post_tag","embeddable":true,"href":"https:\/\/www.vitalibera.org\/community\/wp-json\/wp\/v2\/tags?post=4490"}],"curies":[{"name":"wp","href":"https:\/\/api.w.org\/{rel}","templated":true}]}}