{"id":4645,"date":"2025-12-20T18:23:15","date_gmt":"2025-12-20T17:23:15","guid":{"rendered":"https:\/\/www.vitalibera.org\/community\/?p=4645"},"modified":"2025-12-20T18:36:39","modified_gmt":"2025-12-20T17:36:39","slug":"schulter-arm-syndrom","status":"publish","type":"post","link":"https:\/\/www.vitalibera.org\/community\/2025\/12\/20\/schulter-arm-syndrom\/","title":{"rendered":"Schulter-Arm-Syndrom"},"content":{"rendered":"\n<div class=\"wp-block-media-text is-stacked-on-mobile\"><figure class=\"wp-block-media-text__media\"><img fetchpriority=\"high\" decoding=\"async\" width=\"1024\" height=\"1024\" src=\"https:\/\/www.vitalibera.org\/community\/wp-content\/uploads\/2025\/12\/SHS0.jpg\" alt=\"\" class=\"wp-image-4647 size-full\" srcset=\"https:\/\/www.vitalibera.org\/community\/wp-content\/uploads\/2025\/12\/SHS0.jpg 1024w, https:\/\/www.vitalibera.org\/community\/wp-content\/uploads\/2025\/12\/SHS0-300x300.jpg 300w, https:\/\/www.vitalibera.org\/community\/wp-content\/uploads\/2025\/12\/SHS0-150x150.jpg 150w, https:\/\/www.vitalibera.org\/community\/wp-content\/uploads\/2025\/12\/SHS0-768x768.jpg 768w\" sizes=\"(max-width: 1024px) 100vw, 1024px\" \/><\/figure><div class=\"wp-block-media-text__content\">\n<p><strong>Unter dem Schulter-Arm-Syndrom (oder auch: Zervikobrachialgie) versteht man einen Komplex an unterschiedlichen Symptomen rund um Nacken, Schultern und Arme. Verschiedene Ursachen k\u00f6nnen die Beschwerden ausl\u00f6sen, aber h\u00e4ufig stecken erh\u00f6hte muskul\u00e4r-fasziale Spannungen dahinter.<\/strong><\/p>\n\n\n\n<p><\/p>\n<\/div><\/div>\n\n\n\n<p>Die wichtigste \u00dcbung zum Nachlesen<\/p>\n\n\n\n<p>F\u00fchre die \u00dcbung zun\u00e4chst am betroffenen Arm durch. Wenn du nach einiger Zeit das Gef\u00fchl hast, beide Arme sind \u00e4hnlich gut gedehnt, integriere auch den anderen Arm.<\/p>\n\n\n\n<div class=\"wp-block-media-text is-stacked-on-mobile is-vertically-aligned-top\"><figure class=\"wp-block-media-text__media\"><img decoding=\"async\" width=\"386\" height=\"373\" src=\"https:\/\/www.vitalibera.org\/community\/wp-content\/uploads\/2025\/12\/SHS1.png\" alt=\"\" class=\"wp-image-4646 size-full\" srcset=\"https:\/\/www.vitalibera.org\/community\/wp-content\/uploads\/2025\/12\/SHS1.png 386w, https:\/\/www.vitalibera.org\/community\/wp-content\/uploads\/2025\/12\/SHS1-300x290.png 300w\" sizes=\"(max-width: 386px) 100vw, 386px\" \/><\/figure><div class=\"wp-block-media-text__content\">\n<p>Stelle dich ganz dicht vor eine Wand. Strecke deinen rechten Arm in Schulterh\u00f6he aus und lege ihn ausgestreckt an der Wand ab.<\/p>\n\n\n\n<p>Wichtig ist, dass deine rechte Schulter dabei direkten Kontakt zur Wand hat.\u00a0<strong>Falls das nicht funktioniert, kannst du deinen Arm etwas tiefer an der Wand platzieren.<\/strong><\/p>\n\n\n\n<p>Lasse deinen Schulterbereich eng an der Wand und drehe den Oberk\u00f6rper langsam weiter nach links, um eine intensive Dehnung in der rechten Schulter zu erzeugen. Halte diese Position f\u00fcr 30 Sekunden.<\/p>\n\n\n\n<ul class=\"wp-block-list\">\n<li><strong>Gegenspannung:<\/strong>\u00a0Dr\u00fccke jetzt deinen rechten Arm 10 Sekunden lang mit voller Kraft gegen die Wand. Dabei versuchst du dich mit dem Oberk\u00f6rper noch weiter nach links von der Wand wegzudrehen. So kr\u00e4ftigst du die Muskulatur, die gerade auch gedehnt wird.<\/li>\n\n\n\n<li><strong>Aktive Dehnung:<\/strong>\u00a0Bleibe in deiner Ausgangsposition und stelle dir nun vor, dass du deinen rechten Arm von der Wand l\u00f6sen m\u00f6chtest, um ihn aus der eigenen Muskelkraft kurz vor der Wand zu halten. Im Normalfall wird dir dies nicht oder nur minimal gelingen, da die Dehnung in der Schulter die entsprechende Bewegung erschwert.<\/li>\n\n\n\n<li>L\u00f6se diese Spannung nach 10 Sekunden, lege den Arm wieder an die Wand und rotiere noch ein kleines St\u00fcck weiter nach links mit dem Oberk\u00f6rper.<\/li>\n<\/ul>\n<\/div><\/div>\n\n\n\n<figure class=\"wp-block-embed is-type-video is-provider-youtube wp-block-embed-youtube wp-embed-aspect-16-9 wp-has-aspect-ratio\"><div class=\"wp-block-embed__wrapper\">\n<iframe title=\"Teste diese \u00dcbungen bei einem Schulter-Arm-Syndrom (Wand-Trick)\" width=\"1200\" height=\"675\" src=\"https:\/\/www.youtube.com\/embed\/R2A4vOT0Zak?feature=oembed\" frameborder=\"0\" allow=\"accelerometer; autoplay; clipboard-write; encrypted-media; gyroscope; picture-in-picture; web-share\" referrerpolicy=\"strict-origin-when-cross-origin\" allowfullscreen><\/iframe>\n<\/div><\/figure>\n\n\n\n<p><strong>Aufbau von Schulter und Schultergelenk<\/strong><\/p>\n\n\n\n<div class=\"wp-block-media-text is-stacked-on-mobile\"><figure class=\"wp-block-media-text__media\"><img decoding=\"async\" width=\"397\" height=\"411\" src=\"https:\/\/www.vitalibera.org\/community\/wp-content\/uploads\/2025\/12\/SCHULTER.png\" alt=\"\" class=\"wp-image-4649 size-full\" srcset=\"https:\/\/www.vitalibera.org\/community\/wp-content\/uploads\/2025\/12\/SCHULTER.png 397w, https:\/\/www.vitalibera.org\/community\/wp-content\/uploads\/2025\/12\/SCHULTER-290x300.png 290w\" sizes=\"(max-width: 397px) 100vw, 397px\" \/><\/figure><div class=\"wp-block-media-text__content\">\n<p>Wie kein anderes Gelenk des K\u00f6rpers ist deine Schulter auf maximale Beweglichkeit ausgerichtet: 3 Gelenke, umgeben von Muskulatur zur Stabilisierung, erm\u00f6glichen die Beweglichkeit des Arms in fast alle Richtungen.<\/p>\n<\/div><\/div>\n\n\n\n<h4 class=\"wp-block-heading\">Gelenke der Schulter<\/h4>\n\n\n\n<ul class=\"wp-block-list\">\n<li><strong>Hauptgelenk<\/strong>\u00a0(<em>Humeroscapulargelenk<\/em>): Dieses verankert den Oberarmknochen (<em>Humerus<\/em>) im Schulterblatt (<em>Scapula<\/em>).\u00a0Der\u00a0<strong>Kopf des Oberarmknochens<\/strong>\u00a0hat in der kleinen Gelenkpfanne einen enormen Spielraum, der deinem Arm gr\u00f6\u00dftm\u00f6gliche Bewegungs-Freiheit garantiert. Gleichzeitig macht diese flexible Aufh\u00e4ngung das gesamte System sehr st\u00f6rungsanf\u00e4llig.<\/li>\n\n\n\n<li>Ganz oben am Schulterblatt liegt das\u00a0<strong>Schultereck-Gelenk, das aus<\/strong>\u00a0<strong>Schulterdach und Schl\u00fcsselbein gebildet wird<\/strong>.<\/li>\n\n\n\n<li>Am Brustbein sitzt au\u00dferdem das\u00a0<strong>Brustbein-Schl\u00fcsselbein-Gelenk<\/strong>.<\/li>\n<\/ul>\n\n\n\n<h4 class=\"wp-block-heading\">Neben den Knochen geh\u00f6ren zur Schulter<\/h4>\n\n\n\n<ul class=\"wp-block-list\">\n<li><strong>Faszien<\/strong>, das elastische Bindegewebe, das alles miteinander verbindet und allen Muskeln Form gibt,<\/li>\n\n\n\n<li><strong>Muskeln und Sehnen<\/strong>, die Bewegungen der Arme initiieren und<\/li>\n\n\n\n<li><strong>Schleimbeutel<\/strong>, die Druck abpuffern und bei Bedarf sogar ihre Gr\u00f6\u00dfe anpassen k\u00f6nnen.<\/li>\n<\/ul>\n\n\n\n<p>Die Komplexit\u00e4t der Schulter ist gleichzeitig auch ihr Schwachpunkt:&nbsp;<strong>Muskul\u00e4re Dysbalancen oder erh\u00f6hte Spannungen im Bindegewebe k\u00f6nnen auf Dauer Druck erzeugen.<\/strong>&nbsp;Dadurch k\u00f6nnen beispielsweise Sehnen, die durch kn\u00f6cherne Engstellen verlaufen, gereizt werden und sich schmerzhaft entz\u00fcnden. Degenerative Erkrankungen kommen h\u00e4ufig in der Schulter vor.<\/p>\n","protected":false},"excerpt":{"rendered":"<p>Unter dem Schulter-Arm-Syndrom (oder auch: Zervikobrachialgie) versteht man einen Komplex an unterschiedlichen Symptomen rund um Nacken, Schultern und Arme. Verschiedene Ursachen k\u00f6nnen die Beschwerden ausl\u00f6sen, aber h\u00e4ufig stecken erh\u00f6hte muskul\u00e4r-fasziale Spannungen dahinter. Die wichtigste \u00dcbung zum Nachlesen F\u00fchre die \u00dcbung zun\u00e4chst am betroffenen Arm durch. Wenn du nach einiger Zeit das Gef\u00fchl hast, beide Arme &#8230; <a title=\"Schulter-Arm-Syndrom\" class=\"read-more\" href=\"https:\/\/www.vitalibera.org\/community\/2025\/12\/20\/schulter-arm-syndrom\/\" aria-label=\"Mehr Informationen \u00fcber Schulter-Arm-Syndrom\">Weiterlesen<\/a><\/p>\n","protected":false},"author":2,"featured_media":4647,"comment_status":"open","ping_status":"open","sticky":false,"template":"","format":"standard","meta":{"cybocfi_hide_featured_image":"yes","_jetpack_memberships_contains_paid_content":false,"footnotes":""},"categories":[64],"tags":[],"class_list":["post-4645","post","type-post","status-publish","format-standard","has-post-thumbnail","hentry","category-physio"],"yoast_head":"<!-- This site is optimized with the Yoast SEO plugin v27.4 - https:\/\/yoast.com\/product\/yoast-seo-wordpress\/ -->\r\n<title>Schulter-Arm-Syndrom - vitalibera.org<\/title>\r\n<meta name=\"robots\" content=\"index, follow, max-snippet:-1, max-image-preview:large, max-video-preview:-1\" \/>\r\n<link rel=\"canonical\" href=\"http:\/\/www.vitalibera.org\/community\/2025\/12\/20\/schulter-arm-syndrom\/\" \/>\r\n<meta property=\"og:locale\" content=\"de_DE\" \/>\r\n<meta property=\"og:type\" content=\"article\" \/>\r\n<meta property=\"og:title\" content=\"Schulter-Arm-Syndrom - vitalibera.org\" \/>\r\n<meta property=\"og:description\" content=\"Unter dem Schulter-Arm-Syndrom (oder auch: Zervikobrachialgie) versteht man einen Komplex an unterschiedlichen Symptomen rund um Nacken, Schultern und Arme. Verschiedene Ursachen k\u00f6nnen die Beschwerden ausl\u00f6sen, aber h\u00e4ufig stecken erh\u00f6hte muskul\u00e4r-fasziale Spannungen dahinter. Die wichtigste \u00dcbung zum Nachlesen F\u00fchre die \u00dcbung zun\u00e4chst am betroffenen Arm durch. Wenn du nach einiger Zeit das Gef\u00fchl hast, beide Arme ... Weiterlesen\" \/>\r\n<meta property=\"og:url\" content=\"http:\/\/www.vitalibera.org\/community\/2025\/12\/20\/schulter-arm-syndrom\/\" \/>\r\n<meta property=\"og:site_name\" content=\"vitalibera.org\" \/>\r\n<meta property=\"article:publisher\" content=\"https:\/\/www.facebook.com\/groups\/2997085857140235\" \/>\r\n<meta property=\"article:published_time\" content=\"2025-12-20T17:23:15+00:00\" \/>\r\n<meta property=\"article:modified_time\" content=\"2025-12-20T17:36:39+00:00\" \/>\r\n<meta property=\"og:image\" content=\"http:\/\/www.vitalibera.org\/community\/wp-content\/uploads\/2025\/12\/SHS0.jpg\" \/>\r\n\t<meta property=\"og:image:width\" content=\"1024\" \/>\r\n\t<meta property=\"og:image:height\" content=\"1024\" \/>\r\n\t<meta property=\"og:image:type\" content=\"image\/jpeg\" \/>\r\n<meta name=\"author\" content=\"Andreas Jecklin\" \/>\r\n<meta name=\"twitter:card\" content=\"summary_large_image\" \/>\r\n<meta name=\"twitter:label1\" content=\"Verfasst von\" \/>\n\t<meta name=\"twitter:data1\" content=\"Andreas Jecklin\" \/>\n\t<meta name=\"twitter:label2\" content=\"Gesch\u00e4tzte Lesezeit\" \/>\n\t<meta name=\"twitter:data2\" content=\"4\u00a0Minuten\" \/>\r\n<script type=\"application\/ld+json\" class=\"yoast-schema-graph\">{\"@context\":\"https:\\\/\\\/schema.org\",\"@graph\":[{\"@type\":\"Article\",\"@id\":\"http:\\\/\\\/www.vitalibera.org\\\/community\\\/2025\\\/12\\\/20\\\/schulter-arm-syndrom\\\/#article\",\"isPartOf\":{\"@id\":\"http:\\\/\\\/www.vitalibera.org\\\/community\\\/2025\\\/12\\\/20\\\/schulter-arm-syndrom\\\/\"},\"author\":{\"name\":\"Andreas Jecklin\",\"@id\":\"https:\\\/\\\/www.vitalibera.org\\\/community\\\/#\\\/schema\\\/person\\\/6712387298421f222ff6d0a2e22c1534\"},\"headline\":\"Schulter-Arm-Syndrom\",\"datePublished\":\"2025-12-20T17:23:15+00:00\",\"dateModified\":\"2025-12-20T17:36:39+00:00\",\"mainEntityOfPage\":{\"@id\":\"http:\\\/\\\/www.vitalibera.org\\\/community\\\/2025\\\/12\\\/20\\\/schulter-arm-syndrom\\\/\"},\"wordCount\":486,\"commentCount\":0,\"publisher\":{\"@id\":\"https:\\\/\\\/www.vitalibera.org\\\/community\\\/#organization\"},\"image\":{\"@id\":\"http:\\\/\\\/www.vitalibera.org\\\/community\\\/2025\\\/12\\\/20\\\/schulter-arm-syndrom\\\/#primaryimage\"},\"thumbnailUrl\":\"https:\\\/\\\/www.vitalibera.org\\\/community\\\/wp-content\\\/uploads\\\/2025\\\/12\\\/SHS0.jpg\",\"articleSection\":[\"Physiotherapie\"],\"inLanguage\":\"de\",\"potentialAction\":[{\"@type\":\"CommentAction\",\"name\":\"Comment\",\"target\":[\"http:\\\/\\\/www.vitalibera.org\\\/community\\\/2025\\\/12\\\/20\\\/schulter-arm-syndrom\\\/#respond\"]}]},{\"@type\":\"WebPage\",\"@id\":\"http:\\\/\\\/www.vitalibera.org\\\/community\\\/2025\\\/12\\\/20\\\/schulter-arm-syndrom\\\/\",\"url\":\"http:\\\/\\\/www.vitalibera.org\\\/community\\\/2025\\\/12\\\/20\\\/schulter-arm-syndrom\\\/\",\"name\":\"Schulter-Arm-Syndrom - vitalibera.org\",\"isPartOf\":{\"@id\":\"https:\\\/\\\/www.vitalibera.org\\\/community\\\/#website\"},\"primaryImageOfPage\":{\"@id\":\"http:\\\/\\\/www.vitalibera.org\\\/community\\\/2025\\\/12\\\/20\\\/schulter-arm-syndrom\\\/#primaryimage\"},\"image\":{\"@id\":\"http:\\\/\\\/www.vitalibera.org\\\/community\\\/2025\\\/12\\\/20\\\/schulter-arm-syndrom\\\/#primaryimage\"},\"thumbnailUrl\":\"https:\\\/\\\/www.vitalibera.org\\\/community\\\/wp-content\\\/uploads\\\/2025\\\/12\\\/SHS0.jpg\",\"datePublished\":\"2025-12-20T17:23:15+00:00\",\"dateModified\":\"2025-12-20T17:36:39+00:00\",\"breadcrumb\":{\"@id\":\"http:\\\/\\\/www.vitalibera.org\\\/community\\\/2025\\\/12\\\/20\\\/schulter-arm-syndrom\\\/#breadcrumb\"},\"inLanguage\":\"de\",\"potentialAction\":[{\"@type\":\"ReadAction\",\"target\":[\"http:\\\/\\\/www.vitalibera.org\\\/community\\\/2025\\\/12\\\/20\\\/schulter-arm-syndrom\\\/\"]}]},{\"@type\":\"BreadcrumbList\",\"@id\":\"http:\\\/\\\/www.vitalibera.org\\\/community\\\/2025\\\/12\\\/20\\\/schulter-arm-syndrom\\\/#breadcrumb\",\"itemListElement\":[{\"@type\":\"ListItem\",\"position\":1,\"name\":\"Startseite\",\"item\":\"https:\\\/\\\/www.vitalibera.org\\\/community\\\/\"},{\"@type\":\"ListItem\",\"position\":2,\"name\":\"Schulter-Arm-Syndrom\"}]},{\"@type\":\"WebSite\",\"@id\":\"https:\\\/\\\/www.vitalibera.org\\\/community\\\/#website\",\"url\":\"https:\\\/\\\/www.vitalibera.org\\\/community\\\/\",\"name\":\"vitalibera.org\",\"description\":\"Mit einer Einschr&auml;nkung gestaltet sich das Leben im Alltag oft schwieriger - hier berichten wir &uuml;ber unsere Erfahrungen und Hilfsmittel um den Alltag so unbeschwert und unkompliziert wie nur m&ouml;glich geniessen zu k&ouml;nnen. Dabei richten wir unseren Fokus gezielt auf Selbst&auml;ndigkeit, Eigenst&auml;ndigkeit und Selbstbestimmung.\",\"publisher\":{\"@id\":\"https:\\\/\\\/www.vitalibera.org\\\/community\\\/#organization\"},\"potentialAction\":[{\"@type\":\"SearchAction\",\"target\":{\"@type\":\"EntryPoint\",\"urlTemplate\":\"https:\\\/\\\/www.vitalibera.org\\\/community\\\/?s={search_term_string}\"},\"query-input\":{\"@type\":\"PropertyValueSpecification\",\"valueRequired\":true,\"valueName\":\"search_term_string\"}}],\"inLanguage\":\"de\"},{\"@type\":\"Organization\",\"@id\":\"https:\\\/\\\/www.vitalibera.org\\\/community\\\/#organization\",\"name\":\"vitalibera.org\",\"url\":\"https:\\\/\\\/www.vitalibera.org\\\/community\\\/\",\"logo\":{\"@type\":\"ImageObject\",\"inLanguage\":\"de\",\"@id\":\"https:\\\/\\\/www.vitalibera.org\\\/community\\\/#\\\/schema\\\/logo\\\/image\\\/\",\"url\":\"https:\\\/\\\/www.vitalibera.org\\\/community\\\/wp-content\\\/uploads\\\/2025\\\/09\\\/cropped-banner.png\",\"contentUrl\":\"https:\\\/\\\/www.vitalibera.org\\\/community\\\/wp-content\\\/uploads\\\/2025\\\/09\\\/cropped-banner.png\",\"width\":991,\"height\":150,\"caption\":\"vitalibera.org\"},\"image\":{\"@id\":\"https:\\\/\\\/www.vitalibera.org\\\/community\\\/#\\\/schema\\\/logo\\\/image\\\/\"},\"sameAs\":[\"https:\\\/\\\/www.facebook.com\\\/groups\\\/2997085857140235\"]},{\"@type\":\"Person\",\"@id\":\"https:\\\/\\\/www.vitalibera.org\\\/community\\\/#\\\/schema\\\/person\\\/6712387298421f222ff6d0a2e22c1534\",\"name\":\"Andreas Jecklin\",\"image\":{\"@type\":\"ImageObject\",\"inLanguage\":\"de\",\"@id\":\"https:\\\/\\\/secure.gravatar.com\\\/avatar\\\/ad516503a11cd5ca435acc9bb6523536?s=96\",\"url\":\"https:\\\/\\\/secure.gravatar.com\\\/avatar\\\/ad516503a11cd5ca435acc9bb6523536?s=96\",\"contentUrl\":\"https:\\\/\\\/secure.gravatar.com\\\/avatar\\\/ad516503a11cd5ca435acc9bb6523536?s=96\",\"caption\":\"Andreas Jecklin\"},\"description\":\"Manchen gab Gott die Kraft Dinge zu ver\u00e4ndern, mir gab er die Kraft zu ertragen was nicht mehr zu \u00e4ndern ist.\",\"url\":\"https:\\\/\\\/www.vitalibera.org\\\/community\\\/author\\\/andy77\\\/\"}]}<\/script>\r\n<!-- \/ Yoast SEO plugin. -->","yoast_head_json":{"title":"Schulter-Arm-Syndrom - vitalibera.org","robots":{"index":"index","follow":"follow","max-snippet":"max-snippet:-1","max-image-preview":"max-image-preview:large","max-video-preview":"max-video-preview:-1"},"canonical":"http:\/\/www.vitalibera.org\/community\/2025\/12\/20\/schulter-arm-syndrom\/","og_locale":"de_DE","og_type":"article","og_title":"Schulter-Arm-Syndrom - vitalibera.org","og_description":"Unter dem Schulter-Arm-Syndrom (oder auch: Zervikobrachialgie) versteht man einen Komplex an unterschiedlichen Symptomen rund um Nacken, Schultern und Arme. Verschiedene Ursachen k\u00f6nnen die Beschwerden ausl\u00f6sen, aber h\u00e4ufig stecken erh\u00f6hte muskul\u00e4r-fasziale Spannungen dahinter. Die wichtigste \u00dcbung zum Nachlesen F\u00fchre die \u00dcbung zun\u00e4chst am betroffenen Arm durch. Wenn du nach einiger Zeit das Gef\u00fchl hast, beide Arme ... Weiterlesen","og_url":"http:\/\/www.vitalibera.org\/community\/2025\/12\/20\/schulter-arm-syndrom\/","og_site_name":"vitalibera.org","article_publisher":"https:\/\/www.facebook.com\/groups\/2997085857140235","article_published_time":"2025-12-20T17:23:15+00:00","article_modified_time":"2025-12-20T17:36:39+00:00","og_image":[{"width":1024,"height":1024,"url":"http:\/\/www.vitalibera.org\/community\/wp-content\/uploads\/2025\/12\/SHS0.jpg","type":"image\/jpeg"}],"author":"Andreas Jecklin","twitter_card":"summary_large_image","twitter_misc":{"Verfasst von":"Andreas Jecklin","Gesch\u00e4tzte Lesezeit":"4\u00a0Minuten"},"schema":{"@context":"https:\/\/schema.org","@graph":[{"@type":"Article","@id":"http:\/\/www.vitalibera.org\/community\/2025\/12\/20\/schulter-arm-syndrom\/#article","isPartOf":{"@id":"http:\/\/www.vitalibera.org\/community\/2025\/12\/20\/schulter-arm-syndrom\/"},"author":{"name":"Andreas Jecklin","@id":"https:\/\/www.vitalibera.org\/community\/#\/schema\/person\/6712387298421f222ff6d0a2e22c1534"},"headline":"Schulter-Arm-Syndrom","datePublished":"2025-12-20T17:23:15+00:00","dateModified":"2025-12-20T17:36:39+00:00","mainEntityOfPage":{"@id":"http:\/\/www.vitalibera.org\/community\/2025\/12\/20\/schulter-arm-syndrom\/"},"wordCount":486,"commentCount":0,"publisher":{"@id":"https:\/\/www.vitalibera.org\/community\/#organization"},"image":{"@id":"http:\/\/www.vitalibera.org\/community\/2025\/12\/20\/schulter-arm-syndrom\/#primaryimage"},"thumbnailUrl":"https:\/\/www.vitalibera.org\/community\/wp-content\/uploads\/2025\/12\/SHS0.jpg","articleSection":["Physiotherapie"],"inLanguage":"de","potentialAction":[{"@type":"CommentAction","name":"Comment","target":["http:\/\/www.vitalibera.org\/community\/2025\/12\/20\/schulter-arm-syndrom\/#respond"]}]},{"@type":"WebPage","@id":"http:\/\/www.vitalibera.org\/community\/2025\/12\/20\/schulter-arm-syndrom\/","url":"http:\/\/www.vitalibera.org\/community\/2025\/12\/20\/schulter-arm-syndrom\/","name":"Schulter-Arm-Syndrom - vitalibera.org","isPartOf":{"@id":"https:\/\/www.vitalibera.org\/community\/#website"},"primaryImageOfPage":{"@id":"http:\/\/www.vitalibera.org\/community\/2025\/12\/20\/schulter-arm-syndrom\/#primaryimage"},"image":{"@id":"http:\/\/www.vitalibera.org\/community\/2025\/12\/20\/schulter-arm-syndrom\/#primaryimage"},"thumbnailUrl":"https:\/\/www.vitalibera.org\/community\/wp-content\/uploads\/2025\/12\/SHS0.jpg","datePublished":"2025-12-20T17:23:15+00:00","dateModified":"2025-12-20T17:36:39+00:00","breadcrumb":{"@id":"http:\/\/www.vitalibera.org\/community\/2025\/12\/20\/schulter-arm-syndrom\/#breadcrumb"},"inLanguage":"de","potentialAction":[{"@type":"ReadAction","target":["http:\/\/www.vitalibera.org\/community\/2025\/12\/20\/schulter-arm-syndrom\/"]}]},{"@type":"BreadcrumbList","@id":"http:\/\/www.vitalibera.org\/community\/2025\/12\/20\/schulter-arm-syndrom\/#breadcrumb","itemListElement":[{"@type":"ListItem","position":1,"name":"Startseite","item":"https:\/\/www.vitalibera.org\/community\/"},{"@type":"ListItem","position":2,"name":"Schulter-Arm-Syndrom"}]},{"@type":"WebSite","@id":"https:\/\/www.vitalibera.org\/community\/#website","url":"https:\/\/www.vitalibera.org\/community\/","name":"vitalibera.org","description":"Mit einer Einschr&auml;nkung gestaltet sich das Leben im Alltag oft schwieriger - hier berichten wir &uuml;ber unsere Erfahrungen und Hilfsmittel um den Alltag so unbeschwert und unkompliziert wie nur m&ouml;glich geniessen zu k&ouml;nnen. Dabei richten wir unseren Fokus gezielt auf Selbst&auml;ndigkeit, Eigenst&auml;ndigkeit und Selbstbestimmung.","publisher":{"@id":"https:\/\/www.vitalibera.org\/community\/#organization"},"potentialAction":[{"@type":"SearchAction","target":{"@type":"EntryPoint","urlTemplate":"https:\/\/www.vitalibera.org\/community\/?s={search_term_string}"},"query-input":{"@type":"PropertyValueSpecification","valueRequired":true,"valueName":"search_term_string"}}],"inLanguage":"de"},{"@type":"Organization","@id":"https:\/\/www.vitalibera.org\/community\/#organization","name":"vitalibera.org","url":"https:\/\/www.vitalibera.org\/community\/","logo":{"@type":"ImageObject","inLanguage":"de","@id":"https:\/\/www.vitalibera.org\/community\/#\/schema\/logo\/image\/","url":"https:\/\/www.vitalibera.org\/community\/wp-content\/uploads\/2025\/09\/cropped-banner.png","contentUrl":"https:\/\/www.vitalibera.org\/community\/wp-content\/uploads\/2025\/09\/cropped-banner.png","width":991,"height":150,"caption":"vitalibera.org"},"image":{"@id":"https:\/\/www.vitalibera.org\/community\/#\/schema\/logo\/image\/"},"sameAs":["https:\/\/www.facebook.com\/groups\/2997085857140235"]},{"@type":"Person","@id":"https:\/\/www.vitalibera.org\/community\/#\/schema\/person\/6712387298421f222ff6d0a2e22c1534","name":"Andreas Jecklin","image":{"@type":"ImageObject","inLanguage":"de","@id":"https:\/\/secure.gravatar.com\/avatar\/ad516503a11cd5ca435acc9bb6523536?s=96","url":"https:\/\/secure.gravatar.com\/avatar\/ad516503a11cd5ca435acc9bb6523536?s=96","contentUrl":"https:\/\/secure.gravatar.com\/avatar\/ad516503a11cd5ca435acc9bb6523536?s=96","caption":"Andreas Jecklin"},"description":"Manchen gab Gott die Kraft Dinge zu ver\u00e4ndern, mir gab er die Kraft zu ertragen was nicht mehr zu \u00e4ndern ist.","url":"https:\/\/www.vitalibera.org\/community\/author\/andy77\/"}]}},"jetpack_featured_media_url":"https:\/\/www.vitalibera.org\/community\/wp-content\/uploads\/2025\/12\/SHS0.jpg","jetpack_sharing_enabled":true,"jetpack-related-posts":[],"_links":{"self":[{"href":"https:\/\/www.vitalibera.org\/community\/wp-json\/wp\/v2\/posts\/4645","targetHints":{"allow":["GET"]}}],"collection":[{"href":"https:\/\/www.vitalibera.org\/community\/wp-json\/wp\/v2\/posts"}],"about":[{"href":"https:\/\/www.vitalibera.org\/community\/wp-json\/wp\/v2\/types\/post"}],"author":[{"embeddable":true,"href":"https:\/\/www.vitalibera.org\/community\/wp-json\/wp\/v2\/users\/2"}],"replies":[{"embeddable":true,"href":"https:\/\/www.vitalibera.org\/community\/wp-json\/wp\/v2\/comments?post=4645"}],"version-history":[{"count":2,"href":"https:\/\/www.vitalibera.org\/community\/wp-json\/wp\/v2\/posts\/4645\/revisions"}],"predecessor-version":[{"id":4653,"href":"https:\/\/www.vitalibera.org\/community\/wp-json\/wp\/v2\/posts\/4645\/revisions\/4653"}],"wp:featuredmedia":[{"embeddable":true,"href":"https:\/\/www.vitalibera.org\/community\/wp-json\/wp\/v2\/media\/4647"}],"wp:attachment":[{"href":"https:\/\/www.vitalibera.org\/community\/wp-json\/wp\/v2\/media?parent=4645"}],"wp:term":[{"taxonomy":"category","embeddable":true,"href":"https:\/\/www.vitalibera.org\/community\/wp-json\/wp\/v2\/categories?post=4645"},{"taxonomy":"post_tag","embeddable":true,"href":"https:\/\/www.vitalibera.org\/community\/wp-json\/wp\/v2\/tags?post=4645"}],"curies":[{"name":"wp","href":"https:\/\/api.w.org\/{rel}","templated":true}]}}