{"id":4741,"date":"2025-12-24T20:57:39","date_gmt":"2025-12-24T19:57:39","guid":{"rendered":"https:\/\/www.vitalibera.org\/community\/?p=4741"},"modified":"2025-12-24T21:04:01","modified_gmt":"2025-12-24T20:04:01","slug":"kurzzeitpflege","status":"publish","type":"post","link":"https:\/\/www.vitalibera.org\/community\/2025\/12\/24\/kurzzeitpflege\/","title":{"rendered":"Kurzzeitpflege"},"content":{"rendered":"\n<p>Kurzzeitpflege ist eine&nbsp;<strong>vor&uuml;bergehende, vollstation&auml;re Pflege<\/strong>&nbsp;in einer E<a href=\"https:\/\/www.vitalibera.org\/community\/enzyklopaedie\/inr\/\" target=\"_self\" title=\"Die&nbsp;International Normalized Ratio (INR)&nbsp;ist ein&nbsp;weltweit standardisierter Laborwert zur Messung der Blutgerinnungszeit, insbesondere bei der Einnahme von Gerinnungshemmern wie Marcumar. Ein INR-Wert um 1,0 ist normal, w&auml;hrend bei einer Therapie meist Werte zwischen 2,0 und 3,5 angestrebt werden, um Thrombosen zu verhindern.\" class=\"encyclopedia\">inr<\/a>ichtung, wenn h&auml;usliche Pflege ausf&auml;llt (z.B. nach einem Krankenhausaufenthalt oder bei Urlaub\/Krankheit der Angeh&ouml;rigen) oder die Pflege zu Hause nicht ausreicht. Sie dient der &Uuml;berbr&uuml;ckung von Krisen und der Sicherung der Versorgung f&uuml;r eine begrenzte Zeit (maximal 56 Tage\/Jahr) und ist ab Pflegegrad 2 von der Pflegekasse bezuschusst.&nbsp;<\/p>\n\n\n\n<p>Definition und Zweck<\/p>\n\n\n\n<ul class=\"wp-block-list\">\n<li><strong>Vor&uuml;bergehende Betreuung:<\/strong>&nbsp;Pflegebed&uuml;rftige leben f&uuml;r einen begrenzten Zeitraum (bis zu 8 Wochen\/Jahr) in einem Pflegeheim.<\/li>\n\n\n\n<li><strong>Gr&uuml;nde:<\/strong>&nbsp;&Uuml;berbr&uuml;ckung nach Krankenhausaufenthalten, Krisensituationen zu Hause, Entlastung pflegender Angeh&ouml;riger.<\/li>\n\n\n\n<li><strong>Unterschied zur Verhinderungspflege:<\/strong>&nbsp;Kurzzeitpflege findet immer station&auml;r statt, Verhinderungspflege kann auch zu Hause erfolgen,&nbsp;<a href=\"https:\/\/acht.johanniter.de\/familie\/kurzzeitpflege-einfach-erklaert\/\" target=\"_blank\" rel=\"noreferrer noopener\">betont die Johanniter<\/a>.&nbsp;<\/li>\n<\/ul>\n\n\n\n<p>Anspruch und Kosten<\/p>\n\n\n\n<ul class=\"wp-block-list\">\n<li><strong>Anspruch:<\/strong>&nbsp;Alle mit Pflegegrad 2 bis 5 sowie Personen, die pl&ouml;tzlich pflegebed&uuml;rftig werden.<\/li>\n\n\n\n<li><strong>Finanzierung:<\/strong>&nbsp;Pflegekasse &uuml;bernimmt einen Teil der Kosten (ca. 1.774 &euro; pro Jahr).<\/li>\n\n\n\n<li><strong>Zusatzkosten:<\/strong>&nbsp;Unterkunft, Verpflegung (Hotelkosten) und Investitionskosten sind selbst zu zahlen.&nbsp;<\/li>\n<\/ul>\n\n\n\n<p>Dauer<\/p>\n\n\n\n<ul class=\"wp-block-list\">\n<li>Maximal 56 Tage (8 Wochen) pro Kalenderjahr.<\/li>\n\n\n\n<li>Kann mit dem Kontingent der <a href=\"https:\/\/www.vitalibera.org\/community\/2025\/12\/24\/4730\/\">Verhinderungspflege <\/a>kombiniert werden.&nbsp;<\/li>\n<\/ul>\n\n\n\n<p><strong>In der Schweiz<\/strong><\/p>\n\n\n\n<p>Kurzzeitpflege&nbsp;in der Schweiz ist eine&nbsp;<strong>tempor&auml;re, vollstation&auml;re Betreuung<\/strong>&nbsp;in einer Pflegee<a href=\"https:\/\/www.vitalibera.org\/community\/enzyklopaedie\/inr\/\" target=\"_self\" title=\"Die&nbsp;International Normalized Ratio (INR)&nbsp;ist ein&nbsp;weltweit standardisierter Laborwert zur Messung der Blutgerinnungszeit, insbesondere bei der Einnahme von Gerinnungshemmern wie Marcumar. Ein INR-Wert um 1,0 ist normal, w&auml;hrend bei einer Therapie meist Werte zwischen 2,0 und 3,5 angestrebt werden, um Thrombosen zu verhindern.\" class=\"encyclopedia\">inr<\/a>ichtung, um pflegebed&uuml;rftige Menschen zu unterst&uuml;tzen, wenn die h&auml;usliche Pflege ausf&auml;llt oder eine Entlastung f&uuml;r Angeh&ouml;rige n&ouml;tig ist&nbsp;(z.B. nach einem Spitalaufenthalt, Krankheit der Pflegeperson, Ferien). Sie dient als &Uuml;berbr&uuml;ckung, um die Selbstst&auml;ndigkeit zu f&ouml;rdern, eine Rehabilitation zu unterst&uuml;tzen oder Angeh&ouml;rigen eine Auszeit zu erm&ouml;glichen, bevor die Person wieder nach Hause zur&uuml;ckkehrt.&nbsp;<\/p>\n\n\n\n<p><strong>Definition und Zweck:<\/strong><\/p>\n\n\n\n<ul class=\"wp-block-list\">\n<li><strong>Zeitlich befristet:<\/strong>&nbsp;Dauer kann wenige Tage bis mehrere Wochen betragen, oft als &Uuml;bergangsl&ouml;sung.<\/li>\n\n\n\n<li><strong>Entlastung:<\/strong>&nbsp;Schafft Entlastung f&uuml;r pflegende Angeh&ouml;rige, die eine Pause brauchen oder verhindert sind.<\/li>\n\n\n\n<li><strong>&Uuml;berbr&uuml;ckung:<\/strong>&nbsp;Ideal nach einem Krankenhausaufenthalt, wenn zu Hause noch nicht alles allein bew&auml;ltigt werden kann.<\/li>\n\n\n\n<li><strong>Testphase:<\/strong>&nbsp;Erm&ouml;glicht es, eine Pflegee<a href=\"https:\/\/www.vitalibera.org\/community\/enzyklopaedie\/inr\/\" target=\"_self\" title=\"Die&nbsp;International Normalized Ratio (INR)&nbsp;ist ein&nbsp;weltweit standardisierter Laborwert zur Messung der Blutgerinnungszeit, insbesondere bei der Einnahme von Gerinnungshemmern wie Marcumar. Ein INR-Wert um 1,0 ist normal, w&auml;hrend bei einer Therapie meist Werte zwischen 2,0 und 3,5 angestrebt werden, um Thrombosen zu verhindern.\" class=\"encyclopedia\">inr<\/a>ichtung zu &ldquo;testen&rdquo;, bevor eine Langzeitpflege in Betracht gezogen wird.&nbsp;<\/li>\n<\/ul>\n\n\n\n<p><strong>Typische Leistungen:<\/strong><\/p>\n\n\n\n<ul class=\"wp-block-list\">\n<li>Rundum-Betreuung durch qualifiziertes Personal.<\/li>\n\n\n\n<li><a href=\"https:\/\/www.vitalibera.org\/community\/enzyklopaedie\/grundpflege\/\" target=\"_self\" title=\"Die Grundpflege&nbsp;umfasst essenzielle, t&auml;glich wiederkehrende Pflegeleistungen f&uuml;r Menschen, die ihren Alltag nicht selbstst&auml;ndig bew&auml;ltigen k&ouml;nnen. Sie beinhaltet Ma&szlig;nahmen der K&ouml;rperpflege (Waschen, Duschen), Ern&auml;hrung (Nahrungsaufnahme) und Mobilit&auml;t (Aufstehen, Gehen) sowie Ausscheidung. Ziel ist die Unterst&uuml;tzung im Alltag, die F&ouml;rderung der Selbstst&auml;ndigkeit (aktivierende Pflege) und die Vermeidung von Folgeerkrankungen. Kerninhalte der Grundpflege: K&ouml;rperpflege:&nbsp;Waschen, Duschen, Baden, Zahnpflege, Rasieren,&hellip;\" class=\"encyclopedia\">Grundpflege<\/a> (K&ouml;rperpflege, Hilfe beim Essen).<\/li>\n\n\n\n<li>Medizinische <a href=\"https:\/\/www.vitalibera.org\/community\/enzyklopaedie\/behandlungspflege\/\" target=\"_self\" title=\"Behandlungspflege&nbsp;umfasst &auml;rztlich verordnete, medizinische Ma&szlig;nahmen, die von examiniertem Fachpersonal (wie Kranken- oder Altenpflegern) durchgef&uuml;hrt werden, um Krankheiten zu heilen, zu lindern oder Krankenhausaufenthalte zu vermeiden. Sie wird prim&auml;r von Krankenkassen bezahlt und beinhaltet Wundversorgung, Medikamentengabe, Injektionen, Blutdruck-\/Blutzuckermessungen sowie Stomaversorgung. Wichtige Aspekte der Behandlungspflege: Leistungsumfang:&nbsp;Umfasst T&auml;tigkeiten nach SGB V, darunter Verbandswechsel, An- und Ausziehen von Kompressionsstr&uuml;mpfen,&hellip;\" class=\"encyclopedia\">Behandlungspflege<\/a>.<\/li>\n\n\n\n<li>Soziale Betreuung und oft therapeutische Massnahmen.&nbsp;<\/li>\n<\/ul>\n\n\n\n<p><strong>Abgrenzung:<\/strong><\/p>\n\n\n\n<ul class=\"wp-block-list\">\n<li><strong>Unterschied zu Akut- und &Uuml;bergangspflege (A&uuml;P):<\/strong>&nbsp;Die A&uuml;P ist oft k&uuml;rzer (ca. 14 Tage) und direkt nach dem Spital, w&auml;hrend Kurzzeitpflege breiter gef&auml;chert ist.<\/li>\n\n\n\n<li><strong><a href=\"https:\/\/www.vitalibera.org\/community\/2025\/12\/24\/4730\/\">Verhinderungspflege<\/a>:<\/strong>&nbsp;Findet meist zu Hause statt und erfordert eine l&auml;ngere Pflegehistorie zu Hause; Kurzzeitpflege ist eine Alternative bei kurzfristigem Ausfall.&nbsp;<\/li>\n<\/ul>\n\n\n\n<p><strong>Zusammenfassend:<\/strong>&nbsp;Kurzzeitpflege ist eine flexible, zeitlich begrenzte Pflegeleistung, die Sicherheit und Entlastung bietet, wenn die gewohnte h&auml;usliche Situation tempor&auml;r nicht gew&auml;hrleistet werden kann.&nbsp;<\/p>\n","protected":false},"excerpt":{"rendered":"<p>Kurzzeitpflege ist eine&nbsp;vor\u00fcbergehende, vollstation\u00e4re Pflege&nbsp;in einer Einrichtung, wenn h\u00e4usliche Pflege ausf\u00e4llt (z.B. nach einem Krankenhausaufenthalt oder bei Urlaub\/Krankheit der Angeh\u00f6rigen) oder die Pflege zu Hause nicht ausreicht. Sie dient der \u00dcberbr\u00fcckung von Krisen und der Sicherung der Versorgung f\u00fcr eine begrenzte Zeit (maximal 56 Tage\/Jahr) und ist ab Pflegegrad 2 von der Pflegekasse bezuschusst.&nbsp; Definition &#8230; <a title=\"Kurzzeitpflege\" class=\"read-more\" href=\"https:\/\/www.vitalibera.org\/community\/2025\/12\/24\/kurzzeitpflege\/\" aria-label=\"Mehr Informationen \u00fcber Kurzzeitpflege\">Weiterlesen<\/a><\/p>\n","protected":false},"author":2,"featured_media":4742,"comment_status":"open","ping_status":"open","sticky":false,"template":"","format":"standard","meta":{"cybocfi_hide_featured_image":"yes","_jetpack_memberships_contains_paid_content":false,"footnotes":""},"categories":[225],"tags":[],"class_list":["post-4741","post","type-post","status-publish","format-standard","has-post-thumbnail","hentry","category-hilfe-fuer-angehoerige"],"yoast_head":"<!-- This site is optimized with the Yoast SEO plugin v27.4 - https:\/\/yoast.com\/product\/yoast-seo-wordpress\/ -->\r\n<title>Kurzzeitpflege - vitalibera.org<\/title>\r\n<meta name=\"robots\" content=\"index, follow, max-snippet:-1, max-image-preview:large, max-video-preview:-1\" \/>\r\n<link rel=\"canonical\" href=\"http:\/\/www.vitalibera.org\/community\/2025\/12\/24\/kurzzeitpflege\/\" \/>\r\n<meta property=\"og:locale\" content=\"de_DE\" \/>\r\n<meta property=\"og:type\" content=\"article\" \/>\r\n<meta property=\"og:title\" content=\"Kurzzeitpflege - vitalibera.org\" \/>\r\n<meta property=\"og:description\" content=\"Kurzzeitpflege ist eine&nbsp;vor\u00fcbergehende, vollstation\u00e4re Pflege&nbsp;in einer Einrichtung, wenn h\u00e4usliche Pflege ausf\u00e4llt (z.B. nach einem Krankenhausaufenthalt oder bei Urlaub\/Krankheit der Angeh\u00f6rigen) oder die Pflege zu Hause nicht ausreicht. Sie dient der \u00dcberbr\u00fcckung von Krisen und der Sicherung der Versorgung f\u00fcr eine begrenzte Zeit (maximal 56 Tage\/Jahr) und ist ab Pflegegrad 2 von der Pflegekasse bezuschusst.&nbsp; Definition ... Weiterlesen\" \/>\r\n<meta property=\"og:url\" content=\"http:\/\/www.vitalibera.org\/community\/2025\/12\/24\/kurzzeitpflege\/\" \/>\r\n<meta property=\"og:site_name\" content=\"vitalibera.org\" \/>\r\n<meta property=\"article:publisher\" content=\"https:\/\/www.facebook.com\/groups\/2997085857140235\" \/>\r\n<meta property=\"article:published_time\" content=\"2025-12-24T19:57:39+00:00\" \/>\r\n<meta property=\"article:modified_time\" content=\"2025-12-24T20:04:01+00:00\" \/>\r\n<meta property=\"og:image\" content=\"http:\/\/www.vitalibera.org\/community\/wp-content\/uploads\/2025\/12\/kurzzeitpflege.png\" \/>\r\n\t<meta property=\"og:image:width\" content=\"644\" \/>\r\n\t<meta property=\"og:image:height\" content=\"427\" \/>\r\n\t<meta property=\"og:image:type\" content=\"image\/png\" \/>\r\n<meta name=\"author\" content=\"Andreas Jecklin\" \/>\r\n<meta name=\"twitter:card\" content=\"summary_large_image\" \/>\r\n<meta name=\"twitter:label1\" content=\"Verfasst von\" \/>\n\t<meta name=\"twitter:data1\" content=\"Andreas Jecklin\" \/>\n\t<meta name=\"twitter:label2\" content=\"Gesch\u00e4tzte Lesezeit\" \/>\n\t<meta name=\"twitter:data2\" content=\"3\u00a0Minuten\" \/>\r\n<script type=\"application\/ld+json\" class=\"yoast-schema-graph\">{\"@context\":\"https:\\\/\\\/schema.org\",\"@graph\":[{\"@type\":\"Article\",\"@id\":\"http:\\\/\\\/www.vitalibera.org\\\/community\\\/2025\\\/12\\\/24\\\/kurzzeitpflege\\\/#article\",\"isPartOf\":{\"@id\":\"http:\\\/\\\/www.vitalibera.org\\\/community\\\/2025\\\/12\\\/24\\\/kurzzeitpflege\\\/\"},\"author\":{\"name\":\"Andreas Jecklin\",\"@id\":\"https:\\\/\\\/www.vitalibera.org\\\/community\\\/#\\\/schema\\\/person\\\/6712387298421f222ff6d0a2e22c1534\"},\"headline\":\"Kurzzeitpflege\",\"datePublished\":\"2025-12-24T19:57:39+00:00\",\"dateModified\":\"2025-12-24T20:04:01+00:00\",\"mainEntityOfPage\":{\"@id\":\"http:\\\/\\\/www.vitalibera.org\\\/community\\\/2025\\\/12\\\/24\\\/kurzzeitpflege\\\/\"},\"wordCount\":424,\"commentCount\":0,\"publisher\":{\"@id\":\"https:\\\/\\\/www.vitalibera.org\\\/community\\\/#organization\"},\"image\":{\"@id\":\"http:\\\/\\\/www.vitalibera.org\\\/community\\\/2025\\\/12\\\/24\\\/kurzzeitpflege\\\/#primaryimage\"},\"thumbnailUrl\":\"https:\\\/\\\/www.vitalibera.org\\\/community\\\/wp-content\\\/uploads\\\/2025\\\/12\\\/kurzzeitpflege.png\",\"articleSection\":[\"Hilfe f\u00fcr Angeh\u00f6rige\"],\"inLanguage\":\"de\",\"potentialAction\":[{\"@type\":\"CommentAction\",\"name\":\"Comment\",\"target\":[\"http:\\\/\\\/www.vitalibera.org\\\/community\\\/2025\\\/12\\\/24\\\/kurzzeitpflege\\\/#respond\"]}]},{\"@type\":\"WebPage\",\"@id\":\"http:\\\/\\\/www.vitalibera.org\\\/community\\\/2025\\\/12\\\/24\\\/kurzzeitpflege\\\/\",\"url\":\"http:\\\/\\\/www.vitalibera.org\\\/community\\\/2025\\\/12\\\/24\\\/kurzzeitpflege\\\/\",\"name\":\"Kurzzeitpflege - vitalibera.org\",\"isPartOf\":{\"@id\":\"https:\\\/\\\/www.vitalibera.org\\\/community\\\/#website\"},\"primaryImageOfPage\":{\"@id\":\"http:\\\/\\\/www.vitalibera.org\\\/community\\\/2025\\\/12\\\/24\\\/kurzzeitpflege\\\/#primaryimage\"},\"image\":{\"@id\":\"http:\\\/\\\/www.vitalibera.org\\\/community\\\/2025\\\/12\\\/24\\\/kurzzeitpflege\\\/#primaryimage\"},\"thumbnailUrl\":\"https:\\\/\\\/www.vitalibera.org\\\/community\\\/wp-content\\\/uploads\\\/2025\\\/12\\\/kurzzeitpflege.png\",\"datePublished\":\"2025-12-24T19:57:39+00:00\",\"dateModified\":\"2025-12-24T20:04:01+00:00\",\"breadcrumb\":{\"@id\":\"http:\\\/\\\/www.vitalibera.org\\\/community\\\/2025\\\/12\\\/24\\\/kurzzeitpflege\\\/#breadcrumb\"},\"inLanguage\":\"de\",\"potentialAction\":[{\"@type\":\"ReadAction\",\"target\":[\"http:\\\/\\\/www.vitalibera.org\\\/community\\\/2025\\\/12\\\/24\\\/kurzzeitpflege\\\/\"]}]},{\"@type\":\"BreadcrumbList\",\"@id\":\"http:\\\/\\\/www.vitalibera.org\\\/community\\\/2025\\\/12\\\/24\\\/kurzzeitpflege\\\/#breadcrumb\",\"itemListElement\":[{\"@type\":\"ListItem\",\"position\":1,\"name\":\"Startseite\",\"item\":\"https:\\\/\\\/www.vitalibera.org\\\/community\\\/\"},{\"@type\":\"ListItem\",\"position\":2,\"name\":\"Kurzzeitpflege\"}]},{\"@type\":\"WebSite\",\"@id\":\"https:\\\/\\\/www.vitalibera.org\\\/community\\\/#website\",\"url\":\"https:\\\/\\\/www.vitalibera.org\\\/community\\\/\",\"name\":\"vitalibera.org\",\"description\":\"Mit einer Einschr&auml;nkung gestaltet sich das Leben im Alltag oft schwieriger - hier berichten wir &uuml;ber unsere Erfahrungen und Hilfsmittel um den Alltag so unbeschwert und unkompliziert wie nur m&ouml;glich geniessen zu k&ouml;nnen. Dabei richten wir unseren Fokus gezielt auf Selbst&auml;ndigkeit, Eigenst&auml;ndigkeit und Selbstbestimmung.\",\"publisher\":{\"@id\":\"https:\\\/\\\/www.vitalibera.org\\\/community\\\/#organization\"},\"potentialAction\":[{\"@type\":\"SearchAction\",\"target\":{\"@type\":\"EntryPoint\",\"urlTemplate\":\"https:\\\/\\\/www.vitalibera.org\\\/community\\\/?s={search_term_string}\"},\"query-input\":{\"@type\":\"PropertyValueSpecification\",\"valueRequired\":true,\"valueName\":\"search_term_string\"}}],\"inLanguage\":\"de\"},{\"@type\":\"Organization\",\"@id\":\"https:\\\/\\\/www.vitalibera.org\\\/community\\\/#organization\",\"name\":\"vitalibera.org\",\"url\":\"https:\\\/\\\/www.vitalibera.org\\\/community\\\/\",\"logo\":{\"@type\":\"ImageObject\",\"inLanguage\":\"de\",\"@id\":\"https:\\\/\\\/www.vitalibera.org\\\/community\\\/#\\\/schema\\\/logo\\\/image\\\/\",\"url\":\"https:\\\/\\\/www.vitalibera.org\\\/community\\\/wp-content\\\/uploads\\\/2025\\\/09\\\/cropped-banner.png\",\"contentUrl\":\"https:\\\/\\\/www.vitalibera.org\\\/community\\\/wp-content\\\/uploads\\\/2025\\\/09\\\/cropped-banner.png\",\"width\":991,\"height\":150,\"caption\":\"vitalibera.org\"},\"image\":{\"@id\":\"https:\\\/\\\/www.vitalibera.org\\\/community\\\/#\\\/schema\\\/logo\\\/image\\\/\"},\"sameAs\":[\"https:\\\/\\\/www.facebook.com\\\/groups\\\/2997085857140235\"]},{\"@type\":\"Person\",\"@id\":\"https:\\\/\\\/www.vitalibera.org\\\/community\\\/#\\\/schema\\\/person\\\/6712387298421f222ff6d0a2e22c1534\",\"name\":\"Andreas Jecklin\",\"image\":{\"@type\":\"ImageObject\",\"inLanguage\":\"de\",\"@id\":\"https:\\\/\\\/secure.gravatar.com\\\/avatar\\\/ad516503a11cd5ca435acc9bb6523536?s=96\",\"url\":\"https:\\\/\\\/secure.gravatar.com\\\/avatar\\\/ad516503a11cd5ca435acc9bb6523536?s=96\",\"contentUrl\":\"https:\\\/\\\/secure.gravatar.com\\\/avatar\\\/ad516503a11cd5ca435acc9bb6523536?s=96\",\"caption\":\"Andreas Jecklin\"},\"description\":\"Manchen gab Gott die Kraft Dinge zu ver\u00e4ndern, mir gab er die Kraft zu ertragen was nicht mehr zu \u00e4ndern ist.\",\"url\":\"https:\\\/\\\/www.vitalibera.org\\\/community\\\/author\\\/andy77\\\/\"}]}<\/script>\r\n<!-- \/ Yoast SEO plugin. -->","yoast_head_json":{"title":"Kurzzeitpflege - vitalibera.org","robots":{"index":"index","follow":"follow","max-snippet":"max-snippet:-1","max-image-preview":"max-image-preview:large","max-video-preview":"max-video-preview:-1"},"canonical":"http:\/\/www.vitalibera.org\/community\/2025\/12\/24\/kurzzeitpflege\/","og_locale":"de_DE","og_type":"article","og_title":"Kurzzeitpflege - vitalibera.org","og_description":"Kurzzeitpflege ist eine&nbsp;vor\u00fcbergehende, vollstation\u00e4re Pflege&nbsp;in einer Einrichtung, wenn h\u00e4usliche Pflege ausf\u00e4llt (z.B. nach einem Krankenhausaufenthalt oder bei Urlaub\/Krankheit der Angeh\u00f6rigen) oder die Pflege zu Hause nicht ausreicht. Sie dient der \u00dcberbr\u00fcckung von Krisen und der Sicherung der Versorgung f\u00fcr eine begrenzte Zeit (maximal 56 Tage\/Jahr) und ist ab Pflegegrad 2 von der Pflegekasse bezuschusst.&nbsp; Definition ... Weiterlesen","og_url":"http:\/\/www.vitalibera.org\/community\/2025\/12\/24\/kurzzeitpflege\/","og_site_name":"vitalibera.org","article_publisher":"https:\/\/www.facebook.com\/groups\/2997085857140235","article_published_time":"2025-12-24T19:57:39+00:00","article_modified_time":"2025-12-24T20:04:01+00:00","og_image":[{"width":644,"height":427,"url":"http:\/\/www.vitalibera.org\/community\/wp-content\/uploads\/2025\/12\/kurzzeitpflege.png","type":"image\/png"}],"author":"Andreas Jecklin","twitter_card":"summary_large_image","twitter_misc":{"Verfasst von":"Andreas Jecklin","Gesch\u00e4tzte Lesezeit":"3\u00a0Minuten"},"schema":{"@context":"https:\/\/schema.org","@graph":[{"@type":"Article","@id":"http:\/\/www.vitalibera.org\/community\/2025\/12\/24\/kurzzeitpflege\/#article","isPartOf":{"@id":"http:\/\/www.vitalibera.org\/community\/2025\/12\/24\/kurzzeitpflege\/"},"author":{"name":"Andreas Jecklin","@id":"https:\/\/www.vitalibera.org\/community\/#\/schema\/person\/6712387298421f222ff6d0a2e22c1534"},"headline":"Kurzzeitpflege","datePublished":"2025-12-24T19:57:39+00:00","dateModified":"2025-12-24T20:04:01+00:00","mainEntityOfPage":{"@id":"http:\/\/www.vitalibera.org\/community\/2025\/12\/24\/kurzzeitpflege\/"},"wordCount":424,"commentCount":0,"publisher":{"@id":"https:\/\/www.vitalibera.org\/community\/#organization"},"image":{"@id":"http:\/\/www.vitalibera.org\/community\/2025\/12\/24\/kurzzeitpflege\/#primaryimage"},"thumbnailUrl":"https:\/\/www.vitalibera.org\/community\/wp-content\/uploads\/2025\/12\/kurzzeitpflege.png","articleSection":["Hilfe f\u00fcr Angeh\u00f6rige"],"inLanguage":"de","potentialAction":[{"@type":"CommentAction","name":"Comment","target":["http:\/\/www.vitalibera.org\/community\/2025\/12\/24\/kurzzeitpflege\/#respond"]}]},{"@type":"WebPage","@id":"http:\/\/www.vitalibera.org\/community\/2025\/12\/24\/kurzzeitpflege\/","url":"http:\/\/www.vitalibera.org\/community\/2025\/12\/24\/kurzzeitpflege\/","name":"Kurzzeitpflege - vitalibera.org","isPartOf":{"@id":"https:\/\/www.vitalibera.org\/community\/#website"},"primaryImageOfPage":{"@id":"http:\/\/www.vitalibera.org\/community\/2025\/12\/24\/kurzzeitpflege\/#primaryimage"},"image":{"@id":"http:\/\/www.vitalibera.org\/community\/2025\/12\/24\/kurzzeitpflege\/#primaryimage"},"thumbnailUrl":"https:\/\/www.vitalibera.org\/community\/wp-content\/uploads\/2025\/12\/kurzzeitpflege.png","datePublished":"2025-12-24T19:57:39+00:00","dateModified":"2025-12-24T20:04:01+00:00","breadcrumb":{"@id":"http:\/\/www.vitalibera.org\/community\/2025\/12\/24\/kurzzeitpflege\/#breadcrumb"},"inLanguage":"de","potentialAction":[{"@type":"ReadAction","target":["http:\/\/www.vitalibera.org\/community\/2025\/12\/24\/kurzzeitpflege\/"]}]},{"@type":"BreadcrumbList","@id":"http:\/\/www.vitalibera.org\/community\/2025\/12\/24\/kurzzeitpflege\/#breadcrumb","itemListElement":[{"@type":"ListItem","position":1,"name":"Startseite","item":"https:\/\/www.vitalibera.org\/community\/"},{"@type":"ListItem","position":2,"name":"Kurzzeitpflege"}]},{"@type":"WebSite","@id":"https:\/\/www.vitalibera.org\/community\/#website","url":"https:\/\/www.vitalibera.org\/community\/","name":"vitalibera.org","description":"Mit einer Einschr&auml;nkung gestaltet sich das Leben im Alltag oft schwieriger - hier berichten wir &uuml;ber unsere Erfahrungen und Hilfsmittel um den Alltag so unbeschwert und unkompliziert wie nur m&ouml;glich geniessen zu k&ouml;nnen. Dabei richten wir unseren Fokus gezielt auf Selbst&auml;ndigkeit, Eigenst&auml;ndigkeit und Selbstbestimmung.","publisher":{"@id":"https:\/\/www.vitalibera.org\/community\/#organization"},"potentialAction":[{"@type":"SearchAction","target":{"@type":"EntryPoint","urlTemplate":"https:\/\/www.vitalibera.org\/community\/?s={search_term_string}"},"query-input":{"@type":"PropertyValueSpecification","valueRequired":true,"valueName":"search_term_string"}}],"inLanguage":"de"},{"@type":"Organization","@id":"https:\/\/www.vitalibera.org\/community\/#organization","name":"vitalibera.org","url":"https:\/\/www.vitalibera.org\/community\/","logo":{"@type":"ImageObject","inLanguage":"de","@id":"https:\/\/www.vitalibera.org\/community\/#\/schema\/logo\/image\/","url":"https:\/\/www.vitalibera.org\/community\/wp-content\/uploads\/2025\/09\/cropped-banner.png","contentUrl":"https:\/\/www.vitalibera.org\/community\/wp-content\/uploads\/2025\/09\/cropped-banner.png","width":991,"height":150,"caption":"vitalibera.org"},"image":{"@id":"https:\/\/www.vitalibera.org\/community\/#\/schema\/logo\/image\/"},"sameAs":["https:\/\/www.facebook.com\/groups\/2997085857140235"]},{"@type":"Person","@id":"https:\/\/www.vitalibera.org\/community\/#\/schema\/person\/6712387298421f222ff6d0a2e22c1534","name":"Andreas Jecklin","image":{"@type":"ImageObject","inLanguage":"de","@id":"https:\/\/secure.gravatar.com\/avatar\/ad516503a11cd5ca435acc9bb6523536?s=96","url":"https:\/\/secure.gravatar.com\/avatar\/ad516503a11cd5ca435acc9bb6523536?s=96","contentUrl":"https:\/\/secure.gravatar.com\/avatar\/ad516503a11cd5ca435acc9bb6523536?s=96","caption":"Andreas Jecklin"},"description":"Manchen gab Gott die Kraft Dinge zu ver\u00e4ndern, mir gab er die Kraft zu ertragen was nicht mehr zu \u00e4ndern ist.","url":"https:\/\/www.vitalibera.org\/community\/author\/andy77\/"}]}},"jetpack_featured_media_url":"https:\/\/www.vitalibera.org\/community\/wp-content\/uploads\/2025\/12\/kurzzeitpflege.png","jetpack_sharing_enabled":true,"jetpack-related-posts":[],"_links":{"self":[{"href":"https:\/\/www.vitalibera.org\/community\/wp-json\/wp\/v2\/posts\/4741","targetHints":{"allow":["GET"]}}],"collection":[{"href":"https:\/\/www.vitalibera.org\/community\/wp-json\/wp\/v2\/posts"}],"about":[{"href":"https:\/\/www.vitalibera.org\/community\/wp-json\/wp\/v2\/types\/post"}],"author":[{"embeddable":true,"href":"https:\/\/www.vitalibera.org\/community\/wp-json\/wp\/v2\/users\/2"}],"replies":[{"embeddable":true,"href":"https:\/\/www.vitalibera.org\/community\/wp-json\/wp\/v2\/comments?post=4741"}],"version-history":[{"count":2,"href":"https:\/\/www.vitalibera.org\/community\/wp-json\/wp\/v2\/posts\/4741\/revisions"}],"predecessor-version":[{"id":4745,"href":"https:\/\/www.vitalibera.org\/community\/wp-json\/wp\/v2\/posts\/4741\/revisions\/4745"}],"wp:featuredmedia":[{"embeddable":true,"href":"https:\/\/www.vitalibera.org\/community\/wp-json\/wp\/v2\/media\/4742"}],"wp:attachment":[{"href":"https:\/\/www.vitalibera.org\/community\/wp-json\/wp\/v2\/media?parent=4741"}],"wp:term":[{"taxonomy":"category","embeddable":true,"href":"https:\/\/www.vitalibera.org\/community\/wp-json\/wp\/v2\/categories?post=4741"},{"taxonomy":"post_tag","embeddable":true,"href":"https:\/\/www.vitalibera.org\/community\/wp-json\/wp\/v2\/tags?post=4741"}],"curies":[{"name":"wp","href":"https:\/\/api.w.org\/{rel}","templated":true}]}}