{"id":4751,"date":"2025-12-25T10:55:16","date_gmt":"2025-12-25T09:55:16","guid":{"rendered":"https:\/\/www.vitalibera.org\/community\/?p=4751"},"modified":"2025-12-25T11:00:24","modified_gmt":"2025-12-25T10:00:24","slug":"pflegegrade-in-deutschland","status":"publish","type":"post","link":"https:\/\/www.vitalibera.org\/community\/2025\/12\/25\/pflegegrade-in-deutschland\/","title":{"rendered":"Pflegegrade in Deutschland"},"content":{"rendered":"\n<p>Wenn Sie Leistungen der Pflegeversicherung beanspruchen m&ouml;chten, ben&ouml;tigen Sie einen der f&uuml;nf Pflegegrade (1-5). Ein Pflegegrad ist ein &bdquo;Grad der Pflegebed&uuml;rftigkeit&ldquo; und dr&uuml;ckt aus, wie stark pflegebed&uuml;rftig jemand ist<\/p>\n\n\n\n<h2 class=\"wp-block-heading\">Definition: Pflegegrade<\/h2>\n\n\n\n<p>Die Pflegegrade von 1 bis 5 sind&nbsp;<strong>&bdquo;Grade der Pflegebed&uuml;rftigkeit&ldquo;<\/strong>. Sie dr&uuml;cken aus, wie stark eine Person in ihrer&nbsp;<strong>Selbstst&auml;ndigkeit<\/strong>&nbsp;eingeschr&auml;nkt ist. Pflegebed&uuml;rftige Menschen erhalten einen Pflegegrad auf Antrag von ihrer Pflegeversicherung und k&ouml;nnen damit Pflegeleistungen beanspruchen.&nbsp;<\/p>\n\n\n\n<p><strong>Die f&uuml;nf Pflegegrade auf einen Blick:<\/strong><\/p>\n\n\n\n<ul class=\"wp-block-list\">\n<li><a href=\"https:\/\/www.pflege.de\/pflegekasse-pflegerecht\/pflegegrade\/pflegegrad-1\/\" target=\"_blank\" rel=\"noreferrer noopener\">Pflegegrad 1<\/a>: Geringe Beeintr&auml;chtigung der Selbst&auml;ndigkeit<\/li>\n\n\n\n<li><a href=\"https:\/\/www.pflege.de\/pflegekasse-pflegerecht\/pflegegrade\/pflegegrad-2\/\" target=\"_blank\" rel=\"noreferrer noopener\">Pflegegrad 2<\/a>: Erhebliche Beeintr&auml;chtigung der Selbst&auml;ndigkeit<\/li>\n\n\n\n<li><a href=\"https:\/\/www.pflege.de\/pflegekasse-pflegerecht\/pflegegrade\/pflegegrad-3\/\" target=\"_blank\" rel=\"noreferrer noopener\">Pflegegrad 3<\/a>: Schwere Beeintr&auml;chtigung der Selbst&auml;ndigkeit<\/li>\n\n\n\n<li><a href=\"https:\/\/www.pflege.de\/pflegekasse-pflegerecht\/pflegegrade\/pflegegrad-4\/\" target=\"_blank\" rel=\"noreferrer noopener\">Pflegegrad 4<\/a>: Schwerste Beeintr&auml;chtigung der Selbst&auml;ndigkeit<\/li>\n\n\n\n<li><a href=\"https:\/\/www.pflege.de\/pflegekasse-pflegerecht\/pflegegrade\/pflegegrad-5\/\" target=\"_blank\" rel=\"noreferrer noopener\">Pflegegrad 5<\/a>: Schwerste Beeintr&auml;chtigung der Selbst&auml;ndigkeit mit besonderen Anforderungen an die pflegerische Versorgung<\/li>\n<\/ul>\n\n\n\n<h2 class=\"wp-block-heading\">Einstufung: Der Weg zum Pflegegrad<\/h2>\n\n\n\n<p>Einen Pflegegrad brauchen Sie, wenn Sie&nbsp;<strong>Leistungen der Pflegeversicherung in Anspruch nehmen<\/strong>&nbsp;m&ouml;chten. Sie stellen daf&uuml;r einen formlosen Antrag bei Ihrer Pflegeversicherung. Daraufhin wird ein Pflegegutachten erstellt und am Ende schickt Ihnen die Versicherung einen Pflegegrad-Bescheid zu.<\/p>\n\n\n\n<h3 class=\"wp-block-heading\">1. Der Antrag<\/h3>\n\n\n\n<p>Egal ob Sie einen Erstantrag stellen oder Ihren vorhandenen Pflegegrad erh&ouml;hen m&ouml;chten: Sie m&uuml;ssen einen&nbsp;<a href=\"https:\/\/www.pflege.de\/pflegekasse-pflegerecht\/pflegegrade\/beantragen\/\" target=\"_blank\" rel=\"noreferrer noopener\">Pflegegrad-Antrag<\/a>&nbsp;bei Ihrer Pflegeversicherung stellen. Das Datum des Antrags ist wichtig, weil Sie bei einer Bewilligung r&uuml;ckwirkend ab diesem Datum Anspr&uuml;che auf Leistungen haben.<\/p>\n\n\n\n<p>In dringenden F&auml;llen k&ouml;nnen Sie mit einem&nbsp;<a href=\"https:\/\/www.pflege.de\/pflegekasse-pflegerecht\/pflegegrade\/beantragen\/#eilantrag\" target=\"_blank\" rel=\"noreferrer noopener\">Eilantrag<\/a>&nbsp;bewirken, dass innerhalb von nur 5 oder 10 Tagen eine vorl&auml;ufige Pflegebegutachtung durchgef&uuml;hrt wird.<\/p>\n\n\n\n<h3 class=\"wp-block-heading\">2. Das Gutachten<\/h3>\n\n\n\n<p>F&uuml;r das Gutachten kommt ein Pflegegutachter an Ihre Wohnst&auml;tte, also&nbsp;<strong>zu Ihnen nach Hause<\/strong>&nbsp;oder auch ins Pflegeheim, falls Sie dort leben. Er macht sich ein Bild von der Pflegesituation, stellt Fragen und gibt auch erste Tipps f&uuml;r die Pflege oder empfiehlt Hilfsmittel.<\/p>\n\n\n\n<p>In einigen F&auml;llen sind auch eine&nbsp;<strong>Begutachtung am Telefon<\/strong>&nbsp;(strukturiertes Telefoninterview) oder der Einsatz von&nbsp;<strong>Videotelefonie<\/strong>&nbsp;m&ouml;glich. Mehr dazu im Ratgeber&nbsp;<a href=\"https:\/\/www.pflege.de\/pflegekasse-pflegefinanzierung\/pflegeversicherung\/pflegebegutachtung-pflegegutachten\/\" target=\"_blank\" rel=\"noreferrer noopener\">Pflegebegutachtung<\/a>.<\/p>\n\n\n\n<p>Im Anschluss wird das Pflegegutachten erstellt. Darin wird nach einem festen Begutachtungsverfahren ermittelt, welchen Pflegegrad Sie erhalten sollen.<\/p>\n\n\n\n<h3 class=\"wp-block-heading\">3. Der Bescheid<\/h3>\n\n\n\n<p>Die Empfehlung im Gutachten ist aber nicht die finale Entscheidung, denn diese wird von der Pflegeversicherung getroffen. In der Regel folgt sie aber dem Gutachten. Sie erhalten Ihren<strong>&nbsp;Pflegegrad-Bescheid zusammen mit dem Gutachten<\/strong>&nbsp;schriftlich.<\/p>\n\n\n\n<p>Wurde Ihnen ein Pflegegrad bewilligt, gelten Ihre&nbsp;<strong>Anspr&uuml;che jetzt r&uuml;ckwirkend zum Tag des Antrags<\/strong>. Wenn Sie mit dem Ergebnis nicht einverstanden sind, k&ouml;nnen Sie innerhalb von 30 Tagen&nbsp;<a href=\"https:\/\/www.pflege.de\/pflegekasse-pflegerecht\/pflegegrade\/widerspruch\/\" target=\"_blank\" rel=\"noreferrer noopener\">Widerspruch<\/a>&nbsp;einlegen.<\/p>\n\n\n\n<h2 class=\"wp-block-heading\">Pflegegrade: Punkte-Tabelle<\/h2>\n\n\n\n<p>Das Pflegegutachten folgt klaren Richtlinien, um zu einer Einstufung in einen Pflegegrad zu gelangen. Darin werden in verschiedenen Kategorien 0 bis 100 Punkte f&uuml;r die Einschr&auml;nkung der Selbst&auml;ndigkeit einer Person vergeben. Die&nbsp;<strong>gewichtete Gesamtpunktzahl<\/strong>&nbsp;ergibt den Pflegegrad.<\/p>\n\n\n\n<figure class=\"wp-block-image size-full\"><img fetchpriority=\"high\" decoding=\"async\" width=\"665\" height=\"738\" src=\"https:\/\/www.vitalibera.org\/community\/wp-content\/uploads\/2025\/12\/Screenshot-2025-12-25-104650.png\" alt=\"\" class=\"wp-image-4752\" srcset=\"https:\/\/www.vitalibera.org\/community\/wp-content\/uploads\/2025\/12\/Screenshot-2025-12-25-104650.png 665w, https:\/\/www.vitalibera.org\/community\/wp-content\/uploads\/2025\/12\/Screenshot-2025-12-25-104650-270x300.png 270w\" sizes=\"(max-width: 665px) 100vw, 665px\" \/><\/figure>\n\n\n\n<p>Wie setzen sich die 100 m&ouml;glichen Punkte zusammen? Das Verfahren ber&uuml;cksichtigt zahlreiche Einzelpunkte in verschiedenen Modulen, die zusammen die Punktzahl ergeben. Mehr dar&uuml;ber erfahren Sie in den&nbsp;<strong>Kriterien f&uuml;r das Pflegegutachten<\/strong>.<\/p>\n\n\n\n<p><strong>Au&szlig;erdem gibt es einige Sonderf&auml;lle:<\/strong><\/p>\n\n\n\n<ul class=\"wp-block-list\">\n<li><strong>Besondere Bedarfskonstellation:<\/strong>&nbsp;Einzelfallregelung f&uuml;r Menschen mit besonderen Anforderungen an die pflegerische Versorgung.<\/li>\n\n\n\n<li><strong>Pflegegrad im Kindesalter:<\/strong>&nbsp;Sowohl das Begutachtungsverfahren als auch die Einstufung weichen teilweise ab.<\/li>\n\n\n\n<li><strong>Pflegegrade bei <a href=\"https:\/\/www.vitalibera.org\/community\/enzyklopaedie\/demenz\/\" target=\"_self\" title=\"Als Demenz bezeichnet man ein&nbsp;neurologisches Krankheitsbild, das durch den progredienten Verlust kognitiver F&auml;higkeiten gekennzeichnet ist. In sp&auml;teren Krankheitsstadien kommt es in der Folge zu einem Verlust der Alltagskompetenz und zu einem Pers&ouml;nlichkeitszerfall.\" class=\"encyclopedia\">Demenz<\/a>:<\/strong>&nbsp;Wie das Begutachtungsverfahren auch Menschen mit einer <a href=\"https:\/\/www.vitalibera.org\/community\/enzyklopaedie\/demenz\/\" target=\"_self\" title=\"Als Demenz bezeichnet man ein&nbsp;neurologisches Krankheitsbild, das durch den progredienten Verlust kognitiver F&auml;higkeiten gekennzeichnet ist. In sp&auml;teren Krankheitsstadien kommt es in der Folge zu einem Verlust der Alltagskompetenz und zu einem Pers&ouml;nlichkeitszerfall.\" class=\"encyclopedia\">Demenz<\/a>erkrankung angemessen ber&uuml;cksichtigt.<\/li>\n<\/ul>\n\n\n\n<h3 class=\"wp-block-heading\">Kriterien f&uuml;r das Pflegegutachten<\/h3>\n\n\n\n<p>Die m&ouml;glichen 100 Punkte im Pflegegutachten setzen sich aus Kriterien in sechs verschiedenen Modulen zusammen. Die einzelnen Module flie&szlig;en unterschiedlich stark in das Gesamtergebnis ein.<\/p>\n\n\n\n<div class=\"wp-block-media-text has-media-on-the-right is-stacked-on-mobile\"><div class=\"wp-block-media-text__content\">\n<p><strong>1. Mobilit&auml;t:<\/strong>&nbsp;Wie selbstst&auml;ndig bewegt sich der Begutachtete fort und kann seine K&ouml;rperhaltung &auml;ndern?<\/p>\n\n\n\n<p><strong>2. Kognitive und kommunikative F&auml;higkeiten:<\/strong>&nbsp;Kann sich der Antragsteller in seinem Alltag noch r&auml;umlich und zeitlich orientieren? Kann er f&uuml;r sich selbst Entscheidungen treffen, Gespr&auml;che f&uuml;hren und seine Bed&uuml;rfnisse mitteilen?<\/p>\n\n\n\n<p><strong>3. Verhaltensw<a href=\"https:\/\/www.vitalibera.org\/community\/enzyklopaedie\/eisen\/\" target=\"_self\" title=\"Eisen&nbsp;ist das im K&ouml;rper am meisten vorkommende Spurenelement. Es ist ein wesentlicher Bestandteil des roten Blutfarbstoffs (H&auml;moglobin) und f&uuml;r den Sauerstofftransport wichtig. Weitere Aufgaben erf&uuml;llt Eisen in der Muskulatur, wo es in Form des Eiwei&szlig;stoffes Myoglobin der Sauerstoffspeicherung dient. Dar&uuml;ber hinaus ist Eisen generell f&uuml;r alle rasch wachsenden Gewebe des K&ouml;rpers erforderlich. Im Labor ist&hellip;\" class=\"encyclopedia\">eisen<\/a> und psychische Problemlagen:<\/strong>&nbsp;Wie oft ben&ouml;tigt der <a href=\"https:\/\/www.vitalibera.org\/community\/2026\/04\/19\/wenn-reize-laut-werden-und-menschen-leise\/\">Betroffene<\/a> Hilfe wegen psychischer Probleme wie aggressivem oder &auml;ngstlichem Verhalten?<\/p>\n\n\n\n<p><strong>4. Selbstversorgung:<\/strong>&nbsp;Wie selbstst&auml;ndig kann sich der Begutachtete noch t&auml;glich selbst waschen und pflegen?<\/p>\n\n\n\n<p><strong>5. Bew&auml;ltigung und selbstst&auml;ndiger Umgang mit krankheits- oder therapiebedingten Anforderungen und Belastungen:<\/strong>&nbsp;Welche Hilfen ben&ouml;tigt der Antragsteller beim Umgang mit Krankheit und Behandlungen wie z. B. bei Dialyse oder Verbandswechsel?<\/p>\n\n\n\n<p><strong>6. Gestaltung des Alltagslebens und sozialer Kontakte:<\/strong>&nbsp;Wie selbstst&auml;ndig kann der Begutachtete noch seinen Tagesablauf planen oder Kontakte pflegen?<\/p>\n\n\n\n<p>Neben den sechs beschriebenen Modulen gibt es noch zwei weitere Pflegegrad-Module:&nbsp;<strong>7. Au&szlig;erh&auml;usliche Aktivit&auml;ten<\/strong>&nbsp;und&nbsp;<strong>8. Haushaltsf&uuml;hrung<\/strong>. Diese beiden Module sind aber f&uuml;r den Pflegegrad nicht relevant, sondern nur f&uuml;r die Pflegeplanung und individuelle Empfehlungen.<\/p>\n<\/div><figure class=\"wp-block-media-text__media\"><img decoding=\"async\" width=\"345\" height=\"658\" src=\"https:\/\/www.vitalibera.org\/community\/wp-content\/uploads\/2025\/12\/Screenshot-2025-12-25-104839.png\" alt=\"\" class=\"wp-image-4753 size-full\" srcset=\"https:\/\/www.vitalibera.org\/community\/wp-content\/uploads\/2025\/12\/Screenshot-2025-12-25-104839.png 345w, https:\/\/www.vitalibera.org\/community\/wp-content\/uploads\/2025\/12\/Screenshot-2025-12-25-104839-157x300.png 157w\" sizes=\"(max-width: 345px) 100vw, 345px\" \/><\/figure><\/div>\n\n\n\n<h3 class=\"wp-block-heading\" id=\"besondere-bedarfskonstellation\">Besondere Bedarfskonstellation<\/h3>\n\n\n\n<p>In Einzelf&auml;llen erreichen Menschen&nbsp;<strong>trotz h&ouml;chster Pflegebed&uuml;rftigkeit<\/strong>&nbsp;im Gutachten nicht genug Punkte f&uuml;r Pflegegrad 5. In solchen F&auml;llen kann das Gutachten auf eine besondere Bedarfskonstellation verw<a href=\"https:\/\/www.vitalibera.org\/community\/enzyklopaedie\/eisen\/\" target=\"_self\" title=\"Eisen&nbsp;ist das im K&ouml;rper am meisten vorkommende Spurenelement. Es ist ein wesentlicher Bestandteil des roten Blutfarbstoffs (H&auml;moglobin) und f&uuml;r den Sauerstofftransport wichtig. Weitere Aufgaben erf&uuml;llt Eisen in der Muskulatur, wo es in Form des Eiwei&szlig;stoffes Myoglobin der Sauerstoffspeicherung dient. Dar&uuml;ber hinaus ist Eisen generell f&uuml;r alle rasch wachsenden Gewebe des K&ouml;rpers erforderlich. Im Labor ist&hellip;\" class=\"encyclopedia\">eisen<\/a> und&nbsp;<strong>aus pflegefachlichen Gr&uuml;nden trotzdem Pflegegrad 5<\/strong>&nbsp;vergeben.<\/p>\n\n\n\n<p>Vorgesehen ist dieser Sonderfall f&uuml;r Menschen, die beide Arme und beide Beine nicht mehr benutzen k&ouml;nnen. Das hei&szlig;t, dass die&nbsp;<strong>Greif-, Steh- und Gehfunktion<\/strong>&nbsp;auch mit Hilfsmitteln nicht mehr m&ouml;glich ist. Eine minimale Beweglichkeit darf jedoch vorhanden sein.<\/p>\n\n\n\n<h3 class=\"wp-block-heading\">Pflegegrade im Kindesalter<\/h3>\n\n\n\n<p>Auch&nbsp;Kinder mit besonderem Pflegebedarf&nbsp;k&ouml;nnen einen Pflegegrad erhalten. Die Eltern m&uuml;ssen diesen beantragen. Die Begutachtung orientiert sich an dem allgemeinen Verfahren f&uuml;r Erwachsene, ist aber an die&nbsp;<strong>Besonderheiten bei Kindern<\/strong>&nbsp;angepasst.<\/p>\n\n\n\n<p><strong>Sonderregelungen gelten in diesen Altersgruppen:<\/strong><\/p>\n\n\n\n<ul class=\"wp-block-list\">\n<li><strong>Kinder unter 18 Monaten:<\/strong>&nbsp;Hier wird eine nat&uuml;rliche Pflegebed&uuml;rftigkeit vorausgesetzt, da auch gesunde Kinder in diesem Alter eine Rund-um-Versorgung durch die Eltern ben&ouml;tigen. Deshalb werden Sie bei der Pflegebegutachtung immer einen Pflegegrad h&ouml;her eingestuft.<\/li>\n\n\n\n<li><strong>Kinder unter 11 Jahren:<\/strong>&nbsp;Bei Kindern m&uuml;ssen sich viele F&auml;higkeiten erst mit den Jahren entwickeln und auch die Selbst&auml;ndigkeit ist naturgem&auml;&szlig; eingeschr&auml;nkt. Deshalb orientiert sich die Begutachtung nicht an Erwachsenen, sondern an altersentsprechend entwickelten Kindern.<\/li>\n<\/ul>\n\n\n\n<h3 class=\"wp-block-heading\">Pflegegrad bei Demenz<\/h3>\n\n\n\n<p>Erkrankt eine Person an&nbsp;<a href=\"https:\/\/www.vitalibera.org\/community\/enzyklopaedie\/demenz\/\" target=\"_self\" title=\"Als Demenz bezeichnet man ein&nbsp;neurologisches Krankheitsbild, das durch den progredienten Verlust kognitiver F&auml;higkeiten gekennzeichnet ist. In sp&auml;teren Krankheitsstadien kommt es in der Folge zu einem Verlust der Alltagskompetenz und zu einem Pers&ouml;nlichkeitszerfall.\" class=\"encyclopedia\">Demenz<\/a>, so braucht sie ziemlich bald Unterst&uuml;tzung im Alltag. Allerdings eher bei kognitiven, emotionalen und sozialen Themen. Denn k&ouml;rperliche Einschr&auml;nkungen bringt eine <a href=\"https:\/\/www.vitalibera.org\/community\/enzyklopaedie\/demenz\/\" target=\"_self\" title=\"Als Demenz bezeichnet man ein&nbsp;neurologisches Krankheitsbild, das durch den progredienten Verlust kognitiver F&auml;higkeiten gekennzeichnet ist. In sp&auml;teren Krankheitsstadien kommt es in der Folge zu einem Verlust der Alltagskompetenz und zu einem Pers&ouml;nlichkeitszerfall.\" class=\"encyclopedia\">Demenz<\/a>erkrankung erst im sp&auml;ten Stadium mit sich.<\/p>\n\n\n\n<p>Aus diesem Grund war es f&uuml;r Menschen mit einer <a href=\"https:\/\/www.vitalibera.org\/community\/enzyklopaedie\/demenz\/\" target=\"_self\" title=\"Als Demenz bezeichnet man ein&nbsp;neurologisches Krankheitsbild, das durch den progredienten Verlust kognitiver F&auml;higkeiten gekennzeichnet ist. In sp&auml;teren Krankheitsstadien kommt es in der Folge zu einem Verlust der Alltagskompetenz und zu einem Pers&ouml;nlichkeitszerfall.\" class=\"encyclopedia\">Demenz<\/a>erkrankung bis 2016 im alten System der Pflegestufen oft schwierig, eine angemessene Einstufung zu erhalten. Dies wurde mit der umfassenden Reform der Begutachtung und der&nbsp;<strong>Einf&uuml;hrung der Pflegegrade 2017<\/strong>&nbsp;korrigiert.<\/p>\n\n\n\n<p>Fr&uuml;her galt der t&auml;gliche Pflegeaufwand in Minuten als entscheidendes Kriterium.&nbsp;<strong>Bei den Pflegegraden entscheidet nicht mehr der Pflegeaufwand, sondern der Grad der Selbst&auml;ndigkeit.<\/strong>&nbsp;So werden <a href=\"https:\/\/www.vitalibera.org\/community\/enzyklopaedie\/demenz\/\" target=\"_self\" title=\"Als Demenz bezeichnet man ein&nbsp;neurologisches Krankheitsbild, das durch den progredienten Verlust kognitiver F&auml;higkeiten gekennzeichnet ist. In sp&auml;teren Krankheitsstadien kommt es in der Folge zu einem Verlust der Alltagskompetenz und zu einem Pers&ouml;nlichkeitszerfall.\" class=\"encyclopedia\">Demenz<\/a> und psychische Erkrankungen nicht mehr gegen&uuml;ber k&ouml;rperlichen Einschr&auml;nkungen benachteiligt.<\/p>\n","protected":false},"excerpt":{"rendered":"<p>Wenn Sie Leistungen der Pflegeversicherung beanspruchen m\u00f6chten, ben\u00f6tigen Sie einen der f\u00fcnf Pflegegrade (1-5). Ein Pflegegrad ist ein \u201eGrad der Pflegebed\u00fcrftigkeit\u201c und dr\u00fcckt aus, wie stark pflegebed\u00fcrftig jemand ist Definition: Pflegegrade Die Pflegegrade von 1 bis 5 sind\u00a0\u201eGrade der Pflegebed\u00fcrftigkeit\u201c. Sie dr\u00fccken aus, wie stark eine Person in ihrer\u00a0Selbstst\u00e4ndigkeit\u00a0eingeschr\u00e4nkt ist. Pflegebed\u00fcrftige Menschen erhalten einen Pflegegrad &#8230; <a title=\"Pflegegrade in Deutschland\" class=\"read-more\" href=\"https:\/\/www.vitalibera.org\/community\/2025\/12\/25\/pflegegrade-in-deutschland\/\" aria-label=\"Mehr Informationen \u00fcber Pflegegrade in Deutschland\">Weiterlesen<\/a><\/p>\n","protected":false},"author":2,"featured_media":4754,"comment_status":"closed","ping_status":"open","sticky":false,"template":"","format":"standard","meta":{"cybocfi_hide_featured_image":"yes","_jetpack_memberships_contains_paid_content":false,"footnotes":""},"categories":[225],"tags":[],"class_list":["post-4751","post","type-post","status-publish","format-standard","has-post-thumbnail","hentry","category-hilfe-fuer-angehoerige"],"yoast_head":"<!-- This site is optimized with the Yoast SEO plugin v27.4 - https:\/\/yoast.com\/product\/yoast-seo-wordpress\/ -->\r\n<title>Pflegegrade in Deutschland - vitalibera.org<\/title>\r\n<meta name=\"robots\" content=\"index, follow, max-snippet:-1, max-image-preview:large, max-video-preview:-1\" \/>\r\n<link rel=\"canonical\" href=\"https:\/\/www.vitalibera.org\/community\/2025\/12\/25\/pflegegrade-in-deutschland\/\" \/>\r\n<meta property=\"og:locale\" content=\"de_DE\" \/>\r\n<meta property=\"og:type\" content=\"article\" \/>\r\n<meta property=\"og:title\" content=\"Pflegegrade in Deutschland - vitalibera.org\" \/>\r\n<meta property=\"og:description\" content=\"Wenn Sie Leistungen der Pflegeversicherung beanspruchen m\u00f6chten, ben\u00f6tigen Sie einen der f\u00fcnf Pflegegrade (1-5). Ein Pflegegrad ist ein \u201eGrad der Pflegebed\u00fcrftigkeit\u201c und dr\u00fcckt aus, wie stark pflegebed\u00fcrftig jemand ist Definition: Pflegegrade Die Pflegegrade von 1 bis 5 sind\u00a0\u201eGrade der Pflegebed\u00fcrftigkeit\u201c. Sie dr\u00fccken aus, wie stark eine Person in ihrer\u00a0Selbstst\u00e4ndigkeit\u00a0eingeschr\u00e4nkt ist. Pflegebed\u00fcrftige Menschen erhalten einen Pflegegrad ... Weiterlesen\" \/>\r\n<meta property=\"og:url\" content=\"https:\/\/www.vitalibera.org\/community\/2025\/12\/25\/pflegegrade-in-deutschland\/\" \/>\r\n<meta property=\"og:site_name\" content=\"vitalibera.org\" \/>\r\n<meta property=\"article:publisher\" content=\"https:\/\/www.facebook.com\/groups\/2997085857140235\" \/>\r\n<meta property=\"article:published_time\" content=\"2025-12-25T09:55:16+00:00\" \/>\r\n<meta property=\"article:modified_time\" content=\"2025-12-25T10:00:24+00:00\" \/>\r\n<meta property=\"og:image\" content=\"https:\/\/www.vitalibera.org\/community\/wp-content\/uploads\/2025\/12\/Screenshot-2025-12-25-105419.png\" \/>\r\n\t<meta property=\"og:image:width\" content=\"680\" \/>\r\n\t<meta property=\"og:image:height\" content=\"355\" \/>\r\n\t<meta property=\"og:image:type\" content=\"image\/png\" \/>\r\n<meta name=\"author\" content=\"Andreas Jecklin\" \/>\r\n<meta name=\"twitter:card\" content=\"summary_large_image\" \/>\r\n<meta name=\"twitter:label1\" content=\"Verfasst von\" \/>\n\t<meta name=\"twitter:data1\" content=\"Andreas Jecklin\" \/>\n\t<meta name=\"twitter:label2\" content=\"Gesch\u00e4tzte Lesezeit\" \/>\n\t<meta name=\"twitter:data2\" content=\"6\u00a0Minuten\" \/>\r\n<script type=\"application\/ld+json\" class=\"yoast-schema-graph\">{\"@context\":\"https:\\\/\\\/schema.org\",\"@graph\":[{\"@type\":\"Article\",\"@id\":\"https:\\\/\\\/www.vitalibera.org\\\/community\\\/2025\\\/12\\\/25\\\/pflegegrade-in-deutschland\\\/#article\",\"isPartOf\":{\"@id\":\"https:\\\/\\\/www.vitalibera.org\\\/community\\\/2025\\\/12\\\/25\\\/pflegegrade-in-deutschland\\\/\"},\"author\":{\"name\":\"Andreas Jecklin\",\"@id\":\"https:\\\/\\\/www.vitalibera.org\\\/community\\\/#\\\/schema\\\/person\\\/6712387298421f222ff6d0a2e22c1534\"},\"headline\":\"Pflegegrade in Deutschland\",\"datePublished\":\"2025-12-25T09:55:16+00:00\",\"dateModified\":\"2025-12-25T10:00:24+00:00\",\"mainEntityOfPage\":{\"@id\":\"https:\\\/\\\/www.vitalibera.org\\\/community\\\/2025\\\/12\\\/25\\\/pflegegrade-in-deutschland\\\/\"},\"wordCount\":1073,\"publisher\":{\"@id\":\"https:\\\/\\\/www.vitalibera.org\\\/community\\\/#organization\"},\"image\":{\"@id\":\"https:\\\/\\\/www.vitalibera.org\\\/community\\\/2025\\\/12\\\/25\\\/pflegegrade-in-deutschland\\\/#primaryimage\"},\"thumbnailUrl\":\"https:\\\/\\\/www.vitalibera.org\\\/community\\\/wp-content\\\/uploads\\\/2025\\\/12\\\/Screenshot-2025-12-25-105419.png\",\"articleSection\":[\"Hilfe f\u00fcr Angeh\u00f6rige\"],\"inLanguage\":\"de\"},{\"@type\":\"WebPage\",\"@id\":\"https:\\\/\\\/www.vitalibera.org\\\/community\\\/2025\\\/12\\\/25\\\/pflegegrade-in-deutschland\\\/\",\"url\":\"https:\\\/\\\/www.vitalibera.org\\\/community\\\/2025\\\/12\\\/25\\\/pflegegrade-in-deutschland\\\/\",\"name\":\"Pflegegrade in Deutschland - vitalibera.org\",\"isPartOf\":{\"@id\":\"https:\\\/\\\/www.vitalibera.org\\\/community\\\/#website\"},\"primaryImageOfPage\":{\"@id\":\"https:\\\/\\\/www.vitalibera.org\\\/community\\\/2025\\\/12\\\/25\\\/pflegegrade-in-deutschland\\\/#primaryimage\"},\"image\":{\"@id\":\"https:\\\/\\\/www.vitalibera.org\\\/community\\\/2025\\\/12\\\/25\\\/pflegegrade-in-deutschland\\\/#primaryimage\"},\"thumbnailUrl\":\"https:\\\/\\\/www.vitalibera.org\\\/community\\\/wp-content\\\/uploads\\\/2025\\\/12\\\/Screenshot-2025-12-25-105419.png\",\"datePublished\":\"2025-12-25T09:55:16+00:00\",\"dateModified\":\"2025-12-25T10:00:24+00:00\",\"breadcrumb\":{\"@id\":\"https:\\\/\\\/www.vitalibera.org\\\/community\\\/2025\\\/12\\\/25\\\/pflegegrade-in-deutschland\\\/#breadcrumb\"},\"inLanguage\":\"de\",\"potentialAction\":[{\"@type\":\"ReadAction\",\"target\":[\"https:\\\/\\\/www.vitalibera.org\\\/community\\\/2025\\\/12\\\/25\\\/pflegegrade-in-deutschland\\\/\"]}]},{\"@type\":\"BreadcrumbList\",\"@id\":\"https:\\\/\\\/www.vitalibera.org\\\/community\\\/2025\\\/12\\\/25\\\/pflegegrade-in-deutschland\\\/#breadcrumb\",\"itemListElement\":[{\"@type\":\"ListItem\",\"position\":1,\"name\":\"Startseite\",\"item\":\"https:\\\/\\\/www.vitalibera.org\\\/community\\\/\"},{\"@type\":\"ListItem\",\"position\":2,\"name\":\"Pflegegrade in Deutschland\"}]},{\"@type\":\"WebSite\",\"@id\":\"https:\\\/\\\/www.vitalibera.org\\\/community\\\/#website\",\"url\":\"https:\\\/\\\/www.vitalibera.org\\\/community\\\/\",\"name\":\"vitalibera.org\",\"description\":\"Mit einer Einschr&auml;nkung gestaltet sich das Leben im Alltag oft schwieriger - hier berichten wir &uuml;ber unsere Erfahrungen und Hilfsmittel um den Alltag so unbeschwert und unkompliziert wie nur m&ouml;glich geniessen zu k&ouml;nnen. Dabei richten wir unseren Fokus gezielt auf Selbst&auml;ndigkeit, Eigenst&auml;ndigkeit und Selbstbestimmung.\",\"publisher\":{\"@id\":\"https:\\\/\\\/www.vitalibera.org\\\/community\\\/#organization\"},\"potentialAction\":[{\"@type\":\"SearchAction\",\"target\":{\"@type\":\"EntryPoint\",\"urlTemplate\":\"https:\\\/\\\/www.vitalibera.org\\\/community\\\/?s={search_term_string}\"},\"query-input\":{\"@type\":\"PropertyValueSpecification\",\"valueRequired\":true,\"valueName\":\"search_term_string\"}}],\"inLanguage\":\"de\"},{\"@type\":\"Organization\",\"@id\":\"https:\\\/\\\/www.vitalibera.org\\\/community\\\/#organization\",\"name\":\"vitalibera.org\",\"url\":\"https:\\\/\\\/www.vitalibera.org\\\/community\\\/\",\"logo\":{\"@type\":\"ImageObject\",\"inLanguage\":\"de\",\"@id\":\"https:\\\/\\\/www.vitalibera.org\\\/community\\\/#\\\/schema\\\/logo\\\/image\\\/\",\"url\":\"https:\\\/\\\/www.vitalibera.org\\\/community\\\/wp-content\\\/uploads\\\/2025\\\/09\\\/cropped-banner.png\",\"contentUrl\":\"https:\\\/\\\/www.vitalibera.org\\\/community\\\/wp-content\\\/uploads\\\/2025\\\/09\\\/cropped-banner.png\",\"width\":991,\"height\":150,\"caption\":\"vitalibera.org\"},\"image\":{\"@id\":\"https:\\\/\\\/www.vitalibera.org\\\/community\\\/#\\\/schema\\\/logo\\\/image\\\/\"},\"sameAs\":[\"https:\\\/\\\/www.facebook.com\\\/groups\\\/2997085857140235\"]},{\"@type\":\"Person\",\"@id\":\"https:\\\/\\\/www.vitalibera.org\\\/community\\\/#\\\/schema\\\/person\\\/6712387298421f222ff6d0a2e22c1534\",\"name\":\"Andreas Jecklin\",\"image\":{\"@type\":\"ImageObject\",\"inLanguage\":\"de\",\"@id\":\"https:\\\/\\\/secure.gravatar.com\\\/avatar\\\/ad516503a11cd5ca435acc9bb6523536?s=96\",\"url\":\"https:\\\/\\\/secure.gravatar.com\\\/avatar\\\/ad516503a11cd5ca435acc9bb6523536?s=96\",\"contentUrl\":\"https:\\\/\\\/secure.gravatar.com\\\/avatar\\\/ad516503a11cd5ca435acc9bb6523536?s=96\",\"caption\":\"Andreas Jecklin\"},\"description\":\"Manchen gab Gott die Kraft Dinge zu ver\u00e4ndern, mir gab er die Kraft zu ertragen was nicht mehr zu \u00e4ndern ist.\",\"url\":\"https:\\\/\\\/www.vitalibera.org\\\/community\\\/author\\\/andy77\\\/\"}]}<\/script>\r\n<!-- \/ Yoast SEO plugin. -->","yoast_head_json":{"title":"Pflegegrade in Deutschland - vitalibera.org","robots":{"index":"index","follow":"follow","max-snippet":"max-snippet:-1","max-image-preview":"max-image-preview:large","max-video-preview":"max-video-preview:-1"},"canonical":"https:\/\/www.vitalibera.org\/community\/2025\/12\/25\/pflegegrade-in-deutschland\/","og_locale":"de_DE","og_type":"article","og_title":"Pflegegrade in Deutschland - vitalibera.org","og_description":"Wenn Sie Leistungen der Pflegeversicherung beanspruchen m\u00f6chten, ben\u00f6tigen Sie einen der f\u00fcnf Pflegegrade (1-5). Ein Pflegegrad ist ein \u201eGrad der Pflegebed\u00fcrftigkeit\u201c und dr\u00fcckt aus, wie stark pflegebed\u00fcrftig jemand ist Definition: Pflegegrade Die Pflegegrade von 1 bis 5 sind\u00a0\u201eGrade der Pflegebed\u00fcrftigkeit\u201c. Sie dr\u00fccken aus, wie stark eine Person in ihrer\u00a0Selbstst\u00e4ndigkeit\u00a0eingeschr\u00e4nkt ist. Pflegebed\u00fcrftige Menschen erhalten einen Pflegegrad ... Weiterlesen","og_url":"https:\/\/www.vitalibera.org\/community\/2025\/12\/25\/pflegegrade-in-deutschland\/","og_site_name":"vitalibera.org","article_publisher":"https:\/\/www.facebook.com\/groups\/2997085857140235","article_published_time":"2025-12-25T09:55:16+00:00","article_modified_time":"2025-12-25T10:00:24+00:00","og_image":[{"width":680,"height":355,"url":"https:\/\/www.vitalibera.org\/community\/wp-content\/uploads\/2025\/12\/Screenshot-2025-12-25-105419.png","type":"image\/png"}],"author":"Andreas Jecklin","twitter_card":"summary_large_image","twitter_misc":{"Verfasst von":"Andreas Jecklin","Gesch\u00e4tzte Lesezeit":"6\u00a0Minuten"},"schema":{"@context":"https:\/\/schema.org","@graph":[{"@type":"Article","@id":"https:\/\/www.vitalibera.org\/community\/2025\/12\/25\/pflegegrade-in-deutschland\/#article","isPartOf":{"@id":"https:\/\/www.vitalibera.org\/community\/2025\/12\/25\/pflegegrade-in-deutschland\/"},"author":{"name":"Andreas Jecklin","@id":"https:\/\/www.vitalibera.org\/community\/#\/schema\/person\/6712387298421f222ff6d0a2e22c1534"},"headline":"Pflegegrade in Deutschland","datePublished":"2025-12-25T09:55:16+00:00","dateModified":"2025-12-25T10:00:24+00:00","mainEntityOfPage":{"@id":"https:\/\/www.vitalibera.org\/community\/2025\/12\/25\/pflegegrade-in-deutschland\/"},"wordCount":1073,"publisher":{"@id":"https:\/\/www.vitalibera.org\/community\/#organization"},"image":{"@id":"https:\/\/www.vitalibera.org\/community\/2025\/12\/25\/pflegegrade-in-deutschland\/#primaryimage"},"thumbnailUrl":"https:\/\/www.vitalibera.org\/community\/wp-content\/uploads\/2025\/12\/Screenshot-2025-12-25-105419.png","articleSection":["Hilfe f\u00fcr Angeh\u00f6rige"],"inLanguage":"de"},{"@type":"WebPage","@id":"https:\/\/www.vitalibera.org\/community\/2025\/12\/25\/pflegegrade-in-deutschland\/","url":"https:\/\/www.vitalibera.org\/community\/2025\/12\/25\/pflegegrade-in-deutschland\/","name":"Pflegegrade in Deutschland - vitalibera.org","isPartOf":{"@id":"https:\/\/www.vitalibera.org\/community\/#website"},"primaryImageOfPage":{"@id":"https:\/\/www.vitalibera.org\/community\/2025\/12\/25\/pflegegrade-in-deutschland\/#primaryimage"},"image":{"@id":"https:\/\/www.vitalibera.org\/community\/2025\/12\/25\/pflegegrade-in-deutschland\/#primaryimage"},"thumbnailUrl":"https:\/\/www.vitalibera.org\/community\/wp-content\/uploads\/2025\/12\/Screenshot-2025-12-25-105419.png","datePublished":"2025-12-25T09:55:16+00:00","dateModified":"2025-12-25T10:00:24+00:00","breadcrumb":{"@id":"https:\/\/www.vitalibera.org\/community\/2025\/12\/25\/pflegegrade-in-deutschland\/#breadcrumb"},"inLanguage":"de","potentialAction":[{"@type":"ReadAction","target":["https:\/\/www.vitalibera.org\/community\/2025\/12\/25\/pflegegrade-in-deutschland\/"]}]},{"@type":"BreadcrumbList","@id":"https:\/\/www.vitalibera.org\/community\/2025\/12\/25\/pflegegrade-in-deutschland\/#breadcrumb","itemListElement":[{"@type":"ListItem","position":1,"name":"Startseite","item":"https:\/\/www.vitalibera.org\/community\/"},{"@type":"ListItem","position":2,"name":"Pflegegrade in Deutschland"}]},{"@type":"WebSite","@id":"https:\/\/www.vitalibera.org\/community\/#website","url":"https:\/\/www.vitalibera.org\/community\/","name":"vitalibera.org","description":"Mit einer Einschr&auml;nkung gestaltet sich das Leben im Alltag oft schwieriger - hier berichten wir &uuml;ber unsere Erfahrungen und Hilfsmittel um den Alltag so unbeschwert und unkompliziert wie nur m&ouml;glich geniessen zu k&ouml;nnen. Dabei richten wir unseren Fokus gezielt auf Selbst&auml;ndigkeit, Eigenst&auml;ndigkeit und Selbstbestimmung.","publisher":{"@id":"https:\/\/www.vitalibera.org\/community\/#organization"},"potentialAction":[{"@type":"SearchAction","target":{"@type":"EntryPoint","urlTemplate":"https:\/\/www.vitalibera.org\/community\/?s={search_term_string}"},"query-input":{"@type":"PropertyValueSpecification","valueRequired":true,"valueName":"search_term_string"}}],"inLanguage":"de"},{"@type":"Organization","@id":"https:\/\/www.vitalibera.org\/community\/#organization","name":"vitalibera.org","url":"https:\/\/www.vitalibera.org\/community\/","logo":{"@type":"ImageObject","inLanguage":"de","@id":"https:\/\/www.vitalibera.org\/community\/#\/schema\/logo\/image\/","url":"https:\/\/www.vitalibera.org\/community\/wp-content\/uploads\/2025\/09\/cropped-banner.png","contentUrl":"https:\/\/www.vitalibera.org\/community\/wp-content\/uploads\/2025\/09\/cropped-banner.png","width":991,"height":150,"caption":"vitalibera.org"},"image":{"@id":"https:\/\/www.vitalibera.org\/community\/#\/schema\/logo\/image\/"},"sameAs":["https:\/\/www.facebook.com\/groups\/2997085857140235"]},{"@type":"Person","@id":"https:\/\/www.vitalibera.org\/community\/#\/schema\/person\/6712387298421f222ff6d0a2e22c1534","name":"Andreas Jecklin","image":{"@type":"ImageObject","inLanguage":"de","@id":"https:\/\/secure.gravatar.com\/avatar\/ad516503a11cd5ca435acc9bb6523536?s=96","url":"https:\/\/secure.gravatar.com\/avatar\/ad516503a11cd5ca435acc9bb6523536?s=96","contentUrl":"https:\/\/secure.gravatar.com\/avatar\/ad516503a11cd5ca435acc9bb6523536?s=96","caption":"Andreas Jecklin"},"description":"Manchen gab Gott die Kraft Dinge zu ver\u00e4ndern, mir gab er die Kraft zu ertragen was nicht mehr zu \u00e4ndern ist.","url":"https:\/\/www.vitalibera.org\/community\/author\/andy77\/"}]}},"jetpack_featured_media_url":"https:\/\/www.vitalibera.org\/community\/wp-content\/uploads\/2025\/12\/Screenshot-2025-12-25-105419.png","jetpack_sharing_enabled":true,"jetpack-related-posts":[],"_links":{"self":[{"href":"https:\/\/www.vitalibera.org\/community\/wp-json\/wp\/v2\/posts\/4751","targetHints":{"allow":["GET"]}}],"collection":[{"href":"https:\/\/www.vitalibera.org\/community\/wp-json\/wp\/v2\/posts"}],"about":[{"href":"https:\/\/www.vitalibera.org\/community\/wp-json\/wp\/v2\/types\/post"}],"author":[{"embeddable":true,"href":"https:\/\/www.vitalibera.org\/community\/wp-json\/wp\/v2\/users\/2"}],"replies":[{"embeddable":true,"href":"https:\/\/www.vitalibera.org\/community\/wp-json\/wp\/v2\/comments?post=4751"}],"version-history":[{"count":2,"href":"https:\/\/www.vitalibera.org\/community\/wp-json\/wp\/v2\/posts\/4751\/revisions"}],"predecessor-version":[{"id":4756,"href":"https:\/\/www.vitalibera.org\/community\/wp-json\/wp\/v2\/posts\/4751\/revisions\/4756"}],"wp:featuredmedia":[{"embeddable":true,"href":"https:\/\/www.vitalibera.org\/community\/wp-json\/wp\/v2\/media\/4754"}],"wp:attachment":[{"href":"https:\/\/www.vitalibera.org\/community\/wp-json\/wp\/v2\/media?parent=4751"}],"wp:term":[{"taxonomy":"category","embeddable":true,"href":"https:\/\/www.vitalibera.org\/community\/wp-json\/wp\/v2\/categories?post=4751"},{"taxonomy":"post_tag","embeddable":true,"href":"https:\/\/www.vitalibera.org\/community\/wp-json\/wp\/v2\/tags?post=4751"}],"curies":[{"name":"wp","href":"https:\/\/api.w.org\/{rel}","templated":true}]}}