{"id":4762,"date":"2025-12-25T19:22:25","date_gmt":"2025-12-25T18:22:25","guid":{"rendered":"https:\/\/www.vitalibera.org\/community\/?p=4762"},"modified":"2025-12-25T19:23:26","modified_gmt":"2025-12-25T18:23:26","slug":"andersfaehig-und-selbstbestimmt","status":"publish","type":"post","link":"https:\/\/www.vitalibera.org\/community\/2025\/12\/25\/andersfaehig-und-selbstbestimmt\/","title":{"rendered":"Andersf\u00e4hig und Selbstbestimmt"},"content":{"rendered":"\n<p>&hellip;Selbstbestimmtes Leben bedeutet, dass&nbsp;<strong>Menschen mit Behinderungen das Recht haben, so selbstst&auml;ndig zu leben, wie sie es w&uuml;nschen<\/strong>&nbsp;. Wenn eine Person mit einer Einschr&auml;nkung Hilfe ben&ouml;tigt, kann sie dies anfordern. Art und Umfang der Hilfe und die Person, die sie um Hilfe bittet, entscheiden sie selbst. Diese Denkweise wird als &bdquo;Selbstbestimmung&ldquo; bezeichnet.<\/p>\n\n\n\n<p>vitalibera stellt ein Forum zu Verf&uuml;gung um nach geeigneter Hilfe und Unterst&uuml;tzung f&uuml;r <a href=\"https:\/\/www.vitalibera.org\/community\/2026\/04\/19\/wenn-reize-laut-werden-und-menschen-leise\/\">Betroffene<\/a> zu suchen aber auch f&uuml;r Pflegende, Therapeuten, Assistenzen und Haushaltshilfen, um ihre professionellen Dienstleistungen anbieten zu k&ouml;nnen.<\/p>\n\n\n\n<p><a href=\"https:\/\/www.vitalibera.org\/community\/forum\/forum\/job-boerse\/\">Zum Forum f&uuml;r Hilfe-Suchende<\/a><\/p>\n\n\n\n<p><a href=\"https:\/\/www.vitalibera.org\/community\/forum\/forum\/ich-wir-bieten\/\">Zum Forum f&uuml;r Hilfsangebote<\/a><\/p>\n","protected":false},"excerpt":{"rendered":"<p>&#8230;Selbstbestimmtes Leben bedeutet, dass&nbsp;Menschen mit Behinderungen das Recht haben, so selbstst\u00e4ndig zu leben, wie sie es w\u00fcnschen&nbsp;. Wenn eine Person mit einer Einschr\u00e4nkung Hilfe ben\u00f6tigt, kann sie dies anfordern. Art und Umfang der Hilfe und die Person, die sie um Hilfe bittet, entscheiden sie selbst. Diese Denkweise wird als \u201eSelbstbestimmung\u201c bezeichnet. vitalibera stellt ein Forum &#8230; <a title=\"Andersf\u00e4hig und Selbstbestimmt\" class=\"read-more\" href=\"https:\/\/www.vitalibera.org\/community\/2025\/12\/25\/andersfaehig-und-selbstbestimmt\/\" aria-label=\"Mehr Informationen \u00fcber Andersf\u00e4hig und Selbstbestimmt\">Weiterlesen<\/a><\/p>\n","protected":false},"author":2,"featured_media":4763,"comment_status":"open","ping_status":"open","sticky":false,"template":"","format":"standard","meta":{"cybocfi_hide_featured_image":"yes","_jetpack_memberships_contains_paid_content":false,"footnotes":""},"categories":[63,225],"tags":[],"class_list":["post-4762","post","type-post","status-publish","format-standard","has-post-thumbnail","hentry","category-haushalt","category-hilfe-fuer-angehoerige"],"yoast_head":"<!-- This site is optimized with the Yoast SEO plugin v27.4 - https:\/\/yoast.com\/product\/yoast-seo-wordpress\/ -->\r\n<title>Andersf\u00e4hig und Selbstbestimmt - vitalibera.org<\/title>\r\n<meta name=\"robots\" content=\"index, follow, max-snippet:-1, max-image-preview:large, max-video-preview:-1\" \/>\r\n<link rel=\"canonical\" href=\"http:\/\/www.vitalibera.org\/community\/2025\/12\/25\/andersfaehig-und-selbstbestimmt\/\" \/>\r\n<meta property=\"og:locale\" content=\"de_DE\" \/>\r\n<meta property=\"og:type\" content=\"article\" \/>\r\n<meta property=\"og:title\" content=\"Andersf\u00e4hig und Selbstbestimmt - vitalibera.org\" \/>\r\n<meta property=\"og:description\" content=\"&#8230;Selbstbestimmtes Leben bedeutet, dass&nbsp;Menschen mit Behinderungen das Recht haben, so selbstst\u00e4ndig zu leben, wie sie es w\u00fcnschen&nbsp;. Wenn eine Person mit einer Einschr\u00e4nkung Hilfe ben\u00f6tigt, kann sie dies anfordern. Art und Umfang der Hilfe und die Person, die sie um Hilfe bittet, entscheiden sie selbst. Diese Denkweise wird als \u201eSelbstbestimmung\u201c bezeichnet. vitalibera stellt ein Forum ... Weiterlesen\" \/>\r\n<meta property=\"og:url\" content=\"http:\/\/www.vitalibera.org\/community\/2025\/12\/25\/andersfaehig-und-selbstbestimmt\/\" \/>\r\n<meta property=\"og:site_name\" content=\"vitalibera.org\" \/>\r\n<meta property=\"article:publisher\" content=\"https:\/\/www.facebook.com\/groups\/2997085857140235\" \/>\r\n<meta property=\"article:published_time\" content=\"2025-12-25T18:22:25+00:00\" \/>\r\n<meta property=\"article:modified_time\" content=\"2025-12-25T18:23:26+00:00\" \/>\r\n<meta property=\"og:image\" content=\"http:\/\/www.vitalibera.org\/community\/wp-content\/uploads\/2025\/12\/optimismus-pb-4933330_1920-1.jpg\" \/>\r\n\t<meta property=\"og:image:width\" content=\"1920\" \/>\r\n\t<meta property=\"og:image:height\" content=\"857\" \/>\r\n\t<meta property=\"og:image:type\" content=\"image\/jpeg\" \/>\r\n<meta name=\"author\" content=\"Andreas Jecklin\" \/>\r\n<meta name=\"twitter:card\" content=\"summary_large_image\" \/>\r\n<meta name=\"twitter:label1\" content=\"Verfasst von\" \/>\n\t<meta name=\"twitter:data1\" content=\"Andreas Jecklin\" \/>\n\t<meta name=\"twitter:label2\" content=\"Gesch\u00e4tzte Lesezeit\" \/>\n\t<meta name=\"twitter:data2\" content=\"1\u00a0Minute\" \/>\r\n<script type=\"application\/ld+json\" class=\"yoast-schema-graph\">{\"@context\":\"https:\\\/\\\/schema.org\",\"@graph\":[{\"@type\":\"Article\",\"@id\":\"http:\\\/\\\/www.vitalibera.org\\\/community\\\/2025\\\/12\\\/25\\\/andersfaehig-und-selbstbestimmt\\\/#article\",\"isPartOf\":{\"@id\":\"http:\\\/\\\/www.vitalibera.org\\\/community\\\/2025\\\/12\\\/25\\\/andersfaehig-und-selbstbestimmt\\\/\"},\"author\":{\"name\":\"Andreas Jecklin\",\"@id\":\"https:\\\/\\\/www.vitalibera.org\\\/community\\\/#\\\/schema\\\/person\\\/6712387298421f222ff6d0a2e22c1534\"},\"headline\":\"Andersf\u00e4hig und Selbstbestimmt\",\"datePublished\":\"2025-12-25T18:22:25+00:00\",\"dateModified\":\"2025-12-25T18:23:26+00:00\",\"mainEntityOfPage\":{\"@id\":\"http:\\\/\\\/www.vitalibera.org\\\/community\\\/2025\\\/12\\\/25\\\/andersfaehig-und-selbstbestimmt\\\/\"},\"wordCount\":108,\"commentCount\":0,\"publisher\":{\"@id\":\"https:\\\/\\\/www.vitalibera.org\\\/community\\\/#organization\"},\"image\":{\"@id\":\"http:\\\/\\\/www.vitalibera.org\\\/community\\\/2025\\\/12\\\/25\\\/andersfaehig-und-selbstbestimmt\\\/#primaryimage\"},\"thumbnailUrl\":\"https:\\\/\\\/www.vitalibera.org\\\/community\\\/wp-content\\\/uploads\\\/2025\\\/12\\\/optimismus-pb-4933330_1920-1.jpg\",\"articleSection\":[\"Haushalt\",\"Hilfe f\u00fcr Angeh\u00f6rige\"],\"inLanguage\":\"de\",\"potentialAction\":[{\"@type\":\"CommentAction\",\"name\":\"Comment\",\"target\":[\"http:\\\/\\\/www.vitalibera.org\\\/community\\\/2025\\\/12\\\/25\\\/andersfaehig-und-selbstbestimmt\\\/#respond\"]}]},{\"@type\":\"WebPage\",\"@id\":\"http:\\\/\\\/www.vitalibera.org\\\/community\\\/2025\\\/12\\\/25\\\/andersfaehig-und-selbstbestimmt\\\/\",\"url\":\"http:\\\/\\\/www.vitalibera.org\\\/community\\\/2025\\\/12\\\/25\\\/andersfaehig-und-selbstbestimmt\\\/\",\"name\":\"Andersf\u00e4hig und Selbstbestimmt - vitalibera.org\",\"isPartOf\":{\"@id\":\"https:\\\/\\\/www.vitalibera.org\\\/community\\\/#website\"},\"primaryImageOfPage\":{\"@id\":\"http:\\\/\\\/www.vitalibera.org\\\/community\\\/2025\\\/12\\\/25\\\/andersfaehig-und-selbstbestimmt\\\/#primaryimage\"},\"image\":{\"@id\":\"http:\\\/\\\/www.vitalibera.org\\\/community\\\/2025\\\/12\\\/25\\\/andersfaehig-und-selbstbestimmt\\\/#primaryimage\"},\"thumbnailUrl\":\"https:\\\/\\\/www.vitalibera.org\\\/community\\\/wp-content\\\/uploads\\\/2025\\\/12\\\/optimismus-pb-4933330_1920-1.jpg\",\"datePublished\":\"2025-12-25T18:22:25+00:00\",\"dateModified\":\"2025-12-25T18:23:26+00:00\",\"breadcrumb\":{\"@id\":\"http:\\\/\\\/www.vitalibera.org\\\/community\\\/2025\\\/12\\\/25\\\/andersfaehig-und-selbstbestimmt\\\/#breadcrumb\"},\"inLanguage\":\"de\",\"potentialAction\":[{\"@type\":\"ReadAction\",\"target\":[\"http:\\\/\\\/www.vitalibera.org\\\/community\\\/2025\\\/12\\\/25\\\/andersfaehig-und-selbstbestimmt\\\/\"]}]},{\"@type\":\"BreadcrumbList\",\"@id\":\"http:\\\/\\\/www.vitalibera.org\\\/community\\\/2025\\\/12\\\/25\\\/andersfaehig-und-selbstbestimmt\\\/#breadcrumb\",\"itemListElement\":[{\"@type\":\"ListItem\",\"position\":1,\"name\":\"Startseite\",\"item\":\"https:\\\/\\\/www.vitalibera.org\\\/community\\\/\"},{\"@type\":\"ListItem\",\"position\":2,\"name\":\"Andersf\u00e4hig und Selbstbestimmt\"}]},{\"@type\":\"WebSite\",\"@id\":\"https:\\\/\\\/www.vitalibera.org\\\/community\\\/#website\",\"url\":\"https:\\\/\\\/www.vitalibera.org\\\/community\\\/\",\"name\":\"vitalibera.org\",\"description\":\"Mit einer Einschr&auml;nkung gestaltet sich das Leben im Alltag oft schwieriger - hier berichten wir &uuml;ber unsere Erfahrungen und Hilfsmittel um den Alltag so unbeschwert und unkompliziert wie nur m&ouml;glich geniessen zu k&ouml;nnen. Dabei richten wir unseren Fokus gezielt auf Selbst&auml;ndigkeit, Eigenst&auml;ndigkeit und Selbstbestimmung.\",\"publisher\":{\"@id\":\"https:\\\/\\\/www.vitalibera.org\\\/community\\\/#organization\"},\"potentialAction\":[{\"@type\":\"SearchAction\",\"target\":{\"@type\":\"EntryPoint\",\"urlTemplate\":\"https:\\\/\\\/www.vitalibera.org\\\/community\\\/?s={search_term_string}\"},\"query-input\":{\"@type\":\"PropertyValueSpecification\",\"valueRequired\":true,\"valueName\":\"search_term_string\"}}],\"inLanguage\":\"de\"},{\"@type\":\"Organization\",\"@id\":\"https:\\\/\\\/www.vitalibera.org\\\/community\\\/#organization\",\"name\":\"vitalibera.org\",\"url\":\"https:\\\/\\\/www.vitalibera.org\\\/community\\\/\",\"logo\":{\"@type\":\"ImageObject\",\"inLanguage\":\"de\",\"@id\":\"https:\\\/\\\/www.vitalibera.org\\\/community\\\/#\\\/schema\\\/logo\\\/image\\\/\",\"url\":\"https:\\\/\\\/www.vitalibera.org\\\/community\\\/wp-content\\\/uploads\\\/2025\\\/09\\\/cropped-banner.png\",\"contentUrl\":\"https:\\\/\\\/www.vitalibera.org\\\/community\\\/wp-content\\\/uploads\\\/2025\\\/09\\\/cropped-banner.png\",\"width\":991,\"height\":150,\"caption\":\"vitalibera.org\"},\"image\":{\"@id\":\"https:\\\/\\\/www.vitalibera.org\\\/community\\\/#\\\/schema\\\/logo\\\/image\\\/\"},\"sameAs\":[\"https:\\\/\\\/www.facebook.com\\\/groups\\\/2997085857140235\"]},{\"@type\":\"Person\",\"@id\":\"https:\\\/\\\/www.vitalibera.org\\\/community\\\/#\\\/schema\\\/person\\\/6712387298421f222ff6d0a2e22c1534\",\"name\":\"Andreas Jecklin\",\"image\":{\"@type\":\"ImageObject\",\"inLanguage\":\"de\",\"@id\":\"https:\\\/\\\/secure.gravatar.com\\\/avatar\\\/ad516503a11cd5ca435acc9bb6523536?s=96\",\"url\":\"https:\\\/\\\/secure.gravatar.com\\\/avatar\\\/ad516503a11cd5ca435acc9bb6523536?s=96\",\"contentUrl\":\"https:\\\/\\\/secure.gravatar.com\\\/avatar\\\/ad516503a11cd5ca435acc9bb6523536?s=96\",\"caption\":\"Andreas Jecklin\"},\"description\":\"Manchen gab Gott die Kraft Dinge zu ver\u00e4ndern, mir gab er die Kraft zu ertragen was nicht mehr zu \u00e4ndern ist.\",\"url\":\"https:\\\/\\\/www.vitalibera.org\\\/community\\\/author\\\/andy77\\\/\"}]}<\/script>\r\n<!-- \/ Yoast SEO plugin. -->","yoast_head_json":{"title":"Andersf\u00e4hig und Selbstbestimmt - vitalibera.org","robots":{"index":"index","follow":"follow","max-snippet":"max-snippet:-1","max-image-preview":"max-image-preview:large","max-video-preview":"max-video-preview:-1"},"canonical":"http:\/\/www.vitalibera.org\/community\/2025\/12\/25\/andersfaehig-und-selbstbestimmt\/","og_locale":"de_DE","og_type":"article","og_title":"Andersf\u00e4hig und Selbstbestimmt - vitalibera.org","og_description":"&#8230;Selbstbestimmtes Leben bedeutet, dass&nbsp;Menschen mit Behinderungen das Recht haben, so selbstst\u00e4ndig zu leben, wie sie es w\u00fcnschen&nbsp;. Wenn eine Person mit einer Einschr\u00e4nkung Hilfe ben\u00f6tigt, kann sie dies anfordern. Art und Umfang der Hilfe und die Person, die sie um Hilfe bittet, entscheiden sie selbst. Diese Denkweise wird als \u201eSelbstbestimmung\u201c bezeichnet. vitalibera stellt ein Forum ... Weiterlesen","og_url":"http:\/\/www.vitalibera.org\/community\/2025\/12\/25\/andersfaehig-und-selbstbestimmt\/","og_site_name":"vitalibera.org","article_publisher":"https:\/\/www.facebook.com\/groups\/2997085857140235","article_published_time":"2025-12-25T18:22:25+00:00","article_modified_time":"2025-12-25T18:23:26+00:00","og_image":[{"width":1920,"height":857,"url":"http:\/\/www.vitalibera.org\/community\/wp-content\/uploads\/2025\/12\/optimismus-pb-4933330_1920-1.jpg","type":"image\/jpeg"}],"author":"Andreas Jecklin","twitter_card":"summary_large_image","twitter_misc":{"Verfasst von":"Andreas Jecklin","Gesch\u00e4tzte Lesezeit":"1\u00a0Minute"},"schema":{"@context":"https:\/\/schema.org","@graph":[{"@type":"Article","@id":"http:\/\/www.vitalibera.org\/community\/2025\/12\/25\/andersfaehig-und-selbstbestimmt\/#article","isPartOf":{"@id":"http:\/\/www.vitalibera.org\/community\/2025\/12\/25\/andersfaehig-und-selbstbestimmt\/"},"author":{"name":"Andreas Jecklin","@id":"https:\/\/www.vitalibera.org\/community\/#\/schema\/person\/6712387298421f222ff6d0a2e22c1534"},"headline":"Andersf\u00e4hig und Selbstbestimmt","datePublished":"2025-12-25T18:22:25+00:00","dateModified":"2025-12-25T18:23:26+00:00","mainEntityOfPage":{"@id":"http:\/\/www.vitalibera.org\/community\/2025\/12\/25\/andersfaehig-und-selbstbestimmt\/"},"wordCount":108,"commentCount":0,"publisher":{"@id":"https:\/\/www.vitalibera.org\/community\/#organization"},"image":{"@id":"http:\/\/www.vitalibera.org\/community\/2025\/12\/25\/andersfaehig-und-selbstbestimmt\/#primaryimage"},"thumbnailUrl":"https:\/\/www.vitalibera.org\/community\/wp-content\/uploads\/2025\/12\/optimismus-pb-4933330_1920-1.jpg","articleSection":["Haushalt","Hilfe f\u00fcr Angeh\u00f6rige"],"inLanguage":"de","potentialAction":[{"@type":"CommentAction","name":"Comment","target":["http:\/\/www.vitalibera.org\/community\/2025\/12\/25\/andersfaehig-und-selbstbestimmt\/#respond"]}]},{"@type":"WebPage","@id":"http:\/\/www.vitalibera.org\/community\/2025\/12\/25\/andersfaehig-und-selbstbestimmt\/","url":"http:\/\/www.vitalibera.org\/community\/2025\/12\/25\/andersfaehig-und-selbstbestimmt\/","name":"Andersf\u00e4hig und Selbstbestimmt - vitalibera.org","isPartOf":{"@id":"https:\/\/www.vitalibera.org\/community\/#website"},"primaryImageOfPage":{"@id":"http:\/\/www.vitalibera.org\/community\/2025\/12\/25\/andersfaehig-und-selbstbestimmt\/#primaryimage"},"image":{"@id":"http:\/\/www.vitalibera.org\/community\/2025\/12\/25\/andersfaehig-und-selbstbestimmt\/#primaryimage"},"thumbnailUrl":"https:\/\/www.vitalibera.org\/community\/wp-content\/uploads\/2025\/12\/optimismus-pb-4933330_1920-1.jpg","datePublished":"2025-12-25T18:22:25+00:00","dateModified":"2025-12-25T18:23:26+00:00","breadcrumb":{"@id":"http:\/\/www.vitalibera.org\/community\/2025\/12\/25\/andersfaehig-und-selbstbestimmt\/#breadcrumb"},"inLanguage":"de","potentialAction":[{"@type":"ReadAction","target":["http:\/\/www.vitalibera.org\/community\/2025\/12\/25\/andersfaehig-und-selbstbestimmt\/"]}]},{"@type":"BreadcrumbList","@id":"http:\/\/www.vitalibera.org\/community\/2025\/12\/25\/andersfaehig-und-selbstbestimmt\/#breadcrumb","itemListElement":[{"@type":"ListItem","position":1,"name":"Startseite","item":"https:\/\/www.vitalibera.org\/community\/"},{"@type":"ListItem","position":2,"name":"Andersf\u00e4hig und Selbstbestimmt"}]},{"@type":"WebSite","@id":"https:\/\/www.vitalibera.org\/community\/#website","url":"https:\/\/www.vitalibera.org\/community\/","name":"vitalibera.org","description":"Mit einer Einschr&auml;nkung gestaltet sich das Leben im Alltag oft schwieriger - hier berichten wir &uuml;ber unsere Erfahrungen und Hilfsmittel um den Alltag so unbeschwert und unkompliziert wie nur m&ouml;glich geniessen zu k&ouml;nnen. Dabei richten wir unseren Fokus gezielt auf Selbst&auml;ndigkeit, Eigenst&auml;ndigkeit und Selbstbestimmung.","publisher":{"@id":"https:\/\/www.vitalibera.org\/community\/#organization"},"potentialAction":[{"@type":"SearchAction","target":{"@type":"EntryPoint","urlTemplate":"https:\/\/www.vitalibera.org\/community\/?s={search_term_string}"},"query-input":{"@type":"PropertyValueSpecification","valueRequired":true,"valueName":"search_term_string"}}],"inLanguage":"de"},{"@type":"Organization","@id":"https:\/\/www.vitalibera.org\/community\/#organization","name":"vitalibera.org","url":"https:\/\/www.vitalibera.org\/community\/","logo":{"@type":"ImageObject","inLanguage":"de","@id":"https:\/\/www.vitalibera.org\/community\/#\/schema\/logo\/image\/","url":"https:\/\/www.vitalibera.org\/community\/wp-content\/uploads\/2025\/09\/cropped-banner.png","contentUrl":"https:\/\/www.vitalibera.org\/community\/wp-content\/uploads\/2025\/09\/cropped-banner.png","width":991,"height":150,"caption":"vitalibera.org"},"image":{"@id":"https:\/\/www.vitalibera.org\/community\/#\/schema\/logo\/image\/"},"sameAs":["https:\/\/www.facebook.com\/groups\/2997085857140235"]},{"@type":"Person","@id":"https:\/\/www.vitalibera.org\/community\/#\/schema\/person\/6712387298421f222ff6d0a2e22c1534","name":"Andreas Jecklin","image":{"@type":"ImageObject","inLanguage":"de","@id":"https:\/\/secure.gravatar.com\/avatar\/ad516503a11cd5ca435acc9bb6523536?s=96","url":"https:\/\/secure.gravatar.com\/avatar\/ad516503a11cd5ca435acc9bb6523536?s=96","contentUrl":"https:\/\/secure.gravatar.com\/avatar\/ad516503a11cd5ca435acc9bb6523536?s=96","caption":"Andreas Jecklin"},"description":"Manchen gab Gott die Kraft Dinge zu ver\u00e4ndern, mir gab er die Kraft zu ertragen was nicht mehr zu \u00e4ndern ist.","url":"https:\/\/www.vitalibera.org\/community\/author\/andy77\/"}]}},"jetpack_featured_media_url":"https:\/\/www.vitalibera.org\/community\/wp-content\/uploads\/2025\/12\/optimismus-pb-4933330_1920-1.jpg","jetpack_sharing_enabled":true,"jetpack-related-posts":[],"_links":{"self":[{"href":"https:\/\/www.vitalibera.org\/community\/wp-json\/wp\/v2\/posts\/4762","targetHints":{"allow":["GET"]}}],"collection":[{"href":"https:\/\/www.vitalibera.org\/community\/wp-json\/wp\/v2\/posts"}],"about":[{"href":"https:\/\/www.vitalibera.org\/community\/wp-json\/wp\/v2\/types\/post"}],"author":[{"embeddable":true,"href":"https:\/\/www.vitalibera.org\/community\/wp-json\/wp\/v2\/users\/2"}],"replies":[{"embeddable":true,"href":"https:\/\/www.vitalibera.org\/community\/wp-json\/wp\/v2\/comments?post=4762"}],"version-history":[{"count":2,"href":"https:\/\/www.vitalibera.org\/community\/wp-json\/wp\/v2\/posts\/4762\/revisions"}],"predecessor-version":[{"id":4765,"href":"https:\/\/www.vitalibera.org\/community\/wp-json\/wp\/v2\/posts\/4762\/revisions\/4765"}],"wp:featuredmedia":[{"embeddable":true,"href":"https:\/\/www.vitalibera.org\/community\/wp-json\/wp\/v2\/media\/4763"}],"wp:attachment":[{"href":"https:\/\/www.vitalibera.org\/community\/wp-json\/wp\/v2\/media?parent=4762"}],"wp:term":[{"taxonomy":"category","embeddable":true,"href":"https:\/\/www.vitalibera.org\/community\/wp-json\/wp\/v2\/categories?post=4762"},{"taxonomy":"post_tag","embeddable":true,"href":"https:\/\/www.vitalibera.org\/community\/wp-json\/wp\/v2\/tags?post=4762"}],"curies":[{"name":"wp","href":"https:\/\/api.w.org\/{rel}","templated":true}]}}