{"id":4771,"date":"2025-12-25T21:33:30","date_gmt":"2025-12-25T20:33:30","guid":{"rendered":"https:\/\/www.vitalibera.org\/community\/?p=4771"},"modified":"2025-12-25T21:34:24","modified_gmt":"2025-12-25T20:34:24","slug":"wohnschule-der-weg-in-ein-selbstbestimmtes-leben","status":"publish","type":"post","link":"https:\/\/www.vitalibera.org\/community\/2025\/12\/25\/wohnschule-der-weg-in-ein-selbstbestimmtes-leben\/","title":{"rendered":"Wohnschule \u2013 Der Weg in ein selbstbestimmtes Leben"},"content":{"rendered":"\n<p>Eine Wohnschule ist eine Institution der Erwachsenenbildung f&uuml;r Menschen mit einer Lernbeeintr&auml;chtigung oder einer kognitiven Beeintr&auml;chtigung. Sie hat zum Ziel, durch intensives Lernen, &Uuml;ben und Begleiten, die Wohnsch&uuml;ler und Wohnsch&uuml;lerinnen in ein m&ouml;glichst selbstbestimmtes und selbstverantwortetes Leben zu f&uuml;hren.&nbsp;<\/p>\n\n\n\n<p>Das Team der Wohnschule setzt sich aus Fachpersonen aus dem sozialp&auml;dagogischen und erwachsenenbildnerischen Bereich zusammen.<\/p>\n\n\n\n<p>In der Wohnschule lernen erwachsene Menschen mit Behinderungen selbstst&auml;ndiger zu leben. Ob in einer Wohngemeinschaft, einer Einzelwohnung oder einer betreuten Institution &ndash; auf eigenen F&uuml;ssen. In der Stadt, in der Agglomeration oder auf dem Land. W&auml;hrend der Ausbildung finden Sie heraus, welche Wohnform zu Ihnen passt.&nbsp;<\/p>\n\n\n\n<p><a href=\"https:\/\/www.stiftungmosaik.ch\/wohnschule-basel\/unsere-angebote\" target=\"_blank\" rel=\"noreferrer noopener\">Wohnschule der Stiftung Mosaik (CH-Basel)<\/a><\/p>\n\n\n\n<p><a href=\"https:\/\/wohnschule.com\/\" target=\"_blank\" rel=\"noreferrer noopener\">wohnschule.com (DE)<\/a><\/p>\n","protected":false},"excerpt":{"rendered":"<p>Eine Wohnschule ist eine Institution der Erwachsenenbildung f\u00fcr Menschen mit einer Lernbeeintr\u00e4chtigung oder einer kognitiven Beeintr\u00e4chtigung. Sie hat zum Ziel, durch intensives Lernen, \u00dcben und Begleiten, die Wohnsch\u00fcler und Wohnsch\u00fclerinnen in ein m\u00f6glichst selbstbestimmtes und selbstverantwortetes Leben zu f\u00fchren.\u00a0 Das Team der Wohnschule setzt sich aus Fachpersonen aus dem sozialp\u00e4dagogischen und erwachsenenbildnerischen Bereich zusammen. In &#8230; <a title=\"Wohnschule \u2013 Der Weg in ein selbstbestimmtes Leben\" class=\"read-more\" href=\"https:\/\/www.vitalibera.org\/community\/2025\/12\/25\/wohnschule-der-weg-in-ein-selbstbestimmtes-leben\/\" aria-label=\"Mehr Informationen \u00fcber Wohnschule \u2013 Der Weg in ein selbstbestimmtes Leben\">Weiterlesen<\/a><\/p>\n","protected":false},"author":2,"featured_media":4772,"comment_status":"open","ping_status":"open","sticky":false,"template":"","format":"standard","meta":{"cybocfi_hide_featured_image":"yes","_jetpack_memberships_contains_paid_content":false,"footnotes":""},"categories":[42,225],"tags":[],"class_list":["post-4771","post","type-post","status-publish","format-standard","has-post-thumbnail","hentry","category-alltag","category-hilfe-fuer-angehoerige"],"yoast_head":"<!-- This site is optimized with the Yoast SEO plugin v27.4 - https:\/\/yoast.com\/product\/yoast-seo-wordpress\/ -->\r\n<title>Wohnschule \u2013 Der Weg in ein selbstbestimmtes Leben - vitalibera.org<\/title>\r\n<meta name=\"robots\" content=\"index, follow, max-snippet:-1, max-image-preview:large, max-video-preview:-1\" \/>\r\n<link rel=\"canonical\" href=\"http:\/\/www.vitalibera.org\/community\/2025\/12\/25\/wohnschule-der-weg-in-ein-selbstbestimmtes-leben\/\" \/>\r\n<meta property=\"og:locale\" content=\"de_DE\" \/>\r\n<meta property=\"og:type\" content=\"article\" \/>\r\n<meta property=\"og:title\" content=\"Wohnschule \u2013 Der Weg in ein selbstbestimmtes Leben - vitalibera.org\" \/>\r\n<meta property=\"og:description\" content=\"Eine Wohnschule ist eine Institution der Erwachsenenbildung f\u00fcr Menschen mit einer Lernbeeintr\u00e4chtigung oder einer kognitiven Beeintr\u00e4chtigung. Sie hat zum Ziel, durch intensives Lernen, \u00dcben und Begleiten, die Wohnsch\u00fcler und Wohnsch\u00fclerinnen in ein m\u00f6glichst selbstbestimmtes und selbstverantwortetes Leben zu f\u00fchren.\u00a0 Das Team der Wohnschule setzt sich aus Fachpersonen aus dem sozialp\u00e4dagogischen und erwachsenenbildnerischen Bereich zusammen. In ... Weiterlesen\" \/>\r\n<meta property=\"og:url\" content=\"http:\/\/www.vitalibera.org\/community\/2025\/12\/25\/wohnschule-der-weg-in-ein-selbstbestimmtes-leben\/\" \/>\r\n<meta property=\"og:site_name\" content=\"vitalibera.org\" \/>\r\n<meta property=\"article:publisher\" content=\"https:\/\/www.facebook.com\/groups\/2997085857140235\" \/>\r\n<meta property=\"article:published_time\" content=\"2025-12-25T20:33:30+00:00\" \/>\r\n<meta property=\"article:modified_time\" content=\"2025-12-25T20:34:24+00:00\" \/>\r\n<meta property=\"og:image\" content=\"http:\/\/www.vitalibera.org\/community\/wp-content\/uploads\/2025\/12\/house-g10faa697b_1280-1024x584-1.png\" \/>\r\n\t<meta property=\"og:image:width\" content=\"1024\" \/>\r\n\t<meta property=\"og:image:height\" content=\"584\" \/>\r\n\t<meta property=\"og:image:type\" content=\"image\/png\" \/>\r\n<meta name=\"author\" content=\"Andreas Jecklin\" \/>\r\n<meta name=\"twitter:card\" content=\"summary_large_image\" \/>\r\n<meta name=\"twitter:label1\" content=\"Verfasst von\" \/>\n\t<meta name=\"twitter:data1\" content=\"Andreas Jecklin\" \/>\n\t<meta name=\"twitter:label2\" content=\"Gesch\u00e4tzte Lesezeit\" \/>\n\t<meta name=\"twitter:data2\" content=\"1\u00a0Minute\" \/>\r\n<script type=\"application\/ld+json\" class=\"yoast-schema-graph\">{\"@context\":\"https:\\\/\\\/schema.org\",\"@graph\":[{\"@type\":\"Article\",\"@id\":\"http:\\\/\\\/www.vitalibera.org\\\/community\\\/2025\\\/12\\\/25\\\/wohnschule-der-weg-in-ein-selbstbestimmtes-leben\\\/#article\",\"isPartOf\":{\"@id\":\"http:\\\/\\\/www.vitalibera.org\\\/community\\\/2025\\\/12\\\/25\\\/wohnschule-der-weg-in-ein-selbstbestimmtes-leben\\\/\"},\"author\":{\"name\":\"Andreas Jecklin\",\"@id\":\"https:\\\/\\\/www.vitalibera.org\\\/community\\\/#\\\/schema\\\/person\\\/6712387298421f222ff6d0a2e22c1534\"},\"headline\":\"Wohnschule \u2013 Der Weg in ein selbstbestimmtes Leben\",\"datePublished\":\"2025-12-25T20:33:30+00:00\",\"dateModified\":\"2025-12-25T20:34:24+00:00\",\"mainEntityOfPage\":{\"@id\":\"http:\\\/\\\/www.vitalibera.org\\\/community\\\/2025\\\/12\\\/25\\\/wohnschule-der-weg-in-ein-selbstbestimmtes-leben\\\/\"},\"wordCount\":125,\"commentCount\":0,\"publisher\":{\"@id\":\"https:\\\/\\\/www.vitalibera.org\\\/community\\\/#organization\"},\"image\":{\"@id\":\"http:\\\/\\\/www.vitalibera.org\\\/community\\\/2025\\\/12\\\/25\\\/wohnschule-der-weg-in-ein-selbstbestimmtes-leben\\\/#primaryimage\"},\"thumbnailUrl\":\"https:\\\/\\\/www.vitalibera.org\\\/community\\\/wp-content\\\/uploads\\\/2025\\\/12\\\/house-g10faa697b_1280-1024x584-1.png\",\"articleSection\":[\"Alltag\",\"Hilfe f\u00fcr Angeh\u00f6rige\"],\"inLanguage\":\"de\",\"potentialAction\":[{\"@type\":\"CommentAction\",\"name\":\"Comment\",\"target\":[\"http:\\\/\\\/www.vitalibera.org\\\/community\\\/2025\\\/12\\\/25\\\/wohnschule-der-weg-in-ein-selbstbestimmtes-leben\\\/#respond\"]}]},{\"@type\":\"WebPage\",\"@id\":\"http:\\\/\\\/www.vitalibera.org\\\/community\\\/2025\\\/12\\\/25\\\/wohnschule-der-weg-in-ein-selbstbestimmtes-leben\\\/\",\"url\":\"http:\\\/\\\/www.vitalibera.org\\\/community\\\/2025\\\/12\\\/25\\\/wohnschule-der-weg-in-ein-selbstbestimmtes-leben\\\/\",\"name\":\"Wohnschule \u2013 Der Weg in ein selbstbestimmtes Leben - vitalibera.org\",\"isPartOf\":{\"@id\":\"https:\\\/\\\/www.vitalibera.org\\\/community\\\/#website\"},\"primaryImageOfPage\":{\"@id\":\"http:\\\/\\\/www.vitalibera.org\\\/community\\\/2025\\\/12\\\/25\\\/wohnschule-der-weg-in-ein-selbstbestimmtes-leben\\\/#primaryimage\"},\"image\":{\"@id\":\"http:\\\/\\\/www.vitalibera.org\\\/community\\\/2025\\\/12\\\/25\\\/wohnschule-der-weg-in-ein-selbstbestimmtes-leben\\\/#primaryimage\"},\"thumbnailUrl\":\"https:\\\/\\\/www.vitalibera.org\\\/community\\\/wp-content\\\/uploads\\\/2025\\\/12\\\/house-g10faa697b_1280-1024x584-1.png\",\"datePublished\":\"2025-12-25T20:33:30+00:00\",\"dateModified\":\"2025-12-25T20:34:24+00:00\",\"breadcrumb\":{\"@id\":\"http:\\\/\\\/www.vitalibera.org\\\/community\\\/2025\\\/12\\\/25\\\/wohnschule-der-weg-in-ein-selbstbestimmtes-leben\\\/#breadcrumb\"},\"inLanguage\":\"de\",\"potentialAction\":[{\"@type\":\"ReadAction\",\"target\":[\"http:\\\/\\\/www.vitalibera.org\\\/community\\\/2025\\\/12\\\/25\\\/wohnschule-der-weg-in-ein-selbstbestimmtes-leben\\\/\"]}]},{\"@type\":\"BreadcrumbList\",\"@id\":\"http:\\\/\\\/www.vitalibera.org\\\/community\\\/2025\\\/12\\\/25\\\/wohnschule-der-weg-in-ein-selbstbestimmtes-leben\\\/#breadcrumb\",\"itemListElement\":[{\"@type\":\"ListItem\",\"position\":1,\"name\":\"Startseite\",\"item\":\"https:\\\/\\\/www.vitalibera.org\\\/community\\\/\"},{\"@type\":\"ListItem\",\"position\":2,\"name\":\"Wohnschule \u2013 Der Weg in ein selbstbestimmtes Leben\"}]},{\"@type\":\"WebSite\",\"@id\":\"https:\\\/\\\/www.vitalibera.org\\\/community\\\/#website\",\"url\":\"https:\\\/\\\/www.vitalibera.org\\\/community\\\/\",\"name\":\"vitalibera.org\",\"description\":\"Mit einer Einschr&auml;nkung gestaltet sich das Leben im Alltag oft schwieriger - hier berichten wir &uuml;ber unsere Erfahrungen und Hilfsmittel um den Alltag so unbeschwert und unkompliziert wie nur m&ouml;glich geniessen zu k&ouml;nnen. Dabei richten wir unseren Fokus gezielt auf Selbst&auml;ndigkeit, Eigenst&auml;ndigkeit und Selbstbestimmung.\",\"publisher\":{\"@id\":\"https:\\\/\\\/www.vitalibera.org\\\/community\\\/#organization\"},\"potentialAction\":[{\"@type\":\"SearchAction\",\"target\":{\"@type\":\"EntryPoint\",\"urlTemplate\":\"https:\\\/\\\/www.vitalibera.org\\\/community\\\/?s={search_term_string}\"},\"query-input\":{\"@type\":\"PropertyValueSpecification\",\"valueRequired\":true,\"valueName\":\"search_term_string\"}}],\"inLanguage\":\"de\"},{\"@type\":\"Organization\",\"@id\":\"https:\\\/\\\/www.vitalibera.org\\\/community\\\/#organization\",\"name\":\"vitalibera.org\",\"url\":\"https:\\\/\\\/www.vitalibera.org\\\/community\\\/\",\"logo\":{\"@type\":\"ImageObject\",\"inLanguage\":\"de\",\"@id\":\"https:\\\/\\\/www.vitalibera.org\\\/community\\\/#\\\/schema\\\/logo\\\/image\\\/\",\"url\":\"https:\\\/\\\/www.vitalibera.org\\\/community\\\/wp-content\\\/uploads\\\/2025\\\/09\\\/cropped-banner.png\",\"contentUrl\":\"https:\\\/\\\/www.vitalibera.org\\\/community\\\/wp-content\\\/uploads\\\/2025\\\/09\\\/cropped-banner.png\",\"width\":991,\"height\":150,\"caption\":\"vitalibera.org\"},\"image\":{\"@id\":\"https:\\\/\\\/www.vitalibera.org\\\/community\\\/#\\\/schema\\\/logo\\\/image\\\/\"},\"sameAs\":[\"https:\\\/\\\/www.facebook.com\\\/groups\\\/2997085857140235\"]},{\"@type\":\"Person\",\"@id\":\"https:\\\/\\\/www.vitalibera.org\\\/community\\\/#\\\/schema\\\/person\\\/6712387298421f222ff6d0a2e22c1534\",\"name\":\"Andreas Jecklin\",\"image\":{\"@type\":\"ImageObject\",\"inLanguage\":\"de\",\"@id\":\"https:\\\/\\\/secure.gravatar.com\\\/avatar\\\/ad516503a11cd5ca435acc9bb6523536?s=96\",\"url\":\"https:\\\/\\\/secure.gravatar.com\\\/avatar\\\/ad516503a11cd5ca435acc9bb6523536?s=96\",\"contentUrl\":\"https:\\\/\\\/secure.gravatar.com\\\/avatar\\\/ad516503a11cd5ca435acc9bb6523536?s=96\",\"caption\":\"Andreas Jecklin\"},\"description\":\"Manchen gab Gott die Kraft Dinge zu ver\u00e4ndern, mir gab er die Kraft zu ertragen was nicht mehr zu \u00e4ndern ist.\",\"url\":\"https:\\\/\\\/www.vitalibera.org\\\/community\\\/author\\\/andy77\\\/\"}]}<\/script>\r\n<!-- \/ Yoast SEO plugin. -->","yoast_head_json":{"title":"Wohnschule \u2013 Der Weg in ein selbstbestimmtes Leben - vitalibera.org","robots":{"index":"index","follow":"follow","max-snippet":"max-snippet:-1","max-image-preview":"max-image-preview:large","max-video-preview":"max-video-preview:-1"},"canonical":"http:\/\/www.vitalibera.org\/community\/2025\/12\/25\/wohnschule-der-weg-in-ein-selbstbestimmtes-leben\/","og_locale":"de_DE","og_type":"article","og_title":"Wohnschule \u2013 Der Weg in ein selbstbestimmtes Leben - vitalibera.org","og_description":"Eine Wohnschule ist eine Institution der Erwachsenenbildung f\u00fcr Menschen mit einer Lernbeeintr\u00e4chtigung oder einer kognitiven Beeintr\u00e4chtigung. Sie hat zum Ziel, durch intensives Lernen, \u00dcben und Begleiten, die Wohnsch\u00fcler und Wohnsch\u00fclerinnen in ein m\u00f6glichst selbstbestimmtes und selbstverantwortetes Leben zu f\u00fchren.\u00a0 Das Team der Wohnschule setzt sich aus Fachpersonen aus dem sozialp\u00e4dagogischen und erwachsenenbildnerischen Bereich zusammen. In ... Weiterlesen","og_url":"http:\/\/www.vitalibera.org\/community\/2025\/12\/25\/wohnschule-der-weg-in-ein-selbstbestimmtes-leben\/","og_site_name":"vitalibera.org","article_publisher":"https:\/\/www.facebook.com\/groups\/2997085857140235","article_published_time":"2025-12-25T20:33:30+00:00","article_modified_time":"2025-12-25T20:34:24+00:00","og_image":[{"width":1024,"height":584,"url":"http:\/\/www.vitalibera.org\/community\/wp-content\/uploads\/2025\/12\/house-g10faa697b_1280-1024x584-1.png","type":"image\/png"}],"author":"Andreas Jecklin","twitter_card":"summary_large_image","twitter_misc":{"Verfasst von":"Andreas Jecklin","Gesch\u00e4tzte Lesezeit":"1\u00a0Minute"},"schema":{"@context":"https:\/\/schema.org","@graph":[{"@type":"Article","@id":"http:\/\/www.vitalibera.org\/community\/2025\/12\/25\/wohnschule-der-weg-in-ein-selbstbestimmtes-leben\/#article","isPartOf":{"@id":"http:\/\/www.vitalibera.org\/community\/2025\/12\/25\/wohnschule-der-weg-in-ein-selbstbestimmtes-leben\/"},"author":{"name":"Andreas Jecklin","@id":"https:\/\/www.vitalibera.org\/community\/#\/schema\/person\/6712387298421f222ff6d0a2e22c1534"},"headline":"Wohnschule \u2013 Der Weg in ein selbstbestimmtes Leben","datePublished":"2025-12-25T20:33:30+00:00","dateModified":"2025-12-25T20:34:24+00:00","mainEntityOfPage":{"@id":"http:\/\/www.vitalibera.org\/community\/2025\/12\/25\/wohnschule-der-weg-in-ein-selbstbestimmtes-leben\/"},"wordCount":125,"commentCount":0,"publisher":{"@id":"https:\/\/www.vitalibera.org\/community\/#organization"},"image":{"@id":"http:\/\/www.vitalibera.org\/community\/2025\/12\/25\/wohnschule-der-weg-in-ein-selbstbestimmtes-leben\/#primaryimage"},"thumbnailUrl":"https:\/\/www.vitalibera.org\/community\/wp-content\/uploads\/2025\/12\/house-g10faa697b_1280-1024x584-1.png","articleSection":["Alltag","Hilfe f\u00fcr Angeh\u00f6rige"],"inLanguage":"de","potentialAction":[{"@type":"CommentAction","name":"Comment","target":["http:\/\/www.vitalibera.org\/community\/2025\/12\/25\/wohnschule-der-weg-in-ein-selbstbestimmtes-leben\/#respond"]}]},{"@type":"WebPage","@id":"http:\/\/www.vitalibera.org\/community\/2025\/12\/25\/wohnschule-der-weg-in-ein-selbstbestimmtes-leben\/","url":"http:\/\/www.vitalibera.org\/community\/2025\/12\/25\/wohnschule-der-weg-in-ein-selbstbestimmtes-leben\/","name":"Wohnschule \u2013 Der Weg in ein selbstbestimmtes Leben - vitalibera.org","isPartOf":{"@id":"https:\/\/www.vitalibera.org\/community\/#website"},"primaryImageOfPage":{"@id":"http:\/\/www.vitalibera.org\/community\/2025\/12\/25\/wohnschule-der-weg-in-ein-selbstbestimmtes-leben\/#primaryimage"},"image":{"@id":"http:\/\/www.vitalibera.org\/community\/2025\/12\/25\/wohnschule-der-weg-in-ein-selbstbestimmtes-leben\/#primaryimage"},"thumbnailUrl":"https:\/\/www.vitalibera.org\/community\/wp-content\/uploads\/2025\/12\/house-g10faa697b_1280-1024x584-1.png","datePublished":"2025-12-25T20:33:30+00:00","dateModified":"2025-12-25T20:34:24+00:00","breadcrumb":{"@id":"http:\/\/www.vitalibera.org\/community\/2025\/12\/25\/wohnschule-der-weg-in-ein-selbstbestimmtes-leben\/#breadcrumb"},"inLanguage":"de","potentialAction":[{"@type":"ReadAction","target":["http:\/\/www.vitalibera.org\/community\/2025\/12\/25\/wohnschule-der-weg-in-ein-selbstbestimmtes-leben\/"]}]},{"@type":"BreadcrumbList","@id":"http:\/\/www.vitalibera.org\/community\/2025\/12\/25\/wohnschule-der-weg-in-ein-selbstbestimmtes-leben\/#breadcrumb","itemListElement":[{"@type":"ListItem","position":1,"name":"Startseite","item":"https:\/\/www.vitalibera.org\/community\/"},{"@type":"ListItem","position":2,"name":"Wohnschule \u2013 Der Weg in ein selbstbestimmtes Leben"}]},{"@type":"WebSite","@id":"https:\/\/www.vitalibera.org\/community\/#website","url":"https:\/\/www.vitalibera.org\/community\/","name":"vitalibera.org","description":"Mit einer Einschr&auml;nkung gestaltet sich das Leben im Alltag oft schwieriger - hier berichten wir &uuml;ber unsere Erfahrungen und Hilfsmittel um den Alltag so unbeschwert und unkompliziert wie nur m&ouml;glich geniessen zu k&ouml;nnen. Dabei richten wir unseren Fokus gezielt auf Selbst&auml;ndigkeit, Eigenst&auml;ndigkeit und Selbstbestimmung.","publisher":{"@id":"https:\/\/www.vitalibera.org\/community\/#organization"},"potentialAction":[{"@type":"SearchAction","target":{"@type":"EntryPoint","urlTemplate":"https:\/\/www.vitalibera.org\/community\/?s={search_term_string}"},"query-input":{"@type":"PropertyValueSpecification","valueRequired":true,"valueName":"search_term_string"}}],"inLanguage":"de"},{"@type":"Organization","@id":"https:\/\/www.vitalibera.org\/community\/#organization","name":"vitalibera.org","url":"https:\/\/www.vitalibera.org\/community\/","logo":{"@type":"ImageObject","inLanguage":"de","@id":"https:\/\/www.vitalibera.org\/community\/#\/schema\/logo\/image\/","url":"https:\/\/www.vitalibera.org\/community\/wp-content\/uploads\/2025\/09\/cropped-banner.png","contentUrl":"https:\/\/www.vitalibera.org\/community\/wp-content\/uploads\/2025\/09\/cropped-banner.png","width":991,"height":150,"caption":"vitalibera.org"},"image":{"@id":"https:\/\/www.vitalibera.org\/community\/#\/schema\/logo\/image\/"},"sameAs":["https:\/\/www.facebook.com\/groups\/2997085857140235"]},{"@type":"Person","@id":"https:\/\/www.vitalibera.org\/community\/#\/schema\/person\/6712387298421f222ff6d0a2e22c1534","name":"Andreas Jecklin","image":{"@type":"ImageObject","inLanguage":"de","@id":"https:\/\/secure.gravatar.com\/avatar\/ad516503a11cd5ca435acc9bb6523536?s=96","url":"https:\/\/secure.gravatar.com\/avatar\/ad516503a11cd5ca435acc9bb6523536?s=96","contentUrl":"https:\/\/secure.gravatar.com\/avatar\/ad516503a11cd5ca435acc9bb6523536?s=96","caption":"Andreas Jecklin"},"description":"Manchen gab Gott die Kraft Dinge zu ver\u00e4ndern, mir gab er die Kraft zu ertragen was nicht mehr zu \u00e4ndern ist.","url":"https:\/\/www.vitalibera.org\/community\/author\/andy77\/"}]}},"jetpack_featured_media_url":"https:\/\/www.vitalibera.org\/community\/wp-content\/uploads\/2025\/12\/house-g10faa697b_1280-1024x584-1.png","jetpack_sharing_enabled":true,"jetpack-related-posts":[],"_links":{"self":[{"href":"https:\/\/www.vitalibera.org\/community\/wp-json\/wp\/v2\/posts\/4771","targetHints":{"allow":["GET"]}}],"collection":[{"href":"https:\/\/www.vitalibera.org\/community\/wp-json\/wp\/v2\/posts"}],"about":[{"href":"https:\/\/www.vitalibera.org\/community\/wp-json\/wp\/v2\/types\/post"}],"author":[{"embeddable":true,"href":"https:\/\/www.vitalibera.org\/community\/wp-json\/wp\/v2\/users\/2"}],"replies":[{"embeddable":true,"href":"https:\/\/www.vitalibera.org\/community\/wp-json\/wp\/v2\/comments?post=4771"}],"version-history":[{"count":1,"href":"https:\/\/www.vitalibera.org\/community\/wp-json\/wp\/v2\/posts\/4771\/revisions"}],"predecessor-version":[{"id":4773,"href":"https:\/\/www.vitalibera.org\/community\/wp-json\/wp\/v2\/posts\/4771\/revisions\/4773"}],"wp:featuredmedia":[{"embeddable":true,"href":"https:\/\/www.vitalibera.org\/community\/wp-json\/wp\/v2\/media\/4772"}],"wp:attachment":[{"href":"https:\/\/www.vitalibera.org\/community\/wp-json\/wp\/v2\/media?parent=4771"}],"wp:term":[{"taxonomy":"category","embeddable":true,"href":"https:\/\/www.vitalibera.org\/community\/wp-json\/wp\/v2\/categories?post=4771"},{"taxonomy":"post_tag","embeddable":true,"href":"https:\/\/www.vitalibera.org\/community\/wp-json\/wp\/v2\/tags?post=4771"}],"curies":[{"name":"wp","href":"https:\/\/api.w.org\/{rel}","templated":true}]}}