{"id":4790,"date":"2025-12-26T19:37:56","date_gmt":"2025-12-26T18:37:56","guid":{"rendered":"https:\/\/www.vitalibera.org\/community\/?p=4790"},"modified":"2025-12-26T19:43:41","modified_gmt":"2025-12-26T18:43:41","slug":"tipps-zum-evakuieren-von-mobil-eingeschraenkten-personen","status":"publish","type":"post","link":"https:\/\/www.vitalibera.org\/community\/2025\/12\/26\/tipps-zum-evakuieren-von-mobil-eingeschraenkten-personen\/","title":{"rendered":"Tipps zum Evakuieren von mobil eingeschr\u00e4nkten Personen"},"content":{"rendered":"\n<p><strong>Gezielte Evakuierung<\/strong><\/p>\n\n\n\n<ol class=\"wp-block-list\"><\/ol>\n\n\n\n<p>Zuerst evakuiert man die Leute, die sich in dem Raum befinden, in dem es brennt. Personen in den angrenzenden R&auml;umen sollten ihre T&uuml;ren geschlossen halten. Eine feuerfeste T&uuml;r h&auml;lt das Feuer normalerweise f&uuml;r 30 Minuten zur&uuml;ck. Einige Brandschutzt&uuml;ren &ndash; die sich normalerweise zwischen den Fluren befinden- halten das Feuer sogar 60 Minuten zurr&uuml;ck.<\/p>\n\n\n\n<p><strong>Mobil eingeschr&auml;nkte Personen evakuieren<\/strong><\/p>\n\n\n\n<ol start=\"2\" class=\"wp-block-list\"><\/ol>\n\n\n\n<p>&Auml;ltere und Krankenhauspatienten sind oft in ihrer Mobilit&auml;t teilweise oder ganz eingeschr&auml;nkt. Sie ben&ouml;tigen Hilfe vom Pflegepersonal oder anderen Helfern des Evakuierungsteams, um in eine Sicherheitszone gebracht zu werden.<\/p>\n\n\n\n<p>Sie k&ouml;nnen eine Matratze oder ein Betttuch verwenden, um nicht mobile Personen aus dem Bett herauszuholen. Es ist oft leichter, sie &uuml;ber den Boden zu ziehen, als sie in einen Rollstuhl zu legen.<\/p>\n\n\n\n<p>Sie d&uuml;rfen die Aufz&uuml;ge im Falle eines Feueralarms nicht benutzen. Vermeiden Sie Treppen so weit wie m&ouml;glich. Verwenden Sie bei Bedarf einen Evakuierungsstuhl.<\/p>\n\n\n\n<p><strong>R&auml;umliche Unterteilung bietet Zeit<\/strong><\/p>\n\n\n\n<ol start=\"3\" class=\"wp-block-list\"><\/ol>\n\n\n\n<p>Weniger mobile Menschen sollten in erster Linie in ein benachbartes Geb&auml;udeteil (auf der gleichen Etage), welches mit Brandschutzt&uuml;ren versehen ist, gebracht werden. Sie m&uuml;ssen sie nicht sofort evakuieren. Dank der feuerfesten T&uuml;ren sind sie vor&uuml;bergehend sicher.<\/p>\n\n\n\n<p><strong>Hilfsmittel f&uuml;r Menschen mit Behinderungen<\/strong><\/p>\n\n\n\n<ol start=\"4\" class=\"wp-block-list\"><\/ol>\n\n\n\n<p>Um die Evakuierung von Menschen mit Behinderungen (z. B. motorischer, visueller, auditiver, kognitiver usw.) zu vereinfachen, k&ouml;nnen Sie viele Hilfsmittel zur Verf&uuml;gung stellen. Einige Beispiele sind:<\/p>\n\n\n\n<ul class=\"wp-block-list\">\n<li>Gut zug&auml;ngliche Tasten und Schalter<\/li>\n\n\n\n<li>Visuelle Alarme<\/li>\n\n\n\n<li>Klare und pr&auml;zise Signalisierung<\/li>\n\n\n\n<li><a href=\"https:\/\/www.vitalibera.org\/community\/enzyklopaedie\/taktil\/\" target=\"_self\" title=\"Taktile Wahrnehmung bezeichnet den Tast- und Empfindungssinn, &uuml;ber den Reize wie Ber&uuml;hrung, Druck, Temperatur und Schmerz wahrgenommen werden.\" class=\"encyclopedia\">Taktil<\/a>e Markierungen<\/li>\n\n\n\n<li>Einfache Fluchtwege mit durchgehenden Handl&auml;ufen<\/li>\n\n\n\n<li>Evakuierungsst&uuml;hle<\/li>\n<\/ul>\n\n\n\n<p>Mit dem Training k&ouml;nnen Sie die Zeit f&uuml;r die Evakuierung von Personen mit eingeschr&auml;nkter Mobilit&auml;t drastisch reduzieren. Organisieren Sie Evakuierungs&uuml;bungen j&auml;hrlich und wiederholen Sie die Verfahren regelm&auml;&szlig;ig (z. B. monatlich) in begrenztem Umfang. <br><br>Dies macht es zu einer Routine f&uuml;r die Mitarbeiter und Sie werden in der Lage sein, effizient und korrekt zu reagieren, wenn ein Feuer ausbricht.bilit&auml;t drastisch reduzieren. Organisieren Sie Evakuierungs&uuml;bungen j&auml;hrlich und wiederholen Sie die Verfahren regelm&auml;&szlig;ig (z. B. monatlich) in begrenztem Umfang. Dies macht es zu einer Routine f&uuml;r die Mitarbeiter und Sie werden in der Lage sein, effizient und korrekt zu reagieren, wenn ein Feuer ausbricht.<\/p>\n\n\n\n<p><strong>Weitere generelle Tipps f&uuml;r Pflegende und Angeh&ouml;rige<\/strong><\/p>\n\n\n\n<p>Evakuierung mit eingeschr&auml;nkter Mobilit&auml;t&nbsp;erfordert spezielle Hilfsmittel (wie Evakuierungsst&uuml;hle, Matratzen) und gut durchdachte Pl&auml;ne (z. B. Patensysteme, Evakuierungszonen), da Aufz&uuml;ge oft nicht nutzbar sind und <a href=\"https:\/\/www.vitalibera.org\/community\/2026\/04\/19\/wenn-reize-laut-werden-und-menschen-leise\/\">Betroffene<\/a> (Rollstuhlfahrer, Kranke, &auml;ltere Menschen) nicht selbstst&auml;ndig fl&uuml;chten k&ouml;nnen, weshalb eine fr&uuml;hzeitige Planung und geschultes Personal unerl&auml;sslich sind.&nbsp;<\/p>\n\n\n\n<p>Herausforderungen und L&ouml;sungen<\/p>\n\n\n\n<ul class=\"wp-block-list\">\n<li><strong>Treppen:<\/strong>&nbsp;Evakuierungsst&uuml;hle (z.B. &ldquo;Evac Chairs&rdquo;) erm&ouml;glichen den sicheren Transport &uuml;ber Treppen, oft mit Gleitsystemen.<\/li>\n\n\n\n<li><strong>Horizontale Evakuierung:<\/strong>&nbsp;Matratzen oder T&uuml;cher sind f&uuml;r den Transport &uuml;ber ebene Fl&auml;chen geeignet.<\/li>\n\n\n\n<li><strong>Aufzugsnutzung:<\/strong>&nbsp;In der Regel verboten, da sie im Brandfall ausfallen k&ouml;nnen. Brandgesicherte Bereiche (Evakuierungs- und Rettungszonen) sind wichtig, um auf Rettung zu warten.<\/li>\n\n\n\n<li><strong>Visuelle\/Akustische Alarme:<\/strong>&nbsp;Bei H&ouml;r- oder Sehbehinderung m&uuml;ssen sowohl akustische als auch visuelle Warnsignale (z.B. Lichtblitze) vorhanden sein.&nbsp;<\/li>\n<\/ul>\n\n\n\n<p>Spezifische Hilfsmittel<\/p>\n\n\n\n<ul class=\"wp-block-list\">\n<li><strong>Evakuierungsst&uuml;hle:<\/strong>&nbsp;Gebremste St&uuml;hle f&uuml;r eine Person, auch f&uuml;r steilere Treppen (bis 40 Grad).<\/li>\n\n\n\n<li><strong>Evakuierungsmatratzen\/T&uuml;cher:<\/strong>&nbsp;F&uuml;r horizontalen Transport oder als rutschfeste Unterlage.<\/li>\n\n\n\n<li><strong>Aufblasbare Modelle:<\/strong>&nbsp;Bieten mehr Komfort f&uuml;r medizinische Evakuierungen.&nbsp;<\/li>\n<\/ul>\n\n\n\n<p>Planung und Organisation (besonders in Betrieben\/Pflegeheimen)<\/p>\n\n\n\n<ul class=\"wp-block-list\">\n<li><strong>Gef&auml;hrdungsbeurteilung:<\/strong>&nbsp;Ber&uuml;cksichtigt spezielle Bed&uuml;rfnisse aller Mitarbeiter und Bewohner.<\/li>\n\n\n\n<li><strong>Patensystem:<\/strong>&nbsp;Zuweisung von festen Helfern (Paten\/Evakuierungshelfer) f&uuml;r Personen mit Behinderung.<\/li>\n\n\n\n<li><strong>Fr&uuml;he Planung:<\/strong>&nbsp;Integration in die Geb&auml;udestruktur und Notfallkonzepte, bevor Probleme auftreten.&nbsp;<\/li>\n<\/ul>\n\n\n\n<p>Verhalten im Notfall<\/p>\n\n\n\n<ul class=\"wp-block-list\">\n<li><strong>Ruhe bewahren:<\/strong>&nbsp;Menschen suchen reflexartig den Eingang, aber der Ausgang ist sicherer.<\/li>\n\n\n\n<li><strong>Auf Anweisungen warten:<\/strong>&nbsp;Bei Bedarf auf spezielle Rettungskr&auml;fte warten, die Hilfsmittel nutzen.&nbsp;<\/li>\n<\/ul>\n","protected":false},"excerpt":{"rendered":"<p>Gezielte Evakuierung Zuerst evakuiert man die Leute, die sich in dem Raum befinden, in dem es brennt. Personen in den angrenzenden R\u00e4umen sollten ihre T\u00fcren geschlossen halten. Eine feuerfeste T\u00fcr h\u00e4lt das Feuer normalerweise f\u00fcr 30 Minuten zur\u00fcck. Einige Brandschutzt\u00fcren \u2013 die sich normalerweise zwischen den Fluren befinden- halten das Feuer sogar 60 Minuten zurr\u00fcck. &#8230; <a title=\"Tipps zum Evakuieren von mobil eingeschr\u00e4nkten Personen\" class=\"read-more\" href=\"https:\/\/www.vitalibera.org\/community\/2025\/12\/26\/tipps-zum-evakuieren-von-mobil-eingeschraenkten-personen\/\" aria-label=\"Mehr Informationen \u00fcber Tipps zum Evakuieren von mobil eingeschr\u00e4nkten Personen\">Weiterlesen<\/a><\/p>\n","protected":false},"author":2,"featured_media":4791,"comment_status":"closed","ping_status":"open","sticky":false,"template":"","format":"standard","meta":{"cybocfi_hide_featured_image":"yes","_jetpack_memberships_contains_paid_content":false,"footnotes":""},"categories":[74],"tags":[],"class_list":["post-4790","post","type-post","status-publish","format-standard","has-post-thumbnail","hentry","category-sicherheit"],"yoast_head":"<!-- This site is optimized with the Yoast SEO plugin v27.4 - https:\/\/yoast.com\/product\/yoast-seo-wordpress\/ -->\r\n<title>Tipps zum Evakuieren von mobil eingeschr\u00e4nkten Personen - vitalibera.org<\/title>\r\n<meta name=\"robots\" content=\"index, follow, max-snippet:-1, max-image-preview:large, max-video-preview:-1\" \/>\r\n<link rel=\"canonical\" href=\"http:\/\/www.vitalibera.org\/community\/2025\/12\/26\/tipps-zum-evakuieren-von-mobil-eingeschraenkten-personen\/\" \/>\r\n<meta property=\"og:locale\" content=\"de_DE\" \/>\r\n<meta property=\"og:type\" content=\"article\" \/>\r\n<meta property=\"og:title\" content=\"Tipps zum Evakuieren von mobil eingeschr\u00e4nkten Personen - vitalibera.org\" \/>\r\n<meta property=\"og:description\" content=\"Gezielte Evakuierung Zuerst evakuiert man die Leute, die sich in dem Raum befinden, in dem es brennt. Personen in den angrenzenden R\u00e4umen sollten ihre T\u00fcren geschlossen halten. Eine feuerfeste T\u00fcr h\u00e4lt das Feuer normalerweise f\u00fcr 30 Minuten zur\u00fcck. Einige Brandschutzt\u00fcren \u2013 die sich normalerweise zwischen den Fluren befinden- halten das Feuer sogar 60 Minuten zurr\u00fcck. ... Weiterlesen\" \/>\r\n<meta property=\"og:url\" content=\"http:\/\/www.vitalibera.org\/community\/2025\/12\/26\/tipps-zum-evakuieren-von-mobil-eingeschraenkten-personen\/\" \/>\r\n<meta property=\"og:site_name\" content=\"vitalibera.org\" \/>\r\n<meta property=\"article:publisher\" content=\"https:\/\/www.facebook.com\/groups\/2997085857140235\" \/>\r\n<meta property=\"article:published_time\" content=\"2025-12-26T18:37:56+00:00\" \/>\r\n<meta property=\"article:modified_time\" content=\"2025-12-26T18:43:41+00:00\" \/>\r\n<meta property=\"og:image\" content=\"http:\/\/www.vitalibera.org\/community\/wp-content\/uploads\/2025\/12\/brandschutzschild.jpg\" \/>\r\n\t<meta property=\"og:image:width\" content=\"600\" \/>\r\n\t<meta property=\"og:image:height\" content=\"600\" \/>\r\n\t<meta property=\"og:image:type\" content=\"image\/jpeg\" \/>\r\n<meta name=\"author\" content=\"Andreas Jecklin\" \/>\r\n<meta name=\"twitter:card\" content=\"summary_large_image\" \/>\r\n<meta name=\"twitter:label1\" content=\"Verfasst von\" \/>\n\t<meta name=\"twitter:data1\" content=\"Andreas Jecklin\" \/>\n\t<meta name=\"twitter:label2\" content=\"Gesch\u00e4tzte Lesezeit\" \/>\n\t<meta name=\"twitter:data2\" content=\"4\u00a0Minuten\" \/>\r\n<script type=\"application\/ld+json\" class=\"yoast-schema-graph\">{\"@context\":\"https:\\\/\\\/schema.org\",\"@graph\":[{\"@type\":\"Article\",\"@id\":\"http:\\\/\\\/www.vitalibera.org\\\/community\\\/2025\\\/12\\\/26\\\/tipps-zum-evakuieren-von-mobil-eingeschraenkten-personen\\\/#article\",\"isPartOf\":{\"@id\":\"http:\\\/\\\/www.vitalibera.org\\\/community\\\/2025\\\/12\\\/26\\\/tipps-zum-evakuieren-von-mobil-eingeschraenkten-personen\\\/\"},\"author\":{\"name\":\"Andreas Jecklin\",\"@id\":\"https:\\\/\\\/www.vitalibera.org\\\/community\\\/#\\\/schema\\\/person\\\/6712387298421f222ff6d0a2e22c1534\"},\"headline\":\"Tipps zum Evakuieren von mobil eingeschr\u00e4nkten Personen\",\"datePublished\":\"2025-12-26T18:37:56+00:00\",\"dateModified\":\"2025-12-26T18:43:41+00:00\",\"mainEntityOfPage\":{\"@id\":\"http:\\\/\\\/www.vitalibera.org\\\/community\\\/2025\\\/12\\\/26\\\/tipps-zum-evakuieren-von-mobil-eingeschraenkten-personen\\\/\"},\"wordCount\":636,\"publisher\":{\"@id\":\"https:\\\/\\\/www.vitalibera.org\\\/community\\\/#organization\"},\"image\":{\"@id\":\"http:\\\/\\\/www.vitalibera.org\\\/community\\\/2025\\\/12\\\/26\\\/tipps-zum-evakuieren-von-mobil-eingeschraenkten-personen\\\/#primaryimage\"},\"thumbnailUrl\":\"https:\\\/\\\/www.vitalibera.org\\\/community\\\/wp-content\\\/uploads\\\/2025\\\/12\\\/brandschutzschild.jpg\",\"articleSection\":[\"Sicherheit\"],\"inLanguage\":\"de\"},{\"@type\":\"WebPage\",\"@id\":\"http:\\\/\\\/www.vitalibera.org\\\/community\\\/2025\\\/12\\\/26\\\/tipps-zum-evakuieren-von-mobil-eingeschraenkten-personen\\\/\",\"url\":\"http:\\\/\\\/www.vitalibera.org\\\/community\\\/2025\\\/12\\\/26\\\/tipps-zum-evakuieren-von-mobil-eingeschraenkten-personen\\\/\",\"name\":\"Tipps zum Evakuieren von mobil eingeschr\u00e4nkten Personen - vitalibera.org\",\"isPartOf\":{\"@id\":\"https:\\\/\\\/www.vitalibera.org\\\/community\\\/#website\"},\"primaryImageOfPage\":{\"@id\":\"http:\\\/\\\/www.vitalibera.org\\\/community\\\/2025\\\/12\\\/26\\\/tipps-zum-evakuieren-von-mobil-eingeschraenkten-personen\\\/#primaryimage\"},\"image\":{\"@id\":\"http:\\\/\\\/www.vitalibera.org\\\/community\\\/2025\\\/12\\\/26\\\/tipps-zum-evakuieren-von-mobil-eingeschraenkten-personen\\\/#primaryimage\"},\"thumbnailUrl\":\"https:\\\/\\\/www.vitalibera.org\\\/community\\\/wp-content\\\/uploads\\\/2025\\\/12\\\/brandschutzschild.jpg\",\"datePublished\":\"2025-12-26T18:37:56+00:00\",\"dateModified\":\"2025-12-26T18:43:41+00:00\",\"breadcrumb\":{\"@id\":\"http:\\\/\\\/www.vitalibera.org\\\/community\\\/2025\\\/12\\\/26\\\/tipps-zum-evakuieren-von-mobil-eingeschraenkten-personen\\\/#breadcrumb\"},\"inLanguage\":\"de\",\"potentialAction\":[{\"@type\":\"ReadAction\",\"target\":[\"http:\\\/\\\/www.vitalibera.org\\\/community\\\/2025\\\/12\\\/26\\\/tipps-zum-evakuieren-von-mobil-eingeschraenkten-personen\\\/\"]}]},{\"@type\":\"BreadcrumbList\",\"@id\":\"http:\\\/\\\/www.vitalibera.org\\\/community\\\/2025\\\/12\\\/26\\\/tipps-zum-evakuieren-von-mobil-eingeschraenkten-personen\\\/#breadcrumb\",\"itemListElement\":[{\"@type\":\"ListItem\",\"position\":1,\"name\":\"Startseite\",\"item\":\"https:\\\/\\\/www.vitalibera.org\\\/community\\\/\"},{\"@type\":\"ListItem\",\"position\":2,\"name\":\"Tipps zum Evakuieren von mobil eingeschr\u00e4nkten Personen\"}]},{\"@type\":\"WebSite\",\"@id\":\"https:\\\/\\\/www.vitalibera.org\\\/community\\\/#website\",\"url\":\"https:\\\/\\\/www.vitalibera.org\\\/community\\\/\",\"name\":\"vitalibera.org\",\"description\":\"Mit einer Einschr&auml;nkung gestaltet sich das Leben im Alltag oft schwieriger - hier berichten wir &uuml;ber unsere Erfahrungen und Hilfsmittel um den Alltag so unbeschwert und unkompliziert wie nur m&ouml;glich geniessen zu k&ouml;nnen. Dabei richten wir unseren Fokus gezielt auf Selbst&auml;ndigkeit, Eigenst&auml;ndigkeit und Selbstbestimmung.\",\"publisher\":{\"@id\":\"https:\\\/\\\/www.vitalibera.org\\\/community\\\/#organization\"},\"potentialAction\":[{\"@type\":\"SearchAction\",\"target\":{\"@type\":\"EntryPoint\",\"urlTemplate\":\"https:\\\/\\\/www.vitalibera.org\\\/community\\\/?s={search_term_string}\"},\"query-input\":{\"@type\":\"PropertyValueSpecification\",\"valueRequired\":true,\"valueName\":\"search_term_string\"}}],\"inLanguage\":\"de\"},{\"@type\":\"Organization\",\"@id\":\"https:\\\/\\\/www.vitalibera.org\\\/community\\\/#organization\",\"name\":\"vitalibera.org\",\"url\":\"https:\\\/\\\/www.vitalibera.org\\\/community\\\/\",\"logo\":{\"@type\":\"ImageObject\",\"inLanguage\":\"de\",\"@id\":\"https:\\\/\\\/www.vitalibera.org\\\/community\\\/#\\\/schema\\\/logo\\\/image\\\/\",\"url\":\"https:\\\/\\\/www.vitalibera.org\\\/community\\\/wp-content\\\/uploads\\\/2025\\\/09\\\/cropped-banner.png\",\"contentUrl\":\"https:\\\/\\\/www.vitalibera.org\\\/community\\\/wp-content\\\/uploads\\\/2025\\\/09\\\/cropped-banner.png\",\"width\":991,\"height\":150,\"caption\":\"vitalibera.org\"},\"image\":{\"@id\":\"https:\\\/\\\/www.vitalibera.org\\\/community\\\/#\\\/schema\\\/logo\\\/image\\\/\"},\"sameAs\":[\"https:\\\/\\\/www.facebook.com\\\/groups\\\/2997085857140235\"]},{\"@type\":\"Person\",\"@id\":\"https:\\\/\\\/www.vitalibera.org\\\/community\\\/#\\\/schema\\\/person\\\/6712387298421f222ff6d0a2e22c1534\",\"name\":\"Andreas Jecklin\",\"image\":{\"@type\":\"ImageObject\",\"inLanguage\":\"de\",\"@id\":\"https:\\\/\\\/secure.gravatar.com\\\/avatar\\\/ad516503a11cd5ca435acc9bb6523536?s=96\",\"url\":\"https:\\\/\\\/secure.gravatar.com\\\/avatar\\\/ad516503a11cd5ca435acc9bb6523536?s=96\",\"contentUrl\":\"https:\\\/\\\/secure.gravatar.com\\\/avatar\\\/ad516503a11cd5ca435acc9bb6523536?s=96\",\"caption\":\"Andreas Jecklin\"},\"description\":\"Manchen gab Gott die Kraft Dinge zu ver\u00e4ndern, mir gab er die Kraft zu ertragen was nicht mehr zu \u00e4ndern ist.\",\"url\":\"https:\\\/\\\/www.vitalibera.org\\\/community\\\/author\\\/andy77\\\/\"}]}<\/script>\r\n<!-- \/ Yoast SEO plugin. -->","yoast_head_json":{"title":"Tipps zum Evakuieren von mobil eingeschr\u00e4nkten Personen - vitalibera.org","robots":{"index":"index","follow":"follow","max-snippet":"max-snippet:-1","max-image-preview":"max-image-preview:large","max-video-preview":"max-video-preview:-1"},"canonical":"http:\/\/www.vitalibera.org\/community\/2025\/12\/26\/tipps-zum-evakuieren-von-mobil-eingeschraenkten-personen\/","og_locale":"de_DE","og_type":"article","og_title":"Tipps zum Evakuieren von mobil eingeschr\u00e4nkten Personen - vitalibera.org","og_description":"Gezielte Evakuierung Zuerst evakuiert man die Leute, die sich in dem Raum befinden, in dem es brennt. Personen in den angrenzenden R\u00e4umen sollten ihre T\u00fcren geschlossen halten. Eine feuerfeste T\u00fcr h\u00e4lt das Feuer normalerweise f\u00fcr 30 Minuten zur\u00fcck. Einige Brandschutzt\u00fcren \u2013 die sich normalerweise zwischen den Fluren befinden- halten das Feuer sogar 60 Minuten zurr\u00fcck. ... Weiterlesen","og_url":"http:\/\/www.vitalibera.org\/community\/2025\/12\/26\/tipps-zum-evakuieren-von-mobil-eingeschraenkten-personen\/","og_site_name":"vitalibera.org","article_publisher":"https:\/\/www.facebook.com\/groups\/2997085857140235","article_published_time":"2025-12-26T18:37:56+00:00","article_modified_time":"2025-12-26T18:43:41+00:00","og_image":[{"width":600,"height":600,"url":"http:\/\/www.vitalibera.org\/community\/wp-content\/uploads\/2025\/12\/brandschutzschild.jpg","type":"image\/jpeg"}],"author":"Andreas Jecklin","twitter_card":"summary_large_image","twitter_misc":{"Verfasst von":"Andreas Jecklin","Gesch\u00e4tzte Lesezeit":"4\u00a0Minuten"},"schema":{"@context":"https:\/\/schema.org","@graph":[{"@type":"Article","@id":"http:\/\/www.vitalibera.org\/community\/2025\/12\/26\/tipps-zum-evakuieren-von-mobil-eingeschraenkten-personen\/#article","isPartOf":{"@id":"http:\/\/www.vitalibera.org\/community\/2025\/12\/26\/tipps-zum-evakuieren-von-mobil-eingeschraenkten-personen\/"},"author":{"name":"Andreas Jecklin","@id":"https:\/\/www.vitalibera.org\/community\/#\/schema\/person\/6712387298421f222ff6d0a2e22c1534"},"headline":"Tipps zum Evakuieren von mobil eingeschr\u00e4nkten Personen","datePublished":"2025-12-26T18:37:56+00:00","dateModified":"2025-12-26T18:43:41+00:00","mainEntityOfPage":{"@id":"http:\/\/www.vitalibera.org\/community\/2025\/12\/26\/tipps-zum-evakuieren-von-mobil-eingeschraenkten-personen\/"},"wordCount":636,"publisher":{"@id":"https:\/\/www.vitalibera.org\/community\/#organization"},"image":{"@id":"http:\/\/www.vitalibera.org\/community\/2025\/12\/26\/tipps-zum-evakuieren-von-mobil-eingeschraenkten-personen\/#primaryimage"},"thumbnailUrl":"https:\/\/www.vitalibera.org\/community\/wp-content\/uploads\/2025\/12\/brandschutzschild.jpg","articleSection":["Sicherheit"],"inLanguage":"de"},{"@type":"WebPage","@id":"http:\/\/www.vitalibera.org\/community\/2025\/12\/26\/tipps-zum-evakuieren-von-mobil-eingeschraenkten-personen\/","url":"http:\/\/www.vitalibera.org\/community\/2025\/12\/26\/tipps-zum-evakuieren-von-mobil-eingeschraenkten-personen\/","name":"Tipps zum Evakuieren von mobil eingeschr\u00e4nkten Personen - vitalibera.org","isPartOf":{"@id":"https:\/\/www.vitalibera.org\/community\/#website"},"primaryImageOfPage":{"@id":"http:\/\/www.vitalibera.org\/community\/2025\/12\/26\/tipps-zum-evakuieren-von-mobil-eingeschraenkten-personen\/#primaryimage"},"image":{"@id":"http:\/\/www.vitalibera.org\/community\/2025\/12\/26\/tipps-zum-evakuieren-von-mobil-eingeschraenkten-personen\/#primaryimage"},"thumbnailUrl":"https:\/\/www.vitalibera.org\/community\/wp-content\/uploads\/2025\/12\/brandschutzschild.jpg","datePublished":"2025-12-26T18:37:56+00:00","dateModified":"2025-12-26T18:43:41+00:00","breadcrumb":{"@id":"http:\/\/www.vitalibera.org\/community\/2025\/12\/26\/tipps-zum-evakuieren-von-mobil-eingeschraenkten-personen\/#breadcrumb"},"inLanguage":"de","potentialAction":[{"@type":"ReadAction","target":["http:\/\/www.vitalibera.org\/community\/2025\/12\/26\/tipps-zum-evakuieren-von-mobil-eingeschraenkten-personen\/"]}]},{"@type":"BreadcrumbList","@id":"http:\/\/www.vitalibera.org\/community\/2025\/12\/26\/tipps-zum-evakuieren-von-mobil-eingeschraenkten-personen\/#breadcrumb","itemListElement":[{"@type":"ListItem","position":1,"name":"Startseite","item":"https:\/\/www.vitalibera.org\/community\/"},{"@type":"ListItem","position":2,"name":"Tipps zum Evakuieren von mobil eingeschr\u00e4nkten Personen"}]},{"@type":"WebSite","@id":"https:\/\/www.vitalibera.org\/community\/#website","url":"https:\/\/www.vitalibera.org\/community\/","name":"vitalibera.org","description":"Mit einer Einschr&auml;nkung gestaltet sich das Leben im Alltag oft schwieriger - hier berichten wir &uuml;ber unsere Erfahrungen und Hilfsmittel um den Alltag so unbeschwert und unkompliziert wie nur m&ouml;glich geniessen zu k&ouml;nnen. Dabei richten wir unseren Fokus gezielt auf Selbst&auml;ndigkeit, Eigenst&auml;ndigkeit und Selbstbestimmung.","publisher":{"@id":"https:\/\/www.vitalibera.org\/community\/#organization"},"potentialAction":[{"@type":"SearchAction","target":{"@type":"EntryPoint","urlTemplate":"https:\/\/www.vitalibera.org\/community\/?s={search_term_string}"},"query-input":{"@type":"PropertyValueSpecification","valueRequired":true,"valueName":"search_term_string"}}],"inLanguage":"de"},{"@type":"Organization","@id":"https:\/\/www.vitalibera.org\/community\/#organization","name":"vitalibera.org","url":"https:\/\/www.vitalibera.org\/community\/","logo":{"@type":"ImageObject","inLanguage":"de","@id":"https:\/\/www.vitalibera.org\/community\/#\/schema\/logo\/image\/","url":"https:\/\/www.vitalibera.org\/community\/wp-content\/uploads\/2025\/09\/cropped-banner.png","contentUrl":"https:\/\/www.vitalibera.org\/community\/wp-content\/uploads\/2025\/09\/cropped-banner.png","width":991,"height":150,"caption":"vitalibera.org"},"image":{"@id":"https:\/\/www.vitalibera.org\/community\/#\/schema\/logo\/image\/"},"sameAs":["https:\/\/www.facebook.com\/groups\/2997085857140235"]},{"@type":"Person","@id":"https:\/\/www.vitalibera.org\/community\/#\/schema\/person\/6712387298421f222ff6d0a2e22c1534","name":"Andreas Jecklin","image":{"@type":"ImageObject","inLanguage":"de","@id":"https:\/\/secure.gravatar.com\/avatar\/ad516503a11cd5ca435acc9bb6523536?s=96","url":"https:\/\/secure.gravatar.com\/avatar\/ad516503a11cd5ca435acc9bb6523536?s=96","contentUrl":"https:\/\/secure.gravatar.com\/avatar\/ad516503a11cd5ca435acc9bb6523536?s=96","caption":"Andreas Jecklin"},"description":"Manchen gab Gott die Kraft Dinge zu ver\u00e4ndern, mir gab er die Kraft zu ertragen was nicht mehr zu \u00e4ndern ist.","url":"https:\/\/www.vitalibera.org\/community\/author\/andy77\/"}]}},"jetpack_featured_media_url":"https:\/\/www.vitalibera.org\/community\/wp-content\/uploads\/2025\/12\/brandschutzschild.jpg","jetpack_sharing_enabled":true,"jetpack-related-posts":[],"_links":{"self":[{"href":"https:\/\/www.vitalibera.org\/community\/wp-json\/wp\/v2\/posts\/4790","targetHints":{"allow":["GET"]}}],"collection":[{"href":"https:\/\/www.vitalibera.org\/community\/wp-json\/wp\/v2\/posts"}],"about":[{"href":"https:\/\/www.vitalibera.org\/community\/wp-json\/wp\/v2\/types\/post"}],"author":[{"embeddable":true,"href":"https:\/\/www.vitalibera.org\/community\/wp-json\/wp\/v2\/users\/2"}],"replies":[{"embeddable":true,"href":"https:\/\/www.vitalibera.org\/community\/wp-json\/wp\/v2\/comments?post=4790"}],"version-history":[{"count":3,"href":"https:\/\/www.vitalibera.org\/community\/wp-json\/wp\/v2\/posts\/4790\/revisions"}],"predecessor-version":[{"id":4796,"href":"https:\/\/www.vitalibera.org\/community\/wp-json\/wp\/v2\/posts\/4790\/revisions\/4796"}],"wp:featuredmedia":[{"embeddable":true,"href":"https:\/\/www.vitalibera.org\/community\/wp-json\/wp\/v2\/media\/4791"}],"wp:attachment":[{"href":"https:\/\/www.vitalibera.org\/community\/wp-json\/wp\/v2\/media?parent=4790"}],"wp:term":[{"taxonomy":"category","embeddable":true,"href":"https:\/\/www.vitalibera.org\/community\/wp-json\/wp\/v2\/categories?post=4790"},{"taxonomy":"post_tag","embeddable":true,"href":"https:\/\/www.vitalibera.org\/community\/wp-json\/wp\/v2\/tags?post=4790"}],"curies":[{"name":"wp","href":"https:\/\/api.w.org\/{rel}","templated":true}]}}