{"id":4839,"date":"2025-12-27T22:29:33","date_gmt":"2025-12-27T21:29:33","guid":{"rendered":"https:\/\/www.vitalibera.org\/community\/?p=4839"},"modified":"2025-12-27T22:34:03","modified_gmt":"2025-12-27T21:34:03","slug":"gut-vorbereitet-in-die-reha","status":"publish","type":"post","link":"https:\/\/www.vitalibera.org\/community\/2025\/12\/27\/gut-vorbereitet-in-die-reha\/","title":{"rendered":"Gut vorbereitet in die Reha"},"content":{"rendered":"\n<p>Sie haben den Entschluss gefasst, eine Rehabilitation zu beginnen? Damit haben Sie schon einen wichtigen Schritt hin zu besserer Gesundheit und mehr Wohlbefinden gemacht. Bevor Sie Ihre Rehabilitation starten, gibt es jedoch einige Dinge, die Sie beachten sollten. Auf dieser Seite geben wir Ihnen&nbsp;<strong>Tipps, wie Sie sich optimal auf Ihre Reha vorbereiten k\u00f6nnen und kl\u00e4ren wichtige Fragen.<\/strong><\/p>\n\n\n\n<p><strong>Was ist vor der Rehabilitation zu beachten?<\/strong><\/p>\n\n\n\n<p>Ein erfolgreicher Reha-Aufenthalt beginnt mit dem<strong>&nbsp;Antrag auf Rehabilitation.<\/strong>&nbsp;Kl\u00e4ren Sie zun\u00e4chst, welche Art der Reha Sie beantragen m\u00f6chten. Grunds\u00e4tzlich gibt es zwei Arten der Rehabilitation:<\/p>\n\n\n\n<p>Das<strong>&nbsp;medizinische Heilverfahren&nbsp;<\/strong>k\u00f6nnen Menschen beantragen, die aufgrund von (chronischen) k\u00f6rperlichen oder psychischen Beschwerden in ihrer Berufst\u00e4tigkeit oder Lebensqualit\u00e4t eingeschr\u00e4nkt sind. In solchen F\u00e4llen hilft die Haus\u00e4rztin oder der Hausarzt bei der Antragstellung.<\/p>\n\n\n\n<p>Folgt eine Reha nach einem Krankenhausaufenthalt (z. B. nach einer Operation oder einem Unfall), handelt es sich um eine&nbsp;<strong>Anschlussrehabilitation<\/strong>. Hier unterst\u00fctzt Sie der Sozialdienst des Krankenhauses dabei, eine Reha zu beantragen.<\/p>\n\n\n\n<p>Sorgen Sie daf\u00fcr, dass alle erforderlichen Dokumente rechtzeitig eingereicht werden.<\/p>\n\n\n\n<p><strong>Wunsch- und Wahlrecht: Reha-Klinik selbst ausw\u00e4hlen<\/strong><\/p>\n\n\n\n<p>Sie haben das Recht, sich Ihre Reha-Klinik selbst auszusuchen. Informieren Sie sich im Voraus \u00fcber geeignete Reha-Einrichtungen und finden Sie eine Klinik, die zu Ihrem Krankheitsbild und Ihren individuellen W\u00fcnschen passt. Nutzen Sie daf\u00fcr unseren\u00a0<a href=\"https:\/\/www.mediclin.de\/einrichtungen-experten\/einrichtungsfinder\/reha-kliniken\/\" target=\"_blank\" rel=\"noreferrer noopener\">Reha-Einrichtungsfinder<\/a> f\u00fcr Deutschland oder <a href=\"https:\/\/welches-spital.ch\/schweiz\/\" target=\"_blank\" rel=\"noreferrer noopener\">f\u00fcr die Schweiz<\/a>. Ihre Wunschklinik k\u00f6nnen Sie direkt im Reha-Antrag angeben.<\/p>\n\n\n\n<p>Nachdem Sie den&nbsp;<strong>Reha-Antrag&nbsp;<\/strong>eingereicht haben, sollten Sie sich umgehend mit der<strong>&nbsp;Reha-Klinik in Verbindung<\/strong>&nbsp;setzen, um sich \u00fcber die n\u00e4chsten Schritte zu informieren. M\u00f6glicherweise ben\u00f6tigen Sie weitere medizinische Unterlagen oder m\u00fcssen zus\u00e4tzliche Frageb\u00f6gen ausf\u00fcllen.<\/p>\n\n\n\n<h6 class=\"wp-block-heading\"><strong>Ihre Reha wurde abgelehnt? Widerspruch einlegen<\/strong><\/h6>\n\n\n\n<p>Wenn Ihre Reha abgelehnt wurde, k\u00f6nnen Sie innerhalb von 4 Wochen Widerspruch einlegen.<\/p>\n\n\n\n<p>Holen Sie sich erneut eine \u00e4rztliche Stellungnahme bzw. Gutachten ein, das inhaltlich auf die Ablehnungsgr\u00fcnde eingeht und legen Sie schriftlich Widerspruch ein. Wenn im Bescheid kein anderer Zeitraum benannt ist, m\u00fcssen Sie hierf\u00fcr eine Frist von vier Wochen nach Erhalt des Bescheids einhalten.<br>Bei einer erneuten Ablehnung k\u00f6nnen Sie innerhalb von vier Wochen nach Erhalt des Widerspruchsbescheids vor dem Sozialgericht klagen.<\/p>\n\n\n\n<p><strong>Ihre Reha wurde bewilligt? So geht es jetzt weiter<\/strong><\/p>\n\n\n\n<p>Sobald Ihre Reha bewilligt wurde, erhalten Sie einen Bescheid \u00fcber den Namen der Reha-Einrichtung und der geplanten Dauer der Rehabilitation. In der Regel erhalten Sie vor Beginn Ihrer Reha ein Schreiben der Reha-Klinik mit allen wichtigen Informationen, die Sie beachten m\u00fcssen.<\/p>\n\n\n\n<p><strong>Wie bereite ich mich mental und k\u00f6rperlich auf die Reha vor?<\/strong><\/p>\n\n\n\n<p>Versuchen Sie, sich auf positive Ver\u00e4nderungen zu konzentrieren, die die Reha f\u00fcr Ihre Gesundheit bringen kann. Informieren Sie sich vorab \u00fcber den Ablauf und die angebotenen Therapien. Es kann hilfreich sein, sich klare Ziele f\u00fcr die Reha zu setzen, wie z. B. die Verbesserung bestimmter k\u00f6rperlicher F\u00e4higkeiten oder die Reduzierung von Schmerzen.<\/p>\n\n\n\n<p>Auch eine leichte k\u00f6rperliche Vorbereitung, wie regelm\u00e4\u00dfiges Spazierengehen oder Dehn\u00fcbungen, kann hilfreich sein. Konsultieren Sie vorab Ihren Arzt bzw. Ihre \u00c4rztin, um sicherzustellen, dass die Aktivit\u00e4ten f\u00fcr Ihren aktuellen Gesundheitszustand geeignet sind.<\/p>\n\n\n\n<p><strong>Was sollte ich vor Beginn der Reha mit meinem Arzt\/meiner \u00c4rztin besprechen?<\/strong><\/p>\n\n\n\n<p>Kl\u00e4ren Sie mit Ihrem Arzt\/Ihrer \u00c4rztin, welche speziellen Ziele Sie in der Reha verfolgen sollen. Besprechen Sie alle gesundheitlichen Einschr\u00e4nkungen oder chronischen Erkrankungen, die bei der Reha ber\u00fccksichtigt werden m\u00fcssen. Es ist auch wichtig, dass Sie gemeinsam Ihre aktuellen Medikamente \u00fcberpr\u00fcfen und sicherstellen, dass alle notwendigen Informationen an das Reha-Team weitergegeben werden.<\/p>\n\n\n\n<p><strong>Wie kann ich meine Reha aktiv mitgestalten?<\/strong><\/p>\n\n\n\n<p>Ihre<strong>&nbsp;Reha&nbsp;<\/strong>kann erfolgreicher werden, indem Sie sie&nbsp;<strong>aktiv mitgestalten<\/strong>. Ihre pers\u00f6nlichen Bed\u00fcrfnisse und W\u00fcnsche sollten besonderes Geh\u00f6r finden. Bereiten Sie sich schon zu Hause auf die Reha vor und bringen Sie Ihre&nbsp;<strong>pers\u00f6nlichen Reha-Ziele<\/strong>&nbsp;und&nbsp;<strong>individuellen Therapievorstellungen<\/strong>&nbsp;aktiv ein.<\/p>\n\n\n\n<h4 class=\"wp-block-heading\">Pers\u00f6nliche Reha-Ziele festlegen<\/h4>\n\n\n\n<p>Machen Sie sich zun\u00e4chst Gedanken \u00fcber die&nbsp;<strong>Ziele<\/strong>, die Sie am Ende Ihrer Reha f\u00fcr sich pers\u00f6nlich erreichen m\u00f6chten.<\/p>\n\n\n\n<p>M\u00f6gliche Ziele k\u00f6nnten sein:<\/p>\n\n\n\n<ul class=\"wp-block-list\">\n<li>beweglicher werden<\/li>\n\n\n\n<li>Schmerzen reduzieren<\/li>\n\n\n\n<li>Gewicht reduzieren<\/li>\n\n\n\n<li>seelisch stabiler werden<\/li>\n\n\n\n<li>gut eingestellter Blutdruck<\/li>\n\n\n\n<li>gut eingestellter Diabetes<\/li>\n<\/ul>\n\n\n\n<h4 class=\"wp-block-heading\">Welche Schwerpunkte m\u00f6chte ich bei meiner Reha setzen? Was ist mir besonders wichtig?<\/h4>\n\n\n\n<p>M\u00f6gliche&nbsp;<strong>Schwerpunkte<\/strong>&nbsp;w\u00e4ren z. B.<\/p>\n\n\n\n<ul class=\"wp-block-list\">\n<li><strong>Bewegung:&nbsp;<\/strong>z. B. Wassergymnastik, Walking, Ergometertraining, Ger\u00e4tezirkel<\/li>\n\n\n\n<li><strong>Ern\u00e4hrung:<\/strong>&nbsp;z. B. Gewichtreduktion, Ern\u00e4hrungsberatung, Kochkurs<\/li>\n\n\n\n<li><strong>Entspannung:<\/strong>&nbsp;z. B autogenes Training, Progressive Muskelentspannung<\/li>\n\n\n\n<li><strong>Kreativ- und Freizeitangebote:<\/strong>&nbsp;z. B. Kreatives Gestalten, Wanderungen, Abendveranstaltungen<\/li>\n\n\n\n<li><strong>Ged\u00e4chtnistraining:<\/strong>&nbsp;z. B. Training am PC<\/li>\n\n\n\n<li><strong>Zur\u00fcck in den Beruf:&nbsp;<\/strong>Sozialberatung zur beruflichen Wiedereingliederung, zu Problemen im Beruf, zum Schwerbehindertenrecht- und ausweis<\/li>\n<\/ul>\n\n\n\n<p>Die Reha-Expert*innen in der Klinik ber\u00fccksichtigen Ihre&nbsp;<strong>Ziele und W\u00fcnsche<\/strong>&nbsp;sowie Ihre<strong>&nbsp;gesundheitliche Vorgeschichte<\/strong>&nbsp;und&nbsp;<strong>k\u00f6rperliche Verfassung&nbsp;<\/strong>und bringen sie mit den medizinisch sinnvollen und f\u00fcr Sie passenden Reha-Ma\u00dfnahmen in Einklang. So w\u00e4gen sie ab, ob Ihre W\u00fcnsche von medizinischer Seite m\u00f6glich und sinnvoll sind oder ob es Einschr\u00e4nkungen gibt, z. B. direkt nach Operationen. Auch evtl. fehlende, aber wichtige Bausteine werden von den Reha-\u00c4rzt*innen angesprochen und mit Ihnen erg\u00e4nzt.<\/p>\n\n\n\n<p>Das Ziel: Ein&nbsp;<strong>individuell abgestimmtes, medizinisch optimales Reha-Programm<\/strong>, das bestm\u00f6glich zu Ihrer Genesung beitr\u00e4gt.<\/p>\n\n\n\n<p><strong>Was muss in den Koffer?<\/strong><\/p>\n\n\n\n<h6 class=\"wp-block-heading\">Wichtige Unterlagen und Dokumente<\/h6>\n\n\n\n<ul class=\"wp-block-list\">\n<li>Personalausweis<\/li>\n\n\n\n<li>Krankenversicherungskarte<\/li>\n\n\n\n<li>Arztberichte, Laborbefunde und R\u00f6ntgenbilder<\/li>\n\n\n\n<li>Sozialversicherungsnummer<\/li>\n\n\n\n<li>Impfpass und ggf. Allergiepass<\/li>\n\n\n\n<li>falls vorhanden: Patientenverf\u00fcgung\/Vorsorgevollmacht\/Betreuerausweis<\/li>\n<\/ul>\n\n\n\n<h6 class=\"wp-block-heading\">Medikamente<\/h6>\n\n\n\n<p>Damit sich das Team der Rehabilitationsklinik optimal auf Ihre Behandlung vorbereiten kann, ist es wichtig, dass Sie alle relevanten Medikamente mitbringen:<\/p>\n\n\n\n<ul class=\"wp-block-list\">\n<li>alle regelm\u00e4\u00dfig oder bei Bedarf eingenommenen Medikamente (in der Originalverpackung) in ausreichender Menge f\u00fcr die Dauer der Rehabilitation,<\/li>\n\n\n\n<li>verordnete Medikamente (z.B. Antiallergika, Dauermedikamente und spezielle Medikamente)<\/li>\n<\/ul>\n\n\n\n<p><strong>Medizinische Hilfsmittel<\/strong><\/p>\n\n\n\n<p>Bitte bringen Sie, falls vorhanden, Ihre medizinischen Hilfsmittel mit. Dazu geh\u00f6ren:<\/p>\n\n\n\n<ul class=\"wp-block-list\">\n<li>St\u00fctzstr\u00fcmpfe<\/li>\n\n\n\n<li>Bandagen<\/li>\n\n\n\n<li>Orthop\u00e4dische Schuhe und Schuheinlagen<\/li>\n\n\n\n<li>Schuhl\u00f6ffel, Strumpfanziehhilfe<\/li>\n\n\n\n<li>Gehhilfen, Gehst\u00f6cke, Rollator, Rollstuhl<\/li>\n\n\n\n<li>spezielle Schlafkissen&nbsp;<\/li>\n\n\n\n<li>Brille, Ersatzbrille, Kontaktlinsen inklusive Zubeh\u00f6r<\/li>\n\n\n\n<li>H\u00f6rger\u00e4t<\/li>\n\n\n\n<li>Medizinische Ger\u00e4te: Tens-Ger\u00e4t, Blutdruck-Messger\u00e4t, Blutzucker-Messger\u00e4t)<\/li>\n<\/ul>\n\n\n\n<p><strong>Bekleidung und Schuhe<\/strong><\/p>\n\n\n\n<p>Nehmen Sie Kleidung mit, in der Sie sich wohlf\u00fchlen. Denken Sie an:<\/p>\n\n\n\n<ul class=\"wp-block-list\">\n<li>Nachtw\u00e4sche<\/li>\n\n\n\n<li>Unterw\u00e4sche<\/li>\n\n\n\n<li>Str\u00fcmpfe\/Socken<\/li>\n\n\n\n<li>Ausreichende und bequeme Oberbekleidung<\/li>\n\n\n\n<li>Regenkleidung, Regenschirm<\/li>\n\n\n\n<li>Sportbekleidung<\/li>\n\n\n\n<li>Badebekleidung, Bademantel, Badetuch<\/li>\n\n\n\n<li>Schuhe (festes Schuhwerk, Sportschuhe f\u00fcr die Halle, Badeschuhe, Hausschuhe)<\/li>\n<\/ul>\n\n\n\n<p><strong>K\u00f6rperpflege<\/strong><\/p>\n\n\n\n<p>Bringen Sie Ihre pers\u00f6nlichen Utensilien f\u00fcr die K\u00f6rperpflege mit:<\/p>\n\n\n\n<ul class=\"wp-block-list\">\n<li>Zahnb\u00fcrste\/Zahnpasta<\/li>\n\n\n\n<li>Gesichtscreme<\/li>\n\n\n\n<li>Deo<\/li>\n\n\n\n<li>Shampoo und Duschgel<\/li>\n\n\n\n<li>Haarb\u00fcrste\/Kamm\/F\u00f6n<\/li>\n\n\n\n<li>Rasierer\/Rasierschaum<\/li>\n\n\n\n<li>Damenhygieneartikel<\/li>\n\n\n\n<li>Taschent\u00fccher<\/li>\n<\/ul>\n\n\n\n<p><strong>Freizeit<\/strong><\/p>\n\n\n\n<p>Um Ihre Freizeit angenehm zu gestalten, denken Sie bitte auch Dinge zur Freizeitbesch\u00e4ftigung wie z. B. B\u00fccher und Zeitschriften.<\/p>\n\n\n\n<div class=\"wp-block-file\"><a id=\"wp-block-file--media-4bbfd962-106e-43a7-aa99-32f0efa0c026\" href=\"https:\/\/www.vitalibera.org\/community\/wp-content\/uploads\/2025\/12\/Kofferliste.pdf\" target=\"_blank\" rel=\"noreferrer noopener\">Checkliste\/Kofferpackliste&nbsp;<\/a><a href=\"https:\/\/www.vitalibera.org\/community\/wp-content\/uploads\/2025\/12\/Kofferliste.pdf\" class=\"wp-block-file__button wp-element-button\" download aria-describedby=\"wp-block-file--media-4bbfd962-106e-43a7-aa99-32f0efa0c026\">Herunterladen<\/a><\/div>\n\n\n\n<p><\/p>\n","protected":false},"excerpt":{"rendered":"<p>Sie haben den Entschluss gefasst, eine Rehabilitation zu beginnen? Damit haben Sie schon einen wichtigen Schritt hin zu besserer Gesundheit und mehr Wohlbefinden gemacht. Bevor Sie Ihre Rehabilitation starten, gibt es jedoch einige Dinge, die Sie beachten sollten. Auf dieser Seite geben wir Ihnen&nbsp;Tipps, wie Sie sich optimal auf Ihre Reha vorbereiten k\u00f6nnen und kl\u00e4ren &#8230; <a title=\"Gut vorbereitet in die Reha\" class=\"read-more\" href=\"https:\/\/www.vitalibera.org\/community\/2025\/12\/27\/gut-vorbereitet-in-die-reha\/\" aria-label=\"Mehr Informationen \u00fcber Gut vorbereitet in die Reha\">Weiterlesen<\/a><\/p>\n","protected":false},"author":2,"featured_media":4841,"comment_status":"closed","ping_status":"open","sticky":false,"template":"","format":"standard","meta":{"cybocfi_hide_featured_image":"yes","_jetpack_memberships_contains_paid_content":false,"footnotes":""},"categories":[225,160],"tags":[],"class_list":["post-4839","post","type-post","status-publish","format-standard","has-post-thumbnail","hentry","category-hilfe-fuer-angehoerige","category-therapien"],"yoast_head":"<!-- This site is optimized with the Yoast SEO plugin v27.4 - https:\/\/yoast.com\/product\/yoast-seo-wordpress\/ -->\r\n<title>Gut vorbereitet in die Reha - vitalibera.org<\/title>\r\n<meta name=\"robots\" content=\"index, follow, max-snippet:-1, max-image-preview:large, max-video-preview:-1\" \/>\r\n<link rel=\"canonical\" href=\"http:\/\/www.vitalibera.org\/community\/2025\/12\/27\/gut-vorbereitet-in-die-reha\/\" \/>\r\n<meta property=\"og:locale\" content=\"de_DE\" \/>\r\n<meta property=\"og:type\" content=\"article\" \/>\r\n<meta property=\"og:title\" content=\"Gut vorbereitet in die Reha - vitalibera.org\" \/>\r\n<meta property=\"og:description\" content=\"Sie haben den Entschluss gefasst, eine Rehabilitation zu beginnen? Damit haben Sie schon einen wichtigen Schritt hin zu besserer Gesundheit und mehr Wohlbefinden gemacht. Bevor Sie Ihre Rehabilitation starten, gibt es jedoch einige Dinge, die Sie beachten sollten. Auf dieser Seite geben wir Ihnen&nbsp;Tipps, wie Sie sich optimal auf Ihre Reha vorbereiten k\u00f6nnen und kl\u00e4ren ... Weiterlesen\" \/>\r\n<meta property=\"og:url\" content=\"http:\/\/www.vitalibera.org\/community\/2025\/12\/27\/gut-vorbereitet-in-die-reha\/\" \/>\r\n<meta property=\"og:site_name\" content=\"vitalibera.org\" \/>\r\n<meta property=\"article:publisher\" content=\"https:\/\/www.facebook.com\/groups\/2997085857140235\" \/>\r\n<meta property=\"article:published_time\" content=\"2025-12-27T21:29:33+00:00\" \/>\r\n<meta property=\"article:modified_time\" content=\"2025-12-27T21:34:03+00:00\" \/>\r\n<meta property=\"og:image\" content=\"http:\/\/www.vitalibera.org\/community\/wp-content\/uploads\/2025\/12\/88677f7ece18b5ea2469abde8f2ecdd3.jpg\" \/>\r\n\t<meta property=\"og:image:width\" content=\"550\" \/>\r\n\t<meta property=\"og:image:height\" content=\"550\" \/>\r\n\t<meta property=\"og:image:type\" content=\"image\/jpeg\" \/>\r\n<meta name=\"author\" content=\"Andreas Jecklin\" \/>\r\n<meta name=\"twitter:card\" content=\"summary_large_image\" \/>\r\n<meta name=\"twitter:label1\" content=\"Verfasst von\" \/>\n\t<meta name=\"twitter:data1\" content=\"Andreas Jecklin\" \/>\n\t<meta name=\"twitter:label2\" content=\"Gesch\u00e4tzte Lesezeit\" \/>\n\t<meta name=\"twitter:data2\" content=\"6\u00a0Minuten\" \/>\r\n<script type=\"application\/ld+json\" class=\"yoast-schema-graph\">{\"@context\":\"https:\\\/\\\/schema.org\",\"@graph\":[{\"@type\":\"Article\",\"@id\":\"http:\\\/\\\/www.vitalibera.org\\\/community\\\/2025\\\/12\\\/27\\\/gut-vorbereitet-in-die-reha\\\/#article\",\"isPartOf\":{\"@id\":\"http:\\\/\\\/www.vitalibera.org\\\/community\\\/2025\\\/12\\\/27\\\/gut-vorbereitet-in-die-reha\\\/\"},\"author\":{\"name\":\"Andreas Jecklin\",\"@id\":\"https:\\\/\\\/www.vitalibera.org\\\/community\\\/#\\\/schema\\\/person\\\/6712387298421f222ff6d0a2e22c1534\"},\"headline\":\"Gut vorbereitet in die Reha\",\"datePublished\":\"2025-12-27T21:29:33+00:00\",\"dateModified\":\"2025-12-27T21:34:03+00:00\",\"mainEntityOfPage\":{\"@id\":\"http:\\\/\\\/www.vitalibera.org\\\/community\\\/2025\\\/12\\\/27\\\/gut-vorbereitet-in-die-reha\\\/\"},\"wordCount\":1142,\"publisher\":{\"@id\":\"https:\\\/\\\/www.vitalibera.org\\\/community\\\/#organization\"},\"image\":{\"@id\":\"http:\\\/\\\/www.vitalibera.org\\\/community\\\/2025\\\/12\\\/27\\\/gut-vorbereitet-in-die-reha\\\/#primaryimage\"},\"thumbnailUrl\":\"https:\\\/\\\/www.vitalibera.org\\\/community\\\/wp-content\\\/uploads\\\/2025\\\/12\\\/88677f7ece18b5ea2469abde8f2ecdd3.jpg\",\"articleSection\":[\"Hilfe f\u00fcr Angeh\u00f6rige\",\"Therapien\"],\"inLanguage\":\"de\"},{\"@type\":\"WebPage\",\"@id\":\"http:\\\/\\\/www.vitalibera.org\\\/community\\\/2025\\\/12\\\/27\\\/gut-vorbereitet-in-die-reha\\\/\",\"url\":\"http:\\\/\\\/www.vitalibera.org\\\/community\\\/2025\\\/12\\\/27\\\/gut-vorbereitet-in-die-reha\\\/\",\"name\":\"Gut vorbereitet in die Reha - vitalibera.org\",\"isPartOf\":{\"@id\":\"https:\\\/\\\/www.vitalibera.org\\\/community\\\/#website\"},\"primaryImageOfPage\":{\"@id\":\"http:\\\/\\\/www.vitalibera.org\\\/community\\\/2025\\\/12\\\/27\\\/gut-vorbereitet-in-die-reha\\\/#primaryimage\"},\"image\":{\"@id\":\"http:\\\/\\\/www.vitalibera.org\\\/community\\\/2025\\\/12\\\/27\\\/gut-vorbereitet-in-die-reha\\\/#primaryimage\"},\"thumbnailUrl\":\"https:\\\/\\\/www.vitalibera.org\\\/community\\\/wp-content\\\/uploads\\\/2025\\\/12\\\/88677f7ece18b5ea2469abde8f2ecdd3.jpg\",\"datePublished\":\"2025-12-27T21:29:33+00:00\",\"dateModified\":\"2025-12-27T21:34:03+00:00\",\"breadcrumb\":{\"@id\":\"http:\\\/\\\/www.vitalibera.org\\\/community\\\/2025\\\/12\\\/27\\\/gut-vorbereitet-in-die-reha\\\/#breadcrumb\"},\"inLanguage\":\"de\",\"potentialAction\":[{\"@type\":\"ReadAction\",\"target\":[\"http:\\\/\\\/www.vitalibera.org\\\/community\\\/2025\\\/12\\\/27\\\/gut-vorbereitet-in-die-reha\\\/\"]}]},{\"@type\":\"BreadcrumbList\",\"@id\":\"http:\\\/\\\/www.vitalibera.org\\\/community\\\/2025\\\/12\\\/27\\\/gut-vorbereitet-in-die-reha\\\/#breadcrumb\",\"itemListElement\":[{\"@type\":\"ListItem\",\"position\":1,\"name\":\"Startseite\",\"item\":\"https:\\\/\\\/www.vitalibera.org\\\/community\\\/\"},{\"@type\":\"ListItem\",\"position\":2,\"name\":\"Gut vorbereitet in die Reha\"}]},{\"@type\":\"WebSite\",\"@id\":\"https:\\\/\\\/www.vitalibera.org\\\/community\\\/#website\",\"url\":\"https:\\\/\\\/www.vitalibera.org\\\/community\\\/\",\"name\":\"vitalibera.org\",\"description\":\"Mit einer Einschr&auml;nkung gestaltet sich das Leben im Alltag oft schwieriger - hier berichten wir &uuml;ber unsere Erfahrungen und Hilfsmittel um den Alltag so unbeschwert und unkompliziert wie nur m&ouml;glich geniessen zu k&ouml;nnen. Dabei richten wir unseren Fokus gezielt auf Selbst&auml;ndigkeit, Eigenst&auml;ndigkeit und Selbstbestimmung.\",\"publisher\":{\"@id\":\"https:\\\/\\\/www.vitalibera.org\\\/community\\\/#organization\"},\"potentialAction\":[{\"@type\":\"SearchAction\",\"target\":{\"@type\":\"EntryPoint\",\"urlTemplate\":\"https:\\\/\\\/www.vitalibera.org\\\/community\\\/?s={search_term_string}\"},\"query-input\":{\"@type\":\"PropertyValueSpecification\",\"valueRequired\":true,\"valueName\":\"search_term_string\"}}],\"inLanguage\":\"de\"},{\"@type\":\"Organization\",\"@id\":\"https:\\\/\\\/www.vitalibera.org\\\/community\\\/#organization\",\"name\":\"vitalibera.org\",\"url\":\"https:\\\/\\\/www.vitalibera.org\\\/community\\\/\",\"logo\":{\"@type\":\"ImageObject\",\"inLanguage\":\"de\",\"@id\":\"https:\\\/\\\/www.vitalibera.org\\\/community\\\/#\\\/schema\\\/logo\\\/image\\\/\",\"url\":\"https:\\\/\\\/www.vitalibera.org\\\/community\\\/wp-content\\\/uploads\\\/2025\\\/09\\\/cropped-banner.png\",\"contentUrl\":\"https:\\\/\\\/www.vitalibera.org\\\/community\\\/wp-content\\\/uploads\\\/2025\\\/09\\\/cropped-banner.png\",\"width\":991,\"height\":150,\"caption\":\"vitalibera.org\"},\"image\":{\"@id\":\"https:\\\/\\\/www.vitalibera.org\\\/community\\\/#\\\/schema\\\/logo\\\/image\\\/\"},\"sameAs\":[\"https:\\\/\\\/www.facebook.com\\\/groups\\\/2997085857140235\"]},{\"@type\":\"Person\",\"@id\":\"https:\\\/\\\/www.vitalibera.org\\\/community\\\/#\\\/schema\\\/person\\\/6712387298421f222ff6d0a2e22c1534\",\"name\":\"Andreas Jecklin\",\"image\":{\"@type\":\"ImageObject\",\"inLanguage\":\"de\",\"@id\":\"https:\\\/\\\/secure.gravatar.com\\\/avatar\\\/ad516503a11cd5ca435acc9bb6523536?s=96\",\"url\":\"https:\\\/\\\/secure.gravatar.com\\\/avatar\\\/ad516503a11cd5ca435acc9bb6523536?s=96\",\"contentUrl\":\"https:\\\/\\\/secure.gravatar.com\\\/avatar\\\/ad516503a11cd5ca435acc9bb6523536?s=96\",\"caption\":\"Andreas Jecklin\"},\"description\":\"Manchen gab Gott die Kraft Dinge zu ver\u00e4ndern, mir gab er die Kraft zu ertragen was nicht mehr zu \u00e4ndern ist.\",\"url\":\"https:\\\/\\\/www.vitalibera.org\\\/community\\\/author\\\/andy77\\\/\"}]}<\/script>\r\n<!-- \/ Yoast SEO plugin. -->","yoast_head_json":{"title":"Gut vorbereitet in die Reha - vitalibera.org","robots":{"index":"index","follow":"follow","max-snippet":"max-snippet:-1","max-image-preview":"max-image-preview:large","max-video-preview":"max-video-preview:-1"},"canonical":"http:\/\/www.vitalibera.org\/community\/2025\/12\/27\/gut-vorbereitet-in-die-reha\/","og_locale":"de_DE","og_type":"article","og_title":"Gut vorbereitet in die Reha - vitalibera.org","og_description":"Sie haben den Entschluss gefasst, eine Rehabilitation zu beginnen? Damit haben Sie schon einen wichtigen Schritt hin zu besserer Gesundheit und mehr Wohlbefinden gemacht. Bevor Sie Ihre Rehabilitation starten, gibt es jedoch einige Dinge, die Sie beachten sollten. Auf dieser Seite geben wir Ihnen&nbsp;Tipps, wie Sie sich optimal auf Ihre Reha vorbereiten k\u00f6nnen und kl\u00e4ren ... Weiterlesen","og_url":"http:\/\/www.vitalibera.org\/community\/2025\/12\/27\/gut-vorbereitet-in-die-reha\/","og_site_name":"vitalibera.org","article_publisher":"https:\/\/www.facebook.com\/groups\/2997085857140235","article_published_time":"2025-12-27T21:29:33+00:00","article_modified_time":"2025-12-27T21:34:03+00:00","og_image":[{"width":550,"height":550,"url":"http:\/\/www.vitalibera.org\/community\/wp-content\/uploads\/2025\/12\/88677f7ece18b5ea2469abde8f2ecdd3.jpg","type":"image\/jpeg"}],"author":"Andreas Jecklin","twitter_card":"summary_large_image","twitter_misc":{"Verfasst von":"Andreas Jecklin","Gesch\u00e4tzte Lesezeit":"6\u00a0Minuten"},"schema":{"@context":"https:\/\/schema.org","@graph":[{"@type":"Article","@id":"http:\/\/www.vitalibera.org\/community\/2025\/12\/27\/gut-vorbereitet-in-die-reha\/#article","isPartOf":{"@id":"http:\/\/www.vitalibera.org\/community\/2025\/12\/27\/gut-vorbereitet-in-die-reha\/"},"author":{"name":"Andreas Jecklin","@id":"https:\/\/www.vitalibera.org\/community\/#\/schema\/person\/6712387298421f222ff6d0a2e22c1534"},"headline":"Gut vorbereitet in die Reha","datePublished":"2025-12-27T21:29:33+00:00","dateModified":"2025-12-27T21:34:03+00:00","mainEntityOfPage":{"@id":"http:\/\/www.vitalibera.org\/community\/2025\/12\/27\/gut-vorbereitet-in-die-reha\/"},"wordCount":1142,"publisher":{"@id":"https:\/\/www.vitalibera.org\/community\/#organization"},"image":{"@id":"http:\/\/www.vitalibera.org\/community\/2025\/12\/27\/gut-vorbereitet-in-die-reha\/#primaryimage"},"thumbnailUrl":"https:\/\/www.vitalibera.org\/community\/wp-content\/uploads\/2025\/12\/88677f7ece18b5ea2469abde8f2ecdd3.jpg","articleSection":["Hilfe f\u00fcr Angeh\u00f6rige","Therapien"],"inLanguage":"de"},{"@type":"WebPage","@id":"http:\/\/www.vitalibera.org\/community\/2025\/12\/27\/gut-vorbereitet-in-die-reha\/","url":"http:\/\/www.vitalibera.org\/community\/2025\/12\/27\/gut-vorbereitet-in-die-reha\/","name":"Gut vorbereitet in die Reha - vitalibera.org","isPartOf":{"@id":"https:\/\/www.vitalibera.org\/community\/#website"},"primaryImageOfPage":{"@id":"http:\/\/www.vitalibera.org\/community\/2025\/12\/27\/gut-vorbereitet-in-die-reha\/#primaryimage"},"image":{"@id":"http:\/\/www.vitalibera.org\/community\/2025\/12\/27\/gut-vorbereitet-in-die-reha\/#primaryimage"},"thumbnailUrl":"https:\/\/www.vitalibera.org\/community\/wp-content\/uploads\/2025\/12\/88677f7ece18b5ea2469abde8f2ecdd3.jpg","datePublished":"2025-12-27T21:29:33+00:00","dateModified":"2025-12-27T21:34:03+00:00","breadcrumb":{"@id":"http:\/\/www.vitalibera.org\/community\/2025\/12\/27\/gut-vorbereitet-in-die-reha\/#breadcrumb"},"inLanguage":"de","potentialAction":[{"@type":"ReadAction","target":["http:\/\/www.vitalibera.org\/community\/2025\/12\/27\/gut-vorbereitet-in-die-reha\/"]}]},{"@type":"BreadcrumbList","@id":"http:\/\/www.vitalibera.org\/community\/2025\/12\/27\/gut-vorbereitet-in-die-reha\/#breadcrumb","itemListElement":[{"@type":"ListItem","position":1,"name":"Startseite","item":"https:\/\/www.vitalibera.org\/community\/"},{"@type":"ListItem","position":2,"name":"Gut vorbereitet in die Reha"}]},{"@type":"WebSite","@id":"https:\/\/www.vitalibera.org\/community\/#website","url":"https:\/\/www.vitalibera.org\/community\/","name":"vitalibera.org","description":"Mit einer Einschr&auml;nkung gestaltet sich das Leben im Alltag oft schwieriger - hier berichten wir &uuml;ber unsere Erfahrungen und Hilfsmittel um den Alltag so unbeschwert und unkompliziert wie nur m&ouml;glich geniessen zu k&ouml;nnen. Dabei richten wir unseren Fokus gezielt auf Selbst&auml;ndigkeit, Eigenst&auml;ndigkeit und Selbstbestimmung.","publisher":{"@id":"https:\/\/www.vitalibera.org\/community\/#organization"},"potentialAction":[{"@type":"SearchAction","target":{"@type":"EntryPoint","urlTemplate":"https:\/\/www.vitalibera.org\/community\/?s={search_term_string}"},"query-input":{"@type":"PropertyValueSpecification","valueRequired":true,"valueName":"search_term_string"}}],"inLanguage":"de"},{"@type":"Organization","@id":"https:\/\/www.vitalibera.org\/community\/#organization","name":"vitalibera.org","url":"https:\/\/www.vitalibera.org\/community\/","logo":{"@type":"ImageObject","inLanguage":"de","@id":"https:\/\/www.vitalibera.org\/community\/#\/schema\/logo\/image\/","url":"https:\/\/www.vitalibera.org\/community\/wp-content\/uploads\/2025\/09\/cropped-banner.png","contentUrl":"https:\/\/www.vitalibera.org\/community\/wp-content\/uploads\/2025\/09\/cropped-banner.png","width":991,"height":150,"caption":"vitalibera.org"},"image":{"@id":"https:\/\/www.vitalibera.org\/community\/#\/schema\/logo\/image\/"},"sameAs":["https:\/\/www.facebook.com\/groups\/2997085857140235"]},{"@type":"Person","@id":"https:\/\/www.vitalibera.org\/community\/#\/schema\/person\/6712387298421f222ff6d0a2e22c1534","name":"Andreas Jecklin","image":{"@type":"ImageObject","inLanguage":"de","@id":"https:\/\/secure.gravatar.com\/avatar\/ad516503a11cd5ca435acc9bb6523536?s=96","url":"https:\/\/secure.gravatar.com\/avatar\/ad516503a11cd5ca435acc9bb6523536?s=96","contentUrl":"https:\/\/secure.gravatar.com\/avatar\/ad516503a11cd5ca435acc9bb6523536?s=96","caption":"Andreas Jecklin"},"description":"Manchen gab Gott die Kraft Dinge zu ver\u00e4ndern, mir gab er die Kraft zu ertragen was nicht mehr zu \u00e4ndern ist.","url":"https:\/\/www.vitalibera.org\/community\/author\/andy77\/"}]}},"jetpack_featured_media_url":"https:\/\/www.vitalibera.org\/community\/wp-content\/uploads\/2025\/12\/88677f7ece18b5ea2469abde8f2ecdd3.jpg","jetpack_sharing_enabled":true,"jetpack-related-posts":[],"_links":{"self":[{"href":"https:\/\/www.vitalibera.org\/community\/wp-json\/wp\/v2\/posts\/4839","targetHints":{"allow":["GET"]}}],"collection":[{"href":"https:\/\/www.vitalibera.org\/community\/wp-json\/wp\/v2\/posts"}],"about":[{"href":"https:\/\/www.vitalibera.org\/community\/wp-json\/wp\/v2\/types\/post"}],"author":[{"embeddable":true,"href":"https:\/\/www.vitalibera.org\/community\/wp-json\/wp\/v2\/users\/2"}],"replies":[{"embeddable":true,"href":"https:\/\/www.vitalibera.org\/community\/wp-json\/wp\/v2\/comments?post=4839"}],"version-history":[{"count":2,"href":"https:\/\/www.vitalibera.org\/community\/wp-json\/wp\/v2\/posts\/4839\/revisions"}],"predecessor-version":[{"id":4844,"href":"https:\/\/www.vitalibera.org\/community\/wp-json\/wp\/v2\/posts\/4839\/revisions\/4844"}],"wp:featuredmedia":[{"embeddable":true,"href":"https:\/\/www.vitalibera.org\/community\/wp-json\/wp\/v2\/media\/4841"}],"wp:attachment":[{"href":"https:\/\/www.vitalibera.org\/community\/wp-json\/wp\/v2\/media?parent=4839"}],"wp:term":[{"taxonomy":"category","embeddable":true,"href":"https:\/\/www.vitalibera.org\/community\/wp-json\/wp\/v2\/categories?post=4839"},{"taxonomy":"post_tag","embeddable":true,"href":"https:\/\/www.vitalibera.org\/community\/wp-json\/wp\/v2\/tags?post=4839"}],"curies":[{"name":"wp","href":"https:\/\/api.w.org\/{rel}","templated":true}]}}