{"id":4846,"date":"2025-12-28T12:41:53","date_gmt":"2025-12-28T11:41:53","guid":{"rendered":"https:\/\/www.vitalibera.org\/community\/?p=4846"},"modified":"2025-12-28T12:42:50","modified_gmt":"2025-12-28T11:42:50","slug":"neurointensivwochen-niwo","status":"publish","type":"post","link":"https:\/\/www.vitalibera.org\/community\/2025\/12\/28\/neurointensivwochen-niwo\/","title":{"rendered":"Neurointensivwochen (NIWo)"},"content":{"rendered":"\n<p>(NIWo) sind intensive, spezialisierte Therapieprogramme f&uuml;r Menschen mit neurologischen Ausf&auml;llen (z.B. nach <a href=\"https:\/\/www.vitalibera.org\/community\/enzyklopaedie\/schlaganfall\/\" target=\"_self\" title=\"Ein Schlaganfall, auch Hirnschlag oder Apoplex genannt, ist eine&nbsp;pl&ouml;tzlich auftretende Durchblutungsst&ouml;rung im Gehirn, die dazu f&uuml;hrt, dass Gehirnzellen nicht mehr ausreichend mit Sauerstoff und N&auml;hrstoffen versorgt werden.&nbsp;Dies kann zu bleibenden Sch&auml;den oder sogar zum Absterben von Hirnzellen f&uuml;hren, wenn die Durchblutung nicht schnell wiederhergestellt wird.&nbsp; Einfach erkl&auml;rt: Stellen Sie sich vor, ein Teil Ihres Gehirns&hellip;\" class=\"encyclopedia\">Schlaganfall<\/a>, <a href=\"https:\/\/www.vitalibera.org\/community\/enzyklopaedie\/schaedel-hirn-trauma-sht\/\" target=\"_self\" title=\"Sch&auml;del-Hirn-Trauma (SHT), eine Verletzung des Sch&auml;dels und\/oder des Gehirns, die durch eine Gewalteinwirkung verursacht wird.&nbsp;SHTs reichen von leichten Formen wie Gehirnersch&uuml;tterungen bis hin zu schweren Verletzungen, die eine sofortige medizinische Behandlung erfordern und lebensbedrohlich sein k&ouml;nnen.&nbsp;M&ouml;gliche Folgen sind vor&uuml;bergehende oder dauerhafte Einschr&auml;nkungen der Hirnfunktion sowie Blutungen.&nbsp; Ursachen &Auml;u&szlig;ere Krafteinwirkung auf den Kopf Unf&auml;lle und St&uuml;rze&hellip;\" class=\"encyclopedia\">Sch&auml;del-Hirn-Trauma<\/a>), die auch lange nach dem Ereignis noch gro&szlig;e Fortschritte erm&ouml;glichen sollen, indem sie hochrepetitives Training (oft 3-4 Stunden t&auml;glich) in Einzel- oder Gruppensettings &uuml;ber mehrere Wochen bieten und oft &uuml;ber Heilmittelverordnungen abgerechnet werden k&ouml;nnen, mit dem Ziel, die Funktion durch gezielte, individuelle Neurorehabilitation zu verbessern.&nbsp;<\/p>\n\n\n\n<p><strong>Was ist das Ziel?<\/strong><\/p>\n\n\n\n<ul class=\"wp-block-list\">\n<li>Sp&auml;te Rehabilitation: Auch Monate oder Jahre nach der Diagnose werden deutliche Fortschritte in der Bewegung und Funktion erzielt.<\/li>\n\n\n\n<li>Intensives, hochrepetitives Training: Oft 3-4 Stunden pro Tag mit individualisierten Zielen.<\/li>\n\n\n\n<li>Ganzheitliche Versorgung: Interdisziplin&auml;re Teams arbeiten zusammen.&nbsp;<\/li>\n<\/ul>\n\n\n\n<p><strong>F&uuml;r wen sind sie geeignet?<\/strong><\/p>\n\n\n\n<ul class=\"wp-block-list\">\n<li>Menschen mit neurologischen Erkrankungen: <a href=\"https:\/\/www.vitalibera.org\/community\/enzyklopaedie\/schlaganfall\/\" target=\"_self\" title=\"Ein Schlaganfall, auch Hirnschlag oder Apoplex genannt, ist eine&nbsp;pl&ouml;tzlich auftretende Durchblutungsst&ouml;rung im Gehirn, die dazu f&uuml;hrt, dass Gehirnzellen nicht mehr ausreichend mit Sauerstoff und N&auml;hrstoffen versorgt werden.&nbsp;Dies kann zu bleibenden Sch&auml;den oder sogar zum Absterben von Hirnzellen f&uuml;hren, wenn die Durchblutung nicht schnell wiederhergestellt wird.&nbsp; Einfach erkl&auml;rt: Stellen Sie sich vor, ein Teil Ihres Gehirns&hellip;\" class=\"encyclopedia\">Schlaganfall<\/a>, <a href=\"https:\/\/www.vitalibera.org\/community\/enzyklopaedie\/schaedel-hirn-trauma-sht\/\" target=\"_self\" title=\"Sch&auml;del-Hirn-Trauma (SHT), eine Verletzung des Sch&auml;dels und\/oder des Gehirns, die durch eine Gewalteinwirkung verursacht wird.&nbsp;SHTs reichen von leichten Formen wie Gehirnersch&uuml;tterungen bis hin zu schweren Verletzungen, die eine sofortige medizinische Behandlung erfordern und lebensbedrohlich sein k&ouml;nnen.&nbsp;M&ouml;gliche Folgen sind vor&uuml;bergehende oder dauerhafte Einschr&auml;nkungen der Hirnfunktion sowie Blutungen.&nbsp; Ursachen &Auml;u&szlig;ere Krafteinwirkung auf den Kopf Unf&auml;lle und St&uuml;rze&hellip;\" class=\"encyclopedia\">Sch&auml;del-Hirn-Trauma<\/a>, MS, <a href=\"https:\/\/www.vitalibera.org\/community\/enzyklopaedie\/parkinson-2\/\" target=\"_self\" title=\"Parkinson ist eine&nbsp;chronisch fortschreitende neurodegenerative Erkrankung, die durch den fortschreitenden Verlust von Nervenzellen im Gehirn verursacht wird, was zu einem Mangel am Botenstoff Dopamin f&uuml;hrt.&nbsp;Dies &auml;u&szlig;ert sich prim&auml;r in Bewegungsst&ouml;rungen wie Zittern (Tremor), verlangsamten Bewegungen (Bradykinese), Muskelsteifheit (Rigor) und Gleichgewichtsst&ouml;rungen.&nbsp;Die Krankheit betrifft h&auml;ufig das extrapyramidal-motorische System und kann je nach Ursache als idiopathisches, genetisches, atypisches&hellip;\" class=\"encyclopedia\">Parkinson<\/a>, <a href=\"https:\/\/www.vitalibera.org\/community\/enzyklopaedie\/ataxie\/\" target=\"_self\" title=\"Der Begriff &bdquo;Ataxie&ldquo; leitet sich vom griechischen Wort &bdquo;a-taxia&ldquo; f&uuml;r &bdquo;fehlende Ordnung&ldquo; ab.&nbsp;Als Ataxien bezeichnet man eine Reihe von seltenen Erkrankungen des Gehirns und R&uuml;ckenmarks, bei denen das Zusammenspiel verschiedener Muskelgruppen gest&ouml;rt ist. Dadurch leiden das Gleichgewicht und die Bewegungskoordination.\" class=\"encyclopedia\">Ataxie<\/a>n, neuromuskul&auml;re Erkrankungen.<\/li>\n\n\n\n<li>Starke Motivation und Belastbarkeit sind erforderlich.&nbsp;<\/li>\n<\/ul>\n\n\n\n<p><strong>Wie funktioniert es?<\/strong><\/p>\n\n\n\n<ul class=\"wp-block-list\">\n<li>Individuelle Analyse: Zu Beginn wird ein passendes Therapieprogramm erstellt.<\/li>\n\n\n\n<li>Spezifische &Uuml;bungen: Neurophysiologisches Training, oft in Einzelbetreuung.<\/li>\n\n\n\n<li>Unterkunft: Organisation von Unterk&uuml;nften bei Anreise m&ouml;glich (z.B. in Gengenbach).&nbsp;<\/li>\n<\/ul>\n\n\n\n<p><strong>Kosten &amp; Abrechnung:<\/strong><\/p>\n\n\n\n<ul class=\"wp-block-list\">\n<li>Oft &uuml;ber Heilmittelverordnungen (Rezept) mit Krankenkassen abrechenbar.<\/li>\n\n\n\n<li>Eigenanteil m&ouml;glich, aber Zusch&uuml;sse durch Stiftungen beantragbar.&nbsp;<\/li>\n<\/ul>\n\n\n\n<p><strong>Wo findet man das?<\/strong><\/p>\n\n\n\n<ul class=\"wp-block-list\">\n<li>Zentren wie das BDH-Therapiezentrum Ortenau bieten diese Programme an.<\/li>\n\n\n\n<li>Anbieter wie Tech2people haben &auml;hnliche Angebote.&nbsp;<\/li>\n\n\n\n<li><a href=\"https:\/\/www.bdh-klinik-greifswald.de\/bdh-klinik-greifswald\/leistungen\/reha-leistungen\/neuro-intensiv-wochen.php\" target=\"_blank\" rel=\"noreferrer noopener\">BDH-Klinik Greifswald<\/a><\/li>\n\n\n\n<li>in der Schweiz gibt es &auml;hnliche intensive Neurorehabilitationen in spezialisierten Zentren, wie der&nbsp;<a href=\"https:\/\/kliniklengg.ch\/zuercher-rehazentrum-lengg\/neurohabilitative-sprechstunden\/hirnschlag-schlaganfall\" target=\"_blank\" rel=\"noreferrer noopener\">Klinik Lengg<\/a><\/li>\n<\/ul>\n\n\n\n<p><\/p>\n","protected":false},"excerpt":{"rendered":"<p>(NIWo) sind intensive, spezialisierte Therapieprogramme f\u00fcr Menschen mit neurologischen Ausf\u00e4llen (z.B. nach Schlaganfall, Sch\u00e4del-Hirn-Trauma), die auch lange nach dem Ereignis noch gro\u00dfe Fortschritte erm\u00f6glichen sollen, indem sie hochrepetitives Training (oft 3-4 Stunden t\u00e4glich) in Einzel- oder Gruppensettings \u00fcber mehrere Wochen bieten und oft \u00fcber Heilmittelverordnungen abgerechnet werden k\u00f6nnen, mit dem Ziel, die Funktion durch gezielte, &#8230; <a title=\"Neurointensivwochen (NIWo)\" class=\"read-more\" href=\"https:\/\/www.vitalibera.org\/community\/2025\/12\/28\/neurointensivwochen-niwo\/\" aria-label=\"Mehr Informationen \u00fcber Neurointensivwochen (NIWo)\">Weiterlesen<\/a><\/p>\n","protected":false},"author":2,"featured_media":4847,"comment_status":"closed","ping_status":"open","sticky":false,"template":"","format":"standard","meta":{"cybocfi_hide_featured_image":"yes","_jetpack_memberships_contains_paid_content":false,"footnotes":""},"categories":[160],"tags":[],"class_list":["post-4846","post","type-post","status-publish","format-standard","has-post-thumbnail","hentry","category-therapien"],"yoast_head":"<!-- This site is optimized with the Yoast SEO plugin v27.4 - https:\/\/yoast.com\/product\/yoast-seo-wordpress\/ -->\r\n<title>Neurointensivwochen (NIWo) - vitalibera.org<\/title>\r\n<meta name=\"robots\" content=\"index, follow, max-snippet:-1, max-image-preview:large, max-video-preview:-1\" \/>\r\n<link rel=\"canonical\" href=\"http:\/\/www.vitalibera.org\/community\/2025\/12\/28\/neurointensivwochen-niwo\/\" \/>\r\n<meta property=\"og:locale\" content=\"de_DE\" \/>\r\n<meta property=\"og:type\" content=\"article\" \/>\r\n<meta property=\"og:title\" content=\"Neurointensivwochen (NIWo) - vitalibera.org\" \/>\r\n<meta property=\"og:description\" content=\"(NIWo) sind intensive, spezialisierte Therapieprogramme f\u00fcr Menschen mit neurologischen Ausf\u00e4llen (z.B. nach Schlaganfall, Sch\u00e4del-Hirn-Trauma), die auch lange nach dem Ereignis noch gro\u00dfe Fortschritte erm\u00f6glichen sollen, indem sie hochrepetitives Training (oft 3-4 Stunden t\u00e4glich) in Einzel- oder Gruppensettings \u00fcber mehrere Wochen bieten und oft \u00fcber Heilmittelverordnungen abgerechnet werden k\u00f6nnen, mit dem Ziel, die Funktion durch gezielte, ... Weiterlesen\" \/>\r\n<meta property=\"og:url\" content=\"http:\/\/www.vitalibera.org\/community\/2025\/12\/28\/neurointensivwochen-niwo\/\" \/>\r\n<meta property=\"og:site_name\" content=\"vitalibera.org\" \/>\r\n<meta property=\"article:publisher\" content=\"https:\/\/www.facebook.com\/groups\/2997085857140235\" \/>\r\n<meta property=\"article:published_time\" content=\"2025-12-28T11:41:53+00:00\" \/>\r\n<meta property=\"article:modified_time\" content=\"2025-12-28T11:42:50+00:00\" \/>\r\n<meta property=\"og:image\" content=\"http:\/\/www.vitalibera.org\/community\/wp-content\/uploads\/2025\/12\/neurointensiv.jpg\" \/>\r\n\t<meta property=\"og:image:width\" content=\"384\" \/>\r\n\t<meta property=\"og:image:height\" content=\"282\" \/>\r\n\t<meta property=\"og:image:type\" content=\"image\/jpeg\" \/>\r\n<meta name=\"author\" content=\"Andreas Jecklin\" \/>\r\n<meta name=\"twitter:card\" content=\"summary_large_image\" \/>\r\n<meta name=\"twitter:label1\" content=\"Verfasst von\" \/>\n\t<meta name=\"twitter:data1\" content=\"Andreas Jecklin\" \/>\n\t<meta name=\"twitter:label2\" content=\"Gesch\u00e4tzte Lesezeit\" \/>\n\t<meta name=\"twitter:data2\" content=\"2\u00a0Minuten\" \/>\r\n<script type=\"application\/ld+json\" class=\"yoast-schema-graph\">{\"@context\":\"https:\\\/\\\/schema.org\",\"@graph\":[{\"@type\":\"Article\",\"@id\":\"http:\\\/\\\/www.vitalibera.org\\\/community\\\/2025\\\/12\\\/28\\\/neurointensivwochen-niwo\\\/#article\",\"isPartOf\":{\"@id\":\"http:\\\/\\\/www.vitalibera.org\\\/community\\\/2025\\\/12\\\/28\\\/neurointensivwochen-niwo\\\/\"},\"author\":{\"name\":\"Andreas Jecklin\",\"@id\":\"https:\\\/\\\/www.vitalibera.org\\\/community\\\/#\\\/schema\\\/person\\\/6712387298421f222ff6d0a2e22c1534\"},\"headline\":\"Neurointensivwochen (NIWo)\",\"datePublished\":\"2025-12-28T11:41:53+00:00\",\"dateModified\":\"2025-12-28T11:42:50+00:00\",\"mainEntityOfPage\":{\"@id\":\"http:\\\/\\\/www.vitalibera.org\\\/community\\\/2025\\\/12\\\/28\\\/neurointensivwochen-niwo\\\/\"},\"wordCount\":224,\"publisher\":{\"@id\":\"https:\\\/\\\/www.vitalibera.org\\\/community\\\/#organization\"},\"image\":{\"@id\":\"http:\\\/\\\/www.vitalibera.org\\\/community\\\/2025\\\/12\\\/28\\\/neurointensivwochen-niwo\\\/#primaryimage\"},\"thumbnailUrl\":\"https:\\\/\\\/www.vitalibera.org\\\/community\\\/wp-content\\\/uploads\\\/2025\\\/12\\\/neurointensiv.jpg\",\"articleSection\":[\"Therapien\"],\"inLanguage\":\"de\"},{\"@type\":\"WebPage\",\"@id\":\"http:\\\/\\\/www.vitalibera.org\\\/community\\\/2025\\\/12\\\/28\\\/neurointensivwochen-niwo\\\/\",\"url\":\"http:\\\/\\\/www.vitalibera.org\\\/community\\\/2025\\\/12\\\/28\\\/neurointensivwochen-niwo\\\/\",\"name\":\"Neurointensivwochen (NIWo) - vitalibera.org\",\"isPartOf\":{\"@id\":\"https:\\\/\\\/www.vitalibera.org\\\/community\\\/#website\"},\"primaryImageOfPage\":{\"@id\":\"http:\\\/\\\/www.vitalibera.org\\\/community\\\/2025\\\/12\\\/28\\\/neurointensivwochen-niwo\\\/#primaryimage\"},\"image\":{\"@id\":\"http:\\\/\\\/www.vitalibera.org\\\/community\\\/2025\\\/12\\\/28\\\/neurointensivwochen-niwo\\\/#primaryimage\"},\"thumbnailUrl\":\"https:\\\/\\\/www.vitalibera.org\\\/community\\\/wp-content\\\/uploads\\\/2025\\\/12\\\/neurointensiv.jpg\",\"datePublished\":\"2025-12-28T11:41:53+00:00\",\"dateModified\":\"2025-12-28T11:42:50+00:00\",\"breadcrumb\":{\"@id\":\"http:\\\/\\\/www.vitalibera.org\\\/community\\\/2025\\\/12\\\/28\\\/neurointensivwochen-niwo\\\/#breadcrumb\"},\"inLanguage\":\"de\",\"potentialAction\":[{\"@type\":\"ReadAction\",\"target\":[\"http:\\\/\\\/www.vitalibera.org\\\/community\\\/2025\\\/12\\\/28\\\/neurointensivwochen-niwo\\\/\"]}]},{\"@type\":\"BreadcrumbList\",\"@id\":\"http:\\\/\\\/www.vitalibera.org\\\/community\\\/2025\\\/12\\\/28\\\/neurointensivwochen-niwo\\\/#breadcrumb\",\"itemListElement\":[{\"@type\":\"ListItem\",\"position\":1,\"name\":\"Startseite\",\"item\":\"https:\\\/\\\/www.vitalibera.org\\\/community\\\/\"},{\"@type\":\"ListItem\",\"position\":2,\"name\":\"Neurointensivwochen (NIWo)\"}]},{\"@type\":\"WebSite\",\"@id\":\"https:\\\/\\\/www.vitalibera.org\\\/community\\\/#website\",\"url\":\"https:\\\/\\\/www.vitalibera.org\\\/community\\\/\",\"name\":\"vitalibera.org\",\"description\":\"Mit einer Einschr&auml;nkung gestaltet sich das Leben im Alltag oft schwieriger - hier berichten wir &uuml;ber unsere Erfahrungen und Hilfsmittel um den Alltag so unbeschwert und unkompliziert wie nur m&ouml;glich geniessen zu k&ouml;nnen. Dabei richten wir unseren Fokus gezielt auf Selbst&auml;ndigkeit, Eigenst&auml;ndigkeit und Selbstbestimmung.\",\"publisher\":{\"@id\":\"https:\\\/\\\/www.vitalibera.org\\\/community\\\/#organization\"},\"potentialAction\":[{\"@type\":\"SearchAction\",\"target\":{\"@type\":\"EntryPoint\",\"urlTemplate\":\"https:\\\/\\\/www.vitalibera.org\\\/community\\\/?s={search_term_string}\"},\"query-input\":{\"@type\":\"PropertyValueSpecification\",\"valueRequired\":true,\"valueName\":\"search_term_string\"}}],\"inLanguage\":\"de\"},{\"@type\":\"Organization\",\"@id\":\"https:\\\/\\\/www.vitalibera.org\\\/community\\\/#organization\",\"name\":\"vitalibera.org\",\"url\":\"https:\\\/\\\/www.vitalibera.org\\\/community\\\/\",\"logo\":{\"@type\":\"ImageObject\",\"inLanguage\":\"de\",\"@id\":\"https:\\\/\\\/www.vitalibera.org\\\/community\\\/#\\\/schema\\\/logo\\\/image\\\/\",\"url\":\"https:\\\/\\\/www.vitalibera.org\\\/community\\\/wp-content\\\/uploads\\\/2025\\\/09\\\/cropped-banner.png\",\"contentUrl\":\"https:\\\/\\\/www.vitalibera.org\\\/community\\\/wp-content\\\/uploads\\\/2025\\\/09\\\/cropped-banner.png\",\"width\":991,\"height\":150,\"caption\":\"vitalibera.org\"},\"image\":{\"@id\":\"https:\\\/\\\/www.vitalibera.org\\\/community\\\/#\\\/schema\\\/logo\\\/image\\\/\"},\"sameAs\":[\"https:\\\/\\\/www.facebook.com\\\/groups\\\/2997085857140235\"]},{\"@type\":\"Person\",\"@id\":\"https:\\\/\\\/www.vitalibera.org\\\/community\\\/#\\\/schema\\\/person\\\/6712387298421f222ff6d0a2e22c1534\",\"name\":\"Andreas Jecklin\",\"image\":{\"@type\":\"ImageObject\",\"inLanguage\":\"de\",\"@id\":\"https:\\\/\\\/secure.gravatar.com\\\/avatar\\\/ad516503a11cd5ca435acc9bb6523536?s=96\",\"url\":\"https:\\\/\\\/secure.gravatar.com\\\/avatar\\\/ad516503a11cd5ca435acc9bb6523536?s=96\",\"contentUrl\":\"https:\\\/\\\/secure.gravatar.com\\\/avatar\\\/ad516503a11cd5ca435acc9bb6523536?s=96\",\"caption\":\"Andreas Jecklin\"},\"description\":\"Manchen gab Gott die Kraft Dinge zu ver\u00e4ndern, mir gab er die Kraft zu ertragen was nicht mehr zu \u00e4ndern ist.\",\"url\":\"https:\\\/\\\/www.vitalibera.org\\\/community\\\/author\\\/andy77\\\/\"}]}<\/script>\r\n<!-- \/ Yoast SEO plugin. -->","yoast_head_json":{"title":"Neurointensivwochen (NIWo) - vitalibera.org","robots":{"index":"index","follow":"follow","max-snippet":"max-snippet:-1","max-image-preview":"max-image-preview:large","max-video-preview":"max-video-preview:-1"},"canonical":"http:\/\/www.vitalibera.org\/community\/2025\/12\/28\/neurointensivwochen-niwo\/","og_locale":"de_DE","og_type":"article","og_title":"Neurointensivwochen (NIWo) - vitalibera.org","og_description":"(NIWo) sind intensive, spezialisierte Therapieprogramme f\u00fcr Menschen mit neurologischen Ausf\u00e4llen (z.B. nach Schlaganfall, Sch\u00e4del-Hirn-Trauma), die auch lange nach dem Ereignis noch gro\u00dfe Fortschritte erm\u00f6glichen sollen, indem sie hochrepetitives Training (oft 3-4 Stunden t\u00e4glich) in Einzel- oder Gruppensettings \u00fcber mehrere Wochen bieten und oft \u00fcber Heilmittelverordnungen abgerechnet werden k\u00f6nnen, mit dem Ziel, die Funktion durch gezielte, ... Weiterlesen","og_url":"http:\/\/www.vitalibera.org\/community\/2025\/12\/28\/neurointensivwochen-niwo\/","og_site_name":"vitalibera.org","article_publisher":"https:\/\/www.facebook.com\/groups\/2997085857140235","article_published_time":"2025-12-28T11:41:53+00:00","article_modified_time":"2025-12-28T11:42:50+00:00","og_image":[{"width":384,"height":282,"url":"http:\/\/www.vitalibera.org\/community\/wp-content\/uploads\/2025\/12\/neurointensiv.jpg","type":"image\/jpeg"}],"author":"Andreas Jecklin","twitter_card":"summary_large_image","twitter_misc":{"Verfasst von":"Andreas Jecklin","Gesch\u00e4tzte Lesezeit":"2\u00a0Minuten"},"schema":{"@context":"https:\/\/schema.org","@graph":[{"@type":"Article","@id":"http:\/\/www.vitalibera.org\/community\/2025\/12\/28\/neurointensivwochen-niwo\/#article","isPartOf":{"@id":"http:\/\/www.vitalibera.org\/community\/2025\/12\/28\/neurointensivwochen-niwo\/"},"author":{"name":"Andreas Jecklin","@id":"https:\/\/www.vitalibera.org\/community\/#\/schema\/person\/6712387298421f222ff6d0a2e22c1534"},"headline":"Neurointensivwochen (NIWo)","datePublished":"2025-12-28T11:41:53+00:00","dateModified":"2025-12-28T11:42:50+00:00","mainEntityOfPage":{"@id":"http:\/\/www.vitalibera.org\/community\/2025\/12\/28\/neurointensivwochen-niwo\/"},"wordCount":224,"publisher":{"@id":"https:\/\/www.vitalibera.org\/community\/#organization"},"image":{"@id":"http:\/\/www.vitalibera.org\/community\/2025\/12\/28\/neurointensivwochen-niwo\/#primaryimage"},"thumbnailUrl":"https:\/\/www.vitalibera.org\/community\/wp-content\/uploads\/2025\/12\/neurointensiv.jpg","articleSection":["Therapien"],"inLanguage":"de"},{"@type":"WebPage","@id":"http:\/\/www.vitalibera.org\/community\/2025\/12\/28\/neurointensivwochen-niwo\/","url":"http:\/\/www.vitalibera.org\/community\/2025\/12\/28\/neurointensivwochen-niwo\/","name":"Neurointensivwochen (NIWo) - vitalibera.org","isPartOf":{"@id":"https:\/\/www.vitalibera.org\/community\/#website"},"primaryImageOfPage":{"@id":"http:\/\/www.vitalibera.org\/community\/2025\/12\/28\/neurointensivwochen-niwo\/#primaryimage"},"image":{"@id":"http:\/\/www.vitalibera.org\/community\/2025\/12\/28\/neurointensivwochen-niwo\/#primaryimage"},"thumbnailUrl":"https:\/\/www.vitalibera.org\/community\/wp-content\/uploads\/2025\/12\/neurointensiv.jpg","datePublished":"2025-12-28T11:41:53+00:00","dateModified":"2025-12-28T11:42:50+00:00","breadcrumb":{"@id":"http:\/\/www.vitalibera.org\/community\/2025\/12\/28\/neurointensivwochen-niwo\/#breadcrumb"},"inLanguage":"de","potentialAction":[{"@type":"ReadAction","target":["http:\/\/www.vitalibera.org\/community\/2025\/12\/28\/neurointensivwochen-niwo\/"]}]},{"@type":"BreadcrumbList","@id":"http:\/\/www.vitalibera.org\/community\/2025\/12\/28\/neurointensivwochen-niwo\/#breadcrumb","itemListElement":[{"@type":"ListItem","position":1,"name":"Startseite","item":"https:\/\/www.vitalibera.org\/community\/"},{"@type":"ListItem","position":2,"name":"Neurointensivwochen (NIWo)"}]},{"@type":"WebSite","@id":"https:\/\/www.vitalibera.org\/community\/#website","url":"https:\/\/www.vitalibera.org\/community\/","name":"vitalibera.org","description":"Mit einer Einschr&auml;nkung gestaltet sich das Leben im Alltag oft schwieriger - hier berichten wir &uuml;ber unsere Erfahrungen und Hilfsmittel um den Alltag so unbeschwert und unkompliziert wie nur m&ouml;glich geniessen zu k&ouml;nnen. Dabei richten wir unseren Fokus gezielt auf Selbst&auml;ndigkeit, Eigenst&auml;ndigkeit und Selbstbestimmung.","publisher":{"@id":"https:\/\/www.vitalibera.org\/community\/#organization"},"potentialAction":[{"@type":"SearchAction","target":{"@type":"EntryPoint","urlTemplate":"https:\/\/www.vitalibera.org\/community\/?s={search_term_string}"},"query-input":{"@type":"PropertyValueSpecification","valueRequired":true,"valueName":"search_term_string"}}],"inLanguage":"de"},{"@type":"Organization","@id":"https:\/\/www.vitalibera.org\/community\/#organization","name":"vitalibera.org","url":"https:\/\/www.vitalibera.org\/community\/","logo":{"@type":"ImageObject","inLanguage":"de","@id":"https:\/\/www.vitalibera.org\/community\/#\/schema\/logo\/image\/","url":"https:\/\/www.vitalibera.org\/community\/wp-content\/uploads\/2025\/09\/cropped-banner.png","contentUrl":"https:\/\/www.vitalibera.org\/community\/wp-content\/uploads\/2025\/09\/cropped-banner.png","width":991,"height":150,"caption":"vitalibera.org"},"image":{"@id":"https:\/\/www.vitalibera.org\/community\/#\/schema\/logo\/image\/"},"sameAs":["https:\/\/www.facebook.com\/groups\/2997085857140235"]},{"@type":"Person","@id":"https:\/\/www.vitalibera.org\/community\/#\/schema\/person\/6712387298421f222ff6d0a2e22c1534","name":"Andreas Jecklin","image":{"@type":"ImageObject","inLanguage":"de","@id":"https:\/\/secure.gravatar.com\/avatar\/ad516503a11cd5ca435acc9bb6523536?s=96","url":"https:\/\/secure.gravatar.com\/avatar\/ad516503a11cd5ca435acc9bb6523536?s=96","contentUrl":"https:\/\/secure.gravatar.com\/avatar\/ad516503a11cd5ca435acc9bb6523536?s=96","caption":"Andreas Jecklin"},"description":"Manchen gab Gott die Kraft Dinge zu ver\u00e4ndern, mir gab er die Kraft zu ertragen was nicht mehr zu \u00e4ndern ist.","url":"https:\/\/www.vitalibera.org\/community\/author\/andy77\/"}]}},"jetpack_featured_media_url":"https:\/\/www.vitalibera.org\/community\/wp-content\/uploads\/2025\/12\/neurointensiv.jpg","jetpack_sharing_enabled":true,"jetpack-related-posts":[],"_links":{"self":[{"href":"https:\/\/www.vitalibera.org\/community\/wp-json\/wp\/v2\/posts\/4846","targetHints":{"allow":["GET"]}}],"collection":[{"href":"https:\/\/www.vitalibera.org\/community\/wp-json\/wp\/v2\/posts"}],"about":[{"href":"https:\/\/www.vitalibera.org\/community\/wp-json\/wp\/v2\/types\/post"}],"author":[{"embeddable":true,"href":"https:\/\/www.vitalibera.org\/community\/wp-json\/wp\/v2\/users\/2"}],"replies":[{"embeddable":true,"href":"https:\/\/www.vitalibera.org\/community\/wp-json\/wp\/v2\/comments?post=4846"}],"version-history":[{"count":1,"href":"https:\/\/www.vitalibera.org\/community\/wp-json\/wp\/v2\/posts\/4846\/revisions"}],"predecessor-version":[{"id":4848,"href":"https:\/\/www.vitalibera.org\/community\/wp-json\/wp\/v2\/posts\/4846\/revisions\/4848"}],"wp:featuredmedia":[{"embeddable":true,"href":"https:\/\/www.vitalibera.org\/community\/wp-json\/wp\/v2\/media\/4847"}],"wp:attachment":[{"href":"https:\/\/www.vitalibera.org\/community\/wp-json\/wp\/v2\/media?parent=4846"}],"wp:term":[{"taxonomy":"category","embeddable":true,"href":"https:\/\/www.vitalibera.org\/community\/wp-json\/wp\/v2\/categories?post=4846"},{"taxonomy":"post_tag","embeddable":true,"href":"https:\/\/www.vitalibera.org\/community\/wp-json\/wp\/v2\/tags?post=4846"}],"curies":[{"name":"wp","href":"https:\/\/api.w.org\/{rel}","templated":true}]}}