{"id":4854,"date":"2025-12-28T18:16:25","date_gmt":"2025-12-28T17:16:25","guid":{"rendered":"https:\/\/www.vitalibera.org\/community\/?p=4854"},"modified":"2025-12-28T18:21:40","modified_gmt":"2025-12-28T17:21:40","slug":"pflege-bei-hemiplegie","status":"publish","type":"post","link":"https:\/\/www.vitalibera.org\/community\/2025\/12\/28\/pflege-bei-hemiplegie\/","title":{"rendered":"Pflege bei Hemiplegie"},"content":{"rendered":"\n<p>Lagerung, Therapie und weitere Hilfestellungen f&uuml;r pflegende Angeh&ouml;rige<\/p>\n\n\n\n<p><em><a href=\"https:\/\/www.vitalibera.org\/community\/enzyklopaedie\/hirnverletzung\/\" target=\"_self\" title=\"Eine Hirnverletzung (oft als&nbsp;Sch&auml;del-Hirn-Trauma, SHT) ist eine&nbsp;Sch&auml;digung des Gehirns, verursacht durch &auml;u&szlig;ere Gewalteinwirkung (Unfall, Sturz) oder innere Faktoren (Schlaganfall, Tumor). Sie f&uuml;hrt zu k&ouml;rperlichen, kognitiven und verhaltensbezogenen Einschr&auml;nkungen, die oft unsichtbar bleiben. Symptome reichen von Kopfschmerzen bis zu schweren Behinderungen. Wichtige Aspekte der Hirnverletzung: Ursachen:&nbsp;H&auml;ufig durch Schlaganf&auml;lle, Hirnblutungen, Sauerstoffmangel oder St&uuml;rze\/Verkehrsunf&auml;lle (Sch&auml;del-Hirn-Trauma). Formen (SHT):&nbsp;Unterscheidung in&hellip;\" class=\"encyclopedia\">Hirnverletzung<\/a>en wie <a href=\"https:\/\/www.vitalibera.org\/community\/enzyklopaedie\/schlaganfall\/\" target=\"_self\" title=\"Ein Schlaganfall, auch Hirnschlag oder Apoplex genannt, ist eine&nbsp;pl&ouml;tzlich auftretende Durchblutungsst&ouml;rung im Gehirn, die dazu f&uuml;hrt, dass Gehirnzellen nicht mehr ausreichend mit Sauerstoff und N&auml;hrstoffen versorgt werden.&nbsp;Dies kann zu bleibenden Sch&auml;den oder sogar zum Absterben von Hirnzellen f&uuml;hren, wenn die Durchblutung nicht schnell wiederhergestellt wird.&nbsp; Einfach erkl&auml;rt: Stellen Sie sich vor, ein Teil Ihres Gehirns&hellip;\" class=\"encyclopedia\">Schlaganfall<\/a>, Hirntumor oder ein <a href=\"https:\/\/www.vitalibera.org\/community\/enzyklopaedie\/schaedel-hirn-trauma-sht\/\" target=\"_self\" title=\"Sch&auml;del-Hirn-Trauma (SHT), eine Verletzung des Sch&auml;dels und\/oder des Gehirns, die durch eine Gewalteinwirkung verursacht wird.&nbsp;SHTs reichen von leichten Formen wie Gehirnersch&uuml;tterungen bis hin zu schweren Verletzungen, die eine sofortige medizinische Behandlung erfordern und lebensbedrohlich sein k&ouml;nnen.&nbsp;M&ouml;gliche Folgen sind vor&uuml;bergehende oder dauerhafte Einschr&auml;nkungen der Hirnfunktion sowie Blutungen.&nbsp; Ursachen &Auml;u&szlig;ere Krafteinwirkung auf den Kopf Unf&auml;lle und St&uuml;rze&hellip;\" class=\"encyclopedia\">Sch&auml;del-Hirn-Trauma<\/a> k&ouml;nnen verschiedene Folgen nach sich ziehen. Eine der h&auml;ufigsten ist die <a href=\"https:\/\/www.vitalibera.org\/community\/enzyklopaedie\/hemiplegie\/\" target=\"_self\" title=\"Hemiplegie ist die&nbsp;vollst&auml;ndige L&auml;hmung einer K&ouml;rperh&auml;lfte, die meist durch eine Sch&auml;digung einer Gehirnh&auml;lfte verursacht wird, oft infolge eines Schlaganfalls.&nbsp;Sie kann auch Arme, Beine und Gesichtsmuskulatur umfassen und geht oft mit einer eingeschr&auml;nkten oder aufgehobenen Sensibilit&auml;t sowie Sprachst&ouml;rungen einher.&nbsp;Die Rehabilitation konzentriert sich auf die Wiederherstellung der Bewegung durch Physiotherapie und die Vorbeugung von Komplikationen wie Muskelverk&uuml;rzungen.&nbsp;&hellip;\" class=\"encyclopedia\">Hemiplegie<\/a>, die vollst&auml;ndige oder nahezu vollst&auml;ndige L&auml;hmung einer K&ouml;rperh&auml;lfte. F&uuml;r die Betroffenen ver&auml;ndert sich das Leben schlagartig: Beweglichkeit, Sprache, Alltagskompetenz &ndash; vieles muss neu gelernt oder kompensiert werden. Angeh&ouml;rige stehen vor der grossen Aufgabe, ihre Liebsten zu pflegen und gleichzeitig deren Motivation aufrecht zu erhalten. <\/em><\/p>\n\n\n\n<h2 class=\"wp-block-heading\">Auswirkungen einer Hemiplegie<\/h2>\n\n\n\n<p><a href=\"https:\/\/www.vitalibera.org\/community\/enzyklopaedie\/hemiplegie\/\" target=\"_self\" title=\"Hemiplegie ist die&nbsp;vollst&auml;ndige L&auml;hmung einer K&ouml;rperh&auml;lfte, die meist durch eine Sch&auml;digung einer Gehirnh&auml;lfte verursacht wird, oft infolge eines Schlaganfalls.&nbsp;Sie kann auch Arme, Beine und Gesichtsmuskulatur umfassen und geht oft mit einer eingeschr&auml;nkten oder aufgehobenen Sensibilit&auml;t sowie Sprachst&ouml;rungen einher.&nbsp;Die Rehabilitation konzentriert sich auf die Wiederherstellung der Bewegung durch Physiotherapie und die Vorbeugung von Komplikationen wie Muskelverk&uuml;rzungen.&nbsp;&hellip;\" class=\"encyclopedia\">Hemiplegie<\/a> kann verschiedene Konsequenzen f&uuml;r die Betroffenen haben: Von unsichtbaren kognitiven und sensorischen Einschr&auml;nkungen bis zu sichtbaren Einfl&uuml;ssen in Gesicht und Sprache. &laquo;Beispiele daf&uuml;r sind die L&auml;hmung einer Gesichtsh&auml;lfte, Taubheit oder Kribbeln von Teilen des K&ouml;rpers, Sprachst&ouml;rungen, Konzentrationsschwierigkeiten und Bewegungsverlust oder -schw&auml;che, &laquo;<a href=\"https:\/\/www.vitalibera.org\/community\/enzyklopaedie\/neglect\/\" target=\"_self\" title='Neglect, auch bekannt als Neglect-Syndrom, ist eine&nbsp;neurologische St&ouml;rung, bei der eine Seite der Umgebung oder des eigenen K&ouml;rpers nicht mehr wahrgenommen oder beachtet wird, obwohl die Sinnesorgane (wie Augen oder Ohren) selbst intakt sind.&nbsp;Es ist keine Sehst&ouml;rung (wie eine Hemianopsie), sondern eine Aufmerksamkeitsst&ouml;rung.&nbsp;Der Begriff leitet sich vom lateinischen \"neglegere\" ab, was \"nicht beachten\" oder \"vernachl&auml;ssigen\"&hellip;' class=\"encyclopedia\">Neglect<\/a>&raquo; (Nichtwahrnehmen der betroffenen Seite) und auch Schluckst&ouml;rungen (<a href=\"https:\/\/www.vitalibera.org\/community\/enzyklopaedie\/dysphagie\/\" target=\"_self\" title='Die Dysphagie ist gekennzeichnet durch ein&nbsp;\"Steckenbleiben\" der Nahrung in Hals oder Brust, das mit Druckgef&uuml;hl oder Schmerzen verbunden ist&nbsp;(Odynophagie). Die Beschwerden k&ouml;nnen w&auml;hrend oder nach dem Schluckakt auftreten und zervikal, retrosternal oder abdominell lokalisiert sein.' class=\"encyclopedia\">Dysphagie<\/a>)&raquo;,. &laquo;F&uuml;r die Angeh&ouml;rigen der Betroffenen bedeutet das, pl&ouml;tzlich Aufgaben zu &uuml;bernehmen, f&uuml;r die sie nie ausgebildet wurden. K&ouml;rperpflege, Mobilisation, Lagerung, Unterst&uuml;tzung bei Toiletteng&auml;ngen oder beim Essen &ndash; das alles ist f&uuml;r viele neu und oft &uuml;berfordernd.&raquo;<\/p>\n\n\n\n<h2 class=\"wp-block-heading\">Ein neuer Alltag f&uuml;r Pflegebed&uuml;rftige und Pflegende zugleich<\/h2>\n\n\n\n<p>Die T&auml;tigkeiten, die nun von Angeh&ouml;rigen &uuml;bernommen werden m&uuml;ssen, &auml;ndern auch den Alltag. Bereits das Z&auml;hneputzen mit nur einer Hand, das Halten eines Glases oder das Zurechtr&uuml;cken im Bett k&ouml;nnen zur H&uuml;rde f&uuml;r die Betroffenen werden. Wir geben hier folgenden Hinweis: &laquo;Hilfsmittel wie Greifzangen, Anziehhilfen, rutschfeste Unterlagen z.B. im Badezimmer oder ergonomische Bestecke k&ouml;nnen den Alltag f&uuml;r <a href=\"https:\/\/www.vitalibera.org\/community\/2026\/04\/19\/wenn-reize-laut-werden-und-menschen-leise\/\">Betroffene<\/a> und Angeh&ouml;rige erleichtern. Ebenso rutschfeste Schuhe\/Hausschuhe\/Socken. Besonders wichtig ist es, die Angeh&ouml;rigen zu bef&auml;higen, m&ouml;glichst fr&uuml;h auf eine aktivierende Lagerung zu achten (z.B. 30&deg; Seitenlagerung, <a href=\"https:\/\/www.vitalibera.org\/community\/enzyklopaedie\/bobath-konzept\/\" target=\"_self\" title=\"Das Bobath-Konzept ist eine rehabilitative Behandlungsmethode, die bei neurologischen Erkrankungen zur Wiederherstellung von Bewegungsfunktionen eingesetzt wird.&nbsp;Es ist ein interdisziplin&auml;rer Ansatz, der Physiotherapeuten, Ergotherapeuten, &Auml;rzte und Pflegekr&auml;fte einbezieht, um die Patienten bei der Bew&auml;ltigung von L&auml;hmungen, Spastik und anderen Einschr&auml;nkungen zu unterst&uuml;tzen.&nbsp; Was ist das Bobath-Konzept? Das Bobath-Konzept, auch als Neuro-Developmental Treatment (NDT) bekannt, ist ein&hellip;\" class=\"encyclopedia\">Bobath<\/a>-Lagerung). F&uuml;r den richtigen Einsatz dieser Lagerungstechniken beraten und unterst&uuml;tzen wir Pflegefachpersonen die Angeh&ouml;rigen, da falsche Lagerung zu Schmerzen f&uuml;hren und <a href=\"https:\/\/www.vitalibera.org\/community\/enzyklopaedie\/spastik-spastizitaet\/\" target=\"_self\" title=\"Spastik, auch Spastizit&auml;t genannt, ist eine&nbsp;neurologische Erkrankung, bei der die Muskelspannung erh&ouml;ht ist und es zu unkontrollierbaren Verkrampfungen kommt.&nbsp;Sie ist keine eigenst&auml;ndige Krankheit, sondern ein Symptom einer Sch&auml;digung des zentralen Nervensystems, zum Beispiel nach einem Schlaganfall, bei Multipler Sklerose oder einer R&uuml;ckenmarksverletzung.&nbsp;Die Behandlung ist langfristig und umfasst Physiotherapie, Ergotherapie, Medikamente, Orthesen und ggf. Operationen, um&hellip;\" class=\"encyclopedia\">Spastik<\/a> verst&auml;rken kann.&raquo;<\/p>\n\n\n\n<h2 class=\"wp-block-heading\">Mobilisation, Bewegungsf&ouml;rderung und Lagerung<\/h2>\n\n\n\n<p>Bei der Lagerung ist besondere Vorsicht geboten: Druckstellen, Schmerzen oder Gelenkversteifungen lassen sich nur vermeiden, wenn die gel&auml;hmte K&ouml;rperh&auml;lfte regelm&auml;ssig und korrekt gelagert wird. Regelm&auml;ssige Bewegung ist zudem notwendig, um Folgeprobleme wie Druckstellen, Gelenkversteifungen, Muskelschwund oder Lungenentz&uuml;ndungen zu vermeiden. Deshalb ist eine angepasste <a href=\"https:\/\/www.vitalibera.org\/community\/enzyklopaedie\/grundpflege\/\" target=\"_self\" title=\"Die Grundpflege&nbsp;umfasst essenzielle, t&auml;glich wiederkehrende Pflegeleistungen f&uuml;r Menschen, die ihren Alltag nicht selbstst&auml;ndig bew&auml;ltigen k&ouml;nnen. Sie beinhaltet Ma&szlig;nahmen der K&ouml;rperpflege (Waschen, Duschen), Ern&auml;hrung (Nahrungsaufnahme) und Mobilit&auml;t (Aufstehen, Gehen) sowie Ausscheidung. Ziel ist die Unterst&uuml;tzung im Alltag, die F&ouml;rderung der Selbstst&auml;ndigkeit (aktivierende Pflege) und die Vermeidung von Folgeerkrankungen. Kerninhalte der Grundpflege: K&ouml;rperpflege:&nbsp;Waschen, Duschen, Baden, Zahnpflege, Rasieren,&hellip;\" class=\"encyclopedia\">Grundpflege<\/a> entscheidend &ndash; nicht nur f&uuml;r die k&ouml;rperliche Gesundheit, sondern auch f&uuml;r das seelische Wohlbefinden der betroffenen Person.<\/p>\n\n\n\n<figure class=\"wp-block-image size-large\"><img fetchpriority=\"high\" decoding=\"async\" width=\"1024\" height=\"576\" src=\"https:\/\/www.vitalibera.org\/community\/wp-content\/uploads\/2025\/12\/68de1629b7ff38161b47b13e_Carela-HemiplegieGraphic-Blog-1024x576.png\" alt=\"\" class=\"wp-image-4855\" srcset=\"https:\/\/www.vitalibera.org\/community\/wp-content\/uploads\/2025\/12\/68de1629b7ff38161b47b13e_Carela-HemiplegieGraphic-Blog-1024x576.png 1024w, https:\/\/www.vitalibera.org\/community\/wp-content\/uploads\/2025\/12\/68de1629b7ff38161b47b13e_Carela-HemiplegieGraphic-Blog-300x169.png 300w, https:\/\/www.vitalibera.org\/community\/wp-content\/uploads\/2025\/12\/68de1629b7ff38161b47b13e_Carela-HemiplegieGraphic-Blog-768x432.png 768w, https:\/\/www.vitalibera.org\/community\/wp-content\/uploads\/2025\/12\/68de1629b7ff38161b47b13e_Carela-HemiplegieGraphic-Blog.png 1280w\" sizes=\"(max-width: 1024px) 100vw, 1024px\" \/><\/figure>\n\n\n\n<h2 class=\"wp-block-heading\">Was besonders z&auml;hlt: Therapie<\/h2>\n\n\n\n<p>Neben Mobilisation, Bewegungsf&ouml;rderung und Lagerung ist die Therapie ein zentrales Element im Leben mit <a href=\"https:\/\/www.vitalibera.org\/community\/enzyklopaedie\/hemiplegie\/\" target=\"_self\" title=\"Hemiplegie ist die&nbsp;vollst&auml;ndige L&auml;hmung einer K&ouml;rperh&auml;lfte, die meist durch eine Sch&auml;digung einer Gehirnh&auml;lfte verursacht wird, oft infolge eines Schlaganfalls.&nbsp;Sie kann auch Arme, Beine und Gesichtsmuskulatur umfassen und geht oft mit einer eingeschr&auml;nkten oder aufgehobenen Sensibilit&auml;t sowie Sprachst&ouml;rungen einher.&nbsp;Die Rehabilitation konzentriert sich auf die Wiederherstellung der Bewegung durch Physiotherapie und die Vorbeugung von Komplikationen wie Muskelverk&uuml;rzungen.&nbsp;&hellip;\" class=\"encyclopedia\">Hemiplegie<\/a>: <a href=\"https:\/\/www.vitalibera.org\/community\/enzyklopaedie\/physiotherapie\/\" target=\"_self\" title=\"Die Physiotherapie ist ein essenzieller Bestandteil der Schlaganfall-Rehabilitation, um durch gezieltes, intensives Training (Neuroplastizit&auml;t) Mobilit&auml;t, Kraft und Koordination wiederherzustellen. Fr&uuml;hzeitiger Beginn und hohe Wiederholungsraten f&ouml;rdern die Wiedererlangung der Selbstst&auml;ndigkeit. Wichtige Konzepte sind Bobath, PNF, Spiegeltraining und Gangschulung. Ziele und Schwerpunkte der Physiotherapie: Verbesserung der Beweglichkeit:&nbsp;Wiederherstellung von Funktionen wie Greifen oder Gehen. Kraftaufbau &amp; Gleichgewicht:&nbsp;St&auml;rkung der&hellip;\" class=\"encyclopedia\">Physiotherapie<\/a>, <a href=\"https:\/\/www.vitalibera.org\/community\/enzyklopaedie\/ergotherapie\/\" target=\"_self\" title=\"Ergotherapie&nbsp;unterst&uuml;tzt und begleitet Menschen jeden Alters, die in ihrer Handlungsf&auml;higkeit eingeschr&auml;nkt oder von Einschr&auml;nkung bedroht sind. Ziel ist, sie bei der Durchf&uuml;hrung f&uuml;r sie bedeutungsvoller Bet&auml;tigungen in den Bereichen Selbstversorgung, Produktivit&auml;t und Freizeit in ihrer pers&ouml;nlichen Umwelt zu st&auml;rken.\" class=\"encyclopedia\">Ergotherapie<\/a> und Sprachtherapie zielen darauf ab, verloren gegangene F&auml;higkeiten (teilweise) zur&uuml;ckzugewinnen oder zu kompensieren. Im besten Fall startet die Therapie bereits 24h nach dem <a href=\"https:\/\/www.vitalibera.org\/community\/enzyklopaedie\/schlaganfall\/\" target=\"_self\" title=\"Ein Schlaganfall, auch Hirnschlag oder Apoplex genannt, ist eine&nbsp;pl&ouml;tzlich auftretende Durchblutungsst&ouml;rung im Gehirn, die dazu f&uuml;hrt, dass Gehirnzellen nicht mehr ausreichend mit Sauerstoff und N&auml;hrstoffen versorgt werden.&nbsp;Dies kann zu bleibenden Sch&auml;den oder sogar zum Absterben von Hirnzellen f&uuml;hren, wenn die Durchblutung nicht schnell wiederhergestellt wird.&nbsp; Einfach erkl&auml;rt: Stellen Sie sich vor, ein Teil Ihres Gehirns&hellip;\" class=\"encyclopedia\">Schlaganfall<\/a>, wobei die Rehabilitation dabei im Vordergrund steht. Angeh&ouml;rige spielen auch hier eine Schl&uuml;sselrolle: Sie k&ouml;nnen &Uuml;bungen in die Pflege und den Alltag integrieren, die Betroffenen motivieren und begleiten &laquo;Viele Betroffene sowie deren pflegende Angeh&ouml;rige machen sich Sorgen &uuml;ber die Fortschritte. Wie schnell diese Fortschritte passieren sollen und wie sie im Vergleich zu anderen dastehen, kann f&uuml;r die Betroffenen belastend sein&raquo;,  &laquo;Nichtsdestotrotz ist es wichtig, sich nicht entmutigen zu lassen und das, was m&ouml;glich ist, als Erfolg zu sehen.&raquo;<\/p>\n\n\n\n<h2 class=\"wp-block-heading\">Therapie legt den Grundbaustein, Geduld und Disziplin das Haus<\/h2>\n\n\n\n<p>&laquo;Manchmal mag man auch einfach nicht&raquo;, &laquo;M&ouml;glichst viel Mobilit&auml;t und Selbstst&auml;ndigkeit zu erlangen und bewahren, ist f&uuml;r die meisten Personen mit <a href=\"https:\/\/www.vitalibera.org\/community\/enzyklopaedie\/hemiplegie\/\" target=\"_self\" title=\"Hemiplegie ist die&nbsp;vollst&auml;ndige L&auml;hmung einer K&ouml;rperh&auml;lfte, die meist durch eine Sch&auml;digung einer Gehirnh&auml;lfte verursacht wird, oft infolge eines Schlaganfalls.&nbsp;Sie kann auch Arme, Beine und Gesichtsmuskulatur umfassen und geht oft mit einer eingeschr&auml;nkten oder aufgehobenen Sensibilit&auml;t sowie Sprachst&ouml;rungen einher.&nbsp;Die Rehabilitation konzentriert sich auf die Wiederherstellung der Bewegung durch Physiotherapie und die Vorbeugung von Komplikationen wie Muskelverk&uuml;rzungen.&nbsp;&hellip;\" class=\"encyclopedia\">Hemiplegie<\/a> besonders anstrengend. Die regelm&auml;ssigen Wiederholungen der Therapie&uuml;bungen k&ouml;nnen erm&uuml;dend sein. Statt mit der gel&auml;hmten K&ouml;rperh&auml;lfte eine Bewegung langsam und m&uuml;hsam auszuf&uuml;hren, wird man schnell dazu verleitet, stattdessen die gesunde Seite zu verwenden.&raquo; Pflegende Angeh&ouml;rige haben die Chance, die Selbstst&auml;ndigkeit ihrer Liebsten zu f&ouml;rdern, indem sie sie motivieren, die geschw&auml;chte Seite selbst dann einzusetzen und zu trainieren, wenn eine Handlung dadurch l&auml;nger dauert. &laquo;Der Zeitaufwand lohnt sich. Versuchen Sie, Geduld als eine Komponente der Pflege Ihrer Liebsten zu sehen und umzusetzen&raquo;,<\/p>\n\n\n\n<h2 class=\"wp-block-heading\">Drei Tipps f&uuml;r pflegende Angeh&ouml;rige von Personen mit Hemiplegie:<\/h2>\n\n\n\n<ul class=\"wp-block-list\">\n<li>Nehmen Sie Hilfe an &ndash; von der <a href=\"https:\/\/www.vitalibera.org\/community\/enzyklopaedie\/spitex\/\" target=\"_self\" title=\"Spitex steht f&uuml;r &bdquo;spitalexterne Hilfe und Pflege&ldquo; und umfasst Dienstleistungen, die Menschen jeden Alters zu Hause pflegen, betreuen und unterst&uuml;tzen, wenn diese krank, behindert, alt oder in einer schwierigen Lebenssituation sind. Ziel ist es, die Selbstst&auml;ndigkeit zu erhalten und den Verbleib im vertrauten Umfeld zu erm&ouml;glichen\" class=\"encyclopedia\">Spitex<\/a>, Physio- und <a href=\"https:\/\/www.vitalibera.org\/community\/enzyklopaedie\/ergotherapie\/\" target=\"_self\" title=\"Ergotherapie&nbsp;unterst&uuml;tzt und begleitet Menschen jeden Alters, die in ihrer Handlungsf&auml;higkeit eingeschr&auml;nkt oder von Einschr&auml;nkung bedroht sind. Ziel ist, sie bei der Durchf&uuml;hrung f&uuml;r sie bedeutungsvoller Bet&auml;tigungen in den Bereichen Selbstversorgung, Produktivit&auml;t und Freizeit in ihrer pers&ouml;nlichen Umwelt zu st&auml;rken.\" class=\"encyclopedia\">Ergotherapie<\/a> oder auch Beratungsstellen. Niemand muss alles allein leisten.<\/li>\n\n\n\n<li>F&ouml;rdern Sie die Selbstst&auml;ndigkeit des\/der Betroffenen, auch wenn es l&auml;nger dauert.<\/li>\n\n\n\n<li>Sorgen Sie auch f&uuml;r sich selbst &ndash; g&ouml;nnen Sie sich Pausen, Austauschgruppen und Entlastungen, damit Sie auch weiterhin unterst&uuml;tzen k&ouml;nnen.<\/li>\n<\/ul>\n\n\n\n<h2 class=\"wp-block-heading\">Wichtigste Punkte<\/h2>\n\n\n\n<p><a href=\"https:\/\/www.vitalibera.org\/community\/enzyklopaedie\/hemiplegie\/\" target=\"_self\" title=\"Hemiplegie ist die&nbsp;vollst&auml;ndige L&auml;hmung einer K&ouml;rperh&auml;lfte, die meist durch eine Sch&auml;digung einer Gehirnh&auml;lfte verursacht wird, oft infolge eines Schlaganfalls.&nbsp;Sie kann auch Arme, Beine und Gesichtsmuskulatur umfassen und geht oft mit einer eingeschr&auml;nkten oder aufgehobenen Sensibilit&auml;t sowie Sprachst&ouml;rungen einher.&nbsp;Die Rehabilitation konzentriert sich auf die Wiederherstellung der Bewegung durch Physiotherapie und die Vorbeugung von Komplikationen wie Muskelverk&uuml;rzungen.&nbsp;&hellip;\" class=\"encyclopedia\">Hemiplegie<\/a> bedeutet Einschr&auml;nkung &ndash; aber nicht das Ende eines selbstbestimmten Lebens. Mit den passenden Hilfsmitteln, Geduld sowie der Unterst&uuml;tzung von Organisationen wie Carela und&nbsp;<a href=\"https:\/\/www.fragile.ch\/news-detail\/wenn-eine-koerperseite-nicht-mehr-will-hemiplegie\/\" target=\"_blank\" rel=\"noreferrer noopener\">Fragile Suisse<\/a>&nbsp;k&ouml;nnen pflegende Angeh&ouml;rige zusammen mit ihren Liebsten einen langfristig funktionierenden Pflegealltag bewerkstelligen.<\/p>\n\n\n\n<p><a href=\"https:\/\/www.carela.ch\/de\/pflegende-angehorige\" target=\"_blank\" rel=\"noreferrer noopener\">Carela &ndash; Unterst&uuml;tzung f&uuml;r pflegende Angeh&ouml;rige &ndash; professionell und unkompliziert<\/a><\/p>\n","protected":false},"excerpt":{"rendered":"<p>Lagerung, Therapie und weitere Hilfestellungen f\u00fcr pflegende Angeh\u00f6rige Hirnverletzungen wie Schlaganfall, Hirntumor oder ein Sch\u00e4del-Hirn-Trauma k\u00f6nnen verschiedene Folgen nach sich ziehen. Eine der h\u00e4ufigsten ist die Hemiplegie, die vollst\u00e4ndige oder nahezu vollst\u00e4ndige L\u00e4hmung einer K\u00f6rperh\u00e4lfte. F\u00fcr die Betroffenen ver\u00e4ndert sich das Leben schlagartig: Beweglichkeit, Sprache, Alltagskompetenz \u2013 vieles muss neu gelernt oder kompensiert werden. Angeh\u00f6rige &#8230; <a title=\"Pflege bei Hemiplegie\" class=\"read-more\" href=\"https:\/\/www.vitalibera.org\/community\/2025\/12\/28\/pflege-bei-hemiplegie\/\" aria-label=\"Mehr Informationen \u00fcber Pflege bei Hemiplegie\">Weiterlesen<\/a><\/p>\n","protected":false},"author":2,"featured_media":4856,"comment_status":"closed","ping_status":"open","sticky":false,"template":"","format":"standard","meta":{"cybocfi_hide_featured_image":"yes","_jetpack_memberships_contains_paid_content":false,"footnotes":""},"categories":[225],"tags":[],"class_list":["post-4854","post","type-post","status-publish","format-standard","has-post-thumbnail","hentry","category-hilfe-fuer-angehoerige"],"yoast_head":"<!-- This site is optimized with the Yoast SEO plugin v27.4 - https:\/\/yoast.com\/product\/yoast-seo-wordpress\/ -->\r\n<title>Pflege bei Hemiplegie - vitalibera.org<\/title>\r\n<meta name=\"robots\" content=\"index, follow, max-snippet:-1, max-image-preview:large, max-video-preview:-1\" \/>\r\n<link rel=\"canonical\" href=\"http:\/\/www.vitalibera.org\/community\/2025\/12\/28\/pflege-bei-hemiplegie\/\" \/>\r\n<meta property=\"og:locale\" content=\"de_DE\" \/>\r\n<meta property=\"og:type\" content=\"article\" \/>\r\n<meta property=\"og:title\" content=\"Pflege bei Hemiplegie - vitalibera.org\" \/>\r\n<meta property=\"og:description\" content=\"Lagerung, Therapie und weitere Hilfestellungen f\u00fcr pflegende Angeh\u00f6rige Hirnverletzungen wie Schlaganfall, Hirntumor oder ein Sch\u00e4del-Hirn-Trauma k\u00f6nnen verschiedene Folgen nach sich ziehen. Eine der h\u00e4ufigsten ist die Hemiplegie, die vollst\u00e4ndige oder nahezu vollst\u00e4ndige L\u00e4hmung einer K\u00f6rperh\u00e4lfte. F\u00fcr die Betroffenen ver\u00e4ndert sich das Leben schlagartig: Beweglichkeit, Sprache, Alltagskompetenz \u2013 vieles muss neu gelernt oder kompensiert werden. Angeh\u00f6rige ... Weiterlesen\" \/>\r\n<meta property=\"og:url\" content=\"http:\/\/www.vitalibera.org\/community\/2025\/12\/28\/pflege-bei-hemiplegie\/\" \/>\r\n<meta property=\"og:site_name\" content=\"vitalibera.org\" \/>\r\n<meta property=\"article:publisher\" content=\"https:\/\/www.facebook.com\/groups\/2997085857140235\" \/>\r\n<meta property=\"article:published_time\" content=\"2025-12-28T17:16:25+00:00\" \/>\r\n<meta property=\"article:modified_time\" content=\"2025-12-28T17:21:40+00:00\" \/>\r\n<meta property=\"og:image\" content=\"http:\/\/www.vitalibera.org\/community\/wp-content\/uploads\/2025\/12\/Screenshot-2025-12-28-181359.jpg\" \/>\r\n\t<meta property=\"og:image:width\" content=\"532\" \/>\r\n\t<meta property=\"og:image:height\" content=\"411\" \/>\r\n\t<meta property=\"og:image:type\" content=\"image\/jpeg\" \/>\r\n<meta name=\"author\" content=\"Andreas Jecklin\" \/>\r\n<meta name=\"twitter:card\" content=\"summary_large_image\" \/>\r\n<meta name=\"twitter:label1\" content=\"Verfasst von\" \/>\n\t<meta name=\"twitter:data1\" content=\"Andreas Jecklin\" \/>\n\t<meta name=\"twitter:label2\" content=\"Gesch\u00e4tzte Lesezeit\" \/>\n\t<meta name=\"twitter:data2\" content=\"5\u00a0Minuten\" \/>\r\n<script type=\"application\/ld+json\" class=\"yoast-schema-graph\">{\"@context\":\"https:\\\/\\\/schema.org\",\"@graph\":[{\"@type\":\"Article\",\"@id\":\"http:\\\/\\\/www.vitalibera.org\\\/community\\\/2025\\\/12\\\/28\\\/pflege-bei-hemiplegie\\\/#article\",\"isPartOf\":{\"@id\":\"http:\\\/\\\/www.vitalibera.org\\\/community\\\/2025\\\/12\\\/28\\\/pflege-bei-hemiplegie\\\/\"},\"author\":{\"name\":\"Andreas Jecklin\",\"@id\":\"https:\\\/\\\/www.vitalibera.org\\\/community\\\/#\\\/schema\\\/person\\\/6712387298421f222ff6d0a2e22c1534\"},\"headline\":\"Pflege bei Hemiplegie\",\"datePublished\":\"2025-12-28T17:16:25+00:00\",\"dateModified\":\"2025-12-28T17:21:40+00:00\",\"mainEntityOfPage\":{\"@id\":\"http:\\\/\\\/www.vitalibera.org\\\/community\\\/2025\\\/12\\\/28\\\/pflege-bei-hemiplegie\\\/\"},\"wordCount\":793,\"publisher\":{\"@id\":\"https:\\\/\\\/www.vitalibera.org\\\/community\\\/#organization\"},\"image\":{\"@id\":\"http:\\\/\\\/www.vitalibera.org\\\/community\\\/2025\\\/12\\\/28\\\/pflege-bei-hemiplegie\\\/#primaryimage\"},\"thumbnailUrl\":\"https:\\\/\\\/www.vitalibera.org\\\/community\\\/wp-content\\\/uploads\\\/2025\\\/12\\\/Screenshot-2025-12-28-181359.jpg\",\"articleSection\":[\"Hilfe f\u00fcr Angeh\u00f6rige\"],\"inLanguage\":\"de\"},{\"@type\":\"WebPage\",\"@id\":\"http:\\\/\\\/www.vitalibera.org\\\/community\\\/2025\\\/12\\\/28\\\/pflege-bei-hemiplegie\\\/\",\"url\":\"http:\\\/\\\/www.vitalibera.org\\\/community\\\/2025\\\/12\\\/28\\\/pflege-bei-hemiplegie\\\/\",\"name\":\"Pflege bei Hemiplegie - vitalibera.org\",\"isPartOf\":{\"@id\":\"https:\\\/\\\/www.vitalibera.org\\\/community\\\/#website\"},\"primaryImageOfPage\":{\"@id\":\"http:\\\/\\\/www.vitalibera.org\\\/community\\\/2025\\\/12\\\/28\\\/pflege-bei-hemiplegie\\\/#primaryimage\"},\"image\":{\"@id\":\"http:\\\/\\\/www.vitalibera.org\\\/community\\\/2025\\\/12\\\/28\\\/pflege-bei-hemiplegie\\\/#primaryimage\"},\"thumbnailUrl\":\"https:\\\/\\\/www.vitalibera.org\\\/community\\\/wp-content\\\/uploads\\\/2025\\\/12\\\/Screenshot-2025-12-28-181359.jpg\",\"datePublished\":\"2025-12-28T17:16:25+00:00\",\"dateModified\":\"2025-12-28T17:21:40+00:00\",\"breadcrumb\":{\"@id\":\"http:\\\/\\\/www.vitalibera.org\\\/community\\\/2025\\\/12\\\/28\\\/pflege-bei-hemiplegie\\\/#breadcrumb\"},\"inLanguage\":\"de\",\"potentialAction\":[{\"@type\":\"ReadAction\",\"target\":[\"http:\\\/\\\/www.vitalibera.org\\\/community\\\/2025\\\/12\\\/28\\\/pflege-bei-hemiplegie\\\/\"]}]},{\"@type\":\"BreadcrumbList\",\"@id\":\"http:\\\/\\\/www.vitalibera.org\\\/community\\\/2025\\\/12\\\/28\\\/pflege-bei-hemiplegie\\\/#breadcrumb\",\"itemListElement\":[{\"@type\":\"ListItem\",\"position\":1,\"name\":\"Startseite\",\"item\":\"https:\\\/\\\/www.vitalibera.org\\\/community\\\/\"},{\"@type\":\"ListItem\",\"position\":2,\"name\":\"Pflege bei Hemiplegie\"}]},{\"@type\":\"WebSite\",\"@id\":\"https:\\\/\\\/www.vitalibera.org\\\/community\\\/#website\",\"url\":\"https:\\\/\\\/www.vitalibera.org\\\/community\\\/\",\"name\":\"vitalibera.org\",\"description\":\"Mit einer Einschr&auml;nkung gestaltet sich das Leben im Alltag oft schwieriger - hier berichten wir &uuml;ber unsere Erfahrungen und Hilfsmittel um den Alltag so unbeschwert und unkompliziert wie nur m&ouml;glich geniessen zu k&ouml;nnen. Dabei richten wir unseren Fokus gezielt auf Selbst&auml;ndigkeit, Eigenst&auml;ndigkeit und Selbstbestimmung.\",\"publisher\":{\"@id\":\"https:\\\/\\\/www.vitalibera.org\\\/community\\\/#organization\"},\"potentialAction\":[{\"@type\":\"SearchAction\",\"target\":{\"@type\":\"EntryPoint\",\"urlTemplate\":\"https:\\\/\\\/www.vitalibera.org\\\/community\\\/?s={search_term_string}\"},\"query-input\":{\"@type\":\"PropertyValueSpecification\",\"valueRequired\":true,\"valueName\":\"search_term_string\"}}],\"inLanguage\":\"de\"},{\"@type\":\"Organization\",\"@id\":\"https:\\\/\\\/www.vitalibera.org\\\/community\\\/#organization\",\"name\":\"vitalibera.org\",\"url\":\"https:\\\/\\\/www.vitalibera.org\\\/community\\\/\",\"logo\":{\"@type\":\"ImageObject\",\"inLanguage\":\"de\",\"@id\":\"https:\\\/\\\/www.vitalibera.org\\\/community\\\/#\\\/schema\\\/logo\\\/image\\\/\",\"url\":\"https:\\\/\\\/www.vitalibera.org\\\/community\\\/wp-content\\\/uploads\\\/2025\\\/09\\\/cropped-banner.png\",\"contentUrl\":\"https:\\\/\\\/www.vitalibera.org\\\/community\\\/wp-content\\\/uploads\\\/2025\\\/09\\\/cropped-banner.png\",\"width\":991,\"height\":150,\"caption\":\"vitalibera.org\"},\"image\":{\"@id\":\"https:\\\/\\\/www.vitalibera.org\\\/community\\\/#\\\/schema\\\/logo\\\/image\\\/\"},\"sameAs\":[\"https:\\\/\\\/www.facebook.com\\\/groups\\\/2997085857140235\"]},{\"@type\":\"Person\",\"@id\":\"https:\\\/\\\/www.vitalibera.org\\\/community\\\/#\\\/schema\\\/person\\\/6712387298421f222ff6d0a2e22c1534\",\"name\":\"Andreas Jecklin\",\"image\":{\"@type\":\"ImageObject\",\"inLanguage\":\"de\",\"@id\":\"https:\\\/\\\/secure.gravatar.com\\\/avatar\\\/ad516503a11cd5ca435acc9bb6523536?s=96\",\"url\":\"https:\\\/\\\/secure.gravatar.com\\\/avatar\\\/ad516503a11cd5ca435acc9bb6523536?s=96\",\"contentUrl\":\"https:\\\/\\\/secure.gravatar.com\\\/avatar\\\/ad516503a11cd5ca435acc9bb6523536?s=96\",\"caption\":\"Andreas Jecklin\"},\"description\":\"Manchen gab Gott die Kraft Dinge zu ver\u00e4ndern, mir gab er die Kraft zu ertragen was nicht mehr zu \u00e4ndern ist.\",\"url\":\"https:\\\/\\\/www.vitalibera.org\\\/community\\\/author\\\/andy77\\\/\"}]}<\/script>\r\n<!-- \/ Yoast SEO plugin. -->","yoast_head_json":{"title":"Pflege bei Hemiplegie - vitalibera.org","robots":{"index":"index","follow":"follow","max-snippet":"max-snippet:-1","max-image-preview":"max-image-preview:large","max-video-preview":"max-video-preview:-1"},"canonical":"http:\/\/www.vitalibera.org\/community\/2025\/12\/28\/pflege-bei-hemiplegie\/","og_locale":"de_DE","og_type":"article","og_title":"Pflege bei Hemiplegie - vitalibera.org","og_description":"Lagerung, Therapie und weitere Hilfestellungen f\u00fcr pflegende Angeh\u00f6rige Hirnverletzungen wie Schlaganfall, Hirntumor oder ein Sch\u00e4del-Hirn-Trauma k\u00f6nnen verschiedene Folgen nach sich ziehen. Eine der h\u00e4ufigsten ist die Hemiplegie, die vollst\u00e4ndige oder nahezu vollst\u00e4ndige L\u00e4hmung einer K\u00f6rperh\u00e4lfte. F\u00fcr die Betroffenen ver\u00e4ndert sich das Leben schlagartig: Beweglichkeit, Sprache, Alltagskompetenz \u2013 vieles muss neu gelernt oder kompensiert werden. Angeh\u00f6rige ... Weiterlesen","og_url":"http:\/\/www.vitalibera.org\/community\/2025\/12\/28\/pflege-bei-hemiplegie\/","og_site_name":"vitalibera.org","article_publisher":"https:\/\/www.facebook.com\/groups\/2997085857140235","article_published_time":"2025-12-28T17:16:25+00:00","article_modified_time":"2025-12-28T17:21:40+00:00","og_image":[{"width":532,"height":411,"url":"http:\/\/www.vitalibera.org\/community\/wp-content\/uploads\/2025\/12\/Screenshot-2025-12-28-181359.jpg","type":"image\/jpeg"}],"author":"Andreas Jecklin","twitter_card":"summary_large_image","twitter_misc":{"Verfasst von":"Andreas Jecklin","Gesch\u00e4tzte Lesezeit":"5\u00a0Minuten"},"schema":{"@context":"https:\/\/schema.org","@graph":[{"@type":"Article","@id":"http:\/\/www.vitalibera.org\/community\/2025\/12\/28\/pflege-bei-hemiplegie\/#article","isPartOf":{"@id":"http:\/\/www.vitalibera.org\/community\/2025\/12\/28\/pflege-bei-hemiplegie\/"},"author":{"name":"Andreas Jecklin","@id":"https:\/\/www.vitalibera.org\/community\/#\/schema\/person\/6712387298421f222ff6d0a2e22c1534"},"headline":"Pflege bei Hemiplegie","datePublished":"2025-12-28T17:16:25+00:00","dateModified":"2025-12-28T17:21:40+00:00","mainEntityOfPage":{"@id":"http:\/\/www.vitalibera.org\/community\/2025\/12\/28\/pflege-bei-hemiplegie\/"},"wordCount":793,"publisher":{"@id":"https:\/\/www.vitalibera.org\/community\/#organization"},"image":{"@id":"http:\/\/www.vitalibera.org\/community\/2025\/12\/28\/pflege-bei-hemiplegie\/#primaryimage"},"thumbnailUrl":"https:\/\/www.vitalibera.org\/community\/wp-content\/uploads\/2025\/12\/Screenshot-2025-12-28-181359.jpg","articleSection":["Hilfe f\u00fcr Angeh\u00f6rige"],"inLanguage":"de"},{"@type":"WebPage","@id":"http:\/\/www.vitalibera.org\/community\/2025\/12\/28\/pflege-bei-hemiplegie\/","url":"http:\/\/www.vitalibera.org\/community\/2025\/12\/28\/pflege-bei-hemiplegie\/","name":"Pflege bei Hemiplegie - vitalibera.org","isPartOf":{"@id":"https:\/\/www.vitalibera.org\/community\/#website"},"primaryImageOfPage":{"@id":"http:\/\/www.vitalibera.org\/community\/2025\/12\/28\/pflege-bei-hemiplegie\/#primaryimage"},"image":{"@id":"http:\/\/www.vitalibera.org\/community\/2025\/12\/28\/pflege-bei-hemiplegie\/#primaryimage"},"thumbnailUrl":"https:\/\/www.vitalibera.org\/community\/wp-content\/uploads\/2025\/12\/Screenshot-2025-12-28-181359.jpg","datePublished":"2025-12-28T17:16:25+00:00","dateModified":"2025-12-28T17:21:40+00:00","breadcrumb":{"@id":"http:\/\/www.vitalibera.org\/community\/2025\/12\/28\/pflege-bei-hemiplegie\/#breadcrumb"},"inLanguage":"de","potentialAction":[{"@type":"ReadAction","target":["http:\/\/www.vitalibera.org\/community\/2025\/12\/28\/pflege-bei-hemiplegie\/"]}]},{"@type":"BreadcrumbList","@id":"http:\/\/www.vitalibera.org\/community\/2025\/12\/28\/pflege-bei-hemiplegie\/#breadcrumb","itemListElement":[{"@type":"ListItem","position":1,"name":"Startseite","item":"https:\/\/www.vitalibera.org\/community\/"},{"@type":"ListItem","position":2,"name":"Pflege bei Hemiplegie"}]},{"@type":"WebSite","@id":"https:\/\/www.vitalibera.org\/community\/#website","url":"https:\/\/www.vitalibera.org\/community\/","name":"vitalibera.org","description":"Mit einer Einschr&auml;nkung gestaltet sich das Leben im Alltag oft schwieriger - hier berichten wir &uuml;ber unsere Erfahrungen und Hilfsmittel um den Alltag so unbeschwert und unkompliziert wie nur m&ouml;glich geniessen zu k&ouml;nnen. Dabei richten wir unseren Fokus gezielt auf Selbst&auml;ndigkeit, Eigenst&auml;ndigkeit und Selbstbestimmung.","publisher":{"@id":"https:\/\/www.vitalibera.org\/community\/#organization"},"potentialAction":[{"@type":"SearchAction","target":{"@type":"EntryPoint","urlTemplate":"https:\/\/www.vitalibera.org\/community\/?s={search_term_string}"},"query-input":{"@type":"PropertyValueSpecification","valueRequired":true,"valueName":"search_term_string"}}],"inLanguage":"de"},{"@type":"Organization","@id":"https:\/\/www.vitalibera.org\/community\/#organization","name":"vitalibera.org","url":"https:\/\/www.vitalibera.org\/community\/","logo":{"@type":"ImageObject","inLanguage":"de","@id":"https:\/\/www.vitalibera.org\/community\/#\/schema\/logo\/image\/","url":"https:\/\/www.vitalibera.org\/community\/wp-content\/uploads\/2025\/09\/cropped-banner.png","contentUrl":"https:\/\/www.vitalibera.org\/community\/wp-content\/uploads\/2025\/09\/cropped-banner.png","width":991,"height":150,"caption":"vitalibera.org"},"image":{"@id":"https:\/\/www.vitalibera.org\/community\/#\/schema\/logo\/image\/"},"sameAs":["https:\/\/www.facebook.com\/groups\/2997085857140235"]},{"@type":"Person","@id":"https:\/\/www.vitalibera.org\/community\/#\/schema\/person\/6712387298421f222ff6d0a2e22c1534","name":"Andreas Jecklin","image":{"@type":"ImageObject","inLanguage":"de","@id":"https:\/\/secure.gravatar.com\/avatar\/ad516503a11cd5ca435acc9bb6523536?s=96","url":"https:\/\/secure.gravatar.com\/avatar\/ad516503a11cd5ca435acc9bb6523536?s=96","contentUrl":"https:\/\/secure.gravatar.com\/avatar\/ad516503a11cd5ca435acc9bb6523536?s=96","caption":"Andreas Jecklin"},"description":"Manchen gab Gott die Kraft Dinge zu ver\u00e4ndern, mir gab er die Kraft zu ertragen was nicht mehr zu \u00e4ndern ist.","url":"https:\/\/www.vitalibera.org\/community\/author\/andy77\/"}]}},"jetpack_featured_media_url":"https:\/\/www.vitalibera.org\/community\/wp-content\/uploads\/2025\/12\/Screenshot-2025-12-28-181359.jpg","jetpack_sharing_enabled":true,"jetpack-related-posts":[],"_links":{"self":[{"href":"https:\/\/www.vitalibera.org\/community\/wp-json\/wp\/v2\/posts\/4854","targetHints":{"allow":["GET"]}}],"collection":[{"href":"https:\/\/www.vitalibera.org\/community\/wp-json\/wp\/v2\/posts"}],"about":[{"href":"https:\/\/www.vitalibera.org\/community\/wp-json\/wp\/v2\/types\/post"}],"author":[{"embeddable":true,"href":"https:\/\/www.vitalibera.org\/community\/wp-json\/wp\/v2\/users\/2"}],"replies":[{"embeddable":true,"href":"https:\/\/www.vitalibera.org\/community\/wp-json\/wp\/v2\/comments?post=4854"}],"version-history":[{"count":3,"href":"https:\/\/www.vitalibera.org\/community\/wp-json\/wp\/v2\/posts\/4854\/revisions"}],"predecessor-version":[{"id":4860,"href":"https:\/\/www.vitalibera.org\/community\/wp-json\/wp\/v2\/posts\/4854\/revisions\/4860"}],"wp:featuredmedia":[{"embeddable":true,"href":"https:\/\/www.vitalibera.org\/community\/wp-json\/wp\/v2\/media\/4856"}],"wp:attachment":[{"href":"https:\/\/www.vitalibera.org\/community\/wp-json\/wp\/v2\/media?parent=4854"}],"wp:term":[{"taxonomy":"category","embeddable":true,"href":"https:\/\/www.vitalibera.org\/community\/wp-json\/wp\/v2\/categories?post=4854"},{"taxonomy":"post_tag","embeddable":true,"href":"https:\/\/www.vitalibera.org\/community\/wp-json\/wp\/v2\/tags?post=4854"}],"curies":[{"name":"wp","href":"https:\/\/api.w.org\/{rel}","templated":true}]}}