{"id":4898,"date":"2025-12-31T20:24:18","date_gmt":"2025-12-31T19:24:18","guid":{"rendered":"https:\/\/www.vitalibera.org\/community\/?p=4898"},"modified":"2025-12-31T20:25:17","modified_gmt":"2025-12-31T19:25:17","slug":"sicher-aufstehen-mit-hemiplegie","status":"publish","type":"post","link":"https:\/\/www.vitalibera.org\/community\/2025\/12\/31\/sicher-aufstehen-mit-hemiplegie\/","title":{"rendered":"Sicher aufstehen mit Hemiplegie"},"content":{"rendered":"\n<p>Um bei einer <a href=\"https:\/\/www.vitalibera.org\/community\/enzyklopaedie\/hemiplegie\/\" target=\"_self\" title=\"Hemiplegie ist die&nbsp;vollst&auml;ndige L&auml;hmung einer K&ouml;rperh&auml;lfte, die meist durch eine Sch&auml;digung einer Gehirnh&auml;lfte verursacht wird, oft infolge eines Schlaganfalls.&nbsp;Sie kann auch Arme, Beine und Gesichtsmuskulatur umfassen und geht oft mit einer eingeschr&auml;nkten oder aufgehobenen Sensibilit&auml;t sowie Sprachst&ouml;rungen einher.&nbsp;Die Rehabilitation konzentriert sich auf die Wiederherstellung der Bewegung durch Physiotherapie und die Vorbeugung von Komplikationen wie Muskelverk&uuml;rzungen.&nbsp;&hellip;\" class=\"encyclopedia\">Hemiplegie<\/a> sicher aufzustehen,&nbsp;nutzt man die gesunde Seite zur St&uuml;tze, bringt die F&uuml;&szlig;e fest auf den Boden (betroffenes Bein zuerst), st&uuml;tzt sich mit der gesunden Hand auf einer stabilen Fl&auml;che ab (Stuhl, Bettkante) und f&uuml;hrt den K&ouml;rper mit Schwung und Rhythmus nach oben, wobei der Oberk&ouml;rper leicht nach vorne gebeugt wird; dabei ist es wichtig, Schwindel zu vermeiden, langsam aufzustehen und Hilfsmittel wie Gel&auml;nder oder Armlehnen zu verwenden.&nbsp;<\/p>\n\n\n\n<p>Technik f&uuml;r den Transfer vom Stuhl\/Bett auf die F&uuml;&szlig;e<\/p>\n\n\n\n<ol class=\"wp-block-list\">\n<li><strong>Vorbereitung:<\/strong>\n<ul class=\"wp-block-list\">\n<li>Setzen Sie sich an die Bettkante oder einen stabilen Stuhl.<\/li>\n\n\n\n<li>Positionieren Sie die F&uuml;&szlig;e flach auf dem Boden, das <a href=\"https:\/\/www.vitalibera.org\/community\/2026\/04\/19\/wenn-reize-laut-werden-und-menschen-leise\/\">betroffene<\/a> Bein etwas weiter nach hinten (falls m&ouml;glich).<\/li>\n\n\n\n<li>Legen Sie das betroffene Bein stabil ab (ggf. mit Kissen unterlagern, damit es nicht nach au&szlig;en dreht).<\/li>\n\n\n\n<li>Nutzen Sie die Armlehnen oder eine stabile Fl&auml;che, um sich mit der gesunden Seite abzust&uuml;tzen.<\/li>\n<\/ul>\n<\/li>\n\n\n\n<li><strong>Bewegung nach oben:<\/strong>\n<ul class=\"wp-block-list\">\n<li>St&uuml;tzen Sie sich mit der gesunden Hand auf der Armlehne oder dem Stuhl ab.<\/li>\n\n\n\n<li>Lehnen Sie den Oberk&ouml;rper leicht nach vorne und spannen Sie die Bauchmuskulatur an.<\/li>\n\n\n\n<li>Verlagern Sie das Gewicht auf die F&uuml;&szlig;e und dr&uuml;cken Sie sich mit der gesunden Seite nach oben.<\/li>\n\n\n\n<li>Bewegen Sie sich in einem fl&uuml;ssigen Rhythmus, um das Gleichgewicht zu halten.<\/li>\n<\/ul>\n<\/li>\n\n\n\n<li><strong>Sicherheit:<\/strong>\n<ul class=\"wp-block-list\">\n<li>Nehmen Sie sich Zeit, um nach dem Aufstehen kurz das Gleichgewicht zu finden, bevor Sie gehen.<\/li>\n\n\n\n<li>Achten Sie darauf, dass die F&uuml;&szlig;e fest auf dem Boden stehen, um ein Einknicken oder St&uuml;rzen zu verhindern.<\/li>\n\n\n\n<li>Benutzen Sie rutschfeste Schuhe.&nbsp;<\/li>\n<\/ul>\n<\/li>\n<\/ol>\n\n\n\n<p>Wichtige Hinweise<\/p>\n\n\n\n<ul class=\"wp-block-list\">\n<li><strong>Langsamkeit:<\/strong>&nbsp;&Auml;ndern Sie die K&ouml;rperhaltung langsam, um Schwindel zu vermeiden.<\/li>\n\n\n\n<li><strong>Hilfsmittel:<\/strong>&nbsp;Armlehnen, Gel&auml;nder oder ein Rollator k&ouml;nnen helfen, das Gleichgewicht zu sichern.<\/li>\n\n\n\n<li><strong>Training:<\/strong>&nbsp;Kr&auml;ftigungs&uuml;bungen f&uuml;r Rumpf und Beine unterst&uuml;tzen die Mobilit&auml;t.<\/li>\n\n\n\n<li><strong>Unterst&uuml;tzung:<\/strong>&nbsp;Bei Bedarf hilft eine Pflegekraft, das betroffene Bein zu f&uuml;hren und zu stabilisieren.&nbsp;<\/li>\n<\/ul>\n\n\n\n<p>Beim Aufstehen mit <a href=\"https:\/\/www.vitalibera.org\/community\/enzyklopaedie\/hemiplegie\/\" target=\"_self\" title=\"Hemiplegie ist die&nbsp;vollst&auml;ndige L&auml;hmung einer K&ouml;rperh&auml;lfte, die meist durch eine Sch&auml;digung einer Gehirnh&auml;lfte verursacht wird, oft infolge eines Schlaganfalls.&nbsp;Sie kann auch Arme, Beine und Gesichtsmuskulatur umfassen und geht oft mit einer eingeschr&auml;nkten oder aufgehobenen Sensibilit&auml;t sowie Sprachst&ouml;rungen einher.&nbsp;Die Rehabilitation konzentriert sich auf die Wiederherstellung der Bewegung durch Physiotherapie und die Vorbeugung von Komplikationen wie Muskelverk&uuml;rzungen.&nbsp;&hellip;\" class=\"encyclopedia\">Hemiplegie<\/a> ist das zentrale Prinzip,&nbsp;<mark>das Gewicht kontrolliert auf die gesunde Seite zu verlagern und den betroffenen Arm zu stabilisieren, um den Oberk&ouml;rper aufzurichten, das Becken anzuheben und das Gleichgewicht zu finden<\/mark>, oft durch gezielte Impulse und Unterst&uuml;tzung durch eine Pflegekraft oder mit Hilfsmitteln wie dem Rutschbrett, um Kraft zu sparen und St&uuml;rze zu vermeiden.&nbsp;<\/p>\n\n\n\n<figure class=\"wp-block-embed is-type-video is-provider-youtube wp-block-embed-youtube wp-embed-aspect-16-9 wp-has-aspect-ratio\"><div class=\"wp-block-embed__wrapper\">\n<iframe title=\"So gelingt der tiefe Transfer aus dem Rollstuhl\" width=\"1200\" height=\"675\" src=\"https:\/\/www.youtube.com\/embed\/DtM5M_jBsY0?feature=oembed\" frameborder=\"0\" allow=\"accelerometer; autoplay; clipboard-write; encrypted-media; gyroscope; picture-in-picture; web-share\" referrerpolicy=\"strict-origin-when-cross-origin\" allowfullscreen><\/iframe>\n<\/div><\/figure>\n","protected":false},"excerpt":{"rendered":"<p>Um bei einer Hemiplegie sicher aufzustehen,\u00a0nutzt man die gesunde Seite zur St\u00fctze, bringt die F\u00fc\u00dfe fest auf den Boden (betroffenes Bein zuerst), st\u00fctzt sich mit der gesunden Hand auf einer stabilen Fl\u00e4che ab (Stuhl, Bettkante) und f\u00fchrt den K\u00f6rper mit Schwung und Rhythmus nach oben, wobei der Oberk\u00f6rper leicht nach vorne gebeugt wird; dabei ist &#8230; <a title=\"Sicher aufstehen mit Hemiplegie\" class=\"read-more\" href=\"https:\/\/www.vitalibera.org\/community\/2025\/12\/31\/sicher-aufstehen-mit-hemiplegie\/\" aria-label=\"Mehr Informationen \u00fcber Sicher aufstehen mit Hemiplegie\">Weiterlesen<\/a><\/p>\n","protected":false},"author":1,"featured_media":4899,"comment_status":"closed","ping_status":"open","sticky":false,"template":"","format":"standard","meta":{"cybocfi_hide_featured_image":"yes","_jetpack_memberships_contains_paid_content":false,"footnotes":""},"categories":[74],"tags":[],"class_list":["post-4898","post","type-post","status-publish","format-standard","has-post-thumbnail","hentry","category-sicherheit"],"yoast_head":"<!-- This site is optimized with the Yoast SEO plugin v27.4 - https:\/\/yoast.com\/product\/yoast-seo-wordpress\/ -->\r\n<title>Sicher aufstehen mit Hemiplegie - vitalibera.org<\/title>\r\n<meta name=\"robots\" content=\"index, follow, max-snippet:-1, max-image-preview:large, max-video-preview:-1\" \/>\r\n<link rel=\"canonical\" href=\"https:\/\/www.vitalibera.org\/community\/2025\/12\/31\/sicher-aufstehen-mit-hemiplegie\/\" \/>\r\n<meta property=\"og:locale\" content=\"de_DE\" \/>\r\n<meta property=\"og:type\" content=\"article\" \/>\r\n<meta property=\"og:title\" content=\"Sicher aufstehen mit Hemiplegie - vitalibera.org\" \/>\r\n<meta property=\"og:description\" content=\"Um bei einer Hemiplegie sicher aufzustehen,\u00a0nutzt man die gesunde Seite zur St\u00fctze, bringt die F\u00fc\u00dfe fest auf den Boden (betroffenes Bein zuerst), st\u00fctzt sich mit der gesunden Hand auf einer stabilen Fl\u00e4che ab (Stuhl, Bettkante) und f\u00fchrt den K\u00f6rper mit Schwung und Rhythmus nach oben, wobei der Oberk\u00f6rper leicht nach vorne gebeugt wird; dabei ist ... Weiterlesen\" \/>\r\n<meta property=\"og:url\" content=\"https:\/\/www.vitalibera.org\/community\/2025\/12\/31\/sicher-aufstehen-mit-hemiplegie\/\" \/>\r\n<meta property=\"og:site_name\" content=\"vitalibera.org\" \/>\r\n<meta property=\"article:publisher\" content=\"https:\/\/www.facebook.com\/groups\/2997085857140235\" \/>\r\n<meta property=\"article:published_time\" content=\"2025-12-31T19:24:18+00:00\" \/>\r\n<meta property=\"article:modified_time\" content=\"2025-12-31T19:25:17+00:00\" \/>\r\n<meta property=\"og:image\" content=\"https:\/\/www.vitalibera.org\/community\/wp-content\/uploads\/2025\/12\/Screenshot-2025-12-31-202300.jpg\" \/>\r\n\t<meta property=\"og:image:width\" content=\"569\" \/>\r\n\t<meta property=\"og:image:height\" content=\"354\" \/>\r\n\t<meta property=\"og:image:type\" content=\"image\/jpeg\" \/>\r\n<meta name=\"author\" content=\"admin\" \/>\r\n<meta name=\"twitter:card\" content=\"summary_large_image\" \/>\r\n<meta name=\"twitter:label1\" content=\"Verfasst von\" \/>\n\t<meta name=\"twitter:data1\" content=\"admin\" \/>\n\t<meta name=\"twitter:label2\" content=\"Gesch\u00e4tzte Lesezeit\" \/>\n\t<meta name=\"twitter:data2\" content=\"3\u00a0Minuten\" \/>\r\n<script type=\"application\/ld+json\" class=\"yoast-schema-graph\">{\"@context\":\"https:\\\/\\\/schema.org\",\"@graph\":[{\"@type\":\"Article\",\"@id\":\"https:\\\/\\\/www.vitalibera.org\\\/community\\\/2025\\\/12\\\/31\\\/sicher-aufstehen-mit-hemiplegie\\\/#article\",\"isPartOf\":{\"@id\":\"https:\\\/\\\/www.vitalibera.org\\\/community\\\/2025\\\/12\\\/31\\\/sicher-aufstehen-mit-hemiplegie\\\/\"},\"author\":{\"name\":\"admin\",\"@id\":\"https:\\\/\\\/www.vitalibera.org\\\/community\\\/#\\\/schema\\\/person\\\/c535fa8d561f7f8ca425ced40d87e582\"},\"headline\":\"Sicher aufstehen mit Hemiplegie\",\"datePublished\":\"2025-12-31T19:24:18+00:00\",\"dateModified\":\"2025-12-31T19:25:17+00:00\",\"mainEntityOfPage\":{\"@id\":\"https:\\\/\\\/www.vitalibera.org\\\/community\\\/2025\\\/12\\\/31\\\/sicher-aufstehen-mit-hemiplegie\\\/\"},\"wordCount\":392,\"publisher\":{\"@id\":\"https:\\\/\\\/www.vitalibera.org\\\/community\\\/#organization\"},\"image\":{\"@id\":\"https:\\\/\\\/www.vitalibera.org\\\/community\\\/2025\\\/12\\\/31\\\/sicher-aufstehen-mit-hemiplegie\\\/#primaryimage\"},\"thumbnailUrl\":\"https:\\\/\\\/www.vitalibera.org\\\/community\\\/wp-content\\\/uploads\\\/2025\\\/12\\\/Screenshot-2025-12-31-202300.jpg\",\"articleSection\":[\"Sicherheit\"],\"inLanguage\":\"de\"},{\"@type\":\"WebPage\",\"@id\":\"https:\\\/\\\/www.vitalibera.org\\\/community\\\/2025\\\/12\\\/31\\\/sicher-aufstehen-mit-hemiplegie\\\/\",\"url\":\"https:\\\/\\\/www.vitalibera.org\\\/community\\\/2025\\\/12\\\/31\\\/sicher-aufstehen-mit-hemiplegie\\\/\",\"name\":\"Sicher aufstehen mit Hemiplegie - vitalibera.org\",\"isPartOf\":{\"@id\":\"https:\\\/\\\/www.vitalibera.org\\\/community\\\/#website\"},\"primaryImageOfPage\":{\"@id\":\"https:\\\/\\\/www.vitalibera.org\\\/community\\\/2025\\\/12\\\/31\\\/sicher-aufstehen-mit-hemiplegie\\\/#primaryimage\"},\"image\":{\"@id\":\"https:\\\/\\\/www.vitalibera.org\\\/community\\\/2025\\\/12\\\/31\\\/sicher-aufstehen-mit-hemiplegie\\\/#primaryimage\"},\"thumbnailUrl\":\"https:\\\/\\\/www.vitalibera.org\\\/community\\\/wp-content\\\/uploads\\\/2025\\\/12\\\/Screenshot-2025-12-31-202300.jpg\",\"datePublished\":\"2025-12-31T19:24:18+00:00\",\"dateModified\":\"2025-12-31T19:25:17+00:00\",\"breadcrumb\":{\"@id\":\"https:\\\/\\\/www.vitalibera.org\\\/community\\\/2025\\\/12\\\/31\\\/sicher-aufstehen-mit-hemiplegie\\\/#breadcrumb\"},\"inLanguage\":\"de\",\"potentialAction\":[{\"@type\":\"ReadAction\",\"target\":[\"https:\\\/\\\/www.vitalibera.org\\\/community\\\/2025\\\/12\\\/31\\\/sicher-aufstehen-mit-hemiplegie\\\/\"]}]},{\"@type\":\"BreadcrumbList\",\"@id\":\"https:\\\/\\\/www.vitalibera.org\\\/community\\\/2025\\\/12\\\/31\\\/sicher-aufstehen-mit-hemiplegie\\\/#breadcrumb\",\"itemListElement\":[{\"@type\":\"ListItem\",\"position\":1,\"name\":\"Startseite\",\"item\":\"https:\\\/\\\/www.vitalibera.org\\\/community\\\/\"},{\"@type\":\"ListItem\",\"position\":2,\"name\":\"Sicher aufstehen mit Hemiplegie\"}]},{\"@type\":\"WebSite\",\"@id\":\"https:\\\/\\\/www.vitalibera.org\\\/community\\\/#website\",\"url\":\"https:\\\/\\\/www.vitalibera.org\\\/community\\\/\",\"name\":\"vitalibera.org\",\"description\":\"Mit einer Einschr&auml;nkung gestaltet sich das Leben im Alltag oft schwieriger - hier berichten wir &uuml;ber unsere Erfahrungen und Hilfsmittel um den Alltag so unbeschwert und unkompliziert wie nur m&ouml;glich geniessen zu k&ouml;nnen. Dabei richten wir unseren Fokus gezielt auf Selbst&auml;ndigkeit, Eigenst&auml;ndigkeit und Selbstbestimmung.\",\"publisher\":{\"@id\":\"https:\\\/\\\/www.vitalibera.org\\\/community\\\/#organization\"},\"potentialAction\":[{\"@type\":\"SearchAction\",\"target\":{\"@type\":\"EntryPoint\",\"urlTemplate\":\"https:\\\/\\\/www.vitalibera.org\\\/community\\\/?s={search_term_string}\"},\"query-input\":{\"@type\":\"PropertyValueSpecification\",\"valueRequired\":true,\"valueName\":\"search_term_string\"}}],\"inLanguage\":\"de\"},{\"@type\":\"Organization\",\"@id\":\"https:\\\/\\\/www.vitalibera.org\\\/community\\\/#organization\",\"name\":\"vitalibera.org\",\"url\":\"https:\\\/\\\/www.vitalibera.org\\\/community\\\/\",\"logo\":{\"@type\":\"ImageObject\",\"inLanguage\":\"de\",\"@id\":\"https:\\\/\\\/www.vitalibera.org\\\/community\\\/#\\\/schema\\\/logo\\\/image\\\/\",\"url\":\"https:\\\/\\\/www.vitalibera.org\\\/community\\\/wp-content\\\/uploads\\\/2025\\\/09\\\/cropped-banner.png\",\"contentUrl\":\"https:\\\/\\\/www.vitalibera.org\\\/community\\\/wp-content\\\/uploads\\\/2025\\\/09\\\/cropped-banner.png\",\"width\":991,\"height\":150,\"caption\":\"vitalibera.org\"},\"image\":{\"@id\":\"https:\\\/\\\/www.vitalibera.org\\\/community\\\/#\\\/schema\\\/logo\\\/image\\\/\"},\"sameAs\":[\"https:\\\/\\\/www.facebook.com\\\/groups\\\/2997085857140235\"]},{\"@type\":\"Person\",\"@id\":\"https:\\\/\\\/www.vitalibera.org\\\/community\\\/#\\\/schema\\\/person\\\/c535fa8d561f7f8ca425ced40d87e582\",\"name\":\"admin\",\"image\":{\"@type\":\"ImageObject\",\"inLanguage\":\"de\",\"@id\":\"https:\\\/\\\/secure.gravatar.com\\\/avatar\\\/ad516503a11cd5ca435acc9bb6523536?s=96\",\"url\":\"https:\\\/\\\/secure.gravatar.com\\\/avatar\\\/ad516503a11cd5ca435acc9bb6523536?s=96\",\"contentUrl\":\"https:\\\/\\\/secure.gravatar.com\\\/avatar\\\/ad516503a11cd5ca435acc9bb6523536?s=96\",\"caption\":\"admin\"},\"description\":\"admin\",\"sameAs\":[\"http:\\\/\\\/www.vitalibera.org\\\/community\"],\"url\":\"https:\\\/\\\/www.vitalibera.org\\\/community\\\/author\\\/admin\\\/\"}]}<\/script>\r\n<!-- \/ Yoast SEO plugin. -->","yoast_head_json":{"title":"Sicher aufstehen mit Hemiplegie - vitalibera.org","robots":{"index":"index","follow":"follow","max-snippet":"max-snippet:-1","max-image-preview":"max-image-preview:large","max-video-preview":"max-video-preview:-1"},"canonical":"https:\/\/www.vitalibera.org\/community\/2025\/12\/31\/sicher-aufstehen-mit-hemiplegie\/","og_locale":"de_DE","og_type":"article","og_title":"Sicher aufstehen mit Hemiplegie - vitalibera.org","og_description":"Um bei einer Hemiplegie sicher aufzustehen,\u00a0nutzt man die gesunde Seite zur St\u00fctze, bringt die F\u00fc\u00dfe fest auf den Boden (betroffenes Bein zuerst), st\u00fctzt sich mit der gesunden Hand auf einer stabilen Fl\u00e4che ab (Stuhl, Bettkante) und f\u00fchrt den K\u00f6rper mit Schwung und Rhythmus nach oben, wobei der Oberk\u00f6rper leicht nach vorne gebeugt wird; dabei ist ... Weiterlesen","og_url":"https:\/\/www.vitalibera.org\/community\/2025\/12\/31\/sicher-aufstehen-mit-hemiplegie\/","og_site_name":"vitalibera.org","article_publisher":"https:\/\/www.facebook.com\/groups\/2997085857140235","article_published_time":"2025-12-31T19:24:18+00:00","article_modified_time":"2025-12-31T19:25:17+00:00","og_image":[{"width":569,"height":354,"url":"https:\/\/www.vitalibera.org\/community\/wp-content\/uploads\/2025\/12\/Screenshot-2025-12-31-202300.jpg","type":"image\/jpeg"}],"author":"admin","twitter_card":"summary_large_image","twitter_misc":{"Verfasst von":"admin","Gesch\u00e4tzte Lesezeit":"3\u00a0Minuten"},"schema":{"@context":"https:\/\/schema.org","@graph":[{"@type":"Article","@id":"https:\/\/www.vitalibera.org\/community\/2025\/12\/31\/sicher-aufstehen-mit-hemiplegie\/#article","isPartOf":{"@id":"https:\/\/www.vitalibera.org\/community\/2025\/12\/31\/sicher-aufstehen-mit-hemiplegie\/"},"author":{"name":"admin","@id":"https:\/\/www.vitalibera.org\/community\/#\/schema\/person\/c535fa8d561f7f8ca425ced40d87e582"},"headline":"Sicher aufstehen mit Hemiplegie","datePublished":"2025-12-31T19:24:18+00:00","dateModified":"2025-12-31T19:25:17+00:00","mainEntityOfPage":{"@id":"https:\/\/www.vitalibera.org\/community\/2025\/12\/31\/sicher-aufstehen-mit-hemiplegie\/"},"wordCount":392,"publisher":{"@id":"https:\/\/www.vitalibera.org\/community\/#organization"},"image":{"@id":"https:\/\/www.vitalibera.org\/community\/2025\/12\/31\/sicher-aufstehen-mit-hemiplegie\/#primaryimage"},"thumbnailUrl":"https:\/\/www.vitalibera.org\/community\/wp-content\/uploads\/2025\/12\/Screenshot-2025-12-31-202300.jpg","articleSection":["Sicherheit"],"inLanguage":"de"},{"@type":"WebPage","@id":"https:\/\/www.vitalibera.org\/community\/2025\/12\/31\/sicher-aufstehen-mit-hemiplegie\/","url":"https:\/\/www.vitalibera.org\/community\/2025\/12\/31\/sicher-aufstehen-mit-hemiplegie\/","name":"Sicher aufstehen mit Hemiplegie - vitalibera.org","isPartOf":{"@id":"https:\/\/www.vitalibera.org\/community\/#website"},"primaryImageOfPage":{"@id":"https:\/\/www.vitalibera.org\/community\/2025\/12\/31\/sicher-aufstehen-mit-hemiplegie\/#primaryimage"},"image":{"@id":"https:\/\/www.vitalibera.org\/community\/2025\/12\/31\/sicher-aufstehen-mit-hemiplegie\/#primaryimage"},"thumbnailUrl":"https:\/\/www.vitalibera.org\/community\/wp-content\/uploads\/2025\/12\/Screenshot-2025-12-31-202300.jpg","datePublished":"2025-12-31T19:24:18+00:00","dateModified":"2025-12-31T19:25:17+00:00","breadcrumb":{"@id":"https:\/\/www.vitalibera.org\/community\/2025\/12\/31\/sicher-aufstehen-mit-hemiplegie\/#breadcrumb"},"inLanguage":"de","potentialAction":[{"@type":"ReadAction","target":["https:\/\/www.vitalibera.org\/community\/2025\/12\/31\/sicher-aufstehen-mit-hemiplegie\/"]}]},{"@type":"BreadcrumbList","@id":"https:\/\/www.vitalibera.org\/community\/2025\/12\/31\/sicher-aufstehen-mit-hemiplegie\/#breadcrumb","itemListElement":[{"@type":"ListItem","position":1,"name":"Startseite","item":"https:\/\/www.vitalibera.org\/community\/"},{"@type":"ListItem","position":2,"name":"Sicher aufstehen mit Hemiplegie"}]},{"@type":"WebSite","@id":"https:\/\/www.vitalibera.org\/community\/#website","url":"https:\/\/www.vitalibera.org\/community\/","name":"vitalibera.org","description":"Mit einer Einschr&auml;nkung gestaltet sich das Leben im Alltag oft schwieriger - hier berichten wir &uuml;ber unsere Erfahrungen und Hilfsmittel um den Alltag so unbeschwert und unkompliziert wie nur m&ouml;glich geniessen zu k&ouml;nnen. Dabei richten wir unseren Fokus gezielt auf Selbst&auml;ndigkeit, Eigenst&auml;ndigkeit und Selbstbestimmung.","publisher":{"@id":"https:\/\/www.vitalibera.org\/community\/#organization"},"potentialAction":[{"@type":"SearchAction","target":{"@type":"EntryPoint","urlTemplate":"https:\/\/www.vitalibera.org\/community\/?s={search_term_string}"},"query-input":{"@type":"PropertyValueSpecification","valueRequired":true,"valueName":"search_term_string"}}],"inLanguage":"de"},{"@type":"Organization","@id":"https:\/\/www.vitalibera.org\/community\/#organization","name":"vitalibera.org","url":"https:\/\/www.vitalibera.org\/community\/","logo":{"@type":"ImageObject","inLanguage":"de","@id":"https:\/\/www.vitalibera.org\/community\/#\/schema\/logo\/image\/","url":"https:\/\/www.vitalibera.org\/community\/wp-content\/uploads\/2025\/09\/cropped-banner.png","contentUrl":"https:\/\/www.vitalibera.org\/community\/wp-content\/uploads\/2025\/09\/cropped-banner.png","width":991,"height":150,"caption":"vitalibera.org"},"image":{"@id":"https:\/\/www.vitalibera.org\/community\/#\/schema\/logo\/image\/"},"sameAs":["https:\/\/www.facebook.com\/groups\/2997085857140235"]},{"@type":"Person","@id":"https:\/\/www.vitalibera.org\/community\/#\/schema\/person\/c535fa8d561f7f8ca425ced40d87e582","name":"admin","image":{"@type":"ImageObject","inLanguage":"de","@id":"https:\/\/secure.gravatar.com\/avatar\/ad516503a11cd5ca435acc9bb6523536?s=96","url":"https:\/\/secure.gravatar.com\/avatar\/ad516503a11cd5ca435acc9bb6523536?s=96","contentUrl":"https:\/\/secure.gravatar.com\/avatar\/ad516503a11cd5ca435acc9bb6523536?s=96","caption":"admin"},"description":"admin","sameAs":["http:\/\/www.vitalibera.org\/community"],"url":"https:\/\/www.vitalibera.org\/community\/author\/admin\/"}]}},"jetpack_featured_media_url":"https:\/\/www.vitalibera.org\/community\/wp-content\/uploads\/2025\/12\/Screenshot-2025-12-31-202300.jpg","jetpack_sharing_enabled":true,"jetpack-related-posts":[],"_links":{"self":[{"href":"https:\/\/www.vitalibera.org\/community\/wp-json\/wp\/v2\/posts\/4898","targetHints":{"allow":["GET"]}}],"collection":[{"href":"https:\/\/www.vitalibera.org\/community\/wp-json\/wp\/v2\/posts"}],"about":[{"href":"https:\/\/www.vitalibera.org\/community\/wp-json\/wp\/v2\/types\/post"}],"author":[{"embeddable":true,"href":"https:\/\/www.vitalibera.org\/community\/wp-json\/wp\/v2\/users\/1"}],"replies":[{"embeddable":true,"href":"https:\/\/www.vitalibera.org\/community\/wp-json\/wp\/v2\/comments?post=4898"}],"version-history":[{"count":1,"href":"https:\/\/www.vitalibera.org\/community\/wp-json\/wp\/v2\/posts\/4898\/revisions"}],"predecessor-version":[{"id":4900,"href":"https:\/\/www.vitalibera.org\/community\/wp-json\/wp\/v2\/posts\/4898\/revisions\/4900"}],"wp:featuredmedia":[{"embeddable":true,"href":"https:\/\/www.vitalibera.org\/community\/wp-json\/wp\/v2\/media\/4899"}],"wp:attachment":[{"href":"https:\/\/www.vitalibera.org\/community\/wp-json\/wp\/v2\/media?parent=4898"}],"wp:term":[{"taxonomy":"category","embeddable":true,"href":"https:\/\/www.vitalibera.org\/community\/wp-json\/wp\/v2\/categories?post=4898"},{"taxonomy":"post_tag","embeddable":true,"href":"https:\/\/www.vitalibera.org\/community\/wp-json\/wp\/v2\/tags?post=4898"}],"curies":[{"name":"wp","href":"https:\/\/api.w.org\/{rel}","templated":true}]}}