{"id":4905,"date":"2025-12-31T20:37:49","date_gmt":"2025-12-31T19:37:49","guid":{"rendered":"https:\/\/www.vitalibera.org\/community\/?p=4905"},"modified":"2025-12-31T20:50:19","modified_gmt":"2025-12-31T19:50:19","slug":"unterschied-hemiplegie-hemiparese","status":"publish","type":"post","link":"https:\/\/www.vitalibera.org\/community\/2025\/12\/31\/unterschied-hemiplegie-hemiparese\/","title":{"rendered":"Unterschied Hemiplegie\u00a0&amp; Hemiparese"},"content":{"rendered":"\n<p>Der Hauptunterschied:\u00a0<mark><strong>Hemiplegie\u00a0ist eine vollst\u00e4ndige L\u00e4hmung<\/strong>\u00a0einer K\u00f6rperh\u00e4lfte, bei der keine Bewegung m\u00f6glich ist, w\u00e4hrend\u00a0<strong>Hemiparese\u00a0eine unvollst\u00e4ndige L\u00e4hmung (Schw\u00e4che)<\/strong>\u00a0ist, bei der noch Restbewegungen bestehen<\/mark>. Beide sind Folgen einer Hirnsch\u00e4digung (z. B.\u00a0Schlaganfall,\u00a0Hirnverletzung) und betreffen eine K\u00f6rperseite, aber der Grad der Funktionsverlust ist unterschiedlich.\u00a0<\/p>\n\n\n\n<p>Hemiplegie<\/p>\n\n\n\n<ul class=\"wp-block-list\">\n<li><strong>Bedeutung:<\/strong>\u00a0Vollst\u00e4ndige L\u00e4hmung (griechisch:\u00a0<em>plegie<\/em>\u00a0= Schlag).<\/li>\n\n\n\n<li><strong>Ausma\u00df:<\/strong>\u00a0Der gesamte Arm, das Bein und oft die Gesichtsmuskulatur sind bewegungsunf\u00e4hig.<\/li>\n\n\n\n<li><strong>Folge:<\/strong>\u00a0Kompletter Verlust der willk\u00fcrlichen Motorik auf der betroffenen Seite.\u00a0<\/li>\n<\/ul>\n\n\n\n<p>Hemiparese<\/p>\n\n\n\n<ul class=\"wp-block-list\">\n<li><strong>Bedeutung:<\/strong>\u00a0Unvollst\u00e4ndige L\u00e4hmung oder Schw\u00e4che (griechisch:\u00a0<em>parese<\/em>\u00a0= Erschlaffung).<\/li>\n\n\n\n<li><strong>Ausma\u00df:<\/strong>\u00a0Motorische Einschr\u00e4nkungen, aber noch Restfunktionen oder Bewegungen sind m\u00f6glich.<\/li>\n\n\n\n<li><strong>Folge:<\/strong>\u00a0Muskeln sind geschw\u00e4cht und es kann zu Kribbeln oder Gef\u00fchlsst\u00f6rungen kommen.\u00a0<\/li>\n<\/ul>\n\n\n\n<p>Gemeinsamkeiten und Ursachen<\/p>\n\n\n\n<ul class=\"wp-block-list\">\n<li><strong>Symptome:<\/strong>\u00a0Beide sind Symptome einer Sch\u00e4digung einer Hirnh\u00e4lfte (z. B. durch Schlaganfall, Tumor, Trauma). Die Sch\u00e4digung liegt auf der gegen\u00fcberliegenden K\u00f6rperseite.<\/li>\n\n\n\n<li><strong>Behandlung:<\/strong>\u00a0Wichtig ist eine sofortige medizinische Abkl\u00e4rung und intensive Therapie (Physio-, Ergo-, Logop\u00e4die), um die Lebensqualit\u00e4t zu verbessern.\u00a0<\/li>\n<\/ul>\n\n\n\n<p><\/p>\n\n\n\n<figure class=\"wp-block-embed is-type-video is-provider-youtube wp-block-embed-youtube wp-embed-aspect-16-9 wp-has-aspect-ratio\"><div class=\"wp-block-embed__wrapper\">\n<iframe title=\"Schlaganfall: Hemiplegie &amp; Hemiparese - Was ist der Unterschied und was m\u00fcssen Sie beachten.\" width=\"1200\" height=\"675\" src=\"https:\/\/www.youtube.com\/embed\/yylE2qag5pM?feature=oembed\" frameborder=\"0\" allow=\"accelerometer; autoplay; clipboard-write; encrypted-media; gyroscope; picture-in-picture; web-share\" referrerpolicy=\"strict-origin-when-cross-origin\" allowfullscreen><\/iframe>\n<\/div><\/figure>\n","protected":false},"excerpt":{"rendered":"<p>Der Hauptunterschied:\u00a0Hemiplegie\u00a0ist eine vollst\u00e4ndige L\u00e4hmung\u00a0einer K\u00f6rperh\u00e4lfte, bei der keine Bewegung m\u00f6glich ist, w\u00e4hrend\u00a0Hemiparese\u00a0eine unvollst\u00e4ndige L\u00e4hmung (Schw\u00e4che)\u00a0ist, bei der noch Restbewegungen bestehen. Beide sind Folgen einer Hirnsch\u00e4digung (z. B.\u00a0Schlaganfall,\u00a0Hirnverletzung) und betreffen eine K\u00f6rperseite, aber der Grad der Funktionsverlust ist unterschiedlich.\u00a0 Hemiplegie Hemiparese Gemeinsamkeiten und Ursachen<\/p>\n","protected":false},"author":2,"featured_media":4906,"comment_status":"closed","ping_status":"open","sticky":false,"template":"","format":"standard","meta":{"cybocfi_hide_featured_image":"yes","_jetpack_memberships_contains_paid_content":false,"footnotes":""},"categories":[159],"tags":[],"class_list":["post-4905","post","type-post","status-publish","format-standard","has-post-thumbnail","hentry","category-fachwissen"],"yoast_head":"<!-- This site is optimized with the Yoast SEO plugin v27.4 - https:\/\/yoast.com\/product\/yoast-seo-wordpress\/ -->\r\n<title>Unterschied Hemiplegie\u00a0&amp; Hemiparese - vitalibera.org<\/title>\r\n<meta name=\"robots\" content=\"index, follow, max-snippet:-1, max-image-preview:large, max-video-preview:-1\" \/>\r\n<link rel=\"canonical\" href=\"https:\/\/www.vitalibera.org\/community\/2025\/12\/31\/unterschied-hemiplegie-hemiparese\/\" \/>\r\n<meta property=\"og:locale\" content=\"de_DE\" \/>\r\n<meta property=\"og:type\" content=\"article\" \/>\r\n<meta property=\"og:title\" content=\"Unterschied Hemiplegie\u00a0&amp; Hemiparese - vitalibera.org\" \/>\r\n<meta property=\"og:description\" content=\"Der Hauptunterschied:\u00a0Hemiplegie\u00a0ist eine vollst\u00e4ndige L\u00e4hmung\u00a0einer K\u00f6rperh\u00e4lfte, bei der keine Bewegung m\u00f6glich ist, w\u00e4hrend\u00a0Hemiparese\u00a0eine unvollst\u00e4ndige L\u00e4hmung (Schw\u00e4che)\u00a0ist, bei der noch Restbewegungen bestehen. Beide sind Folgen einer Hirnsch\u00e4digung (z. B.\u00a0Schlaganfall,\u00a0Hirnverletzung) und betreffen eine K\u00f6rperseite, aber der Grad der Funktionsverlust ist unterschiedlich.\u00a0 Hemiplegie Hemiparese Gemeinsamkeiten und Ursachen\" \/>\r\n<meta property=\"og:url\" content=\"https:\/\/www.vitalibera.org\/community\/2025\/12\/31\/unterschied-hemiplegie-hemiparese\/\" \/>\r\n<meta property=\"og:site_name\" content=\"vitalibera.org\" \/>\r\n<meta property=\"article:publisher\" content=\"https:\/\/www.facebook.com\/groups\/2997085857140235\" \/>\r\n<meta property=\"article:published_time\" content=\"2025-12-31T19:37:49+00:00\" \/>\r\n<meta property=\"article:modified_time\" content=\"2025-12-31T19:50:19+00:00\" \/>\r\n<meta property=\"og:image\" content=\"https:\/\/www.vitalibera.org\/community\/wp-content\/uploads\/2025\/12\/brain89.jpg\" \/>\r\n\t<meta property=\"og:image:width\" content=\"544\" \/>\r\n\t<meta property=\"og:image:height\" content=\"510\" \/>\r\n\t<meta property=\"og:image:type\" content=\"image\/jpeg\" \/>\r\n<meta name=\"author\" content=\"Andreas Jecklin\" \/>\r\n<meta name=\"twitter:card\" content=\"summary_large_image\" \/>\r\n<meta name=\"twitter:label1\" content=\"Verfasst von\" \/>\n\t<meta name=\"twitter:data1\" content=\"Andreas Jecklin\" \/>\n\t<meta name=\"twitter:label2\" content=\"Gesch\u00e4tzte Lesezeit\" \/>\n\t<meta name=\"twitter:data2\" content=\"2\u00a0Minuten\" \/>\r\n<script type=\"application\/ld+json\" class=\"yoast-schema-graph\">{\"@context\":\"https:\\\/\\\/schema.org\",\"@graph\":[{\"@type\":\"Article\",\"@id\":\"https:\\\/\\\/www.vitalibera.org\\\/community\\\/2025\\\/12\\\/31\\\/unterschied-hemiplegie-hemiparese\\\/#article\",\"isPartOf\":{\"@id\":\"https:\\\/\\\/www.vitalibera.org\\\/community\\\/2025\\\/12\\\/31\\\/unterschied-hemiplegie-hemiparese\\\/\"},\"author\":{\"name\":\"Andreas Jecklin\",\"@id\":\"https:\\\/\\\/www.vitalibera.org\\\/community\\\/#\\\/schema\\\/person\\\/6712387298421f222ff6d0a2e22c1534\"},\"headline\":\"Unterschied Hemiplegie\u00a0&amp; Hemiparese\",\"datePublished\":\"2025-12-31T19:37:49+00:00\",\"dateModified\":\"2025-12-31T19:50:19+00:00\",\"mainEntityOfPage\":{\"@id\":\"https:\\\/\\\/www.vitalibera.org\\\/community\\\/2025\\\/12\\\/31\\\/unterschied-hemiplegie-hemiparese\\\/\"},\"wordCount\":193,\"publisher\":{\"@id\":\"https:\\\/\\\/www.vitalibera.org\\\/community\\\/#organization\"},\"image\":{\"@id\":\"https:\\\/\\\/www.vitalibera.org\\\/community\\\/2025\\\/12\\\/31\\\/unterschied-hemiplegie-hemiparese\\\/#primaryimage\"},\"thumbnailUrl\":\"https:\\\/\\\/www.vitalibera.org\\\/community\\\/wp-content\\\/uploads\\\/2025\\\/12\\\/brain89.jpg\",\"articleSection\":[\"Fachwissen\"],\"inLanguage\":\"de\"},{\"@type\":\"WebPage\",\"@id\":\"https:\\\/\\\/www.vitalibera.org\\\/community\\\/2025\\\/12\\\/31\\\/unterschied-hemiplegie-hemiparese\\\/\",\"url\":\"https:\\\/\\\/www.vitalibera.org\\\/community\\\/2025\\\/12\\\/31\\\/unterschied-hemiplegie-hemiparese\\\/\",\"name\":\"Unterschied Hemiplegie\u00a0&amp; Hemiparese - vitalibera.org\",\"isPartOf\":{\"@id\":\"https:\\\/\\\/www.vitalibera.org\\\/community\\\/#website\"},\"primaryImageOfPage\":{\"@id\":\"https:\\\/\\\/www.vitalibera.org\\\/community\\\/2025\\\/12\\\/31\\\/unterschied-hemiplegie-hemiparese\\\/#primaryimage\"},\"image\":{\"@id\":\"https:\\\/\\\/www.vitalibera.org\\\/community\\\/2025\\\/12\\\/31\\\/unterschied-hemiplegie-hemiparese\\\/#primaryimage\"},\"thumbnailUrl\":\"https:\\\/\\\/www.vitalibera.org\\\/community\\\/wp-content\\\/uploads\\\/2025\\\/12\\\/brain89.jpg\",\"datePublished\":\"2025-12-31T19:37:49+00:00\",\"dateModified\":\"2025-12-31T19:50:19+00:00\",\"breadcrumb\":{\"@id\":\"https:\\\/\\\/www.vitalibera.org\\\/community\\\/2025\\\/12\\\/31\\\/unterschied-hemiplegie-hemiparese\\\/#breadcrumb\"},\"inLanguage\":\"de\",\"potentialAction\":[{\"@type\":\"ReadAction\",\"target\":[\"https:\\\/\\\/www.vitalibera.org\\\/community\\\/2025\\\/12\\\/31\\\/unterschied-hemiplegie-hemiparese\\\/\"]}]},{\"@type\":\"BreadcrumbList\",\"@id\":\"https:\\\/\\\/www.vitalibera.org\\\/community\\\/2025\\\/12\\\/31\\\/unterschied-hemiplegie-hemiparese\\\/#breadcrumb\",\"itemListElement\":[{\"@type\":\"ListItem\",\"position\":1,\"name\":\"Startseite\",\"item\":\"https:\\\/\\\/www.vitalibera.org\\\/community\\\/\"},{\"@type\":\"ListItem\",\"position\":2,\"name\":\"Unterschied Hemiplegie\u00a0&amp; Hemiparese\"}]},{\"@type\":\"WebSite\",\"@id\":\"https:\\\/\\\/www.vitalibera.org\\\/community\\\/#website\",\"url\":\"https:\\\/\\\/www.vitalibera.org\\\/community\\\/\",\"name\":\"vitalibera.org\",\"description\":\"Mit einer Einschr&auml;nkung gestaltet sich das Leben im Alltag oft schwieriger - hier berichten wir &uuml;ber unsere Erfahrungen und Hilfsmittel um den Alltag so unbeschwert und unkompliziert wie nur m&ouml;glich geniessen zu k&ouml;nnen. Dabei richten wir unseren Fokus gezielt auf Selbst&auml;ndigkeit, Eigenst&auml;ndigkeit und Selbstbestimmung.\",\"publisher\":{\"@id\":\"https:\\\/\\\/www.vitalibera.org\\\/community\\\/#organization\"},\"potentialAction\":[{\"@type\":\"SearchAction\",\"target\":{\"@type\":\"EntryPoint\",\"urlTemplate\":\"https:\\\/\\\/www.vitalibera.org\\\/community\\\/?s={search_term_string}\"},\"query-input\":{\"@type\":\"PropertyValueSpecification\",\"valueRequired\":true,\"valueName\":\"search_term_string\"}}],\"inLanguage\":\"de\"},{\"@type\":\"Organization\",\"@id\":\"https:\\\/\\\/www.vitalibera.org\\\/community\\\/#organization\",\"name\":\"vitalibera.org\",\"url\":\"https:\\\/\\\/www.vitalibera.org\\\/community\\\/\",\"logo\":{\"@type\":\"ImageObject\",\"inLanguage\":\"de\",\"@id\":\"https:\\\/\\\/www.vitalibera.org\\\/community\\\/#\\\/schema\\\/logo\\\/image\\\/\",\"url\":\"https:\\\/\\\/www.vitalibera.org\\\/community\\\/wp-content\\\/uploads\\\/2025\\\/09\\\/cropped-banner.png\",\"contentUrl\":\"https:\\\/\\\/www.vitalibera.org\\\/community\\\/wp-content\\\/uploads\\\/2025\\\/09\\\/cropped-banner.png\",\"width\":991,\"height\":150,\"caption\":\"vitalibera.org\"},\"image\":{\"@id\":\"https:\\\/\\\/www.vitalibera.org\\\/community\\\/#\\\/schema\\\/logo\\\/image\\\/\"},\"sameAs\":[\"https:\\\/\\\/www.facebook.com\\\/groups\\\/2997085857140235\"]},{\"@type\":\"Person\",\"@id\":\"https:\\\/\\\/www.vitalibera.org\\\/community\\\/#\\\/schema\\\/person\\\/6712387298421f222ff6d0a2e22c1534\",\"name\":\"Andreas Jecklin\",\"image\":{\"@type\":\"ImageObject\",\"inLanguage\":\"de\",\"@id\":\"https:\\\/\\\/secure.gravatar.com\\\/avatar\\\/ad516503a11cd5ca435acc9bb6523536?s=96\",\"url\":\"https:\\\/\\\/secure.gravatar.com\\\/avatar\\\/ad516503a11cd5ca435acc9bb6523536?s=96\",\"contentUrl\":\"https:\\\/\\\/secure.gravatar.com\\\/avatar\\\/ad516503a11cd5ca435acc9bb6523536?s=96\",\"caption\":\"Andreas Jecklin\"},\"description\":\"Manchen gab Gott die Kraft Dinge zu ver\u00e4ndern, mir gab er die Kraft zu ertragen was nicht mehr zu \u00e4ndern ist.\",\"url\":\"https:\\\/\\\/www.vitalibera.org\\\/community\\\/author\\\/andy77\\\/\"}]}<\/script>\r\n<!-- \/ Yoast SEO plugin. -->","yoast_head_json":{"title":"Unterschied Hemiplegie\u00a0&amp; Hemiparese - vitalibera.org","robots":{"index":"index","follow":"follow","max-snippet":"max-snippet:-1","max-image-preview":"max-image-preview:large","max-video-preview":"max-video-preview:-1"},"canonical":"https:\/\/www.vitalibera.org\/community\/2025\/12\/31\/unterschied-hemiplegie-hemiparese\/","og_locale":"de_DE","og_type":"article","og_title":"Unterschied Hemiplegie\u00a0&amp; Hemiparese - vitalibera.org","og_description":"Der Hauptunterschied:\u00a0Hemiplegie\u00a0ist eine vollst\u00e4ndige L\u00e4hmung\u00a0einer K\u00f6rperh\u00e4lfte, bei der keine Bewegung m\u00f6glich ist, w\u00e4hrend\u00a0Hemiparese\u00a0eine unvollst\u00e4ndige L\u00e4hmung (Schw\u00e4che)\u00a0ist, bei der noch Restbewegungen bestehen. Beide sind Folgen einer Hirnsch\u00e4digung (z. B.\u00a0Schlaganfall,\u00a0Hirnverletzung) und betreffen eine K\u00f6rperseite, aber der Grad der Funktionsverlust ist unterschiedlich.\u00a0 Hemiplegie Hemiparese Gemeinsamkeiten und Ursachen","og_url":"https:\/\/www.vitalibera.org\/community\/2025\/12\/31\/unterschied-hemiplegie-hemiparese\/","og_site_name":"vitalibera.org","article_publisher":"https:\/\/www.facebook.com\/groups\/2997085857140235","article_published_time":"2025-12-31T19:37:49+00:00","article_modified_time":"2025-12-31T19:50:19+00:00","og_image":[{"width":544,"height":510,"url":"https:\/\/www.vitalibera.org\/community\/wp-content\/uploads\/2025\/12\/brain89.jpg","type":"image\/jpeg"}],"author":"Andreas Jecklin","twitter_card":"summary_large_image","twitter_misc":{"Verfasst von":"Andreas Jecklin","Gesch\u00e4tzte Lesezeit":"2\u00a0Minuten"},"schema":{"@context":"https:\/\/schema.org","@graph":[{"@type":"Article","@id":"https:\/\/www.vitalibera.org\/community\/2025\/12\/31\/unterschied-hemiplegie-hemiparese\/#article","isPartOf":{"@id":"https:\/\/www.vitalibera.org\/community\/2025\/12\/31\/unterschied-hemiplegie-hemiparese\/"},"author":{"name":"Andreas Jecklin","@id":"https:\/\/www.vitalibera.org\/community\/#\/schema\/person\/6712387298421f222ff6d0a2e22c1534"},"headline":"Unterschied Hemiplegie\u00a0&amp; Hemiparese","datePublished":"2025-12-31T19:37:49+00:00","dateModified":"2025-12-31T19:50:19+00:00","mainEntityOfPage":{"@id":"https:\/\/www.vitalibera.org\/community\/2025\/12\/31\/unterschied-hemiplegie-hemiparese\/"},"wordCount":193,"publisher":{"@id":"https:\/\/www.vitalibera.org\/community\/#organization"},"image":{"@id":"https:\/\/www.vitalibera.org\/community\/2025\/12\/31\/unterschied-hemiplegie-hemiparese\/#primaryimage"},"thumbnailUrl":"https:\/\/www.vitalibera.org\/community\/wp-content\/uploads\/2025\/12\/brain89.jpg","articleSection":["Fachwissen"],"inLanguage":"de"},{"@type":"WebPage","@id":"https:\/\/www.vitalibera.org\/community\/2025\/12\/31\/unterschied-hemiplegie-hemiparese\/","url":"https:\/\/www.vitalibera.org\/community\/2025\/12\/31\/unterschied-hemiplegie-hemiparese\/","name":"Unterschied Hemiplegie\u00a0&amp; Hemiparese - vitalibera.org","isPartOf":{"@id":"https:\/\/www.vitalibera.org\/community\/#website"},"primaryImageOfPage":{"@id":"https:\/\/www.vitalibera.org\/community\/2025\/12\/31\/unterschied-hemiplegie-hemiparese\/#primaryimage"},"image":{"@id":"https:\/\/www.vitalibera.org\/community\/2025\/12\/31\/unterschied-hemiplegie-hemiparese\/#primaryimage"},"thumbnailUrl":"https:\/\/www.vitalibera.org\/community\/wp-content\/uploads\/2025\/12\/brain89.jpg","datePublished":"2025-12-31T19:37:49+00:00","dateModified":"2025-12-31T19:50:19+00:00","breadcrumb":{"@id":"https:\/\/www.vitalibera.org\/community\/2025\/12\/31\/unterschied-hemiplegie-hemiparese\/#breadcrumb"},"inLanguage":"de","potentialAction":[{"@type":"ReadAction","target":["https:\/\/www.vitalibera.org\/community\/2025\/12\/31\/unterschied-hemiplegie-hemiparese\/"]}]},{"@type":"BreadcrumbList","@id":"https:\/\/www.vitalibera.org\/community\/2025\/12\/31\/unterschied-hemiplegie-hemiparese\/#breadcrumb","itemListElement":[{"@type":"ListItem","position":1,"name":"Startseite","item":"https:\/\/www.vitalibera.org\/community\/"},{"@type":"ListItem","position":2,"name":"Unterschied Hemiplegie\u00a0&amp; Hemiparese"}]},{"@type":"WebSite","@id":"https:\/\/www.vitalibera.org\/community\/#website","url":"https:\/\/www.vitalibera.org\/community\/","name":"vitalibera.org","description":"Mit einer Einschr&auml;nkung gestaltet sich das Leben im Alltag oft schwieriger - hier berichten wir &uuml;ber unsere Erfahrungen und Hilfsmittel um den Alltag so unbeschwert und unkompliziert wie nur m&ouml;glich geniessen zu k&ouml;nnen. Dabei richten wir unseren Fokus gezielt auf Selbst&auml;ndigkeit, Eigenst&auml;ndigkeit und Selbstbestimmung.","publisher":{"@id":"https:\/\/www.vitalibera.org\/community\/#organization"},"potentialAction":[{"@type":"SearchAction","target":{"@type":"EntryPoint","urlTemplate":"https:\/\/www.vitalibera.org\/community\/?s={search_term_string}"},"query-input":{"@type":"PropertyValueSpecification","valueRequired":true,"valueName":"search_term_string"}}],"inLanguage":"de"},{"@type":"Organization","@id":"https:\/\/www.vitalibera.org\/community\/#organization","name":"vitalibera.org","url":"https:\/\/www.vitalibera.org\/community\/","logo":{"@type":"ImageObject","inLanguage":"de","@id":"https:\/\/www.vitalibera.org\/community\/#\/schema\/logo\/image\/","url":"https:\/\/www.vitalibera.org\/community\/wp-content\/uploads\/2025\/09\/cropped-banner.png","contentUrl":"https:\/\/www.vitalibera.org\/community\/wp-content\/uploads\/2025\/09\/cropped-banner.png","width":991,"height":150,"caption":"vitalibera.org"},"image":{"@id":"https:\/\/www.vitalibera.org\/community\/#\/schema\/logo\/image\/"},"sameAs":["https:\/\/www.facebook.com\/groups\/2997085857140235"]},{"@type":"Person","@id":"https:\/\/www.vitalibera.org\/community\/#\/schema\/person\/6712387298421f222ff6d0a2e22c1534","name":"Andreas Jecklin","image":{"@type":"ImageObject","inLanguage":"de","@id":"https:\/\/secure.gravatar.com\/avatar\/ad516503a11cd5ca435acc9bb6523536?s=96","url":"https:\/\/secure.gravatar.com\/avatar\/ad516503a11cd5ca435acc9bb6523536?s=96","contentUrl":"https:\/\/secure.gravatar.com\/avatar\/ad516503a11cd5ca435acc9bb6523536?s=96","caption":"Andreas Jecklin"},"description":"Manchen gab Gott die Kraft Dinge zu ver\u00e4ndern, mir gab er die Kraft zu ertragen was nicht mehr zu \u00e4ndern ist.","url":"https:\/\/www.vitalibera.org\/community\/author\/andy77\/"}]}},"jetpack_featured_media_url":"https:\/\/www.vitalibera.org\/community\/wp-content\/uploads\/2025\/12\/brain89.jpg","jetpack_sharing_enabled":true,"jetpack-related-posts":[],"_links":{"self":[{"href":"https:\/\/www.vitalibera.org\/community\/wp-json\/wp\/v2\/posts\/4905","targetHints":{"allow":["GET"]}}],"collection":[{"href":"https:\/\/www.vitalibera.org\/community\/wp-json\/wp\/v2\/posts"}],"about":[{"href":"https:\/\/www.vitalibera.org\/community\/wp-json\/wp\/v2\/types\/post"}],"author":[{"embeddable":true,"href":"https:\/\/www.vitalibera.org\/community\/wp-json\/wp\/v2\/users\/2"}],"replies":[{"embeddable":true,"href":"https:\/\/www.vitalibera.org\/community\/wp-json\/wp\/v2\/comments?post=4905"}],"version-history":[{"count":1,"href":"https:\/\/www.vitalibera.org\/community\/wp-json\/wp\/v2\/posts\/4905\/revisions"}],"predecessor-version":[{"id":4907,"href":"https:\/\/www.vitalibera.org\/community\/wp-json\/wp\/v2\/posts\/4905\/revisions\/4907"}],"wp:featuredmedia":[{"embeddable":true,"href":"https:\/\/www.vitalibera.org\/community\/wp-json\/wp\/v2\/media\/4906"}],"wp:attachment":[{"href":"https:\/\/www.vitalibera.org\/community\/wp-json\/wp\/v2\/media?parent=4905"}],"wp:term":[{"taxonomy":"category","embeddable":true,"href":"https:\/\/www.vitalibera.org\/community\/wp-json\/wp\/v2\/categories?post=4905"},{"taxonomy":"post_tag","embeddable":true,"href":"https:\/\/www.vitalibera.org\/community\/wp-json\/wp\/v2\/tags?post=4905"}],"curies":[{"name":"wp","href":"https:\/\/api.w.org\/{rel}","templated":true}]}}