{"id":4966,"date":"2026-01-03T23:16:26","date_gmt":"2026-01-03T22:16:26","guid":{"rendered":"https:\/\/www.vitalibera.org\/community\/?p=4966"},"modified":"2026-01-03T23:17:47","modified_gmt":"2026-01-03T22:17:47","slug":"unterschied-begleitetes-betreutes-wohnen","status":"publish","type":"post","link":"https:\/\/www.vitalibera.org\/community\/2026\/01\/03\/unterschied-begleitetes-betreutes-wohnen\/","title":{"rendered":"Unterschied : Begleitetes-\/Betreutes Wohnen"},"content":{"rendered":"\n<p>Der Hauptunterschied liegt in der Intensit&auml;t und Art der Unterst&uuml;tzung:&nbsp;<strong>Betreutes Wohnen<\/strong>&nbsp;bietet oft umfassendere, fest integrierte Dienste (Pflege, Hauswirtschaft) in einer betreuten Wohnanlage mit Gemeinschaftsangeboten, w&auml;hrend&nbsp;<strong>begleitetes Wohnen<\/strong>&nbsp;ambulant ist und meist nur punktuelle, bedarfsgerechte Hilfe durch Fachkr&auml;fte zu Hause anbietet, um die Eigenst&auml;ndigkeit zu f&ouml;rdern&nbsp;&ndash; die Begriffe werden aber oft synonym oder regional unterschiedlich verwendet. Betreutes Wohnen hat festere Strukturen, begleitetes Wohnen ist flexibler und st&auml;rker auf die individuelle Lebensf&uuml;hrung zugeschnitten.&nbsp;<\/p>\n\n\n\n<p>Betreutes Wohnen<\/p>\n\n\n\n<ul class=\"wp-block-list\">\n<li><strong>Wohnform:<\/strong>&nbsp;Meist in einer Wohnanlage, mit eigenen barrierefreien Wohnungen.<\/li>\n\n\n\n<li><strong>Unterst&uuml;tzung:<\/strong>&nbsp;Umfassender, oft mit Grundleistungen wie Notruf, Hausnotruf, Sozialberatung, Aktivit&auml;ten, manchmal auch Verpflegung.<\/li>\n\n\n\n<li><strong>Leistungsumfang:<\/strong>&nbsp;Fester integriert und oft obligatorisch.<\/li>\n\n\n\n<li><strong>Ziel:<\/strong>&nbsp;Sicherheit und Hilfe im Alltag bei gleichzeitiger Selbstst&auml;ndigkeit.&nbsp;<\/li>\n<\/ul>\n\n\n\n<p>Begleitetes Wohnen<\/p>\n\n\n\n<ul class=\"wp-block-list\">\n<li><strong>Wohnform:<\/strong>&nbsp;In der eigenen Wohnung, eventuell auch in WGs.<\/li>\n\n\n\n<li><strong>Unterst&uuml;tzung:<\/strong>&nbsp;Ambulant, kommt nach Hause, z.B. f&uuml;r Eink&auml;ufe, Arztbesuche, soziale Kontakte.<\/li>\n\n\n\n<li><strong>Leistungsumfang:<\/strong>&nbsp;Flexibel buchbar, bedarfsorientiert, oft stundenweise.<\/li>\n\n\n\n<li><strong>Ziel:<\/strong>&nbsp;Maximale Selbstst&auml;ndigkeit und Eigenverantwortung, Unterst&uuml;tzung bei der Bew&auml;ltigung des Alltags.&nbsp;<\/li>\n<\/ul>\n\n\n\n<p>Wichtiger Hinweis<\/p>\n\n\n\n<ul class=\"wp-block-list\">\n<li>In der Schweiz wird der Begriff&nbsp;<strong>&ldquo;begleitetes Wohnen&rdquo;<\/strong>&nbsp;oft f&uuml;r ambulante Formen bei Menschen mit Behinderung genutzt, w&auml;hrend&nbsp;<strong>&ldquo;betreutes Wohnen&rdquo;<\/strong>&nbsp;eher station&auml;re Strukturen (in Institutionen) beschreibt, aber auch f&uuml;r altersgerechtes Wohnen mit Service verwendet wird, was zu &Uuml;berschneidungen f&uuml;hrt.<\/li>\n\n\n\n<li>In Deutschland meint&nbsp;<strong>&ldquo;Betreutes Wohnen&rdquo;<\/strong>&nbsp;prim&auml;r die barrierefreie Wohnung mit Service-Angeboten und ist oft synonym mit &ldquo;Wohnen mit Service&rdquo;.&nbsp;<\/li>\n<\/ul>\n\n\n\n<p><a href=\"https:\/\/www.stiftungmosaik.ch\/ambewo-bl\/bs\/unsere-angebote\" target=\"_blank\" rel=\"noreferrer noopener\">Ambulant Begleitetes Wohnen (Stiftung Mosaik &ndash; Schweiz)<\/a><\/p>\n\n\n\n<p><a href=\"https:\/\/www.drk.de\/hilfe-in-deutschland\/senioren\/altersgerechtes-wohnen\/betreutes-wohnen\/\" target=\"_blank\" rel=\"noreferrer noopener\">Betreutes Wohnen Deutschland (Deutsches Rotes Kreuz DRK)<\/a><\/p>\n","protected":false},"excerpt":{"rendered":"<p>Der Hauptunterschied liegt in der Intensit\u00e4t und Art der Unterst\u00fctzung:\u00a0Betreutes Wohnen\u00a0bietet oft umfassendere, fest integrierte Dienste (Pflege, Hauswirtschaft) in einer betreuten Wohnanlage mit Gemeinschaftsangeboten, w\u00e4hrend\u00a0begleitetes Wohnen\u00a0ambulant ist und meist nur punktuelle, bedarfsgerechte Hilfe durch Fachkr\u00e4fte zu Hause anbietet, um die Eigenst\u00e4ndigkeit zu f\u00f6rdern\u00a0\u2013 die Begriffe werden aber oft synonym oder regional unterschiedlich verwendet. Betreutes Wohnen &#8230; <a title=\"Unterschied : Begleitetes-\/Betreutes Wohnen\" class=\"read-more\" href=\"https:\/\/www.vitalibera.org\/community\/2026\/01\/03\/unterschied-begleitetes-betreutes-wohnen\/\" aria-label=\"Mehr Informationen \u00fcber Unterschied : Begleitetes-\/Betreutes Wohnen\">Weiterlesen<\/a><\/p>\n","protected":false},"author":2,"featured_media":4967,"comment_status":"open","ping_status":"open","sticky":false,"template":"","format":"standard","meta":{"cybocfi_hide_featured_image":"yes","_jetpack_memberships_contains_paid_content":false,"footnotes":""},"categories":[225],"tags":[],"class_list":["post-4966","post","type-post","status-publish","format-standard","has-post-thumbnail","hentry","category-hilfe-fuer-angehoerige"],"yoast_head":"<!-- This site is optimized with the Yoast SEO plugin v27.4 - https:\/\/yoast.com\/product\/yoast-seo-wordpress\/ -->\r\n<title>Unterschied : Begleitetes-\/Betreutes Wohnen - vitalibera.org<\/title>\r\n<meta name=\"robots\" content=\"index, follow, max-snippet:-1, max-image-preview:large, max-video-preview:-1\" \/>\r\n<link rel=\"canonical\" href=\"http:\/\/www.vitalibera.org\/community\/2026\/01\/03\/unterschied-begleitetes-betreutes-wohnen\/\" \/>\r\n<meta property=\"og:locale\" content=\"de_DE\" \/>\r\n<meta property=\"og:type\" content=\"article\" \/>\r\n<meta property=\"og:title\" content=\"Unterschied : Begleitetes-\/Betreutes Wohnen - vitalibera.org\" \/>\r\n<meta property=\"og:description\" content=\"Der Hauptunterschied liegt in der Intensit\u00e4t und Art der Unterst\u00fctzung:\u00a0Betreutes Wohnen\u00a0bietet oft umfassendere, fest integrierte Dienste (Pflege, Hauswirtschaft) in einer betreuten Wohnanlage mit Gemeinschaftsangeboten, w\u00e4hrend\u00a0begleitetes Wohnen\u00a0ambulant ist und meist nur punktuelle, bedarfsgerechte Hilfe durch Fachkr\u00e4fte zu Hause anbietet, um die Eigenst\u00e4ndigkeit zu f\u00f6rdern\u00a0\u2013 die Begriffe werden aber oft synonym oder regional unterschiedlich verwendet. Betreutes Wohnen ... Weiterlesen\" \/>\r\n<meta property=\"og:url\" content=\"http:\/\/www.vitalibera.org\/community\/2026\/01\/03\/unterschied-begleitetes-betreutes-wohnen\/\" \/>\r\n<meta property=\"og:site_name\" content=\"vitalibera.org\" \/>\r\n<meta property=\"article:publisher\" content=\"https:\/\/www.facebook.com\/groups\/2997085857140235\" \/>\r\n<meta property=\"article:published_time\" content=\"2026-01-03T22:16:26+00:00\" \/>\r\n<meta property=\"article:modified_time\" content=\"2026-01-03T22:17:47+00:00\" \/>\r\n<meta property=\"og:image\" content=\"http:\/\/www.vitalibera.org\/community\/wp-content\/uploads\/2026\/01\/b2046b8b21d8633d7cbab418982b4b96.jpg\" \/>\r\n\t<meta property=\"og:image:width\" content=\"1199\" \/>\r\n\t<meta property=\"og:image:height\" content=\"947\" \/>\r\n\t<meta property=\"og:image:type\" content=\"image\/jpeg\" \/>\r\n<meta name=\"author\" content=\"Andreas Jecklin\" \/>\r\n<meta name=\"twitter:card\" content=\"summary_large_image\" \/>\r\n<meta name=\"twitter:label1\" content=\"Verfasst von\" \/>\n\t<meta name=\"twitter:data1\" content=\"Andreas Jecklin\" \/>\n\t<meta name=\"twitter:label2\" content=\"Gesch\u00e4tzte Lesezeit\" \/>\n\t<meta name=\"twitter:data2\" content=\"2\u00a0Minuten\" \/>\r\n<script type=\"application\/ld+json\" class=\"yoast-schema-graph\">{\"@context\":\"https:\\\/\\\/schema.org\",\"@graph\":[{\"@type\":\"Article\",\"@id\":\"http:\\\/\\\/www.vitalibera.org\\\/community\\\/2026\\\/01\\\/03\\\/unterschied-begleitetes-betreutes-wohnen\\\/#article\",\"isPartOf\":{\"@id\":\"http:\\\/\\\/www.vitalibera.org\\\/community\\\/2026\\\/01\\\/03\\\/unterschied-begleitetes-betreutes-wohnen\\\/\"},\"author\":{\"name\":\"Andreas Jecklin\",\"@id\":\"https:\\\/\\\/www.vitalibera.org\\\/community\\\/#\\\/schema\\\/person\\\/6712387298421f222ff6d0a2e22c1534\"},\"headline\":\"Unterschied : Begleitetes-\\\/Betreutes Wohnen\",\"datePublished\":\"2026-01-03T22:16:26+00:00\",\"dateModified\":\"2026-01-03T22:17:47+00:00\",\"mainEntityOfPage\":{\"@id\":\"http:\\\/\\\/www.vitalibera.org\\\/community\\\/2026\\\/01\\\/03\\\/unterschied-begleitetes-betreutes-wohnen\\\/\"},\"wordCount\":253,\"commentCount\":0,\"publisher\":{\"@id\":\"https:\\\/\\\/www.vitalibera.org\\\/community\\\/#organization\"},\"image\":{\"@id\":\"http:\\\/\\\/www.vitalibera.org\\\/community\\\/2026\\\/01\\\/03\\\/unterschied-begleitetes-betreutes-wohnen\\\/#primaryimage\"},\"thumbnailUrl\":\"https:\\\/\\\/www.vitalibera.org\\\/community\\\/wp-content\\\/uploads\\\/2026\\\/01\\\/b2046b8b21d8633d7cbab418982b4b96.jpg\",\"articleSection\":[\"Hilfe f\u00fcr Angeh\u00f6rige\"],\"inLanguage\":\"de\",\"potentialAction\":[{\"@type\":\"CommentAction\",\"name\":\"Comment\",\"target\":[\"http:\\\/\\\/www.vitalibera.org\\\/community\\\/2026\\\/01\\\/03\\\/unterschied-begleitetes-betreutes-wohnen\\\/#respond\"]}]},{\"@type\":\"WebPage\",\"@id\":\"http:\\\/\\\/www.vitalibera.org\\\/community\\\/2026\\\/01\\\/03\\\/unterschied-begleitetes-betreutes-wohnen\\\/\",\"url\":\"http:\\\/\\\/www.vitalibera.org\\\/community\\\/2026\\\/01\\\/03\\\/unterschied-begleitetes-betreutes-wohnen\\\/\",\"name\":\"Unterschied : Begleitetes-\\\/Betreutes Wohnen - vitalibera.org\",\"isPartOf\":{\"@id\":\"https:\\\/\\\/www.vitalibera.org\\\/community\\\/#website\"},\"primaryImageOfPage\":{\"@id\":\"http:\\\/\\\/www.vitalibera.org\\\/community\\\/2026\\\/01\\\/03\\\/unterschied-begleitetes-betreutes-wohnen\\\/#primaryimage\"},\"image\":{\"@id\":\"http:\\\/\\\/www.vitalibera.org\\\/community\\\/2026\\\/01\\\/03\\\/unterschied-begleitetes-betreutes-wohnen\\\/#primaryimage\"},\"thumbnailUrl\":\"https:\\\/\\\/www.vitalibera.org\\\/community\\\/wp-content\\\/uploads\\\/2026\\\/01\\\/b2046b8b21d8633d7cbab418982b4b96.jpg\",\"datePublished\":\"2026-01-03T22:16:26+00:00\",\"dateModified\":\"2026-01-03T22:17:47+00:00\",\"breadcrumb\":{\"@id\":\"http:\\\/\\\/www.vitalibera.org\\\/community\\\/2026\\\/01\\\/03\\\/unterschied-begleitetes-betreutes-wohnen\\\/#breadcrumb\"},\"inLanguage\":\"de\",\"potentialAction\":[{\"@type\":\"ReadAction\",\"target\":[\"http:\\\/\\\/www.vitalibera.org\\\/community\\\/2026\\\/01\\\/03\\\/unterschied-begleitetes-betreutes-wohnen\\\/\"]}]},{\"@type\":\"BreadcrumbList\",\"@id\":\"http:\\\/\\\/www.vitalibera.org\\\/community\\\/2026\\\/01\\\/03\\\/unterschied-begleitetes-betreutes-wohnen\\\/#breadcrumb\",\"itemListElement\":[{\"@type\":\"ListItem\",\"position\":1,\"name\":\"Startseite\",\"item\":\"https:\\\/\\\/www.vitalibera.org\\\/community\\\/\"},{\"@type\":\"ListItem\",\"position\":2,\"name\":\"Unterschied : Begleitetes-\\\/Betreutes Wohnen\"}]},{\"@type\":\"WebSite\",\"@id\":\"https:\\\/\\\/www.vitalibera.org\\\/community\\\/#website\",\"url\":\"https:\\\/\\\/www.vitalibera.org\\\/community\\\/\",\"name\":\"vitalibera.org\",\"description\":\"Mit einer Einschr&auml;nkung gestaltet sich das Leben im Alltag oft schwieriger - hier berichten wir &uuml;ber unsere Erfahrungen und Hilfsmittel um den Alltag so unbeschwert und unkompliziert wie nur m&ouml;glich geniessen zu k&ouml;nnen. Dabei richten wir unseren Fokus gezielt auf Selbst&auml;ndigkeit, Eigenst&auml;ndigkeit und Selbstbestimmung.\",\"publisher\":{\"@id\":\"https:\\\/\\\/www.vitalibera.org\\\/community\\\/#organization\"},\"potentialAction\":[{\"@type\":\"SearchAction\",\"target\":{\"@type\":\"EntryPoint\",\"urlTemplate\":\"https:\\\/\\\/www.vitalibera.org\\\/community\\\/?s={search_term_string}\"},\"query-input\":{\"@type\":\"PropertyValueSpecification\",\"valueRequired\":true,\"valueName\":\"search_term_string\"}}],\"inLanguage\":\"de\"},{\"@type\":\"Organization\",\"@id\":\"https:\\\/\\\/www.vitalibera.org\\\/community\\\/#organization\",\"name\":\"vitalibera.org\",\"url\":\"https:\\\/\\\/www.vitalibera.org\\\/community\\\/\",\"logo\":{\"@type\":\"ImageObject\",\"inLanguage\":\"de\",\"@id\":\"https:\\\/\\\/www.vitalibera.org\\\/community\\\/#\\\/schema\\\/logo\\\/image\\\/\",\"url\":\"https:\\\/\\\/www.vitalibera.org\\\/community\\\/wp-content\\\/uploads\\\/2025\\\/09\\\/cropped-banner.png\",\"contentUrl\":\"https:\\\/\\\/www.vitalibera.org\\\/community\\\/wp-content\\\/uploads\\\/2025\\\/09\\\/cropped-banner.png\",\"width\":991,\"height\":150,\"caption\":\"vitalibera.org\"},\"image\":{\"@id\":\"https:\\\/\\\/www.vitalibera.org\\\/community\\\/#\\\/schema\\\/logo\\\/image\\\/\"},\"sameAs\":[\"https:\\\/\\\/www.facebook.com\\\/groups\\\/2997085857140235\"]},{\"@type\":\"Person\",\"@id\":\"https:\\\/\\\/www.vitalibera.org\\\/community\\\/#\\\/schema\\\/person\\\/6712387298421f222ff6d0a2e22c1534\",\"name\":\"Andreas Jecklin\",\"image\":{\"@type\":\"ImageObject\",\"inLanguage\":\"de\",\"@id\":\"https:\\\/\\\/secure.gravatar.com\\\/avatar\\\/ad516503a11cd5ca435acc9bb6523536?s=96\",\"url\":\"https:\\\/\\\/secure.gravatar.com\\\/avatar\\\/ad516503a11cd5ca435acc9bb6523536?s=96\",\"contentUrl\":\"https:\\\/\\\/secure.gravatar.com\\\/avatar\\\/ad516503a11cd5ca435acc9bb6523536?s=96\",\"caption\":\"Andreas Jecklin\"},\"description\":\"Manchen gab Gott die Kraft Dinge zu ver\u00e4ndern, mir gab er die Kraft zu ertragen was nicht mehr zu \u00e4ndern ist.\",\"url\":\"https:\\\/\\\/www.vitalibera.org\\\/community\\\/author\\\/andy77\\\/\"}]}<\/script>\r\n<!-- \/ Yoast SEO plugin. -->","yoast_head_json":{"title":"Unterschied : Begleitetes-\/Betreutes Wohnen - vitalibera.org","robots":{"index":"index","follow":"follow","max-snippet":"max-snippet:-1","max-image-preview":"max-image-preview:large","max-video-preview":"max-video-preview:-1"},"canonical":"http:\/\/www.vitalibera.org\/community\/2026\/01\/03\/unterschied-begleitetes-betreutes-wohnen\/","og_locale":"de_DE","og_type":"article","og_title":"Unterschied : Begleitetes-\/Betreutes Wohnen - vitalibera.org","og_description":"Der Hauptunterschied liegt in der Intensit\u00e4t und Art der Unterst\u00fctzung:\u00a0Betreutes Wohnen\u00a0bietet oft umfassendere, fest integrierte Dienste (Pflege, Hauswirtschaft) in einer betreuten Wohnanlage mit Gemeinschaftsangeboten, w\u00e4hrend\u00a0begleitetes Wohnen\u00a0ambulant ist und meist nur punktuelle, bedarfsgerechte Hilfe durch Fachkr\u00e4fte zu Hause anbietet, um die Eigenst\u00e4ndigkeit zu f\u00f6rdern\u00a0\u2013 die Begriffe werden aber oft synonym oder regional unterschiedlich verwendet. Betreutes Wohnen ... Weiterlesen","og_url":"http:\/\/www.vitalibera.org\/community\/2026\/01\/03\/unterschied-begleitetes-betreutes-wohnen\/","og_site_name":"vitalibera.org","article_publisher":"https:\/\/www.facebook.com\/groups\/2997085857140235","article_published_time":"2026-01-03T22:16:26+00:00","article_modified_time":"2026-01-03T22:17:47+00:00","og_image":[{"width":1199,"height":947,"url":"http:\/\/www.vitalibera.org\/community\/wp-content\/uploads\/2026\/01\/b2046b8b21d8633d7cbab418982b4b96.jpg","type":"image\/jpeg"}],"author":"Andreas Jecklin","twitter_card":"summary_large_image","twitter_misc":{"Verfasst von":"Andreas Jecklin","Gesch\u00e4tzte Lesezeit":"2\u00a0Minuten"},"schema":{"@context":"https:\/\/schema.org","@graph":[{"@type":"Article","@id":"http:\/\/www.vitalibera.org\/community\/2026\/01\/03\/unterschied-begleitetes-betreutes-wohnen\/#article","isPartOf":{"@id":"http:\/\/www.vitalibera.org\/community\/2026\/01\/03\/unterschied-begleitetes-betreutes-wohnen\/"},"author":{"name":"Andreas Jecklin","@id":"https:\/\/www.vitalibera.org\/community\/#\/schema\/person\/6712387298421f222ff6d0a2e22c1534"},"headline":"Unterschied : Begleitetes-\/Betreutes Wohnen","datePublished":"2026-01-03T22:16:26+00:00","dateModified":"2026-01-03T22:17:47+00:00","mainEntityOfPage":{"@id":"http:\/\/www.vitalibera.org\/community\/2026\/01\/03\/unterschied-begleitetes-betreutes-wohnen\/"},"wordCount":253,"commentCount":0,"publisher":{"@id":"https:\/\/www.vitalibera.org\/community\/#organization"},"image":{"@id":"http:\/\/www.vitalibera.org\/community\/2026\/01\/03\/unterschied-begleitetes-betreutes-wohnen\/#primaryimage"},"thumbnailUrl":"https:\/\/www.vitalibera.org\/community\/wp-content\/uploads\/2026\/01\/b2046b8b21d8633d7cbab418982b4b96.jpg","articleSection":["Hilfe f\u00fcr Angeh\u00f6rige"],"inLanguage":"de","potentialAction":[{"@type":"CommentAction","name":"Comment","target":["http:\/\/www.vitalibera.org\/community\/2026\/01\/03\/unterschied-begleitetes-betreutes-wohnen\/#respond"]}]},{"@type":"WebPage","@id":"http:\/\/www.vitalibera.org\/community\/2026\/01\/03\/unterschied-begleitetes-betreutes-wohnen\/","url":"http:\/\/www.vitalibera.org\/community\/2026\/01\/03\/unterschied-begleitetes-betreutes-wohnen\/","name":"Unterschied : Begleitetes-\/Betreutes Wohnen - vitalibera.org","isPartOf":{"@id":"https:\/\/www.vitalibera.org\/community\/#website"},"primaryImageOfPage":{"@id":"http:\/\/www.vitalibera.org\/community\/2026\/01\/03\/unterschied-begleitetes-betreutes-wohnen\/#primaryimage"},"image":{"@id":"http:\/\/www.vitalibera.org\/community\/2026\/01\/03\/unterschied-begleitetes-betreutes-wohnen\/#primaryimage"},"thumbnailUrl":"https:\/\/www.vitalibera.org\/community\/wp-content\/uploads\/2026\/01\/b2046b8b21d8633d7cbab418982b4b96.jpg","datePublished":"2026-01-03T22:16:26+00:00","dateModified":"2026-01-03T22:17:47+00:00","breadcrumb":{"@id":"http:\/\/www.vitalibera.org\/community\/2026\/01\/03\/unterschied-begleitetes-betreutes-wohnen\/#breadcrumb"},"inLanguage":"de","potentialAction":[{"@type":"ReadAction","target":["http:\/\/www.vitalibera.org\/community\/2026\/01\/03\/unterschied-begleitetes-betreutes-wohnen\/"]}]},{"@type":"BreadcrumbList","@id":"http:\/\/www.vitalibera.org\/community\/2026\/01\/03\/unterschied-begleitetes-betreutes-wohnen\/#breadcrumb","itemListElement":[{"@type":"ListItem","position":1,"name":"Startseite","item":"https:\/\/www.vitalibera.org\/community\/"},{"@type":"ListItem","position":2,"name":"Unterschied : Begleitetes-\/Betreutes Wohnen"}]},{"@type":"WebSite","@id":"https:\/\/www.vitalibera.org\/community\/#website","url":"https:\/\/www.vitalibera.org\/community\/","name":"vitalibera.org","description":"Mit einer Einschr&auml;nkung gestaltet sich das Leben im Alltag oft schwieriger - hier berichten wir &uuml;ber unsere Erfahrungen und Hilfsmittel um den Alltag so unbeschwert und unkompliziert wie nur m&ouml;glich geniessen zu k&ouml;nnen. Dabei richten wir unseren Fokus gezielt auf Selbst&auml;ndigkeit, Eigenst&auml;ndigkeit und Selbstbestimmung.","publisher":{"@id":"https:\/\/www.vitalibera.org\/community\/#organization"},"potentialAction":[{"@type":"SearchAction","target":{"@type":"EntryPoint","urlTemplate":"https:\/\/www.vitalibera.org\/community\/?s={search_term_string}"},"query-input":{"@type":"PropertyValueSpecification","valueRequired":true,"valueName":"search_term_string"}}],"inLanguage":"de"},{"@type":"Organization","@id":"https:\/\/www.vitalibera.org\/community\/#organization","name":"vitalibera.org","url":"https:\/\/www.vitalibera.org\/community\/","logo":{"@type":"ImageObject","inLanguage":"de","@id":"https:\/\/www.vitalibera.org\/community\/#\/schema\/logo\/image\/","url":"https:\/\/www.vitalibera.org\/community\/wp-content\/uploads\/2025\/09\/cropped-banner.png","contentUrl":"https:\/\/www.vitalibera.org\/community\/wp-content\/uploads\/2025\/09\/cropped-banner.png","width":991,"height":150,"caption":"vitalibera.org"},"image":{"@id":"https:\/\/www.vitalibera.org\/community\/#\/schema\/logo\/image\/"},"sameAs":["https:\/\/www.facebook.com\/groups\/2997085857140235"]},{"@type":"Person","@id":"https:\/\/www.vitalibera.org\/community\/#\/schema\/person\/6712387298421f222ff6d0a2e22c1534","name":"Andreas Jecklin","image":{"@type":"ImageObject","inLanguage":"de","@id":"https:\/\/secure.gravatar.com\/avatar\/ad516503a11cd5ca435acc9bb6523536?s=96","url":"https:\/\/secure.gravatar.com\/avatar\/ad516503a11cd5ca435acc9bb6523536?s=96","contentUrl":"https:\/\/secure.gravatar.com\/avatar\/ad516503a11cd5ca435acc9bb6523536?s=96","caption":"Andreas Jecklin"},"description":"Manchen gab Gott die Kraft Dinge zu ver\u00e4ndern, mir gab er die Kraft zu ertragen was nicht mehr zu \u00e4ndern ist.","url":"https:\/\/www.vitalibera.org\/community\/author\/andy77\/"}]}},"jetpack_featured_media_url":"https:\/\/www.vitalibera.org\/community\/wp-content\/uploads\/2026\/01\/b2046b8b21d8633d7cbab418982b4b96.jpg","jetpack_sharing_enabled":true,"jetpack-related-posts":[],"_links":{"self":[{"href":"https:\/\/www.vitalibera.org\/community\/wp-json\/wp\/v2\/posts\/4966","targetHints":{"allow":["GET"]}}],"collection":[{"href":"https:\/\/www.vitalibera.org\/community\/wp-json\/wp\/v2\/posts"}],"about":[{"href":"https:\/\/www.vitalibera.org\/community\/wp-json\/wp\/v2\/types\/post"}],"author":[{"embeddable":true,"href":"https:\/\/www.vitalibera.org\/community\/wp-json\/wp\/v2\/users\/2"}],"replies":[{"embeddable":true,"href":"https:\/\/www.vitalibera.org\/community\/wp-json\/wp\/v2\/comments?post=4966"}],"version-history":[{"count":1,"href":"https:\/\/www.vitalibera.org\/community\/wp-json\/wp\/v2\/posts\/4966\/revisions"}],"predecessor-version":[{"id":4968,"href":"https:\/\/www.vitalibera.org\/community\/wp-json\/wp\/v2\/posts\/4966\/revisions\/4968"}],"wp:featuredmedia":[{"embeddable":true,"href":"https:\/\/www.vitalibera.org\/community\/wp-json\/wp\/v2\/media\/4967"}],"wp:attachment":[{"href":"https:\/\/www.vitalibera.org\/community\/wp-json\/wp\/v2\/media?parent=4966"}],"wp:term":[{"taxonomy":"category","embeddable":true,"href":"https:\/\/www.vitalibera.org\/community\/wp-json\/wp\/v2\/categories?post=4966"},{"taxonomy":"post_tag","embeddable":true,"href":"https:\/\/www.vitalibera.org\/community\/wp-json\/wp\/v2\/tags?post=4966"}],"curies":[{"name":"wp","href":"https:\/\/api.w.org\/{rel}","templated":true}]}}