{"id":4969,"date":"2026-01-04T11:54:06","date_gmt":"2026-01-04T10:54:06","guid":{"rendered":"https:\/\/www.vitalibera.org\/community\/?p=4969"},"modified":"2026-01-04T12:02:22","modified_gmt":"2026-01-04T11:02:22","slug":"alternativen-zu-pflegeheim-institutionen","status":"publish","type":"post","link":"https:\/\/www.vitalibera.org\/community\/2026\/01\/04\/alternativen-zu-pflegeheim-institutionen\/","title":{"rendered":"Alternativen zu Pflegeheim\/Institutionen"},"content":{"rendered":"\n<p class=\"has-background\" style=\"background-color:#febdbd\"><strong>Wichtig<\/strong>:\u00a0<strong>Eine gesch\u00e4ftsf\u00e4hige Person darf nicht gegen ihren freien Willen in ein Pflegeheim gebracht werden<\/strong>, selbst dann nicht, wenn die Familie oder das Personal \u00fcberzeugt sind, dass es \u201edas Beste w\u00e4re\u201c.<br><br>Es gibt durchaus Alternativen! Abh\u00e4ngig vom allgemeinen medizinischen Zustand des Betroffenen sowie dessen Pflegebedarf.<br><br><a href=\"https:\/\/www.vitalibera.org\/community\/2026\/01\/03\/unterschied-begleitetes-betreutes-wohnen\/\">Begleitetes oder betreutes Wohnen<\/a><br><br><a href=\"https:\/\/www.vitalibera.org\/community\/2025\/10\/16\/betreutes-wohnen-service-wohnen\/\">Betreutes \/ Service-Wohnen<\/a><br><br><a href=\"https:\/\/www.vitalibera.org\/community\/2025\/10\/12\/wohnen-mit-handicap\/\">Selbst\u00e4ndig Wohnen mit einem Handicap<\/a><br><br><a href=\"https:\/\/www.vitalibera.org\/community\/2025\/12\/25\/selbstbestimmtes-leben-trotz-handicap-zuhause\/\">Selbstbestimmtes Wohnen zuhause, trotz Handicap<\/a><br><\/p>\n\n\n\n<p><\/p>\n\n\n\n<p>Ein Pflegeheim ist nach einem Schlaganfall oft die letzte Option,\u00a0<mark>wenn der Pflegebedarf (z.B. durch schweren Schlaganfall mit Pflegegrad 5) zu Hause trotz ambulanter Unterst\u00fctzung nicht mehr leistbar ist, eine intensive medizinische oder pflegerische Betreuung notwendig wird oder die Belastung f\u00fcr Angeh\u00f6rige zu gro\u00df wird<\/mark>, <strong>wobei auch betreute Wohngemeinschaften oder spezielle Wohnformen f\u00fcr Menschen mit Hirnverletzungen <\/strong>eine Alternative sein k\u00f6nnen. Die Entscheidung ist einschneidend, aber wichtig, um eine gute Betreuung zu gew\u00e4hrleisten, die Physiotherapie, Logop\u00e4die, Psychotherapie, Aktivierung und soziale Teilhabe umfasst.\u00a0<\/p>\n\n\n\n<p>F\u00fcr junge Schlaganfallpatienten gibt es spezialisierte Pflegeeinrichtungen, oft mit &#8220;Junge Pflege&#8221;-Schwerpunkt oder neurologischem Fokus, die eine aktivierende Pflege mit Therapieangeboten kombinieren, um Selbstst\u00e4ndigkeit zu f\u00f6rdern. Wichtige Anlaufstellen sind Pflegest\u00fctzpunkte, Wohlfahrtsverb\u00e4nde (ASB, Diakonie, Caritas) und spezielle Einrichtungen wie die Malteser, die sich um junge Pflegebed\u00fcrftige k\u00fcmmern. Tagespflege kann eine Alternative zur vollstation\u00e4ren Pflege sein, und Organisationen wie\u00a0<a href=\"http:\/\/fragile.ch\" target=\"_blank\" rel=\"noreferrer noopener\">FRAGILE Suisse<\/a>\u00a0unterst\u00fctzen bei der R\u00fcckkehr in den Alltag nach der Rehabilitation.\u00a0<\/p>\n\n\n\n<p>Anlaufstellen &amp; Unterst\u00fctzung<\/p>\n\n\n\n<ul class=\"wp-block-list\">\n<li><strong>Pflegest\u00fctzpunkte:<\/strong>\u00a0Bieten kostenlose Beratung und Informationen zu lokalen Hilfsangeboten.<\/li>\n\n\n\n<li><strong>Wohlfahrtsverb\u00e4nde:<\/strong>\u00a0Arbeiter-Samariter-Bund (ASB), Diakonie, Caritas, Malteser, Parit\u00e4tischer Wohlfahrtsverband.<\/li>\n\n\n\n<li><strong>Stiftung Deutsche Schlaganfall-Hilfe:<\/strong>\u00a0Bietet Informationen und Vermittlung von Hilfsangeboten.\u00a0<\/li>\n<\/ul>\n\n\n\n<p>Arten von Einrichtungen<\/p>\n\n\n\n<ul class=\"wp-block-list\">\n<li><strong>Spezialisierte \u201eJunge Pflege\u201c-Einrichtungen:<\/strong>\u00a0Pflegen junge Menschen mit neurologischen Erkrankungen (z.B. MS, Schlaganfall, ALS) mit Fokus auf Aktivierung und Therapie.<\/li>\n\n\n\n<li><strong>Neurologische Fachkliniken:<\/strong>\u00a0Bieten spezialisierte Rehabilitation nach dem Schlaganfall.<\/li>\n\n\n\n<li><strong>Pflegeheime mit Schlaganfall-Schwerpunkt:<\/strong>\u00a0Auch in regul\u00e4ren Heimen gibt es spezialisierte Bereiche f\u00fcr Schlaganfallpatienten.\u00a0<\/li>\n<\/ul>\n\n\n\n<p>Wichtige Aspekte<\/p>\n\n\n\n<ul class=\"wp-block-list\">\n<li><strong>Aktivierende Pflege:<\/strong>\u00a0Ziel ist es, F\u00e4higkeiten zu bewahren und die Selbstst\u00e4ndigkeit zu f\u00f6rdern.<\/li>\n\n\n\n<li><strong>Interdisziplin\u00e4re Teams:<\/strong>\u00a0Pflegekr\u00e4fte und Therapeuten arbeiten zusammen.<\/li>\n\n\n\n<li><strong>Alternative Tagespflege:<\/strong>\u00a0Kann f\u00fcr j\u00fcngere Pflegebed\u00fcrftige eine gute Option sein, wenn eine vollstation\u00e4re Pflege noch nicht notwendig ist.\u00a0<\/li>\n<\/ul>\n\n\n\n<p>Wie Sie vorgehen<\/p>\n\n\n\n<ol class=\"wp-block-list\">\n<li><strong>Zuerst Pflegest\u00fctzpunkt oder Wohlfahrtsverband kontaktieren:<\/strong>\u00a0F\u00fcr eine erste Beratung und Orientierung.<\/li>\n\n\n\n<li><strong>Spezialisierte Einrichtungen suchen:<\/strong>\u00a0Nach \u201eJunge Pflege\u201c, \u201eNeurologische Pflege\u201c oder \u201eSchlaganfall-Pflege\u201c suchen.<\/li>\n\n\n\n<li><strong>Angebote vergleichen:<\/strong>\u00a0Achten Sie auf Therapieangebote und den Fokus der Pflege.<\/li>\n\n\n\n<li><strong>Tagespflege pr\u00fcfen:<\/strong>\u00a0Falls ein Umzug ins Pflegeheim noch nicht n\u00f6tig ist.\u00a0<\/li>\n<\/ol>\n\n\n\n<p><a href=\"https:\/\/www.schlaganfall-hilfe.de\/de\/fuer-betroffene\/alltag-mit-schlaganfall\/pflege\/auswahl-eines-pflegeheimes\" target=\"_blank\" rel=\"noreferrer noopener\">Pflegebed\u00fcrftig nach Schlaganfall &#8211; Das passende Pflegeheim finden<\/a><\/p>\n","protected":false},"excerpt":{"rendered":"<p>Wichtig:\u00a0Eine gesch\u00e4ftsf\u00e4hige Person darf nicht gegen ihren freien Willen in ein Pflegeheim gebracht werden, selbst dann nicht, wenn die Familie oder das Personal \u00fcberzeugt sind, dass es \u201edas Beste w\u00e4re\u201c. Es gibt durchaus Alternativen! Abh\u00e4ngig vom allgemeinen medizinischen Zustand des Betroffenen sowie dessen Pflegebedarf. Begleitetes oder betreutes Wohnen Betreutes \/ Service-Wohnen Selbst\u00e4ndig Wohnen mit einem &#8230; <a title=\"Alternativen zu Pflegeheim\/Institutionen\" class=\"read-more\" href=\"https:\/\/www.vitalibera.org\/community\/2026\/01\/04\/alternativen-zu-pflegeheim-institutionen\/\" aria-label=\"Mehr Informationen \u00fcber Alternativen zu Pflegeheim\/Institutionen\">Weiterlesen<\/a><\/p>\n","protected":false},"author":2,"featured_media":4970,"comment_status":"open","ping_status":"open","sticky":false,"template":"","format":"standard","meta":{"cybocfi_hide_featured_image":"yes","_jetpack_memberships_contains_paid_content":false,"footnotes":""},"categories":[225],"tags":[],"class_list":["post-4969","post","type-post","status-publish","format-standard","has-post-thumbnail","hentry","category-hilfe-fuer-angehoerige"],"yoast_head":"<!-- This site is optimized with the Yoast SEO plugin v27.4 - https:\/\/yoast.com\/product\/yoast-seo-wordpress\/ -->\r\n<title>Alternativen zu Pflegeheim\/Institutionen - vitalibera.org<\/title>\r\n<meta name=\"robots\" content=\"index, follow, max-snippet:-1, max-image-preview:large, max-video-preview:-1\" \/>\r\n<link rel=\"canonical\" href=\"http:\/\/www.vitalibera.org\/community\/2026\/01\/04\/alternativen-zu-pflegeheim-institutionen\/\" \/>\r\n<meta property=\"og:locale\" content=\"de_DE\" \/>\r\n<meta property=\"og:type\" content=\"article\" \/>\r\n<meta property=\"og:title\" content=\"Alternativen zu Pflegeheim\/Institutionen - vitalibera.org\" \/>\r\n<meta property=\"og:description\" content=\"Wichtig:\u00a0Eine gesch\u00e4ftsf\u00e4hige Person darf nicht gegen ihren freien Willen in ein Pflegeheim gebracht werden, selbst dann nicht, wenn die Familie oder das Personal \u00fcberzeugt sind, dass es \u201edas Beste w\u00e4re\u201c. Es gibt durchaus Alternativen! Abh\u00e4ngig vom allgemeinen medizinischen Zustand des Betroffenen sowie dessen Pflegebedarf. Begleitetes oder betreutes Wohnen Betreutes \/ Service-Wohnen Selbst\u00e4ndig Wohnen mit einem ... Weiterlesen\" \/>\r\n<meta property=\"og:url\" content=\"http:\/\/www.vitalibera.org\/community\/2026\/01\/04\/alternativen-zu-pflegeheim-institutionen\/\" \/>\r\n<meta property=\"og:site_name\" content=\"vitalibera.org\" \/>\r\n<meta property=\"article:publisher\" content=\"https:\/\/www.facebook.com\/groups\/2997085857140235\" \/>\r\n<meta property=\"article:published_time\" content=\"2026-01-04T10:54:06+00:00\" \/>\r\n<meta property=\"article:modified_time\" content=\"2026-01-04T11:02:22+00:00\" \/>\r\n<meta property=\"og:image\" content=\"http:\/\/www.vitalibera.org\/community\/wp-content\/uploads\/2026\/01\/Screenshot-2026-01-04-115243.jpg\" \/>\r\n\t<meta property=\"og:image:width\" content=\"619\" \/>\r\n\t<meta property=\"og:image:height\" content=\"525\" \/>\r\n\t<meta property=\"og:image:type\" content=\"image\/jpeg\" \/>\r\n<meta name=\"author\" content=\"Andreas Jecklin\" \/>\r\n<meta name=\"twitter:card\" content=\"summary_large_image\" \/>\r\n<meta name=\"twitter:label1\" content=\"Verfasst von\" \/>\n\t<meta name=\"twitter:data1\" content=\"Andreas Jecklin\" \/>\n\t<meta name=\"twitter:label2\" content=\"Gesch\u00e4tzte Lesezeit\" \/>\n\t<meta name=\"twitter:data2\" content=\"3\u00a0Minuten\" \/>\r\n<script type=\"application\/ld+json\" class=\"yoast-schema-graph\">{\"@context\":\"https:\\\/\\\/schema.org\",\"@graph\":[{\"@type\":\"Article\",\"@id\":\"http:\\\/\\\/www.vitalibera.org\\\/community\\\/2026\\\/01\\\/04\\\/alternativen-zu-pflegeheim-institutionen\\\/#article\",\"isPartOf\":{\"@id\":\"http:\\\/\\\/www.vitalibera.org\\\/community\\\/2026\\\/01\\\/04\\\/alternativen-zu-pflegeheim-institutionen\\\/\"},\"author\":{\"name\":\"Andreas Jecklin\",\"@id\":\"https:\\\/\\\/www.vitalibera.org\\\/community\\\/#\\\/schema\\\/person\\\/6712387298421f222ff6d0a2e22c1534\"},\"headline\":\"Alternativen zu Pflegeheim\\\/Institutionen\",\"datePublished\":\"2026-01-04T10:54:06+00:00\",\"dateModified\":\"2026-01-04T11:02:22+00:00\",\"mainEntityOfPage\":{\"@id\":\"http:\\\/\\\/www.vitalibera.org\\\/community\\\/2026\\\/01\\\/04\\\/alternativen-zu-pflegeheim-institutionen\\\/\"},\"wordCount\":426,\"commentCount\":0,\"publisher\":{\"@id\":\"https:\\\/\\\/www.vitalibera.org\\\/community\\\/#organization\"},\"image\":{\"@id\":\"http:\\\/\\\/www.vitalibera.org\\\/community\\\/2026\\\/01\\\/04\\\/alternativen-zu-pflegeheim-institutionen\\\/#primaryimage\"},\"thumbnailUrl\":\"https:\\\/\\\/www.vitalibera.org\\\/community\\\/wp-content\\\/uploads\\\/2026\\\/01\\\/Screenshot-2026-01-04-115243.jpg\",\"articleSection\":[\"Hilfe f\u00fcr Angeh\u00f6rige\"],\"inLanguage\":\"de\",\"potentialAction\":[{\"@type\":\"CommentAction\",\"name\":\"Comment\",\"target\":[\"http:\\\/\\\/www.vitalibera.org\\\/community\\\/2026\\\/01\\\/04\\\/alternativen-zu-pflegeheim-institutionen\\\/#respond\"]}]},{\"@type\":\"WebPage\",\"@id\":\"http:\\\/\\\/www.vitalibera.org\\\/community\\\/2026\\\/01\\\/04\\\/alternativen-zu-pflegeheim-institutionen\\\/\",\"url\":\"http:\\\/\\\/www.vitalibera.org\\\/community\\\/2026\\\/01\\\/04\\\/alternativen-zu-pflegeheim-institutionen\\\/\",\"name\":\"Alternativen zu Pflegeheim\\\/Institutionen - vitalibera.org\",\"isPartOf\":{\"@id\":\"https:\\\/\\\/www.vitalibera.org\\\/community\\\/#website\"},\"primaryImageOfPage\":{\"@id\":\"http:\\\/\\\/www.vitalibera.org\\\/community\\\/2026\\\/01\\\/04\\\/alternativen-zu-pflegeheim-institutionen\\\/#primaryimage\"},\"image\":{\"@id\":\"http:\\\/\\\/www.vitalibera.org\\\/community\\\/2026\\\/01\\\/04\\\/alternativen-zu-pflegeheim-institutionen\\\/#primaryimage\"},\"thumbnailUrl\":\"https:\\\/\\\/www.vitalibera.org\\\/community\\\/wp-content\\\/uploads\\\/2026\\\/01\\\/Screenshot-2026-01-04-115243.jpg\",\"datePublished\":\"2026-01-04T10:54:06+00:00\",\"dateModified\":\"2026-01-04T11:02:22+00:00\",\"breadcrumb\":{\"@id\":\"http:\\\/\\\/www.vitalibera.org\\\/community\\\/2026\\\/01\\\/04\\\/alternativen-zu-pflegeheim-institutionen\\\/#breadcrumb\"},\"inLanguage\":\"de\",\"potentialAction\":[{\"@type\":\"ReadAction\",\"target\":[\"http:\\\/\\\/www.vitalibera.org\\\/community\\\/2026\\\/01\\\/04\\\/alternativen-zu-pflegeheim-institutionen\\\/\"]}]},{\"@type\":\"BreadcrumbList\",\"@id\":\"http:\\\/\\\/www.vitalibera.org\\\/community\\\/2026\\\/01\\\/04\\\/alternativen-zu-pflegeheim-institutionen\\\/#breadcrumb\",\"itemListElement\":[{\"@type\":\"ListItem\",\"position\":1,\"name\":\"Startseite\",\"item\":\"https:\\\/\\\/www.vitalibera.org\\\/community\\\/\"},{\"@type\":\"ListItem\",\"position\":2,\"name\":\"Alternativen zu Pflegeheim\\\/Institutionen\"}]},{\"@type\":\"WebSite\",\"@id\":\"https:\\\/\\\/www.vitalibera.org\\\/community\\\/#website\",\"url\":\"https:\\\/\\\/www.vitalibera.org\\\/community\\\/\",\"name\":\"vitalibera.org\",\"description\":\"Mit einer Einschr&auml;nkung gestaltet sich das Leben im Alltag oft schwieriger - hier berichten wir &uuml;ber unsere Erfahrungen und Hilfsmittel um den Alltag so unbeschwert und unkompliziert wie nur m&ouml;glich geniessen zu k&ouml;nnen. Dabei richten wir unseren Fokus gezielt auf Selbst&auml;ndigkeit, Eigenst&auml;ndigkeit und Selbstbestimmung.\",\"publisher\":{\"@id\":\"https:\\\/\\\/www.vitalibera.org\\\/community\\\/#organization\"},\"potentialAction\":[{\"@type\":\"SearchAction\",\"target\":{\"@type\":\"EntryPoint\",\"urlTemplate\":\"https:\\\/\\\/www.vitalibera.org\\\/community\\\/?s={search_term_string}\"},\"query-input\":{\"@type\":\"PropertyValueSpecification\",\"valueRequired\":true,\"valueName\":\"search_term_string\"}}],\"inLanguage\":\"de\"},{\"@type\":\"Organization\",\"@id\":\"https:\\\/\\\/www.vitalibera.org\\\/community\\\/#organization\",\"name\":\"vitalibera.org\",\"url\":\"https:\\\/\\\/www.vitalibera.org\\\/community\\\/\",\"logo\":{\"@type\":\"ImageObject\",\"inLanguage\":\"de\",\"@id\":\"https:\\\/\\\/www.vitalibera.org\\\/community\\\/#\\\/schema\\\/logo\\\/image\\\/\",\"url\":\"https:\\\/\\\/www.vitalibera.org\\\/community\\\/wp-content\\\/uploads\\\/2025\\\/09\\\/cropped-banner.png\",\"contentUrl\":\"https:\\\/\\\/www.vitalibera.org\\\/community\\\/wp-content\\\/uploads\\\/2025\\\/09\\\/cropped-banner.png\",\"width\":991,\"height\":150,\"caption\":\"vitalibera.org\"},\"image\":{\"@id\":\"https:\\\/\\\/www.vitalibera.org\\\/community\\\/#\\\/schema\\\/logo\\\/image\\\/\"},\"sameAs\":[\"https:\\\/\\\/www.facebook.com\\\/groups\\\/2997085857140235\"]},{\"@type\":\"Person\",\"@id\":\"https:\\\/\\\/www.vitalibera.org\\\/community\\\/#\\\/schema\\\/person\\\/6712387298421f222ff6d0a2e22c1534\",\"name\":\"Andreas Jecklin\",\"image\":{\"@type\":\"ImageObject\",\"inLanguage\":\"de\",\"@id\":\"https:\\\/\\\/secure.gravatar.com\\\/avatar\\\/ad516503a11cd5ca435acc9bb6523536?s=96\",\"url\":\"https:\\\/\\\/secure.gravatar.com\\\/avatar\\\/ad516503a11cd5ca435acc9bb6523536?s=96\",\"contentUrl\":\"https:\\\/\\\/secure.gravatar.com\\\/avatar\\\/ad516503a11cd5ca435acc9bb6523536?s=96\",\"caption\":\"Andreas Jecklin\"},\"description\":\"Manchen gab Gott die Kraft Dinge zu ver\u00e4ndern, mir gab er die Kraft zu ertragen was nicht mehr zu \u00e4ndern ist.\",\"url\":\"https:\\\/\\\/www.vitalibera.org\\\/community\\\/author\\\/andy77\\\/\"}]}<\/script>\r\n<!-- \/ Yoast SEO plugin. -->","yoast_head_json":{"title":"Alternativen zu Pflegeheim\/Institutionen - vitalibera.org","robots":{"index":"index","follow":"follow","max-snippet":"max-snippet:-1","max-image-preview":"max-image-preview:large","max-video-preview":"max-video-preview:-1"},"canonical":"http:\/\/www.vitalibera.org\/community\/2026\/01\/04\/alternativen-zu-pflegeheim-institutionen\/","og_locale":"de_DE","og_type":"article","og_title":"Alternativen zu Pflegeheim\/Institutionen - vitalibera.org","og_description":"Wichtig:\u00a0Eine gesch\u00e4ftsf\u00e4hige Person darf nicht gegen ihren freien Willen in ein Pflegeheim gebracht werden, selbst dann nicht, wenn die Familie oder das Personal \u00fcberzeugt sind, dass es \u201edas Beste w\u00e4re\u201c. Es gibt durchaus Alternativen! Abh\u00e4ngig vom allgemeinen medizinischen Zustand des Betroffenen sowie dessen Pflegebedarf. Begleitetes oder betreutes Wohnen Betreutes \/ Service-Wohnen Selbst\u00e4ndig Wohnen mit einem ... Weiterlesen","og_url":"http:\/\/www.vitalibera.org\/community\/2026\/01\/04\/alternativen-zu-pflegeheim-institutionen\/","og_site_name":"vitalibera.org","article_publisher":"https:\/\/www.facebook.com\/groups\/2997085857140235","article_published_time":"2026-01-04T10:54:06+00:00","article_modified_time":"2026-01-04T11:02:22+00:00","og_image":[{"width":619,"height":525,"url":"http:\/\/www.vitalibera.org\/community\/wp-content\/uploads\/2026\/01\/Screenshot-2026-01-04-115243.jpg","type":"image\/jpeg"}],"author":"Andreas Jecklin","twitter_card":"summary_large_image","twitter_misc":{"Verfasst von":"Andreas Jecklin","Gesch\u00e4tzte Lesezeit":"3\u00a0Minuten"},"schema":{"@context":"https:\/\/schema.org","@graph":[{"@type":"Article","@id":"http:\/\/www.vitalibera.org\/community\/2026\/01\/04\/alternativen-zu-pflegeheim-institutionen\/#article","isPartOf":{"@id":"http:\/\/www.vitalibera.org\/community\/2026\/01\/04\/alternativen-zu-pflegeheim-institutionen\/"},"author":{"name":"Andreas Jecklin","@id":"https:\/\/www.vitalibera.org\/community\/#\/schema\/person\/6712387298421f222ff6d0a2e22c1534"},"headline":"Alternativen zu Pflegeheim\/Institutionen","datePublished":"2026-01-04T10:54:06+00:00","dateModified":"2026-01-04T11:02:22+00:00","mainEntityOfPage":{"@id":"http:\/\/www.vitalibera.org\/community\/2026\/01\/04\/alternativen-zu-pflegeheim-institutionen\/"},"wordCount":426,"commentCount":0,"publisher":{"@id":"https:\/\/www.vitalibera.org\/community\/#organization"},"image":{"@id":"http:\/\/www.vitalibera.org\/community\/2026\/01\/04\/alternativen-zu-pflegeheim-institutionen\/#primaryimage"},"thumbnailUrl":"https:\/\/www.vitalibera.org\/community\/wp-content\/uploads\/2026\/01\/Screenshot-2026-01-04-115243.jpg","articleSection":["Hilfe f\u00fcr Angeh\u00f6rige"],"inLanguage":"de","potentialAction":[{"@type":"CommentAction","name":"Comment","target":["http:\/\/www.vitalibera.org\/community\/2026\/01\/04\/alternativen-zu-pflegeheim-institutionen\/#respond"]}]},{"@type":"WebPage","@id":"http:\/\/www.vitalibera.org\/community\/2026\/01\/04\/alternativen-zu-pflegeheim-institutionen\/","url":"http:\/\/www.vitalibera.org\/community\/2026\/01\/04\/alternativen-zu-pflegeheim-institutionen\/","name":"Alternativen zu Pflegeheim\/Institutionen - vitalibera.org","isPartOf":{"@id":"https:\/\/www.vitalibera.org\/community\/#website"},"primaryImageOfPage":{"@id":"http:\/\/www.vitalibera.org\/community\/2026\/01\/04\/alternativen-zu-pflegeheim-institutionen\/#primaryimage"},"image":{"@id":"http:\/\/www.vitalibera.org\/community\/2026\/01\/04\/alternativen-zu-pflegeheim-institutionen\/#primaryimage"},"thumbnailUrl":"https:\/\/www.vitalibera.org\/community\/wp-content\/uploads\/2026\/01\/Screenshot-2026-01-04-115243.jpg","datePublished":"2026-01-04T10:54:06+00:00","dateModified":"2026-01-04T11:02:22+00:00","breadcrumb":{"@id":"http:\/\/www.vitalibera.org\/community\/2026\/01\/04\/alternativen-zu-pflegeheim-institutionen\/#breadcrumb"},"inLanguage":"de","potentialAction":[{"@type":"ReadAction","target":["http:\/\/www.vitalibera.org\/community\/2026\/01\/04\/alternativen-zu-pflegeheim-institutionen\/"]}]},{"@type":"BreadcrumbList","@id":"http:\/\/www.vitalibera.org\/community\/2026\/01\/04\/alternativen-zu-pflegeheim-institutionen\/#breadcrumb","itemListElement":[{"@type":"ListItem","position":1,"name":"Startseite","item":"https:\/\/www.vitalibera.org\/community\/"},{"@type":"ListItem","position":2,"name":"Alternativen zu Pflegeheim\/Institutionen"}]},{"@type":"WebSite","@id":"https:\/\/www.vitalibera.org\/community\/#website","url":"https:\/\/www.vitalibera.org\/community\/","name":"vitalibera.org","description":"Mit einer Einschr&auml;nkung gestaltet sich das Leben im Alltag oft schwieriger - hier berichten wir &uuml;ber unsere Erfahrungen und Hilfsmittel um den Alltag so unbeschwert und unkompliziert wie nur m&ouml;glich geniessen zu k&ouml;nnen. Dabei richten wir unseren Fokus gezielt auf Selbst&auml;ndigkeit, Eigenst&auml;ndigkeit und Selbstbestimmung.","publisher":{"@id":"https:\/\/www.vitalibera.org\/community\/#organization"},"potentialAction":[{"@type":"SearchAction","target":{"@type":"EntryPoint","urlTemplate":"https:\/\/www.vitalibera.org\/community\/?s={search_term_string}"},"query-input":{"@type":"PropertyValueSpecification","valueRequired":true,"valueName":"search_term_string"}}],"inLanguage":"de"},{"@type":"Organization","@id":"https:\/\/www.vitalibera.org\/community\/#organization","name":"vitalibera.org","url":"https:\/\/www.vitalibera.org\/community\/","logo":{"@type":"ImageObject","inLanguage":"de","@id":"https:\/\/www.vitalibera.org\/community\/#\/schema\/logo\/image\/","url":"https:\/\/www.vitalibera.org\/community\/wp-content\/uploads\/2025\/09\/cropped-banner.png","contentUrl":"https:\/\/www.vitalibera.org\/community\/wp-content\/uploads\/2025\/09\/cropped-banner.png","width":991,"height":150,"caption":"vitalibera.org"},"image":{"@id":"https:\/\/www.vitalibera.org\/community\/#\/schema\/logo\/image\/"},"sameAs":["https:\/\/www.facebook.com\/groups\/2997085857140235"]},{"@type":"Person","@id":"https:\/\/www.vitalibera.org\/community\/#\/schema\/person\/6712387298421f222ff6d0a2e22c1534","name":"Andreas Jecklin","image":{"@type":"ImageObject","inLanguage":"de","@id":"https:\/\/secure.gravatar.com\/avatar\/ad516503a11cd5ca435acc9bb6523536?s=96","url":"https:\/\/secure.gravatar.com\/avatar\/ad516503a11cd5ca435acc9bb6523536?s=96","contentUrl":"https:\/\/secure.gravatar.com\/avatar\/ad516503a11cd5ca435acc9bb6523536?s=96","caption":"Andreas Jecklin"},"description":"Manchen gab Gott die Kraft Dinge zu ver\u00e4ndern, mir gab er die Kraft zu ertragen was nicht mehr zu \u00e4ndern ist.","url":"https:\/\/www.vitalibera.org\/community\/author\/andy77\/"}]}},"jetpack_featured_media_url":"https:\/\/www.vitalibera.org\/community\/wp-content\/uploads\/2026\/01\/Screenshot-2026-01-04-115243.jpg","jetpack_sharing_enabled":true,"jetpack-related-posts":[],"_links":{"self":[{"href":"https:\/\/www.vitalibera.org\/community\/wp-json\/wp\/v2\/posts\/4969","targetHints":{"allow":["GET"]}}],"collection":[{"href":"https:\/\/www.vitalibera.org\/community\/wp-json\/wp\/v2\/posts"}],"about":[{"href":"https:\/\/www.vitalibera.org\/community\/wp-json\/wp\/v2\/types\/post"}],"author":[{"embeddable":true,"href":"https:\/\/www.vitalibera.org\/community\/wp-json\/wp\/v2\/users\/2"}],"replies":[{"embeddable":true,"href":"https:\/\/www.vitalibera.org\/community\/wp-json\/wp\/v2\/comments?post=4969"}],"version-history":[{"count":3,"href":"https:\/\/www.vitalibera.org\/community\/wp-json\/wp\/v2\/posts\/4969\/revisions"}],"predecessor-version":[{"id":4975,"href":"https:\/\/www.vitalibera.org\/community\/wp-json\/wp\/v2\/posts\/4969\/revisions\/4975"}],"wp:featuredmedia":[{"embeddable":true,"href":"https:\/\/www.vitalibera.org\/community\/wp-json\/wp\/v2\/media\/4970"}],"wp:attachment":[{"href":"https:\/\/www.vitalibera.org\/community\/wp-json\/wp\/v2\/media?parent=4969"}],"wp:term":[{"taxonomy":"category","embeddable":true,"href":"https:\/\/www.vitalibera.org\/community\/wp-json\/wp\/v2\/categories?post=4969"},{"taxonomy":"post_tag","embeddable":true,"href":"https:\/\/www.vitalibera.org\/community\/wp-json\/wp\/v2\/tags?post=4969"}],"curies":[{"name":"wp","href":"https:\/\/api.w.org\/{rel}","templated":true}]}}