{"id":4981,"date":"2026-01-04T20:43:36","date_gmt":"2026-01-04T19:43:36","guid":{"rendered":"https:\/\/www.vitalibera.org\/community\/?p=4981"},"modified":"2026-01-04T20:45:02","modified_gmt":"2026-01-04T19:45:02","slug":"junge-pflege-was-ist-das","status":"publish","type":"post","link":"https:\/\/www.vitalibera.org\/community\/2026\/01\/04\/junge-pflege-was-ist-das\/","title":{"rendered":"&#8220;Junge Pflege&#8221; was ist das?"},"content":{"rendered":"\n<p>&ldquo;Junge Pflege&rdquo; ist eine spezialisierte Betreuungsform f&uuml;r pflegebed&uuml;rftige Menschen unter 60, die in speziellen Wohngemeinschaften oder Wohnformen stattfindet, w&auml;hrend Pflegeheime prim&auml;r auf Senioren ausgerichtet sind, aber oft junge Pflegebed&uuml;rftige als Notl&ouml;sung aufnehmen m&uuml;ssen. Der Hauptunterschied liegt in der Altersgruppe und den damit verbundenen Interessen (z.B. Kino statt Sitztanzgruppe), der individuelleren Gestaltung des Alltags und der Lebensphase (z.B. Reha-Ziele vs. Lebensabend), sowie der spezifischen Schulung der Betreuer, um den Bed&uuml;rfnissen j&uuml;ngerer Menschen gerecht zu werden.&nbsp;<\/p>\n\n\n\n<p>Junge Pflege<\/p>\n\n\n\n<ul class=\"wp-block-list\">\n<li><strong>Zielgruppe:<\/strong>&nbsp;Menschen unter 60 Jahren, oft nach Unf&auml;llen (<a href=\"https:\/\/www.vitalibera.org\/community\/enzyklopaedie\/schlaganfall\/\" target=\"_self\" title=\"Ein Schlaganfall, auch Hirnschlag oder Apoplex genannt, ist eine&nbsp;pl&ouml;tzlich auftretende Durchblutungsst&ouml;rung im Gehirn, die dazu f&uuml;hrt, dass Gehirnzellen nicht mehr ausreichend mit Sauerstoff und N&auml;hrstoffen versorgt werden.&nbsp;Dies kann zu bleibenden Sch&auml;den oder sogar zum Absterben von Hirnzellen f&uuml;hren, wenn die Durchblutung nicht schnell wiederhergestellt wird.&nbsp; Einfach erkl&auml;rt: Stellen Sie sich vor, ein Teil Ihres Gehirns&hellip;\" class=\"encyclopedia\">Schlaganfall<\/a>), chronischen Erkrankungen oder Behinderungen.<\/li>\n\n\n\n<li><strong>Umgebung:<\/strong>&nbsp;Meist kleine Wohngemeinschaften (WG) mit ca. 10 Bewohnern, die ein eigenst&auml;ndiges Leben f&ouml;rdern (Haushalt f&uuml;hren, selbstst&auml;ndig agieren).<\/li>\n\n\n\n<li><strong>Fokus:<\/strong>&nbsp;Individuelle Lebensgestaltung, Aktivit&auml;ten (Kino, Ausfl&uuml;ge), Reha-Ziele, Selbstst&auml;ndigkeit, normaleres Leben.<\/li>\n\n\n\n<li><strong>Betreuung:<\/strong>&nbsp;Speziell geschultes Personal, das auf die Bed&uuml;rfnisse j&uuml;ngerer Menschen eingeht.&nbsp;<\/li>\n<\/ul>\n\n\n\n<p>Wann wird es relevant?<\/p>\n\n\n\n<ul class=\"wp-block-list\">\n<li>Wenn die h&auml;usliche Pflege an ihre Grenzen st&ouml;&szlig;t und junge Menschen nicht in eine &ldquo;typische&rdquo; Altenpflegee<a href=\"https:\/\/www.vitalibera.org\/community\/enzyklopaedie\/inr\/\" target=\"_self\" title=\"Die&nbsp;International Normalized Ratio (INR)&nbsp;ist ein&nbsp;weltweit standardisierter Laborwert zur Messung der Blutgerinnungszeit, insbesondere bei der Einnahme von Gerinnungshemmern wie Marcumar. Ein INR-Wert um 1,0 ist normal, w&auml;hrend bei einer Therapie meist Werte zwischen 2,0 und 3,5 angestrebt werden, um Thrombosen zu verhindern.\" class=\"encyclopedia\">inr<\/a>ichtung passen.<\/li>\n\n\n\n<li>Die &ldquo;Junge Pflege&rdquo; schlie&szlig;t eine Versorgungsl&uuml;cke f&uuml;r Menschen, die auf Dauer intensive Pflege ben&ouml;tigen, aber noch jung sind.&nbsp;<\/li>\n<\/ul>\n\n\n\n<p>Alternativen<\/p>\n\n\n\n<ul class=\"wp-block-list\">\n<li><strong>H&auml;usliche Pflege:<\/strong>&nbsp;F&uuml;r viele die bevorzugte Option, oft mit Unterst&uuml;tzung von Pflegediensten oder Angeh&ouml;rigen, erfordert aber barrierefreie Anpassungen im Eigenheim.<\/li>\n\n\n\n<li><strong>Betreutes Wohnen&nbsp;\/ Service-Wohnen:<\/strong>&nbsp;F&ouml;rdert Eigenst&auml;ndigkeit, ist aber eher f&uuml;r &auml;ltere, weniger pflegeintensive Menschen gedacht.&nbsp;<\/li>\n<\/ul>\n\n\n\n<p>Zusammenfassend l&auml;sst sich sagen, dass junge Pflege eine altersgerechtere Alternative zu klassischen Pflegeheimen f&uuml;r j&uuml;ngere, pflegebed&uuml;rftige Erwachsene darstellt, da sie sich an Lebensphase, Interessen und Zielen orientiert.&nbsp;<\/p>\n\n\n\n<p>Tipps zur Wahl der E<a href=\"https:\/\/www.vitalibera.org\/community\/enzyklopaedie\/inr\/\" target=\"_self\" title=\"Die&nbsp;International Normalized Ratio (INR)&nbsp;ist ein&nbsp;weltweit standardisierter Laborwert zur Messung der Blutgerinnungszeit, insbesondere bei der Einnahme von Gerinnungshemmern wie Marcumar. Ein INR-Wert um 1,0 ist normal, w&auml;hrend bei einer Therapie meist Werte zwischen 2,0 und 3,5 angestrebt werden, um Thrombosen zu verhindern.\" class=\"encyclopedia\">inr<\/a>ichtung<\/p>\n\n\n\n<p>F&uuml;r <a href=\"https:\/\/www.vitalibera.org\/community\/2026\/04\/19\/wenn-reize-laut-werden-und-menschen-leise\/\">Betroffene<\/a> empfiehlt es sich, gezielt nach&nbsp;<strong>spezialisierten Wohnbereichen f&uuml;r Junge Pflege<\/strong>&nbsp;innerhalb gr&ouml;&szlig;erer H&auml;user oder komplett eigenst&auml;ndigen E<a href=\"https:\/\/www.vitalibera.org\/community\/enzyklopaedie\/inr\/\" target=\"_self\" title=\"Die&nbsp;International Normalized Ratio (INR)&nbsp;ist ein&nbsp;weltweit standardisierter Laborwert zur Messung der Blutgerinnungszeit, insbesondere bei der Einnahme von Gerinnungshemmern wie Marcumar. Ein INR-Wert um 1,0 ist normal, w&auml;hrend bei einer Therapie meist Werte zwischen 2,0 und 3,5 angestrebt werden, um Thrombosen zu verhindern.\" class=\"encyclopedia\">inr<\/a>ichtungen zu suchen, um eine altersgerechte soziale Umgebung sicherzustellen. Eine Liste zugelassener E<a href=\"https:\/\/www.vitalibera.org\/community\/enzyklopaedie\/inr\/\" target=\"_self\" title=\"Die&nbsp;International Normalized Ratio (INR)&nbsp;ist ein&nbsp;weltweit standardisierter Laborwert zur Messung der Blutgerinnungszeit, insbesondere bei der Einnahme von Gerinnungshemmern wie Marcumar. Ein INR-Wert um 1,0 ist normal, w&auml;hrend bei einer Therapie meist Werte zwischen 2,0 und 3,5 angestrebt werden, um Thrombosen zu verhindern.\" class=\"encyclopedia\">inr<\/a>ichtungen kann &uuml;ber die&nbsp;Pflegekassen&nbsp;angefordert werden.<\/p>\n","protected":false},"excerpt":{"rendered":"<p>&#8220;Junge Pflege&#8221; ist eine spezialisierte Betreuungsform f\u00fcr pflegebed\u00fcrftige Menschen unter 60, die in speziellen Wohngemeinschaften oder Wohnformen stattfindet, w\u00e4hrend Pflegeheime prim\u00e4r auf Senioren ausgerichtet sind, aber oft junge Pflegebed\u00fcrftige als Notl\u00f6sung aufnehmen m\u00fcssen. Der Hauptunterschied liegt in der Altersgruppe und den damit verbundenen Interessen (z.B. Kino statt Sitztanzgruppe), der individuelleren Gestaltung des Alltags und der &#8230; <a title=\"&#8220;Junge Pflege&#8221; was ist das?\" class=\"read-more\" href=\"https:\/\/www.vitalibera.org\/community\/2026\/01\/04\/junge-pflege-was-ist-das\/\" aria-label=\"Mehr Informationen \u00fcber &#8220;Junge Pflege&#8221; was ist das?\">Weiterlesen<\/a><\/p>\n","protected":false},"author":2,"featured_media":4982,"comment_status":"open","ping_status":"open","sticky":false,"template":"","format":"standard","meta":{"cybocfi_hide_featured_image":"yes","_jetpack_memberships_contains_paid_content":false,"footnotes":""},"categories":[225],"tags":[],"class_list":["post-4981","post","type-post","status-publish","format-standard","has-post-thumbnail","hentry","category-hilfe-fuer-angehoerige"],"yoast_head":"<!-- This site is optimized with the Yoast SEO plugin v27.4 - https:\/\/yoast.com\/product\/yoast-seo-wordpress\/ -->\r\n<title>&quot;Junge Pflege&quot; was ist das? - vitalibera.org<\/title>\r\n<meta name=\"robots\" content=\"index, follow, max-snippet:-1, max-image-preview:large, max-video-preview:-1\" \/>\r\n<link rel=\"canonical\" href=\"https:\/\/www.vitalibera.org\/community\/2026\/01\/04\/junge-pflege-was-ist-das\/\" \/>\r\n<meta property=\"og:locale\" content=\"de_DE\" \/>\r\n<meta property=\"og:type\" content=\"article\" \/>\r\n<meta property=\"og:title\" content=\"&quot;Junge Pflege&quot; was ist das? - vitalibera.org\" \/>\r\n<meta property=\"og:description\" content=\"&#8220;Junge Pflege&#8221; ist eine spezialisierte Betreuungsform f\u00fcr pflegebed\u00fcrftige Menschen unter 60, die in speziellen Wohngemeinschaften oder Wohnformen stattfindet, w\u00e4hrend Pflegeheime prim\u00e4r auf Senioren ausgerichtet sind, aber oft junge Pflegebed\u00fcrftige als Notl\u00f6sung aufnehmen m\u00fcssen. Der Hauptunterschied liegt in der Altersgruppe und den damit verbundenen Interessen (z.B. Kino statt Sitztanzgruppe), der individuelleren Gestaltung des Alltags und der ... Weiterlesen\" \/>\r\n<meta property=\"og:url\" content=\"https:\/\/www.vitalibera.org\/community\/2026\/01\/04\/junge-pflege-was-ist-das\/\" \/>\r\n<meta property=\"og:site_name\" content=\"vitalibera.org\" \/>\r\n<meta property=\"article:publisher\" content=\"https:\/\/www.facebook.com\/groups\/2997085857140235\" \/>\r\n<meta property=\"article:published_time\" content=\"2026-01-04T19:43:36+00:00\" \/>\r\n<meta property=\"article:modified_time\" content=\"2026-01-04T19:45:02+00:00\" \/>\r\n<meta property=\"og:image\" content=\"https:\/\/www.vitalibera.org\/community\/wp-content\/uploads\/2026\/01\/jungepflege.jpg\" \/>\r\n\t<meta property=\"og:image:width\" content=\"684\" \/>\r\n\t<meta property=\"og:image:height\" content=\"451\" \/>\r\n\t<meta property=\"og:image:type\" content=\"image\/jpeg\" \/>\r\n<meta name=\"author\" content=\"Andreas Jecklin\" \/>\r\n<meta name=\"twitter:card\" content=\"summary_large_image\" \/>\r\n<meta name=\"twitter:label1\" content=\"Verfasst von\" \/>\n\t<meta name=\"twitter:data1\" content=\"Andreas Jecklin\" \/>\n\t<meta name=\"twitter:label2\" content=\"Gesch\u00e4tzte Lesezeit\" \/>\n\t<meta name=\"twitter:data2\" content=\"2\u00a0Minuten\" \/>\r\n<script type=\"application\/ld+json\" class=\"yoast-schema-graph\">{\"@context\":\"https:\\\/\\\/schema.org\",\"@graph\":[{\"@type\":\"Article\",\"@id\":\"https:\\\/\\\/www.vitalibera.org\\\/community\\\/2026\\\/01\\\/04\\\/junge-pflege-was-ist-das\\\/#article\",\"isPartOf\":{\"@id\":\"https:\\\/\\\/www.vitalibera.org\\\/community\\\/2026\\\/01\\\/04\\\/junge-pflege-was-ist-das\\\/\"},\"author\":{\"name\":\"Andreas Jecklin\",\"@id\":\"https:\\\/\\\/www.vitalibera.org\\\/community\\\/#\\\/schema\\\/person\\\/6712387298421f222ff6d0a2e22c1534\"},\"headline\":\"&#8220;Junge Pflege&#8221; was ist das?\",\"datePublished\":\"2026-01-04T19:43:36+00:00\",\"dateModified\":\"2026-01-04T19:45:02+00:00\",\"mainEntityOfPage\":{\"@id\":\"https:\\\/\\\/www.vitalibera.org\\\/community\\\/2026\\\/01\\\/04\\\/junge-pflege-was-ist-das\\\/\"},\"wordCount\":322,\"commentCount\":0,\"publisher\":{\"@id\":\"https:\\\/\\\/www.vitalibera.org\\\/community\\\/#organization\"},\"image\":{\"@id\":\"https:\\\/\\\/www.vitalibera.org\\\/community\\\/2026\\\/01\\\/04\\\/junge-pflege-was-ist-das\\\/#primaryimage\"},\"thumbnailUrl\":\"https:\\\/\\\/www.vitalibera.org\\\/community\\\/wp-content\\\/uploads\\\/2026\\\/01\\\/jungepflege.jpg\",\"articleSection\":[\"Hilfe f\u00fcr Angeh\u00f6rige\"],\"inLanguage\":\"de\",\"potentialAction\":[{\"@type\":\"CommentAction\",\"name\":\"Comment\",\"target\":[\"https:\\\/\\\/www.vitalibera.org\\\/community\\\/2026\\\/01\\\/04\\\/junge-pflege-was-ist-das\\\/#respond\"]}]},{\"@type\":\"WebPage\",\"@id\":\"https:\\\/\\\/www.vitalibera.org\\\/community\\\/2026\\\/01\\\/04\\\/junge-pflege-was-ist-das\\\/\",\"url\":\"https:\\\/\\\/www.vitalibera.org\\\/community\\\/2026\\\/01\\\/04\\\/junge-pflege-was-ist-das\\\/\",\"name\":\"\\\"Junge Pflege\\\" was ist das? - vitalibera.org\",\"isPartOf\":{\"@id\":\"https:\\\/\\\/www.vitalibera.org\\\/community\\\/#website\"},\"primaryImageOfPage\":{\"@id\":\"https:\\\/\\\/www.vitalibera.org\\\/community\\\/2026\\\/01\\\/04\\\/junge-pflege-was-ist-das\\\/#primaryimage\"},\"image\":{\"@id\":\"https:\\\/\\\/www.vitalibera.org\\\/community\\\/2026\\\/01\\\/04\\\/junge-pflege-was-ist-das\\\/#primaryimage\"},\"thumbnailUrl\":\"https:\\\/\\\/www.vitalibera.org\\\/community\\\/wp-content\\\/uploads\\\/2026\\\/01\\\/jungepflege.jpg\",\"datePublished\":\"2026-01-04T19:43:36+00:00\",\"dateModified\":\"2026-01-04T19:45:02+00:00\",\"breadcrumb\":{\"@id\":\"https:\\\/\\\/www.vitalibera.org\\\/community\\\/2026\\\/01\\\/04\\\/junge-pflege-was-ist-das\\\/#breadcrumb\"},\"inLanguage\":\"de\",\"potentialAction\":[{\"@type\":\"ReadAction\",\"target\":[\"https:\\\/\\\/www.vitalibera.org\\\/community\\\/2026\\\/01\\\/04\\\/junge-pflege-was-ist-das\\\/\"]}]},{\"@type\":\"BreadcrumbList\",\"@id\":\"https:\\\/\\\/www.vitalibera.org\\\/community\\\/2026\\\/01\\\/04\\\/junge-pflege-was-ist-das\\\/#breadcrumb\",\"itemListElement\":[{\"@type\":\"ListItem\",\"position\":1,\"name\":\"Startseite\",\"item\":\"https:\\\/\\\/www.vitalibera.org\\\/community\\\/\"},{\"@type\":\"ListItem\",\"position\":2,\"name\":\"&#8220;Junge Pflege&#8221; was ist das?\"}]},{\"@type\":\"WebSite\",\"@id\":\"https:\\\/\\\/www.vitalibera.org\\\/community\\\/#website\",\"url\":\"https:\\\/\\\/www.vitalibera.org\\\/community\\\/\",\"name\":\"vitalibera.org\",\"description\":\"Mit einer Einschr&auml;nkung gestaltet sich das Leben im Alltag oft schwieriger - hier berichten wir &uuml;ber unsere Erfahrungen und Hilfsmittel um den Alltag so unbeschwert und unkompliziert wie nur m&ouml;glich geniessen zu k&ouml;nnen. Dabei richten wir unseren Fokus gezielt auf Selbst&auml;ndigkeit, Eigenst&auml;ndigkeit und Selbstbestimmung.\",\"publisher\":{\"@id\":\"https:\\\/\\\/www.vitalibera.org\\\/community\\\/#organization\"},\"potentialAction\":[{\"@type\":\"SearchAction\",\"target\":{\"@type\":\"EntryPoint\",\"urlTemplate\":\"https:\\\/\\\/www.vitalibera.org\\\/community\\\/?s={search_term_string}\"},\"query-input\":{\"@type\":\"PropertyValueSpecification\",\"valueRequired\":true,\"valueName\":\"search_term_string\"}}],\"inLanguage\":\"de\"},{\"@type\":\"Organization\",\"@id\":\"https:\\\/\\\/www.vitalibera.org\\\/community\\\/#organization\",\"name\":\"vitalibera.org\",\"url\":\"https:\\\/\\\/www.vitalibera.org\\\/community\\\/\",\"logo\":{\"@type\":\"ImageObject\",\"inLanguage\":\"de\",\"@id\":\"https:\\\/\\\/www.vitalibera.org\\\/community\\\/#\\\/schema\\\/logo\\\/image\\\/\",\"url\":\"https:\\\/\\\/www.vitalibera.org\\\/community\\\/wp-content\\\/uploads\\\/2025\\\/09\\\/cropped-banner.png\",\"contentUrl\":\"https:\\\/\\\/www.vitalibera.org\\\/community\\\/wp-content\\\/uploads\\\/2025\\\/09\\\/cropped-banner.png\",\"width\":991,\"height\":150,\"caption\":\"vitalibera.org\"},\"image\":{\"@id\":\"https:\\\/\\\/www.vitalibera.org\\\/community\\\/#\\\/schema\\\/logo\\\/image\\\/\"},\"sameAs\":[\"https:\\\/\\\/www.facebook.com\\\/groups\\\/2997085857140235\"]},{\"@type\":\"Person\",\"@id\":\"https:\\\/\\\/www.vitalibera.org\\\/community\\\/#\\\/schema\\\/person\\\/6712387298421f222ff6d0a2e22c1534\",\"name\":\"Andreas Jecklin\",\"image\":{\"@type\":\"ImageObject\",\"inLanguage\":\"de\",\"@id\":\"https:\\\/\\\/secure.gravatar.com\\\/avatar\\\/ad516503a11cd5ca435acc9bb6523536?s=96\",\"url\":\"https:\\\/\\\/secure.gravatar.com\\\/avatar\\\/ad516503a11cd5ca435acc9bb6523536?s=96\",\"contentUrl\":\"https:\\\/\\\/secure.gravatar.com\\\/avatar\\\/ad516503a11cd5ca435acc9bb6523536?s=96\",\"caption\":\"Andreas Jecklin\"},\"description\":\"Manchen gab Gott die Kraft Dinge zu ver\u00e4ndern, mir gab er die Kraft zu ertragen was nicht mehr zu \u00e4ndern ist.\",\"url\":\"https:\\\/\\\/www.vitalibera.org\\\/community\\\/author\\\/andy77\\\/\"}]}<\/script>\r\n<!-- \/ Yoast SEO plugin. -->","yoast_head_json":{"title":"\"Junge Pflege\" was ist das? - vitalibera.org","robots":{"index":"index","follow":"follow","max-snippet":"max-snippet:-1","max-image-preview":"max-image-preview:large","max-video-preview":"max-video-preview:-1"},"canonical":"https:\/\/www.vitalibera.org\/community\/2026\/01\/04\/junge-pflege-was-ist-das\/","og_locale":"de_DE","og_type":"article","og_title":"\"Junge Pflege\" was ist das? - vitalibera.org","og_description":"&#8220;Junge Pflege&#8221; ist eine spezialisierte Betreuungsform f\u00fcr pflegebed\u00fcrftige Menschen unter 60, die in speziellen Wohngemeinschaften oder Wohnformen stattfindet, w\u00e4hrend Pflegeheime prim\u00e4r auf Senioren ausgerichtet sind, aber oft junge Pflegebed\u00fcrftige als Notl\u00f6sung aufnehmen m\u00fcssen. Der Hauptunterschied liegt in der Altersgruppe und den damit verbundenen Interessen (z.B. Kino statt Sitztanzgruppe), der individuelleren Gestaltung des Alltags und der ... Weiterlesen","og_url":"https:\/\/www.vitalibera.org\/community\/2026\/01\/04\/junge-pflege-was-ist-das\/","og_site_name":"vitalibera.org","article_publisher":"https:\/\/www.facebook.com\/groups\/2997085857140235","article_published_time":"2026-01-04T19:43:36+00:00","article_modified_time":"2026-01-04T19:45:02+00:00","og_image":[{"width":684,"height":451,"url":"https:\/\/www.vitalibera.org\/community\/wp-content\/uploads\/2026\/01\/jungepflege.jpg","type":"image\/jpeg"}],"author":"Andreas Jecklin","twitter_card":"summary_large_image","twitter_misc":{"Verfasst von":"Andreas Jecklin","Gesch\u00e4tzte Lesezeit":"2\u00a0Minuten"},"schema":{"@context":"https:\/\/schema.org","@graph":[{"@type":"Article","@id":"https:\/\/www.vitalibera.org\/community\/2026\/01\/04\/junge-pflege-was-ist-das\/#article","isPartOf":{"@id":"https:\/\/www.vitalibera.org\/community\/2026\/01\/04\/junge-pflege-was-ist-das\/"},"author":{"name":"Andreas Jecklin","@id":"https:\/\/www.vitalibera.org\/community\/#\/schema\/person\/6712387298421f222ff6d0a2e22c1534"},"headline":"&#8220;Junge Pflege&#8221; was ist das?","datePublished":"2026-01-04T19:43:36+00:00","dateModified":"2026-01-04T19:45:02+00:00","mainEntityOfPage":{"@id":"https:\/\/www.vitalibera.org\/community\/2026\/01\/04\/junge-pflege-was-ist-das\/"},"wordCount":322,"commentCount":0,"publisher":{"@id":"https:\/\/www.vitalibera.org\/community\/#organization"},"image":{"@id":"https:\/\/www.vitalibera.org\/community\/2026\/01\/04\/junge-pflege-was-ist-das\/#primaryimage"},"thumbnailUrl":"https:\/\/www.vitalibera.org\/community\/wp-content\/uploads\/2026\/01\/jungepflege.jpg","articleSection":["Hilfe f\u00fcr Angeh\u00f6rige"],"inLanguage":"de","potentialAction":[{"@type":"CommentAction","name":"Comment","target":["https:\/\/www.vitalibera.org\/community\/2026\/01\/04\/junge-pflege-was-ist-das\/#respond"]}]},{"@type":"WebPage","@id":"https:\/\/www.vitalibera.org\/community\/2026\/01\/04\/junge-pflege-was-ist-das\/","url":"https:\/\/www.vitalibera.org\/community\/2026\/01\/04\/junge-pflege-was-ist-das\/","name":"\"Junge Pflege\" was ist das? - vitalibera.org","isPartOf":{"@id":"https:\/\/www.vitalibera.org\/community\/#website"},"primaryImageOfPage":{"@id":"https:\/\/www.vitalibera.org\/community\/2026\/01\/04\/junge-pflege-was-ist-das\/#primaryimage"},"image":{"@id":"https:\/\/www.vitalibera.org\/community\/2026\/01\/04\/junge-pflege-was-ist-das\/#primaryimage"},"thumbnailUrl":"https:\/\/www.vitalibera.org\/community\/wp-content\/uploads\/2026\/01\/jungepflege.jpg","datePublished":"2026-01-04T19:43:36+00:00","dateModified":"2026-01-04T19:45:02+00:00","breadcrumb":{"@id":"https:\/\/www.vitalibera.org\/community\/2026\/01\/04\/junge-pflege-was-ist-das\/#breadcrumb"},"inLanguage":"de","potentialAction":[{"@type":"ReadAction","target":["https:\/\/www.vitalibera.org\/community\/2026\/01\/04\/junge-pflege-was-ist-das\/"]}]},{"@type":"BreadcrumbList","@id":"https:\/\/www.vitalibera.org\/community\/2026\/01\/04\/junge-pflege-was-ist-das\/#breadcrumb","itemListElement":[{"@type":"ListItem","position":1,"name":"Startseite","item":"https:\/\/www.vitalibera.org\/community\/"},{"@type":"ListItem","position":2,"name":"&#8220;Junge Pflege&#8221; was ist das?"}]},{"@type":"WebSite","@id":"https:\/\/www.vitalibera.org\/community\/#website","url":"https:\/\/www.vitalibera.org\/community\/","name":"vitalibera.org","description":"Mit einer Einschr&auml;nkung gestaltet sich das Leben im Alltag oft schwieriger - hier berichten wir &uuml;ber unsere Erfahrungen und Hilfsmittel um den Alltag so unbeschwert und unkompliziert wie nur m&ouml;glich geniessen zu k&ouml;nnen. Dabei richten wir unseren Fokus gezielt auf Selbst&auml;ndigkeit, Eigenst&auml;ndigkeit und Selbstbestimmung.","publisher":{"@id":"https:\/\/www.vitalibera.org\/community\/#organization"},"potentialAction":[{"@type":"SearchAction","target":{"@type":"EntryPoint","urlTemplate":"https:\/\/www.vitalibera.org\/community\/?s={search_term_string}"},"query-input":{"@type":"PropertyValueSpecification","valueRequired":true,"valueName":"search_term_string"}}],"inLanguage":"de"},{"@type":"Organization","@id":"https:\/\/www.vitalibera.org\/community\/#organization","name":"vitalibera.org","url":"https:\/\/www.vitalibera.org\/community\/","logo":{"@type":"ImageObject","inLanguage":"de","@id":"https:\/\/www.vitalibera.org\/community\/#\/schema\/logo\/image\/","url":"https:\/\/www.vitalibera.org\/community\/wp-content\/uploads\/2025\/09\/cropped-banner.png","contentUrl":"https:\/\/www.vitalibera.org\/community\/wp-content\/uploads\/2025\/09\/cropped-banner.png","width":991,"height":150,"caption":"vitalibera.org"},"image":{"@id":"https:\/\/www.vitalibera.org\/community\/#\/schema\/logo\/image\/"},"sameAs":["https:\/\/www.facebook.com\/groups\/2997085857140235"]},{"@type":"Person","@id":"https:\/\/www.vitalibera.org\/community\/#\/schema\/person\/6712387298421f222ff6d0a2e22c1534","name":"Andreas Jecklin","image":{"@type":"ImageObject","inLanguage":"de","@id":"https:\/\/secure.gravatar.com\/avatar\/ad516503a11cd5ca435acc9bb6523536?s=96","url":"https:\/\/secure.gravatar.com\/avatar\/ad516503a11cd5ca435acc9bb6523536?s=96","contentUrl":"https:\/\/secure.gravatar.com\/avatar\/ad516503a11cd5ca435acc9bb6523536?s=96","caption":"Andreas Jecklin"},"description":"Manchen gab Gott die Kraft Dinge zu ver\u00e4ndern, mir gab er die Kraft zu ertragen was nicht mehr zu \u00e4ndern ist.","url":"https:\/\/www.vitalibera.org\/community\/author\/andy77\/"}]}},"jetpack_featured_media_url":"https:\/\/www.vitalibera.org\/community\/wp-content\/uploads\/2026\/01\/jungepflege.jpg","jetpack_sharing_enabled":true,"jetpack-related-posts":[],"_links":{"self":[{"href":"https:\/\/www.vitalibera.org\/community\/wp-json\/wp\/v2\/posts\/4981","targetHints":{"allow":["GET"]}}],"collection":[{"href":"https:\/\/www.vitalibera.org\/community\/wp-json\/wp\/v2\/posts"}],"about":[{"href":"https:\/\/www.vitalibera.org\/community\/wp-json\/wp\/v2\/types\/post"}],"author":[{"embeddable":true,"href":"https:\/\/www.vitalibera.org\/community\/wp-json\/wp\/v2\/users\/2"}],"replies":[{"embeddable":true,"href":"https:\/\/www.vitalibera.org\/community\/wp-json\/wp\/v2\/comments?post=4981"}],"version-history":[{"count":1,"href":"https:\/\/www.vitalibera.org\/community\/wp-json\/wp\/v2\/posts\/4981\/revisions"}],"predecessor-version":[{"id":4983,"href":"https:\/\/www.vitalibera.org\/community\/wp-json\/wp\/v2\/posts\/4981\/revisions\/4983"}],"wp:featuredmedia":[{"embeddable":true,"href":"https:\/\/www.vitalibera.org\/community\/wp-json\/wp\/v2\/media\/4982"}],"wp:attachment":[{"href":"https:\/\/www.vitalibera.org\/community\/wp-json\/wp\/v2\/media?parent=4981"}],"wp:term":[{"taxonomy":"category","embeddable":true,"href":"https:\/\/www.vitalibera.org\/community\/wp-json\/wp\/v2\/categories?post=4981"},{"taxonomy":"post_tag","embeddable":true,"href":"https:\/\/www.vitalibera.org\/community\/wp-json\/wp\/v2\/tags?post=4981"}],"curies":[{"name":"wp","href":"https:\/\/api.w.org\/{rel}","templated":true}]}}