{"id":4995,"date":"2026-01-05T12:34:26","date_gmt":"2026-01-05T11:34:26","guid":{"rendered":"https:\/\/www.vitalibera.org\/community\/?p=4995"},"modified":"2026-01-05T12:50:58","modified_gmt":"2026-01-05T11:50:58","slug":"online-boerse-fuer-barrierefreie-wohnungen","status":"publish","type":"post","link":"https:\/\/www.vitalibera.org\/community\/2026\/01\/05\/online-boerse-fuer-barrierefreie-wohnungen\/","title":{"rendered":"Online-B\u00f6rse f\u00fcr barrierefreie Wohnungen"},"content":{"rendered":"\n<p>In der Wohnungsb&ouml;rse (<a href=\"http:\/\/www.procap.ch\" target=\"_blank\" rel=\"noreferrer noopener\">www.procap.ch<\/a>) finden Sie barrierefreie Wohnungen. Sie k&ouml;nnen aber auch ein Mietgesuch erfassen, um von einem\/r Vermieter\/-in gefunden zu werden.<\/p>\n\n\n\n<p>Nachdem Sie Ihr Mietgesuch erfasst haben, schalten wir dieses innerhalb von drei Werktagen frei.<\/p>\n\n\n\n<h5 class=\"wp-block-heading\">6 Minimalanforderungen<\/h5>\n\n\n\n<p>Wie wissen Vermieter und Mieter, ob eine Wohnung rollstuhlg&auml;ngig umgebaut werden kann? Um diese Frage zu beantworten, haben Baufachleute 6 Minimalanforderungen aufgestellt.<\/p>\n\n\n\n<h6 class=\"wp-block-heading\"><strong>Zugang, Breite von T&uuml;ren, Gr&ouml;ssenverh&auml;ltnisse<\/strong><\/h6>\n\n\n\n<p>Erf&uuml;llt eine Wohnung die 6 Minimalanforderungen, kann sie mit wenig Aufwand an die Bed&uuml;rfnisse einer Person im Rollstuhl angepasst werden. Erst wenn die Minimalanforderungen erf&uuml;llt sind, darf eine Wohnung deshalb als rollstuhlg&auml;ngig ausgeschrieben werden. Die 6 Minimalanforderungen legen Bedingungen f&uuml;r folgende Bereiche fest:<\/p>\n\n\n\n<ul class=\"wp-block-list\">\n<li>Zug&auml;nge<\/li>\n\n\n\n<li>Liftgr&ouml;sse<\/li>\n\n\n\n<li>Niveauunterschiede<\/li>\n\n\n\n<li>Korridorbreite<\/li>\n\n\n\n<li>T&uuml;rbreite<\/li>\n\n\n\n<li>Raumgr&ouml;sse von WC, Bad, K&uuml;che<\/li>\n<\/ul>\n\n\n\n<p>Die Minimalanforderungen gelten nur f&uuml;r bestehende Wohnungen. F&uuml;r die Planung von Wohnbauten (Neu- und Umbauten) gelten die aktuellen Normen und Gesetze.<\/p>\n\n\n\n<p><a href=\"https:\/\/www.procap.ch\/angebote\/online-service\/wohnungsboerse\/inserate-durchsuchen\/\" target=\"_blank\" rel=\"noreferrer noopener\">Zur Wohnungsb&ouml;rse<\/a><\/p>\n\n\n\n<p><mark>&ldquo;Barrierefrei&rdquo; ist ein Oberbegriff f&uuml;r uneingeschr&auml;nkte Nutzbarkeit ohne Hilfe, w&auml;hrend&nbsp;<strong>rollstuhlgerecht<\/strong>&nbsp;eine spezifischere Stufe ist, die&nbsp;<strong>h&ouml;here Anforderungen<\/strong>&nbsp;erf&uuml;llt<\/mark>, insbesondere durch gr&ouml;&szlig;ere Bewegungsfl&auml;chen und spezielle Ma&szlig;e (z.B. 150&times;150 cm) f&uuml;r Rollstuhlfahrer, die &uuml;ber die allgemeine Barrierefreiheit (z.B. 120&times;120 cm) hinausgehen; jede rollstuhlgerechte Wohnung ist auch barrierefrei, aber nicht jede barrierefreie Wohnung ist rollstuhlgerecht, besonders im privaten Bereich.&nbsp;<\/p>\n\n\n\n<p><strong>Barrierefrei (DIN 18040)<\/strong><\/p>\n\n\n\n<ul class=\"wp-block-list\">\n<li><strong>Definition:<\/strong>&nbsp;Barrierefreiheit bedeutet, dass R&auml;ume und Angebote f&uuml;r Menschen mit eingeschr&auml;nkter Mobilit&auml;t (z.B. Rollator, Rollstuhl) und auch f&uuml;r Blinde und Sehbehinderte ohne fremde Hilfe nutzbar sind.<\/li>\n\n\n\n<li><strong>Anforderungen:<\/strong>&nbsp;Keine Stufen, Schwellen (max. 2 cm), feste, ebene Bodenbel&auml;ge, gen&uuml;gend Platz zum Man&ouml;vrieren.<\/li>\n\n\n\n<li><strong>Beispiel WC:<\/strong>&nbsp;Bewegungsfl&auml;che von mindestens 120 x 120 cm<\/li>\n<\/ul>\n\n\n\n<p><strong>Rollstuhlgerecht (DIN 18040-2)<\/strong><\/p>\n\n\n\n<ul class=\"wp-block-list\">\n<li><strong>Definition:<\/strong>&nbsp;Erf&uuml;llt alle Anforderungen der Barrierefreiheit und geht dar&uuml;ber hinaus, um eine&nbsp;<em>uneingeschr&auml;nkte<\/em>&nbsp;Nutzung mit dem Rollstuhl zu gew&auml;hrleisten.<\/li>\n\n\n\n<li><strong>Zus&auml;tzliche Anforderungen:<\/strong>\n<ul class=\"wp-block-list\">\n<li><strong>T&uuml;ren:<\/strong>&nbsp;Mindestens 90 cm lichte Durchgangsbreite (oft 90 cm statt 80 cm).<\/li>\n\n\n\n<li><strong>Bewegungsfl&auml;chen:<\/strong>&nbsp;150 x 150 cm (z.B. vor WC, Dusche).<\/li>\n\n\n\n<li><strong>Bad &amp; K&uuml;che:<\/strong>&nbsp;Spezifische Ma&szlig;e, unterfahrbare Waschbecken, Haltegriffe, spezielle K&uuml;chenplanung.&nbsp;<\/li>\n<\/ul>\n<\/li>\n<\/ul>\n\n\n\n<p><strong><em>Fazit<\/em><\/strong><\/p>\n\n\n\n<ul class=\"wp-block-list\">\n<li><strong>&ldquo;Barrierefrei&rdquo;<\/strong>&nbsp;ist der &uuml;bergeordnete Begriff, der viele Bed&uuml;rfnisse abdeckt (z.B. &auml;ltere Menschen, Rollatoren, Kinderwagen, Blinde).<\/li>\n\n\n\n<li><strong>&ldquo;Rollstuhlgerecht&rdquo;<\/strong>&nbsp;spezifiziert die Anforderungen f&uuml;r Rollstuhlfahrer und ist eine h&ouml;here Stufe der Barrierefreiheit, die in privaten Wohnungen extra ausgewiesen werden muss.<\/li>\n\n\n\n<li>Im &ouml;ffentlichen Bereich wird Barrierefreiheit oft mit Nutzbarkeit f&uuml;r Rollstuhlfahrer gleichgesetzt, im privaten Wohnbereich gelten jedoch unterschiedliche Normen.&nbsp;<\/li>\n<\/ul>\n\n\n\n<p><\/p>\n","protected":false},"excerpt":{"rendered":"<p>In der Wohnungsb\u00f6rse (www.procap.ch) finden Sie barrierefreie Wohnungen. Sie k\u00f6nnen aber auch ein Mietgesuch erfassen, um von einem\/r Vermieter\/-in gefunden zu werden. Nachdem Sie Ihr Mietgesuch erfasst haben, schalten wir dieses innerhalb von drei Werktagen frei. 6 Minimalanforderungen Wie wissen Vermieter und Mieter, ob eine Wohnung rollstuhlg\u00e4ngig umgebaut werden kann? Um diese Frage zu beantworten, &#8230; <a title=\"Online-B\u00f6rse f\u00fcr barrierefreie Wohnungen\" class=\"read-more\" href=\"https:\/\/www.vitalibera.org\/community\/2026\/01\/05\/online-boerse-fuer-barrierefreie-wohnungen\/\" aria-label=\"Mehr Informationen \u00fcber Online-B\u00f6rse f\u00fcr barrierefreie Wohnungen\">Weiterlesen<\/a><\/p>\n","protected":false},"author":2,"featured_media":4996,"comment_status":"closed","ping_status":"open","sticky":false,"template":"","format":"standard","meta":{"cybocfi_hide_featured_image":"yes","_jetpack_memberships_contains_paid_content":false,"footnotes":""},"categories":[225],"tags":[],"class_list":["post-4995","post","type-post","status-publish","format-standard","has-post-thumbnail","hentry","category-hilfe-fuer-angehoerige"],"yoast_head":"<!-- This site is optimized with the Yoast SEO plugin v27.4 - https:\/\/yoast.com\/product\/yoast-seo-wordpress\/ -->\r\n<title>Online-B\u00f6rse f\u00fcr barrierefreie Wohnungen - vitalibera.org<\/title>\r\n<meta name=\"robots\" content=\"index, follow, max-snippet:-1, max-image-preview:large, max-video-preview:-1\" \/>\r\n<link rel=\"canonical\" href=\"http:\/\/www.vitalibera.org\/community\/2026\/01\/05\/online-boerse-fuer-barrierefreie-wohnungen\/\" \/>\r\n<meta property=\"og:locale\" content=\"de_DE\" \/>\r\n<meta property=\"og:type\" content=\"article\" \/>\r\n<meta property=\"og:title\" content=\"Online-B\u00f6rse f\u00fcr barrierefreie Wohnungen - vitalibera.org\" \/>\r\n<meta property=\"og:description\" content=\"In der Wohnungsb\u00f6rse (www.procap.ch) finden Sie barrierefreie Wohnungen. Sie k\u00f6nnen aber auch ein Mietgesuch erfassen, um von einem\/r Vermieter\/-in gefunden zu werden. Nachdem Sie Ihr Mietgesuch erfasst haben, schalten wir dieses innerhalb von drei Werktagen frei. 6 Minimalanforderungen Wie wissen Vermieter und Mieter, ob eine Wohnung rollstuhlg\u00e4ngig umgebaut werden kann? Um diese Frage zu beantworten, ... Weiterlesen\" \/>\r\n<meta property=\"og:url\" content=\"http:\/\/www.vitalibera.org\/community\/2026\/01\/05\/online-boerse-fuer-barrierefreie-wohnungen\/\" \/>\r\n<meta property=\"og:site_name\" content=\"vitalibera.org\" \/>\r\n<meta property=\"article:publisher\" content=\"https:\/\/www.facebook.com\/groups\/2997085857140235\" \/>\r\n<meta property=\"article:published_time\" content=\"2026-01-05T11:34:26+00:00\" \/>\r\n<meta property=\"article:modified_time\" content=\"2026-01-05T11:50:58+00:00\" \/>\r\n<meta property=\"og:image\" content=\"http:\/\/www.vitalibera.org\/community\/wp-content\/uploads\/2026\/01\/wohnungssuche.jpg\" \/>\r\n\t<meta property=\"og:image:width\" content=\"938\" \/>\r\n\t<meta property=\"og:image:height\" content=\"533\" \/>\r\n\t<meta property=\"og:image:type\" content=\"image\/jpeg\" \/>\r\n<meta name=\"author\" content=\"Andreas Jecklin\" \/>\r\n<meta name=\"twitter:card\" content=\"summary_large_image\" \/>\r\n<meta name=\"twitter:label1\" content=\"Verfasst von\" \/>\n\t<meta name=\"twitter:data1\" content=\"Andreas Jecklin\" \/>\n\t<meta name=\"twitter:label2\" content=\"Gesch\u00e4tzte Lesezeit\" \/>\n\t<meta name=\"twitter:data2\" content=\"3\u00a0Minuten\" \/>\r\n<script type=\"application\/ld+json\" class=\"yoast-schema-graph\">{\"@context\":\"https:\\\/\\\/schema.org\",\"@graph\":[{\"@type\":\"Article\",\"@id\":\"http:\\\/\\\/www.vitalibera.org\\\/community\\\/2026\\\/01\\\/05\\\/online-boerse-fuer-barrierefreie-wohnungen\\\/#article\",\"isPartOf\":{\"@id\":\"http:\\\/\\\/www.vitalibera.org\\\/community\\\/2026\\\/01\\\/05\\\/online-boerse-fuer-barrierefreie-wohnungen\\\/\"},\"author\":{\"name\":\"Andreas Jecklin\",\"@id\":\"https:\\\/\\\/www.vitalibera.org\\\/community\\\/#\\\/schema\\\/person\\\/6712387298421f222ff6d0a2e22c1534\"},\"headline\":\"Online-B\u00f6rse f\u00fcr barrierefreie Wohnungen\",\"datePublished\":\"2026-01-05T11:34:26+00:00\",\"dateModified\":\"2026-01-05T11:50:58+00:00\",\"mainEntityOfPage\":{\"@id\":\"http:\\\/\\\/www.vitalibera.org\\\/community\\\/2026\\\/01\\\/05\\\/online-boerse-fuer-barrierefreie-wohnungen\\\/\"},\"wordCount\":418,\"publisher\":{\"@id\":\"https:\\\/\\\/www.vitalibera.org\\\/community\\\/#organization\"},\"image\":{\"@id\":\"http:\\\/\\\/www.vitalibera.org\\\/community\\\/2026\\\/01\\\/05\\\/online-boerse-fuer-barrierefreie-wohnungen\\\/#primaryimage\"},\"thumbnailUrl\":\"https:\\\/\\\/www.vitalibera.org\\\/community\\\/wp-content\\\/uploads\\\/2026\\\/01\\\/wohnungssuche.jpg\",\"articleSection\":[\"Hilfe f\u00fcr Angeh\u00f6rige\"],\"inLanguage\":\"de\"},{\"@type\":\"WebPage\",\"@id\":\"http:\\\/\\\/www.vitalibera.org\\\/community\\\/2026\\\/01\\\/05\\\/online-boerse-fuer-barrierefreie-wohnungen\\\/\",\"url\":\"http:\\\/\\\/www.vitalibera.org\\\/community\\\/2026\\\/01\\\/05\\\/online-boerse-fuer-barrierefreie-wohnungen\\\/\",\"name\":\"Online-B\u00f6rse f\u00fcr barrierefreie Wohnungen - vitalibera.org\",\"isPartOf\":{\"@id\":\"https:\\\/\\\/www.vitalibera.org\\\/community\\\/#website\"},\"primaryImageOfPage\":{\"@id\":\"http:\\\/\\\/www.vitalibera.org\\\/community\\\/2026\\\/01\\\/05\\\/online-boerse-fuer-barrierefreie-wohnungen\\\/#primaryimage\"},\"image\":{\"@id\":\"http:\\\/\\\/www.vitalibera.org\\\/community\\\/2026\\\/01\\\/05\\\/online-boerse-fuer-barrierefreie-wohnungen\\\/#primaryimage\"},\"thumbnailUrl\":\"https:\\\/\\\/www.vitalibera.org\\\/community\\\/wp-content\\\/uploads\\\/2026\\\/01\\\/wohnungssuche.jpg\",\"datePublished\":\"2026-01-05T11:34:26+00:00\",\"dateModified\":\"2026-01-05T11:50:58+00:00\",\"breadcrumb\":{\"@id\":\"http:\\\/\\\/www.vitalibera.org\\\/community\\\/2026\\\/01\\\/05\\\/online-boerse-fuer-barrierefreie-wohnungen\\\/#breadcrumb\"},\"inLanguage\":\"de\",\"potentialAction\":[{\"@type\":\"ReadAction\",\"target\":[\"http:\\\/\\\/www.vitalibera.org\\\/community\\\/2026\\\/01\\\/05\\\/online-boerse-fuer-barrierefreie-wohnungen\\\/\"]}]},{\"@type\":\"BreadcrumbList\",\"@id\":\"http:\\\/\\\/www.vitalibera.org\\\/community\\\/2026\\\/01\\\/05\\\/online-boerse-fuer-barrierefreie-wohnungen\\\/#breadcrumb\",\"itemListElement\":[{\"@type\":\"ListItem\",\"position\":1,\"name\":\"Startseite\",\"item\":\"https:\\\/\\\/www.vitalibera.org\\\/community\\\/\"},{\"@type\":\"ListItem\",\"position\":2,\"name\":\"Online-B\u00f6rse f\u00fcr barrierefreie Wohnungen\"}]},{\"@type\":\"WebSite\",\"@id\":\"https:\\\/\\\/www.vitalibera.org\\\/community\\\/#website\",\"url\":\"https:\\\/\\\/www.vitalibera.org\\\/community\\\/\",\"name\":\"vitalibera.org\",\"description\":\"Mit einer Einschr&auml;nkung gestaltet sich das Leben im Alltag oft schwieriger - hier berichten wir &uuml;ber unsere Erfahrungen und Hilfsmittel um den Alltag so unbeschwert und unkompliziert wie nur m&ouml;glich geniessen zu k&ouml;nnen. Dabei richten wir unseren Fokus gezielt auf Selbst&auml;ndigkeit, Eigenst&auml;ndigkeit und Selbstbestimmung.\",\"publisher\":{\"@id\":\"https:\\\/\\\/www.vitalibera.org\\\/community\\\/#organization\"},\"potentialAction\":[{\"@type\":\"SearchAction\",\"target\":{\"@type\":\"EntryPoint\",\"urlTemplate\":\"https:\\\/\\\/www.vitalibera.org\\\/community\\\/?s={search_term_string}\"},\"query-input\":{\"@type\":\"PropertyValueSpecification\",\"valueRequired\":true,\"valueName\":\"search_term_string\"}}],\"inLanguage\":\"de\"},{\"@type\":\"Organization\",\"@id\":\"https:\\\/\\\/www.vitalibera.org\\\/community\\\/#organization\",\"name\":\"vitalibera.org\",\"url\":\"https:\\\/\\\/www.vitalibera.org\\\/community\\\/\",\"logo\":{\"@type\":\"ImageObject\",\"inLanguage\":\"de\",\"@id\":\"https:\\\/\\\/www.vitalibera.org\\\/community\\\/#\\\/schema\\\/logo\\\/image\\\/\",\"url\":\"https:\\\/\\\/www.vitalibera.org\\\/community\\\/wp-content\\\/uploads\\\/2025\\\/09\\\/cropped-banner.png\",\"contentUrl\":\"https:\\\/\\\/www.vitalibera.org\\\/community\\\/wp-content\\\/uploads\\\/2025\\\/09\\\/cropped-banner.png\",\"width\":991,\"height\":150,\"caption\":\"vitalibera.org\"},\"image\":{\"@id\":\"https:\\\/\\\/www.vitalibera.org\\\/community\\\/#\\\/schema\\\/logo\\\/image\\\/\"},\"sameAs\":[\"https:\\\/\\\/www.facebook.com\\\/groups\\\/2997085857140235\"]},{\"@type\":\"Person\",\"@id\":\"https:\\\/\\\/www.vitalibera.org\\\/community\\\/#\\\/schema\\\/person\\\/6712387298421f222ff6d0a2e22c1534\",\"name\":\"Andreas Jecklin\",\"image\":{\"@type\":\"ImageObject\",\"inLanguage\":\"de\",\"@id\":\"https:\\\/\\\/secure.gravatar.com\\\/avatar\\\/ad516503a11cd5ca435acc9bb6523536?s=96\",\"url\":\"https:\\\/\\\/secure.gravatar.com\\\/avatar\\\/ad516503a11cd5ca435acc9bb6523536?s=96\",\"contentUrl\":\"https:\\\/\\\/secure.gravatar.com\\\/avatar\\\/ad516503a11cd5ca435acc9bb6523536?s=96\",\"caption\":\"Andreas Jecklin\"},\"description\":\"Manchen gab Gott die Kraft Dinge zu ver\u00e4ndern, mir gab er die Kraft zu ertragen was nicht mehr zu \u00e4ndern ist.\",\"url\":\"https:\\\/\\\/www.vitalibera.org\\\/community\\\/author\\\/andy77\\\/\"}]}<\/script>\r\n<!-- \/ Yoast SEO plugin. -->","yoast_head_json":{"title":"Online-B\u00f6rse f\u00fcr barrierefreie Wohnungen - vitalibera.org","robots":{"index":"index","follow":"follow","max-snippet":"max-snippet:-1","max-image-preview":"max-image-preview:large","max-video-preview":"max-video-preview:-1"},"canonical":"http:\/\/www.vitalibera.org\/community\/2026\/01\/05\/online-boerse-fuer-barrierefreie-wohnungen\/","og_locale":"de_DE","og_type":"article","og_title":"Online-B\u00f6rse f\u00fcr barrierefreie Wohnungen - vitalibera.org","og_description":"In der Wohnungsb\u00f6rse (www.procap.ch) finden Sie barrierefreie Wohnungen. Sie k\u00f6nnen aber auch ein Mietgesuch erfassen, um von einem\/r Vermieter\/-in gefunden zu werden. Nachdem Sie Ihr Mietgesuch erfasst haben, schalten wir dieses innerhalb von drei Werktagen frei. 6 Minimalanforderungen Wie wissen Vermieter und Mieter, ob eine Wohnung rollstuhlg\u00e4ngig umgebaut werden kann? Um diese Frage zu beantworten, ... Weiterlesen","og_url":"http:\/\/www.vitalibera.org\/community\/2026\/01\/05\/online-boerse-fuer-barrierefreie-wohnungen\/","og_site_name":"vitalibera.org","article_publisher":"https:\/\/www.facebook.com\/groups\/2997085857140235","article_published_time":"2026-01-05T11:34:26+00:00","article_modified_time":"2026-01-05T11:50:58+00:00","og_image":[{"width":938,"height":533,"url":"http:\/\/www.vitalibera.org\/community\/wp-content\/uploads\/2026\/01\/wohnungssuche.jpg","type":"image\/jpeg"}],"author":"Andreas Jecklin","twitter_card":"summary_large_image","twitter_misc":{"Verfasst von":"Andreas Jecklin","Gesch\u00e4tzte Lesezeit":"3\u00a0Minuten"},"schema":{"@context":"https:\/\/schema.org","@graph":[{"@type":"Article","@id":"http:\/\/www.vitalibera.org\/community\/2026\/01\/05\/online-boerse-fuer-barrierefreie-wohnungen\/#article","isPartOf":{"@id":"http:\/\/www.vitalibera.org\/community\/2026\/01\/05\/online-boerse-fuer-barrierefreie-wohnungen\/"},"author":{"name":"Andreas Jecklin","@id":"https:\/\/www.vitalibera.org\/community\/#\/schema\/person\/6712387298421f222ff6d0a2e22c1534"},"headline":"Online-B\u00f6rse f\u00fcr barrierefreie Wohnungen","datePublished":"2026-01-05T11:34:26+00:00","dateModified":"2026-01-05T11:50:58+00:00","mainEntityOfPage":{"@id":"http:\/\/www.vitalibera.org\/community\/2026\/01\/05\/online-boerse-fuer-barrierefreie-wohnungen\/"},"wordCount":418,"publisher":{"@id":"https:\/\/www.vitalibera.org\/community\/#organization"},"image":{"@id":"http:\/\/www.vitalibera.org\/community\/2026\/01\/05\/online-boerse-fuer-barrierefreie-wohnungen\/#primaryimage"},"thumbnailUrl":"https:\/\/www.vitalibera.org\/community\/wp-content\/uploads\/2026\/01\/wohnungssuche.jpg","articleSection":["Hilfe f\u00fcr Angeh\u00f6rige"],"inLanguage":"de"},{"@type":"WebPage","@id":"http:\/\/www.vitalibera.org\/community\/2026\/01\/05\/online-boerse-fuer-barrierefreie-wohnungen\/","url":"http:\/\/www.vitalibera.org\/community\/2026\/01\/05\/online-boerse-fuer-barrierefreie-wohnungen\/","name":"Online-B\u00f6rse f\u00fcr barrierefreie Wohnungen - vitalibera.org","isPartOf":{"@id":"https:\/\/www.vitalibera.org\/community\/#website"},"primaryImageOfPage":{"@id":"http:\/\/www.vitalibera.org\/community\/2026\/01\/05\/online-boerse-fuer-barrierefreie-wohnungen\/#primaryimage"},"image":{"@id":"http:\/\/www.vitalibera.org\/community\/2026\/01\/05\/online-boerse-fuer-barrierefreie-wohnungen\/#primaryimage"},"thumbnailUrl":"https:\/\/www.vitalibera.org\/community\/wp-content\/uploads\/2026\/01\/wohnungssuche.jpg","datePublished":"2026-01-05T11:34:26+00:00","dateModified":"2026-01-05T11:50:58+00:00","breadcrumb":{"@id":"http:\/\/www.vitalibera.org\/community\/2026\/01\/05\/online-boerse-fuer-barrierefreie-wohnungen\/#breadcrumb"},"inLanguage":"de","potentialAction":[{"@type":"ReadAction","target":["http:\/\/www.vitalibera.org\/community\/2026\/01\/05\/online-boerse-fuer-barrierefreie-wohnungen\/"]}]},{"@type":"BreadcrumbList","@id":"http:\/\/www.vitalibera.org\/community\/2026\/01\/05\/online-boerse-fuer-barrierefreie-wohnungen\/#breadcrumb","itemListElement":[{"@type":"ListItem","position":1,"name":"Startseite","item":"https:\/\/www.vitalibera.org\/community\/"},{"@type":"ListItem","position":2,"name":"Online-B\u00f6rse f\u00fcr barrierefreie Wohnungen"}]},{"@type":"WebSite","@id":"https:\/\/www.vitalibera.org\/community\/#website","url":"https:\/\/www.vitalibera.org\/community\/","name":"vitalibera.org","description":"Mit einer Einschr&auml;nkung gestaltet sich das Leben im Alltag oft schwieriger - hier berichten wir &uuml;ber unsere Erfahrungen und Hilfsmittel um den Alltag so unbeschwert und unkompliziert wie nur m&ouml;glich geniessen zu k&ouml;nnen. Dabei richten wir unseren Fokus gezielt auf Selbst&auml;ndigkeit, Eigenst&auml;ndigkeit und Selbstbestimmung.","publisher":{"@id":"https:\/\/www.vitalibera.org\/community\/#organization"},"potentialAction":[{"@type":"SearchAction","target":{"@type":"EntryPoint","urlTemplate":"https:\/\/www.vitalibera.org\/community\/?s={search_term_string}"},"query-input":{"@type":"PropertyValueSpecification","valueRequired":true,"valueName":"search_term_string"}}],"inLanguage":"de"},{"@type":"Organization","@id":"https:\/\/www.vitalibera.org\/community\/#organization","name":"vitalibera.org","url":"https:\/\/www.vitalibera.org\/community\/","logo":{"@type":"ImageObject","inLanguage":"de","@id":"https:\/\/www.vitalibera.org\/community\/#\/schema\/logo\/image\/","url":"https:\/\/www.vitalibera.org\/community\/wp-content\/uploads\/2025\/09\/cropped-banner.png","contentUrl":"https:\/\/www.vitalibera.org\/community\/wp-content\/uploads\/2025\/09\/cropped-banner.png","width":991,"height":150,"caption":"vitalibera.org"},"image":{"@id":"https:\/\/www.vitalibera.org\/community\/#\/schema\/logo\/image\/"},"sameAs":["https:\/\/www.facebook.com\/groups\/2997085857140235"]},{"@type":"Person","@id":"https:\/\/www.vitalibera.org\/community\/#\/schema\/person\/6712387298421f222ff6d0a2e22c1534","name":"Andreas Jecklin","image":{"@type":"ImageObject","inLanguage":"de","@id":"https:\/\/secure.gravatar.com\/avatar\/ad516503a11cd5ca435acc9bb6523536?s=96","url":"https:\/\/secure.gravatar.com\/avatar\/ad516503a11cd5ca435acc9bb6523536?s=96","contentUrl":"https:\/\/secure.gravatar.com\/avatar\/ad516503a11cd5ca435acc9bb6523536?s=96","caption":"Andreas Jecklin"},"description":"Manchen gab Gott die Kraft Dinge zu ver\u00e4ndern, mir gab er die Kraft zu ertragen was nicht mehr zu \u00e4ndern ist.","url":"https:\/\/www.vitalibera.org\/community\/author\/andy77\/"}]}},"jetpack_featured_media_url":"https:\/\/www.vitalibera.org\/community\/wp-content\/uploads\/2026\/01\/wohnungssuche.jpg","jetpack_sharing_enabled":true,"jetpack-related-posts":[],"_links":{"self":[{"href":"https:\/\/www.vitalibera.org\/community\/wp-json\/wp\/v2\/posts\/4995","targetHints":{"allow":["GET"]}}],"collection":[{"href":"https:\/\/www.vitalibera.org\/community\/wp-json\/wp\/v2\/posts"}],"about":[{"href":"https:\/\/www.vitalibera.org\/community\/wp-json\/wp\/v2\/types\/post"}],"author":[{"embeddable":true,"href":"https:\/\/www.vitalibera.org\/community\/wp-json\/wp\/v2\/users\/2"}],"replies":[{"embeddable":true,"href":"https:\/\/www.vitalibera.org\/community\/wp-json\/wp\/v2\/comments?post=4995"}],"version-history":[{"count":2,"href":"https:\/\/www.vitalibera.org\/community\/wp-json\/wp\/v2\/posts\/4995\/revisions"}],"predecessor-version":[{"id":5002,"href":"https:\/\/www.vitalibera.org\/community\/wp-json\/wp\/v2\/posts\/4995\/revisions\/5002"}],"wp:featuredmedia":[{"embeddable":true,"href":"https:\/\/www.vitalibera.org\/community\/wp-json\/wp\/v2\/media\/4996"}],"wp:attachment":[{"href":"https:\/\/www.vitalibera.org\/community\/wp-json\/wp\/v2\/media?parent=4995"}],"wp:term":[{"taxonomy":"category","embeddable":true,"href":"https:\/\/www.vitalibera.org\/community\/wp-json\/wp\/v2\/categories?post=4995"},{"taxonomy":"post_tag","embeddable":true,"href":"https:\/\/www.vitalibera.org\/community\/wp-json\/wp\/v2\/tags?post=4995"}],"curies":[{"name":"wp","href":"https:\/\/api.w.org\/{rel}","templated":true}]}}