{"id":5013,"date":"2026-01-05T20:10:53","date_gmt":"2026-01-05T19:10:53","guid":{"rendered":"https:\/\/www.vitalibera.org\/community\/?p=5013"},"modified":"2026-01-08T09:53:32","modified_gmt":"2026-01-08T08:53:32","slug":"wohnprojekt-hafen-der-moeglichkeiten","status":"publish","type":"post","link":"https:\/\/www.vitalibera.org\/community\/2026\/01\/05\/wohnprojekt-hafen-der-moeglichkeiten\/","title":{"rendered":"Wohnprojekt : Hafen der M\u00f6glichkeiten"},"content":{"rendered":"\n<p>Hafen der M&ouml;glichkeiten &ndash; selbstbestimmt wohnen und leben<\/p>\n\n\n\n<div class=\"wp-block-media-text is-stacked-on-mobile\"><figure class=\"wp-block-media-text__media\"><img fetchpriority=\"high\" decoding=\"async\" width=\"668\" height=\"516\" src=\"https:\/\/www.vitalibera.org\/community\/wp-content\/uploads\/2026\/01\/hausboot2.png\" alt=\"\" class=\"wp-image-5040 size-full\" srcset=\"https:\/\/www.vitalibera.org\/community\/wp-content\/uploads\/2026\/01\/hausboot2.png 668w, https:\/\/www.vitalibera.org\/community\/wp-content\/uploads\/2026\/01\/hausboot2-300x232.png 300w\" sizes=\"(max-width: 668px) 100vw, 668px\" \/><\/figure><div class=\"wp-block-media-text__content\">\n<p>Das Wohnprojekt &bdquo;Hafen der M&ouml;glichkeiten&ldquo; ist ein innovatives Konzept, das Menschen mit k&ouml;rperlichen Beeintr&auml;chtigungen die Chance bietet, m&ouml;glichst selbstst&auml;ndig zu wohnen &ndash; und dabei in engem Austausch mit Student:innen zu leben. Ziel ist es, ein Umfeld zu schaffen, in dem Selbstst&auml;ndigkeit, Gemeinschaft und gegenseitige Unterst&uuml;tzung im Mittelpunkt stehen.<\/p>\n<\/div><\/div>\n\n\n\n<p>Gemeinsam leben, voneinander profitieren<\/p>\n\n\n\n<p>In diesem Wohnprojekt teilen sich Bewohner:innen mit und ohne Beeintr&auml;chtigungen die R&auml;umlichkeiten. W&auml;hrend die Menschen mit k&ouml;rperlichen Einschr&auml;nkungen hier lernen, ihren Alltag eigenst&auml;ndig zu organisieren, bringen die Student:innen Energie, Ideen und Unterst&uuml;tzung in den Alltag ein &ndash; ohne die Eigenst&auml;ndigkeit der Mitbewohner:innen einzuschr&auml;nken.<\/p>\n\n\n\n<p>Das Miteinander f&ouml;rdert nicht nur soziale Kontakte, sondern bietet auch die Gelegenheit, Vorurteile abzubauen und ein inklusives Zusammenleben aktiv zu gestalten.<\/p>\n\n\n\n<p><strong>Wohntraining &ndash; Schritt f&uuml;r Schritt zur Selbstst&auml;ndigkeit<\/strong><\/p>\n\n\n\n<p>Ein zentraler Bestandteil des Projekts ist das Wohntraining. Hier lernen die Bewohner:innen praxisnah:<\/p>\n\n\n\n<ul class=\"wp-block-list\">\n<li>den Alltag selbstst&auml;ndig zu organisieren<\/li>\n\n\n\n<li>den Umgang mit Hilfsmitteln und barrierefreien Technologien<\/li>\n\n\n\n<li>Koch- und Haushaltsaufgaben eigenst&auml;ndig zu erledigen<\/li>\n\n\n\n<li>soziale und organisatorische Kompetenzen zu st&auml;rken<\/li>\n<\/ul>\n\n\n\n<p>Das Wohntraining ist flexibel gestaltet, sodass es an die individuellen Bed&uuml;rfnisse angepasst werden kann. Ziel ist es, dass die Bewohner:innen so viel Selbstst&auml;ndigkeit wie m&ouml;glich erlangen und gleichzeitig immer Unterst&uuml;tzung erhalten, wenn sie sie brauchen.<\/p>\n\n\n\n<p>Ein Ort der M&ouml;glichkeiten<\/p>\n\n\n\n<p>Der Name des Projekts ist Programm: Der &bdquo;Hafen der M&ouml;glichkeiten&ldquo; soll ein Ort sein, an dem Menschen zusammenkommen, ihre F&auml;higkeiten entfalten und gemeinsam Neues ausprobieren k&ouml;nnen. Durch die Kombination aus eigenst&auml;ndigem Wohnen, Gemeinschaft und gezieltem Wohntraining entsteht ein Umfeld, das Inklusion, Selbstbestimmung und pers&ouml;nliche Weiterentwicklung verbindet.<\/p>\n\n\n\n<p>Wer sich f&uuml;r das Wohnprojekt interessiert, findet hier nicht nur ein Dach &uuml;ber dem Kopf, sondern auch Chancen f&uuml;r pers&ouml;nliche Entwicklung, Austausch und gelebte Gemeinschaft. Der &bdquo;Hafen der M&ouml;glichkeiten&ldquo; ist damit weit mehr als ein Wohnraum &ndash; er ist ein <strong>Ort des Lernens, Wachsens und Miteinanders.<\/strong><\/p>\n\n\n\n<p>Das Projekt soll in enger Mitarbeit mit Universit&auml;t und technischer Hochschule aufgebaut werden. So entwickelt sich eine Win:Win-Situation, sowohl f&uuml;r Menschen welche auf Hilfsmittel im Alltag angewiesen sind, als auch f&uuml;r Forschende und Entwickler genau dieser Hilfsmittel. &ndash; Somit entsteht ein gegenseitiger Mehrwert.<\/p>\n\n\n\n<p>Um unsere Vision voran treiben zu k&ouml;nnen, sind wir auf F&ouml;rdermittel angewiesen.<\/p>\n\n\n\n<p>M&ouml;chten Sie unser Projekt f&ouml;rdern und unterst&uuml;tzen? &ndash; Nehmen Sie mit uns <a href=\"https:\/\/www.vitalibera.org\/community\/kontakt\/\">Kontakt<\/a> auf- Herzlichen Dank f&uuml;r Ihre Unterst&uuml;tzung<\/p>\n","protected":false},"excerpt":{"rendered":"<p>Hafen der M\u00f6glichkeiten \u2013 selbstbestimmt wohnen und leben Das Wohnprojekt \u201eHafen der M\u00f6glichkeiten\u201c ist ein innovatives Konzept, das Menschen mit k\u00f6rperlichen Beeintr\u00e4chtigungen die Chance bietet, m\u00f6glichst selbstst\u00e4ndig zu wohnen \u2013 und dabei in engem Austausch mit Student:innen zu leben. Ziel ist es, ein Umfeld zu schaffen, in dem Selbstst\u00e4ndigkeit, Gemeinschaft und gegenseitige Unterst\u00fctzung im Mittelpunkt &#8230; <a title=\"Wohnprojekt : Hafen der M\u00f6glichkeiten\" class=\"read-more\" href=\"https:\/\/www.vitalibera.org\/community\/2026\/01\/05\/wohnprojekt-hafen-der-moeglichkeiten\/\" aria-label=\"Mehr Informationen \u00fcber Wohnprojekt : Hafen der M\u00f6glichkeiten\">Weiterlesen<\/a><\/p>\n","protected":false},"author":2,"featured_media":5014,"comment_status":"open","ping_status":"open","sticky":false,"template":"","format":"standard","meta":{"cybocfi_hide_featured_image":"yes","_jetpack_memberships_contains_paid_content":false,"footnotes":""},"categories":[319],"tags":[],"class_list":["post-5013","post","type-post","status-publish","format-standard","has-post-thumbnail","hentry","category-projekte"],"yoast_head":"<!-- This site is optimized with the Yoast SEO plugin v27.4 - https:\/\/yoast.com\/product\/yoast-seo-wordpress\/ -->\r\n<title>Wohnprojekt : Hafen der M\u00f6glichkeiten - vitalibera.org<\/title>\r\n<meta name=\"robots\" content=\"index, follow, max-snippet:-1, max-image-preview:large, max-video-preview:-1\" \/>\r\n<link rel=\"canonical\" href=\"http:\/\/www.vitalibera.org\/community\/2026\/01\/05\/wohnprojekt-hafen-der-moeglichkeiten\/\" \/>\r\n<meta property=\"og:locale\" content=\"de_DE\" \/>\r\n<meta property=\"og:type\" content=\"article\" \/>\r\n<meta property=\"og:title\" content=\"Wohnprojekt : Hafen der M\u00f6glichkeiten - vitalibera.org\" \/>\r\n<meta property=\"og:description\" content=\"Hafen der M\u00f6glichkeiten \u2013 selbstbestimmt wohnen und leben Das Wohnprojekt \u201eHafen der M\u00f6glichkeiten\u201c ist ein innovatives Konzept, das Menschen mit k\u00f6rperlichen Beeintr\u00e4chtigungen die Chance bietet, m\u00f6glichst selbstst\u00e4ndig zu wohnen \u2013 und dabei in engem Austausch mit Student:innen zu leben. Ziel ist es, ein Umfeld zu schaffen, in dem Selbstst\u00e4ndigkeit, Gemeinschaft und gegenseitige Unterst\u00fctzung im Mittelpunkt ... Weiterlesen\" \/>\r\n<meta property=\"og:url\" content=\"http:\/\/www.vitalibera.org\/community\/2026\/01\/05\/wohnprojekt-hafen-der-moeglichkeiten\/\" \/>\r\n<meta property=\"og:site_name\" content=\"vitalibera.org\" \/>\r\n<meta property=\"article:publisher\" content=\"https:\/\/www.facebook.com\/groups\/2997085857140235\" \/>\r\n<meta property=\"article:published_time\" content=\"2026-01-05T19:10:53+00:00\" \/>\r\n<meta property=\"article:modified_time\" content=\"2026-01-08T08:53:32+00:00\" \/>\r\n<meta property=\"og:image\" content=\"http:\/\/www.vitalibera.org\/community\/wp-content\/uploads\/2026\/01\/houseboat-silhouette-by-Vexels.png\" \/>\r\n\t<meta property=\"og:image:width\" content=\"1920\" \/>\r\n\t<meta property=\"og:image:height\" content=\"1920\" \/>\r\n\t<meta property=\"og:image:type\" content=\"image\/png\" \/>\r\n<meta name=\"author\" content=\"Andreas Jecklin\" \/>\r\n<meta name=\"twitter:card\" content=\"summary_large_image\" \/>\r\n<meta name=\"twitter:label1\" content=\"Verfasst von\" \/>\n\t<meta name=\"twitter:data1\" content=\"Andreas Jecklin\" \/>\n\t<meta name=\"twitter:label2\" content=\"Gesch\u00e4tzte Lesezeit\" \/>\n\t<meta name=\"twitter:data2\" content=\"3\u00a0Minuten\" \/>\r\n<script type=\"application\/ld+json\" class=\"yoast-schema-graph\">{\"@context\":\"https:\\\/\\\/schema.org\",\"@graph\":[{\"@type\":\"Article\",\"@id\":\"http:\\\/\\\/www.vitalibera.org\\\/community\\\/2026\\\/01\\\/05\\\/wohnprojekt-hafen-der-moeglichkeiten\\\/#article\",\"isPartOf\":{\"@id\":\"http:\\\/\\\/www.vitalibera.org\\\/community\\\/2026\\\/01\\\/05\\\/wohnprojekt-hafen-der-moeglichkeiten\\\/\"},\"author\":{\"name\":\"Andreas Jecklin\",\"@id\":\"https:\\\/\\\/www.vitalibera.org\\\/community\\\/#\\\/schema\\\/person\\\/6712387298421f222ff6d0a2e22c1534\"},\"headline\":\"Wohnprojekt : Hafen der M\u00f6glichkeiten\",\"datePublished\":\"2026-01-05T19:10:53+00:00\",\"dateModified\":\"2026-01-08T08:53:32+00:00\",\"mainEntityOfPage\":{\"@id\":\"http:\\\/\\\/www.vitalibera.org\\\/community\\\/2026\\\/01\\\/05\\\/wohnprojekt-hafen-der-moeglichkeiten\\\/\"},\"wordCount\":427,\"commentCount\":0,\"publisher\":{\"@id\":\"https:\\\/\\\/www.vitalibera.org\\\/community\\\/#organization\"},\"image\":{\"@id\":\"http:\\\/\\\/www.vitalibera.org\\\/community\\\/2026\\\/01\\\/05\\\/wohnprojekt-hafen-der-moeglichkeiten\\\/#primaryimage\"},\"thumbnailUrl\":\"https:\\\/\\\/www.vitalibera.org\\\/community\\\/wp-content\\\/uploads\\\/2026\\\/01\\\/houseboat-silhouette-by-Vexels.png\",\"articleSection\":[\"Projekte\"],\"inLanguage\":\"de\",\"potentialAction\":[{\"@type\":\"CommentAction\",\"name\":\"Comment\",\"target\":[\"http:\\\/\\\/www.vitalibera.org\\\/community\\\/2026\\\/01\\\/05\\\/wohnprojekt-hafen-der-moeglichkeiten\\\/#respond\"]}]},{\"@type\":\"WebPage\",\"@id\":\"http:\\\/\\\/www.vitalibera.org\\\/community\\\/2026\\\/01\\\/05\\\/wohnprojekt-hafen-der-moeglichkeiten\\\/\",\"url\":\"http:\\\/\\\/www.vitalibera.org\\\/community\\\/2026\\\/01\\\/05\\\/wohnprojekt-hafen-der-moeglichkeiten\\\/\",\"name\":\"Wohnprojekt : Hafen der M\u00f6glichkeiten - vitalibera.org\",\"isPartOf\":{\"@id\":\"https:\\\/\\\/www.vitalibera.org\\\/community\\\/#website\"},\"primaryImageOfPage\":{\"@id\":\"http:\\\/\\\/www.vitalibera.org\\\/community\\\/2026\\\/01\\\/05\\\/wohnprojekt-hafen-der-moeglichkeiten\\\/#primaryimage\"},\"image\":{\"@id\":\"http:\\\/\\\/www.vitalibera.org\\\/community\\\/2026\\\/01\\\/05\\\/wohnprojekt-hafen-der-moeglichkeiten\\\/#primaryimage\"},\"thumbnailUrl\":\"https:\\\/\\\/www.vitalibera.org\\\/community\\\/wp-content\\\/uploads\\\/2026\\\/01\\\/houseboat-silhouette-by-Vexels.png\",\"datePublished\":\"2026-01-05T19:10:53+00:00\",\"dateModified\":\"2026-01-08T08:53:32+00:00\",\"breadcrumb\":{\"@id\":\"http:\\\/\\\/www.vitalibera.org\\\/community\\\/2026\\\/01\\\/05\\\/wohnprojekt-hafen-der-moeglichkeiten\\\/#breadcrumb\"},\"inLanguage\":\"de\",\"potentialAction\":[{\"@type\":\"ReadAction\",\"target\":[\"http:\\\/\\\/www.vitalibera.org\\\/community\\\/2026\\\/01\\\/05\\\/wohnprojekt-hafen-der-moeglichkeiten\\\/\"]}]},{\"@type\":\"BreadcrumbList\",\"@id\":\"http:\\\/\\\/www.vitalibera.org\\\/community\\\/2026\\\/01\\\/05\\\/wohnprojekt-hafen-der-moeglichkeiten\\\/#breadcrumb\",\"itemListElement\":[{\"@type\":\"ListItem\",\"position\":1,\"name\":\"Startseite\",\"item\":\"https:\\\/\\\/www.vitalibera.org\\\/community\\\/\"},{\"@type\":\"ListItem\",\"position\":2,\"name\":\"Wohnprojekt : Hafen der M\u00f6glichkeiten\"}]},{\"@type\":\"WebSite\",\"@id\":\"https:\\\/\\\/www.vitalibera.org\\\/community\\\/#website\",\"url\":\"https:\\\/\\\/www.vitalibera.org\\\/community\\\/\",\"name\":\"vitalibera.org\",\"description\":\"Mit einer Einschr&auml;nkung gestaltet sich das Leben im Alltag oft schwieriger - hier berichten wir &uuml;ber unsere Erfahrungen und Hilfsmittel um den Alltag so unbeschwert und unkompliziert wie nur m&ouml;glich geniessen zu k&ouml;nnen. Dabei richten wir unseren Fokus gezielt auf Selbst&auml;ndigkeit, Eigenst&auml;ndigkeit und Selbstbestimmung.\",\"publisher\":{\"@id\":\"https:\\\/\\\/www.vitalibera.org\\\/community\\\/#organization\"},\"potentialAction\":[{\"@type\":\"SearchAction\",\"target\":{\"@type\":\"EntryPoint\",\"urlTemplate\":\"https:\\\/\\\/www.vitalibera.org\\\/community\\\/?s={search_term_string}\"},\"query-input\":{\"@type\":\"PropertyValueSpecification\",\"valueRequired\":true,\"valueName\":\"search_term_string\"}}],\"inLanguage\":\"de\"},{\"@type\":\"Organization\",\"@id\":\"https:\\\/\\\/www.vitalibera.org\\\/community\\\/#organization\",\"name\":\"vitalibera.org\",\"url\":\"https:\\\/\\\/www.vitalibera.org\\\/community\\\/\",\"logo\":{\"@type\":\"ImageObject\",\"inLanguage\":\"de\",\"@id\":\"https:\\\/\\\/www.vitalibera.org\\\/community\\\/#\\\/schema\\\/logo\\\/image\\\/\",\"url\":\"https:\\\/\\\/www.vitalibera.org\\\/community\\\/wp-content\\\/uploads\\\/2025\\\/09\\\/cropped-banner.png\",\"contentUrl\":\"https:\\\/\\\/www.vitalibera.org\\\/community\\\/wp-content\\\/uploads\\\/2025\\\/09\\\/cropped-banner.png\",\"width\":991,\"height\":150,\"caption\":\"vitalibera.org\"},\"image\":{\"@id\":\"https:\\\/\\\/www.vitalibera.org\\\/community\\\/#\\\/schema\\\/logo\\\/image\\\/\"},\"sameAs\":[\"https:\\\/\\\/www.facebook.com\\\/groups\\\/2997085857140235\"]},{\"@type\":\"Person\",\"@id\":\"https:\\\/\\\/www.vitalibera.org\\\/community\\\/#\\\/schema\\\/person\\\/6712387298421f222ff6d0a2e22c1534\",\"name\":\"Andreas Jecklin\",\"image\":{\"@type\":\"ImageObject\",\"inLanguage\":\"de\",\"@id\":\"https:\\\/\\\/secure.gravatar.com\\\/avatar\\\/ad516503a11cd5ca435acc9bb6523536?s=96\",\"url\":\"https:\\\/\\\/secure.gravatar.com\\\/avatar\\\/ad516503a11cd5ca435acc9bb6523536?s=96\",\"contentUrl\":\"https:\\\/\\\/secure.gravatar.com\\\/avatar\\\/ad516503a11cd5ca435acc9bb6523536?s=96\",\"caption\":\"Andreas Jecklin\"},\"description\":\"Manchen gab Gott die Kraft Dinge zu ver\u00e4ndern, mir gab er die Kraft zu ertragen was nicht mehr zu \u00e4ndern ist.\",\"url\":\"https:\\\/\\\/www.vitalibera.org\\\/community\\\/author\\\/andy77\\\/\"}]}<\/script>\r\n<!-- \/ Yoast SEO plugin. -->","yoast_head_json":{"title":"Wohnprojekt : Hafen der M\u00f6glichkeiten - vitalibera.org","robots":{"index":"index","follow":"follow","max-snippet":"max-snippet:-1","max-image-preview":"max-image-preview:large","max-video-preview":"max-video-preview:-1"},"canonical":"http:\/\/www.vitalibera.org\/community\/2026\/01\/05\/wohnprojekt-hafen-der-moeglichkeiten\/","og_locale":"de_DE","og_type":"article","og_title":"Wohnprojekt : Hafen der M\u00f6glichkeiten - vitalibera.org","og_description":"Hafen der M\u00f6glichkeiten \u2013 selbstbestimmt wohnen und leben Das Wohnprojekt \u201eHafen der M\u00f6glichkeiten\u201c ist ein innovatives Konzept, das Menschen mit k\u00f6rperlichen Beeintr\u00e4chtigungen die Chance bietet, m\u00f6glichst selbstst\u00e4ndig zu wohnen \u2013 und dabei in engem Austausch mit Student:innen zu leben. Ziel ist es, ein Umfeld zu schaffen, in dem Selbstst\u00e4ndigkeit, Gemeinschaft und gegenseitige Unterst\u00fctzung im Mittelpunkt ... Weiterlesen","og_url":"http:\/\/www.vitalibera.org\/community\/2026\/01\/05\/wohnprojekt-hafen-der-moeglichkeiten\/","og_site_name":"vitalibera.org","article_publisher":"https:\/\/www.facebook.com\/groups\/2997085857140235","article_published_time":"2026-01-05T19:10:53+00:00","article_modified_time":"2026-01-08T08:53:32+00:00","og_image":[{"width":1920,"height":1920,"url":"http:\/\/www.vitalibera.org\/community\/wp-content\/uploads\/2026\/01\/houseboat-silhouette-by-Vexels.png","type":"image\/png"}],"author":"Andreas Jecklin","twitter_card":"summary_large_image","twitter_misc":{"Verfasst von":"Andreas Jecklin","Gesch\u00e4tzte Lesezeit":"3\u00a0Minuten"},"schema":{"@context":"https:\/\/schema.org","@graph":[{"@type":"Article","@id":"http:\/\/www.vitalibera.org\/community\/2026\/01\/05\/wohnprojekt-hafen-der-moeglichkeiten\/#article","isPartOf":{"@id":"http:\/\/www.vitalibera.org\/community\/2026\/01\/05\/wohnprojekt-hafen-der-moeglichkeiten\/"},"author":{"name":"Andreas Jecklin","@id":"https:\/\/www.vitalibera.org\/community\/#\/schema\/person\/6712387298421f222ff6d0a2e22c1534"},"headline":"Wohnprojekt : Hafen der M\u00f6glichkeiten","datePublished":"2026-01-05T19:10:53+00:00","dateModified":"2026-01-08T08:53:32+00:00","mainEntityOfPage":{"@id":"http:\/\/www.vitalibera.org\/community\/2026\/01\/05\/wohnprojekt-hafen-der-moeglichkeiten\/"},"wordCount":427,"commentCount":0,"publisher":{"@id":"https:\/\/www.vitalibera.org\/community\/#organization"},"image":{"@id":"http:\/\/www.vitalibera.org\/community\/2026\/01\/05\/wohnprojekt-hafen-der-moeglichkeiten\/#primaryimage"},"thumbnailUrl":"https:\/\/www.vitalibera.org\/community\/wp-content\/uploads\/2026\/01\/houseboat-silhouette-by-Vexels.png","articleSection":["Projekte"],"inLanguage":"de","potentialAction":[{"@type":"CommentAction","name":"Comment","target":["http:\/\/www.vitalibera.org\/community\/2026\/01\/05\/wohnprojekt-hafen-der-moeglichkeiten\/#respond"]}]},{"@type":"WebPage","@id":"http:\/\/www.vitalibera.org\/community\/2026\/01\/05\/wohnprojekt-hafen-der-moeglichkeiten\/","url":"http:\/\/www.vitalibera.org\/community\/2026\/01\/05\/wohnprojekt-hafen-der-moeglichkeiten\/","name":"Wohnprojekt : Hafen der M\u00f6glichkeiten - vitalibera.org","isPartOf":{"@id":"https:\/\/www.vitalibera.org\/community\/#website"},"primaryImageOfPage":{"@id":"http:\/\/www.vitalibera.org\/community\/2026\/01\/05\/wohnprojekt-hafen-der-moeglichkeiten\/#primaryimage"},"image":{"@id":"http:\/\/www.vitalibera.org\/community\/2026\/01\/05\/wohnprojekt-hafen-der-moeglichkeiten\/#primaryimage"},"thumbnailUrl":"https:\/\/www.vitalibera.org\/community\/wp-content\/uploads\/2026\/01\/houseboat-silhouette-by-Vexels.png","datePublished":"2026-01-05T19:10:53+00:00","dateModified":"2026-01-08T08:53:32+00:00","breadcrumb":{"@id":"http:\/\/www.vitalibera.org\/community\/2026\/01\/05\/wohnprojekt-hafen-der-moeglichkeiten\/#breadcrumb"},"inLanguage":"de","potentialAction":[{"@type":"ReadAction","target":["http:\/\/www.vitalibera.org\/community\/2026\/01\/05\/wohnprojekt-hafen-der-moeglichkeiten\/"]}]},{"@type":"BreadcrumbList","@id":"http:\/\/www.vitalibera.org\/community\/2026\/01\/05\/wohnprojekt-hafen-der-moeglichkeiten\/#breadcrumb","itemListElement":[{"@type":"ListItem","position":1,"name":"Startseite","item":"https:\/\/www.vitalibera.org\/community\/"},{"@type":"ListItem","position":2,"name":"Wohnprojekt : Hafen der M\u00f6glichkeiten"}]},{"@type":"WebSite","@id":"https:\/\/www.vitalibera.org\/community\/#website","url":"https:\/\/www.vitalibera.org\/community\/","name":"vitalibera.org","description":"Mit einer Einschr&auml;nkung gestaltet sich das Leben im Alltag oft schwieriger - hier berichten wir &uuml;ber unsere Erfahrungen und Hilfsmittel um den Alltag so unbeschwert und unkompliziert wie nur m&ouml;glich geniessen zu k&ouml;nnen. Dabei richten wir unseren Fokus gezielt auf Selbst&auml;ndigkeit, Eigenst&auml;ndigkeit und Selbstbestimmung.","publisher":{"@id":"https:\/\/www.vitalibera.org\/community\/#organization"},"potentialAction":[{"@type":"SearchAction","target":{"@type":"EntryPoint","urlTemplate":"https:\/\/www.vitalibera.org\/community\/?s={search_term_string}"},"query-input":{"@type":"PropertyValueSpecification","valueRequired":true,"valueName":"search_term_string"}}],"inLanguage":"de"},{"@type":"Organization","@id":"https:\/\/www.vitalibera.org\/community\/#organization","name":"vitalibera.org","url":"https:\/\/www.vitalibera.org\/community\/","logo":{"@type":"ImageObject","inLanguage":"de","@id":"https:\/\/www.vitalibera.org\/community\/#\/schema\/logo\/image\/","url":"https:\/\/www.vitalibera.org\/community\/wp-content\/uploads\/2025\/09\/cropped-banner.png","contentUrl":"https:\/\/www.vitalibera.org\/community\/wp-content\/uploads\/2025\/09\/cropped-banner.png","width":991,"height":150,"caption":"vitalibera.org"},"image":{"@id":"https:\/\/www.vitalibera.org\/community\/#\/schema\/logo\/image\/"},"sameAs":["https:\/\/www.facebook.com\/groups\/2997085857140235"]},{"@type":"Person","@id":"https:\/\/www.vitalibera.org\/community\/#\/schema\/person\/6712387298421f222ff6d0a2e22c1534","name":"Andreas Jecklin","image":{"@type":"ImageObject","inLanguage":"de","@id":"https:\/\/secure.gravatar.com\/avatar\/ad516503a11cd5ca435acc9bb6523536?s=96","url":"https:\/\/secure.gravatar.com\/avatar\/ad516503a11cd5ca435acc9bb6523536?s=96","contentUrl":"https:\/\/secure.gravatar.com\/avatar\/ad516503a11cd5ca435acc9bb6523536?s=96","caption":"Andreas Jecklin"},"description":"Manchen gab Gott die Kraft Dinge zu ver\u00e4ndern, mir gab er die Kraft zu ertragen was nicht mehr zu \u00e4ndern ist.","url":"https:\/\/www.vitalibera.org\/community\/author\/andy77\/"}]}},"jetpack_featured_media_url":"https:\/\/www.vitalibera.org\/community\/wp-content\/uploads\/2026\/01\/houseboat-silhouette-by-Vexels.png","jetpack_sharing_enabled":true,"jetpack-related-posts":[],"_links":{"self":[{"href":"https:\/\/www.vitalibera.org\/community\/wp-json\/wp\/v2\/posts\/5013","targetHints":{"allow":["GET"]}}],"collection":[{"href":"https:\/\/www.vitalibera.org\/community\/wp-json\/wp\/v2\/posts"}],"about":[{"href":"https:\/\/www.vitalibera.org\/community\/wp-json\/wp\/v2\/types\/post"}],"author":[{"embeddable":true,"href":"https:\/\/www.vitalibera.org\/community\/wp-json\/wp\/v2\/users\/2"}],"replies":[{"embeddable":true,"href":"https:\/\/www.vitalibera.org\/community\/wp-json\/wp\/v2\/comments?post=5013"}],"version-history":[{"count":3,"href":"https:\/\/www.vitalibera.org\/community\/wp-json\/wp\/v2\/posts\/5013\/revisions"}],"predecessor-version":[{"id":5043,"href":"https:\/\/www.vitalibera.org\/community\/wp-json\/wp\/v2\/posts\/5013\/revisions\/5043"}],"wp:featuredmedia":[{"embeddable":true,"href":"https:\/\/www.vitalibera.org\/community\/wp-json\/wp\/v2\/media\/5014"}],"wp:attachment":[{"href":"https:\/\/www.vitalibera.org\/community\/wp-json\/wp\/v2\/media?parent=5013"}],"wp:term":[{"taxonomy":"category","embeddable":true,"href":"https:\/\/www.vitalibera.org\/community\/wp-json\/wp\/v2\/categories?post=5013"},{"taxonomy":"post_tag","embeddable":true,"href":"https:\/\/www.vitalibera.org\/community\/wp-json\/wp\/v2\/tags?post=5013"}],"curies":[{"name":"wp","href":"https:\/\/api.w.org\/{rel}","templated":true}]}}