{"id":5067,"date":"2026-01-09T21:56:30","date_gmt":"2026-01-09T20:56:30","guid":{"rendered":"https:\/\/www.vitalibera.org\/community\/?p=5067"},"modified":"2026-01-09T21:57:25","modified_gmt":"2026-01-09T20:57:25","slug":"uebungen-bei-fussheberschwaeche","status":"publish","type":"post","link":"https:\/\/www.vitalibera.org\/community\/2026\/01\/09\/uebungen-bei-fussheberschwaeche\/","title":{"rendered":"\u00dcbungen bei Fu\u00dfheberschw\u00e4che"},"content":{"rendered":"\n<h5 class=\"wp-block-heading\">Was Sie selbst tun k&ouml;nnen<\/h5>\n\n\n\n<p>Bei einer&nbsp;<a href=\"https:\/\/www.vitalibera.org\/community\/enzyklopaedie\/fussheberschwaeche\/\" target=\"_self\" title=\"Eine&nbsp;Fu&szlig;heberschw&auml;che&nbsp;(auch Fallfu&szlig;, Peroneusparese,&nbsp;Drop Foot) ist die&nbsp;Unf&auml;higkeit oder Schwierigkeit, den Fu&szlig; und die Zehen aktiv anzuheben, was zu einem h&auml;ngenden Fu&szlig; f&uuml;hrt und das Gehen beeintr&auml;chtigt, da man den Fu&szlig; h&ouml;her ziehen muss, um nicht zu stolpern (Steppergang\/Hahnentritt). Sie entsteht durch eine St&ouml;rung der Nerven (oft des&nbsp;Wadenbeinnervs&nbsp;-&nbsp;Nervus peroneus), der die Streckmuskulatur des Fu&szlig;es und der Zehen&hellip;\" class=\"encyclopedia\">Fu&szlig;heberschw&auml;che<\/a><strong>&nbsp;<\/strong>ist der <a href=\"https:\/\/www.vitalibera.org\/community\/enzyklopaedie\/peroneusnerv\/\" target=\"_self\" title='Der&nbsp;Peroneusnerv&nbsp;(auch&nbsp;Nervus fibularis communis) ist ein&nbsp;wichtiger peripherer Nerv am Unterschenkel, der vom Ischiasnerv abzweigt, die Wadenmuskulatur sowie die Haut des seitlichen Unterschenkels und des Fu&szlig;r&uuml;ckens versorgt und f&uuml;r die Anhebung des Fu&szlig;es (Dorsalflexion) und der Zehen zust&auml;ndig ist; er ist besonders anf&auml;llig f&uuml;r Sch&auml;den am Wadenbeink&ouml;pfchen, was zu einer sogenannten&nbsp;Peroneusl&auml;hmung mit Fu&szlig;heberschw&auml;che und dem charakteristischen \"Spitzfu&szlig;\"&hellip;' class=\"encyclopedia\">Peroneusnerv<\/a> gesch&auml;digt, der f&uuml;r das Anheben der Fu&szlig;spitze verantwortlich ist. Zu den verschiedenen M&ouml;glichkeiten der<strong>&nbsp;konservativen Therapie<\/strong>&nbsp;geh&ouml;ren unter anderem die Versorgung mit Schienen oder&nbsp;<a href=\"https:\/\/www.vitalibera.org\/community\/enzyklopaedie\/orthese\/\" target=\"_self\" title=\"Eine Orthese ist ein&nbsp;medizinisches Hilfsmittel, das von au&szlig;en an einem K&ouml;rperteil angebracht wird, um es zu stabilisieren, entlasten, ruhigzustellen oder Fehlstellungen zu korrigieren, oft nach Verletzungen, Operationen oder bei Erkrankungen wie Arthrose, indem sie Gelenke, Knochen oder Muskeln st&uuml;tzt und die Funktion des Bewegungsapparates unterst&uuml;tzt.&nbsp;Sie ist ein &auml;u&szlig;eres St&uuml;tzger&auml;t, das anders als eine Prothese kein&hellip;\" class=\"encyclopedia\">Orthese<\/a>n&nbsp;sowie die funktionelle Elektrostimulation. Ebenfalls zentral: physiotherapeutische &Uuml;bungen. Sie dienen dazu, die umliegenden<strong>&nbsp;Muskeln zu kr&auml;ftigen&nbsp;<\/strong>und einem<strong>&nbsp;Abbau der Fu&szlig;hebermuskulatur vorzubeugen<\/strong>. Zudem soll die regelm&auml;&szlig;ige Stimulation die&nbsp;<strong>Regeneration des <a href=\"https:\/\/www.vitalibera.org\/community\/enzyklopaedie\/peroneusnerv\/\" target=\"_self\" title='Der&nbsp;Peroneusnerv&nbsp;(auch&nbsp;Nervus fibularis communis) ist ein&nbsp;wichtiger peripherer Nerv am Unterschenkel, der vom Ischiasnerv abzweigt, die Wadenmuskulatur sowie die Haut des seitlichen Unterschenkels und des Fu&szlig;r&uuml;ckens versorgt und f&uuml;r die Anhebung des Fu&szlig;es (Dorsalflexion) und der Zehen zust&auml;ndig ist; er ist besonders anf&auml;llig f&uuml;r Sch&auml;den am Wadenbeink&ouml;pfchen, was zu einer sogenannten&nbsp;Peroneusl&auml;hmung mit Fu&szlig;heberschw&auml;che und dem charakteristischen \"Spitzfu&szlig;\"&hellip;' class=\"encyclopedia\">Peroneusnerv<\/a>s&nbsp;<\/strong>sowie das generelle K&ouml;rpergef&uuml;hl f&ouml;rdern.<br><br>Daher stellen wir Ihnen auf dieser Seite ein paar&nbsp;<strong>&Uuml;bungen&nbsp;<\/strong>vor, die Sie bei <a href=\"https:\/\/www.vitalibera.org\/community\/enzyklopaedie\/fussheberschwaeche\/\" target=\"_self\" title=\"Eine&nbsp;Fu&szlig;heberschw&auml;che&nbsp;(auch Fallfu&szlig;, Peroneusparese,&nbsp;Drop Foot) ist die&nbsp;Unf&auml;higkeit oder Schwierigkeit, den Fu&szlig; und die Zehen aktiv anzuheben, was zu einem h&auml;ngenden Fu&szlig; f&uuml;hrt und das Gehen beeintr&auml;chtigt, da man den Fu&szlig; h&ouml;her ziehen muss, um nicht zu stolpern (Steppergang\/Hahnentritt). Sie entsteht durch eine St&ouml;rung der Nerven (oft des&nbsp;Wadenbeinnervs&nbsp;-&nbsp;Nervus peroneus), der die Streckmuskulatur des Fu&szlig;es und der Zehen&hellip;\" class=\"encyclopedia\">Fu&szlig;heberschw&auml;che<\/a> durchf&uuml;hren k&ouml;nnen.<\/p>\n\n\n\n<div class=\"wp-block-media-text is-stacked-on-mobile is-vertically-aligned-top\"><figure class=\"wp-block-media-text__media\"><img fetchpriority=\"high\" decoding=\"async\" width=\"1024\" height=\"683\" src=\"https:\/\/www.vitalibera.org\/community\/wp-content\/uploads\/2026\/01\/fussheber1-1-1024x683.png\" alt=\"\" class=\"wp-image-5070 size-full\" srcset=\"https:\/\/www.vitalibera.org\/community\/wp-content\/uploads\/2026\/01\/fussheber1-1-1024x683.png 1024w, https:\/\/www.vitalibera.org\/community\/wp-content\/uploads\/2026\/01\/fussheber1-1-300x200.png 300w, https:\/\/www.vitalibera.org\/community\/wp-content\/uploads\/2026\/01\/fussheber1-1-768x512.png 768w, https:\/\/www.vitalibera.org\/community\/wp-content\/uploads\/2026\/01\/fussheber1-1-1536x1024.png 1536w, https:\/\/www.vitalibera.org\/community\/wp-content\/uploads\/2026\/01\/fussheber1-1-2048x1365.png 2048w\" sizes=\"(max-width: 1024px) 100vw, 1024px\" \/><\/figure><div class=\"wp-block-media-text__content\">\n<p><strong>&Uuml;bung 1: In R&uuml;ckenlage die Zehenspitzen anheben<\/strong><\/p>\n\n\n\n<p>Auf dem R&uuml;cken liegend&nbsp;die Zehenspitzen Richtung Kopf ziehen. Eventuell ist bei einer schwereren L&auml;hmung zu Beginn keine Bewegung sichtbar. Trotzdem wird der Bewegungsimpuls im zentralen Nervensystem verarbeitet.&nbsp;<\/p>\n\n\n\n<h6 class=\"wp-block-heading\"><strong>&Uuml;bung 2: Sitzend die Zehenspitzen anheben<\/strong><\/h6>\n\n\n\n<p>Diese &Uuml;bung ist eine Steigerung der vorangegangen, da hier gegen die Schwerkraft gearbeitet wird. K&ouml;nnen Sie den Fu&szlig; nicht aktiv heben, legen Sie einfach ein Tuch oder Therapieband unter, um ihn mit den H&auml;nden zu unterst&uuml;tzen.<\/p>\n<\/div><\/div>\n\n\n\n<div class=\"wp-block-media-text is-stacked-on-mobile is-vertically-aligned-top\"><figure class=\"wp-block-media-text__media\"><img decoding=\"async\" width=\"683\" height=\"1024\" src=\"https:\/\/www.vitalibera.org\/community\/wp-content\/uploads\/2026\/01\/fussheber2-683x1024.png\" alt=\"\" class=\"wp-image-5069 size-full\" srcset=\"https:\/\/www.vitalibera.org\/community\/wp-content\/uploads\/2026\/01\/fussheber2-683x1024.png 683w, https:\/\/www.vitalibera.org\/community\/wp-content\/uploads\/2026\/01\/fussheber2-200x300.png 200w, https:\/\/www.vitalibera.org\/community\/wp-content\/uploads\/2026\/01\/fussheber2-768x1152.png 768w, https:\/\/www.vitalibera.org\/community\/wp-content\/uploads\/2026\/01\/fussheber2-1024x1536.png 1024w, https:\/\/www.vitalibera.org\/community\/wp-content\/uploads\/2026\/01\/fussheber2-1365x2048.png 1365w, https:\/\/www.vitalibera.org\/community\/wp-content\/uploads\/2026\/01\/fussheber2-scaled.png 1707w\" sizes=\"(max-width: 683px) 100vw, 683px\" \/><\/figure><div class=\"wp-block-media-text__content\">\n<p><strong>&Uuml;bung 3: Wadenmuskulatur dehnen<\/strong><\/p>\n\n\n\n<p>Dies kann helfen, Muskelverk&uuml;rzungen vorzubeugen. St&uuml;tzen Sie sich mit ausgestreckten Armen im Ausfallschritt&nbsp;an einer Wand ab &ndash; der <a href=\"https:\/\/www.vitalibera.org\/community\/2026\/04\/19\/wenn-reize-laut-werden-und-menschen-leise\/\">betroffene<\/a> Fu&szlig; steht hinten, die Ferse bleibt w&auml;hrend des Dehnens am Boden. N&auml;hern Sie dazu Ihren Rumpf der Wand an und halten Sie die Position f&uuml;r etwa 30 Sekunden.<\/p>\n\n\n\n<h6 class=\"wp-block-heading\"><strong>&Uuml;bung 4: Sprunggelenk mobilisieren<\/strong><\/h6>\n\n\n\n<p>Legen Sie im Sitzen einen Tennisball unter den betroffenen Fu&szlig; und rollen Sie ihn vor und zur&uuml;ck.<\/p>\n<\/div><\/div>\n\n\n\n<h3 class=\"wp-block-heading\">Gut zu wissen:&nbsp;<\/h3>\n\n\n\n<p>Auch thermische Reize k&ouml;nnen helfen, den Nerv und die Muskulatur zu stimulieren. Tr&auml;nken Sie z. B. einen Waschlappen mit kaltem und einen mit warmem Wasser und streichen Sie damit abwechselnd &uuml;ber die vordere Unterschenkelmuskulatur.<\/p>\n","protected":false},"excerpt":{"rendered":"<p>Was Sie selbst tun k\u00f6nnen Bei einer\u00a0Fu\u00dfheberschw\u00e4che\u00a0ist der Peroneusnerv gesch\u00e4digt, der f\u00fcr das Anheben der Fu\u00dfspitze verantwortlich ist. Zu den verschiedenen M\u00f6glichkeiten der\u00a0konservativen Therapie\u00a0geh\u00f6ren unter anderem die Versorgung mit Schienen oder\u00a0Orthesen\u00a0sowie die funktionelle Elektrostimulation. Ebenfalls zentral: physiotherapeutische \u00dcbungen. Sie dienen dazu, die umliegenden\u00a0Muskeln zu kr\u00e4ftigen\u00a0und einem\u00a0Abbau der Fu\u00dfhebermuskulatur vorzubeugen. Zudem soll die regelm\u00e4\u00dfige Stimulation die\u00a0Regeneration &#8230; <a title=\"\u00dcbungen bei Fu\u00dfheberschw\u00e4che\" class=\"read-more\" href=\"https:\/\/www.vitalibera.org\/community\/2026\/01\/09\/uebungen-bei-fussheberschwaeche\/\" aria-label=\"Mehr Informationen \u00fcber \u00dcbungen bei Fu\u00dfheberschw\u00e4che\">Weiterlesen<\/a><\/p>\n","protected":false},"author":2,"featured_media":5068,"comment_status":"closed","ping_status":"open","sticky":false,"template":"","format":"standard","meta":{"cybocfi_hide_featured_image":"yes","_jetpack_memberships_contains_paid_content":false,"footnotes":""},"categories":[64],"tags":[],"class_list":["post-5067","post","type-post","status-publish","format-standard","has-post-thumbnail","hentry","category-physio"],"yoast_head":"<!-- This site is optimized with the Yoast SEO plugin v27.4 - https:\/\/yoast.com\/product\/yoast-seo-wordpress\/ -->\r\n<title>\u00dcbungen bei Fu\u00dfheberschw\u00e4che - vitalibera.org<\/title>\r\n<meta name=\"robots\" content=\"index, follow, max-snippet:-1, max-image-preview:large, max-video-preview:-1\" \/>\r\n<link rel=\"canonical\" href=\"http:\/\/www.vitalibera.org\/community\/2026\/01\/09\/uebungen-bei-fussheberschwaeche\/\" \/>\r\n<meta property=\"og:locale\" content=\"de_DE\" \/>\r\n<meta property=\"og:type\" content=\"article\" \/>\r\n<meta property=\"og:title\" content=\"\u00dcbungen bei Fu\u00dfheberschw\u00e4che - vitalibera.org\" \/>\r\n<meta property=\"og:description\" content=\"Was Sie selbst tun k\u00f6nnen Bei einer\u00a0Fu\u00dfheberschw\u00e4che\u00a0ist der Peroneusnerv gesch\u00e4digt, der f\u00fcr das Anheben der Fu\u00dfspitze verantwortlich ist. Zu den verschiedenen M\u00f6glichkeiten der\u00a0konservativen Therapie\u00a0geh\u00f6ren unter anderem die Versorgung mit Schienen oder\u00a0Orthesen\u00a0sowie die funktionelle Elektrostimulation. Ebenfalls zentral: physiotherapeutische \u00dcbungen. Sie dienen dazu, die umliegenden\u00a0Muskeln zu kr\u00e4ftigen\u00a0und einem\u00a0Abbau der Fu\u00dfhebermuskulatur vorzubeugen. Zudem soll die regelm\u00e4\u00dfige Stimulation die\u00a0Regeneration ... Weiterlesen\" \/>\r\n<meta property=\"og:url\" content=\"http:\/\/www.vitalibera.org\/community\/2026\/01\/09\/uebungen-bei-fussheberschwaeche\/\" \/>\r\n<meta property=\"og:site_name\" content=\"vitalibera.org\" \/>\r\n<meta property=\"article:publisher\" content=\"https:\/\/www.facebook.com\/groups\/2997085857140235\" \/>\r\n<meta property=\"article:published_time\" content=\"2026-01-09T20:56:30+00:00\" \/>\r\n<meta property=\"article:modified_time\" content=\"2026-01-09T20:57:25+00:00\" \/>\r\n<meta property=\"og:image\" content=\"http:\/\/www.vitalibera.org\/community\/wp-content\/uploads\/2026\/01\/fussheber1-1024x683.png\" \/>\r\n\t<meta property=\"og:image:width\" content=\"1024\" \/>\r\n\t<meta property=\"og:image:height\" content=\"683\" \/>\r\n\t<meta property=\"og:image:type\" content=\"image\/png\" \/>\r\n<meta name=\"author\" content=\"Andreas Jecklin\" \/>\r\n<meta name=\"twitter:card\" content=\"summary_large_image\" \/>\r\n<meta name=\"twitter:label1\" content=\"Verfasst von\" \/>\n\t<meta name=\"twitter:data1\" content=\"Andreas Jecklin\" \/>\n\t<meta name=\"twitter:label2\" content=\"Gesch\u00e4tzte Lesezeit\" \/>\n\t<meta name=\"twitter:data2\" content=\"3\u00a0Minuten\" \/>\r\n<script type=\"application\/ld+json\" class=\"yoast-schema-graph\">{\"@context\":\"https:\\\/\\\/schema.org\",\"@graph\":[{\"@type\":\"Article\",\"@id\":\"http:\\\/\\\/www.vitalibera.org\\\/community\\\/2026\\\/01\\\/09\\\/uebungen-bei-fussheberschwaeche\\\/#article\",\"isPartOf\":{\"@id\":\"http:\\\/\\\/www.vitalibera.org\\\/community\\\/2026\\\/01\\\/09\\\/uebungen-bei-fussheberschwaeche\\\/\"},\"author\":{\"name\":\"Andreas Jecklin\",\"@id\":\"https:\\\/\\\/www.vitalibera.org\\\/community\\\/#\\\/schema\\\/person\\\/6712387298421f222ff6d0a2e22c1534\"},\"headline\":\"\u00dcbungen bei Fu\u00dfheberschw\u00e4che\",\"datePublished\":\"2026-01-09T20:56:30+00:00\",\"dateModified\":\"2026-01-09T20:57:25+00:00\",\"mainEntityOfPage\":{\"@id\":\"http:\\\/\\\/www.vitalibera.org\\\/community\\\/2026\\\/01\\\/09\\\/uebungen-bei-fussheberschwaeche\\\/\"},\"wordCount\":309,\"publisher\":{\"@id\":\"https:\\\/\\\/www.vitalibera.org\\\/community\\\/#organization\"},\"image\":{\"@id\":\"http:\\\/\\\/www.vitalibera.org\\\/community\\\/2026\\\/01\\\/09\\\/uebungen-bei-fussheberschwaeche\\\/#primaryimage\"},\"thumbnailUrl\":\"https:\\\/\\\/www.vitalibera.org\\\/community\\\/wp-content\\\/uploads\\\/2026\\\/01\\\/fussheber1-scaled.png\",\"articleSection\":[\"Physiotherapie\"],\"inLanguage\":\"de\"},{\"@type\":\"WebPage\",\"@id\":\"http:\\\/\\\/www.vitalibera.org\\\/community\\\/2026\\\/01\\\/09\\\/uebungen-bei-fussheberschwaeche\\\/\",\"url\":\"http:\\\/\\\/www.vitalibera.org\\\/community\\\/2026\\\/01\\\/09\\\/uebungen-bei-fussheberschwaeche\\\/\",\"name\":\"\u00dcbungen bei Fu\u00dfheberschw\u00e4che - vitalibera.org\",\"isPartOf\":{\"@id\":\"https:\\\/\\\/www.vitalibera.org\\\/community\\\/#website\"},\"primaryImageOfPage\":{\"@id\":\"http:\\\/\\\/www.vitalibera.org\\\/community\\\/2026\\\/01\\\/09\\\/uebungen-bei-fussheberschwaeche\\\/#primaryimage\"},\"image\":{\"@id\":\"http:\\\/\\\/www.vitalibera.org\\\/community\\\/2026\\\/01\\\/09\\\/uebungen-bei-fussheberschwaeche\\\/#primaryimage\"},\"thumbnailUrl\":\"https:\\\/\\\/www.vitalibera.org\\\/community\\\/wp-content\\\/uploads\\\/2026\\\/01\\\/fussheber1-scaled.png\",\"datePublished\":\"2026-01-09T20:56:30+00:00\",\"dateModified\":\"2026-01-09T20:57:25+00:00\",\"breadcrumb\":{\"@id\":\"http:\\\/\\\/www.vitalibera.org\\\/community\\\/2026\\\/01\\\/09\\\/uebungen-bei-fussheberschwaeche\\\/#breadcrumb\"},\"inLanguage\":\"de\",\"potentialAction\":[{\"@type\":\"ReadAction\",\"target\":[\"http:\\\/\\\/www.vitalibera.org\\\/community\\\/2026\\\/01\\\/09\\\/uebungen-bei-fussheberschwaeche\\\/\"]}]},{\"@type\":\"BreadcrumbList\",\"@id\":\"http:\\\/\\\/www.vitalibera.org\\\/community\\\/2026\\\/01\\\/09\\\/uebungen-bei-fussheberschwaeche\\\/#breadcrumb\",\"itemListElement\":[{\"@type\":\"ListItem\",\"position\":1,\"name\":\"Startseite\",\"item\":\"https:\\\/\\\/www.vitalibera.org\\\/community\\\/\"},{\"@type\":\"ListItem\",\"position\":2,\"name\":\"\u00dcbungen bei Fu\u00dfheberschw\u00e4che\"}]},{\"@type\":\"WebSite\",\"@id\":\"https:\\\/\\\/www.vitalibera.org\\\/community\\\/#website\",\"url\":\"https:\\\/\\\/www.vitalibera.org\\\/community\\\/\",\"name\":\"vitalibera.org\",\"description\":\"Mit einer Einschr&auml;nkung gestaltet sich das Leben im Alltag oft schwieriger - hier berichten wir &uuml;ber unsere Erfahrungen und Hilfsmittel um den Alltag so unbeschwert und unkompliziert wie nur m&ouml;glich geniessen zu k&ouml;nnen. Dabei richten wir unseren Fokus gezielt auf Selbst&auml;ndigkeit, Eigenst&auml;ndigkeit und Selbstbestimmung.\",\"publisher\":{\"@id\":\"https:\\\/\\\/www.vitalibera.org\\\/community\\\/#organization\"},\"potentialAction\":[{\"@type\":\"SearchAction\",\"target\":{\"@type\":\"EntryPoint\",\"urlTemplate\":\"https:\\\/\\\/www.vitalibera.org\\\/community\\\/?s={search_term_string}\"},\"query-input\":{\"@type\":\"PropertyValueSpecification\",\"valueRequired\":true,\"valueName\":\"search_term_string\"}}],\"inLanguage\":\"de\"},{\"@type\":\"Organization\",\"@id\":\"https:\\\/\\\/www.vitalibera.org\\\/community\\\/#organization\",\"name\":\"vitalibera.org\",\"url\":\"https:\\\/\\\/www.vitalibera.org\\\/community\\\/\",\"logo\":{\"@type\":\"ImageObject\",\"inLanguage\":\"de\",\"@id\":\"https:\\\/\\\/www.vitalibera.org\\\/community\\\/#\\\/schema\\\/logo\\\/image\\\/\",\"url\":\"https:\\\/\\\/www.vitalibera.org\\\/community\\\/wp-content\\\/uploads\\\/2025\\\/09\\\/cropped-banner.png\",\"contentUrl\":\"https:\\\/\\\/www.vitalibera.org\\\/community\\\/wp-content\\\/uploads\\\/2025\\\/09\\\/cropped-banner.png\",\"width\":991,\"height\":150,\"caption\":\"vitalibera.org\"},\"image\":{\"@id\":\"https:\\\/\\\/www.vitalibera.org\\\/community\\\/#\\\/schema\\\/logo\\\/image\\\/\"},\"sameAs\":[\"https:\\\/\\\/www.facebook.com\\\/groups\\\/2997085857140235\"]},{\"@type\":\"Person\",\"@id\":\"https:\\\/\\\/www.vitalibera.org\\\/community\\\/#\\\/schema\\\/person\\\/6712387298421f222ff6d0a2e22c1534\",\"name\":\"Andreas Jecklin\",\"image\":{\"@type\":\"ImageObject\",\"inLanguage\":\"de\",\"@id\":\"https:\\\/\\\/secure.gravatar.com\\\/avatar\\\/ad516503a11cd5ca435acc9bb6523536?s=96\",\"url\":\"https:\\\/\\\/secure.gravatar.com\\\/avatar\\\/ad516503a11cd5ca435acc9bb6523536?s=96\",\"contentUrl\":\"https:\\\/\\\/secure.gravatar.com\\\/avatar\\\/ad516503a11cd5ca435acc9bb6523536?s=96\",\"caption\":\"Andreas Jecklin\"},\"description\":\"Manchen gab Gott die Kraft Dinge zu ver\u00e4ndern, mir gab er die Kraft zu ertragen was nicht mehr zu \u00e4ndern ist.\",\"url\":\"https:\\\/\\\/www.vitalibera.org\\\/community\\\/author\\\/andy77\\\/\"}]}<\/script>\r\n<!-- \/ Yoast SEO plugin. -->","yoast_head_json":{"title":"\u00dcbungen bei Fu\u00dfheberschw\u00e4che - vitalibera.org","robots":{"index":"index","follow":"follow","max-snippet":"max-snippet:-1","max-image-preview":"max-image-preview:large","max-video-preview":"max-video-preview:-1"},"canonical":"http:\/\/www.vitalibera.org\/community\/2026\/01\/09\/uebungen-bei-fussheberschwaeche\/","og_locale":"de_DE","og_type":"article","og_title":"\u00dcbungen bei Fu\u00dfheberschw\u00e4che - vitalibera.org","og_description":"Was Sie selbst tun k\u00f6nnen Bei einer\u00a0Fu\u00dfheberschw\u00e4che\u00a0ist der Peroneusnerv gesch\u00e4digt, der f\u00fcr das Anheben der Fu\u00dfspitze verantwortlich ist. Zu den verschiedenen M\u00f6glichkeiten der\u00a0konservativen Therapie\u00a0geh\u00f6ren unter anderem die Versorgung mit Schienen oder\u00a0Orthesen\u00a0sowie die funktionelle Elektrostimulation. Ebenfalls zentral: physiotherapeutische \u00dcbungen. Sie dienen dazu, die umliegenden\u00a0Muskeln zu kr\u00e4ftigen\u00a0und einem\u00a0Abbau der Fu\u00dfhebermuskulatur vorzubeugen. Zudem soll die regelm\u00e4\u00dfige Stimulation die\u00a0Regeneration ... Weiterlesen","og_url":"http:\/\/www.vitalibera.org\/community\/2026\/01\/09\/uebungen-bei-fussheberschwaeche\/","og_site_name":"vitalibera.org","article_publisher":"https:\/\/www.facebook.com\/groups\/2997085857140235","article_published_time":"2026-01-09T20:56:30+00:00","article_modified_time":"2026-01-09T20:57:25+00:00","og_image":[{"width":1024,"height":683,"url":"http:\/\/www.vitalibera.org\/community\/wp-content\/uploads\/2026\/01\/fussheber1-1024x683.png","type":"image\/png"}],"author":"Andreas Jecklin","twitter_card":"summary_large_image","twitter_misc":{"Verfasst von":"Andreas Jecklin","Gesch\u00e4tzte Lesezeit":"3\u00a0Minuten"},"schema":{"@context":"https:\/\/schema.org","@graph":[{"@type":"Article","@id":"http:\/\/www.vitalibera.org\/community\/2026\/01\/09\/uebungen-bei-fussheberschwaeche\/#article","isPartOf":{"@id":"http:\/\/www.vitalibera.org\/community\/2026\/01\/09\/uebungen-bei-fussheberschwaeche\/"},"author":{"name":"Andreas Jecklin","@id":"https:\/\/www.vitalibera.org\/community\/#\/schema\/person\/6712387298421f222ff6d0a2e22c1534"},"headline":"\u00dcbungen bei Fu\u00dfheberschw\u00e4che","datePublished":"2026-01-09T20:56:30+00:00","dateModified":"2026-01-09T20:57:25+00:00","mainEntityOfPage":{"@id":"http:\/\/www.vitalibera.org\/community\/2026\/01\/09\/uebungen-bei-fussheberschwaeche\/"},"wordCount":309,"publisher":{"@id":"https:\/\/www.vitalibera.org\/community\/#organization"},"image":{"@id":"http:\/\/www.vitalibera.org\/community\/2026\/01\/09\/uebungen-bei-fussheberschwaeche\/#primaryimage"},"thumbnailUrl":"https:\/\/www.vitalibera.org\/community\/wp-content\/uploads\/2026\/01\/fussheber1-scaled.png","articleSection":["Physiotherapie"],"inLanguage":"de"},{"@type":"WebPage","@id":"http:\/\/www.vitalibera.org\/community\/2026\/01\/09\/uebungen-bei-fussheberschwaeche\/","url":"http:\/\/www.vitalibera.org\/community\/2026\/01\/09\/uebungen-bei-fussheberschwaeche\/","name":"\u00dcbungen bei Fu\u00dfheberschw\u00e4che - vitalibera.org","isPartOf":{"@id":"https:\/\/www.vitalibera.org\/community\/#website"},"primaryImageOfPage":{"@id":"http:\/\/www.vitalibera.org\/community\/2026\/01\/09\/uebungen-bei-fussheberschwaeche\/#primaryimage"},"image":{"@id":"http:\/\/www.vitalibera.org\/community\/2026\/01\/09\/uebungen-bei-fussheberschwaeche\/#primaryimage"},"thumbnailUrl":"https:\/\/www.vitalibera.org\/community\/wp-content\/uploads\/2026\/01\/fussheber1-scaled.png","datePublished":"2026-01-09T20:56:30+00:00","dateModified":"2026-01-09T20:57:25+00:00","breadcrumb":{"@id":"http:\/\/www.vitalibera.org\/community\/2026\/01\/09\/uebungen-bei-fussheberschwaeche\/#breadcrumb"},"inLanguage":"de","potentialAction":[{"@type":"ReadAction","target":["http:\/\/www.vitalibera.org\/community\/2026\/01\/09\/uebungen-bei-fussheberschwaeche\/"]}]},{"@type":"BreadcrumbList","@id":"http:\/\/www.vitalibera.org\/community\/2026\/01\/09\/uebungen-bei-fussheberschwaeche\/#breadcrumb","itemListElement":[{"@type":"ListItem","position":1,"name":"Startseite","item":"https:\/\/www.vitalibera.org\/community\/"},{"@type":"ListItem","position":2,"name":"\u00dcbungen bei Fu\u00dfheberschw\u00e4che"}]},{"@type":"WebSite","@id":"https:\/\/www.vitalibera.org\/community\/#website","url":"https:\/\/www.vitalibera.org\/community\/","name":"vitalibera.org","description":"Mit einer Einschr&auml;nkung gestaltet sich das Leben im Alltag oft schwieriger - hier berichten wir &uuml;ber unsere Erfahrungen und Hilfsmittel um den Alltag so unbeschwert und unkompliziert wie nur m&ouml;glich geniessen zu k&ouml;nnen. Dabei richten wir unseren Fokus gezielt auf Selbst&auml;ndigkeit, Eigenst&auml;ndigkeit und Selbstbestimmung.","publisher":{"@id":"https:\/\/www.vitalibera.org\/community\/#organization"},"potentialAction":[{"@type":"SearchAction","target":{"@type":"EntryPoint","urlTemplate":"https:\/\/www.vitalibera.org\/community\/?s={search_term_string}"},"query-input":{"@type":"PropertyValueSpecification","valueRequired":true,"valueName":"search_term_string"}}],"inLanguage":"de"},{"@type":"Organization","@id":"https:\/\/www.vitalibera.org\/community\/#organization","name":"vitalibera.org","url":"https:\/\/www.vitalibera.org\/community\/","logo":{"@type":"ImageObject","inLanguage":"de","@id":"https:\/\/www.vitalibera.org\/community\/#\/schema\/logo\/image\/","url":"https:\/\/www.vitalibera.org\/community\/wp-content\/uploads\/2025\/09\/cropped-banner.png","contentUrl":"https:\/\/www.vitalibera.org\/community\/wp-content\/uploads\/2025\/09\/cropped-banner.png","width":991,"height":150,"caption":"vitalibera.org"},"image":{"@id":"https:\/\/www.vitalibera.org\/community\/#\/schema\/logo\/image\/"},"sameAs":["https:\/\/www.facebook.com\/groups\/2997085857140235"]},{"@type":"Person","@id":"https:\/\/www.vitalibera.org\/community\/#\/schema\/person\/6712387298421f222ff6d0a2e22c1534","name":"Andreas Jecklin","image":{"@type":"ImageObject","inLanguage":"de","@id":"https:\/\/secure.gravatar.com\/avatar\/ad516503a11cd5ca435acc9bb6523536?s=96","url":"https:\/\/secure.gravatar.com\/avatar\/ad516503a11cd5ca435acc9bb6523536?s=96","contentUrl":"https:\/\/secure.gravatar.com\/avatar\/ad516503a11cd5ca435acc9bb6523536?s=96","caption":"Andreas Jecklin"},"description":"Manchen gab Gott die Kraft Dinge zu ver\u00e4ndern, mir gab er die Kraft zu ertragen was nicht mehr zu \u00e4ndern ist.","url":"https:\/\/www.vitalibera.org\/community\/author\/andy77\/"}]}},"jetpack_featured_media_url":"https:\/\/www.vitalibera.org\/community\/wp-content\/uploads\/2026\/01\/fussheber1-scaled.png","jetpack_sharing_enabled":true,"jetpack-related-posts":[],"_links":{"self":[{"href":"https:\/\/www.vitalibera.org\/community\/wp-json\/wp\/v2\/posts\/5067","targetHints":{"allow":["GET"]}}],"collection":[{"href":"https:\/\/www.vitalibera.org\/community\/wp-json\/wp\/v2\/posts"}],"about":[{"href":"https:\/\/www.vitalibera.org\/community\/wp-json\/wp\/v2\/types\/post"}],"author":[{"embeddable":true,"href":"https:\/\/www.vitalibera.org\/community\/wp-json\/wp\/v2\/users\/2"}],"replies":[{"embeddable":true,"href":"https:\/\/www.vitalibera.org\/community\/wp-json\/wp\/v2\/comments?post=5067"}],"version-history":[{"count":1,"href":"https:\/\/www.vitalibera.org\/community\/wp-json\/wp\/v2\/posts\/5067\/revisions"}],"predecessor-version":[{"id":5071,"href":"https:\/\/www.vitalibera.org\/community\/wp-json\/wp\/v2\/posts\/5067\/revisions\/5071"}],"wp:featuredmedia":[{"embeddable":true,"href":"https:\/\/www.vitalibera.org\/community\/wp-json\/wp\/v2\/media\/5068"}],"wp:attachment":[{"href":"https:\/\/www.vitalibera.org\/community\/wp-json\/wp\/v2\/media?parent=5067"}],"wp:term":[{"taxonomy":"category","embeddable":true,"href":"https:\/\/www.vitalibera.org\/community\/wp-json\/wp\/v2\/categories?post=5067"},{"taxonomy":"post_tag","embeddable":true,"href":"https:\/\/www.vitalibera.org\/community\/wp-json\/wp\/v2\/tags?post=5067"}],"curies":[{"name":"wp","href":"https:\/\/api.w.org\/{rel}","templated":true}]}}