{"id":5118,"date":"2026-01-14T10:12:49","date_gmt":"2026-01-14T09:12:49","guid":{"rendered":"https:\/\/www.vitalibera.org\/community\/?p=5118"},"modified":"2026-01-14T10:14:42","modified_gmt":"2026-01-14T09:14:42","slug":"headapp-moderne-kognitive-therapie","status":"publish","type":"post","link":"https:\/\/www.vitalibera.org\/community\/2026\/01\/14\/headapp-moderne-kognitive-therapie\/","title":{"rendered":"HeadApp &#8211; Moderne kognitive Therapie"},"content":{"rendered":"\n<div class=\"wp-block-media-text is-stacked-on-mobile is-vertically-aligned-top\"><figure class=\"wp-block-media-text__media\"><img decoding=\"async\" width=\"85\" height=\"84\" src=\"https:\/\/www.vitalibera.org\/community\/wp-content\/uploads\/2026\/01\/headapp.png\" alt=\"\" class=\"wp-image-5119 size-full\"><\/figure><div class=\"wp-block-media-text__content\">\n<p>Nach dem Klinikaufenthalt, also bei Betreuung in einer Ambulanz\/bei einem Therapeuten, werden Erfolge bei der <a href=\"https:\/\/www.vitalibera.org\/community\/2026\/07\/14\/orientierungslosigkeit-in-der-akutphase-nach-einer-hirnverletzung\/\"><font color=\"blue\"><img src=\"https:\/\/www.vitalibera.org\/community\/wp-content\/images\/link.png\" width=\"20\" height=\"20\"><u>Rehabilitation<\/u><\/font><\/a> durch ein m&ouml;glichst h&auml;ufiges <a href=\"https:\/\/www.vitalibera.org\/community\/2026\/08\/18\/betroffene-hand-und-finger-aktivieren-eigentherapie-bei-spastik-und-fauststellung\/\"><font color=\"blue\"><img src=\"https:\/\/www.vitalibera.org\/community\/wp-content\/images\/link.png\" width=\"20\" height=\"20\"><u>Training<\/u><\/font><\/a> erzielt. <br><br>Mit HeadApp\/NEUROvitalis k&ouml;nnen <a href=\"https:\/\/www.vitalibera.org\/community\/2026\/04\/19\/wenn-reize-laut-werden-und-menschen-leise\/\"><font color=\"blue\"><img src=\"https:\/\/www.vitalibera.org\/community\/wp-content\/images\/link.png\" width=\"20\" height=\"20\"><u>Betroffene<\/u><\/font><\/a> auch zu Hause &uuml;ben, unter Anleitung und Betreuung eines Therapeuten.<\/p>\n\n\n\n<p>Die Betreuung erfolgt mit oder ohne feste Therapievorgaben, je nach Bedarf. Daten werden sicher verschl&uuml;sselt &uuml;bertragen, intuitiv und einfach, der Nutzer braucht kein technisches Wissen.<br><br><a href=\"https:\/\/www.headapp.com\/de\/headapphome\/\" target=\"_blank\" rel=\"noreferrer noopener\">Zur HeadApp<\/a><\/p>\n<\/div><\/div>\n\n\n\n<h5 class=\"wp-block-heading\">HeadApp Home &ndash; modern, online, digital<\/h5>\n\n\n\n<p>HeadApp\/NEUROvitalis gibt es auf allen Ger&auml;ten. Sie k&ouml;nnen das Training im Therapieraum am PC beginnen und konfigurieren, dann am Krankenbett oder zu Hause, z.B. am Laptop oder <a href=\"https:\/\/www.vitalibera.org\/community\/2026\/08\/19\/reizarme-bildschirm-einstellungen-nach-hirnverletzung-schutz-vor-ueberlastung-fatigue-und-visuellen-triggern\/\"><font color=\"blue\"><img src=\"https:\/\/www.vitalibera.org\/community\/wp-content\/images\/link.png\" width=\"20\" height=\"20\"><u>Tablet<\/u><\/font><\/a> fortsetzen.<\/p>\n\n\n\n<p>Alle Daten stehen immer online zur Verf&uuml;gung. Das bedeutet: das System ist sehr einfach zu bedienen. Man muss die Daten nicht kompliziert hin- und herladen, sie sind einfach immer da. Egal wo der Betroffene zuletzt gearbeitet hat, er setzt immer dort fort, wo er zuletzt aufgeh&ouml;rt hat. Therapeuten haben immer Zugriff auf den gesamten Therapieverlauf.<br><a href=\"https:\/\/www.headapp.com\/de\/headapphome\/\" target=\"_blank\" rel=\"noreferrer noopener\"><br>Zur HeadApp<\/a><\/p>\n\n\n\n<p>HeadApp&nbsp;(auch als&nbsp;NEUROvitalis&nbsp;bekannt) ist eine deutsche Software f&uuml;r das kognitive Training, die Therapeuten und Patienten bei der Rehabilitation nach z. B. Schlaganf&auml;llen oder bei <a href=\"https:\/\/www.vitalibera.org\/community\/enzyklopaedie\/demenz\/\" target=\"_self\" title=\"Als Demenz bezeichnet man ein&nbsp;neurologisches Krankheitsbild, das durch den progredienten Verlust kognitiver F&auml;higkeiten gekennzeichnet ist. In sp&auml;teren Krankheitsstadien kommt es in der Folge zu einem Verlust der Alltagskompetenz und zu einem Pers&ouml;nlichkeitszerfall.\" class=\"encyclopedia\">Demenz<\/a> unterst&uuml;tzt, indem sie &Uuml;bungen f&uuml;r Aufmerksamkeit, Ged&auml;chtnis, Sprache und exekutive Funktionen auf verschiedenen Ger&auml;ten (PC, Tablet, Smartphone) online anbietet und die Daten synchronisiert. Es gibt eine Home-Version f&uuml;r zu Hause und eine Professional-Version f&uuml;r Therapeuten, wobei die Nutzung eine aktive Internetverbindung erfordert und die Daten sicher auf deutschen Servern gespeichert werden.&nbsp;<\/p>\n\n\n\n<p>Was HeadApp leistet<\/p>\n\n\n\n<ul class=\"wp-block-list\">\n<li><strong>Kognitives Training:<\/strong>&nbsp;&Uuml;bungen f&uuml;r Aufmerksamkeit, Ged&auml;chtnis, Sprache (<a href=\"https:\/\/www.vitalibera.org\/community\/enzyklopaedie\/aphasie\/\" target=\"_self\" title=\"Eine Aphasie ist eine&nbsp;Sprachst&ouml;rung, die die Beeintr&auml;chtigung von Wortverst&auml;ndnis oder Wortproduktion oder nichtverbalen Entsprechungen von W&ouml;rtern umfasst. Sie resultiert aus einer Funktionsst&ouml;rung der Sprachzentren in der Gro&szlig;hirnrinde und in den Basalganglien oder den verbindenden Bahnen in der wei&szlig;en Substanz. &nbsp;\" class=\"encyclopedia\">Aphasie<\/a>), Raumwahrnehmung und Planung.<\/li>\n\n\n\n<li><strong>Zielgruppen:<\/strong>&nbsp;Geeignet nach <a href=\"https:\/\/www.vitalibera.org\/community\/enzyklopaedie\/schlaganfall\/\" target=\"_self\" title=\"Ein Schlaganfall, auch Hirnschlag oder Apoplex genannt, ist eine&nbsp;pl&ouml;tzlich auftretende Durchblutungsst&ouml;rung im Gehirn, die dazu f&uuml;hrt, dass Gehirnzellen nicht mehr ausreichend mit Sauerstoff und N&auml;hrstoffen versorgt werden.&nbsp;Dies kann zu bleibenden Sch&auml;den oder sogar zum Absterben von Hirnzellen f&uuml;hren, wenn die Durchblutung nicht schnell wiederhergestellt wird.\" class=\"encyclopedia\">Schlaganfall<\/a>, bei Hirnsch&auml;digungen, <a href=\"https:\/\/www.vitalibera.org\/community\/enzyklopaedie\/demenz\/\" target=\"_self\" title=\"Als Demenz bezeichnet man ein&nbsp;neurologisches Krankheitsbild, das durch den progredienten Verlust kognitiver F&auml;higkeiten gekennzeichnet ist. In sp&auml;teren Krankheitsstadien kommt es in der Folge zu einem Verlust der Alltagskompetenz und zu einem Pers&ouml;nlichkeitszerfall.\" class=\"encyclopedia\">Demenz<\/a>, <a href=\"https:\/\/www.vitalibera.org\/community\/enzyklopaedie\/adhs\/\" target=\"_self\" title=\"ADHS (Aufmerksamkeitsdefizit-\/Hyperaktivit&auml;tsst&ouml;rung) ist eine&nbsp;neurologische Entwicklungsst&ouml;rung, die durch Unaufmerksamkeit, Impulsivit&auml;t und Hyperaktivit&auml;t gekennzeichnet ist. Sie betrifft Kinder und Erwachsene (oft als innere Unruhe). Die Behandlung erfolgt meist multimodal durch Psychoedukation, Verhaltenstherapie und Medikamente. Behandlungen f&uuml;r ADHS Multimodaler Ansatz:&nbsp;Die effektivste Therapie kombiniert meist mehrere S&auml;ulen. Verhaltenstherapie:&nbsp;Speziell zugeschnitten auf Kinder oder Erwachsene, um Alltagsstrukturen zu verbessern. Medikament&ouml;se Therapie:&nbsp;Einsatz&hellip;\" class=\"encyclopedia\">ADHS<\/a>, <a href=\"https:\/\/www.vitalibera.org\/community\/enzyklopaedie\/parkinson-2\/\" target=\"_self\" title=\"Parkinson ist eine&nbsp;chronisch fortschreitende neurodegenerative Erkrankung, die durch den fortschreitenden Verlust von Nervenzellen im Gehirn verursacht wird, was zu einem Mangel am Botenstoff Dopamin f&uuml;hrt.&nbsp;Dies &auml;u&szlig;ert sich prim&auml;r in Bewegungsst&ouml;rungen wie Zittern (Tremor), verlangsamten Bewegungen (Bradykinese), Muskelsteifheit (Rigor) und Gleichgewichtsst&ouml;rungen.&nbsp;Die Krankheit betrifft h&auml;ufig das extrapyramidal-motorische System und kann je nach Ursache als idiopathisches, genetisches, atypisches&hellip;\" class=\"encyclopedia\">Parkinson<\/a>, <a href=\"https:\/\/www.vitalibera.org\/community\/enzyklopaedie\/multipler-sklerose\/\" target=\"_self\" title=\"Multiple Sklerose (MS) ist eine&nbsp;autoimmune, chronisch-entz&uuml;ndliche Erkrankung des zentralen Nervensystems. MS verl&auml;uft meist in Sch&uuml;ben und kann unterschiedliche Verlaufsformen haben. Vor&uuml;bergehende Empfindungsst&ouml;rungen, Sehst&ouml;rungen und Muskell&auml;hmungen sind die h&auml;ufigsten Fr&uuml;hzeichen.\" class=\"encyclopedia\">Multipler Sklerose<\/a> und psychiatrischen Erkrankungen.<\/li>\n\n\n\n<li><strong>Plattformunabh&auml;ngig:<\/strong>&nbsp;L&auml;uft auf Windows, macOS, Android, iOS (Web, App) und synchronisiert Daten online.<\/li>\n\n\n\n<li><strong>Adaptiv:<\/strong>&nbsp;Die Schwierigkeit passt sich automatisch an die Leistung des Nutzers an.&nbsp;<\/li>\n<\/ul>\n\n\n\n<p>Versionen<\/p>\n\n\n\n<ul class=\"wp-block-list\">\n<li><strong>HeadApp Home:<\/strong>&nbsp;F&uuml;r Patienten zum Training zu Hause, mit online synchronisierten Daten.<\/li>\n\n\n\n<li><strong>HeadApp Professional:<\/strong>&nbsp;F&uuml;r Therapeuten zur Verwaltung mehrerer Patienten, mit Testphase und Jahreslizenz.&nbsp;<\/li>\n<\/ul>\n\n\n\n<p>Nutzung und E<a href=\"https:\/\/www.vitalibera.org\/community\/enzyklopaedie\/inr\/\" target=\"_self\" title=\"Die&nbsp;International Normalized Ratio (INR)&nbsp;ist ein&nbsp;weltweit standardisierter Laborwert zur Messung der Blutgerinnungszeit, insbesondere bei der Einnahme von Gerinnungshemmern wie Marcumar. Ein INR-Wert um 1,0 ist normal, w&auml;hrend bei einer Therapie meist Werte zwischen 2,0 und 3,5 angestrebt werden, um Thrombosen zu verhindern.\" class=\"encyclopedia\">inr<\/a>ichtung<\/p>\n\n\n\n<ul class=\"wp-block-list\">\n<li><strong>Installation:<\/strong>&nbsp;Als App &uuml;ber den Google Play Store oder Apple App Store erh&auml;ltlich, auch als Web-App unter start.headapp.com.<\/li>\n\n\n\n<li><strong>Konto:<\/strong>&nbsp;Registrierung mit E-Mail und Passwort notwendig, Lizenzerwerb erfolgt innerhalb der App oder &uuml;ber die Webseite.<\/li>\n\n\n\n<li><strong>Voraussetzung:<\/strong>&nbsp;Eine durchgehende Internetverbindung ist f&uuml;r die Nutzung erforderlich.&nbsp;<\/li>\n<\/ul>\n","protected":false},"excerpt":{"rendered":"<p>Nach dem Klinikaufenthalt, also bei Betreuung in einer Ambulanz\/bei einem Therapeuten, werden Erfolge bei der Rehabilitation durch ein m\u00f6glichst h\u00e4ufiges Training erzielt. Mit HeadApp\/NEUROvitalis k\u00f6nnen Betroffene auch zu Hause \u00fcben, unter Anleitung und Betreuung eines Therapeuten. Die Betreuung erfolgt mit oder ohne feste Therapievorgaben, je nach Bedarf. Daten werden sicher verschl\u00fcsselt \u00fcbertragen, intuitiv und einfach, &#8230; <a title=\"HeadApp &#8211; Moderne kognitive Therapie\" class=\"read-more\" href=\"https:\/\/www.vitalibera.org\/community\/2026\/01\/14\/headapp-moderne-kognitive-therapie\/\" aria-label=\"Mehr Informationen \u00fcber HeadApp &#8211; Moderne kognitive Therapie\">Weiterlesen<\/a><\/p>\n","protected":false},"author":2,"featured_media":5119,"comment_status":"open","ping_status":"open","sticky":false,"template":"","format":"standard","meta":{"cybocfi_hide_featured_image":"yes","_jetpack_newsletter_access":"","_jetpack_dont_email_post_to_subs":false,"_jetpack_newsletter_tier_id":0,"_jetpack_memberships_contains_paywalled_content":false,"_jetpack_feature_clip_id":0,"_jetpack_memberships_contains_paid_content":false,"footnotes":"","jetpack_publicize_message":"","jetpack_publicize_feature_enabled":true,"jetpack_social_post_already_shared":false,"jetpack_social_options":{"image_generator_settings":{"template":"highway","default_image_id":0,"font":"","enabled":false},"version":2},"jetpack_post_was_ever_published":false},"categories":[66],"tags":[],"class_list":["post-5118","post","type-post","status-publish","format-standard","has-post-thumbnail","hentry","category-neurologie-kognitives-training"],"yoast_head":"<!-- This site is optimized with the Yoast SEO plugin v28.2 - https:\/\/yoast.com\/product\/yoast-seo-wordpress\/ -->\r\n<title>HeadApp - Moderne kognitive Therapie - vitalibera.org<\/title>\r\n<meta name=\"robots\" content=\"index, follow, max-snippet:-1, max-image-preview:large, max-video-preview:-1\" \/>\r\n<link rel=\"canonical\" href=\"https:\/\/www.vitalibera.org\/community\/2026\/01\/14\/headapp-moderne-kognitive-therapie\/\" \/>\r\n<meta property=\"og:locale\" content=\"de_DE\" \/>\r\n<meta property=\"og:type\" content=\"article\" \/>\r\n<meta property=\"og:title\" content=\"HeadApp - Moderne kognitive Therapie - vitalibera.org\" \/>\r\n<meta property=\"og:description\" content=\"Nach dem Klinikaufenthalt, also bei Betreuung in einer Ambulanz\/bei einem Therapeuten, werden Erfolge bei der Rehabilitation durch ein m\u00f6glichst h\u00e4ufiges Training erzielt. Mit HeadApp\/NEUROvitalis k\u00f6nnen Betroffene auch zu Hause \u00fcben, unter Anleitung und Betreuung eines Therapeuten. Die Betreuung erfolgt mit oder ohne feste Therapievorgaben, je nach Bedarf. Daten werden sicher verschl\u00fcsselt \u00fcbertragen, intuitiv und einfach, ... Weiterlesen\" \/>\r\n<meta property=\"og:url\" content=\"https:\/\/www.vitalibera.org\/community\/2026\/01\/14\/headapp-moderne-kognitive-therapie\/\" \/>\r\n<meta property=\"og:site_name\" content=\"vitalibera.org\" \/>\r\n<meta property=\"article:publisher\" content=\"https:\/\/www.facebook.com\/groups\/2997085857140235\" \/>\r\n<meta property=\"article:published_time\" content=\"2026-01-14T09:12:49+00:00\" \/>\r\n<meta property=\"article:modified_time\" content=\"2026-01-14T09:14:42+00:00\" \/>\r\n<meta property=\"og:image\" content=\"https:\/\/www.vitalibera.org\/community\/wp-content\/uploads\/2026\/01\/headapp.png\" \/>\r\n\t<meta property=\"og:image:width\" content=\"85\" \/>\r\n\t<meta property=\"og:image:height\" content=\"84\" \/>\r\n\t<meta property=\"og:image:type\" content=\"image\/png\" \/>\r\n<meta name=\"author\" content=\"Andreas Jecklin\" \/>\r\n<meta name=\"twitter:card\" content=\"summary_large_image\" \/>\r\n<meta name=\"twitter:label1\" content=\"Verfasst von\" \/>\n\t<meta name=\"twitter:data1\" content=\"Andreas Jecklin\" \/>\n\t<meta name=\"twitter:label2\" content=\"Gesch\u00e4tzte Lesezeit\" \/>\n\t<meta name=\"twitter:data2\" content=\"3\u00a0Minuten\" \/>\r\n<script type=\"application\/ld+json\" class=\"yoast-schema-graph\">{\"@context\":\"https:\\\/\\\/schema.org\",\"@graph\":[{\"@type\":\"Article\",\"@id\":\"https:\\\/\\\/www.vitalibera.org\\\/community\\\/2026\\\/01\\\/14\\\/headapp-moderne-kognitive-therapie\\\/#article\",\"isPartOf\":{\"@id\":\"https:\\\/\\\/www.vitalibera.org\\\/community\\\/2026\\\/01\\\/14\\\/headapp-moderne-kognitive-therapie\\\/\"},\"author\":{\"name\":\"Andreas Jecklin\",\"@id\":\"https:\\\/\\\/www.vitalibera.org\\\/community\\\/#\\\/schema\\\/person\\\/6712387298421f222ff6d0a2e22c1534\"},\"headline\":\"HeadApp &#8211; Moderne kognitive Therapie\",\"datePublished\":\"2026-01-14T09:12:49+00:00\",\"dateModified\":\"2026-01-14T09:14:42+00:00\",\"mainEntityOfPage\":{\"@id\":\"https:\\\/\\\/www.vitalibera.org\\\/community\\\/2026\\\/01\\\/14\\\/headapp-moderne-kognitive-therapie\\\/\"},\"wordCount\":392,\"commentCount\":0,\"publisher\":{\"@id\":\"https:\\\/\\\/www.vitalibera.org\\\/community\\\/#organization\"},\"image\":{\"@id\":\"https:\\\/\\\/www.vitalibera.org\\\/community\\\/2026\\\/01\\\/14\\\/headapp-moderne-kognitive-therapie\\\/#primaryimage\"},\"thumbnailUrl\":\"https:\\\/\\\/www.vitalibera.org\\\/community\\\/wp-content\\\/uploads\\\/2026\\\/01\\\/headapp.png\",\"articleSection\":[\"Kognitives Training\"],\"inLanguage\":\"de\",\"potentialAction\":[{\"@type\":\"CommentAction\",\"name\":\"Comment\",\"target\":[\"https:\\\/\\\/www.vitalibera.org\\\/community\\\/2026\\\/01\\\/14\\\/headapp-moderne-kognitive-therapie\\\/#respond\"]}]},{\"@type\":\"WebPage\",\"@id\":\"https:\\\/\\\/www.vitalibera.org\\\/community\\\/2026\\\/01\\\/14\\\/headapp-moderne-kognitive-therapie\\\/\",\"url\":\"https:\\\/\\\/www.vitalibera.org\\\/community\\\/2026\\\/01\\\/14\\\/headapp-moderne-kognitive-therapie\\\/\",\"name\":\"HeadApp - Moderne kognitive Therapie - vitalibera.org\",\"isPartOf\":{\"@id\":\"https:\\\/\\\/www.vitalibera.org\\\/community\\\/#website\"},\"primaryImageOfPage\":{\"@id\":\"https:\\\/\\\/www.vitalibera.org\\\/community\\\/2026\\\/01\\\/14\\\/headapp-moderne-kognitive-therapie\\\/#primaryimage\"},\"image\":{\"@id\":\"https:\\\/\\\/www.vitalibera.org\\\/community\\\/2026\\\/01\\\/14\\\/headapp-moderne-kognitive-therapie\\\/#primaryimage\"},\"thumbnailUrl\":\"https:\\\/\\\/www.vitalibera.org\\\/community\\\/wp-content\\\/uploads\\\/2026\\\/01\\\/headapp.png\",\"datePublished\":\"2026-01-14T09:12:49+00:00\",\"dateModified\":\"2026-01-14T09:14:42+00:00\",\"breadcrumb\":{\"@id\":\"https:\\\/\\\/www.vitalibera.org\\\/community\\\/2026\\\/01\\\/14\\\/headapp-moderne-kognitive-therapie\\\/#breadcrumb\"},\"inLanguage\":\"de\",\"potentialAction\":[{\"@type\":\"ReadAction\",\"target\":[\"https:\\\/\\\/www.vitalibera.org\\\/community\\\/2026\\\/01\\\/14\\\/headapp-moderne-kognitive-therapie\\\/\"]}]},{\"@type\":\"BreadcrumbList\",\"@id\":\"https:\\\/\\\/www.vitalibera.org\\\/community\\\/2026\\\/01\\\/14\\\/headapp-moderne-kognitive-therapie\\\/#breadcrumb\",\"itemListElement\":[{\"@type\":\"ListItem\",\"position\":1,\"name\":\"Startseite\",\"item\":\"https:\\\/\\\/www.vitalibera.org\\\/community\\\/\"},{\"@type\":\"ListItem\",\"position\":2,\"name\":\"HeadApp &#8211; Moderne kognitive Therapie\"}]},{\"@type\":\"WebSite\",\"@id\":\"https:\\\/\\\/www.vitalibera.org\\\/community\\\/#website\",\"url\":\"https:\\\/\\\/www.vitalibera.org\\\/community\\\/\",\"name\":\"vitalibera.org\",\"description\":\"Mit einer Einschr&auml;nkung gestaltet sich das Leben im Alltag oft schwieriger - hier berichten wir &uuml;ber unsere Erfahrungen und Hilfsmittel um den Alltag so unbeschwert und unkompliziert wie nur m&ouml;glich geniessen zu k&ouml;nnen. Dabei richten wir unseren Fokus gezielt auf Selbst&auml;ndigkeit, Eigenst&auml;ndigkeit und Selbstbestimmung.\",\"publisher\":{\"@id\":\"https:\\\/\\\/www.vitalibera.org\\\/community\\\/#organization\"},\"potentialAction\":[{\"@type\":\"SearchAction\",\"target\":{\"@type\":\"EntryPoint\",\"urlTemplate\":\"https:\\\/\\\/www.vitalibera.org\\\/community\\\/?s={search_term_string}\"},\"query-input\":{\"@type\":\"PropertyValueSpecification\",\"valueRequired\":true,\"valueName\":\"search_term_string\"}}],\"inLanguage\":\"de\"},{\"@type\":\"Organization\",\"@id\":\"https:\\\/\\\/www.vitalibera.org\\\/community\\\/#organization\",\"name\":\"vitalibera.org\",\"url\":\"https:\\\/\\\/www.vitalibera.org\\\/community\\\/\",\"logo\":{\"@type\":\"ImageObject\",\"inLanguage\":\"de\",\"@id\":\"https:\\\/\\\/www.vitalibera.org\\\/community\\\/#\\\/schema\\\/logo\\\/image\\\/\",\"url\":\"https:\\\/\\\/www.vitalibera.org\\\/community\\\/wp-content\\\/uploads\\\/2025\\\/09\\\/cropped-banner.png\",\"contentUrl\":\"https:\\\/\\\/www.vitalibera.org\\\/community\\\/wp-content\\\/uploads\\\/2025\\\/09\\\/cropped-banner.png\",\"width\":991,\"height\":150,\"caption\":\"vitalibera.org\"},\"image\":{\"@id\":\"https:\\\/\\\/www.vitalibera.org\\\/community\\\/#\\\/schema\\\/logo\\\/image\\\/\"},\"sameAs\":[\"https:\\\/\\\/www.facebook.com\\\/groups\\\/2997085857140235\"]},{\"@type\":\"Person\",\"@id\":\"https:\\\/\\\/www.vitalibera.org\\\/community\\\/#\\\/schema\\\/person\\\/6712387298421f222ff6d0a2e22c1534\",\"name\":\"Andreas Jecklin\",\"image\":{\"@type\":\"ImageObject\",\"inLanguage\":\"de\",\"@id\":\"https:\\\/\\\/secure.gravatar.com\\\/avatar\\\/ad516503a11cd5ca435acc9bb6523536?s=96\",\"url\":\"https:\\\/\\\/secure.gravatar.com\\\/avatar\\\/ad516503a11cd5ca435acc9bb6523536?s=96\",\"contentUrl\":\"https:\\\/\\\/secure.gravatar.com\\\/avatar\\\/ad516503a11cd5ca435acc9bb6523536?s=96\",\"caption\":\"Andreas Jecklin\"},\"description\":\"Manchen gab Gott die Kraft Dinge zu ver\u00e4ndern, mir gab er die Kraft zu ertragen was nicht mehr zu \u00e4ndern ist.\",\"url\":\"https:\\\/\\\/www.vitalibera.org\\\/community\\\/author\\\/andy77\\\/\"}]}<\/script>\r\n<!-- \/ Yoast SEO plugin. -->","yoast_head_json":{"title":"HeadApp - Moderne kognitive Therapie - vitalibera.org","robots":{"index":"index","follow":"follow","max-snippet":"max-snippet:-1","max-image-preview":"max-image-preview:large","max-video-preview":"max-video-preview:-1"},"canonical":"https:\/\/www.vitalibera.org\/community\/2026\/01\/14\/headapp-moderne-kognitive-therapie\/","og_locale":"de_DE","og_type":"article","og_title":"HeadApp - Moderne kognitive Therapie - vitalibera.org","og_description":"Nach dem Klinikaufenthalt, also bei Betreuung in einer Ambulanz\/bei einem Therapeuten, werden Erfolge bei der Rehabilitation durch ein m\u00f6glichst h\u00e4ufiges Training erzielt. Mit HeadApp\/NEUROvitalis k\u00f6nnen Betroffene auch zu Hause \u00fcben, unter Anleitung und Betreuung eines Therapeuten. Die Betreuung erfolgt mit oder ohne feste Therapievorgaben, je nach Bedarf. Daten werden sicher verschl\u00fcsselt \u00fcbertragen, intuitiv und einfach, ... Weiterlesen","og_url":"https:\/\/www.vitalibera.org\/community\/2026\/01\/14\/headapp-moderne-kognitive-therapie\/","og_site_name":"vitalibera.org","article_publisher":"https:\/\/www.facebook.com\/groups\/2997085857140235","article_published_time":"2026-01-14T09:12:49+00:00","article_modified_time":"2026-01-14T09:14:42+00:00","og_image":[{"width":85,"height":84,"url":"https:\/\/www.vitalibera.org\/community\/wp-content\/uploads\/2026\/01\/headapp.png","type":"image\/png"}],"author":"Andreas Jecklin","twitter_card":"summary_large_image","twitter_misc":{"Verfasst von":"Andreas Jecklin","Gesch\u00e4tzte Lesezeit":"3\u00a0Minuten"},"schema":{"@context":"https:\/\/schema.org","@graph":[{"@type":"Article","@id":"https:\/\/www.vitalibera.org\/community\/2026\/01\/14\/headapp-moderne-kognitive-therapie\/#article","isPartOf":{"@id":"https:\/\/www.vitalibera.org\/community\/2026\/01\/14\/headapp-moderne-kognitive-therapie\/"},"author":{"name":"Andreas Jecklin","@id":"https:\/\/www.vitalibera.org\/community\/#\/schema\/person\/6712387298421f222ff6d0a2e22c1534"},"headline":"HeadApp &#8211; Moderne kognitive Therapie","datePublished":"2026-01-14T09:12:49+00:00","dateModified":"2026-01-14T09:14:42+00:00","mainEntityOfPage":{"@id":"https:\/\/www.vitalibera.org\/community\/2026\/01\/14\/headapp-moderne-kognitive-therapie\/"},"wordCount":392,"commentCount":0,"publisher":{"@id":"https:\/\/www.vitalibera.org\/community\/#organization"},"image":{"@id":"https:\/\/www.vitalibera.org\/community\/2026\/01\/14\/headapp-moderne-kognitive-therapie\/#primaryimage"},"thumbnailUrl":"https:\/\/www.vitalibera.org\/community\/wp-content\/uploads\/2026\/01\/headapp.png","articleSection":["Kognitives Training"],"inLanguage":"de","potentialAction":[{"@type":"CommentAction","name":"Comment","target":["https:\/\/www.vitalibera.org\/community\/2026\/01\/14\/headapp-moderne-kognitive-therapie\/#respond"]}]},{"@type":"WebPage","@id":"https:\/\/www.vitalibera.org\/community\/2026\/01\/14\/headapp-moderne-kognitive-therapie\/","url":"https:\/\/www.vitalibera.org\/community\/2026\/01\/14\/headapp-moderne-kognitive-therapie\/","name":"HeadApp - Moderne kognitive Therapie - vitalibera.org","isPartOf":{"@id":"https:\/\/www.vitalibera.org\/community\/#website"},"primaryImageOfPage":{"@id":"https:\/\/www.vitalibera.org\/community\/2026\/01\/14\/headapp-moderne-kognitive-therapie\/#primaryimage"},"image":{"@id":"https:\/\/www.vitalibera.org\/community\/2026\/01\/14\/headapp-moderne-kognitive-therapie\/#primaryimage"},"thumbnailUrl":"https:\/\/www.vitalibera.org\/community\/wp-content\/uploads\/2026\/01\/headapp.png","datePublished":"2026-01-14T09:12:49+00:00","dateModified":"2026-01-14T09:14:42+00:00","breadcrumb":{"@id":"https:\/\/www.vitalibera.org\/community\/2026\/01\/14\/headapp-moderne-kognitive-therapie\/#breadcrumb"},"inLanguage":"de","potentialAction":[{"@type":"ReadAction","target":["https:\/\/www.vitalibera.org\/community\/2026\/01\/14\/headapp-moderne-kognitive-therapie\/"]}]},{"@type":"BreadcrumbList","@id":"https:\/\/www.vitalibera.org\/community\/2026\/01\/14\/headapp-moderne-kognitive-therapie\/#breadcrumb","itemListElement":[{"@type":"ListItem","position":1,"name":"Startseite","item":"https:\/\/www.vitalibera.org\/community\/"},{"@type":"ListItem","position":2,"name":"HeadApp &#8211; Moderne kognitive Therapie"}]},{"@type":"WebSite","@id":"https:\/\/www.vitalibera.org\/community\/#website","url":"https:\/\/www.vitalibera.org\/community\/","name":"vitalibera.org","description":"Mit einer Einschr&auml;nkung gestaltet sich das Leben im Alltag oft schwieriger - hier berichten wir &uuml;ber unsere Erfahrungen und Hilfsmittel um den Alltag so unbeschwert und unkompliziert wie nur m&ouml;glich geniessen zu k&ouml;nnen. Dabei richten wir unseren Fokus gezielt auf Selbst&auml;ndigkeit, Eigenst&auml;ndigkeit und Selbstbestimmung.","publisher":{"@id":"https:\/\/www.vitalibera.org\/community\/#organization"},"potentialAction":[{"@type":"SearchAction","target":{"@type":"EntryPoint","urlTemplate":"https:\/\/www.vitalibera.org\/community\/?s={search_term_string}"},"query-input":{"@type":"PropertyValueSpecification","valueRequired":true,"valueName":"search_term_string"}}],"inLanguage":"de"},{"@type":"Organization","@id":"https:\/\/www.vitalibera.org\/community\/#organization","name":"vitalibera.org","url":"https:\/\/www.vitalibera.org\/community\/","logo":{"@type":"ImageObject","inLanguage":"de","@id":"https:\/\/www.vitalibera.org\/community\/#\/schema\/logo\/image\/","url":"https:\/\/www.vitalibera.org\/community\/wp-content\/uploads\/2025\/09\/cropped-banner.png","contentUrl":"https:\/\/www.vitalibera.org\/community\/wp-content\/uploads\/2025\/09\/cropped-banner.png","width":991,"height":150,"caption":"vitalibera.org"},"image":{"@id":"https:\/\/www.vitalibera.org\/community\/#\/schema\/logo\/image\/"},"sameAs":["https:\/\/www.facebook.com\/groups\/2997085857140235"]},{"@type":"Person","@id":"https:\/\/www.vitalibera.org\/community\/#\/schema\/person\/6712387298421f222ff6d0a2e22c1534","name":"Andreas Jecklin","image":{"@type":"ImageObject","inLanguage":"de","@id":"https:\/\/secure.gravatar.com\/avatar\/ad516503a11cd5ca435acc9bb6523536?s=96","url":"https:\/\/secure.gravatar.com\/avatar\/ad516503a11cd5ca435acc9bb6523536?s=96","contentUrl":"https:\/\/secure.gravatar.com\/avatar\/ad516503a11cd5ca435acc9bb6523536?s=96","caption":"Andreas Jecklin"},"description":"Manchen gab Gott die Kraft Dinge zu ver\u00e4ndern, mir gab er die Kraft zu ertragen was nicht mehr zu \u00e4ndern ist.","url":"https:\/\/www.vitalibera.org\/community\/author\/andy77\/"}]}},"jetpack_publicize_connections":[],"jetpack_sharing_enabled":true,"jetpack-related-posts":[{"id":5254,"url":"https:\/\/www.vitalibera.org\/community\/2026\/01\/22\/was-versteht-man-unter-telerehabilitation\/","url_meta":{"origin":5118,"position":0},"title":"Was versteht man unter Telerehabilitation\u00a0?","author":"Andreas Jecklin","date":"22 Januar, 2026","format":false,"excerpt":"Telerehabilitation\u00a0ist die medizinische Rehabilitation, die \u00fcber digitale Kan\u00e4le wie Videoanrufe und spezielle Plattformen zu Hause stattfindet, um Patienten nach station\u00e4ren Aufenthalten weiter zu betreuen oder die Nachsorge zu verbessern, wobei Therapeuten Ferndiagnosen, Trainingsanleitungen und Motivation \u00fcber Technologien wie Tablets und Apps bereitstellen, was die Therapietreue erh\u00f6ht und die Versorgungsl\u00fccken schlie\u00dft.\u2026","rel":"","context":"In &quot;Hilfe f\u00fcr Angeh\u00f6rige&quot;","block_context":{"text":"Hilfe f\u00fcr Angeh\u00f6rige","link":"https:\/\/www.vitalibera.org\/community\/category\/hilfe-fuer-angehoerige\/"},"img":{"alt_text":"","src":"https:\/\/i0.wp.com\/www.vitalibera.org\/community\/wp-content\/uploads\/2026\/01\/telereha.png?resize=350%2C200&ssl=1","width":350,"height":200,"srcset":"https:\/\/i0.wp.com\/www.vitalibera.org\/community\/wp-content\/uploads\/2026\/01\/telereha.png?resize=350%2C200&ssl=1 1x, https:\/\/i0.wp.com\/www.vitalibera.org\/community\/wp-content\/uploads\/2026\/01\/telereha.png?resize=525%2C300&ssl=1 1.5x"},"classes":[]},{"id":4581,"url":"https:\/\/www.vitalibera.org\/community\/2025\/12\/08\/gaming-als-therapie-bei-hemiparese\/","url_meta":{"origin":5118,"position":1},"title":"Gaming als Therapie bei Hemiparese","author":"Andreas Jecklin","date":"8 Dezember, 2025","format":false,"excerpt":"Spiele sind eine effektive Therapieform bei\u00a0Hemiparese, insbesondere durch motivierende\u00a0Virtual-Reality-Spiele\u00a0und traditionelle\u00a0Brett- und Kartenspiele, die motorische F\u00e4higkeiten, Kognition und Koordination f\u00f6rdern und das Gehirn stimulieren, indem sie repetitive \u00dcbungen spa\u00dfig gestalten und sogar die neuronale Plastizit\u00e4t anregen, was zu besserer Genesung f\u00fchren kann. Diese \"Serious Games\" nutzen Belohnungssysteme und Fortschrittsanzeigen, um Patienten\u2026","rel":"","context":"In &quot;Kognitives Training&quot;","block_context":{"text":"Kognitives Training","link":"https:\/\/www.vitalibera.org\/community\/category\/eigentherapie-und-trainings\/neurologie-kognitives-training\/"},"img":{"alt_text":"","src":"https:\/\/i0.wp.com\/www.vitalibera.org\/community\/wp-content\/uploads\/2025\/12\/006373_hi-res-600x400-1.jpg?resize=350%2C200&ssl=1","width":350,"height":200,"srcset":"https:\/\/i0.wp.com\/www.vitalibera.org\/community\/wp-content\/uploads\/2025\/12\/006373_hi-res-600x400-1.jpg?resize=350%2C200&ssl=1 1x, https:\/\/i0.wp.com\/www.vitalibera.org\/community\/wp-content\/uploads\/2025\/12\/006373_hi-res-600x400-1.jpg?resize=525%2C300&ssl=1 1.5x"},"classes":[]},{"id":4610,"url":"https:\/\/www.vitalibera.org\/community\/2025\/12\/14\/was-tun-wenn-kein-rehaplatz-frei-ist\/","url_meta":{"origin":5118,"position":2},"title":"Was tun wenn kein Rehaplatz frei ist?","author":"Andreas Jecklin","date":"14 Dezember, 2025","format":false,"excerpt":"Wie Sie Ihre Reha fortsetzen, wenn kein Rehaplatz frei ist. \u200dKeinen Rehaplatz bewilligt bekommen? Oder kein Rehaplatz frei? Wenn Sie keinen Platz f\u00fcr eine neurologische Rehabilitation in einer Reha-Einrichtung bekommen, machen Sie sich keine Sorgen. Es gibt immer noch viele Dinge, die Sie tun k\u00f6nnen, um Ihren Zustand zu verbessern\u2026","rel":"","context":"In &quot;Hilfe f\u00fcr Angeh\u00f6rige&quot;","block_context":{"text":"Hilfe f\u00fcr Angeh\u00f6rige","link":"https:\/\/www.vitalibera.org\/community\/category\/hilfe-fuer-angehoerige\/"},"img":{"alt_text":"","src":"https:\/\/i0.wp.com\/www.vitalibera.org\/community\/wp-content\/uploads\/2025\/11\/562ba05be5a2763b131500059c53b045.jpg?resize=350%2C200&ssl=1","width":350,"height":200,"srcset":"https:\/\/i0.wp.com\/www.vitalibera.org\/community\/wp-content\/uploads\/2025\/11\/562ba05be5a2763b131500059c53b045.jpg?resize=350%2C200&ssl=1 1x, https:\/\/i0.wp.com\/www.vitalibera.org\/community\/wp-content\/uploads\/2025\/11\/562ba05be5a2763b131500059c53b045.jpg?resize=525%2C300&ssl=1 1.5x, https:\/\/i0.wp.com\/www.vitalibera.org\/community\/wp-content\/uploads\/2025\/11\/562ba05be5a2763b131500059c53b045.jpg?resize=700%2C400&ssl=1 2x, https:\/\/i0.wp.com\/www.vitalibera.org\/community\/wp-content\/uploads\/2025\/11\/562ba05be5a2763b131500059c53b045.jpg?resize=1050%2C600&ssl=1 3x"},"classes":[]},{"id":7585,"url":"https:\/\/www.vitalibera.org\/community\/2026\/05\/28\/nicht-allein-nach-der-neurologischen-akut-rehabilitation-orientierung-fuer-angehoerige\/","url_meta":{"origin":5118,"position":3},"title":"Nicht allein nach der neurologischen Akut-Rehabilitation \u2013 Orientierung f\u00fcr Angeh\u00f6rige","author":"Andreas Jecklin","date":"28 Mai, 2026","format":false,"excerpt":"Die Entlassung aus der neurologischen Rehabilitation ist f\u00fcr viele Betroffene und ihre Angeh\u00f6rigen ein entscheidender Moment: Die intensive Betreuung durch ein interdisziplin\u00e4res Team f\u00e4llt weg \u2013 und gleichzeitig beginnt der Alltag mit all seinen Anforderungen neu. Gerade in dieser \u00dcbergangszeit stellt sich f\u00fcr Angeh\u00f6rige oft die wichtigste Frage: Wer f\u00e4ngt\u2026","rel":"","context":"In &quot;Hilfe f\u00fcr Angeh\u00f6rige&quot;","block_context":{"text":"Hilfe f\u00fcr Angeh\u00f6rige","link":"https:\/\/www.vitalibera.org\/community\/category\/hilfe-fuer-angehoerige\/"},"img":{"alt_text":"","src":"https:\/\/i0.wp.com\/www.vitalibera.org\/community\/wp-content\/uploads\/2026\/05\/306f443707621e7129cc07949a275504.jpg?resize=350%2C200&ssl=1","width":350,"height":200},"classes":[]},{"id":4402,"url":"https:\/\/www.vitalibera.org\/community\/2025\/11\/19\/kognitives-training-mit-lego\/","url_meta":{"origin":5118,"position":4},"title":"Kognitives Training mit Lego","author":"Andreas Jecklin","date":"19 November, 2025","format":false,"excerpt":"Kognitives Training mit Lego kann nach einem Schlaganfall hilfreich sein, da es verschiedene Gehirnfunktionen trainiert, wie z. B. Feinmotorik, r\u00e4umliches Vorstellungsverm\u00f6gen, Probleml\u00f6sung und Konzentration. Die spielerische Natur von Lego-Bauen macht das Training angenehm und motivierend.\u00a0 Wie Lego beim kognitiven Training unterst\u00fctzt: Feinmotorik und Hand-Auge-Koordination:\u00a0Das Zusammenstecken der Steine trainiert die Hand-Augen-Koordination\u2026","rel":"","context":"In &quot;Kognitives Training&quot;","block_context":{"text":"Kognitives Training","link":"https:\/\/www.vitalibera.org\/community\/category\/eigentherapie-und-trainings\/neurologie-kognitives-training\/"},"img":{"alt_text":"","src":"https:\/\/i0.wp.com\/www.vitalibera.org\/community\/wp-content\/uploads\/2025\/11\/Lego_Color_Bricks.jpg?resize=350%2C200&ssl=1","width":350,"height":200,"srcset":"https:\/\/i0.wp.com\/www.vitalibera.org\/community\/wp-content\/uploads\/2025\/11\/Lego_Color_Bricks.jpg?resize=350%2C200&ssl=1 1x, https:\/\/i0.wp.com\/www.vitalibera.org\/community\/wp-content\/uploads\/2025\/11\/Lego_Color_Bricks.jpg?resize=525%2C300&ssl=1 1.5x, https:\/\/i0.wp.com\/www.vitalibera.org\/community\/wp-content\/uploads\/2025\/11\/Lego_Color_Bricks.jpg?resize=700%2C400&ssl=1 2x"},"classes":[]},{"id":5251,"url":"https:\/\/www.vitalibera.org\/community\/2026\/01\/22\/neuro-reha-zuhause\/","url_meta":{"origin":5118,"position":5},"title":"Neuro-Reha zuhause","author":"Andreas Jecklin","date":"22 Januar, 2026","format":false,"excerpt":"Neuro-Reha zuhause\u00a0bedeutet, die Rehabilitation neurologischer Erkrankungen direkt im eigenen Umfeld durchzuf\u00fchren, oft durch mobile Therapeuten oder digitale Tools wie Apps, die \u00dcbungen f\u00fcr Logop\u00e4die, Kognition und Bewegung vermitteln, damit der Alltag zum Trainingsfeld wird, wobei die Kosten\u00fcbernahme durch die Krankenversicherung geregelt ist und spezielle Konzepte individuelle Pl\u00e4ne erstellen, um die\u2026","rel":"","context":"In &quot;Hilfe f\u00fcr Angeh\u00f6rige&quot;","block_context":{"text":"Hilfe f\u00fcr Angeh\u00f6rige","link":"https:\/\/www.vitalibera.org\/community\/category\/hilfe-fuer-angehoerige\/"},"img":{"alt_text":"","src":"https:\/\/i0.wp.com\/www.vitalibera.org\/community\/wp-content\/uploads\/2026\/01\/163091376-isometrischer-arzt-physiotherapeut-der-patientin-mit-beinprothese-hilft-den-ersten-schritt-zu-tun.jpg?resize=350%2C200&ssl=1","width":350,"height":200},"classes":[]}],"jetpack_featured_media_url":"https:\/\/www.vitalibera.org\/community\/wp-content\/uploads\/2026\/01\/headapp.png","_links":{"self":[{"href":"https:\/\/www.vitalibera.org\/community\/wp-json\/wp\/v2\/posts\/5118","targetHints":{"allow":["GET"]}}],"collection":[{"href":"https:\/\/www.vitalibera.org\/community\/wp-json\/wp\/v2\/posts"}],"about":[{"href":"https:\/\/www.vitalibera.org\/community\/wp-json\/wp\/v2\/types\/post"}],"author":[{"embeddable":true,"href":"https:\/\/www.vitalibera.org\/community\/wp-json\/wp\/v2\/users\/2"}],"replies":[{"embeddable":true,"href":"https:\/\/www.vitalibera.org\/community\/wp-json\/wp\/v2\/comments?post=5118"}],"version-history":[{"count":0,"href":"https:\/\/www.vitalibera.org\/community\/wp-json\/wp\/v2\/posts\/5118\/revisions"}],"wp:featuredmedia":[{"embeddable":true,"href":"https:\/\/www.vitalibera.org\/community\/wp-json\/wp\/v2\/media\/5119"}],"wp:attachment":[{"href":"https:\/\/www.vitalibera.org\/community\/wp-json\/wp\/v2\/media?parent=5118"}],"wp:term":[{"taxonomy":"category","embeddable":true,"href":"https:\/\/www.vitalibera.org\/community\/wp-json\/wp\/v2\/categories?post=5118"},{"taxonomy":"post_tag","embeddable":true,"href":"https:\/\/www.vitalibera.org\/community\/wp-json\/wp\/v2\/tags?post=5118"}],"curies":[{"name":"wp","href":"https:\/\/api.w.org\/{rel}","templated":true}]}}