{"id":5141,"date":"2026-01-15T00:16:23","date_gmt":"2026-01-14T23:16:23","guid":{"rendered":"https:\/\/www.vitalibera.org\/community\/?p=5141"},"modified":"2026-01-15T00:18:14","modified_gmt":"2026-01-14T23:18:14","slug":"feldenkrais-methode-schulung-der-koerperwahrnehmung","status":"publish","type":"post","link":"https:\/\/www.vitalibera.org\/community\/2026\/01\/15\/feldenkrais-methode-schulung-der-koerperwahrnehmung\/","title":{"rendered":"Feldenkrais-Methode &#8211; Schulung der K\u00f6rperwahrnehmung"},"content":{"rendered":"\n<p>Die Feldenkrais-Methode ist ein&nbsp;k&ouml;rperorientiertes Lernverfahren, das durch die Schulung der K&ouml;rperwahrnehmung und durch sanfte, bewusste Bewegungssequenzen (<a href=\"https:\/\/www.google.com\/search?q=%22Bewusstheit+durch+Bewegung%22&amp;rlz=1C1ONGR_enCH1115CH1115&amp;oq=Feldenkrais&amp;gs_lcrp=EgZjaHJvbWUyDwgAEEUYORixAxjJAxiABDIKCAEQABiSAxiABDIGCAIQRRg7MgkIAxBFGDsYgAQyBwgEEAAYgAQyDQgFEC4YrwEYxwEYgAQyBwgGEAAYgAQyBwgHEAAYgAQyBwgIEAAYgAQyBwgJEAAYjwLSAQkyOTA4ajBqMTWoAgiwAgHxBaY8xo1M6utZ&amp;sourceid=chrome&amp;ie=UTF-8&amp;ved=2ahUKEwjlht27k4ySAxWUKBAIHRPyIkoQgK4QegQIARAC\" target=\"_blank\" rel=\"noreferrer noopener\">&ldquo;Bewusstheit durch Bewegung&rdquo;<\/a>) oder manuelle Ber&uuml;hrungen (&ldquo;Funktionale Integration&rdquo;) hilft, ungenutzte Bewegungsm&ouml;glichkeiten zu entdecken, Bewegungsmuster zu verbessern, Schmerzen zu reduzieren und das Zusammenspiel von K&ouml;rper und Geist zu harmonisieren, basierend auf der F&auml;higkeit des Nervensystems, sich neu zu organisieren (<a href=\"https:\/\/www.vitalibera.org\/community\/enzyklopaedie\/neuroplastizitaet\/\" target=\"_self\" title=\"Neuroplastizit&auml;t&nbsp;beschreibt die F&auml;higkeit des Gehirns, sich durch die gesamte Lebensspanne hinweg zu ver&auml;ndern, anzupassen und neue Verbindungen zwischen Nervenzellen zu bilden.&nbsp;Diese st&auml;ndige Umstrukturierung erm&ouml;glicht Lernen und Wachstum, spielt eine entscheidende Rolle bei der Genesung nach Hirnsch&auml;den wie Schlaganf&auml;llen und ist die Grundlage f&uuml;r die Entwicklung von F&auml;higkeiten und die Anpassung an die Umwelt.&nbsp;Regelm&auml;&szlig;iges &Uuml;ben und&hellip;\" class=\"encyclopedia\">Neuroplastizit&auml;t<\/a>). <br><br>Sie findet Anwendung in Rehabilitation, Gesundheitsvorsorge, Sport sowie Kunst und hilft Menschen jeden Alters, sich leichter und effizienter zu bewegen.&nbsp;<\/p>\n\n\n\n<p>Was ist die Feldenkrais-Methode?<\/p>\n\n\n\n<ul class=\"wp-block-list\">\n<li><strong>Lernen durch Bewegung<\/strong>: Es geht darum, zu lernen, wie man sich bewegt, nicht darum, eine bestimmte Bewegung auszuf&uuml;hren, um ein Ziel zu erreichen.<\/li>\n\n\n\n<li><strong><a href=\"https:\/\/www.vitalibera.org\/community\/enzyklopaedie\/neuroplastizitaet\/\" target=\"_self\" title=\"Neuroplastizit&auml;t&nbsp;beschreibt die F&auml;higkeit des Gehirns, sich durch die gesamte Lebensspanne hinweg zu ver&auml;ndern, anzupassen und neue Verbindungen zwischen Nervenzellen zu bilden.&nbsp;Diese st&auml;ndige Umstrukturierung erm&ouml;glicht Lernen und Wachstum, spielt eine entscheidende Rolle bei der Genesung nach Hirnsch&auml;den wie Schlaganf&auml;llen und ist die Grundlage f&uuml;r die Entwicklung von F&auml;higkeiten und die Anpassung an die Umwelt.&nbsp;Regelm&auml;&szlig;iges &Uuml;ben und&hellip;\" class=\"encyclopedia\">Neuroplastizit&auml;t<\/a><\/strong>: Die Methode nutzt die F&auml;higkeit des Gehirns, neue neuronale Wege zu bilden, um bewegungsm&auml;&szlig;ige und verhaltensbezogene Probleme zu l&ouml;sen.<\/li>\n\n\n\n<li><strong>Ganzheitlicher Ansatz<\/strong>: K&ouml;rper und Geist werden als untrennbare Einheit betrachtet, wobei k&ouml;rperliche Ver&auml;nderungen auch Denkmuster und Gef&uuml;hle beeinflussen k&ouml;nnen.&nbsp;<\/li>\n<\/ul>\n\n\n\n<p>Wie funktioniert es?<\/p>\n\n\n\n<ul class=\"wp-block-list\">\n<li><strong>Bewusstheit durch Bewegung (ATM)&nbsp;(Awareness Through Movement):<\/strong>&nbsp;Gruppenkurse, in denen der Lehrer durch verbale Anweisungen die Teilnehmer zu sanften, ungew&ouml;hnlichen Bewegungen anleitet, um die Selbstwahrnehmung zu sch&auml;rfen.<\/li>\n\n\n\n<li><strong>Funktionale Integration (FI):<\/strong>&nbsp;Einzelbehandlungen, bei denen der Lehrer durch sanfte Ber&uuml;hrung und gezielte Bewegungsimpulse dem Nervensystem hilft, neue Bewegungsmuster zu finden.&nbsp;<\/li>\n<\/ul>\n\n\n\n<p>F&uuml;r wen ist es geeignet?<\/p>\n\n\n\n<ul class=\"wp-block-list\">\n<li>Menschen mit Schmerzen im Bewegungsapparat (Nacken, R&uuml;cken).<\/li>\n\n\n\n<li>Nach Verletzungen, Unf&auml;llen oder bei neurologischen Erkrankungen (z.B. <a href=\"https:\/\/www.vitalibera.org\/community\/enzyklopaedie\/schlaganfall\/\" target=\"_self\" title=\"Ein Schlaganfall, auch Hirnschlag oder Apoplex genannt, ist eine&nbsp;pl&ouml;tzlich auftretende Durchblutungsst&ouml;rung im Gehirn, die dazu f&uuml;hrt, dass Gehirnzellen nicht mehr ausreichend mit Sauerstoff und N&auml;hrstoffen versorgt werden.&nbsp;Dies kann zu bleibenden Sch&auml;den oder sogar zum Absterben von Hirnzellen f&uuml;hren, wenn die Durchblutung nicht schnell wiederhergestellt wird.&nbsp; Einfach erkl&auml;rt: Stellen Sie sich vor, ein Teil Ihres Gehirns&hellip;\" class=\"encyclopedia\">Schlaganfall<\/a>, <a href=\"https:\/\/www.vitalibera.org\/community\/enzyklopaedie\/multiple-sklerose-ms-2\/\" target=\"_self\" title=\"Multiple Sklerose (MS)&nbsp;ist eine Autoimmunerkrankung, bei der das Immunsystem die Schutzh&uuml;llen der Nerven im zentralen Nervensystem (Gehirn und R&uuml;ckenmark) angreift.&nbsp;Dadurch werden die Nervenfasern gesch&auml;digt, was zu einer gest&ouml;rten Informations&uuml;bertragung f&uuml;hrt und sehr unterschiedliche Symptome verursachen kann.&nbsp;H&auml;ufige erste Anzeichen sind Sehst&ouml;rungen, Gef&uuml;hlsst&ouml;rungen und Muskelschw&auml;che.&nbsp; Was passiert bei MS? Das Immunsystem greift an:&nbsp; Bei MS greift das&hellip;\" class=\"encyclopedia\">Multiple Sklerose<\/a>).<\/li>\n\n\n\n<li>Zur Verbesserung von Sport- und Musikerleistungen, Tanz und allgemeiner K&ouml;rperwahrnehmung.<\/li>\n\n\n\n<li>Zur Gesundheitsvorsorge und Vermeidung von Verletzungen.&nbsp;<\/li>\n<\/ul>\n\n\n\n<p>Ziele der Methode<\/p>\n\n\n\n<ul class=\"wp-block-list\">\n<li>Verbesserung von Koordination, Gleichgewicht und Flexibilit&auml;t.<\/li>\n\n\n\n<li>Linderung von Schmerzen und Stress.<\/li>\n\n\n\n<li>Entdeckung effizienterer, leichterer und angenehmerer Bewegungsabl&auml;ufe.&nbsp;<\/li>\n<\/ul>\n","protected":false},"excerpt":{"rendered":"<p>Die Feldenkrais-Methode ist ein\u00a0k\u00f6rperorientiertes Lernverfahren, das durch die Schulung der K\u00f6rperwahrnehmung und durch sanfte, bewusste Bewegungssequenzen (&#8220;Bewusstheit durch Bewegung&#8221;) oder manuelle Ber\u00fchrungen (&#8220;Funktionale Integration&#8221;) hilft, ungenutzte Bewegungsm\u00f6glichkeiten zu entdecken, Bewegungsmuster zu verbessern, Schmerzen zu reduzieren und das Zusammenspiel von K\u00f6rper und Geist zu harmonisieren, basierend auf der F\u00e4higkeit des Nervensystems, sich neu zu organisieren (Neuroplastizit\u00e4t). &#8230; <a title=\"Feldenkrais-Methode &#8211; Schulung der K\u00f6rperwahrnehmung\" class=\"read-more\" href=\"https:\/\/www.vitalibera.org\/community\/2026\/01\/15\/feldenkrais-methode-schulung-der-koerperwahrnehmung\/\" aria-label=\"Mehr Informationen \u00fcber Feldenkrais-Methode &#8211; Schulung der K\u00f6rperwahrnehmung\">Weiterlesen<\/a><\/p>\n","protected":false},"author":2,"featured_media":5142,"comment_status":"open","ping_status":"open","sticky":false,"template":"","format":"standard","meta":{"cybocfi_hide_featured_image":"yes","_jetpack_memberships_contains_paid_content":false,"footnotes":""},"categories":[71,160],"tags":[],"class_list":["post-5141","post","type-post","status-publish","format-standard","has-post-thumbnail","hentry","category-sonstige-therapien","category-therapien"],"yoast_head":"<!-- This site is optimized with the Yoast SEO plugin v27.4 - https:\/\/yoast.com\/product\/yoast-seo-wordpress\/ -->\r\n<title>Feldenkrais-Methode - Schulung der K\u00f6rperwahrnehmung - vitalibera.org<\/title>\r\n<meta name=\"robots\" content=\"index, follow, max-snippet:-1, max-image-preview:large, max-video-preview:-1\" \/>\r\n<link rel=\"canonical\" href=\"http:\/\/www.vitalibera.org\/community\/2026\/01\/15\/feldenkrais-methode-schulung-der-koerperwahrnehmung\/\" \/>\r\n<meta property=\"og:locale\" content=\"de_DE\" \/>\r\n<meta property=\"og:type\" content=\"article\" \/>\r\n<meta property=\"og:title\" content=\"Feldenkrais-Methode - Schulung der K\u00f6rperwahrnehmung - vitalibera.org\" \/>\r\n<meta property=\"og:description\" content=\"Die Feldenkrais-Methode ist ein\u00a0k\u00f6rperorientiertes Lernverfahren, das durch die Schulung der K\u00f6rperwahrnehmung und durch sanfte, bewusste Bewegungssequenzen (&#8220;Bewusstheit durch Bewegung&#8221;) oder manuelle Ber\u00fchrungen (&#8220;Funktionale Integration&#8221;) hilft, ungenutzte Bewegungsm\u00f6glichkeiten zu entdecken, Bewegungsmuster zu verbessern, Schmerzen zu reduzieren und das Zusammenspiel von K\u00f6rper und Geist zu harmonisieren, basierend auf der F\u00e4higkeit des Nervensystems, sich neu zu organisieren (Neuroplastizit\u00e4t). ... Weiterlesen\" \/>\r\n<meta property=\"og:url\" content=\"http:\/\/www.vitalibera.org\/community\/2026\/01\/15\/feldenkrais-methode-schulung-der-koerperwahrnehmung\/\" \/>\r\n<meta property=\"og:site_name\" content=\"vitalibera.org\" \/>\r\n<meta property=\"article:publisher\" content=\"https:\/\/www.facebook.com\/groups\/2997085857140235\" \/>\r\n<meta property=\"article:published_time\" content=\"2026-01-14T23:16:23+00:00\" \/>\r\n<meta property=\"article:modified_time\" content=\"2026-01-14T23:18:14+00:00\" \/>\r\n<meta property=\"og:image\" content=\"http:\/\/www.vitalibera.org\/community\/wp-content\/uploads\/2026\/01\/csm_Feldenkrais_Foto_1_d28ebc6c67.jpg\" \/>\r\n\t<meta property=\"og:image:width\" content=\"600\" \/>\r\n\t<meta property=\"og:image:height\" content=\"399\" \/>\r\n\t<meta property=\"og:image:type\" content=\"image\/jpeg\" \/>\r\n<meta name=\"author\" content=\"Andreas Jecklin\" \/>\r\n<meta name=\"twitter:card\" content=\"summary_large_image\" \/>\r\n<meta name=\"twitter:label1\" content=\"Verfasst von\" \/>\n\t<meta name=\"twitter:data1\" content=\"Andreas Jecklin\" \/>\n\t<meta name=\"twitter:label2\" content=\"Gesch\u00e4tzte Lesezeit\" \/>\n\t<meta name=\"twitter:data2\" content=\"2\u00a0Minuten\" \/>\r\n<script type=\"application\/ld+json\" class=\"yoast-schema-graph\">{\"@context\":\"https:\\\/\\\/schema.org\",\"@graph\":[{\"@type\":\"Article\",\"@id\":\"http:\\\/\\\/www.vitalibera.org\\\/community\\\/2026\\\/01\\\/15\\\/feldenkrais-methode-schulung-der-koerperwahrnehmung\\\/#article\",\"isPartOf\":{\"@id\":\"http:\\\/\\\/www.vitalibera.org\\\/community\\\/2026\\\/01\\\/15\\\/feldenkrais-methode-schulung-der-koerperwahrnehmung\\\/\"},\"author\":{\"name\":\"Andreas Jecklin\",\"@id\":\"https:\\\/\\\/www.vitalibera.org\\\/community\\\/#\\\/schema\\\/person\\\/6712387298421f222ff6d0a2e22c1534\"},\"headline\":\"Feldenkrais-Methode &#8211; Schulung der K\u00f6rperwahrnehmung\",\"datePublished\":\"2026-01-14T23:16:23+00:00\",\"dateModified\":\"2026-01-14T23:18:14+00:00\",\"mainEntityOfPage\":{\"@id\":\"http:\\\/\\\/www.vitalibera.org\\\/community\\\/2026\\\/01\\\/15\\\/feldenkrais-methode-schulung-der-koerperwahrnehmung\\\/\"},\"wordCount\":285,\"commentCount\":0,\"publisher\":{\"@id\":\"https:\\\/\\\/www.vitalibera.org\\\/community\\\/#organization\"},\"image\":{\"@id\":\"http:\\\/\\\/www.vitalibera.org\\\/community\\\/2026\\\/01\\\/15\\\/feldenkrais-methode-schulung-der-koerperwahrnehmung\\\/#primaryimage\"},\"thumbnailUrl\":\"https:\\\/\\\/www.vitalibera.org\\\/community\\\/wp-content\\\/uploads\\\/2026\\\/01\\\/csm_Feldenkrais_Foto_1_d28ebc6c67.jpg\",\"articleSection\":[\"sonstige Therapien\",\"Therapien\"],\"inLanguage\":\"de\",\"potentialAction\":[{\"@type\":\"CommentAction\",\"name\":\"Comment\",\"target\":[\"http:\\\/\\\/www.vitalibera.org\\\/community\\\/2026\\\/01\\\/15\\\/feldenkrais-methode-schulung-der-koerperwahrnehmung\\\/#respond\"]}]},{\"@type\":\"WebPage\",\"@id\":\"http:\\\/\\\/www.vitalibera.org\\\/community\\\/2026\\\/01\\\/15\\\/feldenkrais-methode-schulung-der-koerperwahrnehmung\\\/\",\"url\":\"http:\\\/\\\/www.vitalibera.org\\\/community\\\/2026\\\/01\\\/15\\\/feldenkrais-methode-schulung-der-koerperwahrnehmung\\\/\",\"name\":\"Feldenkrais-Methode - Schulung der K\u00f6rperwahrnehmung - vitalibera.org\",\"isPartOf\":{\"@id\":\"https:\\\/\\\/www.vitalibera.org\\\/community\\\/#website\"},\"primaryImageOfPage\":{\"@id\":\"http:\\\/\\\/www.vitalibera.org\\\/community\\\/2026\\\/01\\\/15\\\/feldenkrais-methode-schulung-der-koerperwahrnehmung\\\/#primaryimage\"},\"image\":{\"@id\":\"http:\\\/\\\/www.vitalibera.org\\\/community\\\/2026\\\/01\\\/15\\\/feldenkrais-methode-schulung-der-koerperwahrnehmung\\\/#primaryimage\"},\"thumbnailUrl\":\"https:\\\/\\\/www.vitalibera.org\\\/community\\\/wp-content\\\/uploads\\\/2026\\\/01\\\/csm_Feldenkrais_Foto_1_d28ebc6c67.jpg\",\"datePublished\":\"2026-01-14T23:16:23+00:00\",\"dateModified\":\"2026-01-14T23:18:14+00:00\",\"breadcrumb\":{\"@id\":\"http:\\\/\\\/www.vitalibera.org\\\/community\\\/2026\\\/01\\\/15\\\/feldenkrais-methode-schulung-der-koerperwahrnehmung\\\/#breadcrumb\"},\"inLanguage\":\"de\",\"potentialAction\":[{\"@type\":\"ReadAction\",\"target\":[\"http:\\\/\\\/www.vitalibera.org\\\/community\\\/2026\\\/01\\\/15\\\/feldenkrais-methode-schulung-der-koerperwahrnehmung\\\/\"]}]},{\"@type\":\"BreadcrumbList\",\"@id\":\"http:\\\/\\\/www.vitalibera.org\\\/community\\\/2026\\\/01\\\/15\\\/feldenkrais-methode-schulung-der-koerperwahrnehmung\\\/#breadcrumb\",\"itemListElement\":[{\"@type\":\"ListItem\",\"position\":1,\"name\":\"Startseite\",\"item\":\"https:\\\/\\\/www.vitalibera.org\\\/community\\\/\"},{\"@type\":\"ListItem\",\"position\":2,\"name\":\"Feldenkrais-Methode &#8211; Schulung der K\u00f6rperwahrnehmung\"}]},{\"@type\":\"WebSite\",\"@id\":\"https:\\\/\\\/www.vitalibera.org\\\/community\\\/#website\",\"url\":\"https:\\\/\\\/www.vitalibera.org\\\/community\\\/\",\"name\":\"vitalibera.org\",\"description\":\"Mit einer Einschr&auml;nkung gestaltet sich das Leben im Alltag oft schwieriger - hier berichten wir &uuml;ber unsere Erfahrungen und Hilfsmittel um den Alltag so unbeschwert und unkompliziert wie nur m&ouml;glich geniessen zu k&ouml;nnen. Dabei richten wir unseren Fokus gezielt auf Selbst&auml;ndigkeit, Eigenst&auml;ndigkeit und Selbstbestimmung.\",\"publisher\":{\"@id\":\"https:\\\/\\\/www.vitalibera.org\\\/community\\\/#organization\"},\"potentialAction\":[{\"@type\":\"SearchAction\",\"target\":{\"@type\":\"EntryPoint\",\"urlTemplate\":\"https:\\\/\\\/www.vitalibera.org\\\/community\\\/?s={search_term_string}\"},\"query-input\":{\"@type\":\"PropertyValueSpecification\",\"valueRequired\":true,\"valueName\":\"search_term_string\"}}],\"inLanguage\":\"de\"},{\"@type\":\"Organization\",\"@id\":\"https:\\\/\\\/www.vitalibera.org\\\/community\\\/#organization\",\"name\":\"vitalibera.org\",\"url\":\"https:\\\/\\\/www.vitalibera.org\\\/community\\\/\",\"logo\":{\"@type\":\"ImageObject\",\"inLanguage\":\"de\",\"@id\":\"https:\\\/\\\/www.vitalibera.org\\\/community\\\/#\\\/schema\\\/logo\\\/image\\\/\",\"url\":\"https:\\\/\\\/www.vitalibera.org\\\/community\\\/wp-content\\\/uploads\\\/2025\\\/09\\\/cropped-banner.png\",\"contentUrl\":\"https:\\\/\\\/www.vitalibera.org\\\/community\\\/wp-content\\\/uploads\\\/2025\\\/09\\\/cropped-banner.png\",\"width\":991,\"height\":150,\"caption\":\"vitalibera.org\"},\"image\":{\"@id\":\"https:\\\/\\\/www.vitalibera.org\\\/community\\\/#\\\/schema\\\/logo\\\/image\\\/\"},\"sameAs\":[\"https:\\\/\\\/www.facebook.com\\\/groups\\\/2997085857140235\"]},{\"@type\":\"Person\",\"@id\":\"https:\\\/\\\/www.vitalibera.org\\\/community\\\/#\\\/schema\\\/person\\\/6712387298421f222ff6d0a2e22c1534\",\"name\":\"Andreas Jecklin\",\"image\":{\"@type\":\"ImageObject\",\"inLanguage\":\"de\",\"@id\":\"https:\\\/\\\/secure.gravatar.com\\\/avatar\\\/ad516503a11cd5ca435acc9bb6523536?s=96\",\"url\":\"https:\\\/\\\/secure.gravatar.com\\\/avatar\\\/ad516503a11cd5ca435acc9bb6523536?s=96\",\"contentUrl\":\"https:\\\/\\\/secure.gravatar.com\\\/avatar\\\/ad516503a11cd5ca435acc9bb6523536?s=96\",\"caption\":\"Andreas Jecklin\"},\"description\":\"Manchen gab Gott die Kraft Dinge zu ver\u00e4ndern, mir gab er die Kraft zu ertragen was nicht mehr zu \u00e4ndern ist.\",\"url\":\"https:\\\/\\\/www.vitalibera.org\\\/community\\\/author\\\/andy77\\\/\"}]}<\/script>\r\n<!-- \/ Yoast SEO plugin. -->","yoast_head_json":{"title":"Feldenkrais-Methode - Schulung der K\u00f6rperwahrnehmung - vitalibera.org","robots":{"index":"index","follow":"follow","max-snippet":"max-snippet:-1","max-image-preview":"max-image-preview:large","max-video-preview":"max-video-preview:-1"},"canonical":"http:\/\/www.vitalibera.org\/community\/2026\/01\/15\/feldenkrais-methode-schulung-der-koerperwahrnehmung\/","og_locale":"de_DE","og_type":"article","og_title":"Feldenkrais-Methode - Schulung der K\u00f6rperwahrnehmung - vitalibera.org","og_description":"Die Feldenkrais-Methode ist ein\u00a0k\u00f6rperorientiertes Lernverfahren, das durch die Schulung der K\u00f6rperwahrnehmung und durch sanfte, bewusste Bewegungssequenzen (&#8220;Bewusstheit durch Bewegung&#8221;) oder manuelle Ber\u00fchrungen (&#8220;Funktionale Integration&#8221;) hilft, ungenutzte Bewegungsm\u00f6glichkeiten zu entdecken, Bewegungsmuster zu verbessern, Schmerzen zu reduzieren und das Zusammenspiel von K\u00f6rper und Geist zu harmonisieren, basierend auf der F\u00e4higkeit des Nervensystems, sich neu zu organisieren (Neuroplastizit\u00e4t). ... Weiterlesen","og_url":"http:\/\/www.vitalibera.org\/community\/2026\/01\/15\/feldenkrais-methode-schulung-der-koerperwahrnehmung\/","og_site_name":"vitalibera.org","article_publisher":"https:\/\/www.facebook.com\/groups\/2997085857140235","article_published_time":"2026-01-14T23:16:23+00:00","article_modified_time":"2026-01-14T23:18:14+00:00","og_image":[{"width":600,"height":399,"url":"http:\/\/www.vitalibera.org\/community\/wp-content\/uploads\/2026\/01\/csm_Feldenkrais_Foto_1_d28ebc6c67.jpg","type":"image\/jpeg"}],"author":"Andreas Jecklin","twitter_card":"summary_large_image","twitter_misc":{"Verfasst von":"Andreas Jecklin","Gesch\u00e4tzte Lesezeit":"2\u00a0Minuten"},"schema":{"@context":"https:\/\/schema.org","@graph":[{"@type":"Article","@id":"http:\/\/www.vitalibera.org\/community\/2026\/01\/15\/feldenkrais-methode-schulung-der-koerperwahrnehmung\/#article","isPartOf":{"@id":"http:\/\/www.vitalibera.org\/community\/2026\/01\/15\/feldenkrais-methode-schulung-der-koerperwahrnehmung\/"},"author":{"name":"Andreas Jecklin","@id":"https:\/\/www.vitalibera.org\/community\/#\/schema\/person\/6712387298421f222ff6d0a2e22c1534"},"headline":"Feldenkrais-Methode &#8211; Schulung der K\u00f6rperwahrnehmung","datePublished":"2026-01-14T23:16:23+00:00","dateModified":"2026-01-14T23:18:14+00:00","mainEntityOfPage":{"@id":"http:\/\/www.vitalibera.org\/community\/2026\/01\/15\/feldenkrais-methode-schulung-der-koerperwahrnehmung\/"},"wordCount":285,"commentCount":0,"publisher":{"@id":"https:\/\/www.vitalibera.org\/community\/#organization"},"image":{"@id":"http:\/\/www.vitalibera.org\/community\/2026\/01\/15\/feldenkrais-methode-schulung-der-koerperwahrnehmung\/#primaryimage"},"thumbnailUrl":"https:\/\/www.vitalibera.org\/community\/wp-content\/uploads\/2026\/01\/csm_Feldenkrais_Foto_1_d28ebc6c67.jpg","articleSection":["sonstige Therapien","Therapien"],"inLanguage":"de","potentialAction":[{"@type":"CommentAction","name":"Comment","target":["http:\/\/www.vitalibera.org\/community\/2026\/01\/15\/feldenkrais-methode-schulung-der-koerperwahrnehmung\/#respond"]}]},{"@type":"WebPage","@id":"http:\/\/www.vitalibera.org\/community\/2026\/01\/15\/feldenkrais-methode-schulung-der-koerperwahrnehmung\/","url":"http:\/\/www.vitalibera.org\/community\/2026\/01\/15\/feldenkrais-methode-schulung-der-koerperwahrnehmung\/","name":"Feldenkrais-Methode - Schulung der K\u00f6rperwahrnehmung - vitalibera.org","isPartOf":{"@id":"https:\/\/www.vitalibera.org\/community\/#website"},"primaryImageOfPage":{"@id":"http:\/\/www.vitalibera.org\/community\/2026\/01\/15\/feldenkrais-methode-schulung-der-koerperwahrnehmung\/#primaryimage"},"image":{"@id":"http:\/\/www.vitalibera.org\/community\/2026\/01\/15\/feldenkrais-methode-schulung-der-koerperwahrnehmung\/#primaryimage"},"thumbnailUrl":"https:\/\/www.vitalibera.org\/community\/wp-content\/uploads\/2026\/01\/csm_Feldenkrais_Foto_1_d28ebc6c67.jpg","datePublished":"2026-01-14T23:16:23+00:00","dateModified":"2026-01-14T23:18:14+00:00","breadcrumb":{"@id":"http:\/\/www.vitalibera.org\/community\/2026\/01\/15\/feldenkrais-methode-schulung-der-koerperwahrnehmung\/#breadcrumb"},"inLanguage":"de","potentialAction":[{"@type":"ReadAction","target":["http:\/\/www.vitalibera.org\/community\/2026\/01\/15\/feldenkrais-methode-schulung-der-koerperwahrnehmung\/"]}]},{"@type":"BreadcrumbList","@id":"http:\/\/www.vitalibera.org\/community\/2026\/01\/15\/feldenkrais-methode-schulung-der-koerperwahrnehmung\/#breadcrumb","itemListElement":[{"@type":"ListItem","position":1,"name":"Startseite","item":"https:\/\/www.vitalibera.org\/community\/"},{"@type":"ListItem","position":2,"name":"Feldenkrais-Methode &#8211; Schulung der K\u00f6rperwahrnehmung"}]},{"@type":"WebSite","@id":"https:\/\/www.vitalibera.org\/community\/#website","url":"https:\/\/www.vitalibera.org\/community\/","name":"vitalibera.org","description":"Mit einer Einschr&auml;nkung gestaltet sich das Leben im Alltag oft schwieriger - hier berichten wir &uuml;ber unsere Erfahrungen und Hilfsmittel um den Alltag so unbeschwert und unkompliziert wie nur m&ouml;glich geniessen zu k&ouml;nnen. Dabei richten wir unseren Fokus gezielt auf Selbst&auml;ndigkeit, Eigenst&auml;ndigkeit und Selbstbestimmung.","publisher":{"@id":"https:\/\/www.vitalibera.org\/community\/#organization"},"potentialAction":[{"@type":"SearchAction","target":{"@type":"EntryPoint","urlTemplate":"https:\/\/www.vitalibera.org\/community\/?s={search_term_string}"},"query-input":{"@type":"PropertyValueSpecification","valueRequired":true,"valueName":"search_term_string"}}],"inLanguage":"de"},{"@type":"Organization","@id":"https:\/\/www.vitalibera.org\/community\/#organization","name":"vitalibera.org","url":"https:\/\/www.vitalibera.org\/community\/","logo":{"@type":"ImageObject","inLanguage":"de","@id":"https:\/\/www.vitalibera.org\/community\/#\/schema\/logo\/image\/","url":"https:\/\/www.vitalibera.org\/community\/wp-content\/uploads\/2025\/09\/cropped-banner.png","contentUrl":"https:\/\/www.vitalibera.org\/community\/wp-content\/uploads\/2025\/09\/cropped-banner.png","width":991,"height":150,"caption":"vitalibera.org"},"image":{"@id":"https:\/\/www.vitalibera.org\/community\/#\/schema\/logo\/image\/"},"sameAs":["https:\/\/www.facebook.com\/groups\/2997085857140235"]},{"@type":"Person","@id":"https:\/\/www.vitalibera.org\/community\/#\/schema\/person\/6712387298421f222ff6d0a2e22c1534","name":"Andreas Jecklin","image":{"@type":"ImageObject","inLanguage":"de","@id":"https:\/\/secure.gravatar.com\/avatar\/ad516503a11cd5ca435acc9bb6523536?s=96","url":"https:\/\/secure.gravatar.com\/avatar\/ad516503a11cd5ca435acc9bb6523536?s=96","contentUrl":"https:\/\/secure.gravatar.com\/avatar\/ad516503a11cd5ca435acc9bb6523536?s=96","caption":"Andreas Jecklin"},"description":"Manchen gab Gott die Kraft Dinge zu ver\u00e4ndern, mir gab er die Kraft zu ertragen was nicht mehr zu \u00e4ndern ist.","url":"https:\/\/www.vitalibera.org\/community\/author\/andy77\/"}]}},"jetpack_featured_media_url":"https:\/\/www.vitalibera.org\/community\/wp-content\/uploads\/2026\/01\/csm_Feldenkrais_Foto_1_d28ebc6c67.jpg","jetpack_sharing_enabled":true,"jetpack-related-posts":[],"_links":{"self":[{"href":"https:\/\/www.vitalibera.org\/community\/wp-json\/wp\/v2\/posts\/5141","targetHints":{"allow":["GET"]}}],"collection":[{"href":"https:\/\/www.vitalibera.org\/community\/wp-json\/wp\/v2\/posts"}],"about":[{"href":"https:\/\/www.vitalibera.org\/community\/wp-json\/wp\/v2\/types\/post"}],"author":[{"embeddable":true,"href":"https:\/\/www.vitalibera.org\/community\/wp-json\/wp\/v2\/users\/2"}],"replies":[{"embeddable":true,"href":"https:\/\/www.vitalibera.org\/community\/wp-json\/wp\/v2\/comments?post=5141"}],"version-history":[{"count":1,"href":"https:\/\/www.vitalibera.org\/community\/wp-json\/wp\/v2\/posts\/5141\/revisions"}],"predecessor-version":[{"id":5143,"href":"https:\/\/www.vitalibera.org\/community\/wp-json\/wp\/v2\/posts\/5141\/revisions\/5143"}],"wp:featuredmedia":[{"embeddable":true,"href":"https:\/\/www.vitalibera.org\/community\/wp-json\/wp\/v2\/media\/5142"}],"wp:attachment":[{"href":"https:\/\/www.vitalibera.org\/community\/wp-json\/wp\/v2\/media?parent=5141"}],"wp:term":[{"taxonomy":"category","embeddable":true,"href":"https:\/\/www.vitalibera.org\/community\/wp-json\/wp\/v2\/categories?post=5141"},{"taxonomy":"post_tag","embeddable":true,"href":"https:\/\/www.vitalibera.org\/community\/wp-json\/wp\/v2\/tags?post=5141"}],"curies":[{"name":"wp","href":"https:\/\/api.w.org\/{rel}","templated":true}]}}