{"id":5192,"date":"2026-01-18T15:53:34","date_gmt":"2026-01-18T14:53:34","guid":{"rendered":"https:\/\/www.vitalibera.org\/community\/?p=5192"},"modified":"2026-01-18T15:54:30","modified_gmt":"2026-01-18T14:54:30","slug":"gewichtsverlagerung-zur-bewegung-des-betroffenen-arms","status":"publish","type":"post","link":"https:\/\/www.vitalibera.org\/community\/2026\/01\/18\/gewichtsverlagerung-zur-bewegung-des-betroffenen-arms\/","title":{"rendered":"Gewichtsverlagerung zur Bewegung des betroffenen Arms"},"content":{"rendered":"\n<pre id=\"tw-target-text\" class=\"wp-block-preformatted has-base-3-background-color has-background\">Die Gewichtsverlagerung, auch \"Gewichtsbelastung\" genannt, ist eine wichtige Technik in der Schlaganfall-Reha, um die K\u00f6rperwahrnehmung (Propriozeption) zu verbessern und Bewegungen im betroffenen Arm zu aktivieren, indem man sich sanft auf ihn st\u00fctzt oder ihn leicht belastet, um das Gehirn an die Armposition zu erinnern. <br><br>\u00dcbungen umfassen das bewusste Verlagern des Oberk\u00f6rpers und Lehnen auf den Arm, um die Muskulatur zu reaktivieren und die Bewegungsf\u00e4higkeit zu f\u00f6rdern. Dabei muss man auf die Schwere der L\u00e4hmung achten, da bei Spastik eine \u00dcberdehnung oder falsche Belastung vermieden werden muss. <br><br><strong>\u00dcbungen zur Gewichtsverlagerung:<\/strong><br>Lehnen aus dem Sitzen: Sitzen Sie auf einem Stuhl. Platzieren Sie den betroffenen Arm etwas vom K\u00f6rper entfernt. Verlagern Sie Ihr Gewicht sanft zur Seite des betroffenen Arms, bis Sie eine leichte Dehnung sp\u00fcren. Halten Sie kurz und kehren Sie zur Mitte zur\u00fcck (6-mal wiederholen, abwechselnd).<br><br><strong>Propriozeptive Reize<\/strong>: Das bewusste Belasten des Arms (z.B. durch Abst\u00fctzen) gibt dem Gehirn wichtige Informationen \u00fcber die Position und Bewegung des Arms.<br><br><strong>Unterst\u00fctzung bei Schlaffheit<\/strong>: Bei einer schlaffen L\u00e4hmung kann eine Schlinge oder Kissen unter dem Arm helfen, eine \u00dcberdehnung der Schulter zu verhindern, bis Gewichtsbelastung sicher m\u00f6glich ist. <br>Wichtige Hinweise:<br><br><strong>Rehabilitation<\/strong>: Physiotherapie, Ergotherapie und oft auch robotergest\u00fctzte Therapien (z.B. mit Gewichtsentlastungssystemen wie dem ArmeoSpring) unterst\u00fctzen diesen Prozess.<br><br><strong>Spastik<\/strong>: Wenn Spastik (erh\u00f6hte Muskelspannung) vorliegt, kann zu schnelle oder starke Dehnung die Symptome verst\u00e4rken. Bei Schmerzen oder starker Verkrampfung sollten Sie die \u00dcbung sofort abbrechen und mit dem Therapeuten sprechen.<br><br><strong>Ziel<\/strong>: Ziel ist es, die Funktion zu verbessern, die Koordination und die K\u00f6rperwahrnehmung wiederherzustellen. <br><br><strong>Wichtig<\/strong>: Jede \u00dcbung sollte unter fachkundiger Anleitung eines Physiotherapeuten oder Arztes erlernt und an die individuellen Bed\u00fcrfnisse angepasst werden, um die Genesung optimal zu unterst\u00fctzen. <\/pre>\n\n\n\n<figure class=\"wp-block-embed is-type-video is-provider-youtube wp-block-embed-youtube wp-embed-aspect-9-16 wp-has-aspect-ratio\"><div class=\"wp-block-embed__wrapper\">\n<iframe title=\"Weight-bearing Exercises To Move Stroke Arm #strokerecovery #strokeawareness #stroke\" width=\"563\" height=\"1000\" src=\"https:\/\/www.youtube.com\/embed\/R1KbolfArHY?feature=oembed\" frameborder=\"0\" allow=\"accelerometer; autoplay; clipboard-write; encrypted-media; gyroscope; picture-in-picture; web-share\" referrerpolicy=\"strict-origin-when-cross-origin\" allowfullscreen><\/iframe>\n<\/div><\/figure>\n","protected":false},"excerpt":{"rendered":"<p>Die Gewichtsverlagerung, auch &#8220;Gewichtsbelastung&#8221; genannt, ist eine wichtige Technik in der Schlaganfall-Reha, um die K\u00f6rperwahrnehmung (Propriozeption) zu verbessern und Bewegungen im betroffenen Arm zu aktivieren, indem man sich sanft auf ihn st\u00fctzt oder ihn leicht belastet, um das Gehirn an die Armposition zu erinnern. \u00dcbungen umfassen das bewusste Verlagern des Oberk\u00f6rpers und Lehnen auf den &#8230; <a title=\"Gewichtsverlagerung zur Bewegung des betroffenen Arms\" class=\"read-more\" href=\"https:\/\/www.vitalibera.org\/community\/2026\/01\/18\/gewichtsverlagerung-zur-bewegung-des-betroffenen-arms\/\" aria-label=\"Mehr Informationen \u00fcber Gewichtsverlagerung zur Bewegung des betroffenen Arms\">Weiterlesen<\/a><\/p>\n","protected":false},"author":2,"featured_media":5193,"comment_status":"open","ping_status":"open","sticky":false,"template":"","format":"standard","meta":{"cybocfi_hide_featured_image":"yes","_jetpack_memberships_contains_paid_content":false,"footnotes":""},"categories":[64],"tags":[],"class_list":["post-5192","post","type-post","status-publish","format-standard","has-post-thumbnail","hentry","category-physio"],"yoast_head":"<!-- This site is optimized with the Yoast SEO plugin v27.4 - https:\/\/yoast.com\/product\/yoast-seo-wordpress\/ -->\r\n<title>Gewichtsverlagerung zur Bewegung des betroffenen Arms - vitalibera.org<\/title>\r\n<meta name=\"robots\" content=\"index, follow, max-snippet:-1, max-image-preview:large, max-video-preview:-1\" \/>\r\n<link rel=\"canonical\" href=\"http:\/\/www.vitalibera.org\/community\/2026\/01\/18\/gewichtsverlagerung-zur-bewegung-des-betroffenen-arms\/\" \/>\r\n<meta property=\"og:locale\" content=\"de_DE\" \/>\r\n<meta property=\"og:type\" content=\"article\" \/>\r\n<meta property=\"og:title\" content=\"Gewichtsverlagerung zur Bewegung des betroffenen Arms - vitalibera.org\" \/>\r\n<meta property=\"og:description\" content=\"Die Gewichtsverlagerung, auch &quot;Gewichtsbelastung&quot; genannt, ist eine wichtige Technik in der Schlaganfall-Reha, um die K\u00f6rperwahrnehmung (Propriozeption) zu verbessern und Bewegungen im betroffenen Arm zu aktivieren, indem man sich sanft auf ihn st\u00fctzt oder ihn leicht belastet, um das Gehirn an die Armposition zu erinnern. \u00dcbungen umfassen das bewusste Verlagern des Oberk\u00f6rpers und Lehnen auf den ... Weiterlesen\" \/>\r\n<meta property=\"og:url\" content=\"http:\/\/www.vitalibera.org\/community\/2026\/01\/18\/gewichtsverlagerung-zur-bewegung-des-betroffenen-arms\/\" \/>\r\n<meta property=\"og:site_name\" content=\"vitalibera.org\" \/>\r\n<meta property=\"article:publisher\" content=\"https:\/\/www.facebook.com\/groups\/2997085857140235\" \/>\r\n<meta property=\"article:published_time\" content=\"2026-01-18T14:53:34+00:00\" \/>\r\n<meta property=\"article:modified_time\" content=\"2026-01-18T14:54:30+00:00\" \/>\r\n<meta property=\"og:image\" content=\"http:\/\/www.vitalibera.org\/community\/wp-content\/uploads\/2026\/01\/schlaganfallarm.png\" \/>\r\n\t<meta property=\"og:image:width\" content=\"612\" \/>\r\n\t<meta property=\"og:image:height\" content=\"474\" \/>\r\n\t<meta property=\"og:image:type\" content=\"image\/png\" \/>\r\n<meta name=\"author\" content=\"Andreas Jecklin\" \/>\r\n<meta name=\"twitter:card\" content=\"summary_large_image\" \/>\r\n<meta name=\"twitter:label1\" content=\"Verfasst von\" \/>\n\t<meta name=\"twitter:data1\" content=\"Andreas Jecklin\" \/>\n\t<meta name=\"twitter:label2\" content=\"Gesch\u00e4tzte Lesezeit\" \/>\n\t<meta name=\"twitter:data2\" content=\"1\u00a0Minute\" \/>\r\n<script type=\"application\/ld+json\" class=\"yoast-schema-graph\">{\"@context\":\"https:\\\/\\\/schema.org\",\"@graph\":[{\"@type\":\"Article\",\"@id\":\"http:\\\/\\\/www.vitalibera.org\\\/community\\\/2026\\\/01\\\/18\\\/gewichtsverlagerung-zur-bewegung-des-betroffenen-arms\\\/#article\",\"isPartOf\":{\"@id\":\"http:\\\/\\\/www.vitalibera.org\\\/community\\\/2026\\\/01\\\/18\\\/gewichtsverlagerung-zur-bewegung-des-betroffenen-arms\\\/\"},\"author\":{\"name\":\"Andreas Jecklin\",\"@id\":\"https:\\\/\\\/www.vitalibera.org\\\/community\\\/#\\\/schema\\\/person\\\/6712387298421f222ff6d0a2e22c1534\"},\"headline\":\"Gewichtsverlagerung zur Bewegung des betroffenen Arms\",\"datePublished\":\"2026-01-18T14:53:34+00:00\",\"dateModified\":\"2026-01-18T14:54:30+00:00\",\"mainEntityOfPage\":{\"@id\":\"http:\\\/\\\/www.vitalibera.org\\\/community\\\/2026\\\/01\\\/18\\\/gewichtsverlagerung-zur-bewegung-des-betroffenen-arms\\\/\"},\"wordCount\":13,\"commentCount\":0,\"publisher\":{\"@id\":\"https:\\\/\\\/www.vitalibera.org\\\/community\\\/#organization\"},\"image\":{\"@id\":\"http:\\\/\\\/www.vitalibera.org\\\/community\\\/2026\\\/01\\\/18\\\/gewichtsverlagerung-zur-bewegung-des-betroffenen-arms\\\/#primaryimage\"},\"thumbnailUrl\":\"https:\\\/\\\/www.vitalibera.org\\\/community\\\/wp-content\\\/uploads\\\/2026\\\/01\\\/schlaganfallarm.png\",\"articleSection\":[\"Physiotherapie\"],\"inLanguage\":\"de\",\"potentialAction\":[{\"@type\":\"CommentAction\",\"name\":\"Comment\",\"target\":[\"http:\\\/\\\/www.vitalibera.org\\\/community\\\/2026\\\/01\\\/18\\\/gewichtsverlagerung-zur-bewegung-des-betroffenen-arms\\\/#respond\"]}]},{\"@type\":\"WebPage\",\"@id\":\"http:\\\/\\\/www.vitalibera.org\\\/community\\\/2026\\\/01\\\/18\\\/gewichtsverlagerung-zur-bewegung-des-betroffenen-arms\\\/\",\"url\":\"http:\\\/\\\/www.vitalibera.org\\\/community\\\/2026\\\/01\\\/18\\\/gewichtsverlagerung-zur-bewegung-des-betroffenen-arms\\\/\",\"name\":\"Gewichtsverlagerung zur Bewegung des betroffenen Arms - vitalibera.org\",\"isPartOf\":{\"@id\":\"https:\\\/\\\/www.vitalibera.org\\\/community\\\/#website\"},\"primaryImageOfPage\":{\"@id\":\"http:\\\/\\\/www.vitalibera.org\\\/community\\\/2026\\\/01\\\/18\\\/gewichtsverlagerung-zur-bewegung-des-betroffenen-arms\\\/#primaryimage\"},\"image\":{\"@id\":\"http:\\\/\\\/www.vitalibera.org\\\/community\\\/2026\\\/01\\\/18\\\/gewichtsverlagerung-zur-bewegung-des-betroffenen-arms\\\/#primaryimage\"},\"thumbnailUrl\":\"https:\\\/\\\/www.vitalibera.org\\\/community\\\/wp-content\\\/uploads\\\/2026\\\/01\\\/schlaganfallarm.png\",\"datePublished\":\"2026-01-18T14:53:34+00:00\",\"dateModified\":\"2026-01-18T14:54:30+00:00\",\"breadcrumb\":{\"@id\":\"http:\\\/\\\/www.vitalibera.org\\\/community\\\/2026\\\/01\\\/18\\\/gewichtsverlagerung-zur-bewegung-des-betroffenen-arms\\\/#breadcrumb\"},\"inLanguage\":\"de\",\"potentialAction\":[{\"@type\":\"ReadAction\",\"target\":[\"http:\\\/\\\/www.vitalibera.org\\\/community\\\/2026\\\/01\\\/18\\\/gewichtsverlagerung-zur-bewegung-des-betroffenen-arms\\\/\"]}]},{\"@type\":\"BreadcrumbList\",\"@id\":\"http:\\\/\\\/www.vitalibera.org\\\/community\\\/2026\\\/01\\\/18\\\/gewichtsverlagerung-zur-bewegung-des-betroffenen-arms\\\/#breadcrumb\",\"itemListElement\":[{\"@type\":\"ListItem\",\"position\":1,\"name\":\"Startseite\",\"item\":\"https:\\\/\\\/www.vitalibera.org\\\/community\\\/\"},{\"@type\":\"ListItem\",\"position\":2,\"name\":\"Gewichtsverlagerung zur Bewegung des betroffenen Arms\"}]},{\"@type\":\"WebSite\",\"@id\":\"https:\\\/\\\/www.vitalibera.org\\\/community\\\/#website\",\"url\":\"https:\\\/\\\/www.vitalibera.org\\\/community\\\/\",\"name\":\"vitalibera.org\",\"description\":\"Mit einer Einschr&auml;nkung gestaltet sich das Leben im Alltag oft schwieriger - hier berichten wir &uuml;ber unsere Erfahrungen und Hilfsmittel um den Alltag so unbeschwert und unkompliziert wie nur m&ouml;glich geniessen zu k&ouml;nnen. Dabei richten wir unseren Fokus gezielt auf Selbst&auml;ndigkeit, Eigenst&auml;ndigkeit und Selbstbestimmung.\",\"publisher\":{\"@id\":\"https:\\\/\\\/www.vitalibera.org\\\/community\\\/#organization\"},\"potentialAction\":[{\"@type\":\"SearchAction\",\"target\":{\"@type\":\"EntryPoint\",\"urlTemplate\":\"https:\\\/\\\/www.vitalibera.org\\\/community\\\/?s={search_term_string}\"},\"query-input\":{\"@type\":\"PropertyValueSpecification\",\"valueRequired\":true,\"valueName\":\"search_term_string\"}}],\"inLanguage\":\"de\"},{\"@type\":\"Organization\",\"@id\":\"https:\\\/\\\/www.vitalibera.org\\\/community\\\/#organization\",\"name\":\"vitalibera.org\",\"url\":\"https:\\\/\\\/www.vitalibera.org\\\/community\\\/\",\"logo\":{\"@type\":\"ImageObject\",\"inLanguage\":\"de\",\"@id\":\"https:\\\/\\\/www.vitalibera.org\\\/community\\\/#\\\/schema\\\/logo\\\/image\\\/\",\"url\":\"https:\\\/\\\/www.vitalibera.org\\\/community\\\/wp-content\\\/uploads\\\/2025\\\/09\\\/cropped-banner.png\",\"contentUrl\":\"https:\\\/\\\/www.vitalibera.org\\\/community\\\/wp-content\\\/uploads\\\/2025\\\/09\\\/cropped-banner.png\",\"width\":991,\"height\":150,\"caption\":\"vitalibera.org\"},\"image\":{\"@id\":\"https:\\\/\\\/www.vitalibera.org\\\/community\\\/#\\\/schema\\\/logo\\\/image\\\/\"},\"sameAs\":[\"https:\\\/\\\/www.facebook.com\\\/groups\\\/2997085857140235\"]},{\"@type\":\"Person\",\"@id\":\"https:\\\/\\\/www.vitalibera.org\\\/community\\\/#\\\/schema\\\/person\\\/6712387298421f222ff6d0a2e22c1534\",\"name\":\"Andreas Jecklin\",\"image\":{\"@type\":\"ImageObject\",\"inLanguage\":\"de\",\"@id\":\"https:\\\/\\\/secure.gravatar.com\\\/avatar\\\/ad516503a11cd5ca435acc9bb6523536?s=96\",\"url\":\"https:\\\/\\\/secure.gravatar.com\\\/avatar\\\/ad516503a11cd5ca435acc9bb6523536?s=96\",\"contentUrl\":\"https:\\\/\\\/secure.gravatar.com\\\/avatar\\\/ad516503a11cd5ca435acc9bb6523536?s=96\",\"caption\":\"Andreas Jecklin\"},\"description\":\"Manchen gab Gott die Kraft Dinge zu ver\u00e4ndern, mir gab er die Kraft zu ertragen was nicht mehr zu \u00e4ndern ist.\",\"url\":\"https:\\\/\\\/www.vitalibera.org\\\/community\\\/author\\\/andy77\\\/\"}]}<\/script>\r\n<!-- \/ Yoast SEO plugin. -->","yoast_head_json":{"title":"Gewichtsverlagerung zur Bewegung des betroffenen Arms - vitalibera.org","robots":{"index":"index","follow":"follow","max-snippet":"max-snippet:-1","max-image-preview":"max-image-preview:large","max-video-preview":"max-video-preview:-1"},"canonical":"http:\/\/www.vitalibera.org\/community\/2026\/01\/18\/gewichtsverlagerung-zur-bewegung-des-betroffenen-arms\/","og_locale":"de_DE","og_type":"article","og_title":"Gewichtsverlagerung zur Bewegung des betroffenen Arms - vitalibera.org","og_description":"Die Gewichtsverlagerung, auch \"Gewichtsbelastung\" genannt, ist eine wichtige Technik in der Schlaganfall-Reha, um die K\u00f6rperwahrnehmung (Propriozeption) zu verbessern und Bewegungen im betroffenen Arm zu aktivieren, indem man sich sanft auf ihn st\u00fctzt oder ihn leicht belastet, um das Gehirn an die Armposition zu erinnern. \u00dcbungen umfassen das bewusste Verlagern des Oberk\u00f6rpers und Lehnen auf den ... Weiterlesen","og_url":"http:\/\/www.vitalibera.org\/community\/2026\/01\/18\/gewichtsverlagerung-zur-bewegung-des-betroffenen-arms\/","og_site_name":"vitalibera.org","article_publisher":"https:\/\/www.facebook.com\/groups\/2997085857140235","article_published_time":"2026-01-18T14:53:34+00:00","article_modified_time":"2026-01-18T14:54:30+00:00","og_image":[{"width":612,"height":474,"url":"http:\/\/www.vitalibera.org\/community\/wp-content\/uploads\/2026\/01\/schlaganfallarm.png","type":"image\/png"}],"author":"Andreas Jecklin","twitter_card":"summary_large_image","twitter_misc":{"Verfasst von":"Andreas Jecklin","Gesch\u00e4tzte Lesezeit":"1\u00a0Minute"},"schema":{"@context":"https:\/\/schema.org","@graph":[{"@type":"Article","@id":"http:\/\/www.vitalibera.org\/community\/2026\/01\/18\/gewichtsverlagerung-zur-bewegung-des-betroffenen-arms\/#article","isPartOf":{"@id":"http:\/\/www.vitalibera.org\/community\/2026\/01\/18\/gewichtsverlagerung-zur-bewegung-des-betroffenen-arms\/"},"author":{"name":"Andreas Jecklin","@id":"https:\/\/www.vitalibera.org\/community\/#\/schema\/person\/6712387298421f222ff6d0a2e22c1534"},"headline":"Gewichtsverlagerung zur Bewegung des betroffenen Arms","datePublished":"2026-01-18T14:53:34+00:00","dateModified":"2026-01-18T14:54:30+00:00","mainEntityOfPage":{"@id":"http:\/\/www.vitalibera.org\/community\/2026\/01\/18\/gewichtsverlagerung-zur-bewegung-des-betroffenen-arms\/"},"wordCount":13,"commentCount":0,"publisher":{"@id":"https:\/\/www.vitalibera.org\/community\/#organization"},"image":{"@id":"http:\/\/www.vitalibera.org\/community\/2026\/01\/18\/gewichtsverlagerung-zur-bewegung-des-betroffenen-arms\/#primaryimage"},"thumbnailUrl":"https:\/\/www.vitalibera.org\/community\/wp-content\/uploads\/2026\/01\/schlaganfallarm.png","articleSection":["Physiotherapie"],"inLanguage":"de","potentialAction":[{"@type":"CommentAction","name":"Comment","target":["http:\/\/www.vitalibera.org\/community\/2026\/01\/18\/gewichtsverlagerung-zur-bewegung-des-betroffenen-arms\/#respond"]}]},{"@type":"WebPage","@id":"http:\/\/www.vitalibera.org\/community\/2026\/01\/18\/gewichtsverlagerung-zur-bewegung-des-betroffenen-arms\/","url":"http:\/\/www.vitalibera.org\/community\/2026\/01\/18\/gewichtsverlagerung-zur-bewegung-des-betroffenen-arms\/","name":"Gewichtsverlagerung zur Bewegung des betroffenen Arms - vitalibera.org","isPartOf":{"@id":"https:\/\/www.vitalibera.org\/community\/#website"},"primaryImageOfPage":{"@id":"http:\/\/www.vitalibera.org\/community\/2026\/01\/18\/gewichtsverlagerung-zur-bewegung-des-betroffenen-arms\/#primaryimage"},"image":{"@id":"http:\/\/www.vitalibera.org\/community\/2026\/01\/18\/gewichtsverlagerung-zur-bewegung-des-betroffenen-arms\/#primaryimage"},"thumbnailUrl":"https:\/\/www.vitalibera.org\/community\/wp-content\/uploads\/2026\/01\/schlaganfallarm.png","datePublished":"2026-01-18T14:53:34+00:00","dateModified":"2026-01-18T14:54:30+00:00","breadcrumb":{"@id":"http:\/\/www.vitalibera.org\/community\/2026\/01\/18\/gewichtsverlagerung-zur-bewegung-des-betroffenen-arms\/#breadcrumb"},"inLanguage":"de","potentialAction":[{"@type":"ReadAction","target":["http:\/\/www.vitalibera.org\/community\/2026\/01\/18\/gewichtsverlagerung-zur-bewegung-des-betroffenen-arms\/"]}]},{"@type":"BreadcrumbList","@id":"http:\/\/www.vitalibera.org\/community\/2026\/01\/18\/gewichtsverlagerung-zur-bewegung-des-betroffenen-arms\/#breadcrumb","itemListElement":[{"@type":"ListItem","position":1,"name":"Startseite","item":"https:\/\/www.vitalibera.org\/community\/"},{"@type":"ListItem","position":2,"name":"Gewichtsverlagerung zur Bewegung des betroffenen Arms"}]},{"@type":"WebSite","@id":"https:\/\/www.vitalibera.org\/community\/#website","url":"https:\/\/www.vitalibera.org\/community\/","name":"vitalibera.org","description":"Mit einer Einschr&auml;nkung gestaltet sich das Leben im Alltag oft schwieriger - hier berichten wir &uuml;ber unsere Erfahrungen und Hilfsmittel um den Alltag so unbeschwert und unkompliziert wie nur m&ouml;glich geniessen zu k&ouml;nnen. Dabei richten wir unseren Fokus gezielt auf Selbst&auml;ndigkeit, Eigenst&auml;ndigkeit und Selbstbestimmung.","publisher":{"@id":"https:\/\/www.vitalibera.org\/community\/#organization"},"potentialAction":[{"@type":"SearchAction","target":{"@type":"EntryPoint","urlTemplate":"https:\/\/www.vitalibera.org\/community\/?s={search_term_string}"},"query-input":{"@type":"PropertyValueSpecification","valueRequired":true,"valueName":"search_term_string"}}],"inLanguage":"de"},{"@type":"Organization","@id":"https:\/\/www.vitalibera.org\/community\/#organization","name":"vitalibera.org","url":"https:\/\/www.vitalibera.org\/community\/","logo":{"@type":"ImageObject","inLanguage":"de","@id":"https:\/\/www.vitalibera.org\/community\/#\/schema\/logo\/image\/","url":"https:\/\/www.vitalibera.org\/community\/wp-content\/uploads\/2025\/09\/cropped-banner.png","contentUrl":"https:\/\/www.vitalibera.org\/community\/wp-content\/uploads\/2025\/09\/cropped-banner.png","width":991,"height":150,"caption":"vitalibera.org"},"image":{"@id":"https:\/\/www.vitalibera.org\/community\/#\/schema\/logo\/image\/"},"sameAs":["https:\/\/www.facebook.com\/groups\/2997085857140235"]},{"@type":"Person","@id":"https:\/\/www.vitalibera.org\/community\/#\/schema\/person\/6712387298421f222ff6d0a2e22c1534","name":"Andreas Jecklin","image":{"@type":"ImageObject","inLanguage":"de","@id":"https:\/\/secure.gravatar.com\/avatar\/ad516503a11cd5ca435acc9bb6523536?s=96","url":"https:\/\/secure.gravatar.com\/avatar\/ad516503a11cd5ca435acc9bb6523536?s=96","contentUrl":"https:\/\/secure.gravatar.com\/avatar\/ad516503a11cd5ca435acc9bb6523536?s=96","caption":"Andreas Jecklin"},"description":"Manchen gab Gott die Kraft Dinge zu ver\u00e4ndern, mir gab er die Kraft zu ertragen was nicht mehr zu \u00e4ndern ist.","url":"https:\/\/www.vitalibera.org\/community\/author\/andy77\/"}]}},"jetpack_featured_media_url":"https:\/\/www.vitalibera.org\/community\/wp-content\/uploads\/2026\/01\/schlaganfallarm.png","jetpack_sharing_enabled":true,"jetpack-related-posts":[],"_links":{"self":[{"href":"https:\/\/www.vitalibera.org\/community\/wp-json\/wp\/v2\/posts\/5192","targetHints":{"allow":["GET"]}}],"collection":[{"href":"https:\/\/www.vitalibera.org\/community\/wp-json\/wp\/v2\/posts"}],"about":[{"href":"https:\/\/www.vitalibera.org\/community\/wp-json\/wp\/v2\/types\/post"}],"author":[{"embeddable":true,"href":"https:\/\/www.vitalibera.org\/community\/wp-json\/wp\/v2\/users\/2"}],"replies":[{"embeddable":true,"href":"https:\/\/www.vitalibera.org\/community\/wp-json\/wp\/v2\/comments?post=5192"}],"version-history":[{"count":1,"href":"https:\/\/www.vitalibera.org\/community\/wp-json\/wp\/v2\/posts\/5192\/revisions"}],"predecessor-version":[{"id":5194,"href":"https:\/\/www.vitalibera.org\/community\/wp-json\/wp\/v2\/posts\/5192\/revisions\/5194"}],"wp:featuredmedia":[{"embeddable":true,"href":"https:\/\/www.vitalibera.org\/community\/wp-json\/wp\/v2\/media\/5193"}],"wp:attachment":[{"href":"https:\/\/www.vitalibera.org\/community\/wp-json\/wp\/v2\/media?parent=5192"}],"wp:term":[{"taxonomy":"category","embeddable":true,"href":"https:\/\/www.vitalibera.org\/community\/wp-json\/wp\/v2\/categories?post=5192"},{"taxonomy":"post_tag","embeddable":true,"href":"https:\/\/www.vitalibera.org\/community\/wp-json\/wp\/v2\/tags?post=5192"}],"curies":[{"name":"wp","href":"https:\/\/api.w.org\/{rel}","templated":true}]}}