{"id":5234,"date":"2026-01-20T18:03:58","date_gmt":"2026-01-20T17:03:58","guid":{"rendered":"https:\/\/www.vitalibera.org\/community\/?p=5234"},"modified":"2026-01-20T18:08:04","modified_gmt":"2026-01-20T17:08:04","slug":"selbstueberschaetzung-nach-schlaganfall","status":"publish","type":"post","link":"https:\/\/www.vitalibera.org\/community\/2026\/01\/20\/selbstueberschaetzung-nach-schlaganfall\/","title":{"rendered":"Selbst\u00fcbersch\u00e4tzung\u00a0nach Schlaganfall"},"content":{"rendered":"\n<div class=\"wp-block-media-text is-stacked-on-mobile is-vertically-aligned-top\"><figure class=\"wp-block-media-text__media\"><img fetchpriority=\"high\" decoding=\"async\" width=\"403\" height=\"413\" src=\"http:\/\/www.vitalibera.org\/community\/wp-content\/uploads\/2026\/01\/selbstueberschaetzung.png\" alt=\"\" class=\"wp-image-5238 size-full\" srcset=\"https:\/\/www.vitalibera.org\/community\/wp-content\/uploads\/2026\/01\/selbstueberschaetzung.png 403w, https:\/\/www.vitalibera.org\/community\/wp-content\/uploads\/2026\/01\/selbstueberschaetzung-293x300.png 293w\" sizes=\"(max-width: 403px) 100vw, 403px\" \/><\/figure><div class=\"wp-block-media-text__content\">\n<p>Selbst&uuml;bersch&auml;tzung&nbsp;nach einem <a href=\"https:\/\/www.vitalibera.org\/community\/enzyklopaedie\/schlaganfall\/\" target=\"_self\" title=\"Ein Schlaganfall, auch Hirnschlag oder Apoplex genannt, ist eine&nbsp;pl&ouml;tzlich auftretende Durchblutungsst&ouml;rung im Gehirn, die dazu f&uuml;hrt, dass Gehirnzellen nicht mehr ausreichend mit Sauerstoff und N&auml;hrstoffen versorgt werden.&nbsp;Dies kann zu bleibenden Sch&auml;den oder sogar zum Absterben von Hirnzellen f&uuml;hren, wenn die Durchblutung nicht schnell wiederhergestellt wird.&nbsp; Einfach erkl&auml;rt: Stellen Sie sich vor, ein Teil Ihres Gehirns&hellip;\" class=\"encyclopedia\">Schlaganfall<\/a>&nbsp;kann ein Symptom von Pers&ouml;nlichkeits- und Verhaltens&auml;nderungen sein, oft verbunden mit dem sogenannten&nbsp;<strong><a href=\"https:\/\/www.vitalibera.org\/community\/enzyklopaedie\/neglect\/\" target=\"_self\" title='Neglect, auch bekannt als Neglect-Syndrom, ist eine&nbsp;neurologische St&ouml;rung, bei der eine Seite der Umgebung oder des eigenen K&ouml;rpers nicht mehr wahrgenommen oder beachtet wird, obwohl die Sinnesorgane (wie Augen oder Ohren) selbst intakt sind.&nbsp;Es ist keine Sehst&ouml;rung (wie eine Hemianopsie), sondern eine Aufmerksamkeitsst&ouml;rung.&nbsp;Der Begriff leitet sich vom lateinischen \"neglegere\" ab, was \"nicht beachten\" oder \"vernachl&auml;ssigen\"&hellip;' class=\"encyclopedia\">Neglect<\/a><\/strong>&nbsp;(Vernachl&auml;ssigung einer K&ouml;rperh&auml;lfte) oder anderen neuropsychologischen St&ouml;rungen, die die Selbsteinsch&auml;tzung beeintr&auml;chtigen. <br><br>Patienten nehmen ihre Einschr&auml;nkungen manchmal nicht wahr oder &uuml;bersch&auml;tzen ihre F&auml;higkeiten (&auml;hnlich dem&nbsp;<strong><a href=\"https:\/\/www.vitalibera.org\/community\/enzyklopaedie\/dunning-kruger-effekt\/\" target=\"_self\" title=\"Der Dunning-Kruger-Effekt ist eine&nbsp;kognitive Verzerrung, bei der Menschen mit geringer Kompetenz in einem Bereich ihre eigenen F&auml;higkeiten stark &uuml;bersch&auml;tzen, weil ihnen das notwendige Wissen fehlt, um ihre Inkompetenz zu erkennen. Paradoxerweise neigen hochkompetente Personen dazu, ihre F&auml;higkeiten realistischer oder sogar zu niedrig einzusch&auml;tzen. Der Effekt wurde 1999 von den Psychologen&nbsp;David Dunning und Justin Kruger&nbsp;David Dunning&nbsp;und&hellip;\" class=\"encyclopedia\">Dunning-Kruger-Effekt<\/a><\/strong>), was zu Verwirrung bei Angeh&ouml;rigen f&uuml;hrt. Wichtig ist geduldiges Gespr&auml;ch, das Erkennen der Ursache (Hirnschaden) und professionelle Unterst&uuml;tzung durch Neurologen oder Psychologen, da diese St&ouml;rungen oft therapierbar sind.<\/p>\n<\/div><\/div>\n\n\n\n<p>&nbsp;M&ouml;gliche Ursachen und Erscheinungsformen:<\/p>\n\n\n\n<ul class=\"wp-block-list\">\n<li><strong><a href=\"https:\/\/www.vitalibera.org\/community\/enzyklopaedie\/neglect\/\" target=\"_self\" title='Neglect, auch bekannt als Neglect-Syndrom, ist eine&nbsp;neurologische St&ouml;rung, bei der eine Seite der Umgebung oder des eigenen K&ouml;rpers nicht mehr wahrgenommen oder beachtet wird, obwohl die Sinnesorgane (wie Augen oder Ohren) selbst intakt sind.&nbsp;Es ist keine Sehst&ouml;rung (wie eine Hemianopsie), sondern eine Aufmerksamkeitsst&ouml;rung.&nbsp;Der Begriff leitet sich vom lateinischen \"neglegere\" ab, was \"nicht beachten\" oder \"vernachl&auml;ssigen\"&hellip;' class=\"encyclopedia\">Neglect<\/a>:<\/strong>&nbsp;Der Patient nimmt eine K&ouml;rperh&auml;lfte und den Raum auf dieser Seite nicht wahr, kann sich aber oft nicht erkl&auml;ren, warum er Dinge &uuml;bersieht oder warum er sich auf einer Seite nicht bewegen kann.<\/li>\n\n\n\n<li><strong><a href=\"https:\/\/www.vitalibera.org\/community\/enzyklopaedie\/dysexekutive-syndrom\/\" target=\"_self\" title=\"Das dysexekutive Syndrom ist ein &Uuml;berbegriff f&uuml;r kognitive, emotionale und Verhaltensst&ouml;rungen, die durch Sch&auml;digungen im Frontalhirn entstehen und sich in Problemen mit Planung, Organisation, Probleml&ouml;sung, Impulskontrolle und Flexibilit&auml;t zeigen, was zu unorganisiertem Verhalten, mangelnder Motivation oder Pers&ouml;nlichkeitsver&auml;nderungen f&uuml;hrt und die Alltagsbew&auml;ltigung erschwert. Es &auml;u&szlig;ert sich oft in Unorganisiertheit, Impulsivit&auml;t, perseverativem Verhalten (Nicht-Aufh&ouml;ren-K&ouml;nnen), St&ouml;rungen der Aufmerksamkeit&hellip;\" class=\"encyclopedia\">Dysexekutives Syndrom<\/a>:<\/strong>&nbsp;F&uuml;hrt zu Impulsivit&auml;t, Ungeduld, und manchmal zu einem fast manischen Selbstvertrauen, da die F&auml;higkeit zur <a href=\"https:\/\/www.vitalibera.org\/community\/enzyklopaedie\/selbstreflexion\/\" target=\"_self\" title=\"Selbstreflexion ist die&nbsp;bewusste Analyse des eigenen Denkens, F&uuml;hlens und Handelns, um Verhaltensmuster zu erkennen und die pers&ouml;nliche Weiterentwicklung zu f&ouml;rdern. Sie beinhaltet, sich selbst objektiv zu beobachten, Werte zu hinterfragen und aus Fehlern zu lernen. Methoden wie Tagebuchschreiben, gezielte Fragen oder Feedback helfen dabei.\" class=\"encyclopedia\">Selbstreflexion<\/a> und -kontrolle beeintr&auml;chtigt ist.<\/li>\n\n\n\n<li><strong>Depression:<\/strong>&nbsp;Als Reaktion auf die Einschr&auml;nkungen kann auch eine tiefe Niedergeschlagenheit auftreten, die die Wahrnehmung verzerrt.<\/li>\n\n\n\n<li><strong><a href=\"https:\/\/www.vitalibera.org\/community\/2026\/01\/14\/wesens-persoenlichkeitsveraenderungen-nach-schlaganfall\/\">Pers&ouml;nlichkeitsver&auml;nderungen<\/a>:<\/strong>&nbsp;Emotionale Labilit&auml;t, Wut, Distanzlosigkeit oder R&uuml;ckzug sind h&auml;ufige Folgen, die das Verhalten des Patienten ver&auml;ndern k&ouml;nnen.&nbsp;<\/li>\n<\/ul>\n\n\n\n<p>Was Angeh&ouml;rige tun k&ouml;nnen:<\/p>\n\n\n\n<ul class=\"wp-block-list\">\n<li><strong>Geduldig kommunizieren:<\/strong>&nbsp;In einer ruhigen Atmosph&auml;re nach dem Befinden fragen und die eigenen Beobachtungen ohne Vorw&uuml;rfe schildern.<\/li>\n\n\n\n<li><strong>Nicht &uuml;ber den Kopf entscheiden:<\/strong>&nbsp;Dem Patienten Zeit geben, sich auszudr&uuml;cken, auch wenn es m&uuml;hsam ist.<\/li>\n\n\n\n<li><strong>Professionelle Hilfe suchen:<\/strong>&nbsp;Neurologen, Neuropsychologen und Psychologen k&ouml;nnen die Ursachen kl&auml;ren und individuelle Therapien entwickeln.<\/li>\n\n\n\n<li><strong>Akzeptanz:<\/strong>&nbsp;Viele dieser Ver&auml;nderungen sind Folgen des Hirnschadens und nicht b&ouml;ser Wille. Die Akzeptanz durch die Angeh&ouml;rigen ist wichtig, um den Patienten zu unterst&uuml;tzen.&nbsp;<\/li>\n<\/ul>\n\n\n\n<p><strong>Wichtig zu wissen:<\/strong><\/p>\n\n\n\n<ul class=\"wp-block-list\">\n<li><strong>Selbst&uuml;bersch&auml;tzung ist oft eine Folge:<\/strong>&nbsp;Es ist eine neuropsychologische St&ouml;rung, die auf eine St&ouml;rung der Aufmerksamkeit und der Selbsteinsch&auml;tzung zur&uuml;ckzuf&uuml;hren ist.<\/li>\n\n\n\n<li><strong>Verbesserung ist m&ouml;glich:<\/strong>&nbsp;Viele dieser Symptome k&ouml;nnen sich mit Therapie bessern, auch wenn dies Zeit braucht.&nbsp;<\/li>\n<\/ul>\n","protected":false},"excerpt":{"rendered":"<p>Selbst\u00fcbersch\u00e4tzung\u00a0nach einem Schlaganfall\u00a0kann ein Symptom von Pers\u00f6nlichkeits- und Verhaltens\u00e4nderungen sein, oft verbunden mit dem sogenannten\u00a0Neglect\u00a0(Vernachl\u00e4ssigung einer K\u00f6rperh\u00e4lfte) oder anderen neuropsychologischen St\u00f6rungen, die die Selbsteinsch\u00e4tzung beeintr\u00e4chtigen. Patienten nehmen ihre Einschr\u00e4nkungen manchmal nicht wahr oder \u00fcbersch\u00e4tzen ihre F\u00e4higkeiten (\u00e4hnlich dem\u00a0Dunning-Kruger-Effekt), was zu Verwirrung bei Angeh\u00f6rigen f\u00fchrt. Wichtig ist geduldiges Gespr\u00e4ch, das Erkennen der Ursache (Hirnschaden) und professionelle &#8230; <a title=\"Selbst\u00fcbersch\u00e4tzung\u00a0nach Schlaganfall\" class=\"read-more\" href=\"https:\/\/www.vitalibera.org\/community\/2026\/01\/20\/selbstueberschaetzung-nach-schlaganfall\/\" aria-label=\"Mehr Informationen \u00fcber Selbst\u00fcbersch\u00e4tzung\u00a0nach Schlaganfall\">Weiterlesen<\/a><\/p>\n","protected":false},"author":2,"featured_media":5238,"comment_status":"closed","ping_status":"open","sticky":false,"template":"","format":"standard","meta":{"cybocfi_hide_featured_image":"yes","_jetpack_memberships_contains_paid_content":false,"footnotes":""},"categories":[159],"tags":[],"class_list":["post-5234","post","type-post","status-publish","format-standard","has-post-thumbnail","hentry","category-fachwissen"],"yoast_head":"<!-- This site is optimized with the Yoast SEO plugin v27.4 - https:\/\/yoast.com\/product\/yoast-seo-wordpress\/ -->\r\n<title>Selbst\u00fcbersch\u00e4tzung\u00a0nach Schlaganfall - vitalibera.org<\/title>\r\n<meta name=\"robots\" content=\"index, follow, max-snippet:-1, max-image-preview:large, max-video-preview:-1\" \/>\r\n<link rel=\"canonical\" href=\"http:\/\/www.vitalibera.org\/community\/2026\/01\/20\/selbstueberschaetzung-nach-schlaganfall\/\" \/>\r\n<meta property=\"og:locale\" content=\"de_DE\" \/>\r\n<meta property=\"og:type\" content=\"article\" \/>\r\n<meta property=\"og:title\" content=\"Selbst\u00fcbersch\u00e4tzung\u00a0nach Schlaganfall - vitalibera.org\" \/>\r\n<meta property=\"og:description\" content=\"Selbst\u00fcbersch\u00e4tzung\u00a0nach einem Schlaganfall\u00a0kann ein Symptom von Pers\u00f6nlichkeits- und Verhaltens\u00e4nderungen sein, oft verbunden mit dem sogenannten\u00a0Neglect\u00a0(Vernachl\u00e4ssigung einer K\u00f6rperh\u00e4lfte) oder anderen neuropsychologischen St\u00f6rungen, die die Selbsteinsch\u00e4tzung beeintr\u00e4chtigen. Patienten nehmen ihre Einschr\u00e4nkungen manchmal nicht wahr oder \u00fcbersch\u00e4tzen ihre F\u00e4higkeiten (\u00e4hnlich dem\u00a0Dunning-Kruger-Effekt), was zu Verwirrung bei Angeh\u00f6rigen f\u00fchrt. Wichtig ist geduldiges Gespr\u00e4ch, das Erkennen der Ursache (Hirnschaden) und professionelle ... Weiterlesen\" \/>\r\n<meta property=\"og:url\" content=\"http:\/\/www.vitalibera.org\/community\/2026\/01\/20\/selbstueberschaetzung-nach-schlaganfall\/\" \/>\r\n<meta property=\"og:site_name\" content=\"vitalibera.org\" \/>\r\n<meta property=\"article:publisher\" content=\"https:\/\/www.facebook.com\/groups\/2997085857140235\" \/>\r\n<meta property=\"article:published_time\" content=\"2026-01-20T17:03:58+00:00\" \/>\r\n<meta property=\"article:modified_time\" content=\"2026-01-20T17:08:04+00:00\" \/>\r\n<meta property=\"og:image\" content=\"http:\/\/www.vitalibera.org\/community\/wp-content\/uploads\/2026\/01\/selbstueberschaetzung.png\" \/>\r\n\t<meta property=\"og:image:width\" content=\"403\" \/>\r\n\t<meta property=\"og:image:height\" content=\"413\" \/>\r\n\t<meta property=\"og:image:type\" content=\"image\/png\" \/>\r\n<meta name=\"author\" content=\"Andreas Jecklin\" \/>\r\n<meta name=\"twitter:card\" content=\"summary_large_image\" \/>\r\n<meta name=\"twitter:label1\" content=\"Verfasst von\" \/>\n\t<meta name=\"twitter:data1\" content=\"Andreas Jecklin\" \/>\n\t<meta name=\"twitter:label2\" content=\"Gesch\u00e4tzte Lesezeit\" \/>\n\t<meta name=\"twitter:data2\" content=\"2\u00a0Minuten\" \/>\r\n<script type=\"application\/ld+json\" class=\"yoast-schema-graph\">{\"@context\":\"https:\\\/\\\/schema.org\",\"@graph\":[{\"@type\":\"Article\",\"@id\":\"http:\\\/\\\/www.vitalibera.org\\\/community\\\/2026\\\/01\\\/20\\\/selbstueberschaetzung-nach-schlaganfall\\\/#article\",\"isPartOf\":{\"@id\":\"http:\\\/\\\/www.vitalibera.org\\\/community\\\/2026\\\/01\\\/20\\\/selbstueberschaetzung-nach-schlaganfall\\\/\"},\"author\":{\"name\":\"Andreas Jecklin\",\"@id\":\"https:\\\/\\\/www.vitalibera.org\\\/community\\\/#\\\/schema\\\/person\\\/6712387298421f222ff6d0a2e22c1534\"},\"headline\":\"Selbst\u00fcbersch\u00e4tzung\u00a0nach Schlaganfall\",\"datePublished\":\"2026-01-20T17:03:58+00:00\",\"dateModified\":\"2026-01-20T17:08:04+00:00\",\"mainEntityOfPage\":{\"@id\":\"http:\\\/\\\/www.vitalibera.org\\\/community\\\/2026\\\/01\\\/20\\\/selbstueberschaetzung-nach-schlaganfall\\\/\"},\"wordCount\":340,\"publisher\":{\"@id\":\"https:\\\/\\\/www.vitalibera.org\\\/community\\\/#organization\"},\"image\":{\"@id\":\"http:\\\/\\\/www.vitalibera.org\\\/community\\\/2026\\\/01\\\/20\\\/selbstueberschaetzung-nach-schlaganfall\\\/#primaryimage\"},\"thumbnailUrl\":\"https:\\\/\\\/www.vitalibera.org\\\/community\\\/wp-content\\\/uploads\\\/2026\\\/01\\\/selbstueberschaetzung.png\",\"articleSection\":[\"Fachwissen\"],\"inLanguage\":\"de\"},{\"@type\":\"WebPage\",\"@id\":\"http:\\\/\\\/www.vitalibera.org\\\/community\\\/2026\\\/01\\\/20\\\/selbstueberschaetzung-nach-schlaganfall\\\/\",\"url\":\"http:\\\/\\\/www.vitalibera.org\\\/community\\\/2026\\\/01\\\/20\\\/selbstueberschaetzung-nach-schlaganfall\\\/\",\"name\":\"Selbst\u00fcbersch\u00e4tzung\u00a0nach Schlaganfall - vitalibera.org\",\"isPartOf\":{\"@id\":\"https:\\\/\\\/www.vitalibera.org\\\/community\\\/#website\"},\"primaryImageOfPage\":{\"@id\":\"http:\\\/\\\/www.vitalibera.org\\\/community\\\/2026\\\/01\\\/20\\\/selbstueberschaetzung-nach-schlaganfall\\\/#primaryimage\"},\"image\":{\"@id\":\"http:\\\/\\\/www.vitalibera.org\\\/community\\\/2026\\\/01\\\/20\\\/selbstueberschaetzung-nach-schlaganfall\\\/#primaryimage\"},\"thumbnailUrl\":\"https:\\\/\\\/www.vitalibera.org\\\/community\\\/wp-content\\\/uploads\\\/2026\\\/01\\\/selbstueberschaetzung.png\",\"datePublished\":\"2026-01-20T17:03:58+00:00\",\"dateModified\":\"2026-01-20T17:08:04+00:00\",\"breadcrumb\":{\"@id\":\"http:\\\/\\\/www.vitalibera.org\\\/community\\\/2026\\\/01\\\/20\\\/selbstueberschaetzung-nach-schlaganfall\\\/#breadcrumb\"},\"inLanguage\":\"de\",\"potentialAction\":[{\"@type\":\"ReadAction\",\"target\":[\"http:\\\/\\\/www.vitalibera.org\\\/community\\\/2026\\\/01\\\/20\\\/selbstueberschaetzung-nach-schlaganfall\\\/\"]}]},{\"@type\":\"BreadcrumbList\",\"@id\":\"http:\\\/\\\/www.vitalibera.org\\\/community\\\/2026\\\/01\\\/20\\\/selbstueberschaetzung-nach-schlaganfall\\\/#breadcrumb\",\"itemListElement\":[{\"@type\":\"ListItem\",\"position\":1,\"name\":\"Startseite\",\"item\":\"https:\\\/\\\/www.vitalibera.org\\\/community\\\/\"},{\"@type\":\"ListItem\",\"position\":2,\"name\":\"Selbst\u00fcbersch\u00e4tzung\u00a0nach Schlaganfall\"}]},{\"@type\":\"WebSite\",\"@id\":\"https:\\\/\\\/www.vitalibera.org\\\/community\\\/#website\",\"url\":\"https:\\\/\\\/www.vitalibera.org\\\/community\\\/\",\"name\":\"vitalibera.org\",\"description\":\"Mit einer Einschr&auml;nkung gestaltet sich das Leben im Alltag oft schwieriger - hier berichten wir &uuml;ber unsere Erfahrungen und Hilfsmittel um den Alltag so unbeschwert und unkompliziert wie nur m&ouml;glich geniessen zu k&ouml;nnen. Dabei richten wir unseren Fokus gezielt auf Selbst&auml;ndigkeit, Eigenst&auml;ndigkeit und Selbstbestimmung.\",\"publisher\":{\"@id\":\"https:\\\/\\\/www.vitalibera.org\\\/community\\\/#organization\"},\"potentialAction\":[{\"@type\":\"SearchAction\",\"target\":{\"@type\":\"EntryPoint\",\"urlTemplate\":\"https:\\\/\\\/www.vitalibera.org\\\/community\\\/?s={search_term_string}\"},\"query-input\":{\"@type\":\"PropertyValueSpecification\",\"valueRequired\":true,\"valueName\":\"search_term_string\"}}],\"inLanguage\":\"de\"},{\"@type\":\"Organization\",\"@id\":\"https:\\\/\\\/www.vitalibera.org\\\/community\\\/#organization\",\"name\":\"vitalibera.org\",\"url\":\"https:\\\/\\\/www.vitalibera.org\\\/community\\\/\",\"logo\":{\"@type\":\"ImageObject\",\"inLanguage\":\"de\",\"@id\":\"https:\\\/\\\/www.vitalibera.org\\\/community\\\/#\\\/schema\\\/logo\\\/image\\\/\",\"url\":\"https:\\\/\\\/www.vitalibera.org\\\/community\\\/wp-content\\\/uploads\\\/2025\\\/09\\\/cropped-banner.png\",\"contentUrl\":\"https:\\\/\\\/www.vitalibera.org\\\/community\\\/wp-content\\\/uploads\\\/2025\\\/09\\\/cropped-banner.png\",\"width\":991,\"height\":150,\"caption\":\"vitalibera.org\"},\"image\":{\"@id\":\"https:\\\/\\\/www.vitalibera.org\\\/community\\\/#\\\/schema\\\/logo\\\/image\\\/\"},\"sameAs\":[\"https:\\\/\\\/www.facebook.com\\\/groups\\\/2997085857140235\"]},{\"@type\":\"Person\",\"@id\":\"https:\\\/\\\/www.vitalibera.org\\\/community\\\/#\\\/schema\\\/person\\\/6712387298421f222ff6d0a2e22c1534\",\"name\":\"Andreas Jecklin\",\"image\":{\"@type\":\"ImageObject\",\"inLanguage\":\"de\",\"@id\":\"https:\\\/\\\/secure.gravatar.com\\\/avatar\\\/ad516503a11cd5ca435acc9bb6523536?s=96\",\"url\":\"https:\\\/\\\/secure.gravatar.com\\\/avatar\\\/ad516503a11cd5ca435acc9bb6523536?s=96\",\"contentUrl\":\"https:\\\/\\\/secure.gravatar.com\\\/avatar\\\/ad516503a11cd5ca435acc9bb6523536?s=96\",\"caption\":\"Andreas Jecklin\"},\"description\":\"Manchen gab Gott die Kraft Dinge zu ver\u00e4ndern, mir gab er die Kraft zu ertragen was nicht mehr zu \u00e4ndern ist.\",\"url\":\"https:\\\/\\\/www.vitalibera.org\\\/community\\\/author\\\/andy77\\\/\"}]}<\/script>\r\n<!-- \/ Yoast SEO plugin. -->","yoast_head_json":{"title":"Selbst\u00fcbersch\u00e4tzung\u00a0nach Schlaganfall - vitalibera.org","robots":{"index":"index","follow":"follow","max-snippet":"max-snippet:-1","max-image-preview":"max-image-preview:large","max-video-preview":"max-video-preview:-1"},"canonical":"http:\/\/www.vitalibera.org\/community\/2026\/01\/20\/selbstueberschaetzung-nach-schlaganfall\/","og_locale":"de_DE","og_type":"article","og_title":"Selbst\u00fcbersch\u00e4tzung\u00a0nach Schlaganfall - vitalibera.org","og_description":"Selbst\u00fcbersch\u00e4tzung\u00a0nach einem Schlaganfall\u00a0kann ein Symptom von Pers\u00f6nlichkeits- und Verhaltens\u00e4nderungen sein, oft verbunden mit dem sogenannten\u00a0Neglect\u00a0(Vernachl\u00e4ssigung einer K\u00f6rperh\u00e4lfte) oder anderen neuropsychologischen St\u00f6rungen, die die Selbsteinsch\u00e4tzung beeintr\u00e4chtigen. Patienten nehmen ihre Einschr\u00e4nkungen manchmal nicht wahr oder \u00fcbersch\u00e4tzen ihre F\u00e4higkeiten (\u00e4hnlich dem\u00a0Dunning-Kruger-Effekt), was zu Verwirrung bei Angeh\u00f6rigen f\u00fchrt. Wichtig ist geduldiges Gespr\u00e4ch, das Erkennen der Ursache (Hirnschaden) und professionelle ... Weiterlesen","og_url":"http:\/\/www.vitalibera.org\/community\/2026\/01\/20\/selbstueberschaetzung-nach-schlaganfall\/","og_site_name":"vitalibera.org","article_publisher":"https:\/\/www.facebook.com\/groups\/2997085857140235","article_published_time":"2026-01-20T17:03:58+00:00","article_modified_time":"2026-01-20T17:08:04+00:00","og_image":[{"width":403,"height":413,"url":"http:\/\/www.vitalibera.org\/community\/wp-content\/uploads\/2026\/01\/selbstueberschaetzung.png","type":"image\/png"}],"author":"Andreas Jecklin","twitter_card":"summary_large_image","twitter_misc":{"Verfasst von":"Andreas Jecklin","Gesch\u00e4tzte Lesezeit":"2\u00a0Minuten"},"schema":{"@context":"https:\/\/schema.org","@graph":[{"@type":"Article","@id":"http:\/\/www.vitalibera.org\/community\/2026\/01\/20\/selbstueberschaetzung-nach-schlaganfall\/#article","isPartOf":{"@id":"http:\/\/www.vitalibera.org\/community\/2026\/01\/20\/selbstueberschaetzung-nach-schlaganfall\/"},"author":{"name":"Andreas Jecklin","@id":"https:\/\/www.vitalibera.org\/community\/#\/schema\/person\/6712387298421f222ff6d0a2e22c1534"},"headline":"Selbst\u00fcbersch\u00e4tzung\u00a0nach Schlaganfall","datePublished":"2026-01-20T17:03:58+00:00","dateModified":"2026-01-20T17:08:04+00:00","mainEntityOfPage":{"@id":"http:\/\/www.vitalibera.org\/community\/2026\/01\/20\/selbstueberschaetzung-nach-schlaganfall\/"},"wordCount":340,"publisher":{"@id":"https:\/\/www.vitalibera.org\/community\/#organization"},"image":{"@id":"http:\/\/www.vitalibera.org\/community\/2026\/01\/20\/selbstueberschaetzung-nach-schlaganfall\/#primaryimage"},"thumbnailUrl":"https:\/\/www.vitalibera.org\/community\/wp-content\/uploads\/2026\/01\/selbstueberschaetzung.png","articleSection":["Fachwissen"],"inLanguage":"de"},{"@type":"WebPage","@id":"http:\/\/www.vitalibera.org\/community\/2026\/01\/20\/selbstueberschaetzung-nach-schlaganfall\/","url":"http:\/\/www.vitalibera.org\/community\/2026\/01\/20\/selbstueberschaetzung-nach-schlaganfall\/","name":"Selbst\u00fcbersch\u00e4tzung\u00a0nach Schlaganfall - vitalibera.org","isPartOf":{"@id":"https:\/\/www.vitalibera.org\/community\/#website"},"primaryImageOfPage":{"@id":"http:\/\/www.vitalibera.org\/community\/2026\/01\/20\/selbstueberschaetzung-nach-schlaganfall\/#primaryimage"},"image":{"@id":"http:\/\/www.vitalibera.org\/community\/2026\/01\/20\/selbstueberschaetzung-nach-schlaganfall\/#primaryimage"},"thumbnailUrl":"https:\/\/www.vitalibera.org\/community\/wp-content\/uploads\/2026\/01\/selbstueberschaetzung.png","datePublished":"2026-01-20T17:03:58+00:00","dateModified":"2026-01-20T17:08:04+00:00","breadcrumb":{"@id":"http:\/\/www.vitalibera.org\/community\/2026\/01\/20\/selbstueberschaetzung-nach-schlaganfall\/#breadcrumb"},"inLanguage":"de","potentialAction":[{"@type":"ReadAction","target":["http:\/\/www.vitalibera.org\/community\/2026\/01\/20\/selbstueberschaetzung-nach-schlaganfall\/"]}]},{"@type":"BreadcrumbList","@id":"http:\/\/www.vitalibera.org\/community\/2026\/01\/20\/selbstueberschaetzung-nach-schlaganfall\/#breadcrumb","itemListElement":[{"@type":"ListItem","position":1,"name":"Startseite","item":"https:\/\/www.vitalibera.org\/community\/"},{"@type":"ListItem","position":2,"name":"Selbst\u00fcbersch\u00e4tzung\u00a0nach Schlaganfall"}]},{"@type":"WebSite","@id":"https:\/\/www.vitalibera.org\/community\/#website","url":"https:\/\/www.vitalibera.org\/community\/","name":"vitalibera.org","description":"Mit einer Einschr&auml;nkung gestaltet sich das Leben im Alltag oft schwieriger - hier berichten wir &uuml;ber unsere Erfahrungen und Hilfsmittel um den Alltag so unbeschwert und unkompliziert wie nur m&ouml;glich geniessen zu k&ouml;nnen. Dabei richten wir unseren Fokus gezielt auf Selbst&auml;ndigkeit, Eigenst&auml;ndigkeit und Selbstbestimmung.","publisher":{"@id":"https:\/\/www.vitalibera.org\/community\/#organization"},"potentialAction":[{"@type":"SearchAction","target":{"@type":"EntryPoint","urlTemplate":"https:\/\/www.vitalibera.org\/community\/?s={search_term_string}"},"query-input":{"@type":"PropertyValueSpecification","valueRequired":true,"valueName":"search_term_string"}}],"inLanguage":"de"},{"@type":"Organization","@id":"https:\/\/www.vitalibera.org\/community\/#organization","name":"vitalibera.org","url":"https:\/\/www.vitalibera.org\/community\/","logo":{"@type":"ImageObject","inLanguage":"de","@id":"https:\/\/www.vitalibera.org\/community\/#\/schema\/logo\/image\/","url":"https:\/\/www.vitalibera.org\/community\/wp-content\/uploads\/2025\/09\/cropped-banner.png","contentUrl":"https:\/\/www.vitalibera.org\/community\/wp-content\/uploads\/2025\/09\/cropped-banner.png","width":991,"height":150,"caption":"vitalibera.org"},"image":{"@id":"https:\/\/www.vitalibera.org\/community\/#\/schema\/logo\/image\/"},"sameAs":["https:\/\/www.facebook.com\/groups\/2997085857140235"]},{"@type":"Person","@id":"https:\/\/www.vitalibera.org\/community\/#\/schema\/person\/6712387298421f222ff6d0a2e22c1534","name":"Andreas Jecklin","image":{"@type":"ImageObject","inLanguage":"de","@id":"https:\/\/secure.gravatar.com\/avatar\/ad516503a11cd5ca435acc9bb6523536?s=96","url":"https:\/\/secure.gravatar.com\/avatar\/ad516503a11cd5ca435acc9bb6523536?s=96","contentUrl":"https:\/\/secure.gravatar.com\/avatar\/ad516503a11cd5ca435acc9bb6523536?s=96","caption":"Andreas Jecklin"},"description":"Manchen gab Gott die Kraft Dinge zu ver\u00e4ndern, mir gab er die Kraft zu ertragen was nicht mehr zu \u00e4ndern ist.","url":"https:\/\/www.vitalibera.org\/community\/author\/andy77\/"}]}},"jetpack_featured_media_url":"https:\/\/www.vitalibera.org\/community\/wp-content\/uploads\/2026\/01\/selbstueberschaetzung.png","jetpack_sharing_enabled":true,"jetpack-related-posts":[],"_links":{"self":[{"href":"https:\/\/www.vitalibera.org\/community\/wp-json\/wp\/v2\/posts\/5234","targetHints":{"allow":["GET"]}}],"collection":[{"href":"https:\/\/www.vitalibera.org\/community\/wp-json\/wp\/v2\/posts"}],"about":[{"href":"https:\/\/www.vitalibera.org\/community\/wp-json\/wp\/v2\/types\/post"}],"author":[{"embeddable":true,"href":"https:\/\/www.vitalibera.org\/community\/wp-json\/wp\/v2\/users\/2"}],"replies":[{"embeddable":true,"href":"https:\/\/www.vitalibera.org\/community\/wp-json\/wp\/v2\/comments?post=5234"}],"version-history":[{"count":2,"href":"https:\/\/www.vitalibera.org\/community\/wp-json\/wp\/v2\/posts\/5234\/revisions"}],"predecessor-version":[{"id":5240,"href":"https:\/\/www.vitalibera.org\/community\/wp-json\/wp\/v2\/posts\/5234\/revisions\/5240"}],"wp:featuredmedia":[{"embeddable":true,"href":"https:\/\/www.vitalibera.org\/community\/wp-json\/wp\/v2\/media\/5238"}],"wp:attachment":[{"href":"https:\/\/www.vitalibera.org\/community\/wp-json\/wp\/v2\/media?parent=5234"}],"wp:term":[{"taxonomy":"category","embeddable":true,"href":"https:\/\/www.vitalibera.org\/community\/wp-json\/wp\/v2\/categories?post=5234"},{"taxonomy":"post_tag","embeddable":true,"href":"https:\/\/www.vitalibera.org\/community\/wp-json\/wp\/v2\/tags?post=5234"}],"curies":[{"name":"wp","href":"https:\/\/api.w.org\/{rel}","templated":true}]}}