{"id":5303,"date":"2026-01-25T17:46:29","date_gmt":"2026-01-25T16:46:29","guid":{"rendered":"https:\/\/www.vitalibera.org\/community\/?p=5303"},"modified":"2026-01-25T17:46:34","modified_gmt":"2026-01-25T16:46:34","slug":"multifunktionaler-edelstall-alles-oeffner","status":"publish","type":"post","link":"https:\/\/www.vitalibera.org\/community\/2026\/01\/25\/multifunktionaler-edelstall-alles-oeffner\/","title":{"rendered":"Multifunktionaler Edelstall Alles \u00d6ffner"},"content":{"rendered":"\n<div class=\"wp-block-media-text is-stacked-on-mobile is-vertically-aligned-top\"><figure class=\"wp-block-media-text__media\"><img fetchpriority=\"high\" decoding=\"async\" width=\"598\" height=\"584\" src=\"https:\/\/www.vitalibera.org\/community\/wp-content\/uploads\/2026\/01\/allesoeffner.png\" alt=\"\" class=\"wp-image-5304 size-full\" srcset=\"https:\/\/www.vitalibera.org\/community\/wp-content\/uploads\/2026\/01\/allesoeffner.png 598w, https:\/\/www.vitalibera.org\/community\/wp-content\/uploads\/2026\/01\/allesoeffner-300x293.png 300w, https:\/\/www.vitalibera.org\/community\/wp-content\/uploads\/2026\/01\/allesoeffner-200x195.png 200w\" sizes=\"(max-width: 598px) 100vw, 598px\" \/><\/figure><div class=\"wp-block-media-text__content\">\n<p><strong>Ein Handgriff Unendlich viele M&ouml;glichkeiten<\/strong><\/p>\n\n\n\n<p>Der multifunktionale Edelstahl Alles &Ouml;ffner ist der zuverl&auml;ssige Helfer f&uuml;r deinen Alltag &ndash; kompakt, robust und vielseitig einsetzbar. Ob in der K&uuml;che, unterwegs oder beim Grillen, dieses durchdachte Tool erleichtert dir das &Ouml;ffnen verschiedenster Verschl&uuml;sse und spart Zeit, Kraft und Nerven.<br><br><a href=\"https:\/\/wohnherz.ch\/products\/multifunktionaler-edelstall-alles-offner?utm_source=fb&amp;utm_medium=Facebook_Desktop_Feed&amp;utm_campaign=Testing+ABO+-+Neue+Produkte&amp;utm_term=Multifunktionaler+Edelstall+Alles+%C3%96ffner+Test+Ads+2025+1&amp;utm_content=Multifunktionaler+Edelstall+Alles+%C3%96ffner+Test+Ads+2025+1+Ad1&amp;utm_id=120230557925220350&amp;fbclid=IwY2xjawPjJsFleHRuA2FlbQEwAGFkaWQBqzANmIbQ7nNydGMGYXBwX2lkEDIyMjAzOTE3ODgyMDA4OTIAAR5OlHqVAU_rF6DnUJ_IBsovcANq-j0uagv04fPomPVUQ1qH_HIuYc1P2BIXoA_aem_YN9aXKoan0fed_jM7VXk2w&amp;campaign_id=120230557925220350&amp;ad_id=120242649579010350\" target=\"_blank\" rel=\"noreferrer noopener\">Zum Angebot<\/a><\/p>\n<\/div><\/div>\n\n\n\n<p><\/p>\n\n\n\n<figure class=\"wp-block-image size-full\"><img decoding=\"async\" width=\"702\" height=\"709\" src=\"https:\/\/www.vitalibera.org\/community\/wp-content\/uploads\/2026\/01\/Screenshot-2026-01-25-174449.png\" alt=\"\" class=\"wp-image-5305\" srcset=\"https:\/\/www.vitalibera.org\/community\/wp-content\/uploads\/2026\/01\/Screenshot-2026-01-25-174449.png 702w, https:\/\/www.vitalibera.org\/community\/wp-content\/uploads\/2026\/01\/Screenshot-2026-01-25-174449-297x300.png 297w, https:\/\/www.vitalibera.org\/community\/wp-content\/uploads\/2026\/01\/Screenshot-2026-01-25-174449-150x150.png 150w, https:\/\/www.vitalibera.org\/community\/wp-content\/uploads\/2026\/01\/Screenshot-2026-01-25-174449-200x202.png 200w\" sizes=\"(max-width: 702px) 100vw, 702px\" \/><\/figure>\n","protected":false},"excerpt":{"rendered":"<p>Ein Handgriff Unendlich viele M\u00f6glichkeiten Der multifunktionale Edelstahl Alles \u00d6ffner ist der zuverl\u00e4ssige Helfer f\u00fcr deinen Alltag \u2013 kompakt, robust und vielseitig einsetzbar. Ob in der K\u00fcche, unterwegs oder beim Grillen, dieses durchdachte Tool erleichtert dir das \u00d6ffnen verschiedenster Verschl\u00fcsse und spart Zeit, Kraft und Nerven. Zum Angebot<\/p>\n","protected":false},"author":2,"featured_media":5304,"comment_status":"open","ping_status":"open","sticky":false,"template":"","format":"standard","meta":{"cybocfi_hide_featured_image":"yes","_jetpack_memberships_contains_paid_content":false,"footnotes":""},"categories":[63,161],"tags":[],"class_list":["post-5303","post","type-post","status-publish","format-standard","has-post-thumbnail","hentry","category-haushalt","category-kochen"],"yoast_head":"<!-- This site is optimized with the Yoast SEO plugin v27.4 - https:\/\/yoast.com\/product\/yoast-seo-wordpress\/ -->\r\n<title>Multifunktionaler Edelstall Alles \u00d6ffner - vitalibera.org<\/title>\r\n<meta name=\"robots\" content=\"index, follow, max-snippet:-1, max-image-preview:large, max-video-preview:-1\" \/>\r\n<link rel=\"canonical\" href=\"http:\/\/www.vitalibera.org\/community\/2026\/01\/25\/multifunktionaler-edelstall-alles-oeffner\/\" \/>\r\n<meta property=\"og:locale\" content=\"de_DE\" \/>\r\n<meta property=\"og:type\" content=\"article\" \/>\r\n<meta property=\"og:title\" content=\"Multifunktionaler Edelstall Alles \u00d6ffner - vitalibera.org\" \/>\r\n<meta property=\"og:description\" content=\"Ein Handgriff Unendlich viele M\u00f6glichkeiten Der multifunktionale Edelstahl Alles \u00d6ffner ist der zuverl\u00e4ssige Helfer f\u00fcr deinen Alltag \u2013 kompakt, robust und vielseitig einsetzbar. Ob in der K\u00fcche, unterwegs oder beim Grillen, dieses durchdachte Tool erleichtert dir das \u00d6ffnen verschiedenster Verschl\u00fcsse und spart Zeit, Kraft und Nerven. Zum Angebot\" \/>\r\n<meta property=\"og:url\" content=\"http:\/\/www.vitalibera.org\/community\/2026\/01\/25\/multifunktionaler-edelstall-alles-oeffner\/\" \/>\r\n<meta property=\"og:site_name\" content=\"vitalibera.org\" \/>\r\n<meta property=\"article:publisher\" content=\"https:\/\/www.facebook.com\/groups\/2997085857140235\" \/>\r\n<meta property=\"article:published_time\" content=\"2026-01-25T16:46:29+00:00\" \/>\r\n<meta property=\"article:modified_time\" content=\"2026-01-25T16:46:34+00:00\" \/>\r\n<meta property=\"og:image\" content=\"http:\/\/www.vitalibera.org\/community\/wp-content\/uploads\/2026\/01\/allesoeffner.png\" \/>\r\n\t<meta property=\"og:image:width\" content=\"598\" \/>\r\n\t<meta property=\"og:image:height\" content=\"584\" \/>\r\n\t<meta property=\"og:image:type\" content=\"image\/png\" \/>\r\n<meta name=\"author\" content=\"Andreas Jecklin\" \/>\r\n<meta name=\"twitter:card\" content=\"summary_large_image\" \/>\r\n<meta name=\"twitter:label1\" content=\"Verfasst von\" \/>\n\t<meta name=\"twitter:data1\" content=\"Andreas Jecklin\" \/>\n\t<meta name=\"twitter:label2\" content=\"Gesch\u00e4tzte Lesezeit\" \/>\n\t<meta name=\"twitter:data2\" content=\"1\u00a0Minute\" \/>\r\n<script type=\"application\/ld+json\" class=\"yoast-schema-graph\">{\"@context\":\"https:\\\/\\\/schema.org\",\"@graph\":[{\"@type\":\"Article\",\"@id\":\"http:\\\/\\\/www.vitalibera.org\\\/community\\\/2026\\\/01\\\/25\\\/multifunktionaler-edelstall-alles-oeffner\\\/#article\",\"isPartOf\":{\"@id\":\"http:\\\/\\\/www.vitalibera.org\\\/community\\\/2026\\\/01\\\/25\\\/multifunktionaler-edelstall-alles-oeffner\\\/\"},\"author\":{\"name\":\"Andreas Jecklin\",\"@id\":\"https:\\\/\\\/www.vitalibera.org\\\/community\\\/#\\\/schema\\\/person\\\/6712387298421f222ff6d0a2e22c1534\"},\"headline\":\"Multifunktionaler Edelstall Alles \u00d6ffner\",\"datePublished\":\"2026-01-25T16:46:29+00:00\",\"dateModified\":\"2026-01-25T16:46:34+00:00\",\"mainEntityOfPage\":{\"@id\":\"http:\\\/\\\/www.vitalibera.org\\\/community\\\/2026\\\/01\\\/25\\\/multifunktionaler-edelstall-alles-oeffner\\\/\"},\"wordCount\":56,\"commentCount\":0,\"publisher\":{\"@id\":\"https:\\\/\\\/www.vitalibera.org\\\/community\\\/#organization\"},\"image\":{\"@id\":\"http:\\\/\\\/www.vitalibera.org\\\/community\\\/2026\\\/01\\\/25\\\/multifunktionaler-edelstall-alles-oeffner\\\/#primaryimage\"},\"thumbnailUrl\":\"https:\\\/\\\/www.vitalibera.org\\\/community\\\/wp-content\\\/uploads\\\/2026\\\/01\\\/allesoeffner.png\",\"articleSection\":[\"Haushalt\",\"Kochen\"],\"inLanguage\":\"de\",\"potentialAction\":[{\"@type\":\"CommentAction\",\"name\":\"Comment\",\"target\":[\"http:\\\/\\\/www.vitalibera.org\\\/community\\\/2026\\\/01\\\/25\\\/multifunktionaler-edelstall-alles-oeffner\\\/#respond\"]}]},{\"@type\":\"WebPage\",\"@id\":\"http:\\\/\\\/www.vitalibera.org\\\/community\\\/2026\\\/01\\\/25\\\/multifunktionaler-edelstall-alles-oeffner\\\/\",\"url\":\"http:\\\/\\\/www.vitalibera.org\\\/community\\\/2026\\\/01\\\/25\\\/multifunktionaler-edelstall-alles-oeffner\\\/\",\"name\":\"Multifunktionaler Edelstall Alles \u00d6ffner - vitalibera.org\",\"isPartOf\":{\"@id\":\"https:\\\/\\\/www.vitalibera.org\\\/community\\\/#website\"},\"primaryImageOfPage\":{\"@id\":\"http:\\\/\\\/www.vitalibera.org\\\/community\\\/2026\\\/01\\\/25\\\/multifunktionaler-edelstall-alles-oeffner\\\/#primaryimage\"},\"image\":{\"@id\":\"http:\\\/\\\/www.vitalibera.org\\\/community\\\/2026\\\/01\\\/25\\\/multifunktionaler-edelstall-alles-oeffner\\\/#primaryimage\"},\"thumbnailUrl\":\"https:\\\/\\\/www.vitalibera.org\\\/community\\\/wp-content\\\/uploads\\\/2026\\\/01\\\/allesoeffner.png\",\"datePublished\":\"2026-01-25T16:46:29+00:00\",\"dateModified\":\"2026-01-25T16:46:34+00:00\",\"breadcrumb\":{\"@id\":\"http:\\\/\\\/www.vitalibera.org\\\/community\\\/2026\\\/01\\\/25\\\/multifunktionaler-edelstall-alles-oeffner\\\/#breadcrumb\"},\"inLanguage\":\"de\",\"potentialAction\":[{\"@type\":\"ReadAction\",\"target\":[\"http:\\\/\\\/www.vitalibera.org\\\/community\\\/2026\\\/01\\\/25\\\/multifunktionaler-edelstall-alles-oeffner\\\/\"]}]},{\"@type\":\"BreadcrumbList\",\"@id\":\"http:\\\/\\\/www.vitalibera.org\\\/community\\\/2026\\\/01\\\/25\\\/multifunktionaler-edelstall-alles-oeffner\\\/#breadcrumb\",\"itemListElement\":[{\"@type\":\"ListItem\",\"position\":1,\"name\":\"Startseite\",\"item\":\"https:\\\/\\\/www.vitalibera.org\\\/community\\\/\"},{\"@type\":\"ListItem\",\"position\":2,\"name\":\"Multifunktionaler Edelstall Alles \u00d6ffner\"}]},{\"@type\":\"WebSite\",\"@id\":\"https:\\\/\\\/www.vitalibera.org\\\/community\\\/#website\",\"url\":\"https:\\\/\\\/www.vitalibera.org\\\/community\\\/\",\"name\":\"vitalibera.org\",\"description\":\"Mit einer Einschr&auml;nkung gestaltet sich das Leben im Alltag oft schwieriger - hier berichten wir &uuml;ber unsere Erfahrungen und Hilfsmittel um den Alltag so unbeschwert und unkompliziert wie nur m&ouml;glich geniessen zu k&ouml;nnen. Dabei richten wir unseren Fokus gezielt auf Selbst&auml;ndigkeit, Eigenst&auml;ndigkeit und Selbstbestimmung.\",\"publisher\":{\"@id\":\"https:\\\/\\\/www.vitalibera.org\\\/community\\\/#organization\"},\"potentialAction\":[{\"@type\":\"SearchAction\",\"target\":{\"@type\":\"EntryPoint\",\"urlTemplate\":\"https:\\\/\\\/www.vitalibera.org\\\/community\\\/?s={search_term_string}\"},\"query-input\":{\"@type\":\"PropertyValueSpecification\",\"valueRequired\":true,\"valueName\":\"search_term_string\"}}],\"inLanguage\":\"de\"},{\"@type\":\"Organization\",\"@id\":\"https:\\\/\\\/www.vitalibera.org\\\/community\\\/#organization\",\"name\":\"vitalibera.org\",\"url\":\"https:\\\/\\\/www.vitalibera.org\\\/community\\\/\",\"logo\":{\"@type\":\"ImageObject\",\"inLanguage\":\"de\",\"@id\":\"https:\\\/\\\/www.vitalibera.org\\\/community\\\/#\\\/schema\\\/logo\\\/image\\\/\",\"url\":\"https:\\\/\\\/www.vitalibera.org\\\/community\\\/wp-content\\\/uploads\\\/2025\\\/09\\\/cropped-banner.png\",\"contentUrl\":\"https:\\\/\\\/www.vitalibera.org\\\/community\\\/wp-content\\\/uploads\\\/2025\\\/09\\\/cropped-banner.png\",\"width\":991,\"height\":150,\"caption\":\"vitalibera.org\"},\"image\":{\"@id\":\"https:\\\/\\\/www.vitalibera.org\\\/community\\\/#\\\/schema\\\/logo\\\/image\\\/\"},\"sameAs\":[\"https:\\\/\\\/www.facebook.com\\\/groups\\\/2997085857140235\"]},{\"@type\":\"Person\",\"@id\":\"https:\\\/\\\/www.vitalibera.org\\\/community\\\/#\\\/schema\\\/person\\\/6712387298421f222ff6d0a2e22c1534\",\"name\":\"Andreas Jecklin\",\"image\":{\"@type\":\"ImageObject\",\"inLanguage\":\"de\",\"@id\":\"https:\\\/\\\/secure.gravatar.com\\\/avatar\\\/ad516503a11cd5ca435acc9bb6523536?s=96\",\"url\":\"https:\\\/\\\/secure.gravatar.com\\\/avatar\\\/ad516503a11cd5ca435acc9bb6523536?s=96\",\"contentUrl\":\"https:\\\/\\\/secure.gravatar.com\\\/avatar\\\/ad516503a11cd5ca435acc9bb6523536?s=96\",\"caption\":\"Andreas Jecklin\"},\"description\":\"Manchen gab Gott die Kraft Dinge zu ver\u00e4ndern, mir gab er die Kraft zu ertragen was nicht mehr zu \u00e4ndern ist.\",\"url\":\"https:\\\/\\\/www.vitalibera.org\\\/community\\\/author\\\/andy77\\\/\"}]}<\/script>\r\n<!-- \/ Yoast SEO plugin. -->","yoast_head_json":{"title":"Multifunktionaler Edelstall Alles \u00d6ffner - vitalibera.org","robots":{"index":"index","follow":"follow","max-snippet":"max-snippet:-1","max-image-preview":"max-image-preview:large","max-video-preview":"max-video-preview:-1"},"canonical":"http:\/\/www.vitalibera.org\/community\/2026\/01\/25\/multifunktionaler-edelstall-alles-oeffner\/","og_locale":"de_DE","og_type":"article","og_title":"Multifunktionaler Edelstall Alles \u00d6ffner - vitalibera.org","og_description":"Ein Handgriff Unendlich viele M\u00f6glichkeiten Der multifunktionale Edelstahl Alles \u00d6ffner ist der zuverl\u00e4ssige Helfer f\u00fcr deinen Alltag \u2013 kompakt, robust und vielseitig einsetzbar. Ob in der K\u00fcche, unterwegs oder beim Grillen, dieses durchdachte Tool erleichtert dir das \u00d6ffnen verschiedenster Verschl\u00fcsse und spart Zeit, Kraft und Nerven. Zum Angebot","og_url":"http:\/\/www.vitalibera.org\/community\/2026\/01\/25\/multifunktionaler-edelstall-alles-oeffner\/","og_site_name":"vitalibera.org","article_publisher":"https:\/\/www.facebook.com\/groups\/2997085857140235","article_published_time":"2026-01-25T16:46:29+00:00","article_modified_time":"2026-01-25T16:46:34+00:00","og_image":[{"width":598,"height":584,"url":"http:\/\/www.vitalibera.org\/community\/wp-content\/uploads\/2026\/01\/allesoeffner.png","type":"image\/png"}],"author":"Andreas Jecklin","twitter_card":"summary_large_image","twitter_misc":{"Verfasst von":"Andreas Jecklin","Gesch\u00e4tzte Lesezeit":"1\u00a0Minute"},"schema":{"@context":"https:\/\/schema.org","@graph":[{"@type":"Article","@id":"http:\/\/www.vitalibera.org\/community\/2026\/01\/25\/multifunktionaler-edelstall-alles-oeffner\/#article","isPartOf":{"@id":"http:\/\/www.vitalibera.org\/community\/2026\/01\/25\/multifunktionaler-edelstall-alles-oeffner\/"},"author":{"name":"Andreas Jecklin","@id":"https:\/\/www.vitalibera.org\/community\/#\/schema\/person\/6712387298421f222ff6d0a2e22c1534"},"headline":"Multifunktionaler Edelstall Alles \u00d6ffner","datePublished":"2026-01-25T16:46:29+00:00","dateModified":"2026-01-25T16:46:34+00:00","mainEntityOfPage":{"@id":"http:\/\/www.vitalibera.org\/community\/2026\/01\/25\/multifunktionaler-edelstall-alles-oeffner\/"},"wordCount":56,"commentCount":0,"publisher":{"@id":"https:\/\/www.vitalibera.org\/community\/#organization"},"image":{"@id":"http:\/\/www.vitalibera.org\/community\/2026\/01\/25\/multifunktionaler-edelstall-alles-oeffner\/#primaryimage"},"thumbnailUrl":"https:\/\/www.vitalibera.org\/community\/wp-content\/uploads\/2026\/01\/allesoeffner.png","articleSection":["Haushalt","Kochen"],"inLanguage":"de","potentialAction":[{"@type":"CommentAction","name":"Comment","target":["http:\/\/www.vitalibera.org\/community\/2026\/01\/25\/multifunktionaler-edelstall-alles-oeffner\/#respond"]}]},{"@type":"WebPage","@id":"http:\/\/www.vitalibera.org\/community\/2026\/01\/25\/multifunktionaler-edelstall-alles-oeffner\/","url":"http:\/\/www.vitalibera.org\/community\/2026\/01\/25\/multifunktionaler-edelstall-alles-oeffner\/","name":"Multifunktionaler Edelstall Alles \u00d6ffner - vitalibera.org","isPartOf":{"@id":"https:\/\/www.vitalibera.org\/community\/#website"},"primaryImageOfPage":{"@id":"http:\/\/www.vitalibera.org\/community\/2026\/01\/25\/multifunktionaler-edelstall-alles-oeffner\/#primaryimage"},"image":{"@id":"http:\/\/www.vitalibera.org\/community\/2026\/01\/25\/multifunktionaler-edelstall-alles-oeffner\/#primaryimage"},"thumbnailUrl":"https:\/\/www.vitalibera.org\/community\/wp-content\/uploads\/2026\/01\/allesoeffner.png","datePublished":"2026-01-25T16:46:29+00:00","dateModified":"2026-01-25T16:46:34+00:00","breadcrumb":{"@id":"http:\/\/www.vitalibera.org\/community\/2026\/01\/25\/multifunktionaler-edelstall-alles-oeffner\/#breadcrumb"},"inLanguage":"de","potentialAction":[{"@type":"ReadAction","target":["http:\/\/www.vitalibera.org\/community\/2026\/01\/25\/multifunktionaler-edelstall-alles-oeffner\/"]}]},{"@type":"BreadcrumbList","@id":"http:\/\/www.vitalibera.org\/community\/2026\/01\/25\/multifunktionaler-edelstall-alles-oeffner\/#breadcrumb","itemListElement":[{"@type":"ListItem","position":1,"name":"Startseite","item":"https:\/\/www.vitalibera.org\/community\/"},{"@type":"ListItem","position":2,"name":"Multifunktionaler Edelstall Alles \u00d6ffner"}]},{"@type":"WebSite","@id":"https:\/\/www.vitalibera.org\/community\/#website","url":"https:\/\/www.vitalibera.org\/community\/","name":"vitalibera.org","description":"Mit einer Einschr&auml;nkung gestaltet sich das Leben im Alltag oft schwieriger - hier berichten wir &uuml;ber unsere Erfahrungen und Hilfsmittel um den Alltag so unbeschwert und unkompliziert wie nur m&ouml;glich geniessen zu k&ouml;nnen. Dabei richten wir unseren Fokus gezielt auf Selbst&auml;ndigkeit, Eigenst&auml;ndigkeit und Selbstbestimmung.","publisher":{"@id":"https:\/\/www.vitalibera.org\/community\/#organization"},"potentialAction":[{"@type":"SearchAction","target":{"@type":"EntryPoint","urlTemplate":"https:\/\/www.vitalibera.org\/community\/?s={search_term_string}"},"query-input":{"@type":"PropertyValueSpecification","valueRequired":true,"valueName":"search_term_string"}}],"inLanguage":"de"},{"@type":"Organization","@id":"https:\/\/www.vitalibera.org\/community\/#organization","name":"vitalibera.org","url":"https:\/\/www.vitalibera.org\/community\/","logo":{"@type":"ImageObject","inLanguage":"de","@id":"https:\/\/www.vitalibera.org\/community\/#\/schema\/logo\/image\/","url":"https:\/\/www.vitalibera.org\/community\/wp-content\/uploads\/2025\/09\/cropped-banner.png","contentUrl":"https:\/\/www.vitalibera.org\/community\/wp-content\/uploads\/2025\/09\/cropped-banner.png","width":991,"height":150,"caption":"vitalibera.org"},"image":{"@id":"https:\/\/www.vitalibera.org\/community\/#\/schema\/logo\/image\/"},"sameAs":["https:\/\/www.facebook.com\/groups\/2997085857140235"]},{"@type":"Person","@id":"https:\/\/www.vitalibera.org\/community\/#\/schema\/person\/6712387298421f222ff6d0a2e22c1534","name":"Andreas Jecklin","image":{"@type":"ImageObject","inLanguage":"de","@id":"https:\/\/secure.gravatar.com\/avatar\/ad516503a11cd5ca435acc9bb6523536?s=96","url":"https:\/\/secure.gravatar.com\/avatar\/ad516503a11cd5ca435acc9bb6523536?s=96","contentUrl":"https:\/\/secure.gravatar.com\/avatar\/ad516503a11cd5ca435acc9bb6523536?s=96","caption":"Andreas Jecklin"},"description":"Manchen gab Gott die Kraft Dinge zu ver\u00e4ndern, mir gab er die Kraft zu ertragen was nicht mehr zu \u00e4ndern ist.","url":"https:\/\/www.vitalibera.org\/community\/author\/andy77\/"}]}},"jetpack_featured_media_url":"https:\/\/www.vitalibera.org\/community\/wp-content\/uploads\/2026\/01\/allesoeffner.png","jetpack_sharing_enabled":true,"jetpack-related-posts":[],"_links":{"self":[{"href":"https:\/\/www.vitalibera.org\/community\/wp-json\/wp\/v2\/posts\/5303","targetHints":{"allow":["GET"]}}],"collection":[{"href":"https:\/\/www.vitalibera.org\/community\/wp-json\/wp\/v2\/posts"}],"about":[{"href":"https:\/\/www.vitalibera.org\/community\/wp-json\/wp\/v2\/types\/post"}],"author":[{"embeddable":true,"href":"https:\/\/www.vitalibera.org\/community\/wp-json\/wp\/v2\/users\/2"}],"replies":[{"embeddable":true,"href":"https:\/\/www.vitalibera.org\/community\/wp-json\/wp\/v2\/comments?post=5303"}],"version-history":[{"count":1,"href":"https:\/\/www.vitalibera.org\/community\/wp-json\/wp\/v2\/posts\/5303\/revisions"}],"predecessor-version":[{"id":5306,"href":"https:\/\/www.vitalibera.org\/community\/wp-json\/wp\/v2\/posts\/5303\/revisions\/5306"}],"wp:featuredmedia":[{"embeddable":true,"href":"https:\/\/www.vitalibera.org\/community\/wp-json\/wp\/v2\/media\/5304"}],"wp:attachment":[{"href":"https:\/\/www.vitalibera.org\/community\/wp-json\/wp\/v2\/media?parent=5303"}],"wp:term":[{"taxonomy":"category","embeddable":true,"href":"https:\/\/www.vitalibera.org\/community\/wp-json\/wp\/v2\/categories?post=5303"},{"taxonomy":"post_tag","embeddable":true,"href":"https:\/\/www.vitalibera.org\/community\/wp-json\/wp\/v2\/tags?post=5303"}],"curies":[{"name":"wp","href":"https:\/\/api.w.org\/{rel}","templated":true}]}}