{"id":5421,"date":"2026-02-06T17:35:58","date_gmt":"2026-02-06T16:35:58","guid":{"rendered":"http:\/\/www.vitalibera.org\/community\/?p=5421"},"modified":"2026-02-09T14:11:14","modified_gmt":"2026-02-09T13:11:14","slug":"badewannenlift","status":"publish","type":"post","link":"https:\/\/www.vitalibera.org\/community\/2026\/02\/06\/badewannenlift\/","title":{"rendered":"Badewannenlift"},"content":{"rendered":"<div class=\"postie-post\">\n<div>\n<div><\/div>\n<div>Der Badewannenlift &ndash; sicher und selbstst&auml;ndig baden trotz eingeschr&auml;nkter Mobilit&auml;t<\/div>\n<div><\/div>\n<div>Ein warmes Bad bedeutet Entspannung, Wohlbefinden und ein St&uuml;ck Lebensqualit&auml;t. F&uuml;r Menschen mit eingeschr&auml;nkter Mobilit&auml;t kann der Ein- und Ausstieg in die Badewanne jedoch zur gro&szlig;en Herausforderung oder sogar zum Sicherheitsrisiko werden.<\/div>\n<div>Ein Badewannenlift bietet hier eine komfortable und sichere L&ouml;sung, um das Baden wieder selbstst&auml;ndig und angstfrei genie&szlig;en zu k&ouml;nnen.<\/div>\n<div><strong>Was ist ein Badewannenlift?<\/strong><\/div>\n<div>Ein Badewannenlift ist eine technische Einstiegshilfe f&uuml;r die Badewanne. Er besteht in der Regel aus einer stabilen Sitzfl&auml;che mit R&uuml;ckenlehne, die in der Badewanne befestigt wird. Mithilfe eines Motors oder eines hydraulischen Systems senkt sich der Sitz langsam und kontrolliert bis zum Wannenboden ab &ndash; und hebt sich&nbsp; ebenso wieder nach oben.<\/div>\n<div>Der Lift wird meist per handlicher Fernbedienung gesteuert und ist einfach zu bedienen.<\/div>\n<div><\/div>\n<div><strong>So funktioniert ein Badewannenlift<\/strong><\/div>\n<div><\/div>\n<div><em><strong>Sicher Platz nehmen<\/strong><\/em><\/div>\n<div>Der Nutzer setzt sich au&szlig;erhalb der Wanne auf den Lift, der sich auf H&ouml;he des Wannenrandes befindet, anschlie&szlig;end werden die Beine in die Wanne gehoben.<\/div>\n<div><em><strong>Absenken in die Wanne<\/strong><\/em><\/div>\n<div>Per Knopfdruck f&auml;hrt der Sitz langsam und gleichm&auml;&szlig;ig nach unten, bis die gew&uuml;nschte Badeh&ouml;he erreicht ist.<\/div>\n<div><em><strong>Entspannt baden<\/strong><\/em><\/div>\n<div>Der Lift bleibt stabil in Position, sodass ein sicheres und komfortables Bad m&ouml;glich ist.<\/div>\n<div><em><strong>Anheben nach dem Baden<\/strong><\/em><\/div>\n<div>Nach dem Bad hebt der Lift den Nutzer wieder nach oben &ndash; ohne Kraftaufwand und ohne gef&auml;hrliches Aufstehen<strong><strong><em>.<\/em><\/strong><\/strong>\n<\/div>\n<div>Viele Modelle verf&uuml;gen &uuml;ber rutschfeste Sitzfl&auml;chen, seitliche Fl&uuml;gel f&uuml;r zus&auml;tzlichen Halt sowie Akkubetrieb, sodass kein Stromanschluss im Bad erforderlich ist. Somit ist Nutzer&nbsp; weniger oder gar nicht auf Hilfe von Angeh&ouml;rigen oder Pflegepersonal angewiesen.<\/div>\n<div><\/div>\n<div>Einfache Montage<\/div>\n<div>Die meisten Badewannenlifte lassen sich ohne bauliche Ver&auml;nderungen installieren und r&uuml;ckstandslos entfernen.<\/div>\n<div>Mehr Lebensqualit&auml;t<\/div>\n<div>Baden wird wieder zu einem angenehmen, entspannenden Erlebnis statt einer belastenden Aufgabe.<\/div>\n<div>F&uuml;r wen ist ein Badewannenlift geeignet?<\/div>\n<div>Badewannenlifte eignen sich unter anderem f&uuml;r:<\/div>\n<div>&ndash; &auml;ltere Menschen<\/div>\n<div>&ndash; Personen mit Gehbehinderung<\/div>\n<div>&ndash; Menschen mit chronischen Erkrankungen oder nach Operationen<\/div>\n<div>&ndash; Personen mit eingeschr&auml;nkter Muskelkraft oder Gleichgewichtsproblemen.<\/div>\n<div><\/div>\n<div>Auch pflegende Angeh&ouml;rige profitieren, da k&ouml;rperliche Belastungen beim Helfen deutlich reduziert werden.<\/div>\n<div>\n<p><strong>Fazit<\/strong><\/p>\n<\/div>\n<div>Ein Badewannenlift ist eine praktische, sichere und komfortable L&ouml;sung f&uuml;r alle, die trotz eingeschr&auml;nkter Mobilit&auml;t nicht auf ein entspannendes Bad verzichten m&ouml;chten. Er unterst&uuml;tzt die Selbstst&auml;ndigkeit, erh&ouml;ht die Sicherheit im Badezimmer und tr&auml;gt sp&uuml;rbar zu mehr Lebensqualit&auml;t im Alltag bei.<\/div>\n<div><strong>VITALIBERA TIPP<\/strong><\/div>\n<div>Ein Haltegriff f&uuml;r den Badewannenrand, der ohne bohren an den Rand der Badewanne fest geklemmt wird, bietet hierzu die perfekte Erg&auml;nzung!<\/div>\n<div><\/div>\n<div><strong>VITALIBERA TOP-TIPP<\/strong><\/div>\n<div>Vom Arzt als medizinisch notwendig eingesch&auml;tzt und verschieben, sind solche Lifte als Hilfsmittel von der Krankenkasse erstattungsf&auml;hig.&nbsp;Mit bestehendem Pflegegrad auch &uuml;ber die Pflegekasse, als Ma&szlig;nahme&nbsp; zur Wohnumfeldoptimierung<\/div>\n<\/div>\n<div class=\"postie-attachments\"><a href=\"http:\/\/www.vitalibera.org\/community\/?attachment_id=5422#main\"><img decoding=\"async\" class=\"alignnone size-medium wp-image-5422\" src=\"http:\/\/www.vitalibera.org\/community\/wp-content\/uploads\/2026\/02\/file_00000000f90471f4a119342dcce785b1-300x200.png\" alt=\"\" width=\"300px\" height=\"200px\" srcset=\"https:\/\/www.vitalibera.org\/community\/wp-content\/uploads\/2026\/02\/file_00000000f90471f4a119342dcce785b1-300x200.png 300w, https:\/\/www.vitalibera.org\/community\/wp-content\/uploads\/2026\/02\/file_00000000f90471f4a119342dcce785b1-1024x683.png 1024w, https:\/\/www.vitalibera.org\/community\/wp-content\/uploads\/2026\/02\/file_00000000f90471f4a119342dcce785b1-768x512.png 768w, https:\/\/www.vitalibera.org\/community\/wp-content\/uploads\/2026\/02\/file_00000000f90471f4a119342dcce785b1-200x133.png 200w, https:\/\/www.vitalibera.org\/community\/wp-content\/uploads\/2026\/02\/file_00000000f90471f4a119342dcce785b1.png 1536w\" sizes=\"(max-width: 300px) 100vw, 300px\" \/><\/a><\/div>\n<\/div>\n","protected":false},"excerpt":{"rendered":"<p>Der Badewannenlift \u2013 sicher und selbstst\u00e4ndig baden trotz eingeschr\u00e4nkter Mobilit\u00e4t<\/p>\n","protected":false},"author":3,"featured_media":5425,"comment_status":"open","ping_status":"open","sticky":false,"template":"","format":"standard","meta":{"cybocfi_hide_featured_image":"yes","_jetpack_memberships_contains_paid_content":false,"footnotes":""},"categories":[225,43],"tags":[450],"class_list":["post-5421","post","type-post","status-publish","format-standard","has-post-thumbnail","hentry","category-hilfe-fuer-angehoerige","category-pflege","tag-badewannenlift"],"yoast_head":"<!-- This site is optimized with the Yoast SEO plugin v27.4 - https:\/\/yoast.com\/product\/yoast-seo-wordpress\/ -->\r\n<title>Badewannenlift - vitalibera.org<\/title>\r\n<meta name=\"robots\" content=\"index, follow, max-snippet:-1, max-image-preview:large, max-video-preview:-1\" \/>\r\n<link rel=\"canonical\" href=\"http:\/\/www.vitalibera.org\/community\/2026\/02\/06\/badewannenlift\/\" \/>\r\n<meta property=\"og:locale\" content=\"de_DE\" \/>\r\n<meta property=\"og:type\" content=\"article\" \/>\r\n<meta property=\"og:title\" content=\"Badewannenlift - vitalibera.org\" \/>\r\n<meta property=\"og:description\" content=\"Der Badewannenlift \u2013 sicher und selbstst\u00e4ndig baden trotz eingeschr\u00e4nkter Mobilit\u00e4t\" \/>\r\n<meta property=\"og:url\" content=\"http:\/\/www.vitalibera.org\/community\/2026\/02\/06\/badewannenlift\/\" \/>\r\n<meta property=\"og:site_name\" content=\"vitalibera.org\" \/>\r\n<meta property=\"article:publisher\" content=\"https:\/\/www.facebook.com\/groups\/2997085857140235\" \/>\r\n<meta property=\"article:published_time\" content=\"2026-02-06T16:35:58+00:00\" \/>\r\n<meta property=\"article:modified_time\" content=\"2026-02-09T13:11:14+00:00\" \/>\r\n<meta property=\"og:image\" content=\"http:\/\/www.vitalibera.org\/community\/wp-content\/uploads\/2026\/02\/klassischer-badewannenlifter-315x315-1.png\" \/>\r\n\t<meta property=\"og:image:width\" content=\"315\" \/>\r\n\t<meta property=\"og:image:height\" content=\"315\" \/>\r\n\t<meta property=\"og:image:type\" content=\"image\/png\" \/>\r\n<meta name=\"author\" content=\"Heidi\" \/>\r\n<meta name=\"twitter:card\" content=\"summary_large_image\" \/>\r\n<meta name=\"twitter:label1\" content=\"Verfasst von\" \/>\n\t<meta name=\"twitter:data1\" content=\"Heidi\" \/>\n\t<meta name=\"twitter:label2\" content=\"Gesch\u00e4tzte Lesezeit\" \/>\n\t<meta name=\"twitter:data2\" content=\"3\u00a0Minuten\" \/>\r\n<script type=\"application\/ld+json\" class=\"yoast-schema-graph\">{\"@context\":\"https:\\\/\\\/schema.org\",\"@graph\":[{\"@type\":\"Article\",\"@id\":\"http:\\\/\\\/www.vitalibera.org\\\/community\\\/2026\\\/02\\\/06\\\/badewannenlift\\\/#article\",\"isPartOf\":{\"@id\":\"http:\\\/\\\/www.vitalibera.org\\\/community\\\/2026\\\/02\\\/06\\\/badewannenlift\\\/\"},\"author\":{\"name\":\"Heidi\",\"@id\":\"https:\\\/\\\/www.vitalibera.org\\\/community\\\/#\\\/schema\\\/person\\\/fbd95034e2e55dc43396976b7e9db47c\"},\"headline\":\"Badewannenlift\",\"datePublished\":\"2026-02-06T16:35:58+00:00\",\"dateModified\":\"2026-02-09T13:11:14+00:00\",\"mainEntityOfPage\":{\"@id\":\"http:\\\/\\\/www.vitalibera.org\\\/community\\\/2026\\\/02\\\/06\\\/badewannenlift\\\/\"},\"wordCount\":475,\"commentCount\":0,\"publisher\":{\"@id\":\"https:\\\/\\\/www.vitalibera.org\\\/community\\\/#organization\"},\"image\":{\"@id\":\"http:\\\/\\\/www.vitalibera.org\\\/community\\\/2026\\\/02\\\/06\\\/badewannenlift\\\/#primaryimage\"},\"thumbnailUrl\":\"https:\\\/\\\/www.vitalibera.org\\\/community\\\/wp-content\\\/uploads\\\/2026\\\/02\\\/klassischer-badewannenlifter-315x315-1.png\",\"keywords\":[\"Badewannenlift\"],\"articleSection\":[\"Hilfe f\u00fcr Angeh\u00f6rige\",\"Pflege\"],\"inLanguage\":\"de\",\"potentialAction\":[{\"@type\":\"CommentAction\",\"name\":\"Comment\",\"target\":[\"http:\\\/\\\/www.vitalibera.org\\\/community\\\/2026\\\/02\\\/06\\\/badewannenlift\\\/#respond\"]}]},{\"@type\":\"WebPage\",\"@id\":\"http:\\\/\\\/www.vitalibera.org\\\/community\\\/2026\\\/02\\\/06\\\/badewannenlift\\\/\",\"url\":\"http:\\\/\\\/www.vitalibera.org\\\/community\\\/2026\\\/02\\\/06\\\/badewannenlift\\\/\",\"name\":\"Badewannenlift - vitalibera.org\",\"isPartOf\":{\"@id\":\"https:\\\/\\\/www.vitalibera.org\\\/community\\\/#website\"},\"primaryImageOfPage\":{\"@id\":\"http:\\\/\\\/www.vitalibera.org\\\/community\\\/2026\\\/02\\\/06\\\/badewannenlift\\\/#primaryimage\"},\"image\":{\"@id\":\"http:\\\/\\\/www.vitalibera.org\\\/community\\\/2026\\\/02\\\/06\\\/badewannenlift\\\/#primaryimage\"},\"thumbnailUrl\":\"https:\\\/\\\/www.vitalibera.org\\\/community\\\/wp-content\\\/uploads\\\/2026\\\/02\\\/klassischer-badewannenlifter-315x315-1.png\",\"datePublished\":\"2026-02-06T16:35:58+00:00\",\"dateModified\":\"2026-02-09T13:11:14+00:00\",\"breadcrumb\":{\"@id\":\"http:\\\/\\\/www.vitalibera.org\\\/community\\\/2026\\\/02\\\/06\\\/badewannenlift\\\/#breadcrumb\"},\"inLanguage\":\"de\",\"potentialAction\":[{\"@type\":\"ReadAction\",\"target\":[\"http:\\\/\\\/www.vitalibera.org\\\/community\\\/2026\\\/02\\\/06\\\/badewannenlift\\\/\"]}]},{\"@type\":\"BreadcrumbList\",\"@id\":\"http:\\\/\\\/www.vitalibera.org\\\/community\\\/2026\\\/02\\\/06\\\/badewannenlift\\\/#breadcrumb\",\"itemListElement\":[{\"@type\":\"ListItem\",\"position\":1,\"name\":\"Startseite\",\"item\":\"https:\\\/\\\/www.vitalibera.org\\\/community\\\/\"},{\"@type\":\"ListItem\",\"position\":2,\"name\":\"Badewannenlift\"}]},{\"@type\":\"WebSite\",\"@id\":\"https:\\\/\\\/www.vitalibera.org\\\/community\\\/#website\",\"url\":\"https:\\\/\\\/www.vitalibera.org\\\/community\\\/\",\"name\":\"vitalibera.org\",\"description\":\"Mit einer Einschr&auml;nkung gestaltet sich das Leben im Alltag oft schwieriger - hier berichten wir &uuml;ber unsere Erfahrungen und Hilfsmittel um den Alltag so unbeschwert und unkompliziert wie nur m&ouml;glich geniessen zu k&ouml;nnen. Dabei richten wir unseren Fokus gezielt auf Selbst&auml;ndigkeit, Eigenst&auml;ndigkeit und Selbstbestimmung.\",\"publisher\":{\"@id\":\"https:\\\/\\\/www.vitalibera.org\\\/community\\\/#organization\"},\"potentialAction\":[{\"@type\":\"SearchAction\",\"target\":{\"@type\":\"EntryPoint\",\"urlTemplate\":\"https:\\\/\\\/www.vitalibera.org\\\/community\\\/?s={search_term_string}\"},\"query-input\":{\"@type\":\"PropertyValueSpecification\",\"valueRequired\":true,\"valueName\":\"search_term_string\"}}],\"inLanguage\":\"de\"},{\"@type\":\"Organization\",\"@id\":\"https:\\\/\\\/www.vitalibera.org\\\/community\\\/#organization\",\"name\":\"vitalibera.org\",\"url\":\"https:\\\/\\\/www.vitalibera.org\\\/community\\\/\",\"logo\":{\"@type\":\"ImageObject\",\"inLanguage\":\"de\",\"@id\":\"https:\\\/\\\/www.vitalibera.org\\\/community\\\/#\\\/schema\\\/logo\\\/image\\\/\",\"url\":\"https:\\\/\\\/www.vitalibera.org\\\/community\\\/wp-content\\\/uploads\\\/2025\\\/09\\\/cropped-banner.png\",\"contentUrl\":\"https:\\\/\\\/www.vitalibera.org\\\/community\\\/wp-content\\\/uploads\\\/2025\\\/09\\\/cropped-banner.png\",\"width\":991,\"height\":150,\"caption\":\"vitalibera.org\"},\"image\":{\"@id\":\"https:\\\/\\\/www.vitalibera.org\\\/community\\\/#\\\/schema\\\/logo\\\/image\\\/\"},\"sameAs\":[\"https:\\\/\\\/www.facebook.com\\\/groups\\\/2997085857140235\"]},{\"@type\":\"Person\",\"@id\":\"https:\\\/\\\/www.vitalibera.org\\\/community\\\/#\\\/schema\\\/person\\\/fbd95034e2e55dc43396976b7e9db47c\",\"name\":\"Heidi\",\"image\":{\"@type\":\"ImageObject\",\"inLanguage\":\"de\",\"@id\":\"https:\\\/\\\/secure.gravatar.com\\\/avatar\\\/ad516503a11cd5ca435acc9bb6523536?s=96\",\"url\":\"https:\\\/\\\/secure.gravatar.com\\\/avatar\\\/ad516503a11cd5ca435acc9bb6523536?s=96\",\"contentUrl\":\"https:\\\/\\\/secure.gravatar.com\\\/avatar\\\/ad516503a11cd5ca435acc9bb6523536?s=96\",\"caption\":\"Heidi\"},\"description\":\"Nach Schuss in den Kopf, bei Moranschlag durch polizeibekannten Verbrecher, halbseitig links gel\u00e4hmt.\",\"url\":\"https:\\\/\\\/www.vitalibera.org\\\/community\\\/author\\\/phoenix\\\/\"}]}<\/script>\r\n<!-- \/ Yoast SEO plugin. -->","yoast_head_json":{"title":"Badewannenlift - vitalibera.org","robots":{"index":"index","follow":"follow","max-snippet":"max-snippet:-1","max-image-preview":"max-image-preview:large","max-video-preview":"max-video-preview:-1"},"canonical":"http:\/\/www.vitalibera.org\/community\/2026\/02\/06\/badewannenlift\/","og_locale":"de_DE","og_type":"article","og_title":"Badewannenlift - vitalibera.org","og_description":"Der Badewannenlift \u2013 sicher und selbstst\u00e4ndig baden trotz eingeschr\u00e4nkter Mobilit\u00e4t","og_url":"http:\/\/www.vitalibera.org\/community\/2026\/02\/06\/badewannenlift\/","og_site_name":"vitalibera.org","article_publisher":"https:\/\/www.facebook.com\/groups\/2997085857140235","article_published_time":"2026-02-06T16:35:58+00:00","article_modified_time":"2026-02-09T13:11:14+00:00","og_image":[{"width":315,"height":315,"url":"http:\/\/www.vitalibera.org\/community\/wp-content\/uploads\/2026\/02\/klassischer-badewannenlifter-315x315-1.png","type":"image\/png"}],"author":"Heidi","twitter_card":"summary_large_image","twitter_misc":{"Verfasst von":"Heidi","Gesch\u00e4tzte Lesezeit":"3\u00a0Minuten"},"schema":{"@context":"https:\/\/schema.org","@graph":[{"@type":"Article","@id":"http:\/\/www.vitalibera.org\/community\/2026\/02\/06\/badewannenlift\/#article","isPartOf":{"@id":"http:\/\/www.vitalibera.org\/community\/2026\/02\/06\/badewannenlift\/"},"author":{"name":"Heidi","@id":"https:\/\/www.vitalibera.org\/community\/#\/schema\/person\/fbd95034e2e55dc43396976b7e9db47c"},"headline":"Badewannenlift","datePublished":"2026-02-06T16:35:58+00:00","dateModified":"2026-02-09T13:11:14+00:00","mainEntityOfPage":{"@id":"http:\/\/www.vitalibera.org\/community\/2026\/02\/06\/badewannenlift\/"},"wordCount":475,"commentCount":0,"publisher":{"@id":"https:\/\/www.vitalibera.org\/community\/#organization"},"image":{"@id":"http:\/\/www.vitalibera.org\/community\/2026\/02\/06\/badewannenlift\/#primaryimage"},"thumbnailUrl":"https:\/\/www.vitalibera.org\/community\/wp-content\/uploads\/2026\/02\/klassischer-badewannenlifter-315x315-1.png","keywords":["Badewannenlift"],"articleSection":["Hilfe f\u00fcr Angeh\u00f6rige","Pflege"],"inLanguage":"de","potentialAction":[{"@type":"CommentAction","name":"Comment","target":["http:\/\/www.vitalibera.org\/community\/2026\/02\/06\/badewannenlift\/#respond"]}]},{"@type":"WebPage","@id":"http:\/\/www.vitalibera.org\/community\/2026\/02\/06\/badewannenlift\/","url":"http:\/\/www.vitalibera.org\/community\/2026\/02\/06\/badewannenlift\/","name":"Badewannenlift - vitalibera.org","isPartOf":{"@id":"https:\/\/www.vitalibera.org\/community\/#website"},"primaryImageOfPage":{"@id":"http:\/\/www.vitalibera.org\/community\/2026\/02\/06\/badewannenlift\/#primaryimage"},"image":{"@id":"http:\/\/www.vitalibera.org\/community\/2026\/02\/06\/badewannenlift\/#primaryimage"},"thumbnailUrl":"https:\/\/www.vitalibera.org\/community\/wp-content\/uploads\/2026\/02\/klassischer-badewannenlifter-315x315-1.png","datePublished":"2026-02-06T16:35:58+00:00","dateModified":"2026-02-09T13:11:14+00:00","breadcrumb":{"@id":"http:\/\/www.vitalibera.org\/community\/2026\/02\/06\/badewannenlift\/#breadcrumb"},"inLanguage":"de","potentialAction":[{"@type":"ReadAction","target":["http:\/\/www.vitalibera.org\/community\/2026\/02\/06\/badewannenlift\/"]}]},{"@type":"BreadcrumbList","@id":"http:\/\/www.vitalibera.org\/community\/2026\/02\/06\/badewannenlift\/#breadcrumb","itemListElement":[{"@type":"ListItem","position":1,"name":"Startseite","item":"https:\/\/www.vitalibera.org\/community\/"},{"@type":"ListItem","position":2,"name":"Badewannenlift"}]},{"@type":"WebSite","@id":"https:\/\/www.vitalibera.org\/community\/#website","url":"https:\/\/www.vitalibera.org\/community\/","name":"vitalibera.org","description":"Mit einer Einschr&auml;nkung gestaltet sich das Leben im Alltag oft schwieriger - hier berichten wir &uuml;ber unsere Erfahrungen und Hilfsmittel um den Alltag so unbeschwert und unkompliziert wie nur m&ouml;glich geniessen zu k&ouml;nnen. Dabei richten wir unseren Fokus gezielt auf Selbst&auml;ndigkeit, Eigenst&auml;ndigkeit und Selbstbestimmung.","publisher":{"@id":"https:\/\/www.vitalibera.org\/community\/#organization"},"potentialAction":[{"@type":"SearchAction","target":{"@type":"EntryPoint","urlTemplate":"https:\/\/www.vitalibera.org\/community\/?s={search_term_string}"},"query-input":{"@type":"PropertyValueSpecification","valueRequired":true,"valueName":"search_term_string"}}],"inLanguage":"de"},{"@type":"Organization","@id":"https:\/\/www.vitalibera.org\/community\/#organization","name":"vitalibera.org","url":"https:\/\/www.vitalibera.org\/community\/","logo":{"@type":"ImageObject","inLanguage":"de","@id":"https:\/\/www.vitalibera.org\/community\/#\/schema\/logo\/image\/","url":"https:\/\/www.vitalibera.org\/community\/wp-content\/uploads\/2025\/09\/cropped-banner.png","contentUrl":"https:\/\/www.vitalibera.org\/community\/wp-content\/uploads\/2025\/09\/cropped-banner.png","width":991,"height":150,"caption":"vitalibera.org"},"image":{"@id":"https:\/\/www.vitalibera.org\/community\/#\/schema\/logo\/image\/"},"sameAs":["https:\/\/www.facebook.com\/groups\/2997085857140235"]},{"@type":"Person","@id":"https:\/\/www.vitalibera.org\/community\/#\/schema\/person\/fbd95034e2e55dc43396976b7e9db47c","name":"Heidi","image":{"@type":"ImageObject","inLanguage":"de","@id":"https:\/\/secure.gravatar.com\/avatar\/ad516503a11cd5ca435acc9bb6523536?s=96","url":"https:\/\/secure.gravatar.com\/avatar\/ad516503a11cd5ca435acc9bb6523536?s=96","contentUrl":"https:\/\/secure.gravatar.com\/avatar\/ad516503a11cd5ca435acc9bb6523536?s=96","caption":"Heidi"},"description":"Nach Schuss in den Kopf, bei Moranschlag durch polizeibekannten Verbrecher, halbseitig links gel\u00e4hmt.","url":"https:\/\/www.vitalibera.org\/community\/author\/phoenix\/"}]}},"jetpack_featured_media_url":"https:\/\/www.vitalibera.org\/community\/wp-content\/uploads\/2026\/02\/klassischer-badewannenlifter-315x315-1.png","jetpack_sharing_enabled":true,"jetpack-related-posts":[],"_links":{"self":[{"href":"https:\/\/www.vitalibera.org\/community\/wp-json\/wp\/v2\/posts\/5421","targetHints":{"allow":["GET"]}}],"collection":[{"href":"https:\/\/www.vitalibera.org\/community\/wp-json\/wp\/v2\/posts"}],"about":[{"href":"https:\/\/www.vitalibera.org\/community\/wp-json\/wp\/v2\/types\/post"}],"author":[{"embeddable":true,"href":"https:\/\/www.vitalibera.org\/community\/wp-json\/wp\/v2\/users\/3"}],"replies":[{"embeddable":true,"href":"https:\/\/www.vitalibera.org\/community\/wp-json\/wp\/v2\/comments?post=5421"}],"version-history":[{"count":5,"href":"https:\/\/www.vitalibera.org\/community\/wp-json\/wp\/v2\/posts\/5421\/revisions"}],"predecessor-version":[{"id":5486,"href":"https:\/\/www.vitalibera.org\/community\/wp-json\/wp\/v2\/posts\/5421\/revisions\/5486"}],"wp:featuredmedia":[{"embeddable":true,"href":"https:\/\/www.vitalibera.org\/community\/wp-json\/wp\/v2\/media\/5425"}],"wp:attachment":[{"href":"https:\/\/www.vitalibera.org\/community\/wp-json\/wp\/v2\/media?parent=5421"}],"wp:term":[{"taxonomy":"category","embeddable":true,"href":"https:\/\/www.vitalibera.org\/community\/wp-json\/wp\/v2\/categories?post=5421"},{"taxonomy":"post_tag","embeddable":true,"href":"https:\/\/www.vitalibera.org\/community\/wp-json\/wp\/v2\/tags?post=5421"}],"curies":[{"name":"wp","href":"https:\/\/api.w.org\/{rel}","templated":true}]}}