{"id":5432,"date":"2026-02-07T12:02:31","date_gmt":"2026-02-07T11:02:31","guid":{"rendered":"https:\/\/www.vitalibera.org\/community\/?p=5432"},"modified":"2026-02-07T12:02:34","modified_gmt":"2026-02-07T11:02:34","slug":"spitzfuss-pes-equinus-nach-schlaganfall","status":"publish","type":"post","link":"https:\/\/www.vitalibera.org\/community\/2026\/02\/07\/spitzfuss-pes-equinus-nach-schlaganfall\/","title":{"rendered":"Spitzfu\u00df (Pes equinus) nach Schlaganfall"},"content":{"rendered":"\n<p>Ein <a href=\"https:\/\/www.vitalibera.org\/community\/enzyklopaedie\/spitzfuss\/\" target=\"_self\" title=\"Ein Spitzfu&szlig; ist eine&nbsp;Fu&szlig;fehlstellung, bei der die Ferse beim Gehen den Boden nicht ber&uuml;hrt.&nbsp;Der Fu&szlig; ist in der Fu&szlig;wurzel nach unten gebeugt (Plantarflexion), sodass der Betroffene auf den Zehenspitzen l&auml;uft.&nbsp;Die Ursachen k&ouml;nnen angeboren oder erworben sein, wie z.&nbsp;B. verk&uuml;rzte Wadenmuskeln oder neurologische Erkrankungen, die zu einer Verkrampfung (Spastik) der Wadenmuskulatur f&uuml;hren.&nbsp;M&ouml;gliche Folgen sind eingeschr&auml;nkte Beweglichkeit&hellip;\" class=\"encyclopedia\">Spitzfu&szlig;<\/a> (<a href=\"https:\/\/www.vitalibera.org\/community\/enzyklopaedie\/pes-equinus\/\" target=\"_self\" title='\"Pes equinus\" ist der lateinische Fachbegriff f&uuml;r&nbsp;Spitzfu&szlig;, eine Fu&szlig;fehlstellung, bei der die Ferse den Boden nicht ber&uuml;hrt und die Betroffenen auf den Zehenspitzen gehen. Diese Fehlstellung kann angeboren oder erworben sein, zum Beispiel durch neurologische Erkrankungen, Verletzungen oder lange Bettl&auml;gerigkeit. Die Behandlung h&auml;ngt von der Ursache ab und kann sowohl konservativ als auch operativ erfolgen.&hellip;' class=\"encyclopedia\">Pes equinus<\/a>) nach <a href=\"https:\/\/www.vitalibera.org\/community\/enzyklopaedie\/schlaganfall\/\" target=\"_self\" title=\"Ein Schlaganfall, auch Hirnschlag oder Apoplex genannt, ist eine&nbsp;pl&ouml;tzlich auftretende Durchblutungsst&ouml;rung im Gehirn, die dazu f&uuml;hrt, dass Gehirnzellen nicht mehr ausreichend mit Sauerstoff und N&auml;hrstoffen versorgt werden.&nbsp;Dies kann zu bleibenden Sch&auml;den oder sogar zum Absterben von Hirnzellen f&uuml;hren, wenn die Durchblutung nicht schnell wiederhergestellt wird.&nbsp; Einfach erkl&auml;rt: Stellen Sie sich vor, ein Teil Ihres Gehirns&hellip;\" class=\"encyclopedia\">Schlaganfall<\/a> ist eine&nbsp;<mark>h&auml;ufige, meist <a href=\"https:\/\/www.vitalibera.org\/community\/enzyklopaedie\/spastik-spastizitaet\/\" target=\"_self\" title=\"Spastik, auch Spastizit&auml;t genannt, ist eine&nbsp;neurologische Erkrankung, bei der die Muskelspannung erh&ouml;ht ist und es zu unkontrollierbaren Verkrampfungen kommt.&nbsp;Sie ist keine eigenst&auml;ndige Krankheit, sondern ein Symptom einer Sch&auml;digung des zentralen Nervensystems, zum Beispiel nach einem Schlaganfall, bei Multipler Sklerose oder einer R&uuml;ckenmarksverletzung.&nbsp;Die Behandlung ist langfristig und umfasst Physiotherapie, Ergotherapie, Medikamente, Orthesen und ggf. Operationen, um&hellip;\" class=\"encyclopedia\">spastik<\/a>bedingte Fehlstellung, bei der der Fu&szlig; durch erh&ouml;hte Wadenmuskelspannung dauerhaft nach unten gestreckt ist<\/mark>. Er f&uuml;hrt zu Gangst&ouml;rungen, Stolpergefahr, Schmerzen und kann zu Kontrakturen (irreversible Verk&uuml;rzung) f&uuml;hren. Die Therapie umfasst <a href=\"https:\/\/www.vitalibera.org\/community\/enzyklopaedie\/physiotherapie\/\" target=\"_self\" title=\"Die Physiotherapie ist ein essenzieller Bestandteil der Schlaganfall-Rehabilitation, um durch gezieltes, intensives Training (Neuroplastizit&auml;t) Mobilit&auml;t, Kraft und Koordination wiederherzustellen. Fr&uuml;hzeitiger Beginn und hohe Wiederholungsraten f&ouml;rdern die Wiedererlangung der Selbstst&auml;ndigkeit. Wichtige Konzepte sind Bobath, PNF, Spiegeltraining und Gangschulung. Ziele und Schwerpunkte der Physiotherapie: Verbesserung der Beweglichkeit:&nbsp;Wiederherstellung von Funktionen wie Greifen oder Gehen. Kraftaufbau &amp; Gleichgewicht:&nbsp;St&auml;rkung der&hellip;\" class=\"encyclopedia\">Physiotherapie<\/a>, Botox-Injektionen, <a href=\"https:\/\/www.vitalibera.org\/community\/enzyklopaedie\/orthese\/\" target=\"_self\" title=\"Eine Orthese ist ein&nbsp;medizinisches Hilfsmittel, das von au&szlig;en an einem K&ouml;rperteil angebracht wird, um es zu stabilisieren, entlasten, ruhigzustellen oder Fehlstellungen zu korrigieren, oft nach Verletzungen, Operationen oder bei Erkrankungen wie Arthrose, indem sie Gelenke, Knochen oder Muskeln st&uuml;tzt und die Funktion des Bewegungsapparates unterst&uuml;tzt.&nbsp;Sie ist ein &auml;u&szlig;eres St&uuml;tzger&auml;t, das anders als eine Prothese kein&hellip;\" class=\"encyclopedia\">Orthese<\/a>n und ggf. Operationen.&nbsp;<\/p>\n\n\n\n<p><strong>Ursachen und Erscheinungsbild<\/strong><\/p>\n\n\n\n<ul class=\"wp-block-list\">\n<li><strong><a href=\"https:\/\/www.vitalibera.org\/community\/enzyklopaedie\/spastik-spastizitaet\/\" target=\"_self\" title=\"Spastik, auch Spastizit&auml;t genannt, ist eine&nbsp;neurologische Erkrankung, bei der die Muskelspannung erh&ouml;ht ist und es zu unkontrollierbaren Verkrampfungen kommt.&nbsp;Sie ist keine eigenst&auml;ndige Krankheit, sondern ein Symptom einer Sch&auml;digung des zentralen Nervensystems, zum Beispiel nach einem Schlaganfall, bei Multipler Sklerose oder einer R&uuml;ckenmarksverletzung.&nbsp;Die Behandlung ist langfristig und umfasst Physiotherapie, Ergotherapie, Medikamente, Orthesen und ggf. Operationen, um&hellip;\" class=\"encyclopedia\">Spastik<\/a>:<\/strong>&nbsp;Nach einer Hirnsch&auml;digung (<a href=\"https:\/\/www.vitalibera.org\/community\/enzyklopaedie\/schlaganfall\/\" target=\"_self\" title=\"Ein Schlaganfall, auch Hirnschlag oder Apoplex genannt, ist eine&nbsp;pl&ouml;tzlich auftretende Durchblutungsst&ouml;rung im Gehirn, die dazu f&uuml;hrt, dass Gehirnzellen nicht mehr ausreichend mit Sauerstoff und N&auml;hrstoffen versorgt werden.&nbsp;Dies kann zu bleibenden Sch&auml;den oder sogar zum Absterben von Hirnzellen f&uuml;hren, wenn die Durchblutung nicht schnell wiederhergestellt wird.&nbsp; Einfach erkl&auml;rt: Stellen Sie sich vor, ein Teil Ihres Gehirns&hellip;\" class=\"encyclopedia\">Schlaganfall<\/a>) kann es zu einer spastischen L&auml;hmung kommen, die eine &Uuml;beraktivit&auml;t der Wadenmuskulatur (M. triceps surae) verursacht, wodurch der Fu&szlig; nach unten gezogen wird.<\/li>\n\n\n\n<li><strong>Symptome:<\/strong>&nbsp;Der Fu&szlig; ist nach unten gebeugt (Pferdefu&szlig;) und oft leicht nach innen gedreht.<\/li>\n\n\n\n<li><strong>Folgen:<\/strong>&nbsp;Das Abrollen beim Gehen ist kaum m&ouml;glich, was oft zu einem hinkenden Gang oder seitlichem Nachziehen des Beins f&uuml;hrt.<\/li>\n\n\n\n<li><strong>Versteifung:<\/strong>&nbsp;Ohne Behandlung kann der Fu&szlig; fixiert werden, was zu einer dauerhaften Verk&uuml;rzung der Achillessehne f&uuml;hrt.&nbsp;<\/li>\n<\/ul>\n\n\n\n<p><strong>Behandlungsm&ouml;glichkeiten<\/strong><\/p>\n\n\n\n<ul class=\"wp-block-list\">\n<li><strong><a href=\"https:\/\/www.vitalibera.org\/community\/enzyklopaedie\/physiotherapie\/\" target=\"_self\" title=\"Die Physiotherapie ist ein essenzieller Bestandteil der Schlaganfall-Rehabilitation, um durch gezieltes, intensives Training (Neuroplastizit&auml;t) Mobilit&auml;t, Kraft und Koordination wiederherzustellen. Fr&uuml;hzeitiger Beginn und hohe Wiederholungsraten f&ouml;rdern die Wiedererlangung der Selbstst&auml;ndigkeit. Wichtige Konzepte sind Bobath, PNF, Spiegeltraining und Gangschulung. Ziele und Schwerpunkte der Physiotherapie: Verbesserung der Beweglichkeit:&nbsp;Wiederherstellung von Funktionen wie Greifen oder Gehen. Kraftaufbau &amp; Gleichgewicht:&nbsp;St&auml;rkung der&hellip;\" class=\"encyclopedia\">Physiotherapie<\/a> &amp; <a href=\"https:\/\/www.vitalibera.org\/community\/enzyklopaedie\/bobath-konzept\/\" target=\"_self\" title=\"Das Bobath-Konzept ist eine rehabilitative Behandlungsmethode, die bei neurologischen Erkrankungen zur Wiederherstellung von Bewegungsfunktionen eingesetzt wird.&nbsp;Es ist ein interdisziplin&auml;rer Ansatz, der Physiotherapeuten, Ergotherapeuten, &Auml;rzte und Pflegekr&auml;fte einbezieht, um die Patienten bei der Bew&auml;ltigung von L&auml;hmungen, Spastik und anderen Einschr&auml;nkungen zu unterst&uuml;tzen.&nbsp; Was ist das Bobath-Konzept? Das Bobath-Konzept, auch als Neuro-Developmental Treatment (NDT) bekannt, ist ein&hellip;\" class=\"encyclopedia\">Bobath<\/a>-Konzept:<\/strong>&nbsp;Wichtig zur Dehnung der Wadenmuskulatur, Hemmung der <a href=\"https:\/\/www.vitalibera.org\/community\/enzyklopaedie\/spastik-spastizitaet\/\" target=\"_self\" title=\"Spastik, auch Spastizit&auml;t genannt, ist eine&nbsp;neurologische Erkrankung, bei der die Muskelspannung erh&ouml;ht ist und es zu unkontrollierbaren Verkrampfungen kommt.&nbsp;Sie ist keine eigenst&auml;ndige Krankheit, sondern ein Symptom einer Sch&auml;digung des zentralen Nervensystems, zum Beispiel nach einem Schlaganfall, bei Multipler Sklerose oder einer R&uuml;ckenmarksverletzung.&nbsp;Die Behandlung ist langfristig und umfasst Physiotherapie, Ergotherapie, Medikamente, Orthesen und ggf. Operationen, um&hellip;\" class=\"encyclopedia\">Spastik<\/a> und Verbesserung der Mobilit&auml;t.<\/li>\n\n\n\n<li><strong>Hilfsmittel (<a href=\"https:\/\/www.vitalibera.org\/community\/enzyklopaedie\/orthese\/\" target=\"_self\" title=\"Eine Orthese ist ein&nbsp;medizinisches Hilfsmittel, das von au&szlig;en an einem K&ouml;rperteil angebracht wird, um es zu stabilisieren, entlasten, ruhigzustellen oder Fehlstellungen zu korrigieren, oft nach Verletzungen, Operationen oder bei Erkrankungen wie Arthrose, indem sie Gelenke, Knochen oder Muskeln st&uuml;tzt und die Funktion des Bewegungsapparates unterst&uuml;tzt.&nbsp;Sie ist ein &auml;u&szlig;eres St&uuml;tzger&auml;t, das anders als eine Prothese kein&hellip;\" class=\"encyclopedia\">Orthese<\/a>n):<\/strong>&nbsp;Lagerungs<a href=\"https:\/\/www.vitalibera.org\/community\/enzyklopaedie\/orthese\/\" target=\"_self\" title=\"Eine Orthese ist ein&nbsp;medizinisches Hilfsmittel, das von au&szlig;en an einem K&ouml;rperteil angebracht wird, um es zu stabilisieren, entlasten, ruhigzustellen oder Fehlstellungen zu korrigieren, oft nach Verletzungen, Operationen oder bei Erkrankungen wie Arthrose, indem sie Gelenke, Knochen oder Muskeln st&uuml;tzt und die Funktion des Bewegungsapparates unterst&uuml;tzt.&nbsp;Sie ist ein &auml;u&szlig;eres St&uuml;tzger&auml;t, das anders als eine Prothese kein&hellip;\" class=\"encyclopedia\">orthese<\/a>n (z.B. nachts) oder Unterschenkel-<a href=\"https:\/\/www.vitalibera.org\/community\/enzyklopaedie\/orthese\/\" target=\"_self\" title=\"Eine Orthese ist ein&nbsp;medizinisches Hilfsmittel, das von au&szlig;en an einem K&ouml;rperteil angebracht wird, um es zu stabilisieren, entlasten, ruhigzustellen oder Fehlstellungen zu korrigieren, oft nach Verletzungen, Operationen oder bei Erkrankungen wie Arthrose, indem sie Gelenke, Knochen oder Muskeln st&uuml;tzt und die Funktion des Bewegungsapparates unterst&uuml;tzt.&nbsp;Sie ist ein &auml;u&szlig;eres St&uuml;tzger&auml;t, das anders als eine Prothese kein&hellip;\" class=\"encyclopedia\">Orthese<\/a>n (AFOs) halten den Fu&szlig; im 90-Grad-Winkel, um Verk&uuml;rzungen entgegenzuwirken.<\/li>\n\n\n\n<li><strong>Medikamente (Botox):<\/strong>&nbsp;<a href=\"https:\/\/www.vitalibera.org\/community\/enzyklopaedie\/botulinumtoxin\/\" target=\"_self\" title=\"Botulinumtoxin (Botox) ist ein&nbsp;hochwirksames, von Bakterien produziertes Nervengift, das in der Medizin und &Auml;sthetik zur gezielten Muskelentspannung eingesetzt wird. Es blockiert die Nerven-Muskel-&Uuml;bertragung, wodurch sich Muskeln entspannen und Falten gl&auml;tten (ca. 3&ndash;6 Monate Wirkung) oder Spastiken\/Dystonien l&ouml;sen. Die Anwendung ist sicher, wenn sie von Experten durchgef&uuml;hrt wird. Wichtige Fakten zu Botulinumtoxin: Wirkung:&nbsp;Blockiert die Freisetzung des&hellip;\" class=\"encyclopedia\">Botulinumtoxin<\/a>-Injektionen in die Wadenmuskulatur k&ouml;nnen die Spannung gezielt f&uuml;r einige Monate senken.<\/li>\n\n\n\n<li><strong>Funktionelle Elektrostimulation (FES):<\/strong>&nbsp;Kann helfen, die Fu&szlig;hebermuskeln zu aktivieren und das Gehen zu erleichtern.<\/li>\n\n\n\n<li><strong>Operative Ma&szlig;nahmen:<\/strong>&nbsp;Bei strukturellen, fixierten Verk&uuml;rzungen k&ouml;nnen Sehnenverl&auml;ngerungen (z.B. Achillessehnenverl&auml;ngerung) notwendig sein.&nbsp;<\/li>\n<\/ul>\n\n\n\n<p>Fr&uuml;hzeitige therapeutische Ma&szlig;nahmen sind entscheidend, um eine dauerhafte Kontraktur zu verhindern.&nbsp;<\/p>\n\n\n\n<p><\/p>\n","protected":false},"excerpt":{"rendered":"<p>Ein Spitzfu\u00df (Pes equinus) nach Schlaganfall ist eine&nbsp;h\u00e4ufige, meist spastikbedingte Fehlstellung, bei der der Fu\u00df durch erh\u00f6hte Wadenmuskelspannung dauerhaft nach unten gestreckt ist. Er f\u00fchrt zu Gangst\u00f6rungen, Stolpergefahr, Schmerzen und kann zu Kontrakturen (irreversible Verk\u00fcrzung) f\u00fchren. Die Therapie umfasst Physiotherapie, Botox-Injektionen, Orthesen und ggf. Operationen.&nbsp; Ursachen und Erscheinungsbild Behandlungsm\u00f6glichkeiten Fr\u00fchzeitige therapeutische Ma\u00dfnahmen sind entscheidend, um &#8230; <a title=\"Spitzfu\u00df (Pes equinus) nach Schlaganfall\" class=\"read-more\" href=\"https:\/\/www.vitalibera.org\/community\/2026\/02\/07\/spitzfuss-pes-equinus-nach-schlaganfall\/\" aria-label=\"Mehr Informationen \u00fcber Spitzfu\u00df (Pes equinus) nach Schlaganfall\">Weiterlesen<\/a><\/p>\n","protected":false},"author":2,"featured_media":5433,"comment_status":"open","ping_status":"open","sticky":false,"template":"","format":"standard","meta":{"cybocfi_hide_featured_image":"yes","_jetpack_memberships_contains_paid_content":false,"footnotes":""},"categories":[159],"tags":[],"class_list":["post-5432","post","type-post","status-publish","format-standard","has-post-thumbnail","hentry","category-fachwissen"],"yoast_head":"<!-- This site is optimized with the Yoast SEO plugin v27.4 - https:\/\/yoast.com\/product\/yoast-seo-wordpress\/ -->\r\n<title>Spitzfu\u00df (Pes equinus) nach Schlaganfall - vitalibera.org<\/title>\r\n<meta name=\"robots\" content=\"index, follow, max-snippet:-1, max-image-preview:large, max-video-preview:-1\" \/>\r\n<link rel=\"canonical\" href=\"http:\/\/www.vitalibera.org\/community\/2026\/02\/07\/spitzfuss-pes-equinus-nach-schlaganfall\/\" \/>\r\n<meta property=\"og:locale\" content=\"de_DE\" \/>\r\n<meta property=\"og:type\" content=\"article\" \/>\r\n<meta property=\"og:title\" content=\"Spitzfu\u00df (Pes equinus) nach Schlaganfall - vitalibera.org\" \/>\r\n<meta property=\"og:description\" content=\"Ein Spitzfu\u00df (Pes equinus) nach Schlaganfall ist eine&nbsp;h\u00e4ufige, meist spastikbedingte Fehlstellung, bei der der Fu\u00df durch erh\u00f6hte Wadenmuskelspannung dauerhaft nach unten gestreckt ist. Er f\u00fchrt zu Gangst\u00f6rungen, Stolpergefahr, Schmerzen und kann zu Kontrakturen (irreversible Verk\u00fcrzung) f\u00fchren. Die Therapie umfasst Physiotherapie, Botox-Injektionen, Orthesen und ggf. Operationen.&nbsp; Ursachen und Erscheinungsbild Behandlungsm\u00f6glichkeiten Fr\u00fchzeitige therapeutische Ma\u00dfnahmen sind entscheidend, um ... Weiterlesen\" \/>\r\n<meta property=\"og:url\" content=\"http:\/\/www.vitalibera.org\/community\/2026\/02\/07\/spitzfuss-pes-equinus-nach-schlaganfall\/\" \/>\r\n<meta property=\"og:site_name\" content=\"vitalibera.org\" \/>\r\n<meta property=\"article:publisher\" content=\"https:\/\/www.facebook.com\/groups\/2997085857140235\" \/>\r\n<meta property=\"article:published_time\" content=\"2026-02-07T11:02:31+00:00\" \/>\r\n<meta property=\"article:modified_time\" content=\"2026-02-07T11:02:34+00:00\" \/>\r\n<meta property=\"og:image\" content=\"http:\/\/www.vitalibera.org\/community\/wp-content\/uploads\/2026\/02\/Screenshot-2026-02-07-120118.png\" \/>\r\n\t<meta property=\"og:image:width\" content=\"632\" \/>\r\n\t<meta property=\"og:image:height\" content=\"503\" \/>\r\n\t<meta property=\"og:image:type\" content=\"image\/png\" \/>\r\n<meta name=\"author\" content=\"Andreas Jecklin\" \/>\r\n<meta name=\"twitter:card\" content=\"summary_large_image\" \/>\r\n<meta name=\"twitter:label1\" content=\"Verfasst von\" \/>\n\t<meta name=\"twitter:data1\" content=\"Andreas Jecklin\" \/>\n\t<meta name=\"twitter:label2\" content=\"Gesch\u00e4tzte Lesezeit\" \/>\n\t<meta name=\"twitter:data2\" content=\"2\u00a0Minuten\" \/>\r\n<script type=\"application\/ld+json\" class=\"yoast-schema-graph\">{\"@context\":\"https:\\\/\\\/schema.org\",\"@graph\":[{\"@type\":\"Article\",\"@id\":\"http:\\\/\\\/www.vitalibera.org\\\/community\\\/2026\\\/02\\\/07\\\/spitzfuss-pes-equinus-nach-schlaganfall\\\/#article\",\"isPartOf\":{\"@id\":\"http:\\\/\\\/www.vitalibera.org\\\/community\\\/2026\\\/02\\\/07\\\/spitzfuss-pes-equinus-nach-schlaganfall\\\/\"},\"author\":{\"name\":\"Andreas Jecklin\",\"@id\":\"https:\\\/\\\/www.vitalibera.org\\\/community\\\/#\\\/schema\\\/person\\\/6712387298421f222ff6d0a2e22c1534\"},\"headline\":\"Spitzfu\u00df (Pes equinus) nach Schlaganfall\",\"datePublished\":\"2026-02-07T11:02:31+00:00\",\"dateModified\":\"2026-02-07T11:02:34+00:00\",\"mainEntityOfPage\":{\"@id\":\"http:\\\/\\\/www.vitalibera.org\\\/community\\\/2026\\\/02\\\/07\\\/spitzfuss-pes-equinus-nach-schlaganfall\\\/\"},\"wordCount\":246,\"commentCount\":0,\"publisher\":{\"@id\":\"https:\\\/\\\/www.vitalibera.org\\\/community\\\/#organization\"},\"image\":{\"@id\":\"http:\\\/\\\/www.vitalibera.org\\\/community\\\/2026\\\/02\\\/07\\\/spitzfuss-pes-equinus-nach-schlaganfall\\\/#primaryimage\"},\"thumbnailUrl\":\"https:\\\/\\\/www.vitalibera.org\\\/community\\\/wp-content\\\/uploads\\\/2026\\\/02\\\/Screenshot-2026-02-07-120118.png\",\"articleSection\":[\"Fachwissen\"],\"inLanguage\":\"de\",\"potentialAction\":[{\"@type\":\"CommentAction\",\"name\":\"Comment\",\"target\":[\"http:\\\/\\\/www.vitalibera.org\\\/community\\\/2026\\\/02\\\/07\\\/spitzfuss-pes-equinus-nach-schlaganfall\\\/#respond\"]}]},{\"@type\":\"WebPage\",\"@id\":\"http:\\\/\\\/www.vitalibera.org\\\/community\\\/2026\\\/02\\\/07\\\/spitzfuss-pes-equinus-nach-schlaganfall\\\/\",\"url\":\"http:\\\/\\\/www.vitalibera.org\\\/community\\\/2026\\\/02\\\/07\\\/spitzfuss-pes-equinus-nach-schlaganfall\\\/\",\"name\":\"Spitzfu\u00df (Pes equinus) nach Schlaganfall - vitalibera.org\",\"isPartOf\":{\"@id\":\"https:\\\/\\\/www.vitalibera.org\\\/community\\\/#website\"},\"primaryImageOfPage\":{\"@id\":\"http:\\\/\\\/www.vitalibera.org\\\/community\\\/2026\\\/02\\\/07\\\/spitzfuss-pes-equinus-nach-schlaganfall\\\/#primaryimage\"},\"image\":{\"@id\":\"http:\\\/\\\/www.vitalibera.org\\\/community\\\/2026\\\/02\\\/07\\\/spitzfuss-pes-equinus-nach-schlaganfall\\\/#primaryimage\"},\"thumbnailUrl\":\"https:\\\/\\\/www.vitalibera.org\\\/community\\\/wp-content\\\/uploads\\\/2026\\\/02\\\/Screenshot-2026-02-07-120118.png\",\"datePublished\":\"2026-02-07T11:02:31+00:00\",\"dateModified\":\"2026-02-07T11:02:34+00:00\",\"breadcrumb\":{\"@id\":\"http:\\\/\\\/www.vitalibera.org\\\/community\\\/2026\\\/02\\\/07\\\/spitzfuss-pes-equinus-nach-schlaganfall\\\/#breadcrumb\"},\"inLanguage\":\"de\",\"potentialAction\":[{\"@type\":\"ReadAction\",\"target\":[\"http:\\\/\\\/www.vitalibera.org\\\/community\\\/2026\\\/02\\\/07\\\/spitzfuss-pes-equinus-nach-schlaganfall\\\/\"]}]},{\"@type\":\"BreadcrumbList\",\"@id\":\"http:\\\/\\\/www.vitalibera.org\\\/community\\\/2026\\\/02\\\/07\\\/spitzfuss-pes-equinus-nach-schlaganfall\\\/#breadcrumb\",\"itemListElement\":[{\"@type\":\"ListItem\",\"position\":1,\"name\":\"Startseite\",\"item\":\"https:\\\/\\\/www.vitalibera.org\\\/community\\\/\"},{\"@type\":\"ListItem\",\"position\":2,\"name\":\"Spitzfu\u00df (Pes equinus) nach Schlaganfall\"}]},{\"@type\":\"WebSite\",\"@id\":\"https:\\\/\\\/www.vitalibera.org\\\/community\\\/#website\",\"url\":\"https:\\\/\\\/www.vitalibera.org\\\/community\\\/\",\"name\":\"vitalibera.org\",\"description\":\"Mit einer Einschr&auml;nkung gestaltet sich das Leben im Alltag oft schwieriger - hier berichten wir &uuml;ber unsere Erfahrungen und Hilfsmittel um den Alltag so unbeschwert und unkompliziert wie nur m&ouml;glich geniessen zu k&ouml;nnen. Dabei richten wir unseren Fokus gezielt auf Selbst&auml;ndigkeit, Eigenst&auml;ndigkeit und Selbstbestimmung.\",\"publisher\":{\"@id\":\"https:\\\/\\\/www.vitalibera.org\\\/community\\\/#organization\"},\"potentialAction\":[{\"@type\":\"SearchAction\",\"target\":{\"@type\":\"EntryPoint\",\"urlTemplate\":\"https:\\\/\\\/www.vitalibera.org\\\/community\\\/?s={search_term_string}\"},\"query-input\":{\"@type\":\"PropertyValueSpecification\",\"valueRequired\":true,\"valueName\":\"search_term_string\"}}],\"inLanguage\":\"de\"},{\"@type\":\"Organization\",\"@id\":\"https:\\\/\\\/www.vitalibera.org\\\/community\\\/#organization\",\"name\":\"vitalibera.org\",\"url\":\"https:\\\/\\\/www.vitalibera.org\\\/community\\\/\",\"logo\":{\"@type\":\"ImageObject\",\"inLanguage\":\"de\",\"@id\":\"https:\\\/\\\/www.vitalibera.org\\\/community\\\/#\\\/schema\\\/logo\\\/image\\\/\",\"url\":\"https:\\\/\\\/www.vitalibera.org\\\/community\\\/wp-content\\\/uploads\\\/2025\\\/09\\\/cropped-banner.png\",\"contentUrl\":\"https:\\\/\\\/www.vitalibera.org\\\/community\\\/wp-content\\\/uploads\\\/2025\\\/09\\\/cropped-banner.png\",\"width\":991,\"height\":150,\"caption\":\"vitalibera.org\"},\"image\":{\"@id\":\"https:\\\/\\\/www.vitalibera.org\\\/community\\\/#\\\/schema\\\/logo\\\/image\\\/\"},\"sameAs\":[\"https:\\\/\\\/www.facebook.com\\\/groups\\\/2997085857140235\"]},{\"@type\":\"Person\",\"@id\":\"https:\\\/\\\/www.vitalibera.org\\\/community\\\/#\\\/schema\\\/person\\\/6712387298421f222ff6d0a2e22c1534\",\"name\":\"Andreas Jecklin\",\"image\":{\"@type\":\"ImageObject\",\"inLanguage\":\"de\",\"@id\":\"https:\\\/\\\/secure.gravatar.com\\\/avatar\\\/ad516503a11cd5ca435acc9bb6523536?s=96\",\"url\":\"https:\\\/\\\/secure.gravatar.com\\\/avatar\\\/ad516503a11cd5ca435acc9bb6523536?s=96\",\"contentUrl\":\"https:\\\/\\\/secure.gravatar.com\\\/avatar\\\/ad516503a11cd5ca435acc9bb6523536?s=96\",\"caption\":\"Andreas Jecklin\"},\"description\":\"Manchen gab Gott die Kraft Dinge zu ver\u00e4ndern, mir gab er die Kraft zu ertragen was nicht mehr zu \u00e4ndern ist.\",\"url\":\"https:\\\/\\\/www.vitalibera.org\\\/community\\\/author\\\/andy77\\\/\"}]}<\/script>\r\n<!-- \/ Yoast SEO plugin. -->","yoast_head_json":{"title":"Spitzfu\u00df (Pes equinus) nach Schlaganfall - vitalibera.org","robots":{"index":"index","follow":"follow","max-snippet":"max-snippet:-1","max-image-preview":"max-image-preview:large","max-video-preview":"max-video-preview:-1"},"canonical":"http:\/\/www.vitalibera.org\/community\/2026\/02\/07\/spitzfuss-pes-equinus-nach-schlaganfall\/","og_locale":"de_DE","og_type":"article","og_title":"Spitzfu\u00df (Pes equinus) nach Schlaganfall - vitalibera.org","og_description":"Ein Spitzfu\u00df (Pes equinus) nach Schlaganfall ist eine&nbsp;h\u00e4ufige, meist spastikbedingte Fehlstellung, bei der der Fu\u00df durch erh\u00f6hte Wadenmuskelspannung dauerhaft nach unten gestreckt ist. Er f\u00fchrt zu Gangst\u00f6rungen, Stolpergefahr, Schmerzen und kann zu Kontrakturen (irreversible Verk\u00fcrzung) f\u00fchren. Die Therapie umfasst Physiotherapie, Botox-Injektionen, Orthesen und ggf. Operationen.&nbsp; Ursachen und Erscheinungsbild Behandlungsm\u00f6glichkeiten Fr\u00fchzeitige therapeutische Ma\u00dfnahmen sind entscheidend, um ... Weiterlesen","og_url":"http:\/\/www.vitalibera.org\/community\/2026\/02\/07\/spitzfuss-pes-equinus-nach-schlaganfall\/","og_site_name":"vitalibera.org","article_publisher":"https:\/\/www.facebook.com\/groups\/2997085857140235","article_published_time":"2026-02-07T11:02:31+00:00","article_modified_time":"2026-02-07T11:02:34+00:00","og_image":[{"width":632,"height":503,"url":"http:\/\/www.vitalibera.org\/community\/wp-content\/uploads\/2026\/02\/Screenshot-2026-02-07-120118.png","type":"image\/png"}],"author":"Andreas Jecklin","twitter_card":"summary_large_image","twitter_misc":{"Verfasst von":"Andreas Jecklin","Gesch\u00e4tzte Lesezeit":"2\u00a0Minuten"},"schema":{"@context":"https:\/\/schema.org","@graph":[{"@type":"Article","@id":"http:\/\/www.vitalibera.org\/community\/2026\/02\/07\/spitzfuss-pes-equinus-nach-schlaganfall\/#article","isPartOf":{"@id":"http:\/\/www.vitalibera.org\/community\/2026\/02\/07\/spitzfuss-pes-equinus-nach-schlaganfall\/"},"author":{"name":"Andreas Jecklin","@id":"https:\/\/www.vitalibera.org\/community\/#\/schema\/person\/6712387298421f222ff6d0a2e22c1534"},"headline":"Spitzfu\u00df (Pes equinus) nach Schlaganfall","datePublished":"2026-02-07T11:02:31+00:00","dateModified":"2026-02-07T11:02:34+00:00","mainEntityOfPage":{"@id":"http:\/\/www.vitalibera.org\/community\/2026\/02\/07\/spitzfuss-pes-equinus-nach-schlaganfall\/"},"wordCount":246,"commentCount":0,"publisher":{"@id":"https:\/\/www.vitalibera.org\/community\/#organization"},"image":{"@id":"http:\/\/www.vitalibera.org\/community\/2026\/02\/07\/spitzfuss-pes-equinus-nach-schlaganfall\/#primaryimage"},"thumbnailUrl":"https:\/\/www.vitalibera.org\/community\/wp-content\/uploads\/2026\/02\/Screenshot-2026-02-07-120118.png","articleSection":["Fachwissen"],"inLanguage":"de","potentialAction":[{"@type":"CommentAction","name":"Comment","target":["http:\/\/www.vitalibera.org\/community\/2026\/02\/07\/spitzfuss-pes-equinus-nach-schlaganfall\/#respond"]}]},{"@type":"WebPage","@id":"http:\/\/www.vitalibera.org\/community\/2026\/02\/07\/spitzfuss-pes-equinus-nach-schlaganfall\/","url":"http:\/\/www.vitalibera.org\/community\/2026\/02\/07\/spitzfuss-pes-equinus-nach-schlaganfall\/","name":"Spitzfu\u00df (Pes equinus) nach Schlaganfall - vitalibera.org","isPartOf":{"@id":"https:\/\/www.vitalibera.org\/community\/#website"},"primaryImageOfPage":{"@id":"http:\/\/www.vitalibera.org\/community\/2026\/02\/07\/spitzfuss-pes-equinus-nach-schlaganfall\/#primaryimage"},"image":{"@id":"http:\/\/www.vitalibera.org\/community\/2026\/02\/07\/spitzfuss-pes-equinus-nach-schlaganfall\/#primaryimage"},"thumbnailUrl":"https:\/\/www.vitalibera.org\/community\/wp-content\/uploads\/2026\/02\/Screenshot-2026-02-07-120118.png","datePublished":"2026-02-07T11:02:31+00:00","dateModified":"2026-02-07T11:02:34+00:00","breadcrumb":{"@id":"http:\/\/www.vitalibera.org\/community\/2026\/02\/07\/spitzfuss-pes-equinus-nach-schlaganfall\/#breadcrumb"},"inLanguage":"de","potentialAction":[{"@type":"ReadAction","target":["http:\/\/www.vitalibera.org\/community\/2026\/02\/07\/spitzfuss-pes-equinus-nach-schlaganfall\/"]}]},{"@type":"BreadcrumbList","@id":"http:\/\/www.vitalibera.org\/community\/2026\/02\/07\/spitzfuss-pes-equinus-nach-schlaganfall\/#breadcrumb","itemListElement":[{"@type":"ListItem","position":1,"name":"Startseite","item":"https:\/\/www.vitalibera.org\/community\/"},{"@type":"ListItem","position":2,"name":"Spitzfu\u00df (Pes equinus) nach Schlaganfall"}]},{"@type":"WebSite","@id":"https:\/\/www.vitalibera.org\/community\/#website","url":"https:\/\/www.vitalibera.org\/community\/","name":"vitalibera.org","description":"Mit einer Einschr&auml;nkung gestaltet sich das Leben im Alltag oft schwieriger - hier berichten wir &uuml;ber unsere Erfahrungen und Hilfsmittel um den Alltag so unbeschwert und unkompliziert wie nur m&ouml;glich geniessen zu k&ouml;nnen. Dabei richten wir unseren Fokus gezielt auf Selbst&auml;ndigkeit, Eigenst&auml;ndigkeit und Selbstbestimmung.","publisher":{"@id":"https:\/\/www.vitalibera.org\/community\/#organization"},"potentialAction":[{"@type":"SearchAction","target":{"@type":"EntryPoint","urlTemplate":"https:\/\/www.vitalibera.org\/community\/?s={search_term_string}"},"query-input":{"@type":"PropertyValueSpecification","valueRequired":true,"valueName":"search_term_string"}}],"inLanguage":"de"},{"@type":"Organization","@id":"https:\/\/www.vitalibera.org\/community\/#organization","name":"vitalibera.org","url":"https:\/\/www.vitalibera.org\/community\/","logo":{"@type":"ImageObject","inLanguage":"de","@id":"https:\/\/www.vitalibera.org\/community\/#\/schema\/logo\/image\/","url":"https:\/\/www.vitalibera.org\/community\/wp-content\/uploads\/2025\/09\/cropped-banner.png","contentUrl":"https:\/\/www.vitalibera.org\/community\/wp-content\/uploads\/2025\/09\/cropped-banner.png","width":991,"height":150,"caption":"vitalibera.org"},"image":{"@id":"https:\/\/www.vitalibera.org\/community\/#\/schema\/logo\/image\/"},"sameAs":["https:\/\/www.facebook.com\/groups\/2997085857140235"]},{"@type":"Person","@id":"https:\/\/www.vitalibera.org\/community\/#\/schema\/person\/6712387298421f222ff6d0a2e22c1534","name":"Andreas Jecklin","image":{"@type":"ImageObject","inLanguage":"de","@id":"https:\/\/secure.gravatar.com\/avatar\/ad516503a11cd5ca435acc9bb6523536?s=96","url":"https:\/\/secure.gravatar.com\/avatar\/ad516503a11cd5ca435acc9bb6523536?s=96","contentUrl":"https:\/\/secure.gravatar.com\/avatar\/ad516503a11cd5ca435acc9bb6523536?s=96","caption":"Andreas Jecklin"},"description":"Manchen gab Gott die Kraft Dinge zu ver\u00e4ndern, mir gab er die Kraft zu ertragen was nicht mehr zu \u00e4ndern ist.","url":"https:\/\/www.vitalibera.org\/community\/author\/andy77\/"}]}},"jetpack_featured_media_url":"https:\/\/www.vitalibera.org\/community\/wp-content\/uploads\/2026\/02\/Screenshot-2026-02-07-120118.png","jetpack_sharing_enabled":true,"jetpack-related-posts":[],"_links":{"self":[{"href":"https:\/\/www.vitalibera.org\/community\/wp-json\/wp\/v2\/posts\/5432","targetHints":{"allow":["GET"]}}],"collection":[{"href":"https:\/\/www.vitalibera.org\/community\/wp-json\/wp\/v2\/posts"}],"about":[{"href":"https:\/\/www.vitalibera.org\/community\/wp-json\/wp\/v2\/types\/post"}],"author":[{"embeddable":true,"href":"https:\/\/www.vitalibera.org\/community\/wp-json\/wp\/v2\/users\/2"}],"replies":[{"embeddable":true,"href":"https:\/\/www.vitalibera.org\/community\/wp-json\/wp\/v2\/comments?post=5432"}],"version-history":[{"count":1,"href":"https:\/\/www.vitalibera.org\/community\/wp-json\/wp\/v2\/posts\/5432\/revisions"}],"predecessor-version":[{"id":5434,"href":"https:\/\/www.vitalibera.org\/community\/wp-json\/wp\/v2\/posts\/5432\/revisions\/5434"}],"wp:featuredmedia":[{"embeddable":true,"href":"https:\/\/www.vitalibera.org\/community\/wp-json\/wp\/v2\/media\/5433"}],"wp:attachment":[{"href":"https:\/\/www.vitalibera.org\/community\/wp-json\/wp\/v2\/media?parent=5432"}],"wp:term":[{"taxonomy":"category","embeddable":true,"href":"https:\/\/www.vitalibera.org\/community\/wp-json\/wp\/v2\/categories?post=5432"},{"taxonomy":"post_tag","embeddable":true,"href":"https:\/\/www.vitalibera.org\/community\/wp-json\/wp\/v2\/tags?post=5432"}],"curies":[{"name":"wp","href":"https:\/\/api.w.org\/{rel}","templated":true}]}}