{"id":5441,"date":"2026-02-07T14:15:14","date_gmt":"2026-02-07T13:15:14","guid":{"rendered":"https:\/\/www.vitalibera.org\/community\/?p=5441"},"modified":"2026-02-07T14:15:18","modified_gmt":"2026-02-07T13:15:18","slug":"antriebslosigkeit-nach-schlaganfall","status":"publish","type":"post","link":"https:\/\/www.vitalibera.org\/community\/2026\/02\/07\/antriebslosigkeit-nach-schlaganfall\/","title":{"rendered":"Antriebslosigkeit nach Schlaganfall"},"content":{"rendered":"\n<p>Antriebslosigkeit,&nbsp;oft in Form von <a href=\"https:\/\/www.vitalibera.org\/community\/enzyklopaedie\/post-stroke-fatigue\/\" target=\"_self\" title=\"Post-Stroke Fatigue (PSF) ist eine&nbsp;h&auml;ufige, oft monatelang anhaltende, l&auml;hmende M&uuml;digkeit und Ersch&ouml;pfung nach einem Schlaganfall, die nicht durch Schlaf verschwindet. Sie tritt bei &uuml;ber 30% der Betroffenen auf und beeintr&auml;chtigt den Alltag durch extremen Energiemangel sowie erh&ouml;hte Stresssensibilit&auml;t. Die Behandlung umfasst&nbsp;Pacing (Energiesparen), Reha-Anpassungen und &auml;rztliche Abkl&auml;rung. Wichtige Informationen zu Post-Stroke Fatigue (PSF) Definition: PSF, ist&hellip;\" class=\"encyclopedia\">Post-Stroke Fatigue<\/a> (PSF) oder Depression, ist eine h&auml;ufige Folge nach einem <a href=\"https:\/\/www.vitalibera.org\/community\/enzyklopaedie\/schlaganfall\/\" target=\"_self\" title=\"Ein Schlaganfall, auch Hirnschlag oder Apoplex genannt, ist eine&nbsp;pl&ouml;tzlich auftretende Durchblutungsst&ouml;rung im Gehirn, die dazu f&uuml;hrt, dass Gehirnzellen nicht mehr ausreichend mit Sauerstoff und N&auml;hrstoffen versorgt werden.&nbsp;Dies kann zu bleibenden Sch&auml;den oder sogar zum Absterben von Hirnzellen f&uuml;hren, wenn die Durchblutung nicht schnell wiederhergestellt wird.&nbsp; Einfach erkl&auml;rt: Stellen Sie sich vor, ein Teil Ihres Gehirns&hellip;\" class=\"encyclopedia\">Schlaganfall<\/a>. Sie resultiert aus erh&ouml;htem Energiebedarf des Gehirns zur Reparatur, k&ouml;rperlichen\/kognitiven Sch&auml;den oder psychischer &Uuml;berlastung. Etwa jeder Dritte ist betroffen, wobei Symptome wie tiefe Ersch&ouml;pfung, Interessensverlust und M&uuml;digkeit oft monatelang anhalten.&nbsp;<\/p>\n\n\n\n<p><strong>Ursachen und Hintergr&uuml;nde<\/strong><\/p>\n\n\n\n<ul class=\"wp-block-list\">\n<li><strong><a href=\"https:\/\/www.vitalibera.org\/community\/enzyklopaedie\/post-stroke-fatigue\/\" target=\"_self\" title=\"Post-Stroke Fatigue (PSF) ist eine&nbsp;h&auml;ufige, oft monatelang anhaltende, l&auml;hmende M&uuml;digkeit und Ersch&ouml;pfung nach einem Schlaganfall, die nicht durch Schlaf verschwindet. Sie tritt bei &uuml;ber 30% der Betroffenen auf und beeintr&auml;chtigt den Alltag durch extremen Energiemangel sowie erh&ouml;hte Stresssensibilit&auml;t. Die Behandlung umfasst&nbsp;Pacing (Energiesparen), Reha-Anpassungen und &auml;rztliche Abkl&auml;rung. Wichtige Informationen zu Post-Stroke Fatigue (PSF) Definition: PSF, ist&hellip;\" class=\"encyclopedia\">Post-Stroke Fatigue<\/a>&nbsp;(PSF):<\/strong>&nbsp;Ein Gef&uuml;hl extremer M&uuml;digkeit und Energiearmut, das oft unabh&auml;ngig von k&ouml;rperlicher Anstrengung auftritt.<\/li>\n\n\n\n<li><strong>Depression nach <a href=\"https:\/\/www.vitalibera.org\/community\/enzyklopaedie\/schlaganfall\/\" target=\"_self\" title=\"Ein Schlaganfall, auch Hirnschlag oder Apoplex genannt, ist eine&nbsp;pl&ouml;tzlich auftretende Durchblutungsst&ouml;rung im Gehirn, die dazu f&uuml;hrt, dass Gehirnzellen nicht mehr ausreichend mit Sauerstoff und N&auml;hrstoffen versorgt werden.&nbsp;Dies kann zu bleibenden Sch&auml;den oder sogar zum Absterben von Hirnzellen f&uuml;hren, wenn die Durchblutung nicht schnell wiederhergestellt wird.&nbsp; Einfach erkl&auml;rt: Stellen Sie sich vor, ein Teil Ihres Gehirns&hellip;\" class=\"encyclopedia\">Schlaganfall<\/a>:<\/strong>&nbsp;Etwa ein Drittel der Betroffenen entwickelt innerhalb des ersten Jahres eine behandlungsbed&uuml;rftige Depression, gekennzeichnet durch Niedergeschlagenheit, Interessensverlust und Antriebslosigkeit.<\/li>\n\n\n\n<li><strong>Gehirnsch&auml;den:<\/strong>&nbsp;Verletzungen im Frontal- oder <a href=\"https:\/\/www.vitalibera.org\/community\/enzyklopaedie\/temporallappen\/\" target=\"_self\" title=\"Der Temporallappen (Schl&auml;fenlappen) ist ein&nbsp;zentraler Bereich des Gro&szlig;hirns, gelegen seitlich unterhalb des Frontal- und Parietallappens. Er ist essenziell f&uuml;r die auditive Wahrnehmung (H&ouml;ren), das Sprachverst&auml;ndnis (Wernicke-Zentrum), das Langzeitged&auml;chtnis sowie die emotionale Verarbeitung und das Erkennen von Gesichtern oder Objekten. Hauptfunktionen des Temporallappens: Auditorische Verarbeitung:&nbsp;Beinhaltet das prim&auml;re H&ouml;rzentrum zur Verarbeitung von Kl&auml;ngen. Sprachverst&auml;ndnis:&nbsp;Das Wernicke-Sprachzentrum (meist links)&hellip;\" class=\"encyclopedia\">Temporallappen<\/a> k&ouml;nnen die Motivation direkt beeintr&auml;chtigen.<\/li>\n\n\n\n<li><strong>Verarbeitung:<\/strong>&nbsp;Die Bew&auml;ltigung der neuen Lebenssituation, &Auml;ngste und Einschr&auml;nkungen f&uuml;hrt oft zu emotionaler Ersch&ouml;pfung.&nbsp;<\/li>\n<\/ul>\n\n\n\n<p><strong>Symptome der Antriebslosigkeit<\/strong><\/p>\n\n\n\n<ul class=\"wp-block-list\">\n<li>St&auml;ndige M&uuml;digkeit, auch nach langem Schlaf.<\/li>\n\n\n\n<li>Verlust von Motivation, Interessen und Hobbys.<\/li>\n\n\n\n<li>R&uuml;ckzug aus dem sozialen Leben und verminderte Belastbarkeit.<\/li>\n\n\n\n<li>Verlangsamtes Sprechen, Denken oder Reizbarkeit.&nbsp;<\/li>\n<\/ul>\n\n\n\n<p><strong>Umgang und Hilfsm&ouml;glichkeiten<\/strong><\/p>\n\n\n\n<ul class=\"wp-block-list\">\n<li><strong>&Auml;rztliche Abkl&auml;rung:<\/strong>&nbsp;Neurologe\/Hausarzt sollten pr&uuml;fen, ob eine Depression, Nebenwirkungen von Medikamenten oder andere Ursachen vorliegen.<\/li>\n\n\n\n<li><strong>Therapien:<\/strong>&nbsp;Ergo- und <a href=\"https:\/\/www.vitalibera.org\/community\/enzyklopaedie\/physiotherapie\/\" target=\"_self\" title=\"Die Physiotherapie ist ein essenzieller Bestandteil der Schlaganfall-Rehabilitation, um durch gezieltes, intensives Training (Neuroplastizit&auml;t) Mobilit&auml;t, Kraft und Koordination wiederherzustellen. Fr&uuml;hzeitiger Beginn und hohe Wiederholungsraten f&ouml;rdern die Wiedererlangung der Selbstst&auml;ndigkeit. Wichtige Konzepte sind Bobath, PNF, Spiegeltraining und Gangschulung. Ziele und Schwerpunkte der Physiotherapie: Verbesserung der Beweglichkeit:&nbsp;Wiederherstellung von Funktionen wie Greifen oder Gehen. Kraftaufbau &amp; Gleichgewicht:&nbsp;St&auml;rkung der&hellip;\" class=\"encyclopedia\">Physiotherapie<\/a> helfen, den Alltag zu bew&auml;ltigen; Psychotherapie (z.B. Verhaltenstherapie) ist bei Depressionen effektiv.<\/li>\n\n\n\n<li><strong>Struktur:<\/strong>&nbsp;Feste, aber realistische Tagesabl&auml;ufe schaffen, &Uuml;berforderung vermeiden, kleine Pausen einplanen.<\/li>\n\n\n\n<li><strong>Angeh&ouml;rige:<\/strong>&nbsp;Die Einbindung von Angeh&ouml;rigen ist wichtig, um die emotionale Belastung zu teilen.&nbsp;<\/li>\n<\/ul>\n\n\n\n<p>Die Antriebslosigkeit kann Wochen bis &uuml;ber ein Jahr anhalten. Eine fr&uuml;hzeitige Behandlung, auch durch Medikamente oder psycho<a href=\"https:\/\/www.vitalibera.org\/community\/enzyklopaedie\/soma\/\" target=\"_self\" title=\"Soma&nbsp;ist in der Medizin eine Bezeichnung f&uuml;r den&nbsp;K&ouml;rper&nbsp;des Menschen - im Gegensatz zur&nbsp;Psyche&nbsp;bzw.&nbsp;Seele. In der&nbsp;Histologie&nbsp;bezeichnet man mit Soma oder auch&nbsp;Zytosoma&nbsp;den&nbsp;Zellk&ouml;rper, d.h. den&nbsp;plasmatischen&nbsp;Bereich um den&nbsp;Zellkern&nbsp;ohne Zellforts&auml;tze. Das Zytosom der&nbsp;Neuronen&nbsp;(Nervenzellen) wird auch&nbsp;Perikaryon&nbsp;benannt.\" class=\"encyclopedia\">soma<\/a>tische Reha, verbessert die Prognose und Rehabilitation deutlich.&nbsp;<\/p>\n","protected":false},"excerpt":{"rendered":"<p>Antriebslosigkeit,\u00a0oft in Form von Post-Stroke Fatigue (PSF) oder Depression, ist eine h\u00e4ufige Folge nach einem Schlaganfall. Sie resultiert aus erh\u00f6htem Energiebedarf des Gehirns zur Reparatur, k\u00f6rperlichen\/kognitiven Sch\u00e4den oder psychischer \u00dcberlastung. Etwa jeder Dritte ist betroffen, wobei Symptome wie tiefe Ersch\u00f6pfung, Interessensverlust und M\u00fcdigkeit oft monatelang anhalten.\u00a0 Ursachen und Hintergr\u00fcnde Symptome der Antriebslosigkeit Umgang und Hilfsm\u00f6glichkeiten &#8230; <a title=\"Antriebslosigkeit nach Schlaganfall\" class=\"read-more\" href=\"https:\/\/www.vitalibera.org\/community\/2026\/02\/07\/antriebslosigkeit-nach-schlaganfall\/\" aria-label=\"Mehr Informationen \u00fcber Antriebslosigkeit nach Schlaganfall\">Weiterlesen<\/a><\/p>\n","protected":false},"author":2,"featured_media":5442,"comment_status":"open","ping_status":"open","sticky":false,"template":"","format":"standard","meta":{"cybocfi_hide_featured_image":"yes","_jetpack_memberships_contains_paid_content":false,"footnotes":""},"categories":[159,225],"tags":[],"class_list":["post-5441","post","type-post","status-publish","format-standard","has-post-thumbnail","hentry","category-fachwissen","category-hilfe-fuer-angehoerige"],"yoast_head":"<!-- This site is optimized with the Yoast SEO plugin v27.4 - https:\/\/yoast.com\/product\/yoast-seo-wordpress\/ -->\r\n<title>Antriebslosigkeit nach Schlaganfall - vitalibera.org<\/title>\r\n<meta name=\"robots\" content=\"index, follow, max-snippet:-1, max-image-preview:large, max-video-preview:-1\" \/>\r\n<link rel=\"canonical\" href=\"http:\/\/www.vitalibera.org\/community\/2026\/02\/07\/antriebslosigkeit-nach-schlaganfall\/\" \/>\r\n<meta property=\"og:locale\" content=\"de_DE\" \/>\r\n<meta property=\"og:type\" content=\"article\" \/>\r\n<meta property=\"og:title\" content=\"Antriebslosigkeit nach Schlaganfall - vitalibera.org\" \/>\r\n<meta property=\"og:description\" content=\"Antriebslosigkeit,\u00a0oft in Form von Post-Stroke Fatigue (PSF) oder Depression, ist eine h\u00e4ufige Folge nach einem Schlaganfall. Sie resultiert aus erh\u00f6htem Energiebedarf des Gehirns zur Reparatur, k\u00f6rperlichen\/kognitiven Sch\u00e4den oder psychischer \u00dcberlastung. Etwa jeder Dritte ist betroffen, wobei Symptome wie tiefe Ersch\u00f6pfung, Interessensverlust und M\u00fcdigkeit oft monatelang anhalten.\u00a0 Ursachen und Hintergr\u00fcnde Symptome der Antriebslosigkeit Umgang und Hilfsm\u00f6glichkeiten ... Weiterlesen\" \/>\r\n<meta property=\"og:url\" content=\"http:\/\/www.vitalibera.org\/community\/2026\/02\/07\/antriebslosigkeit-nach-schlaganfall\/\" \/>\r\n<meta property=\"og:site_name\" content=\"vitalibera.org\" \/>\r\n<meta property=\"article:publisher\" content=\"https:\/\/www.facebook.com\/groups\/2997085857140235\" \/>\r\n<meta property=\"article:published_time\" content=\"2026-02-07T13:15:14+00:00\" \/>\r\n<meta property=\"article:modified_time\" content=\"2026-02-07T13:15:18+00:00\" \/>\r\n<meta property=\"og:image\" content=\"http:\/\/www.vitalibera.org\/community\/wp-content\/uploads\/2026\/02\/Screenshot-2026-02-07-141354.png\" \/>\r\n\t<meta property=\"og:image:width\" content=\"701\" \/>\r\n\t<meta property=\"og:image:height\" content=\"376\" \/>\r\n\t<meta property=\"og:image:type\" content=\"image\/png\" \/>\r\n<meta name=\"author\" content=\"Andreas Jecklin\" \/>\r\n<meta name=\"twitter:card\" content=\"summary_large_image\" \/>\r\n<meta name=\"twitter:label1\" content=\"Verfasst von\" \/>\n\t<meta name=\"twitter:data1\" content=\"Andreas Jecklin\" \/>\n\t<meta name=\"twitter:label2\" content=\"Gesch\u00e4tzte Lesezeit\" \/>\n\t<meta name=\"twitter:data2\" content=\"2\u00a0Minuten\" \/>\r\n<script type=\"application\/ld+json\" class=\"yoast-schema-graph\">{\"@context\":\"https:\\\/\\\/schema.org\",\"@graph\":[{\"@type\":\"Article\",\"@id\":\"http:\\\/\\\/www.vitalibera.org\\\/community\\\/2026\\\/02\\\/07\\\/antriebslosigkeit-nach-schlaganfall\\\/#article\",\"isPartOf\":{\"@id\":\"http:\\\/\\\/www.vitalibera.org\\\/community\\\/2026\\\/02\\\/07\\\/antriebslosigkeit-nach-schlaganfall\\\/\"},\"author\":{\"name\":\"Andreas Jecklin\",\"@id\":\"https:\\\/\\\/www.vitalibera.org\\\/community\\\/#\\\/schema\\\/person\\\/6712387298421f222ff6d0a2e22c1534\"},\"headline\":\"Antriebslosigkeit nach Schlaganfall\",\"datePublished\":\"2026-02-07T13:15:14+00:00\",\"dateModified\":\"2026-02-07T13:15:18+00:00\",\"mainEntityOfPage\":{\"@id\":\"http:\\\/\\\/www.vitalibera.org\\\/community\\\/2026\\\/02\\\/07\\\/antriebslosigkeit-nach-schlaganfall\\\/\"},\"wordCount\":260,\"commentCount\":0,\"publisher\":{\"@id\":\"https:\\\/\\\/www.vitalibera.org\\\/community\\\/#organization\"},\"image\":{\"@id\":\"http:\\\/\\\/www.vitalibera.org\\\/community\\\/2026\\\/02\\\/07\\\/antriebslosigkeit-nach-schlaganfall\\\/#primaryimage\"},\"thumbnailUrl\":\"https:\\\/\\\/www.vitalibera.org\\\/community\\\/wp-content\\\/uploads\\\/2026\\\/02\\\/Screenshot-2026-02-07-141354.png\",\"articleSection\":[\"Fachwissen\",\"Hilfe f\u00fcr Angeh\u00f6rige\"],\"inLanguage\":\"de\",\"potentialAction\":[{\"@type\":\"CommentAction\",\"name\":\"Comment\",\"target\":[\"http:\\\/\\\/www.vitalibera.org\\\/community\\\/2026\\\/02\\\/07\\\/antriebslosigkeit-nach-schlaganfall\\\/#respond\"]}]},{\"@type\":\"WebPage\",\"@id\":\"http:\\\/\\\/www.vitalibera.org\\\/community\\\/2026\\\/02\\\/07\\\/antriebslosigkeit-nach-schlaganfall\\\/\",\"url\":\"http:\\\/\\\/www.vitalibera.org\\\/community\\\/2026\\\/02\\\/07\\\/antriebslosigkeit-nach-schlaganfall\\\/\",\"name\":\"Antriebslosigkeit nach Schlaganfall - vitalibera.org\",\"isPartOf\":{\"@id\":\"https:\\\/\\\/www.vitalibera.org\\\/community\\\/#website\"},\"primaryImageOfPage\":{\"@id\":\"http:\\\/\\\/www.vitalibera.org\\\/community\\\/2026\\\/02\\\/07\\\/antriebslosigkeit-nach-schlaganfall\\\/#primaryimage\"},\"image\":{\"@id\":\"http:\\\/\\\/www.vitalibera.org\\\/community\\\/2026\\\/02\\\/07\\\/antriebslosigkeit-nach-schlaganfall\\\/#primaryimage\"},\"thumbnailUrl\":\"https:\\\/\\\/www.vitalibera.org\\\/community\\\/wp-content\\\/uploads\\\/2026\\\/02\\\/Screenshot-2026-02-07-141354.png\",\"datePublished\":\"2026-02-07T13:15:14+00:00\",\"dateModified\":\"2026-02-07T13:15:18+00:00\",\"breadcrumb\":{\"@id\":\"http:\\\/\\\/www.vitalibera.org\\\/community\\\/2026\\\/02\\\/07\\\/antriebslosigkeit-nach-schlaganfall\\\/#breadcrumb\"},\"inLanguage\":\"de\",\"potentialAction\":[{\"@type\":\"ReadAction\",\"target\":[\"http:\\\/\\\/www.vitalibera.org\\\/community\\\/2026\\\/02\\\/07\\\/antriebslosigkeit-nach-schlaganfall\\\/\"]}]},{\"@type\":\"BreadcrumbList\",\"@id\":\"http:\\\/\\\/www.vitalibera.org\\\/community\\\/2026\\\/02\\\/07\\\/antriebslosigkeit-nach-schlaganfall\\\/#breadcrumb\",\"itemListElement\":[{\"@type\":\"ListItem\",\"position\":1,\"name\":\"Startseite\",\"item\":\"https:\\\/\\\/www.vitalibera.org\\\/community\\\/\"},{\"@type\":\"ListItem\",\"position\":2,\"name\":\"Antriebslosigkeit nach Schlaganfall\"}]},{\"@type\":\"WebSite\",\"@id\":\"https:\\\/\\\/www.vitalibera.org\\\/community\\\/#website\",\"url\":\"https:\\\/\\\/www.vitalibera.org\\\/community\\\/\",\"name\":\"vitalibera.org\",\"description\":\"Mit einer Einschr&auml;nkung gestaltet sich das Leben im Alltag oft schwieriger - hier berichten wir &uuml;ber unsere Erfahrungen und Hilfsmittel um den Alltag so unbeschwert und unkompliziert wie nur m&ouml;glich geniessen zu k&ouml;nnen. Dabei richten wir unseren Fokus gezielt auf Selbst&auml;ndigkeit, Eigenst&auml;ndigkeit und Selbstbestimmung.\",\"publisher\":{\"@id\":\"https:\\\/\\\/www.vitalibera.org\\\/community\\\/#organization\"},\"potentialAction\":[{\"@type\":\"SearchAction\",\"target\":{\"@type\":\"EntryPoint\",\"urlTemplate\":\"https:\\\/\\\/www.vitalibera.org\\\/community\\\/?s={search_term_string}\"},\"query-input\":{\"@type\":\"PropertyValueSpecification\",\"valueRequired\":true,\"valueName\":\"search_term_string\"}}],\"inLanguage\":\"de\"},{\"@type\":\"Organization\",\"@id\":\"https:\\\/\\\/www.vitalibera.org\\\/community\\\/#organization\",\"name\":\"vitalibera.org\",\"url\":\"https:\\\/\\\/www.vitalibera.org\\\/community\\\/\",\"logo\":{\"@type\":\"ImageObject\",\"inLanguage\":\"de\",\"@id\":\"https:\\\/\\\/www.vitalibera.org\\\/community\\\/#\\\/schema\\\/logo\\\/image\\\/\",\"url\":\"https:\\\/\\\/www.vitalibera.org\\\/community\\\/wp-content\\\/uploads\\\/2025\\\/09\\\/cropped-banner.png\",\"contentUrl\":\"https:\\\/\\\/www.vitalibera.org\\\/community\\\/wp-content\\\/uploads\\\/2025\\\/09\\\/cropped-banner.png\",\"width\":991,\"height\":150,\"caption\":\"vitalibera.org\"},\"image\":{\"@id\":\"https:\\\/\\\/www.vitalibera.org\\\/community\\\/#\\\/schema\\\/logo\\\/image\\\/\"},\"sameAs\":[\"https:\\\/\\\/www.facebook.com\\\/groups\\\/2997085857140235\"]},{\"@type\":\"Person\",\"@id\":\"https:\\\/\\\/www.vitalibera.org\\\/community\\\/#\\\/schema\\\/person\\\/6712387298421f222ff6d0a2e22c1534\",\"name\":\"Andreas Jecklin\",\"image\":{\"@type\":\"ImageObject\",\"inLanguage\":\"de\",\"@id\":\"https:\\\/\\\/secure.gravatar.com\\\/avatar\\\/ad516503a11cd5ca435acc9bb6523536?s=96\",\"url\":\"https:\\\/\\\/secure.gravatar.com\\\/avatar\\\/ad516503a11cd5ca435acc9bb6523536?s=96\",\"contentUrl\":\"https:\\\/\\\/secure.gravatar.com\\\/avatar\\\/ad516503a11cd5ca435acc9bb6523536?s=96\",\"caption\":\"Andreas Jecklin\"},\"description\":\"Manchen gab Gott die Kraft Dinge zu ver\u00e4ndern, mir gab er die Kraft zu ertragen was nicht mehr zu \u00e4ndern ist.\",\"url\":\"https:\\\/\\\/www.vitalibera.org\\\/community\\\/author\\\/andy77\\\/\"}]}<\/script>\r\n<!-- \/ Yoast SEO plugin. -->","yoast_head_json":{"title":"Antriebslosigkeit nach Schlaganfall - vitalibera.org","robots":{"index":"index","follow":"follow","max-snippet":"max-snippet:-1","max-image-preview":"max-image-preview:large","max-video-preview":"max-video-preview:-1"},"canonical":"http:\/\/www.vitalibera.org\/community\/2026\/02\/07\/antriebslosigkeit-nach-schlaganfall\/","og_locale":"de_DE","og_type":"article","og_title":"Antriebslosigkeit nach Schlaganfall - vitalibera.org","og_description":"Antriebslosigkeit,\u00a0oft in Form von Post-Stroke Fatigue (PSF) oder Depression, ist eine h\u00e4ufige Folge nach einem Schlaganfall. Sie resultiert aus erh\u00f6htem Energiebedarf des Gehirns zur Reparatur, k\u00f6rperlichen\/kognitiven Sch\u00e4den oder psychischer \u00dcberlastung. Etwa jeder Dritte ist betroffen, wobei Symptome wie tiefe Ersch\u00f6pfung, Interessensverlust und M\u00fcdigkeit oft monatelang anhalten.\u00a0 Ursachen und Hintergr\u00fcnde Symptome der Antriebslosigkeit Umgang und Hilfsm\u00f6glichkeiten ... Weiterlesen","og_url":"http:\/\/www.vitalibera.org\/community\/2026\/02\/07\/antriebslosigkeit-nach-schlaganfall\/","og_site_name":"vitalibera.org","article_publisher":"https:\/\/www.facebook.com\/groups\/2997085857140235","article_published_time":"2026-02-07T13:15:14+00:00","article_modified_time":"2026-02-07T13:15:18+00:00","og_image":[{"width":701,"height":376,"url":"http:\/\/www.vitalibera.org\/community\/wp-content\/uploads\/2026\/02\/Screenshot-2026-02-07-141354.png","type":"image\/png"}],"author":"Andreas Jecklin","twitter_card":"summary_large_image","twitter_misc":{"Verfasst von":"Andreas Jecklin","Gesch\u00e4tzte Lesezeit":"2\u00a0Minuten"},"schema":{"@context":"https:\/\/schema.org","@graph":[{"@type":"Article","@id":"http:\/\/www.vitalibera.org\/community\/2026\/02\/07\/antriebslosigkeit-nach-schlaganfall\/#article","isPartOf":{"@id":"http:\/\/www.vitalibera.org\/community\/2026\/02\/07\/antriebslosigkeit-nach-schlaganfall\/"},"author":{"name":"Andreas Jecklin","@id":"https:\/\/www.vitalibera.org\/community\/#\/schema\/person\/6712387298421f222ff6d0a2e22c1534"},"headline":"Antriebslosigkeit nach Schlaganfall","datePublished":"2026-02-07T13:15:14+00:00","dateModified":"2026-02-07T13:15:18+00:00","mainEntityOfPage":{"@id":"http:\/\/www.vitalibera.org\/community\/2026\/02\/07\/antriebslosigkeit-nach-schlaganfall\/"},"wordCount":260,"commentCount":0,"publisher":{"@id":"https:\/\/www.vitalibera.org\/community\/#organization"},"image":{"@id":"http:\/\/www.vitalibera.org\/community\/2026\/02\/07\/antriebslosigkeit-nach-schlaganfall\/#primaryimage"},"thumbnailUrl":"https:\/\/www.vitalibera.org\/community\/wp-content\/uploads\/2026\/02\/Screenshot-2026-02-07-141354.png","articleSection":["Fachwissen","Hilfe f\u00fcr Angeh\u00f6rige"],"inLanguage":"de","potentialAction":[{"@type":"CommentAction","name":"Comment","target":["http:\/\/www.vitalibera.org\/community\/2026\/02\/07\/antriebslosigkeit-nach-schlaganfall\/#respond"]}]},{"@type":"WebPage","@id":"http:\/\/www.vitalibera.org\/community\/2026\/02\/07\/antriebslosigkeit-nach-schlaganfall\/","url":"http:\/\/www.vitalibera.org\/community\/2026\/02\/07\/antriebslosigkeit-nach-schlaganfall\/","name":"Antriebslosigkeit nach Schlaganfall - vitalibera.org","isPartOf":{"@id":"https:\/\/www.vitalibera.org\/community\/#website"},"primaryImageOfPage":{"@id":"http:\/\/www.vitalibera.org\/community\/2026\/02\/07\/antriebslosigkeit-nach-schlaganfall\/#primaryimage"},"image":{"@id":"http:\/\/www.vitalibera.org\/community\/2026\/02\/07\/antriebslosigkeit-nach-schlaganfall\/#primaryimage"},"thumbnailUrl":"https:\/\/www.vitalibera.org\/community\/wp-content\/uploads\/2026\/02\/Screenshot-2026-02-07-141354.png","datePublished":"2026-02-07T13:15:14+00:00","dateModified":"2026-02-07T13:15:18+00:00","breadcrumb":{"@id":"http:\/\/www.vitalibera.org\/community\/2026\/02\/07\/antriebslosigkeit-nach-schlaganfall\/#breadcrumb"},"inLanguage":"de","potentialAction":[{"@type":"ReadAction","target":["http:\/\/www.vitalibera.org\/community\/2026\/02\/07\/antriebslosigkeit-nach-schlaganfall\/"]}]},{"@type":"BreadcrumbList","@id":"http:\/\/www.vitalibera.org\/community\/2026\/02\/07\/antriebslosigkeit-nach-schlaganfall\/#breadcrumb","itemListElement":[{"@type":"ListItem","position":1,"name":"Startseite","item":"https:\/\/www.vitalibera.org\/community\/"},{"@type":"ListItem","position":2,"name":"Antriebslosigkeit nach Schlaganfall"}]},{"@type":"WebSite","@id":"https:\/\/www.vitalibera.org\/community\/#website","url":"https:\/\/www.vitalibera.org\/community\/","name":"vitalibera.org","description":"Mit einer Einschr&auml;nkung gestaltet sich das Leben im Alltag oft schwieriger - hier berichten wir &uuml;ber unsere Erfahrungen und Hilfsmittel um den Alltag so unbeschwert und unkompliziert wie nur m&ouml;glich geniessen zu k&ouml;nnen. Dabei richten wir unseren Fokus gezielt auf Selbst&auml;ndigkeit, Eigenst&auml;ndigkeit und Selbstbestimmung.","publisher":{"@id":"https:\/\/www.vitalibera.org\/community\/#organization"},"potentialAction":[{"@type":"SearchAction","target":{"@type":"EntryPoint","urlTemplate":"https:\/\/www.vitalibera.org\/community\/?s={search_term_string}"},"query-input":{"@type":"PropertyValueSpecification","valueRequired":true,"valueName":"search_term_string"}}],"inLanguage":"de"},{"@type":"Organization","@id":"https:\/\/www.vitalibera.org\/community\/#organization","name":"vitalibera.org","url":"https:\/\/www.vitalibera.org\/community\/","logo":{"@type":"ImageObject","inLanguage":"de","@id":"https:\/\/www.vitalibera.org\/community\/#\/schema\/logo\/image\/","url":"https:\/\/www.vitalibera.org\/community\/wp-content\/uploads\/2025\/09\/cropped-banner.png","contentUrl":"https:\/\/www.vitalibera.org\/community\/wp-content\/uploads\/2025\/09\/cropped-banner.png","width":991,"height":150,"caption":"vitalibera.org"},"image":{"@id":"https:\/\/www.vitalibera.org\/community\/#\/schema\/logo\/image\/"},"sameAs":["https:\/\/www.facebook.com\/groups\/2997085857140235"]},{"@type":"Person","@id":"https:\/\/www.vitalibera.org\/community\/#\/schema\/person\/6712387298421f222ff6d0a2e22c1534","name":"Andreas Jecklin","image":{"@type":"ImageObject","inLanguage":"de","@id":"https:\/\/secure.gravatar.com\/avatar\/ad516503a11cd5ca435acc9bb6523536?s=96","url":"https:\/\/secure.gravatar.com\/avatar\/ad516503a11cd5ca435acc9bb6523536?s=96","contentUrl":"https:\/\/secure.gravatar.com\/avatar\/ad516503a11cd5ca435acc9bb6523536?s=96","caption":"Andreas Jecklin"},"description":"Manchen gab Gott die Kraft Dinge zu ver\u00e4ndern, mir gab er die Kraft zu ertragen was nicht mehr zu \u00e4ndern ist.","url":"https:\/\/www.vitalibera.org\/community\/author\/andy77\/"}]}},"jetpack_featured_media_url":"https:\/\/www.vitalibera.org\/community\/wp-content\/uploads\/2026\/02\/Screenshot-2026-02-07-141354.png","jetpack_sharing_enabled":true,"jetpack-related-posts":[],"_links":{"self":[{"href":"https:\/\/www.vitalibera.org\/community\/wp-json\/wp\/v2\/posts\/5441","targetHints":{"allow":["GET"]}}],"collection":[{"href":"https:\/\/www.vitalibera.org\/community\/wp-json\/wp\/v2\/posts"}],"about":[{"href":"https:\/\/www.vitalibera.org\/community\/wp-json\/wp\/v2\/types\/post"}],"author":[{"embeddable":true,"href":"https:\/\/www.vitalibera.org\/community\/wp-json\/wp\/v2\/users\/2"}],"replies":[{"embeddable":true,"href":"https:\/\/www.vitalibera.org\/community\/wp-json\/wp\/v2\/comments?post=5441"}],"version-history":[{"count":2,"href":"https:\/\/www.vitalibera.org\/community\/wp-json\/wp\/v2\/posts\/5441\/revisions"}],"predecessor-version":[{"id":5444,"href":"https:\/\/www.vitalibera.org\/community\/wp-json\/wp\/v2\/posts\/5441\/revisions\/5444"}],"wp:featuredmedia":[{"embeddable":true,"href":"https:\/\/www.vitalibera.org\/community\/wp-json\/wp\/v2\/media\/5442"}],"wp:attachment":[{"href":"https:\/\/www.vitalibera.org\/community\/wp-json\/wp\/v2\/media?parent=5441"}],"wp:term":[{"taxonomy":"category","embeddable":true,"href":"https:\/\/www.vitalibera.org\/community\/wp-json\/wp\/v2\/categories?post=5441"},{"taxonomy":"post_tag","embeddable":true,"href":"https:\/\/www.vitalibera.org\/community\/wp-json\/wp\/v2\/tags?post=5441"}],"curies":[{"name":"wp","href":"https:\/\/api.w.org\/{rel}","templated":true}]}}