{"id":5537,"date":"2026-02-11T20:06:36","date_gmt":"2026-02-11T19:06:36","guid":{"rendered":"https:\/\/www.vitalibera.org\/community\/?p=5537"},"modified":"2026-02-11T20:13:36","modified_gmt":"2026-02-11T19:13:36","slug":"mobilisation-einer-person-mit-halbseitenlaehmung-hemiparese-plegie","status":"publish","type":"post","link":"https:\/\/www.vitalibera.org\/community\/2026\/02\/11\/mobilisation-einer-person-mit-halbseitenlaehmung-hemiparese-plegie\/","title":{"rendered":"Mobilisation einer Person mit Halbseitenl\u00e4hmung (Hemiparese\/-plegie)"},"content":{"rendered":"\n<p>Die Mobilisation einer Person mit Halbseitenl&auml;hmung (<a href=\"https:\/\/www.vitalibera.org\/community\/enzyklopaedie\/hemiparese\/\" target=\"_self\" title=\"Eine Hemiparese ist eine&nbsp;L&auml;hmung einer K&ouml;rperh&auml;lfte, bei der noch eine Restaktivit&auml;t vorhanden sein kann. Eine Hemiparese entsteht durch Sch&auml;digungen im Gehirn, wie bei einem Schlaganfall oder durch einen Unfall. Es kommt zu einer Verminderung der Kraft in Gesicht, Arm und Bein in einer K&ouml;rperh&auml;lfte.\" class=\"encyclopedia\">Hemiparese<\/a>\/-plegie) zielt darauf ab, die Selbstst&auml;ndigkeit durch fr&uuml;he Aktivierung, oft nach dem<\/p>\n\n\n\n<p><a href=\"https:\/\/www.google.com\/search?q=Bobath-Konzept&amp;sca_esv=5b6dfac1f9c325dc&amp;rlz=1C1ONGR_enCH1115CH1115&amp;sxsrf=ANbL-n4jsgInYFesyI1fE-gwf20KE7nEnA%3A1770836415778&amp;ei=v9GMaeOUL9Dqi-gP68LlwQ0&amp;biw=1920&amp;bih=911&amp;ved=2ahUKEwiej7bej9KSAxW53QIHHQc_EdAQgK4QegQIARAB&amp;uact=5&amp;oq=Mobilisation+einer+Person+mit+Halbseitenl%C3%A4hmung&amp;gs_lp=Egxnd3Mtd2l6LXNlcnAiME1vYmlsaXNhdGlvbiBlaW5lciBQZXJzb24gbWl0IEhhbGJzZWl0ZW5sw6RobXVuZzIFECEYoAEyBRAhGKABSNIbUL8WWL8WcAF4AZABAJgBggGgAYIBqgEDMC4xuAEDyAEA-AEC-AEBmAICoAKSAcICChAAGEcY1gQYsAPCAg0QABiABBiKBRhDGLADwgIOEAAY5AIY1gQYsAPYAQHCAhkQLhiABBiKBRhDGMcBGNEDGMgDGLAD2AEBwgITEC4YgAQYigUYQxjIAxiwA9gBAZgDAIgGAZAGEboGBggBEAEYCZIHAzEuMaAH0QKyBwMwLjG4B4cBwgcHMC4xLjAuMcgHC4AIAQ&amp;sclient=gws-wiz-serp\">Bobath-Konzept<\/a>, zu f&ouml;rdern. Schl&uuml;sselelemente sind die Einbindung der betroffenen Seite, Sitz&uuml;bungen an der Bettkante, korrektes Aufstehen &uuml;ber die <a href=\"https:\/\/www.vitalibera.org\/community\/2026\/04\/19\/wenn-reize-laut-werden-und-menschen-leise\/\">betroffene<\/a> Seite und die Nutzung von Hilfsmitteln. Sicherheitsaspekte (festes Schuhwerk, Sturzprophylaxe) stehen im Vordergrund.&nbsp;<\/p>\n\n\n\n<p><strong>Grundprinzipien der Mobilisation<\/strong>&nbsp;<\/p>\n\n\n\n<ul class=\"wp-block-list\">\n<li><strong>Aktivierung:<\/strong> Der Betroffene sollte so fr&uuml;h wie m&ouml;glich aus dem Bett kommen, um die <a href=\"https:\/\/www.vitalibera.org\/community\/enzyklopaedie\/neuroplastizitaet\/\" target=\"_self\" title=\"Neuroplastizit&auml;t&nbsp;beschreibt die F&auml;higkeit des Gehirns, sich durch die gesamte Lebensspanne hinweg zu ver&auml;ndern, anzupassen und neue Verbindungen zwischen Nervenzellen zu bilden.&nbsp;Diese st&auml;ndige Umstrukturierung erm&ouml;glicht Lernen und Wachstum, spielt eine entscheidende Rolle bei der Genesung nach Hirnsch&auml;den wie Schlaganf&auml;llen und ist die Grundlage f&uuml;r die Entwicklung von F&auml;higkeiten und die Anpassung an die Umwelt.&nbsp;Regelm&auml;&szlig;iges &Uuml;ben und&hellip;\" class=\"encyclopedia\">Neuroplastizit&auml;t<\/a> (Neulernen des Gehirns) zu f&ouml;rdern.<\/li>\n\n\n\n<li><strong>Einbeziehen der Betroffenen Seite:<\/strong> Die gel&auml;hmte Seite sollte nicht geschont, sondern in Bewegungen integriert werden, um Vernachl&auml;ssigung (<a href=\"https:\/\/www.vitalibera.org\/community\/enzyklopaedie\/neglect\/\" target=\"_self\" title='Neglect, auch bekannt als Neglect-Syndrom, ist eine&nbsp;neurologische St&ouml;rung, bei der eine Seite der Umgebung oder des eigenen K&ouml;rpers nicht mehr wahrgenommen oder beachtet wird, obwohl die Sinnesorgane (wie Augen oder Ohren) selbst intakt sind.&nbsp;Es ist keine Sehst&ouml;rung (wie eine Hemianopsie), sondern eine Aufmerksamkeitsst&ouml;rung.&nbsp;Der Begriff leitet sich vom lateinischen \"neglegere\" ab, was \"nicht beachten\" oder \"vernachl&auml;ssigen\"&hellip;' class=\"encyclopedia\">Neglect<\/a>) vorzubeugen.<\/li>\n\n\n\n<li><strong>Pflege &uuml;ber die betroffene Seite:<\/strong> Bei Transferbewegungen (z.B. Aufstehen) steht die Pflegekraft auf der gel&auml;hmten Seite, um diese zu st&uuml;tzen und zu f&uuml;hren.<\/li>\n\n\n\n<li><strong>Schutz vor &Uuml;berforderung:<\/strong> Regelm&auml;&szlig;ige Pausen einlegen, um Frustration und depressive Reaktionen zu vermeiden.&nbsp;<\/li>\n<\/ul>\n\n\n\n<p><strong>Schritt-f&uuml;r-Schritt: Aufsetzen an der Bettkante<\/strong>&nbsp;<\/p>\n\n\n\n<ol class=\"wp-block-list\">\n<li><strong>Vorbereitung:<\/strong> Das Bett auf eine geeignete H&ouml;he bringen. Der Patient wird in die Seitenlage (auf die weniger betroffene Seite) gedreht.<\/li>\n\n\n\n<li><strong>Beine &uuml;ber die Kante:<\/strong> Die Pflegekraft f&uuml;hrt die Beine des Patienten &uuml;ber die Bettkante, w&auml;hrend der Patient sich mit dem gesunden Arm abst&uuml;tzt.<\/li>\n\n\n\n<li><strong>Aufsetzen:<\/strong> Die Pflegekraft unterst&uuml;tzt den Oberk&ouml;rper. Das Kopfteil des Bettes kann als Hilfe hochgefahren werden.<\/li>\n\n\n\n<li><strong>Sitzposition:<\/strong> Der Patient sitzt aufrecht an der Bettkante. Die betroffene Seite wird durch die Pflegekraft stabilisiert, das gel&auml;hmte Bein ggf. positioniert, damit es nicht nach au&szlig;en rotiert.&nbsp;<\/li>\n<\/ol>\n\n\n\n<p><strong>Schritt-f&uuml;r-Schritt: Transfer (Bett auf Stuhl\/Rollstuhl)<\/strong>&nbsp;<\/p>\n\n\n\n<ol class=\"wp-block-list\">\n<li><strong>Vorbereitung:<\/strong> Der Rollstuhl steht auf der weniger betroffenen Seite des Patienten.<\/li>\n\n\n\n<li><strong>Aufstehen:<\/strong> Der Patient wird aus dem Sitz in den Stand gef&uuml;hrt. Dabei muss sichergestellt sein, dass das betroffene Bein das Gewicht &uuml;bernimmt.<\/li>\n\n\n\n<li><strong>Drehung:<\/strong> Der Patient dreht sich auf dem gesunden Bein.<\/li>\n\n\n\n<li><strong>Hinsetzen:<\/strong> Der Patient tastet mit dem gesunden Arm nach der Armlehne des Rollstuhls und setzt sich langsam.&nbsp;<\/li>\n<\/ol>\n\n\n\n<p><strong>Wichtige Ma&szlig;nahmen<\/strong>&nbsp;<\/p>\n\n\n\n<ul class=\"wp-block-list\">\n<li><strong>Hilfsmittel:<\/strong> Gehwagen, Rollstuhl, Gehstock oder Scooter nutzen, um Sicherheit zu gew&auml;hrleisten.<\/li>\n\n\n\n<li><strong>Schuhwerk:<\/strong> Feste Schuhe mit Gummisohlen tragen.<\/li>\n\n\n\n<li><strong>Lagerung:<\/strong> Die betroffene Seite im Liegen immer leicht vorlagern (Schulter nach vorne), um Schmerzen zu vermeiden.&nbsp;<\/li>\n<\/ul>\n\n\n\n<p><em>Hinweis: Die Mobilisation sollte stets an die individuellen F&auml;higkeiten des Betroffenen angepasst werden.<\/em><\/p>\n\n\n\n<figure class=\"wp-block-embed is-type-video is-provider-youtube wp-block-embed-youtube wp-embed-aspect-16-9 wp-has-aspect-ratio\"><div class=\"wp-block-embed__wrapper\">\n<iframe title=\"16   Mobilisation einer Person mit Halbseitenl&auml;hmung\" width=\"1200\" height=\"675\" src=\"https:\/\/www.youtube.com\/embed\/0wDICzYYy9E?feature=oembed\" frameborder=\"0\" allow=\"accelerometer; autoplay; clipboard-write; encrypted-media; gyroscope; picture-in-picture; web-share\" referrerpolicy=\"strict-origin-when-cross-origin\" allowfullscreen><\/iframe>\n<\/div><\/figure>\n","protected":false},"excerpt":{"rendered":"<p>Die Mobilisation einer Person mit Halbseitenl\u00e4hmung (Hemiparese\/-plegie) zielt darauf ab, die Selbstst\u00e4ndigkeit durch fr\u00fche Aktivierung, oft nach dem Bobath-Konzept, zu f\u00f6rdern. Schl\u00fcsselelemente sind die Einbindung der betroffenen Seite, Sitz\u00fcbungen an der Bettkante, korrektes Aufstehen \u00fcber die betroffene Seite und die Nutzung von Hilfsmitteln. Sicherheitsaspekte (festes Schuhwerk, Sturzprophylaxe) stehen im Vordergrund.&nbsp; Grundprinzipien der Mobilisation&nbsp; Schritt-f\u00fcr-Schritt: Aufsetzen &#8230; <a title=\"Mobilisation einer Person mit Halbseitenl\u00e4hmung (Hemiparese\/-plegie)\" class=\"read-more\" href=\"https:\/\/www.vitalibera.org\/community\/2026\/02\/11\/mobilisation-einer-person-mit-halbseitenlaehmung-hemiparese-plegie\/\" aria-label=\"Mehr Informationen \u00fcber Mobilisation einer Person mit Halbseitenl\u00e4hmung (Hemiparese\/-plegie)\">Weiterlesen<\/a><\/p>\n","protected":false},"author":2,"featured_media":5538,"comment_status":"open","ping_status":"open","sticky":false,"template":"","format":"standard","meta":{"cybocfi_hide_featured_image":"yes","_jetpack_memberships_contains_paid_content":false,"footnotes":""},"categories":[159,225],"tags":[],"class_list":["post-5537","post","type-post","status-publish","format-standard","has-post-thumbnail","hentry","category-fachwissen","category-hilfe-fuer-angehoerige"],"yoast_head":"<!-- This site is optimized with the Yoast SEO plugin v27.4 - https:\/\/yoast.com\/product\/yoast-seo-wordpress\/ -->\r\n<title>Mobilisation einer Person mit Halbseitenl\u00e4hmung (Hemiparese\/-plegie) - vitalibera.org<\/title>\r\n<meta name=\"robots\" content=\"index, follow, max-snippet:-1, max-image-preview:large, max-video-preview:-1\" \/>\r\n<link rel=\"canonical\" href=\"http:\/\/www.vitalibera.org\/community\/2026\/02\/11\/mobilisation-einer-person-mit-halbseitenlaehmung-hemiparese-plegie\/\" \/>\r\n<meta property=\"og:locale\" content=\"de_DE\" \/>\r\n<meta property=\"og:type\" content=\"article\" \/>\r\n<meta property=\"og:title\" content=\"Mobilisation einer Person mit Halbseitenl\u00e4hmung (Hemiparese\/-plegie) - vitalibera.org\" \/>\r\n<meta property=\"og:description\" content=\"Die Mobilisation einer Person mit Halbseitenl\u00e4hmung (Hemiparese\/-plegie) zielt darauf ab, die Selbstst\u00e4ndigkeit durch fr\u00fche Aktivierung, oft nach dem Bobath-Konzept, zu f\u00f6rdern. Schl\u00fcsselelemente sind die Einbindung der betroffenen Seite, Sitz\u00fcbungen an der Bettkante, korrektes Aufstehen \u00fcber die betroffene Seite und die Nutzung von Hilfsmitteln. Sicherheitsaspekte (festes Schuhwerk, Sturzprophylaxe) stehen im Vordergrund.&nbsp; Grundprinzipien der Mobilisation&nbsp; Schritt-f\u00fcr-Schritt: Aufsetzen ... Weiterlesen\" \/>\r\n<meta property=\"og:url\" content=\"http:\/\/www.vitalibera.org\/community\/2026\/02\/11\/mobilisation-einer-person-mit-halbseitenlaehmung-hemiparese-plegie\/\" \/>\r\n<meta property=\"og:site_name\" content=\"vitalibera.org\" \/>\r\n<meta property=\"article:publisher\" content=\"https:\/\/www.facebook.com\/groups\/2997085857140235\" \/>\r\n<meta property=\"article:published_time\" content=\"2026-02-11T19:06:36+00:00\" \/>\r\n<meta property=\"article:modified_time\" content=\"2026-02-11T19:13:36+00:00\" \/>\r\n<meta property=\"og:image\" content=\"http:\/\/www.vitalibera.org\/community\/wp-content\/uploads\/2026\/02\/689a396e1c31d0c604ace4cc2bde13b0.jpg\" \/>\r\n\t<meta property=\"og:image:width\" content=\"740\" \/>\r\n\t<meta property=\"og:image:height\" content=\"420\" \/>\r\n\t<meta property=\"og:image:type\" content=\"image\/jpeg\" \/>\r\n<meta name=\"author\" content=\"Andreas Jecklin\" \/>\r\n<meta name=\"twitter:card\" content=\"summary_large_image\" \/>\r\n<meta name=\"twitter:label1\" content=\"Verfasst von\" \/>\n\t<meta name=\"twitter:data1\" content=\"Andreas Jecklin\" \/>\n\t<meta name=\"twitter:label2\" content=\"Gesch\u00e4tzte Lesezeit\" \/>\n\t<meta name=\"twitter:data2\" content=\"3\u00a0Minuten\" \/>\r\n<script type=\"application\/ld+json\" class=\"yoast-schema-graph\">{\"@context\":\"https:\\\/\\\/schema.org\",\"@graph\":[{\"@type\":\"Article\",\"@id\":\"http:\\\/\\\/www.vitalibera.org\\\/community\\\/2026\\\/02\\\/11\\\/mobilisation-einer-person-mit-halbseitenlaehmung-hemiparese-plegie\\\/#article\",\"isPartOf\":{\"@id\":\"http:\\\/\\\/www.vitalibera.org\\\/community\\\/2026\\\/02\\\/11\\\/mobilisation-einer-person-mit-halbseitenlaehmung-hemiparese-plegie\\\/\"},\"author\":{\"name\":\"Andreas Jecklin\",\"@id\":\"https:\\\/\\\/www.vitalibera.org\\\/community\\\/#\\\/schema\\\/person\\\/6712387298421f222ff6d0a2e22c1534\"},\"headline\":\"Mobilisation einer Person mit Halbseitenl\u00e4hmung (Hemiparese\\\/-plegie)\",\"datePublished\":\"2026-02-11T19:06:36+00:00\",\"dateModified\":\"2026-02-11T19:13:36+00:00\",\"mainEntityOfPage\":{\"@id\":\"http:\\\/\\\/www.vitalibera.org\\\/community\\\/2026\\\/02\\\/11\\\/mobilisation-einer-person-mit-halbseitenlaehmung-hemiparese-plegie\\\/\"},\"wordCount\":388,\"commentCount\":0,\"publisher\":{\"@id\":\"https:\\\/\\\/www.vitalibera.org\\\/community\\\/#organization\"},\"image\":{\"@id\":\"http:\\\/\\\/www.vitalibera.org\\\/community\\\/2026\\\/02\\\/11\\\/mobilisation-einer-person-mit-halbseitenlaehmung-hemiparese-plegie\\\/#primaryimage\"},\"thumbnailUrl\":\"https:\\\/\\\/www.vitalibera.org\\\/community\\\/wp-content\\\/uploads\\\/2026\\\/02\\\/689a396e1c31d0c604ace4cc2bde13b0.jpg\",\"articleSection\":[\"Fachwissen\",\"Hilfe f\u00fcr Angeh\u00f6rige\"],\"inLanguage\":\"de\",\"potentialAction\":[{\"@type\":\"CommentAction\",\"name\":\"Comment\",\"target\":[\"http:\\\/\\\/www.vitalibera.org\\\/community\\\/2026\\\/02\\\/11\\\/mobilisation-einer-person-mit-halbseitenlaehmung-hemiparese-plegie\\\/#respond\"]}]},{\"@type\":\"WebPage\",\"@id\":\"http:\\\/\\\/www.vitalibera.org\\\/community\\\/2026\\\/02\\\/11\\\/mobilisation-einer-person-mit-halbseitenlaehmung-hemiparese-plegie\\\/\",\"url\":\"http:\\\/\\\/www.vitalibera.org\\\/community\\\/2026\\\/02\\\/11\\\/mobilisation-einer-person-mit-halbseitenlaehmung-hemiparese-plegie\\\/\",\"name\":\"Mobilisation einer Person mit Halbseitenl\u00e4hmung (Hemiparese\\\/-plegie) - vitalibera.org\",\"isPartOf\":{\"@id\":\"https:\\\/\\\/www.vitalibera.org\\\/community\\\/#website\"},\"primaryImageOfPage\":{\"@id\":\"http:\\\/\\\/www.vitalibera.org\\\/community\\\/2026\\\/02\\\/11\\\/mobilisation-einer-person-mit-halbseitenlaehmung-hemiparese-plegie\\\/#primaryimage\"},\"image\":{\"@id\":\"http:\\\/\\\/www.vitalibera.org\\\/community\\\/2026\\\/02\\\/11\\\/mobilisation-einer-person-mit-halbseitenlaehmung-hemiparese-plegie\\\/#primaryimage\"},\"thumbnailUrl\":\"https:\\\/\\\/www.vitalibera.org\\\/community\\\/wp-content\\\/uploads\\\/2026\\\/02\\\/689a396e1c31d0c604ace4cc2bde13b0.jpg\",\"datePublished\":\"2026-02-11T19:06:36+00:00\",\"dateModified\":\"2026-02-11T19:13:36+00:00\",\"breadcrumb\":{\"@id\":\"http:\\\/\\\/www.vitalibera.org\\\/community\\\/2026\\\/02\\\/11\\\/mobilisation-einer-person-mit-halbseitenlaehmung-hemiparese-plegie\\\/#breadcrumb\"},\"inLanguage\":\"de\",\"potentialAction\":[{\"@type\":\"ReadAction\",\"target\":[\"http:\\\/\\\/www.vitalibera.org\\\/community\\\/2026\\\/02\\\/11\\\/mobilisation-einer-person-mit-halbseitenlaehmung-hemiparese-plegie\\\/\"]}]},{\"@type\":\"BreadcrumbList\",\"@id\":\"http:\\\/\\\/www.vitalibera.org\\\/community\\\/2026\\\/02\\\/11\\\/mobilisation-einer-person-mit-halbseitenlaehmung-hemiparese-plegie\\\/#breadcrumb\",\"itemListElement\":[{\"@type\":\"ListItem\",\"position\":1,\"name\":\"Startseite\",\"item\":\"https:\\\/\\\/www.vitalibera.org\\\/community\\\/\"},{\"@type\":\"ListItem\",\"position\":2,\"name\":\"Mobilisation einer Person mit Halbseitenl\u00e4hmung (Hemiparese\\\/-plegie)\"}]},{\"@type\":\"WebSite\",\"@id\":\"https:\\\/\\\/www.vitalibera.org\\\/community\\\/#website\",\"url\":\"https:\\\/\\\/www.vitalibera.org\\\/community\\\/\",\"name\":\"vitalibera.org\",\"description\":\"Mit einer Einschr&auml;nkung gestaltet sich das Leben im Alltag oft schwieriger - hier berichten wir &uuml;ber unsere Erfahrungen und Hilfsmittel um den Alltag so unbeschwert und unkompliziert wie nur m&ouml;glich geniessen zu k&ouml;nnen. Dabei richten wir unseren Fokus gezielt auf Selbst&auml;ndigkeit, Eigenst&auml;ndigkeit und Selbstbestimmung.\",\"publisher\":{\"@id\":\"https:\\\/\\\/www.vitalibera.org\\\/community\\\/#organization\"},\"potentialAction\":[{\"@type\":\"SearchAction\",\"target\":{\"@type\":\"EntryPoint\",\"urlTemplate\":\"https:\\\/\\\/www.vitalibera.org\\\/community\\\/?s={search_term_string}\"},\"query-input\":{\"@type\":\"PropertyValueSpecification\",\"valueRequired\":true,\"valueName\":\"search_term_string\"}}],\"inLanguage\":\"de\"},{\"@type\":\"Organization\",\"@id\":\"https:\\\/\\\/www.vitalibera.org\\\/community\\\/#organization\",\"name\":\"vitalibera.org\",\"url\":\"https:\\\/\\\/www.vitalibera.org\\\/community\\\/\",\"logo\":{\"@type\":\"ImageObject\",\"inLanguage\":\"de\",\"@id\":\"https:\\\/\\\/www.vitalibera.org\\\/community\\\/#\\\/schema\\\/logo\\\/image\\\/\",\"url\":\"https:\\\/\\\/www.vitalibera.org\\\/community\\\/wp-content\\\/uploads\\\/2025\\\/09\\\/cropped-banner.png\",\"contentUrl\":\"https:\\\/\\\/www.vitalibera.org\\\/community\\\/wp-content\\\/uploads\\\/2025\\\/09\\\/cropped-banner.png\",\"width\":991,\"height\":150,\"caption\":\"vitalibera.org\"},\"image\":{\"@id\":\"https:\\\/\\\/www.vitalibera.org\\\/community\\\/#\\\/schema\\\/logo\\\/image\\\/\"},\"sameAs\":[\"https:\\\/\\\/www.facebook.com\\\/groups\\\/2997085857140235\"]},{\"@type\":\"Person\",\"@id\":\"https:\\\/\\\/www.vitalibera.org\\\/community\\\/#\\\/schema\\\/person\\\/6712387298421f222ff6d0a2e22c1534\",\"name\":\"Andreas Jecklin\",\"image\":{\"@type\":\"ImageObject\",\"inLanguage\":\"de\",\"@id\":\"https:\\\/\\\/secure.gravatar.com\\\/avatar\\\/ad516503a11cd5ca435acc9bb6523536?s=96\",\"url\":\"https:\\\/\\\/secure.gravatar.com\\\/avatar\\\/ad516503a11cd5ca435acc9bb6523536?s=96\",\"contentUrl\":\"https:\\\/\\\/secure.gravatar.com\\\/avatar\\\/ad516503a11cd5ca435acc9bb6523536?s=96\",\"caption\":\"Andreas Jecklin\"},\"description\":\"Manchen gab Gott die Kraft Dinge zu ver\u00e4ndern, mir gab er die Kraft zu ertragen was nicht mehr zu \u00e4ndern ist.\",\"url\":\"https:\\\/\\\/www.vitalibera.org\\\/community\\\/author\\\/andy77\\\/\"}]}<\/script>\r\n<!-- \/ Yoast SEO plugin. -->","yoast_head_json":{"title":"Mobilisation einer Person mit Halbseitenl\u00e4hmung (Hemiparese\/-plegie) - vitalibera.org","robots":{"index":"index","follow":"follow","max-snippet":"max-snippet:-1","max-image-preview":"max-image-preview:large","max-video-preview":"max-video-preview:-1"},"canonical":"http:\/\/www.vitalibera.org\/community\/2026\/02\/11\/mobilisation-einer-person-mit-halbseitenlaehmung-hemiparese-plegie\/","og_locale":"de_DE","og_type":"article","og_title":"Mobilisation einer Person mit Halbseitenl\u00e4hmung (Hemiparese\/-plegie) - vitalibera.org","og_description":"Die Mobilisation einer Person mit Halbseitenl\u00e4hmung (Hemiparese\/-plegie) zielt darauf ab, die Selbstst\u00e4ndigkeit durch fr\u00fche Aktivierung, oft nach dem Bobath-Konzept, zu f\u00f6rdern. Schl\u00fcsselelemente sind die Einbindung der betroffenen Seite, Sitz\u00fcbungen an der Bettkante, korrektes Aufstehen \u00fcber die betroffene Seite und die Nutzung von Hilfsmitteln. Sicherheitsaspekte (festes Schuhwerk, Sturzprophylaxe) stehen im Vordergrund.&nbsp; Grundprinzipien der Mobilisation&nbsp; Schritt-f\u00fcr-Schritt: Aufsetzen ... Weiterlesen","og_url":"http:\/\/www.vitalibera.org\/community\/2026\/02\/11\/mobilisation-einer-person-mit-halbseitenlaehmung-hemiparese-plegie\/","og_site_name":"vitalibera.org","article_publisher":"https:\/\/www.facebook.com\/groups\/2997085857140235","article_published_time":"2026-02-11T19:06:36+00:00","article_modified_time":"2026-02-11T19:13:36+00:00","og_image":[{"width":740,"height":420,"url":"http:\/\/www.vitalibera.org\/community\/wp-content\/uploads\/2026\/02\/689a396e1c31d0c604ace4cc2bde13b0.jpg","type":"image\/jpeg"}],"author":"Andreas Jecklin","twitter_card":"summary_large_image","twitter_misc":{"Verfasst von":"Andreas Jecklin","Gesch\u00e4tzte Lesezeit":"3\u00a0Minuten"},"schema":{"@context":"https:\/\/schema.org","@graph":[{"@type":"Article","@id":"http:\/\/www.vitalibera.org\/community\/2026\/02\/11\/mobilisation-einer-person-mit-halbseitenlaehmung-hemiparese-plegie\/#article","isPartOf":{"@id":"http:\/\/www.vitalibera.org\/community\/2026\/02\/11\/mobilisation-einer-person-mit-halbseitenlaehmung-hemiparese-plegie\/"},"author":{"name":"Andreas Jecklin","@id":"https:\/\/www.vitalibera.org\/community\/#\/schema\/person\/6712387298421f222ff6d0a2e22c1534"},"headline":"Mobilisation einer Person mit Halbseitenl\u00e4hmung (Hemiparese\/-plegie)","datePublished":"2026-02-11T19:06:36+00:00","dateModified":"2026-02-11T19:13:36+00:00","mainEntityOfPage":{"@id":"http:\/\/www.vitalibera.org\/community\/2026\/02\/11\/mobilisation-einer-person-mit-halbseitenlaehmung-hemiparese-plegie\/"},"wordCount":388,"commentCount":0,"publisher":{"@id":"https:\/\/www.vitalibera.org\/community\/#organization"},"image":{"@id":"http:\/\/www.vitalibera.org\/community\/2026\/02\/11\/mobilisation-einer-person-mit-halbseitenlaehmung-hemiparese-plegie\/#primaryimage"},"thumbnailUrl":"https:\/\/www.vitalibera.org\/community\/wp-content\/uploads\/2026\/02\/689a396e1c31d0c604ace4cc2bde13b0.jpg","articleSection":["Fachwissen","Hilfe f\u00fcr Angeh\u00f6rige"],"inLanguage":"de","potentialAction":[{"@type":"CommentAction","name":"Comment","target":["http:\/\/www.vitalibera.org\/community\/2026\/02\/11\/mobilisation-einer-person-mit-halbseitenlaehmung-hemiparese-plegie\/#respond"]}]},{"@type":"WebPage","@id":"http:\/\/www.vitalibera.org\/community\/2026\/02\/11\/mobilisation-einer-person-mit-halbseitenlaehmung-hemiparese-plegie\/","url":"http:\/\/www.vitalibera.org\/community\/2026\/02\/11\/mobilisation-einer-person-mit-halbseitenlaehmung-hemiparese-plegie\/","name":"Mobilisation einer Person mit Halbseitenl\u00e4hmung (Hemiparese\/-plegie) - vitalibera.org","isPartOf":{"@id":"https:\/\/www.vitalibera.org\/community\/#website"},"primaryImageOfPage":{"@id":"http:\/\/www.vitalibera.org\/community\/2026\/02\/11\/mobilisation-einer-person-mit-halbseitenlaehmung-hemiparese-plegie\/#primaryimage"},"image":{"@id":"http:\/\/www.vitalibera.org\/community\/2026\/02\/11\/mobilisation-einer-person-mit-halbseitenlaehmung-hemiparese-plegie\/#primaryimage"},"thumbnailUrl":"https:\/\/www.vitalibera.org\/community\/wp-content\/uploads\/2026\/02\/689a396e1c31d0c604ace4cc2bde13b0.jpg","datePublished":"2026-02-11T19:06:36+00:00","dateModified":"2026-02-11T19:13:36+00:00","breadcrumb":{"@id":"http:\/\/www.vitalibera.org\/community\/2026\/02\/11\/mobilisation-einer-person-mit-halbseitenlaehmung-hemiparese-plegie\/#breadcrumb"},"inLanguage":"de","potentialAction":[{"@type":"ReadAction","target":["http:\/\/www.vitalibera.org\/community\/2026\/02\/11\/mobilisation-einer-person-mit-halbseitenlaehmung-hemiparese-plegie\/"]}]},{"@type":"BreadcrumbList","@id":"http:\/\/www.vitalibera.org\/community\/2026\/02\/11\/mobilisation-einer-person-mit-halbseitenlaehmung-hemiparese-plegie\/#breadcrumb","itemListElement":[{"@type":"ListItem","position":1,"name":"Startseite","item":"https:\/\/www.vitalibera.org\/community\/"},{"@type":"ListItem","position":2,"name":"Mobilisation einer Person mit Halbseitenl\u00e4hmung (Hemiparese\/-plegie)"}]},{"@type":"WebSite","@id":"https:\/\/www.vitalibera.org\/community\/#website","url":"https:\/\/www.vitalibera.org\/community\/","name":"vitalibera.org","description":"Mit einer Einschr&auml;nkung gestaltet sich das Leben im Alltag oft schwieriger - hier berichten wir &uuml;ber unsere Erfahrungen und Hilfsmittel um den Alltag so unbeschwert und unkompliziert wie nur m&ouml;glich geniessen zu k&ouml;nnen. Dabei richten wir unseren Fokus gezielt auf Selbst&auml;ndigkeit, Eigenst&auml;ndigkeit und Selbstbestimmung.","publisher":{"@id":"https:\/\/www.vitalibera.org\/community\/#organization"},"potentialAction":[{"@type":"SearchAction","target":{"@type":"EntryPoint","urlTemplate":"https:\/\/www.vitalibera.org\/community\/?s={search_term_string}"},"query-input":{"@type":"PropertyValueSpecification","valueRequired":true,"valueName":"search_term_string"}}],"inLanguage":"de"},{"@type":"Organization","@id":"https:\/\/www.vitalibera.org\/community\/#organization","name":"vitalibera.org","url":"https:\/\/www.vitalibera.org\/community\/","logo":{"@type":"ImageObject","inLanguage":"de","@id":"https:\/\/www.vitalibera.org\/community\/#\/schema\/logo\/image\/","url":"https:\/\/www.vitalibera.org\/community\/wp-content\/uploads\/2025\/09\/cropped-banner.png","contentUrl":"https:\/\/www.vitalibera.org\/community\/wp-content\/uploads\/2025\/09\/cropped-banner.png","width":991,"height":150,"caption":"vitalibera.org"},"image":{"@id":"https:\/\/www.vitalibera.org\/community\/#\/schema\/logo\/image\/"},"sameAs":["https:\/\/www.facebook.com\/groups\/2997085857140235"]},{"@type":"Person","@id":"https:\/\/www.vitalibera.org\/community\/#\/schema\/person\/6712387298421f222ff6d0a2e22c1534","name":"Andreas Jecklin","image":{"@type":"ImageObject","inLanguage":"de","@id":"https:\/\/secure.gravatar.com\/avatar\/ad516503a11cd5ca435acc9bb6523536?s=96","url":"https:\/\/secure.gravatar.com\/avatar\/ad516503a11cd5ca435acc9bb6523536?s=96","contentUrl":"https:\/\/secure.gravatar.com\/avatar\/ad516503a11cd5ca435acc9bb6523536?s=96","caption":"Andreas Jecklin"},"description":"Manchen gab Gott die Kraft Dinge zu ver\u00e4ndern, mir gab er die Kraft zu ertragen was nicht mehr zu \u00e4ndern ist.","url":"https:\/\/www.vitalibera.org\/community\/author\/andy77\/"}]}},"jetpack_featured_media_url":"https:\/\/www.vitalibera.org\/community\/wp-content\/uploads\/2026\/02\/689a396e1c31d0c604ace4cc2bde13b0.jpg","jetpack_sharing_enabled":true,"jetpack-related-posts":[],"_links":{"self":[{"href":"https:\/\/www.vitalibera.org\/community\/wp-json\/wp\/v2\/posts\/5537","targetHints":{"allow":["GET"]}}],"collection":[{"href":"https:\/\/www.vitalibera.org\/community\/wp-json\/wp\/v2\/posts"}],"about":[{"href":"https:\/\/www.vitalibera.org\/community\/wp-json\/wp\/v2\/types\/post"}],"author":[{"embeddable":true,"href":"https:\/\/www.vitalibera.org\/community\/wp-json\/wp\/v2\/users\/2"}],"replies":[{"embeddable":true,"href":"https:\/\/www.vitalibera.org\/community\/wp-json\/wp\/v2\/comments?post=5537"}],"version-history":[{"count":2,"href":"https:\/\/www.vitalibera.org\/community\/wp-json\/wp\/v2\/posts\/5537\/revisions"}],"predecessor-version":[{"id":5540,"href":"https:\/\/www.vitalibera.org\/community\/wp-json\/wp\/v2\/posts\/5537\/revisions\/5540"}],"wp:featuredmedia":[{"embeddable":true,"href":"https:\/\/www.vitalibera.org\/community\/wp-json\/wp\/v2\/media\/5538"}],"wp:attachment":[{"href":"https:\/\/www.vitalibera.org\/community\/wp-json\/wp\/v2\/media?parent=5537"}],"wp:term":[{"taxonomy":"category","embeddable":true,"href":"https:\/\/www.vitalibera.org\/community\/wp-json\/wp\/v2\/categories?post=5537"},{"taxonomy":"post_tag","embeddable":true,"href":"https:\/\/www.vitalibera.org\/community\/wp-json\/wp\/v2\/tags?post=5537"}],"curies":[{"name":"wp","href":"https:\/\/api.w.org\/{rel}","templated":true}]}}