{"id":5587,"date":"2026-02-15T13:54:07","date_gmt":"2026-02-15T12:54:07","guid":{"rendered":"https:\/\/www.vitalibera.org\/community\/?p=5587"},"modified":"2026-02-15T13:55:14","modified_gmt":"2026-02-15T12:55:14","slug":"selbstmotivierung-nach-schlaganfall","status":"publish","type":"post","link":"https:\/\/www.vitalibera.org\/community\/2026\/02\/15\/selbstmotivierung-nach-schlaganfall\/","title":{"rendered":"Selbstmotivierung nach Schlaganfall"},"content":{"rendered":"\n<p>Selbstmotivierung nach einem <a href=\"https:\/\/www.vitalibera.org\/community\/enzyklopaedie\/schlaganfall\/\" target=\"_self\" title=\"Ein Schlaganfall, auch Hirnschlag oder Apoplex genannt, ist eine&nbsp;pl&ouml;tzlich auftretende Durchblutungsst&ouml;rung im Gehirn, die dazu f&uuml;hrt, dass Gehirnzellen nicht mehr ausreichend mit Sauerstoff und N&auml;hrstoffen versorgt werden.&nbsp;Dies kann zu bleibenden Sch&auml;den oder sogar zum Absterben von Hirnzellen f&uuml;hren, wenn die Durchblutung nicht schnell wiederhergestellt wird.&nbsp; Einfach erkl&auml;rt: Stellen Sie sich vor, ein Teil Ihres Gehirns&hellip;\" class=\"encyclopedia\">Schlaganfall<\/a> ist&nbsp;entscheidend f&uuml;r den Reha-Erfolg, da Konsequenz die <a href=\"https:\/\/www.vitalibera.org\/community\/enzyklopaedie\/neuroplastizitaet\/\" target=\"_self\" title=\"Neuroplastizit&auml;t&nbsp;beschreibt die F&auml;higkeit des Gehirns, sich durch die gesamte Lebensspanne hinweg zu ver&auml;ndern, anzupassen und neue Verbindungen zwischen Nervenzellen zu bilden.&nbsp;Diese st&auml;ndige Umstrukturierung erm&ouml;glicht Lernen und Wachstum, spielt eine entscheidende Rolle bei der Genesung nach Hirnsch&auml;den wie Schlaganf&auml;llen und ist die Grundlage f&uuml;r die Entwicklung von F&auml;higkeiten und die Anpassung an die Umwelt.&nbsp;Regelm&auml;&szlig;iges &Uuml;ben und&hellip;\" class=\"encyclopedia\">Neuroplastizit&auml;t<\/a> f&ouml;rdert. Setzen Sie kleine, erreichbare Ziele, integrieren Sie &Uuml;bungen als Routine in den Alltag und nutzen Sie mentale Bilder. Positive Verst&auml;rkung durch Lob, Training in der Gruppe oder mit therapeutischen Hilfsmitteln steigert die Motivation.&nbsp;<\/p>\n\n\n\n<p>Hier sind bew&auml;hrte Strategien zur F&ouml;rderung der Eigenmotivation:<\/p>\n\n\n\n<ul class=\"wp-block-list\">\n<li><strong>Realistische Zwischenziele setzen:<\/strong>&nbsp;Formulieren Sie konkrete, kleine Ziele, statt nur ein gro&szlig;es Endziel zu verfolgen. Erfolgserlebnisse bei kleinen Schritten st&auml;rken das Selbstvertrauen.<\/li>\n\n\n\n<li><strong>Routine entwickeln:<\/strong>&nbsp;Bauen Sie &Uuml;bungen fest in den Tagesablauf ein, um weniger Energie f&uuml;r die Entscheidung &bdquo;Soll ich &uuml;ben?&ldquo; aufbringen zu m&uuml;ssen.<\/li>\n\n\n\n<li><strong>Mentale Vorstellungskraft:<\/strong>&nbsp;Stellen Sie sich die gew&uuml;nschte Bewegung detailliert vor. Mentale Bilder unterst&uuml;tzen das motorische Lernen.<\/li>\n\n\n\n<li><strong>Kleine Erfolge feiern:<\/strong>&nbsp;Erlauben Sie sich, stolz zu sein, und teilen Sie Fortschritte mit Angeh&ouml;rigen.<\/li>\n\n\n\n<li><strong>Soziale Unterst&uuml;tzung nutzen:<\/strong>&nbsp;Training in der Gruppe oder mit Angeh&ouml;rigen steigert die Motivation und nutzt den Effekt der Spiegelneurone.<\/li>\n\n\n\n<li><strong>Erholung einplanen:<\/strong>&nbsp;H&ouml;ren Sie auf Ihren K&ouml;rper. Ersch&ouml;pfung ist nach einem <a href=\"https:\/\/www.vitalibera.org\/community\/enzyklopaedie\/schlaganfall\/\" target=\"_self\" title=\"Ein Schlaganfall, auch Hirnschlag oder Apoplex genannt, ist eine&nbsp;pl&ouml;tzlich auftretende Durchblutungsst&ouml;rung im Gehirn, die dazu f&uuml;hrt, dass Gehirnzellen nicht mehr ausreichend mit Sauerstoff und N&auml;hrstoffen versorgt werden.&nbsp;Dies kann zu bleibenden Sch&auml;den oder sogar zum Absterben von Hirnzellen f&uuml;hren, wenn die Durchblutung nicht schnell wiederhergestellt wird.&nbsp; Einfach erkl&auml;rt: Stellen Sie sich vor, ein Teil Ihres Gehirns&hellip;\" class=\"encyclopedia\">Schlaganfall<\/a> normal und Pausen sind wichtig, um Burnout zu vermeiden.<\/li>\n\n\n\n<li><strong>Positive Selbstgespr&auml;che:<\/strong>&nbsp;Konzentrieren Sie sich auf L&ouml;sungsstrategien statt auf Misserfolge. Fangen Sie an, F&Uuml;R sich selbst zu k&auml;mpfen, auch wenn es schwerf&auml;llt.<\/li>\n\n\n\n<li><strong>Therapie-Hilfsmittel nutzen:<\/strong>&nbsp;Interaktive Heimtherapieger&auml;te (z.B.&nbsp;<a href=\"https:\/\/www.flintrehab.com\/de\/so-erholen-sie-sich-schnell-von-einem-schlaganfall\/\" target=\"_blank\" rel=\"noreferrer noopener\">FitMi<\/a>) k&ouml;nnen helfen, die notwendige hohe Wiederholungszahl zu erreichen.&nbsp;<\/li>\n<\/ul>\n\n\n\n<p>Die Motivation h&auml;ngt oft nicht vom objektiven Leistungsverm&ouml;gen ab, sondern vom subjektiven Willen, was besonders f&uuml;r &auml;ltere Patienten gilt.&nbsp;<\/p>\n\n\n\n<p><strong><em>Jeder muss an etwas Glauben &ndash; Warum dann nicht an sich selbst?<\/em><\/strong><\/p>\n\n\n\n<p><\/p>\n","protected":false},"excerpt":{"rendered":"<p>Selbstmotivierung nach einem Schlaganfall ist\u00a0entscheidend f\u00fcr den Reha-Erfolg, da Konsequenz die Neuroplastizit\u00e4t f\u00f6rdert. Setzen Sie kleine, erreichbare Ziele, integrieren Sie \u00dcbungen als Routine in den Alltag und nutzen Sie mentale Bilder. Positive Verst\u00e4rkung durch Lob, Training in der Gruppe oder mit therapeutischen Hilfsmitteln steigert die Motivation.\u00a0 Hier sind bew\u00e4hrte Strategien zur F\u00f6rderung der Eigenmotivation: Die &#8230; <a title=\"Selbstmotivierung nach Schlaganfall\" class=\"read-more\" href=\"https:\/\/www.vitalibera.org\/community\/2026\/02\/15\/selbstmotivierung-nach-schlaganfall\/\" aria-label=\"Mehr Informationen \u00fcber Selbstmotivierung nach Schlaganfall\">Weiterlesen<\/a><\/p>\n","protected":false},"author":2,"featured_media":5588,"comment_status":"open","ping_status":"open","sticky":false,"template":"","format":"standard","meta":{"cybocfi_hide_featured_image":"yes","_jetpack_memberships_contains_paid_content":false,"footnotes":""},"categories":[159],"tags":[],"class_list":["post-5587","post","type-post","status-publish","format-standard","has-post-thumbnail","hentry","category-fachwissen"],"yoast_head":"<!-- This site is optimized with the Yoast SEO plugin v27.4 - https:\/\/yoast.com\/product\/yoast-seo-wordpress\/ -->\r\n<title>Selbstmotivierung nach Schlaganfall - vitalibera.org<\/title>\r\n<meta name=\"robots\" content=\"index, follow, max-snippet:-1, max-image-preview:large, max-video-preview:-1\" \/>\r\n<link rel=\"canonical\" href=\"http:\/\/www.vitalibera.org\/community\/2026\/02\/15\/selbstmotivierung-nach-schlaganfall\/\" \/>\r\n<meta property=\"og:locale\" content=\"de_DE\" \/>\r\n<meta property=\"og:type\" content=\"article\" \/>\r\n<meta property=\"og:title\" content=\"Selbstmotivierung nach Schlaganfall - vitalibera.org\" \/>\r\n<meta property=\"og:description\" content=\"Selbstmotivierung nach einem Schlaganfall ist\u00a0entscheidend f\u00fcr den Reha-Erfolg, da Konsequenz die Neuroplastizit\u00e4t f\u00f6rdert. Setzen Sie kleine, erreichbare Ziele, integrieren Sie \u00dcbungen als Routine in den Alltag und nutzen Sie mentale Bilder. Positive Verst\u00e4rkung durch Lob, Training in der Gruppe oder mit therapeutischen Hilfsmitteln steigert die Motivation.\u00a0 Hier sind bew\u00e4hrte Strategien zur F\u00f6rderung der Eigenmotivation: Die ... Weiterlesen\" \/>\r\n<meta property=\"og:url\" content=\"http:\/\/www.vitalibera.org\/community\/2026\/02\/15\/selbstmotivierung-nach-schlaganfall\/\" \/>\r\n<meta property=\"og:site_name\" content=\"vitalibera.org\" \/>\r\n<meta property=\"article:publisher\" content=\"https:\/\/www.facebook.com\/groups\/2997085857140235\" \/>\r\n<meta property=\"article:published_time\" content=\"2026-02-15T12:54:07+00:00\" \/>\r\n<meta property=\"article:modified_time\" content=\"2026-02-15T12:55:14+00:00\" \/>\r\n<meta property=\"og:image\" content=\"http:\/\/www.vitalibera.org\/community\/wp-content\/uploads\/2026\/02\/motivation.jpg\" \/>\r\n\t<meta property=\"og:image:width\" content=\"512\" \/>\r\n\t<meta property=\"og:image:height\" content=\"355\" \/>\r\n\t<meta property=\"og:image:type\" content=\"image\/jpeg\" \/>\r\n<meta name=\"author\" content=\"Andreas Jecklin\" \/>\r\n<meta name=\"twitter:card\" content=\"summary_large_image\" \/>\r\n<meta name=\"twitter:label1\" content=\"Verfasst von\" \/>\n\t<meta name=\"twitter:data1\" content=\"Andreas Jecklin\" \/>\n\t<meta name=\"twitter:label2\" content=\"Gesch\u00e4tzte Lesezeit\" \/>\n\t<meta name=\"twitter:data2\" content=\"2\u00a0Minuten\" \/>\r\n<script type=\"application\/ld+json\" class=\"yoast-schema-graph\">{\"@context\":\"https:\\\/\\\/schema.org\",\"@graph\":[{\"@type\":\"Article\",\"@id\":\"http:\\\/\\\/www.vitalibera.org\\\/community\\\/2026\\\/02\\\/15\\\/selbstmotivierung-nach-schlaganfall\\\/#article\",\"isPartOf\":{\"@id\":\"http:\\\/\\\/www.vitalibera.org\\\/community\\\/2026\\\/02\\\/15\\\/selbstmotivierung-nach-schlaganfall\\\/\"},\"author\":{\"name\":\"Andreas Jecklin\",\"@id\":\"https:\\\/\\\/www.vitalibera.org\\\/community\\\/#\\\/schema\\\/person\\\/6712387298421f222ff6d0a2e22c1534\"},\"headline\":\"Selbstmotivierung nach Schlaganfall\",\"datePublished\":\"2026-02-15T12:54:07+00:00\",\"dateModified\":\"2026-02-15T12:55:14+00:00\",\"mainEntityOfPage\":{\"@id\":\"http:\\\/\\\/www.vitalibera.org\\\/community\\\/2026\\\/02\\\/15\\\/selbstmotivierung-nach-schlaganfall\\\/\"},\"wordCount\":269,\"commentCount\":0,\"publisher\":{\"@id\":\"https:\\\/\\\/www.vitalibera.org\\\/community\\\/#organization\"},\"image\":{\"@id\":\"http:\\\/\\\/www.vitalibera.org\\\/community\\\/2026\\\/02\\\/15\\\/selbstmotivierung-nach-schlaganfall\\\/#primaryimage\"},\"thumbnailUrl\":\"https:\\\/\\\/www.vitalibera.org\\\/community\\\/wp-content\\\/uploads\\\/2026\\\/02\\\/motivation.jpg\",\"articleSection\":[\"Fachwissen\"],\"inLanguage\":\"de\",\"potentialAction\":[{\"@type\":\"CommentAction\",\"name\":\"Comment\",\"target\":[\"http:\\\/\\\/www.vitalibera.org\\\/community\\\/2026\\\/02\\\/15\\\/selbstmotivierung-nach-schlaganfall\\\/#respond\"]}]},{\"@type\":\"WebPage\",\"@id\":\"http:\\\/\\\/www.vitalibera.org\\\/community\\\/2026\\\/02\\\/15\\\/selbstmotivierung-nach-schlaganfall\\\/\",\"url\":\"http:\\\/\\\/www.vitalibera.org\\\/community\\\/2026\\\/02\\\/15\\\/selbstmotivierung-nach-schlaganfall\\\/\",\"name\":\"Selbstmotivierung nach Schlaganfall - vitalibera.org\",\"isPartOf\":{\"@id\":\"https:\\\/\\\/www.vitalibera.org\\\/community\\\/#website\"},\"primaryImageOfPage\":{\"@id\":\"http:\\\/\\\/www.vitalibera.org\\\/community\\\/2026\\\/02\\\/15\\\/selbstmotivierung-nach-schlaganfall\\\/#primaryimage\"},\"image\":{\"@id\":\"http:\\\/\\\/www.vitalibera.org\\\/community\\\/2026\\\/02\\\/15\\\/selbstmotivierung-nach-schlaganfall\\\/#primaryimage\"},\"thumbnailUrl\":\"https:\\\/\\\/www.vitalibera.org\\\/community\\\/wp-content\\\/uploads\\\/2026\\\/02\\\/motivation.jpg\",\"datePublished\":\"2026-02-15T12:54:07+00:00\",\"dateModified\":\"2026-02-15T12:55:14+00:00\",\"breadcrumb\":{\"@id\":\"http:\\\/\\\/www.vitalibera.org\\\/community\\\/2026\\\/02\\\/15\\\/selbstmotivierung-nach-schlaganfall\\\/#breadcrumb\"},\"inLanguage\":\"de\",\"potentialAction\":[{\"@type\":\"ReadAction\",\"target\":[\"http:\\\/\\\/www.vitalibera.org\\\/community\\\/2026\\\/02\\\/15\\\/selbstmotivierung-nach-schlaganfall\\\/\"]}]},{\"@type\":\"BreadcrumbList\",\"@id\":\"http:\\\/\\\/www.vitalibera.org\\\/community\\\/2026\\\/02\\\/15\\\/selbstmotivierung-nach-schlaganfall\\\/#breadcrumb\",\"itemListElement\":[{\"@type\":\"ListItem\",\"position\":1,\"name\":\"Startseite\",\"item\":\"https:\\\/\\\/www.vitalibera.org\\\/community\\\/\"},{\"@type\":\"ListItem\",\"position\":2,\"name\":\"Selbstmotivierung nach Schlaganfall\"}]},{\"@type\":\"WebSite\",\"@id\":\"https:\\\/\\\/www.vitalibera.org\\\/community\\\/#website\",\"url\":\"https:\\\/\\\/www.vitalibera.org\\\/community\\\/\",\"name\":\"vitalibera.org\",\"description\":\"Mit einer Einschr&auml;nkung gestaltet sich das Leben im Alltag oft schwieriger - hier berichten wir &uuml;ber unsere Erfahrungen und Hilfsmittel um den Alltag so unbeschwert und unkompliziert wie nur m&ouml;glich geniessen zu k&ouml;nnen. Dabei richten wir unseren Fokus gezielt auf Selbst&auml;ndigkeit, Eigenst&auml;ndigkeit und Selbstbestimmung.\",\"publisher\":{\"@id\":\"https:\\\/\\\/www.vitalibera.org\\\/community\\\/#organization\"},\"potentialAction\":[{\"@type\":\"SearchAction\",\"target\":{\"@type\":\"EntryPoint\",\"urlTemplate\":\"https:\\\/\\\/www.vitalibera.org\\\/community\\\/?s={search_term_string}\"},\"query-input\":{\"@type\":\"PropertyValueSpecification\",\"valueRequired\":true,\"valueName\":\"search_term_string\"}}],\"inLanguage\":\"de\"},{\"@type\":\"Organization\",\"@id\":\"https:\\\/\\\/www.vitalibera.org\\\/community\\\/#organization\",\"name\":\"vitalibera.org\",\"url\":\"https:\\\/\\\/www.vitalibera.org\\\/community\\\/\",\"logo\":{\"@type\":\"ImageObject\",\"inLanguage\":\"de\",\"@id\":\"https:\\\/\\\/www.vitalibera.org\\\/community\\\/#\\\/schema\\\/logo\\\/image\\\/\",\"url\":\"https:\\\/\\\/www.vitalibera.org\\\/community\\\/wp-content\\\/uploads\\\/2025\\\/09\\\/cropped-banner.png\",\"contentUrl\":\"https:\\\/\\\/www.vitalibera.org\\\/community\\\/wp-content\\\/uploads\\\/2025\\\/09\\\/cropped-banner.png\",\"width\":991,\"height\":150,\"caption\":\"vitalibera.org\"},\"image\":{\"@id\":\"https:\\\/\\\/www.vitalibera.org\\\/community\\\/#\\\/schema\\\/logo\\\/image\\\/\"},\"sameAs\":[\"https:\\\/\\\/www.facebook.com\\\/groups\\\/2997085857140235\"]},{\"@type\":\"Person\",\"@id\":\"https:\\\/\\\/www.vitalibera.org\\\/community\\\/#\\\/schema\\\/person\\\/6712387298421f222ff6d0a2e22c1534\",\"name\":\"Andreas Jecklin\",\"image\":{\"@type\":\"ImageObject\",\"inLanguage\":\"de\",\"@id\":\"https:\\\/\\\/secure.gravatar.com\\\/avatar\\\/ad516503a11cd5ca435acc9bb6523536?s=96\",\"url\":\"https:\\\/\\\/secure.gravatar.com\\\/avatar\\\/ad516503a11cd5ca435acc9bb6523536?s=96\",\"contentUrl\":\"https:\\\/\\\/secure.gravatar.com\\\/avatar\\\/ad516503a11cd5ca435acc9bb6523536?s=96\",\"caption\":\"Andreas Jecklin\"},\"description\":\"Manchen gab Gott die Kraft Dinge zu ver\u00e4ndern, mir gab er die Kraft zu ertragen was nicht mehr zu \u00e4ndern ist.\",\"url\":\"https:\\\/\\\/www.vitalibera.org\\\/community\\\/author\\\/andy77\\\/\"}]}<\/script>\r\n<!-- \/ Yoast SEO plugin. -->","yoast_head_json":{"title":"Selbstmotivierung nach Schlaganfall - vitalibera.org","robots":{"index":"index","follow":"follow","max-snippet":"max-snippet:-1","max-image-preview":"max-image-preview:large","max-video-preview":"max-video-preview:-1"},"canonical":"http:\/\/www.vitalibera.org\/community\/2026\/02\/15\/selbstmotivierung-nach-schlaganfall\/","og_locale":"de_DE","og_type":"article","og_title":"Selbstmotivierung nach Schlaganfall - vitalibera.org","og_description":"Selbstmotivierung nach einem Schlaganfall ist\u00a0entscheidend f\u00fcr den Reha-Erfolg, da Konsequenz die Neuroplastizit\u00e4t f\u00f6rdert. Setzen Sie kleine, erreichbare Ziele, integrieren Sie \u00dcbungen als Routine in den Alltag und nutzen Sie mentale Bilder. Positive Verst\u00e4rkung durch Lob, Training in der Gruppe oder mit therapeutischen Hilfsmitteln steigert die Motivation.\u00a0 Hier sind bew\u00e4hrte Strategien zur F\u00f6rderung der Eigenmotivation: Die ... Weiterlesen","og_url":"http:\/\/www.vitalibera.org\/community\/2026\/02\/15\/selbstmotivierung-nach-schlaganfall\/","og_site_name":"vitalibera.org","article_publisher":"https:\/\/www.facebook.com\/groups\/2997085857140235","article_published_time":"2026-02-15T12:54:07+00:00","article_modified_time":"2026-02-15T12:55:14+00:00","og_image":[{"width":512,"height":355,"url":"http:\/\/www.vitalibera.org\/community\/wp-content\/uploads\/2026\/02\/motivation.jpg","type":"image\/jpeg"}],"author":"Andreas Jecklin","twitter_card":"summary_large_image","twitter_misc":{"Verfasst von":"Andreas Jecklin","Gesch\u00e4tzte Lesezeit":"2\u00a0Minuten"},"schema":{"@context":"https:\/\/schema.org","@graph":[{"@type":"Article","@id":"http:\/\/www.vitalibera.org\/community\/2026\/02\/15\/selbstmotivierung-nach-schlaganfall\/#article","isPartOf":{"@id":"http:\/\/www.vitalibera.org\/community\/2026\/02\/15\/selbstmotivierung-nach-schlaganfall\/"},"author":{"name":"Andreas Jecklin","@id":"https:\/\/www.vitalibera.org\/community\/#\/schema\/person\/6712387298421f222ff6d0a2e22c1534"},"headline":"Selbstmotivierung nach Schlaganfall","datePublished":"2026-02-15T12:54:07+00:00","dateModified":"2026-02-15T12:55:14+00:00","mainEntityOfPage":{"@id":"http:\/\/www.vitalibera.org\/community\/2026\/02\/15\/selbstmotivierung-nach-schlaganfall\/"},"wordCount":269,"commentCount":0,"publisher":{"@id":"https:\/\/www.vitalibera.org\/community\/#organization"},"image":{"@id":"http:\/\/www.vitalibera.org\/community\/2026\/02\/15\/selbstmotivierung-nach-schlaganfall\/#primaryimage"},"thumbnailUrl":"https:\/\/www.vitalibera.org\/community\/wp-content\/uploads\/2026\/02\/motivation.jpg","articleSection":["Fachwissen"],"inLanguage":"de","potentialAction":[{"@type":"CommentAction","name":"Comment","target":["http:\/\/www.vitalibera.org\/community\/2026\/02\/15\/selbstmotivierung-nach-schlaganfall\/#respond"]}]},{"@type":"WebPage","@id":"http:\/\/www.vitalibera.org\/community\/2026\/02\/15\/selbstmotivierung-nach-schlaganfall\/","url":"http:\/\/www.vitalibera.org\/community\/2026\/02\/15\/selbstmotivierung-nach-schlaganfall\/","name":"Selbstmotivierung nach Schlaganfall - vitalibera.org","isPartOf":{"@id":"https:\/\/www.vitalibera.org\/community\/#website"},"primaryImageOfPage":{"@id":"http:\/\/www.vitalibera.org\/community\/2026\/02\/15\/selbstmotivierung-nach-schlaganfall\/#primaryimage"},"image":{"@id":"http:\/\/www.vitalibera.org\/community\/2026\/02\/15\/selbstmotivierung-nach-schlaganfall\/#primaryimage"},"thumbnailUrl":"https:\/\/www.vitalibera.org\/community\/wp-content\/uploads\/2026\/02\/motivation.jpg","datePublished":"2026-02-15T12:54:07+00:00","dateModified":"2026-02-15T12:55:14+00:00","breadcrumb":{"@id":"http:\/\/www.vitalibera.org\/community\/2026\/02\/15\/selbstmotivierung-nach-schlaganfall\/#breadcrumb"},"inLanguage":"de","potentialAction":[{"@type":"ReadAction","target":["http:\/\/www.vitalibera.org\/community\/2026\/02\/15\/selbstmotivierung-nach-schlaganfall\/"]}]},{"@type":"BreadcrumbList","@id":"http:\/\/www.vitalibera.org\/community\/2026\/02\/15\/selbstmotivierung-nach-schlaganfall\/#breadcrumb","itemListElement":[{"@type":"ListItem","position":1,"name":"Startseite","item":"https:\/\/www.vitalibera.org\/community\/"},{"@type":"ListItem","position":2,"name":"Selbstmotivierung nach Schlaganfall"}]},{"@type":"WebSite","@id":"https:\/\/www.vitalibera.org\/community\/#website","url":"https:\/\/www.vitalibera.org\/community\/","name":"vitalibera.org","description":"Mit einer Einschr&auml;nkung gestaltet sich das Leben im Alltag oft schwieriger - hier berichten wir &uuml;ber unsere Erfahrungen und Hilfsmittel um den Alltag so unbeschwert und unkompliziert wie nur m&ouml;glich geniessen zu k&ouml;nnen. Dabei richten wir unseren Fokus gezielt auf Selbst&auml;ndigkeit, Eigenst&auml;ndigkeit und Selbstbestimmung.","publisher":{"@id":"https:\/\/www.vitalibera.org\/community\/#organization"},"potentialAction":[{"@type":"SearchAction","target":{"@type":"EntryPoint","urlTemplate":"https:\/\/www.vitalibera.org\/community\/?s={search_term_string}"},"query-input":{"@type":"PropertyValueSpecification","valueRequired":true,"valueName":"search_term_string"}}],"inLanguage":"de"},{"@type":"Organization","@id":"https:\/\/www.vitalibera.org\/community\/#organization","name":"vitalibera.org","url":"https:\/\/www.vitalibera.org\/community\/","logo":{"@type":"ImageObject","inLanguage":"de","@id":"https:\/\/www.vitalibera.org\/community\/#\/schema\/logo\/image\/","url":"https:\/\/www.vitalibera.org\/community\/wp-content\/uploads\/2025\/09\/cropped-banner.png","contentUrl":"https:\/\/www.vitalibera.org\/community\/wp-content\/uploads\/2025\/09\/cropped-banner.png","width":991,"height":150,"caption":"vitalibera.org"},"image":{"@id":"https:\/\/www.vitalibera.org\/community\/#\/schema\/logo\/image\/"},"sameAs":["https:\/\/www.facebook.com\/groups\/2997085857140235"]},{"@type":"Person","@id":"https:\/\/www.vitalibera.org\/community\/#\/schema\/person\/6712387298421f222ff6d0a2e22c1534","name":"Andreas Jecklin","image":{"@type":"ImageObject","inLanguage":"de","@id":"https:\/\/secure.gravatar.com\/avatar\/ad516503a11cd5ca435acc9bb6523536?s=96","url":"https:\/\/secure.gravatar.com\/avatar\/ad516503a11cd5ca435acc9bb6523536?s=96","contentUrl":"https:\/\/secure.gravatar.com\/avatar\/ad516503a11cd5ca435acc9bb6523536?s=96","caption":"Andreas Jecklin"},"description":"Manchen gab Gott die Kraft Dinge zu ver\u00e4ndern, mir gab er die Kraft zu ertragen was nicht mehr zu \u00e4ndern ist.","url":"https:\/\/www.vitalibera.org\/community\/author\/andy77\/"}]}},"jetpack_featured_media_url":"https:\/\/www.vitalibera.org\/community\/wp-content\/uploads\/2026\/02\/motivation.jpg","jetpack_sharing_enabled":true,"jetpack-related-posts":[],"_links":{"self":[{"href":"https:\/\/www.vitalibera.org\/community\/wp-json\/wp\/v2\/posts\/5587","targetHints":{"allow":["GET"]}}],"collection":[{"href":"https:\/\/www.vitalibera.org\/community\/wp-json\/wp\/v2\/posts"}],"about":[{"href":"https:\/\/www.vitalibera.org\/community\/wp-json\/wp\/v2\/types\/post"}],"author":[{"embeddable":true,"href":"https:\/\/www.vitalibera.org\/community\/wp-json\/wp\/v2\/users\/2"}],"replies":[{"embeddable":true,"href":"https:\/\/www.vitalibera.org\/community\/wp-json\/wp\/v2\/comments?post=5587"}],"version-history":[{"count":1,"href":"https:\/\/www.vitalibera.org\/community\/wp-json\/wp\/v2\/posts\/5587\/revisions"}],"predecessor-version":[{"id":5589,"href":"https:\/\/www.vitalibera.org\/community\/wp-json\/wp\/v2\/posts\/5587\/revisions\/5589"}],"wp:featuredmedia":[{"embeddable":true,"href":"https:\/\/www.vitalibera.org\/community\/wp-json\/wp\/v2\/media\/5588"}],"wp:attachment":[{"href":"https:\/\/www.vitalibera.org\/community\/wp-json\/wp\/v2\/media?parent=5587"}],"wp:term":[{"taxonomy":"category","embeddable":true,"href":"https:\/\/www.vitalibera.org\/community\/wp-json\/wp\/v2\/categories?post=5587"},{"taxonomy":"post_tag","embeddable":true,"href":"https:\/\/www.vitalibera.org\/community\/wp-json\/wp\/v2\/tags?post=5587"}],"curies":[{"name":"wp","href":"https:\/\/api.w.org\/{rel}","templated":true}]}}