{"id":5684,"date":"2026-02-23T19:41:56","date_gmt":"2026-02-23T18:41:56","guid":{"rendered":"https:\/\/www.vitalibera.org\/community\/?p=5684"},"modified":"2026-02-23T19:43:12","modified_gmt":"2026-02-23T18:43:12","slug":"gehirnregionen-einfach-erklaert","status":"publish","type":"post","link":"https:\/\/www.vitalibera.org\/community\/2026\/02\/23\/gehirnregionen-einfach-erklaert\/","title":{"rendered":"Gehirnregionen einfach erkl\u00e4rt"},"content":{"rendered":"\n<p>Gehirnregionen: Eine Einfache &Uuml;bersicht<\/p>\n\n\n\n<p>Das menschliche Gehirn ist in verschiedene Regionen unterteilt, die jeweils spezifische Funktionen haben. Hier sind die wichtigsten Gehirnregionen einfach erkl&auml;rt:<\/p>\n\n\n\n<h3 class=\"wp-block-heading\">1.&nbsp;<strong>Grosshirn (Cerebrum)<\/strong><\/h3>\n\n\n\n<p>Teilt sich in zwei H&auml;lften: linke und rechte <a href=\"https:\/\/www.vitalibera.org\/community\/enzyklopaedie\/hemisphaere\/\" target=\"_self\" title='\"Hemisph&auml;ren Gehirn\" bezieht sich auf die beiden Gehirnh&auml;lften, die linke und die rechte Hemisph&auml;re, die durch den Balken (Corpus callosum) verbunden sind. W&auml;hrend die linke Hemisph&auml;re oft f&uuml;r analytische und logische Funktionen wie Sprache zust&auml;ndig ist, &uuml;bernimmt die rechte eher intuitive und kreative Aufgaben wie r&auml;umliche Orientierung und Fantasie. Der Begriff \"Hemisph&auml;re\" bedeutet w&ouml;rtlich \"Halbkugel\".&hellip;' class=\"encyclopedia\">Hemisph&auml;re<\/a> &ndash; Verantwortlich f&uuml;r:<\/p>\n\n\n\n<ul class=\"wp-block-list\">\n<li>Denken und Lernen<\/li>\n\n\n\n<li>Bewegung und Koordination<\/li>\n\n\n\n<li>Sinneswahrnehmung (Sehen, H&ouml;ren, F&uuml;hlen, Riechen, Schmecken)<\/li>\n<\/ul>\n\n\n\n<h3 class=\"wp-block-heading\">2.&nbsp;<strong>Kleinhirn (Cerebellum)<\/strong><\/h3>\n\n\n\n<p>Liegt unter dem <a href=\"https:\/\/www.vitalibera.org\/community\/2026\/02\/24\/fakten-zu-grosshirn-und-klenhirn\/\">Grosshirn<\/a> &ndash; Verantwortlich f&uuml;r:<\/p>\n\n\n\n<ul class=\"wp-block-list\">\n<li>Bewegung und Koordination<\/li>\n\n\n\n<li>Gleichgewicht und Balance<\/li>\n\n\n\n<li>Lernen von motorischen F&auml;higkeiten<\/li>\n<\/ul>\n\n\n\n<h3 class=\"wp-block-heading\">3.&nbsp;<strong>Hirnstamm (Brainstem)<\/strong><\/h3>\n\n\n\n<p>Verbindet das Grosshirn mit dem <a href=\"https:\/\/www.vitalibera.org\/community\/enzyklopaedie\/rueckenmark\/\" target=\"_self\" title=\"Das R&uuml;ckenmark ist ein&nbsp;zentraler Bestandteil des zentralen Nervensystems und verl&auml;uft als langes Nervenb&uuml;ndel durch den Wirbelkanal der Wirbels&auml;ule, um Signale zwischen Gehirn und K&ouml;rper zu &uuml;bermitteln.&nbsp;Es dient als Hauptverbindungsleitung f&uuml;r Informationen und steuert nebenbei reflexartige Bewegungen unabh&auml;ngig vom Gehirn.&nbsp; Aufbau und Funktion Signal&uuml;bertragung:&nbsp; Das R&uuml;ckenmark leitet Signale vom Gehirn an den K&ouml;rper (z. B. f&uuml;r&hellip;\" class=\"encyclopedia\">R&uuml;ckenmark<\/a> &ndash; Verantwortlich f&uuml;r:<\/p>\n\n\n\n<ul class=\"wp-block-list\">\n<li>Atmung und Herzfrequenz<\/li>\n\n\n\n<li>Schlafen und Wachen<\/li>\n\n\n\n<li>Reflexe und Instinkte<\/li>\n<\/ul>\n\n\n\n<h3 class=\"wp-block-heading\">4.&nbsp;<strong>Hypothalamus<\/strong><\/h3>\n\n\n\n<p>Liegt im unteren Teil des Grosshirns &ndash; Verantwortlich f&uuml;r:<\/p>\n\n\n\n<ul class=\"wp-block-list\">\n<li>K&ouml;rpertemperatur und Hunger<\/li>\n\n\n\n<li>Durst und Schlaf<\/li>\n\n\n\n<li>Emotionen und Sexualit&auml;t<\/li>\n<\/ul>\n\n\n\n<h3 class=\"wp-block-heading\">5.&nbsp;<strong>Hippocampus<\/strong><\/h3>\n\n\n\n<p>Liegt im <a href=\"https:\/\/www.vitalibera.org\/community\/enzyklopaedie\/temporallappen\/\" target=\"_self\" title=\"Der Temporallappen (Schl&auml;fenlappen) ist ein&nbsp;zentraler Bereich des Gro&szlig;hirns, gelegen seitlich unterhalb des Frontal- und Parietallappens. Er ist essenziell f&uuml;r die auditive Wahrnehmung (H&ouml;ren), das Sprachverst&auml;ndnis (Wernicke-Zentrum), das Langzeitged&auml;chtnis sowie die emotionale Verarbeitung und das Erkennen von Gesichtern oder Objekten. Hauptfunktionen des Temporallappens: Auditorische Verarbeitung:&nbsp;Beinhaltet das prim&auml;re H&ouml;rzentrum zur Verarbeitung von Kl&auml;ngen. Sprachverst&auml;ndnis:&nbsp;Das Wernicke-Sprachzentrum (meist links)&hellip;\" class=\"encyclopedia\">Temporallappen<\/a> &ndash; Verantwortlich f&uuml;r:<\/p>\n\n\n\n<ul class=\"wp-block-list\">\n<li>Ged&auml;chtnisbildung und -speicherung<\/li>\n\n\n\n<li>Lernen und Vergessen<\/li>\n<\/ul>\n\n\n\n<h3 class=\"wp-block-heading\">6.&nbsp;<strong>Amygdala<\/strong><\/h3>\n\n\n\n<p>Liegt im <a href=\"https:\/\/www.vitalibera.org\/community\/enzyklopaedie\/temporallappen\/\" target=\"_self\" title=\"Der Temporallappen (Schl&auml;fenlappen) ist ein&nbsp;zentraler Bereich des Gro&szlig;hirns, gelegen seitlich unterhalb des Frontal- und Parietallappens. Er ist essenziell f&uuml;r die auditive Wahrnehmung (H&ouml;ren), das Sprachverst&auml;ndnis (Wernicke-Zentrum), das Langzeitged&auml;chtnis sowie die emotionale Verarbeitung und das Erkennen von Gesichtern oder Objekten. Hauptfunktionen des Temporallappens: Auditorische Verarbeitung:&nbsp;Beinhaltet das prim&auml;re H&ouml;rzentrum zur Verarbeitung von Kl&auml;ngen. Sprachverst&auml;ndnis:&nbsp;Das Wernicke-Sprachzentrum (meist links)&hellip;\" class=\"encyclopedia\">Temporallappen<\/a> &ndash; Verantwortlich f&uuml;r:<\/p>\n\n\n\n<ul class=\"wp-block-list\">\n<li>Emotionen und Angst<\/li>\n\n\n\n<li>Stress und Angstreaktionen<\/li>\n<\/ul>\n\n\n\n<h3 class=\"wp-block-heading\">7.&nbsp;<strong>Basalganglien<\/strong><\/h3>\n\n\n\n<p>Liegen im unteren Teil des Grosshirns &ndash; Verantwortlich f&uuml;r:<\/p>\n\n\n\n<ul class=\"wp-block-list\">\n<li>Bewegung und Koordination<\/li>\n\n\n\n<li>Lernen von motorischen F&auml;higkeiten<\/li>\n<\/ul>\n\n\n\n<h3 class=\"wp-block-heading\">8.&nbsp;<strong>R&uuml;ckenmark (Medulla oblongata)<\/strong><\/h3>\n\n\n\n<p>Verbindet das Gehirn mit dem Rest des K&ouml;rpers &ndash; Verantwortlich f&uuml;r:<\/p>\n\n\n\n<ul class=\"wp-block-list\">\n<li>Reflexe und Instinkte<\/li>\n\n\n\n<li>Atmung und Herzfrequenz<\/li>\n<\/ul>\n\n\n\n<p>Diese Gehirnregionen arbeiten zusammen, um unsere Gedanken, Gef&uuml;hle und Bewegungen zu steuern. Jede Region hat ihre eigene spezifische Funktion, aber sie sind alle miteinander verbunden und interagieren st&auml;ndig.<\/p>\n\n\n\n<figure class=\"wp-block-image size-large\"><img fetchpriority=\"high\" decoding=\"async\" width=\"1024\" height=\"768\" src=\"https:\/\/www.vitalibera.org\/community\/wp-content\/uploads\/2026\/02\/gehirnregionen-1024x768.png\" alt=\"\" class=\"wp-image-5687\" srcset=\"https:\/\/www.vitalibera.org\/community\/wp-content\/uploads\/2026\/02\/gehirnregionen-1024x768.png 1024w, https:\/\/www.vitalibera.org\/community\/wp-content\/uploads\/2026\/02\/gehirnregionen-300x225.png 300w, https:\/\/www.vitalibera.org\/community\/wp-content\/uploads\/2026\/02\/gehirnregionen-768x576.png 768w, https:\/\/www.vitalibera.org\/community\/wp-content\/uploads\/2026\/02\/gehirnregionen-200x150.png 200w, https:\/\/www.vitalibera.org\/community\/wp-content\/uploads\/2026\/02\/gehirnregionen.png 1169w\" sizes=\"(max-width: 1024px) 100vw, 1024px\" \/><\/figure>\n\n\n\n<p><\/p>\n","protected":false},"excerpt":{"rendered":"<p>Gehirnregionen: Eine Einfache \u00dcbersicht Das menschliche Gehirn ist in verschiedene Regionen unterteilt, die jeweils spezifische Funktionen haben. Hier sind die wichtigsten Gehirnregionen einfach erkl\u00e4rt: 1.&nbsp;Grosshirn (Cerebrum) Teilt sich in zwei H\u00e4lften: linke und rechte Hemisph\u00e4re &#8211; Verantwortlich f\u00fcr: 2.&nbsp;Kleinhirn (Cerebellum) Liegt unter dem Grosshirn &#8211; Verantwortlich f\u00fcr: 3.&nbsp;Hirnstamm (Brainstem) Verbindet das Grosshirn mit dem R\u00fcckenmark &#8230; <a title=\"Gehirnregionen einfach erkl\u00e4rt\" class=\"read-more\" href=\"https:\/\/www.vitalibera.org\/community\/2026\/02\/23\/gehirnregionen-einfach-erklaert\/\" aria-label=\"Mehr Informationen \u00fcber Gehirnregionen einfach erkl\u00e4rt\">Weiterlesen<\/a><\/p>\n","protected":false},"author":2,"featured_media":5688,"comment_status":"closed","ping_status":"open","sticky":false,"template":"","format":"standard","meta":{"cybocfi_hide_featured_image":"yes","_jetpack_memberships_contains_paid_content":false,"footnotes":""},"categories":[255,159],"tags":[],"class_list":["post-5684","post","type-post","status-publish","format-standard","has-post-thumbnail","hentry","category-academy","category-fachwissen"],"yoast_head":"<!-- This site is optimized with the Yoast SEO plugin v27.4 - https:\/\/yoast.com\/product\/yoast-seo-wordpress\/ -->\r\n<title>Gehirnregionen einfach erkl\u00e4rt - vitalibera.org<\/title>\r\n<meta name=\"robots\" content=\"index, follow, max-snippet:-1, max-image-preview:large, max-video-preview:-1\" \/>\r\n<link rel=\"canonical\" href=\"https:\/\/www.vitalibera.org\/community\/2026\/02\/23\/gehirnregionen-einfach-erklaert\/\" \/>\r\n<meta property=\"og:locale\" content=\"de_DE\" \/>\r\n<meta property=\"og:type\" content=\"article\" \/>\r\n<meta property=\"og:title\" content=\"Gehirnregionen einfach erkl\u00e4rt - vitalibera.org\" \/>\r\n<meta property=\"og:description\" content=\"Gehirnregionen: Eine Einfache \u00dcbersicht Das menschliche Gehirn ist in verschiedene Regionen unterteilt, die jeweils spezifische Funktionen haben. Hier sind die wichtigsten Gehirnregionen einfach erkl\u00e4rt: 1.&nbsp;Grosshirn (Cerebrum) Teilt sich in zwei H\u00e4lften: linke und rechte Hemisph\u00e4re &#8211; Verantwortlich f\u00fcr: 2.&nbsp;Kleinhirn (Cerebellum) Liegt unter dem Grosshirn &#8211; Verantwortlich f\u00fcr: 3.&nbsp;Hirnstamm (Brainstem) Verbindet das Grosshirn mit dem R\u00fcckenmark ... Weiterlesen\" \/>\r\n<meta property=\"og:url\" content=\"https:\/\/www.vitalibera.org\/community\/2026\/02\/23\/gehirnregionen-einfach-erklaert\/\" \/>\r\n<meta property=\"og:site_name\" content=\"vitalibera.org\" \/>\r\n<meta property=\"article:publisher\" content=\"https:\/\/www.facebook.com\/groups\/2997085857140235\" \/>\r\n<meta property=\"article:published_time\" content=\"2026-02-23T18:41:56+00:00\" \/>\r\n<meta property=\"article:modified_time\" content=\"2026-02-23T18:43:12+00:00\" \/>\r\n<meta property=\"og:image\" content=\"http:\/\/www.vitalibera.org\/community\/wp-content\/uploads\/2026\/02\/brainareas.png\" \/>\r\n\t<meta property=\"og:image:width\" content=\"777\" \/>\r\n\t<meta property=\"og:image:height\" content=\"505\" \/>\r\n\t<meta property=\"og:image:type\" content=\"image\/png\" \/>\r\n<meta name=\"author\" content=\"Andreas Jecklin\" \/>\r\n<meta name=\"twitter:card\" content=\"summary_large_image\" \/>\r\n<meta name=\"twitter:label1\" content=\"Verfasst von\" \/>\n\t<meta name=\"twitter:data1\" content=\"Andreas Jecklin\" \/>\n\t<meta name=\"twitter:label2\" content=\"Gesch\u00e4tzte Lesezeit\" \/>\n\t<meta name=\"twitter:data2\" content=\"2\u00a0Minuten\" \/>\r\n<script type=\"application\/ld+json\" class=\"yoast-schema-graph\">{\"@context\":\"https:\\\/\\\/schema.org\",\"@graph\":[{\"@type\":\"Article\",\"@id\":\"https:\\\/\\\/www.vitalibera.org\\\/community\\\/2026\\\/02\\\/23\\\/gehirnregionen-einfach-erklaert\\\/#article\",\"isPartOf\":{\"@id\":\"https:\\\/\\\/www.vitalibera.org\\\/community\\\/2026\\\/02\\\/23\\\/gehirnregionen-einfach-erklaert\\\/\"},\"author\":{\"name\":\"Andreas Jecklin\",\"@id\":\"https:\\\/\\\/www.vitalibera.org\\\/community\\\/#\\\/schema\\\/person\\\/6712387298421f222ff6d0a2e22c1534\"},\"headline\":\"Gehirnregionen einfach erkl\u00e4rt\",\"datePublished\":\"2026-02-23T18:41:56+00:00\",\"dateModified\":\"2026-02-23T18:43:12+00:00\",\"mainEntityOfPage\":{\"@id\":\"https:\\\/\\\/www.vitalibera.org\\\/community\\\/2026\\\/02\\\/23\\\/gehirnregionen-einfach-erklaert\\\/\"},\"wordCount\":234,\"publisher\":{\"@id\":\"https:\\\/\\\/www.vitalibera.org\\\/community\\\/#organization\"},\"image\":{\"@id\":\"https:\\\/\\\/www.vitalibera.org\\\/community\\\/2026\\\/02\\\/23\\\/gehirnregionen-einfach-erklaert\\\/#primaryimage\"},\"thumbnailUrl\":\"https:\\\/\\\/www.vitalibera.org\\\/community\\\/wp-content\\\/uploads\\\/2026\\\/02\\\/brainareas.png\",\"articleSection\":[\"Academy\",\"Fachwissen\"],\"inLanguage\":\"de\"},{\"@type\":\"WebPage\",\"@id\":\"https:\\\/\\\/www.vitalibera.org\\\/community\\\/2026\\\/02\\\/23\\\/gehirnregionen-einfach-erklaert\\\/\",\"url\":\"https:\\\/\\\/www.vitalibera.org\\\/community\\\/2026\\\/02\\\/23\\\/gehirnregionen-einfach-erklaert\\\/\",\"name\":\"Gehirnregionen einfach erkl\u00e4rt - vitalibera.org\",\"isPartOf\":{\"@id\":\"https:\\\/\\\/www.vitalibera.org\\\/community\\\/#website\"},\"primaryImageOfPage\":{\"@id\":\"https:\\\/\\\/www.vitalibera.org\\\/community\\\/2026\\\/02\\\/23\\\/gehirnregionen-einfach-erklaert\\\/#primaryimage\"},\"image\":{\"@id\":\"https:\\\/\\\/www.vitalibera.org\\\/community\\\/2026\\\/02\\\/23\\\/gehirnregionen-einfach-erklaert\\\/#primaryimage\"},\"thumbnailUrl\":\"https:\\\/\\\/www.vitalibera.org\\\/community\\\/wp-content\\\/uploads\\\/2026\\\/02\\\/brainareas.png\",\"datePublished\":\"2026-02-23T18:41:56+00:00\",\"dateModified\":\"2026-02-23T18:43:12+00:00\",\"breadcrumb\":{\"@id\":\"https:\\\/\\\/www.vitalibera.org\\\/community\\\/2026\\\/02\\\/23\\\/gehirnregionen-einfach-erklaert\\\/#breadcrumb\"},\"inLanguage\":\"de\",\"potentialAction\":[{\"@type\":\"ReadAction\",\"target\":[\"https:\\\/\\\/www.vitalibera.org\\\/community\\\/2026\\\/02\\\/23\\\/gehirnregionen-einfach-erklaert\\\/\"]}]},{\"@type\":\"BreadcrumbList\",\"@id\":\"https:\\\/\\\/www.vitalibera.org\\\/community\\\/2026\\\/02\\\/23\\\/gehirnregionen-einfach-erklaert\\\/#breadcrumb\",\"itemListElement\":[{\"@type\":\"ListItem\",\"position\":1,\"name\":\"Startseite\",\"item\":\"https:\\\/\\\/www.vitalibera.org\\\/community\\\/\"},{\"@type\":\"ListItem\",\"position\":2,\"name\":\"Gehirnregionen einfach erkl\u00e4rt\"}]},{\"@type\":\"WebSite\",\"@id\":\"https:\\\/\\\/www.vitalibera.org\\\/community\\\/#website\",\"url\":\"https:\\\/\\\/www.vitalibera.org\\\/community\\\/\",\"name\":\"vitalibera.org\",\"description\":\"Mit einer Einschr&auml;nkung gestaltet sich das Leben im Alltag oft schwieriger - hier berichten wir &uuml;ber unsere Erfahrungen und Hilfsmittel um den Alltag so unbeschwert und unkompliziert wie nur m&ouml;glich geniessen zu k&ouml;nnen. Dabei richten wir unseren Fokus gezielt auf Selbst&auml;ndigkeit, Eigenst&auml;ndigkeit und Selbstbestimmung.\",\"publisher\":{\"@id\":\"https:\\\/\\\/www.vitalibera.org\\\/community\\\/#organization\"},\"potentialAction\":[{\"@type\":\"SearchAction\",\"target\":{\"@type\":\"EntryPoint\",\"urlTemplate\":\"https:\\\/\\\/www.vitalibera.org\\\/community\\\/?s={search_term_string}\"},\"query-input\":{\"@type\":\"PropertyValueSpecification\",\"valueRequired\":true,\"valueName\":\"search_term_string\"}}],\"inLanguage\":\"de\"},{\"@type\":\"Organization\",\"@id\":\"https:\\\/\\\/www.vitalibera.org\\\/community\\\/#organization\",\"name\":\"vitalibera.org\",\"url\":\"https:\\\/\\\/www.vitalibera.org\\\/community\\\/\",\"logo\":{\"@type\":\"ImageObject\",\"inLanguage\":\"de\",\"@id\":\"https:\\\/\\\/www.vitalibera.org\\\/community\\\/#\\\/schema\\\/logo\\\/image\\\/\",\"url\":\"https:\\\/\\\/www.vitalibera.org\\\/community\\\/wp-content\\\/uploads\\\/2025\\\/09\\\/cropped-banner.png\",\"contentUrl\":\"https:\\\/\\\/www.vitalibera.org\\\/community\\\/wp-content\\\/uploads\\\/2025\\\/09\\\/cropped-banner.png\",\"width\":991,\"height\":150,\"caption\":\"vitalibera.org\"},\"image\":{\"@id\":\"https:\\\/\\\/www.vitalibera.org\\\/community\\\/#\\\/schema\\\/logo\\\/image\\\/\"},\"sameAs\":[\"https:\\\/\\\/www.facebook.com\\\/groups\\\/2997085857140235\"]},{\"@type\":\"Person\",\"@id\":\"https:\\\/\\\/www.vitalibera.org\\\/community\\\/#\\\/schema\\\/person\\\/6712387298421f222ff6d0a2e22c1534\",\"name\":\"Andreas Jecklin\",\"image\":{\"@type\":\"ImageObject\",\"inLanguage\":\"de\",\"@id\":\"https:\\\/\\\/secure.gravatar.com\\\/avatar\\\/ad516503a11cd5ca435acc9bb6523536?s=96\",\"url\":\"https:\\\/\\\/secure.gravatar.com\\\/avatar\\\/ad516503a11cd5ca435acc9bb6523536?s=96\",\"contentUrl\":\"https:\\\/\\\/secure.gravatar.com\\\/avatar\\\/ad516503a11cd5ca435acc9bb6523536?s=96\",\"caption\":\"Andreas Jecklin\"},\"description\":\"Manchen gab Gott die Kraft Dinge zu ver\u00e4ndern, mir gab er die Kraft zu ertragen was nicht mehr zu \u00e4ndern ist.\",\"url\":\"https:\\\/\\\/www.vitalibera.org\\\/community\\\/author\\\/andy77\\\/\"}]}<\/script>\r\n<!-- \/ Yoast SEO plugin. -->","yoast_head_json":{"title":"Gehirnregionen einfach erkl\u00e4rt - vitalibera.org","robots":{"index":"index","follow":"follow","max-snippet":"max-snippet:-1","max-image-preview":"max-image-preview:large","max-video-preview":"max-video-preview:-1"},"canonical":"https:\/\/www.vitalibera.org\/community\/2026\/02\/23\/gehirnregionen-einfach-erklaert\/","og_locale":"de_DE","og_type":"article","og_title":"Gehirnregionen einfach erkl\u00e4rt - vitalibera.org","og_description":"Gehirnregionen: Eine Einfache \u00dcbersicht Das menschliche Gehirn ist in verschiedene Regionen unterteilt, die jeweils spezifische Funktionen haben. Hier sind die wichtigsten Gehirnregionen einfach erkl\u00e4rt: 1.&nbsp;Grosshirn (Cerebrum) Teilt sich in zwei H\u00e4lften: linke und rechte Hemisph\u00e4re &#8211; Verantwortlich f\u00fcr: 2.&nbsp;Kleinhirn (Cerebellum) Liegt unter dem Grosshirn &#8211; Verantwortlich f\u00fcr: 3.&nbsp;Hirnstamm (Brainstem) Verbindet das Grosshirn mit dem R\u00fcckenmark ... Weiterlesen","og_url":"https:\/\/www.vitalibera.org\/community\/2026\/02\/23\/gehirnregionen-einfach-erklaert\/","og_site_name":"vitalibera.org","article_publisher":"https:\/\/www.facebook.com\/groups\/2997085857140235","article_published_time":"2026-02-23T18:41:56+00:00","article_modified_time":"2026-02-23T18:43:12+00:00","og_image":[{"width":777,"height":505,"url":"http:\/\/www.vitalibera.org\/community\/wp-content\/uploads\/2026\/02\/brainareas.png","type":"image\/png"}],"author":"Andreas Jecklin","twitter_card":"summary_large_image","twitter_misc":{"Verfasst von":"Andreas Jecklin","Gesch\u00e4tzte Lesezeit":"2\u00a0Minuten"},"schema":{"@context":"https:\/\/schema.org","@graph":[{"@type":"Article","@id":"https:\/\/www.vitalibera.org\/community\/2026\/02\/23\/gehirnregionen-einfach-erklaert\/#article","isPartOf":{"@id":"https:\/\/www.vitalibera.org\/community\/2026\/02\/23\/gehirnregionen-einfach-erklaert\/"},"author":{"name":"Andreas Jecklin","@id":"https:\/\/www.vitalibera.org\/community\/#\/schema\/person\/6712387298421f222ff6d0a2e22c1534"},"headline":"Gehirnregionen einfach erkl\u00e4rt","datePublished":"2026-02-23T18:41:56+00:00","dateModified":"2026-02-23T18:43:12+00:00","mainEntityOfPage":{"@id":"https:\/\/www.vitalibera.org\/community\/2026\/02\/23\/gehirnregionen-einfach-erklaert\/"},"wordCount":234,"publisher":{"@id":"https:\/\/www.vitalibera.org\/community\/#organization"},"image":{"@id":"https:\/\/www.vitalibera.org\/community\/2026\/02\/23\/gehirnregionen-einfach-erklaert\/#primaryimage"},"thumbnailUrl":"https:\/\/www.vitalibera.org\/community\/wp-content\/uploads\/2026\/02\/brainareas.png","articleSection":["Academy","Fachwissen"],"inLanguage":"de"},{"@type":"WebPage","@id":"https:\/\/www.vitalibera.org\/community\/2026\/02\/23\/gehirnregionen-einfach-erklaert\/","url":"https:\/\/www.vitalibera.org\/community\/2026\/02\/23\/gehirnregionen-einfach-erklaert\/","name":"Gehirnregionen einfach erkl\u00e4rt - vitalibera.org","isPartOf":{"@id":"https:\/\/www.vitalibera.org\/community\/#website"},"primaryImageOfPage":{"@id":"https:\/\/www.vitalibera.org\/community\/2026\/02\/23\/gehirnregionen-einfach-erklaert\/#primaryimage"},"image":{"@id":"https:\/\/www.vitalibera.org\/community\/2026\/02\/23\/gehirnregionen-einfach-erklaert\/#primaryimage"},"thumbnailUrl":"https:\/\/www.vitalibera.org\/community\/wp-content\/uploads\/2026\/02\/brainareas.png","datePublished":"2026-02-23T18:41:56+00:00","dateModified":"2026-02-23T18:43:12+00:00","breadcrumb":{"@id":"https:\/\/www.vitalibera.org\/community\/2026\/02\/23\/gehirnregionen-einfach-erklaert\/#breadcrumb"},"inLanguage":"de","potentialAction":[{"@type":"ReadAction","target":["https:\/\/www.vitalibera.org\/community\/2026\/02\/23\/gehirnregionen-einfach-erklaert\/"]}]},{"@type":"BreadcrumbList","@id":"https:\/\/www.vitalibera.org\/community\/2026\/02\/23\/gehirnregionen-einfach-erklaert\/#breadcrumb","itemListElement":[{"@type":"ListItem","position":1,"name":"Startseite","item":"https:\/\/www.vitalibera.org\/community\/"},{"@type":"ListItem","position":2,"name":"Gehirnregionen einfach erkl\u00e4rt"}]},{"@type":"WebSite","@id":"https:\/\/www.vitalibera.org\/community\/#website","url":"https:\/\/www.vitalibera.org\/community\/","name":"vitalibera.org","description":"Mit einer Einschr&auml;nkung gestaltet sich das Leben im Alltag oft schwieriger - hier berichten wir &uuml;ber unsere Erfahrungen und Hilfsmittel um den Alltag so unbeschwert und unkompliziert wie nur m&ouml;glich geniessen zu k&ouml;nnen. Dabei richten wir unseren Fokus gezielt auf Selbst&auml;ndigkeit, Eigenst&auml;ndigkeit und Selbstbestimmung.","publisher":{"@id":"https:\/\/www.vitalibera.org\/community\/#organization"},"potentialAction":[{"@type":"SearchAction","target":{"@type":"EntryPoint","urlTemplate":"https:\/\/www.vitalibera.org\/community\/?s={search_term_string}"},"query-input":{"@type":"PropertyValueSpecification","valueRequired":true,"valueName":"search_term_string"}}],"inLanguage":"de"},{"@type":"Organization","@id":"https:\/\/www.vitalibera.org\/community\/#organization","name":"vitalibera.org","url":"https:\/\/www.vitalibera.org\/community\/","logo":{"@type":"ImageObject","inLanguage":"de","@id":"https:\/\/www.vitalibera.org\/community\/#\/schema\/logo\/image\/","url":"https:\/\/www.vitalibera.org\/community\/wp-content\/uploads\/2025\/09\/cropped-banner.png","contentUrl":"https:\/\/www.vitalibera.org\/community\/wp-content\/uploads\/2025\/09\/cropped-banner.png","width":991,"height":150,"caption":"vitalibera.org"},"image":{"@id":"https:\/\/www.vitalibera.org\/community\/#\/schema\/logo\/image\/"},"sameAs":["https:\/\/www.facebook.com\/groups\/2997085857140235"]},{"@type":"Person","@id":"https:\/\/www.vitalibera.org\/community\/#\/schema\/person\/6712387298421f222ff6d0a2e22c1534","name":"Andreas Jecklin","image":{"@type":"ImageObject","inLanguage":"de","@id":"https:\/\/secure.gravatar.com\/avatar\/ad516503a11cd5ca435acc9bb6523536?s=96","url":"https:\/\/secure.gravatar.com\/avatar\/ad516503a11cd5ca435acc9bb6523536?s=96","contentUrl":"https:\/\/secure.gravatar.com\/avatar\/ad516503a11cd5ca435acc9bb6523536?s=96","caption":"Andreas Jecklin"},"description":"Manchen gab Gott die Kraft Dinge zu ver\u00e4ndern, mir gab er die Kraft zu ertragen was nicht mehr zu \u00e4ndern ist.","url":"https:\/\/www.vitalibera.org\/community\/author\/andy77\/"}]}},"jetpack_featured_media_url":"https:\/\/www.vitalibera.org\/community\/wp-content\/uploads\/2026\/02\/brainareas.png","jetpack_sharing_enabled":true,"jetpack-related-posts":[],"_links":{"self":[{"href":"https:\/\/www.vitalibera.org\/community\/wp-json\/wp\/v2\/posts\/5684","targetHints":{"allow":["GET"]}}],"collection":[{"href":"https:\/\/www.vitalibera.org\/community\/wp-json\/wp\/v2\/posts"}],"about":[{"href":"https:\/\/www.vitalibera.org\/community\/wp-json\/wp\/v2\/types\/post"}],"author":[{"embeddable":true,"href":"https:\/\/www.vitalibera.org\/community\/wp-json\/wp\/v2\/users\/2"}],"replies":[{"embeddable":true,"href":"https:\/\/www.vitalibera.org\/community\/wp-json\/wp\/v2\/comments?post=5684"}],"version-history":[{"count":1,"href":"https:\/\/www.vitalibera.org\/community\/wp-json\/wp\/v2\/posts\/5684\/revisions"}],"predecessor-version":[{"id":5689,"href":"https:\/\/www.vitalibera.org\/community\/wp-json\/wp\/v2\/posts\/5684\/revisions\/5689"}],"wp:featuredmedia":[{"embeddable":true,"href":"https:\/\/www.vitalibera.org\/community\/wp-json\/wp\/v2\/media\/5688"}],"wp:attachment":[{"href":"https:\/\/www.vitalibera.org\/community\/wp-json\/wp\/v2\/media?parent=5684"}],"wp:term":[{"taxonomy":"category","embeddable":true,"href":"https:\/\/www.vitalibera.org\/community\/wp-json\/wp\/v2\/categories?post=5684"},{"taxonomy":"post_tag","embeddable":true,"href":"https:\/\/www.vitalibera.org\/community\/wp-json\/wp\/v2\/tags?post=5684"}],"curies":[{"name":"wp","href":"https:\/\/api.w.org\/{rel}","templated":true}]}}