{"id":5791,"date":"2026-02-25T17:30:04","date_gmt":"2026-02-25T16:30:04","guid":{"rendered":"https:\/\/www.vitalibera.org\/community\/?p=5791"},"modified":"2026-02-25T17:31:12","modified_gmt":"2026-02-25T16:31:12","slug":"moderater-kaffeekonsum-senkt-schlaganfallrisiko","status":"publish","type":"post","link":"https:\/\/www.vitalibera.org\/community\/2026\/02\/25\/moderater-kaffeekonsum-senkt-schlaganfallrisiko\/","title":{"rendered":"Moderater Kaffeekonsum senkt Schlaganfallrisiko"},"content":{"rendered":"\n<div class=\"wp-block-media-text is-stacked-on-mobile\"><figure class=\"wp-block-media-text__media\"><img fetchpriority=\"high\" decoding=\"async\" width=\"665\" height=\"460\" src=\"https:\/\/www.vitalibera.org\/community\/wp-content\/uploads\/2026\/02\/kaffi.png\" alt=\"\" class=\"wp-image-5792 size-full\" srcset=\"https:\/\/www.vitalibera.org\/community\/wp-content\/uploads\/2026\/02\/kaffi.png 665w, https:\/\/www.vitalibera.org\/community\/wp-content\/uploads\/2026\/02\/kaffi-300x208.png 300w\" sizes=\"(max-width: 665px) 100vw, 665px\" \/><\/figure><div class=\"wp-block-media-text__content\">\n<p><mark>Moderater Kaffeekonsum (ca. 3&ndash;5 Tassen t&auml;glich) senkt das <a href=\"https:\/\/www.vitalibera.org\/community\/enzyklopaedie\/schlaganfall\/\" target=\"_self\" title=\"Ein Schlaganfall, auch Hirnschlag oder Apoplex genannt, ist eine&nbsp;pl&ouml;tzlich auftretende Durchblutungsst&ouml;rung im Gehirn, die dazu f&uuml;hrt, dass Gehirnzellen nicht mehr ausreichend mit Sauerstoff und N&auml;hrstoffen versorgt werden.&nbsp;Dies kann zu bleibenden Sch&auml;den oder sogar zum Absterben von Hirnzellen f&uuml;hren, wenn die Durchblutung nicht schnell wiederhergestellt wird.&nbsp; Einfach erkl&auml;rt: Stellen Sie sich vor, ein Teil Ihres Gehirns&hellip;\" class=\"encyclopedia\">Schlaganfall<\/a>risiko eher, als es zu erh&ouml;hen, und gilt nicht als Risikofaktor<\/mark>. Studien zeigen, dass regelm&auml;&szlig;ige Trinker ein bis zu 20 % geringeres Risiko haben als Nicht-Kaffeetrinker. Erst ab ca. 9&ndash;10 Tassen t&auml;glich k&ouml;nnte das Risiko wieder leicht steigen.&nbsp;<\/p>\n<\/div><\/div>\n\n\n\n<p><\/p>\n\n\n\n<ul class=\"wp-block-list\">\n<li><strong>Positive Wirkung:<\/strong>&nbsp;Moderate Mengen (3&ndash;4 Tassen) wirken sich g&uuml;nstig auf das Herz-Kreislauf-System aus.<\/li>\n\n\n\n<li><strong>Risikoreduktion:<\/strong>&nbsp;Besonders 2-3 Tassen Kaffee oder Tee k&ouml;nnen das <a href=\"https:\/\/www.vitalibera.org\/community\/enzyklopaedie\/schlaganfall\/\" target=\"_self\" title=\"Ein Schlaganfall, auch Hirnschlag oder Apoplex genannt, ist eine&nbsp;pl&ouml;tzlich auftretende Durchblutungsst&ouml;rung im Gehirn, die dazu f&uuml;hrt, dass Gehirnzellen nicht mehr ausreichend mit Sauerstoff und N&auml;hrstoffen versorgt werden.&nbsp;Dies kann zu bleibenden Sch&auml;den oder sogar zum Absterben von Hirnzellen f&uuml;hren, wenn die Durchblutung nicht schnell wiederhergestellt wird.&nbsp; Einfach erkl&auml;rt: Stellen Sie sich vor, ein Teil Ihres Gehirns&hellip;\" class=\"encyclopedia\">Schlaganfall<\/a>risiko um &uuml;ber 30 % senken.<\/li>\n\n\n\n<li><strong>Wirkmechanismus:<\/strong>&nbsp;Die positiven Effekte k&ouml;nnten auf antioxidative und entz&uuml;ndungshemmende Eigenschaften des Kaffees zur&uuml;ckzuf&uuml;hren sein.<\/li>\n\n\n\n<li><strong>Ausnahmen:<\/strong>&nbsp;Bei Schwangerschaft oder schwer einstellbarem <a href=\"https:\/\/www.vitalibera.org\/community\/enzyklopaedie\/bluthochdruck\/\" target=\"_self\" title=\"Bluthochdruck wird oft als &bdquo;stiller Killer&ldquo; bezeichnet, da er h&auml;ufig lange Zeit keine Symptome verursacht.&nbsp;Wenn Symptome auftreten, k&ouml;nnen dies&nbsp;Kopfschmerzen, Schwindel, M&uuml;digkeit, Schlafst&ouml;rungen und Ohrensausen&nbsp;sein.&nbsp;Bei stark erh&ouml;htem Blutdruck k&ouml;nnen auch Kurzatmigkeit, Brustschmerzen, Sehst&ouml;rungen oder Nasenbluten auftreten.&nbsp;Eine fr&uuml;hzeitige Erkennung ist wichtig, da unbehandelter Bluthochdruck das Risiko f&uuml;r Schlaganfall, Herzinfarkt und Organsch&auml;den erh&ouml;ht.&nbsp; H&auml;ufige Symptome bei Bluthochdruck:&nbsp; Kopfschmerzen:&nbsp;Oft&hellip;\" class=\"encyclopedia\">Bluthochdruck<\/a> ist Zur&uuml;ckhaltung geboten.<\/li>\n\n\n\n<li><strong>Vieltrinker:<\/strong>&nbsp;Das Risiko ist nichtlinear; es ist eine u-f&ouml;rmige Kurve, bei der sowohl kein als auch extrem hoher Konsum (&uuml;ber 7-9 Tassen) ung&uuml;nstiger sein k&ouml;nnen als m&auml;&szlig;iger Konsum.&nbsp;<\/li>\n<\/ul>\n\n\n\n<p>Kaffee ist somit in normalen Mengen ein sicheres Genussmittel und Teil einer gesunden Lebensweise zur <a href=\"https:\/\/www.vitalibera.org\/community\/enzyklopaedie\/schlaganfall\/\" target=\"_self\" title=\"Ein Schlaganfall, auch Hirnschlag oder Apoplex genannt, ist eine&nbsp;pl&ouml;tzlich auftretende Durchblutungsst&ouml;rung im Gehirn, die dazu f&uuml;hrt, dass Gehirnzellen nicht mehr ausreichend mit Sauerstoff und N&auml;hrstoffen versorgt werden.&nbsp;Dies kann zu bleibenden Sch&auml;den oder sogar zum Absterben von Hirnzellen f&uuml;hren, wenn die Durchblutung nicht schnell wiederhergestellt wird.&nbsp; Einfach erkl&auml;rt: Stellen Sie sich vor, ein Teil Ihres Gehirns&hellip;\" class=\"encyclopedia\">Schlaganfall<\/a>pr&auml;vention<\/p>\n\n\n\n<p><\/p>\n","protected":false},"excerpt":{"rendered":"<p>Moderater Kaffeekonsum (ca. 3\u20135 Tassen t\u00e4glich) senkt das Schlaganfallrisiko eher, als es zu erh\u00f6hen, und gilt nicht als Risikofaktor. Studien zeigen, dass regelm\u00e4\u00dfige Trinker ein bis zu 20 % geringeres Risiko haben als Nicht-Kaffeetrinker. Erst ab ca. 9\u201310 Tassen t\u00e4glich k\u00f6nnte das Risiko wieder leicht steigen.\u00a0 Kaffee ist somit in normalen Mengen ein sicheres Genussmittel &#8230; <a title=\"Moderater Kaffeekonsum senkt Schlaganfallrisiko\" class=\"read-more\" href=\"https:\/\/www.vitalibera.org\/community\/2026\/02\/25\/moderater-kaffeekonsum-senkt-schlaganfallrisiko\/\" aria-label=\"Mehr Informationen \u00fcber Moderater Kaffeekonsum senkt Schlaganfallrisiko\">Weiterlesen<\/a><\/p>\n","protected":false},"author":2,"featured_media":5793,"comment_status":"open","ping_status":"open","sticky":false,"template":"","format":"standard","meta":{"cybocfi_hide_featured_image":"yes","_jetpack_memberships_contains_paid_content":false,"footnotes":""},"categories":[159],"tags":[],"class_list":["post-5791","post","type-post","status-publish","format-standard","has-post-thumbnail","hentry","category-fachwissen"],"yoast_head":"<!-- This site is optimized with the Yoast SEO plugin v27.4 - https:\/\/yoast.com\/product\/yoast-seo-wordpress\/ -->\r\n<title>Moderater Kaffeekonsum senkt Schlaganfallrisiko - vitalibera.org<\/title>\r\n<meta name=\"robots\" content=\"index, follow, max-snippet:-1, max-image-preview:large, max-video-preview:-1\" \/>\r\n<link rel=\"canonical\" href=\"http:\/\/www.vitalibera.org\/community\/2026\/02\/25\/moderater-kaffeekonsum-senkt-schlaganfallrisiko\/\" \/>\r\n<meta property=\"og:locale\" content=\"de_DE\" \/>\r\n<meta property=\"og:type\" content=\"article\" \/>\r\n<meta property=\"og:title\" content=\"Moderater Kaffeekonsum senkt Schlaganfallrisiko - vitalibera.org\" \/>\r\n<meta property=\"og:description\" content=\"Moderater Kaffeekonsum (ca. 3\u20135 Tassen t\u00e4glich) senkt das Schlaganfallrisiko eher, als es zu erh\u00f6hen, und gilt nicht als Risikofaktor. Studien zeigen, dass regelm\u00e4\u00dfige Trinker ein bis zu 20 % geringeres Risiko haben als Nicht-Kaffeetrinker. Erst ab ca. 9\u201310 Tassen t\u00e4glich k\u00f6nnte das Risiko wieder leicht steigen.\u00a0 Kaffee ist somit in normalen Mengen ein sicheres Genussmittel ... Weiterlesen\" \/>\r\n<meta property=\"og:url\" content=\"http:\/\/www.vitalibera.org\/community\/2026\/02\/25\/moderater-kaffeekonsum-senkt-schlaganfallrisiko\/\" \/>\r\n<meta property=\"og:site_name\" content=\"vitalibera.org\" \/>\r\n<meta property=\"article:publisher\" content=\"https:\/\/www.facebook.com\/groups\/2997085857140235\" \/>\r\n<meta property=\"article:published_time\" content=\"2026-02-25T16:30:04+00:00\" \/>\r\n<meta property=\"article:modified_time\" content=\"2026-02-25T16:31:12+00:00\" \/>\r\n<meta property=\"og:image\" content=\"http:\/\/www.vitalibera.org\/community\/wp-content\/uploads\/2026\/02\/kaffi-thump.png\" \/>\r\n\t<meta property=\"og:image:width\" content=\"558\" \/>\r\n\t<meta property=\"og:image:height\" content=\"515\" \/>\r\n\t<meta property=\"og:image:type\" content=\"image\/png\" \/>\r\n<meta name=\"author\" content=\"Andreas Jecklin\" \/>\r\n<meta name=\"twitter:card\" content=\"summary_large_image\" \/>\r\n<meta name=\"twitter:label1\" content=\"Verfasst von\" \/>\n\t<meta name=\"twitter:data1\" content=\"Andreas Jecklin\" \/>\n\t<meta name=\"twitter:label2\" content=\"Gesch\u00e4tzte Lesezeit\" \/>\n\t<meta name=\"twitter:data2\" content=\"2\u00a0Minuten\" \/>\r\n<script type=\"application\/ld+json\" class=\"yoast-schema-graph\">{\"@context\":\"https:\\\/\\\/schema.org\",\"@graph\":[{\"@type\":\"Article\",\"@id\":\"http:\\\/\\\/www.vitalibera.org\\\/community\\\/2026\\\/02\\\/25\\\/moderater-kaffeekonsum-senkt-schlaganfallrisiko\\\/#article\",\"isPartOf\":{\"@id\":\"http:\\\/\\\/www.vitalibera.org\\\/community\\\/2026\\\/02\\\/25\\\/moderater-kaffeekonsum-senkt-schlaganfallrisiko\\\/\"},\"author\":{\"name\":\"Andreas Jecklin\",\"@id\":\"https:\\\/\\\/www.vitalibera.org\\\/community\\\/#\\\/schema\\\/person\\\/6712387298421f222ff6d0a2e22c1534\"},\"headline\":\"Moderater Kaffeekonsum senkt Schlaganfallrisiko\",\"datePublished\":\"2026-02-25T16:30:04+00:00\",\"dateModified\":\"2026-02-25T16:31:12+00:00\",\"mainEntityOfPage\":{\"@id\":\"http:\\\/\\\/www.vitalibera.org\\\/community\\\/2026\\\/02\\\/25\\\/moderater-kaffeekonsum-senkt-schlaganfallrisiko\\\/\"},\"wordCount\":156,\"commentCount\":0,\"publisher\":{\"@id\":\"https:\\\/\\\/www.vitalibera.org\\\/community\\\/#organization\"},\"image\":{\"@id\":\"http:\\\/\\\/www.vitalibera.org\\\/community\\\/2026\\\/02\\\/25\\\/moderater-kaffeekonsum-senkt-schlaganfallrisiko\\\/#primaryimage\"},\"thumbnailUrl\":\"https:\\\/\\\/www.vitalibera.org\\\/community\\\/wp-content\\\/uploads\\\/2026\\\/02\\\/kaffi-thump.png\",\"articleSection\":[\"Fachwissen\"],\"inLanguage\":\"de\",\"potentialAction\":[{\"@type\":\"CommentAction\",\"name\":\"Comment\",\"target\":[\"http:\\\/\\\/www.vitalibera.org\\\/community\\\/2026\\\/02\\\/25\\\/moderater-kaffeekonsum-senkt-schlaganfallrisiko\\\/#respond\"]}]},{\"@type\":\"WebPage\",\"@id\":\"http:\\\/\\\/www.vitalibera.org\\\/community\\\/2026\\\/02\\\/25\\\/moderater-kaffeekonsum-senkt-schlaganfallrisiko\\\/\",\"url\":\"http:\\\/\\\/www.vitalibera.org\\\/community\\\/2026\\\/02\\\/25\\\/moderater-kaffeekonsum-senkt-schlaganfallrisiko\\\/\",\"name\":\"Moderater Kaffeekonsum senkt Schlaganfallrisiko - vitalibera.org\",\"isPartOf\":{\"@id\":\"https:\\\/\\\/www.vitalibera.org\\\/community\\\/#website\"},\"primaryImageOfPage\":{\"@id\":\"http:\\\/\\\/www.vitalibera.org\\\/community\\\/2026\\\/02\\\/25\\\/moderater-kaffeekonsum-senkt-schlaganfallrisiko\\\/#primaryimage\"},\"image\":{\"@id\":\"http:\\\/\\\/www.vitalibera.org\\\/community\\\/2026\\\/02\\\/25\\\/moderater-kaffeekonsum-senkt-schlaganfallrisiko\\\/#primaryimage\"},\"thumbnailUrl\":\"https:\\\/\\\/www.vitalibera.org\\\/community\\\/wp-content\\\/uploads\\\/2026\\\/02\\\/kaffi-thump.png\",\"datePublished\":\"2026-02-25T16:30:04+00:00\",\"dateModified\":\"2026-02-25T16:31:12+00:00\",\"breadcrumb\":{\"@id\":\"http:\\\/\\\/www.vitalibera.org\\\/community\\\/2026\\\/02\\\/25\\\/moderater-kaffeekonsum-senkt-schlaganfallrisiko\\\/#breadcrumb\"},\"inLanguage\":\"de\",\"potentialAction\":[{\"@type\":\"ReadAction\",\"target\":[\"http:\\\/\\\/www.vitalibera.org\\\/community\\\/2026\\\/02\\\/25\\\/moderater-kaffeekonsum-senkt-schlaganfallrisiko\\\/\"]}]},{\"@type\":\"BreadcrumbList\",\"@id\":\"http:\\\/\\\/www.vitalibera.org\\\/community\\\/2026\\\/02\\\/25\\\/moderater-kaffeekonsum-senkt-schlaganfallrisiko\\\/#breadcrumb\",\"itemListElement\":[{\"@type\":\"ListItem\",\"position\":1,\"name\":\"Startseite\",\"item\":\"https:\\\/\\\/www.vitalibera.org\\\/community\\\/\"},{\"@type\":\"ListItem\",\"position\":2,\"name\":\"Moderater Kaffeekonsum senkt Schlaganfallrisiko\"}]},{\"@type\":\"WebSite\",\"@id\":\"https:\\\/\\\/www.vitalibera.org\\\/community\\\/#website\",\"url\":\"https:\\\/\\\/www.vitalibera.org\\\/community\\\/\",\"name\":\"vitalibera.org\",\"description\":\"Mit einer Einschr&auml;nkung gestaltet sich das Leben im Alltag oft schwieriger - hier berichten wir &uuml;ber unsere Erfahrungen und Hilfsmittel um den Alltag so unbeschwert und unkompliziert wie nur m&ouml;glich geniessen zu k&ouml;nnen. Dabei richten wir unseren Fokus gezielt auf Selbst&auml;ndigkeit, Eigenst&auml;ndigkeit und Selbstbestimmung.\",\"publisher\":{\"@id\":\"https:\\\/\\\/www.vitalibera.org\\\/community\\\/#organization\"},\"potentialAction\":[{\"@type\":\"SearchAction\",\"target\":{\"@type\":\"EntryPoint\",\"urlTemplate\":\"https:\\\/\\\/www.vitalibera.org\\\/community\\\/?s={search_term_string}\"},\"query-input\":{\"@type\":\"PropertyValueSpecification\",\"valueRequired\":true,\"valueName\":\"search_term_string\"}}],\"inLanguage\":\"de\"},{\"@type\":\"Organization\",\"@id\":\"https:\\\/\\\/www.vitalibera.org\\\/community\\\/#organization\",\"name\":\"vitalibera.org\",\"url\":\"https:\\\/\\\/www.vitalibera.org\\\/community\\\/\",\"logo\":{\"@type\":\"ImageObject\",\"inLanguage\":\"de\",\"@id\":\"https:\\\/\\\/www.vitalibera.org\\\/community\\\/#\\\/schema\\\/logo\\\/image\\\/\",\"url\":\"https:\\\/\\\/www.vitalibera.org\\\/community\\\/wp-content\\\/uploads\\\/2025\\\/09\\\/cropped-banner.png\",\"contentUrl\":\"https:\\\/\\\/www.vitalibera.org\\\/community\\\/wp-content\\\/uploads\\\/2025\\\/09\\\/cropped-banner.png\",\"width\":991,\"height\":150,\"caption\":\"vitalibera.org\"},\"image\":{\"@id\":\"https:\\\/\\\/www.vitalibera.org\\\/community\\\/#\\\/schema\\\/logo\\\/image\\\/\"},\"sameAs\":[\"https:\\\/\\\/www.facebook.com\\\/groups\\\/2997085857140235\"]},{\"@type\":\"Person\",\"@id\":\"https:\\\/\\\/www.vitalibera.org\\\/community\\\/#\\\/schema\\\/person\\\/6712387298421f222ff6d0a2e22c1534\",\"name\":\"Andreas Jecklin\",\"image\":{\"@type\":\"ImageObject\",\"inLanguage\":\"de\",\"@id\":\"https:\\\/\\\/secure.gravatar.com\\\/avatar\\\/ad516503a11cd5ca435acc9bb6523536?s=96\",\"url\":\"https:\\\/\\\/secure.gravatar.com\\\/avatar\\\/ad516503a11cd5ca435acc9bb6523536?s=96\",\"contentUrl\":\"https:\\\/\\\/secure.gravatar.com\\\/avatar\\\/ad516503a11cd5ca435acc9bb6523536?s=96\",\"caption\":\"Andreas Jecklin\"},\"description\":\"Manchen gab Gott die Kraft Dinge zu ver\u00e4ndern, mir gab er die Kraft zu ertragen was nicht mehr zu \u00e4ndern ist.\",\"url\":\"https:\\\/\\\/www.vitalibera.org\\\/community\\\/author\\\/andy77\\\/\"}]}<\/script>\r\n<!-- \/ Yoast SEO plugin. -->","yoast_head_json":{"title":"Moderater Kaffeekonsum senkt Schlaganfallrisiko - vitalibera.org","robots":{"index":"index","follow":"follow","max-snippet":"max-snippet:-1","max-image-preview":"max-image-preview:large","max-video-preview":"max-video-preview:-1"},"canonical":"http:\/\/www.vitalibera.org\/community\/2026\/02\/25\/moderater-kaffeekonsum-senkt-schlaganfallrisiko\/","og_locale":"de_DE","og_type":"article","og_title":"Moderater Kaffeekonsum senkt Schlaganfallrisiko - vitalibera.org","og_description":"Moderater Kaffeekonsum (ca. 3\u20135 Tassen t\u00e4glich) senkt das Schlaganfallrisiko eher, als es zu erh\u00f6hen, und gilt nicht als Risikofaktor. Studien zeigen, dass regelm\u00e4\u00dfige Trinker ein bis zu 20 % geringeres Risiko haben als Nicht-Kaffeetrinker. Erst ab ca. 9\u201310 Tassen t\u00e4glich k\u00f6nnte das Risiko wieder leicht steigen.\u00a0 Kaffee ist somit in normalen Mengen ein sicheres Genussmittel ... Weiterlesen","og_url":"http:\/\/www.vitalibera.org\/community\/2026\/02\/25\/moderater-kaffeekonsum-senkt-schlaganfallrisiko\/","og_site_name":"vitalibera.org","article_publisher":"https:\/\/www.facebook.com\/groups\/2997085857140235","article_published_time":"2026-02-25T16:30:04+00:00","article_modified_time":"2026-02-25T16:31:12+00:00","og_image":[{"width":558,"height":515,"url":"http:\/\/www.vitalibera.org\/community\/wp-content\/uploads\/2026\/02\/kaffi-thump.png","type":"image\/png"}],"author":"Andreas Jecklin","twitter_card":"summary_large_image","twitter_misc":{"Verfasst von":"Andreas Jecklin","Gesch\u00e4tzte Lesezeit":"2\u00a0Minuten"},"schema":{"@context":"https:\/\/schema.org","@graph":[{"@type":"Article","@id":"http:\/\/www.vitalibera.org\/community\/2026\/02\/25\/moderater-kaffeekonsum-senkt-schlaganfallrisiko\/#article","isPartOf":{"@id":"http:\/\/www.vitalibera.org\/community\/2026\/02\/25\/moderater-kaffeekonsum-senkt-schlaganfallrisiko\/"},"author":{"name":"Andreas Jecklin","@id":"https:\/\/www.vitalibera.org\/community\/#\/schema\/person\/6712387298421f222ff6d0a2e22c1534"},"headline":"Moderater Kaffeekonsum senkt Schlaganfallrisiko","datePublished":"2026-02-25T16:30:04+00:00","dateModified":"2026-02-25T16:31:12+00:00","mainEntityOfPage":{"@id":"http:\/\/www.vitalibera.org\/community\/2026\/02\/25\/moderater-kaffeekonsum-senkt-schlaganfallrisiko\/"},"wordCount":156,"commentCount":0,"publisher":{"@id":"https:\/\/www.vitalibera.org\/community\/#organization"},"image":{"@id":"http:\/\/www.vitalibera.org\/community\/2026\/02\/25\/moderater-kaffeekonsum-senkt-schlaganfallrisiko\/#primaryimage"},"thumbnailUrl":"https:\/\/www.vitalibera.org\/community\/wp-content\/uploads\/2026\/02\/kaffi-thump.png","articleSection":["Fachwissen"],"inLanguage":"de","potentialAction":[{"@type":"CommentAction","name":"Comment","target":["http:\/\/www.vitalibera.org\/community\/2026\/02\/25\/moderater-kaffeekonsum-senkt-schlaganfallrisiko\/#respond"]}]},{"@type":"WebPage","@id":"http:\/\/www.vitalibera.org\/community\/2026\/02\/25\/moderater-kaffeekonsum-senkt-schlaganfallrisiko\/","url":"http:\/\/www.vitalibera.org\/community\/2026\/02\/25\/moderater-kaffeekonsum-senkt-schlaganfallrisiko\/","name":"Moderater Kaffeekonsum senkt Schlaganfallrisiko - vitalibera.org","isPartOf":{"@id":"https:\/\/www.vitalibera.org\/community\/#website"},"primaryImageOfPage":{"@id":"http:\/\/www.vitalibera.org\/community\/2026\/02\/25\/moderater-kaffeekonsum-senkt-schlaganfallrisiko\/#primaryimage"},"image":{"@id":"http:\/\/www.vitalibera.org\/community\/2026\/02\/25\/moderater-kaffeekonsum-senkt-schlaganfallrisiko\/#primaryimage"},"thumbnailUrl":"https:\/\/www.vitalibera.org\/community\/wp-content\/uploads\/2026\/02\/kaffi-thump.png","datePublished":"2026-02-25T16:30:04+00:00","dateModified":"2026-02-25T16:31:12+00:00","breadcrumb":{"@id":"http:\/\/www.vitalibera.org\/community\/2026\/02\/25\/moderater-kaffeekonsum-senkt-schlaganfallrisiko\/#breadcrumb"},"inLanguage":"de","potentialAction":[{"@type":"ReadAction","target":["http:\/\/www.vitalibera.org\/community\/2026\/02\/25\/moderater-kaffeekonsum-senkt-schlaganfallrisiko\/"]}]},{"@type":"BreadcrumbList","@id":"http:\/\/www.vitalibera.org\/community\/2026\/02\/25\/moderater-kaffeekonsum-senkt-schlaganfallrisiko\/#breadcrumb","itemListElement":[{"@type":"ListItem","position":1,"name":"Startseite","item":"https:\/\/www.vitalibera.org\/community\/"},{"@type":"ListItem","position":2,"name":"Moderater Kaffeekonsum senkt Schlaganfallrisiko"}]},{"@type":"WebSite","@id":"https:\/\/www.vitalibera.org\/community\/#website","url":"https:\/\/www.vitalibera.org\/community\/","name":"vitalibera.org","description":"Mit einer Einschr&auml;nkung gestaltet sich das Leben im Alltag oft schwieriger - hier berichten wir &uuml;ber unsere Erfahrungen und Hilfsmittel um den Alltag so unbeschwert und unkompliziert wie nur m&ouml;glich geniessen zu k&ouml;nnen. Dabei richten wir unseren Fokus gezielt auf Selbst&auml;ndigkeit, Eigenst&auml;ndigkeit und Selbstbestimmung.","publisher":{"@id":"https:\/\/www.vitalibera.org\/community\/#organization"},"potentialAction":[{"@type":"SearchAction","target":{"@type":"EntryPoint","urlTemplate":"https:\/\/www.vitalibera.org\/community\/?s={search_term_string}"},"query-input":{"@type":"PropertyValueSpecification","valueRequired":true,"valueName":"search_term_string"}}],"inLanguage":"de"},{"@type":"Organization","@id":"https:\/\/www.vitalibera.org\/community\/#organization","name":"vitalibera.org","url":"https:\/\/www.vitalibera.org\/community\/","logo":{"@type":"ImageObject","inLanguage":"de","@id":"https:\/\/www.vitalibera.org\/community\/#\/schema\/logo\/image\/","url":"https:\/\/www.vitalibera.org\/community\/wp-content\/uploads\/2025\/09\/cropped-banner.png","contentUrl":"https:\/\/www.vitalibera.org\/community\/wp-content\/uploads\/2025\/09\/cropped-banner.png","width":991,"height":150,"caption":"vitalibera.org"},"image":{"@id":"https:\/\/www.vitalibera.org\/community\/#\/schema\/logo\/image\/"},"sameAs":["https:\/\/www.facebook.com\/groups\/2997085857140235"]},{"@type":"Person","@id":"https:\/\/www.vitalibera.org\/community\/#\/schema\/person\/6712387298421f222ff6d0a2e22c1534","name":"Andreas Jecklin","image":{"@type":"ImageObject","inLanguage":"de","@id":"https:\/\/secure.gravatar.com\/avatar\/ad516503a11cd5ca435acc9bb6523536?s=96","url":"https:\/\/secure.gravatar.com\/avatar\/ad516503a11cd5ca435acc9bb6523536?s=96","contentUrl":"https:\/\/secure.gravatar.com\/avatar\/ad516503a11cd5ca435acc9bb6523536?s=96","caption":"Andreas Jecklin"},"description":"Manchen gab Gott die Kraft Dinge zu ver\u00e4ndern, mir gab er die Kraft zu ertragen was nicht mehr zu \u00e4ndern ist.","url":"https:\/\/www.vitalibera.org\/community\/author\/andy77\/"}]}},"jetpack_featured_media_url":"https:\/\/www.vitalibera.org\/community\/wp-content\/uploads\/2026\/02\/kaffi-thump.png","jetpack_sharing_enabled":true,"jetpack-related-posts":[],"_links":{"self":[{"href":"https:\/\/www.vitalibera.org\/community\/wp-json\/wp\/v2\/posts\/5791","targetHints":{"allow":["GET"]}}],"collection":[{"href":"https:\/\/www.vitalibera.org\/community\/wp-json\/wp\/v2\/posts"}],"about":[{"href":"https:\/\/www.vitalibera.org\/community\/wp-json\/wp\/v2\/types\/post"}],"author":[{"embeddable":true,"href":"https:\/\/www.vitalibera.org\/community\/wp-json\/wp\/v2\/users\/2"}],"replies":[{"embeddable":true,"href":"https:\/\/www.vitalibera.org\/community\/wp-json\/wp\/v2\/comments?post=5791"}],"version-history":[{"count":1,"href":"https:\/\/www.vitalibera.org\/community\/wp-json\/wp\/v2\/posts\/5791\/revisions"}],"predecessor-version":[{"id":5794,"href":"https:\/\/www.vitalibera.org\/community\/wp-json\/wp\/v2\/posts\/5791\/revisions\/5794"}],"wp:featuredmedia":[{"embeddable":true,"href":"https:\/\/www.vitalibera.org\/community\/wp-json\/wp\/v2\/media\/5793"}],"wp:attachment":[{"href":"https:\/\/www.vitalibera.org\/community\/wp-json\/wp\/v2\/media?parent=5791"}],"wp:term":[{"taxonomy":"category","embeddable":true,"href":"https:\/\/www.vitalibera.org\/community\/wp-json\/wp\/v2\/categories?post=5791"},{"taxonomy":"post_tag","embeddable":true,"href":"https:\/\/www.vitalibera.org\/community\/wp-json\/wp\/v2\/tags?post=5791"}],"curies":[{"name":"wp","href":"https:\/\/api.w.org\/{rel}","templated":true}]}}