{"id":5835,"date":"2026-02-26T18:31:34","date_gmt":"2026-02-26T17:31:34","guid":{"rendered":"https:\/\/www.vitalibera.org\/community\/?p=5835"},"modified":"2026-02-26T18:32:42","modified_gmt":"2026-02-26T17:32:42","slug":"saugroboter-ideal-fuer-motorisch-eingeschraenkte-menschen","status":"publish","type":"post","link":"https:\/\/www.vitalibera.org\/community\/2026\/02\/26\/saugroboter-ideal-fuer-motorisch-eingeschraenkte-menschen\/","title":{"rendered":"Saugroboter &#8211; ideal f\u00fcr motorisch eingeschr\u00e4nkte Menschen"},"content":{"rendered":"\n<p>Saugroboter mit Absaugstation, App-Steuerung, Sprachsteuerung (Alexa\/Google) und hoher Hinderniserkennung sind ideal f&uuml;r motorisch eingeschr&auml;nkte Menschen. Sie automatisieren die Bodenreinigung fast vollst&auml;ndig, erfordern kaum Wartung (selb<a href=\"https:\/\/www.vitalibera.org\/community\/enzyklopaedie\/stent\/\" target=\"_self\" title=\"Ein Stent ist eine&nbsp;k&uuml;nstliche, r&ouml;hrenf&ouml;rmige Gef&auml;&szlig;st&uuml;tze aus Metall oder Kunstfasern, die in ein verengtes oder verschlossenes Blutgef&auml;&szlig; (oder ein anderes Hohlorgan) eingesetzt wird, um es dauerhaft offen zu halten und den Blutfluss zu erm&ouml;glichen.&nbsp;Die Implantation erfolgt meist im Rahmen eines Herzkatheter-Eingriffs unter lokaler Bet&auml;ubung, bei dem ein Ballon die Verengung erweitert und der Stent dann&hellip;\" class=\"encyclopedia\">stent<\/a>leerend) und sind &uuml;ber Sprache oder einfache App-Befehle bedienbar, was den Alltag erheblich erleichtert.<\/p>\n\n\n\n<p><strong>Wichtige Funktionen f&uuml;r maximale Autonomie:<\/strong><\/p>\n\n\n\n<ul class=\"wp-block-list\">\n<li><strong>Absaugstation:<\/strong>&nbsp;Wichtig, da das manuelle Entleeren des kleinen Staubbeh&auml;lters entf&auml;llt. Der Roboter leert sich selbst f&uuml;r mehrere Wochen.<\/li>\n\n\n\n<li><strong>Sprachsteuerung:<\/strong>&nbsp;Erm&ouml;glicht den Start\/Stopp &uuml;ber einfache Sprachbefehle (z.B. &ldquo;Alexa, sauge das Wohnzimmer&rdquo;).<\/li>\n\n\n\n<li><strong>Kartierung &amp; Hinderniserkennung:<\/strong>&nbsp;Moderne Laser- oder Kameranavigation (LiDAR) verhindert das H&auml;ngenbleiben an M&ouml;beln oder das Einsaugen von Kabeln.<\/li>\n\n\n\n<li><strong>App-Steuerung:<\/strong>&nbsp;Erm&ouml;glicht das E<a href=\"https:\/\/www.vitalibera.org\/community\/enzyklopaedie\/inr\/\" target=\"_self\" title=\"Die&nbsp;International Normalized Ratio (INR)&nbsp;ist ein&nbsp;weltweit standardisierter Laborwert zur Messung der Blutgerinnungszeit, insbesondere bei der Einnahme von Gerinnungshemmern wie Marcumar. Ein INR-Wert um 1,0 ist normal, w&auml;hrend bei einer Therapie meist Werte zwischen 2,0 und 3,5 angestrebt werden, um Thrombosen zu verhindern.\" class=\"encyclopedia\">inr<\/a>ichten von &ldquo;No-Go-Zonen&rdquo; (z.B. um Teppiche mit Fransen zu meiden) und Reinigungspl&auml;nen.<\/li>\n<\/ul>\n\n\n\n<p><strong>Zus&auml;tzliche &Uuml;berlegungen:<\/strong><\/p>\n\n\n\n<ul class=\"wp-block-list\">\n<li><strong>Wischfunktion:<\/strong>&nbsp;Kombi-Ger&auml;te (Saug-Wisch-Roboter) bieten noch mehr Sauberkeit.<\/li>\n\n\n\n<li><strong>Wartung:<\/strong>&nbsp;Trotz Absaugstation m&uuml;ssen Filter und Wischmopps gelegentlich gereinigt oder ersetzt werden. Hierbei kann eine Pflegekraft oder Angeh&ouml;rige unterst&uuml;tzen.&nbsp;<\/li>\n<\/ul>\n\n\n\n<p><strong>Ausblick:<\/strong><br>Es wird an menschen&auml;hnlichen Robotern (z.B. NEO von&nbsp;<a href=\"https:\/\/www.mdr.de\/wissen\/naturwissenschaften-technik\/humanoide-roboter-hilfe-im-haushalt-tesla-neo-neura-100.html\" target=\"_blank\" rel=\"noreferrer noopener\">1X Technologies<\/a>) gearbeitet, die k&uuml;nftig komplexere Haushaltsaufgaben &uuml;bernehmen k&ouml;nnten. Derzeit sind spezialisierte Saugroboter jedoch die praktikabelste L&ouml;sung.<\/p>\n\n\n\n<p>F&uuml;r spezifische Empfehlungen ist es ratsam, Ger&auml;te mit einer hohen Reinigungsleistung und einfacher Handhabung in Testberichten zu vergleichen.&nbsp;<\/p>\n\n\n\n<p><\/p>\n","protected":false},"excerpt":{"rendered":"<p>Saugroboter mit Absaugstation, App-Steuerung, Sprachsteuerung (Alexa\/Google) und hoher Hinderniserkennung sind ideal f\u00fcr motorisch eingeschr\u00e4nkte Menschen. Sie automatisieren die Bodenreinigung fast vollst\u00e4ndig, erfordern kaum Wartung (selbstentleerend) und sind \u00fcber Sprache oder einfache App-Befehle bedienbar, was den Alltag erheblich erleichtert. Wichtige Funktionen f\u00fcr maximale Autonomie: Zus\u00e4tzliche \u00dcberlegungen: Ausblick:Es wird an menschen\u00e4hnlichen Robotern (z.B. NEO von\u00a01X Technologies) gearbeitet, &#8230; <a title=\"Saugroboter &#8211; ideal f\u00fcr motorisch eingeschr\u00e4nkte Menschen\" class=\"read-more\" href=\"https:\/\/www.vitalibera.org\/community\/2026\/02\/26\/saugroboter-ideal-fuer-motorisch-eingeschraenkte-menschen\/\" aria-label=\"Mehr Informationen \u00fcber Saugroboter &#8211; ideal f\u00fcr motorisch eingeschr\u00e4nkte Menschen\">Weiterlesen<\/a><\/p>\n","protected":false},"author":2,"featured_media":5836,"comment_status":"open","ping_status":"open","sticky":false,"template":"","format":"standard","meta":{"cybocfi_hide_featured_image":"yes","_jetpack_memberships_contains_paid_content":false,"footnotes":""},"categories":[63],"tags":[],"class_list":["post-5835","post","type-post","status-publish","format-standard","has-post-thumbnail","hentry","category-haushalt"],"yoast_head":"<!-- This site is optimized with the Yoast SEO plugin v27.4 - https:\/\/yoast.com\/product\/yoast-seo-wordpress\/ -->\r\n<title>Saugroboter - ideal f\u00fcr motorisch eingeschr\u00e4nkte Menschen - vitalibera.org<\/title>\r\n<meta name=\"robots\" content=\"index, follow, max-snippet:-1, max-image-preview:large, max-video-preview:-1\" \/>\r\n<link rel=\"canonical\" href=\"https:\/\/www.vitalibera.org\/community\/2026\/02\/26\/saugroboter-ideal-fuer-motorisch-eingeschraenkte-menschen\/\" \/>\r\n<meta property=\"og:locale\" content=\"de_DE\" \/>\r\n<meta property=\"og:type\" content=\"article\" \/>\r\n<meta property=\"og:title\" content=\"Saugroboter - ideal f\u00fcr motorisch eingeschr\u00e4nkte Menschen - vitalibera.org\" \/>\r\n<meta property=\"og:description\" content=\"Saugroboter mit Absaugstation, App-Steuerung, Sprachsteuerung (Alexa\/Google) und hoher Hinderniserkennung sind ideal f\u00fcr motorisch eingeschr\u00e4nkte Menschen. Sie automatisieren die Bodenreinigung fast vollst\u00e4ndig, erfordern kaum Wartung (selbstentleerend) und sind \u00fcber Sprache oder einfache App-Befehle bedienbar, was den Alltag erheblich erleichtert. Wichtige Funktionen f\u00fcr maximale Autonomie: Zus\u00e4tzliche \u00dcberlegungen: Ausblick:Es wird an menschen\u00e4hnlichen Robotern (z.B. NEO von\u00a01X Technologies) gearbeitet, ... Weiterlesen\" \/>\r\n<meta property=\"og:url\" content=\"https:\/\/www.vitalibera.org\/community\/2026\/02\/26\/saugroboter-ideal-fuer-motorisch-eingeschraenkte-menschen\/\" \/>\r\n<meta property=\"og:site_name\" content=\"vitalibera.org\" \/>\r\n<meta property=\"article:publisher\" content=\"https:\/\/www.facebook.com\/groups\/2997085857140235\" \/>\r\n<meta property=\"article:published_time\" content=\"2026-02-26T17:31:34+00:00\" \/>\r\n<meta property=\"article:modified_time\" content=\"2026-02-26T17:32:42+00:00\" \/>\r\n<meta property=\"og:image\" content=\"http:\/\/www.vitalibera.org\/community\/wp-content\/uploads\/2026\/02\/saugrobi.png\" \/>\r\n\t<meta property=\"og:image:width\" content=\"661\" \/>\r\n\t<meta property=\"og:image:height\" content=\"482\" \/>\r\n\t<meta property=\"og:image:type\" content=\"image\/png\" \/>\r\n<meta name=\"author\" content=\"Andreas Jecklin\" \/>\r\n<meta name=\"twitter:card\" content=\"summary_large_image\" \/>\r\n<meta name=\"twitter:label1\" content=\"Verfasst von\" \/>\n\t<meta name=\"twitter:data1\" content=\"Andreas Jecklin\" \/>\n\t<meta name=\"twitter:label2\" content=\"Gesch\u00e4tzte Lesezeit\" \/>\n\t<meta name=\"twitter:data2\" content=\"2\u00a0Minuten\" \/>\r\n<script type=\"application\/ld+json\" class=\"yoast-schema-graph\">{\"@context\":\"https:\\\/\\\/schema.org\",\"@graph\":[{\"@type\":\"Article\",\"@id\":\"https:\\\/\\\/www.vitalibera.org\\\/community\\\/2026\\\/02\\\/26\\\/saugroboter-ideal-fuer-motorisch-eingeschraenkte-menschen\\\/#article\",\"isPartOf\":{\"@id\":\"https:\\\/\\\/www.vitalibera.org\\\/community\\\/2026\\\/02\\\/26\\\/saugroboter-ideal-fuer-motorisch-eingeschraenkte-menschen\\\/\"},\"author\":{\"name\":\"Andreas Jecklin\",\"@id\":\"https:\\\/\\\/www.vitalibera.org\\\/community\\\/#\\\/schema\\\/person\\\/6712387298421f222ff6d0a2e22c1534\"},\"headline\":\"Saugroboter &#8211; ideal f\u00fcr motorisch eingeschr\u00e4nkte Menschen\",\"datePublished\":\"2026-02-26T17:31:34+00:00\",\"dateModified\":\"2026-02-26T17:32:42+00:00\",\"mainEntityOfPage\":{\"@id\":\"https:\\\/\\\/www.vitalibera.org\\\/community\\\/2026\\\/02\\\/26\\\/saugroboter-ideal-fuer-motorisch-eingeschraenkte-menschen\\\/\"},\"wordCount\":216,\"commentCount\":0,\"publisher\":{\"@id\":\"https:\\\/\\\/www.vitalibera.org\\\/community\\\/#organization\"},\"image\":{\"@id\":\"https:\\\/\\\/www.vitalibera.org\\\/community\\\/2026\\\/02\\\/26\\\/saugroboter-ideal-fuer-motorisch-eingeschraenkte-menschen\\\/#primaryimage\"},\"thumbnailUrl\":\"https:\\\/\\\/www.vitalibera.org\\\/community\\\/wp-content\\\/uploads\\\/2026\\\/02\\\/saugrobi.png\",\"articleSection\":[\"Haushalt\"],\"inLanguage\":\"de\",\"potentialAction\":[{\"@type\":\"CommentAction\",\"name\":\"Comment\",\"target\":[\"https:\\\/\\\/www.vitalibera.org\\\/community\\\/2026\\\/02\\\/26\\\/saugroboter-ideal-fuer-motorisch-eingeschraenkte-menschen\\\/#respond\"]}]},{\"@type\":\"WebPage\",\"@id\":\"https:\\\/\\\/www.vitalibera.org\\\/community\\\/2026\\\/02\\\/26\\\/saugroboter-ideal-fuer-motorisch-eingeschraenkte-menschen\\\/\",\"url\":\"https:\\\/\\\/www.vitalibera.org\\\/community\\\/2026\\\/02\\\/26\\\/saugroboter-ideal-fuer-motorisch-eingeschraenkte-menschen\\\/\",\"name\":\"Saugroboter - ideal f\u00fcr motorisch eingeschr\u00e4nkte Menschen - vitalibera.org\",\"isPartOf\":{\"@id\":\"https:\\\/\\\/www.vitalibera.org\\\/community\\\/#website\"},\"primaryImageOfPage\":{\"@id\":\"https:\\\/\\\/www.vitalibera.org\\\/community\\\/2026\\\/02\\\/26\\\/saugroboter-ideal-fuer-motorisch-eingeschraenkte-menschen\\\/#primaryimage\"},\"image\":{\"@id\":\"https:\\\/\\\/www.vitalibera.org\\\/community\\\/2026\\\/02\\\/26\\\/saugroboter-ideal-fuer-motorisch-eingeschraenkte-menschen\\\/#primaryimage\"},\"thumbnailUrl\":\"https:\\\/\\\/www.vitalibera.org\\\/community\\\/wp-content\\\/uploads\\\/2026\\\/02\\\/saugrobi.png\",\"datePublished\":\"2026-02-26T17:31:34+00:00\",\"dateModified\":\"2026-02-26T17:32:42+00:00\",\"breadcrumb\":{\"@id\":\"https:\\\/\\\/www.vitalibera.org\\\/community\\\/2026\\\/02\\\/26\\\/saugroboter-ideal-fuer-motorisch-eingeschraenkte-menschen\\\/#breadcrumb\"},\"inLanguage\":\"de\",\"potentialAction\":[{\"@type\":\"ReadAction\",\"target\":[\"https:\\\/\\\/www.vitalibera.org\\\/community\\\/2026\\\/02\\\/26\\\/saugroboter-ideal-fuer-motorisch-eingeschraenkte-menschen\\\/\"]}]},{\"@type\":\"BreadcrumbList\",\"@id\":\"https:\\\/\\\/www.vitalibera.org\\\/community\\\/2026\\\/02\\\/26\\\/saugroboter-ideal-fuer-motorisch-eingeschraenkte-menschen\\\/#breadcrumb\",\"itemListElement\":[{\"@type\":\"ListItem\",\"position\":1,\"name\":\"Startseite\",\"item\":\"https:\\\/\\\/www.vitalibera.org\\\/community\\\/\"},{\"@type\":\"ListItem\",\"position\":2,\"name\":\"Saugroboter &#8211; ideal f\u00fcr motorisch eingeschr\u00e4nkte Menschen\"}]},{\"@type\":\"WebSite\",\"@id\":\"https:\\\/\\\/www.vitalibera.org\\\/community\\\/#website\",\"url\":\"https:\\\/\\\/www.vitalibera.org\\\/community\\\/\",\"name\":\"vitalibera.org\",\"description\":\"Mit einer Einschr&auml;nkung gestaltet sich das Leben im Alltag oft schwieriger - hier berichten wir &uuml;ber unsere Erfahrungen und Hilfsmittel um den Alltag so unbeschwert und unkompliziert wie nur m&ouml;glich geniessen zu k&ouml;nnen. Dabei richten wir unseren Fokus gezielt auf Selbst&auml;ndigkeit, Eigenst&auml;ndigkeit und Selbstbestimmung.\",\"publisher\":{\"@id\":\"https:\\\/\\\/www.vitalibera.org\\\/community\\\/#organization\"},\"potentialAction\":[{\"@type\":\"SearchAction\",\"target\":{\"@type\":\"EntryPoint\",\"urlTemplate\":\"https:\\\/\\\/www.vitalibera.org\\\/community\\\/?s={search_term_string}\"},\"query-input\":{\"@type\":\"PropertyValueSpecification\",\"valueRequired\":true,\"valueName\":\"search_term_string\"}}],\"inLanguage\":\"de\"},{\"@type\":\"Organization\",\"@id\":\"https:\\\/\\\/www.vitalibera.org\\\/community\\\/#organization\",\"name\":\"vitalibera.org\",\"url\":\"https:\\\/\\\/www.vitalibera.org\\\/community\\\/\",\"logo\":{\"@type\":\"ImageObject\",\"inLanguage\":\"de\",\"@id\":\"https:\\\/\\\/www.vitalibera.org\\\/community\\\/#\\\/schema\\\/logo\\\/image\\\/\",\"url\":\"https:\\\/\\\/www.vitalibera.org\\\/community\\\/wp-content\\\/uploads\\\/2025\\\/09\\\/cropped-banner.png\",\"contentUrl\":\"https:\\\/\\\/www.vitalibera.org\\\/community\\\/wp-content\\\/uploads\\\/2025\\\/09\\\/cropped-banner.png\",\"width\":991,\"height\":150,\"caption\":\"vitalibera.org\"},\"image\":{\"@id\":\"https:\\\/\\\/www.vitalibera.org\\\/community\\\/#\\\/schema\\\/logo\\\/image\\\/\"},\"sameAs\":[\"https:\\\/\\\/www.facebook.com\\\/groups\\\/2997085857140235\"]},{\"@type\":\"Person\",\"@id\":\"https:\\\/\\\/www.vitalibera.org\\\/community\\\/#\\\/schema\\\/person\\\/6712387298421f222ff6d0a2e22c1534\",\"name\":\"Andreas Jecklin\",\"image\":{\"@type\":\"ImageObject\",\"inLanguage\":\"de\",\"@id\":\"https:\\\/\\\/secure.gravatar.com\\\/avatar\\\/ad516503a11cd5ca435acc9bb6523536?s=96\",\"url\":\"https:\\\/\\\/secure.gravatar.com\\\/avatar\\\/ad516503a11cd5ca435acc9bb6523536?s=96\",\"contentUrl\":\"https:\\\/\\\/secure.gravatar.com\\\/avatar\\\/ad516503a11cd5ca435acc9bb6523536?s=96\",\"caption\":\"Andreas Jecklin\"},\"description\":\"Manchen gab Gott die Kraft Dinge zu ver\u00e4ndern, mir gab er die Kraft zu ertragen was nicht mehr zu \u00e4ndern ist.\",\"url\":\"https:\\\/\\\/www.vitalibera.org\\\/community\\\/author\\\/andy77\\\/\"}]}<\/script>\r\n<!-- \/ Yoast SEO plugin. -->","yoast_head_json":{"title":"Saugroboter - ideal f\u00fcr motorisch eingeschr\u00e4nkte Menschen - vitalibera.org","robots":{"index":"index","follow":"follow","max-snippet":"max-snippet:-1","max-image-preview":"max-image-preview:large","max-video-preview":"max-video-preview:-1"},"canonical":"https:\/\/www.vitalibera.org\/community\/2026\/02\/26\/saugroboter-ideal-fuer-motorisch-eingeschraenkte-menschen\/","og_locale":"de_DE","og_type":"article","og_title":"Saugroboter - ideal f\u00fcr motorisch eingeschr\u00e4nkte Menschen - vitalibera.org","og_description":"Saugroboter mit Absaugstation, App-Steuerung, Sprachsteuerung (Alexa\/Google) und hoher Hinderniserkennung sind ideal f\u00fcr motorisch eingeschr\u00e4nkte Menschen. Sie automatisieren die Bodenreinigung fast vollst\u00e4ndig, erfordern kaum Wartung (selbstentleerend) und sind \u00fcber Sprache oder einfache App-Befehle bedienbar, was den Alltag erheblich erleichtert. Wichtige Funktionen f\u00fcr maximale Autonomie: Zus\u00e4tzliche \u00dcberlegungen: Ausblick:Es wird an menschen\u00e4hnlichen Robotern (z.B. NEO von\u00a01X Technologies) gearbeitet, ... Weiterlesen","og_url":"https:\/\/www.vitalibera.org\/community\/2026\/02\/26\/saugroboter-ideal-fuer-motorisch-eingeschraenkte-menschen\/","og_site_name":"vitalibera.org","article_publisher":"https:\/\/www.facebook.com\/groups\/2997085857140235","article_published_time":"2026-02-26T17:31:34+00:00","article_modified_time":"2026-02-26T17:32:42+00:00","og_image":[{"width":661,"height":482,"url":"http:\/\/www.vitalibera.org\/community\/wp-content\/uploads\/2026\/02\/saugrobi.png","type":"image\/png"}],"author":"Andreas Jecklin","twitter_card":"summary_large_image","twitter_misc":{"Verfasst von":"Andreas Jecklin","Gesch\u00e4tzte Lesezeit":"2\u00a0Minuten"},"schema":{"@context":"https:\/\/schema.org","@graph":[{"@type":"Article","@id":"https:\/\/www.vitalibera.org\/community\/2026\/02\/26\/saugroboter-ideal-fuer-motorisch-eingeschraenkte-menschen\/#article","isPartOf":{"@id":"https:\/\/www.vitalibera.org\/community\/2026\/02\/26\/saugroboter-ideal-fuer-motorisch-eingeschraenkte-menschen\/"},"author":{"name":"Andreas Jecklin","@id":"https:\/\/www.vitalibera.org\/community\/#\/schema\/person\/6712387298421f222ff6d0a2e22c1534"},"headline":"Saugroboter &#8211; ideal f\u00fcr motorisch eingeschr\u00e4nkte Menschen","datePublished":"2026-02-26T17:31:34+00:00","dateModified":"2026-02-26T17:32:42+00:00","mainEntityOfPage":{"@id":"https:\/\/www.vitalibera.org\/community\/2026\/02\/26\/saugroboter-ideal-fuer-motorisch-eingeschraenkte-menschen\/"},"wordCount":216,"commentCount":0,"publisher":{"@id":"https:\/\/www.vitalibera.org\/community\/#organization"},"image":{"@id":"https:\/\/www.vitalibera.org\/community\/2026\/02\/26\/saugroboter-ideal-fuer-motorisch-eingeschraenkte-menschen\/#primaryimage"},"thumbnailUrl":"https:\/\/www.vitalibera.org\/community\/wp-content\/uploads\/2026\/02\/saugrobi.png","articleSection":["Haushalt"],"inLanguage":"de","potentialAction":[{"@type":"CommentAction","name":"Comment","target":["https:\/\/www.vitalibera.org\/community\/2026\/02\/26\/saugroboter-ideal-fuer-motorisch-eingeschraenkte-menschen\/#respond"]}]},{"@type":"WebPage","@id":"https:\/\/www.vitalibera.org\/community\/2026\/02\/26\/saugroboter-ideal-fuer-motorisch-eingeschraenkte-menschen\/","url":"https:\/\/www.vitalibera.org\/community\/2026\/02\/26\/saugroboter-ideal-fuer-motorisch-eingeschraenkte-menschen\/","name":"Saugroboter - ideal f\u00fcr motorisch eingeschr\u00e4nkte Menschen - vitalibera.org","isPartOf":{"@id":"https:\/\/www.vitalibera.org\/community\/#website"},"primaryImageOfPage":{"@id":"https:\/\/www.vitalibera.org\/community\/2026\/02\/26\/saugroboter-ideal-fuer-motorisch-eingeschraenkte-menschen\/#primaryimage"},"image":{"@id":"https:\/\/www.vitalibera.org\/community\/2026\/02\/26\/saugroboter-ideal-fuer-motorisch-eingeschraenkte-menschen\/#primaryimage"},"thumbnailUrl":"https:\/\/www.vitalibera.org\/community\/wp-content\/uploads\/2026\/02\/saugrobi.png","datePublished":"2026-02-26T17:31:34+00:00","dateModified":"2026-02-26T17:32:42+00:00","breadcrumb":{"@id":"https:\/\/www.vitalibera.org\/community\/2026\/02\/26\/saugroboter-ideal-fuer-motorisch-eingeschraenkte-menschen\/#breadcrumb"},"inLanguage":"de","potentialAction":[{"@type":"ReadAction","target":["https:\/\/www.vitalibera.org\/community\/2026\/02\/26\/saugroboter-ideal-fuer-motorisch-eingeschraenkte-menschen\/"]}]},{"@type":"BreadcrumbList","@id":"https:\/\/www.vitalibera.org\/community\/2026\/02\/26\/saugroboter-ideal-fuer-motorisch-eingeschraenkte-menschen\/#breadcrumb","itemListElement":[{"@type":"ListItem","position":1,"name":"Startseite","item":"https:\/\/www.vitalibera.org\/community\/"},{"@type":"ListItem","position":2,"name":"Saugroboter &#8211; ideal f\u00fcr motorisch eingeschr\u00e4nkte Menschen"}]},{"@type":"WebSite","@id":"https:\/\/www.vitalibera.org\/community\/#website","url":"https:\/\/www.vitalibera.org\/community\/","name":"vitalibera.org","description":"Mit einer Einschr&auml;nkung gestaltet sich das Leben im Alltag oft schwieriger - hier berichten wir &uuml;ber unsere Erfahrungen und Hilfsmittel um den Alltag so unbeschwert und unkompliziert wie nur m&ouml;glich geniessen zu k&ouml;nnen. Dabei richten wir unseren Fokus gezielt auf Selbst&auml;ndigkeit, Eigenst&auml;ndigkeit und Selbstbestimmung.","publisher":{"@id":"https:\/\/www.vitalibera.org\/community\/#organization"},"potentialAction":[{"@type":"SearchAction","target":{"@type":"EntryPoint","urlTemplate":"https:\/\/www.vitalibera.org\/community\/?s={search_term_string}"},"query-input":{"@type":"PropertyValueSpecification","valueRequired":true,"valueName":"search_term_string"}}],"inLanguage":"de"},{"@type":"Organization","@id":"https:\/\/www.vitalibera.org\/community\/#organization","name":"vitalibera.org","url":"https:\/\/www.vitalibera.org\/community\/","logo":{"@type":"ImageObject","inLanguage":"de","@id":"https:\/\/www.vitalibera.org\/community\/#\/schema\/logo\/image\/","url":"https:\/\/www.vitalibera.org\/community\/wp-content\/uploads\/2025\/09\/cropped-banner.png","contentUrl":"https:\/\/www.vitalibera.org\/community\/wp-content\/uploads\/2025\/09\/cropped-banner.png","width":991,"height":150,"caption":"vitalibera.org"},"image":{"@id":"https:\/\/www.vitalibera.org\/community\/#\/schema\/logo\/image\/"},"sameAs":["https:\/\/www.facebook.com\/groups\/2997085857140235"]},{"@type":"Person","@id":"https:\/\/www.vitalibera.org\/community\/#\/schema\/person\/6712387298421f222ff6d0a2e22c1534","name":"Andreas Jecklin","image":{"@type":"ImageObject","inLanguage":"de","@id":"https:\/\/secure.gravatar.com\/avatar\/ad516503a11cd5ca435acc9bb6523536?s=96","url":"https:\/\/secure.gravatar.com\/avatar\/ad516503a11cd5ca435acc9bb6523536?s=96","contentUrl":"https:\/\/secure.gravatar.com\/avatar\/ad516503a11cd5ca435acc9bb6523536?s=96","caption":"Andreas Jecklin"},"description":"Manchen gab Gott die Kraft Dinge zu ver\u00e4ndern, mir gab er die Kraft zu ertragen was nicht mehr zu \u00e4ndern ist.","url":"https:\/\/www.vitalibera.org\/community\/author\/andy77\/"}]}},"jetpack_featured_media_url":"https:\/\/www.vitalibera.org\/community\/wp-content\/uploads\/2026\/02\/saugrobi.png","jetpack_sharing_enabled":true,"jetpack-related-posts":[],"_links":{"self":[{"href":"https:\/\/www.vitalibera.org\/community\/wp-json\/wp\/v2\/posts\/5835","targetHints":{"allow":["GET"]}}],"collection":[{"href":"https:\/\/www.vitalibera.org\/community\/wp-json\/wp\/v2\/posts"}],"about":[{"href":"https:\/\/www.vitalibera.org\/community\/wp-json\/wp\/v2\/types\/post"}],"author":[{"embeddable":true,"href":"https:\/\/www.vitalibera.org\/community\/wp-json\/wp\/v2\/users\/2"}],"replies":[{"embeddable":true,"href":"https:\/\/www.vitalibera.org\/community\/wp-json\/wp\/v2\/comments?post=5835"}],"version-history":[{"count":1,"href":"https:\/\/www.vitalibera.org\/community\/wp-json\/wp\/v2\/posts\/5835\/revisions"}],"predecessor-version":[{"id":5837,"href":"https:\/\/www.vitalibera.org\/community\/wp-json\/wp\/v2\/posts\/5835\/revisions\/5837"}],"wp:featuredmedia":[{"embeddable":true,"href":"https:\/\/www.vitalibera.org\/community\/wp-json\/wp\/v2\/media\/5836"}],"wp:attachment":[{"href":"https:\/\/www.vitalibera.org\/community\/wp-json\/wp\/v2\/media?parent=5835"}],"wp:term":[{"taxonomy":"category","embeddable":true,"href":"https:\/\/www.vitalibera.org\/community\/wp-json\/wp\/v2\/categories?post=5835"},{"taxonomy":"post_tag","embeddable":true,"href":"https:\/\/www.vitalibera.org\/community\/wp-json\/wp\/v2\/tags?post=5835"}],"curies":[{"name":"wp","href":"https:\/\/api.w.org\/{rel}","templated":true}]}}