{"id":5914,"date":"2026-03-05T10:07:27","date_gmt":"2026-03-05T09:07:27","guid":{"rendered":"https:\/\/www.vitalibera.org\/community\/?p=5914"},"modified":"2026-03-05T10:10:52","modified_gmt":"2026-03-05T09:10:52","slug":"warum-eine-angepasste-therapie-fuer-menschen-mit-behinderungen-kein-luxus-ist","status":"publish","type":"post","link":"https:\/\/www.vitalibera.org\/community\/2026\/03\/05\/warum-eine-angepasste-therapie-fuer-menschen-mit-behinderungen-kein-luxus-ist\/","title":{"rendered":"Warum eine angepasste Therapie f\u00fcr Menschen mit Handicap kein Luxus ist!"},"content":{"rendered":"\n<p>Psychotherapie hilft Menschen, wenn es ihnen seelisch schlecht geht. Kurz gesagt: Wer k&ouml;rperlich krank ist, geht zum Arzt &ndash; wer psychisch krank ist, geht zum Psychotherapeuten.<\/p>\n\n\n\n<p>Psychische Erkrankungen k&ouml;nnen sehr unterschiedlich aussehen. Sie unterscheiden sich in Art, Dauer und Schwere. Viele kennen Depressionen oder Suchterkrankungen, aber auch Angstst&ouml;rungen, Traumafolgest&ouml;rungen oder starke Belastungsreaktionen geh&ouml;ren dazu.<\/p>\n\n\n\n<h3 class=\"wp-block-heading\">Was ist Psychotherapie &uuml;berhaupt?<\/h3>\n\n\n\n<p>Psychotherapie bedeutet nicht, jemanden zu &bdquo;reparieren&ldquo;. Es geht darum, gemeinsam zu verstehen, was belastet, was krank macht &ndash; und was helfen kann. Eine zentrale Rolle spielt dabei die Beziehung zwischen Patienten und Therapeuten. Sich verstanden, ernst genommen und sicher zu f&uuml;hlen, ist oft genauso wichtig wie die Methode selbst. Sinnvoll ist Psychotherapie dann, wenn Probleme &uuml;ber l&auml;ngere Zeit bestehen, den Alltag stark einschr&auml;nken oder gro&szlig;es Leid verursachen.<\/p>\n\n\n\n<h3 class=\"wp-block-heading\">Gibt es f&uuml;r jeden Menschen die passende Therapie?<\/h3>\n\n\n\n<p>Die kurze Antwort: Nein. Die ehrlichere Antwort: Es kommt darauf an. Psychotherapie wirkt bei vielen Menschen nach &auml;hnlichen Grundprinzipien. Dazu geh&ouml;ren Vertrauen, Struktur, Sicherheit und Hoffnung.<\/p>\n\n\n\n<p>Gleichzeitig wissen wir: Therapie ist erfolgreicher, wenn sie zur Lebensrealit&auml;t der Person passt, die sie bekommt. Viele Menschen aus Randgruppen berichten jedoch, dass genau das oft fehlt. Migrantische Menschen, queere Personen oder Menschen mit Behinderungen f&uuml;hlen sich in Therapien nicht selten missverstanden. Ihre Erfahrungen werden kleingeredet, falsch eingeordnet oder gar nicht erst mitgedacht. Anpassung ist hier kein Extra, sondern oft die Voraussetzung daf&uuml;r, dass Therapie &uuml;berhaupt wirken kann.<\/p>\n\n\n\n<h3 class=\"wp-block-heading\">Was bedeutet angepasste Psychotherapie?<\/h3>\n\n\n\n<p>Angepasste Psychotherapie hei&szlig;t meist nicht, dass alles neu erfunden werden muss. Oft geht es um kleine, aber entscheidende Ver&auml;nderungen: einfachere Sprache, mehr Struktur, andere Beispiele, mehr Zeit oder einen bewussten Umgang mit Diskriminierung und Barrieren.<\/p>\n\n\n\n<p>F&uuml;r queere Menschen kann es entlastend sein, ihre Identit&auml;t nicht erkl&auml;ren oder rechtfertigen zu m&uuml;ssen. F&uuml;r migrantische Patienten ist es wichtig, dass kulturelle Pr&auml;gungen, sprachliche Unterschiede oder Fluchterfahrungen ernst genommen werden. Und f&uuml;r Menschen mit k&ouml;rperlichen Behinderungen, dass Schmerzen, Ersch&ouml;pfung oder bauliche und organisatorische Barrieren nicht als &bdquo;rein psychisch&ldquo; abgetan werden.<\/p>\n\n\n\n<p>Und Studien zeigen: Wenn Therapie besser zur Person passt, wirkt sie oft auch besser.<\/p>\n\n\n\n<h3 class=\"wp-block-heading\">Gibt es auch Nachteile?<\/h3>\n\n\n\n<p>Ja. Anpassung hat ihren Preis. Je spezieller Therapieangebote werden, desto h&ouml;her werden die H&uuml;rden. Therapeuten m&uuml;ssen sich fortbilden, Zeit und oft auch Geld investieren. Dazu m&uuml;ssen sie sich aktiv entscheiden &ndash; verpflichtend ist das nicht.<\/p>\n\n\n\n<p>In einem ohnehin &uuml;berlasteten Versorgungssystem bedeutet das: Solche Angebote bleiben selten. H&auml;ufig werden sie von Therapeuten &uuml;bernommen, die selbst betroffen sind. Das kann sehr wertvoll sein, darf aber nicht zur stillen Voraussetzung werden. Denn sonst wird Verantwortung vom System auf Einzelne verschoben.<\/p>\n\n\n\n<h3 class=\"wp-block-heading\">Psychotherapie bei kognitiven Behinderungen<\/h3>\n\n\n\n<p>Bei Menschen mit kognitiven Behinderungen gibt es bereits angepasste Therapieformen. Dazu geh&ouml;ren vereinfachte Formen der Verhaltenstherapie, st&auml;rker praktische und alltagsnahe Ans&auml;tze oder Therapien, die Bezugspersonen einbeziehen. Auch hier ist Psychotherapie wirksam &ndash; oft sogar wirksamer als der Einheitsbrei. Trotzdem wird psychisches Leid bei Menschen mit kognitiven Beeintr&auml;chtigungen noch immer h&auml;ufig &uuml;bersehen oder als Teil der Behinderung missverstanden.<\/p>\n\n\n\n<h3 class=\"wp-block-heading\">Was eigentlich selbstverst&auml;ndlich sein sollte<\/h3>\n\n\n\n<p>Nach schweren Unf&auml;llen, Erkrankungen oder einer Amputation kann Psychotherapie besonders wichtig sein. Traumatische Erlebnisse wirken oft lange nach und k&ouml;nnen sich auf alle Lebensbereiche ausbreiten. Therapie kann helfen, diese Erfahrungen zu verarbeiten &ndash; wenn k&ouml;rperliche Ver&auml;nderungen und Schmerzen mitgedacht werden.<\/p>\n\n\n\n<p>Gute Psychotherapie bedeutet immer, die Lebensrealit&auml;t der Patienten ernst zu nehmen. Diskriminierung, Barrieren, K&ouml;rper, Kultur und Identit&auml;t sind keine Sonderthemen, sondern Teil des menschlichen Lebens. Die Frage ist also nicht, ob wir angepasste Psychotherapie brauchen. Sondern warum wir Anpassung noch immer als Luxus behandeln &ndash; und nicht als das, was gute Psychotherapie im Kern ausmacht.<\/p>\n\n\n\n<p>Die Psychotherapie nach neurologischen Erkrankungen (wie <a href=\"https:\/\/www.vitalibera.org\/community\/enzyklopaedie\/schlaganfall\/\" target=\"_self\" title=\"Ein Schlaganfall, auch Hirnschlag oder Apoplex genannt, ist eine&nbsp;pl&ouml;tzlich auftretende Durchblutungsst&ouml;rung im Gehirn, die dazu f&uuml;hrt, dass Gehirnzellen nicht mehr ausreichend mit Sauerstoff und N&auml;hrstoffen versorgt werden.&nbsp;Dies kann zu bleibenden Sch&auml;den oder sogar zum Absterben von Hirnzellen f&uuml;hren, wenn die Durchblutung nicht schnell wiederhergestellt wird.&nbsp; Einfach erkl&auml;rt: Stellen Sie sich vor, ein Teil Ihres Gehirns&hellip;\" class=\"encyclopedia\">Schlaganfall<\/a>, MS, <a href=\"https:\/\/www.vitalibera.org\/community\/enzyklopaedie\/parkinson-2\/\" target=\"_self\" title=\"Parkinson ist eine&nbsp;chronisch fortschreitende neurodegenerative Erkrankung, die durch den fortschreitenden Verlust von Nervenzellen im Gehirn verursacht wird, was zu einem Mangel am Botenstoff Dopamin f&uuml;hrt.&nbsp;Dies &auml;u&szlig;ert sich prim&auml;r in Bewegungsst&ouml;rungen wie Zittern (Tremor), verlangsamten Bewegungen (Bradykinese), Muskelsteifheit (Rigor) und Gleichgewichtsst&ouml;rungen.&nbsp;Die Krankheit betrifft h&auml;ufig das extrapyramidal-motorische System und kann je nach Ursache als idiopathisches, genetisches, atypisches&hellip;\" class=\"encyclopedia\">Parkinson<\/a>) unterst&uuml;tzt die Krankheitsbew&auml;ltigung, f&ouml;rdert die psychische Stabilisierung und verbessert die Lebensqualit&auml;t. Sie fokussiert auf den Umgang mit &Auml;ngsten, Depressionen, Fatigue, Verhaltens&auml;nderungen sowie kognitiven Einschr&auml;nkungen. Behandlungsformen umfassen oft <a href=\"https:\/\/www.vitalibera.org\/community\/enzyklopaedie\/kognitive-verhaltenstherapie\/\" target=\"_self\" title=\"Die Kognitive Verhaltenstherapie (KVT) ist eine&nbsp;strukturierte, zielgerichtete Psychotherapie, die dysfunktionale Denk- und Verhaltensmuster identifiziert und ver&auml;ndert. Sie verbindet kognitive Techniken zur &Uuml;berpr&uuml;fung von Einstellungen mit verhaltensorientierten Methoden. KVT ist besonders wirksam bei Depressionen, Angst- und Zwangsst&ouml;rungen, wobei Patienten aktiv an der Bew&auml;ltigung arbeiten, oft durch Hausaufgaben. Grundprinzipien und Merkmale Grundannahme:&nbsp;Psychische Probleme entstehen oft durch erlernte,&hellip;\" class=\"encyclopedia\">kognitive Verhaltenstherapie<\/a>, <a href=\"https:\/\/www.vitalibera.org\/community\/enzyklopaedie\/neuropsychologie\/\" target=\"_self\" title=\"Die Neuropsychologie ist ein interdisziplin&auml;res Teilgebiet der Psychologie und Neurowissenschaften, das den Zusammenhang zwischen Hirnfunktionen (Struktur\/Physiologie) und menschlichem Erleben, Denken und Verhalten erforscht. Sie diagnostiziert und behandelt kognitive, emotionale und verhaltensbezogene St&ouml;rungen, die durch Hirnsch&auml;digungen (Schlaganfall, Unfall, Tumor, Demenz) verursacht werden. Kernbereiche der Neuropsychologie: Diagnostik:&nbsp;Untersuchung kognitiver Leistungen wie Ged&auml;chtnis, Aufmerksamkeit, Sprache, Wahrnehmung und Exekutivfunktionen mittels&hellip;\" class=\"encyclopedia\">Neuropsychologie<\/a> und Entspannungsverfahren.&nbsp;<\/p>\n\n\n\n<p><strong>Ziele und Inhalte der Psychotherapie<\/strong><\/p>\n\n\n\n<ul class=\"wp-block-list\">\n<li><strong>Krankheitsverarbeitung:<\/strong>&nbsp;Emotionale Unterst&uuml;tzung beim Annehmen der neuen Lebenssituation.<\/li>\n\n\n\n<li><strong><a href=\"https:\/\/www.vitalibera.org\/community\/enzyklopaedie\/neuropsychologie\/\" target=\"_self\" title=\"Die Neuropsychologie ist ein interdisziplin&auml;res Teilgebiet der Psychologie und Neurowissenschaften, das den Zusammenhang zwischen Hirnfunktionen (Struktur\/Physiologie) und menschlichem Erleben, Denken und Verhalten erforscht. Sie diagnostiziert und behandelt kognitive, emotionale und verhaltensbezogene St&ouml;rungen, die durch Hirnsch&auml;digungen (Schlaganfall, Unfall, Tumor, Demenz) verursacht werden. Kernbereiche der Neuropsychologie: Diagnostik:&nbsp;Untersuchung kognitiver Leistungen wie Ged&auml;chtnis, Aufmerksamkeit, Sprache, Wahrnehmung und Exekutivfunktionen mittels&hellip;\" class=\"encyclopedia\">Neuropsychologie<\/a>:<\/strong>&nbsp;Training von Ged&auml;chtnis, Aufmerksamkeit und Wahrnehmung, um die Selbstst&auml;ndigkeit zu f&ouml;rdern.<\/li>\n\n\n\n<li><strong>Stressmanagement &amp; Fatigue:<\/strong>&nbsp;Erlernen von Techniken wie Pacing, um mit Ersch&ouml;pfung umzugehen.<\/li>\n\n\n\n<li><strong>Psychische Begleitung:<\/strong>&nbsp;Behandlung von &Auml;ngsten, Depressionen oder Verhaltens&auml;nderungen durch spezialisierte Gespr&auml;chstherapien.<\/li>\n\n\n\n<li><strong>Selbstwirksamkeit:<\/strong>&nbsp;F&ouml;rderung der aktiven Teilhabe, um trotz Einschr&auml;nkungen Fortschritte zu erzielen.&nbsp;<\/li>\n<\/ul>\n\n\n\n<p><strong>Ablauf und Angebote<\/strong><br>Die Therapie erfolgt oft interdisziplin&auml;r in Zusammenarbeit mit <a href=\"https:\/\/www.vitalibera.org\/community\/enzyklopaedie\/ergotherapie\/\" target=\"_self\" title=\"Ergotherapie&nbsp;unterst&uuml;tzt und begleitet Menschen jeden Alters, die in ihrer Handlungsf&auml;higkeit eingeschr&auml;nkt oder von Einschr&auml;nkung bedroht sind. Ziel ist, sie bei der Durchf&uuml;hrung f&uuml;r sie bedeutungsvoller Bet&auml;tigungen in den Bereichen Selbstversorgung, Produktivit&auml;t und Freizeit in ihrer pers&ouml;nlichen Umwelt zu st&auml;rken.\" class=\"encyclopedia\">Ergotherapie<\/a>, <a href=\"https:\/\/www.vitalibera.org\/community\/enzyklopaedie\/physiotherapie\/\" target=\"_self\" title=\"Die Physiotherapie ist ein essenzieller Bestandteil der Schlaganfall-Rehabilitation, um durch gezieltes, intensives Training (Neuroplastizit&auml;t) Mobilit&auml;t, Kraft und Koordination wiederherzustellen. Fr&uuml;hzeitiger Beginn und hohe Wiederholungsraten f&ouml;rdern die Wiedererlangung der Selbstst&auml;ndigkeit. Wichtige Konzepte sind Bobath, PNF, Spiegeltraining und Gangschulung. Ziele und Schwerpunkte der Physiotherapie: Verbesserung der Beweglichkeit:&nbsp;Wiederherstellung von Funktionen wie Greifen oder Gehen. Kraftaufbau &amp; Gleichgewicht:&nbsp;St&auml;rkung der&hellip;\" class=\"encyclopedia\">Physiotherapie<\/a> und <a href=\"https:\/\/www.vitalibera.org\/community\/enzyklopaedie\/logopaedie\/\" target=\"_self\" title=\"Die Logop&auml;die ist ein medizinisches Fachgebiet, das sich mit Pr&auml;vention, Diagnostik und Therapie von Sprach-, Sprech-, Stimm-, Schluck- und Kommunikationsst&ouml;rungen befasst. Sie hilft Menschen jeden Alters, ihre Kommunikationsf&auml;higkeit und Lebensqualit&auml;t zu verbessern, sei es durch Behandlungen nach Schlaganf&auml;llen, bei Sprachentwicklungsst&ouml;rungen von Kindern oder Stimmproblemen. Hauptbereiche der Logop&auml;die: Sprache:&nbsp;Behandlung von Problemen beim Sprachverst&auml;ndnis oder Wortfindungsst&ouml;rungen, oft&hellip;\" class=\"encyclopedia\">Logop&auml;die<\/a>. Sie kann station&auml;r (in Reha-Kliniken) oder ambulant durchgef&uuml;hrt werden. Die Einbeziehung von Angeh&ouml;rigen ist ein wichtiger Bestandteil.<\/p>\n\n\n\n<p><strong>Kosten&uuml;bernahme (Schweiz)<\/strong><br>Psychiatrische und psychotherapeutische Behandlungen bei neurologischen Erkrankungen werden im Rahmen der Grundversicherung (OKP) &uuml;bernommen, wobei die &uuml;bliche Franchise und der Selbstbehalt anfallen.<\/p>\n","protected":false},"excerpt":{"rendered":"<p>Psychotherapie hilft Menschen, wenn es ihnen seelisch schlecht geht. Kurz gesagt: Wer k\u00f6rperlich krank ist, geht zum Arzt \u2013 wer psychisch krank ist, geht zum Psychotherapeuten. Psychische Erkrankungen k\u00f6nnen sehr unterschiedlich aussehen. Sie unterscheiden sich in Art, Dauer und Schwere. Viele kennen Depressionen oder Suchterkrankungen, aber auch Angstst\u00f6rungen, Traumafolgest\u00f6rungen oder starke Belastungsreaktionen geh\u00f6ren dazu. Was &#8230; <a title=\"Warum eine angepasste Therapie f\u00fcr Menschen mit Handicap kein Luxus ist!\" class=\"read-more\" href=\"https:\/\/www.vitalibera.org\/community\/2026\/03\/05\/warum-eine-angepasste-therapie-fuer-menschen-mit-behinderungen-kein-luxus-ist\/\" aria-label=\"Mehr Informationen \u00fcber Warum eine angepasste Therapie f\u00fcr Menschen mit Handicap kein Luxus ist!\">Weiterlesen<\/a><\/p>\n","protected":false},"author":2,"featured_media":5915,"comment_status":"open","ping_status":"open","sticky":false,"template":"","format":"standard","meta":{"cybocfi_hide_featured_image":"yes","_jetpack_memberships_contains_paid_content":false,"footnotes":""},"categories":[159],"tags":[],"class_list":["post-5914","post","type-post","status-publish","format-standard","has-post-thumbnail","hentry","category-fachwissen"],"yoast_head":"<!-- This site is optimized with the Yoast SEO plugin v27.4 - https:\/\/yoast.com\/product\/yoast-seo-wordpress\/ -->\r\n<title>Warum eine angepasste Therapie f\u00fcr Menschen mit Handicap kein Luxus ist! - vitalibera.org<\/title>\r\n<meta name=\"robots\" content=\"index, follow, max-snippet:-1, max-image-preview:large, max-video-preview:-1\" \/>\r\n<link rel=\"canonical\" href=\"https:\/\/www.vitalibera.org\/community\/2026\/03\/05\/warum-eine-angepasste-therapie-fuer-menschen-mit-behinderungen-kein-luxus-ist\/\" \/>\r\n<meta property=\"og:locale\" content=\"de_DE\" \/>\r\n<meta property=\"og:type\" content=\"article\" \/>\r\n<meta property=\"og:title\" content=\"Warum eine angepasste Therapie f\u00fcr Menschen mit Handicap kein Luxus ist! - vitalibera.org\" \/>\r\n<meta property=\"og:description\" content=\"Psychotherapie hilft Menschen, wenn es ihnen seelisch schlecht geht. Kurz gesagt: Wer k\u00f6rperlich krank ist, geht zum Arzt \u2013 wer psychisch krank ist, geht zum Psychotherapeuten. Psychische Erkrankungen k\u00f6nnen sehr unterschiedlich aussehen. Sie unterscheiden sich in Art, Dauer und Schwere. Viele kennen Depressionen oder Suchterkrankungen, aber auch Angstst\u00f6rungen, Traumafolgest\u00f6rungen oder starke Belastungsreaktionen geh\u00f6ren dazu. Was ... Weiterlesen\" \/>\r\n<meta property=\"og:url\" content=\"https:\/\/www.vitalibera.org\/community\/2026\/03\/05\/warum-eine-angepasste-therapie-fuer-menschen-mit-behinderungen-kein-luxus-ist\/\" \/>\r\n<meta property=\"og:site_name\" content=\"vitalibera.org\" \/>\r\n<meta property=\"article:publisher\" content=\"https:\/\/www.facebook.com\/groups\/2997085857140235\" \/>\r\n<meta property=\"article:published_time\" content=\"2026-03-05T09:07:27+00:00\" \/>\r\n<meta property=\"article:modified_time\" content=\"2026-03-05T09:10:52+00:00\" \/>\r\n<meta property=\"og:image\" content=\"https:\/\/www.vitalibera.org\/community\/wp-content\/uploads\/2026\/03\/psychotherapie.png\" \/>\r\n\t<meta property=\"og:image:width\" content=\"583\" \/>\r\n\t<meta property=\"og:image:height\" content=\"399\" \/>\r\n\t<meta property=\"og:image:type\" content=\"image\/png\" \/>\r\n<meta name=\"author\" content=\"Andreas Jecklin\" \/>\r\n<meta name=\"twitter:card\" content=\"summary_large_image\" \/>\r\n<meta name=\"twitter:label1\" content=\"Verfasst von\" \/>\n\t<meta name=\"twitter:data1\" content=\"Andreas Jecklin\" \/>\n\t<meta name=\"twitter:label2\" content=\"Gesch\u00e4tzte Lesezeit\" \/>\n\t<meta name=\"twitter:data2\" content=\"5\u00a0Minuten\" \/>\r\n<script type=\"application\/ld+json\" class=\"yoast-schema-graph\">{\"@context\":\"https:\\\/\\\/schema.org\",\"@graph\":[{\"@type\":\"Article\",\"@id\":\"https:\\\/\\\/www.vitalibera.org\\\/community\\\/2026\\\/03\\\/05\\\/warum-eine-angepasste-therapie-fuer-menschen-mit-behinderungen-kein-luxus-ist\\\/#article\",\"isPartOf\":{\"@id\":\"https:\\\/\\\/www.vitalibera.org\\\/community\\\/2026\\\/03\\\/05\\\/warum-eine-angepasste-therapie-fuer-menschen-mit-behinderungen-kein-luxus-ist\\\/\"},\"author\":{\"name\":\"Andreas Jecklin\",\"@id\":\"https:\\\/\\\/www.vitalibera.org\\\/community\\\/#\\\/schema\\\/person\\\/6712387298421f222ff6d0a2e22c1534\"},\"headline\":\"Warum eine angepasste Therapie f\u00fcr Menschen mit Handicap kein Luxus ist!\",\"datePublished\":\"2026-03-05T09:07:27+00:00\",\"dateModified\":\"2026-03-05T09:10:52+00:00\",\"mainEntityOfPage\":{\"@id\":\"https:\\\/\\\/www.vitalibera.org\\\/community\\\/2026\\\/03\\\/05\\\/warum-eine-angepasste-therapie-fuer-menschen-mit-behinderungen-kein-luxus-ist\\\/\"},\"wordCount\":799,\"commentCount\":0,\"publisher\":{\"@id\":\"https:\\\/\\\/www.vitalibera.org\\\/community\\\/#organization\"},\"image\":{\"@id\":\"https:\\\/\\\/www.vitalibera.org\\\/community\\\/2026\\\/03\\\/05\\\/warum-eine-angepasste-therapie-fuer-menschen-mit-behinderungen-kein-luxus-ist\\\/#primaryimage\"},\"thumbnailUrl\":\"https:\\\/\\\/www.vitalibera.org\\\/community\\\/wp-content\\\/uploads\\\/2026\\\/03\\\/psychotherapie.png\",\"articleSection\":[\"Fachwissen\"],\"inLanguage\":\"de\",\"potentialAction\":[{\"@type\":\"CommentAction\",\"name\":\"Comment\",\"target\":[\"https:\\\/\\\/www.vitalibera.org\\\/community\\\/2026\\\/03\\\/05\\\/warum-eine-angepasste-therapie-fuer-menschen-mit-behinderungen-kein-luxus-ist\\\/#respond\"]}]},{\"@type\":\"WebPage\",\"@id\":\"https:\\\/\\\/www.vitalibera.org\\\/community\\\/2026\\\/03\\\/05\\\/warum-eine-angepasste-therapie-fuer-menschen-mit-behinderungen-kein-luxus-ist\\\/\",\"url\":\"https:\\\/\\\/www.vitalibera.org\\\/community\\\/2026\\\/03\\\/05\\\/warum-eine-angepasste-therapie-fuer-menschen-mit-behinderungen-kein-luxus-ist\\\/\",\"name\":\"Warum eine angepasste Therapie f\u00fcr Menschen mit Handicap kein Luxus ist! - vitalibera.org\",\"isPartOf\":{\"@id\":\"https:\\\/\\\/www.vitalibera.org\\\/community\\\/#website\"},\"primaryImageOfPage\":{\"@id\":\"https:\\\/\\\/www.vitalibera.org\\\/community\\\/2026\\\/03\\\/05\\\/warum-eine-angepasste-therapie-fuer-menschen-mit-behinderungen-kein-luxus-ist\\\/#primaryimage\"},\"image\":{\"@id\":\"https:\\\/\\\/www.vitalibera.org\\\/community\\\/2026\\\/03\\\/05\\\/warum-eine-angepasste-therapie-fuer-menschen-mit-behinderungen-kein-luxus-ist\\\/#primaryimage\"},\"thumbnailUrl\":\"https:\\\/\\\/www.vitalibera.org\\\/community\\\/wp-content\\\/uploads\\\/2026\\\/03\\\/psychotherapie.png\",\"datePublished\":\"2026-03-05T09:07:27+00:00\",\"dateModified\":\"2026-03-05T09:10:52+00:00\",\"breadcrumb\":{\"@id\":\"https:\\\/\\\/www.vitalibera.org\\\/community\\\/2026\\\/03\\\/05\\\/warum-eine-angepasste-therapie-fuer-menschen-mit-behinderungen-kein-luxus-ist\\\/#breadcrumb\"},\"inLanguage\":\"de\",\"potentialAction\":[{\"@type\":\"ReadAction\",\"target\":[\"https:\\\/\\\/www.vitalibera.org\\\/community\\\/2026\\\/03\\\/05\\\/warum-eine-angepasste-therapie-fuer-menschen-mit-behinderungen-kein-luxus-ist\\\/\"]}]},{\"@type\":\"BreadcrumbList\",\"@id\":\"https:\\\/\\\/www.vitalibera.org\\\/community\\\/2026\\\/03\\\/05\\\/warum-eine-angepasste-therapie-fuer-menschen-mit-behinderungen-kein-luxus-ist\\\/#breadcrumb\",\"itemListElement\":[{\"@type\":\"ListItem\",\"position\":1,\"name\":\"Startseite\",\"item\":\"https:\\\/\\\/www.vitalibera.org\\\/community\\\/\"},{\"@type\":\"ListItem\",\"position\":2,\"name\":\"Warum eine angepasste Therapie f\u00fcr Menschen mit Handicap kein Luxus ist!\"}]},{\"@type\":\"WebSite\",\"@id\":\"https:\\\/\\\/www.vitalibera.org\\\/community\\\/#website\",\"url\":\"https:\\\/\\\/www.vitalibera.org\\\/community\\\/\",\"name\":\"vitalibera.org\",\"description\":\"Mit einer Einschr&auml;nkung gestaltet sich das Leben im Alltag oft schwieriger - hier berichten wir &uuml;ber unsere Erfahrungen und Hilfsmittel um den Alltag so unbeschwert und unkompliziert wie nur m&ouml;glich geniessen zu k&ouml;nnen. Dabei richten wir unseren Fokus gezielt auf Selbst&auml;ndigkeit, Eigenst&auml;ndigkeit und Selbstbestimmung.\",\"publisher\":{\"@id\":\"https:\\\/\\\/www.vitalibera.org\\\/community\\\/#organization\"},\"potentialAction\":[{\"@type\":\"SearchAction\",\"target\":{\"@type\":\"EntryPoint\",\"urlTemplate\":\"https:\\\/\\\/www.vitalibera.org\\\/community\\\/?s={search_term_string}\"},\"query-input\":{\"@type\":\"PropertyValueSpecification\",\"valueRequired\":true,\"valueName\":\"search_term_string\"}}],\"inLanguage\":\"de\"},{\"@type\":\"Organization\",\"@id\":\"https:\\\/\\\/www.vitalibera.org\\\/community\\\/#organization\",\"name\":\"vitalibera.org\",\"url\":\"https:\\\/\\\/www.vitalibera.org\\\/community\\\/\",\"logo\":{\"@type\":\"ImageObject\",\"inLanguage\":\"de\",\"@id\":\"https:\\\/\\\/www.vitalibera.org\\\/community\\\/#\\\/schema\\\/logo\\\/image\\\/\",\"url\":\"https:\\\/\\\/www.vitalibera.org\\\/community\\\/wp-content\\\/uploads\\\/2025\\\/09\\\/cropped-banner.png\",\"contentUrl\":\"https:\\\/\\\/www.vitalibera.org\\\/community\\\/wp-content\\\/uploads\\\/2025\\\/09\\\/cropped-banner.png\",\"width\":991,\"height\":150,\"caption\":\"vitalibera.org\"},\"image\":{\"@id\":\"https:\\\/\\\/www.vitalibera.org\\\/community\\\/#\\\/schema\\\/logo\\\/image\\\/\"},\"sameAs\":[\"https:\\\/\\\/www.facebook.com\\\/groups\\\/2997085857140235\"]},{\"@type\":\"Person\",\"@id\":\"https:\\\/\\\/www.vitalibera.org\\\/community\\\/#\\\/schema\\\/person\\\/6712387298421f222ff6d0a2e22c1534\",\"name\":\"Andreas Jecklin\",\"image\":{\"@type\":\"ImageObject\",\"inLanguage\":\"de\",\"@id\":\"https:\\\/\\\/secure.gravatar.com\\\/avatar\\\/ad516503a11cd5ca435acc9bb6523536?s=96\",\"url\":\"https:\\\/\\\/secure.gravatar.com\\\/avatar\\\/ad516503a11cd5ca435acc9bb6523536?s=96\",\"contentUrl\":\"https:\\\/\\\/secure.gravatar.com\\\/avatar\\\/ad516503a11cd5ca435acc9bb6523536?s=96\",\"caption\":\"Andreas Jecklin\"},\"description\":\"Manchen gab Gott die Kraft Dinge zu ver\u00e4ndern, mir gab er die Kraft zu ertragen was nicht mehr zu \u00e4ndern ist.\",\"url\":\"https:\\\/\\\/www.vitalibera.org\\\/community\\\/author\\\/andy77\\\/\"}]}<\/script>\r\n<!-- \/ Yoast SEO plugin. -->","yoast_head_json":{"title":"Warum eine angepasste Therapie f\u00fcr Menschen mit Handicap kein Luxus ist! - vitalibera.org","robots":{"index":"index","follow":"follow","max-snippet":"max-snippet:-1","max-image-preview":"max-image-preview:large","max-video-preview":"max-video-preview:-1"},"canonical":"https:\/\/www.vitalibera.org\/community\/2026\/03\/05\/warum-eine-angepasste-therapie-fuer-menschen-mit-behinderungen-kein-luxus-ist\/","og_locale":"de_DE","og_type":"article","og_title":"Warum eine angepasste Therapie f\u00fcr Menschen mit Handicap kein Luxus ist! - vitalibera.org","og_description":"Psychotherapie hilft Menschen, wenn es ihnen seelisch schlecht geht. Kurz gesagt: Wer k\u00f6rperlich krank ist, geht zum Arzt \u2013 wer psychisch krank ist, geht zum Psychotherapeuten. Psychische Erkrankungen k\u00f6nnen sehr unterschiedlich aussehen. Sie unterscheiden sich in Art, Dauer und Schwere. Viele kennen Depressionen oder Suchterkrankungen, aber auch Angstst\u00f6rungen, Traumafolgest\u00f6rungen oder starke Belastungsreaktionen geh\u00f6ren dazu. Was ... Weiterlesen","og_url":"https:\/\/www.vitalibera.org\/community\/2026\/03\/05\/warum-eine-angepasste-therapie-fuer-menschen-mit-behinderungen-kein-luxus-ist\/","og_site_name":"vitalibera.org","article_publisher":"https:\/\/www.facebook.com\/groups\/2997085857140235","article_published_time":"2026-03-05T09:07:27+00:00","article_modified_time":"2026-03-05T09:10:52+00:00","og_image":[{"width":583,"height":399,"url":"https:\/\/www.vitalibera.org\/community\/wp-content\/uploads\/2026\/03\/psychotherapie.png","type":"image\/png"}],"author":"Andreas Jecklin","twitter_card":"summary_large_image","twitter_misc":{"Verfasst von":"Andreas Jecklin","Gesch\u00e4tzte Lesezeit":"5\u00a0Minuten"},"schema":{"@context":"https:\/\/schema.org","@graph":[{"@type":"Article","@id":"https:\/\/www.vitalibera.org\/community\/2026\/03\/05\/warum-eine-angepasste-therapie-fuer-menschen-mit-behinderungen-kein-luxus-ist\/#article","isPartOf":{"@id":"https:\/\/www.vitalibera.org\/community\/2026\/03\/05\/warum-eine-angepasste-therapie-fuer-menschen-mit-behinderungen-kein-luxus-ist\/"},"author":{"name":"Andreas Jecklin","@id":"https:\/\/www.vitalibera.org\/community\/#\/schema\/person\/6712387298421f222ff6d0a2e22c1534"},"headline":"Warum eine angepasste Therapie f\u00fcr Menschen mit Handicap kein Luxus ist!","datePublished":"2026-03-05T09:07:27+00:00","dateModified":"2026-03-05T09:10:52+00:00","mainEntityOfPage":{"@id":"https:\/\/www.vitalibera.org\/community\/2026\/03\/05\/warum-eine-angepasste-therapie-fuer-menschen-mit-behinderungen-kein-luxus-ist\/"},"wordCount":799,"commentCount":0,"publisher":{"@id":"https:\/\/www.vitalibera.org\/community\/#organization"},"image":{"@id":"https:\/\/www.vitalibera.org\/community\/2026\/03\/05\/warum-eine-angepasste-therapie-fuer-menschen-mit-behinderungen-kein-luxus-ist\/#primaryimage"},"thumbnailUrl":"https:\/\/www.vitalibera.org\/community\/wp-content\/uploads\/2026\/03\/psychotherapie.png","articleSection":["Fachwissen"],"inLanguage":"de","potentialAction":[{"@type":"CommentAction","name":"Comment","target":["https:\/\/www.vitalibera.org\/community\/2026\/03\/05\/warum-eine-angepasste-therapie-fuer-menschen-mit-behinderungen-kein-luxus-ist\/#respond"]}]},{"@type":"WebPage","@id":"https:\/\/www.vitalibera.org\/community\/2026\/03\/05\/warum-eine-angepasste-therapie-fuer-menschen-mit-behinderungen-kein-luxus-ist\/","url":"https:\/\/www.vitalibera.org\/community\/2026\/03\/05\/warum-eine-angepasste-therapie-fuer-menschen-mit-behinderungen-kein-luxus-ist\/","name":"Warum eine angepasste Therapie f\u00fcr Menschen mit Handicap kein Luxus ist! - vitalibera.org","isPartOf":{"@id":"https:\/\/www.vitalibera.org\/community\/#website"},"primaryImageOfPage":{"@id":"https:\/\/www.vitalibera.org\/community\/2026\/03\/05\/warum-eine-angepasste-therapie-fuer-menschen-mit-behinderungen-kein-luxus-ist\/#primaryimage"},"image":{"@id":"https:\/\/www.vitalibera.org\/community\/2026\/03\/05\/warum-eine-angepasste-therapie-fuer-menschen-mit-behinderungen-kein-luxus-ist\/#primaryimage"},"thumbnailUrl":"https:\/\/www.vitalibera.org\/community\/wp-content\/uploads\/2026\/03\/psychotherapie.png","datePublished":"2026-03-05T09:07:27+00:00","dateModified":"2026-03-05T09:10:52+00:00","breadcrumb":{"@id":"https:\/\/www.vitalibera.org\/community\/2026\/03\/05\/warum-eine-angepasste-therapie-fuer-menschen-mit-behinderungen-kein-luxus-ist\/#breadcrumb"},"inLanguage":"de","potentialAction":[{"@type":"ReadAction","target":["https:\/\/www.vitalibera.org\/community\/2026\/03\/05\/warum-eine-angepasste-therapie-fuer-menschen-mit-behinderungen-kein-luxus-ist\/"]}]},{"@type":"BreadcrumbList","@id":"https:\/\/www.vitalibera.org\/community\/2026\/03\/05\/warum-eine-angepasste-therapie-fuer-menschen-mit-behinderungen-kein-luxus-ist\/#breadcrumb","itemListElement":[{"@type":"ListItem","position":1,"name":"Startseite","item":"https:\/\/www.vitalibera.org\/community\/"},{"@type":"ListItem","position":2,"name":"Warum eine angepasste Therapie f\u00fcr Menschen mit Handicap kein Luxus ist!"}]},{"@type":"WebSite","@id":"https:\/\/www.vitalibera.org\/community\/#website","url":"https:\/\/www.vitalibera.org\/community\/","name":"vitalibera.org","description":"Mit einer Einschr&auml;nkung gestaltet sich das Leben im Alltag oft schwieriger - hier berichten wir &uuml;ber unsere Erfahrungen und Hilfsmittel um den Alltag so unbeschwert und unkompliziert wie nur m&ouml;glich geniessen zu k&ouml;nnen. Dabei richten wir unseren Fokus gezielt auf Selbst&auml;ndigkeit, Eigenst&auml;ndigkeit und Selbstbestimmung.","publisher":{"@id":"https:\/\/www.vitalibera.org\/community\/#organization"},"potentialAction":[{"@type":"SearchAction","target":{"@type":"EntryPoint","urlTemplate":"https:\/\/www.vitalibera.org\/community\/?s={search_term_string}"},"query-input":{"@type":"PropertyValueSpecification","valueRequired":true,"valueName":"search_term_string"}}],"inLanguage":"de"},{"@type":"Organization","@id":"https:\/\/www.vitalibera.org\/community\/#organization","name":"vitalibera.org","url":"https:\/\/www.vitalibera.org\/community\/","logo":{"@type":"ImageObject","inLanguage":"de","@id":"https:\/\/www.vitalibera.org\/community\/#\/schema\/logo\/image\/","url":"https:\/\/www.vitalibera.org\/community\/wp-content\/uploads\/2025\/09\/cropped-banner.png","contentUrl":"https:\/\/www.vitalibera.org\/community\/wp-content\/uploads\/2025\/09\/cropped-banner.png","width":991,"height":150,"caption":"vitalibera.org"},"image":{"@id":"https:\/\/www.vitalibera.org\/community\/#\/schema\/logo\/image\/"},"sameAs":["https:\/\/www.facebook.com\/groups\/2997085857140235"]},{"@type":"Person","@id":"https:\/\/www.vitalibera.org\/community\/#\/schema\/person\/6712387298421f222ff6d0a2e22c1534","name":"Andreas Jecklin","image":{"@type":"ImageObject","inLanguage":"de","@id":"https:\/\/secure.gravatar.com\/avatar\/ad516503a11cd5ca435acc9bb6523536?s=96","url":"https:\/\/secure.gravatar.com\/avatar\/ad516503a11cd5ca435acc9bb6523536?s=96","contentUrl":"https:\/\/secure.gravatar.com\/avatar\/ad516503a11cd5ca435acc9bb6523536?s=96","caption":"Andreas Jecklin"},"description":"Manchen gab Gott die Kraft Dinge zu ver\u00e4ndern, mir gab er die Kraft zu ertragen was nicht mehr zu \u00e4ndern ist.","url":"https:\/\/www.vitalibera.org\/community\/author\/andy77\/"}]}},"jetpack_featured_media_url":"https:\/\/www.vitalibera.org\/community\/wp-content\/uploads\/2026\/03\/psychotherapie.png","jetpack_sharing_enabled":true,"jetpack-related-posts":[],"_links":{"self":[{"href":"https:\/\/www.vitalibera.org\/community\/wp-json\/wp\/v2\/posts\/5914","targetHints":{"allow":["GET"]}}],"collection":[{"href":"https:\/\/www.vitalibera.org\/community\/wp-json\/wp\/v2\/posts"}],"about":[{"href":"https:\/\/www.vitalibera.org\/community\/wp-json\/wp\/v2\/types\/post"}],"author":[{"embeddable":true,"href":"https:\/\/www.vitalibera.org\/community\/wp-json\/wp\/v2\/users\/2"}],"replies":[{"embeddable":true,"href":"https:\/\/www.vitalibera.org\/community\/wp-json\/wp\/v2\/comments?post=5914"}],"version-history":[{"count":2,"href":"https:\/\/www.vitalibera.org\/community\/wp-json\/wp\/v2\/posts\/5914\/revisions"}],"predecessor-version":[{"id":5917,"href":"https:\/\/www.vitalibera.org\/community\/wp-json\/wp\/v2\/posts\/5914\/revisions\/5917"}],"wp:featuredmedia":[{"embeddable":true,"href":"https:\/\/www.vitalibera.org\/community\/wp-json\/wp\/v2\/media\/5915"}],"wp:attachment":[{"href":"https:\/\/www.vitalibera.org\/community\/wp-json\/wp\/v2\/media?parent=5914"}],"wp:term":[{"taxonomy":"category","embeddable":true,"href":"https:\/\/www.vitalibera.org\/community\/wp-json\/wp\/v2\/categories?post=5914"},{"taxonomy":"post_tag","embeddable":true,"href":"https:\/\/www.vitalibera.org\/community\/wp-json\/wp\/v2\/tags?post=5914"}],"curies":[{"name":"wp","href":"https:\/\/api.w.org\/{rel}","templated":true}]}}