{"id":5985,"date":"2026-03-08T19:51:05","date_gmt":"2026-03-08T18:51:05","guid":{"rendered":"https:\/\/www.vitalibera.org\/community\/?p=5985"},"modified":"2026-03-08T20:01:35","modified_gmt":"2026-03-08T19:01:35","slug":"tagesgestaltung-nach-neurologischen-erkrankung","status":"publish","type":"post","link":"https:\/\/www.vitalibera.org\/community\/2026\/03\/08\/tagesgestaltung-nach-neurologischen-erkrankung\/","title":{"rendered":"Tagesgestaltung nach neurologischen Erkrankung"},"content":{"rendered":"\n<p>Die Tagesgestaltung nach einer neurologischen Erkrankung (z.B. <a href=\"https:\/\/www.vitalibera.org\/community\/enzyklopaedie\/schlaganfall\/\" target=\"_self\" title=\"Ein Schlaganfall, auch Hirnschlag oder Apoplex genannt, ist eine&nbsp;pl&ouml;tzlich auftretende Durchblutungsst&ouml;rung im Gehirn, die dazu f&uuml;hrt, dass Gehirnzellen nicht mehr ausreichend mit Sauerstoff und N&auml;hrstoffen versorgt werden.&nbsp;Dies kann zu bleibenden Sch&auml;den oder sogar zum Absterben von Hirnzellen f&uuml;hren, wenn die Durchblutung nicht schnell wiederhergestellt wird.\" class=\"encyclopedia\">Schlaganfall<\/a>, MS, <a href=\"https:\/\/www.vitalibera.org\/community\/enzyklopaedie\/hirnverletzung\/\" target=\"_self\" title=\"Eine Hirnverletzung (oft als&nbsp;Sch&auml;del-Hirn-Trauma, SHT) ist eine&nbsp;Sch&auml;digung des Gehirns, verursacht durch &auml;u&szlig;ere Gewalteinwirkung (Unfall, Sturz) oder innere Faktoren (Schlaganfall, Tumor). Sie f&uuml;hrt zu k&ouml;rperlichen, kognitiven und verhaltensbezogenen Einschr&auml;nkungen, die oft unsichtbar bleiben. Symptome reichen von Kopfschmerzen bis zu schweren Behinderungen. Wichtige Aspekte der Hirnverletzung: Ursachen:&nbsp;H&auml;ufig durch Schlaganf&auml;lle, Hirnblutungen, Sauerstoffmangel oder St&uuml;rze\/Verkehrsunf&auml;lle (Sch&auml;del-Hirn-Trauma). Formen (SHT):&nbsp;Unterscheidung in&hellip;\" class=\"encyclopedia\">Hirnverletzung<\/a>) erfordert eine feste Struktur, ausgewogene Ruhepausen, gezielte (Ergo-)Therapien und aktivierende Ma&szlig;nahmen zur F&ouml;rderung der Selbstst&auml;ndigkeit. Ein strukturierter <a href=\"https:\/\/www.vitalibera.org\/community\/2026\/04\/30\/lapstacker-transport-gurtsystem-fuer-rollstuehle\/\"><font color=\"blue\"><img src=\"https:\/\/www.vitalibera.org\/community\/wp-content\/images\/link.png\" width=\"20\" height=\"20\"><u>Alltag<\/u><\/font><\/a> mit Einbezug betroffener K&ouml;rperseiten, bewusster Ern&auml;hrung und Reizminimierung (L&auml;rm, Licht) hilft, &Uuml;berforderung zu vermeiden und die <a href=\"https:\/\/www.vitalibera.org\/community\/2026\/07\/14\/orientierungslosigkeit-in-der-akutphase-nach-einer-hirnverletzung\/\"><font color=\"blue\"><img src=\"https:\/\/www.vitalibera.org\/community\/wp-content\/images\/link.png\" width=\"20\" height=\"20\"><u>Rehabilitation<\/u><\/font><\/a> zu unterst&uuml;tzen.&nbsp;<\/p>\n\n\n\n<p><strong>Grundpfeiler der <a href=\"https:\/\/www.vitalibera.org\/community\/enzyklopaedie\/tagesstruktur\/\" target=\"_self\" title=\"Eine Tagesstruktur ist ein&nbsp;geregelter Ablauf, der dem Tag durch feste Zeiten f&uuml;r Mahlzeiten, Aufgaben und Freizeit Halt, Sicherheit und Orientierung verleiht. Sie hilft, den Alltag aktiv zu gestalten, f&ouml;rdert das emotionale Wohlbefinden und ist essenziell f&uuml;r die Stabilit&auml;t, besonders bei pflegebed&uuml;rftigen Menschen oder in herausfordernden Lebenssituationen.\" class=\"encyclopedia\">Tagesstruktur<\/a>:<\/strong><\/p>\n\n\n\n<ul class=\"wp-block-list\">\n<li><strong>Routine &amp; Struktur:<\/strong>&nbsp;Regelm&auml;&szlig;iger Schlafrhythmus, geplante Ruhepausen und feste Zeiten f&uuml;r Mahlzeiten\/Therapien schaffen Sicherheit und Stabilit&auml;t.<\/li>\n\n\n\n<li><strong>Aktivierende Pflege\/Alltag:<\/strong>&nbsp;Nutzung von Hilfsmitteln (z.B. Greifhilfen, spezielle Verschl&uuml;sse) und Einbeziehung gel&auml;hmter K&ouml;rperseiten, um die Selbstst&auml;ndigkeit im Alltag (Waschen, Essen) zu f&ouml;rdern.<\/li>\n\n\n\n<li><strong>Therapie-Integration:<\/strong>&nbsp;Kombination aus Physio- und <a href=\"https:\/\/www.vitalibera.org\/community\/enzyklopaedie\/ergotherapie\/\" target=\"_self\" title=\"Ergotherapie&nbsp;unterst&uuml;tzt und begleitet Menschen jeden Alters, die in ihrer Handlungsf&auml;higkeit eingeschr&auml;nkt oder von Einschr&auml;nkung bedroht sind. Ziel ist, sie bei der Durchf&uuml;hrung f&uuml;r sie bedeutungsvoller Bet&auml;tigungen in den Bereichen Selbstversorgung, Produktivit&auml;t und Freizeit in ihrer pers&ouml;nlichen Umwelt zu st&auml;rken.\" class=\"encyclopedia\">Ergotherapie<\/a> sowie <a href=\"https:\/\/www.vitalibera.org\/community\/enzyklopaedie\/logopaedie\/\" target=\"_self\" title=\"Die Logop&auml;die ist ein medizinisches Fachgebiet, das sich mit Pr&auml;vention, Diagnostik und Therapie von Sprach-, Sprech-, Stimm-, Schluck- und Kommunikationsst&ouml;rungen befasst. Sie hilft Menschen jeden Alters, ihre Kommunikationsf&auml;higkeit und Lebensqualit&auml;t zu verbessern, sei es durch Behandlungen nach Schlaganf&auml;llen, bei Sprachentwicklungsst&ouml;rungen von Kindern oder Stimmproblemen. Hauptbereiche der Logop&auml;die: Sprache:&nbsp;Behandlung von Problemen beim Sprachverst&auml;ndnis oder Wortfindungsst&ouml;rungen, oft&hellip;\" class=\"encyclopedia\">Logop&auml;die<\/a> zur Steigerung der Belastbarkeit, Motorik und Sprache.<\/li>\n\n\n\n<li><strong>Reizarme Umgebung:<\/strong>&nbsp;Vermeidung von Hektik und grellem Licht, um das Gehirn nicht zu &uuml;berlasten.&nbsp;<\/li>\n<\/ul>\n\n\n\n<p><strong>Tagesablauf gestalten:<\/strong><\/p>\n\n\n\n<ol class=\"wp-block-list\">\n<li><strong>Vormittag:<\/strong>&nbsp;Fokus auf <a href=\"https:\/\/www.vitalibera.org\/community\/2026\/08\/31\/neue-therapieverfahren-in-der-fruehrehabilitation-wege-zurueck-ins-leben-nach-hirnverletzung\/\"><font color=\"blue\"><img src=\"https:\/\/www.vitalibera.org\/community\/wp-content\/images\/link.png\" width=\"20\" height=\"20\"><u>Therapie<\/u><\/font><\/a> oder anspruchsvollere Aufgaben.<\/li>\n\n\n\n<li><strong>Mittag:<\/strong>&nbsp;Ausgewogene Mahlzeit (wenig Salz\/Zucker) und eine l&auml;ngere Ruhephase.<\/li>\n\n\n\n<li><strong>Nachmittag:<\/strong>&nbsp;Leichte Besch&auml;ftigung (Spazierg&auml;nge, Basteln, <a href=\"https:\/\/www.vitalibera.org\/community\/2026\/08\/26\/kognitives-selbsttraining-im-alltag-nach-einer-hirnverletzung-spielerisch-zurueck-zur-denkfaehigkeit\/\"><font color=\"blue\"><img src=\"https:\/\/www.vitalibera.org\/community\/wp-content\/images\/link.png\" width=\"20\" height=\"20\"><u>Spiel<\/u><\/font><\/a>) zur Mobilisierung und F&ouml;rderung sozialer Kontakte.<\/li>\n<\/ol>\n\n\n\n<p><strong>Unterst&uuml;tzungsangebote:<\/strong><\/p>\n\n\n\n<ul class=\"wp-block-list\">\n<li><strong>Neurologische Tageszentren:<\/strong>&nbsp;Bieten intensive Rehabilitation (Physio-, <a href=\"https:\/\/www.vitalibera.org\/community\/enzyklopaedie\/ergotherapie\/\" target=\"_self\" title=\"Ergotherapie&nbsp;unterst&uuml;tzt und begleitet Menschen jeden Alters, die in ihrer Handlungsf&auml;higkeit eingeschr&auml;nkt oder von Einschr&auml;nkung bedroht sind. Ziel ist, sie bei der Durchf&uuml;hrung f&uuml;r sie bedeutungsvoller Bet&auml;tigungen in den Bereichen Selbstversorgung, Produktivit&auml;t und Freizeit in ihrer pers&ouml;nlichen Umwelt zu st&auml;rken.\" class=\"encyclopedia\">Ergotherapie<\/a>, <a href=\"https:\/\/www.vitalibera.org\/community\/enzyklopaedie\/logopaedie\/\" target=\"_self\" title=\"Die Logop&auml;die ist ein medizinisches Fachgebiet, das sich mit Pr&auml;vention, Diagnostik und Therapie von Sprach-, Sprech-, Stimm-, Schluck- und Kommunikationsst&ouml;rungen befasst. Sie hilft Menschen jeden Alters, ihre Kommunikationsf&auml;higkeit und Lebensqualit&auml;t zu verbessern, sei es durch Behandlungen nach Schlaganf&auml;llen, bei Sprachentwicklungsst&ouml;rungen von Kindern oder Stimmproblemen. Hauptbereiche der Logop&auml;die: Sprache:&nbsp;Behandlung von Problemen beim Sprachverst&auml;ndnis oder Wortfindungsst&ouml;rungen, oft&hellip;\" class=\"encyclopedia\">Logop&auml;die<\/a>) mit dem Ziel der <a href=\"https:\/\/www.vitalibera.org\/community\/enzyklopaedie\/wiedereingliederung\/\" target=\"_self\" title=\"Die Wiedereingliederung (oft als &bdquo;Hamburger Modell&ldquo; bezeichnet) ist eine&nbsp;medizinische Rehabilitationsma&szlig;nahme, die Arbeitnehmer nach l&auml;ngerer Krankheit stufenweise an ihren Arbeitsplatz zur&uuml;ckf&uuml;hrt. Sie dient der Wiederherstellung der Arbeitsf&auml;higkeit, wobei der Mitarbeiter w&auml;hrend des Prozesses offiziell arbeitsunf&auml;hig bleibt und die Arbeitszeit schrittweise steigert.\" class=\"encyclopedia\">Wiedereingliederung<\/a>.<\/li>\n\n\n\n<li><strong>Tagesst&auml;tten:<\/strong>&nbsp;Bieten Struktur, soziale Kontakte und Besch&auml;ftigung f&uuml;r Menschen, die Unterst&uuml;tzung im <\/li>\n<\/ul>\n\n\n\n<p>Die individuelle Anpassung an den Schweregrad der Erkrankung ist entscheidend (Phasenmodell der Rehabilitation)<\/p>\n\n\n\n<p><strong>vitalibera Tip<\/strong> : Anfallende Arbeiten und Aufgaben im t&auml;glichen <a href=\"https:\/\/www.vitalibera.org\/community\/2026\/07\/09\/muellentsorgung-und-recycling-trotz-einschraenkungen-nach-einer-hirnverletzung\/\"><font color=\"blue\"><img src=\"https:\/\/www.vitalibera.org\/community\/wp-content\/images\/link.png\" width=\"20\" height=\"20\"><u>Haushalt<\/u><\/font><\/a> wie W&auml;sche waschen, <a href=\"https:\/\/www.vitalibera.org\/community\/2026\/05\/11\/kochen-trotz-hemiparese\/\"><font color=\"blue\"><img src=\"https:\/\/www.vitalibera.org\/community\/wp-content\/images\/link.png\" width=\"20\" height=\"20\"><u>Kochen<\/u><\/font><\/a> und Putzen lassen sich optimal in die <a href=\"https:\/\/www.vitalibera.org\/community\/enzyklopaedie\/tagesstruktur\/\" target=\"_self\" title=\"Eine Tagesstruktur ist ein&nbsp;geregelter Ablauf, der dem Tag durch feste Zeiten f&uuml;r Mahlzeiten, Aufgaben und Freizeit Halt, Sicherheit und Orientierung verleiht. Sie hilft, den Alltag aktiv zu gestalten, f&ouml;rdert das emotionale Wohlbefinden und ist essenziell f&uuml;r die Stabilit&auml;t, besonders bei pflegebed&uuml;rftigen Menschen oder in herausfordernden Lebenssituationen.\" class=\"encyclopedia\">Tagesstruktur<\/a> einbauen! Auch <a href=\"https:\/\/www.vitalibera.org\/community\/enzyklopaedie\/ergotherapie\/\" target=\"_self\" title=\"Ergotherapie&nbsp;unterst&uuml;tzt und begleitet Menschen jeden Alters, die in ihrer Handlungsf&auml;higkeit eingeschr&auml;nkt oder von Einschr&auml;nkung bedroht sind. Ziel ist, sie bei der Durchf&uuml;hrung f&uuml;r sie bedeutungsvoller Bet&auml;tigungen in den Bereichen Selbstversorgung, Produktivit&auml;t und Freizeit in ihrer pers&ouml;nlichen Umwelt zu st&auml;rken.\" class=\"encyclopedia\">Ergotherapie<\/a> und <a href=\"https:\/\/www.vitalibera.org\/community\/enzyklopaedie\/physiotherapie\/\" target=\"_self\" title=\"Die Physiotherapie ist ein essenzieller Bestandteil der Schlaganfall-Rehabilitation, um durch gezieltes, intensives Training (Neuroplastizit&auml;t) Mobilit&auml;t, Kraft und Koordination wiederherzustellen. Fr&uuml;hzeitiger Beginn und hohe Wiederholungsraten f&ouml;rdern die Wiedererlangung der Selbstst&auml;ndigkeit. Wichtige Konzepte sind Bobath, PNF, Spiegeltraining und Gangschulung. Ziele und Schwerpunkte der Physiotherapie: Verbesserung der Beweglichkeit:&nbsp;Wiederherstellung von Funktionen wie Greifen oder Gehen. Kraftaufbau &amp; Gleichgewicht:&nbsp;St&auml;rkung der&hellip;\" class=\"encyclopedia\">Physiotherapie<\/a> lassen sich optimal integrieren. So ist der Haushalt ordentlich und sauber und gleichzeitig gibt es als Bonus noch eine kleine Ergo- und\/oder <a href=\"https:\/\/www.vitalibera.org\/community\/enzyklopaedie\/physiotherapie\/\" target=\"_self\" title=\"Die Physiotherapie ist ein essenzieller Bestandteil der Schlaganfall-Rehabilitation, um durch gezieltes, intensives Training (Neuroplastizit&auml;t) Mobilit&auml;t, Kraft und Koordination wiederherzustellen. Fr&uuml;hzeitiger Beginn und hohe Wiederholungsraten f&ouml;rdern die Wiedererlangung der Selbstst&auml;ndigkeit. Wichtige Konzepte sind Bobath, PNF, Spiegeltraining und Gangschulung. Ziele und Schwerpunkte der Physiotherapie: Verbesserung der Beweglichkeit:&nbsp;Wiederherstellung von Funktionen wie Greifen oder Gehen. Kraftaufbau &amp; Gleichgewicht:&nbsp;St&auml;rkung der&hellip;\" class=\"encyclopedia\">Physiotherapie<\/a> oben drauf.<\/p>\n\n\n\n<p>Um sich ggf. auf die anstehende <a href=\"https:\/\/www.vitalibera.org\/community\/enzyklopaedie\/wiedereingliederung\/\" target=\"_self\" title=\"Die Wiedereingliederung (oft als &bdquo;Hamburger Modell&ldquo; bezeichnet) ist eine&nbsp;medizinische Rehabilitationsma&szlig;nahme, die Arbeitnehmer nach l&auml;ngerer Krankheit stufenweise an ihren Arbeitsplatz zur&uuml;ckf&uuml;hrt. Sie dient der Wiederherstellung der Arbeitsf&auml;higkeit, wobei der Mitarbeiter w&auml;hrend des Prozesses offiziell arbeitsunf&auml;hig bleibt und die Arbeitszeit schrittweise steigert.\" class=\"encyclopedia\">Wiedereingliederung<\/a> in die Arbeitswelt vorzubereiten, k&ouml;nnen Aufgaben wie E-Mails lesen und beantworten oder Puzzle-Spiele als fiktive &ldquo;Arbeit&rdquo; angesehen werden. Dies dient der Konzentration und der Aufmerksamkeit und unterst&uuml;tzt die <a href=\"https:\/\/www.vitalibera.org\/community\/enzyklopaedie\/tagesstruktur\/\" target=\"_self\" title=\"Eine Tagesstruktur ist ein&nbsp;geregelter Ablauf, der dem Tag durch feste Zeiten f&uuml;r Mahlzeiten, Aufgaben und Freizeit Halt, Sicherheit und Orientierung verleiht. Sie hilft, den Alltag aktiv zu gestalten, f&ouml;rdert das emotionale Wohlbefinden und ist essenziell f&uuml;r die Stabilit&auml;t, besonders bei pflegebed&uuml;rftigen Menschen oder in herausfordernden Lebenssituationen.\" class=\"encyclopedia\">Tagesstruktur<\/a> zus&auml;tzlich.<\/p>\n\n\n\n<p><strong>Vergessen sie aber nicht auch hier ausreichend Pausen einzuplanen &ndash; Schliesslich geh&ouml;ren Pausen in der Arbeitswelt auch dazu.<\/strong><\/p>\n\n\n\n<p><em>&bdquo;Nicht die Menge ver&auml;ndert das Gehirn &ndash; die Wiederholung tut es.&ldquo;<\/em><\/p>\n\n\n\n<figure class=\"wp-block-image size-full\"><img fetchpriority=\"high\" decoding=\"async\" width=\"902\" height=\"192\" src=\"https:\/\/www.vitalibera.org\/community\/wp-content\/uploads\/2026\/03\/morgens.png\" alt=\"\" class=\"wp-image-5992\" srcset=\"https:\/\/www.vitalibera.org\/community\/wp-content\/uploads\/2026\/03\/morgens.png 902w, https:\/\/www.vitalibera.org\/community\/wp-content\/uploads\/2026\/03\/morgens-300x64.png 300w, https:\/\/www.vitalibera.org\/community\/wp-content\/uploads\/2026\/03\/morgens-768x163.png 768w\" sizes=\"(max-width: 902px) 100vw, 902px\" \/><\/figure>\n","protected":false},"excerpt":{"rendered":"<p>Die Tagesgestaltung nach einer neurologischen Erkrankung (z.B. Schlaganfall, MS, Hirnverletzung) erfordert eine feste Struktur, ausgewogene Ruhepausen, gezielte (Ergo-)Therapien und aktivierende Ma\u00dfnahmen zur F\u00f6rderung der Selbstst\u00e4ndigkeit. Ein strukturierter Alltag mit Einbezug betroffener K\u00f6rperseiten, bewusster Ern\u00e4hrung und Reizminimierung (L\u00e4rm, Licht) hilft, \u00dcberforderung zu vermeiden und die Rehabilitation zu unterst\u00fctzen.&nbsp; Grundpfeiler der Tagesstruktur: Tagesablauf gestalten: Unterst\u00fctzungsangebote: Die individuelle &#8230; <a title=\"Tagesgestaltung nach neurologischen Erkrankung\" class=\"read-more\" href=\"https:\/\/www.vitalibera.org\/community\/2026\/03\/08\/tagesgestaltung-nach-neurologischen-erkrankung\/\" aria-label=\"Mehr Informationen \u00fcber Tagesgestaltung nach neurologischen Erkrankung\">Weiterlesen<\/a><\/p>\n","protected":false},"author":2,"featured_media":5988,"comment_status":"closed","ping_status":"open","sticky":false,"template":"","format":"standard","meta":{"cybocfi_hide_featured_image":"yes","_jetpack_newsletter_access":"","_jetpack_dont_email_post_to_subs":false,"_jetpack_newsletter_tier_id":0,"_jetpack_memberships_contains_paywalled_content":false,"_jetpack_feature_clip_id":0,"_jetpack_memberships_contains_paid_content":false,"footnotes":"","jetpack_publicize_message":"","jetpack_publicize_feature_enabled":true,"jetpack_social_post_already_shared":false,"jetpack_social_options":{"image_generator_settings":{"template":"highway","default_image_id":0,"font":"","enabled":false},"version":2},"jetpack_post_was_ever_published":false},"categories":[159,70],"tags":[],"class_list":["post-5985","post","type-post","status-publish","format-standard","has-post-thumbnail","hentry","category-fachwissen","category-strategien"],"yoast_head":"<!-- This site is optimized with the Yoast SEO plugin v28.2 - https:\/\/yoast.com\/product\/yoast-seo-wordpress\/ -->\r\n<title>Tagesgestaltung nach neurologischen Erkrankung - vitalibera.org<\/title>\r\n<meta name=\"robots\" content=\"index, follow, max-snippet:-1, max-image-preview:large, max-video-preview:-1\" \/>\r\n<link rel=\"canonical\" href=\"https:\/\/www.vitalibera.org\/community\/2026\/03\/08\/tagesgestaltung-nach-neurologischen-erkrankung\/\" \/>\r\n<meta property=\"og:locale\" content=\"de_DE\" \/>\r\n<meta property=\"og:type\" content=\"article\" \/>\r\n<meta property=\"og:title\" content=\"Tagesgestaltung nach neurologischen Erkrankung - vitalibera.org\" \/>\r\n<meta property=\"og:description\" content=\"Die Tagesgestaltung nach einer neurologischen Erkrankung (z.B. Schlaganfall, MS, Hirnverletzung) erfordert eine feste Struktur, ausgewogene Ruhepausen, gezielte (Ergo-)Therapien und aktivierende Ma\u00dfnahmen zur F\u00f6rderung der Selbstst\u00e4ndigkeit. Ein strukturierter Alltag mit Einbezug betroffener K\u00f6rperseiten, bewusster Ern\u00e4hrung und Reizminimierung (L\u00e4rm, Licht) hilft, \u00dcberforderung zu vermeiden und die Rehabilitation zu unterst\u00fctzen.&nbsp; Grundpfeiler der Tagesstruktur: Tagesablauf gestalten: Unterst\u00fctzungsangebote: Die individuelle ... Weiterlesen\" \/>\r\n<meta property=\"og:url\" content=\"https:\/\/www.vitalibera.org\/community\/2026\/03\/08\/tagesgestaltung-nach-neurologischen-erkrankung\/\" \/>\r\n<meta property=\"og:site_name\" content=\"vitalibera.org\" \/>\r\n<meta property=\"article:publisher\" content=\"https:\/\/www.facebook.com\/groups\/2997085857140235\" \/>\r\n<meta property=\"article:published_time\" content=\"2026-03-08T18:51:05+00:00\" \/>\r\n<meta property=\"article:modified_time\" content=\"2026-03-08T19:01:35+00:00\" \/>\r\n<meta property=\"og:image\" content=\"https:\/\/www.vitalibera.org\/community\/wp-content\/uploads\/2026\/03\/tagesgestaltung.png\" \/>\r\n\t<meta property=\"og:image:width\" content=\"613\" \/>\r\n\t<meta property=\"og:image:height\" content=\"420\" \/>\r\n\t<meta property=\"og:image:type\" content=\"image\/png\" \/>\r\n<meta name=\"author\" content=\"Andreas Jecklin\" \/>\r\n<meta name=\"twitter:card\" content=\"summary_large_image\" \/>\r\n<meta name=\"twitter:label1\" content=\"Verfasst von\" \/>\n\t<meta name=\"twitter:data1\" content=\"Andreas Jecklin\" \/>\n\t<meta name=\"twitter:label2\" content=\"Gesch\u00e4tzte Lesezeit\" \/>\n\t<meta name=\"twitter:data2\" content=\"3\u00a0Minuten\" \/>\r\n<script type=\"application\/ld+json\" class=\"yoast-schema-graph\">{\"@context\":\"https:\\\/\\\/schema.org\",\"@graph\":[{\"@type\":\"Article\",\"@id\":\"https:\\\/\\\/www.vitalibera.org\\\/community\\\/2026\\\/03\\\/08\\\/tagesgestaltung-nach-neurologischen-erkrankung\\\/#article\",\"isPartOf\":{\"@id\":\"https:\\\/\\\/www.vitalibera.org\\\/community\\\/2026\\\/03\\\/08\\\/tagesgestaltung-nach-neurologischen-erkrankung\\\/\"},\"author\":{\"name\":\"Andreas Jecklin\",\"@id\":\"https:\\\/\\\/www.vitalibera.org\\\/community\\\/#\\\/schema\\\/person\\\/6712387298421f222ff6d0a2e22c1534\"},\"headline\":\"Tagesgestaltung nach neurologischen Erkrankung\",\"datePublished\":\"2026-03-08T18:51:05+00:00\",\"dateModified\":\"2026-03-08T19:01:35+00:00\",\"mainEntityOfPage\":{\"@id\":\"https:\\\/\\\/www.vitalibera.org\\\/community\\\/2026\\\/03\\\/08\\\/tagesgestaltung-nach-neurologischen-erkrankung\\\/\"},\"wordCount\":357,\"publisher\":{\"@id\":\"https:\\\/\\\/www.vitalibera.org\\\/community\\\/#organization\"},\"image\":{\"@id\":\"https:\\\/\\\/www.vitalibera.org\\\/community\\\/2026\\\/03\\\/08\\\/tagesgestaltung-nach-neurologischen-erkrankung\\\/#primaryimage\"},\"thumbnailUrl\":\"https:\\\/\\\/www.vitalibera.org\\\/community\\\/wp-content\\\/uploads\\\/2026\\\/03\\\/tagesgestaltung.png\",\"articleSection\":[\"Fachwissen\",\"Strategien\"],\"inLanguage\":\"de\"},{\"@type\":\"WebPage\",\"@id\":\"https:\\\/\\\/www.vitalibera.org\\\/community\\\/2026\\\/03\\\/08\\\/tagesgestaltung-nach-neurologischen-erkrankung\\\/\",\"url\":\"https:\\\/\\\/www.vitalibera.org\\\/community\\\/2026\\\/03\\\/08\\\/tagesgestaltung-nach-neurologischen-erkrankung\\\/\",\"name\":\"Tagesgestaltung nach neurologischen Erkrankung - vitalibera.org\",\"isPartOf\":{\"@id\":\"https:\\\/\\\/www.vitalibera.org\\\/community\\\/#website\"},\"primaryImageOfPage\":{\"@id\":\"https:\\\/\\\/www.vitalibera.org\\\/community\\\/2026\\\/03\\\/08\\\/tagesgestaltung-nach-neurologischen-erkrankung\\\/#primaryimage\"},\"image\":{\"@id\":\"https:\\\/\\\/www.vitalibera.org\\\/community\\\/2026\\\/03\\\/08\\\/tagesgestaltung-nach-neurologischen-erkrankung\\\/#primaryimage\"},\"thumbnailUrl\":\"https:\\\/\\\/www.vitalibera.org\\\/community\\\/wp-content\\\/uploads\\\/2026\\\/03\\\/tagesgestaltung.png\",\"datePublished\":\"2026-03-08T18:51:05+00:00\",\"dateModified\":\"2026-03-08T19:01:35+00:00\",\"breadcrumb\":{\"@id\":\"https:\\\/\\\/www.vitalibera.org\\\/community\\\/2026\\\/03\\\/08\\\/tagesgestaltung-nach-neurologischen-erkrankung\\\/#breadcrumb\"},\"inLanguage\":\"de\",\"potentialAction\":[{\"@type\":\"ReadAction\",\"target\":[\"https:\\\/\\\/www.vitalibera.org\\\/community\\\/2026\\\/03\\\/08\\\/tagesgestaltung-nach-neurologischen-erkrankung\\\/\"]}]},{\"@type\":\"BreadcrumbList\",\"@id\":\"https:\\\/\\\/www.vitalibera.org\\\/community\\\/2026\\\/03\\\/08\\\/tagesgestaltung-nach-neurologischen-erkrankung\\\/#breadcrumb\",\"itemListElement\":[{\"@type\":\"ListItem\",\"position\":1,\"name\":\"Startseite\",\"item\":\"https:\\\/\\\/www.vitalibera.org\\\/community\\\/\"},{\"@type\":\"ListItem\",\"position\":2,\"name\":\"Tagesgestaltung nach neurologischen Erkrankung\"}]},{\"@type\":\"WebSite\",\"@id\":\"https:\\\/\\\/www.vitalibera.org\\\/community\\\/#website\",\"url\":\"https:\\\/\\\/www.vitalibera.org\\\/community\\\/\",\"name\":\"vitalibera.org\",\"description\":\"Mit einer Einschr&auml;nkung gestaltet sich das Leben im Alltag oft schwieriger - hier berichten wir &uuml;ber unsere Erfahrungen und Hilfsmittel um den Alltag so unbeschwert und unkompliziert wie nur m&ouml;glich geniessen zu k&ouml;nnen. Dabei richten wir unseren Fokus gezielt auf Selbst&auml;ndigkeit, Eigenst&auml;ndigkeit und Selbstbestimmung.\",\"publisher\":{\"@id\":\"https:\\\/\\\/www.vitalibera.org\\\/community\\\/#organization\"},\"potentialAction\":[{\"@type\":\"SearchAction\",\"target\":{\"@type\":\"EntryPoint\",\"urlTemplate\":\"https:\\\/\\\/www.vitalibera.org\\\/community\\\/?s={search_term_string}\"},\"query-input\":{\"@type\":\"PropertyValueSpecification\",\"valueRequired\":true,\"valueName\":\"search_term_string\"}}],\"inLanguage\":\"de\"},{\"@type\":\"Organization\",\"@id\":\"https:\\\/\\\/www.vitalibera.org\\\/community\\\/#organization\",\"name\":\"vitalibera.org\",\"url\":\"https:\\\/\\\/www.vitalibera.org\\\/community\\\/\",\"logo\":{\"@type\":\"ImageObject\",\"inLanguage\":\"de\",\"@id\":\"https:\\\/\\\/www.vitalibera.org\\\/community\\\/#\\\/schema\\\/logo\\\/image\\\/\",\"url\":\"https:\\\/\\\/www.vitalibera.org\\\/community\\\/wp-content\\\/uploads\\\/2025\\\/09\\\/cropped-banner.png\",\"contentUrl\":\"https:\\\/\\\/www.vitalibera.org\\\/community\\\/wp-content\\\/uploads\\\/2025\\\/09\\\/cropped-banner.png\",\"width\":991,\"height\":150,\"caption\":\"vitalibera.org\"},\"image\":{\"@id\":\"https:\\\/\\\/www.vitalibera.org\\\/community\\\/#\\\/schema\\\/logo\\\/image\\\/\"},\"sameAs\":[\"https:\\\/\\\/www.facebook.com\\\/groups\\\/2997085857140235\"]},{\"@type\":\"Person\",\"@id\":\"https:\\\/\\\/www.vitalibera.org\\\/community\\\/#\\\/schema\\\/person\\\/6712387298421f222ff6d0a2e22c1534\",\"name\":\"Andreas Jecklin\",\"image\":{\"@type\":\"ImageObject\",\"inLanguage\":\"de\",\"@id\":\"https:\\\/\\\/secure.gravatar.com\\\/avatar\\\/ad516503a11cd5ca435acc9bb6523536?s=96\",\"url\":\"https:\\\/\\\/secure.gravatar.com\\\/avatar\\\/ad516503a11cd5ca435acc9bb6523536?s=96\",\"contentUrl\":\"https:\\\/\\\/secure.gravatar.com\\\/avatar\\\/ad516503a11cd5ca435acc9bb6523536?s=96\",\"caption\":\"Andreas Jecklin\"},\"description\":\"Manchen gab Gott die Kraft Dinge zu ver\u00e4ndern, mir gab er die Kraft zu ertragen was nicht mehr zu \u00e4ndern ist.\",\"url\":\"https:\\\/\\\/www.vitalibera.org\\\/community\\\/author\\\/andy77\\\/\"}]}<\/script>\r\n<!-- \/ Yoast SEO plugin. -->","yoast_head_json":{"title":"Tagesgestaltung nach neurologischen Erkrankung - vitalibera.org","robots":{"index":"index","follow":"follow","max-snippet":"max-snippet:-1","max-image-preview":"max-image-preview:large","max-video-preview":"max-video-preview:-1"},"canonical":"https:\/\/www.vitalibera.org\/community\/2026\/03\/08\/tagesgestaltung-nach-neurologischen-erkrankung\/","og_locale":"de_DE","og_type":"article","og_title":"Tagesgestaltung nach neurologischen Erkrankung - vitalibera.org","og_description":"Die Tagesgestaltung nach einer neurologischen Erkrankung (z.B. Schlaganfall, MS, Hirnverletzung) erfordert eine feste Struktur, ausgewogene Ruhepausen, gezielte (Ergo-)Therapien und aktivierende Ma\u00dfnahmen zur F\u00f6rderung der Selbstst\u00e4ndigkeit. Ein strukturierter Alltag mit Einbezug betroffener K\u00f6rperseiten, bewusster Ern\u00e4hrung und Reizminimierung (L\u00e4rm, Licht) hilft, \u00dcberforderung zu vermeiden und die Rehabilitation zu unterst\u00fctzen.&nbsp; Grundpfeiler der Tagesstruktur: Tagesablauf gestalten: Unterst\u00fctzungsangebote: Die individuelle ... Weiterlesen","og_url":"https:\/\/www.vitalibera.org\/community\/2026\/03\/08\/tagesgestaltung-nach-neurologischen-erkrankung\/","og_site_name":"vitalibera.org","article_publisher":"https:\/\/www.facebook.com\/groups\/2997085857140235","article_published_time":"2026-03-08T18:51:05+00:00","article_modified_time":"2026-03-08T19:01:35+00:00","og_image":[{"width":613,"height":420,"url":"https:\/\/www.vitalibera.org\/community\/wp-content\/uploads\/2026\/03\/tagesgestaltung.png","type":"image\/png"}],"author":"Andreas Jecklin","twitter_card":"summary_large_image","twitter_misc":{"Verfasst von":"Andreas Jecklin","Gesch\u00e4tzte Lesezeit":"3\u00a0Minuten"},"schema":{"@context":"https:\/\/schema.org","@graph":[{"@type":"Article","@id":"https:\/\/www.vitalibera.org\/community\/2026\/03\/08\/tagesgestaltung-nach-neurologischen-erkrankung\/#article","isPartOf":{"@id":"https:\/\/www.vitalibera.org\/community\/2026\/03\/08\/tagesgestaltung-nach-neurologischen-erkrankung\/"},"author":{"name":"Andreas Jecklin","@id":"https:\/\/www.vitalibera.org\/community\/#\/schema\/person\/6712387298421f222ff6d0a2e22c1534"},"headline":"Tagesgestaltung nach neurologischen Erkrankung","datePublished":"2026-03-08T18:51:05+00:00","dateModified":"2026-03-08T19:01:35+00:00","mainEntityOfPage":{"@id":"https:\/\/www.vitalibera.org\/community\/2026\/03\/08\/tagesgestaltung-nach-neurologischen-erkrankung\/"},"wordCount":357,"publisher":{"@id":"https:\/\/www.vitalibera.org\/community\/#organization"},"image":{"@id":"https:\/\/www.vitalibera.org\/community\/2026\/03\/08\/tagesgestaltung-nach-neurologischen-erkrankung\/#primaryimage"},"thumbnailUrl":"https:\/\/www.vitalibera.org\/community\/wp-content\/uploads\/2026\/03\/tagesgestaltung.png","articleSection":["Fachwissen","Strategien"],"inLanguage":"de"},{"@type":"WebPage","@id":"https:\/\/www.vitalibera.org\/community\/2026\/03\/08\/tagesgestaltung-nach-neurologischen-erkrankung\/","url":"https:\/\/www.vitalibera.org\/community\/2026\/03\/08\/tagesgestaltung-nach-neurologischen-erkrankung\/","name":"Tagesgestaltung nach neurologischen Erkrankung - vitalibera.org","isPartOf":{"@id":"https:\/\/www.vitalibera.org\/community\/#website"},"primaryImageOfPage":{"@id":"https:\/\/www.vitalibera.org\/community\/2026\/03\/08\/tagesgestaltung-nach-neurologischen-erkrankung\/#primaryimage"},"image":{"@id":"https:\/\/www.vitalibera.org\/community\/2026\/03\/08\/tagesgestaltung-nach-neurologischen-erkrankung\/#primaryimage"},"thumbnailUrl":"https:\/\/www.vitalibera.org\/community\/wp-content\/uploads\/2026\/03\/tagesgestaltung.png","datePublished":"2026-03-08T18:51:05+00:00","dateModified":"2026-03-08T19:01:35+00:00","breadcrumb":{"@id":"https:\/\/www.vitalibera.org\/community\/2026\/03\/08\/tagesgestaltung-nach-neurologischen-erkrankung\/#breadcrumb"},"inLanguage":"de","potentialAction":[{"@type":"ReadAction","target":["https:\/\/www.vitalibera.org\/community\/2026\/03\/08\/tagesgestaltung-nach-neurologischen-erkrankung\/"]}]},{"@type":"BreadcrumbList","@id":"https:\/\/www.vitalibera.org\/community\/2026\/03\/08\/tagesgestaltung-nach-neurologischen-erkrankung\/#breadcrumb","itemListElement":[{"@type":"ListItem","position":1,"name":"Startseite","item":"https:\/\/www.vitalibera.org\/community\/"},{"@type":"ListItem","position":2,"name":"Tagesgestaltung nach neurologischen Erkrankung"}]},{"@type":"WebSite","@id":"https:\/\/www.vitalibera.org\/community\/#website","url":"https:\/\/www.vitalibera.org\/community\/","name":"vitalibera.org","description":"Mit einer Einschr&auml;nkung gestaltet sich das Leben im Alltag oft schwieriger - hier berichten wir &uuml;ber unsere Erfahrungen und Hilfsmittel um den Alltag so unbeschwert und unkompliziert wie nur m&ouml;glich geniessen zu k&ouml;nnen. Dabei richten wir unseren Fokus gezielt auf Selbst&auml;ndigkeit, Eigenst&auml;ndigkeit und Selbstbestimmung.","publisher":{"@id":"https:\/\/www.vitalibera.org\/community\/#organization"},"potentialAction":[{"@type":"SearchAction","target":{"@type":"EntryPoint","urlTemplate":"https:\/\/www.vitalibera.org\/community\/?s={search_term_string}"},"query-input":{"@type":"PropertyValueSpecification","valueRequired":true,"valueName":"search_term_string"}}],"inLanguage":"de"},{"@type":"Organization","@id":"https:\/\/www.vitalibera.org\/community\/#organization","name":"vitalibera.org","url":"https:\/\/www.vitalibera.org\/community\/","logo":{"@type":"ImageObject","inLanguage":"de","@id":"https:\/\/www.vitalibera.org\/community\/#\/schema\/logo\/image\/","url":"https:\/\/www.vitalibera.org\/community\/wp-content\/uploads\/2025\/09\/cropped-banner.png","contentUrl":"https:\/\/www.vitalibera.org\/community\/wp-content\/uploads\/2025\/09\/cropped-banner.png","width":991,"height":150,"caption":"vitalibera.org"},"image":{"@id":"https:\/\/www.vitalibera.org\/community\/#\/schema\/logo\/image\/"},"sameAs":["https:\/\/www.facebook.com\/groups\/2997085857140235"]},{"@type":"Person","@id":"https:\/\/www.vitalibera.org\/community\/#\/schema\/person\/6712387298421f222ff6d0a2e22c1534","name":"Andreas Jecklin","image":{"@type":"ImageObject","inLanguage":"de","@id":"https:\/\/secure.gravatar.com\/avatar\/ad516503a11cd5ca435acc9bb6523536?s=96","url":"https:\/\/secure.gravatar.com\/avatar\/ad516503a11cd5ca435acc9bb6523536?s=96","contentUrl":"https:\/\/secure.gravatar.com\/avatar\/ad516503a11cd5ca435acc9bb6523536?s=96","caption":"Andreas Jecklin"},"description":"Manchen gab Gott die Kraft Dinge zu ver\u00e4ndern, mir gab er die Kraft zu ertragen was nicht mehr zu \u00e4ndern ist.","url":"https:\/\/www.vitalibera.org\/community\/author\/andy77\/"}]}},"jetpack_publicize_connections":[],"jetpack_sharing_enabled":true,"jetpack-related-posts":[{"id":6080,"url":"https:\/\/www.vitalibera.org\/community\/2026\/03\/13\/staendige-alarmbereitschaft-nach-neurologischen-erkrankung\/","url_meta":{"origin":5985,"position":0},"title":"St\u00e4ndige Alarmbereitschaft nach  neurologischen Erkrankung","author":"Andreas Jecklin","date":"13 M\u00e4rz, 2026","format":false,"excerpt":"St\u00e4ndige Alarmbereitschaft nach einer neurologischen Erkrankung (Hyperarousal)\u00a0ist ein Zustand chronischer \u00dcberreizung, bei dem das Nervensystem auch in Ruhe \"Kampf-oder-Flucht\"-Signale sendet. Dies kann durch traumatische Erfahrungen, Schmerzen oder das Ungleichgewicht des vegetativen Nervensystems entstehen. Es ist essenziell, dies neurologisch abzukl\u00e4ren und durch Entspannungstechniken, Schlafhygiene sowie psychologische Unterst\u00fctzung zu behandeln.\u00a0 Ursachen und\u2026","rel":"","context":"In &quot;Fachwissen&quot;","block_context":{"text":"Fachwissen","link":"https:\/\/www.vitalibera.org\/community\/category\/beitraege\/fachwissen\/"},"img":{"alt_text":"","src":"https:\/\/i0.wp.com\/www.vitalibera.org\/community\/wp-content\/uploads\/2026\/03\/wecker.png?resize=350%2C200&ssl=1","width":350,"height":200,"srcset":"https:\/\/i0.wp.com\/www.vitalibera.org\/community\/wp-content\/uploads\/2026\/03\/wecker.png?resize=350%2C200&ssl=1 1x, https:\/\/i0.wp.com\/www.vitalibera.org\/community\/wp-content\/uploads\/2026\/03\/wecker.png?resize=525%2C300&ssl=1 1.5x"},"classes":[]},{"id":6728,"url":"https:\/\/www.vitalibera.org\/community\/2026\/04\/14\/schritte-nach-der-akut-reha\/","url_meta":{"origin":5985,"position":1},"title":"Schritte nach der Akut\u2011Reha","author":"Andreas Jecklin","date":"14 April, 2026","format":false,"excerpt":"Die ersten Schritte nach der Akut\u2011Reha sind eine sensible, oft \u00fcberfordernde Phase \u2014 aber sie ist auch der Moment, in dem du beginnst, dein neues Leben aktiv zu gestalten. Die wichtigsten Punkte aus aktuellen Leitf\u00e4den und Reha\u2011Forschung lassen sich in f\u00fcnf klaren Bereichen b\u00fcndeln. Medizinische Basis sichern Nach der Entlassung\u2026","rel":"","context":"In &quot;Hilfe f\u00fcr Angeh\u00f6rige&quot;","block_context":{"text":"Hilfe f\u00fcr Angeh\u00f6rige","link":"https:\/\/www.vitalibera.org\/community\/category\/hilfe-fuer-angehoerige\/"},"img":{"alt_text":"","src":"https:\/\/i0.wp.com\/www.vitalibera.org\/community\/wp-content\/uploads\/2026\/04\/nachrehatodo2.png?resize=350%2C200&ssl=1","width":350,"height":200},"classes":[]},{"id":5659,"url":"https:\/\/www.vitalibera.org\/community\/2026\/02\/23\/use-it-or-lose-it\/","url_meta":{"origin":5985,"position":2},"title":"Use it or lose it","author":"Heidi","date":"23 Februar, 2026","format":false,"excerpt":"Warum die gel\u00e4hmte (Hemiparese) K\u00f6rper-Seite unbedingt in den Alltag einbezogen geh\u00f6rt \u00a0 Eine L\u00e4hmung \u2013 zum Beispiel nach einem Schlaganfall oder einer neurologischen Erkrankung \u2013 ver\u00e4ndert das Leben von einem Moment auf den anderen. Viele Betroffene neigen verst\u00e4ndlicherweise dazu, die eingeschr\u00e4nkte K\u00f6rperseite zu schonen und stattdessen die \u201efunktionierende\u201c Seite zu\u2026","rel":"","context":"In &quot;Strategien&quot;","block_context":{"text":"Strategien","link":"https:\/\/www.vitalibera.org\/community\/category\/eigentherapie-und-trainings\/strategien\/"},"img":{"alt_text":"","src":"https:\/\/i0.wp.com\/www.vitalibera.org\/community\/wp-content\/uploads\/2026\/02\/useorloose.png?resize=350%2C200&ssl=1","width":350,"height":200,"srcset":"https:\/\/i0.wp.com\/www.vitalibera.org\/community\/wp-content\/uploads\/2026\/02\/useorloose.png?resize=350%2C200&ssl=1 1x, https:\/\/i0.wp.com\/www.vitalibera.org\/community\/wp-content\/uploads\/2026\/02\/useorloose.png?resize=525%2C300&ssl=1 1.5x"},"classes":[]},{"id":5838,"url":"https:\/\/www.vitalibera.org\/community\/2026\/02\/26\/phasenmodell-einer-neurologischen-rehabilitation\/","url_meta":{"origin":5985,"position":3},"title":"Phasenmodell einer neurologischen Rehabilitation","author":"Andreas Jecklin","date":"26 Februar, 2026","format":false,"excerpt":"Eine Erkrankung oder Verletzung des Nervensystems bedeutet f\u00fcr die Betroffenen einen massiven Einschnitt in ihr Leben und oft den Verlust der Selbst\u00e4ndigkeit.\u00a0Die Neurologische Rehabilitation soll Betroffene mit Hilfe modernster Therapien auf ihrem Weg in Alltag, Familie, Gesellschaft und Beruf zur\u00fcckf\u00fchren. Die neurologische Rehabilitation nach einem Schlaganfall ist in ein Phasenmodell\u2026","rel":"","context":"In &quot;Fachwissen&quot;","block_context":{"text":"Fachwissen","link":"https:\/\/www.vitalibera.org\/community\/category\/beitraege\/fachwissen\/"},"img":{"alt_text":"","src":"https:\/\/i0.wp.com\/www.vitalibera.org\/community\/wp-content\/uploads\/2026\/02\/csm_wegweiser_rehabilitation_40389767c7.jpg?resize=350%2C200&ssl=1","width":350,"height":200,"srcset":"https:\/\/i0.wp.com\/www.vitalibera.org\/community\/wp-content\/uploads\/2026\/02\/csm_wegweiser_rehabilitation_40389767c7.jpg?resize=350%2C200&ssl=1 1x, https:\/\/i0.wp.com\/www.vitalibera.org\/community\/wp-content\/uploads\/2026\/02\/csm_wegweiser_rehabilitation_40389767c7.jpg?resize=525%2C300&ssl=1 1.5x"},"classes":[]},{"id":4969,"url":"https:\/\/www.vitalibera.org\/community\/2026\/01\/04\/alternativen-zu-pflegeheim-institutionen\/","url_meta":{"origin":5985,"position":4},"title":"Alternativen zu Pflegeheim\/Institutionen","author":"Andreas Jecklin","date":"4 Januar, 2026","format":false,"excerpt":"Ein Pflegeheim ist nach einem Schlaganfall oft die letzte Option,\u00a0wenn der Pflegebedarf (z.B. durch schweren Schlaganfall mit Pflegegrad 5) zu Hause trotz ambulanter Unterst\u00fctzung nicht mehr leistbar ist, eine intensive medizinische oder pflegerische Betreuung notwendig wird oder die Belastung f\u00fcr Angeh\u00f6rige zu gro\u00df wird, wobei auch betreute Wohngemeinschaften oder spezielle\u2026","rel":"","context":"In &quot;Hilfe f\u00fcr Angeh\u00f6rige&quot;","block_context":{"text":"Hilfe f\u00fcr Angeh\u00f6rige","link":"https:\/\/www.vitalibera.org\/community\/category\/hilfe-fuer-angehoerige\/"},"img":{"alt_text":"","src":"https:\/\/i0.wp.com\/www.vitalibera.org\/community\/wp-content\/uploads\/2026\/01\/Screenshot-2026-01-04-115243.jpg?resize=350%2C200&ssl=1","width":350,"height":200,"srcset":"https:\/\/i0.wp.com\/www.vitalibera.org\/community\/wp-content\/uploads\/2026\/01\/Screenshot-2026-01-04-115243.jpg?resize=350%2C200&ssl=1 1x, https:\/\/i0.wp.com\/www.vitalibera.org\/community\/wp-content\/uploads\/2026\/01\/Screenshot-2026-01-04-115243.jpg?resize=525%2C300&ssl=1 1.5x"},"classes":[]},{"id":7806,"url":"https:\/\/www.vitalibera.org\/community\/2026\/06\/07\/zurueck-ins-leben-wachsen-garten-und-balkon-als-therapie-nach-neurologischen-einschnitt\/","url_meta":{"origin":5985,"position":5},"title":"Zur\u00fcck ins Leben wachsen \u2013 Garten und Balkon als Therapie nach neurologischen Einschnitt","author":"Andreas Jecklin","date":"7 Juni, 2026","format":false,"excerpt":"Nach einem neurologischen Schicksal kann der Alltag pl\u00f6tzlich ungewohnt schwer und un\u00fcbersichtlich werden. Gewohnte Abl\u00e4ufe funktionieren nicht mehr wie fr\u00fcher, Motivation fehlt und das Vertrauen in den eigenen K\u00f6rper ist ersch\u00fcttert. In dieser Situation kann die Arbeit im Garten oder auf Balkon oder Terrasse mehr sein als nur ein Zeitvertreib:\u2026","rel":"","context":"In &quot;Balkon und Garten&quot;","block_context":{"text":"Balkon und Garten","link":"https:\/\/www.vitalibera.org\/community\/category\/beitraege\/eingeschraenkt-im-alltag\/freizeit-hobbies\/balkon-und-garten\/"},"img":{"alt_text":"","src":"https:\/\/i0.wp.com\/www.vitalibera.org\/community\/wp-content\/uploads\/2026\/06\/garden5454.png?resize=350%2C200&ssl=1","width":350,"height":200},"classes":[]}],"jetpack_featured_media_url":"https:\/\/www.vitalibera.org\/community\/wp-content\/uploads\/2026\/03\/tagesgestaltung.png","_links":{"self":[{"href":"https:\/\/www.vitalibera.org\/community\/wp-json\/wp\/v2\/posts\/5985","targetHints":{"allow":["GET"]}}],"collection":[{"href":"https:\/\/www.vitalibera.org\/community\/wp-json\/wp\/v2\/posts"}],"about":[{"href":"https:\/\/www.vitalibera.org\/community\/wp-json\/wp\/v2\/types\/post"}],"author":[{"embeddable":true,"href":"https:\/\/www.vitalibera.org\/community\/wp-json\/wp\/v2\/users\/2"}],"replies":[{"embeddable":true,"href":"https:\/\/www.vitalibera.org\/community\/wp-json\/wp\/v2\/comments?post=5985"}],"version-history":[{"count":0,"href":"https:\/\/www.vitalibera.org\/community\/wp-json\/wp\/v2\/posts\/5985\/revisions"}],"wp:featuredmedia":[{"embeddable":true,"href":"https:\/\/www.vitalibera.org\/community\/wp-json\/wp\/v2\/media\/5988"}],"wp:attachment":[{"href":"https:\/\/www.vitalibera.org\/community\/wp-json\/wp\/v2\/media?parent=5985"}],"wp:term":[{"taxonomy":"category","embeddable":true,"href":"https:\/\/www.vitalibera.org\/community\/wp-json\/wp\/v2\/categories?post=5985"},{"taxonomy":"post_tag","embeddable":true,"href":"https:\/\/www.vitalibera.org\/community\/wp-json\/wp\/v2\/tags?post=5985"}],"curies":[{"name":"wp","href":"https:\/\/api.w.org\/{rel}","templated":true}]}}