{"id":6040,"date":"2026-03-10T19:16:09","date_gmt":"2026-03-10T18:16:09","guid":{"rendered":"https:\/\/www.vitalibera.org\/community\/?p=6040"},"modified":"2026-03-10T20:40:53","modified_gmt":"2026-03-10T19:40:53","slug":"zuschuss-zur-wohnumfeldoptimierung","status":"publish","type":"post","link":"https:\/\/www.vitalibera.org\/community\/2026\/03\/10\/zuschuss-zur-wohnumfeldoptimierung\/","title":{"rendered":"Zuschuss zur Wohnumfeldoptimierung"},"content":{"rendered":"<div class=\"postie-post\">\n<div>\n<h2 dir=\"ltr\">&#8203;Barrierefrei wohnen: Der Zuschuss zur Wohnumfeldverbesserung<\/h2>\n<p dir=\"ltr\">&#8203;vieles kann dazu f&uuml;hren, dass die eigenen vier W&auml;nde pl&ouml;tzlich voller Barrieren stecken. Wenn das Badezimmer zur Rutschgefahr wird oder die Treppe un&uuml;berwindbar scheint, hilft der <b>Zuschuss zur Wohnumfeldverbesserung<\/b>.<\/p>\n<p dir=\"ltr\">&#8203;In diesem Artikel erfahren Sie, wer Anspruch auf die F&ouml;rderung hat, welche Ma&szlig;nahmen unterst&uuml;tzt werden und wie Sie den Antrag richtig stellen.<\/p>\n<h3 dir=\"ltr\">&#8203;Was ist der Zuschuss zur Wohnumfeldverbesserung?<\/h3>\n<p dir=\"ltr\">&#8203;Die Pflegeversicherung unterst&uuml;tzt Pflegebed&uuml;rftige dabei, ihre Wohnung so anzupassen, dass eine h&auml;usliche Pflege &uuml;berhaupt erst erm&ouml;glicht, erheblich erleichtert oder eine m&ouml;glichst selbstst&auml;ndige Lebensf&uuml;hrung wiederhergestellt wird.<\/p>\n<ul>\n<li dir=\"ltr\">&#8203;<b>F&ouml;rderh&ouml;he:<\/b> Bis zu <b>4.000 &euro;<\/b> pro pflegebed&uuml;rftiger Person.<\/li>\n<li dir=\"ltr\">&#8203;<b>Maximalbetrag:<\/b> Leben mehrere Pflegebed&uuml;rftige in einer Wohngemeinschaft, kann der Zuschuss auf bis zu <b>16.000 &euro;<\/b> (bei 4 Personen) steigen.<\/li>\n<\/ul>\n<h3 dir=\"ltr\">&#8203;Wer hat Anspruch auf die F&ouml;rderung?<\/h3>\n<p dir=\"ltr\">&#8203;Voraussetzung f&uuml;r den Zuschuss ist ein anerkannter <b>Pflegegrad (1 bis 5)<\/b>. Die Ma&szlig;nahme muss zudem notwendig sein, um:<\/p>\n<ol>\n<li dir=\"ltr\">&#8203;Die h&auml;usliche Pflege zu erm&ouml;glichen.<\/li>\n<li dir=\"ltr\">&#8203;Die Pflegepersonen zu entlasten.<\/li>\n<li dir=\"ltr\">&#8203;Die Selbstst&auml;ndigkeit des Pflegebed&uuml;rftigen zu f&ouml;rdern.<\/li>\n<\/ol>\n<h3 dir=\"ltr\">&#8203;Welche Ma&szlig;nahmen werden gef&ouml;rdert?<\/h3>\n<p dir=\"ltr\">&#8203;Gef&ouml;rdert werden fest im Geb&auml;ude verankerte Umbauten oder technische Installationen. Man unterscheidet meist zwischen drei Bereichen:<\/p>\n<p dir=\"ltr\">Badezimmer,&nbsp; Zugang zur Wohnung und allgemeiner Wohnraum.<\/p>\n<p dir=\"ltr\"><b>Wichtig:<\/b> Reine Renovierungsarbeiten (z. B. neues Tapezieren) oder allgemeine Modernisierungen ohne Bezug zur Pflegebed&uuml;rftigkeit werden nicht &uuml;bernommen.<\/p>\n<p>&nbsp;<\/p>\n<h3 dir=\"ltr\">&#8203;Schritt f&uuml;r Schritt zum Zuschuss<\/h3>\n<p dir=\"ltr\">&#8203;Um die F&ouml;rderung reibungslos zu erhalten, sollten Sie folgende Reihenfolge einhalten:<\/p>\n<ol>\n<li dir=\"ltr\">&#8203;<b>Bedarf ermitteln:<\/b> Lassen Sie sich beraten z. B. durch Pflegest&uuml;tzpunkte oder Wohnberater (manche Sanit&auml;tsh&auml;user bieten eine Wohnumfeldberatung an.)&nbsp;<\/li>\n<li dir=\"ltr\">&#8203;<b>Kostenvoranschl&auml;ge einholen:<\/b> Fordern Sie Angebote von Handwerksbetrieben an.<\/li>\n<li dir=\"ltr\">&#8203;<b>Antrag stellen:<\/b> Reichen Sie&nbsp; den Antrag <b>vor Beginn<\/b> der Umbauma&szlig;nahmen bei der Pflegekasse ein.<\/li>\n<li dir=\"ltr\">&#8203;<b>Pr&uuml;fung durch die Kasse:<\/b> Gegebenenfalls schaltet die Kasse den Medizinischen Dienst (MD) ein, um die Notwendigkeit vor Ort zu pr&uuml;fen.<\/li>\n<li dir=\"ltr\">&#8203;<b>Umsetzung:<\/b> Nach der schriftlichen Zusage k&ouml;nnen Sie die Handwerker beauftragen.<\/li>\n<li dir=\"ltr\">&#8203;<b>Auszahlung:<\/b> Nach Abschluss der Arbeiten reichen Sie die Originalrechnungen zur Erstattung ein.&nbsp;<\/li>\n<li dir=\"ltr\">Alternativ besteht auch die M&ouml;glichkeit einer Abtretungserkl&auml;rung, damit der Handwerker direkt mit der Pflegekasse abrechnen kann.Noch fragen?&nbsp;<\/li>\n<li dir=\"ltr\">Kontaktieren Sie ihre Pflegekasse, einen Pflegest&uuml;tzpunkt, oder wenden Sie sich mit Ihren Fragen an das VITALIBERA Team! <a href=\"mailto:info@vitalibera.org\">info(at)vitalibera.org<\/a><\/li>\n<\/ol>\n<div>&nbsp;<\/div>\n<\/div>\n<\/div>\n\n\n<p><strong>Wie oft kann ich einen Zuschuss zur Wohnfeldverbesserung beantragen?<\/strong><\/p>\n\n\n\n<p>Die Anzahl der Zusch&uuml;sse zur Wohnraumanpassung ist nicht begrenzt. Eine Genehmigung bezieht sich immer auf den aktuellen Gesundheitszustand. Wenn sich Ihre Pflegesituation ver&auml;ndert hat, so dass weitere Umbauma&szlig;nahmen notwendig werden, k&ouml;nnen Sie erneut eine Wohnraumanpassung<\/p>\n\n\n\n<p><strong>Was z&auml;hlt alles zur Wohnraumanpassung?<\/strong><\/p>\n\n\n\n<p>Zu diesen z&auml;hlen beispielsweise&nbsp;<strong>Treppen, T&uuml;rschwellen und schmale T&uuml;ren<\/strong>. Werden bekannte H&uuml;rden beseitigt, k&ouml;nnen sich die Bewohner:innen sicherer bewegen. Altersgerechtes Wohnen erleichtert zudem die t&auml;gliche Pflege und das selbst&auml;ndige Wohnen Ihres Verwandten erheblich.<\/p>\n\n\n\n<p><strong>Wann zahlt die Pflegekasse nicht mehr?<\/strong><\/p>\n\n\n\n<p>Der Anspruch auf Pflegegeld endet,&nbsp;<strong>wenn Sie die Voraussetzungen nicht mehr erf&uuml;llen<\/strong>. Also zum Beispiel, wenn Sie in ein Pflegeheim umziehen. Im Todesfall endet der Anspruch am Ende des Monats, in dem die anspruchsberechtigte Person stirbt (vgl. &sect; 37 Abs. 2 Satz 2 SGB XI).<\/p>\n\n\n\n<p><strong>Wie oft bekommt man den Entlastungsbetrag?<\/strong><\/p>\n\n\n\n<p>Mit dem Entlastungsbetrag erhalten Pflegebed&uuml;rftige&nbsp;<strong>monatlich<\/strong>&nbsp;bis zu 131 Euro, um ihren Alltag leichter zu gestalten. Das Geld kann dabei flexibel eingesetzt werden, beispielsweise f&uuml;r Hilfe im Haushalt, Begleitung zu Terminen oder Betreuungsangebote.<\/p>\n\n\n\n<p><strong>Wie ist das in der Schweiz geregelt?<\/strong><\/p>\n\n\n\n<p>Zusch&uuml;sse f&uuml;r Wohnraumanpassungen (altersgerecht oder behindertengerecht) in der Schweiz&nbsp;<mark>erfolgen prim&auml;r &uuml;ber die Invalidenversicherung (IV) f&uuml;r bleibende Behinderungen, oder kantonal f&uuml;r altersbedingte Umbauten<\/mark>. Gef&ouml;rdert werden meist bauliche Massnahmen wie Badumbauten, T&uuml;rverbreiterungen, Lifteinbauten oder Rampen. Procap und Pro Infirmis bieten Beratung an.&nbsp;<\/p>\n\n\n\n<p><strong>Wichtige Anlaufstellen und F&ouml;rderquellen:<\/strong><\/p>\n\n\n\n<ul class=\"wp-block-list\">\n<li><strong><a href=\"https:\/\/www.google.com\/search?q=Invalidenversicherung+%28IV%29&amp;sca_esv=9aee4d03b6daf587&amp;sxsrf=ANbL-n4yJx9nQT4q_pS3Bz0h7xASeBBx5Q%3A1773170831665&amp;ei=j3CwaeyuKPSB9u8P-YPr4AI&amp;biw=1920&amp;bih=911&amp;ved=2ahUKEwikqYOYiZaTAxVz_7sIHXU6AXIQgK4QegQIAxAB&amp;uact=5&amp;oq=zuschuss+wohnraumanpassung+schweiz&amp;gs_lp=Egxnd3Mtd2l6LXNlcnAiInp1c2NodXNzIHdvaG5yYXVtYW5wYXNzdW5nIHNjaHdlaXoyBRAAGO8FMgUQABjvBTIFEAAY7wUyBRAAGO8FMggQABiiBBiJBUj_G1DdAliSFnABeAGQAQCYAY4BoAGxBqoBAzUuM7gBA8gBAPgBAZgCCaAC7QbCAgoQABiwAxjWBBhHwgIFEAAYgATCAgYQABgWGB7CAgUQIRigAcICBRAhGJ8FwgIHECEYoAEYCpgDAIgGAZAGCJIHAzQuNaAH7x6yBwMzLjW4B-IGwgcHMC40LjQuMcgHJYAIAA&amp;sclient=gws-wiz-serp\" target=\"_blank\" rel=\"noreferrer noopener\">Invalidenversicherung (IV)<\/a>:<\/strong>&nbsp;&Uuml;bernimmt Kosten f&uuml;r notwendige Anpassungen bei anerkannter Behinderung (z.B. Bad\/WC, Rollstuhlg&auml;ngigkeit).<\/li>\n\n\n\n<li><strong>Kantone\/Gemeinden:<\/strong>&nbsp;Bieten oft eigene F&ouml;rderprogramme f&uuml;r altersgerechtes Wohnen an, wie im Kanton Basel-Landschaft (bis zu CHF 10&rsquo;000, bei Erg&auml;nzungsleistungen bis zu CHF 40&rsquo;000).<\/li>\n\n\n\n<li><strong><a href=\"https:\/\/www.google.com\/search?q=Procap&amp;sca_esv=9aee4d03b6daf587&amp;sxsrf=ANbL-n4yJx9nQT4q_pS3Bz0h7xASeBBx5Q%3A1773170831665&amp;ei=j3CwaeyuKPSB9u8P-YPr4AI&amp;biw=1920&amp;bih=911&amp;ved=2ahUKEwikqYOYiZaTAxVz_7sIHXU6AXIQgK4QegQIAxAF&amp;uact=5&amp;oq=zuschuss+wohnraumanpassung+schweiz&amp;gs_lp=Egxnd3Mtd2l6LXNlcnAiInp1c2NodXNzIHdvaG5yYXVtYW5wYXNzdW5nIHNjaHdlaXoyBRAAGO8FMgUQABjvBTIFEAAY7wUyBRAAGO8FMggQABiiBBiJBUj_G1DdAliSFnABeAGQAQCYAY4BoAGxBqoBAzUuM7gBA8gBAPgBAZgCCaAC7QbCAgoQABiwAxjWBBhHwgIFEAAYgATCAgYQABgWGB7CAgUQIRigAcICBRAhGJ8FwgIHECEYoAEYCpgDAIgGAZAGCJIHAzQuNaAH7x6yBwMzLjW4B-IGwgcHMC40LjQuMcgHJYAIAA&amp;sclient=gws-wiz-serp\" target=\"_blank\" rel=\"noreferrer noopener\">Procap<\/a>&nbsp;\/&nbsp;<a href=\"https:\/\/www.google.com\/search?q=Pro+Infirmis&amp;sca_esv=9aee4d03b6daf587&amp;sxsrf=ANbL-n4yJx9nQT4q_pS3Bz0h7xASeBBx5Q%3A1773170831665&amp;ei=j3CwaeyuKPSB9u8P-YPr4AI&amp;biw=1920&amp;bih=911&amp;ved=2ahUKEwikqYOYiZaTAxVz_7sIHXU6AXIQgK4QegQIAxAG&amp;uact=5&amp;oq=zuschuss+wohnraumanpassung+schweiz&amp;gs_lp=Egxnd3Mtd2l6LXNlcnAiInp1c2NodXNzIHdvaG5yYXVtYW5wYXNzdW5nIHNjaHdlaXoyBRAAGO8FMgUQABjvBTIFEAAY7wUyBRAAGO8FMggQABiiBBiJBUj_G1DdAliSFnABeAGQAQCYAY4BoAGxBqoBAzUuM7gBA8gBAPgBAZgCCaAC7QbCAgoQABiwAxjWBBhHwgIFEAAYgATCAgYQABgWGB7CAgUQIRigAcICBRAhGJ8FwgIHECEYoAEYCpgDAIgGAZAGCJIHAzQuNaAH7x6yBwMzLjW4B-IGwgcHMC40LjQuMcgHJYAIAA&amp;sclient=gws-wiz-serp\" target=\"_blank\" rel=\"noreferrer noopener\">Pro Infirmis<\/a>:<\/strong>&nbsp;Fachstellen, die bei der Planung und Finanzierung von hindernisfreien Wohnr&auml;umen unterst&uuml;tzen.<\/li>\n\n\n\n<li><strong><a href=\"https:\/\/www.google.com\/search?q=Stiftungen&amp;sca_esv=9aee4d03b6daf587&amp;sxsrf=ANbL-n4yJx9nQT4q_pS3Bz0h7xASeBBx5Q%3A1773170831665&amp;ei=j3CwaeyuKPSB9u8P-YPr4AI&amp;biw=1920&amp;bih=911&amp;ved=2ahUKEwikqYOYiZaTAxVz_7sIHXU6AXIQgK4QegQIAxAI&amp;uact=5&amp;oq=zuschuss+wohnraumanpassung+schweiz&amp;gs_lp=Egxnd3Mtd2l6LXNlcnAiInp1c2NodXNzIHdvaG5yYXVtYW5wYXNzdW5nIHNjaHdlaXoyBRAAGO8FMgUQABjvBTIFEAAY7wUyBRAAGO8FMggQABiiBBiJBUj_G1DdAliSFnABeAGQAQCYAY4BoAGxBqoBAzUuM7gBA8gBAPgBAZgCCaAC7QbCAgoQABiwAxjWBBhHwgIFEAAYgATCAgYQABgWGB7CAgUQIRigAcICBRAhGJ8FwgIHECEYoAEYCpgDAIgGAZAGCJIHAzQuNaAH7x6yBwMzLjW4B-IGwgcHMC40LjQuMcgHJYAIAA&amp;sclient=gws-wiz-serp\">Stiftungen<\/a>:<\/strong>&nbsp;Es gibt spezialisierte Stiftungen, die den Umbau von Wohneigentum unterst&uuml;tzen (z.B.&nbsp;<a href=\"https:\/\/www.sobv.ch\/wohneigentumsfoerderung-d.html\" target=\"_blank\" rel=\"noreferrer noopener\">Schweizerische Stiftung zur F&ouml;rderung von Wohneigentum<\/a>).&nbsp;<\/li>\n<\/ul>\n\n\n\n<p><strong>Voraussetzungen f&uuml;r F&ouml;rderungen:<\/strong><\/p>\n\n\n\n<ul class=\"wp-block-list\">\n<li><strong>Individueller Bedarf:<\/strong>&nbsp;Ein Nachweis (meist &auml;rztlich) ist erforderlich.<\/li>\n\n\n\n<li><strong>Altersgerechtes Wohnen:<\/strong>&nbsp;Oft muss mindestens eine Person im Haushalt das AHV-Alter erreicht haben.<\/li>\n\n\n\n<li><strong>Wohnungstyp:<\/strong>&nbsp;F&ouml;rderung f&uuml;r selbstgenutztes Wohneigentum oder Mietwohnungen m&ouml;glich.<\/li>\n<\/ul>\n","protected":false},"excerpt":{"rendered":"<p>\u200bBarrierefrei wohnen: Der Zuschuss zur Wohnumfeldverbesserung \u200bvieles kann dazu f\u00fchren, dass die eigenen vier W\u00e4nde pl\u00f6tzlich voller Barrieren stecken. Wenn das Badezimmer zur Rutschgefahr wird oder die Treppe un\u00fcberwindbar scheint, hilft der Zuschuss zur Wohnumfeldverbesserung. \u200bIn diesem Artikel erfahren Sie, wer Anspruch auf die F\u00f6rderung hat, welche Ma\u00dfnahmen unterst\u00fctzt werden und wie Sie den Antrag &#8230; <a title=\"Zuschuss zur Wohnumfeldoptimierung\" class=\"read-more\" href=\"https:\/\/www.vitalibera.org\/community\/2026\/03\/10\/zuschuss-zur-wohnumfeldoptimierung\/\" aria-label=\"Mehr Informationen \u00fcber Zuschuss zur Wohnumfeldoptimierung\">Weiterlesen<\/a><\/p>\n","protected":false},"author":3,"featured_media":6042,"comment_status":"open","ping_status":"open","sticky":false,"template":"","format":"standard","meta":{"cybocfi_hide_featured_image":"yes","_jetpack_memberships_contains_paid_content":false,"footnotes":""},"categories":[225],"tags":[],"class_list":["post-6040","post","type-post","status-publish","format-standard","has-post-thumbnail","hentry","category-hilfe-fuer-angehoerige"],"yoast_head":"<!-- This site is optimized with the Yoast SEO plugin v27.4 - https:\/\/yoast.com\/product\/yoast-seo-wordpress\/ -->\r\n<title>Zuschuss zur Wohnumfeldoptimierung - vitalibera.org<\/title>\r\n<meta name=\"robots\" content=\"index, follow, max-snippet:-1, max-image-preview:large, max-video-preview:-1\" \/>\r\n<link rel=\"canonical\" href=\"http:\/\/www.vitalibera.org\/community\/2026\/03\/10\/zuschuss-zur-wohnumfeldoptimierung\/\" \/>\r\n<meta property=\"og:locale\" content=\"de_DE\" \/>\r\n<meta property=\"og:type\" content=\"article\" \/>\r\n<meta property=\"og:title\" content=\"Zuschuss zur Wohnumfeldoptimierung - vitalibera.org\" \/>\r\n<meta property=\"og:description\" content=\"\u200bBarrierefrei wohnen: Der Zuschuss zur Wohnumfeldverbesserung \u200bvieles kann dazu f\u00fchren, dass die eigenen vier W\u00e4nde pl\u00f6tzlich voller Barrieren stecken. Wenn das Badezimmer zur Rutschgefahr wird oder die Treppe un\u00fcberwindbar scheint, hilft der Zuschuss zur Wohnumfeldverbesserung. \u200bIn diesem Artikel erfahren Sie, wer Anspruch auf die F\u00f6rderung hat, welche Ma\u00dfnahmen unterst\u00fctzt werden und wie Sie den Antrag ... Weiterlesen\" \/>\r\n<meta property=\"og:url\" content=\"http:\/\/www.vitalibera.org\/community\/2026\/03\/10\/zuschuss-zur-wohnumfeldoptimierung\/\" \/>\r\n<meta property=\"og:site_name\" content=\"vitalibera.org\" \/>\r\n<meta property=\"article:publisher\" content=\"https:\/\/www.facebook.com\/groups\/2997085857140235\" \/>\r\n<meta property=\"article:published_time\" content=\"2026-03-10T18:16:09+00:00\" \/>\r\n<meta property=\"article:modified_time\" content=\"2026-03-10T19:40:53+00:00\" \/>\r\n<meta property=\"og:image\" content=\"http:\/\/www.vitalibera.org\/community\/wp-content\/uploads\/2026\/03\/zuschuss.png\" \/>\r\n\t<meta property=\"og:image:width\" content=\"635\" \/>\r\n\t<meta property=\"og:image:height\" content=\"477\" \/>\r\n\t<meta property=\"og:image:type\" content=\"image\/png\" \/>\r\n<meta name=\"author\" content=\"Heidi\" \/>\r\n<meta name=\"twitter:card\" content=\"summary_large_image\" \/>\r\n<meta name=\"twitter:label1\" content=\"Verfasst von\" \/>\n\t<meta name=\"twitter:data1\" content=\"Heidi\" \/>\n\t<meta name=\"twitter:label2\" content=\"Gesch\u00e4tzte Lesezeit\" \/>\n\t<meta name=\"twitter:data2\" content=\"4\u00a0Minuten\" \/>\r\n<script type=\"application\/ld+json\" class=\"yoast-schema-graph\">{\"@context\":\"https:\\\/\\\/schema.org\",\"@graph\":[{\"@type\":\"Article\",\"@id\":\"http:\\\/\\\/www.vitalibera.org\\\/community\\\/2026\\\/03\\\/10\\\/zuschuss-zur-wohnumfeldoptimierung\\\/#article\",\"isPartOf\":{\"@id\":\"http:\\\/\\\/www.vitalibera.org\\\/community\\\/2026\\\/03\\\/10\\\/zuschuss-zur-wohnumfeldoptimierung\\\/\"},\"author\":{\"name\":\"Heidi\",\"@id\":\"https:\\\/\\\/www.vitalibera.org\\\/community\\\/#\\\/schema\\\/person\\\/fbd95034e2e55dc43396976b7e9db47c\"},\"headline\":\"Zuschuss zur Wohnumfeldoptimierung\",\"datePublished\":\"2026-03-10T18:16:09+00:00\",\"dateModified\":\"2026-03-10T19:40:53+00:00\",\"mainEntityOfPage\":{\"@id\":\"http:\\\/\\\/www.vitalibera.org\\\/community\\\/2026\\\/03\\\/10\\\/zuschuss-zur-wohnumfeldoptimierung\\\/\"},\"wordCount\":737,\"commentCount\":0,\"publisher\":{\"@id\":\"https:\\\/\\\/www.vitalibera.org\\\/community\\\/#organization\"},\"image\":{\"@id\":\"http:\\\/\\\/www.vitalibera.org\\\/community\\\/2026\\\/03\\\/10\\\/zuschuss-zur-wohnumfeldoptimierung\\\/#primaryimage\"},\"thumbnailUrl\":\"https:\\\/\\\/www.vitalibera.org\\\/community\\\/wp-content\\\/uploads\\\/2026\\\/03\\\/zuschuss.png\",\"articleSection\":[\"Hilfe f\u00fcr Angeh\u00f6rige\"],\"inLanguage\":\"de\",\"potentialAction\":[{\"@type\":\"CommentAction\",\"name\":\"Comment\",\"target\":[\"http:\\\/\\\/www.vitalibera.org\\\/community\\\/2026\\\/03\\\/10\\\/zuschuss-zur-wohnumfeldoptimierung\\\/#respond\"]}]},{\"@type\":\"WebPage\",\"@id\":\"http:\\\/\\\/www.vitalibera.org\\\/community\\\/2026\\\/03\\\/10\\\/zuschuss-zur-wohnumfeldoptimierung\\\/\",\"url\":\"http:\\\/\\\/www.vitalibera.org\\\/community\\\/2026\\\/03\\\/10\\\/zuschuss-zur-wohnumfeldoptimierung\\\/\",\"name\":\"Zuschuss zur Wohnumfeldoptimierung - vitalibera.org\",\"isPartOf\":{\"@id\":\"https:\\\/\\\/www.vitalibera.org\\\/community\\\/#website\"},\"primaryImageOfPage\":{\"@id\":\"http:\\\/\\\/www.vitalibera.org\\\/community\\\/2026\\\/03\\\/10\\\/zuschuss-zur-wohnumfeldoptimierung\\\/#primaryimage\"},\"image\":{\"@id\":\"http:\\\/\\\/www.vitalibera.org\\\/community\\\/2026\\\/03\\\/10\\\/zuschuss-zur-wohnumfeldoptimierung\\\/#primaryimage\"},\"thumbnailUrl\":\"https:\\\/\\\/www.vitalibera.org\\\/community\\\/wp-content\\\/uploads\\\/2026\\\/03\\\/zuschuss.png\",\"datePublished\":\"2026-03-10T18:16:09+00:00\",\"dateModified\":\"2026-03-10T19:40:53+00:00\",\"breadcrumb\":{\"@id\":\"http:\\\/\\\/www.vitalibera.org\\\/community\\\/2026\\\/03\\\/10\\\/zuschuss-zur-wohnumfeldoptimierung\\\/#breadcrumb\"},\"inLanguage\":\"de\",\"potentialAction\":[{\"@type\":\"ReadAction\",\"target\":[\"http:\\\/\\\/www.vitalibera.org\\\/community\\\/2026\\\/03\\\/10\\\/zuschuss-zur-wohnumfeldoptimierung\\\/\"]}]},{\"@type\":\"BreadcrumbList\",\"@id\":\"http:\\\/\\\/www.vitalibera.org\\\/community\\\/2026\\\/03\\\/10\\\/zuschuss-zur-wohnumfeldoptimierung\\\/#breadcrumb\",\"itemListElement\":[{\"@type\":\"ListItem\",\"position\":1,\"name\":\"Startseite\",\"item\":\"https:\\\/\\\/www.vitalibera.org\\\/community\\\/\"},{\"@type\":\"ListItem\",\"position\":2,\"name\":\"Zuschuss zur Wohnumfeldoptimierung\"}]},{\"@type\":\"WebSite\",\"@id\":\"https:\\\/\\\/www.vitalibera.org\\\/community\\\/#website\",\"url\":\"https:\\\/\\\/www.vitalibera.org\\\/community\\\/\",\"name\":\"vitalibera.org\",\"description\":\"Mit einer Einschr&auml;nkung gestaltet sich das Leben im Alltag oft schwieriger - hier berichten wir &uuml;ber unsere Erfahrungen und Hilfsmittel um den Alltag so unbeschwert und unkompliziert wie nur m&ouml;glich geniessen zu k&ouml;nnen. Dabei richten wir unseren Fokus gezielt auf Selbst&auml;ndigkeit, Eigenst&auml;ndigkeit und Selbstbestimmung.\",\"publisher\":{\"@id\":\"https:\\\/\\\/www.vitalibera.org\\\/community\\\/#organization\"},\"potentialAction\":[{\"@type\":\"SearchAction\",\"target\":{\"@type\":\"EntryPoint\",\"urlTemplate\":\"https:\\\/\\\/www.vitalibera.org\\\/community\\\/?s={search_term_string}\"},\"query-input\":{\"@type\":\"PropertyValueSpecification\",\"valueRequired\":true,\"valueName\":\"search_term_string\"}}],\"inLanguage\":\"de\"},{\"@type\":\"Organization\",\"@id\":\"https:\\\/\\\/www.vitalibera.org\\\/community\\\/#organization\",\"name\":\"vitalibera.org\",\"url\":\"https:\\\/\\\/www.vitalibera.org\\\/community\\\/\",\"logo\":{\"@type\":\"ImageObject\",\"inLanguage\":\"de\",\"@id\":\"https:\\\/\\\/www.vitalibera.org\\\/community\\\/#\\\/schema\\\/logo\\\/image\\\/\",\"url\":\"https:\\\/\\\/www.vitalibera.org\\\/community\\\/wp-content\\\/uploads\\\/2025\\\/09\\\/cropped-banner.png\",\"contentUrl\":\"https:\\\/\\\/www.vitalibera.org\\\/community\\\/wp-content\\\/uploads\\\/2025\\\/09\\\/cropped-banner.png\",\"width\":991,\"height\":150,\"caption\":\"vitalibera.org\"},\"image\":{\"@id\":\"https:\\\/\\\/www.vitalibera.org\\\/community\\\/#\\\/schema\\\/logo\\\/image\\\/\"},\"sameAs\":[\"https:\\\/\\\/www.facebook.com\\\/groups\\\/2997085857140235\"]},{\"@type\":\"Person\",\"@id\":\"https:\\\/\\\/www.vitalibera.org\\\/community\\\/#\\\/schema\\\/person\\\/fbd95034e2e55dc43396976b7e9db47c\",\"name\":\"Heidi\",\"image\":{\"@type\":\"ImageObject\",\"inLanguage\":\"de\",\"@id\":\"https:\\\/\\\/secure.gravatar.com\\\/avatar\\\/ad516503a11cd5ca435acc9bb6523536?s=96\",\"url\":\"https:\\\/\\\/secure.gravatar.com\\\/avatar\\\/ad516503a11cd5ca435acc9bb6523536?s=96\",\"contentUrl\":\"https:\\\/\\\/secure.gravatar.com\\\/avatar\\\/ad516503a11cd5ca435acc9bb6523536?s=96\",\"caption\":\"Heidi\"},\"description\":\"Nach Schuss in den Kopf, bei Moranschlag durch polizeibekannten Verbrecher, halbseitig links gel\u00e4hmt.\",\"url\":\"https:\\\/\\\/www.vitalibera.org\\\/community\\\/author\\\/phoenix\\\/\"}]}<\/script>\r\n<!-- \/ Yoast SEO plugin. -->","yoast_head_json":{"title":"Zuschuss zur Wohnumfeldoptimierung - vitalibera.org","robots":{"index":"index","follow":"follow","max-snippet":"max-snippet:-1","max-image-preview":"max-image-preview:large","max-video-preview":"max-video-preview:-1"},"canonical":"http:\/\/www.vitalibera.org\/community\/2026\/03\/10\/zuschuss-zur-wohnumfeldoptimierung\/","og_locale":"de_DE","og_type":"article","og_title":"Zuschuss zur Wohnumfeldoptimierung - vitalibera.org","og_description":"\u200bBarrierefrei wohnen: Der Zuschuss zur Wohnumfeldverbesserung \u200bvieles kann dazu f\u00fchren, dass die eigenen vier W\u00e4nde pl\u00f6tzlich voller Barrieren stecken. Wenn das Badezimmer zur Rutschgefahr wird oder die Treppe un\u00fcberwindbar scheint, hilft der Zuschuss zur Wohnumfeldverbesserung. \u200bIn diesem Artikel erfahren Sie, wer Anspruch auf die F\u00f6rderung hat, welche Ma\u00dfnahmen unterst\u00fctzt werden und wie Sie den Antrag ... Weiterlesen","og_url":"http:\/\/www.vitalibera.org\/community\/2026\/03\/10\/zuschuss-zur-wohnumfeldoptimierung\/","og_site_name":"vitalibera.org","article_publisher":"https:\/\/www.facebook.com\/groups\/2997085857140235","article_published_time":"2026-03-10T18:16:09+00:00","article_modified_time":"2026-03-10T19:40:53+00:00","og_image":[{"width":635,"height":477,"url":"http:\/\/www.vitalibera.org\/community\/wp-content\/uploads\/2026\/03\/zuschuss.png","type":"image\/png"}],"author":"Heidi","twitter_card":"summary_large_image","twitter_misc":{"Verfasst von":"Heidi","Gesch\u00e4tzte Lesezeit":"4\u00a0Minuten"},"schema":{"@context":"https:\/\/schema.org","@graph":[{"@type":"Article","@id":"http:\/\/www.vitalibera.org\/community\/2026\/03\/10\/zuschuss-zur-wohnumfeldoptimierung\/#article","isPartOf":{"@id":"http:\/\/www.vitalibera.org\/community\/2026\/03\/10\/zuschuss-zur-wohnumfeldoptimierung\/"},"author":{"name":"Heidi","@id":"https:\/\/www.vitalibera.org\/community\/#\/schema\/person\/fbd95034e2e55dc43396976b7e9db47c"},"headline":"Zuschuss zur Wohnumfeldoptimierung","datePublished":"2026-03-10T18:16:09+00:00","dateModified":"2026-03-10T19:40:53+00:00","mainEntityOfPage":{"@id":"http:\/\/www.vitalibera.org\/community\/2026\/03\/10\/zuschuss-zur-wohnumfeldoptimierung\/"},"wordCount":737,"commentCount":0,"publisher":{"@id":"https:\/\/www.vitalibera.org\/community\/#organization"},"image":{"@id":"http:\/\/www.vitalibera.org\/community\/2026\/03\/10\/zuschuss-zur-wohnumfeldoptimierung\/#primaryimage"},"thumbnailUrl":"https:\/\/www.vitalibera.org\/community\/wp-content\/uploads\/2026\/03\/zuschuss.png","articleSection":["Hilfe f\u00fcr Angeh\u00f6rige"],"inLanguage":"de","potentialAction":[{"@type":"CommentAction","name":"Comment","target":["http:\/\/www.vitalibera.org\/community\/2026\/03\/10\/zuschuss-zur-wohnumfeldoptimierung\/#respond"]}]},{"@type":"WebPage","@id":"http:\/\/www.vitalibera.org\/community\/2026\/03\/10\/zuschuss-zur-wohnumfeldoptimierung\/","url":"http:\/\/www.vitalibera.org\/community\/2026\/03\/10\/zuschuss-zur-wohnumfeldoptimierung\/","name":"Zuschuss zur Wohnumfeldoptimierung - vitalibera.org","isPartOf":{"@id":"https:\/\/www.vitalibera.org\/community\/#website"},"primaryImageOfPage":{"@id":"http:\/\/www.vitalibera.org\/community\/2026\/03\/10\/zuschuss-zur-wohnumfeldoptimierung\/#primaryimage"},"image":{"@id":"http:\/\/www.vitalibera.org\/community\/2026\/03\/10\/zuschuss-zur-wohnumfeldoptimierung\/#primaryimage"},"thumbnailUrl":"https:\/\/www.vitalibera.org\/community\/wp-content\/uploads\/2026\/03\/zuschuss.png","datePublished":"2026-03-10T18:16:09+00:00","dateModified":"2026-03-10T19:40:53+00:00","breadcrumb":{"@id":"http:\/\/www.vitalibera.org\/community\/2026\/03\/10\/zuschuss-zur-wohnumfeldoptimierung\/#breadcrumb"},"inLanguage":"de","potentialAction":[{"@type":"ReadAction","target":["http:\/\/www.vitalibera.org\/community\/2026\/03\/10\/zuschuss-zur-wohnumfeldoptimierung\/"]}]},{"@type":"BreadcrumbList","@id":"http:\/\/www.vitalibera.org\/community\/2026\/03\/10\/zuschuss-zur-wohnumfeldoptimierung\/#breadcrumb","itemListElement":[{"@type":"ListItem","position":1,"name":"Startseite","item":"https:\/\/www.vitalibera.org\/community\/"},{"@type":"ListItem","position":2,"name":"Zuschuss zur Wohnumfeldoptimierung"}]},{"@type":"WebSite","@id":"https:\/\/www.vitalibera.org\/community\/#website","url":"https:\/\/www.vitalibera.org\/community\/","name":"vitalibera.org","description":"Mit einer Einschr&auml;nkung gestaltet sich das Leben im Alltag oft schwieriger - hier berichten wir &uuml;ber unsere Erfahrungen und Hilfsmittel um den Alltag so unbeschwert und unkompliziert wie nur m&ouml;glich geniessen zu k&ouml;nnen. Dabei richten wir unseren Fokus gezielt auf Selbst&auml;ndigkeit, Eigenst&auml;ndigkeit und Selbstbestimmung.","publisher":{"@id":"https:\/\/www.vitalibera.org\/community\/#organization"},"potentialAction":[{"@type":"SearchAction","target":{"@type":"EntryPoint","urlTemplate":"https:\/\/www.vitalibera.org\/community\/?s={search_term_string}"},"query-input":{"@type":"PropertyValueSpecification","valueRequired":true,"valueName":"search_term_string"}}],"inLanguage":"de"},{"@type":"Organization","@id":"https:\/\/www.vitalibera.org\/community\/#organization","name":"vitalibera.org","url":"https:\/\/www.vitalibera.org\/community\/","logo":{"@type":"ImageObject","inLanguage":"de","@id":"https:\/\/www.vitalibera.org\/community\/#\/schema\/logo\/image\/","url":"https:\/\/www.vitalibera.org\/community\/wp-content\/uploads\/2025\/09\/cropped-banner.png","contentUrl":"https:\/\/www.vitalibera.org\/community\/wp-content\/uploads\/2025\/09\/cropped-banner.png","width":991,"height":150,"caption":"vitalibera.org"},"image":{"@id":"https:\/\/www.vitalibera.org\/community\/#\/schema\/logo\/image\/"},"sameAs":["https:\/\/www.facebook.com\/groups\/2997085857140235"]},{"@type":"Person","@id":"https:\/\/www.vitalibera.org\/community\/#\/schema\/person\/fbd95034e2e55dc43396976b7e9db47c","name":"Heidi","image":{"@type":"ImageObject","inLanguage":"de","@id":"https:\/\/secure.gravatar.com\/avatar\/ad516503a11cd5ca435acc9bb6523536?s=96","url":"https:\/\/secure.gravatar.com\/avatar\/ad516503a11cd5ca435acc9bb6523536?s=96","contentUrl":"https:\/\/secure.gravatar.com\/avatar\/ad516503a11cd5ca435acc9bb6523536?s=96","caption":"Heidi"},"description":"Nach Schuss in den Kopf, bei Moranschlag durch polizeibekannten Verbrecher, halbseitig links gel\u00e4hmt.","url":"https:\/\/www.vitalibera.org\/community\/author\/phoenix\/"}]}},"jetpack_featured_media_url":"https:\/\/www.vitalibera.org\/community\/wp-content\/uploads\/2026\/03\/zuschuss.png","jetpack_sharing_enabled":true,"jetpack-related-posts":[],"_links":{"self":[{"href":"https:\/\/www.vitalibera.org\/community\/wp-json\/wp\/v2\/posts\/6040","targetHints":{"allow":["GET"]}}],"collection":[{"href":"https:\/\/www.vitalibera.org\/community\/wp-json\/wp\/v2\/posts"}],"about":[{"href":"https:\/\/www.vitalibera.org\/community\/wp-json\/wp\/v2\/types\/post"}],"author":[{"embeddable":true,"href":"https:\/\/www.vitalibera.org\/community\/wp-json\/wp\/v2\/users\/3"}],"replies":[{"embeddable":true,"href":"https:\/\/www.vitalibera.org\/community\/wp-json\/wp\/v2\/comments?post=6040"}],"version-history":[{"count":2,"href":"https:\/\/www.vitalibera.org\/community\/wp-json\/wp\/v2\/posts\/6040\/revisions"}],"predecessor-version":[{"id":6045,"href":"https:\/\/www.vitalibera.org\/community\/wp-json\/wp\/v2\/posts\/6040\/revisions\/6045"}],"wp:featuredmedia":[{"embeddable":true,"href":"https:\/\/www.vitalibera.org\/community\/wp-json\/wp\/v2\/media\/6042"}],"wp:attachment":[{"href":"https:\/\/www.vitalibera.org\/community\/wp-json\/wp\/v2\/media?parent=6040"}],"wp:term":[{"taxonomy":"category","embeddable":true,"href":"https:\/\/www.vitalibera.org\/community\/wp-json\/wp\/v2\/categories?post=6040"},{"taxonomy":"post_tag","embeddable":true,"href":"https:\/\/www.vitalibera.org\/community\/wp-json\/wp\/v2\/tags?post=6040"}],"curies":[{"name":"wp","href":"https:\/\/api.w.org\/{rel}","templated":true}]}}