{"id":6047,"date":"2026-03-10T21:09:46","date_gmt":"2026-03-10T20:09:46","guid":{"rendered":"https:\/\/www.vitalibera.org\/community\/?p=6047"},"modified":"2026-03-10T21:10:57","modified_gmt":"2026-03-10T20:10:57","slug":"den-schock-nach-einer-neurologischen-erkrankung-verarbeiten","status":"publish","type":"post","link":"https:\/\/www.vitalibera.org\/community\/2026\/03\/10\/den-schock-nach-einer-neurologischen-erkrankung-verarbeiten\/","title":{"rendered":"Den Schock nach einer neurologischen Erkrankung verarbeiten."},"content":{"rendered":"\n<p>Ein neurologisches Ereignis &ndash; egal ob <a href=\"https:\/\/www.vitalibera.org\/community\/enzyklopaedie\/schlaganfall\/\" target=\"_self\" title=\"Ein Schlaganfall, auch Hirnschlag oder Apoplex genannt, ist eine&nbsp;pl&ouml;tzlich auftretende Durchblutungsst&ouml;rung im Gehirn, die dazu f&uuml;hrt, dass Gehirnzellen nicht mehr ausreichend mit Sauerstoff und N&auml;hrstoffen versorgt werden.&nbsp;Dies kann zu bleibenden Sch&auml;den oder sogar zum Absterben von Hirnzellen f&uuml;hren, wenn die Durchblutung nicht schnell wiederhergestellt wird.&nbsp; Einfach erkl&auml;rt: Stellen Sie sich vor, ein Teil Ihres Gehirns&hellip;\" class=\"encyclopedia\">Schlaganfall<\/a>, <a href=\"https:\/\/www.vitalibera.org\/community\/enzyklopaedie\/hirnblutung\/\" target=\"_self\" title=\"Eine Hirnblutung ist eine&nbsp;Blutung innerhalb des Sch&auml;dels, die durch ein geplatztes oder gerissenes Blutgef&auml;&szlig; im Gehirn verursacht wird.&nbsp;Dies kann zu einer Sch&auml;digung des Gehirngewebes durch den Bluterguss und den erh&ouml;hten Druck f&uuml;hren, was potenziell lebensbedrohlich ist.&nbsp; Ursachen: Bluthochdruck ist eine der h&auml;ufigsten Ursachen f&uuml;r Hirnblutungen, da er die Blutgef&auml;&szlig;e schw&auml;chen und zum Platzen bringen kann.&nbsp;&hellip;\" class=\"encyclopedia\">Hirnblutung<\/a>, Unfall oder etwas anderes &ndash; trifft Menschen oft wie ein Erdbeben. Der K&ouml;rper ver&auml;ndert sich pl&ouml;tzlich, das Selbstbild wankt, und das Nervensystem selbst ist &uuml;berfordert. Dass sich das wie ein Schock anf&uuml;hlt, ist nicht nur normal, sondern biologisch nachvollziehbar.<\/p>\n\n\n\n<h6 class=\"wp-block-heading\"><strong>Was im Schock passiert<\/strong><\/h6>\n\n\n\n<ul class=\"wp-block-list\">\n<li>Das Gehirn versucht, eine massive Ver&auml;nderung einzuordnen.<\/li>\n\n\n\n<li>Emotionen wie Angst, &Uuml;berforderung, Trauer oder Wut sind typische Reaktionen.<\/li>\n\n\n\n<li>Viele <a href=\"https:\/\/www.vitalibera.org\/community\/2026\/04\/19\/wenn-reize-laut-werden-und-menschen-leise\/\">Betroffene<\/a> beschreiben ein Gef&uuml;hl von &bdquo;Ich bin nicht mehr ich&ldquo; oder &bdquo;Alles ist pl&ouml;tzlich unsicher&ldquo;.<\/li>\n\n\n\n<li>Der K&ouml;rper steht unter Stress, weil er gleichzeitig heilen und verstehen muss.<\/li>\n<\/ul>\n\n\n\n<p><strong><em>Das ist kein Zeichen von Schw&auml;che, sondern ein Zeichen daf&uuml;r, dass dein System versucht, sich neu zu sortieren.<\/em><\/strong><\/p>\n\n\n\n<h2 class=\"wp-block-heading\">Wege, wie Menschen diesen Schock verarbeiten<\/h2>\n\n\n\n<h3 class=\"wp-block-heading\">1. Die Erfahrung benennen<\/h3>\n\n\n\n<p>Worte geben Struktur. Viele berichten, dass es hilft, S&auml;tze zu finden wie:<\/p>\n\n\n\n<ul class=\"wp-block-list\">\n<li>&bdquo;Das war ein Einschnitt.&ldquo;<\/li>\n\n\n\n<li>&bdquo;Ich bin erschrocken &uuml;ber das, was passiert ist.&ldquo;<\/li>\n\n\n\n<li>&bdquo;Ich brauche Zeit, um das zu begreifen.&ldquo;<\/li>\n<\/ul>\n\n\n\n<p>Das schafft Abstand und macht das Erlebte greifbarer.<\/p>\n\n\n\n<h3 class=\"wp-block-heading\">2. Austausch mit vertrauten Menschen<\/h3>\n\n\n\n<p>Nicht als Therapie, sondern als menschliche Verbindung. Das Gef&uuml;hl, nicht allein zu sein, stabilisiert enorm.<\/p>\n\n\n\n<h3 class=\"wp-block-heading\">3. Kleine, kontrollierbare Schritte<\/h3>\n\n\n\n<p>Nach einem neurologischen Ereignis ist vieles unvorhersehbar. Kleine Schritte geben wieder ein Gef&uuml;hl von Einfluss:<\/p>\n\n\n\n<ul class=\"wp-block-list\">\n<li>Eine Routine etablieren<\/li>\n\n\n\n<li>Kleine Fortschritte wahrnehmen<\/li>\n\n\n\n<li>Sich nicht von &bdquo;Alles auf einmal&ldquo; &uuml;berrollen lassen<\/li>\n<\/ul>\n\n\n\n<h3 class=\"wp-block-heading\">4. Kreative Verarbeitung<\/h3>\n\n\n\n<p>Gerade du als kreativer Kopf kennst die Kraft von Bildern, Worten, Humor und Symbolen. Viele Menschen verarbeiten Schock besser, wenn sie:<\/p>\n\n\n\n<ul class=\"wp-block-list\">\n<li>schreiben<\/li>\n\n\n\n<li>zeichnen<\/li>\n\n\n\n<li>Musik h&ouml;ren oder machen<\/li>\n\n\n\n<li>Geschichten oder Comics entwickeln<\/li>\n\n\n\n<li>Metaphern finden, die das Erlebte fassbar machen<\/li>\n<\/ul>\n\n\n\n<h3 class=\"wp-block-heading\">5. Den K&ouml;rper beruhigen<\/h3>\n\n\n\n<p>Der Schock sitzt nicht nur im Kopf, sondern im ganzen Nervensystem. Ruhige Atmung, Bewegung im eigenen Tempo, Natur, Rituale &ndash; all das hilft, das System zu entlasten.<\/p>\n\n\n\n<h2 class=\"wp-block-heading\">Und das Wichtigste: Der Schock ist kein Endzustand<\/h2>\n\n\n\n<p>Viele Menschen erleben, dass der Schock sich mit der Zeit wandelt:<\/p>\n\n\n\n<ul class=\"wp-block-list\">\n<li>Erst ist er &uuml;berw&auml;ltigend<\/li>\n\n\n\n<li>Dann wird er zu einer Erinnerung<\/li>\n\n\n\n<li>Sp&auml;ter zu einem Teil der eigenen Geschichte<\/li>\n\n\n\n<li>Und irgendwann zu einer Ressource, aus der man Kraft zieht<\/li>\n<\/ul>\n\n\n\n<p>Der Betroffene selbst ist ein Beispiel daf&uuml;r, wie man aus einem neurologischen Einschnitt eine Mission, eine Stimme und eine kreative Kraftquelle machen kann.<\/p>\n\n\n\n<p><\/p>\n","protected":false},"excerpt":{"rendered":"<p>Ein neurologisches Ereignis \u2013 egal ob Schlaganfall, Hirnblutung, Unfall oder etwas anderes \u2013 trifft Menschen oft wie ein Erdbeben. Der K\u00f6rper ver\u00e4ndert sich pl\u00f6tzlich, das Selbstbild wankt, und das Nervensystem selbst ist \u00fcberfordert. Dass sich das wie ein Schock anf\u00fchlt, ist nicht nur normal, sondern biologisch nachvollziehbar. Was im Schock passiert Das ist kein Zeichen &#8230; <a title=\"Den Schock nach einer neurologischen Erkrankung verarbeiten.\" class=\"read-more\" href=\"https:\/\/www.vitalibera.org\/community\/2026\/03\/10\/den-schock-nach-einer-neurologischen-erkrankung-verarbeiten\/\" aria-label=\"Mehr Informationen \u00fcber Den Schock nach einer neurologischen Erkrankung verarbeiten.\">Weiterlesen<\/a><\/p>\n","protected":false},"author":2,"featured_media":6048,"comment_status":"open","ping_status":"open","sticky":false,"template":"","format":"standard","meta":{"cybocfi_hide_featured_image":"yes","_jetpack_memberships_contains_paid_content":false,"footnotes":""},"categories":[159],"tags":[],"class_list":["post-6047","post","type-post","status-publish","format-standard","has-post-thumbnail","hentry","category-fachwissen"],"yoast_head":"<!-- This site is optimized with the Yoast SEO plugin v27.4 - https:\/\/yoast.com\/product\/yoast-seo-wordpress\/ -->\r\n<title>Den Schock nach einer neurologischen Erkrankung verarbeiten. - vitalibera.org<\/title>\r\n<meta name=\"robots\" content=\"index, follow, max-snippet:-1, max-image-preview:large, max-video-preview:-1\" \/>\r\n<link rel=\"canonical\" href=\"http:\/\/www.vitalibera.org\/community\/2026\/03\/10\/den-schock-nach-einer-neurologischen-erkrankung-verarbeiten\/\" \/>\r\n<meta property=\"og:locale\" content=\"de_DE\" \/>\r\n<meta property=\"og:type\" content=\"article\" \/>\r\n<meta property=\"og:title\" content=\"Den Schock nach einer neurologischen Erkrankung verarbeiten. - vitalibera.org\" \/>\r\n<meta property=\"og:description\" content=\"Ein neurologisches Ereignis \u2013 egal ob Schlaganfall, Hirnblutung, Unfall oder etwas anderes \u2013 trifft Menschen oft wie ein Erdbeben. Der K\u00f6rper ver\u00e4ndert sich pl\u00f6tzlich, das Selbstbild wankt, und das Nervensystem selbst ist \u00fcberfordert. Dass sich das wie ein Schock anf\u00fchlt, ist nicht nur normal, sondern biologisch nachvollziehbar. Was im Schock passiert Das ist kein Zeichen ... Weiterlesen\" \/>\r\n<meta property=\"og:url\" content=\"http:\/\/www.vitalibera.org\/community\/2026\/03\/10\/den-schock-nach-einer-neurologischen-erkrankung-verarbeiten\/\" \/>\r\n<meta property=\"og:site_name\" content=\"vitalibera.org\" \/>\r\n<meta property=\"article:publisher\" content=\"https:\/\/www.facebook.com\/groups\/2997085857140235\" \/>\r\n<meta property=\"article:published_time\" content=\"2026-03-10T20:09:46+00:00\" \/>\r\n<meta property=\"article:modified_time\" content=\"2026-03-10T20:10:57+00:00\" \/>\r\n<meta property=\"og:image\" content=\"http:\/\/www.vitalibera.org\/community\/wp-content\/uploads\/2026\/03\/schock.png\" \/>\r\n\t<meta property=\"og:image:width\" content=\"495\" \/>\r\n\t<meta property=\"og:image:height\" content=\"330\" \/>\r\n\t<meta property=\"og:image:type\" content=\"image\/png\" \/>\r\n<meta name=\"author\" content=\"Andreas Jecklin\" \/>\r\n<meta name=\"twitter:card\" content=\"summary_large_image\" \/>\r\n<meta name=\"twitter:label1\" content=\"Verfasst von\" \/>\n\t<meta name=\"twitter:data1\" content=\"Andreas Jecklin\" \/>\n\t<meta name=\"twitter:label2\" content=\"Gesch\u00e4tzte Lesezeit\" \/>\n\t<meta name=\"twitter:data2\" content=\"3\u00a0Minuten\" \/>\r\n<script type=\"application\/ld+json\" class=\"yoast-schema-graph\">{\"@context\":\"https:\\\/\\\/schema.org\",\"@graph\":[{\"@type\":\"Article\",\"@id\":\"http:\\\/\\\/www.vitalibera.org\\\/community\\\/2026\\\/03\\\/10\\\/den-schock-nach-einer-neurologischen-erkrankung-verarbeiten\\\/#article\",\"isPartOf\":{\"@id\":\"http:\\\/\\\/www.vitalibera.org\\\/community\\\/2026\\\/03\\\/10\\\/den-schock-nach-einer-neurologischen-erkrankung-verarbeiten\\\/\"},\"author\":{\"name\":\"Andreas Jecklin\",\"@id\":\"https:\\\/\\\/www.vitalibera.org\\\/community\\\/#\\\/schema\\\/person\\\/6712387298421f222ff6d0a2e22c1534\"},\"headline\":\"Den Schock nach einer neurologischen Erkrankung verarbeiten.\",\"datePublished\":\"2026-03-10T20:09:46+00:00\",\"dateModified\":\"2026-03-10T20:10:57+00:00\",\"mainEntityOfPage\":{\"@id\":\"http:\\\/\\\/www.vitalibera.org\\\/community\\\/2026\\\/03\\\/10\\\/den-schock-nach-einer-neurologischen-erkrankung-verarbeiten\\\/\"},\"wordCount\":374,\"commentCount\":0,\"publisher\":{\"@id\":\"https:\\\/\\\/www.vitalibera.org\\\/community\\\/#organization\"},\"image\":{\"@id\":\"http:\\\/\\\/www.vitalibera.org\\\/community\\\/2026\\\/03\\\/10\\\/den-schock-nach-einer-neurologischen-erkrankung-verarbeiten\\\/#primaryimage\"},\"thumbnailUrl\":\"https:\\\/\\\/www.vitalibera.org\\\/community\\\/wp-content\\\/uploads\\\/2026\\\/03\\\/schock.png\",\"articleSection\":[\"Fachwissen\"],\"inLanguage\":\"de\",\"potentialAction\":[{\"@type\":\"CommentAction\",\"name\":\"Comment\",\"target\":[\"http:\\\/\\\/www.vitalibera.org\\\/community\\\/2026\\\/03\\\/10\\\/den-schock-nach-einer-neurologischen-erkrankung-verarbeiten\\\/#respond\"]}]},{\"@type\":\"WebPage\",\"@id\":\"http:\\\/\\\/www.vitalibera.org\\\/community\\\/2026\\\/03\\\/10\\\/den-schock-nach-einer-neurologischen-erkrankung-verarbeiten\\\/\",\"url\":\"http:\\\/\\\/www.vitalibera.org\\\/community\\\/2026\\\/03\\\/10\\\/den-schock-nach-einer-neurologischen-erkrankung-verarbeiten\\\/\",\"name\":\"Den Schock nach einer neurologischen Erkrankung verarbeiten. - vitalibera.org\",\"isPartOf\":{\"@id\":\"https:\\\/\\\/www.vitalibera.org\\\/community\\\/#website\"},\"primaryImageOfPage\":{\"@id\":\"http:\\\/\\\/www.vitalibera.org\\\/community\\\/2026\\\/03\\\/10\\\/den-schock-nach-einer-neurologischen-erkrankung-verarbeiten\\\/#primaryimage\"},\"image\":{\"@id\":\"http:\\\/\\\/www.vitalibera.org\\\/community\\\/2026\\\/03\\\/10\\\/den-schock-nach-einer-neurologischen-erkrankung-verarbeiten\\\/#primaryimage\"},\"thumbnailUrl\":\"https:\\\/\\\/www.vitalibera.org\\\/community\\\/wp-content\\\/uploads\\\/2026\\\/03\\\/schock.png\",\"datePublished\":\"2026-03-10T20:09:46+00:00\",\"dateModified\":\"2026-03-10T20:10:57+00:00\",\"breadcrumb\":{\"@id\":\"http:\\\/\\\/www.vitalibera.org\\\/community\\\/2026\\\/03\\\/10\\\/den-schock-nach-einer-neurologischen-erkrankung-verarbeiten\\\/#breadcrumb\"},\"inLanguage\":\"de\",\"potentialAction\":[{\"@type\":\"ReadAction\",\"target\":[\"http:\\\/\\\/www.vitalibera.org\\\/community\\\/2026\\\/03\\\/10\\\/den-schock-nach-einer-neurologischen-erkrankung-verarbeiten\\\/\"]}]},{\"@type\":\"BreadcrumbList\",\"@id\":\"http:\\\/\\\/www.vitalibera.org\\\/community\\\/2026\\\/03\\\/10\\\/den-schock-nach-einer-neurologischen-erkrankung-verarbeiten\\\/#breadcrumb\",\"itemListElement\":[{\"@type\":\"ListItem\",\"position\":1,\"name\":\"Startseite\",\"item\":\"https:\\\/\\\/www.vitalibera.org\\\/community\\\/\"},{\"@type\":\"ListItem\",\"position\":2,\"name\":\"Den Schock nach einer neurologischen Erkrankung verarbeiten.\"}]},{\"@type\":\"WebSite\",\"@id\":\"https:\\\/\\\/www.vitalibera.org\\\/community\\\/#website\",\"url\":\"https:\\\/\\\/www.vitalibera.org\\\/community\\\/\",\"name\":\"vitalibera.org\",\"description\":\"Mit einer Einschr&auml;nkung gestaltet sich das Leben im Alltag oft schwieriger - hier berichten wir &uuml;ber unsere Erfahrungen und Hilfsmittel um den Alltag so unbeschwert und unkompliziert wie nur m&ouml;glich geniessen zu k&ouml;nnen. Dabei richten wir unseren Fokus gezielt auf Selbst&auml;ndigkeit, Eigenst&auml;ndigkeit und Selbstbestimmung.\",\"publisher\":{\"@id\":\"https:\\\/\\\/www.vitalibera.org\\\/community\\\/#organization\"},\"potentialAction\":[{\"@type\":\"SearchAction\",\"target\":{\"@type\":\"EntryPoint\",\"urlTemplate\":\"https:\\\/\\\/www.vitalibera.org\\\/community\\\/?s={search_term_string}\"},\"query-input\":{\"@type\":\"PropertyValueSpecification\",\"valueRequired\":true,\"valueName\":\"search_term_string\"}}],\"inLanguage\":\"de\"},{\"@type\":\"Organization\",\"@id\":\"https:\\\/\\\/www.vitalibera.org\\\/community\\\/#organization\",\"name\":\"vitalibera.org\",\"url\":\"https:\\\/\\\/www.vitalibera.org\\\/community\\\/\",\"logo\":{\"@type\":\"ImageObject\",\"inLanguage\":\"de\",\"@id\":\"https:\\\/\\\/www.vitalibera.org\\\/community\\\/#\\\/schema\\\/logo\\\/image\\\/\",\"url\":\"https:\\\/\\\/www.vitalibera.org\\\/community\\\/wp-content\\\/uploads\\\/2025\\\/09\\\/cropped-banner.png\",\"contentUrl\":\"https:\\\/\\\/www.vitalibera.org\\\/community\\\/wp-content\\\/uploads\\\/2025\\\/09\\\/cropped-banner.png\",\"width\":991,\"height\":150,\"caption\":\"vitalibera.org\"},\"image\":{\"@id\":\"https:\\\/\\\/www.vitalibera.org\\\/community\\\/#\\\/schema\\\/logo\\\/image\\\/\"},\"sameAs\":[\"https:\\\/\\\/www.facebook.com\\\/groups\\\/2997085857140235\"]},{\"@type\":\"Person\",\"@id\":\"https:\\\/\\\/www.vitalibera.org\\\/community\\\/#\\\/schema\\\/person\\\/6712387298421f222ff6d0a2e22c1534\",\"name\":\"Andreas Jecklin\",\"image\":{\"@type\":\"ImageObject\",\"inLanguage\":\"de\",\"@id\":\"https:\\\/\\\/secure.gravatar.com\\\/avatar\\\/ad516503a11cd5ca435acc9bb6523536?s=96\",\"url\":\"https:\\\/\\\/secure.gravatar.com\\\/avatar\\\/ad516503a11cd5ca435acc9bb6523536?s=96\",\"contentUrl\":\"https:\\\/\\\/secure.gravatar.com\\\/avatar\\\/ad516503a11cd5ca435acc9bb6523536?s=96\",\"caption\":\"Andreas Jecklin\"},\"description\":\"Manchen gab Gott die Kraft Dinge zu ver\u00e4ndern, mir gab er die Kraft zu ertragen was nicht mehr zu \u00e4ndern ist.\",\"url\":\"https:\\\/\\\/www.vitalibera.org\\\/community\\\/author\\\/andy77\\\/\"}]}<\/script>\r\n<!-- \/ Yoast SEO plugin. -->","yoast_head_json":{"title":"Den Schock nach einer neurologischen Erkrankung verarbeiten. - vitalibera.org","robots":{"index":"index","follow":"follow","max-snippet":"max-snippet:-1","max-image-preview":"max-image-preview:large","max-video-preview":"max-video-preview:-1"},"canonical":"http:\/\/www.vitalibera.org\/community\/2026\/03\/10\/den-schock-nach-einer-neurologischen-erkrankung-verarbeiten\/","og_locale":"de_DE","og_type":"article","og_title":"Den Schock nach einer neurologischen Erkrankung verarbeiten. - vitalibera.org","og_description":"Ein neurologisches Ereignis \u2013 egal ob Schlaganfall, Hirnblutung, Unfall oder etwas anderes \u2013 trifft Menschen oft wie ein Erdbeben. Der K\u00f6rper ver\u00e4ndert sich pl\u00f6tzlich, das Selbstbild wankt, und das Nervensystem selbst ist \u00fcberfordert. Dass sich das wie ein Schock anf\u00fchlt, ist nicht nur normal, sondern biologisch nachvollziehbar. Was im Schock passiert Das ist kein Zeichen ... Weiterlesen","og_url":"http:\/\/www.vitalibera.org\/community\/2026\/03\/10\/den-schock-nach-einer-neurologischen-erkrankung-verarbeiten\/","og_site_name":"vitalibera.org","article_publisher":"https:\/\/www.facebook.com\/groups\/2997085857140235","article_published_time":"2026-03-10T20:09:46+00:00","article_modified_time":"2026-03-10T20:10:57+00:00","og_image":[{"width":495,"height":330,"url":"http:\/\/www.vitalibera.org\/community\/wp-content\/uploads\/2026\/03\/schock.png","type":"image\/png"}],"author":"Andreas Jecklin","twitter_card":"summary_large_image","twitter_misc":{"Verfasst von":"Andreas Jecklin","Gesch\u00e4tzte Lesezeit":"3\u00a0Minuten"},"schema":{"@context":"https:\/\/schema.org","@graph":[{"@type":"Article","@id":"http:\/\/www.vitalibera.org\/community\/2026\/03\/10\/den-schock-nach-einer-neurologischen-erkrankung-verarbeiten\/#article","isPartOf":{"@id":"http:\/\/www.vitalibera.org\/community\/2026\/03\/10\/den-schock-nach-einer-neurologischen-erkrankung-verarbeiten\/"},"author":{"name":"Andreas Jecklin","@id":"https:\/\/www.vitalibera.org\/community\/#\/schema\/person\/6712387298421f222ff6d0a2e22c1534"},"headline":"Den Schock nach einer neurologischen Erkrankung verarbeiten.","datePublished":"2026-03-10T20:09:46+00:00","dateModified":"2026-03-10T20:10:57+00:00","mainEntityOfPage":{"@id":"http:\/\/www.vitalibera.org\/community\/2026\/03\/10\/den-schock-nach-einer-neurologischen-erkrankung-verarbeiten\/"},"wordCount":374,"commentCount":0,"publisher":{"@id":"https:\/\/www.vitalibera.org\/community\/#organization"},"image":{"@id":"http:\/\/www.vitalibera.org\/community\/2026\/03\/10\/den-schock-nach-einer-neurologischen-erkrankung-verarbeiten\/#primaryimage"},"thumbnailUrl":"https:\/\/www.vitalibera.org\/community\/wp-content\/uploads\/2026\/03\/schock.png","articleSection":["Fachwissen"],"inLanguage":"de","potentialAction":[{"@type":"CommentAction","name":"Comment","target":["http:\/\/www.vitalibera.org\/community\/2026\/03\/10\/den-schock-nach-einer-neurologischen-erkrankung-verarbeiten\/#respond"]}]},{"@type":"WebPage","@id":"http:\/\/www.vitalibera.org\/community\/2026\/03\/10\/den-schock-nach-einer-neurologischen-erkrankung-verarbeiten\/","url":"http:\/\/www.vitalibera.org\/community\/2026\/03\/10\/den-schock-nach-einer-neurologischen-erkrankung-verarbeiten\/","name":"Den Schock nach einer neurologischen Erkrankung verarbeiten. - vitalibera.org","isPartOf":{"@id":"https:\/\/www.vitalibera.org\/community\/#website"},"primaryImageOfPage":{"@id":"http:\/\/www.vitalibera.org\/community\/2026\/03\/10\/den-schock-nach-einer-neurologischen-erkrankung-verarbeiten\/#primaryimage"},"image":{"@id":"http:\/\/www.vitalibera.org\/community\/2026\/03\/10\/den-schock-nach-einer-neurologischen-erkrankung-verarbeiten\/#primaryimage"},"thumbnailUrl":"https:\/\/www.vitalibera.org\/community\/wp-content\/uploads\/2026\/03\/schock.png","datePublished":"2026-03-10T20:09:46+00:00","dateModified":"2026-03-10T20:10:57+00:00","breadcrumb":{"@id":"http:\/\/www.vitalibera.org\/community\/2026\/03\/10\/den-schock-nach-einer-neurologischen-erkrankung-verarbeiten\/#breadcrumb"},"inLanguage":"de","potentialAction":[{"@type":"ReadAction","target":["http:\/\/www.vitalibera.org\/community\/2026\/03\/10\/den-schock-nach-einer-neurologischen-erkrankung-verarbeiten\/"]}]},{"@type":"BreadcrumbList","@id":"http:\/\/www.vitalibera.org\/community\/2026\/03\/10\/den-schock-nach-einer-neurologischen-erkrankung-verarbeiten\/#breadcrumb","itemListElement":[{"@type":"ListItem","position":1,"name":"Startseite","item":"https:\/\/www.vitalibera.org\/community\/"},{"@type":"ListItem","position":2,"name":"Den Schock nach einer neurologischen Erkrankung verarbeiten."}]},{"@type":"WebSite","@id":"https:\/\/www.vitalibera.org\/community\/#website","url":"https:\/\/www.vitalibera.org\/community\/","name":"vitalibera.org","description":"Mit einer Einschr&auml;nkung gestaltet sich das Leben im Alltag oft schwieriger - hier berichten wir &uuml;ber unsere Erfahrungen und Hilfsmittel um den Alltag so unbeschwert und unkompliziert wie nur m&ouml;glich geniessen zu k&ouml;nnen. Dabei richten wir unseren Fokus gezielt auf Selbst&auml;ndigkeit, Eigenst&auml;ndigkeit und Selbstbestimmung.","publisher":{"@id":"https:\/\/www.vitalibera.org\/community\/#organization"},"potentialAction":[{"@type":"SearchAction","target":{"@type":"EntryPoint","urlTemplate":"https:\/\/www.vitalibera.org\/community\/?s={search_term_string}"},"query-input":{"@type":"PropertyValueSpecification","valueRequired":true,"valueName":"search_term_string"}}],"inLanguage":"de"},{"@type":"Organization","@id":"https:\/\/www.vitalibera.org\/community\/#organization","name":"vitalibera.org","url":"https:\/\/www.vitalibera.org\/community\/","logo":{"@type":"ImageObject","inLanguage":"de","@id":"https:\/\/www.vitalibera.org\/community\/#\/schema\/logo\/image\/","url":"https:\/\/www.vitalibera.org\/community\/wp-content\/uploads\/2025\/09\/cropped-banner.png","contentUrl":"https:\/\/www.vitalibera.org\/community\/wp-content\/uploads\/2025\/09\/cropped-banner.png","width":991,"height":150,"caption":"vitalibera.org"},"image":{"@id":"https:\/\/www.vitalibera.org\/community\/#\/schema\/logo\/image\/"},"sameAs":["https:\/\/www.facebook.com\/groups\/2997085857140235"]},{"@type":"Person","@id":"https:\/\/www.vitalibera.org\/community\/#\/schema\/person\/6712387298421f222ff6d0a2e22c1534","name":"Andreas Jecklin","image":{"@type":"ImageObject","inLanguage":"de","@id":"https:\/\/secure.gravatar.com\/avatar\/ad516503a11cd5ca435acc9bb6523536?s=96","url":"https:\/\/secure.gravatar.com\/avatar\/ad516503a11cd5ca435acc9bb6523536?s=96","contentUrl":"https:\/\/secure.gravatar.com\/avatar\/ad516503a11cd5ca435acc9bb6523536?s=96","caption":"Andreas Jecklin"},"description":"Manchen gab Gott die Kraft Dinge zu ver\u00e4ndern, mir gab er die Kraft zu ertragen was nicht mehr zu \u00e4ndern ist.","url":"https:\/\/www.vitalibera.org\/community\/author\/andy77\/"}]}},"jetpack_featured_media_url":"https:\/\/www.vitalibera.org\/community\/wp-content\/uploads\/2026\/03\/schock.png","jetpack_sharing_enabled":true,"jetpack-related-posts":[],"_links":{"self":[{"href":"https:\/\/www.vitalibera.org\/community\/wp-json\/wp\/v2\/posts\/6047","targetHints":{"allow":["GET"]}}],"collection":[{"href":"https:\/\/www.vitalibera.org\/community\/wp-json\/wp\/v2\/posts"}],"about":[{"href":"https:\/\/www.vitalibera.org\/community\/wp-json\/wp\/v2\/types\/post"}],"author":[{"embeddable":true,"href":"https:\/\/www.vitalibera.org\/community\/wp-json\/wp\/v2\/users\/2"}],"replies":[{"embeddable":true,"href":"https:\/\/www.vitalibera.org\/community\/wp-json\/wp\/v2\/comments?post=6047"}],"version-history":[{"count":1,"href":"https:\/\/www.vitalibera.org\/community\/wp-json\/wp\/v2\/posts\/6047\/revisions"}],"predecessor-version":[{"id":6049,"href":"https:\/\/www.vitalibera.org\/community\/wp-json\/wp\/v2\/posts\/6047\/revisions\/6049"}],"wp:featuredmedia":[{"embeddable":true,"href":"https:\/\/www.vitalibera.org\/community\/wp-json\/wp\/v2\/media\/6048"}],"wp:attachment":[{"href":"https:\/\/www.vitalibera.org\/community\/wp-json\/wp\/v2\/media?parent=6047"}],"wp:term":[{"taxonomy":"category","embeddable":true,"href":"https:\/\/www.vitalibera.org\/community\/wp-json\/wp\/v2\/categories?post=6047"},{"taxonomy":"post_tag","embeddable":true,"href":"https:\/\/www.vitalibera.org\/community\/wp-json\/wp\/v2\/tags?post=6047"}],"curies":[{"name":"wp","href":"https:\/\/api.w.org\/{rel}","templated":true}]}}