{"id":6102,"date":"2026-03-13T20:46:43","date_gmt":"2026-03-13T19:46:43","guid":{"rendered":"https:\/\/www.vitalibera.org\/community\/?p=6102"},"modified":"2026-03-13T20:53:49","modified_gmt":"2026-03-13T19:53:49","slug":"reha-bericht-bescheinigt-arbeitsfaehig-was-nun","status":"publish","type":"post","link":"https:\/\/www.vitalibera.org\/community\/2026\/03\/13\/reha-bericht-bescheinigt-arbeitsfaehig-was-nun\/","title":{"rendered":"Reha-Bericht bescheinigt arbeitsf\u00e4hig &#8211; Was nun?"},"content":{"rendered":"\n<p>Ein Reha-Bericht, der &ldquo;arbeitsf&auml;hig&rdquo; bescheinigt,&nbsp;ist oft nur eine Prognose, die behandelnde &Auml;rzte durch eigene Krankschreibungen &uuml;berstimmen k&ouml;nnen. <a href=\"https:\/\/www.vitalibera.org\/community\/2026\/04\/19\/wenn-reize-laut-werden-und-menschen-leise\/\">Betroffene<\/a> sollten den Bericht genau pr&uuml;fen, da er Auswirkungen auf Krankengeld oder Rente hat. Bei Diskrepanzen zwischen Reha-Urteil und eigenem Befinden ist zeitnahes Handeln (Widerspruch, Arztbesuch) wichtig.&nbsp;<\/p>\n\n\n\n<p><strong>Wichtige Aspekte bei arbeitsf&auml;higer Entlassung:<\/strong><\/p>\n\n\n\n<ul class=\"wp-block-list\">\n<li><strong>Verbindlichkeit:<\/strong>&nbsp;Die Einstufung im Entlassungsbericht ist eine fach&auml;rztliche Empfehlung, jedoch keine absolute Anweisung an den Hausarzt.<\/li>\n\n\n\n<li><strong>Weiter AU-Schreibung:<\/strong>&nbsp;Wenn Sie sich krank f&uuml;hlen, kann Ihr behandelnder Arzt Sie am Tag nach der Entlassung weiter krankschreiben.<\/li>\n\n\n\n<li><strong>Widerspruch:<\/strong>&nbsp;Bei falscher Einstufung (z.B. arbeitsf&auml;hig trotz schwerer Erkrankung) kann Widerspruch eingelegt werden.<\/li>\n\n\n\n<li><strong>Arbeitsmarkt:<\/strong>&nbsp;Es wird unterschieden zwischen der Arbeitsf&auml;higkeit im aktuellen Job und auf dem allgemeinen Arbeitsmarkt.<\/li>\n\n\n\n<li><strong>&Uuml;bergangsgeld:<\/strong>&nbsp;W&auml;hrend der Reha wird &Uuml;bergangsgeld gezahlt, danach endet dies mit der Feststellung der Arbeitsf&auml;higkeit.&nbsp;<\/li>\n<\/ul>\n\n\n\n<div class=\"wp-block-media-text is-stacked-on-mobile\"><figure class=\"wp-block-media-text__media\"><img fetchpriority=\"high\" decoding=\"async\" width=\"302\" height=\"277\" src=\"http:\/\/www.vitalibera.org\/community\/wp-content\/uploads\/2026\/03\/tip3.png\" alt=\"\" class=\"wp-image-6087 size-full\" srcset=\"https:\/\/www.vitalibera.org\/community\/wp-content\/uploads\/2026\/03\/tip3.png 302w, https:\/\/www.vitalibera.org\/community\/wp-content\/uploads\/2026\/03\/tip3-300x275.png 300w\" sizes=\"(max-width: 302px) 100vw, 302px\" \/><\/figure><div class=\"wp-block-media-text__content\">\n<p>Reha-Bericht umgehend pr&uuml;fen.<\/p>\n\n\n\n<p>Bei abweichendem Befinden sofort den Hausarzt\/Facharzt aufsuchen, um die AU-Bescheinigung nahtlos fortzuf&uuml;hren.<\/p>\n\n\n\n<p>Beratung bei Sozialverb&auml;nden (z.B.&nbsp;<a href=\"https:\/\/www.facebook.com\/VdK.Deutschland\/videos\/im-reha-entlassungsbericht-steht-dass-du-arbeitsf%C3%A4hig-bist-aber-du-f%C3%BChlst-dich-d\/1442441214240832\/\" target=\"_blank\" rel=\"noreferrer noopener\">VdK<\/a>, SoVD) in Anspruch nehmen.&nbsp;oder in der Schweiz <a href=\"https:\/\/www.proinfirmis.ch\/\">pro Infirmis<\/a><\/p>\n<\/div><\/div>\n\n\n\n<p><em>Hinweis: Dies stellt keine Rechtsberatung dar.<\/em>&nbsp;<\/p>\n\n\n\n<p><strong>Was bedeutet arbeitsf&auml;hig nach Reha?<\/strong><\/p>\n\n\n\n<p>Nach dem Abschluss einer medizinischen Reha wird Ihnen entweder Arbeitsf&auml;higkeit oder Arbeitsunf&auml;higkeit bescheinigt.&nbsp;<strong>Wird Ihnen eine Arbeitsunf&auml;higkeit attestiert, sind unter anderem eine stufenweise <a href=\"https:\/\/www.vitalibera.org\/community\/enzyklopaedie\/wiedereingliederung\/\" target=\"_self\" title=\"Die Wiedereingliederung (oft als &bdquo;Hamburger Modell&ldquo; bezeichnet) ist eine&nbsp;medizinische Rehabilitationsma&szlig;nahme, die Arbeitnehmer nach l&auml;ngerer Krankheit stufenweise an ihren Arbeitsplatz zur&uuml;ckf&uuml;hrt. Sie dient der Wiederherstellung der Arbeitsf&auml;higkeit, wobei der Mitarbeiter w&auml;hrend des Prozesses offiziell arbeitsunf&auml;hig bleibt und die Arbeitszeit schrittweise steigert.\" class=\"encyclopedia\">Wiedereingliederung<\/a> oder Ma&szlig;nahmen zur beruflichen Rehabilitation m&ouml;glich<\/strong><\/p>\n\n\n\n<p><strong>Was sagt der Reha-Bericht aus?<\/strong><\/p>\n\n\n\n<p>Der Reha-Entlassungsbericht informiert behandelnde &Auml;rztinnen und &Auml;rzte, Rentenversicherungstr&auml;ger und Patientinnen und Patienten sowie gegebenenfalls andere ausgew&auml;hlte Adressaten&nbsp;&uuml;ber Diagnosen, erhobene Befunde, Reha-Ziele, -Verlauf, -Ergebnis und gibt Hinweise zur Weiterbehandlung einschlie&szlig;lich Reha-Nachsorge<\/p>\n\n\n\n<p><strong>M&ouml;gliche Prognosen nach der REHA?<\/strong><\/p>\n\n\n\n<ol class=\"wp-block-list\">\n<li>Arbeitsf&auml;hig und problemlose Wiederaufnahme der beruflichen T&auml;tigkeit<\/li>\n\n\n\n<li>Arbeitsunf&auml;hig, aber M&ouml;glichkeit auf&nbsp;stufenweise <a href=\"https:\/\/www.vitalibera.org\/community\/enzyklopaedie\/wiedereingliederung\/\" target=\"_self\" title=\"Die Wiedereingliederung (oft als &bdquo;Hamburger Modell&ldquo; bezeichnet) ist eine&nbsp;medizinische Rehabilitationsma&szlig;nahme, die Arbeitnehmer nach l&auml;ngerer Krankheit stufenweise an ihren Arbeitsplatz zur&uuml;ckf&uuml;hrt. Sie dient der Wiederherstellung der Arbeitsf&auml;higkeit, wobei der Mitarbeiter w&auml;hrend des Prozesses offiziell arbeitsunf&auml;hig bleibt und die Arbeitszeit schrittweise steigert.\" class=\"encyclopedia\">Wiedereingliederung<\/a><\/li>\n\n\n\n<li>Arbeitsunf&auml;hig, aber M&ouml;glichkeit auf&nbsp;berufliche Reha<\/li>\n\n\n\n<li>Arbeitsunf&auml;hig und Aussicht auf&nbsp;dauerhafte Erwerbsunf&auml;higkeit<\/li>\n<\/ol>\n\n\n\n<figure class=\"wp-block-embed is-type-video is-provider-youtube wp-block-embed-youtube wp-embed-aspect-16-9 wp-has-aspect-ratio\"><div class=\"wp-block-embed__wrapper\">\n<iframe title=\"Reha-Entlassungsbericht falsch? So wehrst du dich!  | Rat und Tat\" width=\"1200\" height=\"675\" src=\"https:\/\/www.youtube.com\/embed\/sZSgJ23csnw?feature=oembed\" frameborder=\"0\" allow=\"accelerometer; autoplay; clipboard-write; encrypted-media; gyroscope; picture-in-picture; web-share\" referrerpolicy=\"strict-origin-when-cross-origin\" allowfullscreen><\/iframe>\n<\/div><\/figure>\n","protected":false},"excerpt":{"rendered":"<p>Ein Reha-Bericht, der &#8220;arbeitsf\u00e4hig&#8221; bescheinigt,&nbsp;ist oft nur eine Prognose, die behandelnde \u00c4rzte durch eigene Krankschreibungen \u00fcberstimmen k\u00f6nnen. Betroffene sollten den Bericht genau pr\u00fcfen, da er Auswirkungen auf Krankengeld oder Rente hat. Bei Diskrepanzen zwischen Reha-Urteil und eigenem Befinden ist zeitnahes Handeln (Widerspruch, Arztbesuch) wichtig.&nbsp; Wichtige Aspekte bei arbeitsf\u00e4higer Entlassung: Reha-Bericht umgehend pr\u00fcfen. Bei abweichendem Befinden &#8230; <a title=\"Reha-Bericht bescheinigt arbeitsf\u00e4hig &#8211; Was nun?\" class=\"read-more\" href=\"https:\/\/www.vitalibera.org\/community\/2026\/03\/13\/reha-bericht-bescheinigt-arbeitsfaehig-was-nun\/\" aria-label=\"Mehr Informationen \u00fcber Reha-Bericht bescheinigt arbeitsf\u00e4hig &#8211; Was nun?\">Weiterlesen<\/a><\/p>\n","protected":false},"author":2,"featured_media":6103,"comment_status":"closed","ping_status":"open","sticky":false,"template":"","format":"standard","meta":{"cybocfi_hide_featured_image":"yes","_jetpack_memberships_contains_paid_content":false,"footnotes":""},"categories":[159,271],"tags":[],"class_list":["post-6102","post","type-post","status-publish","format-standard","has-post-thumbnail","hentry","category-fachwissen","category-kanzlei"],"yoast_head":"<!-- This site is optimized with the Yoast SEO plugin v27.4 - https:\/\/yoast.com\/product\/yoast-seo-wordpress\/ -->\r\n<title>Reha-Bericht bescheinigt arbeitsf\u00e4hig - Was nun? - vitalibera.org<\/title>\r\n<meta name=\"robots\" content=\"index, follow, max-snippet:-1, max-image-preview:large, max-video-preview:-1\" \/>\r\n<link rel=\"canonical\" href=\"http:\/\/www.vitalibera.org\/community\/2026\/03\/13\/reha-bericht-bescheinigt-arbeitsfaehig-was-nun\/\" \/>\r\n<meta property=\"og:locale\" content=\"de_DE\" \/>\r\n<meta property=\"og:type\" content=\"article\" \/>\r\n<meta property=\"og:title\" content=\"Reha-Bericht bescheinigt arbeitsf\u00e4hig - Was nun? - vitalibera.org\" \/>\r\n<meta property=\"og:description\" content=\"Ein Reha-Bericht, der &#8220;arbeitsf\u00e4hig&#8221; bescheinigt,&nbsp;ist oft nur eine Prognose, die behandelnde \u00c4rzte durch eigene Krankschreibungen \u00fcberstimmen k\u00f6nnen. Betroffene sollten den Bericht genau pr\u00fcfen, da er Auswirkungen auf Krankengeld oder Rente hat. Bei Diskrepanzen zwischen Reha-Urteil und eigenem Befinden ist zeitnahes Handeln (Widerspruch, Arztbesuch) wichtig.&nbsp; Wichtige Aspekte bei arbeitsf\u00e4higer Entlassung: Reha-Bericht umgehend pr\u00fcfen. Bei abweichendem Befinden ... Weiterlesen\" \/>\r\n<meta property=\"og:url\" content=\"http:\/\/www.vitalibera.org\/community\/2026\/03\/13\/reha-bericht-bescheinigt-arbeitsfaehig-was-nun\/\" \/>\r\n<meta property=\"og:site_name\" content=\"vitalibera.org\" \/>\r\n<meta property=\"article:publisher\" content=\"https:\/\/www.facebook.com\/groups\/2997085857140235\" \/>\r\n<meta property=\"article:published_time\" content=\"2026-03-13T19:46:43+00:00\" \/>\r\n<meta property=\"article:modified_time\" content=\"2026-03-13T19:53:49+00:00\" \/>\r\n<meta property=\"og:image\" content=\"http:\/\/www.vitalibera.org\/community\/wp-content\/uploads\/2026\/03\/work0.png\" \/>\r\n\t<meta property=\"og:image:width\" content=\"749\" \/>\r\n\t<meta property=\"og:image:height\" content=\"447\" \/>\r\n\t<meta property=\"og:image:type\" content=\"image\/png\" \/>\r\n<meta name=\"author\" content=\"Andreas Jecklin\" \/>\r\n<meta name=\"twitter:card\" content=\"summary_large_image\" \/>\r\n<meta name=\"twitter:label1\" content=\"Verfasst von\" \/>\n\t<meta name=\"twitter:data1\" content=\"Andreas Jecklin\" \/>\n\t<meta name=\"twitter:label2\" content=\"Gesch\u00e4tzte Lesezeit\" \/>\n\t<meta name=\"twitter:data2\" content=\"2\u00a0Minuten\" \/>\r\n<script type=\"application\/ld+json\" class=\"yoast-schema-graph\">{\"@context\":\"https:\\\/\\\/schema.org\",\"@graph\":[{\"@type\":\"Article\",\"@id\":\"http:\\\/\\\/www.vitalibera.org\\\/community\\\/2026\\\/03\\\/13\\\/reha-bericht-bescheinigt-arbeitsfaehig-was-nun\\\/#article\",\"isPartOf\":{\"@id\":\"http:\\\/\\\/www.vitalibera.org\\\/community\\\/2026\\\/03\\\/13\\\/reha-bericht-bescheinigt-arbeitsfaehig-was-nun\\\/\"},\"author\":{\"name\":\"Andreas Jecklin\",\"@id\":\"https:\\\/\\\/www.vitalibera.org\\\/community\\\/#\\\/schema\\\/person\\\/6712387298421f222ff6d0a2e22c1534\"},\"headline\":\"Reha-Bericht bescheinigt arbeitsf\u00e4hig &#8211; Was nun?\",\"datePublished\":\"2026-03-13T19:46:43+00:00\",\"dateModified\":\"2026-03-13T19:53:49+00:00\",\"mainEntityOfPage\":{\"@id\":\"http:\\\/\\\/www.vitalibera.org\\\/community\\\/2026\\\/03\\\/13\\\/reha-bericht-bescheinigt-arbeitsfaehig-was-nun\\\/\"},\"wordCount\":330,\"publisher\":{\"@id\":\"https:\\\/\\\/www.vitalibera.org\\\/community\\\/#organization\"},\"image\":{\"@id\":\"http:\\\/\\\/www.vitalibera.org\\\/community\\\/2026\\\/03\\\/13\\\/reha-bericht-bescheinigt-arbeitsfaehig-was-nun\\\/#primaryimage\"},\"thumbnailUrl\":\"https:\\\/\\\/www.vitalibera.org\\\/community\\\/wp-content\\\/uploads\\\/2026\\\/03\\\/work0.png\",\"articleSection\":[\"Fachwissen\",\"Kanzlei\"],\"inLanguage\":\"de\"},{\"@type\":\"WebPage\",\"@id\":\"http:\\\/\\\/www.vitalibera.org\\\/community\\\/2026\\\/03\\\/13\\\/reha-bericht-bescheinigt-arbeitsfaehig-was-nun\\\/\",\"url\":\"http:\\\/\\\/www.vitalibera.org\\\/community\\\/2026\\\/03\\\/13\\\/reha-bericht-bescheinigt-arbeitsfaehig-was-nun\\\/\",\"name\":\"Reha-Bericht bescheinigt arbeitsf\u00e4hig - Was nun? - vitalibera.org\",\"isPartOf\":{\"@id\":\"https:\\\/\\\/www.vitalibera.org\\\/community\\\/#website\"},\"primaryImageOfPage\":{\"@id\":\"http:\\\/\\\/www.vitalibera.org\\\/community\\\/2026\\\/03\\\/13\\\/reha-bericht-bescheinigt-arbeitsfaehig-was-nun\\\/#primaryimage\"},\"image\":{\"@id\":\"http:\\\/\\\/www.vitalibera.org\\\/community\\\/2026\\\/03\\\/13\\\/reha-bericht-bescheinigt-arbeitsfaehig-was-nun\\\/#primaryimage\"},\"thumbnailUrl\":\"https:\\\/\\\/www.vitalibera.org\\\/community\\\/wp-content\\\/uploads\\\/2026\\\/03\\\/work0.png\",\"datePublished\":\"2026-03-13T19:46:43+00:00\",\"dateModified\":\"2026-03-13T19:53:49+00:00\",\"breadcrumb\":{\"@id\":\"http:\\\/\\\/www.vitalibera.org\\\/community\\\/2026\\\/03\\\/13\\\/reha-bericht-bescheinigt-arbeitsfaehig-was-nun\\\/#breadcrumb\"},\"inLanguage\":\"de\",\"potentialAction\":[{\"@type\":\"ReadAction\",\"target\":[\"http:\\\/\\\/www.vitalibera.org\\\/community\\\/2026\\\/03\\\/13\\\/reha-bericht-bescheinigt-arbeitsfaehig-was-nun\\\/\"]}]},{\"@type\":\"BreadcrumbList\",\"@id\":\"http:\\\/\\\/www.vitalibera.org\\\/community\\\/2026\\\/03\\\/13\\\/reha-bericht-bescheinigt-arbeitsfaehig-was-nun\\\/#breadcrumb\",\"itemListElement\":[{\"@type\":\"ListItem\",\"position\":1,\"name\":\"Startseite\",\"item\":\"https:\\\/\\\/www.vitalibera.org\\\/community\\\/\"},{\"@type\":\"ListItem\",\"position\":2,\"name\":\"Reha-Bericht bescheinigt arbeitsf\u00e4hig &#8211; Was nun?\"}]},{\"@type\":\"WebSite\",\"@id\":\"https:\\\/\\\/www.vitalibera.org\\\/community\\\/#website\",\"url\":\"https:\\\/\\\/www.vitalibera.org\\\/community\\\/\",\"name\":\"vitalibera.org\",\"description\":\"Mit einer Einschr&auml;nkung gestaltet sich das Leben im Alltag oft schwieriger - hier berichten wir &uuml;ber unsere Erfahrungen und Hilfsmittel um den Alltag so unbeschwert und unkompliziert wie nur m&ouml;glich geniessen zu k&ouml;nnen. Dabei richten wir unseren Fokus gezielt auf Selbst&auml;ndigkeit, Eigenst&auml;ndigkeit und Selbstbestimmung.\",\"publisher\":{\"@id\":\"https:\\\/\\\/www.vitalibera.org\\\/community\\\/#organization\"},\"potentialAction\":[{\"@type\":\"SearchAction\",\"target\":{\"@type\":\"EntryPoint\",\"urlTemplate\":\"https:\\\/\\\/www.vitalibera.org\\\/community\\\/?s={search_term_string}\"},\"query-input\":{\"@type\":\"PropertyValueSpecification\",\"valueRequired\":true,\"valueName\":\"search_term_string\"}}],\"inLanguage\":\"de\"},{\"@type\":\"Organization\",\"@id\":\"https:\\\/\\\/www.vitalibera.org\\\/community\\\/#organization\",\"name\":\"vitalibera.org\",\"url\":\"https:\\\/\\\/www.vitalibera.org\\\/community\\\/\",\"logo\":{\"@type\":\"ImageObject\",\"inLanguage\":\"de\",\"@id\":\"https:\\\/\\\/www.vitalibera.org\\\/community\\\/#\\\/schema\\\/logo\\\/image\\\/\",\"url\":\"https:\\\/\\\/www.vitalibera.org\\\/community\\\/wp-content\\\/uploads\\\/2025\\\/09\\\/cropped-banner.png\",\"contentUrl\":\"https:\\\/\\\/www.vitalibera.org\\\/community\\\/wp-content\\\/uploads\\\/2025\\\/09\\\/cropped-banner.png\",\"width\":991,\"height\":150,\"caption\":\"vitalibera.org\"},\"image\":{\"@id\":\"https:\\\/\\\/www.vitalibera.org\\\/community\\\/#\\\/schema\\\/logo\\\/image\\\/\"},\"sameAs\":[\"https:\\\/\\\/www.facebook.com\\\/groups\\\/2997085857140235\"]},{\"@type\":\"Person\",\"@id\":\"https:\\\/\\\/www.vitalibera.org\\\/community\\\/#\\\/schema\\\/person\\\/6712387298421f222ff6d0a2e22c1534\",\"name\":\"Andreas Jecklin\",\"image\":{\"@type\":\"ImageObject\",\"inLanguage\":\"de\",\"@id\":\"https:\\\/\\\/secure.gravatar.com\\\/avatar\\\/ad516503a11cd5ca435acc9bb6523536?s=96\",\"url\":\"https:\\\/\\\/secure.gravatar.com\\\/avatar\\\/ad516503a11cd5ca435acc9bb6523536?s=96\",\"contentUrl\":\"https:\\\/\\\/secure.gravatar.com\\\/avatar\\\/ad516503a11cd5ca435acc9bb6523536?s=96\",\"caption\":\"Andreas Jecklin\"},\"description\":\"Manchen gab Gott die Kraft Dinge zu ver\u00e4ndern, mir gab er die Kraft zu ertragen was nicht mehr zu \u00e4ndern ist.\",\"url\":\"https:\\\/\\\/www.vitalibera.org\\\/community\\\/author\\\/andy77\\\/\"}]}<\/script>\r\n<!-- \/ Yoast SEO plugin. -->","yoast_head_json":{"title":"Reha-Bericht bescheinigt arbeitsf\u00e4hig - Was nun? - vitalibera.org","robots":{"index":"index","follow":"follow","max-snippet":"max-snippet:-1","max-image-preview":"max-image-preview:large","max-video-preview":"max-video-preview:-1"},"canonical":"http:\/\/www.vitalibera.org\/community\/2026\/03\/13\/reha-bericht-bescheinigt-arbeitsfaehig-was-nun\/","og_locale":"de_DE","og_type":"article","og_title":"Reha-Bericht bescheinigt arbeitsf\u00e4hig - Was nun? - vitalibera.org","og_description":"Ein Reha-Bericht, der &#8220;arbeitsf\u00e4hig&#8221; bescheinigt,&nbsp;ist oft nur eine Prognose, die behandelnde \u00c4rzte durch eigene Krankschreibungen \u00fcberstimmen k\u00f6nnen. Betroffene sollten den Bericht genau pr\u00fcfen, da er Auswirkungen auf Krankengeld oder Rente hat. Bei Diskrepanzen zwischen Reha-Urteil und eigenem Befinden ist zeitnahes Handeln (Widerspruch, Arztbesuch) wichtig.&nbsp; Wichtige Aspekte bei arbeitsf\u00e4higer Entlassung: Reha-Bericht umgehend pr\u00fcfen. Bei abweichendem Befinden ... Weiterlesen","og_url":"http:\/\/www.vitalibera.org\/community\/2026\/03\/13\/reha-bericht-bescheinigt-arbeitsfaehig-was-nun\/","og_site_name":"vitalibera.org","article_publisher":"https:\/\/www.facebook.com\/groups\/2997085857140235","article_published_time":"2026-03-13T19:46:43+00:00","article_modified_time":"2026-03-13T19:53:49+00:00","og_image":[{"width":749,"height":447,"url":"http:\/\/www.vitalibera.org\/community\/wp-content\/uploads\/2026\/03\/work0.png","type":"image\/png"}],"author":"Andreas Jecklin","twitter_card":"summary_large_image","twitter_misc":{"Verfasst von":"Andreas Jecklin","Gesch\u00e4tzte Lesezeit":"2\u00a0Minuten"},"schema":{"@context":"https:\/\/schema.org","@graph":[{"@type":"Article","@id":"http:\/\/www.vitalibera.org\/community\/2026\/03\/13\/reha-bericht-bescheinigt-arbeitsfaehig-was-nun\/#article","isPartOf":{"@id":"http:\/\/www.vitalibera.org\/community\/2026\/03\/13\/reha-bericht-bescheinigt-arbeitsfaehig-was-nun\/"},"author":{"name":"Andreas Jecklin","@id":"https:\/\/www.vitalibera.org\/community\/#\/schema\/person\/6712387298421f222ff6d0a2e22c1534"},"headline":"Reha-Bericht bescheinigt arbeitsf\u00e4hig &#8211; Was nun?","datePublished":"2026-03-13T19:46:43+00:00","dateModified":"2026-03-13T19:53:49+00:00","mainEntityOfPage":{"@id":"http:\/\/www.vitalibera.org\/community\/2026\/03\/13\/reha-bericht-bescheinigt-arbeitsfaehig-was-nun\/"},"wordCount":330,"publisher":{"@id":"https:\/\/www.vitalibera.org\/community\/#organization"},"image":{"@id":"http:\/\/www.vitalibera.org\/community\/2026\/03\/13\/reha-bericht-bescheinigt-arbeitsfaehig-was-nun\/#primaryimage"},"thumbnailUrl":"https:\/\/www.vitalibera.org\/community\/wp-content\/uploads\/2026\/03\/work0.png","articleSection":["Fachwissen","Kanzlei"],"inLanguage":"de"},{"@type":"WebPage","@id":"http:\/\/www.vitalibera.org\/community\/2026\/03\/13\/reha-bericht-bescheinigt-arbeitsfaehig-was-nun\/","url":"http:\/\/www.vitalibera.org\/community\/2026\/03\/13\/reha-bericht-bescheinigt-arbeitsfaehig-was-nun\/","name":"Reha-Bericht bescheinigt arbeitsf\u00e4hig - Was nun? - vitalibera.org","isPartOf":{"@id":"https:\/\/www.vitalibera.org\/community\/#website"},"primaryImageOfPage":{"@id":"http:\/\/www.vitalibera.org\/community\/2026\/03\/13\/reha-bericht-bescheinigt-arbeitsfaehig-was-nun\/#primaryimage"},"image":{"@id":"http:\/\/www.vitalibera.org\/community\/2026\/03\/13\/reha-bericht-bescheinigt-arbeitsfaehig-was-nun\/#primaryimage"},"thumbnailUrl":"https:\/\/www.vitalibera.org\/community\/wp-content\/uploads\/2026\/03\/work0.png","datePublished":"2026-03-13T19:46:43+00:00","dateModified":"2026-03-13T19:53:49+00:00","breadcrumb":{"@id":"http:\/\/www.vitalibera.org\/community\/2026\/03\/13\/reha-bericht-bescheinigt-arbeitsfaehig-was-nun\/#breadcrumb"},"inLanguage":"de","potentialAction":[{"@type":"ReadAction","target":["http:\/\/www.vitalibera.org\/community\/2026\/03\/13\/reha-bericht-bescheinigt-arbeitsfaehig-was-nun\/"]}]},{"@type":"BreadcrumbList","@id":"http:\/\/www.vitalibera.org\/community\/2026\/03\/13\/reha-bericht-bescheinigt-arbeitsfaehig-was-nun\/#breadcrumb","itemListElement":[{"@type":"ListItem","position":1,"name":"Startseite","item":"https:\/\/www.vitalibera.org\/community\/"},{"@type":"ListItem","position":2,"name":"Reha-Bericht bescheinigt arbeitsf\u00e4hig &#8211; Was nun?"}]},{"@type":"WebSite","@id":"https:\/\/www.vitalibera.org\/community\/#website","url":"https:\/\/www.vitalibera.org\/community\/","name":"vitalibera.org","description":"Mit einer Einschr&auml;nkung gestaltet sich das Leben im Alltag oft schwieriger - hier berichten wir &uuml;ber unsere Erfahrungen und Hilfsmittel um den Alltag so unbeschwert und unkompliziert wie nur m&ouml;glich geniessen zu k&ouml;nnen. Dabei richten wir unseren Fokus gezielt auf Selbst&auml;ndigkeit, Eigenst&auml;ndigkeit und Selbstbestimmung.","publisher":{"@id":"https:\/\/www.vitalibera.org\/community\/#organization"},"potentialAction":[{"@type":"SearchAction","target":{"@type":"EntryPoint","urlTemplate":"https:\/\/www.vitalibera.org\/community\/?s={search_term_string}"},"query-input":{"@type":"PropertyValueSpecification","valueRequired":true,"valueName":"search_term_string"}}],"inLanguage":"de"},{"@type":"Organization","@id":"https:\/\/www.vitalibera.org\/community\/#organization","name":"vitalibera.org","url":"https:\/\/www.vitalibera.org\/community\/","logo":{"@type":"ImageObject","inLanguage":"de","@id":"https:\/\/www.vitalibera.org\/community\/#\/schema\/logo\/image\/","url":"https:\/\/www.vitalibera.org\/community\/wp-content\/uploads\/2025\/09\/cropped-banner.png","contentUrl":"https:\/\/www.vitalibera.org\/community\/wp-content\/uploads\/2025\/09\/cropped-banner.png","width":991,"height":150,"caption":"vitalibera.org"},"image":{"@id":"https:\/\/www.vitalibera.org\/community\/#\/schema\/logo\/image\/"},"sameAs":["https:\/\/www.facebook.com\/groups\/2997085857140235"]},{"@type":"Person","@id":"https:\/\/www.vitalibera.org\/community\/#\/schema\/person\/6712387298421f222ff6d0a2e22c1534","name":"Andreas Jecklin","image":{"@type":"ImageObject","inLanguage":"de","@id":"https:\/\/secure.gravatar.com\/avatar\/ad516503a11cd5ca435acc9bb6523536?s=96","url":"https:\/\/secure.gravatar.com\/avatar\/ad516503a11cd5ca435acc9bb6523536?s=96","contentUrl":"https:\/\/secure.gravatar.com\/avatar\/ad516503a11cd5ca435acc9bb6523536?s=96","caption":"Andreas Jecklin"},"description":"Manchen gab Gott die Kraft Dinge zu ver\u00e4ndern, mir gab er die Kraft zu ertragen was nicht mehr zu \u00e4ndern ist.","url":"https:\/\/www.vitalibera.org\/community\/author\/andy77\/"}]}},"jetpack_featured_media_url":"https:\/\/www.vitalibera.org\/community\/wp-content\/uploads\/2026\/03\/work0.png","jetpack_sharing_enabled":true,"jetpack-related-posts":[],"_links":{"self":[{"href":"https:\/\/www.vitalibera.org\/community\/wp-json\/wp\/v2\/posts\/6102","targetHints":{"allow":["GET"]}}],"collection":[{"href":"https:\/\/www.vitalibera.org\/community\/wp-json\/wp\/v2\/posts"}],"about":[{"href":"https:\/\/www.vitalibera.org\/community\/wp-json\/wp\/v2\/types\/post"}],"author":[{"embeddable":true,"href":"https:\/\/www.vitalibera.org\/community\/wp-json\/wp\/v2\/users\/2"}],"replies":[{"embeddable":true,"href":"https:\/\/www.vitalibera.org\/community\/wp-json\/wp\/v2\/comments?post=6102"}],"version-history":[{"count":2,"href":"https:\/\/www.vitalibera.org\/community\/wp-json\/wp\/v2\/posts\/6102\/revisions"}],"predecessor-version":[{"id":6105,"href":"https:\/\/www.vitalibera.org\/community\/wp-json\/wp\/v2\/posts\/6102\/revisions\/6105"}],"wp:featuredmedia":[{"embeddable":true,"href":"https:\/\/www.vitalibera.org\/community\/wp-json\/wp\/v2\/media\/6103"}],"wp:attachment":[{"href":"https:\/\/www.vitalibera.org\/community\/wp-json\/wp\/v2\/media?parent=6102"}],"wp:term":[{"taxonomy":"category","embeddable":true,"href":"https:\/\/www.vitalibera.org\/community\/wp-json\/wp\/v2\/categories?post=6102"},{"taxonomy":"post_tag","embeddable":true,"href":"https:\/\/www.vitalibera.org\/community\/wp-json\/wp\/v2\/tags?post=6102"}],"curies":[{"name":"wp","href":"https:\/\/api.w.org\/{rel}","templated":true}]}}