{"id":6106,"date":"2026-03-13T22:51:35","date_gmt":"2026-03-13T21:51:35","guid":{"rendered":"https:\/\/www.vitalibera.org\/community\/?p=6106"},"modified":"2026-03-13T23:13:34","modified_gmt":"2026-03-13T22:13:34","slug":"was-bedeuet-erwerbsunfaehigkeit","status":"publish","type":"post","link":"https:\/\/www.vitalibera.org\/community\/2026\/03\/13\/was-bedeuet-erwerbsunfaehigkeit\/","title":{"rendered":"Was bedeuet Erwerbsunf\u00e4higkeit?"},"content":{"rendered":"\n<p>Erwerbsunf&auml;higkeit bedeutet, dass eine Person aufgrund von Krankheit, Unfall oder Invalidit&auml;t langfristig nicht mehr in der Lage ist, ihren bisherigen oder einen zumutbaren Beruf auszu&uuml;ben, was zu einem Einkommensverlust f&uuml;hrt. Der Grad wird oft durch die&nbsp;<a href=\"https:\/\/www.google.com\/search?q=IV-Stelle&amp;sca_esv=5176837d497f6a28&amp;sxsrf=ANbL-n4cLLDtQNY5XNOWajoOk0m-lNA0Gw%3A1773436408944&amp;source=hp&amp;ei=-H20aa2BOJHwi-gP3tHMsA8&amp;iflsig=AFdpzrgAAAAAabSMCH9V8KreiQmkWrZ0pETq_BOkcLqi&amp;ved=2ahUKEwjNje3C5Z2TAxV7hv0HHabJLIIQgK4QegYIAQgAEAM&amp;uact=5&amp;oq=erw%C3%A4rbsunf%C3%A4higkeit&amp;gs_lp=Egdnd3Mtd2l6IhRlcnfDpHJic3VuZsOkaGlna2VpdDIJEAAYgAQYChgLMgkQABiABBgKGAsyCRAAGIAEGAoYCzIJEAAYgAQYChgLMgkQABiABBgKGAsyCRAAGIAEGAoYCzIJEAAYgAQYChgLMgkQABiABBgKGAsyCRAAGIAEGAoYCzIJEAAYgAQYChgLSNRGUKYFWN1AcAF4AJABAJgBYKABwguqAQIxOLgBA8gBAPgBAZgCE6AC4gyoAgrCAgoQABgDGOoCGI8BwgIKEC4YAxjqAhiPAcICDhAuGIAEGLEDGNEDGMcBwgIOEAAYgAQYsQMYgwEYigXCAgsQABiABBixAxiDAcICBRAAGIAEwgIFEC4YgATCAggQLhiABBixA8ICCxAuGIAEGLEDGIMBwgILEC4YgAQYxwEYrwHCAggQABiABBixA8ICBxAAGIAEGAqYAw_xBXGQXQ_OHwwbkgcEMTcuMqAHr6QBsgcEMTYuMrgH0gzCBwgwLjIuMTIuNcgHdYAIAA&amp;sclient=gws-wiz\" target=\"_blank\" rel=\"noreferrer noopener\">IV-Stelle<\/a>&nbsp;(Schweiz) oder die&nbsp;<a href=\"https:\/\/www.google.com\/search?q=Rentenversicherung&amp;sca_esv=5176837d497f6a28&amp;sxsrf=ANbL-n4cLLDtQNY5XNOWajoOk0m-lNA0Gw%3A1773436408944&amp;source=hp&amp;ei=-H20aa2BOJHwi-gP3tHMsA8&amp;iflsig=AFdpzrgAAAAAabSMCH9V8KreiQmkWrZ0pETq_BOkcLqi&amp;ved=2ahUKEwjNje3C5Z2TAxV7hv0HHabJLIIQgK4QegYIAQgAEAQ&amp;uact=5&amp;oq=erw%C3%A4rbsunf%C3%A4higkeit&amp;gs_lp=Egdnd3Mtd2l6IhRlcnfDpHJic3VuZsOkaGlna2VpdDIJEAAYgAQYChgLMgkQABiABBgKGAsyCRAAGIAEGAoYCzIJEAAYgAQYChgLMgkQABiABBgKGAsyCRAAGIAEGAoYCzIJEAAYgAQYChgLMgkQABiABBgKGAsyCRAAGIAEGAoYCzIJEAAYgAQYChgLSNRGUKYFWN1AcAF4AJABAJgBYKABwguqAQIxOLgBA8gBAPgBAZgCE6AC4gyoAgrCAgoQABgDGOoCGI8BwgIKEC4YAxjqAhiPAcICDhAuGIAEGLEDGNEDGMcBwgIOEAAYgAQYsQMYgwEYigXCAgsQABiABBixAxiDAcICBRAAGIAEwgIFEC4YgATCAggQLhiABBixA8ICCxAuGIAEGLEDGIMBwgILEC4YgAQYxwEYrwHCAggQABiABBixA8ICBxAAGIAEGAqYAw_xBXGQXQ_OHwwbkgcEMTcuMqAHr6QBsgcEMTYuMrgH0gzCBwgwLjIuMTIuNcgHdYAIAA&amp;sclient=gws-wiz\" target=\"_blank\" rel=\"noreferrer noopener\">Rentenversicherung<\/a>&nbsp;(Deutschland) bestimmt.&nbsp;<\/p>\n\n\n\n<p><strong>Wichtige Aspekte der Erwerbsunf&auml;higkeit:<\/strong><\/p>\n\n\n\n<ul class=\"wp-block-list\">\n<li><strong>Definition &amp; Abgrenzung:<\/strong>&nbsp;Im Gegensatz zur tempor&auml;ren&nbsp;<em>Arbeitsunf&auml;higkeit<\/em>&nbsp;ist Erwerbsunf&auml;higkeit dauerhaft oder langfristig. Sie unterscheidet sich von der&nbsp;<em>Berufsunf&auml;higkeit<\/em>, da bei der Erwerbsunf&auml;higkeit oft gepr&uuml;ft wird, ob&nbsp;<em>irgendeine<\/em>&nbsp;zumutbare T&auml;tigkeit auf dem Arbeitsmarkt noch m&ouml;glich ist.<\/li>\n\n\n\n<li><strong>Grad der Einschr&auml;nkung:<\/strong>&nbsp;Teil-Erwerbsunf&auml;higkeit liegt vor, wenn das Arbeitspensum reduziert ist. Von einer vollen Erwerbsunf&auml;higkeit wird gesprochen, wenn keine Erwerbst&auml;tigkeit mehr ausge&uuml;bt werden kann.<\/li>\n\n\n\n<li><strong>Absicherung (Schweiz):<\/strong>\n<ul class=\"wp-block-list\">\n<li><strong>IV (1. S&auml;ule):<\/strong>&nbsp;Invalidenrente bei gesundheitlichen Einschr&auml;nkungen.<\/li>\n\n\n\n<li><strong>BVG (2. S&auml;ule):<\/strong>&nbsp;Pensionskasse f&uuml;r Rentenleistungen.<\/li>\n\n\n\n<li><strong>UVG&nbsp;(Unfallversicherung):<\/strong>&nbsp;Deckt 80% des Lohns bei Unf&auml;llen.<\/li>\n\n\n\n<li><strong>Private Vorsorge (3a\/3b):<\/strong>&nbsp;Erwerbsunf&auml;higkeitsversicherung (Allianz), Swiss Life Protection (Swiss Life).<\/li>\n<\/ul>\n<\/li>\n\n\n\n<li><strong>Unterschied zu Deutschland:<\/strong>&nbsp;In Deutschland wird bei Erwerbsminderung gepr&uuml;ft, ob weniger als 3 Stunden t&auml;glich auf dem allgemeinen Arbeitsmarkt gearbeitet werden kann.&nbsp;<\/li>\n<\/ul>\n\n\n\n<p><strong>H&auml;ufige Ursachen:<\/strong><br>Die Hauptursachen sind lang anhaltende Krankheiten (z.B. psychische Erkrankungen, R&uuml;ckenprobleme) oder schwere Unf&auml;lle.&nbsp;<\/p>\n\n\n\n<p><strong>Absicherung bei Erwerbsunf&auml;higkeit:<\/strong><br>Um eine erhebliche Einkommensl&uuml;cke zu vermeiden, ist eine private Absicherung sinnvoll, da gesetzliche Renten oft nicht den gewohnten Lebensstandard sichern.<\/p>\n\n\n\n<p><strong>Wie hoch ist die Erwerbsminderungsrente in der Schweiz?<\/strong><\/p>\n\n\n\n<p>Je nach H&ouml;he Ihres versicherten Verdienstes betr&auml;gt eine ganze Rente (ohne Beitragsl&uuml;cken) im Monat&nbsp;<strong>zwischen 1260 und 2520 Franken<\/strong>&nbsp;(Stand 2025). Eine 50 %-Rente liegt zwischen 615 und 1230 Franken und f&uuml;r eine 25 %-Rente werden noch 308 bis 615 Franken ausgezahlt.<\/p>\n\n\n\n<p><strong>Wer zahlt bei Erwerbsunf&auml;higkeit in der Schweiz?<\/strong><\/p>\n\n\n\n<p>Diese Leistung &uuml;bernimmt&nbsp;<strong>die Pensionskasse<\/strong>. Sie zahlt im Fall einer teilw<a href=\"https:\/\/www.vitalibera.org\/community\/enzyklopaedie\/eisen\/\" target=\"_self\" title=\"Eisen&nbsp;ist das im K&ouml;rper am meisten vorkommende Spurenelement. Es ist ein wesentlicher Bestandteil des roten Blutfarbstoffs (H&auml;moglobin) und f&uuml;r den Sauerstofftransport wichtig. Weitere Aufgaben erf&uuml;llt Eisen in der Muskulatur, wo es in Form des Eiwei&szlig;stoffes Myoglobin der Sauerstoffspeicherung dient. Dar&uuml;ber hinaus ist Eisen generell f&uuml;r alle rasch wachsenden Gewebe des K&ouml;rpers erforderlich. Im Labor ist&hellip;\" class=\"encyclopedia\">eisen<\/a> oder vollst&auml;ndigen Erwerbsunf&auml;higkeit einen Betrag aus, der sich ebenfalls nach Ihrem Einkommen richtet. Auch in diesem Fall gilt: Die Leistungen aus der ersten und zweiten S&auml;ule sind bei Unfall besser als bei Krankheit.<\/p>\n\n\n\n<p><strong>Was ist der Unterschied zwischen berufsunf&auml;hig und erwerbsunf&auml;hig?<\/strong><\/p>\n\n\n\n<p><strong>Was ist der Unterschied zwischen<\/strong>&nbsp;einer&nbsp;<strong>Erwerbsunf&auml;higkeit<\/strong>&nbsp;und einer&nbsp;<strong>Berufsunf&auml;higkeit<\/strong>? Einfach gesagt, kann man bei einer&nbsp;<strong>Erwerbsunf&auml;higkeit<\/strong>&nbsp;gar keine T&auml;tigkeit mehr auf dem Arbeitsmarkt aus&uuml;ben und bei einer&nbsp;<strong>Berufsunf&auml;higkeit<\/strong>&nbsp;ist es nicht mehr m&ouml;glich, einen bestimmten Beruf auszu&uuml;ben.<\/p>\n\n\n\n<p><strong>Wie hoch ist die Behindertenrente in der Schweiz?<\/strong><\/p>\n\n\n\n<p>Invalidit&auml;tsleistungen | Internationaler Verein f&uuml;r Soziale Sicherheit (ISSA) Invalidenrente (Sozialversicherung): Es werden&nbsp;<strong>monatlich 1.160 bis 2.320 Schweizer Franken<\/strong>&nbsp;gezahlt, abh&auml;ngig vom durchschnittlichen Jahreseinkommen des Versicherten und den f&uuml;r seine Altersgruppe erforderlichen Beitragsjahren.<\/p>\n\n\n\n<p><strong>Welcher Arzt bescheinigt Erwerbsminderung?<\/strong><\/p>\n\n\n\n<p>In der Schweiz bescheinigt prim&auml;r der&nbsp;<strong>behandelnde Hausarzt oder Facharzt<\/strong>&nbsp;die medizinische Arbeitsunf&auml;higkeit, welche die Basis f&uuml;r einen Antrag auf Invalidenversicherung (IV) bildet. Die endg&uuml;ltige Feststellung des Invalidit&auml;tsgrads und der Erwerbsminderung erfolgt jedoch durch die&nbsp;<strong>IV-Stelle<\/strong>&nbsp;(oft mittels Gutachten von spezialisierten &Auml;rzten)<\/p>\n\n\n\n<p>Die Deutsche Rentenversicherung wird dich zum&nbsp;<strong>Amtsarzt<\/strong>&nbsp;schicken und Gutachten von ihm und deiner Haus- oder Fach&auml;rztin anfordern. Es ist durchaus m&ouml;glich, dass dir der Amtsarzt bescheinigt, dass du mindestens drei oder sechs Stunden am Tag irgendeiner Besch&auml;ftigung nachgehen kannst.<\/p>\n\n\n\n<p><strong>Hat die Krankenkasse Einfluss auf die Erwerbsminderungsrente?<\/strong><\/p>\n\n\n\n<p>Nein. Das ist Sache der Deutschen Rentenversicherung. Die Gutachter des Medizinischen Dienstes der Krankenversicherung geben nur eine Prognose ab, ob die Arbeitsunf&auml;higkeit vor&uuml;bergehend oder &bdquo;auf nicht absehbare&ldquo; Zeit besteht bzw. ob Ihre Erwerbsf&auml;higkeit erheblich gef&auml;hrdet oder gemindert ist.<\/p>\n\n\n\n<p><strong>Wie lange dauert ein IV-Entscheid?<\/strong><\/p>\n\n\n\n<p>Wieso dauert es so lange, bis die IV entschieden hat? Weil es f&uuml;r einen richtigen Entscheid meist aufw&auml;ndige Abkl&auml;rungen braucht, an denen verschiedene interne und externe Stellen beteiligt sind. Bei Sachleistungen (Hilfsmittel, berufliche Massnahmen) dauert der Entscheid&nbsp;<strong>3 bis 9 Monate<\/strong>.<\/p>\n\n\n\n<p>Wie lange dauert es bis zur Zahlung in Deutschland?<\/p>\n\n\n\n<p><strong>Wie lange dauert es vom Rentenantrag bis zur ersten Zahlung?<\/strong><\/p>\n\n\n\n<p>Nach der Antragstellung pr&uuml;ft die Deutsche Rentenversicherung alle Unterlagen und errechnet den monatlichen Rentenanspruch anhand der Rentenformel. Die durchschnittliche Bearbeitungszeit betr&auml;gt nach Angaben der DRV knapp zwei Monate.<\/p>\n\n\n\n<p><strong>Kann die IV-Rente r&uuml;ckwirkend gezahlt werden?<\/strong><\/p>\n\n\n\n<p>Wenn sich n&auml;mlich das IV-Verfahren &uuml;ber mehrere Jahre hinzieht, sind <a href=\"https:\/\/www.vitalibera.org\/community\/2026\/04\/19\/wenn-reize-laut-werden-und-menschen-leise\/\">Betroffene<\/a> bis zum definitiven Entscheid h&auml;ufig auf Sozialhilfe angewiesen.&nbsp;<strong>Wird die IV-Rente dann r&uuml;ckwirkend gesprochen, erfolgt das in einer einmaligen, sehr hohen Nachzahlung<\/strong>. Diese muss &ndash; anders als die Sozialhilfe &ndash; versteuert werden.<\/p>\n\n\n\n<p><strong>R&uuml;ckwirkende Rente in Deutschland<\/strong><\/p>\n\n\n\n<p>Die Rente wird l&auml;ngstens f&uuml;r zw&ouml;lf Kalendermonate r&uuml;ckwirkend gezahlt<\/p>\n\n\n\n<p><strong>Erwerbsunf&auml;higkeit bedeutet, dass eine Person aus gesundheitlichen Gr&uuml;nden dauerhaft oder l&auml;ngerfristig nicht mehr in der Lage ist, ein Erwerbseinkommen zu erzielen.<\/strong> In der Schweiz ist der Begriff eng mit der Invalidenversicherung (IV) verkn&uuml;pft und beschreibt den Verlust der Erwerbsm&ouml;glichkeiten auf dem sogenannten <em>ausgeglichenen Arbeitsmarkt<\/em>.<\/p>\n\n\n\n<h6 class=\"wp-block-heading\"><strong>Was genau bedeutet &bdquo;Erwerbsunf&auml;higkeit&ldquo;?<\/strong><\/h6>\n\n\n\n<ul class=\"wp-block-list\">\n<li><strong>Gesundheitsbedingter Verlust der Erwerbsf&auml;higkeit<\/strong> Eine Person kann aufgrund k&ouml;rperlicher, psychischer oder geistiger Einschr&auml;nkungen nicht mehr oder nur noch teilweise arbeiten.<\/li>\n\n\n\n<li><strong>Abgrenzung zur Arbeitsunf&auml;higkeit<\/strong> <em>Arbeitsunf&auml;higkeit<\/em> ist meist <strong>vor&uuml;bergehend<\/strong> und bezieht sich auf den aktuellen Beruf. <em>Erwerbsunf&auml;higkeit<\/em> ist <strong>dauerhafter<\/strong> und bezieht sich auf <strong>jede zumutbare T&auml;tigkeit<\/strong> auf dem Arbeitsmarkt.<\/li>\n\n\n\n<li><strong>Beurteilung durch die IV-Stelle<\/strong> Die Invalidenversicherung pr&uuml;ft, ob und in welchem Umfang eine Person noch erwerbst&auml;tig sein k&ouml;nnte &ndash; auch in einem anderen, angepassten Beruf.<\/li>\n<\/ul>\n\n\n\n<h6 class=\"wp-block-heading\"><strong>Beispiele zur Verdeutlichung<\/strong><\/h6>\n\n\n\n<ul class=\"wp-block-list\">\n<li>Ein Maurer mit schweren R&uuml;ckenproblemen kann seinen Beruf nicht mehr aus&uuml;ben &rarr; <strong>arbeitsunf&auml;hig als Maurer<\/strong>, aber m&ouml;glicherweise <strong>nicht erwerbsunf&auml;hig<\/strong>, wenn er z.&#8239;B. eine leichtere T&auml;tigkeit aus&uuml;ben k&ouml;nnte.<\/li>\n\n\n\n<li>Wenn eine Person auch in allen zumutbaren T&auml;tigkeiten nur noch eingeschr&auml;nkt arbeitsf&auml;hig ist &rarr; <strong>Teil-Erwerbsunf&auml;higkeit<\/strong>.<\/li>\n<\/ul>\n\n\n\n<h6 class=\"wp-block-heading\"><strong>Rechtlicher Rahmen in der Schweiz<\/strong><\/h6>\n\n\n\n<ul class=\"wp-block-list\">\n<li>Grundlage: <strong>ATSG Art. 7 und 16<\/strong> Erwerbsunf&auml;higkeit liegt vor, wenn trotz Behandlung und Eingliederung ein <strong>nicht &uuml;berwindbarer Verlust der Erwerbsm&ouml;glichkeiten<\/strong> bleibt.<\/li>\n\n\n\n<li>Im Rentensystem wird heute oft der Begriff <strong>Erwerbsminderung<\/strong> verwendet, besonders in der gesetzlichen Rentenversicherung. In der Privatversicherung bleibt &bdquo;Erwerbsunf&auml;higkeit&ldquo; ein zentraler Begriff.<\/li>\n<\/ul>\n\n\n\n<p><strong>Unterschied zu Deutschland<\/strong><\/p>\n\n\n\n<p><strong>Der wichtigste Unterschied: In der Schweiz ist <\/strong><em><strong>Erwerbsunf&auml;higkeit<\/strong><\/em><strong> ein zentraler Rechtsbegriff der Invalidenversicherung (IV), w&auml;hrend in Deutschland der Begriff kaum noch verwendet wird und durch die <\/strong><em><strong>Erwerbsminderungsrente<\/strong><\/em><strong> ersetzt wurde.<\/strong> Dadurch unterscheiden sich Definition, Pr&uuml;fung und Leistungen deutlich zwischen beiden L&auml;ndern.<\/p>\n\n\n\n<h2 class=\"wp-block-heading\">Die wichtigsten Unterschiede im &Uuml;berblick<\/h2>\n\n\n\n<h3 class=\"wp-block-heading\"><strong>Begriff &amp; rechtliche Grundlage<\/strong><\/h3>\n\n\n\n<figure class=\"wp-block-table\"><table class=\"has-fixed-layout\"><thead><tr><th>Thema<\/th><th>Schweiz<\/th><th>Deutschland<\/th><\/tr><\/thead><tbody><tr><td>Rechtsbegriff<\/td><td><strong>Erwerbsunf&auml;higkeit<\/strong> (ATSG Art. 7 &amp; 16)<\/td><td><strong>Erwerbsminderung<\/strong> (SGB VI)<\/td><\/tr><tr><td>Bedeutung<\/td><td>Dauerhafter Verlust der Erwerbsm&ouml;glichkeiten auf dem <em>ausgeglichenen Arbeitsmarkt<\/em><\/td><td>F&auml;higkeit, t&auml;glich noch <strong>unter 3 Stunden<\/strong> oder <strong>3&ndash;6 Stunden<\/strong> zu arbeiten<\/td><\/tr><tr><td>Bezug zu Beruf<\/td><td>Betrachtet <strong>jede zumutbare T&auml;tigkeit<\/strong><\/td><td>Ebenfalls jede T&auml;tigkeit, aber mit klaren Stundengrenzen<\/td><\/tr><\/tbody><\/table><\/figure>\n\n\n\n<h3 class=\"wp-block-heading\"><strong>Wie wird beurteilt?<\/strong><\/h3>\n\n\n\n<h4 class=\"wp-block-heading\">Schweiz<\/h4>\n\n\n\n<ul class=\"wp-block-list\">\n<li>Fokus auf <strong>medizinische Einschr&auml;nkungen<\/strong> und deren Auswirkungen auf den Arbeitsmarkt.<\/li>\n\n\n\n<li>Es z&auml;hlt, ob die Einschr&auml;nkung <strong>objektiv nicht &uuml;berwindbar<\/strong> ist.<\/li>\n\n\n\n<li>Der <em>ausgeglichene Arbeitsmarkt<\/em> ist ein theoretischer Arbeitsmarkt mit gen&uuml;gend Stellen.<\/li>\n\n\n\n<li>Invalidit&auml;tsgrad wird &uuml;ber Einkommensvergleich berechnet.<\/li>\n<\/ul>\n\n\n\n<h4 class=\"wp-block-heading\">Deutschland<\/h4>\n\n\n\n<ul class=\"wp-block-list\">\n<li>Klare <strong>Stundenschwellen<\/strong>:\n<ul class=\"wp-block-list\">\n<li><strong>&lt; 3 Stunden\/Tag<\/strong> &rarr; volle Erwerbsminderung<\/li>\n\n\n\n<li><strong>3&ndash;6 Stunden\/Tag<\/strong> &rarr; teilweise Erwerbsminderung<\/li>\n<\/ul>\n<\/li>\n\n\n\n<li>Keine theoretische Arbeitsmarktfiktion wie in der Schweiz.<\/li>\n<\/ul>\n\n\n\n<h3 class=\"wp-block-heading\">3. <strong>Leistungen<\/strong><\/h3>\n\n\n\n<h4 class=\"wp-block-heading\">Schweiz<\/h4>\n\n\n\n<ul class=\"wp-block-list\">\n<li>IV-Rente abh&auml;ngig vom <strong>Invalidit&auml;tsgrad<\/strong> (z.&#8239;B. ab 40&#8239;% Teilrente).<\/li>\n\n\n\n<li>Erg&auml;nzend: BVG-Invalidenrente, private Erwerbsunf&auml;higkeitsversicherung.<\/li>\n\n\n\n<li>Staatliche und berufliche Vorsorge reichen oft nicht aus &rarr; private Absicherung empfohlen.<\/li>\n<\/ul>\n\n\n\n<h4 class=\"wp-block-heading\">Deutschland<\/h4>\n\n\n\n<ul class=\"wp-block-list\">\n<li>Gesetzliche <strong>Erwerbsminderungsrente<\/strong> (voll oder teilweise).<\/li>\n\n\n\n<li>Private Berufsunf&auml;higkeitsversicherung ist weit verbreitet, da gesetzliche Leistungen oft gering sind.<\/li>\n<\/ul>\n\n\n\n<h3 class=\"wp-block-heading\"><strong>Bezug zum bisherigen Beruf<\/strong><\/h3>\n\n\n\n<figure class=\"wp-block-table\"><table class=\"has-fixed-layout\"><thead><tr><th>Frage<\/th><th>Schweiz<\/th><th>Deutschland<\/th><\/tr><\/thead><tbody><tr><td>Spielt der erlernte Beruf eine Rolle?<\/td><td><strong>Nein<\/strong>, es z&auml;hlt jede zumutbare T&auml;tigkeit<\/td><td><strong>Nein<\/strong>, ebenfalls jede T&auml;tigkeit &ndash; aber Stundengrenzen sind entscheidend<\/td><\/tr><tr><td>Berufsunf&auml;higkeit als eigener Begriff?<\/td><td>Ja, aber eher in der <strong>Privatversicherung<\/strong><\/td><td>Ja, aber nur <strong>privat<\/strong> relevant, nicht gesetzlich<\/td><\/tr><\/tbody><\/table><\/figure>\n\n\n\n<h3 class=\"wp-block-heading\"><strong>Praktisches Beispiel<\/strong><\/h3>\n\n\n\n<p><strong>Person mit R&uuml;ckenproblemen, die ihren Beruf als Maurer nicht mehr aus&uuml;ben kann:<\/strong><\/p>\n\n\n\n<ul class=\"wp-block-list\">\n<li><strong>Schweiz:<\/strong> &rarr; Arbeitsunf&auml;hig als Maurer, aber evtl. <strong>nicht erwerbsunf&auml;hig<\/strong>, wenn leichte T&auml;tigkeiten m&ouml;glich sind.<\/li>\n\n\n\n<li><strong>Deutschland:<\/strong> &rarr; Wenn die Person noch <strong>mehr als 6 Stunden<\/strong> t&auml;glich arbeiten kann (z.&#8239;B. B&uuml;rojob), gibt es <strong>keine Erwerbsminderungsrente<\/strong>.<\/li>\n<\/ul>\n\n\n\n<h1 class=\"wp-block-heading\">Kurzfazit<\/h1>\n\n\n\n<ul class=\"wp-block-list\">\n<li>Die Schweiz arbeitet mit einem <strong>medizinisch-&ouml;konomischen Invalidit&auml;tsgrad<\/strong>.<\/li>\n\n\n\n<li>Deutschland arbeitet mit <strong>Stundenschwellen<\/strong> f&uuml;r die Erwerbsminderung.<\/li>\n\n\n\n<li>In beiden L&auml;ndern ist der urspr&uuml;ngliche Beruf f&uuml;r staatliche Leistungen <strong>nicht entscheidend<\/strong>.<\/li>\n\n\n\n<li>Private Versicherungen nutzen oft den Begriff <strong>Berufsunf&auml;higkeit<\/strong>, der n&auml;her am bisherigen Beruf ansetzt.<\/li>\n<\/ul>\n\n\n\n<div class=\"wp-block-media-text is-stacked-on-mobile is-vertically-aligned-top\"><figure class=\"wp-block-media-text__media\"><img fetchpriority=\"high\" decoding=\"async\" width=\"302\" height=\"277\" src=\"http:\/\/www.vitalibera.org\/community\/wp-content\/uploads\/2026\/03\/tip3.png\" alt=\"\" class=\"wp-image-6087 size-full\" srcset=\"https:\/\/www.vitalibera.org\/community\/wp-content\/uploads\/2026\/03\/tip3.png 302w, https:\/\/www.vitalibera.org\/community\/wp-content\/uploads\/2026\/03\/tip3-300x275.png 300w\" sizes=\"(max-width: 302px) 100vw, 302px\" \/><\/figure><div class=\"wp-block-media-text__content\">\n<p><strong>Wenn die IV nicht zahlt, hast du in der Schweiz klare Rechte: Du kannst innert 30 Tagen Einsprache erheben, Akteneinsicht verlangen und dich kostenlos oder g&uuml;nstig rechtlich beraten lassen.<\/strong> Die IV&#8209;Stelle muss ihren Entscheid begr&uuml;nden und alle medizinischen und beruflichen Abkl&auml;rungen korrekt durchf&uuml;hren.<\/p>\n\n\n\n<h6 class=\"wp-block-heading\"><strong>Vorbescheid oder Verf&uuml;gung genau pr&uuml;fen<\/strong><\/h6>\n\n\n\n<p>Die IV schickt zuerst einen <strong>Vorbescheid<\/strong>. Darin steht, warum sie nicht zahlen will. Du hast das Recht auf:<\/p>\n\n\n\n<ul class=\"wp-block-list\">\n<li><strong>Akteneinsicht<\/strong> (alle medizinischen Gutachten, Berichte, internen Notizen)<\/li>\n\n\n\n<li><strong>Begr&uuml;ndung<\/strong>, warum Leistungen abgelehnt wurden<\/li>\n<\/ul>\n\n\n\n<p>Diese Unterlagen sind wichtig, um Fehler zu finden.<\/p>\n\n\n\n<h6 class=\"wp-block-heading\"><strong>Innert 30 Tagen Einsprache einreichen<\/strong><\/h6>\n\n\n\n<p>Wenn du nicht einverstanden bist, kannst du <strong>schriftlich Einsprache<\/strong> erheben. Frist: <strong>30 Tage ab Erhalt des Vorbescheids oder der Verf&uuml;gung<\/strong>.<\/p>\n<\/div><\/div>\n\n\n\n<h6 class=\"wp-block-heading\"><strong>H&auml;ufige Gr&uuml;nde, warum die IV nicht zahlt &ndash; und was du tun kannst<\/strong><\/h6>\n\n\n\n<figure class=\"wp-block-table\"><table class=\"has-fixed-layout\"><thead><tr><th>Grund der Ablehnung<\/th><th>Was du tun kannst<\/th><\/tr><\/thead><tbody><tr><td>&bdquo;Invalidit&auml;tsgrad zu tief&ldquo;<\/td><td>Einkommensvergleich pr&uuml;fen lassen; oft fehlerhaft<\/td><\/tr><tr><td>&bdquo;Arbeitsf&auml;higkeit h&ouml;her eingesch&auml;tzt&ldquo;<\/td><td>Zweitmeinung, medizinische Berichte e<a href=\"https:\/\/www.vitalibera.org\/community\/enzyklopaedie\/inr\/\" target=\"_self\" title=\"Die&nbsp;International Normalized Ratio (INR)&nbsp;ist ein&nbsp;weltweit standardisierter Laborwert zur Messung der Blutgerinnungszeit, insbesondere bei der Einnahme von Gerinnungshemmern wie Marcumar. Ein INR-Wert um 1,0 ist normal, w&auml;hrend bei einer Therapie meist Werte zwischen 2,0 und 3,5 angestrebt werden, um Thrombosen zu verhindern.\" class=\"encyclopedia\">inr<\/a>eichen<\/td><\/tr><tr><td>Fehlende Abkl&auml;rungen<\/td><td>Zus&auml;tzliche Gutachten oder Abkl&auml;rungen verlangen<\/td><\/tr><tr><td>Integrationsmassnahmen nicht gepr&uuml;ft<\/td><td>Einsprache mit Verweis auf Art. 29 IVG<\/td><\/tr><\/tbody><\/table><\/figure>\n\n\n\n<p><strong>Was du tun kannst, wenn die Rentenversicherung in Deutschland nicht zahlt<\/strong><\/p>\n\n\n\n<p><strong>Wenn die Deutsche Rentenversicherung (DRV) nicht zahlt oder deinen Antrag ablehnt, kannst du in Deutschland <\/strong><em><strong>kostenfrei<\/strong><\/em><strong> Widerspruch einlegen und &ndash; falls n&ouml;tig &ndash; vor dem Sozialgericht klagen.<\/strong> Du hast daf&uuml;r jeweils <strong>1 Monat Zeit<\/strong>, und sowohl Widerspruch als auch Klage sind geb&uuml;hrenfrei.<\/p>\n\n\n\n<h6 class=\"wp-block-heading\"><strong>H&auml;ufige Gr&uuml;nde f&uuml;r Ablehnungen in Deutschland &ndash; und was du tun kannst<\/strong><\/h6>\n\n\n\n<figure class=\"wp-block-table\"><table class=\"has-fixed-layout\"><thead><tr><th>Grund<\/th><th>Was du tun kannst<\/th><\/tr><\/thead><tbody><tr><td>Erwerbsminderung abgelehnt<\/td><td>Neue medizinische Gutachten beilegen, Facharztberichte e<a href=\"https:\/\/www.vitalibera.org\/community\/enzyklopaedie\/inr\/\" target=\"_self\" title=\"Die&nbsp;International Normalized Ratio (INR)&nbsp;ist ein&nbsp;weltweit standardisierter Laborwert zur Messung der Blutgerinnungszeit, insbesondere bei der Einnahme von Gerinnungshemmern wie Marcumar. Ein INR-Wert um 1,0 ist normal, w&auml;hrend bei einer Therapie meist Werte zwischen 2,0 und 3,5 angestrebt werden, um Thrombosen zu verhindern.\" class=\"encyclopedia\">inr<\/a>eichen<\/td><\/tr><tr><td>Fehlende Versicherungszeiten<\/td><td>Zeiten nachw<a href=\"https:\/\/www.vitalibera.org\/community\/enzyklopaedie\/eisen\/\" target=\"_self\" title=\"Eisen&nbsp;ist das im K&ouml;rper am meisten vorkommende Spurenelement. Es ist ein wesentlicher Bestandteil des roten Blutfarbstoffs (H&auml;moglobin) und f&uuml;r den Sauerstofftransport wichtig. Weitere Aufgaben erf&uuml;llt Eisen in der Muskulatur, wo es in Form des Eiwei&szlig;stoffes Myoglobin der Sauerstoffspeicherung dient. Dar&uuml;ber hinaus ist Eisen generell f&uuml;r alle rasch wachsenden Gewebe des K&ouml;rpers erforderlich. Im Labor ist&hellip;\" class=\"encyclopedia\">eisen<\/a>, ggf. freiwillige Beitr&auml;ge pr&uuml;fen<\/td><\/tr><tr><td>Unvollst&auml;ndige Unterlagen<\/td><td>Nachreichen, DRV um Akteneinsicht bitten<\/td><\/tr><tr><td>DRV sch&auml;tzt Leistungsf&auml;higkeit zu hoch ein<\/td><td>Gegengutachten, Reha-Berichte, Facharztmeinungen<\/td><\/tr><\/tbody><\/table><\/figure>\n\n\n\n<p><\/p>\n","protected":false},"excerpt":{"rendered":"<p>Erwerbsunf\u00e4higkeit bedeutet, dass eine Person aufgrund von Krankheit, Unfall oder Invalidit\u00e4t langfristig nicht mehr in der Lage ist, ihren bisherigen oder einen zumutbaren Beruf auszu\u00fcben, was zu einem Einkommensverlust f\u00fchrt. Der Grad wird oft durch die&nbsp;IV-Stelle&nbsp;(Schweiz) oder die&nbsp;Rentenversicherung&nbsp;(Deutschland) bestimmt.&nbsp; Wichtige Aspekte der Erwerbsunf\u00e4higkeit: H\u00e4ufige Ursachen:Die Hauptursachen sind lang anhaltende Krankheiten (z.B. psychische Erkrankungen, R\u00fcckenprobleme) oder &#8230; <a title=\"Was bedeuet Erwerbsunf\u00e4higkeit?\" class=\"read-more\" href=\"https:\/\/www.vitalibera.org\/community\/2026\/03\/13\/was-bedeuet-erwerbsunfaehigkeit\/\" aria-label=\"Mehr Informationen \u00fcber Was bedeuet Erwerbsunf\u00e4higkeit?\">Weiterlesen<\/a><\/p>\n","protected":false},"author":2,"featured_media":6107,"comment_status":"open","ping_status":"open","sticky":false,"template":"","format":"standard","meta":{"cybocfi_hide_featured_image":"yes","_jetpack_memberships_contains_paid_content":false,"footnotes":""},"categories":[271],"tags":[],"class_list":["post-6106","post","type-post","status-publish","format-standard","has-post-thumbnail","hentry","category-kanzlei"],"yoast_head":"<!-- This site is optimized with the Yoast SEO plugin v27.4 - https:\/\/yoast.com\/product\/yoast-seo-wordpress\/ -->\r\n<title>Was bedeuet Erwerbsunf\u00e4higkeit? - vitalibera.org<\/title>\r\n<meta name=\"robots\" content=\"index, follow, max-snippet:-1, max-image-preview:large, max-video-preview:-1\" \/>\r\n<link rel=\"canonical\" href=\"http:\/\/www.vitalibera.org\/community\/2026\/03\/13\/was-bedeuet-erwerbsunfaehigkeit\/\" \/>\r\n<meta property=\"og:locale\" content=\"de_DE\" \/>\r\n<meta property=\"og:type\" content=\"article\" \/>\r\n<meta property=\"og:title\" content=\"Was bedeuet Erwerbsunf\u00e4higkeit? - vitalibera.org\" \/>\r\n<meta property=\"og:description\" content=\"Erwerbsunf\u00e4higkeit bedeutet, dass eine Person aufgrund von Krankheit, Unfall oder Invalidit\u00e4t langfristig nicht mehr in der Lage ist, ihren bisherigen oder einen zumutbaren Beruf auszu\u00fcben, was zu einem Einkommensverlust f\u00fchrt. Der Grad wird oft durch die&nbsp;IV-Stelle&nbsp;(Schweiz) oder die&nbsp;Rentenversicherung&nbsp;(Deutschland) bestimmt.&nbsp; Wichtige Aspekte der Erwerbsunf\u00e4higkeit: H\u00e4ufige Ursachen:Die Hauptursachen sind lang anhaltende Krankheiten (z.B. psychische Erkrankungen, R\u00fcckenprobleme) oder ... Weiterlesen\" \/>\r\n<meta property=\"og:url\" content=\"http:\/\/www.vitalibera.org\/community\/2026\/03\/13\/was-bedeuet-erwerbsunfaehigkeit\/\" \/>\r\n<meta property=\"og:site_name\" content=\"vitalibera.org\" \/>\r\n<meta property=\"article:publisher\" content=\"https:\/\/www.facebook.com\/groups\/2997085857140235\" \/>\r\n<meta property=\"article:published_time\" content=\"2026-03-13T21:51:35+00:00\" \/>\r\n<meta property=\"article:modified_time\" content=\"2026-03-13T22:13:34+00:00\" \/>\r\n<meta property=\"og:image\" content=\"http:\/\/www.vitalibera.org\/community\/wp-content\/uploads\/2026\/03\/rentenversicherung.png\" \/>\r\n\t<meta property=\"og:image:width\" content=\"714\" \/>\r\n\t<meta property=\"og:image:height\" content=\"443\" \/>\r\n\t<meta property=\"og:image:type\" content=\"image\/png\" \/>\r\n<meta name=\"author\" content=\"Andreas Jecklin\" \/>\r\n<meta name=\"twitter:card\" content=\"summary_large_image\" \/>\r\n<meta name=\"twitter:label1\" content=\"Verfasst von\" \/>\n\t<meta name=\"twitter:data1\" content=\"Andreas Jecklin\" \/>\n\t<meta name=\"twitter:label2\" content=\"Gesch\u00e4tzte Lesezeit\" \/>\n\t<meta name=\"twitter:data2\" content=\"9\u00a0Minuten\" \/>\r\n<script type=\"application\/ld+json\" class=\"yoast-schema-graph\">{\"@context\":\"https:\\\/\\\/schema.org\",\"@graph\":[{\"@type\":\"Article\",\"@id\":\"http:\\\/\\\/www.vitalibera.org\\\/community\\\/2026\\\/03\\\/13\\\/was-bedeuet-erwerbsunfaehigkeit\\\/#article\",\"isPartOf\":{\"@id\":\"http:\\\/\\\/www.vitalibera.org\\\/community\\\/2026\\\/03\\\/13\\\/was-bedeuet-erwerbsunfaehigkeit\\\/\"},\"author\":{\"name\":\"Andreas Jecklin\",\"@id\":\"https:\\\/\\\/www.vitalibera.org\\\/community\\\/#\\\/schema\\\/person\\\/6712387298421f222ff6d0a2e22c1534\"},\"headline\":\"Was bedeuet Erwerbsunf\u00e4higkeit?\",\"datePublished\":\"2026-03-13T21:51:35+00:00\",\"dateModified\":\"2026-03-13T22:13:34+00:00\",\"mainEntityOfPage\":{\"@id\":\"http:\\\/\\\/www.vitalibera.org\\\/community\\\/2026\\\/03\\\/13\\\/was-bedeuet-erwerbsunfaehigkeit\\\/\"},\"wordCount\":1664,\"commentCount\":0,\"publisher\":{\"@id\":\"https:\\\/\\\/www.vitalibera.org\\\/community\\\/#organization\"},\"image\":{\"@id\":\"http:\\\/\\\/www.vitalibera.org\\\/community\\\/2026\\\/03\\\/13\\\/was-bedeuet-erwerbsunfaehigkeit\\\/#primaryimage\"},\"thumbnailUrl\":\"https:\\\/\\\/www.vitalibera.org\\\/community\\\/wp-content\\\/uploads\\\/2026\\\/03\\\/rentenversicherung.png\",\"articleSection\":[\"Kanzlei\"],\"inLanguage\":\"de\",\"potentialAction\":[{\"@type\":\"CommentAction\",\"name\":\"Comment\",\"target\":[\"http:\\\/\\\/www.vitalibera.org\\\/community\\\/2026\\\/03\\\/13\\\/was-bedeuet-erwerbsunfaehigkeit\\\/#respond\"]}]},{\"@type\":\"WebPage\",\"@id\":\"http:\\\/\\\/www.vitalibera.org\\\/community\\\/2026\\\/03\\\/13\\\/was-bedeuet-erwerbsunfaehigkeit\\\/\",\"url\":\"http:\\\/\\\/www.vitalibera.org\\\/community\\\/2026\\\/03\\\/13\\\/was-bedeuet-erwerbsunfaehigkeit\\\/\",\"name\":\"Was bedeuet Erwerbsunf\u00e4higkeit? - vitalibera.org\",\"isPartOf\":{\"@id\":\"https:\\\/\\\/www.vitalibera.org\\\/community\\\/#website\"},\"primaryImageOfPage\":{\"@id\":\"http:\\\/\\\/www.vitalibera.org\\\/community\\\/2026\\\/03\\\/13\\\/was-bedeuet-erwerbsunfaehigkeit\\\/#primaryimage\"},\"image\":{\"@id\":\"http:\\\/\\\/www.vitalibera.org\\\/community\\\/2026\\\/03\\\/13\\\/was-bedeuet-erwerbsunfaehigkeit\\\/#primaryimage\"},\"thumbnailUrl\":\"https:\\\/\\\/www.vitalibera.org\\\/community\\\/wp-content\\\/uploads\\\/2026\\\/03\\\/rentenversicherung.png\",\"datePublished\":\"2026-03-13T21:51:35+00:00\",\"dateModified\":\"2026-03-13T22:13:34+00:00\",\"breadcrumb\":{\"@id\":\"http:\\\/\\\/www.vitalibera.org\\\/community\\\/2026\\\/03\\\/13\\\/was-bedeuet-erwerbsunfaehigkeit\\\/#breadcrumb\"},\"inLanguage\":\"de\",\"potentialAction\":[{\"@type\":\"ReadAction\",\"target\":[\"http:\\\/\\\/www.vitalibera.org\\\/community\\\/2026\\\/03\\\/13\\\/was-bedeuet-erwerbsunfaehigkeit\\\/\"]}]},{\"@type\":\"BreadcrumbList\",\"@id\":\"http:\\\/\\\/www.vitalibera.org\\\/community\\\/2026\\\/03\\\/13\\\/was-bedeuet-erwerbsunfaehigkeit\\\/#breadcrumb\",\"itemListElement\":[{\"@type\":\"ListItem\",\"position\":1,\"name\":\"Startseite\",\"item\":\"https:\\\/\\\/www.vitalibera.org\\\/community\\\/\"},{\"@type\":\"ListItem\",\"position\":2,\"name\":\"Was bedeuet Erwerbsunf\u00e4higkeit?\"}]},{\"@type\":\"WebSite\",\"@id\":\"https:\\\/\\\/www.vitalibera.org\\\/community\\\/#website\",\"url\":\"https:\\\/\\\/www.vitalibera.org\\\/community\\\/\",\"name\":\"vitalibera.org\",\"description\":\"Mit einer Einschr&auml;nkung gestaltet sich das Leben im Alltag oft schwieriger - hier berichten wir &uuml;ber unsere Erfahrungen und Hilfsmittel um den Alltag so unbeschwert und unkompliziert wie nur m&ouml;glich geniessen zu k&ouml;nnen. Dabei richten wir unseren Fokus gezielt auf Selbst&auml;ndigkeit, Eigenst&auml;ndigkeit und Selbstbestimmung.\",\"publisher\":{\"@id\":\"https:\\\/\\\/www.vitalibera.org\\\/community\\\/#organization\"},\"potentialAction\":[{\"@type\":\"SearchAction\",\"target\":{\"@type\":\"EntryPoint\",\"urlTemplate\":\"https:\\\/\\\/www.vitalibera.org\\\/community\\\/?s={search_term_string}\"},\"query-input\":{\"@type\":\"PropertyValueSpecification\",\"valueRequired\":true,\"valueName\":\"search_term_string\"}}],\"inLanguage\":\"de\"},{\"@type\":\"Organization\",\"@id\":\"https:\\\/\\\/www.vitalibera.org\\\/community\\\/#organization\",\"name\":\"vitalibera.org\",\"url\":\"https:\\\/\\\/www.vitalibera.org\\\/community\\\/\",\"logo\":{\"@type\":\"ImageObject\",\"inLanguage\":\"de\",\"@id\":\"https:\\\/\\\/www.vitalibera.org\\\/community\\\/#\\\/schema\\\/logo\\\/image\\\/\",\"url\":\"https:\\\/\\\/www.vitalibera.org\\\/community\\\/wp-content\\\/uploads\\\/2025\\\/09\\\/cropped-banner.png\",\"contentUrl\":\"https:\\\/\\\/www.vitalibera.org\\\/community\\\/wp-content\\\/uploads\\\/2025\\\/09\\\/cropped-banner.png\",\"width\":991,\"height\":150,\"caption\":\"vitalibera.org\"},\"image\":{\"@id\":\"https:\\\/\\\/www.vitalibera.org\\\/community\\\/#\\\/schema\\\/logo\\\/image\\\/\"},\"sameAs\":[\"https:\\\/\\\/www.facebook.com\\\/groups\\\/2997085857140235\"]},{\"@type\":\"Person\",\"@id\":\"https:\\\/\\\/www.vitalibera.org\\\/community\\\/#\\\/schema\\\/person\\\/6712387298421f222ff6d0a2e22c1534\",\"name\":\"Andreas Jecklin\",\"image\":{\"@type\":\"ImageObject\",\"inLanguage\":\"de\",\"@id\":\"https:\\\/\\\/secure.gravatar.com\\\/avatar\\\/ad516503a11cd5ca435acc9bb6523536?s=96\",\"url\":\"https:\\\/\\\/secure.gravatar.com\\\/avatar\\\/ad516503a11cd5ca435acc9bb6523536?s=96\",\"contentUrl\":\"https:\\\/\\\/secure.gravatar.com\\\/avatar\\\/ad516503a11cd5ca435acc9bb6523536?s=96\",\"caption\":\"Andreas Jecklin\"},\"description\":\"Manchen gab Gott die Kraft Dinge zu ver\u00e4ndern, mir gab er die Kraft zu ertragen was nicht mehr zu \u00e4ndern ist.\",\"url\":\"https:\\\/\\\/www.vitalibera.org\\\/community\\\/author\\\/andy77\\\/\"}]}<\/script>\r\n<!-- \/ Yoast SEO plugin. -->","yoast_head_json":{"title":"Was bedeuet Erwerbsunf\u00e4higkeit? - vitalibera.org","robots":{"index":"index","follow":"follow","max-snippet":"max-snippet:-1","max-image-preview":"max-image-preview:large","max-video-preview":"max-video-preview:-1"},"canonical":"http:\/\/www.vitalibera.org\/community\/2026\/03\/13\/was-bedeuet-erwerbsunfaehigkeit\/","og_locale":"de_DE","og_type":"article","og_title":"Was bedeuet Erwerbsunf\u00e4higkeit? - vitalibera.org","og_description":"Erwerbsunf\u00e4higkeit bedeutet, dass eine Person aufgrund von Krankheit, Unfall oder Invalidit\u00e4t langfristig nicht mehr in der Lage ist, ihren bisherigen oder einen zumutbaren Beruf auszu\u00fcben, was zu einem Einkommensverlust f\u00fchrt. Der Grad wird oft durch die&nbsp;IV-Stelle&nbsp;(Schweiz) oder die&nbsp;Rentenversicherung&nbsp;(Deutschland) bestimmt.&nbsp; Wichtige Aspekte der Erwerbsunf\u00e4higkeit: H\u00e4ufige Ursachen:Die Hauptursachen sind lang anhaltende Krankheiten (z.B. psychische Erkrankungen, R\u00fcckenprobleme) oder ... Weiterlesen","og_url":"http:\/\/www.vitalibera.org\/community\/2026\/03\/13\/was-bedeuet-erwerbsunfaehigkeit\/","og_site_name":"vitalibera.org","article_publisher":"https:\/\/www.facebook.com\/groups\/2997085857140235","article_published_time":"2026-03-13T21:51:35+00:00","article_modified_time":"2026-03-13T22:13:34+00:00","og_image":[{"width":714,"height":443,"url":"http:\/\/www.vitalibera.org\/community\/wp-content\/uploads\/2026\/03\/rentenversicherung.png","type":"image\/png"}],"author":"Andreas Jecklin","twitter_card":"summary_large_image","twitter_misc":{"Verfasst von":"Andreas Jecklin","Gesch\u00e4tzte Lesezeit":"9\u00a0Minuten"},"schema":{"@context":"https:\/\/schema.org","@graph":[{"@type":"Article","@id":"http:\/\/www.vitalibera.org\/community\/2026\/03\/13\/was-bedeuet-erwerbsunfaehigkeit\/#article","isPartOf":{"@id":"http:\/\/www.vitalibera.org\/community\/2026\/03\/13\/was-bedeuet-erwerbsunfaehigkeit\/"},"author":{"name":"Andreas Jecklin","@id":"https:\/\/www.vitalibera.org\/community\/#\/schema\/person\/6712387298421f222ff6d0a2e22c1534"},"headline":"Was bedeuet Erwerbsunf\u00e4higkeit?","datePublished":"2026-03-13T21:51:35+00:00","dateModified":"2026-03-13T22:13:34+00:00","mainEntityOfPage":{"@id":"http:\/\/www.vitalibera.org\/community\/2026\/03\/13\/was-bedeuet-erwerbsunfaehigkeit\/"},"wordCount":1664,"commentCount":0,"publisher":{"@id":"https:\/\/www.vitalibera.org\/community\/#organization"},"image":{"@id":"http:\/\/www.vitalibera.org\/community\/2026\/03\/13\/was-bedeuet-erwerbsunfaehigkeit\/#primaryimage"},"thumbnailUrl":"https:\/\/www.vitalibera.org\/community\/wp-content\/uploads\/2026\/03\/rentenversicherung.png","articleSection":["Kanzlei"],"inLanguage":"de","potentialAction":[{"@type":"CommentAction","name":"Comment","target":["http:\/\/www.vitalibera.org\/community\/2026\/03\/13\/was-bedeuet-erwerbsunfaehigkeit\/#respond"]}]},{"@type":"WebPage","@id":"http:\/\/www.vitalibera.org\/community\/2026\/03\/13\/was-bedeuet-erwerbsunfaehigkeit\/","url":"http:\/\/www.vitalibera.org\/community\/2026\/03\/13\/was-bedeuet-erwerbsunfaehigkeit\/","name":"Was bedeuet Erwerbsunf\u00e4higkeit? - vitalibera.org","isPartOf":{"@id":"https:\/\/www.vitalibera.org\/community\/#website"},"primaryImageOfPage":{"@id":"http:\/\/www.vitalibera.org\/community\/2026\/03\/13\/was-bedeuet-erwerbsunfaehigkeit\/#primaryimage"},"image":{"@id":"http:\/\/www.vitalibera.org\/community\/2026\/03\/13\/was-bedeuet-erwerbsunfaehigkeit\/#primaryimage"},"thumbnailUrl":"https:\/\/www.vitalibera.org\/community\/wp-content\/uploads\/2026\/03\/rentenversicherung.png","datePublished":"2026-03-13T21:51:35+00:00","dateModified":"2026-03-13T22:13:34+00:00","breadcrumb":{"@id":"http:\/\/www.vitalibera.org\/community\/2026\/03\/13\/was-bedeuet-erwerbsunfaehigkeit\/#breadcrumb"},"inLanguage":"de","potentialAction":[{"@type":"ReadAction","target":["http:\/\/www.vitalibera.org\/community\/2026\/03\/13\/was-bedeuet-erwerbsunfaehigkeit\/"]}]},{"@type":"BreadcrumbList","@id":"http:\/\/www.vitalibera.org\/community\/2026\/03\/13\/was-bedeuet-erwerbsunfaehigkeit\/#breadcrumb","itemListElement":[{"@type":"ListItem","position":1,"name":"Startseite","item":"https:\/\/www.vitalibera.org\/community\/"},{"@type":"ListItem","position":2,"name":"Was bedeuet Erwerbsunf\u00e4higkeit?"}]},{"@type":"WebSite","@id":"https:\/\/www.vitalibera.org\/community\/#website","url":"https:\/\/www.vitalibera.org\/community\/","name":"vitalibera.org","description":"Mit einer Einschr&auml;nkung gestaltet sich das Leben im Alltag oft schwieriger - hier berichten wir &uuml;ber unsere Erfahrungen und Hilfsmittel um den Alltag so unbeschwert und unkompliziert wie nur m&ouml;glich geniessen zu k&ouml;nnen. Dabei richten wir unseren Fokus gezielt auf Selbst&auml;ndigkeit, Eigenst&auml;ndigkeit und Selbstbestimmung.","publisher":{"@id":"https:\/\/www.vitalibera.org\/community\/#organization"},"potentialAction":[{"@type":"SearchAction","target":{"@type":"EntryPoint","urlTemplate":"https:\/\/www.vitalibera.org\/community\/?s={search_term_string}"},"query-input":{"@type":"PropertyValueSpecification","valueRequired":true,"valueName":"search_term_string"}}],"inLanguage":"de"},{"@type":"Organization","@id":"https:\/\/www.vitalibera.org\/community\/#organization","name":"vitalibera.org","url":"https:\/\/www.vitalibera.org\/community\/","logo":{"@type":"ImageObject","inLanguage":"de","@id":"https:\/\/www.vitalibera.org\/community\/#\/schema\/logo\/image\/","url":"https:\/\/www.vitalibera.org\/community\/wp-content\/uploads\/2025\/09\/cropped-banner.png","contentUrl":"https:\/\/www.vitalibera.org\/community\/wp-content\/uploads\/2025\/09\/cropped-banner.png","width":991,"height":150,"caption":"vitalibera.org"},"image":{"@id":"https:\/\/www.vitalibera.org\/community\/#\/schema\/logo\/image\/"},"sameAs":["https:\/\/www.facebook.com\/groups\/2997085857140235"]},{"@type":"Person","@id":"https:\/\/www.vitalibera.org\/community\/#\/schema\/person\/6712387298421f222ff6d0a2e22c1534","name":"Andreas Jecklin","image":{"@type":"ImageObject","inLanguage":"de","@id":"https:\/\/secure.gravatar.com\/avatar\/ad516503a11cd5ca435acc9bb6523536?s=96","url":"https:\/\/secure.gravatar.com\/avatar\/ad516503a11cd5ca435acc9bb6523536?s=96","contentUrl":"https:\/\/secure.gravatar.com\/avatar\/ad516503a11cd5ca435acc9bb6523536?s=96","caption":"Andreas Jecklin"},"description":"Manchen gab Gott die Kraft Dinge zu ver\u00e4ndern, mir gab er die Kraft zu ertragen was nicht mehr zu \u00e4ndern ist.","url":"https:\/\/www.vitalibera.org\/community\/author\/andy77\/"}]}},"jetpack_featured_media_url":"https:\/\/www.vitalibera.org\/community\/wp-content\/uploads\/2026\/03\/rentenversicherung.png","jetpack_sharing_enabled":true,"jetpack-related-posts":[],"_links":{"self":[{"href":"https:\/\/www.vitalibera.org\/community\/wp-json\/wp\/v2\/posts\/6106","targetHints":{"allow":["GET"]}}],"collection":[{"href":"https:\/\/www.vitalibera.org\/community\/wp-json\/wp\/v2\/posts"}],"about":[{"href":"https:\/\/www.vitalibera.org\/community\/wp-json\/wp\/v2\/types\/post"}],"author":[{"embeddable":true,"href":"https:\/\/www.vitalibera.org\/community\/wp-json\/wp\/v2\/users\/2"}],"replies":[{"embeddable":true,"href":"https:\/\/www.vitalibera.org\/community\/wp-json\/wp\/v2\/comments?post=6106"}],"version-history":[{"count":3,"href":"https:\/\/www.vitalibera.org\/community\/wp-json\/wp\/v2\/posts\/6106\/revisions"}],"predecessor-version":[{"id":6111,"href":"https:\/\/www.vitalibera.org\/community\/wp-json\/wp\/v2\/posts\/6106\/revisions\/6111"}],"wp:featuredmedia":[{"embeddable":true,"href":"https:\/\/www.vitalibera.org\/community\/wp-json\/wp\/v2\/media\/6107"}],"wp:attachment":[{"href":"https:\/\/www.vitalibera.org\/community\/wp-json\/wp\/v2\/media?parent=6106"}],"wp:term":[{"taxonomy":"category","embeddable":true,"href":"https:\/\/www.vitalibera.org\/community\/wp-json\/wp\/v2\/categories?post=6106"},{"taxonomy":"post_tag","embeddable":true,"href":"https:\/\/www.vitalibera.org\/community\/wp-json\/wp\/v2\/tags?post=6106"}],"curies":[{"name":"wp","href":"https:\/\/api.w.org\/{rel}","templated":true}]}}