{"id":6177,"date":"2026-03-17T13:22:49","date_gmt":"2026-03-17T12:22:49","guid":{"rendered":"https:\/\/www.vitalibera.org\/community\/?p=6177"},"modified":"2026-03-17T13:24:07","modified_gmt":"2026-03-17T12:24:07","slug":"farblichttherapie","status":"publish","type":"post","link":"https:\/\/www.vitalibera.org\/community\/2026\/03\/17\/farblichttherapie\/","title":{"rendered":"Farblichttherapie"},"content":{"rendered":"\n<p>Die Farbtherapie (Farblichttherapie) nach einem <a href=\"https:\/\/www.vitalibera.org\/community\/enzyklopaedie\/schlaganfall\/\" target=\"_self\" title=\"Ein Schlaganfall, auch Hirnschlag oder Apoplex genannt, ist eine&nbsp;pl&ouml;tzlich auftretende Durchblutungsst&ouml;rung im Gehirn, die dazu f&uuml;hrt, dass Gehirnzellen nicht mehr ausreichend mit Sauerstoff und N&auml;hrstoffen versorgt werden.&nbsp;Dies kann zu bleibenden Sch&auml;den oder sogar zum Absterben von Hirnzellen f&uuml;hren, wenn die Durchblutung nicht schnell wiederhergestellt wird.&nbsp; Einfach erkl&auml;rt: Stellen Sie sich vor, ein Teil Ihres Gehirns&hellip;\" class=\"encyclopedia\">Schlaganfall<\/a>&nbsp;kann unterst&uuml;tzend wirken, um Stimmung, Schlaf und motorische Unruhe zu verbessern. Sie nutzt farbiges Licht (z.B. durch Lampen oder Brillen), um Nervensystem und Psyche positiv zu beeinflussen, etwa durch beruhigendes Blau oder aktivierendes Rot.&nbsp;<\/p>\n\n\n\n<p><strong>Wirkungen von Farben nach einem <a href=\"https:\/\/www.vitalibera.org\/community\/enzyklopaedie\/schlaganfall\/\" target=\"_self\" title=\"Ein Schlaganfall, auch Hirnschlag oder Apoplex genannt, ist eine&nbsp;pl&ouml;tzlich auftretende Durchblutungsst&ouml;rung im Gehirn, die dazu f&uuml;hrt, dass Gehirnzellen nicht mehr ausreichend mit Sauerstoff und N&auml;hrstoffen versorgt werden.&nbsp;Dies kann zu bleibenden Sch&auml;den oder sogar zum Absterben von Hirnzellen f&uuml;hren, wenn die Durchblutung nicht schnell wiederhergestellt wird.&nbsp; Einfach erkl&auml;rt: Stellen Sie sich vor, ein Teil Ihres Gehirns&hellip;\" class=\"encyclopedia\">Schlaganfall<\/a>:<\/strong><\/p>\n\n\n\n<ul class=\"wp-block-list\">\n<li><strong>Blau:<\/strong>&nbsp;Wirkt beruhigend auf das Nervensystem, senkt Stress und f&ouml;rdert den Schlaf.<\/li>\n\n\n\n<li><strong>Gr&uuml;n:<\/strong>&nbsp;Symbolisiert Heilung, Wachstum und Ausgleich, was bei der Regeneration helfen kann.<\/li>\n\n\n\n<li><strong>Rot:<\/strong>&nbsp;Kann die Durchblutung f&ouml;rdern und aktivieren, was bei Antriebslosigkeit hilfreich sein kann.<\/li>\n\n\n\n<li><strong>Gelb:<\/strong>&nbsp;Wirkt stimmungsaufhellend gegen <a href=\"https:\/\/www.vitalibera.org\/community\/enzyklopaedie\/melancholie\/\" target=\"_self\" title=\"Melancholie ist eine&nbsp;schwerm&uuml;tige, nachdenkliche Stimmung, oft gepr&auml;gt von bitters&uuml;&szlig;er Traurigkeit, Sehnsucht und einer Neigung zur Reflexion. Sie wird als ein Zustand zwischen Schmerz und Sch&ouml;nheit empfunden, der nicht zwingend krankhaft ist, aber in antriebslose Phasen &uuml;bergehen kann. Der Begriff stammt von der &bdquo;schwarzen Galle&ldquo;, die laut antiker Lehre f&uuml;r Schwermut sorgt. Merkmale und Ursprung der&hellip;\" class=\"encyclopedia\">Melancholie<\/a>.&nbsp;<\/li>\n<\/ul>\n\n\n\n<p><strong>Anwendungsm&ouml;glichkeiten:<\/strong><\/p>\n\n\n\n<ul class=\"wp-block-list\">\n<li><strong>Farblampen:<\/strong>&nbsp;Dimmbare Lampen (wie &bdquo;Living Colors&ldquo;) k&ouml;nnen im Zimmer platziert werden, um eine beruhigende Atmosph&auml;re zu schaffen.<\/li>\n\n\n\n<li><strong>Farbbrillen:<\/strong>&nbsp;Eine einfache Methode, um Patienten f&uuml;r etwa 30 bis 60 Minuten mit spezifischen Farblichtfrequenzen zu versorgen.<\/li>\n\n\n\n<li><strong>Tageszeit beachten:<\/strong>&nbsp;Morgens eher aktivierende Farben (rot\/gelb), abends beruhigende Farben (blau\/gr&uuml;n) nutzen.&nbsp;<\/li>\n<\/ul>\n\n\n\n<p><strong>Wichtige Hinweise:<\/strong><br>Die Farbtherapie ist eine unterst&uuml;tzende Ma&szlig;nahme und ersetzt keine rehabilitativen Ma&szlig;nahmen wie <a href=\"https:\/\/www.vitalibera.org\/community\/enzyklopaedie\/physiotherapie\/\" target=\"_self\" title=\"Die Physiotherapie ist ein essenzieller Bestandteil der Schlaganfall-Rehabilitation, um durch gezieltes, intensives Training (Neuroplastizit&auml;t) Mobilit&auml;t, Kraft und Koordination wiederherzustellen. Fr&uuml;hzeitiger Beginn und hohe Wiederholungsraten f&ouml;rdern die Wiedererlangung der Selbstst&auml;ndigkeit. Wichtige Konzepte sind Bobath, PNF, Spiegeltraining und Gangschulung. Ziele und Schwerpunkte der Physiotherapie: Verbesserung der Beweglichkeit:&nbsp;Wiederherstellung von Funktionen wie Greifen oder Gehen. Kraftaufbau &amp; Gleichgewicht:&nbsp;St&auml;rkung der&hellip;\" class=\"encyclopedia\">Physiotherapie<\/a> oder <a href=\"https:\/\/www.vitalibera.org\/community\/enzyklopaedie\/ergotherapie\/\" target=\"_self\" title=\"Ergotherapie&nbsp;unterst&uuml;tzt und begleitet Menschen jeden Alters, die in ihrer Handlungsf&auml;higkeit eingeschr&auml;nkt oder von Einschr&auml;nkung bedroht sind. Ziel ist, sie bei der Durchf&uuml;hrung f&uuml;r sie bedeutungsvoller Bet&auml;tigungen in den Bereichen Selbstversorgung, Produktivit&auml;t und Freizeit in ihrer pers&ouml;nlichen Umwelt zu st&auml;rken.\" class=\"encyclopedia\">Ergotherapie<\/a>. Es ist darauf zu achten, dass die Patienten nicht durch zu helle Lampen geblendet werden.<\/p>\n\n\n<div class=\"wp-block-image\">\n<figure class=\"aligncenter size-large\"><img fetchpriority=\"high\" decoding=\"async\" width=\"1024\" height=\"1024\" src=\"https:\/\/www.vitalibera.org\/community\/wp-content\/uploads\/2026\/03\/different-color-meanings-de@2x-1024x1024.png\" alt=\"\" class=\"wp-image-6179\" srcset=\"https:\/\/www.vitalibera.org\/community\/wp-content\/uploads\/2026\/03\/different-color-meanings-de@2x-1024x1024.png 1024w, https:\/\/www.vitalibera.org\/community\/wp-content\/uploads\/2026\/03\/different-color-meanings-de@2x-300x300.png 300w, https:\/\/www.vitalibera.org\/community\/wp-content\/uploads\/2026\/03\/different-color-meanings-de@2x-150x150.png 150w, https:\/\/www.vitalibera.org\/community\/wp-content\/uploads\/2026\/03\/different-color-meanings-de@2x-768x768.png 768w, https:\/\/www.vitalibera.org\/community\/wp-content\/uploads\/2026\/03\/different-color-meanings-de@2x.png 1100w\" sizes=\"(max-width: 1024px) 100vw, 1024px\" \/><\/figure>\n<\/div>\n\n\n<p><\/p>\n","protected":false},"excerpt":{"rendered":"<p>Die Farbtherapie (Farblichttherapie) nach einem Schlaganfall\u00a0kann unterst\u00fctzend wirken, um Stimmung, Schlaf und motorische Unruhe zu verbessern. Sie nutzt farbiges Licht (z.B. durch Lampen oder Brillen), um Nervensystem und Psyche positiv zu beeinflussen, etwa durch beruhigendes Blau oder aktivierendes Rot.\u00a0 Wirkungen von Farben nach einem Schlaganfall: Anwendungsm\u00f6glichkeiten: Wichtige Hinweise:Die Farbtherapie ist eine unterst\u00fctzende Ma\u00dfnahme und ersetzt &#8230; <a title=\"Farblichttherapie\" class=\"read-more\" href=\"https:\/\/www.vitalibera.org\/community\/2026\/03\/17\/farblichttherapie\/\" aria-label=\"Mehr Informationen \u00fcber Farblichttherapie\">Weiterlesen<\/a><\/p>\n","protected":false},"author":2,"featured_media":6178,"comment_status":"open","ping_status":"open","sticky":false,"template":"","format":"standard","meta":{"cybocfi_hide_featured_image":"yes","_jetpack_memberships_contains_paid_content":false,"footnotes":""},"categories":[71,160],"tags":[],"class_list":["post-6177","post","type-post","status-publish","format-standard","has-post-thumbnail","hentry","category-sonstige-therapien","category-therapien"],"yoast_head":"<!-- This site is optimized with the Yoast SEO plugin v27.4 - https:\/\/yoast.com\/product\/yoast-seo-wordpress\/ -->\r\n<title>Farblichttherapie - vitalibera.org<\/title>\r\n<meta name=\"robots\" content=\"index, follow, max-snippet:-1, max-image-preview:large, max-video-preview:-1\" \/>\r\n<link rel=\"canonical\" href=\"http:\/\/www.vitalibera.org\/community\/2026\/03\/17\/farblichttherapie\/\" \/>\r\n<meta property=\"og:locale\" content=\"de_DE\" \/>\r\n<meta property=\"og:type\" content=\"article\" \/>\r\n<meta property=\"og:title\" content=\"Farblichttherapie - vitalibera.org\" \/>\r\n<meta property=\"og:description\" content=\"Die Farbtherapie (Farblichttherapie) nach einem Schlaganfall\u00a0kann unterst\u00fctzend wirken, um Stimmung, Schlaf und motorische Unruhe zu verbessern. Sie nutzt farbiges Licht (z.B. durch Lampen oder Brillen), um Nervensystem und Psyche positiv zu beeinflussen, etwa durch beruhigendes Blau oder aktivierendes Rot.\u00a0 Wirkungen von Farben nach einem Schlaganfall: Anwendungsm\u00f6glichkeiten: Wichtige Hinweise:Die Farbtherapie ist eine unterst\u00fctzende Ma\u00dfnahme und ersetzt ... Weiterlesen\" \/>\r\n<meta property=\"og:url\" content=\"http:\/\/www.vitalibera.org\/community\/2026\/03\/17\/farblichttherapie\/\" \/>\r\n<meta property=\"og:site_name\" content=\"vitalibera.org\" \/>\r\n<meta property=\"article:publisher\" content=\"https:\/\/www.facebook.com\/groups\/2997085857140235\" \/>\r\n<meta property=\"article:published_time\" content=\"2026-03-17T12:22:49+00:00\" \/>\r\n<meta property=\"article:modified_time\" content=\"2026-03-17T12:24:07+00:00\" \/>\r\n<meta property=\"og:image\" content=\"http:\/\/www.vitalibera.org\/community\/wp-content\/uploads\/2026\/03\/farblicht.png\" \/>\r\n\t<meta property=\"og:image:width\" content=\"652\" \/>\r\n\t<meta property=\"og:image:height\" content=\"491\" \/>\r\n\t<meta property=\"og:image:type\" content=\"image\/png\" \/>\r\n<meta name=\"author\" content=\"Andreas Jecklin\" \/>\r\n<meta name=\"twitter:card\" content=\"summary_large_image\" \/>\r\n<meta name=\"twitter:label1\" content=\"Verfasst von\" \/>\n\t<meta name=\"twitter:data1\" content=\"Andreas Jecklin\" \/>\n\t<meta name=\"twitter:label2\" content=\"Gesch\u00e4tzte Lesezeit\" \/>\n\t<meta name=\"twitter:data2\" content=\"2\u00a0Minuten\" \/>\r\n<script type=\"application\/ld+json\" class=\"yoast-schema-graph\">{\"@context\":\"https:\\\/\\\/schema.org\",\"@graph\":[{\"@type\":\"Article\",\"@id\":\"http:\\\/\\\/www.vitalibera.org\\\/community\\\/2026\\\/03\\\/17\\\/farblichttherapie\\\/#article\",\"isPartOf\":{\"@id\":\"http:\\\/\\\/www.vitalibera.org\\\/community\\\/2026\\\/03\\\/17\\\/farblichttherapie\\\/\"},\"author\":{\"name\":\"Andreas Jecklin\",\"@id\":\"https:\\\/\\\/www.vitalibera.org\\\/community\\\/#\\\/schema\\\/person\\\/6712387298421f222ff6d0a2e22c1534\"},\"headline\":\"Farblichttherapie\",\"datePublished\":\"2026-03-17T12:22:49+00:00\",\"dateModified\":\"2026-03-17T12:24:07+00:00\",\"mainEntityOfPage\":{\"@id\":\"http:\\\/\\\/www.vitalibera.org\\\/community\\\/2026\\\/03\\\/17\\\/farblichttherapie\\\/\"},\"wordCount\":181,\"commentCount\":0,\"publisher\":{\"@id\":\"https:\\\/\\\/www.vitalibera.org\\\/community\\\/#organization\"},\"image\":{\"@id\":\"http:\\\/\\\/www.vitalibera.org\\\/community\\\/2026\\\/03\\\/17\\\/farblichttherapie\\\/#primaryimage\"},\"thumbnailUrl\":\"https:\\\/\\\/www.vitalibera.org\\\/community\\\/wp-content\\\/uploads\\\/2026\\\/03\\\/farblicht.png\",\"articleSection\":[\"sonstige Therapien\",\"Therapien\"],\"inLanguage\":\"de\",\"potentialAction\":[{\"@type\":\"CommentAction\",\"name\":\"Comment\",\"target\":[\"http:\\\/\\\/www.vitalibera.org\\\/community\\\/2026\\\/03\\\/17\\\/farblichttherapie\\\/#respond\"]}]},{\"@type\":\"WebPage\",\"@id\":\"http:\\\/\\\/www.vitalibera.org\\\/community\\\/2026\\\/03\\\/17\\\/farblichttherapie\\\/\",\"url\":\"http:\\\/\\\/www.vitalibera.org\\\/community\\\/2026\\\/03\\\/17\\\/farblichttherapie\\\/\",\"name\":\"Farblichttherapie - vitalibera.org\",\"isPartOf\":{\"@id\":\"https:\\\/\\\/www.vitalibera.org\\\/community\\\/#website\"},\"primaryImageOfPage\":{\"@id\":\"http:\\\/\\\/www.vitalibera.org\\\/community\\\/2026\\\/03\\\/17\\\/farblichttherapie\\\/#primaryimage\"},\"image\":{\"@id\":\"http:\\\/\\\/www.vitalibera.org\\\/community\\\/2026\\\/03\\\/17\\\/farblichttherapie\\\/#primaryimage\"},\"thumbnailUrl\":\"https:\\\/\\\/www.vitalibera.org\\\/community\\\/wp-content\\\/uploads\\\/2026\\\/03\\\/farblicht.png\",\"datePublished\":\"2026-03-17T12:22:49+00:00\",\"dateModified\":\"2026-03-17T12:24:07+00:00\",\"breadcrumb\":{\"@id\":\"http:\\\/\\\/www.vitalibera.org\\\/community\\\/2026\\\/03\\\/17\\\/farblichttherapie\\\/#breadcrumb\"},\"inLanguage\":\"de\",\"potentialAction\":[{\"@type\":\"ReadAction\",\"target\":[\"http:\\\/\\\/www.vitalibera.org\\\/community\\\/2026\\\/03\\\/17\\\/farblichttherapie\\\/\"]}]},{\"@type\":\"BreadcrumbList\",\"@id\":\"http:\\\/\\\/www.vitalibera.org\\\/community\\\/2026\\\/03\\\/17\\\/farblichttherapie\\\/#breadcrumb\",\"itemListElement\":[{\"@type\":\"ListItem\",\"position\":1,\"name\":\"Startseite\",\"item\":\"https:\\\/\\\/www.vitalibera.org\\\/community\\\/\"},{\"@type\":\"ListItem\",\"position\":2,\"name\":\"Farblichttherapie\"}]},{\"@type\":\"WebSite\",\"@id\":\"https:\\\/\\\/www.vitalibera.org\\\/community\\\/#website\",\"url\":\"https:\\\/\\\/www.vitalibera.org\\\/community\\\/\",\"name\":\"vitalibera.org\",\"description\":\"Mit einer Einschr&auml;nkung gestaltet sich das Leben im Alltag oft schwieriger - hier berichten wir &uuml;ber unsere Erfahrungen und Hilfsmittel um den Alltag so unbeschwert und unkompliziert wie nur m&ouml;glich geniessen zu k&ouml;nnen. Dabei richten wir unseren Fokus gezielt auf Selbst&auml;ndigkeit, Eigenst&auml;ndigkeit und Selbstbestimmung.\",\"publisher\":{\"@id\":\"https:\\\/\\\/www.vitalibera.org\\\/community\\\/#organization\"},\"potentialAction\":[{\"@type\":\"SearchAction\",\"target\":{\"@type\":\"EntryPoint\",\"urlTemplate\":\"https:\\\/\\\/www.vitalibera.org\\\/community\\\/?s={search_term_string}\"},\"query-input\":{\"@type\":\"PropertyValueSpecification\",\"valueRequired\":true,\"valueName\":\"search_term_string\"}}],\"inLanguage\":\"de\"},{\"@type\":\"Organization\",\"@id\":\"https:\\\/\\\/www.vitalibera.org\\\/community\\\/#organization\",\"name\":\"vitalibera.org\",\"url\":\"https:\\\/\\\/www.vitalibera.org\\\/community\\\/\",\"logo\":{\"@type\":\"ImageObject\",\"inLanguage\":\"de\",\"@id\":\"https:\\\/\\\/www.vitalibera.org\\\/community\\\/#\\\/schema\\\/logo\\\/image\\\/\",\"url\":\"https:\\\/\\\/www.vitalibera.org\\\/community\\\/wp-content\\\/uploads\\\/2025\\\/09\\\/cropped-banner.png\",\"contentUrl\":\"https:\\\/\\\/www.vitalibera.org\\\/community\\\/wp-content\\\/uploads\\\/2025\\\/09\\\/cropped-banner.png\",\"width\":991,\"height\":150,\"caption\":\"vitalibera.org\"},\"image\":{\"@id\":\"https:\\\/\\\/www.vitalibera.org\\\/community\\\/#\\\/schema\\\/logo\\\/image\\\/\"},\"sameAs\":[\"https:\\\/\\\/www.facebook.com\\\/groups\\\/2997085857140235\"]},{\"@type\":\"Person\",\"@id\":\"https:\\\/\\\/www.vitalibera.org\\\/community\\\/#\\\/schema\\\/person\\\/6712387298421f222ff6d0a2e22c1534\",\"name\":\"Andreas Jecklin\",\"image\":{\"@type\":\"ImageObject\",\"inLanguage\":\"de\",\"@id\":\"https:\\\/\\\/secure.gravatar.com\\\/avatar\\\/ad516503a11cd5ca435acc9bb6523536?s=96\",\"url\":\"https:\\\/\\\/secure.gravatar.com\\\/avatar\\\/ad516503a11cd5ca435acc9bb6523536?s=96\",\"contentUrl\":\"https:\\\/\\\/secure.gravatar.com\\\/avatar\\\/ad516503a11cd5ca435acc9bb6523536?s=96\",\"caption\":\"Andreas Jecklin\"},\"description\":\"Manchen gab Gott die Kraft Dinge zu ver\u00e4ndern, mir gab er die Kraft zu ertragen was nicht mehr zu \u00e4ndern ist.\",\"url\":\"https:\\\/\\\/www.vitalibera.org\\\/community\\\/author\\\/andy77\\\/\"}]}<\/script>\r\n<!-- \/ Yoast SEO plugin. -->","yoast_head_json":{"title":"Farblichttherapie - vitalibera.org","robots":{"index":"index","follow":"follow","max-snippet":"max-snippet:-1","max-image-preview":"max-image-preview:large","max-video-preview":"max-video-preview:-1"},"canonical":"http:\/\/www.vitalibera.org\/community\/2026\/03\/17\/farblichttherapie\/","og_locale":"de_DE","og_type":"article","og_title":"Farblichttherapie - vitalibera.org","og_description":"Die Farbtherapie (Farblichttherapie) nach einem Schlaganfall\u00a0kann unterst\u00fctzend wirken, um Stimmung, Schlaf und motorische Unruhe zu verbessern. Sie nutzt farbiges Licht (z.B. durch Lampen oder Brillen), um Nervensystem und Psyche positiv zu beeinflussen, etwa durch beruhigendes Blau oder aktivierendes Rot.\u00a0 Wirkungen von Farben nach einem Schlaganfall: Anwendungsm\u00f6glichkeiten: Wichtige Hinweise:Die Farbtherapie ist eine unterst\u00fctzende Ma\u00dfnahme und ersetzt ... Weiterlesen","og_url":"http:\/\/www.vitalibera.org\/community\/2026\/03\/17\/farblichttherapie\/","og_site_name":"vitalibera.org","article_publisher":"https:\/\/www.facebook.com\/groups\/2997085857140235","article_published_time":"2026-03-17T12:22:49+00:00","article_modified_time":"2026-03-17T12:24:07+00:00","og_image":[{"width":652,"height":491,"url":"http:\/\/www.vitalibera.org\/community\/wp-content\/uploads\/2026\/03\/farblicht.png","type":"image\/png"}],"author":"Andreas Jecklin","twitter_card":"summary_large_image","twitter_misc":{"Verfasst von":"Andreas Jecklin","Gesch\u00e4tzte Lesezeit":"2\u00a0Minuten"},"schema":{"@context":"https:\/\/schema.org","@graph":[{"@type":"Article","@id":"http:\/\/www.vitalibera.org\/community\/2026\/03\/17\/farblichttherapie\/#article","isPartOf":{"@id":"http:\/\/www.vitalibera.org\/community\/2026\/03\/17\/farblichttherapie\/"},"author":{"name":"Andreas Jecklin","@id":"https:\/\/www.vitalibera.org\/community\/#\/schema\/person\/6712387298421f222ff6d0a2e22c1534"},"headline":"Farblichttherapie","datePublished":"2026-03-17T12:22:49+00:00","dateModified":"2026-03-17T12:24:07+00:00","mainEntityOfPage":{"@id":"http:\/\/www.vitalibera.org\/community\/2026\/03\/17\/farblichttherapie\/"},"wordCount":181,"commentCount":0,"publisher":{"@id":"https:\/\/www.vitalibera.org\/community\/#organization"},"image":{"@id":"http:\/\/www.vitalibera.org\/community\/2026\/03\/17\/farblichttherapie\/#primaryimage"},"thumbnailUrl":"https:\/\/www.vitalibera.org\/community\/wp-content\/uploads\/2026\/03\/farblicht.png","articleSection":["sonstige Therapien","Therapien"],"inLanguage":"de","potentialAction":[{"@type":"CommentAction","name":"Comment","target":["http:\/\/www.vitalibera.org\/community\/2026\/03\/17\/farblichttherapie\/#respond"]}]},{"@type":"WebPage","@id":"http:\/\/www.vitalibera.org\/community\/2026\/03\/17\/farblichttherapie\/","url":"http:\/\/www.vitalibera.org\/community\/2026\/03\/17\/farblichttherapie\/","name":"Farblichttherapie - vitalibera.org","isPartOf":{"@id":"https:\/\/www.vitalibera.org\/community\/#website"},"primaryImageOfPage":{"@id":"http:\/\/www.vitalibera.org\/community\/2026\/03\/17\/farblichttherapie\/#primaryimage"},"image":{"@id":"http:\/\/www.vitalibera.org\/community\/2026\/03\/17\/farblichttherapie\/#primaryimage"},"thumbnailUrl":"https:\/\/www.vitalibera.org\/community\/wp-content\/uploads\/2026\/03\/farblicht.png","datePublished":"2026-03-17T12:22:49+00:00","dateModified":"2026-03-17T12:24:07+00:00","breadcrumb":{"@id":"http:\/\/www.vitalibera.org\/community\/2026\/03\/17\/farblichttherapie\/#breadcrumb"},"inLanguage":"de","potentialAction":[{"@type":"ReadAction","target":["http:\/\/www.vitalibera.org\/community\/2026\/03\/17\/farblichttherapie\/"]}]},{"@type":"BreadcrumbList","@id":"http:\/\/www.vitalibera.org\/community\/2026\/03\/17\/farblichttherapie\/#breadcrumb","itemListElement":[{"@type":"ListItem","position":1,"name":"Startseite","item":"https:\/\/www.vitalibera.org\/community\/"},{"@type":"ListItem","position":2,"name":"Farblichttherapie"}]},{"@type":"WebSite","@id":"https:\/\/www.vitalibera.org\/community\/#website","url":"https:\/\/www.vitalibera.org\/community\/","name":"vitalibera.org","description":"Mit einer Einschr&auml;nkung gestaltet sich das Leben im Alltag oft schwieriger - hier berichten wir &uuml;ber unsere Erfahrungen und Hilfsmittel um den Alltag so unbeschwert und unkompliziert wie nur m&ouml;glich geniessen zu k&ouml;nnen. Dabei richten wir unseren Fokus gezielt auf Selbst&auml;ndigkeit, Eigenst&auml;ndigkeit und Selbstbestimmung.","publisher":{"@id":"https:\/\/www.vitalibera.org\/community\/#organization"},"potentialAction":[{"@type":"SearchAction","target":{"@type":"EntryPoint","urlTemplate":"https:\/\/www.vitalibera.org\/community\/?s={search_term_string}"},"query-input":{"@type":"PropertyValueSpecification","valueRequired":true,"valueName":"search_term_string"}}],"inLanguage":"de"},{"@type":"Organization","@id":"https:\/\/www.vitalibera.org\/community\/#organization","name":"vitalibera.org","url":"https:\/\/www.vitalibera.org\/community\/","logo":{"@type":"ImageObject","inLanguage":"de","@id":"https:\/\/www.vitalibera.org\/community\/#\/schema\/logo\/image\/","url":"https:\/\/www.vitalibera.org\/community\/wp-content\/uploads\/2025\/09\/cropped-banner.png","contentUrl":"https:\/\/www.vitalibera.org\/community\/wp-content\/uploads\/2025\/09\/cropped-banner.png","width":991,"height":150,"caption":"vitalibera.org"},"image":{"@id":"https:\/\/www.vitalibera.org\/community\/#\/schema\/logo\/image\/"},"sameAs":["https:\/\/www.facebook.com\/groups\/2997085857140235"]},{"@type":"Person","@id":"https:\/\/www.vitalibera.org\/community\/#\/schema\/person\/6712387298421f222ff6d0a2e22c1534","name":"Andreas Jecklin","image":{"@type":"ImageObject","inLanguage":"de","@id":"https:\/\/secure.gravatar.com\/avatar\/ad516503a11cd5ca435acc9bb6523536?s=96","url":"https:\/\/secure.gravatar.com\/avatar\/ad516503a11cd5ca435acc9bb6523536?s=96","contentUrl":"https:\/\/secure.gravatar.com\/avatar\/ad516503a11cd5ca435acc9bb6523536?s=96","caption":"Andreas Jecklin"},"description":"Manchen gab Gott die Kraft Dinge zu ver\u00e4ndern, mir gab er die Kraft zu ertragen was nicht mehr zu \u00e4ndern ist.","url":"https:\/\/www.vitalibera.org\/community\/author\/andy77\/"}]}},"jetpack_featured_media_url":"https:\/\/www.vitalibera.org\/community\/wp-content\/uploads\/2026\/03\/farblicht.png","jetpack_sharing_enabled":true,"jetpack-related-posts":[],"_links":{"self":[{"href":"https:\/\/www.vitalibera.org\/community\/wp-json\/wp\/v2\/posts\/6177","targetHints":{"allow":["GET"]}}],"collection":[{"href":"https:\/\/www.vitalibera.org\/community\/wp-json\/wp\/v2\/posts"}],"about":[{"href":"https:\/\/www.vitalibera.org\/community\/wp-json\/wp\/v2\/types\/post"}],"author":[{"embeddable":true,"href":"https:\/\/www.vitalibera.org\/community\/wp-json\/wp\/v2\/users\/2"}],"replies":[{"embeddable":true,"href":"https:\/\/www.vitalibera.org\/community\/wp-json\/wp\/v2\/comments?post=6177"}],"version-history":[{"count":1,"href":"https:\/\/www.vitalibera.org\/community\/wp-json\/wp\/v2\/posts\/6177\/revisions"}],"predecessor-version":[{"id":6180,"href":"https:\/\/www.vitalibera.org\/community\/wp-json\/wp\/v2\/posts\/6177\/revisions\/6180"}],"wp:featuredmedia":[{"embeddable":true,"href":"https:\/\/www.vitalibera.org\/community\/wp-json\/wp\/v2\/media\/6178"}],"wp:attachment":[{"href":"https:\/\/www.vitalibera.org\/community\/wp-json\/wp\/v2\/media?parent=6177"}],"wp:term":[{"taxonomy":"category","embeddable":true,"href":"https:\/\/www.vitalibera.org\/community\/wp-json\/wp\/v2\/categories?post=6177"},{"taxonomy":"post_tag","embeddable":true,"href":"https:\/\/www.vitalibera.org\/community\/wp-json\/wp\/v2\/tags?post=6177"}],"curies":[{"name":"wp","href":"https:\/\/api.w.org\/{rel}","templated":true}]}}