{"id":6182,"date":"2026-03-17T13:34:05","date_gmt":"2026-03-17T12:34:05","guid":{"rendered":"https:\/\/www.vitalibera.org\/community\/?p=6182"},"modified":"2026-03-17T13:35:13","modified_gmt":"2026-03-17T12:35:13","slug":"wirkung-von-farben-in-der-ergotherapie","status":"publish","type":"post","link":"https:\/\/www.vitalibera.org\/community\/2026\/03\/17\/wirkung-von-farben-in-der-ergotherapie\/","title":{"rendered":"Wirkung von Farben in der Ergotherapie"},"content":{"rendered":"\n<p>In der <a href=\"https:\/\/www.vitalibera.org\/community\/enzyklopaedie\/ergotherapie\/\" target=\"_self\" title=\"Ergotherapie&nbsp;unterst&uuml;tzt und begleitet Menschen jeden Alters, die in ihrer Handlungsf&auml;higkeit eingeschr&auml;nkt oder von Einschr&auml;nkung bedroht sind. Ziel ist, sie bei der Durchf&uuml;hrung f&uuml;r sie bedeutungsvoller Bet&auml;tigungen in den Bereichen Selbstversorgung, Produktivit&auml;t und Freizeit in ihrer pers&ouml;nlichen Umwelt zu st&auml;rken.\" class=\"encyclopedia\">Ergotherapie<\/a> nach <a href=\"https:\/\/www.vitalibera.org\/community\/enzyklopaedie\/schlaganfall\/\" target=\"_self\" title=\"Ein Schlaganfall, auch Hirnschlag oder Apoplex genannt, ist eine&nbsp;pl&ouml;tzlich auftretende Durchblutungsst&ouml;rung im Gehirn, die dazu f&uuml;hrt, dass Gehirnzellen nicht mehr ausreichend mit Sauerstoff und N&auml;hrstoffen versorgt werden.&nbsp;Dies kann zu bleibenden Sch&auml;den oder sogar zum Absterben von Hirnzellen f&uuml;hren, wenn die Durchblutung nicht schnell wiederhergestellt wird.&nbsp; Einfach erkl&auml;rt: Stellen Sie sich vor, ein Teil Ihres Gehirns&hellip;\" class=\"encyclopedia\">Schlaganfall<\/a> werden farb- und visuell basierte Verfahren wie die <a href=\"https:\/\/www.vitalibera.org\/community\/enzyklopaedie\/spiegeltherapie\/\" target=\"_self\" title=\"Die Spiegeltherapie ist eine&nbsp;neurologische Reha- und Schmerztherapie, bei der ein Spiegel verwendet wird, um eine betroffene Gliedma&szlig;e durch das Spiegelbild der gesunden Seite zu &bdquo;ersetzen&ldquo;. Sie wird haupts&auml;chlich nach Schlaganf&auml;llen, bei Phantomschmerzen oder zur Linderung von Schmerzen eingesetzt, da sie dem Gehirn eine Illusion der Bewegung vermittelt, die motorische Funktionen, Wahrnehmung und Schmerzen verbessern kann.&hellip;\" class=\"encyclopedia\">Spiegeltherapie<\/a> eingesetzt, um die neuronale <a href=\"https:\/\/www.vitalibera.org\/community\/enzyklopaedie\/plastizitaet\/\" target=\"_self\" title=\"Plastizit&auml;t ist die&nbsp;F&auml;higkeit eines K&ouml;rpers oder Systems, sich nach einer Form&auml;nderung durch mechanische Kr&auml;fte oder &auml;u&szlig;ere Einfl&uuml;sse in der neuen Form dauerhaft zu erhalten, ohne in den urspr&uuml;nglichen Zustand zur&uuml;ckzukehren.&nbsp;Dieser Begriff wird in verschiedenen Fachbereichen wie der Physik&nbsp;(plastische Verformung&nbsp;von Materialien) und der Biologie&nbsp;(neuronale Plastizit&auml;t,&nbsp;Anpassungsf&auml;higkeit) verwendet.&nbsp; In der Biologie und Psychologie Neuronale Plastizit&auml;t:&nbsp; Dies ist die&hellip;\" class=\"encyclopedia\">Plastizit&auml;t<\/a> anzuregen und Bewegungsmuster in gel&auml;hmten K&ouml;rperh&auml;lften zu reaktivieren. Die <a href=\"https:\/\/www.vitalibera.org\/community\/enzyklopaedie\/spiegeltherapie\/\" target=\"_self\" title=\"Die Spiegeltherapie ist eine&nbsp;neurologische Reha- und Schmerztherapie, bei der ein Spiegel verwendet wird, um eine betroffene Gliedma&szlig;e durch das Spiegelbild der gesunden Seite zu &bdquo;ersetzen&ldquo;. Sie wird haupts&auml;chlich nach Schlaganf&auml;llen, bei Phantomschmerzen oder zur Linderung von Schmerzen eingesetzt, da sie dem Gehirn eine Illusion der Bewegung vermittelt, die motorische Funktionen, Wahrnehmung und Schmerzen verbessern kann.&hellip;\" class=\"encyclopedia\">Spiegeltherapie<\/a> nutzt optische T&auml;uschungen, um dem Gehirn eine intakte Bewegung vorzut&auml;uschen, was die Motorik und Wahrnehmung verbessert.<\/p>\n\n\n\n<p><strong>Farbe und visuelle Reize in der <a href=\"https:\/\/www.vitalibera.org\/community\/enzyklopaedie\/ergotherapie\/\" target=\"_self\" title=\"Ergotherapie&nbsp;unterst&uuml;tzt und begleitet Menschen jeden Alters, die in ihrer Handlungsf&auml;higkeit eingeschr&auml;nkt oder von Einschr&auml;nkung bedroht sind. Ziel ist, sie bei der Durchf&uuml;hrung f&uuml;r sie bedeutungsvoller Bet&auml;tigungen in den Bereichen Selbstversorgung, Produktivit&auml;t und Freizeit in ihrer pers&ouml;nlichen Umwelt zu st&auml;rken.\" class=\"encyclopedia\">Ergotherapie<\/a><\/strong><\/p>\n\n\n\n<ul class=\"wp-block-list\">\n<li><strong><a href=\"https:\/\/www.vitalibera.org\/community\/enzyklopaedie\/spiegeltherapie\/\" target=\"_self\" title=\"Die Spiegeltherapie ist eine&nbsp;neurologische Reha- und Schmerztherapie, bei der ein Spiegel verwendet wird, um eine betroffene Gliedma&szlig;e durch das Spiegelbild der gesunden Seite zu &bdquo;ersetzen&ldquo;. Sie wird haupts&auml;chlich nach Schlaganf&auml;llen, bei Phantomschmerzen oder zur Linderung von Schmerzen eingesetzt, da sie dem Gehirn eine Illusion der Bewegung vermittelt, die motorische Funktionen, Wahrnehmung und Schmerzen verbessern kann.&hellip;\" class=\"encyclopedia\">Spiegeltherapie<\/a>:<\/strong>&nbsp;Gilt als eines der effektivsten Verfahren zur Behandlung von halbseitigen L&auml;hmungen (<a href=\"https:\/\/www.vitalibera.org\/community\/enzyklopaedie\/hemiparese\/\" target=\"_self\" title=\"Eine Hemiparese ist eine&nbsp;L&auml;hmung einer K&ouml;rperh&auml;lfte, bei der noch eine Restaktivit&auml;t vorhanden sein kann. Eine Hemiparese entsteht durch Sch&auml;digungen im Gehirn, wie bei einem Schlaganfall oder durch einen Unfall. Es kommt zu einer Verminderung der Kraft in Gesicht, Arm und Bein in einer K&ouml;rperh&auml;lfte.\" class=\"encyclopedia\">Hemiparese<\/a>) und zur Reduktion von Phantomschmerzen. Das Gehirn wird durch das Spiegelbild der gesunden Seite stimuliert, was die Aktivierung betroffener Hirnareale f&ouml;rdert.<\/li>\n\n\n\n<li><strong>Wahrnehmungstraining:<\/strong>&nbsp;Ergotherapeuten nutzen farbige Gegenst&auml;nde oder spezielle Sehtrainings (z. B.&nbsp;<a href=\"https:\/\/www.ergotherapie.de\/news\/913\/schlaganfall-raeumliches-sehen-nach-therapie-wieder-moeglich\/\" target=\"_blank\" rel=\"noreferrer noopener\">r&auml;umliches Sehen laut einer Studie auf Ergotherapie.de<\/a>), um St&ouml;rungen in der Raumwahrnehmung (<a href=\"https:\/\/www.vitalibera.org\/community\/enzyklopaedie\/neglect\/\" target=\"_self\" title='Neglect, auch bekannt als Neglect-Syndrom, ist eine&nbsp;neurologische St&ouml;rung, bei der eine Seite der Umgebung oder des eigenen K&ouml;rpers nicht mehr wahrgenommen oder beachtet wird, obwohl die Sinnesorgane (wie Augen oder Ohren) selbst intakt sind.&nbsp;Es ist keine Sehst&ouml;rung (wie eine Hemianopsie), sondern eine Aufmerksamkeitsst&ouml;rung.&nbsp;Der Begriff leitet sich vom lateinischen \"neglegere\" ab, was \"nicht beachten\" oder \"vernachl&auml;ssigen\"&hellip;' class=\"encyclopedia\">Neglect<\/a>) zu behandeln.<\/li>\n\n\n\n<li><strong>Kreativtherapie\/Kunsttherapie:<\/strong>&nbsp;Malen und Gestalten k&ouml;nnen als Teil der <a href=\"https:\/\/www.vitalibera.org\/community\/enzyklopaedie\/ergotherapie\/\" target=\"_self\" title=\"Ergotherapie&nbsp;unterst&uuml;tzt und begleitet Menschen jeden Alters, die in ihrer Handlungsf&auml;higkeit eingeschr&auml;nkt oder von Einschr&auml;nkung bedroht sind. Ziel ist, sie bei der Durchf&uuml;hrung f&uuml;r sie bedeutungsvoller Bet&auml;tigungen in den Bereichen Selbstversorgung, Produktivit&auml;t und Freizeit in ihrer pers&ouml;nlichen Umwelt zu st&auml;rken.\" class=\"encyclopedia\">Ergotherapie<\/a> eingesetzt werden, um Feinmotorik, Konzentration und psychisches Wohlbefinden zu f&ouml;rdern.&nbsp;<\/li>\n<\/ul>\n\n\n\n<p><strong>Wichtige Aspekte der Anwendung<\/strong><\/p>\n\n\n\n<ul class=\"wp-block-list\">\n<li><strong>Fr&uuml;hbeginn:<\/strong>&nbsp;Die Therapie sollte m&ouml;glichst fr&uuml;h, oft schon in der Klinik, beginnen.<\/li>\n\n\n\n<li><strong>Intensit&auml;t:<\/strong>&nbsp;T&auml;gliche &Uuml;bungen (ca. 30 Minuten) sind f&uuml;r den Therapieerfolg entscheidend.<\/li>\n\n\n\n<li><strong>Individuell:<\/strong>&nbsp;Das Training wird an die motorischen und kognitiven F&auml;higkeiten des Patienten angepasst.&nbsp;<\/li>\n<\/ul>\n\n\n\n<p><a href=\"https:\/\/www.vitalibera.org\/community\/enzyklopaedie\/ergotherapie\/\" target=\"_self\" title=\"Ergotherapie&nbsp;unterst&uuml;tzt und begleitet Menschen jeden Alters, die in ihrer Handlungsf&auml;higkeit eingeschr&auml;nkt oder von Einschr&auml;nkung bedroht sind. Ziel ist, sie bei der Durchf&uuml;hrung f&uuml;r sie bedeutungsvoller Bet&auml;tigungen in den Bereichen Selbstversorgung, Produktivit&auml;t und Freizeit in ihrer pers&ouml;nlichen Umwelt zu st&auml;rken.\" class=\"encyclopedia\">Ergotherapie<\/a> f&ouml;rdert ganzheitlich die Wiederherstellung von Funktionen, die Selbstst&auml;ndigkeit und die R&uuml;ckkehr in den Alltag.<\/p>\n\n\n\n<div class=\"wp-block-media-text is-stacked-on-mobile is-vertically-aligned-top\"><figure class=\"wp-block-media-text__media\"><img fetchpriority=\"high\" decoding=\"async\" width=\"259\" height=\"240\" src=\"http:\/\/www.vitalibera.org\/community\/wp-content\/uploads\/2026\/03\/dbc5972683099460054d3dbc8212a892.jpg\" alt=\"\" class=\"wp-image-6119 size-full\"><\/figure><div class=\"wp-block-media-text__content\">\n<p><strong>Weiterf&uuml;hrende Informationen<\/strong><\/p>\n\n\n\n<figure class=\"wp-block-embed is-type-wp-embed is-provider-vitalibera-org wp-block-embed-vitalibera-org\"><div class=\"wp-block-embed__wrapper\">\n<blockquote class=\"wp-embedded-content\" data-secret=\"e3yi4ZccNH\"><a href=\"https:\/\/www.vitalibera.org\/community\/2025\/09\/16\/spiegeltherapie\/\">Spiegeltherapie<\/a><\/blockquote><iframe class=\"wp-embedded-content\" sandbox=\"allow-scripts\" security=\"restricted\" style=\"position: absolute; visibility: hidden;\" title=\"&bdquo;Spiegeltherapie&ldquo; &ndash; vitalibera.org\" src=\"https:\/\/www.vitalibera.org\/community\/2025\/09\/16\/spiegeltherapie\/embed\/#?secret=iuYM3ttuRg#?secret=e3yi4ZccNH\" data-secret=\"e3yi4ZccNH\" width=\"600\" height=\"338\" frameborder=\"0\" marginwidth=\"0\" marginheight=\"0\" scrolling=\"no\"><\/iframe>\n<\/div><\/figure>\n<\/div><\/div>\n\n\n\n<figure class=\"wp-block-embed is-type-wp-embed is-provider-vitalibera-org wp-block-embed-vitalibera-org\"><div class=\"wp-block-embed__wrapper\">\n<blockquote class=\"wp-embedded-content\" data-secret=\"oRNBWiCyv3\"><a href=\"https:\/\/www.vitalibera.org\/community\/2025\/10\/30\/neglect\/\">Neglect<\/a><\/blockquote><iframe class=\"wp-embedded-content\" sandbox=\"allow-scripts\" security=\"restricted\" style=\"position: absolute; visibility: hidden;\" title=\"&bdquo;Neglect&ldquo; &ndash; vitalibera.org\" src=\"https:\/\/www.vitalibera.org\/community\/2025\/10\/30\/neglect\/embed\/#?secret=jGb4l7er8e#?secret=oRNBWiCyv3\" data-secret=\"oRNBWiCyv3\" width=\"600\" height=\"338\" frameborder=\"0\" marginwidth=\"0\" marginheight=\"0\" scrolling=\"no\"><\/iframe>\n<\/div><\/figure>\n\n\n\n<figure class=\"wp-block-embed is-type-wp-embed is-provider-vitalibera-org wp-block-embed-vitalibera-org\"><div class=\"wp-block-embed__wrapper\">\n<blockquote class=\"wp-embedded-content\" data-secret=\"nOhUd8UQT6\"><a href=\"https:\/\/www.vitalibera.org\/community\/2026\/03\/05\/hemianopsie-halbseitenblindheit\/\">Hemianopsie (Halbseitenblindheit)<\/a><\/blockquote><iframe class=\"wp-embedded-content\" sandbox=\"allow-scripts\" security=\"restricted\" style=\"position: absolute; visibility: hidden;\" title=\"&bdquo;Hemianopsie (Halbseitenblindheit)&ldquo; &ndash; vitalibera.org\" src=\"https:\/\/www.vitalibera.org\/community\/2026\/03\/05\/hemianopsie-halbseitenblindheit\/embed\/#?secret=6S9KHzlcOI#?secret=nOhUd8UQT6\" data-secret=\"nOhUd8UQT6\" width=\"600\" height=\"338\" frameborder=\"0\" marginwidth=\"0\" marginheight=\"0\" scrolling=\"no\"><\/iframe>\n<\/div><\/figure>\n","protected":false},"excerpt":{"rendered":"<p>In der Ergotherapie nach Schlaganfall werden farb- und visuell basierte Verfahren wie die Spiegeltherapie eingesetzt, um die neuronale Plastizit\u00e4t anzuregen und Bewegungsmuster in gel\u00e4hmten K\u00f6rperh\u00e4lften zu reaktivieren. Die Spiegeltherapie nutzt optische T\u00e4uschungen, um dem Gehirn eine intakte Bewegung vorzut\u00e4uschen, was die Motorik und Wahrnehmung verbessert. Farbe und visuelle Reize in der Ergotherapie Wichtige Aspekte der &#8230; <a title=\"Wirkung von Farben in der Ergotherapie\" class=\"read-more\" href=\"https:\/\/www.vitalibera.org\/community\/2026\/03\/17\/wirkung-von-farben-in-der-ergotherapie\/\" aria-label=\"Mehr Informationen \u00fcber Wirkung von Farben in der Ergotherapie\">Weiterlesen<\/a><\/p>\n","protected":false},"author":2,"featured_media":6184,"comment_status":"open","ping_status":"open","sticky":false,"template":"","format":"standard","meta":{"cybocfi_hide_featured_image":"yes","_jetpack_memberships_contains_paid_content":false,"footnotes":""},"categories":[65],"tags":[],"class_list":["post-6182","post","type-post","status-publish","format-standard","has-post-thumbnail","hentry","category-ergo"],"yoast_head":"<!-- This site is optimized with the Yoast SEO plugin v27.4 - https:\/\/yoast.com\/product\/yoast-seo-wordpress\/ -->\r\n<title>Wirkung von Farben in der Ergotherapie - vitalibera.org<\/title>\r\n<meta name=\"robots\" content=\"index, follow, max-snippet:-1, max-image-preview:large, max-video-preview:-1\" \/>\r\n<link rel=\"canonical\" href=\"http:\/\/www.vitalibera.org\/community\/2026\/03\/17\/wirkung-von-farben-in-der-ergotherapie\/\" \/>\r\n<meta property=\"og:locale\" content=\"de_DE\" \/>\r\n<meta property=\"og:type\" content=\"article\" \/>\r\n<meta property=\"og:title\" content=\"Wirkung von Farben in der Ergotherapie - vitalibera.org\" \/>\r\n<meta property=\"og:description\" content=\"In der Ergotherapie nach Schlaganfall werden farb- und visuell basierte Verfahren wie die Spiegeltherapie eingesetzt, um die neuronale Plastizit\u00e4t anzuregen und Bewegungsmuster in gel\u00e4hmten K\u00f6rperh\u00e4lften zu reaktivieren. Die Spiegeltherapie nutzt optische T\u00e4uschungen, um dem Gehirn eine intakte Bewegung vorzut\u00e4uschen, was die Motorik und Wahrnehmung verbessert. Farbe und visuelle Reize in der Ergotherapie Wichtige Aspekte der ... Weiterlesen\" \/>\r\n<meta property=\"og:url\" content=\"http:\/\/www.vitalibera.org\/community\/2026\/03\/17\/wirkung-von-farben-in-der-ergotherapie\/\" \/>\r\n<meta property=\"og:site_name\" content=\"vitalibera.org\" \/>\r\n<meta property=\"article:publisher\" content=\"https:\/\/www.facebook.com\/groups\/2997085857140235\" \/>\r\n<meta property=\"article:published_time\" content=\"2026-03-17T12:34:05+00:00\" \/>\r\n<meta property=\"article:modified_time\" content=\"2026-03-17T12:35:13+00:00\" \/>\r\n<meta property=\"og:image\" content=\"http:\/\/www.vitalibera.org\/community\/wp-content\/uploads\/2026\/03\/ergofarb.png\" \/>\r\n\t<meta property=\"og:image:width\" content=\"648\" \/>\r\n\t<meta property=\"og:image:height\" content=\"404\" \/>\r\n\t<meta property=\"og:image:type\" content=\"image\/png\" \/>\r\n<meta name=\"author\" content=\"Andreas Jecklin\" \/>\r\n<meta name=\"twitter:card\" content=\"summary_large_image\" \/>\r\n<meta name=\"twitter:label1\" content=\"Verfasst von\" \/>\n\t<meta name=\"twitter:data1\" content=\"Andreas Jecklin\" \/>\n\t<meta name=\"twitter:label2\" content=\"Gesch\u00e4tzte Lesezeit\" \/>\n\t<meta name=\"twitter:data2\" content=\"2\u00a0Minuten\" \/>\r\n<script type=\"application\/ld+json\" class=\"yoast-schema-graph\">{\"@context\":\"https:\\\/\\\/schema.org\",\"@graph\":[{\"@type\":\"Article\",\"@id\":\"http:\\\/\\\/www.vitalibera.org\\\/community\\\/2026\\\/03\\\/17\\\/wirkung-von-farben-in-der-ergotherapie\\\/#article\",\"isPartOf\":{\"@id\":\"http:\\\/\\\/www.vitalibera.org\\\/community\\\/2026\\\/03\\\/17\\\/wirkung-von-farben-in-der-ergotherapie\\\/\"},\"author\":{\"name\":\"Andreas Jecklin\",\"@id\":\"https:\\\/\\\/www.vitalibera.org\\\/community\\\/#\\\/schema\\\/person\\\/6712387298421f222ff6d0a2e22c1534\"},\"headline\":\"Wirkung von Farben in der Ergotherapie\",\"datePublished\":\"2026-03-17T12:34:05+00:00\",\"dateModified\":\"2026-03-17T12:35:13+00:00\",\"mainEntityOfPage\":{\"@id\":\"http:\\\/\\\/www.vitalibera.org\\\/community\\\/2026\\\/03\\\/17\\\/wirkung-von-farben-in-der-ergotherapie\\\/\"},\"wordCount\":236,\"commentCount\":0,\"publisher\":{\"@id\":\"https:\\\/\\\/www.vitalibera.org\\\/community\\\/#organization\"},\"image\":{\"@id\":\"http:\\\/\\\/www.vitalibera.org\\\/community\\\/2026\\\/03\\\/17\\\/wirkung-von-farben-in-der-ergotherapie\\\/#primaryimage\"},\"thumbnailUrl\":\"https:\\\/\\\/www.vitalibera.org\\\/community\\\/wp-content\\\/uploads\\\/2026\\\/03\\\/ergofarb.png\",\"articleSection\":[\"Ergotherapie\"],\"inLanguage\":\"de\",\"potentialAction\":[{\"@type\":\"CommentAction\",\"name\":\"Comment\",\"target\":[\"http:\\\/\\\/www.vitalibera.org\\\/community\\\/2026\\\/03\\\/17\\\/wirkung-von-farben-in-der-ergotherapie\\\/#respond\"]}]},{\"@type\":\"WebPage\",\"@id\":\"http:\\\/\\\/www.vitalibera.org\\\/community\\\/2026\\\/03\\\/17\\\/wirkung-von-farben-in-der-ergotherapie\\\/\",\"url\":\"http:\\\/\\\/www.vitalibera.org\\\/community\\\/2026\\\/03\\\/17\\\/wirkung-von-farben-in-der-ergotherapie\\\/\",\"name\":\"Wirkung von Farben in der Ergotherapie - vitalibera.org\",\"isPartOf\":{\"@id\":\"https:\\\/\\\/www.vitalibera.org\\\/community\\\/#website\"},\"primaryImageOfPage\":{\"@id\":\"http:\\\/\\\/www.vitalibera.org\\\/community\\\/2026\\\/03\\\/17\\\/wirkung-von-farben-in-der-ergotherapie\\\/#primaryimage\"},\"image\":{\"@id\":\"http:\\\/\\\/www.vitalibera.org\\\/community\\\/2026\\\/03\\\/17\\\/wirkung-von-farben-in-der-ergotherapie\\\/#primaryimage\"},\"thumbnailUrl\":\"https:\\\/\\\/www.vitalibera.org\\\/community\\\/wp-content\\\/uploads\\\/2026\\\/03\\\/ergofarb.png\",\"datePublished\":\"2026-03-17T12:34:05+00:00\",\"dateModified\":\"2026-03-17T12:35:13+00:00\",\"breadcrumb\":{\"@id\":\"http:\\\/\\\/www.vitalibera.org\\\/community\\\/2026\\\/03\\\/17\\\/wirkung-von-farben-in-der-ergotherapie\\\/#breadcrumb\"},\"inLanguage\":\"de\",\"potentialAction\":[{\"@type\":\"ReadAction\",\"target\":[\"http:\\\/\\\/www.vitalibera.org\\\/community\\\/2026\\\/03\\\/17\\\/wirkung-von-farben-in-der-ergotherapie\\\/\"]}]},{\"@type\":\"BreadcrumbList\",\"@id\":\"http:\\\/\\\/www.vitalibera.org\\\/community\\\/2026\\\/03\\\/17\\\/wirkung-von-farben-in-der-ergotherapie\\\/#breadcrumb\",\"itemListElement\":[{\"@type\":\"ListItem\",\"position\":1,\"name\":\"Startseite\",\"item\":\"https:\\\/\\\/www.vitalibera.org\\\/community\\\/\"},{\"@type\":\"ListItem\",\"position\":2,\"name\":\"Wirkung von Farben in der Ergotherapie\"}]},{\"@type\":\"WebSite\",\"@id\":\"https:\\\/\\\/www.vitalibera.org\\\/community\\\/#website\",\"url\":\"https:\\\/\\\/www.vitalibera.org\\\/community\\\/\",\"name\":\"vitalibera.org\",\"description\":\"Mit einer Einschr&auml;nkung gestaltet sich das Leben im Alltag oft schwieriger - hier berichten wir &uuml;ber unsere Erfahrungen und Hilfsmittel um den Alltag so unbeschwert und unkompliziert wie nur m&ouml;glich geniessen zu k&ouml;nnen. Dabei richten wir unseren Fokus gezielt auf Selbst&auml;ndigkeit, Eigenst&auml;ndigkeit und Selbstbestimmung.\",\"publisher\":{\"@id\":\"https:\\\/\\\/www.vitalibera.org\\\/community\\\/#organization\"},\"potentialAction\":[{\"@type\":\"SearchAction\",\"target\":{\"@type\":\"EntryPoint\",\"urlTemplate\":\"https:\\\/\\\/www.vitalibera.org\\\/community\\\/?s={search_term_string}\"},\"query-input\":{\"@type\":\"PropertyValueSpecification\",\"valueRequired\":true,\"valueName\":\"search_term_string\"}}],\"inLanguage\":\"de\"},{\"@type\":\"Organization\",\"@id\":\"https:\\\/\\\/www.vitalibera.org\\\/community\\\/#organization\",\"name\":\"vitalibera.org\",\"url\":\"https:\\\/\\\/www.vitalibera.org\\\/community\\\/\",\"logo\":{\"@type\":\"ImageObject\",\"inLanguage\":\"de\",\"@id\":\"https:\\\/\\\/www.vitalibera.org\\\/community\\\/#\\\/schema\\\/logo\\\/image\\\/\",\"url\":\"https:\\\/\\\/www.vitalibera.org\\\/community\\\/wp-content\\\/uploads\\\/2025\\\/09\\\/cropped-banner.png\",\"contentUrl\":\"https:\\\/\\\/www.vitalibera.org\\\/community\\\/wp-content\\\/uploads\\\/2025\\\/09\\\/cropped-banner.png\",\"width\":991,\"height\":150,\"caption\":\"vitalibera.org\"},\"image\":{\"@id\":\"https:\\\/\\\/www.vitalibera.org\\\/community\\\/#\\\/schema\\\/logo\\\/image\\\/\"},\"sameAs\":[\"https:\\\/\\\/www.facebook.com\\\/groups\\\/2997085857140235\"]},{\"@type\":\"Person\",\"@id\":\"https:\\\/\\\/www.vitalibera.org\\\/community\\\/#\\\/schema\\\/person\\\/6712387298421f222ff6d0a2e22c1534\",\"name\":\"Andreas Jecklin\",\"image\":{\"@type\":\"ImageObject\",\"inLanguage\":\"de\",\"@id\":\"https:\\\/\\\/secure.gravatar.com\\\/avatar\\\/ad516503a11cd5ca435acc9bb6523536?s=96\",\"url\":\"https:\\\/\\\/secure.gravatar.com\\\/avatar\\\/ad516503a11cd5ca435acc9bb6523536?s=96\",\"contentUrl\":\"https:\\\/\\\/secure.gravatar.com\\\/avatar\\\/ad516503a11cd5ca435acc9bb6523536?s=96\",\"caption\":\"Andreas Jecklin\"},\"description\":\"Manchen gab Gott die Kraft Dinge zu ver\u00e4ndern, mir gab er die Kraft zu ertragen was nicht mehr zu \u00e4ndern ist.\",\"url\":\"https:\\\/\\\/www.vitalibera.org\\\/community\\\/author\\\/andy77\\\/\"}]}<\/script>\r\n<!-- \/ Yoast SEO plugin. -->","yoast_head_json":{"title":"Wirkung von Farben in der Ergotherapie - vitalibera.org","robots":{"index":"index","follow":"follow","max-snippet":"max-snippet:-1","max-image-preview":"max-image-preview:large","max-video-preview":"max-video-preview:-1"},"canonical":"http:\/\/www.vitalibera.org\/community\/2026\/03\/17\/wirkung-von-farben-in-der-ergotherapie\/","og_locale":"de_DE","og_type":"article","og_title":"Wirkung von Farben in der Ergotherapie - vitalibera.org","og_description":"In der Ergotherapie nach Schlaganfall werden farb- und visuell basierte Verfahren wie die Spiegeltherapie eingesetzt, um die neuronale Plastizit\u00e4t anzuregen und Bewegungsmuster in gel\u00e4hmten K\u00f6rperh\u00e4lften zu reaktivieren. Die Spiegeltherapie nutzt optische T\u00e4uschungen, um dem Gehirn eine intakte Bewegung vorzut\u00e4uschen, was die Motorik und Wahrnehmung verbessert. Farbe und visuelle Reize in der Ergotherapie Wichtige Aspekte der ... Weiterlesen","og_url":"http:\/\/www.vitalibera.org\/community\/2026\/03\/17\/wirkung-von-farben-in-der-ergotherapie\/","og_site_name":"vitalibera.org","article_publisher":"https:\/\/www.facebook.com\/groups\/2997085857140235","article_published_time":"2026-03-17T12:34:05+00:00","article_modified_time":"2026-03-17T12:35:13+00:00","og_image":[{"width":648,"height":404,"url":"http:\/\/www.vitalibera.org\/community\/wp-content\/uploads\/2026\/03\/ergofarb.png","type":"image\/png"}],"author":"Andreas Jecklin","twitter_card":"summary_large_image","twitter_misc":{"Verfasst von":"Andreas Jecklin","Gesch\u00e4tzte Lesezeit":"2\u00a0Minuten"},"schema":{"@context":"https:\/\/schema.org","@graph":[{"@type":"Article","@id":"http:\/\/www.vitalibera.org\/community\/2026\/03\/17\/wirkung-von-farben-in-der-ergotherapie\/#article","isPartOf":{"@id":"http:\/\/www.vitalibera.org\/community\/2026\/03\/17\/wirkung-von-farben-in-der-ergotherapie\/"},"author":{"name":"Andreas Jecklin","@id":"https:\/\/www.vitalibera.org\/community\/#\/schema\/person\/6712387298421f222ff6d0a2e22c1534"},"headline":"Wirkung von Farben in der Ergotherapie","datePublished":"2026-03-17T12:34:05+00:00","dateModified":"2026-03-17T12:35:13+00:00","mainEntityOfPage":{"@id":"http:\/\/www.vitalibera.org\/community\/2026\/03\/17\/wirkung-von-farben-in-der-ergotherapie\/"},"wordCount":236,"commentCount":0,"publisher":{"@id":"https:\/\/www.vitalibera.org\/community\/#organization"},"image":{"@id":"http:\/\/www.vitalibera.org\/community\/2026\/03\/17\/wirkung-von-farben-in-der-ergotherapie\/#primaryimage"},"thumbnailUrl":"https:\/\/www.vitalibera.org\/community\/wp-content\/uploads\/2026\/03\/ergofarb.png","articleSection":["Ergotherapie"],"inLanguage":"de","potentialAction":[{"@type":"CommentAction","name":"Comment","target":["http:\/\/www.vitalibera.org\/community\/2026\/03\/17\/wirkung-von-farben-in-der-ergotherapie\/#respond"]}]},{"@type":"WebPage","@id":"http:\/\/www.vitalibera.org\/community\/2026\/03\/17\/wirkung-von-farben-in-der-ergotherapie\/","url":"http:\/\/www.vitalibera.org\/community\/2026\/03\/17\/wirkung-von-farben-in-der-ergotherapie\/","name":"Wirkung von Farben in der Ergotherapie - vitalibera.org","isPartOf":{"@id":"https:\/\/www.vitalibera.org\/community\/#website"},"primaryImageOfPage":{"@id":"http:\/\/www.vitalibera.org\/community\/2026\/03\/17\/wirkung-von-farben-in-der-ergotherapie\/#primaryimage"},"image":{"@id":"http:\/\/www.vitalibera.org\/community\/2026\/03\/17\/wirkung-von-farben-in-der-ergotherapie\/#primaryimage"},"thumbnailUrl":"https:\/\/www.vitalibera.org\/community\/wp-content\/uploads\/2026\/03\/ergofarb.png","datePublished":"2026-03-17T12:34:05+00:00","dateModified":"2026-03-17T12:35:13+00:00","breadcrumb":{"@id":"http:\/\/www.vitalibera.org\/community\/2026\/03\/17\/wirkung-von-farben-in-der-ergotherapie\/#breadcrumb"},"inLanguage":"de","potentialAction":[{"@type":"ReadAction","target":["http:\/\/www.vitalibera.org\/community\/2026\/03\/17\/wirkung-von-farben-in-der-ergotherapie\/"]}]},{"@type":"BreadcrumbList","@id":"http:\/\/www.vitalibera.org\/community\/2026\/03\/17\/wirkung-von-farben-in-der-ergotherapie\/#breadcrumb","itemListElement":[{"@type":"ListItem","position":1,"name":"Startseite","item":"https:\/\/www.vitalibera.org\/community\/"},{"@type":"ListItem","position":2,"name":"Wirkung von Farben in der Ergotherapie"}]},{"@type":"WebSite","@id":"https:\/\/www.vitalibera.org\/community\/#website","url":"https:\/\/www.vitalibera.org\/community\/","name":"vitalibera.org","description":"Mit einer Einschr&auml;nkung gestaltet sich das Leben im Alltag oft schwieriger - hier berichten wir &uuml;ber unsere Erfahrungen und Hilfsmittel um den Alltag so unbeschwert und unkompliziert wie nur m&ouml;glich geniessen zu k&ouml;nnen. Dabei richten wir unseren Fokus gezielt auf Selbst&auml;ndigkeit, Eigenst&auml;ndigkeit und Selbstbestimmung.","publisher":{"@id":"https:\/\/www.vitalibera.org\/community\/#organization"},"potentialAction":[{"@type":"SearchAction","target":{"@type":"EntryPoint","urlTemplate":"https:\/\/www.vitalibera.org\/community\/?s={search_term_string}"},"query-input":{"@type":"PropertyValueSpecification","valueRequired":true,"valueName":"search_term_string"}}],"inLanguage":"de"},{"@type":"Organization","@id":"https:\/\/www.vitalibera.org\/community\/#organization","name":"vitalibera.org","url":"https:\/\/www.vitalibera.org\/community\/","logo":{"@type":"ImageObject","inLanguage":"de","@id":"https:\/\/www.vitalibera.org\/community\/#\/schema\/logo\/image\/","url":"https:\/\/www.vitalibera.org\/community\/wp-content\/uploads\/2025\/09\/cropped-banner.png","contentUrl":"https:\/\/www.vitalibera.org\/community\/wp-content\/uploads\/2025\/09\/cropped-banner.png","width":991,"height":150,"caption":"vitalibera.org"},"image":{"@id":"https:\/\/www.vitalibera.org\/community\/#\/schema\/logo\/image\/"},"sameAs":["https:\/\/www.facebook.com\/groups\/2997085857140235"]},{"@type":"Person","@id":"https:\/\/www.vitalibera.org\/community\/#\/schema\/person\/6712387298421f222ff6d0a2e22c1534","name":"Andreas Jecklin","image":{"@type":"ImageObject","inLanguage":"de","@id":"https:\/\/secure.gravatar.com\/avatar\/ad516503a11cd5ca435acc9bb6523536?s=96","url":"https:\/\/secure.gravatar.com\/avatar\/ad516503a11cd5ca435acc9bb6523536?s=96","contentUrl":"https:\/\/secure.gravatar.com\/avatar\/ad516503a11cd5ca435acc9bb6523536?s=96","caption":"Andreas Jecklin"},"description":"Manchen gab Gott die Kraft Dinge zu ver\u00e4ndern, mir gab er die Kraft zu ertragen was nicht mehr zu \u00e4ndern ist.","url":"https:\/\/www.vitalibera.org\/community\/author\/andy77\/"}]}},"jetpack_featured_media_url":"https:\/\/www.vitalibera.org\/community\/wp-content\/uploads\/2026\/03\/ergofarb.png","jetpack_sharing_enabled":true,"jetpack-related-posts":[],"_links":{"self":[{"href":"https:\/\/www.vitalibera.org\/community\/wp-json\/wp\/v2\/posts\/6182","targetHints":{"allow":["GET"]}}],"collection":[{"href":"https:\/\/www.vitalibera.org\/community\/wp-json\/wp\/v2\/posts"}],"about":[{"href":"https:\/\/www.vitalibera.org\/community\/wp-json\/wp\/v2\/types\/post"}],"author":[{"embeddable":true,"href":"https:\/\/www.vitalibera.org\/community\/wp-json\/wp\/v2\/users\/2"}],"replies":[{"embeddable":true,"href":"https:\/\/www.vitalibera.org\/community\/wp-json\/wp\/v2\/comments?post=6182"}],"version-history":[{"count":1,"href":"https:\/\/www.vitalibera.org\/community\/wp-json\/wp\/v2\/posts\/6182\/revisions"}],"predecessor-version":[{"id":6185,"href":"https:\/\/www.vitalibera.org\/community\/wp-json\/wp\/v2\/posts\/6182\/revisions\/6185"}],"wp:featuredmedia":[{"embeddable":true,"href":"https:\/\/www.vitalibera.org\/community\/wp-json\/wp\/v2\/media\/6184"}],"wp:attachment":[{"href":"https:\/\/www.vitalibera.org\/community\/wp-json\/wp\/v2\/media?parent=6182"}],"wp:term":[{"taxonomy":"category","embeddable":true,"href":"https:\/\/www.vitalibera.org\/community\/wp-json\/wp\/v2\/categories?post=6182"},{"taxonomy":"post_tag","embeddable":true,"href":"https:\/\/www.vitalibera.org\/community\/wp-json\/wp\/v2\/tags?post=6182"}],"curies":[{"name":"wp","href":"https:\/\/api.w.org\/{rel}","templated":true}]}}